{"id":853391,"date":"2016-02-03T16:07:36","date_gmt":"2016-02-03T16:07:36","guid":{"rendered":"http:\/\/www.eldigitaldeasturias.com\/noticias\/?p=853391"},"modified":"2016-02-03T16:07:36","modified_gmt":"2016-02-03T16:07:36","slug":"la-oms-alerta-a-europa-del-riesgo-de-propagacion-en-los-paises-donde-estan-presentes-los-mosquitos-aedes","status":"publish","type":"post","link":"https:\/\/www.eldigitaldeasturias.com\/noticias\/la-oms-alerta-a-europa-del-riesgo-de-propagacion-en-los-paises-donde-estan-presentes-los-mosquitos-aedes\/","title":{"rendered":"La OMS alerta a Europa del riesgo de propagaci\u00f3n en los pa\u00edses donde est\u00e1n presentes los mosquitos &#8216;Aedes&#8217;"},"content":{"rendered":"<p><img loading=\"lazy\" decoding=\"async\" class=\"alignleft size-medium wp-image-853392\" src=\"https:\/\/www.eldigitaldeasturias.com\/noticias\/wp-content\/uploads\/2016\/02\/fotonoticia_20160203115356_800-360x259.jpg\" alt=\"fotonoticia_20160203115356_800\" width=\"360\" height=\"259\" srcset=\"https:\/\/www.eldigitaldeasturias.com\/noticias\/wp-content\/uploads\/2016\/02\/fotonoticia_20160203115356_800-360x259.jpg 360w, https:\/\/www.eldigitaldeasturias.com\/noticias\/wp-content\/uploads\/2016\/02\/fotonoticia_20160203115356_800-768x553.jpg 768w, https:\/\/www.eldigitaldeasturias.com\/noticias\/wp-content\/uploads\/2016\/02\/fotonoticia_20160203115356_800-650x468.jpg 650w, https:\/\/www.eldigitaldeasturias.com\/noticias\/wp-content\/uploads\/2016\/02\/fotonoticia_20160203115356_800.jpg 800w\" sizes=\"auto, (max-width: 360px) 100vw, 360px\" \/>La directora Regional de la Organizaci\u00f3n Mundial de la Salud (OMS) para Europa, la doctora Zsuzsanna Jakab, ha informado a los Estados Miembros que aquellos pa\u00edses donde los mosquitos &#8216;Aedes&#8217; est\u00e1n presentes pueden estar en riesgo de la propagaci\u00f3n de la enfermedad del virus Zika, sobre todo \u00abel riesgo a que se extienda aumenta\u00bb, con el inicio de la primavera y el verano.<\/p>\n<p>As\u00ed, recuerda que ya se han notificado en diferentes pa\u00edses casos importados por viajeros infectados con Zika han entrado en Europa, sin embargo, por el momento, \u00abla enfermedad no se ha transmitido a\u00fan m\u00e1s, ya que el mosquito es todav\u00eda inactivo\u00bb.<\/p>\n<p>Por este motivo, ha explicado, \u00abes el momento para que los pa\u00edses se preparen para reducir el riesgo de sus poblaciones\u00bb. Como no existe una vacuna o tratamiento para la enfermedad de virus Zika, la estrategia debe pasar por proteger la regi\u00f3n europea del mosquito, principalmente controlando y eliminando los criaderos y la planificaci\u00f3n la aplicaci\u00f3n de insecticidas y la matanza de larvas en caso de brotes.<\/p>\n<p>Asimismo, apuesta por informar a las personas en riesgo, especialmente las mujeres embarazadas, sobre la prevenci\u00f3n de las picaduras de mosquitos; mejorar la vigilancia y garantizar la detecci\u00f3n de laboratorio de la enfermedad del virus Zika y sus complicaciones neurol\u00f3gicas; y intensificar la investigaci\u00f3n para entender Zika enfermedad viral y desarrollar pruebas de diagn\u00f3stico y las vacunas.<\/p>\n<p>\u00abLa combinaci\u00f3n de la amplia distribuci\u00f3n geogr\u00e1fica de las especies de mosquitos que pueden transmitir el virus, la ausencia de inmunidad contra el virus en todo el mundo y la falta tanto de una vacuna y pruebas de diagn\u00f3stico r\u00e1pido, plantea la preocupaci\u00f3n de que la enfermedad del virus Zika se extienda a nivel mundial\u00bb, ha se\u00f1alado Jakab.<\/p>\n<p>\u00abEMERGENCIA DE SALUD P\u00daBLICA\u00bb<\/p>\n<p>Por otra parte, ha declarado que la aparici\u00f3n de microcefalia y problemas neurol\u00f3gicos en beb\u00e9s en Am\u00e9rica Latina y el Caribe constituye una \u00abemergencia de salud p\u00fablica de importancia internacional y requiere una respuesta unitaria\u00bb. Ella lo ha definido como un \u00abevento extraordinario\u00bb y una amenaza para la salud p\u00fablica a todas partes del mundo, sobre la base de una fuerte sospecha de una relaci\u00f3n de causalidad entre este grupo de trastornos y el virus Zika, tal y como ya han se\u00f1alado expertos del Comit\u00e9 de Emergencia de Salud.<\/p>\n<p>\u00abEn la OMS estamos dispuestos a apoyar a los pa\u00edses de la Regi\u00f3n Europea para prevenir la propagaci\u00f3n de la enfermedad del virus Zika, cuando lo soliciten\u00bb. Esto supone proporcionar orientaci\u00f3n sobre las estrategias de control de vectores integrados; facilitar el env\u00edo de muestras a los laboratorios de referencia de la OMS o la entrega de herramientas de diagn\u00f3stico para pruebas locales; y asesorar sobre la comunicaci\u00f3n de riesgos.<\/p>\n<p>Por el momento, sobre la base de la evidencia disponible, la OMS no recomienda restricciones de viajes o al comercio relacionados con la enfermedad del virus Zika. Como medida de precauci\u00f3n, \u00ablos gobiernos nacionales pueden emitir recomendaciones de viaje a sus propias poblaciones despu\u00e9s de evaluar las pruebas disponibles y los factores de riesgo locales\u00bb, advierten.<\/p>\n<p>Las personas que viajan a zonas de alto riesgo deben protegerse de las picaduras de mosquitos mediante el uso de repelentes, vestido, camisas y pantalones de manga larga de color claro y la garant\u00eda de que las habitaciones est\u00e1n equipadas con pantallas para evitar que los mosquitos entren. Como los mosquitos &#8216;Aedes&#8217; pican durante el d\u00eda, estas medidas deber\u00edan aplicarse durante todo el d\u00eda.<\/p>\n<p>Las mujeres que est\u00e1n embarazadas o que planean quedar embarazadas deben tener un cuidado especial para protegerse de las picaduras de mosquitos. Tambi\u00e9n pueden consultar a sus autoridades locales de salud si est\u00e1n viajando a un \u00e1rea con transmisi\u00f3n del virus Zika curso.<\/p>\n","protected":false},"excerpt":{"rendered":"<p>La directora Regional de la Organizaci\u00f3n Mundial de la Salud (OMS) para Europa, la doctora Zsuzsanna Jakab, ha informado a los Estados Miembros que aquellos pa\u00edses donde los mosquitos &#8216;Aedes&#8217; est\u00e1n presentes pueden estar en riesgo de la propagaci\u00f3n de la enfermedad del virus Zika, sobre todo \u00abel riesgo a que se extienda aumenta\u00bb, con [&hellip;]<\/p>\n","protected":false},"author":1,"featured_media":853392,"comment_status":"closed","ping_status":"closed","sticky":false,"template":"","format":"standard","meta":{"footnotes":""},"categories":[28],"tags":[],"class_list":["post-853391","post","type-post","status-publish","format-standard","has-post-thumbnail","hentry","category-sociedad"],"aioseo_notices":[],"aioseo_head":"\n\t\t<!-- All in One SEO Pro 4.9.6.2 - aioseo.com -->\n\t<meta name=\"description\" content=\"La directora Regional de la Organizaci\u00f3n Mundial de la Salud (OMS) para Europa, la doctora Zsuzsanna Jakab, ha informado a los Estados Miembros que aquellos pa\u00edses donde los mosquitos &#039;Aedes&#039; est\u00e1n presentes pueden estar en riesgo de la propagaci\u00f3n de la enfermedad del virus Zika, sobre todo &quot;el riesgo a que se extienda aumenta&quot;, con\" \/>\n\t<meta name=\"robots\" content=\"max-image-preview:large\" \/>\n\t<meta name=\"author\" content=\"El Digital de Asturias\"\/>\n\t<meta name=\"google-site-verification\" content=\"UA-38556648-1\" \/>\n\t<meta name=\"msvalidate.01\" content=\"7dfe9f3f1b24437ab69f4f2559babe99\" \/>\n\t<meta name=\"keywords\" content=\"sociedad\" \/>\n\t<link rel=\"canonical\" href=\"https:\/\/www.eldigitaldeasturias.com\/noticias\/la-oms-alerta-a-europa-del-riesgo-de-propagacion-en-los-paises-donde-estan-presentes-los-mosquitos-aedes\/\" \/>\n\t<meta name=\"generator\" content=\"All in One SEO Pro (AIOSEO) 4.9.6.2\" \/>\n\t\t<meta property=\"og:locale\" content=\"es_ES\" \/>\n\t\t<meta property=\"og:site_name\" content=\"El Digital de Asturias\" \/>\n\t\t<meta property=\"og:type\" content=\"article\" \/>\n\t\t<meta property=\"og:title\" content=\"La OMS alerta a Europa del riesgo de propagaci\u00f3n en los pa\u00edses donde est\u00e1n presentes los mosquitos \u2018Aedes\u2019 - El Digital de Asturias\" \/>\n\t\t<meta property=\"og:description\" content=\"La directora Regional de la Organizaci\u00f3n Mundial de la Salud (OMS) para Europa, la doctora Zsuzsanna Jakab, ha informado a los Estados Miembros que aquellos pa\u00edses donde los mosquitos &#039;Aedes&#039; est\u00e1n presentes pueden estar en riesgo de la propagaci\u00f3n de la enfermedad del virus Zika, sobre todo &quot;el riesgo a que se extienda aumenta&quot;, con\" \/>\n\t\t<meta property=\"og:url\" content=\"https:\/\/www.eldigitaldeasturias.com\/noticias\/la-oms-alerta-a-europa-del-riesgo-de-propagacion-en-los-paises-donde-estan-presentes-los-mosquitos-aedes\/\" \/>\n\t\t<meta property=\"og:image\" content=\"https:\/\/www.eldigitaldeasturias.com\/noticias\/wp-content\/uploads\/2016\/02\/fotonoticia_20160203115356_800.jpg\" \/>\n\t\t<meta property=\"og:image:secure_url\" content=\"https:\/\/www.eldigitaldeasturias.com\/noticias\/wp-content\/uploads\/2016\/02\/fotonoticia_20160203115356_800.jpg\" \/>\n\t\t<meta property=\"og:image:width\" content=\"800\" \/>\n\t\t<meta property=\"og:image:height\" content=\"576\" \/>\n\t\t<meta property=\"article:tag\" content=\"sociedad\" \/>\n\t\t<meta property=\"article:published_time\" content=\"2016-02-03T16:07:36+00:00\" \/>\n\t\t<meta property=\"article:modified_time\" content=\"2016-02-03T16:07:36+00:00\" \/>\n\t\t<meta property=\"article:publisher\" content=\"https:\/\/facebook.com\/eldigitaldeasturias\" \/>\n\t\t<meta name=\"twitter:card\" content=\"summary_large_image\" \/>\n\t\t<meta name=\"twitter:title\" content=\"La OMS alerta a Europa del riesgo de propagaci\u00f3n en los pa\u00edses donde est\u00e1n presentes los mosquitos \u2018Aedes\u2019 - El Digital de Asturias\" \/>\n\t\t<meta name=\"twitter:description\" content=\"La directora Regional de la Organizaci\u00f3n Mundial de la Salud (OMS) para Europa, la doctora Zsuzsanna Jakab, ha informado a los Estados Miembros que aquellos pa\u00edses donde los mosquitos &#039;Aedes&#039; est\u00e1n presentes pueden estar en riesgo de la propagaci\u00f3n de la enfermedad del virus Zika, sobre todo &quot;el riesgo a que se extienda aumenta&quot;, con\" \/>\n\t\t<meta name=\"twitter:image\" content=\"https:\/\/www.eldigitaldeasturias.com\/noticias\/wp-content\/uploads\/2016\/02\/fotonoticia_20160203115356_800.jpg\" \/>\n\t\t<meta name=\"twitter:label1\" content=\"Escrito por\" \/>\n\t\t<meta name=\"twitter:data1\" content=\"El Digital de Asturias\" \/>\n\t\t<meta name=\"twitter:label2\" content=\"Tiempo de lectura estimado\" \/>\n\t\t<meta name=\"twitter:data2\" content=\"3 minutos\" \/>\n\t\t<script type=\"application\/ld+json\" class=\"aioseo-schema\">\n\t\t\t{\"@context\":\"https:\\\/\\\/schema.org\",\"@graph\":[{\"@type\":\"BlogPosting\",\"@id\":\"https:\\\/\\\/www.eldigitaldeasturias.com\\\/noticias\\\/la-oms-alerta-a-europa-del-riesgo-de-propagacion-en-los-paises-donde-estan-presentes-los-mosquitos-aedes\\\/#blogposting\",\"name\":\"La OMS alerta a Europa del riesgo de propagaci\\u00f3n en los pa\\u00edses donde est\\u00e1n presentes los mosquitos \\u2018Aedes\\u2019 - El Digital de Asturias\",\"headline\":\"La OMS alerta a Europa del riesgo de propagaci\\u00f3n en los pa\\u00edses donde est\\u00e1n presentes los mosquitos &#8216;Aedes&#8217;\",\"author\":{\"@id\":\"https:\\\/\\\/www.eldigitaldeasturias.com\\\/noticias\\\/author\\\/admin\\\/#author\"},\"publisher\":{\"@id\":\"https:\\\/\\\/www.eldigitaldeasturias.com\\\/noticias\\\/#organization\"},\"image\":{\"@type\":\"ImageObject\",\"url\":\"https:\\\/\\\/www.eldigitaldeasturias.com\\\/noticias\\\/wp-content\\\/uploads\\\/2016\\\/02\\\/fotonoticia_20160203115356_800.jpg\",\"width\":800,\"height\":576},\"datePublished\":\"2016-02-03T16:07:36+01:00\",\"dateModified\":\"2016-02-03T16:07:36+01:00\",\"inLanguage\":\"es-ES\",\"mainEntityOfPage\":{\"@id\":\"https:\\\/\\\/www.eldigitaldeasturias.com\\\/noticias\\\/la-oms-alerta-a-europa-del-riesgo-de-propagacion-en-los-paises-donde-estan-presentes-los-mosquitos-aedes\\\/#webpage\"},\"isPartOf\":{\"@id\":\"https:\\\/\\\/www.eldigitaldeasturias.com\\\/noticias\\\/la-oms-alerta-a-europa-del-riesgo-de-propagacion-en-los-paises-donde-estan-presentes-los-mosquitos-aedes\\\/#webpage\"},\"articleSection\":\"Sociedad\"},{\"@type\":\"BreadcrumbList\",\"@id\":\"https:\\\/\\\/www.eldigitaldeasturias.com\\\/noticias\\\/la-oms-alerta-a-europa-del-riesgo-de-propagacion-en-los-paises-donde-estan-presentes-los-mosquitos-aedes\\\/#breadcrumblist\",\"itemListElement\":[{\"@type\":\"ListItem\",\"@id\":\"https:\\\/\\\/www.eldigitaldeasturias.com\\\/noticias#listItem\",\"position\":1,\"name\":\"Home\",\"item\":\"https:\\\/\\\/www.eldigitaldeasturias.com\\\/noticias\",\"nextItem\":{\"@type\":\"ListItem\",\"@id\":\"https:\\\/\\\/www.eldigitaldeasturias.com\\\/noticias\\\/category\\\/sociedad\\\/#listItem\",\"name\":\"Sociedad\"}},{\"@type\":\"ListItem\",\"@id\":\"https:\\\/\\\/www.eldigitaldeasturias.com\\\/noticias\\\/category\\\/sociedad\\\/#listItem\",\"position\":2,\"name\":\"Sociedad\",\"item\":\"https:\\\/\\\/www.eldigitaldeasturias.com\\\/noticias\\\/category\\\/sociedad\\\/\",\"nextItem\":{\"@type\":\"ListItem\",\"@id\":\"https:\\\/\\\/www.eldigitaldeasturias.com\\\/noticias\\\/la-oms-alerta-a-europa-del-riesgo-de-propagacion-en-los-paises-donde-estan-presentes-los-mosquitos-aedes\\\/#listItem\",\"name\":\"La OMS alerta a Europa del riesgo de propagaci\\u00f3n en los pa\\u00edses donde est\\u00e1n presentes los mosquitos &#8216;Aedes&#8217;\"},\"previousItem\":{\"@type\":\"ListItem\",\"@id\":\"https:\\\/\\\/www.eldigitaldeasturias.com\\\/noticias#listItem\",\"name\":\"Home\"}},{\"@type\":\"ListItem\",\"@id\":\"https:\\\/\\\/www.eldigitaldeasturias.com\\\/noticias\\\/la-oms-alerta-a-europa-del-riesgo-de-propagacion-en-los-paises-donde-estan-presentes-los-mosquitos-aedes\\\/#listItem\",\"position\":3,\"name\":\"La OMS alerta a Europa del riesgo de propagaci\\u00f3n en los pa\\u00edses donde est\\u00e1n presentes los mosquitos &#8216;Aedes&#8217;\",\"previousItem\":{\"@type\":\"ListItem\",\"@id\":\"https:\\\/\\\/www.eldigitaldeasturias.com\\\/noticias\\\/category\\\/sociedad\\\/#listItem\",\"name\":\"Sociedad\"}}]},{\"@type\":\"Organization\",\"@id\":\"https:\\\/\\\/www.eldigitaldeasturias.com\\\/noticias\\\/#organization\",\"name\":\"El Digital de Asturias\",\"description\":\"Hemeroteca\",\"url\":\"https:\\\/\\\/www.eldigitaldeasturias.com\\\/noticias\\\/\",\"email\":\"info@eldigitaldeasturias.com\",\"telephone\":\"+34652131393\",\"logo\":{\"@type\":\"ImageObject\",\"url\":\"https:\\\/\\\/www.eldigitaldeasturias.com\\\/noticias\\\/wp-content\\\/uploads\\\/2020\\\/12\\\/EDA.jpg\",\"@id\":\"https:\\\/\\\/www.eldigitaldeasturias.com\\\/noticias\\\/la-oms-alerta-a-europa-del-riesgo-de-propagacion-en-los-paises-donde-estan-presentes-los-mosquitos-aedes\\\/#organizationLogo\",\"width\":649,\"height\":297},\"image\":{\"@id\":\"https:\\\/\\\/www.eldigitaldeasturias.com\\\/noticias\\\/la-oms-alerta-a-europa-del-riesgo-de-propagacion-en-los-paises-donde-estan-presentes-los-mosquitos-aedes\\\/#organizationLogo\"},\"sameAs\":[\"https:\\\/\\\/facebook.com\\\/eldigitaldeasturias\",\"https:\\\/\\\/www.youtube.com\\\/channel\\\/UCZP-2wLEB9Rv6erhFmqVnvg\"],\"address\":{\"@id\":\"https:\\\/\\\/www.eldigitaldeasturias.com\\\/noticias\\\/#postaladdress\",\"@type\":\"PostalAddress\",\"streetAddress\":\"san antonio 4,\",\"postalCode\":\"33430\",\"addressLocality\":\"Cand\\u00e1s\",\"addressRegion\":\"Asturias\",\"addressCountry\":\"ES\"}},{\"@type\":\"Person\",\"@id\":\"https:\\\/\\\/www.eldigitaldeasturias.com\\\/noticias\\\/author\\\/admin\\\/#author\",\"url\":\"https:\\\/\\\/www.eldigitaldeasturias.com\\\/noticias\\\/author\\\/admin\\\/\",\"name\":\"El Digital de Asturias\",\"image\":{\"@type\":\"ImageObject\",\"@id\":\"https:\\\/\\\/www.eldigitaldeasturias.com\\\/noticias\\\/la-oms-alerta-a-europa-del-riesgo-de-propagacion-en-los-paises-donde-estan-presentes-los-mosquitos-aedes\\\/#authorImage\",\"url\":\"https:\\\/\\\/www.eldigitaldeasturias.com\\\/noticias\\\/wp-content\\\/litespeed\\\/avatar\\\/18677e78aa0546b92d9dbf31ec7d7668.jpg?ver=1777290358\",\"width\":96,\"height\":96,\"caption\":\"El Digital de Asturias\"}},{\"@type\":\"WebPage\",\"@id\":\"https:\\\/\\\/www.eldigitaldeasturias.com\\\/noticias\\\/la-oms-alerta-a-europa-del-riesgo-de-propagacion-en-los-paises-donde-estan-presentes-los-mosquitos-aedes\\\/#webpage\",\"url\":\"https:\\\/\\\/www.eldigitaldeasturias.com\\\/noticias\\\/la-oms-alerta-a-europa-del-riesgo-de-propagacion-en-los-paises-donde-estan-presentes-los-mosquitos-aedes\\\/\",\"name\":\"La OMS alerta a Europa del riesgo de propagaci\\u00f3n en los pa\\u00edses donde est\\u00e1n presentes los mosquitos \\u2018Aedes\\u2019 - El Digital de Asturias\",\"description\":\"La directora Regional de la Organizaci\\u00f3n Mundial de la Salud (OMS) para Europa, la doctora Zsuzsanna Jakab, ha informado a los Estados Miembros que aquellos pa\\u00edses donde los mosquitos 'Aedes' est\\u00e1n presentes pueden estar en riesgo de la propagaci\\u00f3n de la enfermedad del virus Zika, sobre todo \\\"el riesgo a que se extienda aumenta\\\", con\",\"inLanguage\":\"es-ES\",\"isPartOf\":{\"@id\":\"https:\\\/\\\/www.eldigitaldeasturias.com\\\/noticias\\\/#website\"},\"breadcrumb\":{\"@id\":\"https:\\\/\\\/www.eldigitaldeasturias.com\\\/noticias\\\/la-oms-alerta-a-europa-del-riesgo-de-propagacion-en-los-paises-donde-estan-presentes-los-mosquitos-aedes\\\/#breadcrumblist\"},\"author\":{\"@id\":\"https:\\\/\\\/www.eldigitaldeasturias.com\\\/noticias\\\/author\\\/admin\\\/#author\"},\"creator\":{\"@id\":\"https:\\\/\\\/www.eldigitaldeasturias.com\\\/noticias\\\/author\\\/admin\\\/#author\"},\"image\":{\"@type\":\"ImageObject\",\"url\":\"https:\\\/\\\/www.eldigitaldeasturias.com\\\/noticias\\\/wp-content\\\/uploads\\\/2016\\\/02\\\/fotonoticia_20160203115356_800.jpg\",\"@id\":\"https:\\\/\\\/www.eldigitaldeasturias.com\\\/noticias\\\/la-oms-alerta-a-europa-del-riesgo-de-propagacion-en-los-paises-donde-estan-presentes-los-mosquitos-aedes\\\/#mainImage\",\"width\":800,\"height\":576},\"primaryImageOfPage\":{\"@id\":\"https:\\\/\\\/www.eldigitaldeasturias.com\\\/noticias\\\/la-oms-alerta-a-europa-del-riesgo-de-propagacion-en-los-paises-donde-estan-presentes-los-mosquitos-aedes\\\/#mainImage\"},\"datePublished\":\"2016-02-03T16:07:36+01:00\",\"dateModified\":\"2016-02-03T16:07:36+01:00\"},{\"@type\":\"WebSite\",\"@id\":\"https:\\\/\\\/www.eldigitaldeasturias.com\\\/noticias\\\/#website\",\"url\":\"https:\\\/\\\/www.eldigitaldeasturias.com\\\/noticias\\\/\",\"name\":\"El Digital de Asturias - Diario de actualidad y noticias\",\"alternateName\":\"El Digital de Asturias - Diario de actualidad y noticias\",\"description\":\"Hemeroteca\",\"inLanguage\":\"es-ES\",\"publisher\":{\"@id\":\"https:\\\/\\\/www.eldigitaldeasturias.com\\\/noticias\\\/#organization\"}}]}\n\t\t<\/script>\n\t\t<!-- All in One SEO Pro -->\r\n\t\t<title>La OMS alerta a Europa del riesgo de propagaci\u00f3n en los pa\u00edses donde est\u00e1n presentes los mosquitos \u2018Aedes\u2019 - El Digital de Asturias<\/title>\n\n","aioseo_head_json":{"title":"La OMS alerta a Europa del riesgo de propagaci\u00f3n en los pa\u00edses donde est\u00e1n presentes los mosquitos \u2018Aedes\u2019 - El Digital de Asturias","description":"La directora Regional de la Organizaci\u00f3n Mundial de la Salud (OMS) para Europa, la doctora Zsuzsanna Jakab, ha informado a los Estados Miembros que aquellos pa\u00edses donde los mosquitos 'Aedes' est\u00e1n presentes pueden estar en riesgo de la propagaci\u00f3n de la enfermedad del virus Zika, sobre todo \"el riesgo a que se extienda aumenta\", con","canonical_url":"https:\/\/www.eldigitaldeasturias.com\/noticias\/la-oms-alerta-a-europa-del-riesgo-de-propagacion-en-los-paises-donde-estan-presentes-los-mosquitos-aedes\/","robots":"max-image-preview:large","keywords":"sociedad","webmasterTools":{"google-site-verification":"UA-38556648-1","msvalidate.01":"7dfe9f3f1b24437ab69f4f2559babe99","miscellaneous":""},"schema":{"@context":"https:\/\/schema.org","@graph":[{"@type":"BlogPosting","@id":"https:\/\/www.eldigitaldeasturias.com\/noticias\/la-oms-alerta-a-europa-del-riesgo-de-propagacion-en-los-paises-donde-estan-presentes-los-mosquitos-aedes\/#blogposting","name":"La OMS alerta a Europa del riesgo de propagaci\u00f3n en los pa\u00edses donde est\u00e1n presentes los mosquitos \u2018Aedes\u2019 - El Digital de Asturias","headline":"La OMS alerta a Europa del riesgo de propagaci\u00f3n en los pa\u00edses donde est\u00e1n presentes los mosquitos &#8216;Aedes&#8217;","author":{"@id":"https:\/\/www.eldigitaldeasturias.com\/noticias\/author\/admin\/#author"},"publisher":{"@id":"https:\/\/www.eldigitaldeasturias.com\/noticias\/#organization"},"image":{"@type":"ImageObject","url":"https:\/\/www.eldigitaldeasturias.com\/noticias\/wp-content\/uploads\/2016\/02\/fotonoticia_20160203115356_800.jpg","width":800,"height":576},"datePublished":"2016-02-03T16:07:36+01:00","dateModified":"2016-02-03T16:07:36+01:00","inLanguage":"es-ES","mainEntityOfPage":{"@id":"https:\/\/www.eldigitaldeasturias.com\/noticias\/la-oms-alerta-a-europa-del-riesgo-de-propagacion-en-los-paises-donde-estan-presentes-los-mosquitos-aedes\/#webpage"},"isPartOf":{"@id":"https:\/\/www.eldigitaldeasturias.com\/noticias\/la-oms-alerta-a-europa-del-riesgo-de-propagacion-en-los-paises-donde-estan-presentes-los-mosquitos-aedes\/#webpage"},"articleSection":"Sociedad"},{"@type":"BreadcrumbList","@id":"https:\/\/www.eldigitaldeasturias.com\/noticias\/la-oms-alerta-a-europa-del-riesgo-de-propagacion-en-los-paises-donde-estan-presentes-los-mosquitos-aedes\/#breadcrumblist","itemListElement":[{"@type":"ListItem","@id":"https:\/\/www.eldigitaldeasturias.com\/noticias#listItem","position":1,"name":"Home","item":"https:\/\/www.eldigitaldeasturias.com\/noticias","nextItem":{"@type":"ListItem","@id":"https:\/\/www.eldigitaldeasturias.com\/noticias\/category\/sociedad\/#listItem","name":"Sociedad"}},{"@type":"ListItem","@id":"https:\/\/www.eldigitaldeasturias.com\/noticias\/category\/sociedad\/#listItem","position":2,"name":"Sociedad","item":"https:\/\/www.eldigitaldeasturias.com\/noticias\/category\/sociedad\/","nextItem":{"@type":"ListItem","@id":"https:\/\/www.eldigitaldeasturias.com\/noticias\/la-oms-alerta-a-europa-del-riesgo-de-propagacion-en-los-paises-donde-estan-presentes-los-mosquitos-aedes\/#listItem","name":"La OMS alerta a Europa del riesgo de propagaci\u00f3n en los pa\u00edses donde est\u00e1n presentes los mosquitos &#8216;Aedes&#8217;"},"previousItem":{"@type":"ListItem","@id":"https:\/\/www.eldigitaldeasturias.com\/noticias#listItem","name":"Home"}},{"@type":"ListItem","@id":"https:\/\/www.eldigitaldeasturias.com\/noticias\/la-oms-alerta-a-europa-del-riesgo-de-propagacion-en-los-paises-donde-estan-presentes-los-mosquitos-aedes\/#listItem","position":3,"name":"La OMS alerta a Europa del riesgo de propagaci\u00f3n en los pa\u00edses donde est\u00e1n presentes los mosquitos &#8216;Aedes&#8217;","previousItem":{"@type":"ListItem","@id":"https:\/\/www.eldigitaldeasturias.com\/noticias\/category\/sociedad\/#listItem","name":"Sociedad"}}]},{"@type":"Organization","@id":"https:\/\/www.eldigitaldeasturias.com\/noticias\/#organization","name":"El Digital de Asturias","description":"Hemeroteca","url":"https:\/\/www.eldigitaldeasturias.com\/noticias\/","email":"info@eldigitaldeasturias.com","telephone":"+34652131393","logo":{"@type":"ImageObject","url":"https:\/\/www.eldigitaldeasturias.com\/noticias\/wp-content\/uploads\/2020\/12\/EDA.jpg","@id":"https:\/\/www.eldigitaldeasturias.com\/noticias\/la-oms-alerta-a-europa-del-riesgo-de-propagacion-en-los-paises-donde-estan-presentes-los-mosquitos-aedes\/#organizationLogo","width":649,"height":297},"image":{"@id":"https:\/\/www.eldigitaldeasturias.com\/noticias\/la-oms-alerta-a-europa-del-riesgo-de-propagacion-en-los-paises-donde-estan-presentes-los-mosquitos-aedes\/#organizationLogo"},"sameAs":["https:\/\/facebook.com\/eldigitaldeasturias","https:\/\/www.youtube.com\/channel\/UCZP-2wLEB9Rv6erhFmqVnvg"],"address":{"@id":"https:\/\/www.eldigitaldeasturias.com\/noticias\/#postaladdress","@type":"PostalAddress","streetAddress":"san antonio 4,","postalCode":"33430","addressLocality":"Cand\u00e1s","addressRegion":"Asturias","addressCountry":"ES"}},{"@type":"Person","@id":"https:\/\/www.eldigitaldeasturias.com\/noticias\/author\/admin\/#author","url":"https:\/\/www.eldigitaldeasturias.com\/noticias\/author\/admin\/","name":"El Digital de Asturias","image":{"@type":"ImageObject","@id":"https:\/\/www.eldigitaldeasturias.com\/noticias\/la-oms-alerta-a-europa-del-riesgo-de-propagacion-en-los-paises-donde-estan-presentes-los-mosquitos-aedes\/#authorImage","url":"https:\/\/www.eldigitaldeasturias.com\/noticias\/wp-content\/litespeed\/avatar\/18677e78aa0546b92d9dbf31ec7d7668.jpg?ver=1777290358","width":96,"height":96,"caption":"El Digital de Asturias"}},{"@type":"WebPage","@id":"https:\/\/www.eldigitaldeasturias.com\/noticias\/la-oms-alerta-a-europa-del-riesgo-de-propagacion-en-los-paises-donde-estan-presentes-los-mosquitos-aedes\/#webpage","url":"https:\/\/www.eldigitaldeasturias.com\/noticias\/la-oms-alerta-a-europa-del-riesgo-de-propagacion-en-los-paises-donde-estan-presentes-los-mosquitos-aedes\/","name":"La OMS alerta a Europa del riesgo de propagaci\u00f3n en los pa\u00edses donde est\u00e1n presentes los mosquitos \u2018Aedes\u2019 - El Digital de Asturias","description":"La directora Regional de la Organizaci\u00f3n Mundial de la Salud (OMS) para Europa, la doctora Zsuzsanna Jakab, ha informado a los Estados Miembros que aquellos pa\u00edses donde los mosquitos 'Aedes' est\u00e1n presentes pueden estar en riesgo de la propagaci\u00f3n de la enfermedad del virus Zika, sobre todo \"el riesgo a que se extienda aumenta\", con","inLanguage":"es-ES","isPartOf":{"@id":"https:\/\/www.eldigitaldeasturias.com\/noticias\/#website"},"breadcrumb":{"@id":"https:\/\/www.eldigitaldeasturias.com\/noticias\/la-oms-alerta-a-europa-del-riesgo-de-propagacion-en-los-paises-donde-estan-presentes-los-mosquitos-aedes\/#breadcrumblist"},"author":{"@id":"https:\/\/www.eldigitaldeasturias.com\/noticias\/author\/admin\/#author"},"creator":{"@id":"https:\/\/www.eldigitaldeasturias.com\/noticias\/author\/admin\/#author"},"image":{"@type":"ImageObject","url":"https:\/\/www.eldigitaldeasturias.com\/noticias\/wp-content\/uploads\/2016\/02\/fotonoticia_20160203115356_800.jpg","@id":"https:\/\/www.eldigitaldeasturias.com\/noticias\/la-oms-alerta-a-europa-del-riesgo-de-propagacion-en-los-paises-donde-estan-presentes-los-mosquitos-aedes\/#mainImage","width":800,"height":576},"primaryImageOfPage":{"@id":"https:\/\/www.eldigitaldeasturias.com\/noticias\/la-oms-alerta-a-europa-del-riesgo-de-propagacion-en-los-paises-donde-estan-presentes-los-mosquitos-aedes\/#mainImage"},"datePublished":"2016-02-03T16:07:36+01:00","dateModified":"2016-02-03T16:07:36+01:00"},{"@type":"WebSite","@id":"https:\/\/www.eldigitaldeasturias.com\/noticias\/#website","url":"https:\/\/www.eldigitaldeasturias.com\/noticias\/","name":"El Digital de Asturias - Diario de actualidad y noticias","alternateName":"El Digital de Asturias - Diario de actualidad y noticias","description":"Hemeroteca","inLanguage":"es-ES","publisher":{"@id":"https:\/\/www.eldigitaldeasturias.com\/noticias\/#organization"}}]},"og:locale":"es_ES","og:site_name":"El Digital de Asturias","og:type":"article","og:title":"La OMS alerta a Europa del riesgo de propagaci\u00f3n en los pa\u00edses donde est\u00e1n presentes los mosquitos \u2018Aedes\u2019 - El Digital de Asturias","og:description":"La directora Regional de la Organizaci\u00f3n Mundial de la Salud (OMS) para Europa, la doctora Zsuzsanna Jakab, ha informado a los Estados Miembros que aquellos pa\u00edses donde los mosquitos 'Aedes' est\u00e1n presentes pueden estar en riesgo de la propagaci\u00f3n de la enfermedad del virus Zika, sobre todo &quot;el riesgo a que se extienda aumenta&quot;, con","og:url":"https:\/\/www.eldigitaldeasturias.com\/noticias\/la-oms-alerta-a-europa-del-riesgo-de-propagacion-en-los-paises-donde-estan-presentes-los-mosquitos-aedes\/","og:image":"https:\/\/www.eldigitaldeasturias.com\/noticias\/wp-content\/uploads\/2016\/02\/fotonoticia_20160203115356_800.jpg","og:image:secure_url":"https:\/\/www.eldigitaldeasturias.com\/noticias\/wp-content\/uploads\/2016\/02\/fotonoticia_20160203115356_800.jpg","og:image:width":800,"og:image:height":576,"article:tag":["sociedad"],"article:published_time":"2016-02-03T16:07:36+00:00","article:modified_time":"2016-02-03T16:07:36+00:00","article:publisher":"https:\/\/facebook.com\/eldigitaldeasturias","twitter:card":"summary_large_image","twitter:title":"La OMS alerta a Europa del riesgo de propagaci\u00f3n en los pa\u00edses donde est\u00e1n presentes los mosquitos \u2018Aedes\u2019 - El Digital de Asturias","twitter:description":"La directora Regional de la Organizaci\u00f3n Mundial de la Salud (OMS) para Europa, la doctora Zsuzsanna Jakab, ha informado a los Estados Miembros que aquellos pa\u00edses donde los mosquitos 'Aedes' est\u00e1n presentes pueden estar en riesgo de la propagaci\u00f3n de la enfermedad del virus Zika, sobre todo &quot;el riesgo a que se extienda aumenta&quot;, con","twitter:image":"https:\/\/www.eldigitaldeasturias.com\/noticias\/wp-content\/uploads\/2016\/02\/fotonoticia_20160203115356_800.jpg","twitter:label1":"Escrito por","twitter:data1":"El Digital de Asturias","twitter:label2":"Tiempo de lectura estimado","twitter:data2":"3 minutos"},"aioseo_meta_data":{"post_id":"853391","title":null,"description":null,"keywords":null,"keyphrases":null,"primary_term":null,"canonical_url":null,"og_title":null,"og_description":null,"og_object_type":"default","og_image_type":"default","og_image_url":null,"og_image_width":null,"og_image_height":null,"og_image_custom_url":null,"og_image_custom_fields":null,"og_video":null,"og_custom_url":null,"og_article_section":null,"og_article_tags":null,"twitter_use_og":false,"twitter_card":"default","twitter_image_type":"default","twitter_image_url":null,"twitter_image_custom_url":null,"twitter_image_custom_fields":null,"twitter_title":null,"twitter_description":null,"schema":{"blockGraphs":[],"customGraphs":[],"default":{"data":{"Article":[],"Course":[],"Dataset":[],"FAQPage":[],"Movie":[],"Person":[],"Product":[],"ProductReview":[],"Car":[],"Recipe":[],"Service":[],"SoftwareApplication":[],"WebPage":[]},"graphName":"","isEnabled":true},"graphs":[],"defaultGraph":"","defaultPostTypeGraph":""},"schema_type":null,"schema_type_options":null,"pillar_content":false,"robots_default":true,"robots_noindex":false,"robots_noarchive":false,"robots_nosnippet":false,"robots_nofollow":false,"robots_noimageindex":false,"robots_noodp":false,"robots_notranslate":false,"robots_max_snippet":null,"robots_max_videopreview":null,"robots_max_imagepreview":"large","priority":null,"frequency":null,"local_seo":null,"seo_analyzer_scan_date":"2025-12-09 17:53:10","breadcrumb_settings":null,"limit_modified_date":false,"open_ai":null,"ai":null,"created":"2021-01-23 14:08:12","updated":"2025-12-09 17:53:10"},"aioseo_breadcrumb":"<div class=\"aioseo-breadcrumbs\"><span class=\"aioseo-breadcrumb\">\n\t<a href=\"https:\/\/www.eldigitaldeasturias.com\/noticias\" title=\"Home\">Home<\/a>\n<\/span><span class=\"aioseo-breadcrumb-separator\">\u2013<\/span><span class=\"aioseo-breadcrumb\">\n\t<a href=\"https:\/\/www.eldigitaldeasturias.com\/noticias\/category\/sociedad\/\" title=\"Sociedad\">Sociedad<\/a>\n<\/span><span class=\"aioseo-breadcrumb-separator\">\u2013<\/span><span class=\"aioseo-breadcrumb\">\n\t<a href=\"https:\/\/www.eldigitaldeasturias.com\/noticias\/la-oms-alerta-a-europa-del-riesgo-de-propagacion-en-los-paises-donde-estan-presentes-los-mosquitos-aedes\/\" title=\"La OMS alerta a Europa del riesgo de propagaci\u00f3n en los pa\u00edses donde est\u00e1n presentes los mosquitos \u2018Aedes\u2019\">La OMS alerta a Europa del riesgo de propagaci\u00f3n en los pa\u00edses donde est\u00e1n presentes los mosquitos \u2018Aedes\u2019<\/a>\n<\/span><\/div>","aioseo_breadcrumb_json":[{"label":"Home","link":"https:\/\/www.eldigitaldeasturias.com\/noticias"},{"label":"Sociedad","link":"https:\/\/www.eldigitaldeasturias.com\/noticias\/category\/sociedad\/"},{"label":"La OMS alerta a Europa del riesgo de propagaci\u00f3n en los pa\u00edses donde est\u00e1n presentes los mosquitos &#8216;Aedes&#8217;","link":"https:\/\/www.eldigitaldeasturias.com\/noticias\/la-oms-alerta-a-europa-del-riesgo-de-propagacion-en-los-paises-donde-estan-presentes-los-mosquitos-aedes\/"}],"_links":{"self":[{"href":"https:\/\/www.eldigitaldeasturias.com\/noticias\/wp-json\/wp\/v2\/posts\/853391","targetHints":{"allow":["GET"]}}],"collection":[{"href":"https:\/\/www.eldigitaldeasturias.com\/noticias\/wp-json\/wp\/v2\/posts"}],"about":[{"href":"https:\/\/www.eldigitaldeasturias.com\/noticias\/wp-json\/wp\/v2\/types\/post"}],"author":[{"embeddable":true,"href":"https:\/\/www.eldigitaldeasturias.com\/noticias\/wp-json\/wp\/v2\/users\/1"}],"replies":[{"embeddable":true,"href":"https:\/\/www.eldigitaldeasturias.com\/noticias\/wp-json\/wp\/v2\/comments?post=853391"}],"version-history":[{"count":0,"href":"https:\/\/www.eldigitaldeasturias.com\/noticias\/wp-json\/wp\/v2\/posts\/853391\/revisions"}],"wp:featuredmedia":[{"embeddable":true,"href":"https:\/\/www.eldigitaldeasturias.com\/noticias\/wp-json\/wp\/v2\/media\/853392"}],"wp:attachment":[{"href":"https:\/\/www.eldigitaldeasturias.com\/noticias\/wp-json\/wp\/v2\/media?parent=853391"}],"wp:term":[{"taxonomy":"category","embeddable":true,"href":"https:\/\/www.eldigitaldeasturias.com\/noticias\/wp-json\/wp\/v2\/categories?post=853391"},{"taxonomy":"post_tag","embeddable":true,"href":"https:\/\/www.eldigitaldeasturias.com\/noticias\/wp-json\/wp\/v2\/tags?post=853391"}],"curies":[{"name":"wp","href":"https:\/\/api.w.org\/{rel}","templated":true}]}}