{"id":853358,"date":"2016-02-03T15:14:00","date_gmt":"2016-02-03T15:14:00","guid":{"rendered":"http:\/\/www.eldigitaldeasturias.com\/noticias\/?p=853358"},"modified":"2016-02-03T15:14:00","modified_gmt":"2016-02-03T15:14:00","slug":"sierra-nevada-amplia-el-esqui-nocturno-a-los-jueves","status":"publish","type":"post","link":"https:\/\/www.eldigitaldeasturias.com\/noticias\/sierra-nevada-amplia-el-esqui-nocturno-a-los-jueves\/","title":{"rendered":"Sierra Nevada ampl\u00eda el esqu\u00ed nocturno a los jueves"},"content":{"rendered":"<p><img loading=\"lazy\" decoding=\"async\" class=\"alignleft size-medium wp-image-853359\" src=\"https:\/\/www.eldigitaldeasturias.com\/noticias\/wp-content\/uploads\/2016\/02\/fotonoticia_20160201094403_800-360x240.jpg\" alt=\"fotonoticia_20160201094403_800\" width=\"360\" height=\"240\" srcset=\"https:\/\/www.eldigitaldeasturias.com\/noticias\/wp-content\/uploads\/2016\/02\/fotonoticia_20160201094403_800-360x240.jpg 360w, https:\/\/www.eldigitaldeasturias.com\/noticias\/wp-content\/uploads\/2016\/02\/fotonoticia_20160201094403_800-768x513.jpg 768w, https:\/\/www.eldigitaldeasturias.com\/noticias\/wp-content\/uploads\/2016\/02\/fotonoticia_20160201094403_800-650x434.jpg 650w, https:\/\/www.eldigitaldeasturias.com\/noticias\/wp-content\/uploads\/2016\/02\/fotonoticia_20160201094403_800-84x55.jpg 84w, https:\/\/www.eldigitaldeasturias.com\/noticias\/wp-content\/uploads\/2016\/02\/fotonoticia_20160201094403_800-49x32.jpg 49w, https:\/\/www.eldigitaldeasturias.com\/noticias\/wp-content\/uploads\/2016\/02\/fotonoticia_20160201094403_800.jpg 800w\" sizes=\"auto, (max-width: 360px) 100vw, 360px\" \/>La estaci\u00f3n invernal de esqu\u00ed de Sierra Nevada (Granada) ampliar\u00e1 a los jueves la actividad de esqu\u00ed nocturno por la pista de El R\u00edo que se desarrollaba durante los s\u00e1bados, gracias a la mejora del espesor de nieve en la emblem\u00e1tica pista que conecta el \u00e1rea de Borreguiles y la urbanizaci\u00f3n de Pradollano.<\/p>\n<p>En un comunicado, la empresa encargada de la gesti\u00f3n de este espacio tur\u00edstico, Cetursa, ha informado de que el horario y las condiciones de la actividad ser\u00e1n las mismas que en la jornada del s\u00e1bado. El departamento de pistas espera que el sistema de nieve producida pueda completar el recorrido de la pista Maribel para incorporarla, como la temporada pasada, al esqu\u00ed nocturno, con lo que la oferta pasar\u00eda de 3,2 a m\u00e1s de 5 kil\u00f3metros.<\/p>\n<p>La estaci\u00f3n, por lo dem\u00e1s, prepara ya el fin de semana de inicio de carvanal con la tradicional bajada de disfraces del s\u00e1bado 6 febrero por la pista de El R\u00edo. Todos los participantes que, previa inscripci\u00f3n en &#8216;sierranevada.es&#8217;, se presenten disfrazados a las 18,00 horas en el telecabina Al Andalus, y participen media hora despu\u00e9s en el descenso, podr\u00e1n acceder gratis al esqu\u00ed nocturno de ese d\u00eda.<\/p>\n<p>Adem\u00e1s, los esquiadores y snowboarders que viralicen sus fotos de disfraces del descenso de Carnaval &#8211;con el hastag #CarnavalSN2016&#8211; obtendr\u00e1n gratis forfait de d\u00eda para la temporada de primavera, entre otros regalos.<\/p>\n<p>Competiciones deportivas para ni\u00f1os, de esqu\u00ed de monta\u00f1a, cine infantil y observaci\u00f3n astron\u00f3mica de las estrellas completan el programa de fin de semana del 6 y 7 de febrero.<\/p>\n","protected":false},"excerpt":{"rendered":"<p>La estaci\u00f3n invernal de esqu\u00ed de Sierra Nevada (Granada) ampliar\u00e1 a los jueves la actividad de esqu\u00ed nocturno por la pista de El R\u00edo que se desarrollaba durante los s\u00e1bados, gracias a la mejora del espesor de nieve en la emblem\u00e1tica pista que conecta el \u00e1rea de Borreguiles y la urbanizaci\u00f3n de Pradollano. En un [&hellip;]<\/p>\n","protected":false},"author":1,"featured_media":853359,"comment_status":"closed","ping_status":"closed","sticky":false,"template":"","format":"standard","meta":{"footnotes":""},"categories":[50],"tags":[],"class_list":["post-853358","post","type-post","status-publish","format-standard","has-post-thumbnail","hentry","category-revista-de-ocio"],"aioseo_notices":[],"aioseo_head":"\n\t\t<!-- All in One SEO Pro 4.9.6.2 - aioseo.com -->\n\t<meta name=\"description\" content=\"La estaci\u00f3n invernal de esqu\u00ed de Sierra Nevada (Granada) ampliar\u00e1 a los jueves la actividad de esqu\u00ed nocturno por la pista de El R\u00edo que se desarrollaba durante los s\u00e1bados, gracias a la mejora del espesor de nieve en la emblem\u00e1tica pista que conecta el \u00e1rea de Borreguiles y la urbanizaci\u00f3n de Pradollano. En un\" \/>\n\t<meta name=\"robots\" content=\"max-image-preview:large\" \/>\n\t<meta name=\"author\" content=\"El Digital de Asturias\"\/>\n\t<meta name=\"google-site-verification\" content=\"UA-38556648-1\" \/>\n\t<meta name=\"msvalidate.01\" content=\"7dfe9f3f1b24437ab69f4f2559babe99\" \/>\n\t<meta name=\"keywords\" content=\"revista de ocio\" \/>\n\t<link rel=\"canonical\" href=\"https:\/\/www.eldigitaldeasturias.com\/noticias\/sierra-nevada-amplia-el-esqui-nocturno-a-los-jueves\/\" \/>\n\t<meta name=\"generator\" content=\"All in One SEO Pro (AIOSEO) 4.9.6.2\" \/>\n\t\t<meta property=\"og:locale\" content=\"es_ES\" \/>\n\t\t<meta property=\"og:site_name\" content=\"El Digital de Asturias\" \/>\n\t\t<meta property=\"og:type\" content=\"article\" \/>\n\t\t<meta property=\"og:title\" content=\"Sierra Nevada ampl\u00eda el esqu\u00ed nocturno a los jueves - El Digital de Asturias\" \/>\n\t\t<meta property=\"og:description\" content=\"La estaci\u00f3n invernal de esqu\u00ed de Sierra Nevada (Granada) ampliar\u00e1 a los jueves la actividad de esqu\u00ed nocturno por la pista de El R\u00edo que se desarrollaba durante los s\u00e1bados, gracias a la mejora del espesor de nieve en la emblem\u00e1tica pista que conecta el \u00e1rea de Borreguiles y la urbanizaci\u00f3n de Pradollano. En un\" \/>\n\t\t<meta property=\"og:url\" content=\"https:\/\/www.eldigitaldeasturias.com\/noticias\/sierra-nevada-amplia-el-esqui-nocturno-a-los-jueves\/\" \/>\n\t\t<meta property=\"og:image\" content=\"https:\/\/www.eldigitaldeasturias.com\/noticias\/wp-content\/uploads\/2016\/02\/fotonoticia_20160201094403_800.jpg\" \/>\n\t\t<meta property=\"og:image:secure_url\" content=\"https:\/\/www.eldigitaldeasturias.com\/noticias\/wp-content\/uploads\/2016\/02\/fotonoticia_20160201094403_800.jpg\" \/>\n\t\t<meta property=\"og:image:width\" content=\"800\" \/>\n\t\t<meta property=\"og:image:height\" content=\"534\" \/>\n\t\t<meta property=\"article:tag\" content=\"revista de ocio\" \/>\n\t\t<meta property=\"article:published_time\" content=\"2016-02-03T15:14:00+00:00\" \/>\n\t\t<meta property=\"article:modified_time\" content=\"2016-02-03T15:14:00+00:00\" \/>\n\t\t<meta property=\"article:publisher\" content=\"https:\/\/facebook.com\/eldigitaldeasturias\" \/>\n\t\t<meta name=\"twitter:card\" content=\"summary_large_image\" \/>\n\t\t<meta name=\"twitter:title\" content=\"Sierra Nevada ampl\u00eda el esqu\u00ed nocturno a los jueves - El Digital de Asturias\" \/>\n\t\t<meta name=\"twitter:description\" content=\"La estaci\u00f3n invernal de esqu\u00ed de Sierra Nevada (Granada) ampliar\u00e1 a los jueves la actividad de esqu\u00ed nocturno por la pista de El R\u00edo que se desarrollaba durante los s\u00e1bados, gracias a la mejora del espesor de nieve en la emblem\u00e1tica pista que conecta el \u00e1rea de Borreguiles y la urbanizaci\u00f3n de Pradollano. En un\" \/>\n\t\t<meta name=\"twitter:image\" content=\"https:\/\/www.eldigitaldeasturias.com\/noticias\/wp-content\/uploads\/2016\/02\/fotonoticia_20160201094403_800.jpg\" \/>\n\t\t<meta name=\"twitter:label1\" content=\"Escrito por\" \/>\n\t\t<meta name=\"twitter:data1\" content=\"El Digital de Asturias\" \/>\n\t\t<meta name=\"twitter:label2\" content=\"Tiempo de lectura estimado\" \/>\n\t\t<meta name=\"twitter:data2\" content=\"1 minuto\" \/>\n\t\t<script type=\"application\/ld+json\" class=\"aioseo-schema\">\n\t\t\t{\"@context\":\"https:\\\/\\\/schema.org\",\"@graph\":[{\"@type\":\"BlogPosting\",\"@id\":\"https:\\\/\\\/www.eldigitaldeasturias.com\\\/noticias\\\/sierra-nevada-amplia-el-esqui-nocturno-a-los-jueves\\\/#blogposting\",\"name\":\"Sierra Nevada ampl\\u00eda el esqu\\u00ed nocturno a los jueves - El Digital de Asturias\",\"headline\":\"Sierra Nevada ampl\\u00eda el esqu\\u00ed nocturno a los jueves\",\"author\":{\"@id\":\"https:\\\/\\\/www.eldigitaldeasturias.com\\\/noticias\\\/author\\\/admin\\\/#author\"},\"publisher\":{\"@id\":\"https:\\\/\\\/www.eldigitaldeasturias.com\\\/noticias\\\/#organization\"},\"image\":{\"@type\":\"ImageObject\",\"url\":\"https:\\\/\\\/www.eldigitaldeasturias.com\\\/noticias\\\/wp-content\\\/uploads\\\/2016\\\/02\\\/fotonoticia_20160201094403_800.jpg\",\"width\":800,\"height\":534},\"datePublished\":\"2016-02-03T15:14:00+01:00\",\"dateModified\":\"2016-02-03T15:14:00+01:00\",\"inLanguage\":\"es-ES\",\"mainEntityOfPage\":{\"@id\":\"https:\\\/\\\/www.eldigitaldeasturias.com\\\/noticias\\\/sierra-nevada-amplia-el-esqui-nocturno-a-los-jueves\\\/#webpage\"},\"isPartOf\":{\"@id\":\"https:\\\/\\\/www.eldigitaldeasturias.com\\\/noticias\\\/sierra-nevada-amplia-el-esqui-nocturno-a-los-jueves\\\/#webpage\"},\"articleSection\":\"Revista de Ocio\"},{\"@type\":\"BreadcrumbList\",\"@id\":\"https:\\\/\\\/www.eldigitaldeasturias.com\\\/noticias\\\/sierra-nevada-amplia-el-esqui-nocturno-a-los-jueves\\\/#breadcrumblist\",\"itemListElement\":[{\"@type\":\"ListItem\",\"@id\":\"https:\\\/\\\/www.eldigitaldeasturias.com\\\/noticias#listItem\",\"position\":1,\"name\":\"Home\",\"item\":\"https:\\\/\\\/www.eldigitaldeasturias.com\\\/noticias\",\"nextItem\":{\"@type\":\"ListItem\",\"@id\":\"https:\\\/\\\/www.eldigitaldeasturias.com\\\/noticias\\\/category\\\/revista-de-ocio\\\/#listItem\",\"name\":\"Revista de Ocio\"}},{\"@type\":\"ListItem\",\"@id\":\"https:\\\/\\\/www.eldigitaldeasturias.com\\\/noticias\\\/category\\\/revista-de-ocio\\\/#listItem\",\"position\":2,\"name\":\"Revista de Ocio\",\"item\":\"https:\\\/\\\/www.eldigitaldeasturias.com\\\/noticias\\\/category\\\/revista-de-ocio\\\/\",\"nextItem\":{\"@type\":\"ListItem\",\"@id\":\"https:\\\/\\\/www.eldigitaldeasturias.com\\\/noticias\\\/sierra-nevada-amplia-el-esqui-nocturno-a-los-jueves\\\/#listItem\",\"name\":\"Sierra Nevada ampl\\u00eda el esqu\\u00ed nocturno a los jueves\"},\"previousItem\":{\"@type\":\"ListItem\",\"@id\":\"https:\\\/\\\/www.eldigitaldeasturias.com\\\/noticias#listItem\",\"name\":\"Home\"}},{\"@type\":\"ListItem\",\"@id\":\"https:\\\/\\\/www.eldigitaldeasturias.com\\\/noticias\\\/sierra-nevada-amplia-el-esqui-nocturno-a-los-jueves\\\/#listItem\",\"position\":3,\"name\":\"Sierra Nevada ampl\\u00eda el esqu\\u00ed nocturno a los jueves\",\"previousItem\":{\"@type\":\"ListItem\",\"@id\":\"https:\\\/\\\/www.eldigitaldeasturias.com\\\/noticias\\\/category\\\/revista-de-ocio\\\/#listItem\",\"name\":\"Revista de Ocio\"}}]},{\"@type\":\"Organization\",\"@id\":\"https:\\\/\\\/www.eldigitaldeasturias.com\\\/noticias\\\/#organization\",\"name\":\"El Digital de Asturias\",\"description\":\"Hemeroteca\",\"url\":\"https:\\\/\\\/www.eldigitaldeasturias.com\\\/noticias\\\/\",\"email\":\"info@eldigitaldeasturias.com\",\"telephone\":\"+34652131393\",\"logo\":{\"@type\":\"ImageObject\",\"url\":\"https:\\\/\\\/www.eldigitaldeasturias.com\\\/noticias\\\/wp-content\\\/uploads\\\/2020\\\/12\\\/EDA.jpg\",\"@id\":\"https:\\\/\\\/www.eldigitaldeasturias.com\\\/noticias\\\/sierra-nevada-amplia-el-esqui-nocturno-a-los-jueves\\\/#organizationLogo\",\"width\":649,\"height\":297},\"image\":{\"@id\":\"https:\\\/\\\/www.eldigitaldeasturias.com\\\/noticias\\\/sierra-nevada-amplia-el-esqui-nocturno-a-los-jueves\\\/#organizationLogo\"},\"sameAs\":[\"https:\\\/\\\/facebook.com\\\/eldigitaldeasturias\",\"https:\\\/\\\/www.youtube.com\\\/channel\\\/UCZP-2wLEB9Rv6erhFmqVnvg\"],\"address\":{\"@id\":\"https:\\\/\\\/www.eldigitaldeasturias.com\\\/noticias\\\/#postaladdress\",\"@type\":\"PostalAddress\",\"streetAddress\":\"san antonio 4,\",\"postalCode\":\"33430\",\"addressLocality\":\"Cand\\u00e1s\",\"addressRegion\":\"Asturias\",\"addressCountry\":\"ES\"}},{\"@type\":\"Person\",\"@id\":\"https:\\\/\\\/www.eldigitaldeasturias.com\\\/noticias\\\/author\\\/admin\\\/#author\",\"url\":\"https:\\\/\\\/www.eldigitaldeasturias.com\\\/noticias\\\/author\\\/admin\\\/\",\"name\":\"El Digital de Asturias\",\"image\":{\"@type\":\"ImageObject\",\"@id\":\"https:\\\/\\\/www.eldigitaldeasturias.com\\\/noticias\\\/sierra-nevada-amplia-el-esqui-nocturno-a-los-jueves\\\/#authorImage\",\"url\":\"https:\\\/\\\/www.eldigitaldeasturias.com\\\/noticias\\\/wp-content\\\/litespeed\\\/avatar\\\/18677e78aa0546b92d9dbf31ec7d7668.jpg?ver=1777290358\",\"width\":96,\"height\":96,\"caption\":\"El Digital de Asturias\"}},{\"@type\":\"WebPage\",\"@id\":\"https:\\\/\\\/www.eldigitaldeasturias.com\\\/noticias\\\/sierra-nevada-amplia-el-esqui-nocturno-a-los-jueves\\\/#webpage\",\"url\":\"https:\\\/\\\/www.eldigitaldeasturias.com\\\/noticias\\\/sierra-nevada-amplia-el-esqui-nocturno-a-los-jueves\\\/\",\"name\":\"Sierra Nevada ampl\\u00eda el esqu\\u00ed nocturno a los jueves - El Digital de Asturias\",\"description\":\"La estaci\\u00f3n invernal de esqu\\u00ed de Sierra Nevada (Granada) ampliar\\u00e1 a los jueves la actividad de esqu\\u00ed nocturno por la pista de El R\\u00edo que se desarrollaba durante los s\\u00e1bados, gracias a la mejora del espesor de nieve en la emblem\\u00e1tica pista que conecta el \\u00e1rea de Borreguiles y la urbanizaci\\u00f3n de Pradollano. En un\",\"inLanguage\":\"es-ES\",\"isPartOf\":{\"@id\":\"https:\\\/\\\/www.eldigitaldeasturias.com\\\/noticias\\\/#website\"},\"breadcrumb\":{\"@id\":\"https:\\\/\\\/www.eldigitaldeasturias.com\\\/noticias\\\/sierra-nevada-amplia-el-esqui-nocturno-a-los-jueves\\\/#breadcrumblist\"},\"author\":{\"@id\":\"https:\\\/\\\/www.eldigitaldeasturias.com\\\/noticias\\\/author\\\/admin\\\/#author\"},\"creator\":{\"@id\":\"https:\\\/\\\/www.eldigitaldeasturias.com\\\/noticias\\\/author\\\/admin\\\/#author\"},\"image\":{\"@type\":\"ImageObject\",\"url\":\"https:\\\/\\\/www.eldigitaldeasturias.com\\\/noticias\\\/wp-content\\\/uploads\\\/2016\\\/02\\\/fotonoticia_20160201094403_800.jpg\",\"@id\":\"https:\\\/\\\/www.eldigitaldeasturias.com\\\/noticias\\\/sierra-nevada-amplia-el-esqui-nocturno-a-los-jueves\\\/#mainImage\",\"width\":800,\"height\":534},\"primaryImageOfPage\":{\"@id\":\"https:\\\/\\\/www.eldigitaldeasturias.com\\\/noticias\\\/sierra-nevada-amplia-el-esqui-nocturno-a-los-jueves\\\/#mainImage\"},\"datePublished\":\"2016-02-03T15:14:00+01:00\",\"dateModified\":\"2016-02-03T15:14:00+01:00\"},{\"@type\":\"WebSite\",\"@id\":\"https:\\\/\\\/www.eldigitaldeasturias.com\\\/noticias\\\/#website\",\"url\":\"https:\\\/\\\/www.eldigitaldeasturias.com\\\/noticias\\\/\",\"name\":\"El Digital de Asturias - Diario de actualidad y noticias\",\"alternateName\":\"El Digital de Asturias - Diario de actualidad y noticias\",\"description\":\"Hemeroteca\",\"inLanguage\":\"es-ES\",\"publisher\":{\"@id\":\"https:\\\/\\\/www.eldigitaldeasturias.com\\\/noticias\\\/#organization\"}}]}\n\t\t<\/script>\n\t\t<!-- All in One SEO Pro -->\r\n\t\t<title>Sierra Nevada ampl\u00eda el esqu\u00ed nocturno a los jueves - El Digital de Asturias<\/title>\n\n","aioseo_head_json":{"title":"Sierra Nevada ampl\u00eda el esqu\u00ed nocturno a los jueves - El Digital de Asturias","description":"La estaci\u00f3n invernal de esqu\u00ed de Sierra Nevada (Granada) ampliar\u00e1 a los jueves la actividad de esqu\u00ed nocturno por la pista de El R\u00edo que se desarrollaba durante los s\u00e1bados, gracias a la mejora del espesor de nieve en la emblem\u00e1tica pista que conecta el \u00e1rea de Borreguiles y la urbanizaci\u00f3n de Pradollano. En un","canonical_url":"https:\/\/www.eldigitaldeasturias.com\/noticias\/sierra-nevada-amplia-el-esqui-nocturno-a-los-jueves\/","robots":"max-image-preview:large","keywords":"revista de ocio","webmasterTools":{"google-site-verification":"UA-38556648-1","msvalidate.01":"7dfe9f3f1b24437ab69f4f2559babe99","miscellaneous":""},"schema":{"@context":"https:\/\/schema.org","@graph":[{"@type":"BlogPosting","@id":"https:\/\/www.eldigitaldeasturias.com\/noticias\/sierra-nevada-amplia-el-esqui-nocturno-a-los-jueves\/#blogposting","name":"Sierra Nevada ampl\u00eda el esqu\u00ed nocturno a los jueves - El Digital de Asturias","headline":"Sierra Nevada ampl\u00eda el esqu\u00ed nocturno a los jueves","author":{"@id":"https:\/\/www.eldigitaldeasturias.com\/noticias\/author\/admin\/#author"},"publisher":{"@id":"https:\/\/www.eldigitaldeasturias.com\/noticias\/#organization"},"image":{"@type":"ImageObject","url":"https:\/\/www.eldigitaldeasturias.com\/noticias\/wp-content\/uploads\/2016\/02\/fotonoticia_20160201094403_800.jpg","width":800,"height":534},"datePublished":"2016-02-03T15:14:00+01:00","dateModified":"2016-02-03T15:14:00+01:00","inLanguage":"es-ES","mainEntityOfPage":{"@id":"https:\/\/www.eldigitaldeasturias.com\/noticias\/sierra-nevada-amplia-el-esqui-nocturno-a-los-jueves\/#webpage"},"isPartOf":{"@id":"https:\/\/www.eldigitaldeasturias.com\/noticias\/sierra-nevada-amplia-el-esqui-nocturno-a-los-jueves\/#webpage"},"articleSection":"Revista de Ocio"},{"@type":"BreadcrumbList","@id":"https:\/\/www.eldigitaldeasturias.com\/noticias\/sierra-nevada-amplia-el-esqui-nocturno-a-los-jueves\/#breadcrumblist","itemListElement":[{"@type":"ListItem","@id":"https:\/\/www.eldigitaldeasturias.com\/noticias#listItem","position":1,"name":"Home","item":"https:\/\/www.eldigitaldeasturias.com\/noticias","nextItem":{"@type":"ListItem","@id":"https:\/\/www.eldigitaldeasturias.com\/noticias\/category\/revista-de-ocio\/#listItem","name":"Revista de Ocio"}},{"@type":"ListItem","@id":"https:\/\/www.eldigitaldeasturias.com\/noticias\/category\/revista-de-ocio\/#listItem","position":2,"name":"Revista de Ocio","item":"https:\/\/www.eldigitaldeasturias.com\/noticias\/category\/revista-de-ocio\/","nextItem":{"@type":"ListItem","@id":"https:\/\/www.eldigitaldeasturias.com\/noticias\/sierra-nevada-amplia-el-esqui-nocturno-a-los-jueves\/#listItem","name":"Sierra Nevada ampl\u00eda el esqu\u00ed nocturno a los jueves"},"previousItem":{"@type":"ListItem","@id":"https:\/\/www.eldigitaldeasturias.com\/noticias#listItem","name":"Home"}},{"@type":"ListItem","@id":"https:\/\/www.eldigitaldeasturias.com\/noticias\/sierra-nevada-amplia-el-esqui-nocturno-a-los-jueves\/#listItem","position":3,"name":"Sierra Nevada ampl\u00eda el esqu\u00ed nocturno a los jueves","previousItem":{"@type":"ListItem","@id":"https:\/\/www.eldigitaldeasturias.com\/noticias\/category\/revista-de-ocio\/#listItem","name":"Revista de Ocio"}}]},{"@type":"Organization","@id":"https:\/\/www.eldigitaldeasturias.com\/noticias\/#organization","name":"El Digital de Asturias","description":"Hemeroteca","url":"https:\/\/www.eldigitaldeasturias.com\/noticias\/","email":"info@eldigitaldeasturias.com","telephone":"+34652131393","logo":{"@type":"ImageObject","url":"https:\/\/www.eldigitaldeasturias.com\/noticias\/wp-content\/uploads\/2020\/12\/EDA.jpg","@id":"https:\/\/www.eldigitaldeasturias.com\/noticias\/sierra-nevada-amplia-el-esqui-nocturno-a-los-jueves\/#organizationLogo","width":649,"height":297},"image":{"@id":"https:\/\/www.eldigitaldeasturias.com\/noticias\/sierra-nevada-amplia-el-esqui-nocturno-a-los-jueves\/#organizationLogo"},"sameAs":["https:\/\/facebook.com\/eldigitaldeasturias","https:\/\/www.youtube.com\/channel\/UCZP-2wLEB9Rv6erhFmqVnvg"],"address":{"@id":"https:\/\/www.eldigitaldeasturias.com\/noticias\/#postaladdress","@type":"PostalAddress","streetAddress":"san antonio 4,","postalCode":"33430","addressLocality":"Cand\u00e1s","addressRegion":"Asturias","addressCountry":"ES"}},{"@type":"Person","@id":"https:\/\/www.eldigitaldeasturias.com\/noticias\/author\/admin\/#author","url":"https:\/\/www.eldigitaldeasturias.com\/noticias\/author\/admin\/","name":"El Digital de Asturias","image":{"@type":"ImageObject","@id":"https:\/\/www.eldigitaldeasturias.com\/noticias\/sierra-nevada-amplia-el-esqui-nocturno-a-los-jueves\/#authorImage","url":"https:\/\/www.eldigitaldeasturias.com\/noticias\/wp-content\/litespeed\/avatar\/18677e78aa0546b92d9dbf31ec7d7668.jpg?ver=1777290358","width":96,"height":96,"caption":"El Digital de Asturias"}},{"@type":"WebPage","@id":"https:\/\/www.eldigitaldeasturias.com\/noticias\/sierra-nevada-amplia-el-esqui-nocturno-a-los-jueves\/#webpage","url":"https:\/\/www.eldigitaldeasturias.com\/noticias\/sierra-nevada-amplia-el-esqui-nocturno-a-los-jueves\/","name":"Sierra Nevada ampl\u00eda el esqu\u00ed nocturno a los jueves - El Digital de Asturias","description":"La estaci\u00f3n invernal de esqu\u00ed de Sierra Nevada (Granada) ampliar\u00e1 a los jueves la actividad de esqu\u00ed nocturno por la pista de El R\u00edo que se desarrollaba durante los s\u00e1bados, gracias a la mejora del espesor de nieve en la emblem\u00e1tica pista que conecta el \u00e1rea de Borreguiles y la urbanizaci\u00f3n de Pradollano. En un","inLanguage":"es-ES","isPartOf":{"@id":"https:\/\/www.eldigitaldeasturias.com\/noticias\/#website"},"breadcrumb":{"@id":"https:\/\/www.eldigitaldeasturias.com\/noticias\/sierra-nevada-amplia-el-esqui-nocturno-a-los-jueves\/#breadcrumblist"},"author":{"@id":"https:\/\/www.eldigitaldeasturias.com\/noticias\/author\/admin\/#author"},"creator":{"@id":"https:\/\/www.eldigitaldeasturias.com\/noticias\/author\/admin\/#author"},"image":{"@type":"ImageObject","url":"https:\/\/www.eldigitaldeasturias.com\/noticias\/wp-content\/uploads\/2016\/02\/fotonoticia_20160201094403_800.jpg","@id":"https:\/\/www.eldigitaldeasturias.com\/noticias\/sierra-nevada-amplia-el-esqui-nocturno-a-los-jueves\/#mainImage","width":800,"height":534},"primaryImageOfPage":{"@id":"https:\/\/www.eldigitaldeasturias.com\/noticias\/sierra-nevada-amplia-el-esqui-nocturno-a-los-jueves\/#mainImage"},"datePublished":"2016-02-03T15:14:00+01:00","dateModified":"2016-02-03T15:14:00+01:00"},{"@type":"WebSite","@id":"https:\/\/www.eldigitaldeasturias.com\/noticias\/#website","url":"https:\/\/www.eldigitaldeasturias.com\/noticias\/","name":"El Digital de Asturias - Diario de actualidad y noticias","alternateName":"El Digital de Asturias - Diario de actualidad y noticias","description":"Hemeroteca","inLanguage":"es-ES","publisher":{"@id":"https:\/\/www.eldigitaldeasturias.com\/noticias\/#organization"}}]},"og:locale":"es_ES","og:site_name":"El Digital de Asturias","og:type":"article","og:title":"Sierra Nevada ampl\u00eda el esqu\u00ed nocturno a los jueves - El Digital de Asturias","og:description":"La estaci\u00f3n invernal de esqu\u00ed de Sierra Nevada (Granada) ampliar\u00e1 a los jueves la actividad de esqu\u00ed nocturno por la pista de El R\u00edo que se desarrollaba durante los s\u00e1bados, gracias a la mejora del espesor de nieve en la emblem\u00e1tica pista que conecta el \u00e1rea de Borreguiles y la urbanizaci\u00f3n de Pradollano. En un","og:url":"https:\/\/www.eldigitaldeasturias.com\/noticias\/sierra-nevada-amplia-el-esqui-nocturno-a-los-jueves\/","og:image":"https:\/\/www.eldigitaldeasturias.com\/noticias\/wp-content\/uploads\/2016\/02\/fotonoticia_20160201094403_800.jpg","og:image:secure_url":"https:\/\/www.eldigitaldeasturias.com\/noticias\/wp-content\/uploads\/2016\/02\/fotonoticia_20160201094403_800.jpg","og:image:width":800,"og:image:height":534,"article:tag":["revista de ocio"],"article:published_time":"2016-02-03T15:14:00+00:00","article:modified_time":"2016-02-03T15:14:00+00:00","article:publisher":"https:\/\/facebook.com\/eldigitaldeasturias","twitter:card":"summary_large_image","twitter:title":"Sierra Nevada ampl\u00eda el esqu\u00ed nocturno a los jueves - El Digital de Asturias","twitter:description":"La estaci\u00f3n invernal de esqu\u00ed de Sierra Nevada (Granada) ampliar\u00e1 a los jueves la actividad de esqu\u00ed nocturno por la pista de El R\u00edo que se desarrollaba durante los s\u00e1bados, gracias a la mejora del espesor de nieve en la emblem\u00e1tica pista que conecta el \u00e1rea de Borreguiles y la urbanizaci\u00f3n de Pradollano. En un","twitter:image":"https:\/\/www.eldigitaldeasturias.com\/noticias\/wp-content\/uploads\/2016\/02\/fotonoticia_20160201094403_800.jpg","twitter:label1":"Escrito por","twitter:data1":"El Digital de Asturias","twitter:label2":"Tiempo de lectura estimado","twitter:data2":"1 minuto"},"aioseo_meta_data":{"post_id":"853358","title":null,"description":null,"keywords":null,"keyphrases":null,"primary_term":null,"canonical_url":null,"og_title":null,"og_description":null,"og_object_type":"default","og_image_type":"default","og_image_url":null,"og_image_width":null,"og_image_height":null,"og_image_custom_url":null,"og_image_custom_fields":null,"og_video":null,"og_custom_url":null,"og_article_section":null,"og_article_tags":null,"twitter_use_og":false,"twitter_card":"default","twitter_image_type":"default","twitter_image_url":null,"twitter_image_custom_url":null,"twitter_image_custom_fields":null,"twitter_title":null,"twitter_description":null,"schema":{"blockGraphs":[],"customGraphs":[],"default":{"data":{"Article":[],"Course":[],"Dataset":[],"FAQPage":[],"Movie":[],"Person":[],"Product":[],"ProductReview":[],"Car":[],"Recipe":[],"Service":[],"SoftwareApplication":[],"WebPage":[]},"graphName":"","isEnabled":true},"graphs":[],"defaultGraph":"","defaultPostTypeGraph":""},"schema_type":null,"schema_type_options":null,"pillar_content":false,"robots_default":true,"robots_noindex":false,"robots_noarchive":false,"robots_nosnippet":false,"robots_nofollow":false,"robots_noimageindex":false,"robots_noodp":false,"robots_notranslate":false,"robots_max_snippet":null,"robots_max_videopreview":null,"robots_max_imagepreview":"large","priority":null,"frequency":null,"local_seo":null,"seo_analyzer_scan_date":"2025-12-09 17:45:13","breadcrumb_settings":null,"limit_modified_date":false,"open_ai":null,"ai":null,"created":"2021-01-23 14:08:12","updated":"2025-12-09 17:45:13"},"aioseo_breadcrumb":"<div class=\"aioseo-breadcrumbs\"><span class=\"aioseo-breadcrumb\">\n\t<a href=\"https:\/\/www.eldigitaldeasturias.com\/noticias\" title=\"Home\">Home<\/a>\n<\/span><span class=\"aioseo-breadcrumb-separator\">\u2013<\/span><span class=\"aioseo-breadcrumb\">\n\t<a href=\"https:\/\/www.eldigitaldeasturias.com\/noticias\/category\/revista-de-ocio\/\" title=\"Revista de Ocio\">Revista de Ocio<\/a>\n<\/span><span class=\"aioseo-breadcrumb-separator\">\u2013<\/span><span class=\"aioseo-breadcrumb\">\n\t<a href=\"https:\/\/www.eldigitaldeasturias.com\/noticias\/sierra-nevada-amplia-el-esqui-nocturno-a-los-jueves\/\" title=\"Sierra Nevada ampl\u00eda el esqu\u00ed nocturno a los jueves\">Sierra Nevada ampl\u00eda el esqu\u00ed nocturno a los jueves<\/a>\n<\/span><\/div>","aioseo_breadcrumb_json":[{"label":"Home","link":"https:\/\/www.eldigitaldeasturias.com\/noticias"},{"label":"Revista de Ocio","link":"https:\/\/www.eldigitaldeasturias.com\/noticias\/category\/revista-de-ocio\/"},{"label":"Sierra Nevada ampl\u00eda el esqu\u00ed nocturno a los jueves","link":"https:\/\/www.eldigitaldeasturias.com\/noticias\/sierra-nevada-amplia-el-esqui-nocturno-a-los-jueves\/"}],"_links":{"self":[{"href":"https:\/\/www.eldigitaldeasturias.com\/noticias\/wp-json\/wp\/v2\/posts\/853358","targetHints":{"allow":["GET"]}}],"collection":[{"href":"https:\/\/www.eldigitaldeasturias.com\/noticias\/wp-json\/wp\/v2\/posts"}],"about":[{"href":"https:\/\/www.eldigitaldeasturias.com\/noticias\/wp-json\/wp\/v2\/types\/post"}],"author":[{"embeddable":true,"href":"https:\/\/www.eldigitaldeasturias.com\/noticias\/wp-json\/wp\/v2\/users\/1"}],"replies":[{"embeddable":true,"href":"https:\/\/www.eldigitaldeasturias.com\/noticias\/wp-json\/wp\/v2\/comments?post=853358"}],"version-history":[{"count":0,"href":"https:\/\/www.eldigitaldeasturias.com\/noticias\/wp-json\/wp\/v2\/posts\/853358\/revisions"}],"wp:featuredmedia":[{"embeddable":true,"href":"https:\/\/www.eldigitaldeasturias.com\/noticias\/wp-json\/wp\/v2\/media\/853359"}],"wp:attachment":[{"href":"https:\/\/www.eldigitaldeasturias.com\/noticias\/wp-json\/wp\/v2\/media?parent=853358"}],"wp:term":[{"taxonomy":"category","embeddable":true,"href":"https:\/\/www.eldigitaldeasturias.com\/noticias\/wp-json\/wp\/v2\/categories?post=853358"},{"taxonomy":"post_tag","embeddable":true,"href":"https:\/\/www.eldigitaldeasturias.com\/noticias\/wp-json\/wp\/v2\/tags?post=853358"}],"curies":[{"name":"wp","href":"https:\/\/api.w.org\/{rel}","templated":true}]}}