{"id":853355,"date":"2016-02-03T15:08:11","date_gmt":"2016-02-03T15:08:11","guid":{"rendered":"http:\/\/www.eldigitaldeasturias.com\/noticias\/?p=853355"},"modified":"2016-02-03T15:08:11","modified_gmt":"2016-02-03T15:08:11","slug":"una-agencia-organiza-un-viaje-del-artico-a-la-antartida-en-once-dias","status":"publish","type":"post","link":"https:\/\/www.eldigitaldeasturias.com\/noticias\/una-agencia-organiza-un-viaje-del-artico-a-la-antartida-en-once-dias\/","title":{"rendered":"Una agencia organiza un viaje del \u00c1rtico a la Ant\u00e1rtida en once d\u00edas"},"content":{"rendered":"<p><img loading=\"lazy\" decoding=\"async\" class=\"alignleft size-medium wp-image-853356\" src=\"https:\/\/www.eldigitaldeasturias.com\/noticias\/wp-content\/uploads\/2016\/02\/fotonoticia_20160130115934_800-360x270.jpg\" alt=\"fotonoticia_20160130115934_800\" width=\"360\" height=\"270\" srcset=\"https:\/\/www.eldigitaldeasturias.com\/noticias\/wp-content\/uploads\/2016\/02\/fotonoticia_20160130115934_800-360x270.jpg 360w, https:\/\/www.eldigitaldeasturias.com\/noticias\/wp-content\/uploads\/2016\/02\/fotonoticia_20160130115934_800-768x577.jpg 768w, https:\/\/www.eldigitaldeasturias.com\/noticias\/wp-content\/uploads\/2016\/02\/fotonoticia_20160130115934_800-650x488.jpg 650w, https:\/\/www.eldigitaldeasturias.com\/noticias\/wp-content\/uploads\/2016\/02\/fotonoticia_20160130115934_800-125x95.jpg 125w, https:\/\/www.eldigitaldeasturias.com\/noticias\/wp-content\/uploads\/2016\/02\/fotonoticia_20160130115934_800-100x75.jpg 100w, https:\/\/www.eldigitaldeasturias.com\/noticias\/wp-content\/uploads\/2016\/02\/fotonoticia_20160130115934_800.jpg 800w\" sizes=\"auto, (max-width: 360px) 100vw, 360px\" \/>El viajero que lo desee podr\u00e1 visitar el Polo Norte y el Polo sur en un exclusivo viaje de diez d\u00edas organizado por la agencia brit\u00e1nica Private Jet Tours que ofrece viajar del \u00c1rtico a la Ant\u00e1rtica en menos de dos semanas del 2 al 12 de enero de 2017.<\/p>\n<p>Los viajeros que desean visitar el mayor n\u00famero de pa\u00edses en el menor tiempo posible tienen un nuevo reto en sus manos gracias a una agencia de viajes brit\u00e1nica de lujo que ofrece un viaje de once d\u00edas en un jet privado para visitar los polos m\u00e1s opuestos del planeta.<\/p>\n<p>El viaje que incluye visitas al \u00c1rtico (Polo Norte) y la Ant\u00e1rtida (Polo Sur) se realizar\u00eda en enero de 2017 y tiene un coste de 70.000 libras (92.000 euros). Durante el mismo se podr\u00e1 desde dar paseos en reno, pescar en el hielo o esquiar entre ping\u00fcinos adem\u00e1s de realizar marchas sobre lagos congelados.<\/p>\n<p>Tras una noche de estancia en el hotel Luton Hoo Spa &amp; Golf Resort, situado en Luton, un total de diez viajeros se desplazar\u00e1n a la terminal de jet privada de Harrod Aviation para viajar en un avi\u00f3n de lujo con destino a Ivalo (Laponia).<\/p>\n<p>TRES NOCHES EN UN IGL\u00da.<\/p>\n<p>All\u00ed pasar\u00e1n tres noches en el Kakslauttanen \u00c1rtico Resort, el mismo que apareci\u00f3 en una reciente campa\u00f1a de Ralph Lauren, permaneciendo alojados en una combinaci\u00f3n de igl\u00fas de cristal y posadas de madera.<\/p>\n<p>Desde ese punto se prev\u00e9 realizar un crucero a bordo del rompehielos Sampo, donde los hu\u00e9spedes aprender\u00e1n c\u00f3mo operan los rompehielos en la zona, seguido de un chapuz\u00f3n en el agua helada de la bah\u00eda de Botnia.<\/p>\n<p>A partir de ah\u00ed, los turistas viajar\u00e1n en un jet privado a Ciudad del Cabo (Sud\u00e1frica) para pasar la noche en el Hotel Cape Grace, antes de dirigirse a la Ant\u00e1rtida para experimentar la luz del d\u00eda de 24 horas.<\/p>\n<p>Aqu\u00ed los hu\u00e9spedes podr\u00e1n visitar cuevas de hielo, hacer kitesurf y lanzarse en tirolesa a trav\u00e9s de un lago congelado. Tambi\u00e9n se podr\u00e1 visitar la gran colonia de ping\u00fcinos emperador en Atka Bay.<\/p>\n","protected":false},"excerpt":{"rendered":"<p>El viajero que lo desee podr\u00e1 visitar el Polo Norte y el Polo sur en un exclusivo viaje de diez d\u00edas organizado por la agencia brit\u00e1nica Private Jet Tours que ofrece viajar del \u00c1rtico a la Ant\u00e1rtica en menos de dos semanas del 2 al 12 de enero de 2017. Los viajeros que desean visitar [&hellip;]<\/p>\n","protected":false},"author":1,"featured_media":853356,"comment_status":"closed","ping_status":"closed","sticky":false,"template":"","format":"standard","meta":{"footnotes":""},"categories":[148],"tags":[],"class_list":["post-853355","post","type-post","status-publish","format-standard","has-post-thumbnail","hentry","category-turismo"],"aioseo_notices":[],"aioseo_head":"\n\t\t<!-- All in One SEO Pro 4.9.6.2 - aioseo.com -->\n\t<meta name=\"description\" content=\"El viajero que lo desee podr\u00e1 visitar el Polo Norte y el Polo sur en un exclusivo viaje de diez d\u00edas organizado por la agencia brit\u00e1nica Private Jet Tours que ofrece viajar del \u00c1rtico a la Ant\u00e1rtica en menos de dos semanas del 2 al 12 de enero de 2017. Los viajeros que desean visitar\" \/>\n\t<meta name=\"robots\" content=\"max-image-preview:large\" \/>\n\t<meta name=\"author\" content=\"El Digital de Asturias\"\/>\n\t<meta name=\"google-site-verification\" content=\"UA-38556648-1\" \/>\n\t<meta name=\"msvalidate.01\" content=\"7dfe9f3f1b24437ab69f4f2559babe99\" \/>\n\t<meta name=\"keywords\" content=\"turismo\" \/>\n\t<link rel=\"canonical\" href=\"https:\/\/www.eldigitaldeasturias.com\/noticias\/una-agencia-organiza-un-viaje-del-artico-a-la-antartida-en-once-dias\/\" \/>\n\t<meta name=\"generator\" content=\"All in One SEO Pro (AIOSEO) 4.9.6.2\" \/>\n\t\t<meta property=\"og:locale\" content=\"es_ES\" \/>\n\t\t<meta property=\"og:site_name\" content=\"El Digital de Asturias\" \/>\n\t\t<meta property=\"og:type\" content=\"article\" \/>\n\t\t<meta property=\"og:title\" content=\"Una agencia organiza un viaje del \u00c1rtico a la Ant\u00e1rtida en once d\u00edas - El Digital de Asturias\" \/>\n\t\t<meta property=\"og:description\" content=\"El viajero que lo desee podr\u00e1 visitar el Polo Norte y el Polo sur en un exclusivo viaje de diez d\u00edas organizado por la agencia brit\u00e1nica Private Jet Tours que ofrece viajar del \u00c1rtico a la Ant\u00e1rtica en menos de dos semanas del 2 al 12 de enero de 2017. Los viajeros que desean visitar\" \/>\n\t\t<meta property=\"og:url\" content=\"https:\/\/www.eldigitaldeasturias.com\/noticias\/una-agencia-organiza-un-viaje-del-artico-a-la-antartida-en-once-dias\/\" \/>\n\t\t<meta property=\"og:image\" content=\"https:\/\/www.eldigitaldeasturias.com\/noticias\/wp-content\/uploads\/2016\/02\/fotonoticia_20160130115934_800.jpg\" \/>\n\t\t<meta property=\"og:image:secure_url\" content=\"https:\/\/www.eldigitaldeasturias.com\/noticias\/wp-content\/uploads\/2016\/02\/fotonoticia_20160130115934_800.jpg\" \/>\n\t\t<meta property=\"og:image:width\" content=\"800\" \/>\n\t\t<meta property=\"og:image:height\" content=\"601\" \/>\n\t\t<meta property=\"article:tag\" content=\"turismo\" \/>\n\t\t<meta property=\"article:published_time\" content=\"2016-02-03T15:08:11+00:00\" \/>\n\t\t<meta property=\"article:modified_time\" content=\"2016-02-03T15:08:11+00:00\" \/>\n\t\t<meta property=\"article:publisher\" content=\"https:\/\/facebook.com\/eldigitaldeasturias\" \/>\n\t\t<meta name=\"twitter:card\" content=\"summary_large_image\" \/>\n\t\t<meta name=\"twitter:title\" content=\"Una agencia organiza un viaje del \u00c1rtico a la Ant\u00e1rtida en once d\u00edas - El Digital de Asturias\" \/>\n\t\t<meta name=\"twitter:description\" content=\"El viajero que lo desee podr\u00e1 visitar el Polo Norte y el Polo sur en un exclusivo viaje de diez d\u00edas organizado por la agencia brit\u00e1nica Private Jet Tours que ofrece viajar del \u00c1rtico a la Ant\u00e1rtica en menos de dos semanas del 2 al 12 de enero de 2017. Los viajeros que desean visitar\" \/>\n\t\t<meta name=\"twitter:image\" content=\"https:\/\/www.eldigitaldeasturias.com\/noticias\/wp-content\/uploads\/2016\/02\/fotonoticia_20160130115934_800.jpg\" \/>\n\t\t<meta name=\"twitter:label1\" content=\"Escrito por\" \/>\n\t\t<meta name=\"twitter:data1\" content=\"El Digital de Asturias\" \/>\n\t\t<meta name=\"twitter:label2\" content=\"Tiempo de lectura estimado\" \/>\n\t\t<meta name=\"twitter:data2\" content=\"2 minutos\" \/>\n\t\t<script type=\"application\/ld+json\" class=\"aioseo-schema\">\n\t\t\t{\"@context\":\"https:\\\/\\\/schema.org\",\"@graph\":[{\"@type\":\"BlogPosting\",\"@id\":\"https:\\\/\\\/www.eldigitaldeasturias.com\\\/noticias\\\/una-agencia-organiza-un-viaje-del-artico-a-la-antartida-en-once-dias\\\/#blogposting\",\"name\":\"Una agencia organiza un viaje del \\u00c1rtico a la Ant\\u00e1rtida en once d\\u00edas - El Digital de Asturias\",\"headline\":\"Una agencia organiza un viaje del \\u00c1rtico a la Ant\\u00e1rtida en once d\\u00edas\",\"author\":{\"@id\":\"https:\\\/\\\/www.eldigitaldeasturias.com\\\/noticias\\\/author\\\/admin\\\/#author\"},\"publisher\":{\"@id\":\"https:\\\/\\\/www.eldigitaldeasturias.com\\\/noticias\\\/#organization\"},\"image\":{\"@type\":\"ImageObject\",\"url\":\"https:\\\/\\\/www.eldigitaldeasturias.com\\\/noticias\\\/wp-content\\\/uploads\\\/2016\\\/02\\\/fotonoticia_20160130115934_800.jpg\",\"width\":800,\"height\":601},\"datePublished\":\"2016-02-03T15:08:11+01:00\",\"dateModified\":\"2016-02-03T15:08:11+01:00\",\"inLanguage\":\"es-ES\",\"mainEntityOfPage\":{\"@id\":\"https:\\\/\\\/www.eldigitaldeasturias.com\\\/noticias\\\/una-agencia-organiza-un-viaje-del-artico-a-la-antartida-en-once-dias\\\/#webpage\"},\"isPartOf\":{\"@id\":\"https:\\\/\\\/www.eldigitaldeasturias.com\\\/noticias\\\/una-agencia-organiza-un-viaje-del-artico-a-la-antartida-en-once-dias\\\/#webpage\"},\"articleSection\":\"Turismo\"},{\"@type\":\"BreadcrumbList\",\"@id\":\"https:\\\/\\\/www.eldigitaldeasturias.com\\\/noticias\\\/una-agencia-organiza-un-viaje-del-artico-a-la-antartida-en-once-dias\\\/#breadcrumblist\",\"itemListElement\":[{\"@type\":\"ListItem\",\"@id\":\"https:\\\/\\\/www.eldigitaldeasturias.com\\\/noticias#listItem\",\"position\":1,\"name\":\"Home\",\"item\":\"https:\\\/\\\/www.eldigitaldeasturias.com\\\/noticias\",\"nextItem\":{\"@type\":\"ListItem\",\"@id\":\"https:\\\/\\\/www.eldigitaldeasturias.com\\\/noticias\\\/category\\\/turismo\\\/#listItem\",\"name\":\"Turismo\"}},{\"@type\":\"ListItem\",\"@id\":\"https:\\\/\\\/www.eldigitaldeasturias.com\\\/noticias\\\/category\\\/turismo\\\/#listItem\",\"position\":2,\"name\":\"Turismo\",\"item\":\"https:\\\/\\\/www.eldigitaldeasturias.com\\\/noticias\\\/category\\\/turismo\\\/\",\"nextItem\":{\"@type\":\"ListItem\",\"@id\":\"https:\\\/\\\/www.eldigitaldeasturias.com\\\/noticias\\\/una-agencia-organiza-un-viaje-del-artico-a-la-antartida-en-once-dias\\\/#listItem\",\"name\":\"Una agencia organiza un viaje del \\u00c1rtico a la Ant\\u00e1rtida en once d\\u00edas\"},\"previousItem\":{\"@type\":\"ListItem\",\"@id\":\"https:\\\/\\\/www.eldigitaldeasturias.com\\\/noticias#listItem\",\"name\":\"Home\"}},{\"@type\":\"ListItem\",\"@id\":\"https:\\\/\\\/www.eldigitaldeasturias.com\\\/noticias\\\/una-agencia-organiza-un-viaje-del-artico-a-la-antartida-en-once-dias\\\/#listItem\",\"position\":3,\"name\":\"Una agencia organiza un viaje del \\u00c1rtico a la Ant\\u00e1rtida en once d\\u00edas\",\"previousItem\":{\"@type\":\"ListItem\",\"@id\":\"https:\\\/\\\/www.eldigitaldeasturias.com\\\/noticias\\\/category\\\/turismo\\\/#listItem\",\"name\":\"Turismo\"}}]},{\"@type\":\"Organization\",\"@id\":\"https:\\\/\\\/www.eldigitaldeasturias.com\\\/noticias\\\/#organization\",\"name\":\"El Digital de Asturias\",\"description\":\"Hemeroteca\",\"url\":\"https:\\\/\\\/www.eldigitaldeasturias.com\\\/noticias\\\/\",\"email\":\"info@eldigitaldeasturias.com\",\"telephone\":\"+34652131393\",\"logo\":{\"@type\":\"ImageObject\",\"url\":\"https:\\\/\\\/www.eldigitaldeasturias.com\\\/noticias\\\/wp-content\\\/uploads\\\/2020\\\/12\\\/EDA.jpg\",\"@id\":\"https:\\\/\\\/www.eldigitaldeasturias.com\\\/noticias\\\/una-agencia-organiza-un-viaje-del-artico-a-la-antartida-en-once-dias\\\/#organizationLogo\",\"width\":649,\"height\":297},\"image\":{\"@id\":\"https:\\\/\\\/www.eldigitaldeasturias.com\\\/noticias\\\/una-agencia-organiza-un-viaje-del-artico-a-la-antartida-en-once-dias\\\/#organizationLogo\"},\"sameAs\":[\"https:\\\/\\\/facebook.com\\\/eldigitaldeasturias\",\"https:\\\/\\\/www.youtube.com\\\/channel\\\/UCZP-2wLEB9Rv6erhFmqVnvg\"],\"address\":{\"@id\":\"https:\\\/\\\/www.eldigitaldeasturias.com\\\/noticias\\\/#postaladdress\",\"@type\":\"PostalAddress\",\"streetAddress\":\"san antonio 4,\",\"postalCode\":\"33430\",\"addressLocality\":\"Cand\\u00e1s\",\"addressRegion\":\"Asturias\",\"addressCountry\":\"ES\"}},{\"@type\":\"Person\",\"@id\":\"https:\\\/\\\/www.eldigitaldeasturias.com\\\/noticias\\\/author\\\/admin\\\/#author\",\"url\":\"https:\\\/\\\/www.eldigitaldeasturias.com\\\/noticias\\\/author\\\/admin\\\/\",\"name\":\"El Digital de Asturias\",\"image\":{\"@type\":\"ImageObject\",\"@id\":\"https:\\\/\\\/www.eldigitaldeasturias.com\\\/noticias\\\/una-agencia-organiza-un-viaje-del-artico-a-la-antartida-en-once-dias\\\/#authorImage\",\"url\":\"https:\\\/\\\/www.eldigitaldeasturias.com\\\/noticias\\\/wp-content\\\/litespeed\\\/avatar\\\/18677e78aa0546b92d9dbf31ec7d7668.jpg?ver=1777290358\",\"width\":96,\"height\":96,\"caption\":\"El Digital de Asturias\"}},{\"@type\":\"WebPage\",\"@id\":\"https:\\\/\\\/www.eldigitaldeasturias.com\\\/noticias\\\/una-agencia-organiza-un-viaje-del-artico-a-la-antartida-en-once-dias\\\/#webpage\",\"url\":\"https:\\\/\\\/www.eldigitaldeasturias.com\\\/noticias\\\/una-agencia-organiza-un-viaje-del-artico-a-la-antartida-en-once-dias\\\/\",\"name\":\"Una agencia organiza un viaje del \\u00c1rtico a la Ant\\u00e1rtida en once d\\u00edas - El Digital de Asturias\",\"description\":\"El viajero que lo desee podr\\u00e1 visitar el Polo Norte y el Polo sur en un exclusivo viaje de diez d\\u00edas organizado por la agencia brit\\u00e1nica Private Jet Tours que ofrece viajar del \\u00c1rtico a la Ant\\u00e1rtica en menos de dos semanas del 2 al 12 de enero de 2017. Los viajeros que desean visitar\",\"inLanguage\":\"es-ES\",\"isPartOf\":{\"@id\":\"https:\\\/\\\/www.eldigitaldeasturias.com\\\/noticias\\\/#website\"},\"breadcrumb\":{\"@id\":\"https:\\\/\\\/www.eldigitaldeasturias.com\\\/noticias\\\/una-agencia-organiza-un-viaje-del-artico-a-la-antartida-en-once-dias\\\/#breadcrumblist\"},\"author\":{\"@id\":\"https:\\\/\\\/www.eldigitaldeasturias.com\\\/noticias\\\/author\\\/admin\\\/#author\"},\"creator\":{\"@id\":\"https:\\\/\\\/www.eldigitaldeasturias.com\\\/noticias\\\/author\\\/admin\\\/#author\"},\"image\":{\"@type\":\"ImageObject\",\"url\":\"https:\\\/\\\/www.eldigitaldeasturias.com\\\/noticias\\\/wp-content\\\/uploads\\\/2016\\\/02\\\/fotonoticia_20160130115934_800.jpg\",\"@id\":\"https:\\\/\\\/www.eldigitaldeasturias.com\\\/noticias\\\/una-agencia-organiza-un-viaje-del-artico-a-la-antartida-en-once-dias\\\/#mainImage\",\"width\":800,\"height\":601},\"primaryImageOfPage\":{\"@id\":\"https:\\\/\\\/www.eldigitaldeasturias.com\\\/noticias\\\/una-agencia-organiza-un-viaje-del-artico-a-la-antartida-en-once-dias\\\/#mainImage\"},\"datePublished\":\"2016-02-03T15:08:11+01:00\",\"dateModified\":\"2016-02-03T15:08:11+01:00\"},{\"@type\":\"WebSite\",\"@id\":\"https:\\\/\\\/www.eldigitaldeasturias.com\\\/noticias\\\/#website\",\"url\":\"https:\\\/\\\/www.eldigitaldeasturias.com\\\/noticias\\\/\",\"name\":\"El Digital de Asturias - Diario de actualidad y noticias\",\"alternateName\":\"El Digital de Asturias - Diario de actualidad y noticias\",\"description\":\"Hemeroteca\",\"inLanguage\":\"es-ES\",\"publisher\":{\"@id\":\"https:\\\/\\\/www.eldigitaldeasturias.com\\\/noticias\\\/#organization\"}}]}\n\t\t<\/script>\n\t\t<!-- All in One SEO Pro -->\r\n\t\t<title>Una agencia organiza un viaje del \u00c1rtico a la Ant\u00e1rtida en once d\u00edas - El Digital de Asturias<\/title>\n\n","aioseo_head_json":{"title":"Una agencia organiza un viaje del \u00c1rtico a la Ant\u00e1rtida en once d\u00edas - El Digital de Asturias","description":"El viajero que lo desee podr\u00e1 visitar el Polo Norte y el Polo sur en un exclusivo viaje de diez d\u00edas organizado por la agencia brit\u00e1nica Private Jet Tours que ofrece viajar del \u00c1rtico a la Ant\u00e1rtica en menos de dos semanas del 2 al 12 de enero de 2017. Los viajeros que desean visitar","canonical_url":"https:\/\/www.eldigitaldeasturias.com\/noticias\/una-agencia-organiza-un-viaje-del-artico-a-la-antartida-en-once-dias\/","robots":"max-image-preview:large","keywords":"turismo","webmasterTools":{"google-site-verification":"UA-38556648-1","msvalidate.01":"7dfe9f3f1b24437ab69f4f2559babe99","miscellaneous":""},"schema":{"@context":"https:\/\/schema.org","@graph":[{"@type":"BlogPosting","@id":"https:\/\/www.eldigitaldeasturias.com\/noticias\/una-agencia-organiza-un-viaje-del-artico-a-la-antartida-en-once-dias\/#blogposting","name":"Una agencia organiza un viaje del \u00c1rtico a la Ant\u00e1rtida en once d\u00edas - El Digital de Asturias","headline":"Una agencia organiza un viaje del \u00c1rtico a la Ant\u00e1rtida en once d\u00edas","author":{"@id":"https:\/\/www.eldigitaldeasturias.com\/noticias\/author\/admin\/#author"},"publisher":{"@id":"https:\/\/www.eldigitaldeasturias.com\/noticias\/#organization"},"image":{"@type":"ImageObject","url":"https:\/\/www.eldigitaldeasturias.com\/noticias\/wp-content\/uploads\/2016\/02\/fotonoticia_20160130115934_800.jpg","width":800,"height":601},"datePublished":"2016-02-03T15:08:11+01:00","dateModified":"2016-02-03T15:08:11+01:00","inLanguage":"es-ES","mainEntityOfPage":{"@id":"https:\/\/www.eldigitaldeasturias.com\/noticias\/una-agencia-organiza-un-viaje-del-artico-a-la-antartida-en-once-dias\/#webpage"},"isPartOf":{"@id":"https:\/\/www.eldigitaldeasturias.com\/noticias\/una-agencia-organiza-un-viaje-del-artico-a-la-antartida-en-once-dias\/#webpage"},"articleSection":"Turismo"},{"@type":"BreadcrumbList","@id":"https:\/\/www.eldigitaldeasturias.com\/noticias\/una-agencia-organiza-un-viaje-del-artico-a-la-antartida-en-once-dias\/#breadcrumblist","itemListElement":[{"@type":"ListItem","@id":"https:\/\/www.eldigitaldeasturias.com\/noticias#listItem","position":1,"name":"Home","item":"https:\/\/www.eldigitaldeasturias.com\/noticias","nextItem":{"@type":"ListItem","@id":"https:\/\/www.eldigitaldeasturias.com\/noticias\/category\/turismo\/#listItem","name":"Turismo"}},{"@type":"ListItem","@id":"https:\/\/www.eldigitaldeasturias.com\/noticias\/category\/turismo\/#listItem","position":2,"name":"Turismo","item":"https:\/\/www.eldigitaldeasturias.com\/noticias\/category\/turismo\/","nextItem":{"@type":"ListItem","@id":"https:\/\/www.eldigitaldeasturias.com\/noticias\/una-agencia-organiza-un-viaje-del-artico-a-la-antartida-en-once-dias\/#listItem","name":"Una agencia organiza un viaje del \u00c1rtico a la Ant\u00e1rtida en once d\u00edas"},"previousItem":{"@type":"ListItem","@id":"https:\/\/www.eldigitaldeasturias.com\/noticias#listItem","name":"Home"}},{"@type":"ListItem","@id":"https:\/\/www.eldigitaldeasturias.com\/noticias\/una-agencia-organiza-un-viaje-del-artico-a-la-antartida-en-once-dias\/#listItem","position":3,"name":"Una agencia organiza un viaje del \u00c1rtico a la Ant\u00e1rtida en once d\u00edas","previousItem":{"@type":"ListItem","@id":"https:\/\/www.eldigitaldeasturias.com\/noticias\/category\/turismo\/#listItem","name":"Turismo"}}]},{"@type":"Organization","@id":"https:\/\/www.eldigitaldeasturias.com\/noticias\/#organization","name":"El Digital de Asturias","description":"Hemeroteca","url":"https:\/\/www.eldigitaldeasturias.com\/noticias\/","email":"info@eldigitaldeasturias.com","telephone":"+34652131393","logo":{"@type":"ImageObject","url":"https:\/\/www.eldigitaldeasturias.com\/noticias\/wp-content\/uploads\/2020\/12\/EDA.jpg","@id":"https:\/\/www.eldigitaldeasturias.com\/noticias\/una-agencia-organiza-un-viaje-del-artico-a-la-antartida-en-once-dias\/#organizationLogo","width":649,"height":297},"image":{"@id":"https:\/\/www.eldigitaldeasturias.com\/noticias\/una-agencia-organiza-un-viaje-del-artico-a-la-antartida-en-once-dias\/#organizationLogo"},"sameAs":["https:\/\/facebook.com\/eldigitaldeasturias","https:\/\/www.youtube.com\/channel\/UCZP-2wLEB9Rv6erhFmqVnvg"],"address":{"@id":"https:\/\/www.eldigitaldeasturias.com\/noticias\/#postaladdress","@type":"PostalAddress","streetAddress":"san antonio 4,","postalCode":"33430","addressLocality":"Cand\u00e1s","addressRegion":"Asturias","addressCountry":"ES"}},{"@type":"Person","@id":"https:\/\/www.eldigitaldeasturias.com\/noticias\/author\/admin\/#author","url":"https:\/\/www.eldigitaldeasturias.com\/noticias\/author\/admin\/","name":"El Digital de Asturias","image":{"@type":"ImageObject","@id":"https:\/\/www.eldigitaldeasturias.com\/noticias\/una-agencia-organiza-un-viaje-del-artico-a-la-antartida-en-once-dias\/#authorImage","url":"https:\/\/www.eldigitaldeasturias.com\/noticias\/wp-content\/litespeed\/avatar\/18677e78aa0546b92d9dbf31ec7d7668.jpg?ver=1777290358","width":96,"height":96,"caption":"El Digital de Asturias"}},{"@type":"WebPage","@id":"https:\/\/www.eldigitaldeasturias.com\/noticias\/una-agencia-organiza-un-viaje-del-artico-a-la-antartida-en-once-dias\/#webpage","url":"https:\/\/www.eldigitaldeasturias.com\/noticias\/una-agencia-organiza-un-viaje-del-artico-a-la-antartida-en-once-dias\/","name":"Una agencia organiza un viaje del \u00c1rtico a la Ant\u00e1rtida en once d\u00edas - El Digital de Asturias","description":"El viajero que lo desee podr\u00e1 visitar el Polo Norte y el Polo sur en un exclusivo viaje de diez d\u00edas organizado por la agencia brit\u00e1nica Private Jet Tours que ofrece viajar del \u00c1rtico a la Ant\u00e1rtica en menos de dos semanas del 2 al 12 de enero de 2017. Los viajeros que desean visitar","inLanguage":"es-ES","isPartOf":{"@id":"https:\/\/www.eldigitaldeasturias.com\/noticias\/#website"},"breadcrumb":{"@id":"https:\/\/www.eldigitaldeasturias.com\/noticias\/una-agencia-organiza-un-viaje-del-artico-a-la-antartida-en-once-dias\/#breadcrumblist"},"author":{"@id":"https:\/\/www.eldigitaldeasturias.com\/noticias\/author\/admin\/#author"},"creator":{"@id":"https:\/\/www.eldigitaldeasturias.com\/noticias\/author\/admin\/#author"},"image":{"@type":"ImageObject","url":"https:\/\/www.eldigitaldeasturias.com\/noticias\/wp-content\/uploads\/2016\/02\/fotonoticia_20160130115934_800.jpg","@id":"https:\/\/www.eldigitaldeasturias.com\/noticias\/una-agencia-organiza-un-viaje-del-artico-a-la-antartida-en-once-dias\/#mainImage","width":800,"height":601},"primaryImageOfPage":{"@id":"https:\/\/www.eldigitaldeasturias.com\/noticias\/una-agencia-organiza-un-viaje-del-artico-a-la-antartida-en-once-dias\/#mainImage"},"datePublished":"2016-02-03T15:08:11+01:00","dateModified":"2016-02-03T15:08:11+01:00"},{"@type":"WebSite","@id":"https:\/\/www.eldigitaldeasturias.com\/noticias\/#website","url":"https:\/\/www.eldigitaldeasturias.com\/noticias\/","name":"El Digital de Asturias - Diario de actualidad y noticias","alternateName":"El Digital de Asturias - Diario de actualidad y noticias","description":"Hemeroteca","inLanguage":"es-ES","publisher":{"@id":"https:\/\/www.eldigitaldeasturias.com\/noticias\/#organization"}}]},"og:locale":"es_ES","og:site_name":"El Digital de Asturias","og:type":"article","og:title":"Una agencia organiza un viaje del \u00c1rtico a la Ant\u00e1rtida en once d\u00edas - El Digital de Asturias","og:description":"El viajero que lo desee podr\u00e1 visitar el Polo Norte y el Polo sur en un exclusivo viaje de diez d\u00edas organizado por la agencia brit\u00e1nica Private Jet Tours que ofrece viajar del \u00c1rtico a la Ant\u00e1rtica en menos de dos semanas del 2 al 12 de enero de 2017. Los viajeros que desean visitar","og:url":"https:\/\/www.eldigitaldeasturias.com\/noticias\/una-agencia-organiza-un-viaje-del-artico-a-la-antartida-en-once-dias\/","og:image":"https:\/\/www.eldigitaldeasturias.com\/noticias\/wp-content\/uploads\/2016\/02\/fotonoticia_20160130115934_800.jpg","og:image:secure_url":"https:\/\/www.eldigitaldeasturias.com\/noticias\/wp-content\/uploads\/2016\/02\/fotonoticia_20160130115934_800.jpg","og:image:width":800,"og:image:height":601,"article:tag":["turismo"],"article:published_time":"2016-02-03T15:08:11+00:00","article:modified_time":"2016-02-03T15:08:11+00:00","article:publisher":"https:\/\/facebook.com\/eldigitaldeasturias","twitter:card":"summary_large_image","twitter:title":"Una agencia organiza un viaje del \u00c1rtico a la Ant\u00e1rtida en once d\u00edas - El Digital de Asturias","twitter:description":"El viajero que lo desee podr\u00e1 visitar el Polo Norte y el Polo sur en un exclusivo viaje de diez d\u00edas organizado por la agencia brit\u00e1nica Private Jet Tours que ofrece viajar del \u00c1rtico a la Ant\u00e1rtica en menos de dos semanas del 2 al 12 de enero de 2017. Los viajeros que desean visitar","twitter:image":"https:\/\/www.eldigitaldeasturias.com\/noticias\/wp-content\/uploads\/2016\/02\/fotonoticia_20160130115934_800.jpg","twitter:label1":"Escrito por","twitter:data1":"El Digital de Asturias","twitter:label2":"Tiempo de lectura estimado","twitter:data2":"2 minutos"},"aioseo_meta_data":{"post_id":"853355","title":null,"description":null,"keywords":null,"keyphrases":null,"primary_term":null,"canonical_url":null,"og_title":null,"og_description":null,"og_object_type":"default","og_image_type":"default","og_image_url":null,"og_image_width":null,"og_image_height":null,"og_image_custom_url":null,"og_image_custom_fields":null,"og_video":null,"og_custom_url":null,"og_article_section":null,"og_article_tags":null,"twitter_use_og":false,"twitter_card":"default","twitter_image_type":"default","twitter_image_url":null,"twitter_image_custom_url":null,"twitter_image_custom_fields":null,"twitter_title":null,"twitter_description":null,"schema":{"blockGraphs":[],"customGraphs":[],"default":{"data":{"Article":[],"Course":[],"Dataset":[],"FAQPage":[],"Movie":[],"Person":[],"Product":[],"ProductReview":[],"Car":[],"Recipe":[],"Service":[],"SoftwareApplication":[],"WebPage":[]},"graphName":"","isEnabled":true},"graphs":[],"defaultGraph":"","defaultPostTypeGraph":""},"schema_type":null,"schema_type_options":null,"pillar_content":false,"robots_default":true,"robots_noindex":false,"robots_noarchive":false,"robots_nosnippet":false,"robots_nofollow":false,"robots_noimageindex":false,"robots_noodp":false,"robots_notranslate":false,"robots_max_snippet":null,"robots_max_videopreview":null,"robots_max_imagepreview":"large","priority":null,"frequency":null,"local_seo":null,"seo_analyzer_scan_date":"2025-12-09 17:45:11","breadcrumb_settings":null,"limit_modified_date":false,"open_ai":null,"ai":null,"created":"2021-01-23 14:08:12","updated":"2025-12-09 17:45:11"},"aioseo_breadcrumb":"<div class=\"aioseo-breadcrumbs\"><span class=\"aioseo-breadcrumb\">\n\t<a href=\"https:\/\/www.eldigitaldeasturias.com\/noticias\" title=\"Home\">Home<\/a>\n<\/span><span class=\"aioseo-breadcrumb-separator\">\u2013<\/span><span class=\"aioseo-breadcrumb\">\n\t<a href=\"https:\/\/www.eldigitaldeasturias.com\/noticias\/category\/turismo\/\" title=\"Turismo\">Turismo<\/a>\n<\/span><span class=\"aioseo-breadcrumb-separator\">\u2013<\/span><span class=\"aioseo-breadcrumb\">\n\t<a href=\"https:\/\/www.eldigitaldeasturias.com\/noticias\/una-agencia-organiza-un-viaje-del-artico-a-la-antartida-en-once-dias\/\" title=\"Una agencia organiza un viaje del \u00c1rtico a la Ant\u00e1rtida en once d\u00edas\">Una agencia organiza un viaje del \u00c1rtico a la Ant\u00e1rtida en once d\u00edas<\/a>\n<\/span><\/div>","aioseo_breadcrumb_json":[{"label":"Home","link":"https:\/\/www.eldigitaldeasturias.com\/noticias"},{"label":"Turismo","link":"https:\/\/www.eldigitaldeasturias.com\/noticias\/category\/turismo\/"},{"label":"Una agencia organiza un viaje del \u00c1rtico a la Ant\u00e1rtida en once d\u00edas","link":"https:\/\/www.eldigitaldeasturias.com\/noticias\/una-agencia-organiza-un-viaje-del-artico-a-la-antartida-en-once-dias\/"}],"_links":{"self":[{"href":"https:\/\/www.eldigitaldeasturias.com\/noticias\/wp-json\/wp\/v2\/posts\/853355","targetHints":{"allow":["GET"]}}],"collection":[{"href":"https:\/\/www.eldigitaldeasturias.com\/noticias\/wp-json\/wp\/v2\/posts"}],"about":[{"href":"https:\/\/www.eldigitaldeasturias.com\/noticias\/wp-json\/wp\/v2\/types\/post"}],"author":[{"embeddable":true,"href":"https:\/\/www.eldigitaldeasturias.com\/noticias\/wp-json\/wp\/v2\/users\/1"}],"replies":[{"embeddable":true,"href":"https:\/\/www.eldigitaldeasturias.com\/noticias\/wp-json\/wp\/v2\/comments?post=853355"}],"version-history":[{"count":0,"href":"https:\/\/www.eldigitaldeasturias.com\/noticias\/wp-json\/wp\/v2\/posts\/853355\/revisions"}],"wp:featuredmedia":[{"embeddable":true,"href":"https:\/\/www.eldigitaldeasturias.com\/noticias\/wp-json\/wp\/v2\/media\/853356"}],"wp:attachment":[{"href":"https:\/\/www.eldigitaldeasturias.com\/noticias\/wp-json\/wp\/v2\/media?parent=853355"}],"wp:term":[{"taxonomy":"category","embeddable":true,"href":"https:\/\/www.eldigitaldeasturias.com\/noticias\/wp-json\/wp\/v2\/categories?post=853355"},{"taxonomy":"post_tag","embeddable":true,"href":"https:\/\/www.eldigitaldeasturias.com\/noticias\/wp-json\/wp\/v2\/tags?post=853355"}],"curies":[{"name":"wp","href":"https:\/\/api.w.org\/{rel}","templated":true}]}}