{"id":853343,"date":"2016-02-03T15:00:36","date_gmt":"2016-02-03T15:00:36","guid":{"rendered":"http:\/\/www.eldigitaldeasturias.com\/noticias\/?p=853343"},"modified":"2016-02-03T15:00:36","modified_gmt":"2016-02-03T15:00:36","slug":"bruselas-asegura-que-las-emisiones-de-co2-del-sector-aereo-creceran-un-45-hasta-2035","status":"publish","type":"post","link":"https:\/\/www.eldigitaldeasturias.com\/noticias\/bruselas-asegura-que-las-emisiones-de-co2-del-sector-aereo-creceran-un-45-hasta-2035\/","title":{"rendered":"Bruselas asegura que las emisiones de CO2 del sector a\u00e9reo crecer\u00e1n un 45% hasta 2035"},"content":{"rendered":"<p><img loading=\"lazy\" decoding=\"async\" class=\"alignleft size-medium wp-image-853344\" src=\"https:\/\/www.eldigitaldeasturias.com\/noticias\/wp-content\/uploads\/2016\/02\/fotonoticia_20160129192445_800-360x244.jpg\" alt=\"fotonoticia_20160129192445_800\" width=\"360\" height=\"244\" srcset=\"https:\/\/www.eldigitaldeasturias.com\/noticias\/wp-content\/uploads\/2016\/02\/fotonoticia_20160129192445_800-360x244.jpg 360w, https:\/\/www.eldigitaldeasturias.com\/noticias\/wp-content\/uploads\/2016\/02\/fotonoticia_20160129192445_800-768x520.jpg 768w, https:\/\/www.eldigitaldeasturias.com\/noticias\/wp-content\/uploads\/2016\/02\/fotonoticia_20160129192445_800-650x440.jpg 650w, https:\/\/www.eldigitaldeasturias.com\/noticias\/wp-content\/uploads\/2016\/02\/fotonoticia_20160129192445_800-260x175.jpg 260w, https:\/\/www.eldigitaldeasturias.com\/noticias\/wp-content\/uploads\/2016\/02\/fotonoticia_20160129192445_800-49x32.jpg 49w, https:\/\/www.eldigitaldeasturias.com\/noticias\/wp-content\/uploads\/2016\/02\/fotonoticia_20160129192445_800.jpg 800w\" sizes=\"auto, (max-width: 360px) 100vw, 360px\" \/>La Comisi\u00f3n Europea ha publicado este viernes su primer informe medioambiental sobre transporte a\u00e9reo en la Uni\u00f3n Europea, en el que destaca que las emisiones de di\u00f3xido de carbono (CO2) se incrementaron un 80% entre 1990 y 2014 y que crecer\u00e1n un 45% hasta 2035.<\/p>\n<p>El Ejecutivo comunitario ha elaborado este informe en colaboraci\u00f3n con la Agencia Europea de Seguridad A\u00e9rea (EASA), la Agencia Europea de Medio Ambiente (EEA) y Eurocontrol, con el objetivo e obtener informaci\u00f3n objetiva sobre cuestiones como el CO2, los \u00f3xidos de nitr\u00f3geno (NOx) y el ruido.<\/p>\n<p>En este sentido, el informe tambi\u00e9n subraya que las emisiones de NOx se doblaron entre 1990 y 2014, mientras que prev\u00e9 un crecimiento de las mismas del 43% hasta 2035.<\/p>\n<p>En cualquier caso, el estudio tambi\u00e9n apunta que las emisiones y la exposici\u00f3n al ruido de 2014 se manten\u00edan en niveles de 2005, debido a factores como las mejoras tecnol\u00f3gicas, la renovaci\u00f3n de la flota, una mayor eficiencia de la gesti\u00f3n del tr\u00e1fico y la crisis financiera.<\/p>\n<p>Por otro lado, un total de 2,5 millones de personas estaban expuestas en 2014 a contaminaci\u00f3n ac\u00fastica provocada por los 45 aeropuertos europeos m\u00e1s grandes, y la previsi\u00f3n es que esta cifra aumente un 15% en los pr\u00f3ximos veinte a\u00f1os.<\/p>\n<p>La Comisi\u00f3n Europea reconoce que la asimilaci\u00f3n de combustibles sostenibles en la aviaci\u00f3n es \u00abmuy lenta\u00bb, aunque asume que jugar\u00e1n un papel importante en la reducci\u00f3n de las emisiones de gases de efecto invernadero en el futuro.<\/p>\n<p>Finalmente, el Ejecutivo comunitario explica aunque los vuelos europeos comerciales ya han probado el uso de combustibles alternativos, se espera que la producci\u00f3n regular de los mismos sea \u00abmuy limitada\u00bb, por lo que es \u00abimprobable\u00bb cumplir el objetivo marcado para 2020 de alcanzar una tasa de producci\u00f3n anual de biocombustibles para la aviaci\u00f3n civil.<\/p>\n","protected":false},"excerpt":{"rendered":"<p>La Comisi\u00f3n Europea ha publicado este viernes su primer informe medioambiental sobre transporte a\u00e9reo en la Uni\u00f3n Europea, en el que destaca que las emisiones de di\u00f3xido de carbono (CO2) se incrementaron un 80% entre 1990 y 2014 y que crecer\u00e1n un 45% hasta 2035. El Ejecutivo comunitario ha elaborado este informe en colaboraci\u00f3n con [&hellip;]<\/p>\n","protected":false},"author":1,"featured_media":853344,"comment_status":"closed","ping_status":"closed","sticky":false,"template":"","format":"standard","meta":{"footnotes":""},"categories":[28],"tags":[],"class_list":["post-853343","post","type-post","status-publish","format-standard","has-post-thumbnail","hentry","category-sociedad"],"aioseo_notices":[],"aioseo_head":"\n\t\t<!-- All in One SEO Pro 4.9.6.2 - aioseo.com -->\n\t<meta name=\"description\" content=\"La Comisi\u00f3n Europea ha publicado este viernes su primer informe medioambiental sobre transporte a\u00e9reo en la Uni\u00f3n Europea, en el que destaca que las emisiones de di\u00f3xido de carbono (CO2) se incrementaron un 80% entre 1990 y 2014 y que crecer\u00e1n un 45% hasta 2035. El Ejecutivo comunitario ha elaborado este informe en colaboraci\u00f3n con\" \/>\n\t<meta name=\"robots\" content=\"max-image-preview:large\" \/>\n\t<meta name=\"author\" content=\"El Digital de Asturias\"\/>\n\t<meta name=\"google-site-verification\" content=\"UA-38556648-1\" \/>\n\t<meta name=\"msvalidate.01\" content=\"7dfe9f3f1b24437ab69f4f2559babe99\" \/>\n\t<meta name=\"keywords\" content=\"sociedad\" \/>\n\t<link rel=\"canonical\" href=\"https:\/\/www.eldigitaldeasturias.com\/noticias\/bruselas-asegura-que-las-emisiones-de-co2-del-sector-aereo-creceran-un-45-hasta-2035\/\" \/>\n\t<meta name=\"generator\" content=\"All in One SEO Pro (AIOSEO) 4.9.6.2\" \/>\n\t\t<meta property=\"og:locale\" content=\"es_ES\" \/>\n\t\t<meta property=\"og:site_name\" content=\"El Digital de Asturias\" \/>\n\t\t<meta property=\"og:type\" content=\"article\" \/>\n\t\t<meta property=\"og:title\" content=\"Bruselas asegura que las emisiones de CO2 del sector a\u00e9reo crecer\u00e1n un 45% hasta 2035 - El Digital de Asturias\" \/>\n\t\t<meta property=\"og:description\" content=\"La Comisi\u00f3n Europea ha publicado este viernes su primer informe medioambiental sobre transporte a\u00e9reo en la Uni\u00f3n Europea, en el que destaca que las emisiones de di\u00f3xido de carbono (CO2) se incrementaron un 80% entre 1990 y 2014 y que crecer\u00e1n un 45% hasta 2035. El Ejecutivo comunitario ha elaborado este informe en colaboraci\u00f3n con\" \/>\n\t\t<meta property=\"og:url\" content=\"https:\/\/www.eldigitaldeasturias.com\/noticias\/bruselas-asegura-que-las-emisiones-de-co2-del-sector-aereo-creceran-un-45-hasta-2035\/\" \/>\n\t\t<meta property=\"og:image\" content=\"https:\/\/www.eldigitaldeasturias.com\/noticias\/wp-content\/uploads\/2016\/02\/fotonoticia_20160129192445_800.jpg\" \/>\n\t\t<meta property=\"og:image:secure_url\" content=\"https:\/\/www.eldigitaldeasturias.com\/noticias\/wp-content\/uploads\/2016\/02\/fotonoticia_20160129192445_800.jpg\" \/>\n\t\t<meta property=\"og:image:width\" content=\"800\" \/>\n\t\t<meta property=\"og:image:height\" content=\"542\" \/>\n\t\t<meta property=\"article:tag\" content=\"sociedad\" \/>\n\t\t<meta property=\"article:published_time\" content=\"2016-02-03T15:00:36+00:00\" \/>\n\t\t<meta property=\"article:modified_time\" content=\"2016-02-03T15:00:36+00:00\" \/>\n\t\t<meta property=\"article:publisher\" content=\"https:\/\/facebook.com\/eldigitaldeasturias\" \/>\n\t\t<meta name=\"twitter:card\" content=\"summary_large_image\" \/>\n\t\t<meta name=\"twitter:title\" content=\"Bruselas asegura que las emisiones de CO2 del sector a\u00e9reo crecer\u00e1n un 45% hasta 2035 - El Digital de Asturias\" \/>\n\t\t<meta name=\"twitter:description\" content=\"La Comisi\u00f3n Europea ha publicado este viernes su primer informe medioambiental sobre transporte a\u00e9reo en la Uni\u00f3n Europea, en el que destaca que las emisiones de di\u00f3xido de carbono (CO2) se incrementaron un 80% entre 1990 y 2014 y que crecer\u00e1n un 45% hasta 2035. El Ejecutivo comunitario ha elaborado este informe en colaboraci\u00f3n con\" \/>\n\t\t<meta name=\"twitter:image\" content=\"https:\/\/www.eldigitaldeasturias.com\/noticias\/wp-content\/uploads\/2016\/02\/fotonoticia_20160129192445_800.jpg\" \/>\n\t\t<meta name=\"twitter:label1\" content=\"Escrito por\" \/>\n\t\t<meta name=\"twitter:data1\" content=\"El Digital de Asturias\" \/>\n\t\t<meta name=\"twitter:label2\" content=\"Tiempo de lectura estimado\" \/>\n\t\t<meta name=\"twitter:data2\" content=\"2 minutos\" \/>\n\t\t<script type=\"application\/ld+json\" class=\"aioseo-schema\">\n\t\t\t{\"@context\":\"https:\\\/\\\/schema.org\",\"@graph\":[{\"@type\":\"BlogPosting\",\"@id\":\"https:\\\/\\\/www.eldigitaldeasturias.com\\\/noticias\\\/bruselas-asegura-que-las-emisiones-de-co2-del-sector-aereo-creceran-un-45-hasta-2035\\\/#blogposting\",\"name\":\"Bruselas asegura que las emisiones de CO2 del sector a\\u00e9reo crecer\\u00e1n un 45% hasta 2035 - El Digital de Asturias\",\"headline\":\"Bruselas asegura que las emisiones de CO2 del sector a\\u00e9reo crecer\\u00e1n un 45% hasta 2035\",\"author\":{\"@id\":\"https:\\\/\\\/www.eldigitaldeasturias.com\\\/noticias\\\/author\\\/admin\\\/#author\"},\"publisher\":{\"@id\":\"https:\\\/\\\/www.eldigitaldeasturias.com\\\/noticias\\\/#organization\"},\"image\":{\"@type\":\"ImageObject\",\"url\":\"https:\\\/\\\/www.eldigitaldeasturias.com\\\/noticias\\\/wp-content\\\/uploads\\\/2016\\\/02\\\/fotonoticia_20160129192445_800.jpg\",\"width\":800,\"height\":542},\"datePublished\":\"2016-02-03T15:00:36+01:00\",\"dateModified\":\"2016-02-03T15:00:36+01:00\",\"inLanguage\":\"es-ES\",\"mainEntityOfPage\":{\"@id\":\"https:\\\/\\\/www.eldigitaldeasturias.com\\\/noticias\\\/bruselas-asegura-que-las-emisiones-de-co2-del-sector-aereo-creceran-un-45-hasta-2035\\\/#webpage\"},\"isPartOf\":{\"@id\":\"https:\\\/\\\/www.eldigitaldeasturias.com\\\/noticias\\\/bruselas-asegura-que-las-emisiones-de-co2-del-sector-aereo-creceran-un-45-hasta-2035\\\/#webpage\"},\"articleSection\":\"Sociedad\"},{\"@type\":\"BreadcrumbList\",\"@id\":\"https:\\\/\\\/www.eldigitaldeasturias.com\\\/noticias\\\/bruselas-asegura-que-las-emisiones-de-co2-del-sector-aereo-creceran-un-45-hasta-2035\\\/#breadcrumblist\",\"itemListElement\":[{\"@type\":\"ListItem\",\"@id\":\"https:\\\/\\\/www.eldigitaldeasturias.com\\\/noticias#listItem\",\"position\":1,\"name\":\"Home\",\"item\":\"https:\\\/\\\/www.eldigitaldeasturias.com\\\/noticias\",\"nextItem\":{\"@type\":\"ListItem\",\"@id\":\"https:\\\/\\\/www.eldigitaldeasturias.com\\\/noticias\\\/category\\\/sociedad\\\/#listItem\",\"name\":\"Sociedad\"}},{\"@type\":\"ListItem\",\"@id\":\"https:\\\/\\\/www.eldigitaldeasturias.com\\\/noticias\\\/category\\\/sociedad\\\/#listItem\",\"position\":2,\"name\":\"Sociedad\",\"item\":\"https:\\\/\\\/www.eldigitaldeasturias.com\\\/noticias\\\/category\\\/sociedad\\\/\",\"nextItem\":{\"@type\":\"ListItem\",\"@id\":\"https:\\\/\\\/www.eldigitaldeasturias.com\\\/noticias\\\/bruselas-asegura-que-las-emisiones-de-co2-del-sector-aereo-creceran-un-45-hasta-2035\\\/#listItem\",\"name\":\"Bruselas asegura que las emisiones de CO2 del sector a\\u00e9reo crecer\\u00e1n un 45% hasta 2035\"},\"previousItem\":{\"@type\":\"ListItem\",\"@id\":\"https:\\\/\\\/www.eldigitaldeasturias.com\\\/noticias#listItem\",\"name\":\"Home\"}},{\"@type\":\"ListItem\",\"@id\":\"https:\\\/\\\/www.eldigitaldeasturias.com\\\/noticias\\\/bruselas-asegura-que-las-emisiones-de-co2-del-sector-aereo-creceran-un-45-hasta-2035\\\/#listItem\",\"position\":3,\"name\":\"Bruselas asegura que las emisiones de CO2 del sector a\\u00e9reo crecer\\u00e1n un 45% hasta 2035\",\"previousItem\":{\"@type\":\"ListItem\",\"@id\":\"https:\\\/\\\/www.eldigitaldeasturias.com\\\/noticias\\\/category\\\/sociedad\\\/#listItem\",\"name\":\"Sociedad\"}}]},{\"@type\":\"Organization\",\"@id\":\"https:\\\/\\\/www.eldigitaldeasturias.com\\\/noticias\\\/#organization\",\"name\":\"El Digital de Asturias\",\"description\":\"Hemeroteca\",\"url\":\"https:\\\/\\\/www.eldigitaldeasturias.com\\\/noticias\\\/\",\"email\":\"info@eldigitaldeasturias.com\",\"telephone\":\"+34652131393\",\"logo\":{\"@type\":\"ImageObject\",\"url\":\"https:\\\/\\\/www.eldigitaldeasturias.com\\\/noticias\\\/wp-content\\\/uploads\\\/2020\\\/12\\\/EDA.jpg\",\"@id\":\"https:\\\/\\\/www.eldigitaldeasturias.com\\\/noticias\\\/bruselas-asegura-que-las-emisiones-de-co2-del-sector-aereo-creceran-un-45-hasta-2035\\\/#organizationLogo\",\"width\":649,\"height\":297},\"image\":{\"@id\":\"https:\\\/\\\/www.eldigitaldeasturias.com\\\/noticias\\\/bruselas-asegura-que-las-emisiones-de-co2-del-sector-aereo-creceran-un-45-hasta-2035\\\/#organizationLogo\"},\"sameAs\":[\"https:\\\/\\\/facebook.com\\\/eldigitaldeasturias\",\"https:\\\/\\\/www.youtube.com\\\/channel\\\/UCZP-2wLEB9Rv6erhFmqVnvg\"],\"address\":{\"@id\":\"https:\\\/\\\/www.eldigitaldeasturias.com\\\/noticias\\\/#postaladdress\",\"@type\":\"PostalAddress\",\"streetAddress\":\"san antonio 4,\",\"postalCode\":\"33430\",\"addressLocality\":\"Cand\\u00e1s\",\"addressRegion\":\"Asturias\",\"addressCountry\":\"ES\"}},{\"@type\":\"Person\",\"@id\":\"https:\\\/\\\/www.eldigitaldeasturias.com\\\/noticias\\\/author\\\/admin\\\/#author\",\"url\":\"https:\\\/\\\/www.eldigitaldeasturias.com\\\/noticias\\\/author\\\/admin\\\/\",\"name\":\"El Digital de Asturias\",\"image\":{\"@type\":\"ImageObject\",\"@id\":\"https:\\\/\\\/www.eldigitaldeasturias.com\\\/noticias\\\/bruselas-asegura-que-las-emisiones-de-co2-del-sector-aereo-creceran-un-45-hasta-2035\\\/#authorImage\",\"url\":\"https:\\\/\\\/www.eldigitaldeasturias.com\\\/noticias\\\/wp-content\\\/litespeed\\\/avatar\\\/18677e78aa0546b92d9dbf31ec7d7668.jpg?ver=1777290358\",\"width\":96,\"height\":96,\"caption\":\"El Digital de Asturias\"}},{\"@type\":\"WebPage\",\"@id\":\"https:\\\/\\\/www.eldigitaldeasturias.com\\\/noticias\\\/bruselas-asegura-que-las-emisiones-de-co2-del-sector-aereo-creceran-un-45-hasta-2035\\\/#webpage\",\"url\":\"https:\\\/\\\/www.eldigitaldeasturias.com\\\/noticias\\\/bruselas-asegura-que-las-emisiones-de-co2-del-sector-aereo-creceran-un-45-hasta-2035\\\/\",\"name\":\"Bruselas asegura que las emisiones de CO2 del sector a\\u00e9reo crecer\\u00e1n un 45% hasta 2035 - El Digital de Asturias\",\"description\":\"La Comisi\\u00f3n Europea ha publicado este viernes su primer informe medioambiental sobre transporte a\\u00e9reo en la Uni\\u00f3n Europea, en el que destaca que las emisiones de di\\u00f3xido de carbono (CO2) se incrementaron un 80% entre 1990 y 2014 y que crecer\\u00e1n un 45% hasta 2035. El Ejecutivo comunitario ha elaborado este informe en colaboraci\\u00f3n con\",\"inLanguage\":\"es-ES\",\"isPartOf\":{\"@id\":\"https:\\\/\\\/www.eldigitaldeasturias.com\\\/noticias\\\/#website\"},\"breadcrumb\":{\"@id\":\"https:\\\/\\\/www.eldigitaldeasturias.com\\\/noticias\\\/bruselas-asegura-que-las-emisiones-de-co2-del-sector-aereo-creceran-un-45-hasta-2035\\\/#breadcrumblist\"},\"author\":{\"@id\":\"https:\\\/\\\/www.eldigitaldeasturias.com\\\/noticias\\\/author\\\/admin\\\/#author\"},\"creator\":{\"@id\":\"https:\\\/\\\/www.eldigitaldeasturias.com\\\/noticias\\\/author\\\/admin\\\/#author\"},\"image\":{\"@type\":\"ImageObject\",\"url\":\"https:\\\/\\\/www.eldigitaldeasturias.com\\\/noticias\\\/wp-content\\\/uploads\\\/2016\\\/02\\\/fotonoticia_20160129192445_800.jpg\",\"@id\":\"https:\\\/\\\/www.eldigitaldeasturias.com\\\/noticias\\\/bruselas-asegura-que-las-emisiones-de-co2-del-sector-aereo-creceran-un-45-hasta-2035\\\/#mainImage\",\"width\":800,\"height\":542},\"primaryImageOfPage\":{\"@id\":\"https:\\\/\\\/www.eldigitaldeasturias.com\\\/noticias\\\/bruselas-asegura-que-las-emisiones-de-co2-del-sector-aereo-creceran-un-45-hasta-2035\\\/#mainImage\"},\"datePublished\":\"2016-02-03T15:00:36+01:00\",\"dateModified\":\"2016-02-03T15:00:36+01:00\"},{\"@type\":\"WebSite\",\"@id\":\"https:\\\/\\\/www.eldigitaldeasturias.com\\\/noticias\\\/#website\",\"url\":\"https:\\\/\\\/www.eldigitaldeasturias.com\\\/noticias\\\/\",\"name\":\"El Digital de Asturias - Diario de actualidad y noticias\",\"alternateName\":\"El Digital de Asturias - Diario de actualidad y noticias\",\"description\":\"Hemeroteca\",\"inLanguage\":\"es-ES\",\"publisher\":{\"@id\":\"https:\\\/\\\/www.eldigitaldeasturias.com\\\/noticias\\\/#organization\"}}]}\n\t\t<\/script>\n\t\t<!-- All in One SEO Pro -->\r\n\t\t<title>Bruselas asegura que las emisiones de CO2 del sector a\u00e9reo crecer\u00e1n un 45% hasta 2035 - El Digital de Asturias<\/title>\n\n","aioseo_head_json":{"title":"Bruselas asegura que las emisiones de CO2 del sector a\u00e9reo crecer\u00e1n un 45% hasta 2035 - El Digital de Asturias","description":"La Comisi\u00f3n Europea ha publicado este viernes su primer informe medioambiental sobre transporte a\u00e9reo en la Uni\u00f3n Europea, en el que destaca que las emisiones de di\u00f3xido de carbono (CO2) se incrementaron un 80% entre 1990 y 2014 y que crecer\u00e1n un 45% hasta 2035. El Ejecutivo comunitario ha elaborado este informe en colaboraci\u00f3n con","canonical_url":"https:\/\/www.eldigitaldeasturias.com\/noticias\/bruselas-asegura-que-las-emisiones-de-co2-del-sector-aereo-creceran-un-45-hasta-2035\/","robots":"max-image-preview:large","keywords":"sociedad","webmasterTools":{"google-site-verification":"UA-38556648-1","msvalidate.01":"7dfe9f3f1b24437ab69f4f2559babe99","miscellaneous":""},"schema":{"@context":"https:\/\/schema.org","@graph":[{"@type":"BlogPosting","@id":"https:\/\/www.eldigitaldeasturias.com\/noticias\/bruselas-asegura-que-las-emisiones-de-co2-del-sector-aereo-creceran-un-45-hasta-2035\/#blogposting","name":"Bruselas asegura que las emisiones de CO2 del sector a\u00e9reo crecer\u00e1n un 45% hasta 2035 - El Digital de Asturias","headline":"Bruselas asegura que las emisiones de CO2 del sector a\u00e9reo crecer\u00e1n un 45% hasta 2035","author":{"@id":"https:\/\/www.eldigitaldeasturias.com\/noticias\/author\/admin\/#author"},"publisher":{"@id":"https:\/\/www.eldigitaldeasturias.com\/noticias\/#organization"},"image":{"@type":"ImageObject","url":"https:\/\/www.eldigitaldeasturias.com\/noticias\/wp-content\/uploads\/2016\/02\/fotonoticia_20160129192445_800.jpg","width":800,"height":542},"datePublished":"2016-02-03T15:00:36+01:00","dateModified":"2016-02-03T15:00:36+01:00","inLanguage":"es-ES","mainEntityOfPage":{"@id":"https:\/\/www.eldigitaldeasturias.com\/noticias\/bruselas-asegura-que-las-emisiones-de-co2-del-sector-aereo-creceran-un-45-hasta-2035\/#webpage"},"isPartOf":{"@id":"https:\/\/www.eldigitaldeasturias.com\/noticias\/bruselas-asegura-que-las-emisiones-de-co2-del-sector-aereo-creceran-un-45-hasta-2035\/#webpage"},"articleSection":"Sociedad"},{"@type":"BreadcrumbList","@id":"https:\/\/www.eldigitaldeasturias.com\/noticias\/bruselas-asegura-que-las-emisiones-de-co2-del-sector-aereo-creceran-un-45-hasta-2035\/#breadcrumblist","itemListElement":[{"@type":"ListItem","@id":"https:\/\/www.eldigitaldeasturias.com\/noticias#listItem","position":1,"name":"Home","item":"https:\/\/www.eldigitaldeasturias.com\/noticias","nextItem":{"@type":"ListItem","@id":"https:\/\/www.eldigitaldeasturias.com\/noticias\/category\/sociedad\/#listItem","name":"Sociedad"}},{"@type":"ListItem","@id":"https:\/\/www.eldigitaldeasturias.com\/noticias\/category\/sociedad\/#listItem","position":2,"name":"Sociedad","item":"https:\/\/www.eldigitaldeasturias.com\/noticias\/category\/sociedad\/","nextItem":{"@type":"ListItem","@id":"https:\/\/www.eldigitaldeasturias.com\/noticias\/bruselas-asegura-que-las-emisiones-de-co2-del-sector-aereo-creceran-un-45-hasta-2035\/#listItem","name":"Bruselas asegura que las emisiones de CO2 del sector a\u00e9reo crecer\u00e1n un 45% hasta 2035"},"previousItem":{"@type":"ListItem","@id":"https:\/\/www.eldigitaldeasturias.com\/noticias#listItem","name":"Home"}},{"@type":"ListItem","@id":"https:\/\/www.eldigitaldeasturias.com\/noticias\/bruselas-asegura-que-las-emisiones-de-co2-del-sector-aereo-creceran-un-45-hasta-2035\/#listItem","position":3,"name":"Bruselas asegura que las emisiones de CO2 del sector a\u00e9reo crecer\u00e1n un 45% hasta 2035","previousItem":{"@type":"ListItem","@id":"https:\/\/www.eldigitaldeasturias.com\/noticias\/category\/sociedad\/#listItem","name":"Sociedad"}}]},{"@type":"Organization","@id":"https:\/\/www.eldigitaldeasturias.com\/noticias\/#organization","name":"El Digital de Asturias","description":"Hemeroteca","url":"https:\/\/www.eldigitaldeasturias.com\/noticias\/","email":"info@eldigitaldeasturias.com","telephone":"+34652131393","logo":{"@type":"ImageObject","url":"https:\/\/www.eldigitaldeasturias.com\/noticias\/wp-content\/uploads\/2020\/12\/EDA.jpg","@id":"https:\/\/www.eldigitaldeasturias.com\/noticias\/bruselas-asegura-que-las-emisiones-de-co2-del-sector-aereo-creceran-un-45-hasta-2035\/#organizationLogo","width":649,"height":297},"image":{"@id":"https:\/\/www.eldigitaldeasturias.com\/noticias\/bruselas-asegura-que-las-emisiones-de-co2-del-sector-aereo-creceran-un-45-hasta-2035\/#organizationLogo"},"sameAs":["https:\/\/facebook.com\/eldigitaldeasturias","https:\/\/www.youtube.com\/channel\/UCZP-2wLEB9Rv6erhFmqVnvg"],"address":{"@id":"https:\/\/www.eldigitaldeasturias.com\/noticias\/#postaladdress","@type":"PostalAddress","streetAddress":"san antonio 4,","postalCode":"33430","addressLocality":"Cand\u00e1s","addressRegion":"Asturias","addressCountry":"ES"}},{"@type":"Person","@id":"https:\/\/www.eldigitaldeasturias.com\/noticias\/author\/admin\/#author","url":"https:\/\/www.eldigitaldeasturias.com\/noticias\/author\/admin\/","name":"El Digital de Asturias","image":{"@type":"ImageObject","@id":"https:\/\/www.eldigitaldeasturias.com\/noticias\/bruselas-asegura-que-las-emisiones-de-co2-del-sector-aereo-creceran-un-45-hasta-2035\/#authorImage","url":"https:\/\/www.eldigitaldeasturias.com\/noticias\/wp-content\/litespeed\/avatar\/18677e78aa0546b92d9dbf31ec7d7668.jpg?ver=1777290358","width":96,"height":96,"caption":"El Digital de Asturias"}},{"@type":"WebPage","@id":"https:\/\/www.eldigitaldeasturias.com\/noticias\/bruselas-asegura-que-las-emisiones-de-co2-del-sector-aereo-creceran-un-45-hasta-2035\/#webpage","url":"https:\/\/www.eldigitaldeasturias.com\/noticias\/bruselas-asegura-que-las-emisiones-de-co2-del-sector-aereo-creceran-un-45-hasta-2035\/","name":"Bruselas asegura que las emisiones de CO2 del sector a\u00e9reo crecer\u00e1n un 45% hasta 2035 - El Digital de Asturias","description":"La Comisi\u00f3n Europea ha publicado este viernes su primer informe medioambiental sobre transporte a\u00e9reo en la Uni\u00f3n Europea, en el que destaca que las emisiones de di\u00f3xido de carbono (CO2) se incrementaron un 80% entre 1990 y 2014 y que crecer\u00e1n un 45% hasta 2035. El Ejecutivo comunitario ha elaborado este informe en colaboraci\u00f3n con","inLanguage":"es-ES","isPartOf":{"@id":"https:\/\/www.eldigitaldeasturias.com\/noticias\/#website"},"breadcrumb":{"@id":"https:\/\/www.eldigitaldeasturias.com\/noticias\/bruselas-asegura-que-las-emisiones-de-co2-del-sector-aereo-creceran-un-45-hasta-2035\/#breadcrumblist"},"author":{"@id":"https:\/\/www.eldigitaldeasturias.com\/noticias\/author\/admin\/#author"},"creator":{"@id":"https:\/\/www.eldigitaldeasturias.com\/noticias\/author\/admin\/#author"},"image":{"@type":"ImageObject","url":"https:\/\/www.eldigitaldeasturias.com\/noticias\/wp-content\/uploads\/2016\/02\/fotonoticia_20160129192445_800.jpg","@id":"https:\/\/www.eldigitaldeasturias.com\/noticias\/bruselas-asegura-que-las-emisiones-de-co2-del-sector-aereo-creceran-un-45-hasta-2035\/#mainImage","width":800,"height":542},"primaryImageOfPage":{"@id":"https:\/\/www.eldigitaldeasturias.com\/noticias\/bruselas-asegura-que-las-emisiones-de-co2-del-sector-aereo-creceran-un-45-hasta-2035\/#mainImage"},"datePublished":"2016-02-03T15:00:36+01:00","dateModified":"2016-02-03T15:00:36+01:00"},{"@type":"WebSite","@id":"https:\/\/www.eldigitaldeasturias.com\/noticias\/#website","url":"https:\/\/www.eldigitaldeasturias.com\/noticias\/","name":"El Digital de Asturias - Diario de actualidad y noticias","alternateName":"El Digital de Asturias - Diario de actualidad y noticias","description":"Hemeroteca","inLanguage":"es-ES","publisher":{"@id":"https:\/\/www.eldigitaldeasturias.com\/noticias\/#organization"}}]},"og:locale":"es_ES","og:site_name":"El Digital de Asturias","og:type":"article","og:title":"Bruselas asegura que las emisiones de CO2 del sector a\u00e9reo crecer\u00e1n un 45% hasta 2035 - El Digital de Asturias","og:description":"La Comisi\u00f3n Europea ha publicado este viernes su primer informe medioambiental sobre transporte a\u00e9reo en la Uni\u00f3n Europea, en el que destaca que las emisiones de di\u00f3xido de carbono (CO2) se incrementaron un 80% entre 1990 y 2014 y que crecer\u00e1n un 45% hasta 2035. El Ejecutivo comunitario ha elaborado este informe en colaboraci\u00f3n con","og:url":"https:\/\/www.eldigitaldeasturias.com\/noticias\/bruselas-asegura-que-las-emisiones-de-co2-del-sector-aereo-creceran-un-45-hasta-2035\/","og:image":"https:\/\/www.eldigitaldeasturias.com\/noticias\/wp-content\/uploads\/2016\/02\/fotonoticia_20160129192445_800.jpg","og:image:secure_url":"https:\/\/www.eldigitaldeasturias.com\/noticias\/wp-content\/uploads\/2016\/02\/fotonoticia_20160129192445_800.jpg","og:image:width":800,"og:image:height":542,"article:tag":["sociedad"],"article:published_time":"2016-02-03T15:00:36+00:00","article:modified_time":"2016-02-03T15:00:36+00:00","article:publisher":"https:\/\/facebook.com\/eldigitaldeasturias","twitter:card":"summary_large_image","twitter:title":"Bruselas asegura que las emisiones de CO2 del sector a\u00e9reo crecer\u00e1n un 45% hasta 2035 - El Digital de Asturias","twitter:description":"La Comisi\u00f3n Europea ha publicado este viernes su primer informe medioambiental sobre transporte a\u00e9reo en la Uni\u00f3n Europea, en el que destaca que las emisiones de di\u00f3xido de carbono (CO2) se incrementaron un 80% entre 1990 y 2014 y que crecer\u00e1n un 45% hasta 2035. El Ejecutivo comunitario ha elaborado este informe en colaboraci\u00f3n con","twitter:image":"https:\/\/www.eldigitaldeasturias.com\/noticias\/wp-content\/uploads\/2016\/02\/fotonoticia_20160129192445_800.jpg","twitter:label1":"Escrito por","twitter:data1":"El Digital de Asturias","twitter:label2":"Tiempo de lectura estimado","twitter:data2":"2 minutos"},"aioseo_meta_data":{"post_id":"853343","title":null,"description":null,"keywords":null,"keyphrases":null,"primary_term":null,"canonical_url":null,"og_title":null,"og_description":null,"og_object_type":"default","og_image_type":"default","og_image_url":null,"og_image_width":null,"og_image_height":null,"og_image_custom_url":null,"og_image_custom_fields":null,"og_video":null,"og_custom_url":null,"og_article_section":null,"og_article_tags":null,"twitter_use_og":false,"twitter_card":"default","twitter_image_type":"default","twitter_image_url":null,"twitter_image_custom_url":null,"twitter_image_custom_fields":null,"twitter_title":null,"twitter_description":null,"schema":{"blockGraphs":[],"customGraphs":[],"default":{"data":{"Article":[],"Course":[],"Dataset":[],"FAQPage":[],"Movie":[],"Person":[],"Product":[],"ProductReview":[],"Car":[],"Recipe":[],"Service":[],"SoftwareApplication":[],"WebPage":[]},"graphName":"","isEnabled":true},"graphs":[],"defaultGraph":"","defaultPostTypeGraph":""},"schema_type":null,"schema_type_options":null,"pillar_content":false,"robots_default":true,"robots_noindex":false,"robots_noarchive":false,"robots_nosnippet":false,"robots_nofollow":false,"robots_noimageindex":false,"robots_noodp":false,"robots_notranslate":false,"robots_max_snippet":null,"robots_max_videopreview":null,"robots_max_imagepreview":"large","priority":null,"frequency":null,"local_seo":null,"seo_analyzer_scan_date":"2025-12-09 17:43:26","breadcrumb_settings":null,"limit_modified_date":false,"open_ai":null,"ai":null,"created":"2021-01-22 03:59:55","updated":"2025-12-09 17:43:26"},"aioseo_breadcrumb":"<div class=\"aioseo-breadcrumbs\"><span class=\"aioseo-breadcrumb\">\n\t<a href=\"https:\/\/www.eldigitaldeasturias.com\/noticias\" title=\"Home\">Home<\/a>\n<\/span><span class=\"aioseo-breadcrumb-separator\">\u2013<\/span><span class=\"aioseo-breadcrumb\">\n\t<a href=\"https:\/\/www.eldigitaldeasturias.com\/noticias\/category\/sociedad\/\" title=\"Sociedad\">Sociedad<\/a>\n<\/span><span class=\"aioseo-breadcrumb-separator\">\u2013<\/span><span class=\"aioseo-breadcrumb\">\n\t<a href=\"https:\/\/www.eldigitaldeasturias.com\/noticias\/bruselas-asegura-que-las-emisiones-de-co2-del-sector-aereo-creceran-un-45-hasta-2035\/\" title=\"Bruselas asegura que las emisiones de CO2 del sector a\u00e9reo crecer\u00e1n un 45% hasta 2035\">Bruselas asegura que las emisiones de CO2 del sector a\u00e9reo crecer\u00e1n un 45% hasta 2035<\/a>\n<\/span><\/div>","aioseo_breadcrumb_json":[{"label":"Home","link":"https:\/\/www.eldigitaldeasturias.com\/noticias"},{"label":"Sociedad","link":"https:\/\/www.eldigitaldeasturias.com\/noticias\/category\/sociedad\/"},{"label":"Bruselas asegura que las emisiones de CO2 del sector a\u00e9reo crecer\u00e1n un 45% hasta 2035","link":"https:\/\/www.eldigitaldeasturias.com\/noticias\/bruselas-asegura-que-las-emisiones-de-co2-del-sector-aereo-creceran-un-45-hasta-2035\/"}],"_links":{"self":[{"href":"https:\/\/www.eldigitaldeasturias.com\/noticias\/wp-json\/wp\/v2\/posts\/853343","targetHints":{"allow":["GET"]}}],"collection":[{"href":"https:\/\/www.eldigitaldeasturias.com\/noticias\/wp-json\/wp\/v2\/posts"}],"about":[{"href":"https:\/\/www.eldigitaldeasturias.com\/noticias\/wp-json\/wp\/v2\/types\/post"}],"author":[{"embeddable":true,"href":"https:\/\/www.eldigitaldeasturias.com\/noticias\/wp-json\/wp\/v2\/users\/1"}],"replies":[{"embeddable":true,"href":"https:\/\/www.eldigitaldeasturias.com\/noticias\/wp-json\/wp\/v2\/comments?post=853343"}],"version-history":[{"count":0,"href":"https:\/\/www.eldigitaldeasturias.com\/noticias\/wp-json\/wp\/v2\/posts\/853343\/revisions"}],"wp:featuredmedia":[{"embeddable":true,"href":"https:\/\/www.eldigitaldeasturias.com\/noticias\/wp-json\/wp\/v2\/media\/853344"}],"wp:attachment":[{"href":"https:\/\/www.eldigitaldeasturias.com\/noticias\/wp-json\/wp\/v2\/media?parent=853343"}],"wp:term":[{"taxonomy":"category","embeddable":true,"href":"https:\/\/www.eldigitaldeasturias.com\/noticias\/wp-json\/wp\/v2\/categories?post=853343"},{"taxonomy":"post_tag","embeddable":true,"href":"https:\/\/www.eldigitaldeasturias.com\/noticias\/wp-json\/wp\/v2\/tags?post=853343"}],"curies":[{"name":"wp","href":"https:\/\/api.w.org\/{rel}","templated":true}]}}