{"id":853331,"date":"2016-02-03T01:22:45","date_gmt":"2016-02-03T01:22:45","guid":{"rendered":"http:\/\/www.eldigitaldeasturias.com\/noticias\/?p=853331"},"modified":"2016-02-03T01:22:45","modified_gmt":"2016-02-03T01:22:45","slug":"el-teatro-real-reune-a-diez-ganadores-del-festival-del-cante-de-las-minas-de-la-union","status":"publish","type":"post","link":"https:\/\/www.eldigitaldeasturias.com\/noticias\/el-teatro-real-reune-a-diez-ganadores-del-festival-del-cante-de-las-minas-de-la-union\/","title":{"rendered":"El Teatro Real re\u00fane a diez ganadores del festival del Cante de Las Minas de la Uni\u00f3n"},"content":{"rendered":"<p><img loading=\"lazy\" decoding=\"async\" class=\"alignleft size-medium wp-image-853332\" src=\"https:\/\/www.eldigitaldeasturias.com\/noticias\/wp-content\/uploads\/2016\/02\/fotonoticia_20160202184441_800-360x240.jpg\" alt=\"fotonoticia_20160202184441_800\" width=\"360\" height=\"240\" srcset=\"https:\/\/www.eldigitaldeasturias.com\/noticias\/wp-content\/uploads\/2016\/02\/fotonoticia_20160202184441_800-360x240.jpg 360w, https:\/\/www.eldigitaldeasturias.com\/noticias\/wp-content\/uploads\/2016\/02\/fotonoticia_20160202184441_800-768x512.jpg 768w, https:\/\/www.eldigitaldeasturias.com\/noticias\/wp-content\/uploads\/2016\/02\/fotonoticia_20160202184441_800-650x433.jpg 650w, https:\/\/www.eldigitaldeasturias.com\/noticias\/wp-content\/uploads\/2016\/02\/fotonoticia_20160202184441_800-84x55.jpg 84w, https:\/\/www.eldigitaldeasturias.com\/noticias\/wp-content\/uploads\/2016\/02\/fotonoticia_20160202184441_800-49x32.jpg 49w, https:\/\/www.eldigitaldeasturias.com\/noticias\/wp-content\/uploads\/2016\/02\/fotonoticia_20160202184441_800.jpg 800w\" sizes=\"auto, (max-width: 360px) 100vw, 360px\" \/>El Teatro Real de Madrid reunir\u00e1 el 7 y el 8 de abril a diez ganadores del festival del Cante de Las Minas de La Uni\u00f3n en el musical &#8216;Las Minas Puerto Flamenco&#8217;.<\/p>\n<p>Seg\u00fan ha informado la compa\u00f1\u00eda en un comunicado, Amador Rojas, Eduardo Guerrero y Yolanda Osuna al baile, Ricardo del Moral, Gema Jim\u00e9nez, Manuel Soto y Bernarndo Miranda al cante, Miguel P\u00e9rez, Manuel Plant\u00f3n y Jos\u00e9 Tom\u00e1s a la guitarra y \u00d3scar de Manuel a la flauta forman el grupo de artistas participantes.<\/p>\n<p>&#8216;Las Minas Puerto Flamenco&#8217; es un espect\u00e1culo singular de noventa minutos que cuenta con un montaje propio con diferentes estilos de flamenco en el que se disfrutar\u00e1 de habaneras, guajiras, farrucas, ca\u00f1as, coplas, ronde\u00f1as, seguiriyas, tangos, cartageneras, tarantas, sole\u00e1s, verdiales, peteneras, malague\u00f1as, alegr\u00edas o fandangos.<\/p>\n<p>\u00abSe trata de un show cargado de sensibilidad e imagen, un viaje por la historia del flamenco que ha pasado por los principales ciudades portuarias de nuestro pa\u00eds y que llega en abril a Madrid\u00bb, han se\u00f1alado.<\/p>\n<p>El montaje del espect\u00e1culo gira en torno a la vida en los puertos y a sus trabajadores. Al principio del espect\u00e1culo se ve a los bailaores hacer de barcos que navegan y llegan al puerto. En \u00e9l se contar\u00e1 el viaje del flamenco que ha llegado y se ha paseado por los puertos.<\/p>\n<p>El musical ha podido verse ya en M\u00e1laga, Huelva, Algeciras, Ceuta, Alicante, Castell\u00f3n, Motril, Sagunto, Cartagena tras actuar en a\u00f1os anteriores por Bruselas, Luxemburgo, Nueva Delhi, Bombay y Tokio. Posteriormente, el espect\u00e1culo saltar\u00e1 a Am\u00e9rica, a partir de septiembre 2016, comenzando en Estados Unidos, bajando por M\u00e9xico, Centroam\u00e9rica y Sudam\u00e9rica.<\/p>\n","protected":false},"excerpt":{"rendered":"<p>El Teatro Real de Madrid reunir\u00e1 el 7 y el 8 de abril a diez ganadores del festival del Cante de Las Minas de La Uni\u00f3n en el musical &#8216;Las Minas Puerto Flamenco&#8217;. Seg\u00fan ha informado la compa\u00f1\u00eda en un comunicado, Amador Rojas, Eduardo Guerrero y Yolanda Osuna al baile, Ricardo del Moral, Gema Jim\u00e9nez, [&hellip;]<\/p>\n","protected":false},"author":1,"featured_media":853332,"comment_status":"closed","ping_status":"closed","sticky":false,"template":"","format":"standard","meta":{"footnotes":""},"categories":[1],"tags":[],"class_list":["post-853331","post","type-post","status-publish","format-standard","has-post-thumbnail","hentry","category-actualidad"],"aioseo_notices":[],"aioseo_head":"\n\t\t<!-- All in One SEO Pro 4.9.6.2 - aioseo.com -->\n\t<meta name=\"description\" content=\"El Teatro Real de Madrid reunir\u00e1 el 7 y el 8 de abril a diez ganadores del festival del Cante de Las Minas de La Uni\u00f3n en el musical &#039;Las Minas Puerto Flamenco&#039;. Seg\u00fan ha informado la compa\u00f1\u00eda en un comunicado, Amador Rojas, Eduardo Guerrero y Yolanda Osuna al baile, Ricardo del Moral, Gema Jim\u00e9nez,\" \/>\n\t<meta name=\"robots\" content=\"max-image-preview:large\" \/>\n\t<meta name=\"author\" content=\"El Digital de Asturias\"\/>\n\t<meta name=\"google-site-verification\" content=\"UA-38556648-1\" \/>\n\t<meta name=\"msvalidate.01\" content=\"7dfe9f3f1b24437ab69f4f2559babe99\" \/>\n\t<meta name=\"keywords\" content=\"actualidad\" \/>\n\t<link rel=\"canonical\" href=\"https:\/\/www.eldigitaldeasturias.com\/noticias\/el-teatro-real-reune-a-diez-ganadores-del-festival-del-cante-de-las-minas-de-la-union\/\" \/>\n\t<meta name=\"generator\" content=\"All in One SEO Pro (AIOSEO) 4.9.6.2\" \/>\n\t\t<meta property=\"og:locale\" content=\"es_ES\" \/>\n\t\t<meta property=\"og:site_name\" content=\"El Digital de Asturias\" \/>\n\t\t<meta property=\"og:type\" content=\"article\" \/>\n\t\t<meta property=\"og:title\" content=\"El Teatro Real re\u00fane a diez ganadores del festival del Cante de Las Minas de la Uni\u00f3n - El Digital de Asturias\" \/>\n\t\t<meta property=\"og:description\" content=\"El Teatro Real de Madrid reunir\u00e1 el 7 y el 8 de abril a diez ganadores del festival del Cante de Las Minas de La Uni\u00f3n en el musical &#039;Las Minas Puerto Flamenco&#039;. Seg\u00fan ha informado la compa\u00f1\u00eda en un comunicado, Amador Rojas, Eduardo Guerrero y Yolanda Osuna al baile, Ricardo del Moral, Gema Jim\u00e9nez,\" \/>\n\t\t<meta property=\"og:url\" content=\"https:\/\/www.eldigitaldeasturias.com\/noticias\/el-teatro-real-reune-a-diez-ganadores-del-festival-del-cante-de-las-minas-de-la-union\/\" \/>\n\t\t<meta property=\"og:image\" content=\"https:\/\/www.eldigitaldeasturias.com\/noticias\/wp-content\/uploads\/2016\/02\/fotonoticia_20160202184441_800.jpg\" \/>\n\t\t<meta property=\"og:image:secure_url\" content=\"https:\/\/www.eldigitaldeasturias.com\/noticias\/wp-content\/uploads\/2016\/02\/fotonoticia_20160202184441_800.jpg\" \/>\n\t\t<meta property=\"og:image:width\" content=\"800\" \/>\n\t\t<meta property=\"og:image:height\" content=\"533\" \/>\n\t\t<meta property=\"article:tag\" content=\"actualidad\" \/>\n\t\t<meta property=\"article:published_time\" content=\"2016-02-03T01:22:45+00:00\" \/>\n\t\t<meta property=\"article:modified_time\" content=\"2016-02-03T01:22:45+00:00\" \/>\n\t\t<meta property=\"article:publisher\" content=\"https:\/\/facebook.com\/eldigitaldeasturias\" \/>\n\t\t<meta name=\"twitter:card\" content=\"summary_large_image\" \/>\n\t\t<meta name=\"twitter:title\" content=\"El Teatro Real re\u00fane a diez ganadores del festival del Cante de Las Minas de la Uni\u00f3n - El Digital de Asturias\" \/>\n\t\t<meta name=\"twitter:description\" content=\"El Teatro Real de Madrid reunir\u00e1 el 7 y el 8 de abril a diez ganadores del festival del Cante de Las Minas de La Uni\u00f3n en el musical &#039;Las Minas Puerto Flamenco&#039;. Seg\u00fan ha informado la compa\u00f1\u00eda en un comunicado, Amador Rojas, Eduardo Guerrero y Yolanda Osuna al baile, Ricardo del Moral, Gema Jim\u00e9nez,\" \/>\n\t\t<meta name=\"twitter:image\" content=\"https:\/\/www.eldigitaldeasturias.com\/noticias\/wp-content\/uploads\/2016\/02\/fotonoticia_20160202184441_800.jpg\" \/>\n\t\t<meta name=\"twitter:label1\" content=\"Escrito por\" \/>\n\t\t<meta name=\"twitter:data1\" content=\"El Digital de Asturias\" \/>\n\t\t<meta name=\"twitter:label2\" content=\"Tiempo de lectura estimado\" \/>\n\t\t<meta name=\"twitter:data2\" content=\"1 minuto\" \/>\n\t\t<script type=\"application\/ld+json\" class=\"aioseo-schema\">\n\t\t\t{\"@context\":\"https:\\\/\\\/schema.org\",\"@graph\":[{\"@type\":\"BlogPosting\",\"@id\":\"https:\\\/\\\/www.eldigitaldeasturias.com\\\/noticias\\\/el-teatro-real-reune-a-diez-ganadores-del-festival-del-cante-de-las-minas-de-la-union\\\/#blogposting\",\"name\":\"El Teatro Real re\\u00fane a diez ganadores del festival del Cante de Las Minas de la Uni\\u00f3n - El Digital de Asturias\",\"headline\":\"El Teatro Real re\\u00fane a diez ganadores del festival del Cante de Las Minas de la Uni\\u00f3n\",\"author\":{\"@id\":\"https:\\\/\\\/www.eldigitaldeasturias.com\\\/noticias\\\/author\\\/admin\\\/#author\"},\"publisher\":{\"@id\":\"https:\\\/\\\/www.eldigitaldeasturias.com\\\/noticias\\\/#organization\"},\"image\":{\"@type\":\"ImageObject\",\"url\":\"https:\\\/\\\/www.eldigitaldeasturias.com\\\/noticias\\\/wp-content\\\/uploads\\\/2016\\\/02\\\/fotonoticia_20160202184441_800.jpg\",\"width\":800,\"height\":533},\"datePublished\":\"2016-02-03T01:22:45+01:00\",\"dateModified\":\"2016-02-03T01:22:45+01:00\",\"inLanguage\":\"es-ES\",\"mainEntityOfPage\":{\"@id\":\"https:\\\/\\\/www.eldigitaldeasturias.com\\\/noticias\\\/el-teatro-real-reune-a-diez-ganadores-del-festival-del-cante-de-las-minas-de-la-union\\\/#webpage\"},\"isPartOf\":{\"@id\":\"https:\\\/\\\/www.eldigitaldeasturias.com\\\/noticias\\\/el-teatro-real-reune-a-diez-ganadores-del-festival-del-cante-de-las-minas-de-la-union\\\/#webpage\"},\"articleSection\":\"Actualidad\"},{\"@type\":\"BreadcrumbList\",\"@id\":\"https:\\\/\\\/www.eldigitaldeasturias.com\\\/noticias\\\/el-teatro-real-reune-a-diez-ganadores-del-festival-del-cante-de-las-minas-de-la-union\\\/#breadcrumblist\",\"itemListElement\":[{\"@type\":\"ListItem\",\"@id\":\"https:\\\/\\\/www.eldigitaldeasturias.com\\\/noticias#listItem\",\"position\":1,\"name\":\"Home\",\"item\":\"https:\\\/\\\/www.eldigitaldeasturias.com\\\/noticias\",\"nextItem\":{\"@type\":\"ListItem\",\"@id\":\"https:\\\/\\\/www.eldigitaldeasturias.com\\\/noticias\\\/category\\\/actualidad\\\/#listItem\",\"name\":\"Actualidad\"}},{\"@type\":\"ListItem\",\"@id\":\"https:\\\/\\\/www.eldigitaldeasturias.com\\\/noticias\\\/category\\\/actualidad\\\/#listItem\",\"position\":2,\"name\":\"Actualidad\",\"item\":\"https:\\\/\\\/www.eldigitaldeasturias.com\\\/noticias\\\/category\\\/actualidad\\\/\",\"nextItem\":{\"@type\":\"ListItem\",\"@id\":\"https:\\\/\\\/www.eldigitaldeasturias.com\\\/noticias\\\/el-teatro-real-reune-a-diez-ganadores-del-festival-del-cante-de-las-minas-de-la-union\\\/#listItem\",\"name\":\"El Teatro Real re\\u00fane a diez ganadores del festival del Cante de Las Minas de la Uni\\u00f3n\"},\"previousItem\":{\"@type\":\"ListItem\",\"@id\":\"https:\\\/\\\/www.eldigitaldeasturias.com\\\/noticias#listItem\",\"name\":\"Home\"}},{\"@type\":\"ListItem\",\"@id\":\"https:\\\/\\\/www.eldigitaldeasturias.com\\\/noticias\\\/el-teatro-real-reune-a-diez-ganadores-del-festival-del-cante-de-las-minas-de-la-union\\\/#listItem\",\"position\":3,\"name\":\"El Teatro Real re\\u00fane a diez ganadores del festival del Cante de Las Minas de la Uni\\u00f3n\",\"previousItem\":{\"@type\":\"ListItem\",\"@id\":\"https:\\\/\\\/www.eldigitaldeasturias.com\\\/noticias\\\/category\\\/actualidad\\\/#listItem\",\"name\":\"Actualidad\"}}]},{\"@type\":\"Organization\",\"@id\":\"https:\\\/\\\/www.eldigitaldeasturias.com\\\/noticias\\\/#organization\",\"name\":\"El Digital de Asturias\",\"description\":\"Hemeroteca\",\"url\":\"https:\\\/\\\/www.eldigitaldeasturias.com\\\/noticias\\\/\",\"email\":\"info@eldigitaldeasturias.com\",\"telephone\":\"+34652131393\",\"logo\":{\"@type\":\"ImageObject\",\"url\":\"https:\\\/\\\/www.eldigitaldeasturias.com\\\/noticias\\\/wp-content\\\/uploads\\\/2020\\\/12\\\/EDA.jpg\",\"@id\":\"https:\\\/\\\/www.eldigitaldeasturias.com\\\/noticias\\\/el-teatro-real-reune-a-diez-ganadores-del-festival-del-cante-de-las-minas-de-la-union\\\/#organizationLogo\",\"width\":649,\"height\":297},\"image\":{\"@id\":\"https:\\\/\\\/www.eldigitaldeasturias.com\\\/noticias\\\/el-teatro-real-reune-a-diez-ganadores-del-festival-del-cante-de-las-minas-de-la-union\\\/#organizationLogo\"},\"sameAs\":[\"https:\\\/\\\/facebook.com\\\/eldigitaldeasturias\",\"https:\\\/\\\/www.youtube.com\\\/channel\\\/UCZP-2wLEB9Rv6erhFmqVnvg\"],\"address\":{\"@id\":\"https:\\\/\\\/www.eldigitaldeasturias.com\\\/noticias\\\/#postaladdress\",\"@type\":\"PostalAddress\",\"streetAddress\":\"san antonio 4,\",\"postalCode\":\"33430\",\"addressLocality\":\"Cand\\u00e1s\",\"addressRegion\":\"Asturias\",\"addressCountry\":\"ES\"}},{\"@type\":\"Person\",\"@id\":\"https:\\\/\\\/www.eldigitaldeasturias.com\\\/noticias\\\/author\\\/admin\\\/#author\",\"url\":\"https:\\\/\\\/www.eldigitaldeasturias.com\\\/noticias\\\/author\\\/admin\\\/\",\"name\":\"El Digital de Asturias\",\"image\":{\"@type\":\"ImageObject\",\"@id\":\"https:\\\/\\\/www.eldigitaldeasturias.com\\\/noticias\\\/el-teatro-real-reune-a-diez-ganadores-del-festival-del-cante-de-las-minas-de-la-union\\\/#authorImage\",\"url\":\"https:\\\/\\\/www.eldigitaldeasturias.com\\\/noticias\\\/wp-content\\\/litespeed\\\/avatar\\\/18677e78aa0546b92d9dbf31ec7d7668.jpg?ver=1777290358\",\"width\":96,\"height\":96,\"caption\":\"El Digital de Asturias\"}},{\"@type\":\"WebPage\",\"@id\":\"https:\\\/\\\/www.eldigitaldeasturias.com\\\/noticias\\\/el-teatro-real-reune-a-diez-ganadores-del-festival-del-cante-de-las-minas-de-la-union\\\/#webpage\",\"url\":\"https:\\\/\\\/www.eldigitaldeasturias.com\\\/noticias\\\/el-teatro-real-reune-a-diez-ganadores-del-festival-del-cante-de-las-minas-de-la-union\\\/\",\"name\":\"El Teatro Real re\\u00fane a diez ganadores del festival del Cante de Las Minas de la Uni\\u00f3n - El Digital de Asturias\",\"description\":\"El Teatro Real de Madrid reunir\\u00e1 el 7 y el 8 de abril a diez ganadores del festival del Cante de Las Minas de La Uni\\u00f3n en el musical 'Las Minas Puerto Flamenco'. Seg\\u00fan ha informado la compa\\u00f1\\u00eda en un comunicado, Amador Rojas, Eduardo Guerrero y Yolanda Osuna al baile, Ricardo del Moral, Gema Jim\\u00e9nez,\",\"inLanguage\":\"es-ES\",\"isPartOf\":{\"@id\":\"https:\\\/\\\/www.eldigitaldeasturias.com\\\/noticias\\\/#website\"},\"breadcrumb\":{\"@id\":\"https:\\\/\\\/www.eldigitaldeasturias.com\\\/noticias\\\/el-teatro-real-reune-a-diez-ganadores-del-festival-del-cante-de-las-minas-de-la-union\\\/#breadcrumblist\"},\"author\":{\"@id\":\"https:\\\/\\\/www.eldigitaldeasturias.com\\\/noticias\\\/author\\\/admin\\\/#author\"},\"creator\":{\"@id\":\"https:\\\/\\\/www.eldigitaldeasturias.com\\\/noticias\\\/author\\\/admin\\\/#author\"},\"image\":{\"@type\":\"ImageObject\",\"url\":\"https:\\\/\\\/www.eldigitaldeasturias.com\\\/noticias\\\/wp-content\\\/uploads\\\/2016\\\/02\\\/fotonoticia_20160202184441_800.jpg\",\"@id\":\"https:\\\/\\\/www.eldigitaldeasturias.com\\\/noticias\\\/el-teatro-real-reune-a-diez-ganadores-del-festival-del-cante-de-las-minas-de-la-union\\\/#mainImage\",\"width\":800,\"height\":533},\"primaryImageOfPage\":{\"@id\":\"https:\\\/\\\/www.eldigitaldeasturias.com\\\/noticias\\\/el-teatro-real-reune-a-diez-ganadores-del-festival-del-cante-de-las-minas-de-la-union\\\/#mainImage\"},\"datePublished\":\"2016-02-03T01:22:45+01:00\",\"dateModified\":\"2016-02-03T01:22:45+01:00\"},{\"@type\":\"WebSite\",\"@id\":\"https:\\\/\\\/www.eldigitaldeasturias.com\\\/noticias\\\/#website\",\"url\":\"https:\\\/\\\/www.eldigitaldeasturias.com\\\/noticias\\\/\",\"name\":\"El Digital de Asturias - Diario de actualidad y noticias\",\"alternateName\":\"El Digital de Asturias - Diario de actualidad y noticias\",\"description\":\"Hemeroteca\",\"inLanguage\":\"es-ES\",\"publisher\":{\"@id\":\"https:\\\/\\\/www.eldigitaldeasturias.com\\\/noticias\\\/#organization\"}}]}\n\t\t<\/script>\n\t\t<!-- All in One SEO Pro -->\r\n\t\t<title>El Teatro Real re\u00fane a diez ganadores del festival del Cante de Las Minas de la Uni\u00f3n - El Digital de Asturias<\/title>\n\n","aioseo_head_json":{"title":"El Teatro Real re\u00fane a diez ganadores del festival del Cante de Las Minas de la Uni\u00f3n - El Digital de Asturias","description":"El Teatro Real de Madrid reunir\u00e1 el 7 y el 8 de abril a diez ganadores del festival del Cante de Las Minas de La Uni\u00f3n en el musical 'Las Minas Puerto Flamenco'. Seg\u00fan ha informado la compa\u00f1\u00eda en un comunicado, Amador Rojas, Eduardo Guerrero y Yolanda Osuna al baile, Ricardo del Moral, Gema Jim\u00e9nez,","canonical_url":"https:\/\/www.eldigitaldeasturias.com\/noticias\/el-teatro-real-reune-a-diez-ganadores-del-festival-del-cante-de-las-minas-de-la-union\/","robots":"max-image-preview:large","keywords":"actualidad","webmasterTools":{"google-site-verification":"UA-38556648-1","msvalidate.01":"7dfe9f3f1b24437ab69f4f2559babe99","miscellaneous":""},"schema":{"@context":"https:\/\/schema.org","@graph":[{"@type":"BlogPosting","@id":"https:\/\/www.eldigitaldeasturias.com\/noticias\/el-teatro-real-reune-a-diez-ganadores-del-festival-del-cante-de-las-minas-de-la-union\/#blogposting","name":"El Teatro Real re\u00fane a diez ganadores del festival del Cante de Las Minas de la Uni\u00f3n - El Digital de Asturias","headline":"El Teatro Real re\u00fane a diez ganadores del festival del Cante de Las Minas de la Uni\u00f3n","author":{"@id":"https:\/\/www.eldigitaldeasturias.com\/noticias\/author\/admin\/#author"},"publisher":{"@id":"https:\/\/www.eldigitaldeasturias.com\/noticias\/#organization"},"image":{"@type":"ImageObject","url":"https:\/\/www.eldigitaldeasturias.com\/noticias\/wp-content\/uploads\/2016\/02\/fotonoticia_20160202184441_800.jpg","width":800,"height":533},"datePublished":"2016-02-03T01:22:45+01:00","dateModified":"2016-02-03T01:22:45+01:00","inLanguage":"es-ES","mainEntityOfPage":{"@id":"https:\/\/www.eldigitaldeasturias.com\/noticias\/el-teatro-real-reune-a-diez-ganadores-del-festival-del-cante-de-las-minas-de-la-union\/#webpage"},"isPartOf":{"@id":"https:\/\/www.eldigitaldeasturias.com\/noticias\/el-teatro-real-reune-a-diez-ganadores-del-festival-del-cante-de-las-minas-de-la-union\/#webpage"},"articleSection":"Actualidad"},{"@type":"BreadcrumbList","@id":"https:\/\/www.eldigitaldeasturias.com\/noticias\/el-teatro-real-reune-a-diez-ganadores-del-festival-del-cante-de-las-minas-de-la-union\/#breadcrumblist","itemListElement":[{"@type":"ListItem","@id":"https:\/\/www.eldigitaldeasturias.com\/noticias#listItem","position":1,"name":"Home","item":"https:\/\/www.eldigitaldeasturias.com\/noticias","nextItem":{"@type":"ListItem","@id":"https:\/\/www.eldigitaldeasturias.com\/noticias\/category\/actualidad\/#listItem","name":"Actualidad"}},{"@type":"ListItem","@id":"https:\/\/www.eldigitaldeasturias.com\/noticias\/category\/actualidad\/#listItem","position":2,"name":"Actualidad","item":"https:\/\/www.eldigitaldeasturias.com\/noticias\/category\/actualidad\/","nextItem":{"@type":"ListItem","@id":"https:\/\/www.eldigitaldeasturias.com\/noticias\/el-teatro-real-reune-a-diez-ganadores-del-festival-del-cante-de-las-minas-de-la-union\/#listItem","name":"El Teatro Real re\u00fane a diez ganadores del festival del Cante de Las Minas de la Uni\u00f3n"},"previousItem":{"@type":"ListItem","@id":"https:\/\/www.eldigitaldeasturias.com\/noticias#listItem","name":"Home"}},{"@type":"ListItem","@id":"https:\/\/www.eldigitaldeasturias.com\/noticias\/el-teatro-real-reune-a-diez-ganadores-del-festival-del-cante-de-las-minas-de-la-union\/#listItem","position":3,"name":"El Teatro Real re\u00fane a diez ganadores del festival del Cante de Las Minas de la Uni\u00f3n","previousItem":{"@type":"ListItem","@id":"https:\/\/www.eldigitaldeasturias.com\/noticias\/category\/actualidad\/#listItem","name":"Actualidad"}}]},{"@type":"Organization","@id":"https:\/\/www.eldigitaldeasturias.com\/noticias\/#organization","name":"El Digital de Asturias","description":"Hemeroteca","url":"https:\/\/www.eldigitaldeasturias.com\/noticias\/","email":"info@eldigitaldeasturias.com","telephone":"+34652131393","logo":{"@type":"ImageObject","url":"https:\/\/www.eldigitaldeasturias.com\/noticias\/wp-content\/uploads\/2020\/12\/EDA.jpg","@id":"https:\/\/www.eldigitaldeasturias.com\/noticias\/el-teatro-real-reune-a-diez-ganadores-del-festival-del-cante-de-las-minas-de-la-union\/#organizationLogo","width":649,"height":297},"image":{"@id":"https:\/\/www.eldigitaldeasturias.com\/noticias\/el-teatro-real-reune-a-diez-ganadores-del-festival-del-cante-de-las-minas-de-la-union\/#organizationLogo"},"sameAs":["https:\/\/facebook.com\/eldigitaldeasturias","https:\/\/www.youtube.com\/channel\/UCZP-2wLEB9Rv6erhFmqVnvg"],"address":{"@id":"https:\/\/www.eldigitaldeasturias.com\/noticias\/#postaladdress","@type":"PostalAddress","streetAddress":"san antonio 4,","postalCode":"33430","addressLocality":"Cand\u00e1s","addressRegion":"Asturias","addressCountry":"ES"}},{"@type":"Person","@id":"https:\/\/www.eldigitaldeasturias.com\/noticias\/author\/admin\/#author","url":"https:\/\/www.eldigitaldeasturias.com\/noticias\/author\/admin\/","name":"El Digital de Asturias","image":{"@type":"ImageObject","@id":"https:\/\/www.eldigitaldeasturias.com\/noticias\/el-teatro-real-reune-a-diez-ganadores-del-festival-del-cante-de-las-minas-de-la-union\/#authorImage","url":"https:\/\/www.eldigitaldeasturias.com\/noticias\/wp-content\/litespeed\/avatar\/18677e78aa0546b92d9dbf31ec7d7668.jpg?ver=1777290358","width":96,"height":96,"caption":"El Digital de Asturias"}},{"@type":"WebPage","@id":"https:\/\/www.eldigitaldeasturias.com\/noticias\/el-teatro-real-reune-a-diez-ganadores-del-festival-del-cante-de-las-minas-de-la-union\/#webpage","url":"https:\/\/www.eldigitaldeasturias.com\/noticias\/el-teatro-real-reune-a-diez-ganadores-del-festival-del-cante-de-las-minas-de-la-union\/","name":"El Teatro Real re\u00fane a diez ganadores del festival del Cante de Las Minas de la Uni\u00f3n - El Digital de Asturias","description":"El Teatro Real de Madrid reunir\u00e1 el 7 y el 8 de abril a diez ganadores del festival del Cante de Las Minas de La Uni\u00f3n en el musical 'Las Minas Puerto Flamenco'. Seg\u00fan ha informado la compa\u00f1\u00eda en un comunicado, Amador Rojas, Eduardo Guerrero y Yolanda Osuna al baile, Ricardo del Moral, Gema Jim\u00e9nez,","inLanguage":"es-ES","isPartOf":{"@id":"https:\/\/www.eldigitaldeasturias.com\/noticias\/#website"},"breadcrumb":{"@id":"https:\/\/www.eldigitaldeasturias.com\/noticias\/el-teatro-real-reune-a-diez-ganadores-del-festival-del-cante-de-las-minas-de-la-union\/#breadcrumblist"},"author":{"@id":"https:\/\/www.eldigitaldeasturias.com\/noticias\/author\/admin\/#author"},"creator":{"@id":"https:\/\/www.eldigitaldeasturias.com\/noticias\/author\/admin\/#author"},"image":{"@type":"ImageObject","url":"https:\/\/www.eldigitaldeasturias.com\/noticias\/wp-content\/uploads\/2016\/02\/fotonoticia_20160202184441_800.jpg","@id":"https:\/\/www.eldigitaldeasturias.com\/noticias\/el-teatro-real-reune-a-diez-ganadores-del-festival-del-cante-de-las-minas-de-la-union\/#mainImage","width":800,"height":533},"primaryImageOfPage":{"@id":"https:\/\/www.eldigitaldeasturias.com\/noticias\/el-teatro-real-reune-a-diez-ganadores-del-festival-del-cante-de-las-minas-de-la-union\/#mainImage"},"datePublished":"2016-02-03T01:22:45+01:00","dateModified":"2016-02-03T01:22:45+01:00"},{"@type":"WebSite","@id":"https:\/\/www.eldigitaldeasturias.com\/noticias\/#website","url":"https:\/\/www.eldigitaldeasturias.com\/noticias\/","name":"El Digital de Asturias - Diario de actualidad y noticias","alternateName":"El Digital de Asturias - Diario de actualidad y noticias","description":"Hemeroteca","inLanguage":"es-ES","publisher":{"@id":"https:\/\/www.eldigitaldeasturias.com\/noticias\/#organization"}}]},"og:locale":"es_ES","og:site_name":"El Digital de Asturias","og:type":"article","og:title":"El Teatro Real re\u00fane a diez ganadores del festival del Cante de Las Minas de la Uni\u00f3n - El Digital de Asturias","og:description":"El Teatro Real de Madrid reunir\u00e1 el 7 y el 8 de abril a diez ganadores del festival del Cante de Las Minas de La Uni\u00f3n en el musical 'Las Minas Puerto Flamenco'. Seg\u00fan ha informado la compa\u00f1\u00eda en un comunicado, Amador Rojas, Eduardo Guerrero y Yolanda Osuna al baile, Ricardo del Moral, Gema Jim\u00e9nez,","og:url":"https:\/\/www.eldigitaldeasturias.com\/noticias\/el-teatro-real-reune-a-diez-ganadores-del-festival-del-cante-de-las-minas-de-la-union\/","og:image":"https:\/\/www.eldigitaldeasturias.com\/noticias\/wp-content\/uploads\/2016\/02\/fotonoticia_20160202184441_800.jpg","og:image:secure_url":"https:\/\/www.eldigitaldeasturias.com\/noticias\/wp-content\/uploads\/2016\/02\/fotonoticia_20160202184441_800.jpg","og:image:width":800,"og:image:height":533,"article:tag":["actualidad"],"article:published_time":"2016-02-03T01:22:45+00:00","article:modified_time":"2016-02-03T01:22:45+00:00","article:publisher":"https:\/\/facebook.com\/eldigitaldeasturias","twitter:card":"summary_large_image","twitter:title":"El Teatro Real re\u00fane a diez ganadores del festival del Cante de Las Minas de la Uni\u00f3n - El Digital de Asturias","twitter:description":"El Teatro Real de Madrid reunir\u00e1 el 7 y el 8 de abril a diez ganadores del festival del Cante de Las Minas de La Uni\u00f3n en el musical 'Las Minas Puerto Flamenco'. Seg\u00fan ha informado la compa\u00f1\u00eda en un comunicado, Amador Rojas, Eduardo Guerrero y Yolanda Osuna al baile, Ricardo del Moral, Gema Jim\u00e9nez,","twitter:image":"https:\/\/www.eldigitaldeasturias.com\/noticias\/wp-content\/uploads\/2016\/02\/fotonoticia_20160202184441_800.jpg","twitter:label1":"Escrito por","twitter:data1":"El Digital de Asturias","twitter:label2":"Tiempo de lectura estimado","twitter:data2":"1 minuto"},"aioseo_meta_data":{"post_id":"853331","title":null,"description":null,"keywords":null,"keyphrases":null,"primary_term":null,"canonical_url":null,"og_title":null,"og_description":null,"og_object_type":"default","og_image_type":"default","og_image_url":null,"og_image_width":null,"og_image_height":null,"og_image_custom_url":null,"og_image_custom_fields":null,"og_video":null,"og_custom_url":null,"og_article_section":null,"og_article_tags":null,"twitter_use_og":false,"twitter_card":"default","twitter_image_type":"default","twitter_image_url":null,"twitter_image_custom_url":null,"twitter_image_custom_fields":null,"twitter_title":null,"twitter_description":null,"schema":{"blockGraphs":[],"customGraphs":[],"default":{"data":{"Article":[],"Course":[],"Dataset":[],"FAQPage":[],"Movie":[],"Person":[],"Product":[],"ProductReview":[],"Car":[],"Recipe":[],"Service":[],"SoftwareApplication":[],"WebPage":[]},"graphName":"","isEnabled":true},"graphs":[],"defaultGraph":"","defaultPostTypeGraph":""},"schema_type":null,"schema_type_options":null,"pillar_content":false,"robots_default":true,"robots_noindex":false,"robots_noarchive":false,"robots_nosnippet":false,"robots_nofollow":false,"robots_noimageindex":false,"robots_noodp":false,"robots_notranslate":false,"robots_max_snippet":null,"robots_max_videopreview":null,"robots_max_imagepreview":"large","priority":null,"frequency":null,"local_seo":null,"seo_analyzer_scan_date":"2025-12-09 17:41:17","breadcrumb_settings":null,"limit_modified_date":false,"open_ai":null,"ai":null,"created":"2021-01-22 16:36:57","updated":"2025-12-09 17:41:17"},"aioseo_breadcrumb":"<div class=\"aioseo-breadcrumbs\"><span class=\"aioseo-breadcrumb\">\n\t<a href=\"https:\/\/www.eldigitaldeasturias.com\/noticias\" title=\"Home\">Home<\/a>\n<\/span><span class=\"aioseo-breadcrumb-separator\">\u2013<\/span><span class=\"aioseo-breadcrumb\">\n\t<a href=\"https:\/\/www.eldigitaldeasturias.com\/noticias\/category\/actualidad\/\" title=\"Actualidad\">Actualidad<\/a>\n<\/span><span class=\"aioseo-breadcrumb-separator\">\u2013<\/span><span class=\"aioseo-breadcrumb\">\n\t<a href=\"https:\/\/www.eldigitaldeasturias.com\/noticias\/el-teatro-real-reune-a-diez-ganadores-del-festival-del-cante-de-las-minas-de-la-union\/\" title=\"El Teatro Real re\u00fane a diez ganadores del festival del Cante de Las Minas de la Uni\u00f3n\">El Teatro Real re\u00fane a diez ganadores del festival del Cante de Las Minas de la Uni\u00f3n<\/a>\n<\/span><\/div>","aioseo_breadcrumb_json":[{"label":"Home","link":"https:\/\/www.eldigitaldeasturias.com\/noticias"},{"label":"Actualidad","link":"https:\/\/www.eldigitaldeasturias.com\/noticias\/category\/actualidad\/"},{"label":"El Teatro Real re\u00fane a diez ganadores del festival del Cante de Las Minas de la Uni\u00f3n","link":"https:\/\/www.eldigitaldeasturias.com\/noticias\/el-teatro-real-reune-a-diez-ganadores-del-festival-del-cante-de-las-minas-de-la-union\/"}],"_links":{"self":[{"href":"https:\/\/www.eldigitaldeasturias.com\/noticias\/wp-json\/wp\/v2\/posts\/853331","targetHints":{"allow":["GET"]}}],"collection":[{"href":"https:\/\/www.eldigitaldeasturias.com\/noticias\/wp-json\/wp\/v2\/posts"}],"about":[{"href":"https:\/\/www.eldigitaldeasturias.com\/noticias\/wp-json\/wp\/v2\/types\/post"}],"author":[{"embeddable":true,"href":"https:\/\/www.eldigitaldeasturias.com\/noticias\/wp-json\/wp\/v2\/users\/1"}],"replies":[{"embeddable":true,"href":"https:\/\/www.eldigitaldeasturias.com\/noticias\/wp-json\/wp\/v2\/comments?post=853331"}],"version-history":[{"count":0,"href":"https:\/\/www.eldigitaldeasturias.com\/noticias\/wp-json\/wp\/v2\/posts\/853331\/revisions"}],"wp:featuredmedia":[{"embeddable":true,"href":"https:\/\/www.eldigitaldeasturias.com\/noticias\/wp-json\/wp\/v2\/media\/853332"}],"wp:attachment":[{"href":"https:\/\/www.eldigitaldeasturias.com\/noticias\/wp-json\/wp\/v2\/media?parent=853331"}],"wp:term":[{"taxonomy":"category","embeddable":true,"href":"https:\/\/www.eldigitaldeasturias.com\/noticias\/wp-json\/wp\/v2\/categories?post=853331"},{"taxonomy":"post_tag","embeddable":true,"href":"https:\/\/www.eldigitaldeasturias.com\/noticias\/wp-json\/wp\/v2\/tags?post=853331"}],"curies":[{"name":"wp","href":"https:\/\/api.w.org\/{rel}","templated":true}]}}