{"id":853325,"date":"2016-02-03T01:18:35","date_gmt":"2016-02-03T01:18:35","guid":{"rendered":"http:\/\/www.eldigitaldeasturias.com\/noticias\/?p=853325"},"modified":"2016-02-03T01:18:35","modified_gmt":"2016-02-03T01:18:35","slug":"david-guetta-actuara-el-6-de-agosto-en-benidorm","status":"publish","type":"post","link":"https:\/\/www.eldigitaldeasturias.com\/noticias\/david-guetta-actuara-el-6-de-agosto-en-benidorm\/","title":{"rendered":"David Guetta actuar\u00e1 el 6 de agosto en Benidorm"},"content":{"rendered":"<p><img loading=\"lazy\" decoding=\"async\" class=\"alignleft size-medium wp-image-853326\" src=\"https:\/\/www.eldigitaldeasturias.com\/noticias\/wp-content\/uploads\/2016\/02\/fotonoticia_20160202173736_800-360x240.jpg\" alt=\"fotonoticia_20160202173736_800\" width=\"360\" height=\"240\" srcset=\"https:\/\/www.eldigitaldeasturias.com\/noticias\/wp-content\/uploads\/2016\/02\/fotonoticia_20160202173736_800-360x240.jpg 360w, https:\/\/www.eldigitaldeasturias.com\/noticias\/wp-content\/uploads\/2016\/02\/fotonoticia_20160202173736_800-768x513.jpg 768w, https:\/\/www.eldigitaldeasturias.com\/noticias\/wp-content\/uploads\/2016\/02\/fotonoticia_20160202173736_800-650x434.jpg 650w, https:\/\/www.eldigitaldeasturias.com\/noticias\/wp-content\/uploads\/2016\/02\/fotonoticia_20160202173736_800-84x55.jpg 84w, https:\/\/www.eldigitaldeasturias.com\/noticias\/wp-content\/uploads\/2016\/02\/fotonoticia_20160202173736_800-49x32.jpg 49w, https:\/\/www.eldigitaldeasturias.com\/noticias\/wp-content\/uploads\/2016\/02\/fotonoticia_20160202173736_800.jpg 800w\" sizes=\"auto, (max-width: 360px) 100vw, 360px\" \/>El DJ David Guetta actuar\u00e1 en el estadio Guillermo Amor de Benidorm (Alicante) el pr\u00f3ximo 6 de agosto en el que ser\u00e1 su \u00fanico concierto en solitario en Espa\u00f1a, seg\u00fan ha avanzado el alcalde de la ciudad, Toni P\u00e9rez, en una rueda de prensa este martes.<\/p>\n<p>Por su parte, el portavoz de la promotora Benidorm Sound, Javier Ferr\u00e1ndiz, han presentado los pormenores de un evento de \u00abde gran nivel\u00bb con un espect\u00e1culo de \u00abluz y sonido brutal\u00bb.<\/p>\n<p>Las entradas saldr\u00e1n a la venta a partir del jueves en redes sociales y en la p\u00e1gina web de Benidorm Soud. Habr\u00e1 una primera tirada de mil entradas a 29 euros que la organizaci\u00f3n espera que se agoten \u00aben pocas horas\u00bb.<\/p>\n<p>Posteriormente, se ir\u00e1 sacando a la venta el resto por tramos en funci\u00f3n de la cercan\u00eda del evento hasta alcanzar los 60 euros en el \u00faltimo momento. Tambi\u00e9n se ha previsto entradas \u00abgolden ticket\u00bb para ver la actuaci\u00f3n en primera fila y \u00abvip barra\u00bb con acceso a refrigerios que oscilaran entre los 80 y los 120 euros.<\/p>\n<p>David Guetta ofrecer\u00e1 un espect\u00e1culo de m\u00e1s de ocho horas de m\u00fasica en las que estar\u00e1 acompa\u00f1ado por otros tres disc-jockeys de su equipo. La actuaci\u00f3n comenzar\u00e1 a las 20.00 horas y se prev\u00e9 que se prolongue hasta pasadas las 3.00 de la madrugada.<\/p>\n<p>Toni P\u00e9rez ha explicado que Guetta es \u00abembajador musical de la Eurocopa 2016 que se celebra este a\u00f1o en Francia\u00bb y encargado de grabar el tema oficial por lo que presenciar el concierto ser\u00e1 \u00abuna oportunidad \u00fanica\u00bb. Adem\u00e1s, ha recordado que el concierto se celebra apenas unos d\u00edas despu\u00e9s de otro gran evento musical: el \u00abBenidorm Low Festival\u00bb.<\/p>\n<p>Por su parte, el promotor Javier Ferr\u00e1ndiz ha apuntado que la oficina de David Guetta se ha mostrado muy colaborativa con su visita a Benidorm y que volcar\u00e1 las redes sociales del artista, con m\u00e1s de 60 millones de seguidores, en el evento. \u00abLlevamos cuatro meses trabajando por conseguir traerlo, somos empresarios locales y ha sido un gran esfuerzo pero al final lo hemos conseguido. Incluso ha rechazado otras ofertas para estar aqu\u00ed\u00bb, ha concluido Ferr\u00e1ndiz.<\/p>\n<p>La organizaci\u00f3n ha previsto que podr\u00e1 llenar el aforo del concierto que se estima en 16.000 personas.<\/p>\n<p>David Guetta tambi\u00e9n actuar\u00e1 en junio en Madrid dentro de la primera edici\u00f3n del Festival Utop\u00eda, que se celebrar\u00e1 en la Universidad Complutense.<\/p>\n","protected":false},"excerpt":{"rendered":"<p>El DJ David Guetta actuar\u00e1 en el estadio Guillermo Amor de Benidorm (Alicante) el pr\u00f3ximo 6 de agosto en el que ser\u00e1 su \u00fanico concierto en solitario en Espa\u00f1a, seg\u00fan ha avanzado el alcalde de la ciudad, Toni P\u00e9rez, en una rueda de prensa este martes. Por su parte, el portavoz de la promotora Benidorm [&hellip;]<\/p>\n","protected":false},"author":1,"featured_media":853326,"comment_status":"closed","ping_status":"closed","sticky":false,"template":"","format":"standard","meta":{"footnotes":""},"categories":[50],"tags":[],"class_list":["post-853325","post","type-post","status-publish","format-standard","has-post-thumbnail","hentry","category-revista-de-ocio"],"aioseo_notices":[],"aioseo_head":"\n\t\t<!-- All in One SEO Pro 4.9.6.2 - aioseo.com -->\n\t<meta name=\"description\" content=\"El DJ David Guetta actuar\u00e1 en el estadio Guillermo Amor de Benidorm (Alicante) el pr\u00f3ximo 6 de agosto en el que ser\u00e1 su \u00fanico concierto en solitario en Espa\u00f1a, seg\u00fan ha avanzado el alcalde de la ciudad, Toni P\u00e9rez, en una rueda de prensa este martes. Por su parte, el portavoz de la promotora Benidorm\" \/>\n\t<meta name=\"robots\" content=\"max-image-preview:large\" \/>\n\t<meta name=\"author\" content=\"El Digital de Asturias\"\/>\n\t<meta name=\"google-site-verification\" content=\"UA-38556648-1\" \/>\n\t<meta name=\"msvalidate.01\" content=\"7dfe9f3f1b24437ab69f4f2559babe99\" \/>\n\t<meta name=\"keywords\" content=\"revista de ocio\" \/>\n\t<link rel=\"canonical\" href=\"https:\/\/www.eldigitaldeasturias.com\/noticias\/david-guetta-actuara-el-6-de-agosto-en-benidorm\/\" \/>\n\t<meta name=\"generator\" content=\"All in One SEO Pro (AIOSEO) 4.9.6.2\" \/>\n\t\t<meta property=\"og:locale\" content=\"es_ES\" \/>\n\t\t<meta property=\"og:site_name\" content=\"El Digital de Asturias\" \/>\n\t\t<meta property=\"og:type\" content=\"article\" \/>\n\t\t<meta property=\"og:title\" content=\"David Guetta actuar\u00e1 el 6 de agosto en Benidorm - El Digital de Asturias\" \/>\n\t\t<meta property=\"og:description\" content=\"El DJ David Guetta actuar\u00e1 en el estadio Guillermo Amor de Benidorm (Alicante) el pr\u00f3ximo 6 de agosto en el que ser\u00e1 su \u00fanico concierto en solitario en Espa\u00f1a, seg\u00fan ha avanzado el alcalde de la ciudad, Toni P\u00e9rez, en una rueda de prensa este martes. Por su parte, el portavoz de la promotora Benidorm\" \/>\n\t\t<meta property=\"og:url\" content=\"https:\/\/www.eldigitaldeasturias.com\/noticias\/david-guetta-actuara-el-6-de-agosto-en-benidorm\/\" \/>\n\t\t<meta property=\"og:image\" content=\"https:\/\/www.eldigitaldeasturias.com\/noticias\/wp-content\/uploads\/2016\/02\/fotonoticia_20160202173736_800.jpg\" \/>\n\t\t<meta property=\"og:image:secure_url\" content=\"https:\/\/www.eldigitaldeasturias.com\/noticias\/wp-content\/uploads\/2016\/02\/fotonoticia_20160202173736_800.jpg\" \/>\n\t\t<meta property=\"og:image:width\" content=\"800\" \/>\n\t\t<meta property=\"og:image:height\" content=\"534\" \/>\n\t\t<meta property=\"article:tag\" content=\"revista de ocio\" \/>\n\t\t<meta property=\"article:published_time\" content=\"2016-02-03T01:18:35+00:00\" \/>\n\t\t<meta property=\"article:modified_time\" content=\"2016-02-03T01:18:35+00:00\" \/>\n\t\t<meta property=\"article:publisher\" content=\"https:\/\/facebook.com\/eldigitaldeasturias\" \/>\n\t\t<meta name=\"twitter:card\" content=\"summary_large_image\" \/>\n\t\t<meta name=\"twitter:title\" content=\"David Guetta actuar\u00e1 el 6 de agosto en Benidorm - El Digital de Asturias\" \/>\n\t\t<meta name=\"twitter:description\" content=\"El DJ David Guetta actuar\u00e1 en el estadio Guillermo Amor de Benidorm (Alicante) el pr\u00f3ximo 6 de agosto en el que ser\u00e1 su \u00fanico concierto en solitario en Espa\u00f1a, seg\u00fan ha avanzado el alcalde de la ciudad, Toni P\u00e9rez, en una rueda de prensa este martes. Por su parte, el portavoz de la promotora Benidorm\" \/>\n\t\t<meta name=\"twitter:image\" content=\"https:\/\/www.eldigitaldeasturias.com\/noticias\/wp-content\/uploads\/2016\/02\/fotonoticia_20160202173736_800.jpg\" \/>\n\t\t<meta name=\"twitter:label1\" content=\"Escrito por\" \/>\n\t\t<meta name=\"twitter:data1\" content=\"El Digital de Asturias\" \/>\n\t\t<meta name=\"twitter:label2\" content=\"Tiempo de lectura estimado\" \/>\n\t\t<meta name=\"twitter:data2\" content=\"2 minutos\" \/>\n\t\t<script type=\"application\/ld+json\" class=\"aioseo-schema\">\n\t\t\t{\"@context\":\"https:\\\/\\\/schema.org\",\"@graph\":[{\"@type\":\"BlogPosting\",\"@id\":\"https:\\\/\\\/www.eldigitaldeasturias.com\\\/noticias\\\/david-guetta-actuara-el-6-de-agosto-en-benidorm\\\/#blogposting\",\"name\":\"David Guetta actuar\\u00e1 el 6 de agosto en Benidorm - El Digital de Asturias\",\"headline\":\"David Guetta actuar\\u00e1 el 6 de agosto en Benidorm\",\"author\":{\"@id\":\"https:\\\/\\\/www.eldigitaldeasturias.com\\\/noticias\\\/author\\\/admin\\\/#author\"},\"publisher\":{\"@id\":\"https:\\\/\\\/www.eldigitaldeasturias.com\\\/noticias\\\/#organization\"},\"image\":{\"@type\":\"ImageObject\",\"url\":\"https:\\\/\\\/www.eldigitaldeasturias.com\\\/noticias\\\/wp-content\\\/uploads\\\/2016\\\/02\\\/fotonoticia_20160202173736_800.jpg\",\"width\":800,\"height\":534},\"datePublished\":\"2016-02-03T01:18:35+01:00\",\"dateModified\":\"2016-02-03T01:18:35+01:00\",\"inLanguage\":\"es-ES\",\"mainEntityOfPage\":{\"@id\":\"https:\\\/\\\/www.eldigitaldeasturias.com\\\/noticias\\\/david-guetta-actuara-el-6-de-agosto-en-benidorm\\\/#webpage\"},\"isPartOf\":{\"@id\":\"https:\\\/\\\/www.eldigitaldeasturias.com\\\/noticias\\\/david-guetta-actuara-el-6-de-agosto-en-benidorm\\\/#webpage\"},\"articleSection\":\"Revista de Ocio\"},{\"@type\":\"BreadcrumbList\",\"@id\":\"https:\\\/\\\/www.eldigitaldeasturias.com\\\/noticias\\\/david-guetta-actuara-el-6-de-agosto-en-benidorm\\\/#breadcrumblist\",\"itemListElement\":[{\"@type\":\"ListItem\",\"@id\":\"https:\\\/\\\/www.eldigitaldeasturias.com\\\/noticias#listItem\",\"position\":1,\"name\":\"Home\",\"item\":\"https:\\\/\\\/www.eldigitaldeasturias.com\\\/noticias\",\"nextItem\":{\"@type\":\"ListItem\",\"@id\":\"https:\\\/\\\/www.eldigitaldeasturias.com\\\/noticias\\\/category\\\/revista-de-ocio\\\/#listItem\",\"name\":\"Revista de Ocio\"}},{\"@type\":\"ListItem\",\"@id\":\"https:\\\/\\\/www.eldigitaldeasturias.com\\\/noticias\\\/category\\\/revista-de-ocio\\\/#listItem\",\"position\":2,\"name\":\"Revista de Ocio\",\"item\":\"https:\\\/\\\/www.eldigitaldeasturias.com\\\/noticias\\\/category\\\/revista-de-ocio\\\/\",\"nextItem\":{\"@type\":\"ListItem\",\"@id\":\"https:\\\/\\\/www.eldigitaldeasturias.com\\\/noticias\\\/david-guetta-actuara-el-6-de-agosto-en-benidorm\\\/#listItem\",\"name\":\"David Guetta actuar\\u00e1 el 6 de agosto en Benidorm\"},\"previousItem\":{\"@type\":\"ListItem\",\"@id\":\"https:\\\/\\\/www.eldigitaldeasturias.com\\\/noticias#listItem\",\"name\":\"Home\"}},{\"@type\":\"ListItem\",\"@id\":\"https:\\\/\\\/www.eldigitaldeasturias.com\\\/noticias\\\/david-guetta-actuara-el-6-de-agosto-en-benidorm\\\/#listItem\",\"position\":3,\"name\":\"David Guetta actuar\\u00e1 el 6 de agosto en Benidorm\",\"previousItem\":{\"@type\":\"ListItem\",\"@id\":\"https:\\\/\\\/www.eldigitaldeasturias.com\\\/noticias\\\/category\\\/revista-de-ocio\\\/#listItem\",\"name\":\"Revista de Ocio\"}}]},{\"@type\":\"Organization\",\"@id\":\"https:\\\/\\\/www.eldigitaldeasturias.com\\\/noticias\\\/#organization\",\"name\":\"El Digital de Asturias\",\"description\":\"Hemeroteca\",\"url\":\"https:\\\/\\\/www.eldigitaldeasturias.com\\\/noticias\\\/\",\"email\":\"info@eldigitaldeasturias.com\",\"telephone\":\"+34652131393\",\"logo\":{\"@type\":\"ImageObject\",\"url\":\"https:\\\/\\\/www.eldigitaldeasturias.com\\\/noticias\\\/wp-content\\\/uploads\\\/2020\\\/12\\\/EDA.jpg\",\"@id\":\"https:\\\/\\\/www.eldigitaldeasturias.com\\\/noticias\\\/david-guetta-actuara-el-6-de-agosto-en-benidorm\\\/#organizationLogo\",\"width\":649,\"height\":297},\"image\":{\"@id\":\"https:\\\/\\\/www.eldigitaldeasturias.com\\\/noticias\\\/david-guetta-actuara-el-6-de-agosto-en-benidorm\\\/#organizationLogo\"},\"sameAs\":[\"https:\\\/\\\/facebook.com\\\/eldigitaldeasturias\",\"https:\\\/\\\/www.youtube.com\\\/channel\\\/UCZP-2wLEB9Rv6erhFmqVnvg\"],\"address\":{\"@id\":\"https:\\\/\\\/www.eldigitaldeasturias.com\\\/noticias\\\/#postaladdress\",\"@type\":\"PostalAddress\",\"streetAddress\":\"san antonio 4,\",\"postalCode\":\"33430\",\"addressLocality\":\"Cand\\u00e1s\",\"addressRegion\":\"Asturias\",\"addressCountry\":\"ES\"}},{\"@type\":\"Person\",\"@id\":\"https:\\\/\\\/www.eldigitaldeasturias.com\\\/noticias\\\/author\\\/admin\\\/#author\",\"url\":\"https:\\\/\\\/www.eldigitaldeasturias.com\\\/noticias\\\/author\\\/admin\\\/\",\"name\":\"El Digital de Asturias\",\"image\":{\"@type\":\"ImageObject\",\"@id\":\"https:\\\/\\\/www.eldigitaldeasturias.com\\\/noticias\\\/david-guetta-actuara-el-6-de-agosto-en-benidorm\\\/#authorImage\",\"url\":\"https:\\\/\\\/www.eldigitaldeasturias.com\\\/noticias\\\/wp-content\\\/litespeed\\\/avatar\\\/18677e78aa0546b92d9dbf31ec7d7668.jpg?ver=1777290358\",\"width\":96,\"height\":96,\"caption\":\"El Digital de Asturias\"}},{\"@type\":\"WebPage\",\"@id\":\"https:\\\/\\\/www.eldigitaldeasturias.com\\\/noticias\\\/david-guetta-actuara-el-6-de-agosto-en-benidorm\\\/#webpage\",\"url\":\"https:\\\/\\\/www.eldigitaldeasturias.com\\\/noticias\\\/david-guetta-actuara-el-6-de-agosto-en-benidorm\\\/\",\"name\":\"David Guetta actuar\\u00e1 el 6 de agosto en Benidorm - El Digital de Asturias\",\"description\":\"El DJ David Guetta actuar\\u00e1 en el estadio Guillermo Amor de Benidorm (Alicante) el pr\\u00f3ximo 6 de agosto en el que ser\\u00e1 su \\u00fanico concierto en solitario en Espa\\u00f1a, seg\\u00fan ha avanzado el alcalde de la ciudad, Toni P\\u00e9rez, en una rueda de prensa este martes. Por su parte, el portavoz de la promotora Benidorm\",\"inLanguage\":\"es-ES\",\"isPartOf\":{\"@id\":\"https:\\\/\\\/www.eldigitaldeasturias.com\\\/noticias\\\/#website\"},\"breadcrumb\":{\"@id\":\"https:\\\/\\\/www.eldigitaldeasturias.com\\\/noticias\\\/david-guetta-actuara-el-6-de-agosto-en-benidorm\\\/#breadcrumblist\"},\"author\":{\"@id\":\"https:\\\/\\\/www.eldigitaldeasturias.com\\\/noticias\\\/author\\\/admin\\\/#author\"},\"creator\":{\"@id\":\"https:\\\/\\\/www.eldigitaldeasturias.com\\\/noticias\\\/author\\\/admin\\\/#author\"},\"image\":{\"@type\":\"ImageObject\",\"url\":\"https:\\\/\\\/www.eldigitaldeasturias.com\\\/noticias\\\/wp-content\\\/uploads\\\/2016\\\/02\\\/fotonoticia_20160202173736_800.jpg\",\"@id\":\"https:\\\/\\\/www.eldigitaldeasturias.com\\\/noticias\\\/david-guetta-actuara-el-6-de-agosto-en-benidorm\\\/#mainImage\",\"width\":800,\"height\":534},\"primaryImageOfPage\":{\"@id\":\"https:\\\/\\\/www.eldigitaldeasturias.com\\\/noticias\\\/david-guetta-actuara-el-6-de-agosto-en-benidorm\\\/#mainImage\"},\"datePublished\":\"2016-02-03T01:18:35+01:00\",\"dateModified\":\"2016-02-03T01:18:35+01:00\"},{\"@type\":\"WebSite\",\"@id\":\"https:\\\/\\\/www.eldigitaldeasturias.com\\\/noticias\\\/#website\",\"url\":\"https:\\\/\\\/www.eldigitaldeasturias.com\\\/noticias\\\/\",\"name\":\"El Digital de Asturias - Diario de actualidad y noticias\",\"alternateName\":\"El Digital de Asturias - Diario de actualidad y noticias\",\"description\":\"Hemeroteca\",\"inLanguage\":\"es-ES\",\"publisher\":{\"@id\":\"https:\\\/\\\/www.eldigitaldeasturias.com\\\/noticias\\\/#organization\"}}]}\n\t\t<\/script>\n\t\t<!-- All in One SEO Pro -->\r\n\t\t<title>David Guetta actuar\u00e1 el 6 de agosto en Benidorm - El Digital de Asturias<\/title>\n\n","aioseo_head_json":{"title":"David Guetta actuar\u00e1 el 6 de agosto en Benidorm - El Digital de Asturias","description":"El DJ David Guetta actuar\u00e1 en el estadio Guillermo Amor de Benidorm (Alicante) el pr\u00f3ximo 6 de agosto en el que ser\u00e1 su \u00fanico concierto en solitario en Espa\u00f1a, seg\u00fan ha avanzado el alcalde de la ciudad, Toni P\u00e9rez, en una rueda de prensa este martes. Por su parte, el portavoz de la promotora Benidorm","canonical_url":"https:\/\/www.eldigitaldeasturias.com\/noticias\/david-guetta-actuara-el-6-de-agosto-en-benidorm\/","robots":"max-image-preview:large","keywords":"revista de ocio","webmasterTools":{"google-site-verification":"UA-38556648-1","msvalidate.01":"7dfe9f3f1b24437ab69f4f2559babe99","miscellaneous":""},"schema":{"@context":"https:\/\/schema.org","@graph":[{"@type":"BlogPosting","@id":"https:\/\/www.eldigitaldeasturias.com\/noticias\/david-guetta-actuara-el-6-de-agosto-en-benidorm\/#blogposting","name":"David Guetta actuar\u00e1 el 6 de agosto en Benidorm - El Digital de Asturias","headline":"David Guetta actuar\u00e1 el 6 de agosto en Benidorm","author":{"@id":"https:\/\/www.eldigitaldeasturias.com\/noticias\/author\/admin\/#author"},"publisher":{"@id":"https:\/\/www.eldigitaldeasturias.com\/noticias\/#organization"},"image":{"@type":"ImageObject","url":"https:\/\/www.eldigitaldeasturias.com\/noticias\/wp-content\/uploads\/2016\/02\/fotonoticia_20160202173736_800.jpg","width":800,"height":534},"datePublished":"2016-02-03T01:18:35+01:00","dateModified":"2016-02-03T01:18:35+01:00","inLanguage":"es-ES","mainEntityOfPage":{"@id":"https:\/\/www.eldigitaldeasturias.com\/noticias\/david-guetta-actuara-el-6-de-agosto-en-benidorm\/#webpage"},"isPartOf":{"@id":"https:\/\/www.eldigitaldeasturias.com\/noticias\/david-guetta-actuara-el-6-de-agosto-en-benidorm\/#webpage"},"articleSection":"Revista de Ocio"},{"@type":"BreadcrumbList","@id":"https:\/\/www.eldigitaldeasturias.com\/noticias\/david-guetta-actuara-el-6-de-agosto-en-benidorm\/#breadcrumblist","itemListElement":[{"@type":"ListItem","@id":"https:\/\/www.eldigitaldeasturias.com\/noticias#listItem","position":1,"name":"Home","item":"https:\/\/www.eldigitaldeasturias.com\/noticias","nextItem":{"@type":"ListItem","@id":"https:\/\/www.eldigitaldeasturias.com\/noticias\/category\/revista-de-ocio\/#listItem","name":"Revista de Ocio"}},{"@type":"ListItem","@id":"https:\/\/www.eldigitaldeasturias.com\/noticias\/category\/revista-de-ocio\/#listItem","position":2,"name":"Revista de Ocio","item":"https:\/\/www.eldigitaldeasturias.com\/noticias\/category\/revista-de-ocio\/","nextItem":{"@type":"ListItem","@id":"https:\/\/www.eldigitaldeasturias.com\/noticias\/david-guetta-actuara-el-6-de-agosto-en-benidorm\/#listItem","name":"David Guetta actuar\u00e1 el 6 de agosto en Benidorm"},"previousItem":{"@type":"ListItem","@id":"https:\/\/www.eldigitaldeasturias.com\/noticias#listItem","name":"Home"}},{"@type":"ListItem","@id":"https:\/\/www.eldigitaldeasturias.com\/noticias\/david-guetta-actuara-el-6-de-agosto-en-benidorm\/#listItem","position":3,"name":"David Guetta actuar\u00e1 el 6 de agosto en Benidorm","previousItem":{"@type":"ListItem","@id":"https:\/\/www.eldigitaldeasturias.com\/noticias\/category\/revista-de-ocio\/#listItem","name":"Revista de Ocio"}}]},{"@type":"Organization","@id":"https:\/\/www.eldigitaldeasturias.com\/noticias\/#organization","name":"El Digital de Asturias","description":"Hemeroteca","url":"https:\/\/www.eldigitaldeasturias.com\/noticias\/","email":"info@eldigitaldeasturias.com","telephone":"+34652131393","logo":{"@type":"ImageObject","url":"https:\/\/www.eldigitaldeasturias.com\/noticias\/wp-content\/uploads\/2020\/12\/EDA.jpg","@id":"https:\/\/www.eldigitaldeasturias.com\/noticias\/david-guetta-actuara-el-6-de-agosto-en-benidorm\/#organizationLogo","width":649,"height":297},"image":{"@id":"https:\/\/www.eldigitaldeasturias.com\/noticias\/david-guetta-actuara-el-6-de-agosto-en-benidorm\/#organizationLogo"},"sameAs":["https:\/\/facebook.com\/eldigitaldeasturias","https:\/\/www.youtube.com\/channel\/UCZP-2wLEB9Rv6erhFmqVnvg"],"address":{"@id":"https:\/\/www.eldigitaldeasturias.com\/noticias\/#postaladdress","@type":"PostalAddress","streetAddress":"san antonio 4,","postalCode":"33430","addressLocality":"Cand\u00e1s","addressRegion":"Asturias","addressCountry":"ES"}},{"@type":"Person","@id":"https:\/\/www.eldigitaldeasturias.com\/noticias\/author\/admin\/#author","url":"https:\/\/www.eldigitaldeasturias.com\/noticias\/author\/admin\/","name":"El Digital de Asturias","image":{"@type":"ImageObject","@id":"https:\/\/www.eldigitaldeasturias.com\/noticias\/david-guetta-actuara-el-6-de-agosto-en-benidorm\/#authorImage","url":"https:\/\/www.eldigitaldeasturias.com\/noticias\/wp-content\/litespeed\/avatar\/18677e78aa0546b92d9dbf31ec7d7668.jpg?ver=1777290358","width":96,"height":96,"caption":"El Digital de Asturias"}},{"@type":"WebPage","@id":"https:\/\/www.eldigitaldeasturias.com\/noticias\/david-guetta-actuara-el-6-de-agosto-en-benidorm\/#webpage","url":"https:\/\/www.eldigitaldeasturias.com\/noticias\/david-guetta-actuara-el-6-de-agosto-en-benidorm\/","name":"David Guetta actuar\u00e1 el 6 de agosto en Benidorm - El Digital de Asturias","description":"El DJ David Guetta actuar\u00e1 en el estadio Guillermo Amor de Benidorm (Alicante) el pr\u00f3ximo 6 de agosto en el que ser\u00e1 su \u00fanico concierto en solitario en Espa\u00f1a, seg\u00fan ha avanzado el alcalde de la ciudad, Toni P\u00e9rez, en una rueda de prensa este martes. Por su parte, el portavoz de la promotora Benidorm","inLanguage":"es-ES","isPartOf":{"@id":"https:\/\/www.eldigitaldeasturias.com\/noticias\/#website"},"breadcrumb":{"@id":"https:\/\/www.eldigitaldeasturias.com\/noticias\/david-guetta-actuara-el-6-de-agosto-en-benidorm\/#breadcrumblist"},"author":{"@id":"https:\/\/www.eldigitaldeasturias.com\/noticias\/author\/admin\/#author"},"creator":{"@id":"https:\/\/www.eldigitaldeasturias.com\/noticias\/author\/admin\/#author"},"image":{"@type":"ImageObject","url":"https:\/\/www.eldigitaldeasturias.com\/noticias\/wp-content\/uploads\/2016\/02\/fotonoticia_20160202173736_800.jpg","@id":"https:\/\/www.eldigitaldeasturias.com\/noticias\/david-guetta-actuara-el-6-de-agosto-en-benidorm\/#mainImage","width":800,"height":534},"primaryImageOfPage":{"@id":"https:\/\/www.eldigitaldeasturias.com\/noticias\/david-guetta-actuara-el-6-de-agosto-en-benidorm\/#mainImage"},"datePublished":"2016-02-03T01:18:35+01:00","dateModified":"2016-02-03T01:18:35+01:00"},{"@type":"WebSite","@id":"https:\/\/www.eldigitaldeasturias.com\/noticias\/#website","url":"https:\/\/www.eldigitaldeasturias.com\/noticias\/","name":"El Digital de Asturias - Diario de actualidad y noticias","alternateName":"El Digital de Asturias - Diario de actualidad y noticias","description":"Hemeroteca","inLanguage":"es-ES","publisher":{"@id":"https:\/\/www.eldigitaldeasturias.com\/noticias\/#organization"}}]},"og:locale":"es_ES","og:site_name":"El Digital de Asturias","og:type":"article","og:title":"David Guetta actuar\u00e1 el 6 de agosto en Benidorm - El Digital de Asturias","og:description":"El DJ David Guetta actuar\u00e1 en el estadio Guillermo Amor de Benidorm (Alicante) el pr\u00f3ximo 6 de agosto en el que ser\u00e1 su \u00fanico concierto en solitario en Espa\u00f1a, seg\u00fan ha avanzado el alcalde de la ciudad, Toni P\u00e9rez, en una rueda de prensa este martes. Por su parte, el portavoz de la promotora Benidorm","og:url":"https:\/\/www.eldigitaldeasturias.com\/noticias\/david-guetta-actuara-el-6-de-agosto-en-benidorm\/","og:image":"https:\/\/www.eldigitaldeasturias.com\/noticias\/wp-content\/uploads\/2016\/02\/fotonoticia_20160202173736_800.jpg","og:image:secure_url":"https:\/\/www.eldigitaldeasturias.com\/noticias\/wp-content\/uploads\/2016\/02\/fotonoticia_20160202173736_800.jpg","og:image:width":800,"og:image:height":534,"article:tag":["revista de ocio"],"article:published_time":"2016-02-03T01:18:35+00:00","article:modified_time":"2016-02-03T01:18:35+00:00","article:publisher":"https:\/\/facebook.com\/eldigitaldeasturias","twitter:card":"summary_large_image","twitter:title":"David Guetta actuar\u00e1 el 6 de agosto en Benidorm - El Digital de Asturias","twitter:description":"El DJ David Guetta actuar\u00e1 en el estadio Guillermo Amor de Benidorm (Alicante) el pr\u00f3ximo 6 de agosto en el que ser\u00e1 su \u00fanico concierto en solitario en Espa\u00f1a, seg\u00fan ha avanzado el alcalde de la ciudad, Toni P\u00e9rez, en una rueda de prensa este martes. Por su parte, el portavoz de la promotora Benidorm","twitter:image":"https:\/\/www.eldigitaldeasturias.com\/noticias\/wp-content\/uploads\/2016\/02\/fotonoticia_20160202173736_800.jpg","twitter:label1":"Escrito por","twitter:data1":"El Digital de Asturias","twitter:label2":"Tiempo de lectura estimado","twitter:data2":"2 minutos"},"aioseo_meta_data":{"post_id":"853325","title":null,"description":null,"keywords":null,"keyphrases":null,"primary_term":null,"canonical_url":null,"og_title":null,"og_description":null,"og_object_type":"default","og_image_type":"default","og_image_url":null,"og_image_width":null,"og_image_height":null,"og_image_custom_url":null,"og_image_custom_fields":null,"og_video":null,"og_custom_url":null,"og_article_section":null,"og_article_tags":null,"twitter_use_og":false,"twitter_card":"default","twitter_image_type":"default","twitter_image_url":null,"twitter_image_custom_url":null,"twitter_image_custom_fields":null,"twitter_title":null,"twitter_description":null,"schema":{"blockGraphs":[],"customGraphs":[],"default":{"data":{"Article":[],"Course":[],"Dataset":[],"FAQPage":[],"Movie":[],"Person":[],"Product":[],"ProductReview":[],"Car":[],"Recipe":[],"Service":[],"SoftwareApplication":[],"WebPage":[]},"graphName":"","isEnabled":true},"graphs":[],"defaultGraph":"","defaultPostTypeGraph":""},"schema_type":null,"schema_type_options":null,"pillar_content":false,"robots_default":true,"robots_noindex":false,"robots_noarchive":false,"robots_nosnippet":false,"robots_nofollow":false,"robots_noimageindex":false,"robots_noodp":false,"robots_notranslate":false,"robots_max_snippet":null,"robots_max_videopreview":null,"robots_max_imagepreview":"large","priority":null,"frequency":null,"local_seo":null,"seo_analyzer_scan_date":"2025-12-09 17:41:13","breadcrumb_settings":null,"limit_modified_date":false,"open_ai":null,"ai":null,"created":"2020-12-21 11:05:30","updated":"2025-12-09 17:41:13"},"aioseo_breadcrumb":"<div class=\"aioseo-breadcrumbs\"><span class=\"aioseo-breadcrumb\">\n\t<a href=\"https:\/\/www.eldigitaldeasturias.com\/noticias\" title=\"Home\">Home<\/a>\n<\/span><span class=\"aioseo-breadcrumb-separator\">\u2013<\/span><span class=\"aioseo-breadcrumb\">\n\t<a href=\"https:\/\/www.eldigitaldeasturias.com\/noticias\/category\/revista-de-ocio\/\" title=\"Revista de Ocio\">Revista de Ocio<\/a>\n<\/span><span class=\"aioseo-breadcrumb-separator\">\u2013<\/span><span class=\"aioseo-breadcrumb\">\n\t<a href=\"https:\/\/www.eldigitaldeasturias.com\/noticias\/david-guetta-actuara-el-6-de-agosto-en-benidorm\/\" title=\"David Guetta actuar\u00e1 el 6 de agosto en Benidorm\">David Guetta actuar\u00e1 el 6 de agosto en Benidorm<\/a>\n<\/span><\/div>","aioseo_breadcrumb_json":[{"label":"Home","link":"https:\/\/www.eldigitaldeasturias.com\/noticias"},{"label":"Revista de Ocio","link":"https:\/\/www.eldigitaldeasturias.com\/noticias\/category\/revista-de-ocio\/"},{"label":"David Guetta actuar\u00e1 el 6 de agosto en Benidorm","link":"https:\/\/www.eldigitaldeasturias.com\/noticias\/david-guetta-actuara-el-6-de-agosto-en-benidorm\/"}],"_links":{"self":[{"href":"https:\/\/www.eldigitaldeasturias.com\/noticias\/wp-json\/wp\/v2\/posts\/853325","targetHints":{"allow":["GET"]}}],"collection":[{"href":"https:\/\/www.eldigitaldeasturias.com\/noticias\/wp-json\/wp\/v2\/posts"}],"about":[{"href":"https:\/\/www.eldigitaldeasturias.com\/noticias\/wp-json\/wp\/v2\/types\/post"}],"author":[{"embeddable":true,"href":"https:\/\/www.eldigitaldeasturias.com\/noticias\/wp-json\/wp\/v2\/users\/1"}],"replies":[{"embeddable":true,"href":"https:\/\/www.eldigitaldeasturias.com\/noticias\/wp-json\/wp\/v2\/comments?post=853325"}],"version-history":[{"count":0,"href":"https:\/\/www.eldigitaldeasturias.com\/noticias\/wp-json\/wp\/v2\/posts\/853325\/revisions"}],"wp:featuredmedia":[{"embeddable":true,"href":"https:\/\/www.eldigitaldeasturias.com\/noticias\/wp-json\/wp\/v2\/media\/853326"}],"wp:attachment":[{"href":"https:\/\/www.eldigitaldeasturias.com\/noticias\/wp-json\/wp\/v2\/media?parent=853325"}],"wp:term":[{"taxonomy":"category","embeddable":true,"href":"https:\/\/www.eldigitaldeasturias.com\/noticias\/wp-json\/wp\/v2\/categories?post=853325"},{"taxonomy":"post_tag","embeddable":true,"href":"https:\/\/www.eldigitaldeasturias.com\/noticias\/wp-json\/wp\/v2\/tags?post=853325"}],"curies":[{"name":"wp","href":"https:\/\/api.w.org\/{rel}","templated":true}]}}