{"id":853322,"date":"2016-02-03T01:17:01","date_gmt":"2016-02-03T01:17:01","guid":{"rendered":"http:\/\/www.eldigitaldeasturias.com\/noticias\/?p=853322"},"modified":"2016-02-03T01:17:01","modified_gmt":"2016-02-03T01:17:01","slug":"esther-gomez-reconoce-que-seria-un-placer-tener-a-rosendo-en-las-fiestas-de-san-isidro","status":"publish","type":"post","link":"https:\/\/www.eldigitaldeasturias.com\/noticias\/esther-gomez-reconoce-que-seria-un-placer-tener-a-rosendo-en-las-fiestas-de-san-isidro\/","title":{"rendered":"Esther G\u00f3mez reconoce que ser\u00eda \u00abun placer\u00bb tener a Rosendo en las fiestas de San Isidro"},"content":{"rendered":"<p><img loading=\"lazy\" decoding=\"async\" class=\"alignleft size-medium wp-image-853323\" src=\"https:\/\/www.eldigitaldeasturias.com\/noticias\/wp-content\/uploads\/2016\/02\/fotonoticia_20160202173007_800-360x240.jpg\" alt=\"fotonoticia_20160202173007_800\" width=\"360\" height=\"240\" srcset=\"https:\/\/www.eldigitaldeasturias.com\/noticias\/wp-content\/uploads\/2016\/02\/fotonoticia_20160202173007_800-360x240.jpg 360w, https:\/\/www.eldigitaldeasturias.com\/noticias\/wp-content\/uploads\/2016\/02\/fotonoticia_20160202173007_800-768x512.jpg 768w, https:\/\/www.eldigitaldeasturias.com\/noticias\/wp-content\/uploads\/2016\/02\/fotonoticia_20160202173007_800-650x433.jpg 650w, https:\/\/www.eldigitaldeasturias.com\/noticias\/wp-content\/uploads\/2016\/02\/fotonoticia_20160202173007_800-84x55.jpg 84w, https:\/\/www.eldigitaldeasturias.com\/noticias\/wp-content\/uploads\/2016\/02\/fotonoticia_20160202173007_800-49x32.jpg 49w, https:\/\/www.eldigitaldeasturias.com\/noticias\/wp-content\/uploads\/2016\/02\/fotonoticia_20160202173007_800.jpg 800w\" sizes=\"auto, (max-width: 360px) 100vw, 360px\" \/>La concejal de Carabanchel y Latina, Esther G\u00f3mez, ha confesado este martes en la entrevista colectiva del portal Decide Madrid que ser\u00eda \u00abun placer\u00bb contar con Rosendo en las fiestas de San Isidro.<\/p>\n<p>G\u00f3mez, \u00abcarabanchelera de toda la vida\u00bb, es consciente de \u00abla importancia que Rosendo tiene en la identidad cultural del distrito\u00bb. \u00abPara m\u00ed ser\u00eda un placer contar con Rosendo en las fiestas de San Isidro. Se lo pod\u00e9is hacer llegar si ten\u00e9is contacto con \u00e9l\u00bb, ha escrito entre bromas.<\/p>\n<p>Ante la propuesta de levantar una escultura en honor a Rosendo, la edil ha invitado a los proponentes de esta idea que la hagan llegar a trav\u00e9s del registro de L\u00ednea Madrid. Tambi\u00e9n ha invitado a participar en la propuesta en este sentido de Decide Madrid.<\/p>\n","protected":false},"excerpt":{"rendered":"<p>La concejal de Carabanchel y Latina, Esther G\u00f3mez, ha confesado este martes en la entrevista colectiva del portal Decide Madrid que ser\u00eda \u00abun placer\u00bb contar con Rosendo en las fiestas de San Isidro. G\u00f3mez, \u00abcarabanchelera de toda la vida\u00bb, es consciente de \u00abla importancia que Rosendo tiene en la identidad cultural del distrito\u00bb. \u00abPara m\u00ed [&hellip;]<\/p>\n","protected":false},"author":1,"featured_media":853323,"comment_status":"closed","ping_status":"closed","sticky":false,"template":"","format":"standard","meta":{"footnotes":""},"categories":[1],"tags":[],"class_list":["post-853322","post","type-post","status-publish","format-standard","has-post-thumbnail","hentry","category-actualidad"],"aioseo_notices":[],"aioseo_head":"\n\t\t<!-- All in One SEO Pro 4.9.6.2 - aioseo.com -->\n\t<meta name=\"description\" content=\"La concejal de Carabanchel y Latina, Esther G\u00f3mez, ha confesado este martes en la entrevista colectiva del portal Decide Madrid que ser\u00eda &quot;un placer&quot; contar con Rosendo en las fiestas de San Isidro. G\u00f3mez, &quot;carabanchelera de toda la vida&quot;, es consciente de &quot;la importancia que Rosendo tiene en la identidad cultural del distrito&quot;. &quot;Para m\u00ed\" \/>\n\t<meta name=\"robots\" content=\"max-image-preview:large\" \/>\n\t<meta name=\"author\" content=\"El Digital de Asturias\"\/>\n\t<meta name=\"google-site-verification\" content=\"UA-38556648-1\" \/>\n\t<meta name=\"msvalidate.01\" content=\"7dfe9f3f1b24437ab69f4f2559babe99\" \/>\n\t<meta name=\"keywords\" content=\"actualidad\" \/>\n\t<link rel=\"canonical\" href=\"https:\/\/www.eldigitaldeasturias.com\/noticias\/esther-gomez-reconoce-que-seria-un-placer-tener-a-rosendo-en-las-fiestas-de-san-isidro\/\" \/>\n\t<meta name=\"generator\" content=\"All in One SEO Pro (AIOSEO) 4.9.6.2\" \/>\n\t\t<meta property=\"og:locale\" content=\"es_ES\" \/>\n\t\t<meta property=\"og:site_name\" content=\"El Digital de Asturias\" \/>\n\t\t<meta property=\"og:type\" content=\"article\" \/>\n\t\t<meta property=\"og:title\" content=\"Esther G\u00f3mez reconoce que ser\u00eda \u00abun placer\u00bb tener a Rosendo en las fiestas de San Isidro - El Digital de Asturias\" \/>\n\t\t<meta property=\"og:description\" content=\"La concejal de Carabanchel y Latina, Esther G\u00f3mez, ha confesado este martes en la entrevista colectiva del portal Decide Madrid que ser\u00eda &quot;un placer&quot; contar con Rosendo en las fiestas de San Isidro. G\u00f3mez, &quot;carabanchelera de toda la vida&quot;, es consciente de &quot;la importancia que Rosendo tiene en la identidad cultural del distrito&quot;. &quot;Para m\u00ed\" \/>\n\t\t<meta property=\"og:url\" content=\"https:\/\/www.eldigitaldeasturias.com\/noticias\/esther-gomez-reconoce-que-seria-un-placer-tener-a-rosendo-en-las-fiestas-de-san-isidro\/\" \/>\n\t\t<meta property=\"og:image\" content=\"https:\/\/www.eldigitaldeasturias.com\/noticias\/wp-content\/uploads\/2016\/02\/fotonoticia_20160202173007_800.jpg\" \/>\n\t\t<meta property=\"og:image:secure_url\" content=\"https:\/\/www.eldigitaldeasturias.com\/noticias\/wp-content\/uploads\/2016\/02\/fotonoticia_20160202173007_800.jpg\" \/>\n\t\t<meta property=\"og:image:width\" content=\"800\" \/>\n\t\t<meta property=\"og:image:height\" content=\"533\" \/>\n\t\t<meta property=\"article:tag\" content=\"actualidad\" \/>\n\t\t<meta property=\"article:published_time\" content=\"2016-02-03T01:17:01+00:00\" \/>\n\t\t<meta property=\"article:modified_time\" content=\"2016-02-03T01:17:01+00:00\" \/>\n\t\t<meta property=\"article:publisher\" content=\"https:\/\/facebook.com\/eldigitaldeasturias\" \/>\n\t\t<meta name=\"twitter:card\" content=\"summary_large_image\" \/>\n\t\t<meta name=\"twitter:title\" content=\"Esther G\u00f3mez reconoce que ser\u00eda \u00abun placer\u00bb tener a Rosendo en las fiestas de San Isidro - El Digital de Asturias\" \/>\n\t\t<meta name=\"twitter:description\" content=\"La concejal de Carabanchel y Latina, Esther G\u00f3mez, ha confesado este martes en la entrevista colectiva del portal Decide Madrid que ser\u00eda &quot;un placer&quot; contar con Rosendo en las fiestas de San Isidro. G\u00f3mez, &quot;carabanchelera de toda la vida&quot;, es consciente de &quot;la importancia que Rosendo tiene en la identidad cultural del distrito&quot;. &quot;Para m\u00ed\" \/>\n\t\t<meta name=\"twitter:image\" content=\"https:\/\/www.eldigitaldeasturias.com\/noticias\/wp-content\/uploads\/2016\/02\/fotonoticia_20160202173007_800.jpg\" \/>\n\t\t<meta name=\"twitter:label1\" content=\"Escrito por\" \/>\n\t\t<meta name=\"twitter:data1\" content=\"El Digital de Asturias\" \/>\n\t\t<meta name=\"twitter:label2\" content=\"Tiempo de lectura estimado\" \/>\n\t\t<meta name=\"twitter:data2\" content=\"1 minuto\" \/>\n\t\t<script type=\"application\/ld+json\" class=\"aioseo-schema\">\n\t\t\t{\"@context\":\"https:\\\/\\\/schema.org\",\"@graph\":[{\"@type\":\"BlogPosting\",\"@id\":\"https:\\\/\\\/www.eldigitaldeasturias.com\\\/noticias\\\/esther-gomez-reconoce-que-seria-un-placer-tener-a-rosendo-en-las-fiestas-de-san-isidro\\\/#blogposting\",\"name\":\"Esther G\\u00f3mez reconoce que ser\\u00eda \\u00abun placer\\u00bb tener a Rosendo en las fiestas de San Isidro - El Digital de Asturias\",\"headline\":\"Esther G\\u00f3mez reconoce que ser\\u00eda \\u00abun placer\\u00bb tener a Rosendo en las fiestas de San Isidro\",\"author\":{\"@id\":\"https:\\\/\\\/www.eldigitaldeasturias.com\\\/noticias\\\/author\\\/admin\\\/#author\"},\"publisher\":{\"@id\":\"https:\\\/\\\/www.eldigitaldeasturias.com\\\/noticias\\\/#organization\"},\"image\":{\"@type\":\"ImageObject\",\"url\":\"https:\\\/\\\/www.eldigitaldeasturias.com\\\/noticias\\\/wp-content\\\/uploads\\\/2016\\\/02\\\/fotonoticia_20160202173007_800.jpg\",\"width\":800,\"height\":533},\"datePublished\":\"2016-02-03T01:17:01+01:00\",\"dateModified\":\"2016-02-03T01:17:01+01:00\",\"inLanguage\":\"es-ES\",\"mainEntityOfPage\":{\"@id\":\"https:\\\/\\\/www.eldigitaldeasturias.com\\\/noticias\\\/esther-gomez-reconoce-que-seria-un-placer-tener-a-rosendo-en-las-fiestas-de-san-isidro\\\/#webpage\"},\"isPartOf\":{\"@id\":\"https:\\\/\\\/www.eldigitaldeasturias.com\\\/noticias\\\/esther-gomez-reconoce-que-seria-un-placer-tener-a-rosendo-en-las-fiestas-de-san-isidro\\\/#webpage\"},\"articleSection\":\"Actualidad\"},{\"@type\":\"BreadcrumbList\",\"@id\":\"https:\\\/\\\/www.eldigitaldeasturias.com\\\/noticias\\\/esther-gomez-reconoce-que-seria-un-placer-tener-a-rosendo-en-las-fiestas-de-san-isidro\\\/#breadcrumblist\",\"itemListElement\":[{\"@type\":\"ListItem\",\"@id\":\"https:\\\/\\\/www.eldigitaldeasturias.com\\\/noticias#listItem\",\"position\":1,\"name\":\"Home\",\"item\":\"https:\\\/\\\/www.eldigitaldeasturias.com\\\/noticias\",\"nextItem\":{\"@type\":\"ListItem\",\"@id\":\"https:\\\/\\\/www.eldigitaldeasturias.com\\\/noticias\\\/category\\\/actualidad\\\/#listItem\",\"name\":\"Actualidad\"}},{\"@type\":\"ListItem\",\"@id\":\"https:\\\/\\\/www.eldigitaldeasturias.com\\\/noticias\\\/category\\\/actualidad\\\/#listItem\",\"position\":2,\"name\":\"Actualidad\",\"item\":\"https:\\\/\\\/www.eldigitaldeasturias.com\\\/noticias\\\/category\\\/actualidad\\\/\",\"nextItem\":{\"@type\":\"ListItem\",\"@id\":\"https:\\\/\\\/www.eldigitaldeasturias.com\\\/noticias\\\/esther-gomez-reconoce-que-seria-un-placer-tener-a-rosendo-en-las-fiestas-de-san-isidro\\\/#listItem\",\"name\":\"Esther G\\u00f3mez reconoce que ser\\u00eda \\u00abun placer\\u00bb tener a Rosendo en las fiestas de San Isidro\"},\"previousItem\":{\"@type\":\"ListItem\",\"@id\":\"https:\\\/\\\/www.eldigitaldeasturias.com\\\/noticias#listItem\",\"name\":\"Home\"}},{\"@type\":\"ListItem\",\"@id\":\"https:\\\/\\\/www.eldigitaldeasturias.com\\\/noticias\\\/esther-gomez-reconoce-que-seria-un-placer-tener-a-rosendo-en-las-fiestas-de-san-isidro\\\/#listItem\",\"position\":3,\"name\":\"Esther G\\u00f3mez reconoce que ser\\u00eda \\u00abun placer\\u00bb tener a Rosendo en las fiestas de San Isidro\",\"previousItem\":{\"@type\":\"ListItem\",\"@id\":\"https:\\\/\\\/www.eldigitaldeasturias.com\\\/noticias\\\/category\\\/actualidad\\\/#listItem\",\"name\":\"Actualidad\"}}]},{\"@type\":\"Organization\",\"@id\":\"https:\\\/\\\/www.eldigitaldeasturias.com\\\/noticias\\\/#organization\",\"name\":\"El Digital de Asturias\",\"description\":\"Hemeroteca\",\"url\":\"https:\\\/\\\/www.eldigitaldeasturias.com\\\/noticias\\\/\",\"email\":\"info@eldigitaldeasturias.com\",\"telephone\":\"+34652131393\",\"logo\":{\"@type\":\"ImageObject\",\"url\":\"https:\\\/\\\/www.eldigitaldeasturias.com\\\/noticias\\\/wp-content\\\/uploads\\\/2020\\\/12\\\/EDA.jpg\",\"@id\":\"https:\\\/\\\/www.eldigitaldeasturias.com\\\/noticias\\\/esther-gomez-reconoce-que-seria-un-placer-tener-a-rosendo-en-las-fiestas-de-san-isidro\\\/#organizationLogo\",\"width\":649,\"height\":297},\"image\":{\"@id\":\"https:\\\/\\\/www.eldigitaldeasturias.com\\\/noticias\\\/esther-gomez-reconoce-que-seria-un-placer-tener-a-rosendo-en-las-fiestas-de-san-isidro\\\/#organizationLogo\"},\"sameAs\":[\"https:\\\/\\\/facebook.com\\\/eldigitaldeasturias\",\"https:\\\/\\\/www.youtube.com\\\/channel\\\/UCZP-2wLEB9Rv6erhFmqVnvg\"],\"address\":{\"@id\":\"https:\\\/\\\/www.eldigitaldeasturias.com\\\/noticias\\\/#postaladdress\",\"@type\":\"PostalAddress\",\"streetAddress\":\"san antonio 4,\",\"postalCode\":\"33430\",\"addressLocality\":\"Cand\\u00e1s\",\"addressRegion\":\"Asturias\",\"addressCountry\":\"ES\"}},{\"@type\":\"Person\",\"@id\":\"https:\\\/\\\/www.eldigitaldeasturias.com\\\/noticias\\\/author\\\/admin\\\/#author\",\"url\":\"https:\\\/\\\/www.eldigitaldeasturias.com\\\/noticias\\\/author\\\/admin\\\/\",\"name\":\"El Digital de Asturias\",\"image\":{\"@type\":\"ImageObject\",\"@id\":\"https:\\\/\\\/www.eldigitaldeasturias.com\\\/noticias\\\/esther-gomez-reconoce-que-seria-un-placer-tener-a-rosendo-en-las-fiestas-de-san-isidro\\\/#authorImage\",\"url\":\"https:\\\/\\\/www.eldigitaldeasturias.com\\\/noticias\\\/wp-content\\\/litespeed\\\/avatar\\\/18677e78aa0546b92d9dbf31ec7d7668.jpg?ver=1777290358\",\"width\":96,\"height\":96,\"caption\":\"El Digital de Asturias\"}},{\"@type\":\"WebPage\",\"@id\":\"https:\\\/\\\/www.eldigitaldeasturias.com\\\/noticias\\\/esther-gomez-reconoce-que-seria-un-placer-tener-a-rosendo-en-las-fiestas-de-san-isidro\\\/#webpage\",\"url\":\"https:\\\/\\\/www.eldigitaldeasturias.com\\\/noticias\\\/esther-gomez-reconoce-que-seria-un-placer-tener-a-rosendo-en-las-fiestas-de-san-isidro\\\/\",\"name\":\"Esther G\\u00f3mez reconoce que ser\\u00eda \\u00abun placer\\u00bb tener a Rosendo en las fiestas de San Isidro - El Digital de Asturias\",\"description\":\"La concejal de Carabanchel y Latina, Esther G\\u00f3mez, ha confesado este martes en la entrevista colectiva del portal Decide Madrid que ser\\u00eda \\\"un placer\\\" contar con Rosendo en las fiestas de San Isidro. G\\u00f3mez, \\\"carabanchelera de toda la vida\\\", es consciente de \\\"la importancia que Rosendo tiene en la identidad cultural del distrito\\\". \\\"Para m\\u00ed\",\"inLanguage\":\"es-ES\",\"isPartOf\":{\"@id\":\"https:\\\/\\\/www.eldigitaldeasturias.com\\\/noticias\\\/#website\"},\"breadcrumb\":{\"@id\":\"https:\\\/\\\/www.eldigitaldeasturias.com\\\/noticias\\\/esther-gomez-reconoce-que-seria-un-placer-tener-a-rosendo-en-las-fiestas-de-san-isidro\\\/#breadcrumblist\"},\"author\":{\"@id\":\"https:\\\/\\\/www.eldigitaldeasturias.com\\\/noticias\\\/author\\\/admin\\\/#author\"},\"creator\":{\"@id\":\"https:\\\/\\\/www.eldigitaldeasturias.com\\\/noticias\\\/author\\\/admin\\\/#author\"},\"image\":{\"@type\":\"ImageObject\",\"url\":\"https:\\\/\\\/www.eldigitaldeasturias.com\\\/noticias\\\/wp-content\\\/uploads\\\/2016\\\/02\\\/fotonoticia_20160202173007_800.jpg\",\"@id\":\"https:\\\/\\\/www.eldigitaldeasturias.com\\\/noticias\\\/esther-gomez-reconoce-que-seria-un-placer-tener-a-rosendo-en-las-fiestas-de-san-isidro\\\/#mainImage\",\"width\":800,\"height\":533},\"primaryImageOfPage\":{\"@id\":\"https:\\\/\\\/www.eldigitaldeasturias.com\\\/noticias\\\/esther-gomez-reconoce-que-seria-un-placer-tener-a-rosendo-en-las-fiestas-de-san-isidro\\\/#mainImage\"},\"datePublished\":\"2016-02-03T01:17:01+01:00\",\"dateModified\":\"2016-02-03T01:17:01+01:00\"},{\"@type\":\"WebSite\",\"@id\":\"https:\\\/\\\/www.eldigitaldeasturias.com\\\/noticias\\\/#website\",\"url\":\"https:\\\/\\\/www.eldigitaldeasturias.com\\\/noticias\\\/\",\"name\":\"El Digital de Asturias - Diario de actualidad y noticias\",\"alternateName\":\"El Digital de Asturias - Diario de actualidad y noticias\",\"description\":\"Hemeroteca\",\"inLanguage\":\"es-ES\",\"publisher\":{\"@id\":\"https:\\\/\\\/www.eldigitaldeasturias.com\\\/noticias\\\/#organization\"}}]}\n\t\t<\/script>\n\t\t<!-- All in One SEO Pro -->\r\n\t\t<title>Esther G\u00f3mez reconoce que ser\u00eda \u00abun placer\u00bb tener a Rosendo en las fiestas de San Isidro - El Digital de Asturias<\/title>\n\n","aioseo_head_json":{"title":"Esther G\u00f3mez reconoce que ser\u00eda \u00abun placer\u00bb tener a Rosendo en las fiestas de San Isidro - El Digital de Asturias","description":"La concejal de Carabanchel y Latina, Esther G\u00f3mez, ha confesado este martes en la entrevista colectiva del portal Decide Madrid que ser\u00eda \"un placer\" contar con Rosendo en las fiestas de San Isidro. G\u00f3mez, \"carabanchelera de toda la vida\", es consciente de \"la importancia que Rosendo tiene en la identidad cultural del distrito\". \"Para m\u00ed","canonical_url":"https:\/\/www.eldigitaldeasturias.com\/noticias\/esther-gomez-reconoce-que-seria-un-placer-tener-a-rosendo-en-las-fiestas-de-san-isidro\/","robots":"max-image-preview:large","keywords":"actualidad","webmasterTools":{"google-site-verification":"UA-38556648-1","msvalidate.01":"7dfe9f3f1b24437ab69f4f2559babe99","miscellaneous":""},"schema":{"@context":"https:\/\/schema.org","@graph":[{"@type":"BlogPosting","@id":"https:\/\/www.eldigitaldeasturias.com\/noticias\/esther-gomez-reconoce-que-seria-un-placer-tener-a-rosendo-en-las-fiestas-de-san-isidro\/#blogposting","name":"Esther G\u00f3mez reconoce que ser\u00eda \u00abun placer\u00bb tener a Rosendo en las fiestas de San Isidro - El Digital de Asturias","headline":"Esther G\u00f3mez reconoce que ser\u00eda \u00abun placer\u00bb tener a Rosendo en las fiestas de San Isidro","author":{"@id":"https:\/\/www.eldigitaldeasturias.com\/noticias\/author\/admin\/#author"},"publisher":{"@id":"https:\/\/www.eldigitaldeasturias.com\/noticias\/#organization"},"image":{"@type":"ImageObject","url":"https:\/\/www.eldigitaldeasturias.com\/noticias\/wp-content\/uploads\/2016\/02\/fotonoticia_20160202173007_800.jpg","width":800,"height":533},"datePublished":"2016-02-03T01:17:01+01:00","dateModified":"2016-02-03T01:17:01+01:00","inLanguage":"es-ES","mainEntityOfPage":{"@id":"https:\/\/www.eldigitaldeasturias.com\/noticias\/esther-gomez-reconoce-que-seria-un-placer-tener-a-rosendo-en-las-fiestas-de-san-isidro\/#webpage"},"isPartOf":{"@id":"https:\/\/www.eldigitaldeasturias.com\/noticias\/esther-gomez-reconoce-que-seria-un-placer-tener-a-rosendo-en-las-fiestas-de-san-isidro\/#webpage"},"articleSection":"Actualidad"},{"@type":"BreadcrumbList","@id":"https:\/\/www.eldigitaldeasturias.com\/noticias\/esther-gomez-reconoce-que-seria-un-placer-tener-a-rosendo-en-las-fiestas-de-san-isidro\/#breadcrumblist","itemListElement":[{"@type":"ListItem","@id":"https:\/\/www.eldigitaldeasturias.com\/noticias#listItem","position":1,"name":"Home","item":"https:\/\/www.eldigitaldeasturias.com\/noticias","nextItem":{"@type":"ListItem","@id":"https:\/\/www.eldigitaldeasturias.com\/noticias\/category\/actualidad\/#listItem","name":"Actualidad"}},{"@type":"ListItem","@id":"https:\/\/www.eldigitaldeasturias.com\/noticias\/category\/actualidad\/#listItem","position":2,"name":"Actualidad","item":"https:\/\/www.eldigitaldeasturias.com\/noticias\/category\/actualidad\/","nextItem":{"@type":"ListItem","@id":"https:\/\/www.eldigitaldeasturias.com\/noticias\/esther-gomez-reconoce-que-seria-un-placer-tener-a-rosendo-en-las-fiestas-de-san-isidro\/#listItem","name":"Esther G\u00f3mez reconoce que ser\u00eda \u00abun placer\u00bb tener a Rosendo en las fiestas de San Isidro"},"previousItem":{"@type":"ListItem","@id":"https:\/\/www.eldigitaldeasturias.com\/noticias#listItem","name":"Home"}},{"@type":"ListItem","@id":"https:\/\/www.eldigitaldeasturias.com\/noticias\/esther-gomez-reconoce-que-seria-un-placer-tener-a-rosendo-en-las-fiestas-de-san-isidro\/#listItem","position":3,"name":"Esther G\u00f3mez reconoce que ser\u00eda \u00abun placer\u00bb tener a Rosendo en las fiestas de San Isidro","previousItem":{"@type":"ListItem","@id":"https:\/\/www.eldigitaldeasturias.com\/noticias\/category\/actualidad\/#listItem","name":"Actualidad"}}]},{"@type":"Organization","@id":"https:\/\/www.eldigitaldeasturias.com\/noticias\/#organization","name":"El Digital de Asturias","description":"Hemeroteca","url":"https:\/\/www.eldigitaldeasturias.com\/noticias\/","email":"info@eldigitaldeasturias.com","telephone":"+34652131393","logo":{"@type":"ImageObject","url":"https:\/\/www.eldigitaldeasturias.com\/noticias\/wp-content\/uploads\/2020\/12\/EDA.jpg","@id":"https:\/\/www.eldigitaldeasturias.com\/noticias\/esther-gomez-reconoce-que-seria-un-placer-tener-a-rosendo-en-las-fiestas-de-san-isidro\/#organizationLogo","width":649,"height":297},"image":{"@id":"https:\/\/www.eldigitaldeasturias.com\/noticias\/esther-gomez-reconoce-que-seria-un-placer-tener-a-rosendo-en-las-fiestas-de-san-isidro\/#organizationLogo"},"sameAs":["https:\/\/facebook.com\/eldigitaldeasturias","https:\/\/www.youtube.com\/channel\/UCZP-2wLEB9Rv6erhFmqVnvg"],"address":{"@id":"https:\/\/www.eldigitaldeasturias.com\/noticias\/#postaladdress","@type":"PostalAddress","streetAddress":"san antonio 4,","postalCode":"33430","addressLocality":"Cand\u00e1s","addressRegion":"Asturias","addressCountry":"ES"}},{"@type":"Person","@id":"https:\/\/www.eldigitaldeasturias.com\/noticias\/author\/admin\/#author","url":"https:\/\/www.eldigitaldeasturias.com\/noticias\/author\/admin\/","name":"El Digital de Asturias","image":{"@type":"ImageObject","@id":"https:\/\/www.eldigitaldeasturias.com\/noticias\/esther-gomez-reconoce-que-seria-un-placer-tener-a-rosendo-en-las-fiestas-de-san-isidro\/#authorImage","url":"https:\/\/www.eldigitaldeasturias.com\/noticias\/wp-content\/litespeed\/avatar\/18677e78aa0546b92d9dbf31ec7d7668.jpg?ver=1777290358","width":96,"height":96,"caption":"El Digital de Asturias"}},{"@type":"WebPage","@id":"https:\/\/www.eldigitaldeasturias.com\/noticias\/esther-gomez-reconoce-que-seria-un-placer-tener-a-rosendo-en-las-fiestas-de-san-isidro\/#webpage","url":"https:\/\/www.eldigitaldeasturias.com\/noticias\/esther-gomez-reconoce-que-seria-un-placer-tener-a-rosendo-en-las-fiestas-de-san-isidro\/","name":"Esther G\u00f3mez reconoce que ser\u00eda \u00abun placer\u00bb tener a Rosendo en las fiestas de San Isidro - El Digital de Asturias","description":"La concejal de Carabanchel y Latina, Esther G\u00f3mez, ha confesado este martes en la entrevista colectiva del portal Decide Madrid que ser\u00eda \"un placer\" contar con Rosendo en las fiestas de San Isidro. G\u00f3mez, \"carabanchelera de toda la vida\", es consciente de \"la importancia que Rosendo tiene en la identidad cultural del distrito\". \"Para m\u00ed","inLanguage":"es-ES","isPartOf":{"@id":"https:\/\/www.eldigitaldeasturias.com\/noticias\/#website"},"breadcrumb":{"@id":"https:\/\/www.eldigitaldeasturias.com\/noticias\/esther-gomez-reconoce-que-seria-un-placer-tener-a-rosendo-en-las-fiestas-de-san-isidro\/#breadcrumblist"},"author":{"@id":"https:\/\/www.eldigitaldeasturias.com\/noticias\/author\/admin\/#author"},"creator":{"@id":"https:\/\/www.eldigitaldeasturias.com\/noticias\/author\/admin\/#author"},"image":{"@type":"ImageObject","url":"https:\/\/www.eldigitaldeasturias.com\/noticias\/wp-content\/uploads\/2016\/02\/fotonoticia_20160202173007_800.jpg","@id":"https:\/\/www.eldigitaldeasturias.com\/noticias\/esther-gomez-reconoce-que-seria-un-placer-tener-a-rosendo-en-las-fiestas-de-san-isidro\/#mainImage","width":800,"height":533},"primaryImageOfPage":{"@id":"https:\/\/www.eldigitaldeasturias.com\/noticias\/esther-gomez-reconoce-que-seria-un-placer-tener-a-rosendo-en-las-fiestas-de-san-isidro\/#mainImage"},"datePublished":"2016-02-03T01:17:01+01:00","dateModified":"2016-02-03T01:17:01+01:00"},{"@type":"WebSite","@id":"https:\/\/www.eldigitaldeasturias.com\/noticias\/#website","url":"https:\/\/www.eldigitaldeasturias.com\/noticias\/","name":"El Digital de Asturias - Diario de actualidad y noticias","alternateName":"El Digital de Asturias - Diario de actualidad y noticias","description":"Hemeroteca","inLanguage":"es-ES","publisher":{"@id":"https:\/\/www.eldigitaldeasturias.com\/noticias\/#organization"}}]},"og:locale":"es_ES","og:site_name":"El Digital de Asturias","og:type":"article","og:title":"Esther G\u00f3mez reconoce que ser\u00eda \u00abun placer\u00bb tener a Rosendo en las fiestas de San Isidro - El Digital de Asturias","og:description":"La concejal de Carabanchel y Latina, Esther G\u00f3mez, ha confesado este martes en la entrevista colectiva del portal Decide Madrid que ser\u00eda &quot;un placer&quot; contar con Rosendo en las fiestas de San Isidro. G\u00f3mez, &quot;carabanchelera de toda la vida&quot;, es consciente de &quot;la importancia que Rosendo tiene en la identidad cultural del distrito&quot;. &quot;Para m\u00ed","og:url":"https:\/\/www.eldigitaldeasturias.com\/noticias\/esther-gomez-reconoce-que-seria-un-placer-tener-a-rosendo-en-las-fiestas-de-san-isidro\/","og:image":"https:\/\/www.eldigitaldeasturias.com\/noticias\/wp-content\/uploads\/2016\/02\/fotonoticia_20160202173007_800.jpg","og:image:secure_url":"https:\/\/www.eldigitaldeasturias.com\/noticias\/wp-content\/uploads\/2016\/02\/fotonoticia_20160202173007_800.jpg","og:image:width":800,"og:image:height":533,"article:tag":["actualidad"],"article:published_time":"2016-02-03T01:17:01+00:00","article:modified_time":"2016-02-03T01:17:01+00:00","article:publisher":"https:\/\/facebook.com\/eldigitaldeasturias","twitter:card":"summary_large_image","twitter:title":"Esther G\u00f3mez reconoce que ser\u00eda \u00abun placer\u00bb tener a Rosendo en las fiestas de San Isidro - El Digital de Asturias","twitter:description":"La concejal de Carabanchel y Latina, Esther G\u00f3mez, ha confesado este martes en la entrevista colectiva del portal Decide Madrid que ser\u00eda &quot;un placer&quot; contar con Rosendo en las fiestas de San Isidro. G\u00f3mez, &quot;carabanchelera de toda la vida&quot;, es consciente de &quot;la importancia que Rosendo tiene en la identidad cultural del distrito&quot;. &quot;Para m\u00ed","twitter:image":"https:\/\/www.eldigitaldeasturias.com\/noticias\/wp-content\/uploads\/2016\/02\/fotonoticia_20160202173007_800.jpg","twitter:label1":"Escrito por","twitter:data1":"El Digital de Asturias","twitter:label2":"Tiempo de lectura estimado","twitter:data2":"1 minuto"},"aioseo_meta_data":{"post_id":"853322","title":null,"description":null,"keywords":null,"keyphrases":null,"primary_term":null,"canonical_url":null,"og_title":null,"og_description":null,"og_object_type":"default","og_image_type":"default","og_image_url":null,"og_image_width":null,"og_image_height":null,"og_image_custom_url":null,"og_image_custom_fields":null,"og_video":null,"og_custom_url":null,"og_article_section":null,"og_article_tags":null,"twitter_use_og":false,"twitter_card":"default","twitter_image_type":"default","twitter_image_url":null,"twitter_image_custom_url":null,"twitter_image_custom_fields":null,"twitter_title":null,"twitter_description":null,"schema":{"blockGraphs":[],"customGraphs":[],"default":{"data":{"Article":[],"Course":[],"Dataset":[],"FAQPage":[],"Movie":[],"Person":[],"Product":[],"ProductReview":[],"Car":[],"Recipe":[],"Service":[],"SoftwareApplication":[],"WebPage":[]},"graphName":"","isEnabled":true},"graphs":[],"defaultGraph":"","defaultPostTypeGraph":""},"schema_type":null,"schema_type_options":null,"pillar_content":false,"robots_default":true,"robots_noindex":false,"robots_noarchive":false,"robots_nosnippet":false,"robots_nofollow":false,"robots_noimageindex":false,"robots_noodp":false,"robots_notranslate":false,"robots_max_snippet":null,"robots_max_videopreview":null,"robots_max_imagepreview":"large","priority":null,"frequency":null,"local_seo":null,"seo_analyzer_scan_date":"2025-12-09 17:39:16","breadcrumb_settings":null,"limit_modified_date":false,"open_ai":null,"ai":null,"created":"2021-01-22 06:55:35","updated":"2025-12-09 17:39:16"},"aioseo_breadcrumb":"<div class=\"aioseo-breadcrumbs\"><span class=\"aioseo-breadcrumb\">\n\t<a href=\"https:\/\/www.eldigitaldeasturias.com\/noticias\" title=\"Home\">Home<\/a>\n<\/span><span class=\"aioseo-breadcrumb-separator\">\u2013<\/span><span class=\"aioseo-breadcrumb\">\n\t<a href=\"https:\/\/www.eldigitaldeasturias.com\/noticias\/category\/actualidad\/\" title=\"Actualidad\">Actualidad<\/a>\n<\/span><span class=\"aioseo-breadcrumb-separator\">\u2013<\/span><span class=\"aioseo-breadcrumb\">\n\t<a href=\"https:\/\/www.eldigitaldeasturias.com\/noticias\/esther-gomez-reconoce-que-seria-un-placer-tener-a-rosendo-en-las-fiestas-de-san-isidro\/\" title=\"Esther G\u00f3mez reconoce que ser\u00eda \u00abun placer\u00bb tener a Rosendo en las fiestas de San Isidro\">Esther G\u00f3mez reconoce que ser\u00eda \u00abun placer\u00bb tener a Rosendo en las fiestas de San Isidro<\/a>\n<\/span><\/div>","aioseo_breadcrumb_json":[{"label":"Home","link":"https:\/\/www.eldigitaldeasturias.com\/noticias"},{"label":"Actualidad","link":"https:\/\/www.eldigitaldeasturias.com\/noticias\/category\/actualidad\/"},{"label":"Esther G\u00f3mez reconoce que ser\u00eda \u00abun placer\u00bb tener a Rosendo en las fiestas de San Isidro","link":"https:\/\/www.eldigitaldeasturias.com\/noticias\/esther-gomez-reconoce-que-seria-un-placer-tener-a-rosendo-en-las-fiestas-de-san-isidro\/"}],"_links":{"self":[{"href":"https:\/\/www.eldigitaldeasturias.com\/noticias\/wp-json\/wp\/v2\/posts\/853322","targetHints":{"allow":["GET"]}}],"collection":[{"href":"https:\/\/www.eldigitaldeasturias.com\/noticias\/wp-json\/wp\/v2\/posts"}],"about":[{"href":"https:\/\/www.eldigitaldeasturias.com\/noticias\/wp-json\/wp\/v2\/types\/post"}],"author":[{"embeddable":true,"href":"https:\/\/www.eldigitaldeasturias.com\/noticias\/wp-json\/wp\/v2\/users\/1"}],"replies":[{"embeddable":true,"href":"https:\/\/www.eldigitaldeasturias.com\/noticias\/wp-json\/wp\/v2\/comments?post=853322"}],"version-history":[{"count":0,"href":"https:\/\/www.eldigitaldeasturias.com\/noticias\/wp-json\/wp\/v2\/posts\/853322\/revisions"}],"wp:featuredmedia":[{"embeddable":true,"href":"https:\/\/www.eldigitaldeasturias.com\/noticias\/wp-json\/wp\/v2\/media\/853323"}],"wp:attachment":[{"href":"https:\/\/www.eldigitaldeasturias.com\/noticias\/wp-json\/wp\/v2\/media?parent=853322"}],"wp:term":[{"taxonomy":"category","embeddable":true,"href":"https:\/\/www.eldigitaldeasturias.com\/noticias\/wp-json\/wp\/v2\/categories?post=853322"},{"taxonomy":"post_tag","embeddable":true,"href":"https:\/\/www.eldigitaldeasturias.com\/noticias\/wp-json\/wp\/v2\/tags?post=853322"}],"curies":[{"name":"wp","href":"https:\/\/api.w.org\/{rel}","templated":true}]}}