{"id":853319,"date":"2016-02-03T01:14:47","date_gmt":"2016-02-03T01:14:47","guid":{"rendered":"http:\/\/www.eldigitaldeasturias.com\/noticias\/?p=853319"},"modified":"2016-02-03T01:14:47","modified_gmt":"2016-02-03T01:14:47","slug":"el-ayuntamiento-de-cadiz-decreta-un-dia-de-luto-oficial-por-la-muerte-de-maria-la-hierbabuena","status":"publish","type":"post","link":"https:\/\/www.eldigitaldeasturias.com\/noticias\/el-ayuntamiento-de-cadiz-decreta-un-dia-de-luto-oficial-por-la-muerte-de-maria-la-hierbabuena\/","title":{"rendered":"El Ayuntamiento de C\u00e1diz decreta un d\u00eda de luto oficial por la muerte de Mar\u00eda &#8216;la Hierbabuena&#8217;"},"content":{"rendered":"<p><img loading=\"lazy\" decoding=\"async\" class=\"alignleft size-medium wp-image-853320\" src=\"https:\/\/www.eldigitaldeasturias.com\/noticias\/wp-content\/uploads\/2016\/02\/fotonoticia_20160202113638_800-360x240.jpg\" alt=\"fotonoticia_20160202113638_800\" width=\"360\" height=\"240\" srcset=\"https:\/\/www.eldigitaldeasturias.com\/noticias\/wp-content\/uploads\/2016\/02\/fotonoticia_20160202113638_800-360x240.jpg 360w, https:\/\/www.eldigitaldeasturias.com\/noticias\/wp-content\/uploads\/2016\/02\/fotonoticia_20160202113638_800-768x513.jpg 768w, https:\/\/www.eldigitaldeasturias.com\/noticias\/wp-content\/uploads\/2016\/02\/fotonoticia_20160202113638_800-650x434.jpg 650w, https:\/\/www.eldigitaldeasturias.com\/noticias\/wp-content\/uploads\/2016\/02\/fotonoticia_20160202113638_800-84x55.jpg 84w, https:\/\/www.eldigitaldeasturias.com\/noticias\/wp-content\/uploads\/2016\/02\/fotonoticia_20160202113638_800-49x32.jpg 49w, https:\/\/www.eldigitaldeasturias.com\/noticias\/wp-content\/uploads\/2016\/02\/fotonoticia_20160202113638_800.jpg 800w\" sizes=\"auto, (max-width: 360px) 100vw, 360px\" \/>El Ayuntamiento de C\u00e1diz ha decretado un d\u00eda de luto oficial por el fallecimiento, a los 80 a\u00f1os de edad, de Mar\u00eda del Carmen Llovet Mu\u00f1oz, &#8216;Mar\u00eda la Hierbabuena&#8217;, una de las voces \u00abm\u00e1s representativas y conocidas del Carnaval de C\u00e1diz\u00bb, a pesar de no haber salido nunca en ninguna agrupaci\u00f3n.<\/p>\n<p>Seg\u00fan ha indicado el Ayuntamiento en un comunicado, las banderas del Consistorio gaditano lucir\u00e1n a media asta este mi\u00e9rcoles en recuerdo de quien \u00abpasar\u00e1 a la historia del imaginario del Carnaval de C\u00e1diz como una de las m\u00e1s grandes aficionadas a la fiesta\u00bb.<\/p>\n<p>Adem\u00e1s, se le rendir\u00e1 homenaje al inicio de la segunda funci\u00f3n de semifinales del Concurso que se celebra en la noche de este martes en el Gran Teatro Falla.<\/p>\n<p>Por su parte, el alcalde, Jos\u00e9 Mar\u00eda Gonz\u00e1lez, de &#8216;Por C\u00e1diz S\u00ed se Puede&#8217;, ha afirmado que \u00abel Carnaval de C\u00e1diz se queda hu\u00e9rfano, sin una de sus figuras clave en el imaginario de cualquier aficionado\u00bb.<\/p>\n<p>Mar\u00eda &#8216;la Hierbabuena&#8217; presentaba un delicado estado de salud que ya le hab\u00eda impedido este a\u00f1o presenciar cada funci\u00f3n del Concurso Oficial de Agrupaciones del Carnaval de C\u00e1diz (COAC), como acostumbraba, en un palco del Gran Teatro Falla.<\/p>\n<p>Cabe recordar que el grito de aliento y \u00e1nimo que forma parte de la historia carnavalesca de la ciudad, creado por Mar\u00eda &#8216;la Hierbabuena&#8217;, es: \u00abOle y ole mi Cai. Y el que no diga ole que se le seque la hierbabuena. \u00a1Ole, Ole y Ole!\u00bb<\/p>\n<p>Gonz\u00e1lez ha afirmado que \u00abse le ha echado mucho de menos en esta edici\u00f3n del concurso, y C\u00e1diz y su Carnaval la van a echar much\u00edsimo de menos\u00bb.<\/p>\n","protected":false},"excerpt":{"rendered":"<p>El Ayuntamiento de C\u00e1diz ha decretado un d\u00eda de luto oficial por el fallecimiento, a los 80 a\u00f1os de edad, de Mar\u00eda del Carmen Llovet Mu\u00f1oz, &#8216;Mar\u00eda la Hierbabuena&#8217;, una de las voces \u00abm\u00e1s representativas y conocidas del Carnaval de C\u00e1diz\u00bb, a pesar de no haber salido nunca en ninguna agrupaci\u00f3n. Seg\u00fan ha indicado el [&hellip;]<\/p>\n","protected":false},"author":1,"featured_media":853320,"comment_status":"closed","ping_status":"closed","sticky":false,"template":"","format":"standard","meta":{"footnotes":""},"categories":[1],"tags":[],"class_list":["post-853319","post","type-post","status-publish","format-standard","has-post-thumbnail","hentry","category-actualidad"],"aioseo_notices":[],"aioseo_head":"\n\t\t<!-- All in One SEO Pro 4.9.6.2 - aioseo.com -->\n\t<meta name=\"description\" content=\"El Ayuntamiento de C\u00e1diz ha decretado un d\u00eda de luto oficial por el fallecimiento, a los 80 a\u00f1os de edad, de Mar\u00eda del Carmen Llovet Mu\u00f1oz, &#039;Mar\u00eda la Hierbabuena&#039;, una de las voces &quot;m\u00e1s representativas y conocidas del Carnaval de C\u00e1diz&quot;, a pesar de no haber salido nunca en ninguna agrupaci\u00f3n. Seg\u00fan ha indicado el\" \/>\n\t<meta name=\"robots\" content=\"max-image-preview:large\" \/>\n\t<meta name=\"author\" content=\"El Digital de Asturias\"\/>\n\t<meta name=\"google-site-verification\" content=\"UA-38556648-1\" \/>\n\t<meta name=\"msvalidate.01\" content=\"7dfe9f3f1b24437ab69f4f2559babe99\" \/>\n\t<meta name=\"keywords\" content=\"actualidad\" \/>\n\t<link rel=\"canonical\" href=\"https:\/\/www.eldigitaldeasturias.com\/noticias\/el-ayuntamiento-de-cadiz-decreta-un-dia-de-luto-oficial-por-la-muerte-de-maria-la-hierbabuena\/\" \/>\n\t<meta name=\"generator\" content=\"All in One SEO Pro (AIOSEO) 4.9.6.2\" \/>\n\t\t<meta property=\"og:locale\" content=\"es_ES\" \/>\n\t\t<meta property=\"og:site_name\" content=\"El Digital de Asturias\" \/>\n\t\t<meta property=\"og:type\" content=\"article\" \/>\n\t\t<meta property=\"og:title\" content=\"El Ayuntamiento de C\u00e1diz decreta un d\u00eda de luto oficial por la muerte de Mar\u00eda \u2018la Hierbabuena\u2019 - El Digital de Asturias\" \/>\n\t\t<meta property=\"og:description\" content=\"El Ayuntamiento de C\u00e1diz ha decretado un d\u00eda de luto oficial por el fallecimiento, a los 80 a\u00f1os de edad, de Mar\u00eda del Carmen Llovet Mu\u00f1oz, &#039;Mar\u00eda la Hierbabuena&#039;, una de las voces &quot;m\u00e1s representativas y conocidas del Carnaval de C\u00e1diz&quot;, a pesar de no haber salido nunca en ninguna agrupaci\u00f3n. Seg\u00fan ha indicado el\" \/>\n\t\t<meta property=\"og:url\" content=\"https:\/\/www.eldigitaldeasturias.com\/noticias\/el-ayuntamiento-de-cadiz-decreta-un-dia-de-luto-oficial-por-la-muerte-de-maria-la-hierbabuena\/\" \/>\n\t\t<meta property=\"og:image\" content=\"https:\/\/www.eldigitaldeasturias.com\/noticias\/wp-content\/uploads\/2016\/02\/fotonoticia_20160202113638_800.jpg\" \/>\n\t\t<meta property=\"og:image:secure_url\" content=\"https:\/\/www.eldigitaldeasturias.com\/noticias\/wp-content\/uploads\/2016\/02\/fotonoticia_20160202113638_800.jpg\" \/>\n\t\t<meta property=\"og:image:width\" content=\"800\" \/>\n\t\t<meta property=\"og:image:height\" content=\"534\" \/>\n\t\t<meta property=\"article:tag\" content=\"actualidad\" \/>\n\t\t<meta property=\"article:published_time\" content=\"2016-02-03T01:14:47+00:00\" \/>\n\t\t<meta property=\"article:modified_time\" content=\"2016-02-03T01:14:47+00:00\" \/>\n\t\t<meta property=\"article:publisher\" content=\"https:\/\/facebook.com\/eldigitaldeasturias\" \/>\n\t\t<meta name=\"twitter:card\" content=\"summary_large_image\" \/>\n\t\t<meta name=\"twitter:title\" content=\"El Ayuntamiento de C\u00e1diz decreta un d\u00eda de luto oficial por la muerte de Mar\u00eda \u2018la Hierbabuena\u2019 - El Digital de Asturias\" \/>\n\t\t<meta name=\"twitter:description\" content=\"El Ayuntamiento de C\u00e1diz ha decretado un d\u00eda de luto oficial por el fallecimiento, a los 80 a\u00f1os de edad, de Mar\u00eda del Carmen Llovet Mu\u00f1oz, &#039;Mar\u00eda la Hierbabuena&#039;, una de las voces &quot;m\u00e1s representativas y conocidas del Carnaval de C\u00e1diz&quot;, a pesar de no haber salido nunca en ninguna agrupaci\u00f3n. Seg\u00fan ha indicado el\" \/>\n\t\t<meta name=\"twitter:image\" content=\"https:\/\/www.eldigitaldeasturias.com\/noticias\/wp-content\/uploads\/2016\/02\/fotonoticia_20160202113638_800.jpg\" \/>\n\t\t<meta name=\"twitter:label1\" content=\"Escrito por\" \/>\n\t\t<meta name=\"twitter:data1\" content=\"El Digital de Asturias\" \/>\n\t\t<meta name=\"twitter:label2\" content=\"Tiempo de lectura estimado\" \/>\n\t\t<meta name=\"twitter:data2\" content=\"2 minutos\" \/>\n\t\t<script type=\"application\/ld+json\" class=\"aioseo-schema\">\n\t\t\t{\"@context\":\"https:\\\/\\\/schema.org\",\"@graph\":[{\"@type\":\"BlogPosting\",\"@id\":\"https:\\\/\\\/www.eldigitaldeasturias.com\\\/noticias\\\/el-ayuntamiento-de-cadiz-decreta-un-dia-de-luto-oficial-por-la-muerte-de-maria-la-hierbabuena\\\/#blogposting\",\"name\":\"El Ayuntamiento de C\\u00e1diz decreta un d\\u00eda de luto oficial por la muerte de Mar\\u00eda \\u2018la Hierbabuena\\u2019 - El Digital de Asturias\",\"headline\":\"El Ayuntamiento de C\\u00e1diz decreta un d\\u00eda de luto oficial por la muerte de Mar\\u00eda &#8216;la Hierbabuena&#8217;\",\"author\":{\"@id\":\"https:\\\/\\\/www.eldigitaldeasturias.com\\\/noticias\\\/author\\\/admin\\\/#author\"},\"publisher\":{\"@id\":\"https:\\\/\\\/www.eldigitaldeasturias.com\\\/noticias\\\/#organization\"},\"image\":{\"@type\":\"ImageObject\",\"url\":\"https:\\\/\\\/www.eldigitaldeasturias.com\\\/noticias\\\/wp-content\\\/uploads\\\/2016\\\/02\\\/fotonoticia_20160202113638_800.jpg\",\"width\":800,\"height\":534},\"datePublished\":\"2016-02-03T01:14:47+01:00\",\"dateModified\":\"2016-02-03T01:14:47+01:00\",\"inLanguage\":\"es-ES\",\"mainEntityOfPage\":{\"@id\":\"https:\\\/\\\/www.eldigitaldeasturias.com\\\/noticias\\\/el-ayuntamiento-de-cadiz-decreta-un-dia-de-luto-oficial-por-la-muerte-de-maria-la-hierbabuena\\\/#webpage\"},\"isPartOf\":{\"@id\":\"https:\\\/\\\/www.eldigitaldeasturias.com\\\/noticias\\\/el-ayuntamiento-de-cadiz-decreta-un-dia-de-luto-oficial-por-la-muerte-de-maria-la-hierbabuena\\\/#webpage\"},\"articleSection\":\"Actualidad\"},{\"@type\":\"BreadcrumbList\",\"@id\":\"https:\\\/\\\/www.eldigitaldeasturias.com\\\/noticias\\\/el-ayuntamiento-de-cadiz-decreta-un-dia-de-luto-oficial-por-la-muerte-de-maria-la-hierbabuena\\\/#breadcrumblist\",\"itemListElement\":[{\"@type\":\"ListItem\",\"@id\":\"https:\\\/\\\/www.eldigitaldeasturias.com\\\/noticias#listItem\",\"position\":1,\"name\":\"Home\",\"item\":\"https:\\\/\\\/www.eldigitaldeasturias.com\\\/noticias\",\"nextItem\":{\"@type\":\"ListItem\",\"@id\":\"https:\\\/\\\/www.eldigitaldeasturias.com\\\/noticias\\\/category\\\/actualidad\\\/#listItem\",\"name\":\"Actualidad\"}},{\"@type\":\"ListItem\",\"@id\":\"https:\\\/\\\/www.eldigitaldeasturias.com\\\/noticias\\\/category\\\/actualidad\\\/#listItem\",\"position\":2,\"name\":\"Actualidad\",\"item\":\"https:\\\/\\\/www.eldigitaldeasturias.com\\\/noticias\\\/category\\\/actualidad\\\/\",\"nextItem\":{\"@type\":\"ListItem\",\"@id\":\"https:\\\/\\\/www.eldigitaldeasturias.com\\\/noticias\\\/el-ayuntamiento-de-cadiz-decreta-un-dia-de-luto-oficial-por-la-muerte-de-maria-la-hierbabuena\\\/#listItem\",\"name\":\"El Ayuntamiento de C\\u00e1diz decreta un d\\u00eda de luto oficial por la muerte de Mar\\u00eda &#8216;la Hierbabuena&#8217;\"},\"previousItem\":{\"@type\":\"ListItem\",\"@id\":\"https:\\\/\\\/www.eldigitaldeasturias.com\\\/noticias#listItem\",\"name\":\"Home\"}},{\"@type\":\"ListItem\",\"@id\":\"https:\\\/\\\/www.eldigitaldeasturias.com\\\/noticias\\\/el-ayuntamiento-de-cadiz-decreta-un-dia-de-luto-oficial-por-la-muerte-de-maria-la-hierbabuena\\\/#listItem\",\"position\":3,\"name\":\"El Ayuntamiento de C\\u00e1diz decreta un d\\u00eda de luto oficial por la muerte de Mar\\u00eda &#8216;la Hierbabuena&#8217;\",\"previousItem\":{\"@type\":\"ListItem\",\"@id\":\"https:\\\/\\\/www.eldigitaldeasturias.com\\\/noticias\\\/category\\\/actualidad\\\/#listItem\",\"name\":\"Actualidad\"}}]},{\"@type\":\"Organization\",\"@id\":\"https:\\\/\\\/www.eldigitaldeasturias.com\\\/noticias\\\/#organization\",\"name\":\"El Digital de Asturias\",\"description\":\"Hemeroteca\",\"url\":\"https:\\\/\\\/www.eldigitaldeasturias.com\\\/noticias\\\/\",\"email\":\"info@eldigitaldeasturias.com\",\"telephone\":\"+34652131393\",\"logo\":{\"@type\":\"ImageObject\",\"url\":\"https:\\\/\\\/www.eldigitaldeasturias.com\\\/noticias\\\/wp-content\\\/uploads\\\/2020\\\/12\\\/EDA.jpg\",\"@id\":\"https:\\\/\\\/www.eldigitaldeasturias.com\\\/noticias\\\/el-ayuntamiento-de-cadiz-decreta-un-dia-de-luto-oficial-por-la-muerte-de-maria-la-hierbabuena\\\/#organizationLogo\",\"width\":649,\"height\":297},\"image\":{\"@id\":\"https:\\\/\\\/www.eldigitaldeasturias.com\\\/noticias\\\/el-ayuntamiento-de-cadiz-decreta-un-dia-de-luto-oficial-por-la-muerte-de-maria-la-hierbabuena\\\/#organizationLogo\"},\"sameAs\":[\"https:\\\/\\\/facebook.com\\\/eldigitaldeasturias\",\"https:\\\/\\\/www.youtube.com\\\/channel\\\/UCZP-2wLEB9Rv6erhFmqVnvg\"],\"address\":{\"@id\":\"https:\\\/\\\/www.eldigitaldeasturias.com\\\/noticias\\\/#postaladdress\",\"@type\":\"PostalAddress\",\"streetAddress\":\"san antonio 4,\",\"postalCode\":\"33430\",\"addressLocality\":\"Cand\\u00e1s\",\"addressRegion\":\"Asturias\",\"addressCountry\":\"ES\"}},{\"@type\":\"Person\",\"@id\":\"https:\\\/\\\/www.eldigitaldeasturias.com\\\/noticias\\\/author\\\/admin\\\/#author\",\"url\":\"https:\\\/\\\/www.eldigitaldeasturias.com\\\/noticias\\\/author\\\/admin\\\/\",\"name\":\"El Digital de Asturias\",\"image\":{\"@type\":\"ImageObject\",\"@id\":\"https:\\\/\\\/www.eldigitaldeasturias.com\\\/noticias\\\/el-ayuntamiento-de-cadiz-decreta-un-dia-de-luto-oficial-por-la-muerte-de-maria-la-hierbabuena\\\/#authorImage\",\"url\":\"https:\\\/\\\/www.eldigitaldeasturias.com\\\/noticias\\\/wp-content\\\/litespeed\\\/avatar\\\/18677e78aa0546b92d9dbf31ec7d7668.jpg?ver=1777290358\",\"width\":96,\"height\":96,\"caption\":\"El Digital de Asturias\"}},{\"@type\":\"WebPage\",\"@id\":\"https:\\\/\\\/www.eldigitaldeasturias.com\\\/noticias\\\/el-ayuntamiento-de-cadiz-decreta-un-dia-de-luto-oficial-por-la-muerte-de-maria-la-hierbabuena\\\/#webpage\",\"url\":\"https:\\\/\\\/www.eldigitaldeasturias.com\\\/noticias\\\/el-ayuntamiento-de-cadiz-decreta-un-dia-de-luto-oficial-por-la-muerte-de-maria-la-hierbabuena\\\/\",\"name\":\"El Ayuntamiento de C\\u00e1diz decreta un d\\u00eda de luto oficial por la muerte de Mar\\u00eda \\u2018la Hierbabuena\\u2019 - El Digital de Asturias\",\"description\":\"El Ayuntamiento de C\\u00e1diz ha decretado un d\\u00eda de luto oficial por el fallecimiento, a los 80 a\\u00f1os de edad, de Mar\\u00eda del Carmen Llovet Mu\\u00f1oz, 'Mar\\u00eda la Hierbabuena', una de las voces \\\"m\\u00e1s representativas y conocidas del Carnaval de C\\u00e1diz\\\", a pesar de no haber salido nunca en ninguna agrupaci\\u00f3n. Seg\\u00fan ha indicado el\",\"inLanguage\":\"es-ES\",\"isPartOf\":{\"@id\":\"https:\\\/\\\/www.eldigitaldeasturias.com\\\/noticias\\\/#website\"},\"breadcrumb\":{\"@id\":\"https:\\\/\\\/www.eldigitaldeasturias.com\\\/noticias\\\/el-ayuntamiento-de-cadiz-decreta-un-dia-de-luto-oficial-por-la-muerte-de-maria-la-hierbabuena\\\/#breadcrumblist\"},\"author\":{\"@id\":\"https:\\\/\\\/www.eldigitaldeasturias.com\\\/noticias\\\/author\\\/admin\\\/#author\"},\"creator\":{\"@id\":\"https:\\\/\\\/www.eldigitaldeasturias.com\\\/noticias\\\/author\\\/admin\\\/#author\"},\"image\":{\"@type\":\"ImageObject\",\"url\":\"https:\\\/\\\/www.eldigitaldeasturias.com\\\/noticias\\\/wp-content\\\/uploads\\\/2016\\\/02\\\/fotonoticia_20160202113638_800.jpg\",\"@id\":\"https:\\\/\\\/www.eldigitaldeasturias.com\\\/noticias\\\/el-ayuntamiento-de-cadiz-decreta-un-dia-de-luto-oficial-por-la-muerte-de-maria-la-hierbabuena\\\/#mainImage\",\"width\":800,\"height\":534},\"primaryImageOfPage\":{\"@id\":\"https:\\\/\\\/www.eldigitaldeasturias.com\\\/noticias\\\/el-ayuntamiento-de-cadiz-decreta-un-dia-de-luto-oficial-por-la-muerte-de-maria-la-hierbabuena\\\/#mainImage\"},\"datePublished\":\"2016-02-03T01:14:47+01:00\",\"dateModified\":\"2016-02-03T01:14:47+01:00\"},{\"@type\":\"WebSite\",\"@id\":\"https:\\\/\\\/www.eldigitaldeasturias.com\\\/noticias\\\/#website\",\"url\":\"https:\\\/\\\/www.eldigitaldeasturias.com\\\/noticias\\\/\",\"name\":\"El Digital de Asturias - Diario de actualidad y noticias\",\"alternateName\":\"El Digital de Asturias - Diario de actualidad y noticias\",\"description\":\"Hemeroteca\",\"inLanguage\":\"es-ES\",\"publisher\":{\"@id\":\"https:\\\/\\\/www.eldigitaldeasturias.com\\\/noticias\\\/#organization\"}}]}\n\t\t<\/script>\n\t\t<!-- All in One SEO Pro -->\r\n\t\t<title>El Ayuntamiento de C\u00e1diz decreta un d\u00eda de luto oficial por la muerte de Mar\u00eda \u2018la Hierbabuena\u2019 - El Digital de Asturias<\/title>\n\n","aioseo_head_json":{"title":"El Ayuntamiento de C\u00e1diz decreta un d\u00eda de luto oficial por la muerte de Mar\u00eda \u2018la Hierbabuena\u2019 - El Digital de Asturias","description":"El Ayuntamiento de C\u00e1diz ha decretado un d\u00eda de luto oficial por el fallecimiento, a los 80 a\u00f1os de edad, de Mar\u00eda del Carmen Llovet Mu\u00f1oz, 'Mar\u00eda la Hierbabuena', una de las voces \"m\u00e1s representativas y conocidas del Carnaval de C\u00e1diz\", a pesar de no haber salido nunca en ninguna agrupaci\u00f3n. Seg\u00fan ha indicado el","canonical_url":"https:\/\/www.eldigitaldeasturias.com\/noticias\/el-ayuntamiento-de-cadiz-decreta-un-dia-de-luto-oficial-por-la-muerte-de-maria-la-hierbabuena\/","robots":"max-image-preview:large","keywords":"actualidad","webmasterTools":{"google-site-verification":"UA-38556648-1","msvalidate.01":"7dfe9f3f1b24437ab69f4f2559babe99","miscellaneous":""},"schema":{"@context":"https:\/\/schema.org","@graph":[{"@type":"BlogPosting","@id":"https:\/\/www.eldigitaldeasturias.com\/noticias\/el-ayuntamiento-de-cadiz-decreta-un-dia-de-luto-oficial-por-la-muerte-de-maria-la-hierbabuena\/#blogposting","name":"El Ayuntamiento de C\u00e1diz decreta un d\u00eda de luto oficial por la muerte de Mar\u00eda \u2018la Hierbabuena\u2019 - El Digital de Asturias","headline":"El Ayuntamiento de C\u00e1diz decreta un d\u00eda de luto oficial por la muerte de Mar\u00eda &#8216;la Hierbabuena&#8217;","author":{"@id":"https:\/\/www.eldigitaldeasturias.com\/noticias\/author\/admin\/#author"},"publisher":{"@id":"https:\/\/www.eldigitaldeasturias.com\/noticias\/#organization"},"image":{"@type":"ImageObject","url":"https:\/\/www.eldigitaldeasturias.com\/noticias\/wp-content\/uploads\/2016\/02\/fotonoticia_20160202113638_800.jpg","width":800,"height":534},"datePublished":"2016-02-03T01:14:47+01:00","dateModified":"2016-02-03T01:14:47+01:00","inLanguage":"es-ES","mainEntityOfPage":{"@id":"https:\/\/www.eldigitaldeasturias.com\/noticias\/el-ayuntamiento-de-cadiz-decreta-un-dia-de-luto-oficial-por-la-muerte-de-maria-la-hierbabuena\/#webpage"},"isPartOf":{"@id":"https:\/\/www.eldigitaldeasturias.com\/noticias\/el-ayuntamiento-de-cadiz-decreta-un-dia-de-luto-oficial-por-la-muerte-de-maria-la-hierbabuena\/#webpage"},"articleSection":"Actualidad"},{"@type":"BreadcrumbList","@id":"https:\/\/www.eldigitaldeasturias.com\/noticias\/el-ayuntamiento-de-cadiz-decreta-un-dia-de-luto-oficial-por-la-muerte-de-maria-la-hierbabuena\/#breadcrumblist","itemListElement":[{"@type":"ListItem","@id":"https:\/\/www.eldigitaldeasturias.com\/noticias#listItem","position":1,"name":"Home","item":"https:\/\/www.eldigitaldeasturias.com\/noticias","nextItem":{"@type":"ListItem","@id":"https:\/\/www.eldigitaldeasturias.com\/noticias\/category\/actualidad\/#listItem","name":"Actualidad"}},{"@type":"ListItem","@id":"https:\/\/www.eldigitaldeasturias.com\/noticias\/category\/actualidad\/#listItem","position":2,"name":"Actualidad","item":"https:\/\/www.eldigitaldeasturias.com\/noticias\/category\/actualidad\/","nextItem":{"@type":"ListItem","@id":"https:\/\/www.eldigitaldeasturias.com\/noticias\/el-ayuntamiento-de-cadiz-decreta-un-dia-de-luto-oficial-por-la-muerte-de-maria-la-hierbabuena\/#listItem","name":"El Ayuntamiento de C\u00e1diz decreta un d\u00eda de luto oficial por la muerte de Mar\u00eda &#8216;la Hierbabuena&#8217;"},"previousItem":{"@type":"ListItem","@id":"https:\/\/www.eldigitaldeasturias.com\/noticias#listItem","name":"Home"}},{"@type":"ListItem","@id":"https:\/\/www.eldigitaldeasturias.com\/noticias\/el-ayuntamiento-de-cadiz-decreta-un-dia-de-luto-oficial-por-la-muerte-de-maria-la-hierbabuena\/#listItem","position":3,"name":"El Ayuntamiento de C\u00e1diz decreta un d\u00eda de luto oficial por la muerte de Mar\u00eda &#8216;la Hierbabuena&#8217;","previousItem":{"@type":"ListItem","@id":"https:\/\/www.eldigitaldeasturias.com\/noticias\/category\/actualidad\/#listItem","name":"Actualidad"}}]},{"@type":"Organization","@id":"https:\/\/www.eldigitaldeasturias.com\/noticias\/#organization","name":"El Digital de Asturias","description":"Hemeroteca","url":"https:\/\/www.eldigitaldeasturias.com\/noticias\/","email":"info@eldigitaldeasturias.com","telephone":"+34652131393","logo":{"@type":"ImageObject","url":"https:\/\/www.eldigitaldeasturias.com\/noticias\/wp-content\/uploads\/2020\/12\/EDA.jpg","@id":"https:\/\/www.eldigitaldeasturias.com\/noticias\/el-ayuntamiento-de-cadiz-decreta-un-dia-de-luto-oficial-por-la-muerte-de-maria-la-hierbabuena\/#organizationLogo","width":649,"height":297},"image":{"@id":"https:\/\/www.eldigitaldeasturias.com\/noticias\/el-ayuntamiento-de-cadiz-decreta-un-dia-de-luto-oficial-por-la-muerte-de-maria-la-hierbabuena\/#organizationLogo"},"sameAs":["https:\/\/facebook.com\/eldigitaldeasturias","https:\/\/www.youtube.com\/channel\/UCZP-2wLEB9Rv6erhFmqVnvg"],"address":{"@id":"https:\/\/www.eldigitaldeasturias.com\/noticias\/#postaladdress","@type":"PostalAddress","streetAddress":"san antonio 4,","postalCode":"33430","addressLocality":"Cand\u00e1s","addressRegion":"Asturias","addressCountry":"ES"}},{"@type":"Person","@id":"https:\/\/www.eldigitaldeasturias.com\/noticias\/author\/admin\/#author","url":"https:\/\/www.eldigitaldeasturias.com\/noticias\/author\/admin\/","name":"El Digital de Asturias","image":{"@type":"ImageObject","@id":"https:\/\/www.eldigitaldeasturias.com\/noticias\/el-ayuntamiento-de-cadiz-decreta-un-dia-de-luto-oficial-por-la-muerte-de-maria-la-hierbabuena\/#authorImage","url":"https:\/\/www.eldigitaldeasturias.com\/noticias\/wp-content\/litespeed\/avatar\/18677e78aa0546b92d9dbf31ec7d7668.jpg?ver=1777290358","width":96,"height":96,"caption":"El Digital de Asturias"}},{"@type":"WebPage","@id":"https:\/\/www.eldigitaldeasturias.com\/noticias\/el-ayuntamiento-de-cadiz-decreta-un-dia-de-luto-oficial-por-la-muerte-de-maria-la-hierbabuena\/#webpage","url":"https:\/\/www.eldigitaldeasturias.com\/noticias\/el-ayuntamiento-de-cadiz-decreta-un-dia-de-luto-oficial-por-la-muerte-de-maria-la-hierbabuena\/","name":"El Ayuntamiento de C\u00e1diz decreta un d\u00eda de luto oficial por la muerte de Mar\u00eda \u2018la Hierbabuena\u2019 - El Digital de Asturias","description":"El Ayuntamiento de C\u00e1diz ha decretado un d\u00eda de luto oficial por el fallecimiento, a los 80 a\u00f1os de edad, de Mar\u00eda del Carmen Llovet Mu\u00f1oz, 'Mar\u00eda la Hierbabuena', una de las voces \"m\u00e1s representativas y conocidas del Carnaval de C\u00e1diz\", a pesar de no haber salido nunca en ninguna agrupaci\u00f3n. Seg\u00fan ha indicado el","inLanguage":"es-ES","isPartOf":{"@id":"https:\/\/www.eldigitaldeasturias.com\/noticias\/#website"},"breadcrumb":{"@id":"https:\/\/www.eldigitaldeasturias.com\/noticias\/el-ayuntamiento-de-cadiz-decreta-un-dia-de-luto-oficial-por-la-muerte-de-maria-la-hierbabuena\/#breadcrumblist"},"author":{"@id":"https:\/\/www.eldigitaldeasturias.com\/noticias\/author\/admin\/#author"},"creator":{"@id":"https:\/\/www.eldigitaldeasturias.com\/noticias\/author\/admin\/#author"},"image":{"@type":"ImageObject","url":"https:\/\/www.eldigitaldeasturias.com\/noticias\/wp-content\/uploads\/2016\/02\/fotonoticia_20160202113638_800.jpg","@id":"https:\/\/www.eldigitaldeasturias.com\/noticias\/el-ayuntamiento-de-cadiz-decreta-un-dia-de-luto-oficial-por-la-muerte-de-maria-la-hierbabuena\/#mainImage","width":800,"height":534},"primaryImageOfPage":{"@id":"https:\/\/www.eldigitaldeasturias.com\/noticias\/el-ayuntamiento-de-cadiz-decreta-un-dia-de-luto-oficial-por-la-muerte-de-maria-la-hierbabuena\/#mainImage"},"datePublished":"2016-02-03T01:14:47+01:00","dateModified":"2016-02-03T01:14:47+01:00"},{"@type":"WebSite","@id":"https:\/\/www.eldigitaldeasturias.com\/noticias\/#website","url":"https:\/\/www.eldigitaldeasturias.com\/noticias\/","name":"El Digital de Asturias - Diario de actualidad y noticias","alternateName":"El Digital de Asturias - Diario de actualidad y noticias","description":"Hemeroteca","inLanguage":"es-ES","publisher":{"@id":"https:\/\/www.eldigitaldeasturias.com\/noticias\/#organization"}}]},"og:locale":"es_ES","og:site_name":"El Digital de Asturias","og:type":"article","og:title":"El Ayuntamiento de C\u00e1diz decreta un d\u00eda de luto oficial por la muerte de Mar\u00eda \u2018la Hierbabuena\u2019 - El Digital de Asturias","og:description":"El Ayuntamiento de C\u00e1diz ha decretado un d\u00eda de luto oficial por el fallecimiento, a los 80 a\u00f1os de edad, de Mar\u00eda del Carmen Llovet Mu\u00f1oz, 'Mar\u00eda la Hierbabuena', una de las voces &quot;m\u00e1s representativas y conocidas del Carnaval de C\u00e1diz&quot;, a pesar de no haber salido nunca en ninguna agrupaci\u00f3n. Seg\u00fan ha indicado el","og:url":"https:\/\/www.eldigitaldeasturias.com\/noticias\/el-ayuntamiento-de-cadiz-decreta-un-dia-de-luto-oficial-por-la-muerte-de-maria-la-hierbabuena\/","og:image":"https:\/\/www.eldigitaldeasturias.com\/noticias\/wp-content\/uploads\/2016\/02\/fotonoticia_20160202113638_800.jpg","og:image:secure_url":"https:\/\/www.eldigitaldeasturias.com\/noticias\/wp-content\/uploads\/2016\/02\/fotonoticia_20160202113638_800.jpg","og:image:width":800,"og:image:height":534,"article:tag":["actualidad"],"article:published_time":"2016-02-03T01:14:47+00:00","article:modified_time":"2016-02-03T01:14:47+00:00","article:publisher":"https:\/\/facebook.com\/eldigitaldeasturias","twitter:card":"summary_large_image","twitter:title":"El Ayuntamiento de C\u00e1diz decreta un d\u00eda de luto oficial por la muerte de Mar\u00eda \u2018la Hierbabuena\u2019 - El Digital de Asturias","twitter:description":"El Ayuntamiento de C\u00e1diz ha decretado un d\u00eda de luto oficial por el fallecimiento, a los 80 a\u00f1os de edad, de Mar\u00eda del Carmen Llovet Mu\u00f1oz, 'Mar\u00eda la Hierbabuena', una de las voces &quot;m\u00e1s representativas y conocidas del Carnaval de C\u00e1diz&quot;, a pesar de no haber salido nunca en ninguna agrupaci\u00f3n. Seg\u00fan ha indicado el","twitter:image":"https:\/\/www.eldigitaldeasturias.com\/noticias\/wp-content\/uploads\/2016\/02\/fotonoticia_20160202113638_800.jpg","twitter:label1":"Escrito por","twitter:data1":"El Digital de Asturias","twitter:label2":"Tiempo de lectura estimado","twitter:data2":"2 minutos"},"aioseo_meta_data":{"post_id":"853319","title":null,"description":null,"keywords":null,"keyphrases":null,"primary_term":null,"canonical_url":null,"og_title":null,"og_description":null,"og_object_type":"default","og_image_type":"default","og_image_url":null,"og_image_width":null,"og_image_height":null,"og_image_custom_url":null,"og_image_custom_fields":null,"og_video":null,"og_custom_url":null,"og_article_section":null,"og_article_tags":null,"twitter_use_og":false,"twitter_card":"default","twitter_image_type":"default","twitter_image_url":null,"twitter_image_custom_url":null,"twitter_image_custom_fields":null,"twitter_title":null,"twitter_description":null,"schema":{"blockGraphs":[],"customGraphs":[],"default":{"data":{"Article":[],"Course":[],"Dataset":[],"FAQPage":[],"Movie":[],"Person":[],"Product":[],"ProductReview":[],"Car":[],"Recipe":[],"Service":[],"SoftwareApplication":[],"WebPage":[]},"graphName":"","isEnabled":true},"graphs":[],"defaultGraph":"","defaultPostTypeGraph":""},"schema_type":null,"schema_type_options":null,"pillar_content":false,"robots_default":true,"robots_noindex":false,"robots_noarchive":false,"robots_nosnippet":false,"robots_nofollow":false,"robots_noimageindex":false,"robots_noodp":false,"robots_notranslate":false,"robots_max_snippet":null,"robots_max_videopreview":null,"robots_max_imagepreview":"large","priority":null,"frequency":null,"local_seo":null,"seo_analyzer_scan_date":"2025-12-09 17:39:15","breadcrumb_settings":null,"limit_modified_date":false,"open_ai":null,"ai":null,"created":"2021-01-22 06:55:35","updated":"2025-12-09 17:39:15"},"aioseo_breadcrumb":"<div class=\"aioseo-breadcrumbs\"><span class=\"aioseo-breadcrumb\">\n\t<a href=\"https:\/\/www.eldigitaldeasturias.com\/noticias\" title=\"Home\">Home<\/a>\n<\/span><span class=\"aioseo-breadcrumb-separator\">\u2013<\/span><span class=\"aioseo-breadcrumb\">\n\t<a href=\"https:\/\/www.eldigitaldeasturias.com\/noticias\/category\/actualidad\/\" title=\"Actualidad\">Actualidad<\/a>\n<\/span><span class=\"aioseo-breadcrumb-separator\">\u2013<\/span><span class=\"aioseo-breadcrumb\">\n\t<a href=\"https:\/\/www.eldigitaldeasturias.com\/noticias\/el-ayuntamiento-de-cadiz-decreta-un-dia-de-luto-oficial-por-la-muerte-de-maria-la-hierbabuena\/\" title=\"El Ayuntamiento de C\u00e1diz decreta un d\u00eda de luto oficial por la muerte de Mar\u00eda \u2018la Hierbabuena\u2019\">El Ayuntamiento de C\u00e1diz decreta un d\u00eda de luto oficial por la muerte de Mar\u00eda \u2018la Hierbabuena\u2019<\/a>\n<\/span><\/div>","aioseo_breadcrumb_json":[{"label":"Home","link":"https:\/\/www.eldigitaldeasturias.com\/noticias"},{"label":"Actualidad","link":"https:\/\/www.eldigitaldeasturias.com\/noticias\/category\/actualidad\/"},{"label":"El Ayuntamiento de C\u00e1diz decreta un d\u00eda de luto oficial por la muerte de Mar\u00eda &#8216;la Hierbabuena&#8217;","link":"https:\/\/www.eldigitaldeasturias.com\/noticias\/el-ayuntamiento-de-cadiz-decreta-un-dia-de-luto-oficial-por-la-muerte-de-maria-la-hierbabuena\/"}],"_links":{"self":[{"href":"https:\/\/www.eldigitaldeasturias.com\/noticias\/wp-json\/wp\/v2\/posts\/853319","targetHints":{"allow":["GET"]}}],"collection":[{"href":"https:\/\/www.eldigitaldeasturias.com\/noticias\/wp-json\/wp\/v2\/posts"}],"about":[{"href":"https:\/\/www.eldigitaldeasturias.com\/noticias\/wp-json\/wp\/v2\/types\/post"}],"author":[{"embeddable":true,"href":"https:\/\/www.eldigitaldeasturias.com\/noticias\/wp-json\/wp\/v2\/users\/1"}],"replies":[{"embeddable":true,"href":"https:\/\/www.eldigitaldeasturias.com\/noticias\/wp-json\/wp\/v2\/comments?post=853319"}],"version-history":[{"count":0,"href":"https:\/\/www.eldigitaldeasturias.com\/noticias\/wp-json\/wp\/v2\/posts\/853319\/revisions"}],"wp:featuredmedia":[{"embeddable":true,"href":"https:\/\/www.eldigitaldeasturias.com\/noticias\/wp-json\/wp\/v2\/media\/853320"}],"wp:attachment":[{"href":"https:\/\/www.eldigitaldeasturias.com\/noticias\/wp-json\/wp\/v2\/media?parent=853319"}],"wp:term":[{"taxonomy":"category","embeddable":true,"href":"https:\/\/www.eldigitaldeasturias.com\/noticias\/wp-json\/wp\/v2\/categories?post=853319"},{"taxonomy":"post_tag","embeddable":true,"href":"https:\/\/www.eldigitaldeasturias.com\/noticias\/wp-json\/wp\/v2\/tags?post=853319"}],"curies":[{"name":"wp","href":"https:\/\/api.w.org\/{rel}","templated":true}]}}