{"id":853301,"date":"2016-02-03T01:06:28","date_gmt":"2016-02-03T01:06:28","guid":{"rendered":"http:\/\/www.eldigitaldeasturias.com\/noticias\/?p=853301"},"modified":"2016-02-03T01:06:28","modified_gmt":"2016-02-03T01:06:28","slug":"obama-se-reune-con-paul-ryan-para-intentar-superar-el-bloqueo-bipartidista","status":"publish","type":"post","link":"https:\/\/www.eldigitaldeasturias.com\/noticias\/obama-se-reune-con-paul-ryan-para-intentar-superar-el-bloqueo-bipartidista\/","title":{"rendered":"Obama se re\u00fane con Paul Ryan para intentar superar el bloqueo bipartidista"},"content":{"rendered":"<p><img loading=\"lazy\" decoding=\"async\" class=\"alignleft size-medium wp-image-853302\" src=\"https:\/\/www.eldigitaldeasturias.com\/noticias\/wp-content\/uploads\/2016\/02\/fotonoticia_20160202174118_800-360x231.jpg\" alt=\"fotonoticia_20160202174118_800\" width=\"360\" height=\"231\" srcset=\"https:\/\/www.eldigitaldeasturias.com\/noticias\/wp-content\/uploads\/2016\/02\/fotonoticia_20160202174118_800-360x231.jpg 360w, https:\/\/www.eldigitaldeasturias.com\/noticias\/wp-content\/uploads\/2016\/02\/fotonoticia_20160202174118_800-768x493.jpg 768w, https:\/\/www.eldigitaldeasturias.com\/noticias\/wp-content\/uploads\/2016\/02\/fotonoticia_20160202174118_800-650x418.jpg 650w, https:\/\/www.eldigitaldeasturias.com\/noticias\/wp-content\/uploads\/2016\/02\/fotonoticia_20160202174118_800-84x55.jpg 84w, https:\/\/www.eldigitaldeasturias.com\/noticias\/wp-content\/uploads\/2016\/02\/fotonoticia_20160202174118_800-49x32.jpg 49w, https:\/\/www.eldigitaldeasturias.com\/noticias\/wp-content\/uploads\/2016\/02\/fotonoticia_20160202174118_800.jpg 800w\" sizes=\"auto, (max-width: 360px) 100vw, 360px\" \/>El presidente de Estados Unidos, Barack Obama, se reunir\u00e1 este martes en la Casa Blanca con el presidente de la C\u00e1mara de Representantes, el republicano Paul Ryan, para intentar superar la par\u00e1lisis que hay en el Congreso a causa del enfrentamiento bipartidista.<\/p>\n<p>Est\u00e1 previsto que el encuentro se produzca en el Despacho Oval en torno al mediod\u00eda (hora local) y que tambi\u00e9n acuda el l\u00edder de la mayor\u00eda republicana en el Senado, Mitch McConnell.<\/p>\n<p>Ser\u00e1 el primer cara a cara entre Obama y Ryan desde que el representante de Wisconsin asumi\u00f3 el cargo, el pasado mes de febrero, en sustituci\u00f3n de John Boehner.<\/p>\n<p>Aunque la Casa Blanca conf\u00eda en llegar a acuerdos en algunas materias, los analistas pol\u00edticos tienen pocas expectativas porque Ryan es el art\u00edfice del recorte presupuestario que ha eliminado gran parte de la financiaci\u00f3n destinada a los programas sociales de Obama.<\/p>\n<p>Ryan tambi\u00e9n ha destacado por su firme oposici\u00f3n a las dos \u00f3rdenes ejecutivas con las que Obama materializ\u00f3 una reforma migratoria reiteradamente bloqueada en el Congreso, as\u00ed como por su rechazo a las restricciones para la compraventa de armas.<\/p>\n<p>El Gobierno pretende centrar el debate en la lucha contra las drogas y contra el c\u00e1ncer, la ratificaci\u00f3n del Tratado Transpac\u00edfico y la crisis financiera en Puerto Rico. \u00abTodo esto son cosas que son prioridades para los republicanos\u00bb, ha dicho el portavoz de la Casa Blanca, Josh Earnest.<\/p>\n","protected":false},"excerpt":{"rendered":"<p>El presidente de Estados Unidos, Barack Obama, se reunir\u00e1 este martes en la Casa Blanca con el presidente de la C\u00e1mara de Representantes, el republicano Paul Ryan, para intentar superar la par\u00e1lisis que hay en el Congreso a causa del enfrentamiento bipartidista. Est\u00e1 previsto que el encuentro se produzca en el Despacho Oval en torno [&hellip;]<\/p>\n","protected":false},"author":1,"featured_media":853302,"comment_status":"closed","ping_status":"closed","sticky":false,"template":"","format":"standard","meta":{"footnotes":""},"categories":[1],"tags":[],"class_list":["post-853301","post","type-post","status-publish","format-standard","has-post-thumbnail","hentry","category-actualidad"],"aioseo_notices":[],"aioseo_head":"\n\t\t<!-- All in One SEO Pro 4.9.6.2 - aioseo.com -->\n\t<meta name=\"description\" content=\"El presidente de Estados Unidos, Barack Obama, se reunir\u00e1 este martes en la Casa Blanca con el presidente de la C\u00e1mara de Representantes, el republicano Paul Ryan, para intentar superar la par\u00e1lisis que hay en el Congreso a causa del enfrentamiento bipartidista. Est\u00e1 previsto que el encuentro se produzca en el Despacho Oval en torno\" \/>\n\t<meta name=\"robots\" content=\"max-image-preview:large\" \/>\n\t<meta name=\"author\" content=\"El Digital de Asturias\"\/>\n\t<meta name=\"google-site-verification\" content=\"UA-38556648-1\" \/>\n\t<meta name=\"msvalidate.01\" content=\"7dfe9f3f1b24437ab69f4f2559babe99\" \/>\n\t<meta name=\"keywords\" content=\"actualidad\" \/>\n\t<link rel=\"canonical\" href=\"https:\/\/www.eldigitaldeasturias.com\/noticias\/obama-se-reune-con-paul-ryan-para-intentar-superar-el-bloqueo-bipartidista\/\" \/>\n\t<meta name=\"generator\" content=\"All in One SEO Pro (AIOSEO) 4.9.6.2\" \/>\n\t\t<meta property=\"og:locale\" content=\"es_ES\" \/>\n\t\t<meta property=\"og:site_name\" content=\"El Digital de Asturias\" \/>\n\t\t<meta property=\"og:type\" content=\"article\" \/>\n\t\t<meta property=\"og:title\" content=\"Obama se re\u00fane con Paul Ryan para intentar superar el bloqueo bipartidista - El Digital de Asturias\" \/>\n\t\t<meta property=\"og:description\" content=\"El presidente de Estados Unidos, Barack Obama, se reunir\u00e1 este martes en la Casa Blanca con el presidente de la C\u00e1mara de Representantes, el republicano Paul Ryan, para intentar superar la par\u00e1lisis que hay en el Congreso a causa del enfrentamiento bipartidista. Est\u00e1 previsto que el encuentro se produzca en el Despacho Oval en torno\" \/>\n\t\t<meta property=\"og:url\" content=\"https:\/\/www.eldigitaldeasturias.com\/noticias\/obama-se-reune-con-paul-ryan-para-intentar-superar-el-bloqueo-bipartidista\/\" \/>\n\t\t<meta property=\"og:image\" content=\"https:\/\/www.eldigitaldeasturias.com\/noticias\/wp-content\/uploads\/2016\/02\/fotonoticia_20160202174118_800.jpg\" \/>\n\t\t<meta property=\"og:image:secure_url\" content=\"https:\/\/www.eldigitaldeasturias.com\/noticias\/wp-content\/uploads\/2016\/02\/fotonoticia_20160202174118_800.jpg\" \/>\n\t\t<meta property=\"og:image:width\" content=\"800\" \/>\n\t\t<meta property=\"og:image:height\" content=\"514\" \/>\n\t\t<meta property=\"article:tag\" content=\"actualidad\" \/>\n\t\t<meta property=\"article:published_time\" content=\"2016-02-03T01:06:28+00:00\" \/>\n\t\t<meta property=\"article:modified_time\" content=\"2016-02-03T01:06:28+00:00\" \/>\n\t\t<meta property=\"article:publisher\" content=\"https:\/\/facebook.com\/eldigitaldeasturias\" \/>\n\t\t<meta name=\"twitter:card\" content=\"summary_large_image\" \/>\n\t\t<meta name=\"twitter:title\" content=\"Obama se re\u00fane con Paul Ryan para intentar superar el bloqueo bipartidista - El Digital de Asturias\" \/>\n\t\t<meta name=\"twitter:description\" content=\"El presidente de Estados Unidos, Barack Obama, se reunir\u00e1 este martes en la Casa Blanca con el presidente de la C\u00e1mara de Representantes, el republicano Paul Ryan, para intentar superar la par\u00e1lisis que hay en el Congreso a causa del enfrentamiento bipartidista. Est\u00e1 previsto que el encuentro se produzca en el Despacho Oval en torno\" \/>\n\t\t<meta name=\"twitter:image\" content=\"https:\/\/www.eldigitaldeasturias.com\/noticias\/wp-content\/uploads\/2016\/02\/fotonoticia_20160202174118_800.jpg\" \/>\n\t\t<meta name=\"twitter:label1\" content=\"Escrito por\" \/>\n\t\t<meta name=\"twitter:data1\" content=\"El Digital de Asturias\" \/>\n\t\t<meta name=\"twitter:label2\" content=\"Tiempo de lectura estimado\" \/>\n\t\t<meta name=\"twitter:data2\" content=\"1 minuto\" \/>\n\t\t<script type=\"application\/ld+json\" class=\"aioseo-schema\">\n\t\t\t{\"@context\":\"https:\\\/\\\/schema.org\",\"@graph\":[{\"@type\":\"BlogPosting\",\"@id\":\"https:\\\/\\\/www.eldigitaldeasturias.com\\\/noticias\\\/obama-se-reune-con-paul-ryan-para-intentar-superar-el-bloqueo-bipartidista\\\/#blogposting\",\"name\":\"Obama se re\\u00fane con Paul Ryan para intentar superar el bloqueo bipartidista - El Digital de Asturias\",\"headline\":\"Obama se re\\u00fane con Paul Ryan para intentar superar el bloqueo bipartidista\",\"author\":{\"@id\":\"https:\\\/\\\/www.eldigitaldeasturias.com\\\/noticias\\\/author\\\/admin\\\/#author\"},\"publisher\":{\"@id\":\"https:\\\/\\\/www.eldigitaldeasturias.com\\\/noticias\\\/#organization\"},\"image\":{\"@type\":\"ImageObject\",\"url\":\"https:\\\/\\\/www.eldigitaldeasturias.com\\\/noticias\\\/wp-content\\\/uploads\\\/2016\\\/02\\\/fotonoticia_20160202174118_800.jpg\",\"width\":800,\"height\":514},\"datePublished\":\"2016-02-03T01:06:28+01:00\",\"dateModified\":\"2016-02-03T01:06:28+01:00\",\"inLanguage\":\"es-ES\",\"mainEntityOfPage\":{\"@id\":\"https:\\\/\\\/www.eldigitaldeasturias.com\\\/noticias\\\/obama-se-reune-con-paul-ryan-para-intentar-superar-el-bloqueo-bipartidista\\\/#webpage\"},\"isPartOf\":{\"@id\":\"https:\\\/\\\/www.eldigitaldeasturias.com\\\/noticias\\\/obama-se-reune-con-paul-ryan-para-intentar-superar-el-bloqueo-bipartidista\\\/#webpage\"},\"articleSection\":\"Actualidad\"},{\"@type\":\"BreadcrumbList\",\"@id\":\"https:\\\/\\\/www.eldigitaldeasturias.com\\\/noticias\\\/obama-se-reune-con-paul-ryan-para-intentar-superar-el-bloqueo-bipartidista\\\/#breadcrumblist\",\"itemListElement\":[{\"@type\":\"ListItem\",\"@id\":\"https:\\\/\\\/www.eldigitaldeasturias.com\\\/noticias#listItem\",\"position\":1,\"name\":\"Home\",\"item\":\"https:\\\/\\\/www.eldigitaldeasturias.com\\\/noticias\",\"nextItem\":{\"@type\":\"ListItem\",\"@id\":\"https:\\\/\\\/www.eldigitaldeasturias.com\\\/noticias\\\/category\\\/actualidad\\\/#listItem\",\"name\":\"Actualidad\"}},{\"@type\":\"ListItem\",\"@id\":\"https:\\\/\\\/www.eldigitaldeasturias.com\\\/noticias\\\/category\\\/actualidad\\\/#listItem\",\"position\":2,\"name\":\"Actualidad\",\"item\":\"https:\\\/\\\/www.eldigitaldeasturias.com\\\/noticias\\\/category\\\/actualidad\\\/\",\"nextItem\":{\"@type\":\"ListItem\",\"@id\":\"https:\\\/\\\/www.eldigitaldeasturias.com\\\/noticias\\\/obama-se-reune-con-paul-ryan-para-intentar-superar-el-bloqueo-bipartidista\\\/#listItem\",\"name\":\"Obama se re\\u00fane con Paul Ryan para intentar superar el bloqueo bipartidista\"},\"previousItem\":{\"@type\":\"ListItem\",\"@id\":\"https:\\\/\\\/www.eldigitaldeasturias.com\\\/noticias#listItem\",\"name\":\"Home\"}},{\"@type\":\"ListItem\",\"@id\":\"https:\\\/\\\/www.eldigitaldeasturias.com\\\/noticias\\\/obama-se-reune-con-paul-ryan-para-intentar-superar-el-bloqueo-bipartidista\\\/#listItem\",\"position\":3,\"name\":\"Obama se re\\u00fane con Paul Ryan para intentar superar el bloqueo bipartidista\",\"previousItem\":{\"@type\":\"ListItem\",\"@id\":\"https:\\\/\\\/www.eldigitaldeasturias.com\\\/noticias\\\/category\\\/actualidad\\\/#listItem\",\"name\":\"Actualidad\"}}]},{\"@type\":\"Organization\",\"@id\":\"https:\\\/\\\/www.eldigitaldeasturias.com\\\/noticias\\\/#organization\",\"name\":\"El Digital de Asturias\",\"description\":\"Hemeroteca\",\"url\":\"https:\\\/\\\/www.eldigitaldeasturias.com\\\/noticias\\\/\",\"email\":\"info@eldigitaldeasturias.com\",\"telephone\":\"+34652131393\",\"logo\":{\"@type\":\"ImageObject\",\"url\":\"https:\\\/\\\/www.eldigitaldeasturias.com\\\/noticias\\\/wp-content\\\/uploads\\\/2020\\\/12\\\/EDA.jpg\",\"@id\":\"https:\\\/\\\/www.eldigitaldeasturias.com\\\/noticias\\\/obama-se-reune-con-paul-ryan-para-intentar-superar-el-bloqueo-bipartidista\\\/#organizationLogo\",\"width\":649,\"height\":297},\"image\":{\"@id\":\"https:\\\/\\\/www.eldigitaldeasturias.com\\\/noticias\\\/obama-se-reune-con-paul-ryan-para-intentar-superar-el-bloqueo-bipartidista\\\/#organizationLogo\"},\"sameAs\":[\"https:\\\/\\\/facebook.com\\\/eldigitaldeasturias\",\"https:\\\/\\\/www.youtube.com\\\/channel\\\/UCZP-2wLEB9Rv6erhFmqVnvg\"],\"address\":{\"@id\":\"https:\\\/\\\/www.eldigitaldeasturias.com\\\/noticias\\\/#postaladdress\",\"@type\":\"PostalAddress\",\"streetAddress\":\"san antonio 4,\",\"postalCode\":\"33430\",\"addressLocality\":\"Cand\\u00e1s\",\"addressRegion\":\"Asturias\",\"addressCountry\":\"ES\"}},{\"@type\":\"Person\",\"@id\":\"https:\\\/\\\/www.eldigitaldeasturias.com\\\/noticias\\\/author\\\/admin\\\/#author\",\"url\":\"https:\\\/\\\/www.eldigitaldeasturias.com\\\/noticias\\\/author\\\/admin\\\/\",\"name\":\"El Digital de Asturias\",\"image\":{\"@type\":\"ImageObject\",\"@id\":\"https:\\\/\\\/www.eldigitaldeasturias.com\\\/noticias\\\/obama-se-reune-con-paul-ryan-para-intentar-superar-el-bloqueo-bipartidista\\\/#authorImage\",\"url\":\"https:\\\/\\\/www.eldigitaldeasturias.com\\\/noticias\\\/wp-content\\\/litespeed\\\/avatar\\\/18677e78aa0546b92d9dbf31ec7d7668.jpg?ver=1777290358\",\"width\":96,\"height\":96,\"caption\":\"El Digital de Asturias\"}},{\"@type\":\"WebPage\",\"@id\":\"https:\\\/\\\/www.eldigitaldeasturias.com\\\/noticias\\\/obama-se-reune-con-paul-ryan-para-intentar-superar-el-bloqueo-bipartidista\\\/#webpage\",\"url\":\"https:\\\/\\\/www.eldigitaldeasturias.com\\\/noticias\\\/obama-se-reune-con-paul-ryan-para-intentar-superar-el-bloqueo-bipartidista\\\/\",\"name\":\"Obama se re\\u00fane con Paul Ryan para intentar superar el bloqueo bipartidista - El Digital de Asturias\",\"description\":\"El presidente de Estados Unidos, Barack Obama, se reunir\\u00e1 este martes en la Casa Blanca con el presidente de la C\\u00e1mara de Representantes, el republicano Paul Ryan, para intentar superar la par\\u00e1lisis que hay en el Congreso a causa del enfrentamiento bipartidista. Est\\u00e1 previsto que el encuentro se produzca en el Despacho Oval en torno\",\"inLanguage\":\"es-ES\",\"isPartOf\":{\"@id\":\"https:\\\/\\\/www.eldigitaldeasturias.com\\\/noticias\\\/#website\"},\"breadcrumb\":{\"@id\":\"https:\\\/\\\/www.eldigitaldeasturias.com\\\/noticias\\\/obama-se-reune-con-paul-ryan-para-intentar-superar-el-bloqueo-bipartidista\\\/#breadcrumblist\"},\"author\":{\"@id\":\"https:\\\/\\\/www.eldigitaldeasturias.com\\\/noticias\\\/author\\\/admin\\\/#author\"},\"creator\":{\"@id\":\"https:\\\/\\\/www.eldigitaldeasturias.com\\\/noticias\\\/author\\\/admin\\\/#author\"},\"image\":{\"@type\":\"ImageObject\",\"url\":\"https:\\\/\\\/www.eldigitaldeasturias.com\\\/noticias\\\/wp-content\\\/uploads\\\/2016\\\/02\\\/fotonoticia_20160202174118_800.jpg\",\"@id\":\"https:\\\/\\\/www.eldigitaldeasturias.com\\\/noticias\\\/obama-se-reune-con-paul-ryan-para-intentar-superar-el-bloqueo-bipartidista\\\/#mainImage\",\"width\":800,\"height\":514},\"primaryImageOfPage\":{\"@id\":\"https:\\\/\\\/www.eldigitaldeasturias.com\\\/noticias\\\/obama-se-reune-con-paul-ryan-para-intentar-superar-el-bloqueo-bipartidista\\\/#mainImage\"},\"datePublished\":\"2016-02-03T01:06:28+01:00\",\"dateModified\":\"2016-02-03T01:06:28+01:00\"},{\"@type\":\"WebSite\",\"@id\":\"https:\\\/\\\/www.eldigitaldeasturias.com\\\/noticias\\\/#website\",\"url\":\"https:\\\/\\\/www.eldigitaldeasturias.com\\\/noticias\\\/\",\"name\":\"El Digital de Asturias - Diario de actualidad y noticias\",\"alternateName\":\"El Digital de Asturias - Diario de actualidad y noticias\",\"description\":\"Hemeroteca\",\"inLanguage\":\"es-ES\",\"publisher\":{\"@id\":\"https:\\\/\\\/www.eldigitaldeasturias.com\\\/noticias\\\/#organization\"}}]}\n\t\t<\/script>\n\t\t<!-- All in One SEO Pro -->\r\n\t\t<title>Obama se re\u00fane con Paul Ryan para intentar superar el bloqueo bipartidista - El Digital de Asturias<\/title>\n\n","aioseo_head_json":{"title":"Obama se re\u00fane con Paul Ryan para intentar superar el bloqueo bipartidista - El Digital de Asturias","description":"El presidente de Estados Unidos, Barack Obama, se reunir\u00e1 este martes en la Casa Blanca con el presidente de la C\u00e1mara de Representantes, el republicano Paul Ryan, para intentar superar la par\u00e1lisis que hay en el Congreso a causa del enfrentamiento bipartidista. Est\u00e1 previsto que el encuentro se produzca en el Despacho Oval en torno","canonical_url":"https:\/\/www.eldigitaldeasturias.com\/noticias\/obama-se-reune-con-paul-ryan-para-intentar-superar-el-bloqueo-bipartidista\/","robots":"max-image-preview:large","keywords":"actualidad","webmasterTools":{"google-site-verification":"UA-38556648-1","msvalidate.01":"7dfe9f3f1b24437ab69f4f2559babe99","miscellaneous":""},"schema":{"@context":"https:\/\/schema.org","@graph":[{"@type":"BlogPosting","@id":"https:\/\/www.eldigitaldeasturias.com\/noticias\/obama-se-reune-con-paul-ryan-para-intentar-superar-el-bloqueo-bipartidista\/#blogposting","name":"Obama se re\u00fane con Paul Ryan para intentar superar el bloqueo bipartidista - El Digital de Asturias","headline":"Obama se re\u00fane con Paul Ryan para intentar superar el bloqueo bipartidista","author":{"@id":"https:\/\/www.eldigitaldeasturias.com\/noticias\/author\/admin\/#author"},"publisher":{"@id":"https:\/\/www.eldigitaldeasturias.com\/noticias\/#organization"},"image":{"@type":"ImageObject","url":"https:\/\/www.eldigitaldeasturias.com\/noticias\/wp-content\/uploads\/2016\/02\/fotonoticia_20160202174118_800.jpg","width":800,"height":514},"datePublished":"2016-02-03T01:06:28+01:00","dateModified":"2016-02-03T01:06:28+01:00","inLanguage":"es-ES","mainEntityOfPage":{"@id":"https:\/\/www.eldigitaldeasturias.com\/noticias\/obama-se-reune-con-paul-ryan-para-intentar-superar-el-bloqueo-bipartidista\/#webpage"},"isPartOf":{"@id":"https:\/\/www.eldigitaldeasturias.com\/noticias\/obama-se-reune-con-paul-ryan-para-intentar-superar-el-bloqueo-bipartidista\/#webpage"},"articleSection":"Actualidad"},{"@type":"BreadcrumbList","@id":"https:\/\/www.eldigitaldeasturias.com\/noticias\/obama-se-reune-con-paul-ryan-para-intentar-superar-el-bloqueo-bipartidista\/#breadcrumblist","itemListElement":[{"@type":"ListItem","@id":"https:\/\/www.eldigitaldeasturias.com\/noticias#listItem","position":1,"name":"Home","item":"https:\/\/www.eldigitaldeasturias.com\/noticias","nextItem":{"@type":"ListItem","@id":"https:\/\/www.eldigitaldeasturias.com\/noticias\/category\/actualidad\/#listItem","name":"Actualidad"}},{"@type":"ListItem","@id":"https:\/\/www.eldigitaldeasturias.com\/noticias\/category\/actualidad\/#listItem","position":2,"name":"Actualidad","item":"https:\/\/www.eldigitaldeasturias.com\/noticias\/category\/actualidad\/","nextItem":{"@type":"ListItem","@id":"https:\/\/www.eldigitaldeasturias.com\/noticias\/obama-se-reune-con-paul-ryan-para-intentar-superar-el-bloqueo-bipartidista\/#listItem","name":"Obama se re\u00fane con Paul Ryan para intentar superar el bloqueo bipartidista"},"previousItem":{"@type":"ListItem","@id":"https:\/\/www.eldigitaldeasturias.com\/noticias#listItem","name":"Home"}},{"@type":"ListItem","@id":"https:\/\/www.eldigitaldeasturias.com\/noticias\/obama-se-reune-con-paul-ryan-para-intentar-superar-el-bloqueo-bipartidista\/#listItem","position":3,"name":"Obama se re\u00fane con Paul Ryan para intentar superar el bloqueo bipartidista","previousItem":{"@type":"ListItem","@id":"https:\/\/www.eldigitaldeasturias.com\/noticias\/category\/actualidad\/#listItem","name":"Actualidad"}}]},{"@type":"Organization","@id":"https:\/\/www.eldigitaldeasturias.com\/noticias\/#organization","name":"El Digital de Asturias","description":"Hemeroteca","url":"https:\/\/www.eldigitaldeasturias.com\/noticias\/","email":"info@eldigitaldeasturias.com","telephone":"+34652131393","logo":{"@type":"ImageObject","url":"https:\/\/www.eldigitaldeasturias.com\/noticias\/wp-content\/uploads\/2020\/12\/EDA.jpg","@id":"https:\/\/www.eldigitaldeasturias.com\/noticias\/obama-se-reune-con-paul-ryan-para-intentar-superar-el-bloqueo-bipartidista\/#organizationLogo","width":649,"height":297},"image":{"@id":"https:\/\/www.eldigitaldeasturias.com\/noticias\/obama-se-reune-con-paul-ryan-para-intentar-superar-el-bloqueo-bipartidista\/#organizationLogo"},"sameAs":["https:\/\/facebook.com\/eldigitaldeasturias","https:\/\/www.youtube.com\/channel\/UCZP-2wLEB9Rv6erhFmqVnvg"],"address":{"@id":"https:\/\/www.eldigitaldeasturias.com\/noticias\/#postaladdress","@type":"PostalAddress","streetAddress":"san antonio 4,","postalCode":"33430","addressLocality":"Cand\u00e1s","addressRegion":"Asturias","addressCountry":"ES"}},{"@type":"Person","@id":"https:\/\/www.eldigitaldeasturias.com\/noticias\/author\/admin\/#author","url":"https:\/\/www.eldigitaldeasturias.com\/noticias\/author\/admin\/","name":"El Digital de Asturias","image":{"@type":"ImageObject","@id":"https:\/\/www.eldigitaldeasturias.com\/noticias\/obama-se-reune-con-paul-ryan-para-intentar-superar-el-bloqueo-bipartidista\/#authorImage","url":"https:\/\/www.eldigitaldeasturias.com\/noticias\/wp-content\/litespeed\/avatar\/18677e78aa0546b92d9dbf31ec7d7668.jpg?ver=1777290358","width":96,"height":96,"caption":"El Digital de Asturias"}},{"@type":"WebPage","@id":"https:\/\/www.eldigitaldeasturias.com\/noticias\/obama-se-reune-con-paul-ryan-para-intentar-superar-el-bloqueo-bipartidista\/#webpage","url":"https:\/\/www.eldigitaldeasturias.com\/noticias\/obama-se-reune-con-paul-ryan-para-intentar-superar-el-bloqueo-bipartidista\/","name":"Obama se re\u00fane con Paul Ryan para intentar superar el bloqueo bipartidista - El Digital de Asturias","description":"El presidente de Estados Unidos, Barack Obama, se reunir\u00e1 este martes en la Casa Blanca con el presidente de la C\u00e1mara de Representantes, el republicano Paul Ryan, para intentar superar la par\u00e1lisis que hay en el Congreso a causa del enfrentamiento bipartidista. Est\u00e1 previsto que el encuentro se produzca en el Despacho Oval en torno","inLanguage":"es-ES","isPartOf":{"@id":"https:\/\/www.eldigitaldeasturias.com\/noticias\/#website"},"breadcrumb":{"@id":"https:\/\/www.eldigitaldeasturias.com\/noticias\/obama-se-reune-con-paul-ryan-para-intentar-superar-el-bloqueo-bipartidista\/#breadcrumblist"},"author":{"@id":"https:\/\/www.eldigitaldeasturias.com\/noticias\/author\/admin\/#author"},"creator":{"@id":"https:\/\/www.eldigitaldeasturias.com\/noticias\/author\/admin\/#author"},"image":{"@type":"ImageObject","url":"https:\/\/www.eldigitaldeasturias.com\/noticias\/wp-content\/uploads\/2016\/02\/fotonoticia_20160202174118_800.jpg","@id":"https:\/\/www.eldigitaldeasturias.com\/noticias\/obama-se-reune-con-paul-ryan-para-intentar-superar-el-bloqueo-bipartidista\/#mainImage","width":800,"height":514},"primaryImageOfPage":{"@id":"https:\/\/www.eldigitaldeasturias.com\/noticias\/obama-se-reune-con-paul-ryan-para-intentar-superar-el-bloqueo-bipartidista\/#mainImage"},"datePublished":"2016-02-03T01:06:28+01:00","dateModified":"2016-02-03T01:06:28+01:00"},{"@type":"WebSite","@id":"https:\/\/www.eldigitaldeasturias.com\/noticias\/#website","url":"https:\/\/www.eldigitaldeasturias.com\/noticias\/","name":"El Digital de Asturias - Diario de actualidad y noticias","alternateName":"El Digital de Asturias - Diario de actualidad y noticias","description":"Hemeroteca","inLanguage":"es-ES","publisher":{"@id":"https:\/\/www.eldigitaldeasturias.com\/noticias\/#organization"}}]},"og:locale":"es_ES","og:site_name":"El Digital de Asturias","og:type":"article","og:title":"Obama se re\u00fane con Paul Ryan para intentar superar el bloqueo bipartidista - El Digital de Asturias","og:description":"El presidente de Estados Unidos, Barack Obama, se reunir\u00e1 este martes en la Casa Blanca con el presidente de la C\u00e1mara de Representantes, el republicano Paul Ryan, para intentar superar la par\u00e1lisis que hay en el Congreso a causa del enfrentamiento bipartidista. Est\u00e1 previsto que el encuentro se produzca en el Despacho Oval en torno","og:url":"https:\/\/www.eldigitaldeasturias.com\/noticias\/obama-se-reune-con-paul-ryan-para-intentar-superar-el-bloqueo-bipartidista\/","og:image":"https:\/\/www.eldigitaldeasturias.com\/noticias\/wp-content\/uploads\/2016\/02\/fotonoticia_20160202174118_800.jpg","og:image:secure_url":"https:\/\/www.eldigitaldeasturias.com\/noticias\/wp-content\/uploads\/2016\/02\/fotonoticia_20160202174118_800.jpg","og:image:width":800,"og:image:height":514,"article:tag":["actualidad"],"article:published_time":"2016-02-03T01:06:28+00:00","article:modified_time":"2016-02-03T01:06:28+00:00","article:publisher":"https:\/\/facebook.com\/eldigitaldeasturias","twitter:card":"summary_large_image","twitter:title":"Obama se re\u00fane con Paul Ryan para intentar superar el bloqueo bipartidista - El Digital de Asturias","twitter:description":"El presidente de Estados Unidos, Barack Obama, se reunir\u00e1 este martes en la Casa Blanca con el presidente de la C\u00e1mara de Representantes, el republicano Paul Ryan, para intentar superar la par\u00e1lisis que hay en el Congreso a causa del enfrentamiento bipartidista. Est\u00e1 previsto que el encuentro se produzca en el Despacho Oval en torno","twitter:image":"https:\/\/www.eldigitaldeasturias.com\/noticias\/wp-content\/uploads\/2016\/02\/fotonoticia_20160202174118_800.jpg","twitter:label1":"Escrito por","twitter:data1":"El Digital de Asturias","twitter:label2":"Tiempo de lectura estimado","twitter:data2":"1 minuto"},"aioseo_meta_data":{"post_id":"853301","title":null,"description":null,"keywords":null,"keyphrases":null,"primary_term":null,"canonical_url":null,"og_title":null,"og_description":null,"og_object_type":"default","og_image_type":"default","og_image_url":null,"og_image_width":null,"og_image_height":null,"og_image_custom_url":null,"og_image_custom_fields":null,"og_video":null,"og_custom_url":null,"og_article_section":null,"og_article_tags":null,"twitter_use_og":false,"twitter_card":"default","twitter_image_type":"default","twitter_image_url":null,"twitter_image_custom_url":null,"twitter_image_custom_fields":null,"twitter_title":null,"twitter_description":null,"schema":{"blockGraphs":[],"customGraphs":[],"default":{"data":{"Article":[],"Course":[],"Dataset":[],"FAQPage":[],"Movie":[],"Person":[],"Product":[],"ProductReview":[],"Car":[],"Recipe":[],"Service":[],"SoftwareApplication":[],"WebPage":[]},"graphName":"","isEnabled":true},"graphs":[],"defaultGraph":"","defaultPostTypeGraph":""},"schema_type":null,"schema_type_options":null,"pillar_content":false,"robots_default":true,"robots_noindex":false,"robots_noarchive":false,"robots_nosnippet":false,"robots_nofollow":false,"robots_noimageindex":false,"robots_noodp":false,"robots_notranslate":false,"robots_max_snippet":null,"robots_max_videopreview":null,"robots_max_imagepreview":"large","priority":null,"frequency":null,"local_seo":null,"seo_analyzer_scan_date":"2025-12-09 17:37:18","breadcrumb_settings":null,"limit_modified_date":false,"open_ai":null,"ai":null,"created":"2021-01-22 06:55:35","updated":"2025-12-09 17:37:18"},"aioseo_breadcrumb":"<div class=\"aioseo-breadcrumbs\"><span class=\"aioseo-breadcrumb\">\n\t<a href=\"https:\/\/www.eldigitaldeasturias.com\/noticias\" title=\"Home\">Home<\/a>\n<\/span><span class=\"aioseo-breadcrumb-separator\">\u2013<\/span><span class=\"aioseo-breadcrumb\">\n\t<a href=\"https:\/\/www.eldigitaldeasturias.com\/noticias\/category\/actualidad\/\" title=\"Actualidad\">Actualidad<\/a>\n<\/span><span class=\"aioseo-breadcrumb-separator\">\u2013<\/span><span class=\"aioseo-breadcrumb\">\n\t<a href=\"https:\/\/www.eldigitaldeasturias.com\/noticias\/obama-se-reune-con-paul-ryan-para-intentar-superar-el-bloqueo-bipartidista\/\" title=\"Obama se re\u00fane con Paul Ryan para intentar superar el bloqueo bipartidista\">Obama se re\u00fane con Paul Ryan para intentar superar el bloqueo bipartidista<\/a>\n<\/span><\/div>","aioseo_breadcrumb_json":[{"label":"Home","link":"https:\/\/www.eldigitaldeasturias.com\/noticias"},{"label":"Actualidad","link":"https:\/\/www.eldigitaldeasturias.com\/noticias\/category\/actualidad\/"},{"label":"Obama se re\u00fane con Paul Ryan para intentar superar el bloqueo bipartidista","link":"https:\/\/www.eldigitaldeasturias.com\/noticias\/obama-se-reune-con-paul-ryan-para-intentar-superar-el-bloqueo-bipartidista\/"}],"_links":{"self":[{"href":"https:\/\/www.eldigitaldeasturias.com\/noticias\/wp-json\/wp\/v2\/posts\/853301","targetHints":{"allow":["GET"]}}],"collection":[{"href":"https:\/\/www.eldigitaldeasturias.com\/noticias\/wp-json\/wp\/v2\/posts"}],"about":[{"href":"https:\/\/www.eldigitaldeasturias.com\/noticias\/wp-json\/wp\/v2\/types\/post"}],"author":[{"embeddable":true,"href":"https:\/\/www.eldigitaldeasturias.com\/noticias\/wp-json\/wp\/v2\/users\/1"}],"replies":[{"embeddable":true,"href":"https:\/\/www.eldigitaldeasturias.com\/noticias\/wp-json\/wp\/v2\/comments?post=853301"}],"version-history":[{"count":0,"href":"https:\/\/www.eldigitaldeasturias.com\/noticias\/wp-json\/wp\/v2\/posts\/853301\/revisions"}],"wp:featuredmedia":[{"embeddable":true,"href":"https:\/\/www.eldigitaldeasturias.com\/noticias\/wp-json\/wp\/v2\/media\/853302"}],"wp:attachment":[{"href":"https:\/\/www.eldigitaldeasturias.com\/noticias\/wp-json\/wp\/v2\/media?parent=853301"}],"wp:term":[{"taxonomy":"category","embeddable":true,"href":"https:\/\/www.eldigitaldeasturias.com\/noticias\/wp-json\/wp\/v2\/categories?post=853301"},{"taxonomy":"post_tag","embeddable":true,"href":"https:\/\/www.eldigitaldeasturias.com\/noticias\/wp-json\/wp\/v2\/tags?post=853301"}],"curies":[{"name":"wp","href":"https:\/\/api.w.org\/{rel}","templated":true}]}}