{"id":853289,"date":"2016-02-03T00:59:08","date_gmt":"2016-02-03T00:59:08","guid":{"rendered":"http:\/\/www.eldigitaldeasturias.com\/noticias\/?p=853289"},"modified":"2016-02-03T00:59:08","modified_gmt":"2016-02-03T00:59:08","slug":"la-oferta-de-acuerdo-de-la-ue-ofrece-a-londres-un-freno-de-emergencia-para-limitar-ayudas-a-europeos","status":"publish","type":"post","link":"https:\/\/www.eldigitaldeasturias.com\/noticias\/la-oferta-de-acuerdo-de-la-ue-ofrece-a-londres-un-freno-de-emergencia-para-limitar-ayudas-a-europeos\/","title":{"rendered":"La oferta de acuerdo de la UE ofrece a Londres un \u00abfreno de emergencia\u00bb para limitar ayudas a europeos"},"content":{"rendered":"<p><img loading=\"lazy\" decoding=\"async\" class=\"alignleft size-medium wp-image-853290\" src=\"https:\/\/www.eldigitaldeasturias.com\/noticias\/wp-content\/uploads\/2016\/02\/fotonoticia_20160202134327_800-360x240.jpg\" alt=\"fotonoticia_20160202134327_800\" width=\"360\" height=\"240\" srcset=\"https:\/\/www.eldigitaldeasturias.com\/noticias\/wp-content\/uploads\/2016\/02\/fotonoticia_20160202134327_800-360x240.jpg 360w, https:\/\/www.eldigitaldeasturias.com\/noticias\/wp-content\/uploads\/2016\/02\/fotonoticia_20160202134327_800-768x512.jpg 768w, https:\/\/www.eldigitaldeasturias.com\/noticias\/wp-content\/uploads\/2016\/02\/fotonoticia_20160202134327_800-650x433.jpg 650w, https:\/\/www.eldigitaldeasturias.com\/noticias\/wp-content\/uploads\/2016\/02\/fotonoticia_20160202134327_800-84x55.jpg 84w, https:\/\/www.eldigitaldeasturias.com\/noticias\/wp-content\/uploads\/2016\/02\/fotonoticia_20160202134327_800-49x32.jpg 49w, https:\/\/www.eldigitaldeasturias.com\/noticias\/wp-content\/uploads\/2016\/02\/fotonoticia_20160202134327_800.jpg 800w\" sizes=\"auto, (max-width: 360px) 100vw, 360px\" \/>La propuesta de acuerdo para revisar los v\u00ednculos de Reino Unido con el resto de la Uni\u00f3n Europea incluye un mecanismo de \u00abalerta y salvaguarda\u00bb que permitir\u00eda a Londres limitar las prestaciones sociales a los trabajadores europeos durante sus primeros a\u00f1os en Reino Unido.<\/p>\n<p>El presidente del Consejo europeo, Donald Tusk, ha publicado el borrador de acuerdo que ha redactado tras contactos con el primer ministro brit\u00e1nico, David Cameron, pero no se trata de un acuerdo definitivo, ya que debe ser sometido a\u00fan a la opini\u00f3n del resto de jefes de Estado y de Gobierno de la UE.<\/p>\n<p>\u00abCreo profundamente que nuestra comunidad de intereses es mucho m\u00e1s fuertes que lo que nos divide. Ser o no ser (por estar) unidos, esa es la cuesti\u00f3n que deben responder no s\u00f3lo los brit\u00e1nicos en un refer\u00e9ndum, sino tambi\u00e9n el resto de los 27 miembros de la UE en las pr\u00f3ximas dos semanas\u00bb, ha indicado Tusk, en una carta dirigida a los l\u00edderes de la UE.<\/p>\n<p>La salvaguarda que permitir\u00eda excluir a inmigrantes europeos de parte de las ayudas sociales vinculadas al empleo en Reino Unido afectar\u00eda \u00fanicamente a los trabajadores llegados despu\u00e9s del acuerdo y no a los que ya se encuentran all\u00ed, seg\u00fan han indicado fuentes europeas.<\/p>\n<p>NO REQUIERE UN CAMBIO DEL TRATADO<\/p>\n<p>Tampoco exigir\u00e1 un cambio del Tratado de la Uni\u00f3n Europea, a\u00f1aden las fuentes, que aseguran que todas las propuestas del documento pueden ponerse en marcha \u00abcon el actual marco legal\u00bb.<\/p>\n<p>El texto no aclara durante cu\u00e1nto tiempo se podr\u00eda activar este \u00abfreno de emergencia\u00bb que Londres aspira a poder aplicar durante un periodo de cuatro a\u00f1os.<\/p>\n<p>Es una de las cuestiones que quedan abiertas a las negociaciones a Veintiocho de los pr\u00f3ximos d\u00edas, que culminar\u00e1n en la cumbre de l\u00edderes de la Uni\u00f3n Europea de los d\u00edas 18 y 19 de febrero en donde se pretende cerrar el acuerdo.<\/p>\n<p>El poder limitar las prestaciones sociales a los trabajadores europeos ha sido una de las principales exigencias de Cameron, que denuncia \u00ababusos\u00bb del sistema por parte los inmigrantes comunitarios, pero tambi\u00e9n una de las medidas que m\u00e1s recelo ha despertado entre el resto de pa\u00edses, que consideran \u00abinaceptable\u00bb alterar derechos fundamentales de la UE como la libertad de movimiento.<\/p>\n<p>OTRAS CUESTIONES COMPLEJAS<\/p>\n<p>Sin embargo, no es la \u00fanica cuesti\u00f3n \u00abcompleja\u00bb que deber\u00e1n terminar de negociar en las pr\u00f3ximas dos semanas, ya que tambi\u00e9n hay propuestaS que afectan a la soberan\u00eda de los parlamentos nacionales, a la integridad europea y el euro y a la competitividad en el mercado \u00fanico.<\/p>\n<p>Sobre la cuesti\u00f3n monetaria, Tusk se muestra convencido en su carta de que es posible avanzar hacia una mayor integraci\u00f3n en la zona euro, al tiempo que se protegen los derechos y la competencia de los Estados miembros que no comparten la moneda \u00fanica.<\/p>\n<p>Los cambios que se contemplan en la oferta de acuerdo, sin embargo, no contemplan en ning\u00fan caso dar el poder de \u00abveto o de retrasar\u00bb ninguna decisi\u00f3n urgente para la Eurozona.<\/p>\n","protected":false},"excerpt":{"rendered":"<p>La propuesta de acuerdo para revisar los v\u00ednculos de Reino Unido con el resto de la Uni\u00f3n Europea incluye un mecanismo de \u00abalerta y salvaguarda\u00bb que permitir\u00eda a Londres limitar las prestaciones sociales a los trabajadores europeos durante sus primeros a\u00f1os en Reino Unido. El presidente del Consejo europeo, Donald Tusk, ha publicado el borrador [&hellip;]<\/p>\n","protected":false},"author":1,"featured_media":853290,"comment_status":"closed","ping_status":"closed","sticky":false,"template":"","format":"standard","meta":{"footnotes":""},"categories":[1],"tags":[],"class_list":["post-853289","post","type-post","status-publish","format-standard","has-post-thumbnail","hentry","category-actualidad"],"aioseo_notices":[],"aioseo_head":"\n\t\t<!-- All in One SEO Pro 4.9.6.2 - aioseo.com -->\n\t<meta name=\"description\" content=\"La propuesta de acuerdo para revisar los v\u00ednculos de Reino Unido con el resto de la Uni\u00f3n Europea incluye un mecanismo de &quot;alerta y salvaguarda&quot; que permitir\u00eda a Londres limitar las prestaciones sociales a los trabajadores europeos durante sus primeros a\u00f1os en Reino Unido. El presidente del Consejo europeo, Donald Tusk, ha publicado el borrador\" \/>\n\t<meta name=\"robots\" content=\"max-image-preview:large\" \/>\n\t<meta name=\"author\" content=\"El Digital de Asturias\"\/>\n\t<meta name=\"google-site-verification\" content=\"UA-38556648-1\" \/>\n\t<meta name=\"msvalidate.01\" content=\"7dfe9f3f1b24437ab69f4f2559babe99\" \/>\n\t<meta name=\"keywords\" content=\"actualidad\" \/>\n\t<link rel=\"canonical\" href=\"https:\/\/www.eldigitaldeasturias.com\/noticias\/la-oferta-de-acuerdo-de-la-ue-ofrece-a-londres-un-freno-de-emergencia-para-limitar-ayudas-a-europeos\/\" \/>\n\t<meta name=\"generator\" content=\"All in One SEO Pro (AIOSEO) 4.9.6.2\" \/>\n\t\t<meta property=\"og:locale\" content=\"es_ES\" \/>\n\t\t<meta property=\"og:site_name\" content=\"El Digital de Asturias\" \/>\n\t\t<meta property=\"og:type\" content=\"article\" \/>\n\t\t<meta property=\"og:title\" content=\"La oferta de acuerdo de la UE ofrece a Londres un \u00abfreno de emergencia\u00bb para limitar ayudas a europeos - El Digital de Asturias\" \/>\n\t\t<meta property=\"og:description\" content=\"La propuesta de acuerdo para revisar los v\u00ednculos de Reino Unido con el resto de la Uni\u00f3n Europea incluye un mecanismo de &quot;alerta y salvaguarda&quot; que permitir\u00eda a Londres limitar las prestaciones sociales a los trabajadores europeos durante sus primeros a\u00f1os en Reino Unido. El presidente del Consejo europeo, Donald Tusk, ha publicado el borrador\" \/>\n\t\t<meta property=\"og:url\" content=\"https:\/\/www.eldigitaldeasturias.com\/noticias\/la-oferta-de-acuerdo-de-la-ue-ofrece-a-londres-un-freno-de-emergencia-para-limitar-ayudas-a-europeos\/\" \/>\n\t\t<meta property=\"og:image\" content=\"https:\/\/www.eldigitaldeasturias.com\/noticias\/wp-content\/uploads\/2016\/02\/fotonoticia_20160202134327_800.jpg\" \/>\n\t\t<meta property=\"og:image:secure_url\" content=\"https:\/\/www.eldigitaldeasturias.com\/noticias\/wp-content\/uploads\/2016\/02\/fotonoticia_20160202134327_800.jpg\" \/>\n\t\t<meta property=\"og:image:width\" content=\"800\" \/>\n\t\t<meta property=\"og:image:height\" content=\"533\" \/>\n\t\t<meta property=\"article:tag\" content=\"actualidad\" \/>\n\t\t<meta property=\"article:published_time\" content=\"2016-02-03T00:59:08+00:00\" \/>\n\t\t<meta property=\"article:modified_time\" content=\"2016-02-03T00:59:08+00:00\" \/>\n\t\t<meta property=\"article:publisher\" content=\"https:\/\/facebook.com\/eldigitaldeasturias\" \/>\n\t\t<meta name=\"twitter:card\" content=\"summary_large_image\" \/>\n\t\t<meta name=\"twitter:title\" content=\"La oferta de acuerdo de la UE ofrece a Londres un \u00abfreno de emergencia\u00bb para limitar ayudas a europeos - El Digital de Asturias\" \/>\n\t\t<meta name=\"twitter:description\" content=\"La propuesta de acuerdo para revisar los v\u00ednculos de Reino Unido con el resto de la Uni\u00f3n Europea incluye un mecanismo de &quot;alerta y salvaguarda&quot; que permitir\u00eda a Londres limitar las prestaciones sociales a los trabajadores europeos durante sus primeros a\u00f1os en Reino Unido. El presidente del Consejo europeo, Donald Tusk, ha publicado el borrador\" \/>\n\t\t<meta name=\"twitter:image\" content=\"https:\/\/www.eldigitaldeasturias.com\/noticias\/wp-content\/uploads\/2016\/02\/fotonoticia_20160202134327_800.jpg\" \/>\n\t\t<meta name=\"twitter:label1\" content=\"Escrito por\" \/>\n\t\t<meta name=\"twitter:data1\" content=\"El Digital de Asturias\" \/>\n\t\t<meta name=\"twitter:label2\" content=\"Tiempo de lectura estimado\" \/>\n\t\t<meta name=\"twitter:data2\" content=\"3 minutos\" \/>\n\t\t<script type=\"application\/ld+json\" class=\"aioseo-schema\">\n\t\t\t{\"@context\":\"https:\\\/\\\/schema.org\",\"@graph\":[{\"@type\":\"BlogPosting\",\"@id\":\"https:\\\/\\\/www.eldigitaldeasturias.com\\\/noticias\\\/la-oferta-de-acuerdo-de-la-ue-ofrece-a-londres-un-freno-de-emergencia-para-limitar-ayudas-a-europeos\\\/#blogposting\",\"name\":\"La oferta de acuerdo de la UE ofrece a Londres un \\u00abfreno de emergencia\\u00bb para limitar ayudas a europeos - El Digital de Asturias\",\"headline\":\"La oferta de acuerdo de la UE ofrece a Londres un \\u00abfreno de emergencia\\u00bb para limitar ayudas a europeos\",\"author\":{\"@id\":\"https:\\\/\\\/www.eldigitaldeasturias.com\\\/noticias\\\/author\\\/admin\\\/#author\"},\"publisher\":{\"@id\":\"https:\\\/\\\/www.eldigitaldeasturias.com\\\/noticias\\\/#organization\"},\"image\":{\"@type\":\"ImageObject\",\"url\":\"https:\\\/\\\/www.eldigitaldeasturias.com\\\/noticias\\\/wp-content\\\/uploads\\\/2016\\\/02\\\/fotonoticia_20160202134327_800.jpg\",\"width\":800,\"height\":533},\"datePublished\":\"2016-02-03T00:59:08+01:00\",\"dateModified\":\"2016-02-03T00:59:08+01:00\",\"inLanguage\":\"es-ES\",\"mainEntityOfPage\":{\"@id\":\"https:\\\/\\\/www.eldigitaldeasturias.com\\\/noticias\\\/la-oferta-de-acuerdo-de-la-ue-ofrece-a-londres-un-freno-de-emergencia-para-limitar-ayudas-a-europeos\\\/#webpage\"},\"isPartOf\":{\"@id\":\"https:\\\/\\\/www.eldigitaldeasturias.com\\\/noticias\\\/la-oferta-de-acuerdo-de-la-ue-ofrece-a-londres-un-freno-de-emergencia-para-limitar-ayudas-a-europeos\\\/#webpage\"},\"articleSection\":\"Actualidad\"},{\"@type\":\"BreadcrumbList\",\"@id\":\"https:\\\/\\\/www.eldigitaldeasturias.com\\\/noticias\\\/la-oferta-de-acuerdo-de-la-ue-ofrece-a-londres-un-freno-de-emergencia-para-limitar-ayudas-a-europeos\\\/#breadcrumblist\",\"itemListElement\":[{\"@type\":\"ListItem\",\"@id\":\"https:\\\/\\\/www.eldigitaldeasturias.com\\\/noticias#listItem\",\"position\":1,\"name\":\"Home\",\"item\":\"https:\\\/\\\/www.eldigitaldeasturias.com\\\/noticias\",\"nextItem\":{\"@type\":\"ListItem\",\"@id\":\"https:\\\/\\\/www.eldigitaldeasturias.com\\\/noticias\\\/category\\\/actualidad\\\/#listItem\",\"name\":\"Actualidad\"}},{\"@type\":\"ListItem\",\"@id\":\"https:\\\/\\\/www.eldigitaldeasturias.com\\\/noticias\\\/category\\\/actualidad\\\/#listItem\",\"position\":2,\"name\":\"Actualidad\",\"item\":\"https:\\\/\\\/www.eldigitaldeasturias.com\\\/noticias\\\/category\\\/actualidad\\\/\",\"nextItem\":{\"@type\":\"ListItem\",\"@id\":\"https:\\\/\\\/www.eldigitaldeasturias.com\\\/noticias\\\/la-oferta-de-acuerdo-de-la-ue-ofrece-a-londres-un-freno-de-emergencia-para-limitar-ayudas-a-europeos\\\/#listItem\",\"name\":\"La oferta de acuerdo de la UE ofrece a Londres un \\u00abfreno de emergencia\\u00bb para limitar ayudas a europeos\"},\"previousItem\":{\"@type\":\"ListItem\",\"@id\":\"https:\\\/\\\/www.eldigitaldeasturias.com\\\/noticias#listItem\",\"name\":\"Home\"}},{\"@type\":\"ListItem\",\"@id\":\"https:\\\/\\\/www.eldigitaldeasturias.com\\\/noticias\\\/la-oferta-de-acuerdo-de-la-ue-ofrece-a-londres-un-freno-de-emergencia-para-limitar-ayudas-a-europeos\\\/#listItem\",\"position\":3,\"name\":\"La oferta de acuerdo de la UE ofrece a Londres un \\u00abfreno de emergencia\\u00bb para limitar ayudas a europeos\",\"previousItem\":{\"@type\":\"ListItem\",\"@id\":\"https:\\\/\\\/www.eldigitaldeasturias.com\\\/noticias\\\/category\\\/actualidad\\\/#listItem\",\"name\":\"Actualidad\"}}]},{\"@type\":\"Organization\",\"@id\":\"https:\\\/\\\/www.eldigitaldeasturias.com\\\/noticias\\\/#organization\",\"name\":\"El Digital de Asturias\",\"description\":\"Hemeroteca\",\"url\":\"https:\\\/\\\/www.eldigitaldeasturias.com\\\/noticias\\\/\",\"email\":\"info@eldigitaldeasturias.com\",\"telephone\":\"+34652131393\",\"logo\":{\"@type\":\"ImageObject\",\"url\":\"https:\\\/\\\/www.eldigitaldeasturias.com\\\/noticias\\\/wp-content\\\/uploads\\\/2020\\\/12\\\/EDA.jpg\",\"@id\":\"https:\\\/\\\/www.eldigitaldeasturias.com\\\/noticias\\\/la-oferta-de-acuerdo-de-la-ue-ofrece-a-londres-un-freno-de-emergencia-para-limitar-ayudas-a-europeos\\\/#organizationLogo\",\"width\":649,\"height\":297},\"image\":{\"@id\":\"https:\\\/\\\/www.eldigitaldeasturias.com\\\/noticias\\\/la-oferta-de-acuerdo-de-la-ue-ofrece-a-londres-un-freno-de-emergencia-para-limitar-ayudas-a-europeos\\\/#organizationLogo\"},\"sameAs\":[\"https:\\\/\\\/facebook.com\\\/eldigitaldeasturias\",\"https:\\\/\\\/www.youtube.com\\\/channel\\\/UCZP-2wLEB9Rv6erhFmqVnvg\"],\"address\":{\"@id\":\"https:\\\/\\\/www.eldigitaldeasturias.com\\\/noticias\\\/#postaladdress\",\"@type\":\"PostalAddress\",\"streetAddress\":\"san antonio 4,\",\"postalCode\":\"33430\",\"addressLocality\":\"Cand\\u00e1s\",\"addressRegion\":\"Asturias\",\"addressCountry\":\"ES\"}},{\"@type\":\"Person\",\"@id\":\"https:\\\/\\\/www.eldigitaldeasturias.com\\\/noticias\\\/author\\\/admin\\\/#author\",\"url\":\"https:\\\/\\\/www.eldigitaldeasturias.com\\\/noticias\\\/author\\\/admin\\\/\",\"name\":\"El Digital de Asturias\",\"image\":{\"@type\":\"ImageObject\",\"@id\":\"https:\\\/\\\/www.eldigitaldeasturias.com\\\/noticias\\\/la-oferta-de-acuerdo-de-la-ue-ofrece-a-londres-un-freno-de-emergencia-para-limitar-ayudas-a-europeos\\\/#authorImage\",\"url\":\"https:\\\/\\\/www.eldigitaldeasturias.com\\\/noticias\\\/wp-content\\\/litespeed\\\/avatar\\\/18677e78aa0546b92d9dbf31ec7d7668.jpg?ver=1777290358\",\"width\":96,\"height\":96,\"caption\":\"El Digital de Asturias\"}},{\"@type\":\"WebPage\",\"@id\":\"https:\\\/\\\/www.eldigitaldeasturias.com\\\/noticias\\\/la-oferta-de-acuerdo-de-la-ue-ofrece-a-londres-un-freno-de-emergencia-para-limitar-ayudas-a-europeos\\\/#webpage\",\"url\":\"https:\\\/\\\/www.eldigitaldeasturias.com\\\/noticias\\\/la-oferta-de-acuerdo-de-la-ue-ofrece-a-londres-un-freno-de-emergencia-para-limitar-ayudas-a-europeos\\\/\",\"name\":\"La oferta de acuerdo de la UE ofrece a Londres un \\u00abfreno de emergencia\\u00bb para limitar ayudas a europeos - El Digital de Asturias\",\"description\":\"La propuesta de acuerdo para revisar los v\\u00ednculos de Reino Unido con el resto de la Uni\\u00f3n Europea incluye un mecanismo de \\\"alerta y salvaguarda\\\" que permitir\\u00eda a Londres limitar las prestaciones sociales a los trabajadores europeos durante sus primeros a\\u00f1os en Reino Unido. El presidente del Consejo europeo, Donald Tusk, ha publicado el borrador\",\"inLanguage\":\"es-ES\",\"isPartOf\":{\"@id\":\"https:\\\/\\\/www.eldigitaldeasturias.com\\\/noticias\\\/#website\"},\"breadcrumb\":{\"@id\":\"https:\\\/\\\/www.eldigitaldeasturias.com\\\/noticias\\\/la-oferta-de-acuerdo-de-la-ue-ofrece-a-londres-un-freno-de-emergencia-para-limitar-ayudas-a-europeos\\\/#breadcrumblist\"},\"author\":{\"@id\":\"https:\\\/\\\/www.eldigitaldeasturias.com\\\/noticias\\\/author\\\/admin\\\/#author\"},\"creator\":{\"@id\":\"https:\\\/\\\/www.eldigitaldeasturias.com\\\/noticias\\\/author\\\/admin\\\/#author\"},\"image\":{\"@type\":\"ImageObject\",\"url\":\"https:\\\/\\\/www.eldigitaldeasturias.com\\\/noticias\\\/wp-content\\\/uploads\\\/2016\\\/02\\\/fotonoticia_20160202134327_800.jpg\",\"@id\":\"https:\\\/\\\/www.eldigitaldeasturias.com\\\/noticias\\\/la-oferta-de-acuerdo-de-la-ue-ofrece-a-londres-un-freno-de-emergencia-para-limitar-ayudas-a-europeos\\\/#mainImage\",\"width\":800,\"height\":533},\"primaryImageOfPage\":{\"@id\":\"https:\\\/\\\/www.eldigitaldeasturias.com\\\/noticias\\\/la-oferta-de-acuerdo-de-la-ue-ofrece-a-londres-un-freno-de-emergencia-para-limitar-ayudas-a-europeos\\\/#mainImage\"},\"datePublished\":\"2016-02-03T00:59:08+01:00\",\"dateModified\":\"2016-02-03T00:59:08+01:00\"},{\"@type\":\"WebSite\",\"@id\":\"https:\\\/\\\/www.eldigitaldeasturias.com\\\/noticias\\\/#website\",\"url\":\"https:\\\/\\\/www.eldigitaldeasturias.com\\\/noticias\\\/\",\"name\":\"El Digital de Asturias - Diario de actualidad y noticias\",\"alternateName\":\"El Digital de Asturias - Diario de actualidad y noticias\",\"description\":\"Hemeroteca\",\"inLanguage\":\"es-ES\",\"publisher\":{\"@id\":\"https:\\\/\\\/www.eldigitaldeasturias.com\\\/noticias\\\/#organization\"}}]}\n\t\t<\/script>\n\t\t<!-- All in One SEO Pro -->\r\n\t\t<title>La oferta de acuerdo de la UE ofrece a Londres un \u00abfreno de emergencia\u00bb para limitar ayudas a europeos - El Digital de Asturias<\/title>\n\n","aioseo_head_json":{"title":"La oferta de acuerdo de la UE ofrece a Londres un \u00abfreno de emergencia\u00bb para limitar ayudas a europeos - El Digital de Asturias","description":"La propuesta de acuerdo para revisar los v\u00ednculos de Reino Unido con el resto de la Uni\u00f3n Europea incluye un mecanismo de \"alerta y salvaguarda\" que permitir\u00eda a Londres limitar las prestaciones sociales a los trabajadores europeos durante sus primeros a\u00f1os en Reino Unido. El presidente del Consejo europeo, Donald Tusk, ha publicado el borrador","canonical_url":"https:\/\/www.eldigitaldeasturias.com\/noticias\/la-oferta-de-acuerdo-de-la-ue-ofrece-a-londres-un-freno-de-emergencia-para-limitar-ayudas-a-europeos\/","robots":"max-image-preview:large","keywords":"actualidad","webmasterTools":{"google-site-verification":"UA-38556648-1","msvalidate.01":"7dfe9f3f1b24437ab69f4f2559babe99","miscellaneous":""},"schema":{"@context":"https:\/\/schema.org","@graph":[{"@type":"BlogPosting","@id":"https:\/\/www.eldigitaldeasturias.com\/noticias\/la-oferta-de-acuerdo-de-la-ue-ofrece-a-londres-un-freno-de-emergencia-para-limitar-ayudas-a-europeos\/#blogposting","name":"La oferta de acuerdo de la UE ofrece a Londres un \u00abfreno de emergencia\u00bb para limitar ayudas a europeos - El Digital de Asturias","headline":"La oferta de acuerdo de la UE ofrece a Londres un \u00abfreno de emergencia\u00bb para limitar ayudas a europeos","author":{"@id":"https:\/\/www.eldigitaldeasturias.com\/noticias\/author\/admin\/#author"},"publisher":{"@id":"https:\/\/www.eldigitaldeasturias.com\/noticias\/#organization"},"image":{"@type":"ImageObject","url":"https:\/\/www.eldigitaldeasturias.com\/noticias\/wp-content\/uploads\/2016\/02\/fotonoticia_20160202134327_800.jpg","width":800,"height":533},"datePublished":"2016-02-03T00:59:08+01:00","dateModified":"2016-02-03T00:59:08+01:00","inLanguage":"es-ES","mainEntityOfPage":{"@id":"https:\/\/www.eldigitaldeasturias.com\/noticias\/la-oferta-de-acuerdo-de-la-ue-ofrece-a-londres-un-freno-de-emergencia-para-limitar-ayudas-a-europeos\/#webpage"},"isPartOf":{"@id":"https:\/\/www.eldigitaldeasturias.com\/noticias\/la-oferta-de-acuerdo-de-la-ue-ofrece-a-londres-un-freno-de-emergencia-para-limitar-ayudas-a-europeos\/#webpage"},"articleSection":"Actualidad"},{"@type":"BreadcrumbList","@id":"https:\/\/www.eldigitaldeasturias.com\/noticias\/la-oferta-de-acuerdo-de-la-ue-ofrece-a-londres-un-freno-de-emergencia-para-limitar-ayudas-a-europeos\/#breadcrumblist","itemListElement":[{"@type":"ListItem","@id":"https:\/\/www.eldigitaldeasturias.com\/noticias#listItem","position":1,"name":"Home","item":"https:\/\/www.eldigitaldeasturias.com\/noticias","nextItem":{"@type":"ListItem","@id":"https:\/\/www.eldigitaldeasturias.com\/noticias\/category\/actualidad\/#listItem","name":"Actualidad"}},{"@type":"ListItem","@id":"https:\/\/www.eldigitaldeasturias.com\/noticias\/category\/actualidad\/#listItem","position":2,"name":"Actualidad","item":"https:\/\/www.eldigitaldeasturias.com\/noticias\/category\/actualidad\/","nextItem":{"@type":"ListItem","@id":"https:\/\/www.eldigitaldeasturias.com\/noticias\/la-oferta-de-acuerdo-de-la-ue-ofrece-a-londres-un-freno-de-emergencia-para-limitar-ayudas-a-europeos\/#listItem","name":"La oferta de acuerdo de la UE ofrece a Londres un \u00abfreno de emergencia\u00bb para limitar ayudas a europeos"},"previousItem":{"@type":"ListItem","@id":"https:\/\/www.eldigitaldeasturias.com\/noticias#listItem","name":"Home"}},{"@type":"ListItem","@id":"https:\/\/www.eldigitaldeasturias.com\/noticias\/la-oferta-de-acuerdo-de-la-ue-ofrece-a-londres-un-freno-de-emergencia-para-limitar-ayudas-a-europeos\/#listItem","position":3,"name":"La oferta de acuerdo de la UE ofrece a Londres un \u00abfreno de emergencia\u00bb para limitar ayudas a europeos","previousItem":{"@type":"ListItem","@id":"https:\/\/www.eldigitaldeasturias.com\/noticias\/category\/actualidad\/#listItem","name":"Actualidad"}}]},{"@type":"Organization","@id":"https:\/\/www.eldigitaldeasturias.com\/noticias\/#organization","name":"El Digital de Asturias","description":"Hemeroteca","url":"https:\/\/www.eldigitaldeasturias.com\/noticias\/","email":"info@eldigitaldeasturias.com","telephone":"+34652131393","logo":{"@type":"ImageObject","url":"https:\/\/www.eldigitaldeasturias.com\/noticias\/wp-content\/uploads\/2020\/12\/EDA.jpg","@id":"https:\/\/www.eldigitaldeasturias.com\/noticias\/la-oferta-de-acuerdo-de-la-ue-ofrece-a-londres-un-freno-de-emergencia-para-limitar-ayudas-a-europeos\/#organizationLogo","width":649,"height":297},"image":{"@id":"https:\/\/www.eldigitaldeasturias.com\/noticias\/la-oferta-de-acuerdo-de-la-ue-ofrece-a-londres-un-freno-de-emergencia-para-limitar-ayudas-a-europeos\/#organizationLogo"},"sameAs":["https:\/\/facebook.com\/eldigitaldeasturias","https:\/\/www.youtube.com\/channel\/UCZP-2wLEB9Rv6erhFmqVnvg"],"address":{"@id":"https:\/\/www.eldigitaldeasturias.com\/noticias\/#postaladdress","@type":"PostalAddress","streetAddress":"san antonio 4,","postalCode":"33430","addressLocality":"Cand\u00e1s","addressRegion":"Asturias","addressCountry":"ES"}},{"@type":"Person","@id":"https:\/\/www.eldigitaldeasturias.com\/noticias\/author\/admin\/#author","url":"https:\/\/www.eldigitaldeasturias.com\/noticias\/author\/admin\/","name":"El Digital de Asturias","image":{"@type":"ImageObject","@id":"https:\/\/www.eldigitaldeasturias.com\/noticias\/la-oferta-de-acuerdo-de-la-ue-ofrece-a-londres-un-freno-de-emergencia-para-limitar-ayudas-a-europeos\/#authorImage","url":"https:\/\/www.eldigitaldeasturias.com\/noticias\/wp-content\/litespeed\/avatar\/18677e78aa0546b92d9dbf31ec7d7668.jpg?ver=1777290358","width":96,"height":96,"caption":"El Digital de Asturias"}},{"@type":"WebPage","@id":"https:\/\/www.eldigitaldeasturias.com\/noticias\/la-oferta-de-acuerdo-de-la-ue-ofrece-a-londres-un-freno-de-emergencia-para-limitar-ayudas-a-europeos\/#webpage","url":"https:\/\/www.eldigitaldeasturias.com\/noticias\/la-oferta-de-acuerdo-de-la-ue-ofrece-a-londres-un-freno-de-emergencia-para-limitar-ayudas-a-europeos\/","name":"La oferta de acuerdo de la UE ofrece a Londres un \u00abfreno de emergencia\u00bb para limitar ayudas a europeos - El Digital de Asturias","description":"La propuesta de acuerdo para revisar los v\u00ednculos de Reino Unido con el resto de la Uni\u00f3n Europea incluye un mecanismo de \"alerta y salvaguarda\" que permitir\u00eda a Londres limitar las prestaciones sociales a los trabajadores europeos durante sus primeros a\u00f1os en Reino Unido. El presidente del Consejo europeo, Donald Tusk, ha publicado el borrador","inLanguage":"es-ES","isPartOf":{"@id":"https:\/\/www.eldigitaldeasturias.com\/noticias\/#website"},"breadcrumb":{"@id":"https:\/\/www.eldigitaldeasturias.com\/noticias\/la-oferta-de-acuerdo-de-la-ue-ofrece-a-londres-un-freno-de-emergencia-para-limitar-ayudas-a-europeos\/#breadcrumblist"},"author":{"@id":"https:\/\/www.eldigitaldeasturias.com\/noticias\/author\/admin\/#author"},"creator":{"@id":"https:\/\/www.eldigitaldeasturias.com\/noticias\/author\/admin\/#author"},"image":{"@type":"ImageObject","url":"https:\/\/www.eldigitaldeasturias.com\/noticias\/wp-content\/uploads\/2016\/02\/fotonoticia_20160202134327_800.jpg","@id":"https:\/\/www.eldigitaldeasturias.com\/noticias\/la-oferta-de-acuerdo-de-la-ue-ofrece-a-londres-un-freno-de-emergencia-para-limitar-ayudas-a-europeos\/#mainImage","width":800,"height":533},"primaryImageOfPage":{"@id":"https:\/\/www.eldigitaldeasturias.com\/noticias\/la-oferta-de-acuerdo-de-la-ue-ofrece-a-londres-un-freno-de-emergencia-para-limitar-ayudas-a-europeos\/#mainImage"},"datePublished":"2016-02-03T00:59:08+01:00","dateModified":"2016-02-03T00:59:08+01:00"},{"@type":"WebSite","@id":"https:\/\/www.eldigitaldeasturias.com\/noticias\/#website","url":"https:\/\/www.eldigitaldeasturias.com\/noticias\/","name":"El Digital de Asturias - Diario de actualidad y noticias","alternateName":"El Digital de Asturias - Diario de actualidad y noticias","description":"Hemeroteca","inLanguage":"es-ES","publisher":{"@id":"https:\/\/www.eldigitaldeasturias.com\/noticias\/#organization"}}]},"og:locale":"es_ES","og:site_name":"El Digital de Asturias","og:type":"article","og:title":"La oferta de acuerdo de la UE ofrece a Londres un \u00abfreno de emergencia\u00bb para limitar ayudas a europeos - El Digital de Asturias","og:description":"La propuesta de acuerdo para revisar los v\u00ednculos de Reino Unido con el resto de la Uni\u00f3n Europea incluye un mecanismo de &quot;alerta y salvaguarda&quot; que permitir\u00eda a Londres limitar las prestaciones sociales a los trabajadores europeos durante sus primeros a\u00f1os en Reino Unido. El presidente del Consejo europeo, Donald Tusk, ha publicado el borrador","og:url":"https:\/\/www.eldigitaldeasturias.com\/noticias\/la-oferta-de-acuerdo-de-la-ue-ofrece-a-londres-un-freno-de-emergencia-para-limitar-ayudas-a-europeos\/","og:image":"https:\/\/www.eldigitaldeasturias.com\/noticias\/wp-content\/uploads\/2016\/02\/fotonoticia_20160202134327_800.jpg","og:image:secure_url":"https:\/\/www.eldigitaldeasturias.com\/noticias\/wp-content\/uploads\/2016\/02\/fotonoticia_20160202134327_800.jpg","og:image:width":800,"og:image:height":533,"article:tag":["actualidad"],"article:published_time":"2016-02-03T00:59:08+00:00","article:modified_time":"2016-02-03T00:59:08+00:00","article:publisher":"https:\/\/facebook.com\/eldigitaldeasturias","twitter:card":"summary_large_image","twitter:title":"La oferta de acuerdo de la UE ofrece a Londres un \u00abfreno de emergencia\u00bb para limitar ayudas a europeos - El Digital de Asturias","twitter:description":"La propuesta de acuerdo para revisar los v\u00ednculos de Reino Unido con el resto de la Uni\u00f3n Europea incluye un mecanismo de &quot;alerta y salvaguarda&quot; que permitir\u00eda a Londres limitar las prestaciones sociales a los trabajadores europeos durante sus primeros a\u00f1os en Reino Unido. El presidente del Consejo europeo, Donald Tusk, ha publicado el borrador","twitter:image":"https:\/\/www.eldigitaldeasturias.com\/noticias\/wp-content\/uploads\/2016\/02\/fotonoticia_20160202134327_800.jpg","twitter:label1":"Escrito por","twitter:data1":"El Digital de Asturias","twitter:label2":"Tiempo de lectura estimado","twitter:data2":"3 minutos"},"aioseo_meta_data":{"post_id":"853289","title":null,"description":null,"keywords":null,"keyphrases":null,"primary_term":null,"canonical_url":null,"og_title":null,"og_description":null,"og_object_type":"default","og_image_type":"default","og_image_url":null,"og_image_width":null,"og_image_height":null,"og_image_custom_url":null,"og_image_custom_fields":null,"og_video":null,"og_custom_url":null,"og_article_section":null,"og_article_tags":null,"twitter_use_og":false,"twitter_card":"default","twitter_image_type":"default","twitter_image_url":null,"twitter_image_custom_url":null,"twitter_image_custom_fields":null,"twitter_title":null,"twitter_description":null,"schema":{"blockGraphs":[],"customGraphs":[],"default":{"data":{"Article":[],"Course":[],"Dataset":[],"FAQPage":[],"Movie":[],"Person":[],"Product":[],"ProductReview":[],"Car":[],"Recipe":[],"Service":[],"SoftwareApplication":[],"WebPage":[]},"graphName":"","isEnabled":true},"graphs":[],"defaultGraph":"","defaultPostTypeGraph":""},"schema_type":null,"schema_type_options":null,"pillar_content":false,"robots_default":true,"robots_noindex":false,"robots_noarchive":false,"robots_nosnippet":false,"robots_nofollow":false,"robots_noimageindex":false,"robots_noodp":false,"robots_notranslate":false,"robots_max_snippet":null,"robots_max_videopreview":null,"robots_max_imagepreview":"large","priority":null,"frequency":null,"local_seo":null,"seo_analyzer_scan_date":"2025-12-09 17:35:12","breadcrumb_settings":null,"limit_modified_date":false,"open_ai":null,"ai":null,"created":"2021-01-22 06:55:35","updated":"2025-12-09 17:35:12"},"aioseo_breadcrumb":"<div class=\"aioseo-breadcrumbs\"><span class=\"aioseo-breadcrumb\">\n\t<a href=\"https:\/\/www.eldigitaldeasturias.com\/noticias\" title=\"Home\">Home<\/a>\n<\/span><span class=\"aioseo-breadcrumb-separator\">\u2013<\/span><span class=\"aioseo-breadcrumb\">\n\t<a href=\"https:\/\/www.eldigitaldeasturias.com\/noticias\/category\/actualidad\/\" title=\"Actualidad\">Actualidad<\/a>\n<\/span><span class=\"aioseo-breadcrumb-separator\">\u2013<\/span><span class=\"aioseo-breadcrumb\">\n\t<a href=\"https:\/\/www.eldigitaldeasturias.com\/noticias\/la-oferta-de-acuerdo-de-la-ue-ofrece-a-londres-un-freno-de-emergencia-para-limitar-ayudas-a-europeos\/\" title=\"La oferta de acuerdo de la UE ofrece a Londres un \u00abfreno de emergencia\u00bb para limitar ayudas a europeos\">La oferta de acuerdo de la UE ofrece a Londres un \u00abfreno de emergencia\u00bb para limitar ayudas a europeos<\/a>\n<\/span><\/div>","aioseo_breadcrumb_json":[{"label":"Home","link":"https:\/\/www.eldigitaldeasturias.com\/noticias"},{"label":"Actualidad","link":"https:\/\/www.eldigitaldeasturias.com\/noticias\/category\/actualidad\/"},{"label":"La oferta de acuerdo de la UE ofrece a Londres un \u00abfreno de emergencia\u00bb para limitar ayudas a europeos","link":"https:\/\/www.eldigitaldeasturias.com\/noticias\/la-oferta-de-acuerdo-de-la-ue-ofrece-a-londres-un-freno-de-emergencia-para-limitar-ayudas-a-europeos\/"}],"_links":{"self":[{"href":"https:\/\/www.eldigitaldeasturias.com\/noticias\/wp-json\/wp\/v2\/posts\/853289","targetHints":{"allow":["GET"]}}],"collection":[{"href":"https:\/\/www.eldigitaldeasturias.com\/noticias\/wp-json\/wp\/v2\/posts"}],"about":[{"href":"https:\/\/www.eldigitaldeasturias.com\/noticias\/wp-json\/wp\/v2\/types\/post"}],"author":[{"embeddable":true,"href":"https:\/\/www.eldigitaldeasturias.com\/noticias\/wp-json\/wp\/v2\/users\/1"}],"replies":[{"embeddable":true,"href":"https:\/\/www.eldigitaldeasturias.com\/noticias\/wp-json\/wp\/v2\/comments?post=853289"}],"version-history":[{"count":0,"href":"https:\/\/www.eldigitaldeasturias.com\/noticias\/wp-json\/wp\/v2\/posts\/853289\/revisions"}],"wp:featuredmedia":[{"embeddable":true,"href":"https:\/\/www.eldigitaldeasturias.com\/noticias\/wp-json\/wp\/v2\/media\/853290"}],"wp:attachment":[{"href":"https:\/\/www.eldigitaldeasturias.com\/noticias\/wp-json\/wp\/v2\/media?parent=853289"}],"wp:term":[{"taxonomy":"category","embeddable":true,"href":"https:\/\/www.eldigitaldeasturias.com\/noticias\/wp-json\/wp\/v2\/categories?post=853289"},{"taxonomy":"post_tag","embeddable":true,"href":"https:\/\/www.eldigitaldeasturias.com\/noticias\/wp-json\/wp\/v2\/tags?post=853289"}],"curies":[{"name":"wp","href":"https:\/\/api.w.org\/{rel}","templated":true}]}}