{"id":853286,"date":"2016-02-03T00:57:58","date_gmt":"2016-02-03T00:57:58","guid":{"rendered":"http:\/\/www.eldigitaldeasturias.com\/noticias\/?p=853286"},"modified":"2016-02-03T00:57:58","modified_gmt":"2016-02-03T00:57:58","slug":"australia-confirma-sus-dos-primeros-casos-de-zika","status":"publish","type":"post","link":"https:\/\/www.eldigitaldeasturias.com\/noticias\/australia-confirma-sus-dos-primeros-casos-de-zika\/","title":{"rendered":"Australia confirma sus dos primeros casos de zika"},"content":{"rendered":"<p><img loading=\"lazy\" decoding=\"async\" class=\"alignleft size-medium wp-image-853287\" src=\"https:\/\/www.eldigitaldeasturias.com\/noticias\/wp-content\/uploads\/2016\/02\/fotonoticia_20160202131335_800-360x238.jpg\" alt=\"fotonoticia_20160202131335_800\" width=\"360\" height=\"238\" srcset=\"https:\/\/www.eldigitaldeasturias.com\/noticias\/wp-content\/uploads\/2016\/02\/fotonoticia_20160202131335_800-360x238.jpg 360w, https:\/\/www.eldigitaldeasturias.com\/noticias\/wp-content\/uploads\/2016\/02\/fotonoticia_20160202131335_800-768x508.jpg 768w, https:\/\/www.eldigitaldeasturias.com\/noticias\/wp-content\/uploads\/2016\/02\/fotonoticia_20160202131335_800-650x430.jpg 650w, https:\/\/www.eldigitaldeasturias.com\/noticias\/wp-content\/uploads\/2016\/02\/fotonoticia_20160202131335_800-84x55.jpg 84w, https:\/\/www.eldigitaldeasturias.com\/noticias\/wp-content\/uploads\/2016\/02\/fotonoticia_20160202131335_800-49x32.jpg 49w, https:\/\/www.eldigitaldeasturias.com\/noticias\/wp-content\/uploads\/2016\/02\/fotonoticia_20160202131335_800.jpg 800w\" sizes=\"auto, (max-width: 360px) 100vw, 360px\" \/>Dos australianos han sido diagnosticados con el virus del zika tras regresar al pa\u00eds de viajes en el Caribe, seg\u00fan ha informado el servicio estatal de salud este martes, confirmando los primeros casos de esta enfermedad en el pa\u00eds este a\u00f1o.<\/p>\n<p>Las autoridades tambi\u00e9n han indicado que mosquitos portadores del virus han sido detectados en el aeropuerto internacional de Sidney, pero han subrayado que es improbable que el virus establezca una transmisi\u00f3n local dado que no hay gran cantidad de mosquitos Aedes Aegypti.<\/p>\n<p>El departamento de salud de Nueva Gales del Sur ha indicado que los dos residentes de Sidney fueron diagnosticados con zika el viernes tras regresar de Hait\u00ed. El diagn\u00f3stico formal puede llevar varias semanas y el departamento no ha revelado cuando se realiz\u00f3 el an\u00e1lisis a la pareja, que ya se ha recuperado.<\/p>\n<p>\u00abEs muy improbable que el virus del zika establezca una transmisi\u00f3n local en la provincia ya que los mosquitos que propagan la infecci\u00f3n no est\u00e1n establecidos aqu\u00ed, aunque se encuentran en algunas zonas del norte de Queensland\u00bb, ha indicado la directora de enfermedades transmisibles del departamento de salud provincial, Vicky Sheppeard, en un comunicado.<\/p>\n<p>Por otra parte, la Universidad del Sur de Australia ha anunciado este martes que est\u00e1 trabajando en una vacuna contra el zika con la empresa biot\u00e9cnica Sementis, un d\u00eda despu\u00e9s de que la Organizaci\u00f3n Mundial de la Salud (OMS) declarara esta enfermedad una emergencia de salud p\u00fablica.<\/p>\n<p>Esta universidad y Sementis ya han desarrollado una vacuna contra el chikungunya, una enfermedad similar al zika y transmitida por el mismo mosquito, que est\u00e1 en proceso de ser testada cl\u00ednicamente.<\/p>\n","protected":false},"excerpt":{"rendered":"<p>Dos australianos han sido diagnosticados con el virus del zika tras regresar al pa\u00eds de viajes en el Caribe, seg\u00fan ha informado el servicio estatal de salud este martes, confirmando los primeros casos de esta enfermedad en el pa\u00eds este a\u00f1o. Las autoridades tambi\u00e9n han indicado que mosquitos portadores del virus han sido detectados en [&hellip;]<\/p>\n","protected":false},"author":1,"featured_media":853287,"comment_status":"closed","ping_status":"closed","sticky":false,"template":"","format":"standard","meta":{"footnotes":""},"categories":[28],"tags":[],"class_list":["post-853286","post","type-post","status-publish","format-standard","has-post-thumbnail","hentry","category-sociedad"],"aioseo_notices":[],"aioseo_head":"\n\t\t<!-- All in One SEO Pro 4.9.6.2 - aioseo.com -->\n\t<meta name=\"description\" content=\"Dos australianos han sido diagnosticados con el virus del zika tras regresar al pa\u00eds de viajes en el Caribe, seg\u00fan ha informado el servicio estatal de salud este martes, confirmando los primeros casos de esta enfermedad en el pa\u00eds este a\u00f1o. Las autoridades tambi\u00e9n han indicado que mosquitos portadores del virus han sido detectados en\" \/>\n\t<meta name=\"robots\" content=\"max-image-preview:large\" \/>\n\t<meta name=\"author\" content=\"El Digital de Asturias\"\/>\n\t<meta name=\"google-site-verification\" content=\"UA-38556648-1\" \/>\n\t<meta name=\"msvalidate.01\" content=\"7dfe9f3f1b24437ab69f4f2559babe99\" \/>\n\t<meta name=\"keywords\" content=\"sociedad\" \/>\n\t<link rel=\"canonical\" href=\"https:\/\/www.eldigitaldeasturias.com\/noticias\/australia-confirma-sus-dos-primeros-casos-de-zika\/\" \/>\n\t<meta name=\"generator\" content=\"All in One SEO Pro (AIOSEO) 4.9.6.2\" \/>\n\t\t<meta property=\"og:locale\" content=\"es_ES\" \/>\n\t\t<meta property=\"og:site_name\" content=\"El Digital de Asturias\" \/>\n\t\t<meta property=\"og:type\" content=\"article\" \/>\n\t\t<meta property=\"og:title\" content=\"Australia confirma sus dos primeros casos de zika - El Digital de Asturias\" \/>\n\t\t<meta property=\"og:description\" content=\"Dos australianos han sido diagnosticados con el virus del zika tras regresar al pa\u00eds de viajes en el Caribe, seg\u00fan ha informado el servicio estatal de salud este martes, confirmando los primeros casos de esta enfermedad en el pa\u00eds este a\u00f1o. Las autoridades tambi\u00e9n han indicado que mosquitos portadores del virus han sido detectados en\" \/>\n\t\t<meta property=\"og:url\" content=\"https:\/\/www.eldigitaldeasturias.com\/noticias\/australia-confirma-sus-dos-primeros-casos-de-zika\/\" \/>\n\t\t<meta property=\"og:image\" content=\"https:\/\/www.eldigitaldeasturias.com\/noticias\/wp-content\/uploads\/2016\/02\/fotonoticia_20160202131335_800.jpg\" \/>\n\t\t<meta property=\"og:image:secure_url\" content=\"https:\/\/www.eldigitaldeasturias.com\/noticias\/wp-content\/uploads\/2016\/02\/fotonoticia_20160202131335_800.jpg\" \/>\n\t\t<meta property=\"og:image:width\" content=\"800\" \/>\n\t\t<meta property=\"og:image:height\" content=\"529\" \/>\n\t\t<meta property=\"article:tag\" content=\"sociedad\" \/>\n\t\t<meta property=\"article:published_time\" content=\"2016-02-03T00:57:58+00:00\" \/>\n\t\t<meta property=\"article:modified_time\" content=\"2016-02-03T00:57:58+00:00\" \/>\n\t\t<meta property=\"article:publisher\" content=\"https:\/\/facebook.com\/eldigitaldeasturias\" \/>\n\t\t<meta name=\"twitter:card\" content=\"summary_large_image\" \/>\n\t\t<meta name=\"twitter:title\" content=\"Australia confirma sus dos primeros casos de zika - El Digital de Asturias\" \/>\n\t\t<meta name=\"twitter:description\" content=\"Dos australianos han sido diagnosticados con el virus del zika tras regresar al pa\u00eds de viajes en el Caribe, seg\u00fan ha informado el servicio estatal de salud este martes, confirmando los primeros casos de esta enfermedad en el pa\u00eds este a\u00f1o. Las autoridades tambi\u00e9n han indicado que mosquitos portadores del virus han sido detectados en\" \/>\n\t\t<meta name=\"twitter:image\" content=\"https:\/\/www.eldigitaldeasturias.com\/noticias\/wp-content\/uploads\/2016\/02\/fotonoticia_20160202131335_800.jpg\" \/>\n\t\t<meta name=\"twitter:label1\" content=\"Escrito por\" \/>\n\t\t<meta name=\"twitter:data1\" content=\"El Digital de Asturias\" \/>\n\t\t<meta name=\"twitter:label2\" content=\"Tiempo de lectura estimado\" \/>\n\t\t<meta name=\"twitter:data2\" content=\"1 minuto\" \/>\n\t\t<script type=\"application\/ld+json\" class=\"aioseo-schema\">\n\t\t\t{\"@context\":\"https:\\\/\\\/schema.org\",\"@graph\":[{\"@type\":\"BlogPosting\",\"@id\":\"https:\\\/\\\/www.eldigitaldeasturias.com\\\/noticias\\\/australia-confirma-sus-dos-primeros-casos-de-zika\\\/#blogposting\",\"name\":\"Australia confirma sus dos primeros casos de zika - El Digital de Asturias\",\"headline\":\"Australia confirma sus dos primeros casos de zika\",\"author\":{\"@id\":\"https:\\\/\\\/www.eldigitaldeasturias.com\\\/noticias\\\/author\\\/admin\\\/#author\"},\"publisher\":{\"@id\":\"https:\\\/\\\/www.eldigitaldeasturias.com\\\/noticias\\\/#organization\"},\"image\":{\"@type\":\"ImageObject\",\"url\":\"https:\\\/\\\/www.eldigitaldeasturias.com\\\/noticias\\\/wp-content\\\/uploads\\\/2016\\\/02\\\/fotonoticia_20160202131335_800.jpg\",\"width\":800,\"height\":529},\"datePublished\":\"2016-02-03T00:57:58+01:00\",\"dateModified\":\"2016-02-03T00:57:58+01:00\",\"inLanguage\":\"es-ES\",\"mainEntityOfPage\":{\"@id\":\"https:\\\/\\\/www.eldigitaldeasturias.com\\\/noticias\\\/australia-confirma-sus-dos-primeros-casos-de-zika\\\/#webpage\"},\"isPartOf\":{\"@id\":\"https:\\\/\\\/www.eldigitaldeasturias.com\\\/noticias\\\/australia-confirma-sus-dos-primeros-casos-de-zika\\\/#webpage\"},\"articleSection\":\"Sociedad\"},{\"@type\":\"BreadcrumbList\",\"@id\":\"https:\\\/\\\/www.eldigitaldeasturias.com\\\/noticias\\\/australia-confirma-sus-dos-primeros-casos-de-zika\\\/#breadcrumblist\",\"itemListElement\":[{\"@type\":\"ListItem\",\"@id\":\"https:\\\/\\\/www.eldigitaldeasturias.com\\\/noticias#listItem\",\"position\":1,\"name\":\"Home\",\"item\":\"https:\\\/\\\/www.eldigitaldeasturias.com\\\/noticias\",\"nextItem\":{\"@type\":\"ListItem\",\"@id\":\"https:\\\/\\\/www.eldigitaldeasturias.com\\\/noticias\\\/category\\\/sociedad\\\/#listItem\",\"name\":\"Sociedad\"}},{\"@type\":\"ListItem\",\"@id\":\"https:\\\/\\\/www.eldigitaldeasturias.com\\\/noticias\\\/category\\\/sociedad\\\/#listItem\",\"position\":2,\"name\":\"Sociedad\",\"item\":\"https:\\\/\\\/www.eldigitaldeasturias.com\\\/noticias\\\/category\\\/sociedad\\\/\",\"nextItem\":{\"@type\":\"ListItem\",\"@id\":\"https:\\\/\\\/www.eldigitaldeasturias.com\\\/noticias\\\/australia-confirma-sus-dos-primeros-casos-de-zika\\\/#listItem\",\"name\":\"Australia confirma sus dos primeros casos de zika\"},\"previousItem\":{\"@type\":\"ListItem\",\"@id\":\"https:\\\/\\\/www.eldigitaldeasturias.com\\\/noticias#listItem\",\"name\":\"Home\"}},{\"@type\":\"ListItem\",\"@id\":\"https:\\\/\\\/www.eldigitaldeasturias.com\\\/noticias\\\/australia-confirma-sus-dos-primeros-casos-de-zika\\\/#listItem\",\"position\":3,\"name\":\"Australia confirma sus dos primeros casos de zika\",\"previousItem\":{\"@type\":\"ListItem\",\"@id\":\"https:\\\/\\\/www.eldigitaldeasturias.com\\\/noticias\\\/category\\\/sociedad\\\/#listItem\",\"name\":\"Sociedad\"}}]},{\"@type\":\"Organization\",\"@id\":\"https:\\\/\\\/www.eldigitaldeasturias.com\\\/noticias\\\/#organization\",\"name\":\"El Digital de Asturias\",\"description\":\"Hemeroteca\",\"url\":\"https:\\\/\\\/www.eldigitaldeasturias.com\\\/noticias\\\/\",\"email\":\"info@eldigitaldeasturias.com\",\"telephone\":\"+34652131393\",\"logo\":{\"@type\":\"ImageObject\",\"url\":\"https:\\\/\\\/www.eldigitaldeasturias.com\\\/noticias\\\/wp-content\\\/uploads\\\/2020\\\/12\\\/EDA.jpg\",\"@id\":\"https:\\\/\\\/www.eldigitaldeasturias.com\\\/noticias\\\/australia-confirma-sus-dos-primeros-casos-de-zika\\\/#organizationLogo\",\"width\":649,\"height\":297},\"image\":{\"@id\":\"https:\\\/\\\/www.eldigitaldeasturias.com\\\/noticias\\\/australia-confirma-sus-dos-primeros-casos-de-zika\\\/#organizationLogo\"},\"sameAs\":[\"https:\\\/\\\/facebook.com\\\/eldigitaldeasturias\",\"https:\\\/\\\/www.youtube.com\\\/channel\\\/UCZP-2wLEB9Rv6erhFmqVnvg\"],\"address\":{\"@id\":\"https:\\\/\\\/www.eldigitaldeasturias.com\\\/noticias\\\/#postaladdress\",\"@type\":\"PostalAddress\",\"streetAddress\":\"san antonio 4,\",\"postalCode\":\"33430\",\"addressLocality\":\"Cand\\u00e1s\",\"addressRegion\":\"Asturias\",\"addressCountry\":\"ES\"}},{\"@type\":\"Person\",\"@id\":\"https:\\\/\\\/www.eldigitaldeasturias.com\\\/noticias\\\/author\\\/admin\\\/#author\",\"url\":\"https:\\\/\\\/www.eldigitaldeasturias.com\\\/noticias\\\/author\\\/admin\\\/\",\"name\":\"El Digital de Asturias\",\"image\":{\"@type\":\"ImageObject\",\"@id\":\"https:\\\/\\\/www.eldigitaldeasturias.com\\\/noticias\\\/australia-confirma-sus-dos-primeros-casos-de-zika\\\/#authorImage\",\"url\":\"https:\\\/\\\/www.eldigitaldeasturias.com\\\/noticias\\\/wp-content\\\/litespeed\\\/avatar\\\/18677e78aa0546b92d9dbf31ec7d7668.jpg?ver=1776685526\",\"width\":96,\"height\":96,\"caption\":\"El Digital de Asturias\"}},{\"@type\":\"WebPage\",\"@id\":\"https:\\\/\\\/www.eldigitaldeasturias.com\\\/noticias\\\/australia-confirma-sus-dos-primeros-casos-de-zika\\\/#webpage\",\"url\":\"https:\\\/\\\/www.eldigitaldeasturias.com\\\/noticias\\\/australia-confirma-sus-dos-primeros-casos-de-zika\\\/\",\"name\":\"Australia confirma sus dos primeros casos de zika - El Digital de Asturias\",\"description\":\"Dos australianos han sido diagnosticados con el virus del zika tras regresar al pa\\u00eds de viajes en el Caribe, seg\\u00fan ha informado el servicio estatal de salud este martes, confirmando los primeros casos de esta enfermedad en el pa\\u00eds este a\\u00f1o. Las autoridades tambi\\u00e9n han indicado que mosquitos portadores del virus han sido detectados en\",\"inLanguage\":\"es-ES\",\"isPartOf\":{\"@id\":\"https:\\\/\\\/www.eldigitaldeasturias.com\\\/noticias\\\/#website\"},\"breadcrumb\":{\"@id\":\"https:\\\/\\\/www.eldigitaldeasturias.com\\\/noticias\\\/australia-confirma-sus-dos-primeros-casos-de-zika\\\/#breadcrumblist\"},\"author\":{\"@id\":\"https:\\\/\\\/www.eldigitaldeasturias.com\\\/noticias\\\/author\\\/admin\\\/#author\"},\"creator\":{\"@id\":\"https:\\\/\\\/www.eldigitaldeasturias.com\\\/noticias\\\/author\\\/admin\\\/#author\"},\"image\":{\"@type\":\"ImageObject\",\"url\":\"https:\\\/\\\/www.eldigitaldeasturias.com\\\/noticias\\\/wp-content\\\/uploads\\\/2016\\\/02\\\/fotonoticia_20160202131335_800.jpg\",\"@id\":\"https:\\\/\\\/www.eldigitaldeasturias.com\\\/noticias\\\/australia-confirma-sus-dos-primeros-casos-de-zika\\\/#mainImage\",\"width\":800,\"height\":529},\"primaryImageOfPage\":{\"@id\":\"https:\\\/\\\/www.eldigitaldeasturias.com\\\/noticias\\\/australia-confirma-sus-dos-primeros-casos-de-zika\\\/#mainImage\"},\"datePublished\":\"2016-02-03T00:57:58+01:00\",\"dateModified\":\"2016-02-03T00:57:58+01:00\"},{\"@type\":\"WebSite\",\"@id\":\"https:\\\/\\\/www.eldigitaldeasturias.com\\\/noticias\\\/#website\",\"url\":\"https:\\\/\\\/www.eldigitaldeasturias.com\\\/noticias\\\/\",\"name\":\"El Digital de Asturias - Diario de actualidad y noticias\",\"alternateName\":\"El Digital de Asturias - Diario de actualidad y noticias\",\"description\":\"Hemeroteca\",\"inLanguage\":\"es-ES\",\"publisher\":{\"@id\":\"https:\\\/\\\/www.eldigitaldeasturias.com\\\/noticias\\\/#organization\"}}]}\n\t\t<\/script>\n\t\t<!-- All in One SEO Pro -->\r\n\t\t<title>Australia confirma sus dos primeros casos de zika - El Digital de Asturias<\/title>\n\n","aioseo_head_json":{"title":"Australia confirma sus dos primeros casos de zika - El Digital de Asturias","description":"Dos australianos han sido diagnosticados con el virus del zika tras regresar al pa\u00eds de viajes en el Caribe, seg\u00fan ha informado el servicio estatal de salud este martes, confirmando los primeros casos de esta enfermedad en el pa\u00eds este a\u00f1o. Las autoridades tambi\u00e9n han indicado que mosquitos portadores del virus han sido detectados en","canonical_url":"https:\/\/www.eldigitaldeasturias.com\/noticias\/australia-confirma-sus-dos-primeros-casos-de-zika\/","robots":"max-image-preview:large","keywords":"sociedad","webmasterTools":{"google-site-verification":"UA-38556648-1","msvalidate.01":"7dfe9f3f1b24437ab69f4f2559babe99","miscellaneous":""},"schema":{"@context":"https:\/\/schema.org","@graph":[{"@type":"BlogPosting","@id":"https:\/\/www.eldigitaldeasturias.com\/noticias\/australia-confirma-sus-dos-primeros-casos-de-zika\/#blogposting","name":"Australia confirma sus dos primeros casos de zika - El Digital de Asturias","headline":"Australia confirma sus dos primeros casos de zika","author":{"@id":"https:\/\/www.eldigitaldeasturias.com\/noticias\/author\/admin\/#author"},"publisher":{"@id":"https:\/\/www.eldigitaldeasturias.com\/noticias\/#organization"},"image":{"@type":"ImageObject","url":"https:\/\/www.eldigitaldeasturias.com\/noticias\/wp-content\/uploads\/2016\/02\/fotonoticia_20160202131335_800.jpg","width":800,"height":529},"datePublished":"2016-02-03T00:57:58+01:00","dateModified":"2016-02-03T00:57:58+01:00","inLanguage":"es-ES","mainEntityOfPage":{"@id":"https:\/\/www.eldigitaldeasturias.com\/noticias\/australia-confirma-sus-dos-primeros-casos-de-zika\/#webpage"},"isPartOf":{"@id":"https:\/\/www.eldigitaldeasturias.com\/noticias\/australia-confirma-sus-dos-primeros-casos-de-zika\/#webpage"},"articleSection":"Sociedad"},{"@type":"BreadcrumbList","@id":"https:\/\/www.eldigitaldeasturias.com\/noticias\/australia-confirma-sus-dos-primeros-casos-de-zika\/#breadcrumblist","itemListElement":[{"@type":"ListItem","@id":"https:\/\/www.eldigitaldeasturias.com\/noticias#listItem","position":1,"name":"Home","item":"https:\/\/www.eldigitaldeasturias.com\/noticias","nextItem":{"@type":"ListItem","@id":"https:\/\/www.eldigitaldeasturias.com\/noticias\/category\/sociedad\/#listItem","name":"Sociedad"}},{"@type":"ListItem","@id":"https:\/\/www.eldigitaldeasturias.com\/noticias\/category\/sociedad\/#listItem","position":2,"name":"Sociedad","item":"https:\/\/www.eldigitaldeasturias.com\/noticias\/category\/sociedad\/","nextItem":{"@type":"ListItem","@id":"https:\/\/www.eldigitaldeasturias.com\/noticias\/australia-confirma-sus-dos-primeros-casos-de-zika\/#listItem","name":"Australia confirma sus dos primeros casos de zika"},"previousItem":{"@type":"ListItem","@id":"https:\/\/www.eldigitaldeasturias.com\/noticias#listItem","name":"Home"}},{"@type":"ListItem","@id":"https:\/\/www.eldigitaldeasturias.com\/noticias\/australia-confirma-sus-dos-primeros-casos-de-zika\/#listItem","position":3,"name":"Australia confirma sus dos primeros casos de zika","previousItem":{"@type":"ListItem","@id":"https:\/\/www.eldigitaldeasturias.com\/noticias\/category\/sociedad\/#listItem","name":"Sociedad"}}]},{"@type":"Organization","@id":"https:\/\/www.eldigitaldeasturias.com\/noticias\/#organization","name":"El Digital de Asturias","description":"Hemeroteca","url":"https:\/\/www.eldigitaldeasturias.com\/noticias\/","email":"info@eldigitaldeasturias.com","telephone":"+34652131393","logo":{"@type":"ImageObject","url":"https:\/\/www.eldigitaldeasturias.com\/noticias\/wp-content\/uploads\/2020\/12\/EDA.jpg","@id":"https:\/\/www.eldigitaldeasturias.com\/noticias\/australia-confirma-sus-dos-primeros-casos-de-zika\/#organizationLogo","width":649,"height":297},"image":{"@id":"https:\/\/www.eldigitaldeasturias.com\/noticias\/australia-confirma-sus-dos-primeros-casos-de-zika\/#organizationLogo"},"sameAs":["https:\/\/facebook.com\/eldigitaldeasturias","https:\/\/www.youtube.com\/channel\/UCZP-2wLEB9Rv6erhFmqVnvg"],"address":{"@id":"https:\/\/www.eldigitaldeasturias.com\/noticias\/#postaladdress","@type":"PostalAddress","streetAddress":"san antonio 4,","postalCode":"33430","addressLocality":"Cand\u00e1s","addressRegion":"Asturias","addressCountry":"ES"}},{"@type":"Person","@id":"https:\/\/www.eldigitaldeasturias.com\/noticias\/author\/admin\/#author","url":"https:\/\/www.eldigitaldeasturias.com\/noticias\/author\/admin\/","name":"El Digital de Asturias","image":{"@type":"ImageObject","@id":"https:\/\/www.eldigitaldeasturias.com\/noticias\/australia-confirma-sus-dos-primeros-casos-de-zika\/#authorImage","url":"https:\/\/www.eldigitaldeasturias.com\/noticias\/wp-content\/litespeed\/avatar\/18677e78aa0546b92d9dbf31ec7d7668.jpg?ver=1776685526","width":96,"height":96,"caption":"El Digital de Asturias"}},{"@type":"WebPage","@id":"https:\/\/www.eldigitaldeasturias.com\/noticias\/australia-confirma-sus-dos-primeros-casos-de-zika\/#webpage","url":"https:\/\/www.eldigitaldeasturias.com\/noticias\/australia-confirma-sus-dos-primeros-casos-de-zika\/","name":"Australia confirma sus dos primeros casos de zika - El Digital de Asturias","description":"Dos australianos han sido diagnosticados con el virus del zika tras regresar al pa\u00eds de viajes en el Caribe, seg\u00fan ha informado el servicio estatal de salud este martes, confirmando los primeros casos de esta enfermedad en el pa\u00eds este a\u00f1o. Las autoridades tambi\u00e9n han indicado que mosquitos portadores del virus han sido detectados en","inLanguage":"es-ES","isPartOf":{"@id":"https:\/\/www.eldigitaldeasturias.com\/noticias\/#website"},"breadcrumb":{"@id":"https:\/\/www.eldigitaldeasturias.com\/noticias\/australia-confirma-sus-dos-primeros-casos-de-zika\/#breadcrumblist"},"author":{"@id":"https:\/\/www.eldigitaldeasturias.com\/noticias\/author\/admin\/#author"},"creator":{"@id":"https:\/\/www.eldigitaldeasturias.com\/noticias\/author\/admin\/#author"},"image":{"@type":"ImageObject","url":"https:\/\/www.eldigitaldeasturias.com\/noticias\/wp-content\/uploads\/2016\/02\/fotonoticia_20160202131335_800.jpg","@id":"https:\/\/www.eldigitaldeasturias.com\/noticias\/australia-confirma-sus-dos-primeros-casos-de-zika\/#mainImage","width":800,"height":529},"primaryImageOfPage":{"@id":"https:\/\/www.eldigitaldeasturias.com\/noticias\/australia-confirma-sus-dos-primeros-casos-de-zika\/#mainImage"},"datePublished":"2016-02-03T00:57:58+01:00","dateModified":"2016-02-03T00:57:58+01:00"},{"@type":"WebSite","@id":"https:\/\/www.eldigitaldeasturias.com\/noticias\/#website","url":"https:\/\/www.eldigitaldeasturias.com\/noticias\/","name":"El Digital de Asturias - Diario de actualidad y noticias","alternateName":"El Digital de Asturias - Diario de actualidad y noticias","description":"Hemeroteca","inLanguage":"es-ES","publisher":{"@id":"https:\/\/www.eldigitaldeasturias.com\/noticias\/#organization"}}]},"og:locale":"es_ES","og:site_name":"El Digital de Asturias","og:type":"article","og:title":"Australia confirma sus dos primeros casos de zika - El Digital de Asturias","og:description":"Dos australianos han sido diagnosticados con el virus del zika tras regresar al pa\u00eds de viajes en el Caribe, seg\u00fan ha informado el servicio estatal de salud este martes, confirmando los primeros casos de esta enfermedad en el pa\u00eds este a\u00f1o. Las autoridades tambi\u00e9n han indicado que mosquitos portadores del virus han sido detectados en","og:url":"https:\/\/www.eldigitaldeasturias.com\/noticias\/australia-confirma-sus-dos-primeros-casos-de-zika\/","og:image":"https:\/\/www.eldigitaldeasturias.com\/noticias\/wp-content\/uploads\/2016\/02\/fotonoticia_20160202131335_800.jpg","og:image:secure_url":"https:\/\/www.eldigitaldeasturias.com\/noticias\/wp-content\/uploads\/2016\/02\/fotonoticia_20160202131335_800.jpg","og:image:width":800,"og:image:height":529,"article:tag":["sociedad"],"article:published_time":"2016-02-03T00:57:58+00:00","article:modified_time":"2016-02-03T00:57:58+00:00","article:publisher":"https:\/\/facebook.com\/eldigitaldeasturias","twitter:card":"summary_large_image","twitter:title":"Australia confirma sus dos primeros casos de zika - El Digital de Asturias","twitter:description":"Dos australianos han sido diagnosticados con el virus del zika tras regresar al pa\u00eds de viajes en el Caribe, seg\u00fan ha informado el servicio estatal de salud este martes, confirmando los primeros casos de esta enfermedad en el pa\u00eds este a\u00f1o. Las autoridades tambi\u00e9n han indicado que mosquitos portadores del virus han sido detectados en","twitter:image":"https:\/\/www.eldigitaldeasturias.com\/noticias\/wp-content\/uploads\/2016\/02\/fotonoticia_20160202131335_800.jpg","twitter:label1":"Escrito por","twitter:data1":"El Digital de Asturias","twitter:label2":"Tiempo de lectura estimado","twitter:data2":"1 minuto"},"aioseo_meta_data":{"post_id":"853286","title":null,"description":null,"keywords":null,"keyphrases":null,"primary_term":null,"canonical_url":null,"og_title":null,"og_description":null,"og_object_type":"default","og_image_type":"default","og_image_url":null,"og_image_width":null,"og_image_height":null,"og_image_custom_url":null,"og_image_custom_fields":null,"og_video":null,"og_custom_url":null,"og_article_section":null,"og_article_tags":null,"twitter_use_og":false,"twitter_card":"default","twitter_image_type":"default","twitter_image_url":null,"twitter_image_custom_url":null,"twitter_image_custom_fields":null,"twitter_title":null,"twitter_description":null,"schema":{"blockGraphs":[],"customGraphs":[],"default":{"data":{"Article":[],"Course":[],"Dataset":[],"FAQPage":[],"Movie":[],"Person":[],"Product":[],"ProductReview":[],"Car":[],"Recipe":[],"Service":[],"SoftwareApplication":[],"WebPage":[]},"graphName":"","isEnabled":true},"graphs":[],"defaultGraph":"","defaultPostTypeGraph":""},"schema_type":null,"schema_type_options":null,"pillar_content":false,"robots_default":true,"robots_noindex":false,"robots_noarchive":false,"robots_nosnippet":false,"robots_nofollow":false,"robots_noimageindex":false,"robots_noodp":false,"robots_notranslate":false,"robots_max_snippet":null,"robots_max_videopreview":null,"robots_max_imagepreview":"large","priority":null,"frequency":null,"local_seo":null,"seo_analyzer_scan_date":"2025-12-09 17:33:10","breadcrumb_settings":null,"limit_modified_date":false,"open_ai":null,"ai":null,"created":"2021-01-22 03:59:55","updated":"2025-12-09 17:33:10"},"aioseo_breadcrumb":"<div class=\"aioseo-breadcrumbs\"><span class=\"aioseo-breadcrumb\">\n\t<a href=\"https:\/\/www.eldigitaldeasturias.com\/noticias\" title=\"Home\">Home<\/a>\n<\/span><span class=\"aioseo-breadcrumb-separator\">\u2013<\/span><span class=\"aioseo-breadcrumb\">\n\t<a href=\"https:\/\/www.eldigitaldeasturias.com\/noticias\/category\/sociedad\/\" title=\"Sociedad\">Sociedad<\/a>\n<\/span><span class=\"aioseo-breadcrumb-separator\">\u2013<\/span><span class=\"aioseo-breadcrumb\">\n\t<a href=\"https:\/\/www.eldigitaldeasturias.com\/noticias\/australia-confirma-sus-dos-primeros-casos-de-zika\/\" title=\"Australia confirma sus dos primeros casos de zika\">Australia confirma sus dos primeros casos de zika<\/a>\n<\/span><\/div>","aioseo_breadcrumb_json":[{"label":"Home","link":"https:\/\/www.eldigitaldeasturias.com\/noticias"},{"label":"Sociedad","link":"https:\/\/www.eldigitaldeasturias.com\/noticias\/category\/sociedad\/"},{"label":"Australia confirma sus dos primeros casos de zika","link":"https:\/\/www.eldigitaldeasturias.com\/noticias\/australia-confirma-sus-dos-primeros-casos-de-zika\/"}],"_links":{"self":[{"href":"https:\/\/www.eldigitaldeasturias.com\/noticias\/wp-json\/wp\/v2\/posts\/853286","targetHints":{"allow":["GET"]}}],"collection":[{"href":"https:\/\/www.eldigitaldeasturias.com\/noticias\/wp-json\/wp\/v2\/posts"}],"about":[{"href":"https:\/\/www.eldigitaldeasturias.com\/noticias\/wp-json\/wp\/v2\/types\/post"}],"author":[{"embeddable":true,"href":"https:\/\/www.eldigitaldeasturias.com\/noticias\/wp-json\/wp\/v2\/users\/1"}],"replies":[{"embeddable":true,"href":"https:\/\/www.eldigitaldeasturias.com\/noticias\/wp-json\/wp\/v2\/comments?post=853286"}],"version-history":[{"count":0,"href":"https:\/\/www.eldigitaldeasturias.com\/noticias\/wp-json\/wp\/v2\/posts\/853286\/revisions"}],"wp:featuredmedia":[{"embeddable":true,"href":"https:\/\/www.eldigitaldeasturias.com\/noticias\/wp-json\/wp\/v2\/media\/853287"}],"wp:attachment":[{"href":"https:\/\/www.eldigitaldeasturias.com\/noticias\/wp-json\/wp\/v2\/media?parent=853286"}],"wp:term":[{"taxonomy":"category","embeddable":true,"href":"https:\/\/www.eldigitaldeasturias.com\/noticias\/wp-json\/wp\/v2\/categories?post=853286"},{"taxonomy":"post_tag","embeddable":true,"href":"https:\/\/www.eldigitaldeasturias.com\/noticias\/wp-json\/wp\/v2\/tags?post=853286"}],"curies":[{"name":"wp","href":"https:\/\/api.w.org\/{rel}","templated":true}]}}