{"id":853277,"date":"2016-02-03T00:54:02","date_gmt":"2016-02-03T00:54:02","guid":{"rendered":"http:\/\/www.eldigitaldeasturias.com\/noticias\/?p=853277"},"modified":"2016-02-03T00:54:02","modified_gmt":"2016-02-03T00:54:02","slug":"ted-cruz-celebra-su-victoria-en-iowa","status":"publish","type":"post","link":"https:\/\/www.eldigitaldeasturias.com\/noticias\/ted-cruz-celebra-su-victoria-en-iowa\/","title":{"rendered":"Ted Cruz celebra su victoria en Iowa"},"content":{"rendered":"<p><img loading=\"lazy\" decoding=\"async\" class=\"alignleft size-medium wp-image-853278\" src=\"https:\/\/www.eldigitaldeasturias.com\/noticias\/wp-content\/uploads\/2016\/02\/fotonoticia_20160202101458_800-360x240.jpg\" alt=\"fotonoticia_20160202101458_800\" width=\"360\" height=\"240\" srcset=\"https:\/\/www.eldigitaldeasturias.com\/noticias\/wp-content\/uploads\/2016\/02\/fotonoticia_20160202101458_800-360x240.jpg 360w, https:\/\/www.eldigitaldeasturias.com\/noticias\/wp-content\/uploads\/2016\/02\/fotonoticia_20160202101458_800-768x513.jpg 768w, https:\/\/www.eldigitaldeasturias.com\/noticias\/wp-content\/uploads\/2016\/02\/fotonoticia_20160202101458_800-650x434.jpg 650w, https:\/\/www.eldigitaldeasturias.com\/noticias\/wp-content\/uploads\/2016\/02\/fotonoticia_20160202101458_800-84x55.jpg 84w, https:\/\/www.eldigitaldeasturias.com\/noticias\/wp-content\/uploads\/2016\/02\/fotonoticia_20160202101458_800-49x32.jpg 49w, https:\/\/www.eldigitaldeasturias.com\/noticias\/wp-content\/uploads\/2016\/02\/fotonoticia_20160202101458_800.jpg 800w\" sizes=\"auto, (max-width: 360px) 100vw, 360px\" \/>El senador estadounidense Ted Cruz, candidato republicano a la Casa Blanca, ha celebrado este lunes su victoria en los &#8216;caucus&#8217; del estado de Iowa, donde ha obtenido cerca de un 28 por ciento de los votos, y ha dedicado el triunfo \u00aba las bases\u00bb del Partido Republicano y a los \u00abconservadores valientes\u00bb.<\/p>\n<p>Cruz ha vencido a su principal rival en las elecciones primarias, el magnate Donald Trump &#8211;que part\u00eda como favorito seg\u00fan las encuestas&#8211; y al senador por Florida Marco Rubio, que han obtenido el 24 y el 23 por ciento de los votos, respectivamente.<\/p>\n<p>\u00abDios bendiga al gran estado de Iowa\u00bb, ha dicho Cruz, que mantiene su discurso religioso que tan buenos resultados le est\u00e1 dando. \u00abNuestros derechos provienen de nuestro creador\u00bb, ha agregado el senador por Texas, que advierte de que \u00abel pr\u00f3ximo presidente no ser\u00e1 escogido ni por los medios ni por el &#8216;establishment&#8217; en Washington\u00bb, sino \u00abpor el pueblo de Estados Unidos\u00bb.<\/p>\n<p>\u00abEsta noche Iowa ha proclamado al mundo: &#8216;viene un nuevo amanecer'\u00bb, ha apostillado Cruz, en unas declaraciones que recoge la cadena estadounidense CNN. En este clima de euforia, el senador de Texas ha indicado que es el mejor resultado obtenido por un vencedor en las primarias del partido.<\/p>\n<p>En total son diez los republicanos que han concurrido a las asambleas de Iowa, pero la mayor\u00eda de los votos se han repartido entre tan solo cuatro de ellos. El neurocirujano retirado Ben Carson ha ocupado ese cuarto puesto con el 9 por ciento de los apoyos, logrando un representante.<\/p>\n<p>En las jornadas previas al pistoletazo de salida de las elecciones primarias, que ha tenido lugar en Iowa, Cruz pidi\u00f3 a la gente que acudiese a votar para ayudarle a romper el \u00abciclo habitual\u00bb de pol\u00edticos en Washington. \u00ab\u00dananse a nosotros, comprom\u00e9tanse a asistir y votar por nosotros en los &#8216;caucus&#8217;. P\u00f3ngase de pie y hablen por nosotros. Si se unen, nosotros ganaremos\u00bb, se\u00f1al\u00f3.<\/p>\n<p>Cruz, de 45 a\u00f1os, ascendi\u00f3 en la pol\u00edtica nacional de la mano del Tea Party y creci\u00f3 en popularidad gracias a sus encendidos discursos contra el presidente Barack Obama y, en particular, contra su reforma sanitaria. El senador lleg\u00f3 a hablar 21 horas en la C\u00e1mara Alta para dilatar la votaci\u00f3n.<\/p>\n","protected":false},"excerpt":{"rendered":"<p>El senador estadounidense Ted Cruz, candidato republicano a la Casa Blanca, ha celebrado este lunes su victoria en los &#8216;caucus&#8217; del estado de Iowa, donde ha obtenido cerca de un 28 por ciento de los votos, y ha dedicado el triunfo \u00aba las bases\u00bb del Partido Republicano y a los \u00abconservadores valientes\u00bb. Cruz ha vencido [&hellip;]<\/p>\n","protected":false},"author":1,"featured_media":853278,"comment_status":"closed","ping_status":"closed","sticky":false,"template":"","format":"standard","meta":{"footnotes":""},"categories":[1],"tags":[],"class_list":["post-853277","post","type-post","status-publish","format-standard","has-post-thumbnail","hentry","category-actualidad"],"aioseo_notices":[],"aioseo_head":"\n\t\t<!-- All in One SEO Pro 4.9.6.2 - aioseo.com -->\n\t<meta name=\"description\" content=\"El senador estadounidense Ted Cruz, candidato republicano a la Casa Blanca, ha celebrado este lunes su victoria en los &#039;caucus&#039; del estado de Iowa, donde ha obtenido cerca de un 28 por ciento de los votos, y ha dedicado el triunfo &quot;a las bases&quot; del Partido Republicano y a los &quot;conservadores valientes&quot;. Cruz ha vencido\" \/>\n\t<meta name=\"robots\" content=\"max-image-preview:large\" \/>\n\t<meta name=\"author\" content=\"El Digital de Asturias\"\/>\n\t<meta name=\"google-site-verification\" content=\"UA-38556648-1\" \/>\n\t<meta name=\"msvalidate.01\" content=\"7dfe9f3f1b24437ab69f4f2559babe99\" \/>\n\t<meta name=\"keywords\" content=\"actualidad\" \/>\n\t<link rel=\"canonical\" href=\"https:\/\/www.eldigitaldeasturias.com\/noticias\/ted-cruz-celebra-su-victoria-en-iowa\/\" \/>\n\t<meta name=\"generator\" content=\"All in One SEO Pro (AIOSEO) 4.9.6.2\" \/>\n\t\t<meta property=\"og:locale\" content=\"es_ES\" \/>\n\t\t<meta property=\"og:site_name\" content=\"El Digital de Asturias\" \/>\n\t\t<meta property=\"og:type\" content=\"article\" \/>\n\t\t<meta property=\"og:title\" content=\"Ted Cruz celebra su victoria en Iowa - El Digital de Asturias\" \/>\n\t\t<meta property=\"og:description\" content=\"El senador estadounidense Ted Cruz, candidato republicano a la Casa Blanca, ha celebrado este lunes su victoria en los &#039;caucus&#039; del estado de Iowa, donde ha obtenido cerca de un 28 por ciento de los votos, y ha dedicado el triunfo &quot;a las bases&quot; del Partido Republicano y a los &quot;conservadores valientes&quot;. Cruz ha vencido\" \/>\n\t\t<meta property=\"og:url\" content=\"https:\/\/www.eldigitaldeasturias.com\/noticias\/ted-cruz-celebra-su-victoria-en-iowa\/\" \/>\n\t\t<meta property=\"og:image\" content=\"https:\/\/www.eldigitaldeasturias.com\/noticias\/wp-content\/uploads\/2016\/02\/fotonoticia_20160202101458_800.jpg\" \/>\n\t\t<meta property=\"og:image:secure_url\" content=\"https:\/\/www.eldigitaldeasturias.com\/noticias\/wp-content\/uploads\/2016\/02\/fotonoticia_20160202101458_800.jpg\" \/>\n\t\t<meta property=\"og:image:width\" content=\"800\" \/>\n\t\t<meta property=\"og:image:height\" content=\"534\" \/>\n\t\t<meta property=\"article:tag\" content=\"actualidad\" \/>\n\t\t<meta property=\"article:published_time\" content=\"2016-02-03T00:54:02+00:00\" \/>\n\t\t<meta property=\"article:modified_time\" content=\"2016-02-03T00:54:02+00:00\" \/>\n\t\t<meta property=\"article:publisher\" content=\"https:\/\/facebook.com\/eldigitaldeasturias\" \/>\n\t\t<meta name=\"twitter:card\" content=\"summary_large_image\" \/>\n\t\t<meta name=\"twitter:title\" content=\"Ted Cruz celebra su victoria en Iowa - El Digital de Asturias\" \/>\n\t\t<meta name=\"twitter:description\" content=\"El senador estadounidense Ted Cruz, candidato republicano a la Casa Blanca, ha celebrado este lunes su victoria en los &#039;caucus&#039; del estado de Iowa, donde ha obtenido cerca de un 28 por ciento de los votos, y ha dedicado el triunfo &quot;a las bases&quot; del Partido Republicano y a los &quot;conservadores valientes&quot;. Cruz ha vencido\" \/>\n\t\t<meta name=\"twitter:image\" content=\"https:\/\/www.eldigitaldeasturias.com\/noticias\/wp-content\/uploads\/2016\/02\/fotonoticia_20160202101458_800.jpg\" \/>\n\t\t<meta name=\"twitter:label1\" content=\"Escrito por\" \/>\n\t\t<meta name=\"twitter:data1\" content=\"El Digital de Asturias\" \/>\n\t\t<meta name=\"twitter:label2\" content=\"Tiempo de lectura estimado\" \/>\n\t\t<meta name=\"twitter:data2\" content=\"2 minutos\" \/>\n\t\t<script type=\"application\/ld+json\" class=\"aioseo-schema\">\n\t\t\t{\"@context\":\"https:\\\/\\\/schema.org\",\"@graph\":[{\"@type\":\"BlogPosting\",\"@id\":\"https:\\\/\\\/www.eldigitaldeasturias.com\\\/noticias\\\/ted-cruz-celebra-su-victoria-en-iowa\\\/#blogposting\",\"name\":\"Ted Cruz celebra su victoria en Iowa - El Digital de Asturias\",\"headline\":\"Ted Cruz celebra su victoria en Iowa\",\"author\":{\"@id\":\"https:\\\/\\\/www.eldigitaldeasturias.com\\\/noticias\\\/author\\\/admin\\\/#author\"},\"publisher\":{\"@id\":\"https:\\\/\\\/www.eldigitaldeasturias.com\\\/noticias\\\/#organization\"},\"image\":{\"@type\":\"ImageObject\",\"url\":\"https:\\\/\\\/www.eldigitaldeasturias.com\\\/noticias\\\/wp-content\\\/uploads\\\/2016\\\/02\\\/fotonoticia_20160202101458_800.jpg\",\"width\":800,\"height\":534},\"datePublished\":\"2016-02-03T00:54:02+01:00\",\"dateModified\":\"2016-02-03T00:54:02+01:00\",\"inLanguage\":\"es-ES\",\"mainEntityOfPage\":{\"@id\":\"https:\\\/\\\/www.eldigitaldeasturias.com\\\/noticias\\\/ted-cruz-celebra-su-victoria-en-iowa\\\/#webpage\"},\"isPartOf\":{\"@id\":\"https:\\\/\\\/www.eldigitaldeasturias.com\\\/noticias\\\/ted-cruz-celebra-su-victoria-en-iowa\\\/#webpage\"},\"articleSection\":\"Actualidad\"},{\"@type\":\"BreadcrumbList\",\"@id\":\"https:\\\/\\\/www.eldigitaldeasturias.com\\\/noticias\\\/ted-cruz-celebra-su-victoria-en-iowa\\\/#breadcrumblist\",\"itemListElement\":[{\"@type\":\"ListItem\",\"@id\":\"https:\\\/\\\/www.eldigitaldeasturias.com\\\/noticias#listItem\",\"position\":1,\"name\":\"Home\",\"item\":\"https:\\\/\\\/www.eldigitaldeasturias.com\\\/noticias\",\"nextItem\":{\"@type\":\"ListItem\",\"@id\":\"https:\\\/\\\/www.eldigitaldeasturias.com\\\/noticias\\\/category\\\/actualidad\\\/#listItem\",\"name\":\"Actualidad\"}},{\"@type\":\"ListItem\",\"@id\":\"https:\\\/\\\/www.eldigitaldeasturias.com\\\/noticias\\\/category\\\/actualidad\\\/#listItem\",\"position\":2,\"name\":\"Actualidad\",\"item\":\"https:\\\/\\\/www.eldigitaldeasturias.com\\\/noticias\\\/category\\\/actualidad\\\/\",\"nextItem\":{\"@type\":\"ListItem\",\"@id\":\"https:\\\/\\\/www.eldigitaldeasturias.com\\\/noticias\\\/ted-cruz-celebra-su-victoria-en-iowa\\\/#listItem\",\"name\":\"Ted Cruz celebra su victoria en Iowa\"},\"previousItem\":{\"@type\":\"ListItem\",\"@id\":\"https:\\\/\\\/www.eldigitaldeasturias.com\\\/noticias#listItem\",\"name\":\"Home\"}},{\"@type\":\"ListItem\",\"@id\":\"https:\\\/\\\/www.eldigitaldeasturias.com\\\/noticias\\\/ted-cruz-celebra-su-victoria-en-iowa\\\/#listItem\",\"position\":3,\"name\":\"Ted Cruz celebra su victoria en Iowa\",\"previousItem\":{\"@type\":\"ListItem\",\"@id\":\"https:\\\/\\\/www.eldigitaldeasturias.com\\\/noticias\\\/category\\\/actualidad\\\/#listItem\",\"name\":\"Actualidad\"}}]},{\"@type\":\"Organization\",\"@id\":\"https:\\\/\\\/www.eldigitaldeasturias.com\\\/noticias\\\/#organization\",\"name\":\"El Digital de Asturias\",\"description\":\"Hemeroteca\",\"url\":\"https:\\\/\\\/www.eldigitaldeasturias.com\\\/noticias\\\/\",\"email\":\"info@eldigitaldeasturias.com\",\"telephone\":\"+34652131393\",\"logo\":{\"@type\":\"ImageObject\",\"url\":\"https:\\\/\\\/www.eldigitaldeasturias.com\\\/noticias\\\/wp-content\\\/uploads\\\/2020\\\/12\\\/EDA.jpg\",\"@id\":\"https:\\\/\\\/www.eldigitaldeasturias.com\\\/noticias\\\/ted-cruz-celebra-su-victoria-en-iowa\\\/#organizationLogo\",\"width\":649,\"height\":297},\"image\":{\"@id\":\"https:\\\/\\\/www.eldigitaldeasturias.com\\\/noticias\\\/ted-cruz-celebra-su-victoria-en-iowa\\\/#organizationLogo\"},\"sameAs\":[\"https:\\\/\\\/facebook.com\\\/eldigitaldeasturias\",\"https:\\\/\\\/www.youtube.com\\\/channel\\\/UCZP-2wLEB9Rv6erhFmqVnvg\"],\"address\":{\"@id\":\"https:\\\/\\\/www.eldigitaldeasturias.com\\\/noticias\\\/#postaladdress\",\"@type\":\"PostalAddress\",\"streetAddress\":\"san antonio 4,\",\"postalCode\":\"33430\",\"addressLocality\":\"Cand\\u00e1s\",\"addressRegion\":\"Asturias\",\"addressCountry\":\"ES\"}},{\"@type\":\"Person\",\"@id\":\"https:\\\/\\\/www.eldigitaldeasturias.com\\\/noticias\\\/author\\\/admin\\\/#author\",\"url\":\"https:\\\/\\\/www.eldigitaldeasturias.com\\\/noticias\\\/author\\\/admin\\\/\",\"name\":\"El Digital de Asturias\",\"image\":{\"@type\":\"ImageObject\",\"@id\":\"https:\\\/\\\/www.eldigitaldeasturias.com\\\/noticias\\\/ted-cruz-celebra-su-victoria-en-iowa\\\/#authorImage\",\"url\":\"https:\\\/\\\/www.eldigitaldeasturias.com\\\/noticias\\\/wp-content\\\/litespeed\\\/avatar\\\/18677e78aa0546b92d9dbf31ec7d7668.jpg?ver=1776685526\",\"width\":96,\"height\":96,\"caption\":\"El Digital de Asturias\"}},{\"@type\":\"WebPage\",\"@id\":\"https:\\\/\\\/www.eldigitaldeasturias.com\\\/noticias\\\/ted-cruz-celebra-su-victoria-en-iowa\\\/#webpage\",\"url\":\"https:\\\/\\\/www.eldigitaldeasturias.com\\\/noticias\\\/ted-cruz-celebra-su-victoria-en-iowa\\\/\",\"name\":\"Ted Cruz celebra su victoria en Iowa - El Digital de Asturias\",\"description\":\"El senador estadounidense Ted Cruz, candidato republicano a la Casa Blanca, ha celebrado este lunes su victoria en los 'caucus' del estado de Iowa, donde ha obtenido cerca de un 28 por ciento de los votos, y ha dedicado el triunfo \\\"a las bases\\\" del Partido Republicano y a los \\\"conservadores valientes\\\". Cruz ha vencido\",\"inLanguage\":\"es-ES\",\"isPartOf\":{\"@id\":\"https:\\\/\\\/www.eldigitaldeasturias.com\\\/noticias\\\/#website\"},\"breadcrumb\":{\"@id\":\"https:\\\/\\\/www.eldigitaldeasturias.com\\\/noticias\\\/ted-cruz-celebra-su-victoria-en-iowa\\\/#breadcrumblist\"},\"author\":{\"@id\":\"https:\\\/\\\/www.eldigitaldeasturias.com\\\/noticias\\\/author\\\/admin\\\/#author\"},\"creator\":{\"@id\":\"https:\\\/\\\/www.eldigitaldeasturias.com\\\/noticias\\\/author\\\/admin\\\/#author\"},\"image\":{\"@type\":\"ImageObject\",\"url\":\"https:\\\/\\\/www.eldigitaldeasturias.com\\\/noticias\\\/wp-content\\\/uploads\\\/2016\\\/02\\\/fotonoticia_20160202101458_800.jpg\",\"@id\":\"https:\\\/\\\/www.eldigitaldeasturias.com\\\/noticias\\\/ted-cruz-celebra-su-victoria-en-iowa\\\/#mainImage\",\"width\":800,\"height\":534},\"primaryImageOfPage\":{\"@id\":\"https:\\\/\\\/www.eldigitaldeasturias.com\\\/noticias\\\/ted-cruz-celebra-su-victoria-en-iowa\\\/#mainImage\"},\"datePublished\":\"2016-02-03T00:54:02+01:00\",\"dateModified\":\"2016-02-03T00:54:02+01:00\"},{\"@type\":\"WebSite\",\"@id\":\"https:\\\/\\\/www.eldigitaldeasturias.com\\\/noticias\\\/#website\",\"url\":\"https:\\\/\\\/www.eldigitaldeasturias.com\\\/noticias\\\/\",\"name\":\"El Digital de Asturias - Diario de actualidad y noticias\",\"alternateName\":\"El Digital de Asturias - Diario de actualidad y noticias\",\"description\":\"Hemeroteca\",\"inLanguage\":\"es-ES\",\"publisher\":{\"@id\":\"https:\\\/\\\/www.eldigitaldeasturias.com\\\/noticias\\\/#organization\"}}]}\n\t\t<\/script>\n\t\t<!-- All in One SEO Pro -->\r\n\t\t<title>Ted Cruz celebra su victoria en Iowa - El Digital de Asturias<\/title>\n\n","aioseo_head_json":{"title":"Ted Cruz celebra su victoria en Iowa - El Digital de Asturias","description":"El senador estadounidense Ted Cruz, candidato republicano a la Casa Blanca, ha celebrado este lunes su victoria en los 'caucus' del estado de Iowa, donde ha obtenido cerca de un 28 por ciento de los votos, y ha dedicado el triunfo \"a las bases\" del Partido Republicano y a los \"conservadores valientes\". Cruz ha vencido","canonical_url":"https:\/\/www.eldigitaldeasturias.com\/noticias\/ted-cruz-celebra-su-victoria-en-iowa\/","robots":"max-image-preview:large","keywords":"actualidad","webmasterTools":{"google-site-verification":"UA-38556648-1","msvalidate.01":"7dfe9f3f1b24437ab69f4f2559babe99","miscellaneous":""},"schema":{"@context":"https:\/\/schema.org","@graph":[{"@type":"BlogPosting","@id":"https:\/\/www.eldigitaldeasturias.com\/noticias\/ted-cruz-celebra-su-victoria-en-iowa\/#blogposting","name":"Ted Cruz celebra su victoria en Iowa - El Digital de Asturias","headline":"Ted Cruz celebra su victoria en Iowa","author":{"@id":"https:\/\/www.eldigitaldeasturias.com\/noticias\/author\/admin\/#author"},"publisher":{"@id":"https:\/\/www.eldigitaldeasturias.com\/noticias\/#organization"},"image":{"@type":"ImageObject","url":"https:\/\/www.eldigitaldeasturias.com\/noticias\/wp-content\/uploads\/2016\/02\/fotonoticia_20160202101458_800.jpg","width":800,"height":534},"datePublished":"2016-02-03T00:54:02+01:00","dateModified":"2016-02-03T00:54:02+01:00","inLanguage":"es-ES","mainEntityOfPage":{"@id":"https:\/\/www.eldigitaldeasturias.com\/noticias\/ted-cruz-celebra-su-victoria-en-iowa\/#webpage"},"isPartOf":{"@id":"https:\/\/www.eldigitaldeasturias.com\/noticias\/ted-cruz-celebra-su-victoria-en-iowa\/#webpage"},"articleSection":"Actualidad"},{"@type":"BreadcrumbList","@id":"https:\/\/www.eldigitaldeasturias.com\/noticias\/ted-cruz-celebra-su-victoria-en-iowa\/#breadcrumblist","itemListElement":[{"@type":"ListItem","@id":"https:\/\/www.eldigitaldeasturias.com\/noticias#listItem","position":1,"name":"Home","item":"https:\/\/www.eldigitaldeasturias.com\/noticias","nextItem":{"@type":"ListItem","@id":"https:\/\/www.eldigitaldeasturias.com\/noticias\/category\/actualidad\/#listItem","name":"Actualidad"}},{"@type":"ListItem","@id":"https:\/\/www.eldigitaldeasturias.com\/noticias\/category\/actualidad\/#listItem","position":2,"name":"Actualidad","item":"https:\/\/www.eldigitaldeasturias.com\/noticias\/category\/actualidad\/","nextItem":{"@type":"ListItem","@id":"https:\/\/www.eldigitaldeasturias.com\/noticias\/ted-cruz-celebra-su-victoria-en-iowa\/#listItem","name":"Ted Cruz celebra su victoria en Iowa"},"previousItem":{"@type":"ListItem","@id":"https:\/\/www.eldigitaldeasturias.com\/noticias#listItem","name":"Home"}},{"@type":"ListItem","@id":"https:\/\/www.eldigitaldeasturias.com\/noticias\/ted-cruz-celebra-su-victoria-en-iowa\/#listItem","position":3,"name":"Ted Cruz celebra su victoria en Iowa","previousItem":{"@type":"ListItem","@id":"https:\/\/www.eldigitaldeasturias.com\/noticias\/category\/actualidad\/#listItem","name":"Actualidad"}}]},{"@type":"Organization","@id":"https:\/\/www.eldigitaldeasturias.com\/noticias\/#organization","name":"El Digital de Asturias","description":"Hemeroteca","url":"https:\/\/www.eldigitaldeasturias.com\/noticias\/","email":"info@eldigitaldeasturias.com","telephone":"+34652131393","logo":{"@type":"ImageObject","url":"https:\/\/www.eldigitaldeasturias.com\/noticias\/wp-content\/uploads\/2020\/12\/EDA.jpg","@id":"https:\/\/www.eldigitaldeasturias.com\/noticias\/ted-cruz-celebra-su-victoria-en-iowa\/#organizationLogo","width":649,"height":297},"image":{"@id":"https:\/\/www.eldigitaldeasturias.com\/noticias\/ted-cruz-celebra-su-victoria-en-iowa\/#organizationLogo"},"sameAs":["https:\/\/facebook.com\/eldigitaldeasturias","https:\/\/www.youtube.com\/channel\/UCZP-2wLEB9Rv6erhFmqVnvg"],"address":{"@id":"https:\/\/www.eldigitaldeasturias.com\/noticias\/#postaladdress","@type":"PostalAddress","streetAddress":"san antonio 4,","postalCode":"33430","addressLocality":"Cand\u00e1s","addressRegion":"Asturias","addressCountry":"ES"}},{"@type":"Person","@id":"https:\/\/www.eldigitaldeasturias.com\/noticias\/author\/admin\/#author","url":"https:\/\/www.eldigitaldeasturias.com\/noticias\/author\/admin\/","name":"El Digital de Asturias","image":{"@type":"ImageObject","@id":"https:\/\/www.eldigitaldeasturias.com\/noticias\/ted-cruz-celebra-su-victoria-en-iowa\/#authorImage","url":"https:\/\/www.eldigitaldeasturias.com\/noticias\/wp-content\/litespeed\/avatar\/18677e78aa0546b92d9dbf31ec7d7668.jpg?ver=1776685526","width":96,"height":96,"caption":"El Digital de Asturias"}},{"@type":"WebPage","@id":"https:\/\/www.eldigitaldeasturias.com\/noticias\/ted-cruz-celebra-su-victoria-en-iowa\/#webpage","url":"https:\/\/www.eldigitaldeasturias.com\/noticias\/ted-cruz-celebra-su-victoria-en-iowa\/","name":"Ted Cruz celebra su victoria en Iowa - El Digital de Asturias","description":"El senador estadounidense Ted Cruz, candidato republicano a la Casa Blanca, ha celebrado este lunes su victoria en los 'caucus' del estado de Iowa, donde ha obtenido cerca de un 28 por ciento de los votos, y ha dedicado el triunfo \"a las bases\" del Partido Republicano y a los \"conservadores valientes\". Cruz ha vencido","inLanguage":"es-ES","isPartOf":{"@id":"https:\/\/www.eldigitaldeasturias.com\/noticias\/#website"},"breadcrumb":{"@id":"https:\/\/www.eldigitaldeasturias.com\/noticias\/ted-cruz-celebra-su-victoria-en-iowa\/#breadcrumblist"},"author":{"@id":"https:\/\/www.eldigitaldeasturias.com\/noticias\/author\/admin\/#author"},"creator":{"@id":"https:\/\/www.eldigitaldeasturias.com\/noticias\/author\/admin\/#author"},"image":{"@type":"ImageObject","url":"https:\/\/www.eldigitaldeasturias.com\/noticias\/wp-content\/uploads\/2016\/02\/fotonoticia_20160202101458_800.jpg","@id":"https:\/\/www.eldigitaldeasturias.com\/noticias\/ted-cruz-celebra-su-victoria-en-iowa\/#mainImage","width":800,"height":534},"primaryImageOfPage":{"@id":"https:\/\/www.eldigitaldeasturias.com\/noticias\/ted-cruz-celebra-su-victoria-en-iowa\/#mainImage"},"datePublished":"2016-02-03T00:54:02+01:00","dateModified":"2016-02-03T00:54:02+01:00"},{"@type":"WebSite","@id":"https:\/\/www.eldigitaldeasturias.com\/noticias\/#website","url":"https:\/\/www.eldigitaldeasturias.com\/noticias\/","name":"El Digital de Asturias - Diario de actualidad y noticias","alternateName":"El Digital de Asturias - Diario de actualidad y noticias","description":"Hemeroteca","inLanguage":"es-ES","publisher":{"@id":"https:\/\/www.eldigitaldeasturias.com\/noticias\/#organization"}}]},"og:locale":"es_ES","og:site_name":"El Digital de Asturias","og:type":"article","og:title":"Ted Cruz celebra su victoria en Iowa - El Digital de Asturias","og:description":"El senador estadounidense Ted Cruz, candidato republicano a la Casa Blanca, ha celebrado este lunes su victoria en los 'caucus' del estado de Iowa, donde ha obtenido cerca de un 28 por ciento de los votos, y ha dedicado el triunfo &quot;a las bases&quot; del Partido Republicano y a los &quot;conservadores valientes&quot;. Cruz ha vencido","og:url":"https:\/\/www.eldigitaldeasturias.com\/noticias\/ted-cruz-celebra-su-victoria-en-iowa\/","og:image":"https:\/\/www.eldigitaldeasturias.com\/noticias\/wp-content\/uploads\/2016\/02\/fotonoticia_20160202101458_800.jpg","og:image:secure_url":"https:\/\/www.eldigitaldeasturias.com\/noticias\/wp-content\/uploads\/2016\/02\/fotonoticia_20160202101458_800.jpg","og:image:width":800,"og:image:height":534,"article:tag":["actualidad"],"article:published_time":"2016-02-03T00:54:02+00:00","article:modified_time":"2016-02-03T00:54:02+00:00","article:publisher":"https:\/\/facebook.com\/eldigitaldeasturias","twitter:card":"summary_large_image","twitter:title":"Ted Cruz celebra su victoria en Iowa - El Digital de Asturias","twitter:description":"El senador estadounidense Ted Cruz, candidato republicano a la Casa Blanca, ha celebrado este lunes su victoria en los 'caucus' del estado de Iowa, donde ha obtenido cerca de un 28 por ciento de los votos, y ha dedicado el triunfo &quot;a las bases&quot; del Partido Republicano y a los &quot;conservadores valientes&quot;. Cruz ha vencido","twitter:image":"https:\/\/www.eldigitaldeasturias.com\/noticias\/wp-content\/uploads\/2016\/02\/fotonoticia_20160202101458_800.jpg","twitter:label1":"Escrito por","twitter:data1":"El Digital de Asturias","twitter:label2":"Tiempo de lectura estimado","twitter:data2":"2 minutos"},"aioseo_meta_data":{"post_id":"853277","title":null,"description":null,"keywords":null,"keyphrases":null,"primary_term":null,"canonical_url":null,"og_title":null,"og_description":null,"og_object_type":"default","og_image_type":"default","og_image_url":null,"og_image_width":null,"og_image_height":null,"og_image_custom_url":null,"og_image_custom_fields":null,"og_video":null,"og_custom_url":null,"og_article_section":null,"og_article_tags":null,"twitter_use_og":false,"twitter_card":"default","twitter_image_type":"default","twitter_image_url":null,"twitter_image_custom_url":null,"twitter_image_custom_fields":null,"twitter_title":null,"twitter_description":null,"schema":{"blockGraphs":[],"customGraphs":[],"default":{"data":{"Article":[],"Course":[],"Dataset":[],"FAQPage":[],"Movie":[],"Person":[],"Product":[],"ProductReview":[],"Car":[],"Recipe":[],"Service":[],"SoftwareApplication":[],"WebPage":[]},"graphName":"","isEnabled":true},"graphs":[],"defaultGraph":"","defaultPostTypeGraph":""},"schema_type":null,"schema_type_options":null,"pillar_content":false,"robots_default":true,"robots_noindex":false,"robots_noarchive":false,"robots_nosnippet":false,"robots_nofollow":false,"robots_noimageindex":false,"robots_noodp":false,"robots_notranslate":false,"robots_max_snippet":null,"robots_max_videopreview":null,"robots_max_imagepreview":"large","priority":null,"frequency":null,"local_seo":null,"seo_analyzer_scan_date":"2025-12-09 17:33:08","breadcrumb_settings":null,"limit_modified_date":false,"open_ai":null,"ai":null,"created":"2021-01-22 06:55:35","updated":"2025-12-09 17:33:08"},"aioseo_breadcrumb":"<div class=\"aioseo-breadcrumbs\"><span class=\"aioseo-breadcrumb\">\n\t<a href=\"https:\/\/www.eldigitaldeasturias.com\/noticias\" title=\"Home\">Home<\/a>\n<\/span><span class=\"aioseo-breadcrumb-separator\">\u2013<\/span><span class=\"aioseo-breadcrumb\">\n\t<a href=\"https:\/\/www.eldigitaldeasturias.com\/noticias\/category\/actualidad\/\" title=\"Actualidad\">Actualidad<\/a>\n<\/span><span class=\"aioseo-breadcrumb-separator\">\u2013<\/span><span class=\"aioseo-breadcrumb\">\n\t<a href=\"https:\/\/www.eldigitaldeasturias.com\/noticias\/ted-cruz-celebra-su-victoria-en-iowa\/\" title=\"Ted Cruz celebra su victoria en Iowa\">Ted Cruz celebra su victoria en Iowa<\/a>\n<\/span><\/div>","aioseo_breadcrumb_json":[{"label":"Home","link":"https:\/\/www.eldigitaldeasturias.com\/noticias"},{"label":"Actualidad","link":"https:\/\/www.eldigitaldeasturias.com\/noticias\/category\/actualidad\/"},{"label":"Ted Cruz celebra su victoria en Iowa","link":"https:\/\/www.eldigitaldeasturias.com\/noticias\/ted-cruz-celebra-su-victoria-en-iowa\/"}],"_links":{"self":[{"href":"https:\/\/www.eldigitaldeasturias.com\/noticias\/wp-json\/wp\/v2\/posts\/853277","targetHints":{"allow":["GET"]}}],"collection":[{"href":"https:\/\/www.eldigitaldeasturias.com\/noticias\/wp-json\/wp\/v2\/posts"}],"about":[{"href":"https:\/\/www.eldigitaldeasturias.com\/noticias\/wp-json\/wp\/v2\/types\/post"}],"author":[{"embeddable":true,"href":"https:\/\/www.eldigitaldeasturias.com\/noticias\/wp-json\/wp\/v2\/users\/1"}],"replies":[{"embeddable":true,"href":"https:\/\/www.eldigitaldeasturias.com\/noticias\/wp-json\/wp\/v2\/comments?post=853277"}],"version-history":[{"count":0,"href":"https:\/\/www.eldigitaldeasturias.com\/noticias\/wp-json\/wp\/v2\/posts\/853277\/revisions"}],"wp:featuredmedia":[{"embeddable":true,"href":"https:\/\/www.eldigitaldeasturias.com\/noticias\/wp-json\/wp\/v2\/media\/853278"}],"wp:attachment":[{"href":"https:\/\/www.eldigitaldeasturias.com\/noticias\/wp-json\/wp\/v2\/media?parent=853277"}],"wp:term":[{"taxonomy":"category","embeddable":true,"href":"https:\/\/www.eldigitaldeasturias.com\/noticias\/wp-json\/wp\/v2\/categories?post=853277"},{"taxonomy":"post_tag","embeddable":true,"href":"https:\/\/www.eldigitaldeasturias.com\/noticias\/wp-json\/wp\/v2\/tags?post=853277"}],"curies":[{"name":"wp","href":"https:\/\/api.w.org\/{rel}","templated":true}]}}