{"id":853271,"date":"2016-02-03T00:49:23","date_gmt":"2016-02-03T00:49:23","guid":{"rendered":"http:\/\/www.eldigitaldeasturias.com\/noticias\/?p=853271"},"modified":"2016-02-03T00:49:23","modified_gmt":"2016-02-03T00:49:23","slug":"tusk-presentara-hoy-a-las-capitales-su-propuesta-de-acuerdo-para-revisar-la-relacion-con-reino-unido","status":"publish","type":"post","link":"https:\/\/www.eldigitaldeasturias.com\/noticias\/tusk-presentara-hoy-a-las-capitales-su-propuesta-de-acuerdo-para-revisar-la-relacion-con-reino-unido\/","title":{"rendered":"Tusk presentar\u00e1 hoy a las capitales su propuesta de acuerdo para revisar la relaci\u00f3n con Reino Unido"},"content":{"rendered":"<p><img loading=\"lazy\" decoding=\"async\" class=\"alignleft size-medium wp-image-853272\" src=\"https:\/\/www.eldigitaldeasturias.com\/noticias\/wp-content\/uploads\/2016\/02\/fotonoticia_20160202101353_800-360x262.jpg\" alt=\"fotonoticia_20160202101353_800\" width=\"360\" height=\"262\" srcset=\"https:\/\/www.eldigitaldeasturias.com\/noticias\/wp-content\/uploads\/2016\/02\/fotonoticia_20160202101353_800-360x262.jpg 360w, https:\/\/www.eldigitaldeasturias.com\/noticias\/wp-content\/uploads\/2016\/02\/fotonoticia_20160202101353_800-768x560.jpg 768w, https:\/\/www.eldigitaldeasturias.com\/noticias\/wp-content\/uploads\/2016\/02\/fotonoticia_20160202101353_800-650x474.jpg 650w, https:\/\/www.eldigitaldeasturias.com\/noticias\/wp-content\/uploads\/2016\/02\/fotonoticia_20160202101353_800.jpg 800w\" sizes=\"auto, (max-width: 360px) 100vw, 360px\" \/>El presidente del Consejo Europeo, el polaco Donald Tusk, presentar\u00e1 este martes a las capitales su propuesta de acuerdo para la revisi\u00f3n de las relaciones de Reino Unido con sus socios comunitarios, condici\u00f3n de Londres para defender el &#8216;s\u00ed&#8217; en un refer\u00e9ndum sobre la permanencia en la Uni\u00f3n Europea.<\/p>\n<p>\u00abMa\u00f1ana, sobre mediod\u00eda, presentar\u00e9 una propuesta para un nuevo acuerdo para Reino Unido en la UE\u00bb, anunci\u00f3 Tusk el lunes, a trav\u00e9s de su perfil en una red social.<\/p>\n<p>Tusk decidi\u00f3 esperar un d\u00eda m\u00e1s para hacer circular el borrador de acuerdo, que espera dar a conocer este lunes, tras constatar en una cena el domingo con el primer ministro brit\u00e1nico, David Cameron, que exist\u00edan a\u00fan importantes diferencias.<\/p>\n<p>Los negociadores de ambas partes han dedicado el lunes en Bruselas a tratar de acercar posiciones, antes de perfilar un documento que presentar al resto de Estados miembros.<\/p>\n<p>\u00abBuenos avances en las \u00faltimas 24 horas, aunque a\u00fan quedan asuntos que resolver\u00bb, ha explicado el presidente del Consejo.<\/p>\n<p>El objetivo es que las capitales tengan tiempo para analizar la propuesta y avanzar en las negociaciones a nivel t\u00e9cnico, con el prop\u00f3sito de cerrar el acuerdo en la cumbre de jefes de Estado y de Gobierno de la UE de los d\u00edas 18 y 19 de febrero.<\/p>\n<p>Entre las cuatro exigencias de Londres para defender la permanencia de Reino Unido en la UE en un pr\u00f3ximo refer\u00e9ndum, Cameron reclama el poder para suspender cuatro a\u00f1os determinadas prestaciones sociales a los inmigrantes europeos durante sus primeros cuatro a\u00f1os de trabajo en Reino Unido.<\/p>\n<p>Se trata de una exigencia \u00abinaceptable\u00bb en palabras de los l\u00edderes de varios Estados miembros, para la que se baraja como alternativa un \u00abfreno de emergencia\u00bb que permitir\u00eda a cualquier Estado miembro, Reino Unido en este caso, suspender esas prestaciones sociales, si acredita que su sistema no soporta la presi\u00f3n migratoria.<\/p>\n","protected":false},"excerpt":{"rendered":"<p>El presidente del Consejo Europeo, el polaco Donald Tusk, presentar\u00e1 este martes a las capitales su propuesta de acuerdo para la revisi\u00f3n de las relaciones de Reino Unido con sus socios comunitarios, condici\u00f3n de Londres para defender el &#8216;s\u00ed&#8217; en un refer\u00e9ndum sobre la permanencia en la Uni\u00f3n Europea. \u00abMa\u00f1ana, sobre mediod\u00eda, presentar\u00e9 una propuesta [&hellip;]<\/p>\n","protected":false},"author":1,"featured_media":853272,"comment_status":"closed","ping_status":"closed","sticky":false,"template":"","format":"standard","meta":{"footnotes":""},"categories":[1],"tags":[],"class_list":["post-853271","post","type-post","status-publish","format-standard","has-post-thumbnail","hentry","category-actualidad"],"aioseo_notices":[],"aioseo_head":"\n\t\t<!-- All in One SEO Pro 4.9.6.2 - aioseo.com -->\n\t<meta name=\"description\" content=\"El presidente del Consejo Europeo, el polaco Donald Tusk, presentar\u00e1 este martes a las capitales su propuesta de acuerdo para la revisi\u00f3n de las relaciones de Reino Unido con sus socios comunitarios, condici\u00f3n de Londres para defender el &#039;s\u00ed&#039; en un refer\u00e9ndum sobre la permanencia en la Uni\u00f3n Europea. &quot;Ma\u00f1ana, sobre mediod\u00eda, presentar\u00e9 una propuesta\" \/>\n\t<meta name=\"robots\" content=\"max-image-preview:large\" \/>\n\t<meta name=\"author\" content=\"El Digital de Asturias\"\/>\n\t<meta name=\"google-site-verification\" content=\"UA-38556648-1\" \/>\n\t<meta name=\"msvalidate.01\" content=\"7dfe9f3f1b24437ab69f4f2559babe99\" \/>\n\t<meta name=\"keywords\" content=\"actualidad\" \/>\n\t<link rel=\"canonical\" href=\"https:\/\/www.eldigitaldeasturias.com\/noticias\/tusk-presentara-hoy-a-las-capitales-su-propuesta-de-acuerdo-para-revisar-la-relacion-con-reino-unido\/\" \/>\n\t<meta name=\"generator\" content=\"All in One SEO Pro (AIOSEO) 4.9.6.2\" \/>\n\t\t<meta property=\"og:locale\" content=\"es_ES\" \/>\n\t\t<meta property=\"og:site_name\" content=\"El Digital de Asturias\" \/>\n\t\t<meta property=\"og:type\" content=\"article\" \/>\n\t\t<meta property=\"og:title\" content=\"Tusk presentar\u00e1 hoy a las capitales su propuesta de acuerdo para revisar la relaci\u00f3n con Reino Unido - El Digital de Asturias\" \/>\n\t\t<meta property=\"og:description\" content=\"El presidente del Consejo Europeo, el polaco Donald Tusk, presentar\u00e1 este martes a las capitales su propuesta de acuerdo para la revisi\u00f3n de las relaciones de Reino Unido con sus socios comunitarios, condici\u00f3n de Londres para defender el &#039;s\u00ed&#039; en un refer\u00e9ndum sobre la permanencia en la Uni\u00f3n Europea. &quot;Ma\u00f1ana, sobre mediod\u00eda, presentar\u00e9 una propuesta\" \/>\n\t\t<meta property=\"og:url\" content=\"https:\/\/www.eldigitaldeasturias.com\/noticias\/tusk-presentara-hoy-a-las-capitales-su-propuesta-de-acuerdo-para-revisar-la-relacion-con-reino-unido\/\" \/>\n\t\t<meta property=\"og:image\" content=\"https:\/\/www.eldigitaldeasturias.com\/noticias\/wp-content\/uploads\/2016\/02\/fotonoticia_20160202101353_800.jpg\" \/>\n\t\t<meta property=\"og:image:secure_url\" content=\"https:\/\/www.eldigitaldeasturias.com\/noticias\/wp-content\/uploads\/2016\/02\/fotonoticia_20160202101353_800.jpg\" \/>\n\t\t<meta property=\"og:image:width\" content=\"800\" \/>\n\t\t<meta property=\"og:image:height\" content=\"583\" \/>\n\t\t<meta property=\"article:tag\" content=\"actualidad\" \/>\n\t\t<meta property=\"article:published_time\" content=\"2016-02-03T00:49:23+00:00\" \/>\n\t\t<meta property=\"article:modified_time\" content=\"2016-02-03T00:49:23+00:00\" \/>\n\t\t<meta property=\"article:publisher\" content=\"https:\/\/facebook.com\/eldigitaldeasturias\" \/>\n\t\t<meta name=\"twitter:card\" content=\"summary_large_image\" \/>\n\t\t<meta name=\"twitter:title\" content=\"Tusk presentar\u00e1 hoy a las capitales su propuesta de acuerdo para revisar la relaci\u00f3n con Reino Unido - El Digital de Asturias\" \/>\n\t\t<meta name=\"twitter:description\" content=\"El presidente del Consejo Europeo, el polaco Donald Tusk, presentar\u00e1 este martes a las capitales su propuesta de acuerdo para la revisi\u00f3n de las relaciones de Reino Unido con sus socios comunitarios, condici\u00f3n de Londres para defender el &#039;s\u00ed&#039; en un refer\u00e9ndum sobre la permanencia en la Uni\u00f3n Europea. &quot;Ma\u00f1ana, sobre mediod\u00eda, presentar\u00e9 una propuesta\" \/>\n\t\t<meta name=\"twitter:image\" content=\"https:\/\/www.eldigitaldeasturias.com\/noticias\/wp-content\/uploads\/2016\/02\/fotonoticia_20160202101353_800.jpg\" \/>\n\t\t<meta name=\"twitter:label1\" content=\"Escrito por\" \/>\n\t\t<meta name=\"twitter:data1\" content=\"El Digital de Asturias\" \/>\n\t\t<meta name=\"twitter:label2\" content=\"Tiempo de lectura estimado\" \/>\n\t\t<meta name=\"twitter:data2\" content=\"2 minutos\" \/>\n\t\t<script type=\"application\/ld+json\" class=\"aioseo-schema\">\n\t\t\t{\"@context\":\"https:\\\/\\\/schema.org\",\"@graph\":[{\"@type\":\"BlogPosting\",\"@id\":\"https:\\\/\\\/www.eldigitaldeasturias.com\\\/noticias\\\/tusk-presentara-hoy-a-las-capitales-su-propuesta-de-acuerdo-para-revisar-la-relacion-con-reino-unido\\\/#blogposting\",\"name\":\"Tusk presentar\\u00e1 hoy a las capitales su propuesta de acuerdo para revisar la relaci\\u00f3n con Reino Unido - El Digital de Asturias\",\"headline\":\"Tusk presentar\\u00e1 hoy a las capitales su propuesta de acuerdo para revisar la relaci\\u00f3n con Reino Unido\",\"author\":{\"@id\":\"https:\\\/\\\/www.eldigitaldeasturias.com\\\/noticias\\\/author\\\/admin\\\/#author\"},\"publisher\":{\"@id\":\"https:\\\/\\\/www.eldigitaldeasturias.com\\\/noticias\\\/#organization\"},\"image\":{\"@type\":\"ImageObject\",\"url\":\"https:\\\/\\\/www.eldigitaldeasturias.com\\\/noticias\\\/wp-content\\\/uploads\\\/2016\\\/02\\\/fotonoticia_20160202101353_800.jpg\",\"width\":800,\"height\":583},\"datePublished\":\"2016-02-03T00:49:23+01:00\",\"dateModified\":\"2016-02-03T00:49:23+01:00\",\"inLanguage\":\"es-ES\",\"mainEntityOfPage\":{\"@id\":\"https:\\\/\\\/www.eldigitaldeasturias.com\\\/noticias\\\/tusk-presentara-hoy-a-las-capitales-su-propuesta-de-acuerdo-para-revisar-la-relacion-con-reino-unido\\\/#webpage\"},\"isPartOf\":{\"@id\":\"https:\\\/\\\/www.eldigitaldeasturias.com\\\/noticias\\\/tusk-presentara-hoy-a-las-capitales-su-propuesta-de-acuerdo-para-revisar-la-relacion-con-reino-unido\\\/#webpage\"},\"articleSection\":\"Actualidad\"},{\"@type\":\"BreadcrumbList\",\"@id\":\"https:\\\/\\\/www.eldigitaldeasturias.com\\\/noticias\\\/tusk-presentara-hoy-a-las-capitales-su-propuesta-de-acuerdo-para-revisar-la-relacion-con-reino-unido\\\/#breadcrumblist\",\"itemListElement\":[{\"@type\":\"ListItem\",\"@id\":\"https:\\\/\\\/www.eldigitaldeasturias.com\\\/noticias#listItem\",\"position\":1,\"name\":\"Home\",\"item\":\"https:\\\/\\\/www.eldigitaldeasturias.com\\\/noticias\",\"nextItem\":{\"@type\":\"ListItem\",\"@id\":\"https:\\\/\\\/www.eldigitaldeasturias.com\\\/noticias\\\/category\\\/actualidad\\\/#listItem\",\"name\":\"Actualidad\"}},{\"@type\":\"ListItem\",\"@id\":\"https:\\\/\\\/www.eldigitaldeasturias.com\\\/noticias\\\/category\\\/actualidad\\\/#listItem\",\"position\":2,\"name\":\"Actualidad\",\"item\":\"https:\\\/\\\/www.eldigitaldeasturias.com\\\/noticias\\\/category\\\/actualidad\\\/\",\"nextItem\":{\"@type\":\"ListItem\",\"@id\":\"https:\\\/\\\/www.eldigitaldeasturias.com\\\/noticias\\\/tusk-presentara-hoy-a-las-capitales-su-propuesta-de-acuerdo-para-revisar-la-relacion-con-reino-unido\\\/#listItem\",\"name\":\"Tusk presentar\\u00e1 hoy a las capitales su propuesta de acuerdo para revisar la relaci\\u00f3n con Reino Unido\"},\"previousItem\":{\"@type\":\"ListItem\",\"@id\":\"https:\\\/\\\/www.eldigitaldeasturias.com\\\/noticias#listItem\",\"name\":\"Home\"}},{\"@type\":\"ListItem\",\"@id\":\"https:\\\/\\\/www.eldigitaldeasturias.com\\\/noticias\\\/tusk-presentara-hoy-a-las-capitales-su-propuesta-de-acuerdo-para-revisar-la-relacion-con-reino-unido\\\/#listItem\",\"position\":3,\"name\":\"Tusk presentar\\u00e1 hoy a las capitales su propuesta de acuerdo para revisar la relaci\\u00f3n con Reino Unido\",\"previousItem\":{\"@type\":\"ListItem\",\"@id\":\"https:\\\/\\\/www.eldigitaldeasturias.com\\\/noticias\\\/category\\\/actualidad\\\/#listItem\",\"name\":\"Actualidad\"}}]},{\"@type\":\"Organization\",\"@id\":\"https:\\\/\\\/www.eldigitaldeasturias.com\\\/noticias\\\/#organization\",\"name\":\"El Digital de Asturias\",\"description\":\"Hemeroteca\",\"url\":\"https:\\\/\\\/www.eldigitaldeasturias.com\\\/noticias\\\/\",\"email\":\"info@eldigitaldeasturias.com\",\"telephone\":\"+34652131393\",\"logo\":{\"@type\":\"ImageObject\",\"url\":\"https:\\\/\\\/www.eldigitaldeasturias.com\\\/noticias\\\/wp-content\\\/uploads\\\/2020\\\/12\\\/EDA.jpg\",\"@id\":\"https:\\\/\\\/www.eldigitaldeasturias.com\\\/noticias\\\/tusk-presentara-hoy-a-las-capitales-su-propuesta-de-acuerdo-para-revisar-la-relacion-con-reino-unido\\\/#organizationLogo\",\"width\":649,\"height\":297},\"image\":{\"@id\":\"https:\\\/\\\/www.eldigitaldeasturias.com\\\/noticias\\\/tusk-presentara-hoy-a-las-capitales-su-propuesta-de-acuerdo-para-revisar-la-relacion-con-reino-unido\\\/#organizationLogo\"},\"sameAs\":[\"https:\\\/\\\/facebook.com\\\/eldigitaldeasturias\",\"https:\\\/\\\/www.youtube.com\\\/channel\\\/UCZP-2wLEB9Rv6erhFmqVnvg\"],\"address\":{\"@id\":\"https:\\\/\\\/www.eldigitaldeasturias.com\\\/noticias\\\/#postaladdress\",\"@type\":\"PostalAddress\",\"streetAddress\":\"san antonio 4,\",\"postalCode\":\"33430\",\"addressLocality\":\"Cand\\u00e1s\",\"addressRegion\":\"Asturias\",\"addressCountry\":\"ES\"}},{\"@type\":\"Person\",\"@id\":\"https:\\\/\\\/www.eldigitaldeasturias.com\\\/noticias\\\/author\\\/admin\\\/#author\",\"url\":\"https:\\\/\\\/www.eldigitaldeasturias.com\\\/noticias\\\/author\\\/admin\\\/\",\"name\":\"El Digital de Asturias\",\"image\":{\"@type\":\"ImageObject\",\"@id\":\"https:\\\/\\\/www.eldigitaldeasturias.com\\\/noticias\\\/tusk-presentara-hoy-a-las-capitales-su-propuesta-de-acuerdo-para-revisar-la-relacion-con-reino-unido\\\/#authorImage\",\"url\":\"https:\\\/\\\/www.eldigitaldeasturias.com\\\/noticias\\\/wp-content\\\/litespeed\\\/avatar\\\/18677e78aa0546b92d9dbf31ec7d7668.jpg?ver=1776685526\",\"width\":96,\"height\":96,\"caption\":\"El Digital de Asturias\"}},{\"@type\":\"WebPage\",\"@id\":\"https:\\\/\\\/www.eldigitaldeasturias.com\\\/noticias\\\/tusk-presentara-hoy-a-las-capitales-su-propuesta-de-acuerdo-para-revisar-la-relacion-con-reino-unido\\\/#webpage\",\"url\":\"https:\\\/\\\/www.eldigitaldeasturias.com\\\/noticias\\\/tusk-presentara-hoy-a-las-capitales-su-propuesta-de-acuerdo-para-revisar-la-relacion-con-reino-unido\\\/\",\"name\":\"Tusk presentar\\u00e1 hoy a las capitales su propuesta de acuerdo para revisar la relaci\\u00f3n con Reino Unido - El Digital de Asturias\",\"description\":\"El presidente del Consejo Europeo, el polaco Donald Tusk, presentar\\u00e1 este martes a las capitales su propuesta de acuerdo para la revisi\\u00f3n de las relaciones de Reino Unido con sus socios comunitarios, condici\\u00f3n de Londres para defender el 's\\u00ed' en un refer\\u00e9ndum sobre la permanencia en la Uni\\u00f3n Europea. \\\"Ma\\u00f1ana, sobre mediod\\u00eda, presentar\\u00e9 una propuesta\",\"inLanguage\":\"es-ES\",\"isPartOf\":{\"@id\":\"https:\\\/\\\/www.eldigitaldeasturias.com\\\/noticias\\\/#website\"},\"breadcrumb\":{\"@id\":\"https:\\\/\\\/www.eldigitaldeasturias.com\\\/noticias\\\/tusk-presentara-hoy-a-las-capitales-su-propuesta-de-acuerdo-para-revisar-la-relacion-con-reino-unido\\\/#breadcrumblist\"},\"author\":{\"@id\":\"https:\\\/\\\/www.eldigitaldeasturias.com\\\/noticias\\\/author\\\/admin\\\/#author\"},\"creator\":{\"@id\":\"https:\\\/\\\/www.eldigitaldeasturias.com\\\/noticias\\\/author\\\/admin\\\/#author\"},\"image\":{\"@type\":\"ImageObject\",\"url\":\"https:\\\/\\\/www.eldigitaldeasturias.com\\\/noticias\\\/wp-content\\\/uploads\\\/2016\\\/02\\\/fotonoticia_20160202101353_800.jpg\",\"@id\":\"https:\\\/\\\/www.eldigitaldeasturias.com\\\/noticias\\\/tusk-presentara-hoy-a-las-capitales-su-propuesta-de-acuerdo-para-revisar-la-relacion-con-reino-unido\\\/#mainImage\",\"width\":800,\"height\":583},\"primaryImageOfPage\":{\"@id\":\"https:\\\/\\\/www.eldigitaldeasturias.com\\\/noticias\\\/tusk-presentara-hoy-a-las-capitales-su-propuesta-de-acuerdo-para-revisar-la-relacion-con-reino-unido\\\/#mainImage\"},\"datePublished\":\"2016-02-03T00:49:23+01:00\",\"dateModified\":\"2016-02-03T00:49:23+01:00\"},{\"@type\":\"WebSite\",\"@id\":\"https:\\\/\\\/www.eldigitaldeasturias.com\\\/noticias\\\/#website\",\"url\":\"https:\\\/\\\/www.eldigitaldeasturias.com\\\/noticias\\\/\",\"name\":\"El Digital de Asturias - Diario de actualidad y noticias\",\"alternateName\":\"El Digital de Asturias - Diario de actualidad y noticias\",\"description\":\"Hemeroteca\",\"inLanguage\":\"es-ES\",\"publisher\":{\"@id\":\"https:\\\/\\\/www.eldigitaldeasturias.com\\\/noticias\\\/#organization\"}}]}\n\t\t<\/script>\n\t\t<!-- All in One SEO Pro -->\r\n\t\t<title>Tusk presentar\u00e1 hoy a las capitales su propuesta de acuerdo para revisar la relaci\u00f3n con Reino Unido - El Digital de Asturias<\/title>\n\n","aioseo_head_json":{"title":"Tusk presentar\u00e1 hoy a las capitales su propuesta de acuerdo para revisar la relaci\u00f3n con Reino Unido - El Digital de Asturias","description":"El presidente del Consejo Europeo, el polaco Donald Tusk, presentar\u00e1 este martes a las capitales su propuesta de acuerdo para la revisi\u00f3n de las relaciones de Reino Unido con sus socios comunitarios, condici\u00f3n de Londres para defender el 's\u00ed' en un refer\u00e9ndum sobre la permanencia en la Uni\u00f3n Europea. \"Ma\u00f1ana, sobre mediod\u00eda, presentar\u00e9 una propuesta","canonical_url":"https:\/\/www.eldigitaldeasturias.com\/noticias\/tusk-presentara-hoy-a-las-capitales-su-propuesta-de-acuerdo-para-revisar-la-relacion-con-reino-unido\/","robots":"max-image-preview:large","keywords":"actualidad","webmasterTools":{"google-site-verification":"UA-38556648-1","msvalidate.01":"7dfe9f3f1b24437ab69f4f2559babe99","miscellaneous":""},"schema":{"@context":"https:\/\/schema.org","@graph":[{"@type":"BlogPosting","@id":"https:\/\/www.eldigitaldeasturias.com\/noticias\/tusk-presentara-hoy-a-las-capitales-su-propuesta-de-acuerdo-para-revisar-la-relacion-con-reino-unido\/#blogposting","name":"Tusk presentar\u00e1 hoy a las capitales su propuesta de acuerdo para revisar la relaci\u00f3n con Reino Unido - El Digital de Asturias","headline":"Tusk presentar\u00e1 hoy a las capitales su propuesta de acuerdo para revisar la relaci\u00f3n con Reino Unido","author":{"@id":"https:\/\/www.eldigitaldeasturias.com\/noticias\/author\/admin\/#author"},"publisher":{"@id":"https:\/\/www.eldigitaldeasturias.com\/noticias\/#organization"},"image":{"@type":"ImageObject","url":"https:\/\/www.eldigitaldeasturias.com\/noticias\/wp-content\/uploads\/2016\/02\/fotonoticia_20160202101353_800.jpg","width":800,"height":583},"datePublished":"2016-02-03T00:49:23+01:00","dateModified":"2016-02-03T00:49:23+01:00","inLanguage":"es-ES","mainEntityOfPage":{"@id":"https:\/\/www.eldigitaldeasturias.com\/noticias\/tusk-presentara-hoy-a-las-capitales-su-propuesta-de-acuerdo-para-revisar-la-relacion-con-reino-unido\/#webpage"},"isPartOf":{"@id":"https:\/\/www.eldigitaldeasturias.com\/noticias\/tusk-presentara-hoy-a-las-capitales-su-propuesta-de-acuerdo-para-revisar-la-relacion-con-reino-unido\/#webpage"},"articleSection":"Actualidad"},{"@type":"BreadcrumbList","@id":"https:\/\/www.eldigitaldeasturias.com\/noticias\/tusk-presentara-hoy-a-las-capitales-su-propuesta-de-acuerdo-para-revisar-la-relacion-con-reino-unido\/#breadcrumblist","itemListElement":[{"@type":"ListItem","@id":"https:\/\/www.eldigitaldeasturias.com\/noticias#listItem","position":1,"name":"Home","item":"https:\/\/www.eldigitaldeasturias.com\/noticias","nextItem":{"@type":"ListItem","@id":"https:\/\/www.eldigitaldeasturias.com\/noticias\/category\/actualidad\/#listItem","name":"Actualidad"}},{"@type":"ListItem","@id":"https:\/\/www.eldigitaldeasturias.com\/noticias\/category\/actualidad\/#listItem","position":2,"name":"Actualidad","item":"https:\/\/www.eldigitaldeasturias.com\/noticias\/category\/actualidad\/","nextItem":{"@type":"ListItem","@id":"https:\/\/www.eldigitaldeasturias.com\/noticias\/tusk-presentara-hoy-a-las-capitales-su-propuesta-de-acuerdo-para-revisar-la-relacion-con-reino-unido\/#listItem","name":"Tusk presentar\u00e1 hoy a las capitales su propuesta de acuerdo para revisar la relaci\u00f3n con Reino Unido"},"previousItem":{"@type":"ListItem","@id":"https:\/\/www.eldigitaldeasturias.com\/noticias#listItem","name":"Home"}},{"@type":"ListItem","@id":"https:\/\/www.eldigitaldeasturias.com\/noticias\/tusk-presentara-hoy-a-las-capitales-su-propuesta-de-acuerdo-para-revisar-la-relacion-con-reino-unido\/#listItem","position":3,"name":"Tusk presentar\u00e1 hoy a las capitales su propuesta de acuerdo para revisar la relaci\u00f3n con Reino Unido","previousItem":{"@type":"ListItem","@id":"https:\/\/www.eldigitaldeasturias.com\/noticias\/category\/actualidad\/#listItem","name":"Actualidad"}}]},{"@type":"Organization","@id":"https:\/\/www.eldigitaldeasturias.com\/noticias\/#organization","name":"El Digital de Asturias","description":"Hemeroteca","url":"https:\/\/www.eldigitaldeasturias.com\/noticias\/","email":"info@eldigitaldeasturias.com","telephone":"+34652131393","logo":{"@type":"ImageObject","url":"https:\/\/www.eldigitaldeasturias.com\/noticias\/wp-content\/uploads\/2020\/12\/EDA.jpg","@id":"https:\/\/www.eldigitaldeasturias.com\/noticias\/tusk-presentara-hoy-a-las-capitales-su-propuesta-de-acuerdo-para-revisar-la-relacion-con-reino-unido\/#organizationLogo","width":649,"height":297},"image":{"@id":"https:\/\/www.eldigitaldeasturias.com\/noticias\/tusk-presentara-hoy-a-las-capitales-su-propuesta-de-acuerdo-para-revisar-la-relacion-con-reino-unido\/#organizationLogo"},"sameAs":["https:\/\/facebook.com\/eldigitaldeasturias","https:\/\/www.youtube.com\/channel\/UCZP-2wLEB9Rv6erhFmqVnvg"],"address":{"@id":"https:\/\/www.eldigitaldeasturias.com\/noticias\/#postaladdress","@type":"PostalAddress","streetAddress":"san antonio 4,","postalCode":"33430","addressLocality":"Cand\u00e1s","addressRegion":"Asturias","addressCountry":"ES"}},{"@type":"Person","@id":"https:\/\/www.eldigitaldeasturias.com\/noticias\/author\/admin\/#author","url":"https:\/\/www.eldigitaldeasturias.com\/noticias\/author\/admin\/","name":"El Digital de Asturias","image":{"@type":"ImageObject","@id":"https:\/\/www.eldigitaldeasturias.com\/noticias\/tusk-presentara-hoy-a-las-capitales-su-propuesta-de-acuerdo-para-revisar-la-relacion-con-reino-unido\/#authorImage","url":"https:\/\/www.eldigitaldeasturias.com\/noticias\/wp-content\/litespeed\/avatar\/18677e78aa0546b92d9dbf31ec7d7668.jpg?ver=1776685526","width":96,"height":96,"caption":"El Digital de Asturias"}},{"@type":"WebPage","@id":"https:\/\/www.eldigitaldeasturias.com\/noticias\/tusk-presentara-hoy-a-las-capitales-su-propuesta-de-acuerdo-para-revisar-la-relacion-con-reino-unido\/#webpage","url":"https:\/\/www.eldigitaldeasturias.com\/noticias\/tusk-presentara-hoy-a-las-capitales-su-propuesta-de-acuerdo-para-revisar-la-relacion-con-reino-unido\/","name":"Tusk presentar\u00e1 hoy a las capitales su propuesta de acuerdo para revisar la relaci\u00f3n con Reino Unido - El Digital de Asturias","description":"El presidente del Consejo Europeo, el polaco Donald Tusk, presentar\u00e1 este martes a las capitales su propuesta de acuerdo para la revisi\u00f3n de las relaciones de Reino Unido con sus socios comunitarios, condici\u00f3n de Londres para defender el 's\u00ed' en un refer\u00e9ndum sobre la permanencia en la Uni\u00f3n Europea. \"Ma\u00f1ana, sobre mediod\u00eda, presentar\u00e9 una propuesta","inLanguage":"es-ES","isPartOf":{"@id":"https:\/\/www.eldigitaldeasturias.com\/noticias\/#website"},"breadcrumb":{"@id":"https:\/\/www.eldigitaldeasturias.com\/noticias\/tusk-presentara-hoy-a-las-capitales-su-propuesta-de-acuerdo-para-revisar-la-relacion-con-reino-unido\/#breadcrumblist"},"author":{"@id":"https:\/\/www.eldigitaldeasturias.com\/noticias\/author\/admin\/#author"},"creator":{"@id":"https:\/\/www.eldigitaldeasturias.com\/noticias\/author\/admin\/#author"},"image":{"@type":"ImageObject","url":"https:\/\/www.eldigitaldeasturias.com\/noticias\/wp-content\/uploads\/2016\/02\/fotonoticia_20160202101353_800.jpg","@id":"https:\/\/www.eldigitaldeasturias.com\/noticias\/tusk-presentara-hoy-a-las-capitales-su-propuesta-de-acuerdo-para-revisar-la-relacion-con-reino-unido\/#mainImage","width":800,"height":583},"primaryImageOfPage":{"@id":"https:\/\/www.eldigitaldeasturias.com\/noticias\/tusk-presentara-hoy-a-las-capitales-su-propuesta-de-acuerdo-para-revisar-la-relacion-con-reino-unido\/#mainImage"},"datePublished":"2016-02-03T00:49:23+01:00","dateModified":"2016-02-03T00:49:23+01:00"},{"@type":"WebSite","@id":"https:\/\/www.eldigitaldeasturias.com\/noticias\/#website","url":"https:\/\/www.eldigitaldeasturias.com\/noticias\/","name":"El Digital de Asturias - Diario de actualidad y noticias","alternateName":"El Digital de Asturias - Diario de actualidad y noticias","description":"Hemeroteca","inLanguage":"es-ES","publisher":{"@id":"https:\/\/www.eldigitaldeasturias.com\/noticias\/#organization"}}]},"og:locale":"es_ES","og:site_name":"El Digital de Asturias","og:type":"article","og:title":"Tusk presentar\u00e1 hoy a las capitales su propuesta de acuerdo para revisar la relaci\u00f3n con Reino Unido - El Digital de Asturias","og:description":"El presidente del Consejo Europeo, el polaco Donald Tusk, presentar\u00e1 este martes a las capitales su propuesta de acuerdo para la revisi\u00f3n de las relaciones de Reino Unido con sus socios comunitarios, condici\u00f3n de Londres para defender el 's\u00ed' en un refer\u00e9ndum sobre la permanencia en la Uni\u00f3n Europea. &quot;Ma\u00f1ana, sobre mediod\u00eda, presentar\u00e9 una propuesta","og:url":"https:\/\/www.eldigitaldeasturias.com\/noticias\/tusk-presentara-hoy-a-las-capitales-su-propuesta-de-acuerdo-para-revisar-la-relacion-con-reino-unido\/","og:image":"https:\/\/www.eldigitaldeasturias.com\/noticias\/wp-content\/uploads\/2016\/02\/fotonoticia_20160202101353_800.jpg","og:image:secure_url":"https:\/\/www.eldigitaldeasturias.com\/noticias\/wp-content\/uploads\/2016\/02\/fotonoticia_20160202101353_800.jpg","og:image:width":800,"og:image:height":583,"article:tag":["actualidad"],"article:published_time":"2016-02-03T00:49:23+00:00","article:modified_time":"2016-02-03T00:49:23+00:00","article:publisher":"https:\/\/facebook.com\/eldigitaldeasturias","twitter:card":"summary_large_image","twitter:title":"Tusk presentar\u00e1 hoy a las capitales su propuesta de acuerdo para revisar la relaci\u00f3n con Reino Unido - El Digital de Asturias","twitter:description":"El presidente del Consejo Europeo, el polaco Donald Tusk, presentar\u00e1 este martes a las capitales su propuesta de acuerdo para la revisi\u00f3n de las relaciones de Reino Unido con sus socios comunitarios, condici\u00f3n de Londres para defender el 's\u00ed' en un refer\u00e9ndum sobre la permanencia en la Uni\u00f3n Europea. &quot;Ma\u00f1ana, sobre mediod\u00eda, presentar\u00e9 una propuesta","twitter:image":"https:\/\/www.eldigitaldeasturias.com\/noticias\/wp-content\/uploads\/2016\/02\/fotonoticia_20160202101353_800.jpg","twitter:label1":"Escrito por","twitter:data1":"El Digital de Asturias","twitter:label2":"Tiempo de lectura estimado","twitter:data2":"2 minutos"},"aioseo_meta_data":{"post_id":"853271","title":null,"description":null,"keywords":null,"keyphrases":null,"primary_term":null,"canonical_url":null,"og_title":null,"og_description":null,"og_object_type":"default","og_image_type":"default","og_image_url":null,"og_image_width":null,"og_image_height":null,"og_image_custom_url":null,"og_image_custom_fields":null,"og_video":null,"og_custom_url":null,"og_article_section":null,"og_article_tags":null,"twitter_use_og":false,"twitter_card":"default","twitter_image_type":"default","twitter_image_url":null,"twitter_image_custom_url":null,"twitter_image_custom_fields":null,"twitter_title":null,"twitter_description":null,"schema":{"blockGraphs":[],"customGraphs":[],"default":{"data":{"Article":[],"Course":[],"Dataset":[],"FAQPage":[],"Movie":[],"Person":[],"Product":[],"ProductReview":[],"Car":[],"Recipe":[],"Service":[],"SoftwareApplication":[],"WebPage":[]},"graphName":"","isEnabled":true},"graphs":[],"defaultGraph":"","defaultPostTypeGraph":""},"schema_type":null,"schema_type_options":null,"pillar_content":false,"robots_default":true,"robots_noindex":false,"robots_noarchive":false,"robots_nosnippet":false,"robots_nofollow":false,"robots_noimageindex":false,"robots_noodp":false,"robots_notranslate":false,"robots_max_snippet":null,"robots_max_videopreview":null,"robots_max_imagepreview":"large","priority":null,"frequency":null,"local_seo":null,"seo_analyzer_scan_date":"2025-12-09 17:30:22","breadcrumb_settings":null,"limit_modified_date":false,"open_ai":null,"ai":null,"created":"2021-01-22 17:24:01","updated":"2025-12-09 17:30:22"},"aioseo_breadcrumb":"<div class=\"aioseo-breadcrumbs\"><span class=\"aioseo-breadcrumb\">\n\t<a href=\"https:\/\/www.eldigitaldeasturias.com\/noticias\" title=\"Home\">Home<\/a>\n<\/span><span class=\"aioseo-breadcrumb-separator\">\u2013<\/span><span class=\"aioseo-breadcrumb\">\n\t<a href=\"https:\/\/www.eldigitaldeasturias.com\/noticias\/category\/actualidad\/\" title=\"Actualidad\">Actualidad<\/a>\n<\/span><span class=\"aioseo-breadcrumb-separator\">\u2013<\/span><span class=\"aioseo-breadcrumb\">\n\t<a href=\"https:\/\/www.eldigitaldeasturias.com\/noticias\/tusk-presentara-hoy-a-las-capitales-su-propuesta-de-acuerdo-para-revisar-la-relacion-con-reino-unido\/\" title=\"Tusk presentar\u00e1 hoy a las capitales su propuesta de acuerdo para revisar la relaci\u00f3n con Reino Unido\">Tusk presentar\u00e1 hoy a las capitales su propuesta de acuerdo para revisar la relaci\u00f3n con Reino Unido<\/a>\n<\/span><\/div>","aioseo_breadcrumb_json":[{"label":"Home","link":"https:\/\/www.eldigitaldeasturias.com\/noticias"},{"label":"Actualidad","link":"https:\/\/www.eldigitaldeasturias.com\/noticias\/category\/actualidad\/"},{"label":"Tusk presentar\u00e1 hoy a las capitales su propuesta de acuerdo para revisar la relaci\u00f3n con Reino Unido","link":"https:\/\/www.eldigitaldeasturias.com\/noticias\/tusk-presentara-hoy-a-las-capitales-su-propuesta-de-acuerdo-para-revisar-la-relacion-con-reino-unido\/"}],"_links":{"self":[{"href":"https:\/\/www.eldigitaldeasturias.com\/noticias\/wp-json\/wp\/v2\/posts\/853271","targetHints":{"allow":["GET"]}}],"collection":[{"href":"https:\/\/www.eldigitaldeasturias.com\/noticias\/wp-json\/wp\/v2\/posts"}],"about":[{"href":"https:\/\/www.eldigitaldeasturias.com\/noticias\/wp-json\/wp\/v2\/types\/post"}],"author":[{"embeddable":true,"href":"https:\/\/www.eldigitaldeasturias.com\/noticias\/wp-json\/wp\/v2\/users\/1"}],"replies":[{"embeddable":true,"href":"https:\/\/www.eldigitaldeasturias.com\/noticias\/wp-json\/wp\/v2\/comments?post=853271"}],"version-history":[{"count":0,"href":"https:\/\/www.eldigitaldeasturias.com\/noticias\/wp-json\/wp\/v2\/posts\/853271\/revisions"}],"wp:featuredmedia":[{"embeddable":true,"href":"https:\/\/www.eldigitaldeasturias.com\/noticias\/wp-json\/wp\/v2\/media\/853272"}],"wp:attachment":[{"href":"https:\/\/www.eldigitaldeasturias.com\/noticias\/wp-json\/wp\/v2\/media?parent=853271"}],"wp:term":[{"taxonomy":"category","embeddable":true,"href":"https:\/\/www.eldigitaldeasturias.com\/noticias\/wp-json\/wp\/v2\/categories?post=853271"},{"taxonomy":"post_tag","embeddable":true,"href":"https:\/\/www.eldigitaldeasturias.com\/noticias\/wp-json\/wp\/v2\/tags?post=853271"}],"curies":[{"name":"wp","href":"https:\/\/api.w.org\/{rel}","templated":true}]}}