{"id":853265,"date":"2016-02-03T00:46:49","date_gmt":"2016-02-03T00:46:49","guid":{"rendered":"http:\/\/www.eldigitaldeasturias.com\/noticias\/?p=853265"},"modified":"2016-02-03T00:46:49","modified_gmt":"2016-02-03T00:46:49","slug":"marco-rubio-se-consolida-como-potencial-candidato-de-consenso","status":"publish","type":"post","link":"https:\/\/www.eldigitaldeasturias.com\/noticias\/marco-rubio-se-consolida-como-potencial-candidato-de-consenso\/","title":{"rendered":"Marco Rubio se consolida como potencial candidato de consenso"},"content":{"rendered":"<p><img loading=\"lazy\" decoding=\"async\" class=\"alignleft size-medium wp-image-853266\" src=\"https:\/\/www.eldigitaldeasturias.com\/noticias\/wp-content\/uploads\/2016\/02\/fotonoticia_20160202101234_800-360x258.jpg\" alt=\"fotonoticia_20160202101234_800\" width=\"360\" height=\"258\" srcset=\"https:\/\/www.eldigitaldeasturias.com\/noticias\/wp-content\/uploads\/2016\/02\/fotonoticia_20160202101234_800-360x258.jpg 360w, https:\/\/www.eldigitaldeasturias.com\/noticias\/wp-content\/uploads\/2016\/02\/fotonoticia_20160202101234_800-768x551.jpg 768w, https:\/\/www.eldigitaldeasturias.com\/noticias\/wp-content\/uploads\/2016\/02\/fotonoticia_20160202101234_800-650x466.jpg 650w, https:\/\/www.eldigitaldeasturias.com\/noticias\/wp-content\/uploads\/2016\/02\/fotonoticia_20160202101234_800.jpg 800w\" sizes=\"auto, (max-width: 360px) 100vw, 360px\" \/>El senador estadounidense Marco Rubio ha obtenido en los &#8216;caucus&#8217; del Partido Republicano en Iowa un meritorio tercer puesto que le sit\u00faa como el potencial candidato de consenso frente a la radicalidad de Ted Cruz y Donald Trump, primero y segundo &#8211;respectivamente&#8211; en las votaciones de este lunes.<\/p>\n<p>Cruz y Trump han presumido de ser ajenos al &#8216;establishment&#8217; republicano, lo que deja hueco para otros aspirantes que quieran aglutinar a los votantes m\u00e1s reacios a los experimentos pol\u00edticos. Jeb Bush, Chris Christie o John Kasich esperaban sacar partido de este nicho, pero finalmente ha sido Rubio quien mejor ha sabido aprovecharlo.<\/p>\n<p>El senador por Florida ha obtenido m\u00e1s del 23 por ciento de los apoyos en los &#8216;caucus&#8217; de Iowa, con los que el Partido Republicano estrena su reparto de delegados para la convenci\u00f3n nacional que deber\u00e1 elegir qui\u00e9n ser\u00e1 el candidato a la Casa Blanca en las elecciones de noviembre. Rubio ha llegado a superar a algunos de sus rivales en los principales n\u00facleos urbanos.<\/p>\n<p>En n\u00famero de delegados, el joven legislador pr\u00e1cticamente empata con Cruz y Trump, que obtuvieron un 27,7 y un 24,3 por ciento de apoyos, respectivamente. El cirujano Ben Carson figura en cuarta posici\u00f3n, aunque alejado del tr\u00edo de cabeza.<\/p>\n<p>Los analistas han coincidido en se\u00f1alar que la del lunes ha sido la noche de Cruz, por su victoria, y de Rubio, por lo que su tercer puesto representa. Adem\u00e1s, el joven senador parece ir ganando adeptos, como lo demuestra el hecho de que un 30 por ciento de los simpatizantes republicanos decidi\u00f3 apoyarlo en los \u00faltimos d\u00edas, seg\u00fan CNN.<\/p>\n<p>\u00abTenemos una carrera de tres\u00bb, ha destacado un antiguo director pol\u00edtico en Iowa del Partido Republicano, Craig Robinson, en declaraciones a la agencia Reuters. Un asesor de la formaci\u00f3n, Douglas Gross, ha descrito ya a Rubio como \u00abel candidato de consenso para el &#8216;establishment'\u00bb.<\/p>\n<p>SATISFACCI\u00d3N<\/p>\n<p>La doble lectura de los resultados tambi\u00e9n se ha hecho evidente entre los miembros del equipo de Rubio y en el propio candidato, que en su primera comparecencia tras conocer los resultados no ha podido ocultar gestos de satisfacci\u00f3n.<\/p>\n<p>\u00abMe dijeron que no tendr\u00eda opciones porque no ten\u00eda las suficientes canas y mis botas no eran lo suficientemente altas. No es momento para esperar\u00bb, ha celebrado Rubio ante una salta abarrotada de un hotel de Des Moines. \u00abMe dijeron que ten\u00eda que esperar mi turno\u00bb, ha apostillado.<\/p>\n","protected":false},"excerpt":{"rendered":"<p>El senador estadounidense Marco Rubio ha obtenido en los &#8216;caucus&#8217; del Partido Republicano en Iowa un meritorio tercer puesto que le sit\u00faa como el potencial candidato de consenso frente a la radicalidad de Ted Cruz y Donald Trump, primero y segundo &#8211;respectivamente&#8211; en las votaciones de este lunes. Cruz y Trump han presumido de ser [&hellip;]<\/p>\n","protected":false},"author":1,"featured_media":853266,"comment_status":"closed","ping_status":"closed","sticky":false,"template":"","format":"standard","meta":{"footnotes":""},"categories":[1],"tags":[],"class_list":["post-853265","post","type-post","status-publish","format-standard","has-post-thumbnail","hentry","category-actualidad"],"aioseo_notices":[],"aioseo_head":"\n\t\t<!-- All in One SEO Pro 4.9.6.2 - aioseo.com -->\n\t<meta name=\"description\" content=\"El senador estadounidense Marco Rubio ha obtenido en los &#039;caucus&#039; del Partido Republicano en Iowa un meritorio tercer puesto que le sit\u00faa como el potencial candidato de consenso frente a la radicalidad de Ted Cruz y Donald Trump, primero y segundo --respectivamente-- en las votaciones de este lunes. Cruz y Trump han presumido de ser\" \/>\n\t<meta name=\"robots\" content=\"max-image-preview:large\" \/>\n\t<meta name=\"author\" content=\"El Digital de Asturias\"\/>\n\t<meta name=\"google-site-verification\" content=\"UA-38556648-1\" \/>\n\t<meta name=\"msvalidate.01\" content=\"7dfe9f3f1b24437ab69f4f2559babe99\" \/>\n\t<meta name=\"keywords\" content=\"actualidad\" \/>\n\t<link rel=\"canonical\" href=\"https:\/\/www.eldigitaldeasturias.com\/noticias\/marco-rubio-se-consolida-como-potencial-candidato-de-consenso\/\" \/>\n\t<meta name=\"generator\" content=\"All in One SEO Pro (AIOSEO) 4.9.6.2\" \/>\n\t\t<meta property=\"og:locale\" content=\"es_ES\" \/>\n\t\t<meta property=\"og:site_name\" content=\"El Digital de Asturias\" \/>\n\t\t<meta property=\"og:type\" content=\"article\" \/>\n\t\t<meta property=\"og:title\" content=\"Marco Rubio se consolida como potencial candidato de consenso - El Digital de Asturias\" \/>\n\t\t<meta property=\"og:description\" content=\"El senador estadounidense Marco Rubio ha obtenido en los &#039;caucus&#039; del Partido Republicano en Iowa un meritorio tercer puesto que le sit\u00faa como el potencial candidato de consenso frente a la radicalidad de Ted Cruz y Donald Trump, primero y segundo --respectivamente-- en las votaciones de este lunes. Cruz y Trump han presumido de ser\" \/>\n\t\t<meta property=\"og:url\" content=\"https:\/\/www.eldigitaldeasturias.com\/noticias\/marco-rubio-se-consolida-como-potencial-candidato-de-consenso\/\" \/>\n\t\t<meta property=\"og:image\" content=\"https:\/\/www.eldigitaldeasturias.com\/noticias\/wp-content\/uploads\/2016\/02\/fotonoticia_20160202101234_800.jpg\" \/>\n\t\t<meta property=\"og:image:secure_url\" content=\"https:\/\/www.eldigitaldeasturias.com\/noticias\/wp-content\/uploads\/2016\/02\/fotonoticia_20160202101234_800.jpg\" \/>\n\t\t<meta property=\"og:image:width\" content=\"800\" \/>\n\t\t<meta property=\"og:image:height\" content=\"574\" \/>\n\t\t<meta property=\"article:tag\" content=\"actualidad\" \/>\n\t\t<meta property=\"article:published_time\" content=\"2016-02-03T00:46:49+00:00\" \/>\n\t\t<meta property=\"article:modified_time\" content=\"2016-02-03T00:46:49+00:00\" \/>\n\t\t<meta property=\"article:publisher\" content=\"https:\/\/facebook.com\/eldigitaldeasturias\" \/>\n\t\t<meta name=\"twitter:card\" content=\"summary_large_image\" \/>\n\t\t<meta name=\"twitter:title\" content=\"Marco Rubio se consolida como potencial candidato de consenso - El Digital de Asturias\" \/>\n\t\t<meta name=\"twitter:description\" content=\"El senador estadounidense Marco Rubio ha obtenido en los &#039;caucus&#039; del Partido Republicano en Iowa un meritorio tercer puesto que le sit\u00faa como el potencial candidato de consenso frente a la radicalidad de Ted Cruz y Donald Trump, primero y segundo --respectivamente-- en las votaciones de este lunes. Cruz y Trump han presumido de ser\" \/>\n\t\t<meta name=\"twitter:image\" content=\"https:\/\/www.eldigitaldeasturias.com\/noticias\/wp-content\/uploads\/2016\/02\/fotonoticia_20160202101234_800.jpg\" \/>\n\t\t<meta name=\"twitter:label1\" content=\"Escrito por\" \/>\n\t\t<meta name=\"twitter:data1\" content=\"El Digital de Asturias\" \/>\n\t\t<meta name=\"twitter:label2\" content=\"Tiempo de lectura estimado\" \/>\n\t\t<meta name=\"twitter:data2\" content=\"2 minutos\" \/>\n\t\t<script type=\"application\/ld+json\" class=\"aioseo-schema\">\n\t\t\t{\"@context\":\"https:\\\/\\\/schema.org\",\"@graph\":[{\"@type\":\"BlogPosting\",\"@id\":\"https:\\\/\\\/www.eldigitaldeasturias.com\\\/noticias\\\/marco-rubio-se-consolida-como-potencial-candidato-de-consenso\\\/#blogposting\",\"name\":\"Marco Rubio se consolida como potencial candidato de consenso - El Digital de Asturias\",\"headline\":\"Marco Rubio se consolida como potencial candidato de consenso\",\"author\":{\"@id\":\"https:\\\/\\\/www.eldigitaldeasturias.com\\\/noticias\\\/author\\\/admin\\\/#author\"},\"publisher\":{\"@id\":\"https:\\\/\\\/www.eldigitaldeasturias.com\\\/noticias\\\/#organization\"},\"image\":{\"@type\":\"ImageObject\",\"url\":\"https:\\\/\\\/www.eldigitaldeasturias.com\\\/noticias\\\/wp-content\\\/uploads\\\/2016\\\/02\\\/fotonoticia_20160202101234_800.jpg\",\"width\":800,\"height\":574},\"datePublished\":\"2016-02-03T00:46:49+01:00\",\"dateModified\":\"2016-02-03T00:46:49+01:00\",\"inLanguage\":\"es-ES\",\"mainEntityOfPage\":{\"@id\":\"https:\\\/\\\/www.eldigitaldeasturias.com\\\/noticias\\\/marco-rubio-se-consolida-como-potencial-candidato-de-consenso\\\/#webpage\"},\"isPartOf\":{\"@id\":\"https:\\\/\\\/www.eldigitaldeasturias.com\\\/noticias\\\/marco-rubio-se-consolida-como-potencial-candidato-de-consenso\\\/#webpage\"},\"articleSection\":\"Actualidad\"},{\"@type\":\"BreadcrumbList\",\"@id\":\"https:\\\/\\\/www.eldigitaldeasturias.com\\\/noticias\\\/marco-rubio-se-consolida-como-potencial-candidato-de-consenso\\\/#breadcrumblist\",\"itemListElement\":[{\"@type\":\"ListItem\",\"@id\":\"https:\\\/\\\/www.eldigitaldeasturias.com\\\/noticias#listItem\",\"position\":1,\"name\":\"Home\",\"item\":\"https:\\\/\\\/www.eldigitaldeasturias.com\\\/noticias\",\"nextItem\":{\"@type\":\"ListItem\",\"@id\":\"https:\\\/\\\/www.eldigitaldeasturias.com\\\/noticias\\\/category\\\/actualidad\\\/#listItem\",\"name\":\"Actualidad\"}},{\"@type\":\"ListItem\",\"@id\":\"https:\\\/\\\/www.eldigitaldeasturias.com\\\/noticias\\\/category\\\/actualidad\\\/#listItem\",\"position\":2,\"name\":\"Actualidad\",\"item\":\"https:\\\/\\\/www.eldigitaldeasturias.com\\\/noticias\\\/category\\\/actualidad\\\/\",\"nextItem\":{\"@type\":\"ListItem\",\"@id\":\"https:\\\/\\\/www.eldigitaldeasturias.com\\\/noticias\\\/marco-rubio-se-consolida-como-potencial-candidato-de-consenso\\\/#listItem\",\"name\":\"Marco Rubio se consolida como potencial candidato de consenso\"},\"previousItem\":{\"@type\":\"ListItem\",\"@id\":\"https:\\\/\\\/www.eldigitaldeasturias.com\\\/noticias#listItem\",\"name\":\"Home\"}},{\"@type\":\"ListItem\",\"@id\":\"https:\\\/\\\/www.eldigitaldeasturias.com\\\/noticias\\\/marco-rubio-se-consolida-como-potencial-candidato-de-consenso\\\/#listItem\",\"position\":3,\"name\":\"Marco Rubio se consolida como potencial candidato de consenso\",\"previousItem\":{\"@type\":\"ListItem\",\"@id\":\"https:\\\/\\\/www.eldigitaldeasturias.com\\\/noticias\\\/category\\\/actualidad\\\/#listItem\",\"name\":\"Actualidad\"}}]},{\"@type\":\"Organization\",\"@id\":\"https:\\\/\\\/www.eldigitaldeasturias.com\\\/noticias\\\/#organization\",\"name\":\"El Digital de Asturias\",\"description\":\"Hemeroteca\",\"url\":\"https:\\\/\\\/www.eldigitaldeasturias.com\\\/noticias\\\/\",\"email\":\"info@eldigitaldeasturias.com\",\"telephone\":\"+34652131393\",\"logo\":{\"@type\":\"ImageObject\",\"url\":\"https:\\\/\\\/www.eldigitaldeasturias.com\\\/noticias\\\/wp-content\\\/uploads\\\/2020\\\/12\\\/EDA.jpg\",\"@id\":\"https:\\\/\\\/www.eldigitaldeasturias.com\\\/noticias\\\/marco-rubio-se-consolida-como-potencial-candidato-de-consenso\\\/#organizationLogo\",\"width\":649,\"height\":297},\"image\":{\"@id\":\"https:\\\/\\\/www.eldigitaldeasturias.com\\\/noticias\\\/marco-rubio-se-consolida-como-potencial-candidato-de-consenso\\\/#organizationLogo\"},\"sameAs\":[\"https:\\\/\\\/facebook.com\\\/eldigitaldeasturias\",\"https:\\\/\\\/www.youtube.com\\\/channel\\\/UCZP-2wLEB9Rv6erhFmqVnvg\"],\"address\":{\"@id\":\"https:\\\/\\\/www.eldigitaldeasturias.com\\\/noticias\\\/#postaladdress\",\"@type\":\"PostalAddress\",\"streetAddress\":\"san antonio 4,\",\"postalCode\":\"33430\",\"addressLocality\":\"Cand\\u00e1s\",\"addressRegion\":\"Asturias\",\"addressCountry\":\"ES\"}},{\"@type\":\"Person\",\"@id\":\"https:\\\/\\\/www.eldigitaldeasturias.com\\\/noticias\\\/author\\\/admin\\\/#author\",\"url\":\"https:\\\/\\\/www.eldigitaldeasturias.com\\\/noticias\\\/author\\\/admin\\\/\",\"name\":\"El Digital de Asturias\",\"image\":{\"@type\":\"ImageObject\",\"@id\":\"https:\\\/\\\/www.eldigitaldeasturias.com\\\/noticias\\\/marco-rubio-se-consolida-como-potencial-candidato-de-consenso\\\/#authorImage\",\"url\":\"https:\\\/\\\/www.eldigitaldeasturias.com\\\/noticias\\\/wp-content\\\/litespeed\\\/avatar\\\/18677e78aa0546b92d9dbf31ec7d7668.jpg?ver=1776685526\",\"width\":96,\"height\":96,\"caption\":\"El Digital de Asturias\"}},{\"@type\":\"WebPage\",\"@id\":\"https:\\\/\\\/www.eldigitaldeasturias.com\\\/noticias\\\/marco-rubio-se-consolida-como-potencial-candidato-de-consenso\\\/#webpage\",\"url\":\"https:\\\/\\\/www.eldigitaldeasturias.com\\\/noticias\\\/marco-rubio-se-consolida-como-potencial-candidato-de-consenso\\\/\",\"name\":\"Marco Rubio se consolida como potencial candidato de consenso - El Digital de Asturias\",\"description\":\"El senador estadounidense Marco Rubio ha obtenido en los 'caucus' del Partido Republicano en Iowa un meritorio tercer puesto que le sit\\u00faa como el potencial candidato de consenso frente a la radicalidad de Ted Cruz y Donald Trump, primero y segundo --respectivamente-- en las votaciones de este lunes. Cruz y Trump han presumido de ser\",\"inLanguage\":\"es-ES\",\"isPartOf\":{\"@id\":\"https:\\\/\\\/www.eldigitaldeasturias.com\\\/noticias\\\/#website\"},\"breadcrumb\":{\"@id\":\"https:\\\/\\\/www.eldigitaldeasturias.com\\\/noticias\\\/marco-rubio-se-consolida-como-potencial-candidato-de-consenso\\\/#breadcrumblist\"},\"author\":{\"@id\":\"https:\\\/\\\/www.eldigitaldeasturias.com\\\/noticias\\\/author\\\/admin\\\/#author\"},\"creator\":{\"@id\":\"https:\\\/\\\/www.eldigitaldeasturias.com\\\/noticias\\\/author\\\/admin\\\/#author\"},\"image\":{\"@type\":\"ImageObject\",\"url\":\"https:\\\/\\\/www.eldigitaldeasturias.com\\\/noticias\\\/wp-content\\\/uploads\\\/2016\\\/02\\\/fotonoticia_20160202101234_800.jpg\",\"@id\":\"https:\\\/\\\/www.eldigitaldeasturias.com\\\/noticias\\\/marco-rubio-se-consolida-como-potencial-candidato-de-consenso\\\/#mainImage\",\"width\":800,\"height\":574},\"primaryImageOfPage\":{\"@id\":\"https:\\\/\\\/www.eldigitaldeasturias.com\\\/noticias\\\/marco-rubio-se-consolida-como-potencial-candidato-de-consenso\\\/#mainImage\"},\"datePublished\":\"2016-02-03T00:46:49+01:00\",\"dateModified\":\"2016-02-03T00:46:49+01:00\"},{\"@type\":\"WebSite\",\"@id\":\"https:\\\/\\\/www.eldigitaldeasturias.com\\\/noticias\\\/#website\",\"url\":\"https:\\\/\\\/www.eldigitaldeasturias.com\\\/noticias\\\/\",\"name\":\"El Digital de Asturias - Diario de actualidad y noticias\",\"alternateName\":\"El Digital de Asturias - Diario de actualidad y noticias\",\"description\":\"Hemeroteca\",\"inLanguage\":\"es-ES\",\"publisher\":{\"@id\":\"https:\\\/\\\/www.eldigitaldeasturias.com\\\/noticias\\\/#organization\"}}]}\n\t\t<\/script>\n\t\t<!-- All in One SEO Pro -->\r\n\t\t<title>Marco Rubio se consolida como potencial candidato de consenso - El Digital de Asturias<\/title>\n\n","aioseo_head_json":{"title":"Marco Rubio se consolida como potencial candidato de consenso - El Digital de Asturias","description":"El senador estadounidense Marco Rubio ha obtenido en los 'caucus' del Partido Republicano en Iowa un meritorio tercer puesto que le sit\u00faa como el potencial candidato de consenso frente a la radicalidad de Ted Cruz y Donald Trump, primero y segundo --respectivamente-- en las votaciones de este lunes. Cruz y Trump han presumido de ser","canonical_url":"https:\/\/www.eldigitaldeasturias.com\/noticias\/marco-rubio-se-consolida-como-potencial-candidato-de-consenso\/","robots":"max-image-preview:large","keywords":"actualidad","webmasterTools":{"google-site-verification":"UA-38556648-1","msvalidate.01":"7dfe9f3f1b24437ab69f4f2559babe99","miscellaneous":""},"schema":{"@context":"https:\/\/schema.org","@graph":[{"@type":"BlogPosting","@id":"https:\/\/www.eldigitaldeasturias.com\/noticias\/marco-rubio-se-consolida-como-potencial-candidato-de-consenso\/#blogposting","name":"Marco Rubio se consolida como potencial candidato de consenso - El Digital de Asturias","headline":"Marco Rubio se consolida como potencial candidato de consenso","author":{"@id":"https:\/\/www.eldigitaldeasturias.com\/noticias\/author\/admin\/#author"},"publisher":{"@id":"https:\/\/www.eldigitaldeasturias.com\/noticias\/#organization"},"image":{"@type":"ImageObject","url":"https:\/\/www.eldigitaldeasturias.com\/noticias\/wp-content\/uploads\/2016\/02\/fotonoticia_20160202101234_800.jpg","width":800,"height":574},"datePublished":"2016-02-03T00:46:49+01:00","dateModified":"2016-02-03T00:46:49+01:00","inLanguage":"es-ES","mainEntityOfPage":{"@id":"https:\/\/www.eldigitaldeasturias.com\/noticias\/marco-rubio-se-consolida-como-potencial-candidato-de-consenso\/#webpage"},"isPartOf":{"@id":"https:\/\/www.eldigitaldeasturias.com\/noticias\/marco-rubio-se-consolida-como-potencial-candidato-de-consenso\/#webpage"},"articleSection":"Actualidad"},{"@type":"BreadcrumbList","@id":"https:\/\/www.eldigitaldeasturias.com\/noticias\/marco-rubio-se-consolida-como-potencial-candidato-de-consenso\/#breadcrumblist","itemListElement":[{"@type":"ListItem","@id":"https:\/\/www.eldigitaldeasturias.com\/noticias#listItem","position":1,"name":"Home","item":"https:\/\/www.eldigitaldeasturias.com\/noticias","nextItem":{"@type":"ListItem","@id":"https:\/\/www.eldigitaldeasturias.com\/noticias\/category\/actualidad\/#listItem","name":"Actualidad"}},{"@type":"ListItem","@id":"https:\/\/www.eldigitaldeasturias.com\/noticias\/category\/actualidad\/#listItem","position":2,"name":"Actualidad","item":"https:\/\/www.eldigitaldeasturias.com\/noticias\/category\/actualidad\/","nextItem":{"@type":"ListItem","@id":"https:\/\/www.eldigitaldeasturias.com\/noticias\/marco-rubio-se-consolida-como-potencial-candidato-de-consenso\/#listItem","name":"Marco Rubio se consolida como potencial candidato de consenso"},"previousItem":{"@type":"ListItem","@id":"https:\/\/www.eldigitaldeasturias.com\/noticias#listItem","name":"Home"}},{"@type":"ListItem","@id":"https:\/\/www.eldigitaldeasturias.com\/noticias\/marco-rubio-se-consolida-como-potencial-candidato-de-consenso\/#listItem","position":3,"name":"Marco Rubio se consolida como potencial candidato de consenso","previousItem":{"@type":"ListItem","@id":"https:\/\/www.eldigitaldeasturias.com\/noticias\/category\/actualidad\/#listItem","name":"Actualidad"}}]},{"@type":"Organization","@id":"https:\/\/www.eldigitaldeasturias.com\/noticias\/#organization","name":"El Digital de Asturias","description":"Hemeroteca","url":"https:\/\/www.eldigitaldeasturias.com\/noticias\/","email":"info@eldigitaldeasturias.com","telephone":"+34652131393","logo":{"@type":"ImageObject","url":"https:\/\/www.eldigitaldeasturias.com\/noticias\/wp-content\/uploads\/2020\/12\/EDA.jpg","@id":"https:\/\/www.eldigitaldeasturias.com\/noticias\/marco-rubio-se-consolida-como-potencial-candidato-de-consenso\/#organizationLogo","width":649,"height":297},"image":{"@id":"https:\/\/www.eldigitaldeasturias.com\/noticias\/marco-rubio-se-consolida-como-potencial-candidato-de-consenso\/#organizationLogo"},"sameAs":["https:\/\/facebook.com\/eldigitaldeasturias","https:\/\/www.youtube.com\/channel\/UCZP-2wLEB9Rv6erhFmqVnvg"],"address":{"@id":"https:\/\/www.eldigitaldeasturias.com\/noticias\/#postaladdress","@type":"PostalAddress","streetAddress":"san antonio 4,","postalCode":"33430","addressLocality":"Cand\u00e1s","addressRegion":"Asturias","addressCountry":"ES"}},{"@type":"Person","@id":"https:\/\/www.eldigitaldeasturias.com\/noticias\/author\/admin\/#author","url":"https:\/\/www.eldigitaldeasturias.com\/noticias\/author\/admin\/","name":"El Digital de Asturias","image":{"@type":"ImageObject","@id":"https:\/\/www.eldigitaldeasturias.com\/noticias\/marco-rubio-se-consolida-como-potencial-candidato-de-consenso\/#authorImage","url":"https:\/\/www.eldigitaldeasturias.com\/noticias\/wp-content\/litespeed\/avatar\/18677e78aa0546b92d9dbf31ec7d7668.jpg?ver=1776685526","width":96,"height":96,"caption":"El Digital de Asturias"}},{"@type":"WebPage","@id":"https:\/\/www.eldigitaldeasturias.com\/noticias\/marco-rubio-se-consolida-como-potencial-candidato-de-consenso\/#webpage","url":"https:\/\/www.eldigitaldeasturias.com\/noticias\/marco-rubio-se-consolida-como-potencial-candidato-de-consenso\/","name":"Marco Rubio se consolida como potencial candidato de consenso - El Digital de Asturias","description":"El senador estadounidense Marco Rubio ha obtenido en los 'caucus' del Partido Republicano en Iowa un meritorio tercer puesto que le sit\u00faa como el potencial candidato de consenso frente a la radicalidad de Ted Cruz y Donald Trump, primero y segundo --respectivamente-- en las votaciones de este lunes. Cruz y Trump han presumido de ser","inLanguage":"es-ES","isPartOf":{"@id":"https:\/\/www.eldigitaldeasturias.com\/noticias\/#website"},"breadcrumb":{"@id":"https:\/\/www.eldigitaldeasturias.com\/noticias\/marco-rubio-se-consolida-como-potencial-candidato-de-consenso\/#breadcrumblist"},"author":{"@id":"https:\/\/www.eldigitaldeasturias.com\/noticias\/author\/admin\/#author"},"creator":{"@id":"https:\/\/www.eldigitaldeasturias.com\/noticias\/author\/admin\/#author"},"image":{"@type":"ImageObject","url":"https:\/\/www.eldigitaldeasturias.com\/noticias\/wp-content\/uploads\/2016\/02\/fotonoticia_20160202101234_800.jpg","@id":"https:\/\/www.eldigitaldeasturias.com\/noticias\/marco-rubio-se-consolida-como-potencial-candidato-de-consenso\/#mainImage","width":800,"height":574},"primaryImageOfPage":{"@id":"https:\/\/www.eldigitaldeasturias.com\/noticias\/marco-rubio-se-consolida-como-potencial-candidato-de-consenso\/#mainImage"},"datePublished":"2016-02-03T00:46:49+01:00","dateModified":"2016-02-03T00:46:49+01:00"},{"@type":"WebSite","@id":"https:\/\/www.eldigitaldeasturias.com\/noticias\/#website","url":"https:\/\/www.eldigitaldeasturias.com\/noticias\/","name":"El Digital de Asturias - Diario de actualidad y noticias","alternateName":"El Digital de Asturias - Diario de actualidad y noticias","description":"Hemeroteca","inLanguage":"es-ES","publisher":{"@id":"https:\/\/www.eldigitaldeasturias.com\/noticias\/#organization"}}]},"og:locale":"es_ES","og:site_name":"El Digital de Asturias","og:type":"article","og:title":"Marco Rubio se consolida como potencial candidato de consenso - El Digital de Asturias","og:description":"El senador estadounidense Marco Rubio ha obtenido en los 'caucus' del Partido Republicano en Iowa un meritorio tercer puesto que le sit\u00faa como el potencial candidato de consenso frente a la radicalidad de Ted Cruz y Donald Trump, primero y segundo --respectivamente-- en las votaciones de este lunes. Cruz y Trump han presumido de ser","og:url":"https:\/\/www.eldigitaldeasturias.com\/noticias\/marco-rubio-se-consolida-como-potencial-candidato-de-consenso\/","og:image":"https:\/\/www.eldigitaldeasturias.com\/noticias\/wp-content\/uploads\/2016\/02\/fotonoticia_20160202101234_800.jpg","og:image:secure_url":"https:\/\/www.eldigitaldeasturias.com\/noticias\/wp-content\/uploads\/2016\/02\/fotonoticia_20160202101234_800.jpg","og:image:width":800,"og:image:height":574,"article:tag":["actualidad"],"article:published_time":"2016-02-03T00:46:49+00:00","article:modified_time":"2016-02-03T00:46:49+00:00","article:publisher":"https:\/\/facebook.com\/eldigitaldeasturias","twitter:card":"summary_large_image","twitter:title":"Marco Rubio se consolida como potencial candidato de consenso - El Digital de Asturias","twitter:description":"El senador estadounidense Marco Rubio ha obtenido en los 'caucus' del Partido Republicano en Iowa un meritorio tercer puesto que le sit\u00faa como el potencial candidato de consenso frente a la radicalidad de Ted Cruz y Donald Trump, primero y segundo --respectivamente-- en las votaciones de este lunes. Cruz y Trump han presumido de ser","twitter:image":"https:\/\/www.eldigitaldeasturias.com\/noticias\/wp-content\/uploads\/2016\/02\/fotonoticia_20160202101234_800.jpg","twitter:label1":"Escrito por","twitter:data1":"El Digital de Asturias","twitter:label2":"Tiempo de lectura estimado","twitter:data2":"2 minutos"},"aioseo_meta_data":{"post_id":"853265","title":null,"description":null,"keywords":null,"keyphrases":null,"primary_term":null,"canonical_url":null,"og_title":null,"og_description":null,"og_object_type":"default","og_image_type":"default","og_image_url":null,"og_image_width":null,"og_image_height":null,"og_image_custom_url":null,"og_image_custom_fields":null,"og_video":null,"og_custom_url":null,"og_article_section":null,"og_article_tags":null,"twitter_use_og":false,"twitter_card":"default","twitter_image_type":"default","twitter_image_url":null,"twitter_image_custom_url":null,"twitter_image_custom_fields":null,"twitter_title":null,"twitter_description":null,"schema":{"blockGraphs":[],"customGraphs":[],"default":{"data":{"Article":[],"Course":[],"Dataset":[],"FAQPage":[],"Movie":[],"Person":[],"Product":[],"ProductReview":[],"Car":[],"Recipe":[],"Service":[],"SoftwareApplication":[],"WebPage":[]},"graphName":"","isEnabled":true},"graphs":[],"defaultGraph":"","defaultPostTypeGraph":""},"schema_type":null,"schema_type_options":null,"pillar_content":false,"robots_default":true,"robots_noindex":false,"robots_noarchive":false,"robots_nosnippet":false,"robots_nofollow":false,"robots_noimageindex":false,"robots_noodp":false,"robots_notranslate":false,"robots_max_snippet":null,"robots_max_videopreview":null,"robots_max_imagepreview":"large","priority":null,"frequency":null,"local_seo":null,"seo_analyzer_scan_date":"2025-12-09 17:30:21","breadcrumb_settings":null,"limit_modified_date":false,"open_ai":null,"ai":null,"created":"2021-01-22 17:24:01","updated":"2025-12-09 17:30:21"},"aioseo_breadcrumb":"<div class=\"aioseo-breadcrumbs\"><span class=\"aioseo-breadcrumb\">\n\t<a href=\"https:\/\/www.eldigitaldeasturias.com\/noticias\" title=\"Home\">Home<\/a>\n<\/span><span class=\"aioseo-breadcrumb-separator\">\u2013<\/span><span class=\"aioseo-breadcrumb\">\n\t<a href=\"https:\/\/www.eldigitaldeasturias.com\/noticias\/category\/actualidad\/\" title=\"Actualidad\">Actualidad<\/a>\n<\/span><span class=\"aioseo-breadcrumb-separator\">\u2013<\/span><span class=\"aioseo-breadcrumb\">\n\t<a href=\"https:\/\/www.eldigitaldeasturias.com\/noticias\/marco-rubio-se-consolida-como-potencial-candidato-de-consenso\/\" title=\"Marco Rubio se consolida como potencial candidato de consenso\">Marco Rubio se consolida como potencial candidato de consenso<\/a>\n<\/span><\/div>","aioseo_breadcrumb_json":[{"label":"Home","link":"https:\/\/www.eldigitaldeasturias.com\/noticias"},{"label":"Actualidad","link":"https:\/\/www.eldigitaldeasturias.com\/noticias\/category\/actualidad\/"},{"label":"Marco Rubio se consolida como potencial candidato de consenso","link":"https:\/\/www.eldigitaldeasturias.com\/noticias\/marco-rubio-se-consolida-como-potencial-candidato-de-consenso\/"}],"_links":{"self":[{"href":"https:\/\/www.eldigitaldeasturias.com\/noticias\/wp-json\/wp\/v2\/posts\/853265","targetHints":{"allow":["GET"]}}],"collection":[{"href":"https:\/\/www.eldigitaldeasturias.com\/noticias\/wp-json\/wp\/v2\/posts"}],"about":[{"href":"https:\/\/www.eldigitaldeasturias.com\/noticias\/wp-json\/wp\/v2\/types\/post"}],"author":[{"embeddable":true,"href":"https:\/\/www.eldigitaldeasturias.com\/noticias\/wp-json\/wp\/v2\/users\/1"}],"replies":[{"embeddable":true,"href":"https:\/\/www.eldigitaldeasturias.com\/noticias\/wp-json\/wp\/v2\/comments?post=853265"}],"version-history":[{"count":0,"href":"https:\/\/www.eldigitaldeasturias.com\/noticias\/wp-json\/wp\/v2\/posts\/853265\/revisions"}],"wp:featuredmedia":[{"embeddable":true,"href":"https:\/\/www.eldigitaldeasturias.com\/noticias\/wp-json\/wp\/v2\/media\/853266"}],"wp:attachment":[{"href":"https:\/\/www.eldigitaldeasturias.com\/noticias\/wp-json\/wp\/v2\/media?parent=853265"}],"wp:term":[{"taxonomy":"category","embeddable":true,"href":"https:\/\/www.eldigitaldeasturias.com\/noticias\/wp-json\/wp\/v2\/categories?post=853265"},{"taxonomy":"post_tag","embeddable":true,"href":"https:\/\/www.eldigitaldeasturias.com\/noticias\/wp-json\/wp\/v2\/tags?post=853265"}],"curies":[{"name":"wp","href":"https:\/\/api.w.org\/{rel}","templated":true}]}}