{"id":853259,"date":"2016-02-03T00:42:34","date_gmt":"2016-02-03T00:42:34","guid":{"rendered":"http:\/\/www.eldigitaldeasturias.com\/noticias\/?p=853259"},"modified":"2016-02-03T00:42:34","modified_gmt":"2016-02-03T00:42:34","slug":"el-papa-cita-a-espana-entre-los-paises-con-nacimientos-casi-bajo-cero","status":"publish","type":"post","link":"https:\/\/www.eldigitaldeasturias.com\/noticias\/el-papa-cita-a-espana-entre-los-paises-con-nacimientos-casi-bajo-cero\/","title":{"rendered":"El Papa cita a Espa\u00f1a entre los pa\u00edses con nacimientos \u00abcasi bajo cero\u00bb"},"content":{"rendered":"<p><img loading=\"lazy\" decoding=\"async\" class=\"alignleft size-medium wp-image-853260\" src=\"https:\/\/www.eldigitaldeasturias.com\/noticias\/wp-content\/uploads\/2016\/02\/fotonoticia_20160202152447_800-360x203.jpg\" alt=\"fotonoticia_20160202152447_800\" width=\"360\" height=\"203\" srcset=\"https:\/\/www.eldigitaldeasturias.com\/noticias\/wp-content\/uploads\/2016\/02\/fotonoticia_20160202152447_800-360x203.jpg 360w, https:\/\/www.eldigitaldeasturias.com\/noticias\/wp-content\/uploads\/2016\/02\/fotonoticia_20160202152447_800-768x432.jpg 768w, https:\/\/www.eldigitaldeasturias.com\/noticias\/wp-content\/uploads\/2016\/02\/fotonoticia_20160202152447_800-650x366.jpg 650w, https:\/\/www.eldigitaldeasturias.com\/noticias\/wp-content\/uploads\/2016\/02\/fotonoticia_20160202152447_800.jpg 800w\" sizes=\"auto, (max-width: 360px) 100vw, 360px\" \/>El Papa Francisco ha citado el caso de Espa\u00f1a para ejemplificar el problema de la baja natalidad en algunos pa\u00edses donde, a su juicio, no se tienen hijos por miedo a que el pa\u00eds caiga en la miseria.<\/p>\n<p>\u00abAqu\u00ed en Italia, el \u00edndice de natalidad est\u00e1 casi bajo cero y en Espa\u00f1a tambi\u00e9n, m\u00e1s o menos. La situaci\u00f3n en Francia, con su pol\u00edtica de apoyo a las familias, est\u00e1 mejorando. Y es obvio que las poblaciones crecen y no tienen hijos\u00bb, precisa Francisco.<\/p>\n<p>As\u00ed lo expresa en una entrevista con el peri\u00f3dico online Asia Times (Hong Kong), recogida por Europa Press, con motivo del A\u00f1o Nuevo Chino y en la que el Papa aprovecha para desear un feliz a\u00f1o al presidente Xi Jinping y a todo el pueblo chino.<\/p>\n<p>El Papa apunta que la causa de esta baja natalidad puede encontrarse en el miedo a que la sociedad no mejore. \u00abPuede existir el temor no simplemente de quedarse atr\u00e1s, sino de que se va a caer en la miseria y por lo tanto, piensan &#8216;no vamos a tener hijos'\u00bb, se\u00f1ala.<\/p>\n<p>Por el contrario, indica que en el continente africano, \u00abes un placer ver a los ni\u00f1os en las calles\u00bb y pone el ejemplo de pa\u00edses como Albania donde la media de edad de la poblaci\u00f3n es de 40 a\u00f1os. \u00abLos pa\u00edses que han sufrido apuestan por los j\u00f3venes\u00bb, diagnostica.<\/p>\n<p>Tambi\u00e9n se refiere al caso de China donde, seg\u00fan prev\u00e9, \u00abdebe ser muy doloroso\u00bb no poder tener hijos. \u00abDebido a que la pir\u00e1mide est\u00e1 invertida, m\u00e1s tarde un ni\u00f1o tendr\u00e1 que soportar la carga de su padre, madre, abuelo y abuela. Y esto es agotador, exigente, desorientador. No es la manera natural. Entiendo que China haya abierto posibilidades en este frente\u00bb, subraya.<\/p>\n<p>Francisco manifiesta una gran estima por el pueblo chino, elogia su cultura y expresa su deseo de que la aportaci\u00f3n de este pa\u00eds al di\u00e1logo entre los pueblos contribuya a la paz y al desarrollo integral de la familia humana.<\/p>\n<p>\u00abEl mundo occidental, el mundo oriental y China tienen la capacidad de mantener el equilibrio de la paz y la fuerza para hacerlo. Debemos encontrar el camino, siempre a trav\u00e9s del di\u00e1logo; no hay otra manera. Pero el di\u00e1logo no significa que acabemos con un compromiso: la mitad del pastel para m\u00ed, la otra para ti. El pastel es de todos, es la humanidad, la cultura y estas no pueden cortarse en trozos peque\u00f1os\u00bb, advierte.<\/p>\n<p>En esta l\u00ednea, a\u00f1ade que dialogar \u00abno significa rendirse\u00bb y aunque reconoce que a veces existe \u00abel peligro, en el di\u00e1logo entre los diferentes pa\u00edses, de las agendas ocultas y de las colonizaciones culturales\u00bb, cree que es necesario reconocer la grandeza del pueblo chino, que siempre ha mantenido su cultura. \u00abY su cultura, no estoy hablando de las ideolog\u00edas que pudo haber habido en el pasado, su cultura no se impone\u00bb, puntualiza el Pont\u00edfice.<\/p>\n<p>Para Francisco, China ha sido siempre \u00abun punto de referencia de la grandeza\u00bb y, por ello, muestra su alegr\u00eda por el hecho de que abra sus conocimientos al mundo y de que se est\u00e9 moviendo \u00abhacia delante\u00bb. Adem\u00e1s, anima al pueblo chino a \u00abtrabajar para mejorar la realidad\u00bb.<\/p>\n<p>\u00abNunca pierdan la conciencia hist\u00f3rica de ser un pueblo grande, con una gran historia de sabidur\u00eda, tienen mucho que ofrecer al mundo. El mundo mira a esta gran sabidur\u00eda vuestra\u00bb, recuerda.<\/p>\n","protected":false},"excerpt":{"rendered":"<p>El Papa Francisco ha citado el caso de Espa\u00f1a para ejemplificar el problema de la baja natalidad en algunos pa\u00edses donde, a su juicio, no se tienen hijos por miedo a que el pa\u00eds caiga en la miseria. \u00abAqu\u00ed en Italia, el \u00edndice de natalidad est\u00e1 casi bajo cero y en Espa\u00f1a tambi\u00e9n, m\u00e1s o [&hellip;]<\/p>\n","protected":false},"author":1,"featured_media":853260,"comment_status":"closed","ping_status":"closed","sticky":false,"template":"","format":"standard","meta":{"footnotes":""},"categories":[28],"tags":[],"class_list":["post-853259","post","type-post","status-publish","format-standard","has-post-thumbnail","hentry","category-sociedad"],"aioseo_notices":[],"aioseo_head":"\n\t\t<!-- All in One SEO Pro 4.9.6.2 - aioseo.com -->\n\t<meta name=\"description\" content=\"El Papa Francisco ha citado el caso de Espa\u00f1a para ejemplificar el problema de la baja natalidad en algunos pa\u00edses donde, a su juicio, no se tienen hijos por miedo a que el pa\u00eds caiga en la miseria. &quot;Aqu\u00ed en Italia, el \u00edndice de natalidad est\u00e1 casi bajo cero y en Espa\u00f1a tambi\u00e9n, m\u00e1s o\" \/>\n\t<meta name=\"robots\" content=\"max-image-preview:large\" \/>\n\t<meta name=\"author\" content=\"El Digital de Asturias\"\/>\n\t<meta name=\"google-site-verification\" content=\"UA-38556648-1\" \/>\n\t<meta name=\"msvalidate.01\" content=\"7dfe9f3f1b24437ab69f4f2559babe99\" \/>\n\t<meta name=\"keywords\" content=\"sociedad\" \/>\n\t<link rel=\"canonical\" href=\"https:\/\/www.eldigitaldeasturias.com\/noticias\/el-papa-cita-a-espana-entre-los-paises-con-nacimientos-casi-bajo-cero\/\" \/>\n\t<meta name=\"generator\" content=\"All in One SEO Pro (AIOSEO) 4.9.6.2\" \/>\n\t\t<meta property=\"og:locale\" content=\"es_ES\" \/>\n\t\t<meta property=\"og:site_name\" content=\"El Digital de Asturias\" \/>\n\t\t<meta property=\"og:type\" content=\"article\" \/>\n\t\t<meta property=\"og:title\" content=\"El Papa cita a Espa\u00f1a entre los pa\u00edses con nacimientos \u00abcasi bajo cero\u00bb - El Digital de Asturias\" \/>\n\t\t<meta property=\"og:description\" content=\"El Papa Francisco ha citado el caso de Espa\u00f1a para ejemplificar el problema de la baja natalidad en algunos pa\u00edses donde, a su juicio, no se tienen hijos por miedo a que el pa\u00eds caiga en la miseria. &quot;Aqu\u00ed en Italia, el \u00edndice de natalidad est\u00e1 casi bajo cero y en Espa\u00f1a tambi\u00e9n, m\u00e1s o\" \/>\n\t\t<meta property=\"og:url\" content=\"https:\/\/www.eldigitaldeasturias.com\/noticias\/el-papa-cita-a-espana-entre-los-paises-con-nacimientos-casi-bajo-cero\/\" \/>\n\t\t<meta property=\"og:image\" content=\"https:\/\/www.eldigitaldeasturias.com\/noticias\/wp-content\/uploads\/2016\/02\/fotonoticia_20160202152447_800.jpg\" \/>\n\t\t<meta property=\"og:image:secure_url\" content=\"https:\/\/www.eldigitaldeasturias.com\/noticias\/wp-content\/uploads\/2016\/02\/fotonoticia_20160202152447_800.jpg\" \/>\n\t\t<meta property=\"og:image:width\" content=\"800\" \/>\n\t\t<meta property=\"og:image:height\" content=\"450\" \/>\n\t\t<meta property=\"article:tag\" content=\"sociedad\" \/>\n\t\t<meta property=\"article:published_time\" content=\"2016-02-03T00:42:34+00:00\" \/>\n\t\t<meta property=\"article:modified_time\" content=\"2016-02-03T00:42:34+00:00\" \/>\n\t\t<meta property=\"article:publisher\" content=\"https:\/\/facebook.com\/eldigitaldeasturias\" \/>\n\t\t<meta name=\"twitter:card\" content=\"summary_large_image\" \/>\n\t\t<meta name=\"twitter:title\" content=\"El Papa cita a Espa\u00f1a entre los pa\u00edses con nacimientos \u00abcasi bajo cero\u00bb - El Digital de Asturias\" \/>\n\t\t<meta name=\"twitter:description\" content=\"El Papa Francisco ha citado el caso de Espa\u00f1a para ejemplificar el problema de la baja natalidad en algunos pa\u00edses donde, a su juicio, no se tienen hijos por miedo a que el pa\u00eds caiga en la miseria. &quot;Aqu\u00ed en Italia, el \u00edndice de natalidad est\u00e1 casi bajo cero y en Espa\u00f1a tambi\u00e9n, m\u00e1s o\" \/>\n\t\t<meta name=\"twitter:image\" content=\"https:\/\/www.eldigitaldeasturias.com\/noticias\/wp-content\/uploads\/2016\/02\/fotonoticia_20160202152447_800.jpg\" \/>\n\t\t<meta name=\"twitter:label1\" content=\"Escrito por\" \/>\n\t\t<meta name=\"twitter:data1\" content=\"El Digital de Asturias\" \/>\n\t\t<meta name=\"twitter:label2\" content=\"Tiempo de lectura estimado\" \/>\n\t\t<meta name=\"twitter:data2\" content=\"3 minutos\" \/>\n\t\t<script type=\"application\/ld+json\" class=\"aioseo-schema\">\n\t\t\t{\"@context\":\"https:\\\/\\\/schema.org\",\"@graph\":[{\"@type\":\"BlogPosting\",\"@id\":\"https:\\\/\\\/www.eldigitaldeasturias.com\\\/noticias\\\/el-papa-cita-a-espana-entre-los-paises-con-nacimientos-casi-bajo-cero\\\/#blogposting\",\"name\":\"El Papa cita a Espa\\u00f1a entre los pa\\u00edses con nacimientos \\u00abcasi bajo cero\\u00bb - El Digital de Asturias\",\"headline\":\"El Papa cita a Espa\\u00f1a entre los pa\\u00edses con nacimientos \\u00abcasi bajo cero\\u00bb\",\"author\":{\"@id\":\"https:\\\/\\\/www.eldigitaldeasturias.com\\\/noticias\\\/author\\\/admin\\\/#author\"},\"publisher\":{\"@id\":\"https:\\\/\\\/www.eldigitaldeasturias.com\\\/noticias\\\/#organization\"},\"image\":{\"@type\":\"ImageObject\",\"url\":\"https:\\\/\\\/www.eldigitaldeasturias.com\\\/noticias\\\/wp-content\\\/uploads\\\/2016\\\/02\\\/fotonoticia_20160202152447_800.jpg\",\"width\":800,\"height\":450},\"datePublished\":\"2016-02-03T00:42:34+01:00\",\"dateModified\":\"2016-02-03T00:42:34+01:00\",\"inLanguage\":\"es-ES\",\"mainEntityOfPage\":{\"@id\":\"https:\\\/\\\/www.eldigitaldeasturias.com\\\/noticias\\\/el-papa-cita-a-espana-entre-los-paises-con-nacimientos-casi-bajo-cero\\\/#webpage\"},\"isPartOf\":{\"@id\":\"https:\\\/\\\/www.eldigitaldeasturias.com\\\/noticias\\\/el-papa-cita-a-espana-entre-los-paises-con-nacimientos-casi-bajo-cero\\\/#webpage\"},\"articleSection\":\"Sociedad\"},{\"@type\":\"BreadcrumbList\",\"@id\":\"https:\\\/\\\/www.eldigitaldeasturias.com\\\/noticias\\\/el-papa-cita-a-espana-entre-los-paises-con-nacimientos-casi-bajo-cero\\\/#breadcrumblist\",\"itemListElement\":[{\"@type\":\"ListItem\",\"@id\":\"https:\\\/\\\/www.eldigitaldeasturias.com\\\/noticias#listItem\",\"position\":1,\"name\":\"Home\",\"item\":\"https:\\\/\\\/www.eldigitaldeasturias.com\\\/noticias\",\"nextItem\":{\"@type\":\"ListItem\",\"@id\":\"https:\\\/\\\/www.eldigitaldeasturias.com\\\/noticias\\\/category\\\/sociedad\\\/#listItem\",\"name\":\"Sociedad\"}},{\"@type\":\"ListItem\",\"@id\":\"https:\\\/\\\/www.eldigitaldeasturias.com\\\/noticias\\\/category\\\/sociedad\\\/#listItem\",\"position\":2,\"name\":\"Sociedad\",\"item\":\"https:\\\/\\\/www.eldigitaldeasturias.com\\\/noticias\\\/category\\\/sociedad\\\/\",\"nextItem\":{\"@type\":\"ListItem\",\"@id\":\"https:\\\/\\\/www.eldigitaldeasturias.com\\\/noticias\\\/el-papa-cita-a-espana-entre-los-paises-con-nacimientos-casi-bajo-cero\\\/#listItem\",\"name\":\"El Papa cita a Espa\\u00f1a entre los pa\\u00edses con nacimientos \\u00abcasi bajo cero\\u00bb\"},\"previousItem\":{\"@type\":\"ListItem\",\"@id\":\"https:\\\/\\\/www.eldigitaldeasturias.com\\\/noticias#listItem\",\"name\":\"Home\"}},{\"@type\":\"ListItem\",\"@id\":\"https:\\\/\\\/www.eldigitaldeasturias.com\\\/noticias\\\/el-papa-cita-a-espana-entre-los-paises-con-nacimientos-casi-bajo-cero\\\/#listItem\",\"position\":3,\"name\":\"El Papa cita a Espa\\u00f1a entre los pa\\u00edses con nacimientos \\u00abcasi bajo cero\\u00bb\",\"previousItem\":{\"@type\":\"ListItem\",\"@id\":\"https:\\\/\\\/www.eldigitaldeasturias.com\\\/noticias\\\/category\\\/sociedad\\\/#listItem\",\"name\":\"Sociedad\"}}]},{\"@type\":\"Organization\",\"@id\":\"https:\\\/\\\/www.eldigitaldeasturias.com\\\/noticias\\\/#organization\",\"name\":\"El Digital de Asturias\",\"description\":\"Hemeroteca\",\"url\":\"https:\\\/\\\/www.eldigitaldeasturias.com\\\/noticias\\\/\",\"email\":\"info@eldigitaldeasturias.com\",\"telephone\":\"+34652131393\",\"logo\":{\"@type\":\"ImageObject\",\"url\":\"https:\\\/\\\/www.eldigitaldeasturias.com\\\/noticias\\\/wp-content\\\/uploads\\\/2020\\\/12\\\/EDA.jpg\",\"@id\":\"https:\\\/\\\/www.eldigitaldeasturias.com\\\/noticias\\\/el-papa-cita-a-espana-entre-los-paises-con-nacimientos-casi-bajo-cero\\\/#organizationLogo\",\"width\":649,\"height\":297},\"image\":{\"@id\":\"https:\\\/\\\/www.eldigitaldeasturias.com\\\/noticias\\\/el-papa-cita-a-espana-entre-los-paises-con-nacimientos-casi-bajo-cero\\\/#organizationLogo\"},\"sameAs\":[\"https:\\\/\\\/facebook.com\\\/eldigitaldeasturias\",\"https:\\\/\\\/www.youtube.com\\\/channel\\\/UCZP-2wLEB9Rv6erhFmqVnvg\"],\"address\":{\"@id\":\"https:\\\/\\\/www.eldigitaldeasturias.com\\\/noticias\\\/#postaladdress\",\"@type\":\"PostalAddress\",\"streetAddress\":\"san antonio 4,\",\"postalCode\":\"33430\",\"addressLocality\":\"Cand\\u00e1s\",\"addressRegion\":\"Asturias\",\"addressCountry\":\"ES\"}},{\"@type\":\"Person\",\"@id\":\"https:\\\/\\\/www.eldigitaldeasturias.com\\\/noticias\\\/author\\\/admin\\\/#author\",\"url\":\"https:\\\/\\\/www.eldigitaldeasturias.com\\\/noticias\\\/author\\\/admin\\\/\",\"name\":\"El Digital de Asturias\",\"image\":{\"@type\":\"ImageObject\",\"@id\":\"https:\\\/\\\/www.eldigitaldeasturias.com\\\/noticias\\\/el-papa-cita-a-espana-entre-los-paises-con-nacimientos-casi-bajo-cero\\\/#authorImage\",\"url\":\"https:\\\/\\\/www.eldigitaldeasturias.com\\\/noticias\\\/wp-content\\\/litespeed\\\/avatar\\\/18677e78aa0546b92d9dbf31ec7d7668.jpg?ver=1776685526\",\"width\":96,\"height\":96,\"caption\":\"El Digital de Asturias\"}},{\"@type\":\"WebPage\",\"@id\":\"https:\\\/\\\/www.eldigitaldeasturias.com\\\/noticias\\\/el-papa-cita-a-espana-entre-los-paises-con-nacimientos-casi-bajo-cero\\\/#webpage\",\"url\":\"https:\\\/\\\/www.eldigitaldeasturias.com\\\/noticias\\\/el-papa-cita-a-espana-entre-los-paises-con-nacimientos-casi-bajo-cero\\\/\",\"name\":\"El Papa cita a Espa\\u00f1a entre los pa\\u00edses con nacimientos \\u00abcasi bajo cero\\u00bb - El Digital de Asturias\",\"description\":\"El Papa Francisco ha citado el caso de Espa\\u00f1a para ejemplificar el problema de la baja natalidad en algunos pa\\u00edses donde, a su juicio, no se tienen hijos por miedo a que el pa\\u00eds caiga en la miseria. \\\"Aqu\\u00ed en Italia, el \\u00edndice de natalidad est\\u00e1 casi bajo cero y en Espa\\u00f1a tambi\\u00e9n, m\\u00e1s o\",\"inLanguage\":\"es-ES\",\"isPartOf\":{\"@id\":\"https:\\\/\\\/www.eldigitaldeasturias.com\\\/noticias\\\/#website\"},\"breadcrumb\":{\"@id\":\"https:\\\/\\\/www.eldigitaldeasturias.com\\\/noticias\\\/el-papa-cita-a-espana-entre-los-paises-con-nacimientos-casi-bajo-cero\\\/#breadcrumblist\"},\"author\":{\"@id\":\"https:\\\/\\\/www.eldigitaldeasturias.com\\\/noticias\\\/author\\\/admin\\\/#author\"},\"creator\":{\"@id\":\"https:\\\/\\\/www.eldigitaldeasturias.com\\\/noticias\\\/author\\\/admin\\\/#author\"},\"image\":{\"@type\":\"ImageObject\",\"url\":\"https:\\\/\\\/www.eldigitaldeasturias.com\\\/noticias\\\/wp-content\\\/uploads\\\/2016\\\/02\\\/fotonoticia_20160202152447_800.jpg\",\"@id\":\"https:\\\/\\\/www.eldigitaldeasturias.com\\\/noticias\\\/el-papa-cita-a-espana-entre-los-paises-con-nacimientos-casi-bajo-cero\\\/#mainImage\",\"width\":800,\"height\":450},\"primaryImageOfPage\":{\"@id\":\"https:\\\/\\\/www.eldigitaldeasturias.com\\\/noticias\\\/el-papa-cita-a-espana-entre-los-paises-con-nacimientos-casi-bajo-cero\\\/#mainImage\"},\"datePublished\":\"2016-02-03T00:42:34+01:00\",\"dateModified\":\"2016-02-03T00:42:34+01:00\"},{\"@type\":\"WebSite\",\"@id\":\"https:\\\/\\\/www.eldigitaldeasturias.com\\\/noticias\\\/#website\",\"url\":\"https:\\\/\\\/www.eldigitaldeasturias.com\\\/noticias\\\/\",\"name\":\"El Digital de Asturias - Diario de actualidad y noticias\",\"alternateName\":\"El Digital de Asturias - Diario de actualidad y noticias\",\"description\":\"Hemeroteca\",\"inLanguage\":\"es-ES\",\"publisher\":{\"@id\":\"https:\\\/\\\/www.eldigitaldeasturias.com\\\/noticias\\\/#organization\"}}]}\n\t\t<\/script>\n\t\t<!-- All in One SEO Pro -->\r\n\t\t<title>El Papa cita a Espa\u00f1a entre los pa\u00edses con nacimientos \u00abcasi bajo cero\u00bb - El Digital de Asturias<\/title>\n\n","aioseo_head_json":{"title":"El Papa cita a Espa\u00f1a entre los pa\u00edses con nacimientos \u00abcasi bajo cero\u00bb - El Digital de Asturias","description":"El Papa Francisco ha citado el caso de Espa\u00f1a para ejemplificar el problema de la baja natalidad en algunos pa\u00edses donde, a su juicio, no se tienen hijos por miedo a que el pa\u00eds caiga en la miseria. \"Aqu\u00ed en Italia, el \u00edndice de natalidad est\u00e1 casi bajo cero y en Espa\u00f1a tambi\u00e9n, m\u00e1s o","canonical_url":"https:\/\/www.eldigitaldeasturias.com\/noticias\/el-papa-cita-a-espana-entre-los-paises-con-nacimientos-casi-bajo-cero\/","robots":"max-image-preview:large","keywords":"sociedad","webmasterTools":{"google-site-verification":"UA-38556648-1","msvalidate.01":"7dfe9f3f1b24437ab69f4f2559babe99","miscellaneous":""},"schema":{"@context":"https:\/\/schema.org","@graph":[{"@type":"BlogPosting","@id":"https:\/\/www.eldigitaldeasturias.com\/noticias\/el-papa-cita-a-espana-entre-los-paises-con-nacimientos-casi-bajo-cero\/#blogposting","name":"El Papa cita a Espa\u00f1a entre los pa\u00edses con nacimientos \u00abcasi bajo cero\u00bb - El Digital de Asturias","headline":"El Papa cita a Espa\u00f1a entre los pa\u00edses con nacimientos \u00abcasi bajo cero\u00bb","author":{"@id":"https:\/\/www.eldigitaldeasturias.com\/noticias\/author\/admin\/#author"},"publisher":{"@id":"https:\/\/www.eldigitaldeasturias.com\/noticias\/#organization"},"image":{"@type":"ImageObject","url":"https:\/\/www.eldigitaldeasturias.com\/noticias\/wp-content\/uploads\/2016\/02\/fotonoticia_20160202152447_800.jpg","width":800,"height":450},"datePublished":"2016-02-03T00:42:34+01:00","dateModified":"2016-02-03T00:42:34+01:00","inLanguage":"es-ES","mainEntityOfPage":{"@id":"https:\/\/www.eldigitaldeasturias.com\/noticias\/el-papa-cita-a-espana-entre-los-paises-con-nacimientos-casi-bajo-cero\/#webpage"},"isPartOf":{"@id":"https:\/\/www.eldigitaldeasturias.com\/noticias\/el-papa-cita-a-espana-entre-los-paises-con-nacimientos-casi-bajo-cero\/#webpage"},"articleSection":"Sociedad"},{"@type":"BreadcrumbList","@id":"https:\/\/www.eldigitaldeasturias.com\/noticias\/el-papa-cita-a-espana-entre-los-paises-con-nacimientos-casi-bajo-cero\/#breadcrumblist","itemListElement":[{"@type":"ListItem","@id":"https:\/\/www.eldigitaldeasturias.com\/noticias#listItem","position":1,"name":"Home","item":"https:\/\/www.eldigitaldeasturias.com\/noticias","nextItem":{"@type":"ListItem","@id":"https:\/\/www.eldigitaldeasturias.com\/noticias\/category\/sociedad\/#listItem","name":"Sociedad"}},{"@type":"ListItem","@id":"https:\/\/www.eldigitaldeasturias.com\/noticias\/category\/sociedad\/#listItem","position":2,"name":"Sociedad","item":"https:\/\/www.eldigitaldeasturias.com\/noticias\/category\/sociedad\/","nextItem":{"@type":"ListItem","@id":"https:\/\/www.eldigitaldeasturias.com\/noticias\/el-papa-cita-a-espana-entre-los-paises-con-nacimientos-casi-bajo-cero\/#listItem","name":"El Papa cita a Espa\u00f1a entre los pa\u00edses con nacimientos \u00abcasi bajo cero\u00bb"},"previousItem":{"@type":"ListItem","@id":"https:\/\/www.eldigitaldeasturias.com\/noticias#listItem","name":"Home"}},{"@type":"ListItem","@id":"https:\/\/www.eldigitaldeasturias.com\/noticias\/el-papa-cita-a-espana-entre-los-paises-con-nacimientos-casi-bajo-cero\/#listItem","position":3,"name":"El Papa cita a Espa\u00f1a entre los pa\u00edses con nacimientos \u00abcasi bajo cero\u00bb","previousItem":{"@type":"ListItem","@id":"https:\/\/www.eldigitaldeasturias.com\/noticias\/category\/sociedad\/#listItem","name":"Sociedad"}}]},{"@type":"Organization","@id":"https:\/\/www.eldigitaldeasturias.com\/noticias\/#organization","name":"El Digital de Asturias","description":"Hemeroteca","url":"https:\/\/www.eldigitaldeasturias.com\/noticias\/","email":"info@eldigitaldeasturias.com","telephone":"+34652131393","logo":{"@type":"ImageObject","url":"https:\/\/www.eldigitaldeasturias.com\/noticias\/wp-content\/uploads\/2020\/12\/EDA.jpg","@id":"https:\/\/www.eldigitaldeasturias.com\/noticias\/el-papa-cita-a-espana-entre-los-paises-con-nacimientos-casi-bajo-cero\/#organizationLogo","width":649,"height":297},"image":{"@id":"https:\/\/www.eldigitaldeasturias.com\/noticias\/el-papa-cita-a-espana-entre-los-paises-con-nacimientos-casi-bajo-cero\/#organizationLogo"},"sameAs":["https:\/\/facebook.com\/eldigitaldeasturias","https:\/\/www.youtube.com\/channel\/UCZP-2wLEB9Rv6erhFmqVnvg"],"address":{"@id":"https:\/\/www.eldigitaldeasturias.com\/noticias\/#postaladdress","@type":"PostalAddress","streetAddress":"san antonio 4,","postalCode":"33430","addressLocality":"Cand\u00e1s","addressRegion":"Asturias","addressCountry":"ES"}},{"@type":"Person","@id":"https:\/\/www.eldigitaldeasturias.com\/noticias\/author\/admin\/#author","url":"https:\/\/www.eldigitaldeasturias.com\/noticias\/author\/admin\/","name":"El Digital de Asturias","image":{"@type":"ImageObject","@id":"https:\/\/www.eldigitaldeasturias.com\/noticias\/el-papa-cita-a-espana-entre-los-paises-con-nacimientos-casi-bajo-cero\/#authorImage","url":"https:\/\/www.eldigitaldeasturias.com\/noticias\/wp-content\/litespeed\/avatar\/18677e78aa0546b92d9dbf31ec7d7668.jpg?ver=1776685526","width":96,"height":96,"caption":"El Digital de Asturias"}},{"@type":"WebPage","@id":"https:\/\/www.eldigitaldeasturias.com\/noticias\/el-papa-cita-a-espana-entre-los-paises-con-nacimientos-casi-bajo-cero\/#webpage","url":"https:\/\/www.eldigitaldeasturias.com\/noticias\/el-papa-cita-a-espana-entre-los-paises-con-nacimientos-casi-bajo-cero\/","name":"El Papa cita a Espa\u00f1a entre los pa\u00edses con nacimientos \u00abcasi bajo cero\u00bb - El Digital de Asturias","description":"El Papa Francisco ha citado el caso de Espa\u00f1a para ejemplificar el problema de la baja natalidad en algunos pa\u00edses donde, a su juicio, no se tienen hijos por miedo a que el pa\u00eds caiga en la miseria. \"Aqu\u00ed en Italia, el \u00edndice de natalidad est\u00e1 casi bajo cero y en Espa\u00f1a tambi\u00e9n, m\u00e1s o","inLanguage":"es-ES","isPartOf":{"@id":"https:\/\/www.eldigitaldeasturias.com\/noticias\/#website"},"breadcrumb":{"@id":"https:\/\/www.eldigitaldeasturias.com\/noticias\/el-papa-cita-a-espana-entre-los-paises-con-nacimientos-casi-bajo-cero\/#breadcrumblist"},"author":{"@id":"https:\/\/www.eldigitaldeasturias.com\/noticias\/author\/admin\/#author"},"creator":{"@id":"https:\/\/www.eldigitaldeasturias.com\/noticias\/author\/admin\/#author"},"image":{"@type":"ImageObject","url":"https:\/\/www.eldigitaldeasturias.com\/noticias\/wp-content\/uploads\/2016\/02\/fotonoticia_20160202152447_800.jpg","@id":"https:\/\/www.eldigitaldeasturias.com\/noticias\/el-papa-cita-a-espana-entre-los-paises-con-nacimientos-casi-bajo-cero\/#mainImage","width":800,"height":450},"primaryImageOfPage":{"@id":"https:\/\/www.eldigitaldeasturias.com\/noticias\/el-papa-cita-a-espana-entre-los-paises-con-nacimientos-casi-bajo-cero\/#mainImage"},"datePublished":"2016-02-03T00:42:34+01:00","dateModified":"2016-02-03T00:42:34+01:00"},{"@type":"WebSite","@id":"https:\/\/www.eldigitaldeasturias.com\/noticias\/#website","url":"https:\/\/www.eldigitaldeasturias.com\/noticias\/","name":"El Digital de Asturias - Diario de actualidad y noticias","alternateName":"El Digital de Asturias - Diario de actualidad y noticias","description":"Hemeroteca","inLanguage":"es-ES","publisher":{"@id":"https:\/\/www.eldigitaldeasturias.com\/noticias\/#organization"}}]},"og:locale":"es_ES","og:site_name":"El Digital de Asturias","og:type":"article","og:title":"El Papa cita a Espa\u00f1a entre los pa\u00edses con nacimientos \u00abcasi bajo cero\u00bb - El Digital de Asturias","og:description":"El Papa Francisco ha citado el caso de Espa\u00f1a para ejemplificar el problema de la baja natalidad en algunos pa\u00edses donde, a su juicio, no se tienen hijos por miedo a que el pa\u00eds caiga en la miseria. &quot;Aqu\u00ed en Italia, el \u00edndice de natalidad est\u00e1 casi bajo cero y en Espa\u00f1a tambi\u00e9n, m\u00e1s o","og:url":"https:\/\/www.eldigitaldeasturias.com\/noticias\/el-papa-cita-a-espana-entre-los-paises-con-nacimientos-casi-bajo-cero\/","og:image":"https:\/\/www.eldigitaldeasturias.com\/noticias\/wp-content\/uploads\/2016\/02\/fotonoticia_20160202152447_800.jpg","og:image:secure_url":"https:\/\/www.eldigitaldeasturias.com\/noticias\/wp-content\/uploads\/2016\/02\/fotonoticia_20160202152447_800.jpg","og:image:width":800,"og:image:height":450,"article:tag":["sociedad"],"article:published_time":"2016-02-03T00:42:34+00:00","article:modified_time":"2016-02-03T00:42:34+00:00","article:publisher":"https:\/\/facebook.com\/eldigitaldeasturias","twitter:card":"summary_large_image","twitter:title":"El Papa cita a Espa\u00f1a entre los pa\u00edses con nacimientos \u00abcasi bajo cero\u00bb - El Digital de Asturias","twitter:description":"El Papa Francisco ha citado el caso de Espa\u00f1a para ejemplificar el problema de la baja natalidad en algunos pa\u00edses donde, a su juicio, no se tienen hijos por miedo a que el pa\u00eds caiga en la miseria. &quot;Aqu\u00ed en Italia, el \u00edndice de natalidad est\u00e1 casi bajo cero y en Espa\u00f1a tambi\u00e9n, m\u00e1s o","twitter:image":"https:\/\/www.eldigitaldeasturias.com\/noticias\/wp-content\/uploads\/2016\/02\/fotonoticia_20160202152447_800.jpg","twitter:label1":"Escrito por","twitter:data1":"El Digital de Asturias","twitter:label2":"Tiempo de lectura estimado","twitter:data2":"3 minutos"},"aioseo_meta_data":{"post_id":"853259","title":null,"description":null,"keywords":null,"keyphrases":null,"primary_term":null,"canonical_url":null,"og_title":null,"og_description":null,"og_object_type":"default","og_image_type":"default","og_image_url":null,"og_image_width":null,"og_image_height":null,"og_image_custom_url":null,"og_image_custom_fields":null,"og_video":null,"og_custom_url":null,"og_article_section":null,"og_article_tags":null,"twitter_use_og":false,"twitter_card":"default","twitter_image_type":"default","twitter_image_url":null,"twitter_image_custom_url":null,"twitter_image_custom_fields":null,"twitter_title":null,"twitter_description":null,"schema":{"blockGraphs":[],"customGraphs":[],"default":{"data":{"Article":[],"Course":[],"Dataset":[],"FAQPage":[],"Movie":[],"Person":[],"Product":[],"ProductReview":[],"Car":[],"Recipe":[],"Service":[],"SoftwareApplication":[],"WebPage":[]},"graphName":"","isEnabled":true},"graphs":[],"defaultGraph":"","defaultPostTypeGraph":""},"schema_type":null,"schema_type_options":null,"pillar_content":false,"robots_default":true,"robots_noindex":false,"robots_noarchive":false,"robots_nosnippet":false,"robots_nofollow":false,"robots_noimageindex":false,"robots_noodp":false,"robots_notranslate":false,"robots_max_snippet":null,"robots_max_videopreview":null,"robots_max_imagepreview":"large","priority":null,"frequency":null,"local_seo":null,"seo_analyzer_scan_date":"2025-12-09 17:27:12","breadcrumb_settings":null,"limit_modified_date":false,"open_ai":null,"ai":null,"created":"2021-01-22 03:59:55","updated":"2025-12-09 17:27:12"},"aioseo_breadcrumb":"<div class=\"aioseo-breadcrumbs\"><span class=\"aioseo-breadcrumb\">\n\t<a href=\"https:\/\/www.eldigitaldeasturias.com\/noticias\" title=\"Home\">Home<\/a>\n<\/span><span class=\"aioseo-breadcrumb-separator\">\u2013<\/span><span class=\"aioseo-breadcrumb\">\n\t<a href=\"https:\/\/www.eldigitaldeasturias.com\/noticias\/category\/sociedad\/\" title=\"Sociedad\">Sociedad<\/a>\n<\/span><span class=\"aioseo-breadcrumb-separator\">\u2013<\/span><span class=\"aioseo-breadcrumb\">\n\t<a href=\"https:\/\/www.eldigitaldeasturias.com\/noticias\/el-papa-cita-a-espana-entre-los-paises-con-nacimientos-casi-bajo-cero\/\" title=\"El Papa cita a Espa\u00f1a entre los pa\u00edses con nacimientos \u00abcasi bajo cero\u00bb\">El Papa cita a Espa\u00f1a entre los pa\u00edses con nacimientos \u00abcasi bajo cero\u00bb<\/a>\n<\/span><\/div>","aioseo_breadcrumb_json":[{"label":"Home","link":"https:\/\/www.eldigitaldeasturias.com\/noticias"},{"label":"Sociedad","link":"https:\/\/www.eldigitaldeasturias.com\/noticias\/category\/sociedad\/"},{"label":"El Papa cita a Espa\u00f1a entre los pa\u00edses con nacimientos \u00abcasi bajo cero\u00bb","link":"https:\/\/www.eldigitaldeasturias.com\/noticias\/el-papa-cita-a-espana-entre-los-paises-con-nacimientos-casi-bajo-cero\/"}],"_links":{"self":[{"href":"https:\/\/www.eldigitaldeasturias.com\/noticias\/wp-json\/wp\/v2\/posts\/853259","targetHints":{"allow":["GET"]}}],"collection":[{"href":"https:\/\/www.eldigitaldeasturias.com\/noticias\/wp-json\/wp\/v2\/posts"}],"about":[{"href":"https:\/\/www.eldigitaldeasturias.com\/noticias\/wp-json\/wp\/v2\/types\/post"}],"author":[{"embeddable":true,"href":"https:\/\/www.eldigitaldeasturias.com\/noticias\/wp-json\/wp\/v2\/users\/1"}],"replies":[{"embeddable":true,"href":"https:\/\/www.eldigitaldeasturias.com\/noticias\/wp-json\/wp\/v2\/comments?post=853259"}],"version-history":[{"count":0,"href":"https:\/\/www.eldigitaldeasturias.com\/noticias\/wp-json\/wp\/v2\/posts\/853259\/revisions"}],"wp:featuredmedia":[{"embeddable":true,"href":"https:\/\/www.eldigitaldeasturias.com\/noticias\/wp-json\/wp\/v2\/media\/853260"}],"wp:attachment":[{"href":"https:\/\/www.eldigitaldeasturias.com\/noticias\/wp-json\/wp\/v2\/media?parent=853259"}],"wp:term":[{"taxonomy":"category","embeddable":true,"href":"https:\/\/www.eldigitaldeasturias.com\/noticias\/wp-json\/wp\/v2\/categories?post=853259"},{"taxonomy":"post_tag","embeddable":true,"href":"https:\/\/www.eldigitaldeasturias.com\/noticias\/wp-json\/wp\/v2\/tags?post=853259"}],"curies":[{"name":"wp","href":"https:\/\/api.w.org\/{rel}","templated":true}]}}