{"id":853256,"date":"2016-02-03T00:41:05","date_gmt":"2016-02-03T00:41:05","guid":{"rendered":"http:\/\/www.eldigitaldeasturias.com\/noticias\/?p=853256"},"modified":"2016-02-03T00:41:05","modified_gmt":"2016-02-03T00:41:05","slug":"la-marmota-phil-de-punxsutawney-predice-que-la-primavera-esta-a-la-vuelta-de-la-esquina","status":"publish","type":"post","link":"https:\/\/www.eldigitaldeasturias.com\/noticias\/la-marmota-phil-de-punxsutawney-predice-que-la-primavera-esta-a-la-vuelta-de-la-esquina\/","title":{"rendered":"La marmota Phil de Punxsutawney predice que la primavera est\u00e1 a la vuelta de la esquina"},"content":{"rendered":"<p><img loading=\"lazy\" decoding=\"async\" class=\"alignleft size-medium wp-image-853257\" src=\"https:\/\/www.eldigitaldeasturias.com\/noticias\/wp-content\/uploads\/2016\/02\/fotonoticia_20160202145800_800-360x238.jpg\" alt=\"fotonoticia_20160202145800_800\" width=\"360\" height=\"238\" srcset=\"https:\/\/www.eldigitaldeasturias.com\/noticias\/wp-content\/uploads\/2016\/02\/fotonoticia_20160202145800_800-360x238.jpg 360w, https:\/\/www.eldigitaldeasturias.com\/noticias\/wp-content\/uploads\/2016\/02\/fotonoticia_20160202145800_800-768x507.jpg 768w, https:\/\/www.eldigitaldeasturias.com\/noticias\/wp-content\/uploads\/2016\/02\/fotonoticia_20160202145800_800-650x429.jpg 650w, https:\/\/www.eldigitaldeasturias.com\/noticias\/wp-content\/uploads\/2016\/02\/fotonoticia_20160202145800_800-84x55.jpg 84w, https:\/\/www.eldigitaldeasturias.com\/noticias\/wp-content\/uploads\/2016\/02\/fotonoticia_20160202145800_800-49x32.jpg 49w, https:\/\/www.eldigitaldeasturias.com\/noticias\/wp-content\/uploads\/2016\/02\/fotonoticia_20160202145800_800.jpg 800w\" sizes=\"auto, (max-width: 360px) 100vw, 360px\" \/>La primavera llegar\u00e1 con antelaci\u00f3n, seg\u00fan el pron\u00f3stico de la marmota Phil, que desde hace 130 a\u00f1os predice si la estaci\u00f3n llegar\u00e1 en sus fechas habituales, en torno al 19 de marzo, o bien si se adelantar\u00e1.<\/p>\n<p>Este a\u00f1o, seg\u00fan la marmota m\u00e1s famosa del mundo, la primavera est\u00e1 a punto de comenzar, ya que Phil no ha visto su sombra. La predicci\u00f3n de Phil se ha producido a las 07.25 horas de la ma\u00f1ana entre aplausos de miles de ciudadanos que participaron bajo un cielo azul a -6,1 grados cent\u00edgrados de temperatura en la localidad de Punxsutawney, en Pensilvania (Estados Unidos). Se trata de una tradici\u00f3n de los estadounidenses para conocer la duraci\u00f3n del invierno.<\/p>\n<p>Seg\u00fan la leyenda, si la marmota ve su sombra en el &#8216;Groundhog day&#8217;, cada dos de febrero, el tiempo fr\u00edo se mantendr\u00e1 en Am\u00e9rica del norte durante seis semanas m\u00e1s, pero si esa ma\u00f1ana, el cielo est\u00e1 nuboso y la sombra no aparece, entonces el tiempo primaveral est\u00e1 casi a la vuelta de la esquina.<\/p>\n<p>La portavoz del Club, Katie Donald, ha dicho que 1886 fue la primera vez que el Club Trekked to Globbler&#8217;s Knob y la marmota deliberaron sobre la predicci\u00f3n estacional. La cobertura de los medios de comunicaci\u00f3n comenz\u00f3 al a\u00f1o siguiente.<\/p>\n<p>El C\u00edrculo Interior del Groundhog Club, cuyos miembros con su caracter\u00edstico sombrero de copa se encargan del traslado y cuidado de la marmota, ha anunciado la predicci\u00f3n de Phil en la plaza de Punxsutawney, en presencia de unas 40.000 personas.<\/p>\n<p>El origen del d\u00eda de la marmota viene de los alemanes en Pensilvania en el siglo XVII. La primera vez que se celebr\u00f3 fue en 1887, cuando se vio la sombra de Phil e indic\u00f3 que el tiempo seguir\u00eda fr\u00edo durante seis semanas m\u00e1s. Desde entonces, la jornada se ha celebrado en 118 ocasiones, todos excepto entre 1889 y 1899, cuando no hay datos sobre la celebraci\u00f3n de su predicci\u00f3n.<\/p>\n<p>Seg\u00fan la tradici\u00f3n, si roedor ve su sombra el dos de febrero, el invierno durar\u00e1 al menos seis semanas m\u00e1s, si no, la primavera se adelantar\u00e1.<\/p>\n<p>En 2014 la sombra se produjo a las 7.28 horas, con cielos nublados. En 2013, Phil no vio su sombra, lo que predijo una temprana lelgada de la primavera, sin embargo, en aquella ocasi\u00f3n el pron\u00f3stico no acert\u00f3, porque el invierno no termin\u00f3 pronto. En la actualidad, seg\u00fan el n\u00famero de aciertos y errores del pron\u00f3stico de Phil, se estima que sus predicciones tienen una probabilidad de acierto en torno al 40 por ciento.<\/p>\n<p>En realidad, la predicci\u00f3n de la mascota Phil es decidida por el grupo de Globber&#8217;s Knob, una peque\u00f1a colina en la peque\u00f1a localidad situada a unos 100 kil\u00f3metros al noreste de Pittsburg (Pensilvania).<\/p>\n<p>Para el Centro Nacional de Datos del Clima (NCDC) de la Agencia de Oc\u00e9anos y Atm\u00f3sfera de Estados Unidos (NOAA), los pron\u00f3sticos de Phil son \u00abde media, incorrectos\u00bb y la marmota no ha tenido \u00e9xito en predecir la llegada de la primavera, \u00abespecialmente en a\u00f1os recientes\u00bb.<\/p>\n<p>Mientras, un an\u00e1lisis de un profesor de Econom\u00eda del Middlebury College de Vermon en 2015 apunt\u00f3 que en sus 129 a\u00f1os, Phil ha acertado en su pron\u00f3stico en un 70,4 por ciento de las ocasiones.<\/p>\n<p>A medida que la fama de la predicci\u00f3n de Phil ha ido creciendo, la marmota tiene que enfrentarse a una legi\u00f3n de imitadores en los \u00faltimos a\u00f1os, como en la ciudad de Nueva York, donde otra marmota predictora ha generado la controversia con la localidad de Pensilvania.<\/p>\n<p>MUERE LA MARMOTA CANADIENSE<\/p>\n<p>Precisamente, este mismo lunes la marmota canadiense muri\u00f3, un d\u00eda antes de que tuviera que hacer su predicci\u00f3n de la duraci\u00f3n del invierno. La organizaci\u00f3n del evento canadiense, el Prairie Wildlife Rehabilitation Centre, que organiza el &#8216;Happy Groundhog&#8217;s Day&#8217; ha confirmado la muerte de Willow y ha a\u00f1adido que este ser\u00e1 el primer d\u00eda de la marmota canadiense sin marmota.<\/p>\n<p>La organizaci\u00f3n ha agradecido todas las muestras de cari\u00f1o de tantas personas como se han solidarizado con el pesar de los cuidadores de Willow y se\u00f1alan que ella estar\u00eda orgullosa de ser recordada. \u00abLa predicci\u00f3n meteorol\u00f3gica final para 2016 de Willow, podr\u00eda haber sido la de anunciar una temprana primavera. Esperamos que su predicci\u00f3n se cumpla. Te echaremos de menos, Willow\u00bb, ha concluido el centro que se encargaba de sus cuidados.<\/p>\n","protected":false},"excerpt":{"rendered":"<p>La primavera llegar\u00e1 con antelaci\u00f3n, seg\u00fan el pron\u00f3stico de la marmota Phil, que desde hace 130 a\u00f1os predice si la estaci\u00f3n llegar\u00e1 en sus fechas habituales, en torno al 19 de marzo, o bien si se adelantar\u00e1. Este a\u00f1o, seg\u00fan la marmota m\u00e1s famosa del mundo, la primavera est\u00e1 a punto de comenzar, ya que [&hellip;]<\/p>\n","protected":false},"author":1,"featured_media":853257,"comment_status":"closed","ping_status":"closed","sticky":false,"template":"","format":"standard","meta":{"footnotes":""},"categories":[1],"tags":[],"class_list":["post-853256","post","type-post","status-publish","format-standard","has-post-thumbnail","hentry","category-actualidad"],"aioseo_notices":[],"aioseo_head":"\n\t\t<!-- All in One SEO Pro 4.9.6.2 - aioseo.com -->\n\t<meta name=\"description\" content=\"La primavera llegar\u00e1 con antelaci\u00f3n, seg\u00fan el pron\u00f3stico de la marmota Phil, que desde hace 130 a\u00f1os predice si la estaci\u00f3n llegar\u00e1 en sus fechas habituales, en torno al 19 de marzo, o bien si se adelantar\u00e1. Este a\u00f1o, seg\u00fan la marmota m\u00e1s famosa del mundo, la primavera est\u00e1 a punto de comenzar, ya que\" \/>\n\t<meta name=\"robots\" content=\"max-image-preview:large\" \/>\n\t<meta name=\"author\" content=\"El Digital de Asturias\"\/>\n\t<meta name=\"google-site-verification\" content=\"UA-38556648-1\" \/>\n\t<meta name=\"msvalidate.01\" content=\"7dfe9f3f1b24437ab69f4f2559babe99\" \/>\n\t<meta name=\"keywords\" content=\"actualidad\" \/>\n\t<link rel=\"canonical\" href=\"https:\/\/www.eldigitaldeasturias.com\/noticias\/la-marmota-phil-de-punxsutawney-predice-que-la-primavera-esta-a-la-vuelta-de-la-esquina\/\" \/>\n\t<meta name=\"generator\" content=\"All in One SEO Pro (AIOSEO) 4.9.6.2\" \/>\n\t\t<meta property=\"og:locale\" content=\"es_ES\" \/>\n\t\t<meta property=\"og:site_name\" content=\"El Digital de Asturias\" \/>\n\t\t<meta property=\"og:type\" content=\"article\" \/>\n\t\t<meta property=\"og:title\" content=\"La marmota Phil de Punxsutawney predice que la primavera est\u00e1 a la vuelta de la esquina - El Digital de Asturias\" \/>\n\t\t<meta property=\"og:description\" content=\"La primavera llegar\u00e1 con antelaci\u00f3n, seg\u00fan el pron\u00f3stico de la marmota Phil, que desde hace 130 a\u00f1os predice si la estaci\u00f3n llegar\u00e1 en sus fechas habituales, en torno al 19 de marzo, o bien si se adelantar\u00e1. Este a\u00f1o, seg\u00fan la marmota m\u00e1s famosa del mundo, la primavera est\u00e1 a punto de comenzar, ya que\" \/>\n\t\t<meta property=\"og:url\" content=\"https:\/\/www.eldigitaldeasturias.com\/noticias\/la-marmota-phil-de-punxsutawney-predice-que-la-primavera-esta-a-la-vuelta-de-la-esquina\/\" \/>\n\t\t<meta property=\"og:image\" content=\"https:\/\/www.eldigitaldeasturias.com\/noticias\/wp-content\/uploads\/2016\/02\/fotonoticia_20160202145800_800.jpg\" \/>\n\t\t<meta property=\"og:image:secure_url\" content=\"https:\/\/www.eldigitaldeasturias.com\/noticias\/wp-content\/uploads\/2016\/02\/fotonoticia_20160202145800_800.jpg\" \/>\n\t\t<meta property=\"og:image:width\" content=\"800\" \/>\n\t\t<meta property=\"og:image:height\" content=\"528\" \/>\n\t\t<meta property=\"article:tag\" content=\"actualidad\" \/>\n\t\t<meta property=\"article:published_time\" content=\"2016-02-03T00:41:05+00:00\" \/>\n\t\t<meta property=\"article:modified_time\" content=\"2016-02-03T00:41:05+00:00\" \/>\n\t\t<meta property=\"article:publisher\" content=\"https:\/\/facebook.com\/eldigitaldeasturias\" \/>\n\t\t<meta name=\"twitter:card\" content=\"summary_large_image\" \/>\n\t\t<meta name=\"twitter:title\" content=\"La marmota Phil de Punxsutawney predice que la primavera est\u00e1 a la vuelta de la esquina - El Digital de Asturias\" \/>\n\t\t<meta name=\"twitter:description\" content=\"La primavera llegar\u00e1 con antelaci\u00f3n, seg\u00fan el pron\u00f3stico de la marmota Phil, que desde hace 130 a\u00f1os predice si la estaci\u00f3n llegar\u00e1 en sus fechas habituales, en torno al 19 de marzo, o bien si se adelantar\u00e1. Este a\u00f1o, seg\u00fan la marmota m\u00e1s famosa del mundo, la primavera est\u00e1 a punto de comenzar, ya que\" \/>\n\t\t<meta name=\"twitter:image\" content=\"https:\/\/www.eldigitaldeasturias.com\/noticias\/wp-content\/uploads\/2016\/02\/fotonoticia_20160202145800_800.jpg\" \/>\n\t\t<meta name=\"twitter:label1\" content=\"Escrito por\" \/>\n\t\t<meta name=\"twitter:data1\" content=\"El Digital de Asturias\" \/>\n\t\t<meta name=\"twitter:label2\" content=\"Tiempo de lectura estimado\" \/>\n\t\t<meta name=\"twitter:data2\" content=\"4 minutos\" \/>\n\t\t<script type=\"application\/ld+json\" class=\"aioseo-schema\">\n\t\t\t{\"@context\":\"https:\\\/\\\/schema.org\",\"@graph\":[{\"@type\":\"BlogPosting\",\"@id\":\"https:\\\/\\\/www.eldigitaldeasturias.com\\\/noticias\\\/la-marmota-phil-de-punxsutawney-predice-que-la-primavera-esta-a-la-vuelta-de-la-esquina\\\/#blogposting\",\"name\":\"La marmota Phil de Punxsutawney predice que la primavera est\\u00e1 a la vuelta de la esquina - El Digital de Asturias\",\"headline\":\"La marmota Phil de Punxsutawney predice que la primavera est\\u00e1 a la vuelta de la esquina\",\"author\":{\"@id\":\"https:\\\/\\\/www.eldigitaldeasturias.com\\\/noticias\\\/author\\\/admin\\\/#author\"},\"publisher\":{\"@id\":\"https:\\\/\\\/www.eldigitaldeasturias.com\\\/noticias\\\/#organization\"},\"image\":{\"@type\":\"ImageObject\",\"url\":\"https:\\\/\\\/www.eldigitaldeasturias.com\\\/noticias\\\/wp-content\\\/uploads\\\/2016\\\/02\\\/fotonoticia_20160202145800_800.jpg\",\"width\":800,\"height\":528},\"datePublished\":\"2016-02-03T00:41:05+01:00\",\"dateModified\":\"2016-02-03T00:41:05+01:00\",\"inLanguage\":\"es-ES\",\"mainEntityOfPage\":{\"@id\":\"https:\\\/\\\/www.eldigitaldeasturias.com\\\/noticias\\\/la-marmota-phil-de-punxsutawney-predice-que-la-primavera-esta-a-la-vuelta-de-la-esquina\\\/#webpage\"},\"isPartOf\":{\"@id\":\"https:\\\/\\\/www.eldigitaldeasturias.com\\\/noticias\\\/la-marmota-phil-de-punxsutawney-predice-que-la-primavera-esta-a-la-vuelta-de-la-esquina\\\/#webpage\"},\"articleSection\":\"Actualidad\"},{\"@type\":\"BreadcrumbList\",\"@id\":\"https:\\\/\\\/www.eldigitaldeasturias.com\\\/noticias\\\/la-marmota-phil-de-punxsutawney-predice-que-la-primavera-esta-a-la-vuelta-de-la-esquina\\\/#breadcrumblist\",\"itemListElement\":[{\"@type\":\"ListItem\",\"@id\":\"https:\\\/\\\/www.eldigitaldeasturias.com\\\/noticias#listItem\",\"position\":1,\"name\":\"Home\",\"item\":\"https:\\\/\\\/www.eldigitaldeasturias.com\\\/noticias\",\"nextItem\":{\"@type\":\"ListItem\",\"@id\":\"https:\\\/\\\/www.eldigitaldeasturias.com\\\/noticias\\\/category\\\/actualidad\\\/#listItem\",\"name\":\"Actualidad\"}},{\"@type\":\"ListItem\",\"@id\":\"https:\\\/\\\/www.eldigitaldeasturias.com\\\/noticias\\\/category\\\/actualidad\\\/#listItem\",\"position\":2,\"name\":\"Actualidad\",\"item\":\"https:\\\/\\\/www.eldigitaldeasturias.com\\\/noticias\\\/category\\\/actualidad\\\/\",\"nextItem\":{\"@type\":\"ListItem\",\"@id\":\"https:\\\/\\\/www.eldigitaldeasturias.com\\\/noticias\\\/la-marmota-phil-de-punxsutawney-predice-que-la-primavera-esta-a-la-vuelta-de-la-esquina\\\/#listItem\",\"name\":\"La marmota Phil de Punxsutawney predice que la primavera est\\u00e1 a la vuelta de la esquina\"},\"previousItem\":{\"@type\":\"ListItem\",\"@id\":\"https:\\\/\\\/www.eldigitaldeasturias.com\\\/noticias#listItem\",\"name\":\"Home\"}},{\"@type\":\"ListItem\",\"@id\":\"https:\\\/\\\/www.eldigitaldeasturias.com\\\/noticias\\\/la-marmota-phil-de-punxsutawney-predice-que-la-primavera-esta-a-la-vuelta-de-la-esquina\\\/#listItem\",\"position\":3,\"name\":\"La marmota Phil de Punxsutawney predice que la primavera est\\u00e1 a la vuelta de la esquina\",\"previousItem\":{\"@type\":\"ListItem\",\"@id\":\"https:\\\/\\\/www.eldigitaldeasturias.com\\\/noticias\\\/category\\\/actualidad\\\/#listItem\",\"name\":\"Actualidad\"}}]},{\"@type\":\"Organization\",\"@id\":\"https:\\\/\\\/www.eldigitaldeasturias.com\\\/noticias\\\/#organization\",\"name\":\"El Digital de Asturias\",\"description\":\"Hemeroteca\",\"url\":\"https:\\\/\\\/www.eldigitaldeasturias.com\\\/noticias\\\/\",\"email\":\"info@eldigitaldeasturias.com\",\"telephone\":\"+34652131393\",\"logo\":{\"@type\":\"ImageObject\",\"url\":\"https:\\\/\\\/www.eldigitaldeasturias.com\\\/noticias\\\/wp-content\\\/uploads\\\/2020\\\/12\\\/EDA.jpg\",\"@id\":\"https:\\\/\\\/www.eldigitaldeasturias.com\\\/noticias\\\/la-marmota-phil-de-punxsutawney-predice-que-la-primavera-esta-a-la-vuelta-de-la-esquina\\\/#organizationLogo\",\"width\":649,\"height\":297},\"image\":{\"@id\":\"https:\\\/\\\/www.eldigitaldeasturias.com\\\/noticias\\\/la-marmota-phil-de-punxsutawney-predice-que-la-primavera-esta-a-la-vuelta-de-la-esquina\\\/#organizationLogo\"},\"sameAs\":[\"https:\\\/\\\/facebook.com\\\/eldigitaldeasturias\",\"https:\\\/\\\/www.youtube.com\\\/channel\\\/UCZP-2wLEB9Rv6erhFmqVnvg\"],\"address\":{\"@id\":\"https:\\\/\\\/www.eldigitaldeasturias.com\\\/noticias\\\/#postaladdress\",\"@type\":\"PostalAddress\",\"streetAddress\":\"san antonio 4,\",\"postalCode\":\"33430\",\"addressLocality\":\"Cand\\u00e1s\",\"addressRegion\":\"Asturias\",\"addressCountry\":\"ES\"}},{\"@type\":\"Person\",\"@id\":\"https:\\\/\\\/www.eldigitaldeasturias.com\\\/noticias\\\/author\\\/admin\\\/#author\",\"url\":\"https:\\\/\\\/www.eldigitaldeasturias.com\\\/noticias\\\/author\\\/admin\\\/\",\"name\":\"El Digital de Asturias\",\"image\":{\"@type\":\"ImageObject\",\"@id\":\"https:\\\/\\\/www.eldigitaldeasturias.com\\\/noticias\\\/la-marmota-phil-de-punxsutawney-predice-que-la-primavera-esta-a-la-vuelta-de-la-esquina\\\/#authorImage\",\"url\":\"https:\\\/\\\/www.eldigitaldeasturias.com\\\/noticias\\\/wp-content\\\/litespeed\\\/avatar\\\/18677e78aa0546b92d9dbf31ec7d7668.jpg?ver=1776685526\",\"width\":96,\"height\":96,\"caption\":\"El Digital de Asturias\"}},{\"@type\":\"WebPage\",\"@id\":\"https:\\\/\\\/www.eldigitaldeasturias.com\\\/noticias\\\/la-marmota-phil-de-punxsutawney-predice-que-la-primavera-esta-a-la-vuelta-de-la-esquina\\\/#webpage\",\"url\":\"https:\\\/\\\/www.eldigitaldeasturias.com\\\/noticias\\\/la-marmota-phil-de-punxsutawney-predice-que-la-primavera-esta-a-la-vuelta-de-la-esquina\\\/\",\"name\":\"La marmota Phil de Punxsutawney predice que la primavera est\\u00e1 a la vuelta de la esquina - El Digital de Asturias\",\"description\":\"La primavera llegar\\u00e1 con antelaci\\u00f3n, seg\\u00fan el pron\\u00f3stico de la marmota Phil, que desde hace 130 a\\u00f1os predice si la estaci\\u00f3n llegar\\u00e1 en sus fechas habituales, en torno al 19 de marzo, o bien si se adelantar\\u00e1. Este a\\u00f1o, seg\\u00fan la marmota m\\u00e1s famosa del mundo, la primavera est\\u00e1 a punto de comenzar, ya que\",\"inLanguage\":\"es-ES\",\"isPartOf\":{\"@id\":\"https:\\\/\\\/www.eldigitaldeasturias.com\\\/noticias\\\/#website\"},\"breadcrumb\":{\"@id\":\"https:\\\/\\\/www.eldigitaldeasturias.com\\\/noticias\\\/la-marmota-phil-de-punxsutawney-predice-que-la-primavera-esta-a-la-vuelta-de-la-esquina\\\/#breadcrumblist\"},\"author\":{\"@id\":\"https:\\\/\\\/www.eldigitaldeasturias.com\\\/noticias\\\/author\\\/admin\\\/#author\"},\"creator\":{\"@id\":\"https:\\\/\\\/www.eldigitaldeasturias.com\\\/noticias\\\/author\\\/admin\\\/#author\"},\"image\":{\"@type\":\"ImageObject\",\"url\":\"https:\\\/\\\/www.eldigitaldeasturias.com\\\/noticias\\\/wp-content\\\/uploads\\\/2016\\\/02\\\/fotonoticia_20160202145800_800.jpg\",\"@id\":\"https:\\\/\\\/www.eldigitaldeasturias.com\\\/noticias\\\/la-marmota-phil-de-punxsutawney-predice-que-la-primavera-esta-a-la-vuelta-de-la-esquina\\\/#mainImage\",\"width\":800,\"height\":528},\"primaryImageOfPage\":{\"@id\":\"https:\\\/\\\/www.eldigitaldeasturias.com\\\/noticias\\\/la-marmota-phil-de-punxsutawney-predice-que-la-primavera-esta-a-la-vuelta-de-la-esquina\\\/#mainImage\"},\"datePublished\":\"2016-02-03T00:41:05+01:00\",\"dateModified\":\"2016-02-03T00:41:05+01:00\"},{\"@type\":\"WebSite\",\"@id\":\"https:\\\/\\\/www.eldigitaldeasturias.com\\\/noticias\\\/#website\",\"url\":\"https:\\\/\\\/www.eldigitaldeasturias.com\\\/noticias\\\/\",\"name\":\"El Digital de Asturias - Diario de actualidad y noticias\",\"alternateName\":\"El Digital de Asturias - Diario de actualidad y noticias\",\"description\":\"Hemeroteca\",\"inLanguage\":\"es-ES\",\"publisher\":{\"@id\":\"https:\\\/\\\/www.eldigitaldeasturias.com\\\/noticias\\\/#organization\"}}]}\n\t\t<\/script>\n\t\t<!-- All in One SEO Pro -->\r\n\t\t<title>La marmota Phil de Punxsutawney predice que la primavera est\u00e1 a la vuelta de la esquina - El Digital de Asturias<\/title>\n\n","aioseo_head_json":{"title":"La marmota Phil de Punxsutawney predice que la primavera est\u00e1 a la vuelta de la esquina - El Digital de Asturias","description":"La primavera llegar\u00e1 con antelaci\u00f3n, seg\u00fan el pron\u00f3stico de la marmota Phil, que desde hace 130 a\u00f1os predice si la estaci\u00f3n llegar\u00e1 en sus fechas habituales, en torno al 19 de marzo, o bien si se adelantar\u00e1. Este a\u00f1o, seg\u00fan la marmota m\u00e1s famosa del mundo, la primavera est\u00e1 a punto de comenzar, ya que","canonical_url":"https:\/\/www.eldigitaldeasturias.com\/noticias\/la-marmota-phil-de-punxsutawney-predice-que-la-primavera-esta-a-la-vuelta-de-la-esquina\/","robots":"max-image-preview:large","keywords":"actualidad","webmasterTools":{"google-site-verification":"UA-38556648-1","msvalidate.01":"7dfe9f3f1b24437ab69f4f2559babe99","miscellaneous":""},"schema":{"@context":"https:\/\/schema.org","@graph":[{"@type":"BlogPosting","@id":"https:\/\/www.eldigitaldeasturias.com\/noticias\/la-marmota-phil-de-punxsutawney-predice-que-la-primavera-esta-a-la-vuelta-de-la-esquina\/#blogposting","name":"La marmota Phil de Punxsutawney predice que la primavera est\u00e1 a la vuelta de la esquina - El Digital de Asturias","headline":"La marmota Phil de Punxsutawney predice que la primavera est\u00e1 a la vuelta de la esquina","author":{"@id":"https:\/\/www.eldigitaldeasturias.com\/noticias\/author\/admin\/#author"},"publisher":{"@id":"https:\/\/www.eldigitaldeasturias.com\/noticias\/#organization"},"image":{"@type":"ImageObject","url":"https:\/\/www.eldigitaldeasturias.com\/noticias\/wp-content\/uploads\/2016\/02\/fotonoticia_20160202145800_800.jpg","width":800,"height":528},"datePublished":"2016-02-03T00:41:05+01:00","dateModified":"2016-02-03T00:41:05+01:00","inLanguage":"es-ES","mainEntityOfPage":{"@id":"https:\/\/www.eldigitaldeasturias.com\/noticias\/la-marmota-phil-de-punxsutawney-predice-que-la-primavera-esta-a-la-vuelta-de-la-esquina\/#webpage"},"isPartOf":{"@id":"https:\/\/www.eldigitaldeasturias.com\/noticias\/la-marmota-phil-de-punxsutawney-predice-que-la-primavera-esta-a-la-vuelta-de-la-esquina\/#webpage"},"articleSection":"Actualidad"},{"@type":"BreadcrumbList","@id":"https:\/\/www.eldigitaldeasturias.com\/noticias\/la-marmota-phil-de-punxsutawney-predice-que-la-primavera-esta-a-la-vuelta-de-la-esquina\/#breadcrumblist","itemListElement":[{"@type":"ListItem","@id":"https:\/\/www.eldigitaldeasturias.com\/noticias#listItem","position":1,"name":"Home","item":"https:\/\/www.eldigitaldeasturias.com\/noticias","nextItem":{"@type":"ListItem","@id":"https:\/\/www.eldigitaldeasturias.com\/noticias\/category\/actualidad\/#listItem","name":"Actualidad"}},{"@type":"ListItem","@id":"https:\/\/www.eldigitaldeasturias.com\/noticias\/category\/actualidad\/#listItem","position":2,"name":"Actualidad","item":"https:\/\/www.eldigitaldeasturias.com\/noticias\/category\/actualidad\/","nextItem":{"@type":"ListItem","@id":"https:\/\/www.eldigitaldeasturias.com\/noticias\/la-marmota-phil-de-punxsutawney-predice-que-la-primavera-esta-a-la-vuelta-de-la-esquina\/#listItem","name":"La marmota Phil de Punxsutawney predice que la primavera est\u00e1 a la vuelta de la esquina"},"previousItem":{"@type":"ListItem","@id":"https:\/\/www.eldigitaldeasturias.com\/noticias#listItem","name":"Home"}},{"@type":"ListItem","@id":"https:\/\/www.eldigitaldeasturias.com\/noticias\/la-marmota-phil-de-punxsutawney-predice-que-la-primavera-esta-a-la-vuelta-de-la-esquina\/#listItem","position":3,"name":"La marmota Phil de Punxsutawney predice que la primavera est\u00e1 a la vuelta de la esquina","previousItem":{"@type":"ListItem","@id":"https:\/\/www.eldigitaldeasturias.com\/noticias\/category\/actualidad\/#listItem","name":"Actualidad"}}]},{"@type":"Organization","@id":"https:\/\/www.eldigitaldeasturias.com\/noticias\/#organization","name":"El Digital de Asturias","description":"Hemeroteca","url":"https:\/\/www.eldigitaldeasturias.com\/noticias\/","email":"info@eldigitaldeasturias.com","telephone":"+34652131393","logo":{"@type":"ImageObject","url":"https:\/\/www.eldigitaldeasturias.com\/noticias\/wp-content\/uploads\/2020\/12\/EDA.jpg","@id":"https:\/\/www.eldigitaldeasturias.com\/noticias\/la-marmota-phil-de-punxsutawney-predice-que-la-primavera-esta-a-la-vuelta-de-la-esquina\/#organizationLogo","width":649,"height":297},"image":{"@id":"https:\/\/www.eldigitaldeasturias.com\/noticias\/la-marmota-phil-de-punxsutawney-predice-que-la-primavera-esta-a-la-vuelta-de-la-esquina\/#organizationLogo"},"sameAs":["https:\/\/facebook.com\/eldigitaldeasturias","https:\/\/www.youtube.com\/channel\/UCZP-2wLEB9Rv6erhFmqVnvg"],"address":{"@id":"https:\/\/www.eldigitaldeasturias.com\/noticias\/#postaladdress","@type":"PostalAddress","streetAddress":"san antonio 4,","postalCode":"33430","addressLocality":"Cand\u00e1s","addressRegion":"Asturias","addressCountry":"ES"}},{"@type":"Person","@id":"https:\/\/www.eldigitaldeasturias.com\/noticias\/author\/admin\/#author","url":"https:\/\/www.eldigitaldeasturias.com\/noticias\/author\/admin\/","name":"El Digital de Asturias","image":{"@type":"ImageObject","@id":"https:\/\/www.eldigitaldeasturias.com\/noticias\/la-marmota-phil-de-punxsutawney-predice-que-la-primavera-esta-a-la-vuelta-de-la-esquina\/#authorImage","url":"https:\/\/www.eldigitaldeasturias.com\/noticias\/wp-content\/litespeed\/avatar\/18677e78aa0546b92d9dbf31ec7d7668.jpg?ver=1776685526","width":96,"height":96,"caption":"El Digital de Asturias"}},{"@type":"WebPage","@id":"https:\/\/www.eldigitaldeasturias.com\/noticias\/la-marmota-phil-de-punxsutawney-predice-que-la-primavera-esta-a-la-vuelta-de-la-esquina\/#webpage","url":"https:\/\/www.eldigitaldeasturias.com\/noticias\/la-marmota-phil-de-punxsutawney-predice-que-la-primavera-esta-a-la-vuelta-de-la-esquina\/","name":"La marmota Phil de Punxsutawney predice que la primavera est\u00e1 a la vuelta de la esquina - El Digital de Asturias","description":"La primavera llegar\u00e1 con antelaci\u00f3n, seg\u00fan el pron\u00f3stico de la marmota Phil, que desde hace 130 a\u00f1os predice si la estaci\u00f3n llegar\u00e1 en sus fechas habituales, en torno al 19 de marzo, o bien si se adelantar\u00e1. Este a\u00f1o, seg\u00fan la marmota m\u00e1s famosa del mundo, la primavera est\u00e1 a punto de comenzar, ya que","inLanguage":"es-ES","isPartOf":{"@id":"https:\/\/www.eldigitaldeasturias.com\/noticias\/#website"},"breadcrumb":{"@id":"https:\/\/www.eldigitaldeasturias.com\/noticias\/la-marmota-phil-de-punxsutawney-predice-que-la-primavera-esta-a-la-vuelta-de-la-esquina\/#breadcrumblist"},"author":{"@id":"https:\/\/www.eldigitaldeasturias.com\/noticias\/author\/admin\/#author"},"creator":{"@id":"https:\/\/www.eldigitaldeasturias.com\/noticias\/author\/admin\/#author"},"image":{"@type":"ImageObject","url":"https:\/\/www.eldigitaldeasturias.com\/noticias\/wp-content\/uploads\/2016\/02\/fotonoticia_20160202145800_800.jpg","@id":"https:\/\/www.eldigitaldeasturias.com\/noticias\/la-marmota-phil-de-punxsutawney-predice-que-la-primavera-esta-a-la-vuelta-de-la-esquina\/#mainImage","width":800,"height":528},"primaryImageOfPage":{"@id":"https:\/\/www.eldigitaldeasturias.com\/noticias\/la-marmota-phil-de-punxsutawney-predice-que-la-primavera-esta-a-la-vuelta-de-la-esquina\/#mainImage"},"datePublished":"2016-02-03T00:41:05+01:00","dateModified":"2016-02-03T00:41:05+01:00"},{"@type":"WebSite","@id":"https:\/\/www.eldigitaldeasturias.com\/noticias\/#website","url":"https:\/\/www.eldigitaldeasturias.com\/noticias\/","name":"El Digital de Asturias - Diario de actualidad y noticias","alternateName":"El Digital de Asturias - Diario de actualidad y noticias","description":"Hemeroteca","inLanguage":"es-ES","publisher":{"@id":"https:\/\/www.eldigitaldeasturias.com\/noticias\/#organization"}}]},"og:locale":"es_ES","og:site_name":"El Digital de Asturias","og:type":"article","og:title":"La marmota Phil de Punxsutawney predice que la primavera est\u00e1 a la vuelta de la esquina - El Digital de Asturias","og:description":"La primavera llegar\u00e1 con antelaci\u00f3n, seg\u00fan el pron\u00f3stico de la marmota Phil, que desde hace 130 a\u00f1os predice si la estaci\u00f3n llegar\u00e1 en sus fechas habituales, en torno al 19 de marzo, o bien si se adelantar\u00e1. Este a\u00f1o, seg\u00fan la marmota m\u00e1s famosa del mundo, la primavera est\u00e1 a punto de comenzar, ya que","og:url":"https:\/\/www.eldigitaldeasturias.com\/noticias\/la-marmota-phil-de-punxsutawney-predice-que-la-primavera-esta-a-la-vuelta-de-la-esquina\/","og:image":"https:\/\/www.eldigitaldeasturias.com\/noticias\/wp-content\/uploads\/2016\/02\/fotonoticia_20160202145800_800.jpg","og:image:secure_url":"https:\/\/www.eldigitaldeasturias.com\/noticias\/wp-content\/uploads\/2016\/02\/fotonoticia_20160202145800_800.jpg","og:image:width":800,"og:image:height":528,"article:tag":["actualidad"],"article:published_time":"2016-02-03T00:41:05+00:00","article:modified_time":"2016-02-03T00:41:05+00:00","article:publisher":"https:\/\/facebook.com\/eldigitaldeasturias","twitter:card":"summary_large_image","twitter:title":"La marmota Phil de Punxsutawney predice que la primavera est\u00e1 a la vuelta de la esquina - El Digital de Asturias","twitter:description":"La primavera llegar\u00e1 con antelaci\u00f3n, seg\u00fan el pron\u00f3stico de la marmota Phil, que desde hace 130 a\u00f1os predice si la estaci\u00f3n llegar\u00e1 en sus fechas habituales, en torno al 19 de marzo, o bien si se adelantar\u00e1. Este a\u00f1o, seg\u00fan la marmota m\u00e1s famosa del mundo, la primavera est\u00e1 a punto de comenzar, ya que","twitter:image":"https:\/\/www.eldigitaldeasturias.com\/noticias\/wp-content\/uploads\/2016\/02\/fotonoticia_20160202145800_800.jpg","twitter:label1":"Escrito por","twitter:data1":"El Digital de Asturias","twitter:label2":"Tiempo de lectura estimado","twitter:data2":"4 minutos"},"aioseo_meta_data":{"post_id":"853256","title":null,"description":null,"keywords":null,"keyphrases":null,"primary_term":null,"canonical_url":null,"og_title":null,"og_description":null,"og_object_type":"default","og_image_type":"default","og_image_url":null,"og_image_width":null,"og_image_height":null,"og_image_custom_url":null,"og_image_custom_fields":null,"og_video":null,"og_custom_url":null,"og_article_section":null,"og_article_tags":null,"twitter_use_og":false,"twitter_card":"default","twitter_image_type":"default","twitter_image_url":null,"twitter_image_custom_url":null,"twitter_image_custom_fields":null,"twitter_title":null,"twitter_description":null,"schema":{"blockGraphs":[],"customGraphs":[],"default":{"data":{"Article":[],"Course":[],"Dataset":[],"FAQPage":[],"Movie":[],"Person":[],"Product":[],"ProductReview":[],"Car":[],"Recipe":[],"Service":[],"SoftwareApplication":[],"WebPage":[]},"graphName":"","isEnabled":true},"graphs":[],"defaultGraph":"","defaultPostTypeGraph":""},"schema_type":null,"schema_type_options":null,"pillar_content":false,"robots_default":true,"robots_noindex":false,"robots_noarchive":false,"robots_nosnippet":false,"robots_nofollow":false,"robots_noimageindex":false,"robots_noodp":false,"robots_notranslate":false,"robots_max_snippet":null,"robots_max_videopreview":null,"robots_max_imagepreview":"large","priority":null,"frequency":null,"local_seo":null,"seo_analyzer_scan_date":"2025-12-09 17:27:12","breadcrumb_settings":null,"limit_modified_date":false,"open_ai":null,"ai":null,"created":"2021-01-22 17:24:01","updated":"2025-12-09 17:27:12"},"aioseo_breadcrumb":"<div class=\"aioseo-breadcrumbs\"><span class=\"aioseo-breadcrumb\">\n\t<a href=\"https:\/\/www.eldigitaldeasturias.com\/noticias\" title=\"Home\">Home<\/a>\n<\/span><span class=\"aioseo-breadcrumb-separator\">\u2013<\/span><span class=\"aioseo-breadcrumb\">\n\t<a href=\"https:\/\/www.eldigitaldeasturias.com\/noticias\/category\/actualidad\/\" title=\"Actualidad\">Actualidad<\/a>\n<\/span><span class=\"aioseo-breadcrumb-separator\">\u2013<\/span><span class=\"aioseo-breadcrumb\">\n\t<a href=\"https:\/\/www.eldigitaldeasturias.com\/noticias\/la-marmota-phil-de-punxsutawney-predice-que-la-primavera-esta-a-la-vuelta-de-la-esquina\/\" title=\"La marmota Phil de Punxsutawney predice que la primavera est\u00e1 a la vuelta de la esquina\">La marmota Phil de Punxsutawney predice que la primavera est\u00e1 a la vuelta de la esquina<\/a>\n<\/span><\/div>","aioseo_breadcrumb_json":[{"label":"Home","link":"https:\/\/www.eldigitaldeasturias.com\/noticias"},{"label":"Actualidad","link":"https:\/\/www.eldigitaldeasturias.com\/noticias\/category\/actualidad\/"},{"label":"La marmota Phil de Punxsutawney predice que la primavera est\u00e1 a la vuelta de la esquina","link":"https:\/\/www.eldigitaldeasturias.com\/noticias\/la-marmota-phil-de-punxsutawney-predice-que-la-primavera-esta-a-la-vuelta-de-la-esquina\/"}],"_links":{"self":[{"href":"https:\/\/www.eldigitaldeasturias.com\/noticias\/wp-json\/wp\/v2\/posts\/853256","targetHints":{"allow":["GET"]}}],"collection":[{"href":"https:\/\/www.eldigitaldeasturias.com\/noticias\/wp-json\/wp\/v2\/posts"}],"about":[{"href":"https:\/\/www.eldigitaldeasturias.com\/noticias\/wp-json\/wp\/v2\/types\/post"}],"author":[{"embeddable":true,"href":"https:\/\/www.eldigitaldeasturias.com\/noticias\/wp-json\/wp\/v2\/users\/1"}],"replies":[{"embeddable":true,"href":"https:\/\/www.eldigitaldeasturias.com\/noticias\/wp-json\/wp\/v2\/comments?post=853256"}],"version-history":[{"count":0,"href":"https:\/\/www.eldigitaldeasturias.com\/noticias\/wp-json\/wp\/v2\/posts\/853256\/revisions"}],"wp:featuredmedia":[{"embeddable":true,"href":"https:\/\/www.eldigitaldeasturias.com\/noticias\/wp-json\/wp\/v2\/media\/853257"}],"wp:attachment":[{"href":"https:\/\/www.eldigitaldeasturias.com\/noticias\/wp-json\/wp\/v2\/media?parent=853256"}],"wp:term":[{"taxonomy":"category","embeddable":true,"href":"https:\/\/www.eldigitaldeasturias.com\/noticias\/wp-json\/wp\/v2\/categories?post=853256"},{"taxonomy":"post_tag","embeddable":true,"href":"https:\/\/www.eldigitaldeasturias.com\/noticias\/wp-json\/wp\/v2\/tags?post=853256"}],"curies":[{"name":"wp","href":"https:\/\/api.w.org\/{rel}","templated":true}]}}