{"id":853250,"date":"2016-02-03T00:35:48","date_gmt":"2016-02-03T00:35:48","guid":{"rendered":"http:\/\/www.eldigitaldeasturias.com\/noticias\/?p=853250"},"modified":"2016-02-03T00:35:48","modified_gmt":"2016-02-03T00:35:48","slug":"el-arzobispo-de-barcelona-pide-rezar-por-la-lluvia","status":"publish","type":"post","link":"https:\/\/www.eldigitaldeasturias.com\/noticias\/el-arzobispo-de-barcelona-pide-rezar-por-la-lluvia\/","title":{"rendered":"El arzobispo de Barcelona pide rezar por la lluvia"},"content":{"rendered":"<p><img loading=\"lazy\" decoding=\"async\" class=\"alignleft size-medium wp-image-853251\" src=\"https:\/\/www.eldigitaldeasturias.com\/noticias\/wp-content\/uploads\/2016\/02\/fotonoticia_20160202131514_800-360x240.jpg\" alt=\"fotonoticia_20160202131514_800\" width=\"360\" height=\"240\" srcset=\"https:\/\/www.eldigitaldeasturias.com\/noticias\/wp-content\/uploads\/2016\/02\/fotonoticia_20160202131514_800-360x240.jpg 360w, https:\/\/www.eldigitaldeasturias.com\/noticias\/wp-content\/uploads\/2016\/02\/fotonoticia_20160202131514_800-768x513.jpg 768w, https:\/\/www.eldigitaldeasturias.com\/noticias\/wp-content\/uploads\/2016\/02\/fotonoticia_20160202131514_800-650x434.jpg 650w, https:\/\/www.eldigitaldeasturias.com\/noticias\/wp-content\/uploads\/2016\/02\/fotonoticia_20160202131514_800-84x55.jpg 84w, https:\/\/www.eldigitaldeasturias.com\/noticias\/wp-content\/uploads\/2016\/02\/fotonoticia_20160202131514_800-49x32.jpg 49w, https:\/\/www.eldigitaldeasturias.com\/noticias\/wp-content\/uploads\/2016\/02\/fotonoticia_20160202131514_800.jpg 800w\" sizes=\"auto, (max-width: 360px) 100vw, 360px\" \/>El arzobispo de Barcelona, Juan Jos\u00e9 Omella, ha encomendado por carta a los diocesanos a rezar para pedir lluvia, \u00abla tan deseada agua para los campos, los pueblos y las ciudades\u00bb, cuando hace m\u00e1s de 90 d\u00edas que no se registra ninguna precipitaci\u00f3n en el \u00e1rea metropolitana de Barcelona.<\/p>\n<p>En la misiva, recogida por Europa Press, Omella ha solicitado que las misas que se celebran diariamente en la archidi\u00f3cesis se hagan eco de la \u00abgran preocupaci\u00f3n\u00bb por la sequ\u00eda, tanto del mundo rural como de las ciudades de Catalunya y el resto de Espa\u00f1a, y ha sugerido una oraci\u00f3n que pueden incluir, ha informado el Arzobispado este martes.<\/p>\n<p>El arzobispo ha hecho referencia al Concilio Vaticano II para requerir que la comunidad refleje las preocupaciones y necesidades de la sociedad, y ha puesto el ejemplo evang\u00e9lico del profeta El\u00edas que, seg\u00fan el ap\u00f3stol San Jaime, \u00abrog\u00f3 insistentemente\u00bb para que lloviera.<\/p>\n","protected":false},"excerpt":{"rendered":"<p>El arzobispo de Barcelona, Juan Jos\u00e9 Omella, ha encomendado por carta a los diocesanos a rezar para pedir lluvia, \u00abla tan deseada agua para los campos, los pueblos y las ciudades\u00bb, cuando hace m\u00e1s de 90 d\u00edas que no se registra ninguna precipitaci\u00f3n en el \u00e1rea metropolitana de Barcelona. En la misiva, recogida por Europa [&hellip;]<\/p>\n","protected":false},"author":1,"featured_media":853251,"comment_status":"closed","ping_status":"closed","sticky":false,"template":"","format":"standard","meta":{"footnotes":""},"categories":[1],"tags":[],"class_list":["post-853250","post","type-post","status-publish","format-standard","has-post-thumbnail","hentry","category-actualidad"],"aioseo_notices":[],"aioseo_head":"\n\t\t<!-- All in One SEO Pro 4.9.6.2 - aioseo.com -->\n\t<meta name=\"description\" content=\"El arzobispo de Barcelona, Juan Jos\u00e9 Omella, ha encomendado por carta a los diocesanos a rezar para pedir lluvia, &quot;la tan deseada agua para los campos, los pueblos y las ciudades&quot;, cuando hace m\u00e1s de 90 d\u00edas que no se registra ninguna precipitaci\u00f3n en el \u00e1rea metropolitana de Barcelona. En la misiva, recogida por Europa\" \/>\n\t<meta name=\"robots\" content=\"max-image-preview:large\" \/>\n\t<meta name=\"author\" content=\"El Digital de Asturias\"\/>\n\t<meta name=\"google-site-verification\" content=\"UA-38556648-1\" \/>\n\t<meta name=\"msvalidate.01\" content=\"7dfe9f3f1b24437ab69f4f2559babe99\" \/>\n\t<meta name=\"keywords\" content=\"actualidad\" \/>\n\t<link rel=\"canonical\" href=\"https:\/\/www.eldigitaldeasturias.com\/noticias\/el-arzobispo-de-barcelona-pide-rezar-por-la-lluvia\/\" \/>\n\t<meta name=\"generator\" content=\"All in One SEO Pro (AIOSEO) 4.9.6.2\" \/>\n\t\t<meta property=\"og:locale\" content=\"es_ES\" \/>\n\t\t<meta property=\"og:site_name\" content=\"El Digital de Asturias\" \/>\n\t\t<meta property=\"og:type\" content=\"article\" \/>\n\t\t<meta property=\"og:title\" content=\"El arzobispo de Barcelona pide rezar por la lluvia - El Digital de Asturias\" \/>\n\t\t<meta property=\"og:description\" content=\"El arzobispo de Barcelona, Juan Jos\u00e9 Omella, ha encomendado por carta a los diocesanos a rezar para pedir lluvia, &quot;la tan deseada agua para los campos, los pueblos y las ciudades&quot;, cuando hace m\u00e1s de 90 d\u00edas que no se registra ninguna precipitaci\u00f3n en el \u00e1rea metropolitana de Barcelona. En la misiva, recogida por Europa\" \/>\n\t\t<meta property=\"og:url\" content=\"https:\/\/www.eldigitaldeasturias.com\/noticias\/el-arzobispo-de-barcelona-pide-rezar-por-la-lluvia\/\" \/>\n\t\t<meta property=\"og:image\" content=\"https:\/\/www.eldigitaldeasturias.com\/noticias\/wp-content\/uploads\/2016\/02\/fotonoticia_20160202131514_800.jpg\" \/>\n\t\t<meta property=\"og:image:secure_url\" content=\"https:\/\/www.eldigitaldeasturias.com\/noticias\/wp-content\/uploads\/2016\/02\/fotonoticia_20160202131514_800.jpg\" \/>\n\t\t<meta property=\"og:image:width\" content=\"800\" \/>\n\t\t<meta property=\"og:image:height\" content=\"534\" \/>\n\t\t<meta property=\"article:tag\" content=\"actualidad\" \/>\n\t\t<meta property=\"article:published_time\" content=\"2016-02-03T00:35:48+00:00\" \/>\n\t\t<meta property=\"article:modified_time\" content=\"2016-02-03T00:35:48+00:00\" \/>\n\t\t<meta property=\"article:publisher\" content=\"https:\/\/facebook.com\/eldigitaldeasturias\" \/>\n\t\t<meta name=\"twitter:card\" content=\"summary_large_image\" \/>\n\t\t<meta name=\"twitter:title\" content=\"El arzobispo de Barcelona pide rezar por la lluvia - El Digital de Asturias\" \/>\n\t\t<meta name=\"twitter:description\" content=\"El arzobispo de Barcelona, Juan Jos\u00e9 Omella, ha encomendado por carta a los diocesanos a rezar para pedir lluvia, &quot;la tan deseada agua para los campos, los pueblos y las ciudades&quot;, cuando hace m\u00e1s de 90 d\u00edas que no se registra ninguna precipitaci\u00f3n en el \u00e1rea metropolitana de Barcelona. En la misiva, recogida por Europa\" \/>\n\t\t<meta name=\"twitter:image\" content=\"https:\/\/www.eldigitaldeasturias.com\/noticias\/wp-content\/uploads\/2016\/02\/fotonoticia_20160202131514_800.jpg\" \/>\n\t\t<meta name=\"twitter:label1\" content=\"Escrito por\" \/>\n\t\t<meta name=\"twitter:data1\" content=\"El Digital de Asturias\" \/>\n\t\t<meta name=\"twitter:label2\" content=\"Tiempo de lectura estimado\" \/>\n\t\t<meta name=\"twitter:data2\" content=\"1 minuto\" \/>\n\t\t<script type=\"application\/ld+json\" class=\"aioseo-schema\">\n\t\t\t{\"@context\":\"https:\\\/\\\/schema.org\",\"@graph\":[{\"@type\":\"BlogPosting\",\"@id\":\"https:\\\/\\\/www.eldigitaldeasturias.com\\\/noticias\\\/el-arzobispo-de-barcelona-pide-rezar-por-la-lluvia\\\/#blogposting\",\"name\":\"El arzobispo de Barcelona pide rezar por la lluvia - El Digital de Asturias\",\"headline\":\"El arzobispo de Barcelona pide rezar por la lluvia\",\"author\":{\"@id\":\"https:\\\/\\\/www.eldigitaldeasturias.com\\\/noticias\\\/author\\\/admin\\\/#author\"},\"publisher\":{\"@id\":\"https:\\\/\\\/www.eldigitaldeasturias.com\\\/noticias\\\/#organization\"},\"image\":{\"@type\":\"ImageObject\",\"url\":\"https:\\\/\\\/www.eldigitaldeasturias.com\\\/noticias\\\/wp-content\\\/uploads\\\/2016\\\/02\\\/fotonoticia_20160202131514_800.jpg\",\"width\":800,\"height\":534},\"datePublished\":\"2016-02-03T00:35:48+01:00\",\"dateModified\":\"2016-02-03T00:35:48+01:00\",\"inLanguage\":\"es-ES\",\"mainEntityOfPage\":{\"@id\":\"https:\\\/\\\/www.eldigitaldeasturias.com\\\/noticias\\\/el-arzobispo-de-barcelona-pide-rezar-por-la-lluvia\\\/#webpage\"},\"isPartOf\":{\"@id\":\"https:\\\/\\\/www.eldigitaldeasturias.com\\\/noticias\\\/el-arzobispo-de-barcelona-pide-rezar-por-la-lluvia\\\/#webpage\"},\"articleSection\":\"Actualidad\"},{\"@type\":\"BreadcrumbList\",\"@id\":\"https:\\\/\\\/www.eldigitaldeasturias.com\\\/noticias\\\/el-arzobispo-de-barcelona-pide-rezar-por-la-lluvia\\\/#breadcrumblist\",\"itemListElement\":[{\"@type\":\"ListItem\",\"@id\":\"https:\\\/\\\/www.eldigitaldeasturias.com\\\/noticias#listItem\",\"position\":1,\"name\":\"Home\",\"item\":\"https:\\\/\\\/www.eldigitaldeasturias.com\\\/noticias\",\"nextItem\":{\"@type\":\"ListItem\",\"@id\":\"https:\\\/\\\/www.eldigitaldeasturias.com\\\/noticias\\\/category\\\/actualidad\\\/#listItem\",\"name\":\"Actualidad\"}},{\"@type\":\"ListItem\",\"@id\":\"https:\\\/\\\/www.eldigitaldeasturias.com\\\/noticias\\\/category\\\/actualidad\\\/#listItem\",\"position\":2,\"name\":\"Actualidad\",\"item\":\"https:\\\/\\\/www.eldigitaldeasturias.com\\\/noticias\\\/category\\\/actualidad\\\/\",\"nextItem\":{\"@type\":\"ListItem\",\"@id\":\"https:\\\/\\\/www.eldigitaldeasturias.com\\\/noticias\\\/el-arzobispo-de-barcelona-pide-rezar-por-la-lluvia\\\/#listItem\",\"name\":\"El arzobispo de Barcelona pide rezar por la lluvia\"},\"previousItem\":{\"@type\":\"ListItem\",\"@id\":\"https:\\\/\\\/www.eldigitaldeasturias.com\\\/noticias#listItem\",\"name\":\"Home\"}},{\"@type\":\"ListItem\",\"@id\":\"https:\\\/\\\/www.eldigitaldeasturias.com\\\/noticias\\\/el-arzobispo-de-barcelona-pide-rezar-por-la-lluvia\\\/#listItem\",\"position\":3,\"name\":\"El arzobispo de Barcelona pide rezar por la lluvia\",\"previousItem\":{\"@type\":\"ListItem\",\"@id\":\"https:\\\/\\\/www.eldigitaldeasturias.com\\\/noticias\\\/category\\\/actualidad\\\/#listItem\",\"name\":\"Actualidad\"}}]},{\"@type\":\"Organization\",\"@id\":\"https:\\\/\\\/www.eldigitaldeasturias.com\\\/noticias\\\/#organization\",\"name\":\"El Digital de Asturias\",\"description\":\"Hemeroteca\",\"url\":\"https:\\\/\\\/www.eldigitaldeasturias.com\\\/noticias\\\/\",\"email\":\"info@eldigitaldeasturias.com\",\"telephone\":\"+34652131393\",\"logo\":{\"@type\":\"ImageObject\",\"url\":\"https:\\\/\\\/www.eldigitaldeasturias.com\\\/noticias\\\/wp-content\\\/uploads\\\/2020\\\/12\\\/EDA.jpg\",\"@id\":\"https:\\\/\\\/www.eldigitaldeasturias.com\\\/noticias\\\/el-arzobispo-de-barcelona-pide-rezar-por-la-lluvia\\\/#organizationLogo\",\"width\":649,\"height\":297},\"image\":{\"@id\":\"https:\\\/\\\/www.eldigitaldeasturias.com\\\/noticias\\\/el-arzobispo-de-barcelona-pide-rezar-por-la-lluvia\\\/#organizationLogo\"},\"sameAs\":[\"https:\\\/\\\/facebook.com\\\/eldigitaldeasturias\",\"https:\\\/\\\/www.youtube.com\\\/channel\\\/UCZP-2wLEB9Rv6erhFmqVnvg\"],\"address\":{\"@id\":\"https:\\\/\\\/www.eldigitaldeasturias.com\\\/noticias\\\/#postaladdress\",\"@type\":\"PostalAddress\",\"streetAddress\":\"san antonio 4,\",\"postalCode\":\"33430\",\"addressLocality\":\"Cand\\u00e1s\",\"addressRegion\":\"Asturias\",\"addressCountry\":\"ES\"}},{\"@type\":\"Person\",\"@id\":\"https:\\\/\\\/www.eldigitaldeasturias.com\\\/noticias\\\/author\\\/admin\\\/#author\",\"url\":\"https:\\\/\\\/www.eldigitaldeasturias.com\\\/noticias\\\/author\\\/admin\\\/\",\"name\":\"El Digital de Asturias\",\"image\":{\"@type\":\"ImageObject\",\"@id\":\"https:\\\/\\\/www.eldigitaldeasturias.com\\\/noticias\\\/el-arzobispo-de-barcelona-pide-rezar-por-la-lluvia\\\/#authorImage\",\"url\":\"https:\\\/\\\/www.eldigitaldeasturias.com\\\/noticias\\\/wp-content\\\/litespeed\\\/avatar\\\/18677e78aa0546b92d9dbf31ec7d7668.jpg?ver=1776685526\",\"width\":96,\"height\":96,\"caption\":\"El Digital de Asturias\"}},{\"@type\":\"WebPage\",\"@id\":\"https:\\\/\\\/www.eldigitaldeasturias.com\\\/noticias\\\/el-arzobispo-de-barcelona-pide-rezar-por-la-lluvia\\\/#webpage\",\"url\":\"https:\\\/\\\/www.eldigitaldeasturias.com\\\/noticias\\\/el-arzobispo-de-barcelona-pide-rezar-por-la-lluvia\\\/\",\"name\":\"El arzobispo de Barcelona pide rezar por la lluvia - El Digital de Asturias\",\"description\":\"El arzobispo de Barcelona, Juan Jos\\u00e9 Omella, ha encomendado por carta a los diocesanos a rezar para pedir lluvia, \\\"la tan deseada agua para los campos, los pueblos y las ciudades\\\", cuando hace m\\u00e1s de 90 d\\u00edas que no se registra ninguna precipitaci\\u00f3n en el \\u00e1rea metropolitana de Barcelona. En la misiva, recogida por Europa\",\"inLanguage\":\"es-ES\",\"isPartOf\":{\"@id\":\"https:\\\/\\\/www.eldigitaldeasturias.com\\\/noticias\\\/#website\"},\"breadcrumb\":{\"@id\":\"https:\\\/\\\/www.eldigitaldeasturias.com\\\/noticias\\\/el-arzobispo-de-barcelona-pide-rezar-por-la-lluvia\\\/#breadcrumblist\"},\"author\":{\"@id\":\"https:\\\/\\\/www.eldigitaldeasturias.com\\\/noticias\\\/author\\\/admin\\\/#author\"},\"creator\":{\"@id\":\"https:\\\/\\\/www.eldigitaldeasturias.com\\\/noticias\\\/author\\\/admin\\\/#author\"},\"image\":{\"@type\":\"ImageObject\",\"url\":\"https:\\\/\\\/www.eldigitaldeasturias.com\\\/noticias\\\/wp-content\\\/uploads\\\/2016\\\/02\\\/fotonoticia_20160202131514_800.jpg\",\"@id\":\"https:\\\/\\\/www.eldigitaldeasturias.com\\\/noticias\\\/el-arzobispo-de-barcelona-pide-rezar-por-la-lluvia\\\/#mainImage\",\"width\":800,\"height\":534},\"primaryImageOfPage\":{\"@id\":\"https:\\\/\\\/www.eldigitaldeasturias.com\\\/noticias\\\/el-arzobispo-de-barcelona-pide-rezar-por-la-lluvia\\\/#mainImage\"},\"datePublished\":\"2016-02-03T00:35:48+01:00\",\"dateModified\":\"2016-02-03T00:35:48+01:00\"},{\"@type\":\"WebSite\",\"@id\":\"https:\\\/\\\/www.eldigitaldeasturias.com\\\/noticias\\\/#website\",\"url\":\"https:\\\/\\\/www.eldigitaldeasturias.com\\\/noticias\\\/\",\"name\":\"El Digital de Asturias - Diario de actualidad y noticias\",\"alternateName\":\"El Digital de Asturias - Diario de actualidad y noticias\",\"description\":\"Hemeroteca\",\"inLanguage\":\"es-ES\",\"publisher\":{\"@id\":\"https:\\\/\\\/www.eldigitaldeasturias.com\\\/noticias\\\/#organization\"}}]}\n\t\t<\/script>\n\t\t<!-- All in One SEO Pro -->\r\n\t\t<title>El arzobispo de Barcelona pide rezar por la lluvia - El Digital de Asturias<\/title>\n\n","aioseo_head_json":{"title":"El arzobispo de Barcelona pide rezar por la lluvia - El Digital de Asturias","description":"El arzobispo de Barcelona, Juan Jos\u00e9 Omella, ha encomendado por carta a los diocesanos a rezar para pedir lluvia, \"la tan deseada agua para los campos, los pueblos y las ciudades\", cuando hace m\u00e1s de 90 d\u00edas que no se registra ninguna precipitaci\u00f3n en el \u00e1rea metropolitana de Barcelona. En la misiva, recogida por Europa","canonical_url":"https:\/\/www.eldigitaldeasturias.com\/noticias\/el-arzobispo-de-barcelona-pide-rezar-por-la-lluvia\/","robots":"max-image-preview:large","keywords":"actualidad","webmasterTools":{"google-site-verification":"UA-38556648-1","msvalidate.01":"7dfe9f3f1b24437ab69f4f2559babe99","miscellaneous":""},"schema":{"@context":"https:\/\/schema.org","@graph":[{"@type":"BlogPosting","@id":"https:\/\/www.eldigitaldeasturias.com\/noticias\/el-arzobispo-de-barcelona-pide-rezar-por-la-lluvia\/#blogposting","name":"El arzobispo de Barcelona pide rezar por la lluvia - El Digital de Asturias","headline":"El arzobispo de Barcelona pide rezar por la lluvia","author":{"@id":"https:\/\/www.eldigitaldeasturias.com\/noticias\/author\/admin\/#author"},"publisher":{"@id":"https:\/\/www.eldigitaldeasturias.com\/noticias\/#organization"},"image":{"@type":"ImageObject","url":"https:\/\/www.eldigitaldeasturias.com\/noticias\/wp-content\/uploads\/2016\/02\/fotonoticia_20160202131514_800.jpg","width":800,"height":534},"datePublished":"2016-02-03T00:35:48+01:00","dateModified":"2016-02-03T00:35:48+01:00","inLanguage":"es-ES","mainEntityOfPage":{"@id":"https:\/\/www.eldigitaldeasturias.com\/noticias\/el-arzobispo-de-barcelona-pide-rezar-por-la-lluvia\/#webpage"},"isPartOf":{"@id":"https:\/\/www.eldigitaldeasturias.com\/noticias\/el-arzobispo-de-barcelona-pide-rezar-por-la-lluvia\/#webpage"},"articleSection":"Actualidad"},{"@type":"BreadcrumbList","@id":"https:\/\/www.eldigitaldeasturias.com\/noticias\/el-arzobispo-de-barcelona-pide-rezar-por-la-lluvia\/#breadcrumblist","itemListElement":[{"@type":"ListItem","@id":"https:\/\/www.eldigitaldeasturias.com\/noticias#listItem","position":1,"name":"Home","item":"https:\/\/www.eldigitaldeasturias.com\/noticias","nextItem":{"@type":"ListItem","@id":"https:\/\/www.eldigitaldeasturias.com\/noticias\/category\/actualidad\/#listItem","name":"Actualidad"}},{"@type":"ListItem","@id":"https:\/\/www.eldigitaldeasturias.com\/noticias\/category\/actualidad\/#listItem","position":2,"name":"Actualidad","item":"https:\/\/www.eldigitaldeasturias.com\/noticias\/category\/actualidad\/","nextItem":{"@type":"ListItem","@id":"https:\/\/www.eldigitaldeasturias.com\/noticias\/el-arzobispo-de-barcelona-pide-rezar-por-la-lluvia\/#listItem","name":"El arzobispo de Barcelona pide rezar por la lluvia"},"previousItem":{"@type":"ListItem","@id":"https:\/\/www.eldigitaldeasturias.com\/noticias#listItem","name":"Home"}},{"@type":"ListItem","@id":"https:\/\/www.eldigitaldeasturias.com\/noticias\/el-arzobispo-de-barcelona-pide-rezar-por-la-lluvia\/#listItem","position":3,"name":"El arzobispo de Barcelona pide rezar por la lluvia","previousItem":{"@type":"ListItem","@id":"https:\/\/www.eldigitaldeasturias.com\/noticias\/category\/actualidad\/#listItem","name":"Actualidad"}}]},{"@type":"Organization","@id":"https:\/\/www.eldigitaldeasturias.com\/noticias\/#organization","name":"El Digital de Asturias","description":"Hemeroteca","url":"https:\/\/www.eldigitaldeasturias.com\/noticias\/","email":"info@eldigitaldeasturias.com","telephone":"+34652131393","logo":{"@type":"ImageObject","url":"https:\/\/www.eldigitaldeasturias.com\/noticias\/wp-content\/uploads\/2020\/12\/EDA.jpg","@id":"https:\/\/www.eldigitaldeasturias.com\/noticias\/el-arzobispo-de-barcelona-pide-rezar-por-la-lluvia\/#organizationLogo","width":649,"height":297},"image":{"@id":"https:\/\/www.eldigitaldeasturias.com\/noticias\/el-arzobispo-de-barcelona-pide-rezar-por-la-lluvia\/#organizationLogo"},"sameAs":["https:\/\/facebook.com\/eldigitaldeasturias","https:\/\/www.youtube.com\/channel\/UCZP-2wLEB9Rv6erhFmqVnvg"],"address":{"@id":"https:\/\/www.eldigitaldeasturias.com\/noticias\/#postaladdress","@type":"PostalAddress","streetAddress":"san antonio 4,","postalCode":"33430","addressLocality":"Cand\u00e1s","addressRegion":"Asturias","addressCountry":"ES"}},{"@type":"Person","@id":"https:\/\/www.eldigitaldeasturias.com\/noticias\/author\/admin\/#author","url":"https:\/\/www.eldigitaldeasturias.com\/noticias\/author\/admin\/","name":"El Digital de Asturias","image":{"@type":"ImageObject","@id":"https:\/\/www.eldigitaldeasturias.com\/noticias\/el-arzobispo-de-barcelona-pide-rezar-por-la-lluvia\/#authorImage","url":"https:\/\/www.eldigitaldeasturias.com\/noticias\/wp-content\/litespeed\/avatar\/18677e78aa0546b92d9dbf31ec7d7668.jpg?ver=1776685526","width":96,"height":96,"caption":"El Digital de Asturias"}},{"@type":"WebPage","@id":"https:\/\/www.eldigitaldeasturias.com\/noticias\/el-arzobispo-de-barcelona-pide-rezar-por-la-lluvia\/#webpage","url":"https:\/\/www.eldigitaldeasturias.com\/noticias\/el-arzobispo-de-barcelona-pide-rezar-por-la-lluvia\/","name":"El arzobispo de Barcelona pide rezar por la lluvia - El Digital de Asturias","description":"El arzobispo de Barcelona, Juan Jos\u00e9 Omella, ha encomendado por carta a los diocesanos a rezar para pedir lluvia, \"la tan deseada agua para los campos, los pueblos y las ciudades\", cuando hace m\u00e1s de 90 d\u00edas que no se registra ninguna precipitaci\u00f3n en el \u00e1rea metropolitana de Barcelona. En la misiva, recogida por Europa","inLanguage":"es-ES","isPartOf":{"@id":"https:\/\/www.eldigitaldeasturias.com\/noticias\/#website"},"breadcrumb":{"@id":"https:\/\/www.eldigitaldeasturias.com\/noticias\/el-arzobispo-de-barcelona-pide-rezar-por-la-lluvia\/#breadcrumblist"},"author":{"@id":"https:\/\/www.eldigitaldeasturias.com\/noticias\/author\/admin\/#author"},"creator":{"@id":"https:\/\/www.eldigitaldeasturias.com\/noticias\/author\/admin\/#author"},"image":{"@type":"ImageObject","url":"https:\/\/www.eldigitaldeasturias.com\/noticias\/wp-content\/uploads\/2016\/02\/fotonoticia_20160202131514_800.jpg","@id":"https:\/\/www.eldigitaldeasturias.com\/noticias\/el-arzobispo-de-barcelona-pide-rezar-por-la-lluvia\/#mainImage","width":800,"height":534},"primaryImageOfPage":{"@id":"https:\/\/www.eldigitaldeasturias.com\/noticias\/el-arzobispo-de-barcelona-pide-rezar-por-la-lluvia\/#mainImage"},"datePublished":"2016-02-03T00:35:48+01:00","dateModified":"2016-02-03T00:35:48+01:00"},{"@type":"WebSite","@id":"https:\/\/www.eldigitaldeasturias.com\/noticias\/#website","url":"https:\/\/www.eldigitaldeasturias.com\/noticias\/","name":"El Digital de Asturias - Diario de actualidad y noticias","alternateName":"El Digital de Asturias - Diario de actualidad y noticias","description":"Hemeroteca","inLanguage":"es-ES","publisher":{"@id":"https:\/\/www.eldigitaldeasturias.com\/noticias\/#organization"}}]},"og:locale":"es_ES","og:site_name":"El Digital de Asturias","og:type":"article","og:title":"El arzobispo de Barcelona pide rezar por la lluvia - El Digital de Asturias","og:description":"El arzobispo de Barcelona, Juan Jos\u00e9 Omella, ha encomendado por carta a los diocesanos a rezar para pedir lluvia, &quot;la tan deseada agua para los campos, los pueblos y las ciudades&quot;, cuando hace m\u00e1s de 90 d\u00edas que no se registra ninguna precipitaci\u00f3n en el \u00e1rea metropolitana de Barcelona. En la misiva, recogida por Europa","og:url":"https:\/\/www.eldigitaldeasturias.com\/noticias\/el-arzobispo-de-barcelona-pide-rezar-por-la-lluvia\/","og:image":"https:\/\/www.eldigitaldeasturias.com\/noticias\/wp-content\/uploads\/2016\/02\/fotonoticia_20160202131514_800.jpg","og:image:secure_url":"https:\/\/www.eldigitaldeasturias.com\/noticias\/wp-content\/uploads\/2016\/02\/fotonoticia_20160202131514_800.jpg","og:image:width":800,"og:image:height":534,"article:tag":["actualidad"],"article:published_time":"2016-02-03T00:35:48+00:00","article:modified_time":"2016-02-03T00:35:48+00:00","article:publisher":"https:\/\/facebook.com\/eldigitaldeasturias","twitter:card":"summary_large_image","twitter:title":"El arzobispo de Barcelona pide rezar por la lluvia - El Digital de Asturias","twitter:description":"El arzobispo de Barcelona, Juan Jos\u00e9 Omella, ha encomendado por carta a los diocesanos a rezar para pedir lluvia, &quot;la tan deseada agua para los campos, los pueblos y las ciudades&quot;, cuando hace m\u00e1s de 90 d\u00edas que no se registra ninguna precipitaci\u00f3n en el \u00e1rea metropolitana de Barcelona. En la misiva, recogida por Europa","twitter:image":"https:\/\/www.eldigitaldeasturias.com\/noticias\/wp-content\/uploads\/2016\/02\/fotonoticia_20160202131514_800.jpg","twitter:label1":"Escrito por","twitter:data1":"El Digital de Asturias","twitter:label2":"Tiempo de lectura estimado","twitter:data2":"1 minuto"},"aioseo_meta_data":{"post_id":"853250","title":null,"description":null,"keywords":null,"keyphrases":null,"primary_term":null,"canonical_url":null,"og_title":null,"og_description":null,"og_object_type":"default","og_image_type":"default","og_image_url":null,"og_image_width":null,"og_image_height":null,"og_image_custom_url":null,"og_image_custom_fields":null,"og_video":null,"og_custom_url":null,"og_article_section":null,"og_article_tags":null,"twitter_use_og":false,"twitter_card":"default","twitter_image_type":"default","twitter_image_url":null,"twitter_image_custom_url":null,"twitter_image_custom_fields":null,"twitter_title":null,"twitter_description":null,"schema":{"blockGraphs":[],"customGraphs":[],"default":{"data":{"Article":[],"Course":[],"Dataset":[],"FAQPage":[],"Movie":[],"Person":[],"Product":[],"ProductReview":[],"Car":[],"Recipe":[],"Service":[],"SoftwareApplication":[],"WebPage":[]},"graphName":"","isEnabled":true},"graphs":[],"defaultGraph":"","defaultPostTypeGraph":""},"schema_type":null,"schema_type_options":null,"pillar_content":false,"robots_default":true,"robots_noindex":false,"robots_noarchive":false,"robots_nosnippet":false,"robots_nofollow":false,"robots_noimageindex":false,"robots_noodp":false,"robots_notranslate":false,"robots_max_snippet":null,"robots_max_videopreview":null,"robots_max_imagepreview":"large","priority":null,"frequency":null,"local_seo":null,"seo_analyzer_scan_date":"2025-12-09 17:25:10","breadcrumb_settings":null,"limit_modified_date":false,"open_ai":null,"ai":null,"created":"2021-01-22 17:24:01","updated":"2025-12-09 17:25:10"},"aioseo_breadcrumb":"<div class=\"aioseo-breadcrumbs\"><span class=\"aioseo-breadcrumb\">\n\t<a href=\"https:\/\/www.eldigitaldeasturias.com\/noticias\" title=\"Home\">Home<\/a>\n<\/span><span class=\"aioseo-breadcrumb-separator\">\u2013<\/span><span class=\"aioseo-breadcrumb\">\n\t<a href=\"https:\/\/www.eldigitaldeasturias.com\/noticias\/category\/actualidad\/\" title=\"Actualidad\">Actualidad<\/a>\n<\/span><span class=\"aioseo-breadcrumb-separator\">\u2013<\/span><span class=\"aioseo-breadcrumb\">\n\t<a href=\"https:\/\/www.eldigitaldeasturias.com\/noticias\/el-arzobispo-de-barcelona-pide-rezar-por-la-lluvia\/\" title=\"El arzobispo de Barcelona pide rezar por la lluvia\">El arzobispo de Barcelona pide rezar por la lluvia<\/a>\n<\/span><\/div>","aioseo_breadcrumb_json":[{"label":"Home","link":"https:\/\/www.eldigitaldeasturias.com\/noticias"},{"label":"Actualidad","link":"https:\/\/www.eldigitaldeasturias.com\/noticias\/category\/actualidad\/"},{"label":"El arzobispo de Barcelona pide rezar por la lluvia","link":"https:\/\/www.eldigitaldeasturias.com\/noticias\/el-arzobispo-de-barcelona-pide-rezar-por-la-lluvia\/"}],"_links":{"self":[{"href":"https:\/\/www.eldigitaldeasturias.com\/noticias\/wp-json\/wp\/v2\/posts\/853250","targetHints":{"allow":["GET"]}}],"collection":[{"href":"https:\/\/www.eldigitaldeasturias.com\/noticias\/wp-json\/wp\/v2\/posts"}],"about":[{"href":"https:\/\/www.eldigitaldeasturias.com\/noticias\/wp-json\/wp\/v2\/types\/post"}],"author":[{"embeddable":true,"href":"https:\/\/www.eldigitaldeasturias.com\/noticias\/wp-json\/wp\/v2\/users\/1"}],"replies":[{"embeddable":true,"href":"https:\/\/www.eldigitaldeasturias.com\/noticias\/wp-json\/wp\/v2\/comments?post=853250"}],"version-history":[{"count":0,"href":"https:\/\/www.eldigitaldeasturias.com\/noticias\/wp-json\/wp\/v2\/posts\/853250\/revisions"}],"wp:featuredmedia":[{"embeddable":true,"href":"https:\/\/www.eldigitaldeasturias.com\/noticias\/wp-json\/wp\/v2\/media\/853251"}],"wp:attachment":[{"href":"https:\/\/www.eldigitaldeasturias.com\/noticias\/wp-json\/wp\/v2\/media?parent=853250"}],"wp:term":[{"taxonomy":"category","embeddable":true,"href":"https:\/\/www.eldigitaldeasturias.com\/noticias\/wp-json\/wp\/v2\/categories?post=853250"},{"taxonomy":"post_tag","embeddable":true,"href":"https:\/\/www.eldigitaldeasturias.com\/noticias\/wp-json\/wp\/v2\/tags?post=853250"}],"curies":[{"name":"wp","href":"https:\/\/api.w.org\/{rel}","templated":true}]}}