{"id":853236,"date":"2016-02-02T23:31:33","date_gmt":"2016-02-02T23:31:33","guid":{"rendered":"http:\/\/www.eldigitaldeasturias.com\/noticias\/?p=853236"},"modified":"2016-02-02T23:31:33","modified_gmt":"2016-02-02T23:31:33","slug":"el-psoe-situa-al-catedratico-andaluz-gregorio-camara-como-portavoz-de-la-comision-constitucional-del-congreso","status":"publish","type":"post","link":"https:\/\/www.eldigitaldeasturias.com\/noticias\/el-psoe-situa-al-catedratico-andaluz-gregorio-camara-como-portavoz-de-la-comision-constitucional-del-congreso\/","title":{"rendered":"El PSOE sit\u00faa al catedr\u00e1tico andaluz Gregorio C\u00e1mara como portavoz de la Comisi\u00f3n Constitucional del Congreso"},"content":{"rendered":"<p><img loading=\"lazy\" decoding=\"async\" class=\"alignleft size-medium wp-image-791625\" src=\"https:\/\/www.eldigitaldeasturias.com\/noticias\/wp-content\/uploads\/2015\/06\/congreso-360x240.jpg\" alt=\"congreso\" width=\"360\" height=\"240\" srcset=\"https:\/\/www.eldigitaldeasturias.com\/noticias\/wp-content\/uploads\/2015\/06\/congreso-360x240.jpg 360w, https:\/\/www.eldigitaldeasturias.com\/noticias\/wp-content\/uploads\/2015\/06\/congreso-768x512.jpg 768w, https:\/\/www.eldigitaldeasturias.com\/noticias\/wp-content\/uploads\/2015\/06\/congreso-650x433.jpg 650w, https:\/\/www.eldigitaldeasturias.com\/noticias\/wp-content\/uploads\/2015\/06\/congreso.jpg 800w\" sizes=\"auto, (max-width: 360px) 100vw, 360px\" \/>El PSOE ha colocado como portavoz en la Comisi\u00f3n Constitucional del Congreso al catedr\u00e1tico andaluz Gregorio C\u00e1mara, al que Pedro S\u00e1nchez ya encarg\u00f3 su propuesta de reforma de la Carta Magna, mientras que ha situado a su &#8216;n\u00famero dos&#8217; en la candidatura por Madrid, la catalana Meritxell Batet, como portavoz de Asuntos Exteriores.<\/p>\n<p>\u00c9stas son dos de las novedades en la organizaci\u00f3n del Grupo Socialista, que ha renovado casi la totalidad de sus portavoc\u00edas de comisi\u00f3n en el Congreso. De hecho, s\u00f3lo seis de las 42 estar\u00e1n ocupadas por diputados que ejerc\u00edan la misma labor en la pasada legislatura.<\/p>\n<p>Quienes repiten son Antonio Trev\u00edn, en Interior; Mar\u00eda Gonz\u00e1lez Veracruz, en Competitividad e Innovaci\u00f3n; Juan Luis Gordo, en Fomento; Patricia Blanquer, en Industria; Jos\u00e9 Andr\u00e9s Torres Mora, en Cultura; y Puerto Gallego, en Drogas.<\/p>\n<p>Aunque entre quienes estrenan tarea parlamentaria hay diputados que ya ejercieron de portavoz en otras responsabilidades. Es el caso de Meritxell Batet, que fue portavoz en Administraciones P\u00fablicas y en la Mixta para la Uni\u00f3n Europea.<\/p>\n<p>Tambi\u00e9n es el caso de Irene Lozano, que en la anterior legislatura fue portavoz de Exteriores, Cooperaci\u00f3n, Defensa, RTVE y UE, pero en UPyD. Ahora, ser\u00e1 portavoz en la Comisi\u00f3n de Reglamento en el Grupo Socialista.<\/p>\n<p>ZAIDA CANTERA, ADJUNTA EN DEFENSA<\/p>\n<p>Por su parte, el que fuera portavoz en RTVE, Germ\u00e1n Rodr\u00edguez, ser\u00e1 portavoz en la Comisi\u00f3n de Defensa. Fuentes socialistas han explicado que Europa Press que la excomandante Zaida Cantera ser\u00e1 portavoz adjunta en esta comisi\u00f3n, que aspira a presidir Jos\u00e9 Mar\u00eda Barreda.<\/p>\n<p>Mientras tanto, Pedro Saura continuar\u00e1 en el \u00e1rea econ\u00f3mica, pero como portavoz de Econom\u00eda en lugar de Hacienda. Esta segunda Portavoc\u00eda la ejercer\u00e1 Juli\u00e1n L\u00f3pez, diputado que se estrena en la C\u00e1mara Baja.<\/p>\n<p>A su vez, Rafael Simancas pasar\u00e1 de la Portavoc\u00eda de Empleo a la de Educaci\u00f3n y Pilar Lucio, que fue portavoz de Medio Ambiente, ahora lo ser\u00e1 de Energ\u00eda. Susana Sumelzo ser\u00e1 portavoz de Igualdad, mientras que en la pasada legislatura lo fue de Administraciones P\u00fablicas &#8211;asunto que tambi\u00e9n tiene encomendando en la Ejecutiva Federal del PSOE&#8211; y Luis Carlos Sahuquillo, que acab\u00f3 la legislatura como portavoz de Discapacidad, ahora lo ser\u00e1 de Seguridad Vial.<\/p>\n<p>Entre los nuevos portavoces hay algunos que tambi\u00e9n son por primera vez diputados: Juan Carlos Campo, en Justicia; Adriana Lastra, en Administraciones P\u00fablicas; Ignacio Urquizo, en Universidades; Luz Rodr\u00edguez, en Empleo; Esther Pe\u00f1a, en Inmigraci\u00f3n y Emigraci\u00f3n; Ram\u00f3n Socias, en Turismo; Jes\u00fas Mar\u00eda Fern\u00e1ndez, en Sanidad; Pilar Serrano, en Consumo; Francisco Hern\u00e1ndez Spinola, en Pacto de Toledo; y Jos\u00e9 Miguel Camacho, en RTVE.<\/p>\n<p>En la misma situaci\u00f3n est\u00e1n Dolores Galovart, portavoz en la Comisi\u00f3n de Defensor del Pueblo; M\u00f3nica Lafuente, en Estatuto del Diputado; y Antonio Guti\u00e9rrez Limones, responsable de Iberoam\u00e9rica dentro de la Comisi\u00f3n de Asuntos Exteriores.<\/p>\n<p>Tambi\u00e9n es nuevo Ricardo Garc\u00eda Mira, diputado por La Coru\u00f1a, que ser\u00e1 portavoz en la Comisi\u00f3n de Cambio Clim\u00e1tico, puesto que desempe\u00f1\u00f3 el ahora secretario general en la X Legislatura hasta que pas\u00f3 a liderar el PSOE.<\/p>\n<p>Finalmente, vuelven a la C\u00e1mara, ahora como portavoces, Javier Lasarte, en Presupuestos; Mar Rominguera, en Vivienda; Guillermo Meij\u00f3n, en Deportes; Felipe Sicilia, en Agricultura; Margarita P\u00e9rez, en Pesca; Manuel Gonz\u00e1lez, en Medio Ambiente; Elvira Ram\u00f3n, en Servicios Sociales; Jos\u00e9 Mar\u00eda Girela, en Cooperaci\u00f3n para el Desarrollo; Joan Ruiz, en Discapacidad; Antonio Hurtado, en Tribunal de Cuentas; Ignacio S\u00e1nchez Amor, para la Uni\u00f3n Europea, y Guadalupe Mart\u00edn, en Peticiones.<\/p>\n<p>DIEZ SON ANDALUCES<\/p>\n<p>La federaci\u00f3n socialista que m\u00e1s portavoces aporta es la que contribuye con mayor n\u00famero de diputados al grupo: Andaluc\u00eda, que sit\u00faa como portavoces a diez de sus 22 diputados, en comisiones importantes como la Constitucional, Justicia, Agricultura y Tribunal de Cuentas.<\/p>\n<p>Le siguen Castilla-La Mancha, con cinco, y Galicia, con cuatro. Por su parte, el PSC tendr\u00e1 a tres portavoces, lo mismo que el PSOE de Castilla y Le\u00f3n. Aportan dos portavoces Asturias, Murcia, la Comunidad Valenciana, Madrid, Arag\u00f3n y Extremadura, y habr\u00e1 un portavoz del Pa\u00eds Vasco, Baleares, Navarra, Canarias y Cantabria.<\/p>\n<p>La Rioja es la \u00fanica comunidad que no cuenta con un portavoz. El \u00fanico diputado socialista riojano es el secretario de Organizaci\u00f3n del partido, C\u00e9sar Luena, actualmente tambi\u00e9n l\u00edder de la federaci\u00f3n en su regi\u00f3n.<\/p>\n<p>Pedro S\u00e1nchez s\u00ed ha colocado a algunos miembros de su Ejecutiva como portavoces: los secretarios de Empleo, Luz Rodr\u00edguez (en la comisi\u00f3n del ramo); de Administraciones P\u00fablicas, Susana Sumelzo (en Igualdad); de Pol\u00edtica Municipal, Adriana Lastra (en Administraciones P\u00fablicas); de Ciencia, Participaci\u00f3n y Pol\u00edtica en Red, Mar\u00eda Gonz\u00e1lez Veracruz (en Innovaci\u00f3n); de Estudios y Programas, Meritxell Batet (Exteriores); de Cambio Clim\u00e1tico, Pilar Lucio (Energ\u00eda).<\/p>\n<p>Mientras tanto, el secretario de Acci\u00f3n Pol\u00edtica y Ciudadan\u00eda, Patxi L\u00f3pez, es presidente del Congreso; la presidenta del partido, Micaela Navarro, es vicepresidenta segunda del Congreso; el secretario de Pol\u00edtica Federal, Antonio Pradas, presidir\u00e1 la Comisi\u00f3n de Hacienda y la secretaria de Relaciones Internacionales, Carme Chac\u00f3n, est\u00e1 en la direcci\u00f3n del grupo.<\/p>\n","protected":false},"excerpt":{"rendered":"<p>El PSOE ha colocado como portavoz en la Comisi\u00f3n Constitucional del Congreso al catedr\u00e1tico andaluz Gregorio C\u00e1mara, al que Pedro S\u00e1nchez ya encarg\u00f3 su propuesta de reforma de la Carta Magna, mientras que ha situado a su &#8216;n\u00famero dos&#8217; en la candidatura por Madrid, la catalana Meritxell Batet, como portavoz de Asuntos Exteriores. \u00c9stas son [&hellip;]<\/p>\n","protected":false},"author":1,"featured_media":791625,"comment_status":"closed","ping_status":"closed","sticky":false,"template":"","format":"standard","meta":{"footnotes":""},"categories":[1],"tags":[],"class_list":["post-853236","post","type-post","status-publish","format-standard","has-post-thumbnail","hentry","category-actualidad"],"aioseo_notices":[],"aioseo_head":"\n\t\t<!-- All in One SEO Pro 4.9.6.2 - aioseo.com -->\n\t<meta name=\"description\" content=\"El PSOE ha colocado como portavoz en la Comisi\u00f3n Constitucional del Congreso al catedr\u00e1tico andaluz Gregorio C\u00e1mara, al que Pedro S\u00e1nchez ya encarg\u00f3 su propuesta de reforma de la Carta Magna, mientras que ha situado a su &#039;n\u00famero dos&#039; en la candidatura por Madrid, la catalana Meritxell Batet, como portavoz de Asuntos Exteriores. \u00c9stas son\" \/>\n\t<meta name=\"robots\" content=\"max-image-preview:large\" \/>\n\t<meta name=\"author\" content=\"El Digital de Asturias\"\/>\n\t<meta name=\"google-site-verification\" content=\"UA-38556648-1\" \/>\n\t<meta name=\"msvalidate.01\" content=\"7dfe9f3f1b24437ab69f4f2559babe99\" \/>\n\t<meta name=\"keywords\" content=\"actualidad\" \/>\n\t<link rel=\"canonical\" href=\"https:\/\/www.eldigitaldeasturias.com\/noticias\/el-psoe-situa-al-catedratico-andaluz-gregorio-camara-como-portavoz-de-la-comision-constitucional-del-congreso\/\" \/>\n\t<meta name=\"generator\" content=\"All in One SEO Pro (AIOSEO) 4.9.6.2\" \/>\n\t\t<meta property=\"og:locale\" content=\"es_ES\" \/>\n\t\t<meta property=\"og:site_name\" content=\"El Digital de Asturias\" \/>\n\t\t<meta property=\"og:type\" content=\"article\" \/>\n\t\t<meta property=\"og:title\" content=\"El PSOE sit\u00faa al catedr\u00e1tico andaluz Gregorio C\u00e1mara como portavoz de la Comisi\u00f3n Constitucional del Congreso - El Digital de Asturias\" \/>\n\t\t<meta property=\"og:description\" content=\"El PSOE ha colocado como portavoz en la Comisi\u00f3n Constitucional del Congreso al catedr\u00e1tico andaluz Gregorio C\u00e1mara, al que Pedro S\u00e1nchez ya encarg\u00f3 su propuesta de reforma de la Carta Magna, mientras que ha situado a su &#039;n\u00famero dos&#039; en la candidatura por Madrid, la catalana Meritxell Batet, como portavoz de Asuntos Exteriores. \u00c9stas son\" \/>\n\t\t<meta property=\"og:url\" content=\"https:\/\/www.eldigitaldeasturias.com\/noticias\/el-psoe-situa-al-catedratico-andaluz-gregorio-camara-como-portavoz-de-la-comision-constitucional-del-congreso\/\" \/>\n\t\t<meta property=\"og:image\" content=\"https:\/\/www.eldigitaldeasturias.com\/noticias\/wp-content\/uploads\/2015\/06\/congreso.jpg\" \/>\n\t\t<meta property=\"og:image:secure_url\" content=\"https:\/\/www.eldigitaldeasturias.com\/noticias\/wp-content\/uploads\/2015\/06\/congreso.jpg\" \/>\n\t\t<meta property=\"og:image:width\" content=\"800\" \/>\n\t\t<meta property=\"og:image:height\" content=\"533\" \/>\n\t\t<meta property=\"article:tag\" content=\"actualidad\" \/>\n\t\t<meta property=\"article:published_time\" content=\"2016-02-02T23:31:33+00:00\" \/>\n\t\t<meta property=\"article:modified_time\" content=\"2016-02-02T23:31:33+00:00\" \/>\n\t\t<meta property=\"article:publisher\" content=\"https:\/\/facebook.com\/eldigitaldeasturias\" \/>\n\t\t<meta name=\"twitter:card\" content=\"summary_large_image\" \/>\n\t\t<meta name=\"twitter:title\" content=\"El PSOE sit\u00faa al catedr\u00e1tico andaluz Gregorio C\u00e1mara como portavoz de la Comisi\u00f3n Constitucional del Congreso - El Digital de Asturias\" \/>\n\t\t<meta name=\"twitter:description\" content=\"El PSOE ha colocado como portavoz en la Comisi\u00f3n Constitucional del Congreso al catedr\u00e1tico andaluz Gregorio C\u00e1mara, al que Pedro S\u00e1nchez ya encarg\u00f3 su propuesta de reforma de la Carta Magna, mientras que ha situado a su &#039;n\u00famero dos&#039; en la candidatura por Madrid, la catalana Meritxell Batet, como portavoz de Asuntos Exteriores. \u00c9stas son\" \/>\n\t\t<meta name=\"twitter:image\" content=\"https:\/\/www.eldigitaldeasturias.com\/noticias\/wp-content\/uploads\/2015\/06\/congreso.jpg\" \/>\n\t\t<meta name=\"twitter:label1\" content=\"Escrito por\" \/>\n\t\t<meta name=\"twitter:data1\" content=\"El Digital de Asturias\" \/>\n\t\t<meta name=\"twitter:label2\" content=\"Tiempo de lectura estimado\" \/>\n\t\t<meta name=\"twitter:data2\" content=\"5 minutos\" \/>\n\t\t<script type=\"application\/ld+json\" class=\"aioseo-schema\">\n\t\t\t{\"@context\":\"https:\\\/\\\/schema.org\",\"@graph\":[{\"@type\":\"BlogPosting\",\"@id\":\"https:\\\/\\\/www.eldigitaldeasturias.com\\\/noticias\\\/el-psoe-situa-al-catedratico-andaluz-gregorio-camara-como-portavoz-de-la-comision-constitucional-del-congreso\\\/#blogposting\",\"name\":\"El PSOE sit\\u00faa al catedr\\u00e1tico andaluz Gregorio C\\u00e1mara como portavoz de la Comisi\\u00f3n Constitucional del Congreso - El Digital de Asturias\",\"headline\":\"El PSOE sit\\u00faa al catedr\\u00e1tico andaluz Gregorio C\\u00e1mara como portavoz de la Comisi\\u00f3n Constitucional del Congreso\",\"author\":{\"@id\":\"https:\\\/\\\/www.eldigitaldeasturias.com\\\/noticias\\\/author\\\/admin\\\/#author\"},\"publisher\":{\"@id\":\"https:\\\/\\\/www.eldigitaldeasturias.com\\\/noticias\\\/#organization\"},\"image\":{\"@type\":\"ImageObject\",\"url\":\"https:\\\/\\\/www.eldigitaldeasturias.com\\\/noticias\\\/wp-content\\\/uploads\\\/2015\\\/06\\\/congreso.jpg\",\"width\":800,\"height\":533},\"datePublished\":\"2016-02-02T23:31:33+01:00\",\"dateModified\":\"2016-02-02T23:31:33+01:00\",\"inLanguage\":\"es-ES\",\"mainEntityOfPage\":{\"@id\":\"https:\\\/\\\/www.eldigitaldeasturias.com\\\/noticias\\\/el-psoe-situa-al-catedratico-andaluz-gregorio-camara-como-portavoz-de-la-comision-constitucional-del-congreso\\\/#webpage\"},\"isPartOf\":{\"@id\":\"https:\\\/\\\/www.eldigitaldeasturias.com\\\/noticias\\\/el-psoe-situa-al-catedratico-andaluz-gregorio-camara-como-portavoz-de-la-comision-constitucional-del-congreso\\\/#webpage\"},\"articleSection\":\"Actualidad\"},{\"@type\":\"BreadcrumbList\",\"@id\":\"https:\\\/\\\/www.eldigitaldeasturias.com\\\/noticias\\\/el-psoe-situa-al-catedratico-andaluz-gregorio-camara-como-portavoz-de-la-comision-constitucional-del-congreso\\\/#breadcrumblist\",\"itemListElement\":[{\"@type\":\"ListItem\",\"@id\":\"https:\\\/\\\/www.eldigitaldeasturias.com\\\/noticias#listItem\",\"position\":1,\"name\":\"Home\",\"item\":\"https:\\\/\\\/www.eldigitaldeasturias.com\\\/noticias\",\"nextItem\":{\"@type\":\"ListItem\",\"@id\":\"https:\\\/\\\/www.eldigitaldeasturias.com\\\/noticias\\\/category\\\/actualidad\\\/#listItem\",\"name\":\"Actualidad\"}},{\"@type\":\"ListItem\",\"@id\":\"https:\\\/\\\/www.eldigitaldeasturias.com\\\/noticias\\\/category\\\/actualidad\\\/#listItem\",\"position\":2,\"name\":\"Actualidad\",\"item\":\"https:\\\/\\\/www.eldigitaldeasturias.com\\\/noticias\\\/category\\\/actualidad\\\/\",\"nextItem\":{\"@type\":\"ListItem\",\"@id\":\"https:\\\/\\\/www.eldigitaldeasturias.com\\\/noticias\\\/el-psoe-situa-al-catedratico-andaluz-gregorio-camara-como-portavoz-de-la-comision-constitucional-del-congreso\\\/#listItem\",\"name\":\"El PSOE sit\\u00faa al catedr\\u00e1tico andaluz Gregorio C\\u00e1mara como portavoz de la Comisi\\u00f3n Constitucional del Congreso\"},\"previousItem\":{\"@type\":\"ListItem\",\"@id\":\"https:\\\/\\\/www.eldigitaldeasturias.com\\\/noticias#listItem\",\"name\":\"Home\"}},{\"@type\":\"ListItem\",\"@id\":\"https:\\\/\\\/www.eldigitaldeasturias.com\\\/noticias\\\/el-psoe-situa-al-catedratico-andaluz-gregorio-camara-como-portavoz-de-la-comision-constitucional-del-congreso\\\/#listItem\",\"position\":3,\"name\":\"El PSOE sit\\u00faa al catedr\\u00e1tico andaluz Gregorio C\\u00e1mara como portavoz de la Comisi\\u00f3n Constitucional del Congreso\",\"previousItem\":{\"@type\":\"ListItem\",\"@id\":\"https:\\\/\\\/www.eldigitaldeasturias.com\\\/noticias\\\/category\\\/actualidad\\\/#listItem\",\"name\":\"Actualidad\"}}]},{\"@type\":\"Organization\",\"@id\":\"https:\\\/\\\/www.eldigitaldeasturias.com\\\/noticias\\\/#organization\",\"name\":\"El Digital de Asturias\",\"description\":\"Hemeroteca\",\"url\":\"https:\\\/\\\/www.eldigitaldeasturias.com\\\/noticias\\\/\",\"email\":\"info@eldigitaldeasturias.com\",\"telephone\":\"+34652131393\",\"logo\":{\"@type\":\"ImageObject\",\"url\":\"https:\\\/\\\/www.eldigitaldeasturias.com\\\/noticias\\\/wp-content\\\/uploads\\\/2020\\\/12\\\/EDA.jpg\",\"@id\":\"https:\\\/\\\/www.eldigitaldeasturias.com\\\/noticias\\\/el-psoe-situa-al-catedratico-andaluz-gregorio-camara-como-portavoz-de-la-comision-constitucional-del-congreso\\\/#organizationLogo\",\"width\":649,\"height\":297},\"image\":{\"@id\":\"https:\\\/\\\/www.eldigitaldeasturias.com\\\/noticias\\\/el-psoe-situa-al-catedratico-andaluz-gregorio-camara-como-portavoz-de-la-comision-constitucional-del-congreso\\\/#organizationLogo\"},\"sameAs\":[\"https:\\\/\\\/facebook.com\\\/eldigitaldeasturias\",\"https:\\\/\\\/www.youtube.com\\\/channel\\\/UCZP-2wLEB9Rv6erhFmqVnvg\"],\"address\":{\"@id\":\"https:\\\/\\\/www.eldigitaldeasturias.com\\\/noticias\\\/#postaladdress\",\"@type\":\"PostalAddress\",\"streetAddress\":\"san antonio 4,\",\"postalCode\":\"33430\",\"addressLocality\":\"Cand\\u00e1s\",\"addressRegion\":\"Asturias\",\"addressCountry\":\"ES\"}},{\"@type\":\"Person\",\"@id\":\"https:\\\/\\\/www.eldigitaldeasturias.com\\\/noticias\\\/author\\\/admin\\\/#author\",\"url\":\"https:\\\/\\\/www.eldigitaldeasturias.com\\\/noticias\\\/author\\\/admin\\\/\",\"name\":\"El Digital de Asturias\",\"image\":{\"@type\":\"ImageObject\",\"@id\":\"https:\\\/\\\/www.eldigitaldeasturias.com\\\/noticias\\\/el-psoe-situa-al-catedratico-andaluz-gregorio-camara-como-portavoz-de-la-comision-constitucional-del-congreso\\\/#authorImage\",\"url\":\"https:\\\/\\\/www.eldigitaldeasturias.com\\\/noticias\\\/wp-content\\\/litespeed\\\/avatar\\\/18677e78aa0546b92d9dbf31ec7d7668.jpg?ver=1776685526\",\"width\":96,\"height\":96,\"caption\":\"El Digital de Asturias\"}},{\"@type\":\"WebPage\",\"@id\":\"https:\\\/\\\/www.eldigitaldeasturias.com\\\/noticias\\\/el-psoe-situa-al-catedratico-andaluz-gregorio-camara-como-portavoz-de-la-comision-constitucional-del-congreso\\\/#webpage\",\"url\":\"https:\\\/\\\/www.eldigitaldeasturias.com\\\/noticias\\\/el-psoe-situa-al-catedratico-andaluz-gregorio-camara-como-portavoz-de-la-comision-constitucional-del-congreso\\\/\",\"name\":\"El PSOE sit\\u00faa al catedr\\u00e1tico andaluz Gregorio C\\u00e1mara como portavoz de la Comisi\\u00f3n Constitucional del Congreso - El Digital de Asturias\",\"description\":\"El PSOE ha colocado como portavoz en la Comisi\\u00f3n Constitucional del Congreso al catedr\\u00e1tico andaluz Gregorio C\\u00e1mara, al que Pedro S\\u00e1nchez ya encarg\\u00f3 su propuesta de reforma de la Carta Magna, mientras que ha situado a su 'n\\u00famero dos' en la candidatura por Madrid, la catalana Meritxell Batet, como portavoz de Asuntos Exteriores. \\u00c9stas son\",\"inLanguage\":\"es-ES\",\"isPartOf\":{\"@id\":\"https:\\\/\\\/www.eldigitaldeasturias.com\\\/noticias\\\/#website\"},\"breadcrumb\":{\"@id\":\"https:\\\/\\\/www.eldigitaldeasturias.com\\\/noticias\\\/el-psoe-situa-al-catedratico-andaluz-gregorio-camara-como-portavoz-de-la-comision-constitucional-del-congreso\\\/#breadcrumblist\"},\"author\":{\"@id\":\"https:\\\/\\\/www.eldigitaldeasturias.com\\\/noticias\\\/author\\\/admin\\\/#author\"},\"creator\":{\"@id\":\"https:\\\/\\\/www.eldigitaldeasturias.com\\\/noticias\\\/author\\\/admin\\\/#author\"},\"image\":{\"@type\":\"ImageObject\",\"url\":\"https:\\\/\\\/www.eldigitaldeasturias.com\\\/noticias\\\/wp-content\\\/uploads\\\/2015\\\/06\\\/congreso.jpg\",\"@id\":\"https:\\\/\\\/www.eldigitaldeasturias.com\\\/noticias\\\/el-psoe-situa-al-catedratico-andaluz-gregorio-camara-como-portavoz-de-la-comision-constitucional-del-congreso\\\/#mainImage\",\"width\":800,\"height\":533},\"primaryImageOfPage\":{\"@id\":\"https:\\\/\\\/www.eldigitaldeasturias.com\\\/noticias\\\/el-psoe-situa-al-catedratico-andaluz-gregorio-camara-como-portavoz-de-la-comision-constitucional-del-congreso\\\/#mainImage\"},\"datePublished\":\"2016-02-02T23:31:33+01:00\",\"dateModified\":\"2016-02-02T23:31:33+01:00\"},{\"@type\":\"WebSite\",\"@id\":\"https:\\\/\\\/www.eldigitaldeasturias.com\\\/noticias\\\/#website\",\"url\":\"https:\\\/\\\/www.eldigitaldeasturias.com\\\/noticias\\\/\",\"name\":\"El Digital de Asturias - Diario de actualidad y noticias\",\"alternateName\":\"El Digital de Asturias - Diario de actualidad y noticias\",\"description\":\"Hemeroteca\",\"inLanguage\":\"es-ES\",\"publisher\":{\"@id\":\"https:\\\/\\\/www.eldigitaldeasturias.com\\\/noticias\\\/#organization\"}}]}\n\t\t<\/script>\n\t\t<!-- All in One SEO Pro -->\r\n\t\t<title>El PSOE sit\u00faa al catedr\u00e1tico andaluz Gregorio C\u00e1mara como portavoz de la Comisi\u00f3n Constitucional del Congreso - El Digital de Asturias<\/title>\n\n","aioseo_head_json":{"title":"El PSOE sit\u00faa al catedr\u00e1tico andaluz Gregorio C\u00e1mara como portavoz de la Comisi\u00f3n Constitucional del Congreso - El Digital de Asturias","description":"El PSOE ha colocado como portavoz en la Comisi\u00f3n Constitucional del Congreso al catedr\u00e1tico andaluz Gregorio C\u00e1mara, al que Pedro S\u00e1nchez ya encarg\u00f3 su propuesta de reforma de la Carta Magna, mientras que ha situado a su 'n\u00famero dos' en la candidatura por Madrid, la catalana Meritxell Batet, como portavoz de Asuntos Exteriores. \u00c9stas son","canonical_url":"https:\/\/www.eldigitaldeasturias.com\/noticias\/el-psoe-situa-al-catedratico-andaluz-gregorio-camara-como-portavoz-de-la-comision-constitucional-del-congreso\/","robots":"max-image-preview:large","keywords":"actualidad","webmasterTools":{"google-site-verification":"UA-38556648-1","msvalidate.01":"7dfe9f3f1b24437ab69f4f2559babe99","miscellaneous":""},"schema":{"@context":"https:\/\/schema.org","@graph":[{"@type":"BlogPosting","@id":"https:\/\/www.eldigitaldeasturias.com\/noticias\/el-psoe-situa-al-catedratico-andaluz-gregorio-camara-como-portavoz-de-la-comision-constitucional-del-congreso\/#blogposting","name":"El PSOE sit\u00faa al catedr\u00e1tico andaluz Gregorio C\u00e1mara como portavoz de la Comisi\u00f3n Constitucional del Congreso - El Digital de Asturias","headline":"El PSOE sit\u00faa al catedr\u00e1tico andaluz Gregorio C\u00e1mara como portavoz de la Comisi\u00f3n Constitucional del Congreso","author":{"@id":"https:\/\/www.eldigitaldeasturias.com\/noticias\/author\/admin\/#author"},"publisher":{"@id":"https:\/\/www.eldigitaldeasturias.com\/noticias\/#organization"},"image":{"@type":"ImageObject","url":"https:\/\/www.eldigitaldeasturias.com\/noticias\/wp-content\/uploads\/2015\/06\/congreso.jpg","width":800,"height":533},"datePublished":"2016-02-02T23:31:33+01:00","dateModified":"2016-02-02T23:31:33+01:00","inLanguage":"es-ES","mainEntityOfPage":{"@id":"https:\/\/www.eldigitaldeasturias.com\/noticias\/el-psoe-situa-al-catedratico-andaluz-gregorio-camara-como-portavoz-de-la-comision-constitucional-del-congreso\/#webpage"},"isPartOf":{"@id":"https:\/\/www.eldigitaldeasturias.com\/noticias\/el-psoe-situa-al-catedratico-andaluz-gregorio-camara-como-portavoz-de-la-comision-constitucional-del-congreso\/#webpage"},"articleSection":"Actualidad"},{"@type":"BreadcrumbList","@id":"https:\/\/www.eldigitaldeasturias.com\/noticias\/el-psoe-situa-al-catedratico-andaluz-gregorio-camara-como-portavoz-de-la-comision-constitucional-del-congreso\/#breadcrumblist","itemListElement":[{"@type":"ListItem","@id":"https:\/\/www.eldigitaldeasturias.com\/noticias#listItem","position":1,"name":"Home","item":"https:\/\/www.eldigitaldeasturias.com\/noticias","nextItem":{"@type":"ListItem","@id":"https:\/\/www.eldigitaldeasturias.com\/noticias\/category\/actualidad\/#listItem","name":"Actualidad"}},{"@type":"ListItem","@id":"https:\/\/www.eldigitaldeasturias.com\/noticias\/category\/actualidad\/#listItem","position":2,"name":"Actualidad","item":"https:\/\/www.eldigitaldeasturias.com\/noticias\/category\/actualidad\/","nextItem":{"@type":"ListItem","@id":"https:\/\/www.eldigitaldeasturias.com\/noticias\/el-psoe-situa-al-catedratico-andaluz-gregorio-camara-como-portavoz-de-la-comision-constitucional-del-congreso\/#listItem","name":"El PSOE sit\u00faa al catedr\u00e1tico andaluz Gregorio C\u00e1mara como portavoz de la Comisi\u00f3n Constitucional del Congreso"},"previousItem":{"@type":"ListItem","@id":"https:\/\/www.eldigitaldeasturias.com\/noticias#listItem","name":"Home"}},{"@type":"ListItem","@id":"https:\/\/www.eldigitaldeasturias.com\/noticias\/el-psoe-situa-al-catedratico-andaluz-gregorio-camara-como-portavoz-de-la-comision-constitucional-del-congreso\/#listItem","position":3,"name":"El PSOE sit\u00faa al catedr\u00e1tico andaluz Gregorio C\u00e1mara como portavoz de la Comisi\u00f3n Constitucional del Congreso","previousItem":{"@type":"ListItem","@id":"https:\/\/www.eldigitaldeasturias.com\/noticias\/category\/actualidad\/#listItem","name":"Actualidad"}}]},{"@type":"Organization","@id":"https:\/\/www.eldigitaldeasturias.com\/noticias\/#organization","name":"El Digital de Asturias","description":"Hemeroteca","url":"https:\/\/www.eldigitaldeasturias.com\/noticias\/","email":"info@eldigitaldeasturias.com","telephone":"+34652131393","logo":{"@type":"ImageObject","url":"https:\/\/www.eldigitaldeasturias.com\/noticias\/wp-content\/uploads\/2020\/12\/EDA.jpg","@id":"https:\/\/www.eldigitaldeasturias.com\/noticias\/el-psoe-situa-al-catedratico-andaluz-gregorio-camara-como-portavoz-de-la-comision-constitucional-del-congreso\/#organizationLogo","width":649,"height":297},"image":{"@id":"https:\/\/www.eldigitaldeasturias.com\/noticias\/el-psoe-situa-al-catedratico-andaluz-gregorio-camara-como-portavoz-de-la-comision-constitucional-del-congreso\/#organizationLogo"},"sameAs":["https:\/\/facebook.com\/eldigitaldeasturias","https:\/\/www.youtube.com\/channel\/UCZP-2wLEB9Rv6erhFmqVnvg"],"address":{"@id":"https:\/\/www.eldigitaldeasturias.com\/noticias\/#postaladdress","@type":"PostalAddress","streetAddress":"san antonio 4,","postalCode":"33430","addressLocality":"Cand\u00e1s","addressRegion":"Asturias","addressCountry":"ES"}},{"@type":"Person","@id":"https:\/\/www.eldigitaldeasturias.com\/noticias\/author\/admin\/#author","url":"https:\/\/www.eldigitaldeasturias.com\/noticias\/author\/admin\/","name":"El Digital de Asturias","image":{"@type":"ImageObject","@id":"https:\/\/www.eldigitaldeasturias.com\/noticias\/el-psoe-situa-al-catedratico-andaluz-gregorio-camara-como-portavoz-de-la-comision-constitucional-del-congreso\/#authorImage","url":"https:\/\/www.eldigitaldeasturias.com\/noticias\/wp-content\/litespeed\/avatar\/18677e78aa0546b92d9dbf31ec7d7668.jpg?ver=1776685526","width":96,"height":96,"caption":"El Digital de Asturias"}},{"@type":"WebPage","@id":"https:\/\/www.eldigitaldeasturias.com\/noticias\/el-psoe-situa-al-catedratico-andaluz-gregorio-camara-como-portavoz-de-la-comision-constitucional-del-congreso\/#webpage","url":"https:\/\/www.eldigitaldeasturias.com\/noticias\/el-psoe-situa-al-catedratico-andaluz-gregorio-camara-como-portavoz-de-la-comision-constitucional-del-congreso\/","name":"El PSOE sit\u00faa al catedr\u00e1tico andaluz Gregorio C\u00e1mara como portavoz de la Comisi\u00f3n Constitucional del Congreso - El Digital de Asturias","description":"El PSOE ha colocado como portavoz en la Comisi\u00f3n Constitucional del Congreso al catedr\u00e1tico andaluz Gregorio C\u00e1mara, al que Pedro S\u00e1nchez ya encarg\u00f3 su propuesta de reforma de la Carta Magna, mientras que ha situado a su 'n\u00famero dos' en la candidatura por Madrid, la catalana Meritxell Batet, como portavoz de Asuntos Exteriores. \u00c9stas son","inLanguage":"es-ES","isPartOf":{"@id":"https:\/\/www.eldigitaldeasturias.com\/noticias\/#website"},"breadcrumb":{"@id":"https:\/\/www.eldigitaldeasturias.com\/noticias\/el-psoe-situa-al-catedratico-andaluz-gregorio-camara-como-portavoz-de-la-comision-constitucional-del-congreso\/#breadcrumblist"},"author":{"@id":"https:\/\/www.eldigitaldeasturias.com\/noticias\/author\/admin\/#author"},"creator":{"@id":"https:\/\/www.eldigitaldeasturias.com\/noticias\/author\/admin\/#author"},"image":{"@type":"ImageObject","url":"https:\/\/www.eldigitaldeasturias.com\/noticias\/wp-content\/uploads\/2015\/06\/congreso.jpg","@id":"https:\/\/www.eldigitaldeasturias.com\/noticias\/el-psoe-situa-al-catedratico-andaluz-gregorio-camara-como-portavoz-de-la-comision-constitucional-del-congreso\/#mainImage","width":800,"height":533},"primaryImageOfPage":{"@id":"https:\/\/www.eldigitaldeasturias.com\/noticias\/el-psoe-situa-al-catedratico-andaluz-gregorio-camara-como-portavoz-de-la-comision-constitucional-del-congreso\/#mainImage"},"datePublished":"2016-02-02T23:31:33+01:00","dateModified":"2016-02-02T23:31:33+01:00"},{"@type":"WebSite","@id":"https:\/\/www.eldigitaldeasturias.com\/noticias\/#website","url":"https:\/\/www.eldigitaldeasturias.com\/noticias\/","name":"El Digital de Asturias - Diario de actualidad y noticias","alternateName":"El Digital de Asturias - Diario de actualidad y noticias","description":"Hemeroteca","inLanguage":"es-ES","publisher":{"@id":"https:\/\/www.eldigitaldeasturias.com\/noticias\/#organization"}}]},"og:locale":"es_ES","og:site_name":"El Digital de Asturias","og:type":"article","og:title":"El PSOE sit\u00faa al catedr\u00e1tico andaluz Gregorio C\u00e1mara como portavoz de la Comisi\u00f3n Constitucional del Congreso - El Digital de Asturias","og:description":"El PSOE ha colocado como portavoz en la Comisi\u00f3n Constitucional del Congreso al catedr\u00e1tico andaluz Gregorio C\u00e1mara, al que Pedro S\u00e1nchez ya encarg\u00f3 su propuesta de reforma de la Carta Magna, mientras que ha situado a su 'n\u00famero dos' en la candidatura por Madrid, la catalana Meritxell Batet, como portavoz de Asuntos Exteriores. \u00c9stas son","og:url":"https:\/\/www.eldigitaldeasturias.com\/noticias\/el-psoe-situa-al-catedratico-andaluz-gregorio-camara-como-portavoz-de-la-comision-constitucional-del-congreso\/","og:image":"https:\/\/www.eldigitaldeasturias.com\/noticias\/wp-content\/uploads\/2015\/06\/congreso.jpg","og:image:secure_url":"https:\/\/www.eldigitaldeasturias.com\/noticias\/wp-content\/uploads\/2015\/06\/congreso.jpg","og:image:width":800,"og:image:height":533,"article:tag":["actualidad"],"article:published_time":"2016-02-02T23:31:33+00:00","article:modified_time":"2016-02-02T23:31:33+00:00","article:publisher":"https:\/\/facebook.com\/eldigitaldeasturias","twitter:card":"summary_large_image","twitter:title":"El PSOE sit\u00faa al catedr\u00e1tico andaluz Gregorio C\u00e1mara como portavoz de la Comisi\u00f3n Constitucional del Congreso - El Digital de Asturias","twitter:description":"El PSOE ha colocado como portavoz en la Comisi\u00f3n Constitucional del Congreso al catedr\u00e1tico andaluz Gregorio C\u00e1mara, al que Pedro S\u00e1nchez ya encarg\u00f3 su propuesta de reforma de la Carta Magna, mientras que ha situado a su 'n\u00famero dos' en la candidatura por Madrid, la catalana Meritxell Batet, como portavoz de Asuntos Exteriores. \u00c9stas son","twitter:image":"https:\/\/www.eldigitaldeasturias.com\/noticias\/wp-content\/uploads\/2015\/06\/congreso.jpg","twitter:label1":"Escrito por","twitter:data1":"El Digital de Asturias","twitter:label2":"Tiempo de lectura estimado","twitter:data2":"5 minutos"},"aioseo_meta_data":{"post_id":"853236","title":null,"description":null,"keywords":null,"keyphrases":null,"primary_term":null,"canonical_url":null,"og_title":null,"og_description":null,"og_object_type":"default","og_image_type":"default","og_image_url":null,"og_image_width":null,"og_image_height":null,"og_image_custom_url":null,"og_image_custom_fields":null,"og_video":null,"og_custom_url":null,"og_article_section":null,"og_article_tags":null,"twitter_use_og":false,"twitter_card":"default","twitter_image_type":"default","twitter_image_url":null,"twitter_image_custom_url":null,"twitter_image_custom_fields":null,"twitter_title":null,"twitter_description":null,"schema":{"blockGraphs":[],"customGraphs":[],"default":{"data":{"Article":[],"Course":[],"Dataset":[],"FAQPage":[],"Movie":[],"Person":[],"Product":[],"ProductReview":[],"Car":[],"Recipe":[],"Service":[],"SoftwareApplication":[],"WebPage":[]},"graphName":"","isEnabled":true},"graphs":[],"defaultGraph":"","defaultPostTypeGraph":""},"schema_type":null,"schema_type_options":null,"pillar_content":false,"robots_default":true,"robots_noindex":false,"robots_noarchive":false,"robots_nosnippet":false,"robots_nofollow":false,"robots_noimageindex":false,"robots_noodp":false,"robots_notranslate":false,"robots_max_snippet":null,"robots_max_videopreview":null,"robots_max_imagepreview":"large","priority":null,"frequency":null,"local_seo":null,"seo_analyzer_scan_date":"2025-12-09 17:23:40","breadcrumb_settings":null,"limit_modified_date":false,"open_ai":null,"ai":null,"created":"2021-01-22 23:55:28","updated":"2025-12-09 17:23:40"},"aioseo_breadcrumb":"<div class=\"aioseo-breadcrumbs\"><span class=\"aioseo-breadcrumb\">\n\t<a href=\"https:\/\/www.eldigitaldeasturias.com\/noticias\" title=\"Home\">Home<\/a>\n<\/span><span class=\"aioseo-breadcrumb-separator\">\u2013<\/span><span class=\"aioseo-breadcrumb\">\n\t<a href=\"https:\/\/www.eldigitaldeasturias.com\/noticias\/category\/actualidad\/\" title=\"Actualidad\">Actualidad<\/a>\n<\/span><span class=\"aioseo-breadcrumb-separator\">\u2013<\/span><span class=\"aioseo-breadcrumb\">\n\t<a href=\"https:\/\/www.eldigitaldeasturias.com\/noticias\/el-psoe-situa-al-catedratico-andaluz-gregorio-camara-como-portavoz-de-la-comision-constitucional-del-congreso\/\" title=\"El PSOE sit\u00faa al catedr\u00e1tico andaluz Gregorio C\u00e1mara como portavoz de la Comisi\u00f3n Constitucional del Congreso\">El PSOE sit\u00faa al catedr\u00e1tico andaluz Gregorio C\u00e1mara como portavoz de la Comisi\u00f3n Constitucional del Congreso<\/a>\n<\/span><\/div>","aioseo_breadcrumb_json":[{"label":"Home","link":"https:\/\/www.eldigitaldeasturias.com\/noticias"},{"label":"Actualidad","link":"https:\/\/www.eldigitaldeasturias.com\/noticias\/category\/actualidad\/"},{"label":"El PSOE sit\u00faa al catedr\u00e1tico andaluz Gregorio C\u00e1mara como portavoz de la Comisi\u00f3n Constitucional del Congreso","link":"https:\/\/www.eldigitaldeasturias.com\/noticias\/el-psoe-situa-al-catedratico-andaluz-gregorio-camara-como-portavoz-de-la-comision-constitucional-del-congreso\/"}],"_links":{"self":[{"href":"https:\/\/www.eldigitaldeasturias.com\/noticias\/wp-json\/wp\/v2\/posts\/853236","targetHints":{"allow":["GET"]}}],"collection":[{"href":"https:\/\/www.eldigitaldeasturias.com\/noticias\/wp-json\/wp\/v2\/posts"}],"about":[{"href":"https:\/\/www.eldigitaldeasturias.com\/noticias\/wp-json\/wp\/v2\/types\/post"}],"author":[{"embeddable":true,"href":"https:\/\/www.eldigitaldeasturias.com\/noticias\/wp-json\/wp\/v2\/users\/1"}],"replies":[{"embeddable":true,"href":"https:\/\/www.eldigitaldeasturias.com\/noticias\/wp-json\/wp\/v2\/comments?post=853236"}],"version-history":[{"count":0,"href":"https:\/\/www.eldigitaldeasturias.com\/noticias\/wp-json\/wp\/v2\/posts\/853236\/revisions"}],"wp:featuredmedia":[{"embeddable":true,"href":"https:\/\/www.eldigitaldeasturias.com\/noticias\/wp-json\/wp\/v2\/media\/791625"}],"wp:attachment":[{"href":"https:\/\/www.eldigitaldeasturias.com\/noticias\/wp-json\/wp\/v2\/media?parent=853236"}],"wp:term":[{"taxonomy":"category","embeddable":true,"href":"https:\/\/www.eldigitaldeasturias.com\/noticias\/wp-json\/wp\/v2\/categories?post=853236"},{"taxonomy":"post_tag","embeddable":true,"href":"https:\/\/www.eldigitaldeasturias.com\/noticias\/wp-json\/wp\/v2\/tags?post=853236"}],"curies":[{"name":"wp","href":"https:\/\/api.w.org\/{rel}","templated":true}]}}