{"id":853233,"date":"2016-02-02T23:29:43","date_gmt":"2016-02-02T23:29:43","guid":{"rendered":"http:\/\/www.eldigitaldeasturias.com\/noticias\/?p=853233"},"modified":"2016-02-02T23:29:43","modified_gmt":"2016-02-02T23:29:43","slug":"caunedo-afirma-que-el-alcalde-es-incapaz-de-mandar-en-su-casa","status":"publish","type":"post","link":"https:\/\/www.eldigitaldeasturias.com\/noticias\/caunedo-afirma-que-el-alcalde-es-incapaz-de-mandar-en-su-casa\/","title":{"rendered":"Caunedo afirma que el alcalde es \u00abincapaz de mandar en su casa\u00bb"},"content":{"rendered":"<p><img loading=\"lazy\" decoding=\"async\" class=\"alignleft size-medium wp-image-853234\" src=\"https:\/\/www.eldigitaldeasturias.com\/noticias\/wp-content\/uploads\/2016\/02\/fotonoticia_20160202201409_800-360x270.jpg\" alt=\"fotonoticia_20160202201409_800\" width=\"360\" height=\"270\" srcset=\"https:\/\/www.eldigitaldeasturias.com\/noticias\/wp-content\/uploads\/2016\/02\/fotonoticia_20160202201409_800-360x270.jpg 360w, https:\/\/www.eldigitaldeasturias.com\/noticias\/wp-content\/uploads\/2016\/02\/fotonoticia_20160202201409_800-768x576.jpg 768w, https:\/\/www.eldigitaldeasturias.com\/noticias\/wp-content\/uploads\/2016\/02\/fotonoticia_20160202201409_800-650x488.jpg 650w, https:\/\/www.eldigitaldeasturias.com\/noticias\/wp-content\/uploads\/2016\/02\/fotonoticia_20160202201409_800-125x95.jpg 125w, https:\/\/www.eldigitaldeasturias.com\/noticias\/wp-content\/uploads\/2016\/02\/fotonoticia_20160202201409_800-100x75.jpg 100w, https:\/\/www.eldigitaldeasturias.com\/noticias\/wp-content\/uploads\/2016\/02\/fotonoticia_20160202201409_800.jpg 800w\" sizes=\"auto, (max-width: 360px) 100vw, 360px\" \/>El exalcalde de Oviedo Agust\u00edn Iglesias Caunedo ha se\u00f1alado este martes que \u00ablas cortinas de humo que tratan de utilizar en cada sesi\u00f3n los miembros de Somos est\u00e1n encontrando el aliado perfecto en el alcalde\u00bb, ya que es \u00abincapaz de mandar en su casa\u00bb.<\/p>\n<p>\u00abSu falta de autoridad con los concejales que le sustentan en el poder choca frontalmente con el pu\u00f1o de hierro que aplic\u00f3 a los ciudadanos a los que ha prohibido mostrar sus reclamaciones en el sal\u00f3n de plenos, porque iban en contra de los intereses del Ejecutivo\u00bb, ha afirmado el portavoz &#8216;popular&#8217;, despu\u00e9s del Pleno, en relaci\u00f3n a que la Polic\u00eda Local quit\u00f3 unos carteles a varios vecinos de Ventanielles donde ped\u00edan vivienda digna y trabajo.<\/p>\n<p>Adem\u00e1s, el edil &#8216;popular&#8217; ha comentado que L\u00f3pez \u00abno aplica el reglamento\u00bb, debido a que ha dejado que la concejal de Somos Isabel Rodr\u00edguez realizase un ruego a la oposici\u00f3n, cuando se deben hacer al alcalde.<\/p>\n<p>De forma paralela, Caunedo ha se\u00f1alado que el Pleno \u00abha servido para demostrar la absoluta incapacidad del equipo de Gobierno\u00bb, ya que \u00abnadie parece preocupado por la falta de presupuestos y esto s\u00ed supone un verdadero problema\u00bb para la ciudad. Asimismo, el edil ha dicho que el tripartito deber\u00eda \u00abestar preocupado en no colapsar el Ayuntamiento\u00bb y \u00abbasta ya de pol\u00e9micas absurdas que no favorecen a la ciudad. P\u00f3nganse a trabajar de una vez y no culpen a los dem\u00e1s de su incapacidad para trabajar\u00bb.<\/p>\n","protected":false},"excerpt":{"rendered":"<p>El exalcalde de Oviedo Agust\u00edn Iglesias Caunedo ha se\u00f1alado este martes que \u00ablas cortinas de humo que tratan de utilizar en cada sesi\u00f3n los miembros de Somos est\u00e1n encontrando el aliado perfecto en el alcalde\u00bb, ya que es \u00abincapaz de mandar en su casa\u00bb. \u00abSu falta de autoridad con los concejales que le sustentan en [&hellip;]<\/p>\n","protected":false},"author":1,"featured_media":853234,"comment_status":"closed","ping_status":"closed","sticky":false,"template":"","format":"standard","meta":{"footnotes":""},"categories":[12],"tags":[],"class_list":["post-853233","post","type-post","status-publish","format-standard","has-post-thumbnail","hentry","category-actualidad-asturias"],"aioseo_notices":[],"aioseo_head":"\n\t\t<!-- All in One SEO Pro 4.9.6.2 - aioseo.com -->\n\t<meta name=\"description\" content=\"El exalcalde de Oviedo Agust\u00edn Iglesias Caunedo ha se\u00f1alado este martes que &quot;las cortinas de humo que tratan de utilizar en cada sesi\u00f3n los miembros de Somos est\u00e1n encontrando el aliado perfecto en el alcalde&quot;, ya que es &quot;incapaz de mandar en su casa&quot;. &quot;Su falta de autoridad con los concejales que le sustentan en\" \/>\n\t<meta name=\"robots\" content=\"max-image-preview:large\" \/>\n\t<meta name=\"author\" content=\"El Digital de Asturias\"\/>\n\t<meta name=\"google-site-verification\" content=\"UA-38556648-1\" \/>\n\t<meta name=\"msvalidate.01\" content=\"7dfe9f3f1b24437ab69f4f2559babe99\" \/>\n\t<meta name=\"keywords\" content=\"actualidad asturias\" \/>\n\t<link rel=\"canonical\" href=\"https:\/\/www.eldigitaldeasturias.com\/noticias\/caunedo-afirma-que-el-alcalde-es-incapaz-de-mandar-en-su-casa\/\" \/>\n\t<meta name=\"generator\" content=\"All in One SEO Pro (AIOSEO) 4.9.6.2\" \/>\n\t\t<meta property=\"og:locale\" content=\"es_ES\" \/>\n\t\t<meta property=\"og:site_name\" content=\"El Digital de Asturias\" \/>\n\t\t<meta property=\"og:type\" content=\"article\" \/>\n\t\t<meta property=\"og:title\" content=\"Caunedo afirma que el alcalde es \u00abincapaz de mandar en su casa\u00bb - El Digital de Asturias\" \/>\n\t\t<meta property=\"og:description\" content=\"El exalcalde de Oviedo Agust\u00edn Iglesias Caunedo ha se\u00f1alado este martes que &quot;las cortinas de humo que tratan de utilizar en cada sesi\u00f3n los miembros de Somos est\u00e1n encontrando el aliado perfecto en el alcalde&quot;, ya que es &quot;incapaz de mandar en su casa&quot;. &quot;Su falta de autoridad con los concejales que le sustentan en\" \/>\n\t\t<meta property=\"og:url\" content=\"https:\/\/www.eldigitaldeasturias.com\/noticias\/caunedo-afirma-que-el-alcalde-es-incapaz-de-mandar-en-su-casa\/\" \/>\n\t\t<meta property=\"og:image\" content=\"https:\/\/www.eldigitaldeasturias.com\/noticias\/wp-content\/uploads\/2016\/02\/fotonoticia_20160202201409_800.jpg\" \/>\n\t\t<meta property=\"og:image:secure_url\" content=\"https:\/\/www.eldigitaldeasturias.com\/noticias\/wp-content\/uploads\/2016\/02\/fotonoticia_20160202201409_800.jpg\" \/>\n\t\t<meta property=\"og:image:width\" content=\"800\" \/>\n\t\t<meta property=\"og:image:height\" content=\"600\" \/>\n\t\t<meta property=\"article:tag\" content=\"actualidad asturias\" \/>\n\t\t<meta property=\"article:published_time\" content=\"2016-02-02T23:29:43+00:00\" \/>\n\t\t<meta property=\"article:modified_time\" content=\"2016-02-02T23:29:43+00:00\" \/>\n\t\t<meta property=\"article:publisher\" content=\"https:\/\/facebook.com\/eldigitaldeasturias\" \/>\n\t\t<meta name=\"twitter:card\" content=\"summary_large_image\" \/>\n\t\t<meta name=\"twitter:title\" content=\"Caunedo afirma que el alcalde es \u00abincapaz de mandar en su casa\u00bb - El Digital de Asturias\" \/>\n\t\t<meta name=\"twitter:description\" content=\"El exalcalde de Oviedo Agust\u00edn Iglesias Caunedo ha se\u00f1alado este martes que &quot;las cortinas de humo que tratan de utilizar en cada sesi\u00f3n los miembros de Somos est\u00e1n encontrando el aliado perfecto en el alcalde&quot;, ya que es &quot;incapaz de mandar en su casa&quot;. &quot;Su falta de autoridad con los concejales que le sustentan en\" \/>\n\t\t<meta name=\"twitter:image\" content=\"https:\/\/www.eldigitaldeasturias.com\/noticias\/wp-content\/uploads\/2016\/02\/fotonoticia_20160202201409_800.jpg\" \/>\n\t\t<meta name=\"twitter:label1\" content=\"Escrito por\" \/>\n\t\t<meta name=\"twitter:data1\" content=\"El Digital de Asturias\" \/>\n\t\t<meta name=\"twitter:label2\" content=\"Tiempo de lectura estimado\" \/>\n\t\t<meta name=\"twitter:data2\" content=\"1 minuto\" \/>\n\t\t<script type=\"application\/ld+json\" class=\"aioseo-schema\">\n\t\t\t{\"@context\":\"https:\\\/\\\/schema.org\",\"@graph\":[{\"@type\":\"BlogPosting\",\"@id\":\"https:\\\/\\\/www.eldigitaldeasturias.com\\\/noticias\\\/caunedo-afirma-que-el-alcalde-es-incapaz-de-mandar-en-su-casa\\\/#blogposting\",\"name\":\"Caunedo afirma que el alcalde es \\u00abincapaz de mandar en su casa\\u00bb - El Digital de Asturias\",\"headline\":\"Caunedo afirma que el alcalde es \\u00abincapaz de mandar en su casa\\u00bb\",\"author\":{\"@id\":\"https:\\\/\\\/www.eldigitaldeasturias.com\\\/noticias\\\/author\\\/admin\\\/#author\"},\"publisher\":{\"@id\":\"https:\\\/\\\/www.eldigitaldeasturias.com\\\/noticias\\\/#organization\"},\"image\":{\"@type\":\"ImageObject\",\"url\":\"https:\\\/\\\/www.eldigitaldeasturias.com\\\/noticias\\\/wp-content\\\/uploads\\\/2016\\\/02\\\/fotonoticia_20160202201409_800.jpg\",\"width\":800,\"height\":600},\"datePublished\":\"2016-02-02T23:29:43+01:00\",\"dateModified\":\"2016-02-02T23:29:43+01:00\",\"inLanguage\":\"es-ES\",\"mainEntityOfPage\":{\"@id\":\"https:\\\/\\\/www.eldigitaldeasturias.com\\\/noticias\\\/caunedo-afirma-que-el-alcalde-es-incapaz-de-mandar-en-su-casa\\\/#webpage\"},\"isPartOf\":{\"@id\":\"https:\\\/\\\/www.eldigitaldeasturias.com\\\/noticias\\\/caunedo-afirma-que-el-alcalde-es-incapaz-de-mandar-en-su-casa\\\/#webpage\"},\"articleSection\":\"Actualidad Asturias\"},{\"@type\":\"BreadcrumbList\",\"@id\":\"https:\\\/\\\/www.eldigitaldeasturias.com\\\/noticias\\\/caunedo-afirma-que-el-alcalde-es-incapaz-de-mandar-en-su-casa\\\/#breadcrumblist\",\"itemListElement\":[{\"@type\":\"ListItem\",\"@id\":\"https:\\\/\\\/www.eldigitaldeasturias.com\\\/noticias#listItem\",\"position\":1,\"name\":\"Home\",\"item\":\"https:\\\/\\\/www.eldigitaldeasturias.com\\\/noticias\",\"nextItem\":{\"@type\":\"ListItem\",\"@id\":\"https:\\\/\\\/www.eldigitaldeasturias.com\\\/noticias\\\/category\\\/actualidad-asturias\\\/#listItem\",\"name\":\"Actualidad Asturias\"}},{\"@type\":\"ListItem\",\"@id\":\"https:\\\/\\\/www.eldigitaldeasturias.com\\\/noticias\\\/category\\\/actualidad-asturias\\\/#listItem\",\"position\":2,\"name\":\"Actualidad Asturias\",\"item\":\"https:\\\/\\\/www.eldigitaldeasturias.com\\\/noticias\\\/category\\\/actualidad-asturias\\\/\",\"nextItem\":{\"@type\":\"ListItem\",\"@id\":\"https:\\\/\\\/www.eldigitaldeasturias.com\\\/noticias\\\/caunedo-afirma-que-el-alcalde-es-incapaz-de-mandar-en-su-casa\\\/#listItem\",\"name\":\"Caunedo afirma que el alcalde es \\u00abincapaz de mandar en su casa\\u00bb\"},\"previousItem\":{\"@type\":\"ListItem\",\"@id\":\"https:\\\/\\\/www.eldigitaldeasturias.com\\\/noticias#listItem\",\"name\":\"Home\"}},{\"@type\":\"ListItem\",\"@id\":\"https:\\\/\\\/www.eldigitaldeasturias.com\\\/noticias\\\/caunedo-afirma-que-el-alcalde-es-incapaz-de-mandar-en-su-casa\\\/#listItem\",\"position\":3,\"name\":\"Caunedo afirma que el alcalde es \\u00abincapaz de mandar en su casa\\u00bb\",\"previousItem\":{\"@type\":\"ListItem\",\"@id\":\"https:\\\/\\\/www.eldigitaldeasturias.com\\\/noticias\\\/category\\\/actualidad-asturias\\\/#listItem\",\"name\":\"Actualidad Asturias\"}}]},{\"@type\":\"Organization\",\"@id\":\"https:\\\/\\\/www.eldigitaldeasturias.com\\\/noticias\\\/#organization\",\"name\":\"El Digital de Asturias\",\"description\":\"Hemeroteca\",\"url\":\"https:\\\/\\\/www.eldigitaldeasturias.com\\\/noticias\\\/\",\"email\":\"info@eldigitaldeasturias.com\",\"telephone\":\"+34652131393\",\"logo\":{\"@type\":\"ImageObject\",\"url\":\"https:\\\/\\\/www.eldigitaldeasturias.com\\\/noticias\\\/wp-content\\\/uploads\\\/2020\\\/12\\\/EDA.jpg\",\"@id\":\"https:\\\/\\\/www.eldigitaldeasturias.com\\\/noticias\\\/caunedo-afirma-que-el-alcalde-es-incapaz-de-mandar-en-su-casa\\\/#organizationLogo\",\"width\":649,\"height\":297},\"image\":{\"@id\":\"https:\\\/\\\/www.eldigitaldeasturias.com\\\/noticias\\\/caunedo-afirma-que-el-alcalde-es-incapaz-de-mandar-en-su-casa\\\/#organizationLogo\"},\"sameAs\":[\"https:\\\/\\\/facebook.com\\\/eldigitaldeasturias\",\"https:\\\/\\\/www.youtube.com\\\/channel\\\/UCZP-2wLEB9Rv6erhFmqVnvg\"],\"address\":{\"@id\":\"https:\\\/\\\/www.eldigitaldeasturias.com\\\/noticias\\\/#postaladdress\",\"@type\":\"PostalAddress\",\"streetAddress\":\"san antonio 4,\",\"postalCode\":\"33430\",\"addressLocality\":\"Cand\\u00e1s\",\"addressRegion\":\"Asturias\",\"addressCountry\":\"ES\"}},{\"@type\":\"Person\",\"@id\":\"https:\\\/\\\/www.eldigitaldeasturias.com\\\/noticias\\\/author\\\/admin\\\/#author\",\"url\":\"https:\\\/\\\/www.eldigitaldeasturias.com\\\/noticias\\\/author\\\/admin\\\/\",\"name\":\"El Digital de Asturias\",\"image\":{\"@type\":\"ImageObject\",\"@id\":\"https:\\\/\\\/www.eldigitaldeasturias.com\\\/noticias\\\/caunedo-afirma-que-el-alcalde-es-incapaz-de-mandar-en-su-casa\\\/#authorImage\",\"url\":\"https:\\\/\\\/www.eldigitaldeasturias.com\\\/noticias\\\/wp-content\\\/litespeed\\\/avatar\\\/18677e78aa0546b92d9dbf31ec7d7668.jpg?ver=1776685526\",\"width\":96,\"height\":96,\"caption\":\"El Digital de Asturias\"}},{\"@type\":\"WebPage\",\"@id\":\"https:\\\/\\\/www.eldigitaldeasturias.com\\\/noticias\\\/caunedo-afirma-que-el-alcalde-es-incapaz-de-mandar-en-su-casa\\\/#webpage\",\"url\":\"https:\\\/\\\/www.eldigitaldeasturias.com\\\/noticias\\\/caunedo-afirma-que-el-alcalde-es-incapaz-de-mandar-en-su-casa\\\/\",\"name\":\"Caunedo afirma que el alcalde es \\u00abincapaz de mandar en su casa\\u00bb - El Digital de Asturias\",\"description\":\"El exalcalde de Oviedo Agust\\u00edn Iglesias Caunedo ha se\\u00f1alado este martes que \\\"las cortinas de humo que tratan de utilizar en cada sesi\\u00f3n los miembros de Somos est\\u00e1n encontrando el aliado perfecto en el alcalde\\\", ya que es \\\"incapaz de mandar en su casa\\\". \\\"Su falta de autoridad con los concejales que le sustentan en\",\"inLanguage\":\"es-ES\",\"isPartOf\":{\"@id\":\"https:\\\/\\\/www.eldigitaldeasturias.com\\\/noticias\\\/#website\"},\"breadcrumb\":{\"@id\":\"https:\\\/\\\/www.eldigitaldeasturias.com\\\/noticias\\\/caunedo-afirma-que-el-alcalde-es-incapaz-de-mandar-en-su-casa\\\/#breadcrumblist\"},\"author\":{\"@id\":\"https:\\\/\\\/www.eldigitaldeasturias.com\\\/noticias\\\/author\\\/admin\\\/#author\"},\"creator\":{\"@id\":\"https:\\\/\\\/www.eldigitaldeasturias.com\\\/noticias\\\/author\\\/admin\\\/#author\"},\"image\":{\"@type\":\"ImageObject\",\"url\":\"https:\\\/\\\/www.eldigitaldeasturias.com\\\/noticias\\\/wp-content\\\/uploads\\\/2016\\\/02\\\/fotonoticia_20160202201409_800.jpg\",\"@id\":\"https:\\\/\\\/www.eldigitaldeasturias.com\\\/noticias\\\/caunedo-afirma-que-el-alcalde-es-incapaz-de-mandar-en-su-casa\\\/#mainImage\",\"width\":800,\"height\":600},\"primaryImageOfPage\":{\"@id\":\"https:\\\/\\\/www.eldigitaldeasturias.com\\\/noticias\\\/caunedo-afirma-que-el-alcalde-es-incapaz-de-mandar-en-su-casa\\\/#mainImage\"},\"datePublished\":\"2016-02-02T23:29:43+01:00\",\"dateModified\":\"2016-02-02T23:29:43+01:00\"},{\"@type\":\"WebSite\",\"@id\":\"https:\\\/\\\/www.eldigitaldeasturias.com\\\/noticias\\\/#website\",\"url\":\"https:\\\/\\\/www.eldigitaldeasturias.com\\\/noticias\\\/\",\"name\":\"El Digital de Asturias - Diario de actualidad y noticias\",\"alternateName\":\"El Digital de Asturias - Diario de actualidad y noticias\",\"description\":\"Hemeroteca\",\"inLanguage\":\"es-ES\",\"publisher\":{\"@id\":\"https:\\\/\\\/www.eldigitaldeasturias.com\\\/noticias\\\/#organization\"}}]}\n\t\t<\/script>\n\t\t<!-- All in One SEO Pro -->\r\n\t\t<title>Caunedo afirma que el alcalde es \u00abincapaz de mandar en su casa\u00bb - El Digital de Asturias<\/title>\n\n","aioseo_head_json":{"title":"Caunedo afirma que el alcalde es \u00abincapaz de mandar en su casa\u00bb - El Digital de Asturias","description":"El exalcalde de Oviedo Agust\u00edn Iglesias Caunedo ha se\u00f1alado este martes que \"las cortinas de humo que tratan de utilizar en cada sesi\u00f3n los miembros de Somos est\u00e1n encontrando el aliado perfecto en el alcalde\", ya que es \"incapaz de mandar en su casa\". \"Su falta de autoridad con los concejales que le sustentan en","canonical_url":"https:\/\/www.eldigitaldeasturias.com\/noticias\/caunedo-afirma-que-el-alcalde-es-incapaz-de-mandar-en-su-casa\/","robots":"max-image-preview:large","keywords":"actualidad asturias","webmasterTools":{"google-site-verification":"UA-38556648-1","msvalidate.01":"7dfe9f3f1b24437ab69f4f2559babe99","miscellaneous":""},"schema":{"@context":"https:\/\/schema.org","@graph":[{"@type":"BlogPosting","@id":"https:\/\/www.eldigitaldeasturias.com\/noticias\/caunedo-afirma-que-el-alcalde-es-incapaz-de-mandar-en-su-casa\/#blogposting","name":"Caunedo afirma que el alcalde es \u00abincapaz de mandar en su casa\u00bb - El Digital de Asturias","headline":"Caunedo afirma que el alcalde es \u00abincapaz de mandar en su casa\u00bb","author":{"@id":"https:\/\/www.eldigitaldeasturias.com\/noticias\/author\/admin\/#author"},"publisher":{"@id":"https:\/\/www.eldigitaldeasturias.com\/noticias\/#organization"},"image":{"@type":"ImageObject","url":"https:\/\/www.eldigitaldeasturias.com\/noticias\/wp-content\/uploads\/2016\/02\/fotonoticia_20160202201409_800.jpg","width":800,"height":600},"datePublished":"2016-02-02T23:29:43+01:00","dateModified":"2016-02-02T23:29:43+01:00","inLanguage":"es-ES","mainEntityOfPage":{"@id":"https:\/\/www.eldigitaldeasturias.com\/noticias\/caunedo-afirma-que-el-alcalde-es-incapaz-de-mandar-en-su-casa\/#webpage"},"isPartOf":{"@id":"https:\/\/www.eldigitaldeasturias.com\/noticias\/caunedo-afirma-que-el-alcalde-es-incapaz-de-mandar-en-su-casa\/#webpage"},"articleSection":"Actualidad Asturias"},{"@type":"BreadcrumbList","@id":"https:\/\/www.eldigitaldeasturias.com\/noticias\/caunedo-afirma-que-el-alcalde-es-incapaz-de-mandar-en-su-casa\/#breadcrumblist","itemListElement":[{"@type":"ListItem","@id":"https:\/\/www.eldigitaldeasturias.com\/noticias#listItem","position":1,"name":"Home","item":"https:\/\/www.eldigitaldeasturias.com\/noticias","nextItem":{"@type":"ListItem","@id":"https:\/\/www.eldigitaldeasturias.com\/noticias\/category\/actualidad-asturias\/#listItem","name":"Actualidad Asturias"}},{"@type":"ListItem","@id":"https:\/\/www.eldigitaldeasturias.com\/noticias\/category\/actualidad-asturias\/#listItem","position":2,"name":"Actualidad Asturias","item":"https:\/\/www.eldigitaldeasturias.com\/noticias\/category\/actualidad-asturias\/","nextItem":{"@type":"ListItem","@id":"https:\/\/www.eldigitaldeasturias.com\/noticias\/caunedo-afirma-que-el-alcalde-es-incapaz-de-mandar-en-su-casa\/#listItem","name":"Caunedo afirma que el alcalde es \u00abincapaz de mandar en su casa\u00bb"},"previousItem":{"@type":"ListItem","@id":"https:\/\/www.eldigitaldeasturias.com\/noticias#listItem","name":"Home"}},{"@type":"ListItem","@id":"https:\/\/www.eldigitaldeasturias.com\/noticias\/caunedo-afirma-que-el-alcalde-es-incapaz-de-mandar-en-su-casa\/#listItem","position":3,"name":"Caunedo afirma que el alcalde es \u00abincapaz de mandar en su casa\u00bb","previousItem":{"@type":"ListItem","@id":"https:\/\/www.eldigitaldeasturias.com\/noticias\/category\/actualidad-asturias\/#listItem","name":"Actualidad Asturias"}}]},{"@type":"Organization","@id":"https:\/\/www.eldigitaldeasturias.com\/noticias\/#organization","name":"El Digital de Asturias","description":"Hemeroteca","url":"https:\/\/www.eldigitaldeasturias.com\/noticias\/","email":"info@eldigitaldeasturias.com","telephone":"+34652131393","logo":{"@type":"ImageObject","url":"https:\/\/www.eldigitaldeasturias.com\/noticias\/wp-content\/uploads\/2020\/12\/EDA.jpg","@id":"https:\/\/www.eldigitaldeasturias.com\/noticias\/caunedo-afirma-que-el-alcalde-es-incapaz-de-mandar-en-su-casa\/#organizationLogo","width":649,"height":297},"image":{"@id":"https:\/\/www.eldigitaldeasturias.com\/noticias\/caunedo-afirma-que-el-alcalde-es-incapaz-de-mandar-en-su-casa\/#organizationLogo"},"sameAs":["https:\/\/facebook.com\/eldigitaldeasturias","https:\/\/www.youtube.com\/channel\/UCZP-2wLEB9Rv6erhFmqVnvg"],"address":{"@id":"https:\/\/www.eldigitaldeasturias.com\/noticias\/#postaladdress","@type":"PostalAddress","streetAddress":"san antonio 4,","postalCode":"33430","addressLocality":"Cand\u00e1s","addressRegion":"Asturias","addressCountry":"ES"}},{"@type":"Person","@id":"https:\/\/www.eldigitaldeasturias.com\/noticias\/author\/admin\/#author","url":"https:\/\/www.eldigitaldeasturias.com\/noticias\/author\/admin\/","name":"El Digital de Asturias","image":{"@type":"ImageObject","@id":"https:\/\/www.eldigitaldeasturias.com\/noticias\/caunedo-afirma-que-el-alcalde-es-incapaz-de-mandar-en-su-casa\/#authorImage","url":"https:\/\/www.eldigitaldeasturias.com\/noticias\/wp-content\/litespeed\/avatar\/18677e78aa0546b92d9dbf31ec7d7668.jpg?ver=1776685526","width":96,"height":96,"caption":"El Digital de Asturias"}},{"@type":"WebPage","@id":"https:\/\/www.eldigitaldeasturias.com\/noticias\/caunedo-afirma-que-el-alcalde-es-incapaz-de-mandar-en-su-casa\/#webpage","url":"https:\/\/www.eldigitaldeasturias.com\/noticias\/caunedo-afirma-que-el-alcalde-es-incapaz-de-mandar-en-su-casa\/","name":"Caunedo afirma que el alcalde es \u00abincapaz de mandar en su casa\u00bb - El Digital de Asturias","description":"El exalcalde de Oviedo Agust\u00edn Iglesias Caunedo ha se\u00f1alado este martes que \"las cortinas de humo que tratan de utilizar en cada sesi\u00f3n los miembros de Somos est\u00e1n encontrando el aliado perfecto en el alcalde\", ya que es \"incapaz de mandar en su casa\". \"Su falta de autoridad con los concejales que le sustentan en","inLanguage":"es-ES","isPartOf":{"@id":"https:\/\/www.eldigitaldeasturias.com\/noticias\/#website"},"breadcrumb":{"@id":"https:\/\/www.eldigitaldeasturias.com\/noticias\/caunedo-afirma-que-el-alcalde-es-incapaz-de-mandar-en-su-casa\/#breadcrumblist"},"author":{"@id":"https:\/\/www.eldigitaldeasturias.com\/noticias\/author\/admin\/#author"},"creator":{"@id":"https:\/\/www.eldigitaldeasturias.com\/noticias\/author\/admin\/#author"},"image":{"@type":"ImageObject","url":"https:\/\/www.eldigitaldeasturias.com\/noticias\/wp-content\/uploads\/2016\/02\/fotonoticia_20160202201409_800.jpg","@id":"https:\/\/www.eldigitaldeasturias.com\/noticias\/caunedo-afirma-que-el-alcalde-es-incapaz-de-mandar-en-su-casa\/#mainImage","width":800,"height":600},"primaryImageOfPage":{"@id":"https:\/\/www.eldigitaldeasturias.com\/noticias\/caunedo-afirma-que-el-alcalde-es-incapaz-de-mandar-en-su-casa\/#mainImage"},"datePublished":"2016-02-02T23:29:43+01:00","dateModified":"2016-02-02T23:29:43+01:00"},{"@type":"WebSite","@id":"https:\/\/www.eldigitaldeasturias.com\/noticias\/#website","url":"https:\/\/www.eldigitaldeasturias.com\/noticias\/","name":"El Digital de Asturias - Diario de actualidad y noticias","alternateName":"El Digital de Asturias - Diario de actualidad y noticias","description":"Hemeroteca","inLanguage":"es-ES","publisher":{"@id":"https:\/\/www.eldigitaldeasturias.com\/noticias\/#organization"}}]},"og:locale":"es_ES","og:site_name":"El Digital de Asturias","og:type":"article","og:title":"Caunedo afirma que el alcalde es \u00abincapaz de mandar en su casa\u00bb - El Digital de Asturias","og:description":"El exalcalde de Oviedo Agust\u00edn Iglesias Caunedo ha se\u00f1alado este martes que &quot;las cortinas de humo que tratan de utilizar en cada sesi\u00f3n los miembros de Somos est\u00e1n encontrando el aliado perfecto en el alcalde&quot;, ya que es &quot;incapaz de mandar en su casa&quot;. &quot;Su falta de autoridad con los concejales que le sustentan en","og:url":"https:\/\/www.eldigitaldeasturias.com\/noticias\/caunedo-afirma-que-el-alcalde-es-incapaz-de-mandar-en-su-casa\/","og:image":"https:\/\/www.eldigitaldeasturias.com\/noticias\/wp-content\/uploads\/2016\/02\/fotonoticia_20160202201409_800.jpg","og:image:secure_url":"https:\/\/www.eldigitaldeasturias.com\/noticias\/wp-content\/uploads\/2016\/02\/fotonoticia_20160202201409_800.jpg","og:image:width":800,"og:image:height":600,"article:tag":["actualidad asturias"],"article:published_time":"2016-02-02T23:29:43+00:00","article:modified_time":"2016-02-02T23:29:43+00:00","article:publisher":"https:\/\/facebook.com\/eldigitaldeasturias","twitter:card":"summary_large_image","twitter:title":"Caunedo afirma que el alcalde es \u00abincapaz de mandar en su casa\u00bb - El Digital de Asturias","twitter:description":"El exalcalde de Oviedo Agust\u00edn Iglesias Caunedo ha se\u00f1alado este martes que &quot;las cortinas de humo que tratan de utilizar en cada sesi\u00f3n los miembros de Somos est\u00e1n encontrando el aliado perfecto en el alcalde&quot;, ya que es &quot;incapaz de mandar en su casa&quot;. &quot;Su falta de autoridad con los concejales que le sustentan en","twitter:image":"https:\/\/www.eldigitaldeasturias.com\/noticias\/wp-content\/uploads\/2016\/02\/fotonoticia_20160202201409_800.jpg","twitter:label1":"Escrito por","twitter:data1":"El Digital de Asturias","twitter:label2":"Tiempo de lectura estimado","twitter:data2":"1 minuto"},"aioseo_meta_data":{"post_id":"853233","title":null,"description":null,"keywords":null,"keyphrases":null,"primary_term":null,"canonical_url":null,"og_title":null,"og_description":null,"og_object_type":"default","og_image_type":"default","og_image_url":null,"og_image_width":null,"og_image_height":null,"og_image_custom_url":null,"og_image_custom_fields":null,"og_video":null,"og_custom_url":null,"og_article_section":null,"og_article_tags":null,"twitter_use_og":false,"twitter_card":"default","twitter_image_type":"default","twitter_image_url":null,"twitter_image_custom_url":null,"twitter_image_custom_fields":null,"twitter_title":null,"twitter_description":null,"schema":{"blockGraphs":[],"customGraphs":[],"default":{"data":{"Article":[],"Course":[],"Dataset":[],"FAQPage":[],"Movie":[],"Person":[],"Product":[],"ProductReview":[],"Car":[],"Recipe":[],"Service":[],"SoftwareApplication":[],"WebPage":[]},"graphName":"","isEnabled":true},"graphs":[],"defaultGraph":"","defaultPostTypeGraph":""},"schema_type":null,"schema_type_options":null,"pillar_content":false,"robots_default":true,"robots_noindex":false,"robots_noarchive":false,"robots_nosnippet":false,"robots_nofollow":false,"robots_noimageindex":false,"robots_noodp":false,"robots_notranslate":false,"robots_max_snippet":null,"robots_max_videopreview":null,"robots_max_imagepreview":"large","priority":null,"frequency":null,"local_seo":null,"seo_analyzer_scan_date":"2025-12-09 17:23:39","breadcrumb_settings":null,"limit_modified_date":false,"open_ai":null,"ai":null,"created":"2021-01-23 11:14:34","updated":"2025-12-09 17:23:39"},"aioseo_breadcrumb":"<div class=\"aioseo-breadcrumbs\"><span class=\"aioseo-breadcrumb\">\n\t<a href=\"https:\/\/www.eldigitaldeasturias.com\/noticias\" title=\"Home\">Home<\/a>\n<\/span><span class=\"aioseo-breadcrumb-separator\">\u2013<\/span><span class=\"aioseo-breadcrumb\">\n\t<a href=\"https:\/\/www.eldigitaldeasturias.com\/noticias\/category\/actualidad-asturias\/\" title=\"Actualidad Asturias\">Actualidad Asturias<\/a>\n<\/span><span class=\"aioseo-breadcrumb-separator\">\u2013<\/span><span class=\"aioseo-breadcrumb\">\n\t<a href=\"https:\/\/www.eldigitaldeasturias.com\/noticias\/caunedo-afirma-que-el-alcalde-es-incapaz-de-mandar-en-su-casa\/\" title=\"Caunedo afirma que el alcalde es \u00abincapaz de mandar en su casa\u00bb\">Caunedo afirma que el alcalde es \u00abincapaz de mandar en su casa\u00bb<\/a>\n<\/span><\/div>","aioseo_breadcrumb_json":[{"label":"Home","link":"https:\/\/www.eldigitaldeasturias.com\/noticias"},{"label":"Actualidad Asturias","link":"https:\/\/www.eldigitaldeasturias.com\/noticias\/category\/actualidad-asturias\/"},{"label":"Caunedo afirma que el alcalde es \u00abincapaz de mandar en su casa\u00bb","link":"https:\/\/www.eldigitaldeasturias.com\/noticias\/caunedo-afirma-que-el-alcalde-es-incapaz-de-mandar-en-su-casa\/"}],"_links":{"self":[{"href":"https:\/\/www.eldigitaldeasturias.com\/noticias\/wp-json\/wp\/v2\/posts\/853233","targetHints":{"allow":["GET"]}}],"collection":[{"href":"https:\/\/www.eldigitaldeasturias.com\/noticias\/wp-json\/wp\/v2\/posts"}],"about":[{"href":"https:\/\/www.eldigitaldeasturias.com\/noticias\/wp-json\/wp\/v2\/types\/post"}],"author":[{"embeddable":true,"href":"https:\/\/www.eldigitaldeasturias.com\/noticias\/wp-json\/wp\/v2\/users\/1"}],"replies":[{"embeddable":true,"href":"https:\/\/www.eldigitaldeasturias.com\/noticias\/wp-json\/wp\/v2\/comments?post=853233"}],"version-history":[{"count":0,"href":"https:\/\/www.eldigitaldeasturias.com\/noticias\/wp-json\/wp\/v2\/posts\/853233\/revisions"}],"wp:featuredmedia":[{"embeddable":true,"href":"https:\/\/www.eldigitaldeasturias.com\/noticias\/wp-json\/wp\/v2\/media\/853234"}],"wp:attachment":[{"href":"https:\/\/www.eldigitaldeasturias.com\/noticias\/wp-json\/wp\/v2\/media?parent=853233"}],"wp:term":[{"taxonomy":"category","embeddable":true,"href":"https:\/\/www.eldigitaldeasturias.com\/noticias\/wp-json\/wp\/v2\/categories?post=853233"},{"taxonomy":"post_tag","embeddable":true,"href":"https:\/\/www.eldigitaldeasturias.com\/noticias\/wp-json\/wp\/v2\/tags?post=853233"}],"curies":[{"name":"wp","href":"https:\/\/api.w.org\/{rel}","templated":true}]}}