{"id":853231,"date":"2016-02-02T23:27:40","date_gmt":"2016-02-02T23:27:40","guid":{"rendered":"http:\/\/www.eldigitaldeasturias.com\/noticias\/?p=853231"},"modified":"2016-02-02T23:27:40","modified_gmt":"2016-02-02T23:27:40","slug":"ciudadanos-sostiene-que-los-datos-de-asturias-demuestran-que-esta-estancada","status":"publish","type":"post","link":"https:\/\/www.eldigitaldeasturias.com\/noticias\/ciudadanos-sostiene-que-los-datos-de-asturias-demuestran-que-esta-estancada\/","title":{"rendered":"Ciudadanos sostiene que los datos de Asturias demuestran que \u00abest\u00e1 estancada\u00bb"},"content":{"rendered":"<p><img loading=\"lazy\" decoding=\"async\" class=\"alignleft size-medium wp-image-852981\" src=\"https:\/\/www.eldigitaldeasturias.com\/noticias\/wp-content\/uploads\/2016\/02\/fotonoticia_20160202094935_800-360x270.jpg\" alt=\"fotonoticia_20160202094935_800\" width=\"360\" height=\"270\" srcset=\"https:\/\/www.eldigitaldeasturias.com\/noticias\/wp-content\/uploads\/2016\/02\/fotonoticia_20160202094935_800-360x270.jpg 360w, https:\/\/www.eldigitaldeasturias.com\/noticias\/wp-content\/uploads\/2016\/02\/fotonoticia_20160202094935_800-768x576.jpg 768w, https:\/\/www.eldigitaldeasturias.com\/noticias\/wp-content\/uploads\/2016\/02\/fotonoticia_20160202094935_800-650x488.jpg 650w, https:\/\/www.eldigitaldeasturias.com\/noticias\/wp-content\/uploads\/2016\/02\/fotonoticia_20160202094935_800-125x95.jpg 125w, https:\/\/www.eldigitaldeasturias.com\/noticias\/wp-content\/uploads\/2016\/02\/fotonoticia_20160202094935_800-100x75.jpg 100w, https:\/\/www.eldigitaldeasturias.com\/noticias\/wp-content\/uploads\/2016\/02\/fotonoticia_20160202094935_800.jpg 800w\" sizes=\"auto, (max-width: 360px) 100vw, 360px\" \/>El diputado de Ciudadanos en el Junta General del Principado Armando Fern\u00e1ndez Bartolom\u00e9 ha asegurado este martes que los datos del paro de enero en Asturias demuestran que \u00abest\u00e1 estancada\u00bb.<\/p>\n<p>\u00abSomos la comunidad aut\u00f3noma que menos crece de Espa\u00f1a. Tenemos la tasa de actividad m\u00e1s baja y la tasa de ocupaci\u00f3n se sit\u00faa tambi\u00e9n entre las m\u00e1s bajas del pa\u00eds\u00bb, ha argumentado Bartolom\u00e9.<\/p>\n<p>En este sentido el diputado de Ciudadanos ha recordado que su formaci\u00f3n pol\u00edtica preguntar\u00e1 en el pr\u00f3ximo pleno al consejero de Empleo, Industria y Turismo, Francisco Blanco, sobre las medidas que tiene previsto acometer \u00abpara atajar las elevadas cifras de desempleo y en particular para combatir el problema que representa la alta tasa de desempleo de larga duraci\u00f3n\u00bb.<\/p>\n","protected":false},"excerpt":{"rendered":"<p>El diputado de Ciudadanos en el Junta General del Principado Armando Fern\u00e1ndez Bartolom\u00e9 ha asegurado este martes que los datos del paro de enero en Asturias demuestran que \u00abest\u00e1 estancada\u00bb. \u00abSomos la comunidad aut\u00f3noma que menos crece de Espa\u00f1a. Tenemos la tasa de actividad m\u00e1s baja y la tasa de ocupaci\u00f3n se sit\u00faa tambi\u00e9n entre [&hellip;]<\/p>\n","protected":false},"author":1,"featured_media":852981,"comment_status":"closed","ping_status":"closed","sticky":false,"template":"","format":"standard","meta":{"footnotes":""},"categories":[12],"tags":[],"class_list":["post-853231","post","type-post","status-publish","format-standard","has-post-thumbnail","hentry","category-actualidad-asturias"],"aioseo_notices":[],"aioseo_head":"\n\t\t<!-- All in One SEO Pro 4.9.6.2 - aioseo.com -->\n\t<meta name=\"description\" content=\"El diputado de Ciudadanos en el Junta General del Principado Armando Fern\u00e1ndez Bartolom\u00e9 ha asegurado este martes que los datos del paro de enero en Asturias demuestran que &quot;est\u00e1 estancada&quot;. &quot;Somos la comunidad aut\u00f3noma que menos crece de Espa\u00f1a. Tenemos la tasa de actividad m\u00e1s baja y la tasa de ocupaci\u00f3n se sit\u00faa tambi\u00e9n entre\" \/>\n\t<meta name=\"robots\" content=\"max-image-preview:large\" \/>\n\t<meta name=\"author\" content=\"El Digital de Asturias\"\/>\n\t<meta name=\"google-site-verification\" content=\"UA-38556648-1\" \/>\n\t<meta name=\"msvalidate.01\" content=\"7dfe9f3f1b24437ab69f4f2559babe99\" \/>\n\t<meta name=\"keywords\" content=\"actualidad asturias\" \/>\n\t<link rel=\"canonical\" href=\"https:\/\/www.eldigitaldeasturias.com\/noticias\/ciudadanos-sostiene-que-los-datos-de-asturias-demuestran-que-esta-estancada\/\" \/>\n\t<meta name=\"generator\" content=\"All in One SEO Pro (AIOSEO) 4.9.6.2\" \/>\n\t\t<meta property=\"og:locale\" content=\"es_ES\" \/>\n\t\t<meta property=\"og:site_name\" content=\"El Digital de Asturias\" \/>\n\t\t<meta property=\"og:type\" content=\"article\" \/>\n\t\t<meta property=\"og:title\" content=\"Ciudadanos sostiene que los datos de Asturias demuestran que \u00abest\u00e1 estancada\u00bb - El Digital de Asturias\" \/>\n\t\t<meta property=\"og:description\" content=\"El diputado de Ciudadanos en el Junta General del Principado Armando Fern\u00e1ndez Bartolom\u00e9 ha asegurado este martes que los datos del paro de enero en Asturias demuestran que &quot;est\u00e1 estancada&quot;. &quot;Somos la comunidad aut\u00f3noma que menos crece de Espa\u00f1a. Tenemos la tasa de actividad m\u00e1s baja y la tasa de ocupaci\u00f3n se sit\u00faa tambi\u00e9n entre\" \/>\n\t\t<meta property=\"og:url\" content=\"https:\/\/www.eldigitaldeasturias.com\/noticias\/ciudadanos-sostiene-que-los-datos-de-asturias-demuestran-que-esta-estancada\/\" \/>\n\t\t<meta property=\"og:image\" content=\"https:\/\/www.eldigitaldeasturias.com\/noticias\/wp-content\/uploads\/2016\/02\/fotonoticia_20160202094935_800.jpg\" \/>\n\t\t<meta property=\"og:image:secure_url\" content=\"https:\/\/www.eldigitaldeasturias.com\/noticias\/wp-content\/uploads\/2016\/02\/fotonoticia_20160202094935_800.jpg\" \/>\n\t\t<meta property=\"og:image:width\" content=\"800\" \/>\n\t\t<meta property=\"og:image:height\" content=\"600\" \/>\n\t\t<meta property=\"article:tag\" content=\"actualidad asturias\" \/>\n\t\t<meta property=\"article:published_time\" content=\"2016-02-02T23:27:40+00:00\" \/>\n\t\t<meta property=\"article:modified_time\" content=\"2016-02-02T23:27:40+00:00\" \/>\n\t\t<meta property=\"article:publisher\" content=\"https:\/\/facebook.com\/eldigitaldeasturias\" \/>\n\t\t<meta name=\"twitter:card\" content=\"summary_large_image\" \/>\n\t\t<meta name=\"twitter:title\" content=\"Ciudadanos sostiene que los datos de Asturias demuestran que \u00abest\u00e1 estancada\u00bb - El Digital de Asturias\" \/>\n\t\t<meta name=\"twitter:description\" content=\"El diputado de Ciudadanos en el Junta General del Principado Armando Fern\u00e1ndez Bartolom\u00e9 ha asegurado este martes que los datos del paro de enero en Asturias demuestran que &quot;est\u00e1 estancada&quot;. &quot;Somos la comunidad aut\u00f3noma que menos crece de Espa\u00f1a. Tenemos la tasa de actividad m\u00e1s baja y la tasa de ocupaci\u00f3n se sit\u00faa tambi\u00e9n entre\" \/>\n\t\t<meta name=\"twitter:image\" content=\"https:\/\/www.eldigitaldeasturias.com\/noticias\/wp-content\/uploads\/2016\/02\/fotonoticia_20160202094935_800.jpg\" \/>\n\t\t<meta name=\"twitter:label1\" content=\"Escrito por\" \/>\n\t\t<meta name=\"twitter:data1\" content=\"El Digital de Asturias\" \/>\n\t\t<meta name=\"twitter:label2\" content=\"Tiempo de lectura estimado\" \/>\n\t\t<meta name=\"twitter:data2\" content=\"1 minuto\" \/>\n\t\t<script type=\"application\/ld+json\" class=\"aioseo-schema\">\n\t\t\t{\"@context\":\"https:\\\/\\\/schema.org\",\"@graph\":[{\"@type\":\"BlogPosting\",\"@id\":\"https:\\\/\\\/www.eldigitaldeasturias.com\\\/noticias\\\/ciudadanos-sostiene-que-los-datos-de-asturias-demuestran-que-esta-estancada\\\/#blogposting\",\"name\":\"Ciudadanos sostiene que los datos de Asturias demuestran que \\u00abest\\u00e1 estancada\\u00bb - El Digital de Asturias\",\"headline\":\"Ciudadanos sostiene que los datos de Asturias demuestran que \\u00abest\\u00e1 estancada\\u00bb\",\"author\":{\"@id\":\"https:\\\/\\\/www.eldigitaldeasturias.com\\\/noticias\\\/author\\\/admin\\\/#author\"},\"publisher\":{\"@id\":\"https:\\\/\\\/www.eldigitaldeasturias.com\\\/noticias\\\/#organization\"},\"image\":{\"@type\":\"ImageObject\",\"url\":\"https:\\\/\\\/www.eldigitaldeasturias.com\\\/noticias\\\/wp-content\\\/uploads\\\/2016\\\/02\\\/fotonoticia_20160202094935_800.jpg\",\"width\":800,\"height\":600},\"datePublished\":\"2016-02-02T23:27:40+01:00\",\"dateModified\":\"2016-02-02T23:27:40+01:00\",\"inLanguage\":\"es-ES\",\"mainEntityOfPage\":{\"@id\":\"https:\\\/\\\/www.eldigitaldeasturias.com\\\/noticias\\\/ciudadanos-sostiene-que-los-datos-de-asturias-demuestran-que-esta-estancada\\\/#webpage\"},\"isPartOf\":{\"@id\":\"https:\\\/\\\/www.eldigitaldeasturias.com\\\/noticias\\\/ciudadanos-sostiene-que-los-datos-de-asturias-demuestran-que-esta-estancada\\\/#webpage\"},\"articleSection\":\"Actualidad Asturias\"},{\"@type\":\"BreadcrumbList\",\"@id\":\"https:\\\/\\\/www.eldigitaldeasturias.com\\\/noticias\\\/ciudadanos-sostiene-que-los-datos-de-asturias-demuestran-que-esta-estancada\\\/#breadcrumblist\",\"itemListElement\":[{\"@type\":\"ListItem\",\"@id\":\"https:\\\/\\\/www.eldigitaldeasturias.com\\\/noticias#listItem\",\"position\":1,\"name\":\"Home\",\"item\":\"https:\\\/\\\/www.eldigitaldeasturias.com\\\/noticias\",\"nextItem\":{\"@type\":\"ListItem\",\"@id\":\"https:\\\/\\\/www.eldigitaldeasturias.com\\\/noticias\\\/category\\\/actualidad-asturias\\\/#listItem\",\"name\":\"Actualidad Asturias\"}},{\"@type\":\"ListItem\",\"@id\":\"https:\\\/\\\/www.eldigitaldeasturias.com\\\/noticias\\\/category\\\/actualidad-asturias\\\/#listItem\",\"position\":2,\"name\":\"Actualidad Asturias\",\"item\":\"https:\\\/\\\/www.eldigitaldeasturias.com\\\/noticias\\\/category\\\/actualidad-asturias\\\/\",\"nextItem\":{\"@type\":\"ListItem\",\"@id\":\"https:\\\/\\\/www.eldigitaldeasturias.com\\\/noticias\\\/ciudadanos-sostiene-que-los-datos-de-asturias-demuestran-que-esta-estancada\\\/#listItem\",\"name\":\"Ciudadanos sostiene que los datos de Asturias demuestran que \\u00abest\\u00e1 estancada\\u00bb\"},\"previousItem\":{\"@type\":\"ListItem\",\"@id\":\"https:\\\/\\\/www.eldigitaldeasturias.com\\\/noticias#listItem\",\"name\":\"Home\"}},{\"@type\":\"ListItem\",\"@id\":\"https:\\\/\\\/www.eldigitaldeasturias.com\\\/noticias\\\/ciudadanos-sostiene-que-los-datos-de-asturias-demuestran-que-esta-estancada\\\/#listItem\",\"position\":3,\"name\":\"Ciudadanos sostiene que los datos de Asturias demuestran que \\u00abest\\u00e1 estancada\\u00bb\",\"previousItem\":{\"@type\":\"ListItem\",\"@id\":\"https:\\\/\\\/www.eldigitaldeasturias.com\\\/noticias\\\/category\\\/actualidad-asturias\\\/#listItem\",\"name\":\"Actualidad Asturias\"}}]},{\"@type\":\"Organization\",\"@id\":\"https:\\\/\\\/www.eldigitaldeasturias.com\\\/noticias\\\/#organization\",\"name\":\"El Digital de Asturias\",\"description\":\"Hemeroteca\",\"url\":\"https:\\\/\\\/www.eldigitaldeasturias.com\\\/noticias\\\/\",\"email\":\"info@eldigitaldeasturias.com\",\"telephone\":\"+34652131393\",\"logo\":{\"@type\":\"ImageObject\",\"url\":\"https:\\\/\\\/www.eldigitaldeasturias.com\\\/noticias\\\/wp-content\\\/uploads\\\/2020\\\/12\\\/EDA.jpg\",\"@id\":\"https:\\\/\\\/www.eldigitaldeasturias.com\\\/noticias\\\/ciudadanos-sostiene-que-los-datos-de-asturias-demuestran-que-esta-estancada\\\/#organizationLogo\",\"width\":649,\"height\":297},\"image\":{\"@id\":\"https:\\\/\\\/www.eldigitaldeasturias.com\\\/noticias\\\/ciudadanos-sostiene-que-los-datos-de-asturias-demuestran-que-esta-estancada\\\/#organizationLogo\"},\"sameAs\":[\"https:\\\/\\\/facebook.com\\\/eldigitaldeasturias\",\"https:\\\/\\\/www.youtube.com\\\/channel\\\/UCZP-2wLEB9Rv6erhFmqVnvg\"],\"address\":{\"@id\":\"https:\\\/\\\/www.eldigitaldeasturias.com\\\/noticias\\\/#postaladdress\",\"@type\":\"PostalAddress\",\"streetAddress\":\"san antonio 4,\",\"postalCode\":\"33430\",\"addressLocality\":\"Cand\\u00e1s\",\"addressRegion\":\"Asturias\",\"addressCountry\":\"ES\"}},{\"@type\":\"Person\",\"@id\":\"https:\\\/\\\/www.eldigitaldeasturias.com\\\/noticias\\\/author\\\/admin\\\/#author\",\"url\":\"https:\\\/\\\/www.eldigitaldeasturias.com\\\/noticias\\\/author\\\/admin\\\/\",\"name\":\"El Digital de Asturias\",\"image\":{\"@type\":\"ImageObject\",\"@id\":\"https:\\\/\\\/www.eldigitaldeasturias.com\\\/noticias\\\/ciudadanos-sostiene-que-los-datos-de-asturias-demuestran-que-esta-estancada\\\/#authorImage\",\"url\":\"https:\\\/\\\/www.eldigitaldeasturias.com\\\/noticias\\\/wp-content\\\/litespeed\\\/avatar\\\/18677e78aa0546b92d9dbf31ec7d7668.jpg?ver=1776685526\",\"width\":96,\"height\":96,\"caption\":\"El Digital de Asturias\"}},{\"@type\":\"WebPage\",\"@id\":\"https:\\\/\\\/www.eldigitaldeasturias.com\\\/noticias\\\/ciudadanos-sostiene-que-los-datos-de-asturias-demuestran-que-esta-estancada\\\/#webpage\",\"url\":\"https:\\\/\\\/www.eldigitaldeasturias.com\\\/noticias\\\/ciudadanos-sostiene-que-los-datos-de-asturias-demuestran-que-esta-estancada\\\/\",\"name\":\"Ciudadanos sostiene que los datos de Asturias demuestran que \\u00abest\\u00e1 estancada\\u00bb - El Digital de Asturias\",\"description\":\"El diputado de Ciudadanos en el Junta General del Principado Armando Fern\\u00e1ndez Bartolom\\u00e9 ha asegurado este martes que los datos del paro de enero en Asturias demuestran que \\\"est\\u00e1 estancada\\\". \\\"Somos la comunidad aut\\u00f3noma que menos crece de Espa\\u00f1a. Tenemos la tasa de actividad m\\u00e1s baja y la tasa de ocupaci\\u00f3n se sit\\u00faa tambi\\u00e9n entre\",\"inLanguage\":\"es-ES\",\"isPartOf\":{\"@id\":\"https:\\\/\\\/www.eldigitaldeasturias.com\\\/noticias\\\/#website\"},\"breadcrumb\":{\"@id\":\"https:\\\/\\\/www.eldigitaldeasturias.com\\\/noticias\\\/ciudadanos-sostiene-que-los-datos-de-asturias-demuestran-que-esta-estancada\\\/#breadcrumblist\"},\"author\":{\"@id\":\"https:\\\/\\\/www.eldigitaldeasturias.com\\\/noticias\\\/author\\\/admin\\\/#author\"},\"creator\":{\"@id\":\"https:\\\/\\\/www.eldigitaldeasturias.com\\\/noticias\\\/author\\\/admin\\\/#author\"},\"image\":{\"@type\":\"ImageObject\",\"url\":\"https:\\\/\\\/www.eldigitaldeasturias.com\\\/noticias\\\/wp-content\\\/uploads\\\/2016\\\/02\\\/fotonoticia_20160202094935_800.jpg\",\"@id\":\"https:\\\/\\\/www.eldigitaldeasturias.com\\\/noticias\\\/ciudadanos-sostiene-que-los-datos-de-asturias-demuestran-que-esta-estancada\\\/#mainImage\",\"width\":800,\"height\":600},\"primaryImageOfPage\":{\"@id\":\"https:\\\/\\\/www.eldigitaldeasturias.com\\\/noticias\\\/ciudadanos-sostiene-que-los-datos-de-asturias-demuestran-que-esta-estancada\\\/#mainImage\"},\"datePublished\":\"2016-02-02T23:27:40+01:00\",\"dateModified\":\"2016-02-02T23:27:40+01:00\"},{\"@type\":\"WebSite\",\"@id\":\"https:\\\/\\\/www.eldigitaldeasturias.com\\\/noticias\\\/#website\",\"url\":\"https:\\\/\\\/www.eldigitaldeasturias.com\\\/noticias\\\/\",\"name\":\"El Digital de Asturias - Diario de actualidad y noticias\",\"alternateName\":\"El Digital de Asturias - Diario de actualidad y noticias\",\"description\":\"Hemeroteca\",\"inLanguage\":\"es-ES\",\"publisher\":{\"@id\":\"https:\\\/\\\/www.eldigitaldeasturias.com\\\/noticias\\\/#organization\"}}]}\n\t\t<\/script>\n\t\t<!-- All in One SEO Pro -->\r\n\t\t<title>Ciudadanos sostiene que los datos de Asturias demuestran que \u00abest\u00e1 estancada\u00bb - El Digital de Asturias<\/title>\n\n","aioseo_head_json":{"title":"Ciudadanos sostiene que los datos de Asturias demuestran que \u00abest\u00e1 estancada\u00bb - El Digital de Asturias","description":"El diputado de Ciudadanos en el Junta General del Principado Armando Fern\u00e1ndez Bartolom\u00e9 ha asegurado este martes que los datos del paro de enero en Asturias demuestran que \"est\u00e1 estancada\". \"Somos la comunidad aut\u00f3noma que menos crece de Espa\u00f1a. Tenemos la tasa de actividad m\u00e1s baja y la tasa de ocupaci\u00f3n se sit\u00faa tambi\u00e9n entre","canonical_url":"https:\/\/www.eldigitaldeasturias.com\/noticias\/ciudadanos-sostiene-que-los-datos-de-asturias-demuestran-que-esta-estancada\/","robots":"max-image-preview:large","keywords":"actualidad asturias","webmasterTools":{"google-site-verification":"UA-38556648-1","msvalidate.01":"7dfe9f3f1b24437ab69f4f2559babe99","miscellaneous":""},"schema":{"@context":"https:\/\/schema.org","@graph":[{"@type":"BlogPosting","@id":"https:\/\/www.eldigitaldeasturias.com\/noticias\/ciudadanos-sostiene-que-los-datos-de-asturias-demuestran-que-esta-estancada\/#blogposting","name":"Ciudadanos sostiene que los datos de Asturias demuestran que \u00abest\u00e1 estancada\u00bb - El Digital de Asturias","headline":"Ciudadanos sostiene que los datos de Asturias demuestran que \u00abest\u00e1 estancada\u00bb","author":{"@id":"https:\/\/www.eldigitaldeasturias.com\/noticias\/author\/admin\/#author"},"publisher":{"@id":"https:\/\/www.eldigitaldeasturias.com\/noticias\/#organization"},"image":{"@type":"ImageObject","url":"https:\/\/www.eldigitaldeasturias.com\/noticias\/wp-content\/uploads\/2016\/02\/fotonoticia_20160202094935_800.jpg","width":800,"height":600},"datePublished":"2016-02-02T23:27:40+01:00","dateModified":"2016-02-02T23:27:40+01:00","inLanguage":"es-ES","mainEntityOfPage":{"@id":"https:\/\/www.eldigitaldeasturias.com\/noticias\/ciudadanos-sostiene-que-los-datos-de-asturias-demuestran-que-esta-estancada\/#webpage"},"isPartOf":{"@id":"https:\/\/www.eldigitaldeasturias.com\/noticias\/ciudadanos-sostiene-que-los-datos-de-asturias-demuestran-que-esta-estancada\/#webpage"},"articleSection":"Actualidad Asturias"},{"@type":"BreadcrumbList","@id":"https:\/\/www.eldigitaldeasturias.com\/noticias\/ciudadanos-sostiene-que-los-datos-de-asturias-demuestran-que-esta-estancada\/#breadcrumblist","itemListElement":[{"@type":"ListItem","@id":"https:\/\/www.eldigitaldeasturias.com\/noticias#listItem","position":1,"name":"Home","item":"https:\/\/www.eldigitaldeasturias.com\/noticias","nextItem":{"@type":"ListItem","@id":"https:\/\/www.eldigitaldeasturias.com\/noticias\/category\/actualidad-asturias\/#listItem","name":"Actualidad Asturias"}},{"@type":"ListItem","@id":"https:\/\/www.eldigitaldeasturias.com\/noticias\/category\/actualidad-asturias\/#listItem","position":2,"name":"Actualidad Asturias","item":"https:\/\/www.eldigitaldeasturias.com\/noticias\/category\/actualidad-asturias\/","nextItem":{"@type":"ListItem","@id":"https:\/\/www.eldigitaldeasturias.com\/noticias\/ciudadanos-sostiene-que-los-datos-de-asturias-demuestran-que-esta-estancada\/#listItem","name":"Ciudadanos sostiene que los datos de Asturias demuestran que \u00abest\u00e1 estancada\u00bb"},"previousItem":{"@type":"ListItem","@id":"https:\/\/www.eldigitaldeasturias.com\/noticias#listItem","name":"Home"}},{"@type":"ListItem","@id":"https:\/\/www.eldigitaldeasturias.com\/noticias\/ciudadanos-sostiene-que-los-datos-de-asturias-demuestran-que-esta-estancada\/#listItem","position":3,"name":"Ciudadanos sostiene que los datos de Asturias demuestran que \u00abest\u00e1 estancada\u00bb","previousItem":{"@type":"ListItem","@id":"https:\/\/www.eldigitaldeasturias.com\/noticias\/category\/actualidad-asturias\/#listItem","name":"Actualidad Asturias"}}]},{"@type":"Organization","@id":"https:\/\/www.eldigitaldeasturias.com\/noticias\/#organization","name":"El Digital de Asturias","description":"Hemeroteca","url":"https:\/\/www.eldigitaldeasturias.com\/noticias\/","email":"info@eldigitaldeasturias.com","telephone":"+34652131393","logo":{"@type":"ImageObject","url":"https:\/\/www.eldigitaldeasturias.com\/noticias\/wp-content\/uploads\/2020\/12\/EDA.jpg","@id":"https:\/\/www.eldigitaldeasturias.com\/noticias\/ciudadanos-sostiene-que-los-datos-de-asturias-demuestran-que-esta-estancada\/#organizationLogo","width":649,"height":297},"image":{"@id":"https:\/\/www.eldigitaldeasturias.com\/noticias\/ciudadanos-sostiene-que-los-datos-de-asturias-demuestran-que-esta-estancada\/#organizationLogo"},"sameAs":["https:\/\/facebook.com\/eldigitaldeasturias","https:\/\/www.youtube.com\/channel\/UCZP-2wLEB9Rv6erhFmqVnvg"],"address":{"@id":"https:\/\/www.eldigitaldeasturias.com\/noticias\/#postaladdress","@type":"PostalAddress","streetAddress":"san antonio 4,","postalCode":"33430","addressLocality":"Cand\u00e1s","addressRegion":"Asturias","addressCountry":"ES"}},{"@type":"Person","@id":"https:\/\/www.eldigitaldeasturias.com\/noticias\/author\/admin\/#author","url":"https:\/\/www.eldigitaldeasturias.com\/noticias\/author\/admin\/","name":"El Digital de Asturias","image":{"@type":"ImageObject","@id":"https:\/\/www.eldigitaldeasturias.com\/noticias\/ciudadanos-sostiene-que-los-datos-de-asturias-demuestran-que-esta-estancada\/#authorImage","url":"https:\/\/www.eldigitaldeasturias.com\/noticias\/wp-content\/litespeed\/avatar\/18677e78aa0546b92d9dbf31ec7d7668.jpg?ver=1776685526","width":96,"height":96,"caption":"El Digital de Asturias"}},{"@type":"WebPage","@id":"https:\/\/www.eldigitaldeasturias.com\/noticias\/ciudadanos-sostiene-que-los-datos-de-asturias-demuestran-que-esta-estancada\/#webpage","url":"https:\/\/www.eldigitaldeasturias.com\/noticias\/ciudadanos-sostiene-que-los-datos-de-asturias-demuestran-que-esta-estancada\/","name":"Ciudadanos sostiene que los datos de Asturias demuestran que \u00abest\u00e1 estancada\u00bb - El Digital de Asturias","description":"El diputado de Ciudadanos en el Junta General del Principado Armando Fern\u00e1ndez Bartolom\u00e9 ha asegurado este martes que los datos del paro de enero en Asturias demuestran que \"est\u00e1 estancada\". \"Somos la comunidad aut\u00f3noma que menos crece de Espa\u00f1a. Tenemos la tasa de actividad m\u00e1s baja y la tasa de ocupaci\u00f3n se sit\u00faa tambi\u00e9n entre","inLanguage":"es-ES","isPartOf":{"@id":"https:\/\/www.eldigitaldeasturias.com\/noticias\/#website"},"breadcrumb":{"@id":"https:\/\/www.eldigitaldeasturias.com\/noticias\/ciudadanos-sostiene-que-los-datos-de-asturias-demuestran-que-esta-estancada\/#breadcrumblist"},"author":{"@id":"https:\/\/www.eldigitaldeasturias.com\/noticias\/author\/admin\/#author"},"creator":{"@id":"https:\/\/www.eldigitaldeasturias.com\/noticias\/author\/admin\/#author"},"image":{"@type":"ImageObject","url":"https:\/\/www.eldigitaldeasturias.com\/noticias\/wp-content\/uploads\/2016\/02\/fotonoticia_20160202094935_800.jpg","@id":"https:\/\/www.eldigitaldeasturias.com\/noticias\/ciudadanos-sostiene-que-los-datos-de-asturias-demuestran-que-esta-estancada\/#mainImage","width":800,"height":600},"primaryImageOfPage":{"@id":"https:\/\/www.eldigitaldeasturias.com\/noticias\/ciudadanos-sostiene-que-los-datos-de-asturias-demuestran-que-esta-estancada\/#mainImage"},"datePublished":"2016-02-02T23:27:40+01:00","dateModified":"2016-02-02T23:27:40+01:00"},{"@type":"WebSite","@id":"https:\/\/www.eldigitaldeasturias.com\/noticias\/#website","url":"https:\/\/www.eldigitaldeasturias.com\/noticias\/","name":"El Digital de Asturias - Diario de actualidad y noticias","alternateName":"El Digital de Asturias - Diario de actualidad y noticias","description":"Hemeroteca","inLanguage":"es-ES","publisher":{"@id":"https:\/\/www.eldigitaldeasturias.com\/noticias\/#organization"}}]},"og:locale":"es_ES","og:site_name":"El Digital de Asturias","og:type":"article","og:title":"Ciudadanos sostiene que los datos de Asturias demuestran que \u00abest\u00e1 estancada\u00bb - El Digital de Asturias","og:description":"El diputado de Ciudadanos en el Junta General del Principado Armando Fern\u00e1ndez Bartolom\u00e9 ha asegurado este martes que los datos del paro de enero en Asturias demuestran que &quot;est\u00e1 estancada&quot;. &quot;Somos la comunidad aut\u00f3noma que menos crece de Espa\u00f1a. Tenemos la tasa de actividad m\u00e1s baja y la tasa de ocupaci\u00f3n se sit\u00faa tambi\u00e9n entre","og:url":"https:\/\/www.eldigitaldeasturias.com\/noticias\/ciudadanos-sostiene-que-los-datos-de-asturias-demuestran-que-esta-estancada\/","og:image":"https:\/\/www.eldigitaldeasturias.com\/noticias\/wp-content\/uploads\/2016\/02\/fotonoticia_20160202094935_800.jpg","og:image:secure_url":"https:\/\/www.eldigitaldeasturias.com\/noticias\/wp-content\/uploads\/2016\/02\/fotonoticia_20160202094935_800.jpg","og:image:width":800,"og:image:height":600,"article:tag":["actualidad asturias"],"article:published_time":"2016-02-02T23:27:40+00:00","article:modified_time":"2016-02-02T23:27:40+00:00","article:publisher":"https:\/\/facebook.com\/eldigitaldeasturias","twitter:card":"summary_large_image","twitter:title":"Ciudadanos sostiene que los datos de Asturias demuestran que \u00abest\u00e1 estancada\u00bb - El Digital de Asturias","twitter:description":"El diputado de Ciudadanos en el Junta General del Principado Armando Fern\u00e1ndez Bartolom\u00e9 ha asegurado este martes que los datos del paro de enero en Asturias demuestran que &quot;est\u00e1 estancada&quot;. &quot;Somos la comunidad aut\u00f3noma que menos crece de Espa\u00f1a. Tenemos la tasa de actividad m\u00e1s baja y la tasa de ocupaci\u00f3n se sit\u00faa tambi\u00e9n entre","twitter:image":"https:\/\/www.eldigitaldeasturias.com\/noticias\/wp-content\/uploads\/2016\/02\/fotonoticia_20160202094935_800.jpg","twitter:label1":"Escrito por","twitter:data1":"El Digital de Asturias","twitter:label2":"Tiempo de lectura estimado","twitter:data2":"1 minuto"},"aioseo_meta_data":{"post_id":"853231","title":null,"description":null,"keywords":null,"keyphrases":null,"primary_term":null,"canonical_url":null,"og_title":null,"og_description":null,"og_object_type":"default","og_image_type":"default","og_image_url":null,"og_image_width":null,"og_image_height":null,"og_image_custom_url":null,"og_image_custom_fields":null,"og_video":null,"og_custom_url":null,"og_article_section":null,"og_article_tags":null,"twitter_use_og":false,"twitter_card":"default","twitter_image_type":"default","twitter_image_url":null,"twitter_image_custom_url":null,"twitter_image_custom_fields":null,"twitter_title":null,"twitter_description":null,"schema":{"blockGraphs":[],"customGraphs":[],"default":{"data":{"Article":[],"Course":[],"Dataset":[],"FAQPage":[],"Movie":[],"Person":[],"Product":[],"ProductReview":[],"Car":[],"Recipe":[],"Service":[],"SoftwareApplication":[],"WebPage":[]},"graphName":"","isEnabled":true},"graphs":[],"defaultGraph":"","defaultPostTypeGraph":""},"schema_type":null,"schema_type_options":null,"pillar_content":false,"robots_default":true,"robots_noindex":false,"robots_noarchive":false,"robots_nosnippet":false,"robots_nofollow":false,"robots_noimageindex":false,"robots_noodp":false,"robots_notranslate":false,"robots_max_snippet":null,"robots_max_videopreview":null,"robots_max_imagepreview":"large","priority":null,"frequency":null,"local_seo":null,"seo_analyzer_scan_date":"2025-12-09 17:23:39","breadcrumb_settings":null,"limit_modified_date":false,"open_ai":null,"ai":null,"created":"2021-01-23 14:07:12","updated":"2025-12-09 17:23:39"},"aioseo_breadcrumb":"<div class=\"aioseo-breadcrumbs\"><span class=\"aioseo-breadcrumb\">\n\t<a href=\"https:\/\/www.eldigitaldeasturias.com\/noticias\" title=\"Home\">Home<\/a>\n<\/span><span class=\"aioseo-breadcrumb-separator\">\u2013<\/span><span class=\"aioseo-breadcrumb\">\n\t<a href=\"https:\/\/www.eldigitaldeasturias.com\/noticias\/category\/actualidad-asturias\/\" title=\"Actualidad Asturias\">Actualidad Asturias<\/a>\n<\/span><span class=\"aioseo-breadcrumb-separator\">\u2013<\/span><span class=\"aioseo-breadcrumb\">\n\t<a href=\"https:\/\/www.eldigitaldeasturias.com\/noticias\/ciudadanos-sostiene-que-los-datos-de-asturias-demuestran-que-esta-estancada\/\" title=\"Ciudadanos sostiene que los datos de Asturias demuestran que \u00abest\u00e1 estancada\u00bb\">Ciudadanos sostiene que los datos de Asturias demuestran que \u00abest\u00e1 estancada\u00bb<\/a>\n<\/span><\/div>","aioseo_breadcrumb_json":[{"label":"Home","link":"https:\/\/www.eldigitaldeasturias.com\/noticias"},{"label":"Actualidad Asturias","link":"https:\/\/www.eldigitaldeasturias.com\/noticias\/category\/actualidad-asturias\/"},{"label":"Ciudadanos sostiene que los datos de Asturias demuestran que \u00abest\u00e1 estancada\u00bb","link":"https:\/\/www.eldigitaldeasturias.com\/noticias\/ciudadanos-sostiene-que-los-datos-de-asturias-demuestran-que-esta-estancada\/"}],"_links":{"self":[{"href":"https:\/\/www.eldigitaldeasturias.com\/noticias\/wp-json\/wp\/v2\/posts\/853231","targetHints":{"allow":["GET"]}}],"collection":[{"href":"https:\/\/www.eldigitaldeasturias.com\/noticias\/wp-json\/wp\/v2\/posts"}],"about":[{"href":"https:\/\/www.eldigitaldeasturias.com\/noticias\/wp-json\/wp\/v2\/types\/post"}],"author":[{"embeddable":true,"href":"https:\/\/www.eldigitaldeasturias.com\/noticias\/wp-json\/wp\/v2\/users\/1"}],"replies":[{"embeddable":true,"href":"https:\/\/www.eldigitaldeasturias.com\/noticias\/wp-json\/wp\/v2\/comments?post=853231"}],"version-history":[{"count":0,"href":"https:\/\/www.eldigitaldeasturias.com\/noticias\/wp-json\/wp\/v2\/posts\/853231\/revisions"}],"wp:featuredmedia":[{"embeddable":true,"href":"https:\/\/www.eldigitaldeasturias.com\/noticias\/wp-json\/wp\/v2\/media\/852981"}],"wp:attachment":[{"href":"https:\/\/www.eldigitaldeasturias.com\/noticias\/wp-json\/wp\/v2\/media?parent=853231"}],"wp:term":[{"taxonomy":"category","embeddable":true,"href":"https:\/\/www.eldigitaldeasturias.com\/noticias\/wp-json\/wp\/v2\/categories?post=853231"},{"taxonomy":"post_tag","embeddable":true,"href":"https:\/\/www.eldigitaldeasturias.com\/noticias\/wp-json\/wp\/v2\/tags?post=853231"}],"curies":[{"name":"wp","href":"https:\/\/api.w.org\/{rel}","templated":true}]}}