{"id":853228,"date":"2016-02-02T23:26:17","date_gmt":"2016-02-02T23:26:17","guid":{"rendered":"http:\/\/www.eldigitaldeasturias.com\/noticias\/?p=853228"},"modified":"2016-02-02T23:26:17","modified_gmt":"2016-02-02T23:26:17","slug":"ciudadanos-afirma-que-el-pago-de-facturas-pendientes-fuera-del-periodo-legal-se-ha-incrementado-un-1-666","status":"publish","type":"post","link":"https:\/\/www.eldigitaldeasturias.com\/noticias\/ciudadanos-afirma-que-el-pago-de-facturas-pendientes-fuera-del-periodo-legal-se-ha-incrementado-un-1-666\/","title":{"rendered":"Ciudadanos afirma que el pago de facturas pendientes fuera del periodo legal se ha incrementado un 1.666%"},"content":{"rendered":"<p><img loading=\"lazy\" decoding=\"async\" class=\"alignleft size-medium wp-image-853229\" src=\"https:\/\/www.eldigitaldeasturias.com\/noticias\/wp-content\/uploads\/2016\/02\/fotonoticia_20160202195408_800-360x240.jpg\" alt=\"fotonoticia_20160202195408_800\" width=\"360\" height=\"240\" srcset=\"https:\/\/www.eldigitaldeasturias.com\/noticias\/wp-content\/uploads\/2016\/02\/fotonoticia_20160202195408_800-360x240.jpg 360w, https:\/\/www.eldigitaldeasturias.com\/noticias\/wp-content\/uploads\/2016\/02\/fotonoticia_20160202195408_800-768x512.jpg 768w, https:\/\/www.eldigitaldeasturias.com\/noticias\/wp-content\/uploads\/2016\/02\/fotonoticia_20160202195408_800-650x433.jpg 650w, https:\/\/www.eldigitaldeasturias.com\/noticias\/wp-content\/uploads\/2016\/02\/fotonoticia_20160202195408_800-84x55.jpg 84w, https:\/\/www.eldigitaldeasturias.com\/noticias\/wp-content\/uploads\/2016\/02\/fotonoticia_20160202195408_800-49x32.jpg 49w, https:\/\/www.eldigitaldeasturias.com\/noticias\/wp-content\/uploads\/2016\/02\/fotonoticia_20160202195408_800.jpg 800w\" sizes=\"auto, (max-width: 360px) 100vw, 360px\" \/>El concejal de Ciudadanos en el Ayuntamiento de Oviedo Luis Pacho ha afirmado este martes, durante el Pleno, que desde que Wenceslao L\u00f3pez es alcalde, este Consistorio \u00abpaga peor, ya que un proveedor hace un a\u00f1o tardaba 25 d\u00edas en cobrar por t\u00e9rmino medio y hoy tarda 43\u00bb. Adem\u00e1s, el edil ha explicado que \u00ablas facturas pendientes fuera del periodo legal de pago han pasado de los 55.000 euros a los 885.000\u00bb, lo que supone \u00abun incremento de 1.666 por cien\u00bb.<\/p>\n<p>Pacho, tambi\u00e9n, ha indicado durante su intervenci\u00f3n que \u00abel importe de retribuci\u00f3n de los recibos dentro de plazo ha disminuido un mill\u00f3n de euros\u00bb. Por ello ruega el equipo de Gobierno \u00abque se esfuerce en pagar en periodos m\u00e1s cortos, ya que estoy hablando de gesti\u00f3n y lo que tienen ustedes parece congesti\u00f3n\u00bb.<\/p>\n<p>A este respecto, el concejal de Econom\u00eda y Empleo, Rub\u00e9n Ros\u00f3n, ha salido al paso afirmando que \u00ablos contratos declarados por el interventor como fraude y que no se pueden pagar, ascienden a m\u00e1s de 700.000 euros\u00bb, por esta raz\u00f3n, \u00abel plazo de morosidad aumenta un 1.666 por cien\u00bb. Asimismo, el edil de Somos ha comentado que estos contratos \u00abprovienen de la etapa del anterior equipo de Gobierno\u00bb, en concreto de las \u00e1reas \u00abde Deporte y Turismo que gestionaban Gerardo Antu\u00f1a y Jos\u00e9 Ram\u00f3n Pando, respectivamente\u00bb.<\/p>\n<p>\u00abEstos contratos no los podemos pagar, pero evidentemente en el d\u00eda a d\u00eda, todas las facturas del Ayuntamiento siguen las mismas tramitaciones como en el tercer trimestre. Es una pena, que aunque seguimos cumpliendo los 60 d\u00edas de media del pago a proveedores, estas cifras sean irreales por una nefasta gesti\u00f3n\u00bb, ha concluido.<\/p>\n","protected":false},"excerpt":{"rendered":"<p>El concejal de Ciudadanos en el Ayuntamiento de Oviedo Luis Pacho ha afirmado este martes, durante el Pleno, que desde que Wenceslao L\u00f3pez es alcalde, este Consistorio \u00abpaga peor, ya que un proveedor hace un a\u00f1o tardaba 25 d\u00edas en cobrar por t\u00e9rmino medio y hoy tarda 43\u00bb. Adem\u00e1s, el edil ha explicado que \u00ablas [&hellip;]<\/p>\n","protected":false},"author":1,"featured_media":853229,"comment_status":"closed","ping_status":"closed","sticky":false,"template":"","format":"standard","meta":{"footnotes":""},"categories":[12],"tags":[],"class_list":["post-853228","post","type-post","status-publish","format-standard","has-post-thumbnail","hentry","category-actualidad-asturias"],"aioseo_notices":[],"aioseo_head":"\n\t\t<!-- All in One SEO Pro 4.9.6.2 - aioseo.com -->\n\t<meta name=\"description\" content=\"El concejal de Ciudadanos en el Ayuntamiento de Oviedo Luis Pacho ha afirmado este martes, durante el Pleno, que desde que Wenceslao L\u00f3pez es alcalde, este Consistorio &quot;paga peor, ya que un proveedor hace un a\u00f1o tardaba 25 d\u00edas en cobrar por t\u00e9rmino medio y hoy tarda 43&quot;. Adem\u00e1s, el edil ha explicado que &quot;las\" \/>\n\t<meta name=\"robots\" content=\"max-image-preview:large\" \/>\n\t<meta name=\"author\" content=\"El Digital de Asturias\"\/>\n\t<meta name=\"google-site-verification\" content=\"UA-38556648-1\" \/>\n\t<meta name=\"msvalidate.01\" content=\"7dfe9f3f1b24437ab69f4f2559babe99\" \/>\n\t<meta name=\"keywords\" content=\"actualidad asturias\" \/>\n\t<link rel=\"canonical\" href=\"https:\/\/www.eldigitaldeasturias.com\/noticias\/ciudadanos-afirma-que-el-pago-de-facturas-pendientes-fuera-del-periodo-legal-se-ha-incrementado-un-1-666\/\" \/>\n\t<meta name=\"generator\" content=\"All in One SEO Pro (AIOSEO) 4.9.6.2\" \/>\n\t\t<meta property=\"og:locale\" content=\"es_ES\" \/>\n\t\t<meta property=\"og:site_name\" content=\"El Digital de Asturias\" \/>\n\t\t<meta property=\"og:type\" content=\"article\" \/>\n\t\t<meta property=\"og:title\" content=\"Ciudadanos afirma que el pago de facturas pendientes fuera del periodo legal se ha incrementado un 1.666% - El Digital de Asturias\" \/>\n\t\t<meta property=\"og:description\" content=\"El concejal de Ciudadanos en el Ayuntamiento de Oviedo Luis Pacho ha afirmado este martes, durante el Pleno, que desde que Wenceslao L\u00f3pez es alcalde, este Consistorio &quot;paga peor, ya que un proveedor hace un a\u00f1o tardaba 25 d\u00edas en cobrar por t\u00e9rmino medio y hoy tarda 43&quot;. Adem\u00e1s, el edil ha explicado que &quot;las\" \/>\n\t\t<meta property=\"og:url\" content=\"https:\/\/www.eldigitaldeasturias.com\/noticias\/ciudadanos-afirma-que-el-pago-de-facturas-pendientes-fuera-del-periodo-legal-se-ha-incrementado-un-1-666\/\" \/>\n\t\t<meta property=\"og:image\" content=\"https:\/\/www.eldigitaldeasturias.com\/noticias\/wp-content\/uploads\/2016\/02\/fotonoticia_20160202195408_800.jpg\" \/>\n\t\t<meta property=\"og:image:secure_url\" content=\"https:\/\/www.eldigitaldeasturias.com\/noticias\/wp-content\/uploads\/2016\/02\/fotonoticia_20160202195408_800.jpg\" \/>\n\t\t<meta property=\"og:image:width\" content=\"800\" \/>\n\t\t<meta property=\"og:image:height\" content=\"533\" \/>\n\t\t<meta property=\"article:tag\" content=\"actualidad asturias\" \/>\n\t\t<meta property=\"article:published_time\" content=\"2016-02-02T23:26:17+00:00\" \/>\n\t\t<meta property=\"article:modified_time\" content=\"2016-02-02T23:26:17+00:00\" \/>\n\t\t<meta property=\"article:publisher\" content=\"https:\/\/facebook.com\/eldigitaldeasturias\" \/>\n\t\t<meta name=\"twitter:card\" content=\"summary_large_image\" \/>\n\t\t<meta name=\"twitter:title\" content=\"Ciudadanos afirma que el pago de facturas pendientes fuera del periodo legal se ha incrementado un 1.666% - El Digital de Asturias\" \/>\n\t\t<meta name=\"twitter:description\" content=\"El concejal de Ciudadanos en el Ayuntamiento de Oviedo Luis Pacho ha afirmado este martes, durante el Pleno, que desde que Wenceslao L\u00f3pez es alcalde, este Consistorio &quot;paga peor, ya que un proveedor hace un a\u00f1o tardaba 25 d\u00edas en cobrar por t\u00e9rmino medio y hoy tarda 43&quot;. Adem\u00e1s, el edil ha explicado que &quot;las\" \/>\n\t\t<meta name=\"twitter:image\" content=\"https:\/\/www.eldigitaldeasturias.com\/noticias\/wp-content\/uploads\/2016\/02\/fotonoticia_20160202195408_800.jpg\" \/>\n\t\t<meta name=\"twitter:label1\" content=\"Escrito por\" \/>\n\t\t<meta name=\"twitter:data1\" content=\"El Digital de Asturias\" \/>\n\t\t<meta name=\"twitter:label2\" content=\"Tiempo de lectura estimado\" \/>\n\t\t<meta name=\"twitter:data2\" content=\"1 minuto\" \/>\n\t\t<script type=\"application\/ld+json\" class=\"aioseo-schema\">\n\t\t\t{\"@context\":\"https:\\\/\\\/schema.org\",\"@graph\":[{\"@type\":\"BlogPosting\",\"@id\":\"https:\\\/\\\/www.eldigitaldeasturias.com\\\/noticias\\\/ciudadanos-afirma-que-el-pago-de-facturas-pendientes-fuera-del-periodo-legal-se-ha-incrementado-un-1-666\\\/#blogposting\",\"name\":\"Ciudadanos afirma que el pago de facturas pendientes fuera del periodo legal se ha incrementado un 1.666% - El Digital de Asturias\",\"headline\":\"Ciudadanos afirma que el pago de facturas pendientes fuera del periodo legal se ha incrementado un 1.666%\",\"author\":{\"@id\":\"https:\\\/\\\/www.eldigitaldeasturias.com\\\/noticias\\\/author\\\/admin\\\/#author\"},\"publisher\":{\"@id\":\"https:\\\/\\\/www.eldigitaldeasturias.com\\\/noticias\\\/#organization\"},\"image\":{\"@type\":\"ImageObject\",\"url\":\"https:\\\/\\\/www.eldigitaldeasturias.com\\\/noticias\\\/wp-content\\\/uploads\\\/2016\\\/02\\\/fotonoticia_20160202195408_800.jpg\",\"width\":800,\"height\":533},\"datePublished\":\"2016-02-02T23:26:17+01:00\",\"dateModified\":\"2016-02-02T23:26:17+01:00\",\"inLanguage\":\"es-ES\",\"mainEntityOfPage\":{\"@id\":\"https:\\\/\\\/www.eldigitaldeasturias.com\\\/noticias\\\/ciudadanos-afirma-que-el-pago-de-facturas-pendientes-fuera-del-periodo-legal-se-ha-incrementado-un-1-666\\\/#webpage\"},\"isPartOf\":{\"@id\":\"https:\\\/\\\/www.eldigitaldeasturias.com\\\/noticias\\\/ciudadanos-afirma-que-el-pago-de-facturas-pendientes-fuera-del-periodo-legal-se-ha-incrementado-un-1-666\\\/#webpage\"},\"articleSection\":\"Actualidad Asturias\"},{\"@type\":\"BreadcrumbList\",\"@id\":\"https:\\\/\\\/www.eldigitaldeasturias.com\\\/noticias\\\/ciudadanos-afirma-que-el-pago-de-facturas-pendientes-fuera-del-periodo-legal-se-ha-incrementado-un-1-666\\\/#breadcrumblist\",\"itemListElement\":[{\"@type\":\"ListItem\",\"@id\":\"https:\\\/\\\/www.eldigitaldeasturias.com\\\/noticias#listItem\",\"position\":1,\"name\":\"Home\",\"item\":\"https:\\\/\\\/www.eldigitaldeasturias.com\\\/noticias\",\"nextItem\":{\"@type\":\"ListItem\",\"@id\":\"https:\\\/\\\/www.eldigitaldeasturias.com\\\/noticias\\\/category\\\/actualidad-asturias\\\/#listItem\",\"name\":\"Actualidad Asturias\"}},{\"@type\":\"ListItem\",\"@id\":\"https:\\\/\\\/www.eldigitaldeasturias.com\\\/noticias\\\/category\\\/actualidad-asturias\\\/#listItem\",\"position\":2,\"name\":\"Actualidad Asturias\",\"item\":\"https:\\\/\\\/www.eldigitaldeasturias.com\\\/noticias\\\/category\\\/actualidad-asturias\\\/\",\"nextItem\":{\"@type\":\"ListItem\",\"@id\":\"https:\\\/\\\/www.eldigitaldeasturias.com\\\/noticias\\\/ciudadanos-afirma-que-el-pago-de-facturas-pendientes-fuera-del-periodo-legal-se-ha-incrementado-un-1-666\\\/#listItem\",\"name\":\"Ciudadanos afirma que el pago de facturas pendientes fuera del periodo legal se ha incrementado un 1.666%\"},\"previousItem\":{\"@type\":\"ListItem\",\"@id\":\"https:\\\/\\\/www.eldigitaldeasturias.com\\\/noticias#listItem\",\"name\":\"Home\"}},{\"@type\":\"ListItem\",\"@id\":\"https:\\\/\\\/www.eldigitaldeasturias.com\\\/noticias\\\/ciudadanos-afirma-que-el-pago-de-facturas-pendientes-fuera-del-periodo-legal-se-ha-incrementado-un-1-666\\\/#listItem\",\"position\":3,\"name\":\"Ciudadanos afirma que el pago de facturas pendientes fuera del periodo legal se ha incrementado un 1.666%\",\"previousItem\":{\"@type\":\"ListItem\",\"@id\":\"https:\\\/\\\/www.eldigitaldeasturias.com\\\/noticias\\\/category\\\/actualidad-asturias\\\/#listItem\",\"name\":\"Actualidad Asturias\"}}]},{\"@type\":\"Organization\",\"@id\":\"https:\\\/\\\/www.eldigitaldeasturias.com\\\/noticias\\\/#organization\",\"name\":\"El Digital de Asturias\",\"description\":\"Hemeroteca\",\"url\":\"https:\\\/\\\/www.eldigitaldeasturias.com\\\/noticias\\\/\",\"email\":\"info@eldigitaldeasturias.com\",\"telephone\":\"+34652131393\",\"logo\":{\"@type\":\"ImageObject\",\"url\":\"https:\\\/\\\/www.eldigitaldeasturias.com\\\/noticias\\\/wp-content\\\/uploads\\\/2020\\\/12\\\/EDA.jpg\",\"@id\":\"https:\\\/\\\/www.eldigitaldeasturias.com\\\/noticias\\\/ciudadanos-afirma-que-el-pago-de-facturas-pendientes-fuera-del-periodo-legal-se-ha-incrementado-un-1-666\\\/#organizationLogo\",\"width\":649,\"height\":297},\"image\":{\"@id\":\"https:\\\/\\\/www.eldigitaldeasturias.com\\\/noticias\\\/ciudadanos-afirma-que-el-pago-de-facturas-pendientes-fuera-del-periodo-legal-se-ha-incrementado-un-1-666\\\/#organizationLogo\"},\"sameAs\":[\"https:\\\/\\\/facebook.com\\\/eldigitaldeasturias\",\"https:\\\/\\\/www.youtube.com\\\/channel\\\/UCZP-2wLEB9Rv6erhFmqVnvg\"],\"address\":{\"@id\":\"https:\\\/\\\/www.eldigitaldeasturias.com\\\/noticias\\\/#postaladdress\",\"@type\":\"PostalAddress\",\"streetAddress\":\"san antonio 4,\",\"postalCode\":\"33430\",\"addressLocality\":\"Cand\\u00e1s\",\"addressRegion\":\"Asturias\",\"addressCountry\":\"ES\"}},{\"@type\":\"Person\",\"@id\":\"https:\\\/\\\/www.eldigitaldeasturias.com\\\/noticias\\\/author\\\/admin\\\/#author\",\"url\":\"https:\\\/\\\/www.eldigitaldeasturias.com\\\/noticias\\\/author\\\/admin\\\/\",\"name\":\"El Digital de Asturias\",\"image\":{\"@type\":\"ImageObject\",\"@id\":\"https:\\\/\\\/www.eldigitaldeasturias.com\\\/noticias\\\/ciudadanos-afirma-que-el-pago-de-facturas-pendientes-fuera-del-periodo-legal-se-ha-incrementado-un-1-666\\\/#authorImage\",\"url\":\"https:\\\/\\\/www.eldigitaldeasturias.com\\\/noticias\\\/wp-content\\\/litespeed\\\/avatar\\\/18677e78aa0546b92d9dbf31ec7d7668.jpg?ver=1776685526\",\"width\":96,\"height\":96,\"caption\":\"El Digital de Asturias\"}},{\"@type\":\"WebPage\",\"@id\":\"https:\\\/\\\/www.eldigitaldeasturias.com\\\/noticias\\\/ciudadanos-afirma-que-el-pago-de-facturas-pendientes-fuera-del-periodo-legal-se-ha-incrementado-un-1-666\\\/#webpage\",\"url\":\"https:\\\/\\\/www.eldigitaldeasturias.com\\\/noticias\\\/ciudadanos-afirma-que-el-pago-de-facturas-pendientes-fuera-del-periodo-legal-se-ha-incrementado-un-1-666\\\/\",\"name\":\"Ciudadanos afirma que el pago de facturas pendientes fuera del periodo legal se ha incrementado un 1.666% - El Digital de Asturias\",\"description\":\"El concejal de Ciudadanos en el Ayuntamiento de Oviedo Luis Pacho ha afirmado este martes, durante el Pleno, que desde que Wenceslao L\\u00f3pez es alcalde, este Consistorio \\\"paga peor, ya que un proveedor hace un a\\u00f1o tardaba 25 d\\u00edas en cobrar por t\\u00e9rmino medio y hoy tarda 43\\\". Adem\\u00e1s, el edil ha explicado que \\\"las\",\"inLanguage\":\"es-ES\",\"isPartOf\":{\"@id\":\"https:\\\/\\\/www.eldigitaldeasturias.com\\\/noticias\\\/#website\"},\"breadcrumb\":{\"@id\":\"https:\\\/\\\/www.eldigitaldeasturias.com\\\/noticias\\\/ciudadanos-afirma-que-el-pago-de-facturas-pendientes-fuera-del-periodo-legal-se-ha-incrementado-un-1-666\\\/#breadcrumblist\"},\"author\":{\"@id\":\"https:\\\/\\\/www.eldigitaldeasturias.com\\\/noticias\\\/author\\\/admin\\\/#author\"},\"creator\":{\"@id\":\"https:\\\/\\\/www.eldigitaldeasturias.com\\\/noticias\\\/author\\\/admin\\\/#author\"},\"image\":{\"@type\":\"ImageObject\",\"url\":\"https:\\\/\\\/www.eldigitaldeasturias.com\\\/noticias\\\/wp-content\\\/uploads\\\/2016\\\/02\\\/fotonoticia_20160202195408_800.jpg\",\"@id\":\"https:\\\/\\\/www.eldigitaldeasturias.com\\\/noticias\\\/ciudadanos-afirma-que-el-pago-de-facturas-pendientes-fuera-del-periodo-legal-se-ha-incrementado-un-1-666\\\/#mainImage\",\"width\":800,\"height\":533},\"primaryImageOfPage\":{\"@id\":\"https:\\\/\\\/www.eldigitaldeasturias.com\\\/noticias\\\/ciudadanos-afirma-que-el-pago-de-facturas-pendientes-fuera-del-periodo-legal-se-ha-incrementado-un-1-666\\\/#mainImage\"},\"datePublished\":\"2016-02-02T23:26:17+01:00\",\"dateModified\":\"2016-02-02T23:26:17+01:00\"},{\"@type\":\"WebSite\",\"@id\":\"https:\\\/\\\/www.eldigitaldeasturias.com\\\/noticias\\\/#website\",\"url\":\"https:\\\/\\\/www.eldigitaldeasturias.com\\\/noticias\\\/\",\"name\":\"El Digital de Asturias - Diario de actualidad y noticias\",\"alternateName\":\"El Digital de Asturias - Diario de actualidad y noticias\",\"description\":\"Hemeroteca\",\"inLanguage\":\"es-ES\",\"publisher\":{\"@id\":\"https:\\\/\\\/www.eldigitaldeasturias.com\\\/noticias\\\/#organization\"}}]}\n\t\t<\/script>\n\t\t<!-- All in One SEO Pro -->\r\n\t\t<title>Ciudadanos afirma que el pago de facturas pendientes fuera del periodo legal se ha incrementado un 1.666% - El Digital de Asturias<\/title>\n\n","aioseo_head_json":{"title":"Ciudadanos afirma que el pago de facturas pendientes fuera del periodo legal se ha incrementado un 1.666% - El Digital de Asturias","description":"El concejal de Ciudadanos en el Ayuntamiento de Oviedo Luis Pacho ha afirmado este martes, durante el Pleno, que desde que Wenceslao L\u00f3pez es alcalde, este Consistorio \"paga peor, ya que un proveedor hace un a\u00f1o tardaba 25 d\u00edas en cobrar por t\u00e9rmino medio y hoy tarda 43\". Adem\u00e1s, el edil ha explicado que \"las","canonical_url":"https:\/\/www.eldigitaldeasturias.com\/noticias\/ciudadanos-afirma-que-el-pago-de-facturas-pendientes-fuera-del-periodo-legal-se-ha-incrementado-un-1-666\/","robots":"max-image-preview:large","keywords":"actualidad asturias","webmasterTools":{"google-site-verification":"UA-38556648-1","msvalidate.01":"7dfe9f3f1b24437ab69f4f2559babe99","miscellaneous":""},"schema":{"@context":"https:\/\/schema.org","@graph":[{"@type":"BlogPosting","@id":"https:\/\/www.eldigitaldeasturias.com\/noticias\/ciudadanos-afirma-que-el-pago-de-facturas-pendientes-fuera-del-periodo-legal-se-ha-incrementado-un-1-666\/#blogposting","name":"Ciudadanos afirma que el pago de facturas pendientes fuera del periodo legal se ha incrementado un 1.666% - El Digital de Asturias","headline":"Ciudadanos afirma que el pago de facturas pendientes fuera del periodo legal se ha incrementado un 1.666%","author":{"@id":"https:\/\/www.eldigitaldeasturias.com\/noticias\/author\/admin\/#author"},"publisher":{"@id":"https:\/\/www.eldigitaldeasturias.com\/noticias\/#organization"},"image":{"@type":"ImageObject","url":"https:\/\/www.eldigitaldeasturias.com\/noticias\/wp-content\/uploads\/2016\/02\/fotonoticia_20160202195408_800.jpg","width":800,"height":533},"datePublished":"2016-02-02T23:26:17+01:00","dateModified":"2016-02-02T23:26:17+01:00","inLanguage":"es-ES","mainEntityOfPage":{"@id":"https:\/\/www.eldigitaldeasturias.com\/noticias\/ciudadanos-afirma-que-el-pago-de-facturas-pendientes-fuera-del-periodo-legal-se-ha-incrementado-un-1-666\/#webpage"},"isPartOf":{"@id":"https:\/\/www.eldigitaldeasturias.com\/noticias\/ciudadanos-afirma-que-el-pago-de-facturas-pendientes-fuera-del-periodo-legal-se-ha-incrementado-un-1-666\/#webpage"},"articleSection":"Actualidad Asturias"},{"@type":"BreadcrumbList","@id":"https:\/\/www.eldigitaldeasturias.com\/noticias\/ciudadanos-afirma-que-el-pago-de-facturas-pendientes-fuera-del-periodo-legal-se-ha-incrementado-un-1-666\/#breadcrumblist","itemListElement":[{"@type":"ListItem","@id":"https:\/\/www.eldigitaldeasturias.com\/noticias#listItem","position":1,"name":"Home","item":"https:\/\/www.eldigitaldeasturias.com\/noticias","nextItem":{"@type":"ListItem","@id":"https:\/\/www.eldigitaldeasturias.com\/noticias\/category\/actualidad-asturias\/#listItem","name":"Actualidad Asturias"}},{"@type":"ListItem","@id":"https:\/\/www.eldigitaldeasturias.com\/noticias\/category\/actualidad-asturias\/#listItem","position":2,"name":"Actualidad Asturias","item":"https:\/\/www.eldigitaldeasturias.com\/noticias\/category\/actualidad-asturias\/","nextItem":{"@type":"ListItem","@id":"https:\/\/www.eldigitaldeasturias.com\/noticias\/ciudadanos-afirma-que-el-pago-de-facturas-pendientes-fuera-del-periodo-legal-se-ha-incrementado-un-1-666\/#listItem","name":"Ciudadanos afirma que el pago de facturas pendientes fuera del periodo legal se ha incrementado un 1.666%"},"previousItem":{"@type":"ListItem","@id":"https:\/\/www.eldigitaldeasturias.com\/noticias#listItem","name":"Home"}},{"@type":"ListItem","@id":"https:\/\/www.eldigitaldeasturias.com\/noticias\/ciudadanos-afirma-que-el-pago-de-facturas-pendientes-fuera-del-periodo-legal-se-ha-incrementado-un-1-666\/#listItem","position":3,"name":"Ciudadanos afirma que el pago de facturas pendientes fuera del periodo legal se ha incrementado un 1.666%","previousItem":{"@type":"ListItem","@id":"https:\/\/www.eldigitaldeasturias.com\/noticias\/category\/actualidad-asturias\/#listItem","name":"Actualidad Asturias"}}]},{"@type":"Organization","@id":"https:\/\/www.eldigitaldeasturias.com\/noticias\/#organization","name":"El Digital de Asturias","description":"Hemeroteca","url":"https:\/\/www.eldigitaldeasturias.com\/noticias\/","email":"info@eldigitaldeasturias.com","telephone":"+34652131393","logo":{"@type":"ImageObject","url":"https:\/\/www.eldigitaldeasturias.com\/noticias\/wp-content\/uploads\/2020\/12\/EDA.jpg","@id":"https:\/\/www.eldigitaldeasturias.com\/noticias\/ciudadanos-afirma-que-el-pago-de-facturas-pendientes-fuera-del-periodo-legal-se-ha-incrementado-un-1-666\/#organizationLogo","width":649,"height":297},"image":{"@id":"https:\/\/www.eldigitaldeasturias.com\/noticias\/ciudadanos-afirma-que-el-pago-de-facturas-pendientes-fuera-del-periodo-legal-se-ha-incrementado-un-1-666\/#organizationLogo"},"sameAs":["https:\/\/facebook.com\/eldigitaldeasturias","https:\/\/www.youtube.com\/channel\/UCZP-2wLEB9Rv6erhFmqVnvg"],"address":{"@id":"https:\/\/www.eldigitaldeasturias.com\/noticias\/#postaladdress","@type":"PostalAddress","streetAddress":"san antonio 4,","postalCode":"33430","addressLocality":"Cand\u00e1s","addressRegion":"Asturias","addressCountry":"ES"}},{"@type":"Person","@id":"https:\/\/www.eldigitaldeasturias.com\/noticias\/author\/admin\/#author","url":"https:\/\/www.eldigitaldeasturias.com\/noticias\/author\/admin\/","name":"El Digital de Asturias","image":{"@type":"ImageObject","@id":"https:\/\/www.eldigitaldeasturias.com\/noticias\/ciudadanos-afirma-que-el-pago-de-facturas-pendientes-fuera-del-periodo-legal-se-ha-incrementado-un-1-666\/#authorImage","url":"https:\/\/www.eldigitaldeasturias.com\/noticias\/wp-content\/litespeed\/avatar\/18677e78aa0546b92d9dbf31ec7d7668.jpg?ver=1776685526","width":96,"height":96,"caption":"El Digital de Asturias"}},{"@type":"WebPage","@id":"https:\/\/www.eldigitaldeasturias.com\/noticias\/ciudadanos-afirma-que-el-pago-de-facturas-pendientes-fuera-del-periodo-legal-se-ha-incrementado-un-1-666\/#webpage","url":"https:\/\/www.eldigitaldeasturias.com\/noticias\/ciudadanos-afirma-que-el-pago-de-facturas-pendientes-fuera-del-periodo-legal-se-ha-incrementado-un-1-666\/","name":"Ciudadanos afirma que el pago de facturas pendientes fuera del periodo legal se ha incrementado un 1.666% - El Digital de Asturias","description":"El concejal de Ciudadanos en el Ayuntamiento de Oviedo Luis Pacho ha afirmado este martes, durante el Pleno, que desde que Wenceslao L\u00f3pez es alcalde, este Consistorio \"paga peor, ya que un proveedor hace un a\u00f1o tardaba 25 d\u00edas en cobrar por t\u00e9rmino medio y hoy tarda 43\". Adem\u00e1s, el edil ha explicado que \"las","inLanguage":"es-ES","isPartOf":{"@id":"https:\/\/www.eldigitaldeasturias.com\/noticias\/#website"},"breadcrumb":{"@id":"https:\/\/www.eldigitaldeasturias.com\/noticias\/ciudadanos-afirma-que-el-pago-de-facturas-pendientes-fuera-del-periodo-legal-se-ha-incrementado-un-1-666\/#breadcrumblist"},"author":{"@id":"https:\/\/www.eldigitaldeasturias.com\/noticias\/author\/admin\/#author"},"creator":{"@id":"https:\/\/www.eldigitaldeasturias.com\/noticias\/author\/admin\/#author"},"image":{"@type":"ImageObject","url":"https:\/\/www.eldigitaldeasturias.com\/noticias\/wp-content\/uploads\/2016\/02\/fotonoticia_20160202195408_800.jpg","@id":"https:\/\/www.eldigitaldeasturias.com\/noticias\/ciudadanos-afirma-que-el-pago-de-facturas-pendientes-fuera-del-periodo-legal-se-ha-incrementado-un-1-666\/#mainImage","width":800,"height":533},"primaryImageOfPage":{"@id":"https:\/\/www.eldigitaldeasturias.com\/noticias\/ciudadanos-afirma-que-el-pago-de-facturas-pendientes-fuera-del-periodo-legal-se-ha-incrementado-un-1-666\/#mainImage"},"datePublished":"2016-02-02T23:26:17+01:00","dateModified":"2016-02-02T23:26:17+01:00"},{"@type":"WebSite","@id":"https:\/\/www.eldigitaldeasturias.com\/noticias\/#website","url":"https:\/\/www.eldigitaldeasturias.com\/noticias\/","name":"El Digital de Asturias - Diario de actualidad y noticias","alternateName":"El Digital de Asturias - Diario de actualidad y noticias","description":"Hemeroteca","inLanguage":"es-ES","publisher":{"@id":"https:\/\/www.eldigitaldeasturias.com\/noticias\/#organization"}}]},"og:locale":"es_ES","og:site_name":"El Digital de Asturias","og:type":"article","og:title":"Ciudadanos afirma que el pago de facturas pendientes fuera del periodo legal se ha incrementado un 1.666% - El Digital de Asturias","og:description":"El concejal de Ciudadanos en el Ayuntamiento de Oviedo Luis Pacho ha afirmado este martes, durante el Pleno, que desde que Wenceslao L\u00f3pez es alcalde, este Consistorio &quot;paga peor, ya que un proveedor hace un a\u00f1o tardaba 25 d\u00edas en cobrar por t\u00e9rmino medio y hoy tarda 43&quot;. Adem\u00e1s, el edil ha explicado que &quot;las","og:url":"https:\/\/www.eldigitaldeasturias.com\/noticias\/ciudadanos-afirma-que-el-pago-de-facturas-pendientes-fuera-del-periodo-legal-se-ha-incrementado-un-1-666\/","og:image":"https:\/\/www.eldigitaldeasturias.com\/noticias\/wp-content\/uploads\/2016\/02\/fotonoticia_20160202195408_800.jpg","og:image:secure_url":"https:\/\/www.eldigitaldeasturias.com\/noticias\/wp-content\/uploads\/2016\/02\/fotonoticia_20160202195408_800.jpg","og:image:width":800,"og:image:height":533,"article:tag":["actualidad asturias"],"article:published_time":"2016-02-02T23:26:17+00:00","article:modified_time":"2016-02-02T23:26:17+00:00","article:publisher":"https:\/\/facebook.com\/eldigitaldeasturias","twitter:card":"summary_large_image","twitter:title":"Ciudadanos afirma que el pago de facturas pendientes fuera del periodo legal se ha incrementado un 1.666% - El Digital de Asturias","twitter:description":"El concejal de Ciudadanos en el Ayuntamiento de Oviedo Luis Pacho ha afirmado este martes, durante el Pleno, que desde que Wenceslao L\u00f3pez es alcalde, este Consistorio &quot;paga peor, ya que un proveedor hace un a\u00f1o tardaba 25 d\u00edas en cobrar por t\u00e9rmino medio y hoy tarda 43&quot;. Adem\u00e1s, el edil ha explicado que &quot;las","twitter:image":"https:\/\/www.eldigitaldeasturias.com\/noticias\/wp-content\/uploads\/2016\/02\/fotonoticia_20160202195408_800.jpg","twitter:label1":"Escrito por","twitter:data1":"El Digital de Asturias","twitter:label2":"Tiempo de lectura estimado","twitter:data2":"1 minuto"},"aioseo_meta_data":{"post_id":"853228","title":null,"description":null,"keywords":null,"keyphrases":null,"primary_term":null,"canonical_url":null,"og_title":null,"og_description":null,"og_object_type":"default","og_image_type":"default","og_image_url":null,"og_image_width":null,"og_image_height":null,"og_image_custom_url":null,"og_image_custom_fields":null,"og_video":null,"og_custom_url":null,"og_article_section":null,"og_article_tags":null,"twitter_use_og":false,"twitter_card":"default","twitter_image_type":"default","twitter_image_url":null,"twitter_image_custom_url":null,"twitter_image_custom_fields":null,"twitter_title":null,"twitter_description":null,"schema":{"blockGraphs":[],"customGraphs":[],"default":{"data":{"Article":[],"Course":[],"Dataset":[],"FAQPage":[],"Movie":[],"Person":[],"Product":[],"ProductReview":[],"Car":[],"Recipe":[],"Service":[],"SoftwareApplication":[],"WebPage":[]},"graphName":"","isEnabled":true},"graphs":[],"defaultGraph":"","defaultPostTypeGraph":""},"schema_type":null,"schema_type_options":null,"pillar_content":false,"robots_default":true,"robots_noindex":false,"robots_noarchive":false,"robots_nosnippet":false,"robots_nofollow":false,"robots_noimageindex":false,"robots_noodp":false,"robots_notranslate":false,"robots_max_snippet":null,"robots_max_videopreview":null,"robots_max_imagepreview":"large","priority":null,"frequency":null,"local_seo":null,"seo_analyzer_scan_date":"2025-12-09 17:21:11","breadcrumb_settings":null,"limit_modified_date":false,"open_ai":null,"ai":null,"created":"2021-01-23 14:07:12","updated":"2025-12-09 17:21:11"},"aioseo_breadcrumb":"<div class=\"aioseo-breadcrumbs\"><span class=\"aioseo-breadcrumb\">\n\t<a href=\"https:\/\/www.eldigitaldeasturias.com\/noticias\" title=\"Home\">Home<\/a>\n<\/span><span class=\"aioseo-breadcrumb-separator\">\u2013<\/span><span class=\"aioseo-breadcrumb\">\n\t<a href=\"https:\/\/www.eldigitaldeasturias.com\/noticias\/category\/actualidad-asturias\/\" title=\"Actualidad Asturias\">Actualidad Asturias<\/a>\n<\/span><span class=\"aioseo-breadcrumb-separator\">\u2013<\/span><span class=\"aioseo-breadcrumb\">\n\t<a href=\"https:\/\/www.eldigitaldeasturias.com\/noticias\/ciudadanos-afirma-que-el-pago-de-facturas-pendientes-fuera-del-periodo-legal-se-ha-incrementado-un-1-666\/\" title=\"Ciudadanos afirma que el pago de facturas pendientes fuera del periodo legal se ha incrementado un 1.666%\">Ciudadanos afirma que el pago de facturas pendientes fuera del periodo legal se ha incrementado un 1.666%<\/a>\n<\/span><\/div>","aioseo_breadcrumb_json":[{"label":"Home","link":"https:\/\/www.eldigitaldeasturias.com\/noticias"},{"label":"Actualidad Asturias","link":"https:\/\/www.eldigitaldeasturias.com\/noticias\/category\/actualidad-asturias\/"},{"label":"Ciudadanos afirma que el pago de facturas pendientes fuera del periodo legal se ha incrementado un 1.666%","link":"https:\/\/www.eldigitaldeasturias.com\/noticias\/ciudadanos-afirma-que-el-pago-de-facturas-pendientes-fuera-del-periodo-legal-se-ha-incrementado-un-1-666\/"}],"_links":{"self":[{"href":"https:\/\/www.eldigitaldeasturias.com\/noticias\/wp-json\/wp\/v2\/posts\/853228","targetHints":{"allow":["GET"]}}],"collection":[{"href":"https:\/\/www.eldigitaldeasturias.com\/noticias\/wp-json\/wp\/v2\/posts"}],"about":[{"href":"https:\/\/www.eldigitaldeasturias.com\/noticias\/wp-json\/wp\/v2\/types\/post"}],"author":[{"embeddable":true,"href":"https:\/\/www.eldigitaldeasturias.com\/noticias\/wp-json\/wp\/v2\/users\/1"}],"replies":[{"embeddable":true,"href":"https:\/\/www.eldigitaldeasturias.com\/noticias\/wp-json\/wp\/v2\/comments?post=853228"}],"version-history":[{"count":0,"href":"https:\/\/www.eldigitaldeasturias.com\/noticias\/wp-json\/wp\/v2\/posts\/853228\/revisions"}],"wp:featuredmedia":[{"embeddable":true,"href":"https:\/\/www.eldigitaldeasturias.com\/noticias\/wp-json\/wp\/v2\/media\/853229"}],"wp:attachment":[{"href":"https:\/\/www.eldigitaldeasturias.com\/noticias\/wp-json\/wp\/v2\/media?parent=853228"}],"wp:term":[{"taxonomy":"category","embeddable":true,"href":"https:\/\/www.eldigitaldeasturias.com\/noticias\/wp-json\/wp\/v2\/categories?post=853228"},{"taxonomy":"post_tag","embeddable":true,"href":"https:\/\/www.eldigitaldeasturias.com\/noticias\/wp-json\/wp\/v2\/tags?post=853228"}],"curies":[{"name":"wp","href":"https:\/\/api.w.org\/{rel}","templated":true}]}}