{"id":853222,"date":"2016-02-02T21:29:06","date_gmt":"2016-02-02T21:29:06","guid":{"rendered":"http:\/\/www.eldigitaldeasturias.com\/noticias\/?p=853222"},"modified":"2016-02-02T21:29:06","modified_gmt":"2016-02-02T21:29:06","slug":"el-rey-propone-a-pedro-sanchez-someterse-al-debate-de-investidura","status":"publish","type":"post","link":"https:\/\/www.eldigitaldeasturias.com\/noticias\/el-rey-propone-a-pedro-sanchez-someterse-al-debate-de-investidura\/","title":{"rendered":"El Rey propone a Pedro S\u00e1nchez someterse al debate de investidura"},"content":{"rendered":"<p><img loading=\"lazy\" decoding=\"async\" class=\"alignleft size-medium wp-image-853223\" src=\"https:\/\/www.eldigitaldeasturias.com\/noticias\/wp-content\/uploads\/2016\/02\/fotonoticia_20160202205735_800-360x240.jpg\" alt=\"fotonoticia_20160202205735_800\" width=\"360\" height=\"240\" srcset=\"https:\/\/www.eldigitaldeasturias.com\/noticias\/wp-content\/uploads\/2016\/02\/fotonoticia_20160202205735_800-360x240.jpg 360w, https:\/\/www.eldigitaldeasturias.com\/noticias\/wp-content\/uploads\/2016\/02\/fotonoticia_20160202205735_800-768x513.jpg 768w, https:\/\/www.eldigitaldeasturias.com\/noticias\/wp-content\/uploads\/2016\/02\/fotonoticia_20160202205735_800-650x434.jpg 650w, https:\/\/www.eldigitaldeasturias.com\/noticias\/wp-content\/uploads\/2016\/02\/fotonoticia_20160202205735_800-84x55.jpg 84w, https:\/\/www.eldigitaldeasturias.com\/noticias\/wp-content\/uploads\/2016\/02\/fotonoticia_20160202205735_800-49x32.jpg 49w, https:\/\/www.eldigitaldeasturias.com\/noticias\/wp-content\/uploads\/2016\/02\/fotonoticia_20160202205735_800.jpg 800w\" sizes=\"auto, (max-width: 360px) 100vw, 360px\" \/>El Rey ha propuesto este martes al secretario general del PSOE, Pedro S\u00e1nchez, someterse al debate de investidura para intentar ser presidente del Gobierno, seg\u00fan ha anunciado el presidente del Congreso, el socialista Patxi L\u00f3pez.<\/p>\n<p>As\u00ed se lo ha comunicado Felipe VI a L\u00f3pez, al que ha convocado a las 19.30 horas en Zarzuela tras concluir la segunda ronda de consultas con los diferentes l\u00edderes pol\u00edticos antes de designar un candidato a la Presidencia del Gobierno.<\/p>\n<p>El exlehendari ha comenzado su rueda de prensa dando lectura de la decisi\u00f3n del Rey que, apelando al art\u00edculo 99.1 de la Constituci\u00f3n, propone a Pedro S\u00e1nchez candidato a la Presidencia y lo comunica al Congreso de los Diputados.<\/p>\n<p>\u00abPor tanto, hay una propuesta para que se inicien las negociaciones\u00bb, ha se\u00f1alado L\u00f3pez, informando de que minutos despu\u00e9s de su encuentro con el monarca ha hablado por tel\u00e9fono con el l\u00edder socialista, que se encontraba en su despacho del Congreso, para informarle de la decisi\u00f3n de Felipe VI.<\/p>\n<p>Una propuesta con la que ya contaba S\u00e1nchez, seg\u00fan ha comentado el presidente de la C\u00e1mara, habida cuenta de que el presidente del Gobierno en funciones, Mariano Rajoy, ya hab\u00eda anunciado su negativa a someterse a la investidura al no contar con los apoyos necesarios para lograrla.<\/p>\n<p>UN PLAZO DE TRES SEMANAS A UN MES<\/p>\n<p>En su comparecencia, L\u00f3pez ha informado de que el candidato socialista ha calculado que le har\u00e1n falta entre tres semanas y un mes para negociar su investidura, un plazo que el presidente del Congreso considera \u00abrazonable\u00bb, habida cuenta de que las conversaciones a\u00fan deben iniciarse y que, despu\u00e9s, cualquier eventual acuerdo se someter\u00e1 a la militancia socialista, algo que, ha dicho, \u00abtambi\u00e9n lleva unos d\u00edas\u00bb. Si el acuerdo fructifica con Podemos e Izquierda Unida tambi\u00e9n las bases de estas dos organizaciones deber\u00e1n opinar al respecto.<\/p>\n<p>La tercera autoridad del Estado ha mostrado su deseo de que los partidos se dejen \u00abde comunicaciones a trav\u00e9s de los medios\u00bb y se \u00absienten a la mesa\u00bb para \u00abhablar en serio\u00bb para un posible pacto de Gobierno, de modo que \u00abempiece a contar el tiempo\u00bb y el proceso pueda tener una conclusi\u00f3n. \u00abO un Gobierno o unas eventuales elecciones, pero esperemos que sea un Gobierno, que para eso est\u00e1n estos tr\u00e1mites en marcha\u00bb, ha manifestado.<\/p>\n<p>Si finalmente se cumple las previsiones de tiempo de S\u00e1nchez, el primer Pleno de investidura podr\u00eda tener lugar la primera semana de marzo. Ser\u00e1 cuando se produzca la primera votaci\u00f3n cuando empiece a correr el plazo de dos meses que establece la Constituci\u00f3n para lograr la investidura. Si en ese plazo nadie es capaz de forma Gobierno habr\u00eda que convocar nuevas elecciones, que, en ese caso, se celebrar\u00edan en mayo.<\/p>\n","protected":false},"excerpt":{"rendered":"<p>El Rey ha propuesto este martes al secretario general del PSOE, Pedro S\u00e1nchez, someterse al debate de investidura para intentar ser presidente del Gobierno, seg\u00fan ha anunciado el presidente del Congreso, el socialista Patxi L\u00f3pez. As\u00ed se lo ha comunicado Felipe VI a L\u00f3pez, al que ha convocado a las 19.30 horas en Zarzuela tras [&hellip;]<\/p>\n","protected":false},"author":1,"featured_media":853223,"comment_status":"closed","ping_status":"closed","sticky":false,"template":"","format":"standard","meta":{"footnotes":""},"categories":[1],"tags":[],"class_list":["post-853222","post","type-post","status-publish","format-standard","has-post-thumbnail","hentry","category-actualidad"],"aioseo_notices":[],"aioseo_head":"\n\t\t<!-- All in One SEO Pro 4.9.6.2 - aioseo.com -->\n\t<meta name=\"description\" content=\"El Rey ha propuesto este martes al secretario general del PSOE, Pedro S\u00e1nchez, someterse al debate de investidura para intentar ser presidente del Gobierno, seg\u00fan ha anunciado el presidente del Congreso, el socialista Patxi L\u00f3pez. As\u00ed se lo ha comunicado Felipe VI a L\u00f3pez, al que ha convocado a las 19.30 horas en Zarzuela tras\" \/>\n\t<meta name=\"robots\" content=\"max-image-preview:large\" \/>\n\t<meta name=\"author\" content=\"El Digital de Asturias\"\/>\n\t<meta name=\"google-site-verification\" content=\"UA-38556648-1\" \/>\n\t<meta name=\"msvalidate.01\" content=\"7dfe9f3f1b24437ab69f4f2559babe99\" \/>\n\t<meta name=\"keywords\" content=\"actualidad\" \/>\n\t<link rel=\"canonical\" href=\"https:\/\/www.eldigitaldeasturias.com\/noticias\/el-rey-propone-a-pedro-sanchez-someterse-al-debate-de-investidura\/\" \/>\n\t<meta name=\"generator\" content=\"All in One SEO Pro (AIOSEO) 4.9.6.2\" \/>\n\t\t<meta property=\"og:locale\" content=\"es_ES\" \/>\n\t\t<meta property=\"og:site_name\" content=\"El Digital de Asturias\" \/>\n\t\t<meta property=\"og:type\" content=\"article\" \/>\n\t\t<meta property=\"og:title\" content=\"El Rey propone a Pedro S\u00e1nchez someterse al debate de investidura - El Digital de Asturias\" \/>\n\t\t<meta property=\"og:description\" content=\"El Rey ha propuesto este martes al secretario general del PSOE, Pedro S\u00e1nchez, someterse al debate de investidura para intentar ser presidente del Gobierno, seg\u00fan ha anunciado el presidente del Congreso, el socialista Patxi L\u00f3pez. As\u00ed se lo ha comunicado Felipe VI a L\u00f3pez, al que ha convocado a las 19.30 horas en Zarzuela tras\" \/>\n\t\t<meta property=\"og:url\" content=\"https:\/\/www.eldigitaldeasturias.com\/noticias\/el-rey-propone-a-pedro-sanchez-someterse-al-debate-de-investidura\/\" \/>\n\t\t<meta property=\"og:image\" content=\"https:\/\/www.eldigitaldeasturias.com\/noticias\/wp-content\/uploads\/2016\/02\/fotonoticia_20160202205735_800.jpg\" \/>\n\t\t<meta property=\"og:image:secure_url\" content=\"https:\/\/www.eldigitaldeasturias.com\/noticias\/wp-content\/uploads\/2016\/02\/fotonoticia_20160202205735_800.jpg\" \/>\n\t\t<meta property=\"og:image:width\" content=\"800\" \/>\n\t\t<meta property=\"og:image:height\" content=\"534\" \/>\n\t\t<meta property=\"article:tag\" content=\"actualidad\" \/>\n\t\t<meta property=\"article:published_time\" content=\"2016-02-02T21:29:06+00:00\" \/>\n\t\t<meta property=\"article:modified_time\" content=\"2016-02-02T21:29:06+00:00\" \/>\n\t\t<meta property=\"article:publisher\" content=\"https:\/\/facebook.com\/eldigitaldeasturias\" \/>\n\t\t<meta name=\"twitter:card\" content=\"summary_large_image\" \/>\n\t\t<meta name=\"twitter:title\" content=\"El Rey propone a Pedro S\u00e1nchez someterse al debate de investidura - El Digital de Asturias\" \/>\n\t\t<meta name=\"twitter:description\" content=\"El Rey ha propuesto este martes al secretario general del PSOE, Pedro S\u00e1nchez, someterse al debate de investidura para intentar ser presidente del Gobierno, seg\u00fan ha anunciado el presidente del Congreso, el socialista Patxi L\u00f3pez. As\u00ed se lo ha comunicado Felipe VI a L\u00f3pez, al que ha convocado a las 19.30 horas en Zarzuela tras\" \/>\n\t\t<meta name=\"twitter:image\" content=\"https:\/\/www.eldigitaldeasturias.com\/noticias\/wp-content\/uploads\/2016\/02\/fotonoticia_20160202205735_800.jpg\" \/>\n\t\t<meta name=\"twitter:label1\" content=\"Escrito por\" \/>\n\t\t<meta name=\"twitter:data1\" content=\"El Digital de Asturias\" \/>\n\t\t<meta name=\"twitter:label2\" content=\"Tiempo de lectura estimado\" \/>\n\t\t<meta name=\"twitter:data2\" content=\"2 minutos\" \/>\n\t\t<script type=\"application\/ld+json\" class=\"aioseo-schema\">\n\t\t\t{\"@context\":\"https:\\\/\\\/schema.org\",\"@graph\":[{\"@type\":\"BlogPosting\",\"@id\":\"https:\\\/\\\/www.eldigitaldeasturias.com\\\/noticias\\\/el-rey-propone-a-pedro-sanchez-someterse-al-debate-de-investidura\\\/#blogposting\",\"name\":\"El Rey propone a Pedro S\\u00e1nchez someterse al debate de investidura - El Digital de Asturias\",\"headline\":\"El Rey propone a Pedro S\\u00e1nchez someterse al debate de investidura\",\"author\":{\"@id\":\"https:\\\/\\\/www.eldigitaldeasturias.com\\\/noticias\\\/author\\\/admin\\\/#author\"},\"publisher\":{\"@id\":\"https:\\\/\\\/www.eldigitaldeasturias.com\\\/noticias\\\/#organization\"},\"image\":{\"@type\":\"ImageObject\",\"url\":\"https:\\\/\\\/www.eldigitaldeasturias.com\\\/noticias\\\/wp-content\\\/uploads\\\/2016\\\/02\\\/fotonoticia_20160202205735_800.jpg\",\"width\":800,\"height\":534},\"datePublished\":\"2016-02-02T21:29:06+01:00\",\"dateModified\":\"2016-02-02T21:29:06+01:00\",\"inLanguage\":\"es-ES\",\"mainEntityOfPage\":{\"@id\":\"https:\\\/\\\/www.eldigitaldeasturias.com\\\/noticias\\\/el-rey-propone-a-pedro-sanchez-someterse-al-debate-de-investidura\\\/#webpage\"},\"isPartOf\":{\"@id\":\"https:\\\/\\\/www.eldigitaldeasturias.com\\\/noticias\\\/el-rey-propone-a-pedro-sanchez-someterse-al-debate-de-investidura\\\/#webpage\"},\"articleSection\":\"Actualidad\"},{\"@type\":\"BreadcrumbList\",\"@id\":\"https:\\\/\\\/www.eldigitaldeasturias.com\\\/noticias\\\/el-rey-propone-a-pedro-sanchez-someterse-al-debate-de-investidura\\\/#breadcrumblist\",\"itemListElement\":[{\"@type\":\"ListItem\",\"@id\":\"https:\\\/\\\/www.eldigitaldeasturias.com\\\/noticias#listItem\",\"position\":1,\"name\":\"Home\",\"item\":\"https:\\\/\\\/www.eldigitaldeasturias.com\\\/noticias\",\"nextItem\":{\"@type\":\"ListItem\",\"@id\":\"https:\\\/\\\/www.eldigitaldeasturias.com\\\/noticias\\\/category\\\/actualidad\\\/#listItem\",\"name\":\"Actualidad\"}},{\"@type\":\"ListItem\",\"@id\":\"https:\\\/\\\/www.eldigitaldeasturias.com\\\/noticias\\\/category\\\/actualidad\\\/#listItem\",\"position\":2,\"name\":\"Actualidad\",\"item\":\"https:\\\/\\\/www.eldigitaldeasturias.com\\\/noticias\\\/category\\\/actualidad\\\/\",\"nextItem\":{\"@type\":\"ListItem\",\"@id\":\"https:\\\/\\\/www.eldigitaldeasturias.com\\\/noticias\\\/el-rey-propone-a-pedro-sanchez-someterse-al-debate-de-investidura\\\/#listItem\",\"name\":\"El Rey propone a Pedro S\\u00e1nchez someterse al debate de investidura\"},\"previousItem\":{\"@type\":\"ListItem\",\"@id\":\"https:\\\/\\\/www.eldigitaldeasturias.com\\\/noticias#listItem\",\"name\":\"Home\"}},{\"@type\":\"ListItem\",\"@id\":\"https:\\\/\\\/www.eldigitaldeasturias.com\\\/noticias\\\/el-rey-propone-a-pedro-sanchez-someterse-al-debate-de-investidura\\\/#listItem\",\"position\":3,\"name\":\"El Rey propone a Pedro S\\u00e1nchez someterse al debate de investidura\",\"previousItem\":{\"@type\":\"ListItem\",\"@id\":\"https:\\\/\\\/www.eldigitaldeasturias.com\\\/noticias\\\/category\\\/actualidad\\\/#listItem\",\"name\":\"Actualidad\"}}]},{\"@type\":\"Organization\",\"@id\":\"https:\\\/\\\/www.eldigitaldeasturias.com\\\/noticias\\\/#organization\",\"name\":\"El Digital de Asturias\",\"description\":\"Hemeroteca\",\"url\":\"https:\\\/\\\/www.eldigitaldeasturias.com\\\/noticias\\\/\",\"email\":\"info@eldigitaldeasturias.com\",\"telephone\":\"+34652131393\",\"logo\":{\"@type\":\"ImageObject\",\"url\":\"https:\\\/\\\/www.eldigitaldeasturias.com\\\/noticias\\\/wp-content\\\/uploads\\\/2020\\\/12\\\/EDA.jpg\",\"@id\":\"https:\\\/\\\/www.eldigitaldeasturias.com\\\/noticias\\\/el-rey-propone-a-pedro-sanchez-someterse-al-debate-de-investidura\\\/#organizationLogo\",\"width\":649,\"height\":297},\"image\":{\"@id\":\"https:\\\/\\\/www.eldigitaldeasturias.com\\\/noticias\\\/el-rey-propone-a-pedro-sanchez-someterse-al-debate-de-investidura\\\/#organizationLogo\"},\"sameAs\":[\"https:\\\/\\\/facebook.com\\\/eldigitaldeasturias\",\"https:\\\/\\\/www.youtube.com\\\/channel\\\/UCZP-2wLEB9Rv6erhFmqVnvg\"],\"address\":{\"@id\":\"https:\\\/\\\/www.eldigitaldeasturias.com\\\/noticias\\\/#postaladdress\",\"@type\":\"PostalAddress\",\"streetAddress\":\"san antonio 4,\",\"postalCode\":\"33430\",\"addressLocality\":\"Cand\\u00e1s\",\"addressRegion\":\"Asturias\",\"addressCountry\":\"ES\"}},{\"@type\":\"Person\",\"@id\":\"https:\\\/\\\/www.eldigitaldeasturias.com\\\/noticias\\\/author\\\/admin\\\/#author\",\"url\":\"https:\\\/\\\/www.eldigitaldeasturias.com\\\/noticias\\\/author\\\/admin\\\/\",\"name\":\"El Digital de Asturias\",\"image\":{\"@type\":\"ImageObject\",\"@id\":\"https:\\\/\\\/www.eldigitaldeasturias.com\\\/noticias\\\/el-rey-propone-a-pedro-sanchez-someterse-al-debate-de-investidura\\\/#authorImage\",\"url\":\"https:\\\/\\\/www.eldigitaldeasturias.com\\\/noticias\\\/wp-content\\\/litespeed\\\/avatar\\\/18677e78aa0546b92d9dbf31ec7d7668.jpg?ver=1776685526\",\"width\":96,\"height\":96,\"caption\":\"El Digital de Asturias\"}},{\"@type\":\"WebPage\",\"@id\":\"https:\\\/\\\/www.eldigitaldeasturias.com\\\/noticias\\\/el-rey-propone-a-pedro-sanchez-someterse-al-debate-de-investidura\\\/#webpage\",\"url\":\"https:\\\/\\\/www.eldigitaldeasturias.com\\\/noticias\\\/el-rey-propone-a-pedro-sanchez-someterse-al-debate-de-investidura\\\/\",\"name\":\"El Rey propone a Pedro S\\u00e1nchez someterse al debate de investidura - El Digital de Asturias\",\"description\":\"El Rey ha propuesto este martes al secretario general del PSOE, Pedro S\\u00e1nchez, someterse al debate de investidura para intentar ser presidente del Gobierno, seg\\u00fan ha anunciado el presidente del Congreso, el socialista Patxi L\\u00f3pez. As\\u00ed se lo ha comunicado Felipe VI a L\\u00f3pez, al que ha convocado a las 19.30 horas en Zarzuela tras\",\"inLanguage\":\"es-ES\",\"isPartOf\":{\"@id\":\"https:\\\/\\\/www.eldigitaldeasturias.com\\\/noticias\\\/#website\"},\"breadcrumb\":{\"@id\":\"https:\\\/\\\/www.eldigitaldeasturias.com\\\/noticias\\\/el-rey-propone-a-pedro-sanchez-someterse-al-debate-de-investidura\\\/#breadcrumblist\"},\"author\":{\"@id\":\"https:\\\/\\\/www.eldigitaldeasturias.com\\\/noticias\\\/author\\\/admin\\\/#author\"},\"creator\":{\"@id\":\"https:\\\/\\\/www.eldigitaldeasturias.com\\\/noticias\\\/author\\\/admin\\\/#author\"},\"image\":{\"@type\":\"ImageObject\",\"url\":\"https:\\\/\\\/www.eldigitaldeasturias.com\\\/noticias\\\/wp-content\\\/uploads\\\/2016\\\/02\\\/fotonoticia_20160202205735_800.jpg\",\"@id\":\"https:\\\/\\\/www.eldigitaldeasturias.com\\\/noticias\\\/el-rey-propone-a-pedro-sanchez-someterse-al-debate-de-investidura\\\/#mainImage\",\"width\":800,\"height\":534},\"primaryImageOfPage\":{\"@id\":\"https:\\\/\\\/www.eldigitaldeasturias.com\\\/noticias\\\/el-rey-propone-a-pedro-sanchez-someterse-al-debate-de-investidura\\\/#mainImage\"},\"datePublished\":\"2016-02-02T21:29:06+01:00\",\"dateModified\":\"2016-02-02T21:29:06+01:00\"},{\"@type\":\"WebSite\",\"@id\":\"https:\\\/\\\/www.eldigitaldeasturias.com\\\/noticias\\\/#website\",\"url\":\"https:\\\/\\\/www.eldigitaldeasturias.com\\\/noticias\\\/\",\"name\":\"El Digital de Asturias - Diario de actualidad y noticias\",\"alternateName\":\"El Digital de Asturias - Diario de actualidad y noticias\",\"description\":\"Hemeroteca\",\"inLanguage\":\"es-ES\",\"publisher\":{\"@id\":\"https:\\\/\\\/www.eldigitaldeasturias.com\\\/noticias\\\/#organization\"}}]}\n\t\t<\/script>\n\t\t<!-- All in One SEO Pro -->\r\n\t\t<title>El Rey propone a Pedro S\u00e1nchez someterse al debate de investidura - El Digital de Asturias<\/title>\n\n","aioseo_head_json":{"title":"El Rey propone a Pedro S\u00e1nchez someterse al debate de investidura - El Digital de Asturias","description":"El Rey ha propuesto este martes al secretario general del PSOE, Pedro S\u00e1nchez, someterse al debate de investidura para intentar ser presidente del Gobierno, seg\u00fan ha anunciado el presidente del Congreso, el socialista Patxi L\u00f3pez. As\u00ed se lo ha comunicado Felipe VI a L\u00f3pez, al que ha convocado a las 19.30 horas en Zarzuela tras","canonical_url":"https:\/\/www.eldigitaldeasturias.com\/noticias\/el-rey-propone-a-pedro-sanchez-someterse-al-debate-de-investidura\/","robots":"max-image-preview:large","keywords":"actualidad","webmasterTools":{"google-site-verification":"UA-38556648-1","msvalidate.01":"7dfe9f3f1b24437ab69f4f2559babe99","miscellaneous":""},"schema":{"@context":"https:\/\/schema.org","@graph":[{"@type":"BlogPosting","@id":"https:\/\/www.eldigitaldeasturias.com\/noticias\/el-rey-propone-a-pedro-sanchez-someterse-al-debate-de-investidura\/#blogposting","name":"El Rey propone a Pedro S\u00e1nchez someterse al debate de investidura - El Digital de Asturias","headline":"El Rey propone a Pedro S\u00e1nchez someterse al debate de investidura","author":{"@id":"https:\/\/www.eldigitaldeasturias.com\/noticias\/author\/admin\/#author"},"publisher":{"@id":"https:\/\/www.eldigitaldeasturias.com\/noticias\/#organization"},"image":{"@type":"ImageObject","url":"https:\/\/www.eldigitaldeasturias.com\/noticias\/wp-content\/uploads\/2016\/02\/fotonoticia_20160202205735_800.jpg","width":800,"height":534},"datePublished":"2016-02-02T21:29:06+01:00","dateModified":"2016-02-02T21:29:06+01:00","inLanguage":"es-ES","mainEntityOfPage":{"@id":"https:\/\/www.eldigitaldeasturias.com\/noticias\/el-rey-propone-a-pedro-sanchez-someterse-al-debate-de-investidura\/#webpage"},"isPartOf":{"@id":"https:\/\/www.eldigitaldeasturias.com\/noticias\/el-rey-propone-a-pedro-sanchez-someterse-al-debate-de-investidura\/#webpage"},"articleSection":"Actualidad"},{"@type":"BreadcrumbList","@id":"https:\/\/www.eldigitaldeasturias.com\/noticias\/el-rey-propone-a-pedro-sanchez-someterse-al-debate-de-investidura\/#breadcrumblist","itemListElement":[{"@type":"ListItem","@id":"https:\/\/www.eldigitaldeasturias.com\/noticias#listItem","position":1,"name":"Home","item":"https:\/\/www.eldigitaldeasturias.com\/noticias","nextItem":{"@type":"ListItem","@id":"https:\/\/www.eldigitaldeasturias.com\/noticias\/category\/actualidad\/#listItem","name":"Actualidad"}},{"@type":"ListItem","@id":"https:\/\/www.eldigitaldeasturias.com\/noticias\/category\/actualidad\/#listItem","position":2,"name":"Actualidad","item":"https:\/\/www.eldigitaldeasturias.com\/noticias\/category\/actualidad\/","nextItem":{"@type":"ListItem","@id":"https:\/\/www.eldigitaldeasturias.com\/noticias\/el-rey-propone-a-pedro-sanchez-someterse-al-debate-de-investidura\/#listItem","name":"El Rey propone a Pedro S\u00e1nchez someterse al debate de investidura"},"previousItem":{"@type":"ListItem","@id":"https:\/\/www.eldigitaldeasturias.com\/noticias#listItem","name":"Home"}},{"@type":"ListItem","@id":"https:\/\/www.eldigitaldeasturias.com\/noticias\/el-rey-propone-a-pedro-sanchez-someterse-al-debate-de-investidura\/#listItem","position":3,"name":"El Rey propone a Pedro S\u00e1nchez someterse al debate de investidura","previousItem":{"@type":"ListItem","@id":"https:\/\/www.eldigitaldeasturias.com\/noticias\/category\/actualidad\/#listItem","name":"Actualidad"}}]},{"@type":"Organization","@id":"https:\/\/www.eldigitaldeasturias.com\/noticias\/#organization","name":"El Digital de Asturias","description":"Hemeroteca","url":"https:\/\/www.eldigitaldeasturias.com\/noticias\/","email":"info@eldigitaldeasturias.com","telephone":"+34652131393","logo":{"@type":"ImageObject","url":"https:\/\/www.eldigitaldeasturias.com\/noticias\/wp-content\/uploads\/2020\/12\/EDA.jpg","@id":"https:\/\/www.eldigitaldeasturias.com\/noticias\/el-rey-propone-a-pedro-sanchez-someterse-al-debate-de-investidura\/#organizationLogo","width":649,"height":297},"image":{"@id":"https:\/\/www.eldigitaldeasturias.com\/noticias\/el-rey-propone-a-pedro-sanchez-someterse-al-debate-de-investidura\/#organizationLogo"},"sameAs":["https:\/\/facebook.com\/eldigitaldeasturias","https:\/\/www.youtube.com\/channel\/UCZP-2wLEB9Rv6erhFmqVnvg"],"address":{"@id":"https:\/\/www.eldigitaldeasturias.com\/noticias\/#postaladdress","@type":"PostalAddress","streetAddress":"san antonio 4,","postalCode":"33430","addressLocality":"Cand\u00e1s","addressRegion":"Asturias","addressCountry":"ES"}},{"@type":"Person","@id":"https:\/\/www.eldigitaldeasturias.com\/noticias\/author\/admin\/#author","url":"https:\/\/www.eldigitaldeasturias.com\/noticias\/author\/admin\/","name":"El Digital de Asturias","image":{"@type":"ImageObject","@id":"https:\/\/www.eldigitaldeasturias.com\/noticias\/el-rey-propone-a-pedro-sanchez-someterse-al-debate-de-investidura\/#authorImage","url":"https:\/\/www.eldigitaldeasturias.com\/noticias\/wp-content\/litespeed\/avatar\/18677e78aa0546b92d9dbf31ec7d7668.jpg?ver=1776685526","width":96,"height":96,"caption":"El Digital de Asturias"}},{"@type":"WebPage","@id":"https:\/\/www.eldigitaldeasturias.com\/noticias\/el-rey-propone-a-pedro-sanchez-someterse-al-debate-de-investidura\/#webpage","url":"https:\/\/www.eldigitaldeasturias.com\/noticias\/el-rey-propone-a-pedro-sanchez-someterse-al-debate-de-investidura\/","name":"El Rey propone a Pedro S\u00e1nchez someterse al debate de investidura - El Digital de Asturias","description":"El Rey ha propuesto este martes al secretario general del PSOE, Pedro S\u00e1nchez, someterse al debate de investidura para intentar ser presidente del Gobierno, seg\u00fan ha anunciado el presidente del Congreso, el socialista Patxi L\u00f3pez. As\u00ed se lo ha comunicado Felipe VI a L\u00f3pez, al que ha convocado a las 19.30 horas en Zarzuela tras","inLanguage":"es-ES","isPartOf":{"@id":"https:\/\/www.eldigitaldeasturias.com\/noticias\/#website"},"breadcrumb":{"@id":"https:\/\/www.eldigitaldeasturias.com\/noticias\/el-rey-propone-a-pedro-sanchez-someterse-al-debate-de-investidura\/#breadcrumblist"},"author":{"@id":"https:\/\/www.eldigitaldeasturias.com\/noticias\/author\/admin\/#author"},"creator":{"@id":"https:\/\/www.eldigitaldeasturias.com\/noticias\/author\/admin\/#author"},"image":{"@type":"ImageObject","url":"https:\/\/www.eldigitaldeasturias.com\/noticias\/wp-content\/uploads\/2016\/02\/fotonoticia_20160202205735_800.jpg","@id":"https:\/\/www.eldigitaldeasturias.com\/noticias\/el-rey-propone-a-pedro-sanchez-someterse-al-debate-de-investidura\/#mainImage","width":800,"height":534},"primaryImageOfPage":{"@id":"https:\/\/www.eldigitaldeasturias.com\/noticias\/el-rey-propone-a-pedro-sanchez-someterse-al-debate-de-investidura\/#mainImage"},"datePublished":"2016-02-02T21:29:06+01:00","dateModified":"2016-02-02T21:29:06+01:00"},{"@type":"WebSite","@id":"https:\/\/www.eldigitaldeasturias.com\/noticias\/#website","url":"https:\/\/www.eldigitaldeasturias.com\/noticias\/","name":"El Digital de Asturias - Diario de actualidad y noticias","alternateName":"El Digital de Asturias - Diario de actualidad y noticias","description":"Hemeroteca","inLanguage":"es-ES","publisher":{"@id":"https:\/\/www.eldigitaldeasturias.com\/noticias\/#organization"}}]},"og:locale":"es_ES","og:site_name":"El Digital de Asturias","og:type":"article","og:title":"El Rey propone a Pedro S\u00e1nchez someterse al debate de investidura - El Digital de Asturias","og:description":"El Rey ha propuesto este martes al secretario general del PSOE, Pedro S\u00e1nchez, someterse al debate de investidura para intentar ser presidente del Gobierno, seg\u00fan ha anunciado el presidente del Congreso, el socialista Patxi L\u00f3pez. As\u00ed se lo ha comunicado Felipe VI a L\u00f3pez, al que ha convocado a las 19.30 horas en Zarzuela tras","og:url":"https:\/\/www.eldigitaldeasturias.com\/noticias\/el-rey-propone-a-pedro-sanchez-someterse-al-debate-de-investidura\/","og:image":"https:\/\/www.eldigitaldeasturias.com\/noticias\/wp-content\/uploads\/2016\/02\/fotonoticia_20160202205735_800.jpg","og:image:secure_url":"https:\/\/www.eldigitaldeasturias.com\/noticias\/wp-content\/uploads\/2016\/02\/fotonoticia_20160202205735_800.jpg","og:image:width":800,"og:image:height":534,"article:tag":["actualidad"],"article:published_time":"2016-02-02T21:29:06+00:00","article:modified_time":"2016-02-02T21:29:06+00:00","article:publisher":"https:\/\/facebook.com\/eldigitaldeasturias","twitter:card":"summary_large_image","twitter:title":"El Rey propone a Pedro S\u00e1nchez someterse al debate de investidura - El Digital de Asturias","twitter:description":"El Rey ha propuesto este martes al secretario general del PSOE, Pedro S\u00e1nchez, someterse al debate de investidura para intentar ser presidente del Gobierno, seg\u00fan ha anunciado el presidente del Congreso, el socialista Patxi L\u00f3pez. As\u00ed se lo ha comunicado Felipe VI a L\u00f3pez, al que ha convocado a las 19.30 horas en Zarzuela tras","twitter:image":"https:\/\/www.eldigitaldeasturias.com\/noticias\/wp-content\/uploads\/2016\/02\/fotonoticia_20160202205735_800.jpg","twitter:label1":"Escrito por","twitter:data1":"El Digital de Asturias","twitter:label2":"Tiempo de lectura estimado","twitter:data2":"2 minutos"},"aioseo_meta_data":{"post_id":"853222","title":null,"description":null,"keywords":null,"keyphrases":null,"primary_term":null,"canonical_url":null,"og_title":null,"og_description":null,"og_object_type":"default","og_image_type":"default","og_image_url":null,"og_image_width":null,"og_image_height":null,"og_image_custom_url":null,"og_image_custom_fields":null,"og_video":null,"og_custom_url":null,"og_article_section":null,"og_article_tags":null,"twitter_use_og":false,"twitter_card":"default","twitter_image_type":"default","twitter_image_url":null,"twitter_image_custom_url":null,"twitter_image_custom_fields":null,"twitter_title":null,"twitter_description":null,"schema":{"blockGraphs":[],"customGraphs":[],"default":{"data":{"Article":[],"Course":[],"Dataset":[],"FAQPage":[],"Movie":[],"Person":[],"Product":[],"ProductReview":[],"Car":[],"Recipe":[],"Service":[],"SoftwareApplication":[],"WebPage":[]},"graphName":"","isEnabled":true},"graphs":[],"defaultGraph":"","defaultPostTypeGraph":""},"schema_type":null,"schema_type_options":null,"pillar_content":false,"robots_default":true,"robots_noindex":false,"robots_noarchive":false,"robots_nosnippet":false,"robots_nofollow":false,"robots_noimageindex":false,"robots_noodp":false,"robots_notranslate":false,"robots_max_snippet":null,"robots_max_videopreview":null,"robots_max_imagepreview":"large","priority":null,"frequency":null,"local_seo":null,"seo_analyzer_scan_date":"2025-12-09 17:21:09","breadcrumb_settings":null,"limit_modified_date":false,"open_ai":null,"ai":null,"created":"2021-01-22 23:55:28","updated":"2025-12-09 17:21:09"},"aioseo_breadcrumb":"<div class=\"aioseo-breadcrumbs\"><span class=\"aioseo-breadcrumb\">\n\t<a href=\"https:\/\/www.eldigitaldeasturias.com\/noticias\" title=\"Home\">Home<\/a>\n<\/span><span class=\"aioseo-breadcrumb-separator\">\u2013<\/span><span class=\"aioseo-breadcrumb\">\n\t<a href=\"https:\/\/www.eldigitaldeasturias.com\/noticias\/category\/actualidad\/\" title=\"Actualidad\">Actualidad<\/a>\n<\/span><span class=\"aioseo-breadcrumb-separator\">\u2013<\/span><span class=\"aioseo-breadcrumb\">\n\t<a href=\"https:\/\/www.eldigitaldeasturias.com\/noticias\/el-rey-propone-a-pedro-sanchez-someterse-al-debate-de-investidura\/\" title=\"El Rey propone a Pedro S\u00e1nchez someterse al debate de investidura\">El Rey propone a Pedro S\u00e1nchez someterse al debate de investidura<\/a>\n<\/span><\/div>","aioseo_breadcrumb_json":[{"label":"Home","link":"https:\/\/www.eldigitaldeasturias.com\/noticias"},{"label":"Actualidad","link":"https:\/\/www.eldigitaldeasturias.com\/noticias\/category\/actualidad\/"},{"label":"El Rey propone a Pedro S\u00e1nchez someterse al debate de investidura","link":"https:\/\/www.eldigitaldeasturias.com\/noticias\/el-rey-propone-a-pedro-sanchez-someterse-al-debate-de-investidura\/"}],"_links":{"self":[{"href":"https:\/\/www.eldigitaldeasturias.com\/noticias\/wp-json\/wp\/v2\/posts\/853222","targetHints":{"allow":["GET"]}}],"collection":[{"href":"https:\/\/www.eldigitaldeasturias.com\/noticias\/wp-json\/wp\/v2\/posts"}],"about":[{"href":"https:\/\/www.eldigitaldeasturias.com\/noticias\/wp-json\/wp\/v2\/types\/post"}],"author":[{"embeddable":true,"href":"https:\/\/www.eldigitaldeasturias.com\/noticias\/wp-json\/wp\/v2\/users\/1"}],"replies":[{"embeddable":true,"href":"https:\/\/www.eldigitaldeasturias.com\/noticias\/wp-json\/wp\/v2\/comments?post=853222"}],"version-history":[{"count":0,"href":"https:\/\/www.eldigitaldeasturias.com\/noticias\/wp-json\/wp\/v2\/posts\/853222\/revisions"}],"wp:featuredmedia":[{"embeddable":true,"href":"https:\/\/www.eldigitaldeasturias.com\/noticias\/wp-json\/wp\/v2\/media\/853223"}],"wp:attachment":[{"href":"https:\/\/www.eldigitaldeasturias.com\/noticias\/wp-json\/wp\/v2\/media?parent=853222"}],"wp:term":[{"taxonomy":"category","embeddable":true,"href":"https:\/\/www.eldigitaldeasturias.com\/noticias\/wp-json\/wp\/v2\/categories?post=853222"},{"taxonomy":"post_tag","embeddable":true,"href":"https:\/\/www.eldigitaldeasturias.com\/noticias\/wp-json\/wp\/v2\/tags?post=853222"}],"curies":[{"name":"wp","href":"https:\/\/api.w.org\/{rel}","templated":true}]}}