{"id":853210,"date":"2016-02-02T21:16:02","date_gmt":"2016-02-02T21:16:02","guid":{"rendered":"http:\/\/www.eldigitaldeasturias.com\/noticias\/?p=853210"},"modified":"2016-02-02T21:16:02","modified_gmt":"2016-02-02T21:16:02","slug":"sanidad-espera-unos-200-casos-importados-del-virus-zika-en-espana","status":"publish","type":"post","link":"https:\/\/www.eldigitaldeasturias.com\/noticias\/sanidad-espera-unos-200-casos-importados-del-virus-zika-en-espana\/","title":{"rendered":"Sanidad espera unos 200 casos importados del virus Zika en Espa\u00f1a"},"content":{"rendered":"<p><img loading=\"lazy\" decoding=\"async\" class=\"alignleft size-medium wp-image-853211\" src=\"https:\/\/www.eldigitaldeasturias.com\/noticias\/wp-content\/uploads\/2016\/02\/fotonoticia_20160202113914_800-360x242.jpg\" alt=\"fotonoticia_20160202113914_800\" width=\"360\" height=\"242\" srcset=\"https:\/\/www.eldigitaldeasturias.com\/noticias\/wp-content\/uploads\/2016\/02\/fotonoticia_20160202113914_800-360x242.jpg 360w, https:\/\/www.eldigitaldeasturias.com\/noticias\/wp-content\/uploads\/2016\/02\/fotonoticia_20160202113914_800-768x516.jpg 768w, https:\/\/www.eldigitaldeasturias.com\/noticias\/wp-content\/uploads\/2016\/02\/fotonoticia_20160202113914_800-650x436.jpg 650w, https:\/\/www.eldigitaldeasturias.com\/noticias\/wp-content\/uploads\/2016\/02\/fotonoticia_20160202113914_800-84x55.jpg 84w, https:\/\/www.eldigitaldeasturias.com\/noticias\/wp-content\/uploads\/2016\/02\/fotonoticia_20160202113914_800-260x175.jpg 260w, https:\/\/www.eldigitaldeasturias.com\/noticias\/wp-content\/uploads\/2016\/02\/fotonoticia_20160202113914_800-49x32.jpg 49w, https:\/\/www.eldigitaldeasturias.com\/noticias\/wp-content\/uploads\/2016\/02\/fotonoticia_20160202113914_800.jpg 800w\" sizes=\"auto, (max-width: 360px) 100vw, 360px\" \/>El director el director del Centro de Coordinaci\u00f3n de Alertas y Emergencias Sanitarias del Ministerio de Sanidad, Fernando Sim\u00f3n, ha asegurado que este a\u00f1o esperan registrar unos 200 casos importados del virus Zika en Espa\u00f1a, unos 10-20 al mes, y prev\u00e9 que el mayor incremento se produzca durante los meses de verano ya que es cuando hay mas viajes a los pa\u00edses afectados.<\/p>\n<p>Tras la emergencia sanitaria declarada este lunes por la Organizaci\u00f3n Mundial de la Salud (OMS), este experto ha reconocido que el riesgo en Espa\u00f1a sigue siendo m\u00ednimo a pesar de que el mosquito que transmite la enfermedad, aunque el &#8216;Aedes Eegyptus&#8217;, esta presente en las regiones de la cuenca mediterr\u00e1nea (Catalu\u00f1a, Comunidad Valenciana, Baleares, Andaluc\u00eda y Murcia).<\/p>\n<p>\u00abEn Huesca se ha identificado el vector y en una provincia del Pa\u00eds Vasco pero en zonas limitadas que a priori no plantean ahora mismo riesgo, pero no sabemos c\u00f3mo se extender\u00e1, en principio el riesgo es en la cuenca mediterr\u00e1nea\u00bb, ha advertido.<\/p>\n<p>El principal riesgo en caso de contagio es para las mujeres embarazadas, ante el posible riesgo de microcefalia en los beb\u00e9s. En este sentido, y aunque de momento Espa\u00f1a no desaconseja viajar a los pa\u00edses afectados a este colectivo, Sim\u00f3n ha avanzado que est\u00e1n estudiando ser mas contundente en sus recomendaciones.<\/p>\n<p>Sim\u00f3n ha realizado estas declaraciones antes de la presentaci\u00f3n del balance del &#8216;Plan Nacional de M\u00e9dula 2015&#8217; y la nueva figura del coordinador de trasplante de m\u00e9dula y sangre de cord\u00f3n, que ha contado con el director de la Organizaci\u00f3n Nacional de Trasplantes (ONT), Rafael Matesanz.<\/p>\n<p>\u00abUN SEGUIMIENTO MUY DETALLADO\u00bb<\/p>\n<p>El ministro de Sanidad en funciones, Alfonso Alonso, explicaba este lunes que el ministerio lleva trabajando un tiempo en un protocolo con las comunidades aut\u00f3nomas que quieren \u00abaprobar ya para hacer frente a la situaci\u00f3n del virus Zika\u00bb. En este momento, ha dicho, lo que se est\u00e1 haciendo es \u00abun seguimiento muy detallado de los casos que se producen\u00bb y, en ese sentido, ha advertido de que \u00abel diagn\u00f3stico no es f\u00e1cil muchas veces, por tanto ha que estudiar bien y, en su caso, confirmar los casos\u00bb.<\/p>\n<p>En Espa\u00f1a no ha habido casos aut\u00f3ctonos, los cuatro (2 Catalu\u00f1a, 1 Pa\u00eds Vasco y 1 Murcia) casos notificados son todos son casos importados de personas que han viajado a zonas de riesgo. Por el momento, Sanidad no espera que el n\u00famero de casos del virus Zika en Espa\u00f1a importados de otros pa\u00edses supere al de los registrados del virus Chikungunya, unos 200 al a\u00f1o, ya que ambas enfermedades se transmiten por el mismo mosquito y el riesgo de contagio es similar.<\/p>\n<p>En su web se puede consultar el documento de &#8216;Evaluaci\u00f3n R\u00e1pida del Riesgo de transmisi\u00f3n de enfermedad por el virus Zika en Espa\u00f1a&#8217; elaborado por el Centro de Coordinaci\u00f3n de Alertas y Emergencias Sanitarias del Ministerio, donde los autores toman como referencia la enfermedad por virus Chikungunya para tener una referencia del riesgo de introducci\u00f3n del Zika.<\/p>\n","protected":false},"excerpt":{"rendered":"<p>El director el director del Centro de Coordinaci\u00f3n de Alertas y Emergencias Sanitarias del Ministerio de Sanidad, Fernando Sim\u00f3n, ha asegurado que este a\u00f1o esperan registrar unos 200 casos importados del virus Zika en Espa\u00f1a, unos 10-20 al mes, y prev\u00e9 que el mayor incremento se produzca durante los meses de verano ya que es [&hellip;]<\/p>\n","protected":false},"author":1,"featured_media":853211,"comment_status":"closed","ping_status":"closed","sticky":false,"template":"","format":"standard","meta":{"footnotes":""},"categories":[28],"tags":[],"class_list":["post-853210","post","type-post","status-publish","format-standard","has-post-thumbnail","hentry","category-sociedad"],"aioseo_notices":[],"aioseo_head":"\n\t\t<!-- All in One SEO Pro 4.9.6.2 - aioseo.com -->\n\t<meta name=\"description\" content=\"El director el director del Centro de Coordinaci\u00f3n de Alertas y Emergencias Sanitarias del Ministerio de Sanidad, Fernando Sim\u00f3n, ha asegurado que este a\u00f1o esperan registrar unos 200 casos importados del virus Zika en Espa\u00f1a, unos 10-20 al mes, y prev\u00e9 que el mayor incremento se produzca durante los meses de verano ya que es\" \/>\n\t<meta name=\"robots\" content=\"max-image-preview:large\" \/>\n\t<meta name=\"author\" content=\"El Digital de Asturias\"\/>\n\t<meta name=\"google-site-verification\" content=\"UA-38556648-1\" \/>\n\t<meta name=\"msvalidate.01\" content=\"7dfe9f3f1b24437ab69f4f2559babe99\" \/>\n\t<meta name=\"keywords\" content=\"sociedad\" \/>\n\t<link rel=\"canonical\" href=\"https:\/\/www.eldigitaldeasturias.com\/noticias\/sanidad-espera-unos-200-casos-importados-del-virus-zika-en-espana\/\" \/>\n\t<meta name=\"generator\" content=\"All in One SEO Pro (AIOSEO) 4.9.6.2\" \/>\n\t\t<meta property=\"og:locale\" content=\"es_ES\" \/>\n\t\t<meta property=\"og:site_name\" content=\"El Digital de Asturias\" \/>\n\t\t<meta property=\"og:type\" content=\"article\" \/>\n\t\t<meta property=\"og:title\" content=\"Sanidad espera unos 200 casos importados del virus Zika en Espa\u00f1a - El Digital de Asturias\" \/>\n\t\t<meta property=\"og:description\" content=\"El director el director del Centro de Coordinaci\u00f3n de Alertas y Emergencias Sanitarias del Ministerio de Sanidad, Fernando Sim\u00f3n, ha asegurado que este a\u00f1o esperan registrar unos 200 casos importados del virus Zika en Espa\u00f1a, unos 10-20 al mes, y prev\u00e9 que el mayor incremento se produzca durante los meses de verano ya que es\" \/>\n\t\t<meta property=\"og:url\" content=\"https:\/\/www.eldigitaldeasturias.com\/noticias\/sanidad-espera-unos-200-casos-importados-del-virus-zika-en-espana\/\" \/>\n\t\t<meta property=\"og:image\" content=\"https:\/\/www.eldigitaldeasturias.com\/noticias\/wp-content\/uploads\/2016\/02\/fotonoticia_20160202113914_800.jpg\" \/>\n\t\t<meta property=\"og:image:secure_url\" content=\"https:\/\/www.eldigitaldeasturias.com\/noticias\/wp-content\/uploads\/2016\/02\/fotonoticia_20160202113914_800.jpg\" \/>\n\t\t<meta property=\"og:image:width\" content=\"800\" \/>\n\t\t<meta property=\"og:image:height\" content=\"537\" \/>\n\t\t<meta property=\"article:tag\" content=\"sociedad\" \/>\n\t\t<meta property=\"article:published_time\" content=\"2016-02-02T21:16:02+00:00\" \/>\n\t\t<meta property=\"article:modified_time\" content=\"2016-02-02T21:16:02+00:00\" \/>\n\t\t<meta property=\"article:publisher\" content=\"https:\/\/facebook.com\/eldigitaldeasturias\" \/>\n\t\t<meta name=\"twitter:card\" content=\"summary_large_image\" \/>\n\t\t<meta name=\"twitter:title\" content=\"Sanidad espera unos 200 casos importados del virus Zika en Espa\u00f1a - El Digital de Asturias\" \/>\n\t\t<meta name=\"twitter:description\" content=\"El director el director del Centro de Coordinaci\u00f3n de Alertas y Emergencias Sanitarias del Ministerio de Sanidad, Fernando Sim\u00f3n, ha asegurado que este a\u00f1o esperan registrar unos 200 casos importados del virus Zika en Espa\u00f1a, unos 10-20 al mes, y prev\u00e9 que el mayor incremento se produzca durante los meses de verano ya que es\" \/>\n\t\t<meta name=\"twitter:image\" content=\"https:\/\/www.eldigitaldeasturias.com\/noticias\/wp-content\/uploads\/2016\/02\/fotonoticia_20160202113914_800.jpg\" \/>\n\t\t<meta name=\"twitter:label1\" content=\"Escrito por\" \/>\n\t\t<meta name=\"twitter:data1\" content=\"El Digital de Asturias\" \/>\n\t\t<meta name=\"twitter:label2\" content=\"Tiempo de lectura estimado\" \/>\n\t\t<meta name=\"twitter:data2\" content=\"3 minutos\" \/>\n\t\t<script type=\"application\/ld+json\" class=\"aioseo-schema\">\n\t\t\t{\"@context\":\"https:\\\/\\\/schema.org\",\"@graph\":[{\"@type\":\"BlogPosting\",\"@id\":\"https:\\\/\\\/www.eldigitaldeasturias.com\\\/noticias\\\/sanidad-espera-unos-200-casos-importados-del-virus-zika-en-espana\\\/#blogposting\",\"name\":\"Sanidad espera unos 200 casos importados del virus Zika en Espa\\u00f1a - El Digital de Asturias\",\"headline\":\"Sanidad espera unos 200 casos importados del virus Zika en Espa\\u00f1a\",\"author\":{\"@id\":\"https:\\\/\\\/www.eldigitaldeasturias.com\\\/noticias\\\/author\\\/admin\\\/#author\"},\"publisher\":{\"@id\":\"https:\\\/\\\/www.eldigitaldeasturias.com\\\/noticias\\\/#organization\"},\"image\":{\"@type\":\"ImageObject\",\"url\":\"https:\\\/\\\/www.eldigitaldeasturias.com\\\/noticias\\\/wp-content\\\/uploads\\\/2016\\\/02\\\/fotonoticia_20160202113914_800.jpg\",\"width\":800,\"height\":537},\"datePublished\":\"2016-02-02T21:16:02+01:00\",\"dateModified\":\"2016-02-02T21:16:02+01:00\",\"inLanguage\":\"es-ES\",\"mainEntityOfPage\":{\"@id\":\"https:\\\/\\\/www.eldigitaldeasturias.com\\\/noticias\\\/sanidad-espera-unos-200-casos-importados-del-virus-zika-en-espana\\\/#webpage\"},\"isPartOf\":{\"@id\":\"https:\\\/\\\/www.eldigitaldeasturias.com\\\/noticias\\\/sanidad-espera-unos-200-casos-importados-del-virus-zika-en-espana\\\/#webpage\"},\"articleSection\":\"Sociedad\"},{\"@type\":\"BreadcrumbList\",\"@id\":\"https:\\\/\\\/www.eldigitaldeasturias.com\\\/noticias\\\/sanidad-espera-unos-200-casos-importados-del-virus-zika-en-espana\\\/#breadcrumblist\",\"itemListElement\":[{\"@type\":\"ListItem\",\"@id\":\"https:\\\/\\\/www.eldigitaldeasturias.com\\\/noticias#listItem\",\"position\":1,\"name\":\"Home\",\"item\":\"https:\\\/\\\/www.eldigitaldeasturias.com\\\/noticias\",\"nextItem\":{\"@type\":\"ListItem\",\"@id\":\"https:\\\/\\\/www.eldigitaldeasturias.com\\\/noticias\\\/category\\\/sociedad\\\/#listItem\",\"name\":\"Sociedad\"}},{\"@type\":\"ListItem\",\"@id\":\"https:\\\/\\\/www.eldigitaldeasturias.com\\\/noticias\\\/category\\\/sociedad\\\/#listItem\",\"position\":2,\"name\":\"Sociedad\",\"item\":\"https:\\\/\\\/www.eldigitaldeasturias.com\\\/noticias\\\/category\\\/sociedad\\\/\",\"nextItem\":{\"@type\":\"ListItem\",\"@id\":\"https:\\\/\\\/www.eldigitaldeasturias.com\\\/noticias\\\/sanidad-espera-unos-200-casos-importados-del-virus-zika-en-espana\\\/#listItem\",\"name\":\"Sanidad espera unos 200 casos importados del virus Zika en Espa\\u00f1a\"},\"previousItem\":{\"@type\":\"ListItem\",\"@id\":\"https:\\\/\\\/www.eldigitaldeasturias.com\\\/noticias#listItem\",\"name\":\"Home\"}},{\"@type\":\"ListItem\",\"@id\":\"https:\\\/\\\/www.eldigitaldeasturias.com\\\/noticias\\\/sanidad-espera-unos-200-casos-importados-del-virus-zika-en-espana\\\/#listItem\",\"position\":3,\"name\":\"Sanidad espera unos 200 casos importados del virus Zika en Espa\\u00f1a\",\"previousItem\":{\"@type\":\"ListItem\",\"@id\":\"https:\\\/\\\/www.eldigitaldeasturias.com\\\/noticias\\\/category\\\/sociedad\\\/#listItem\",\"name\":\"Sociedad\"}}]},{\"@type\":\"Organization\",\"@id\":\"https:\\\/\\\/www.eldigitaldeasturias.com\\\/noticias\\\/#organization\",\"name\":\"El Digital de Asturias\",\"description\":\"Hemeroteca\",\"url\":\"https:\\\/\\\/www.eldigitaldeasturias.com\\\/noticias\\\/\",\"email\":\"info@eldigitaldeasturias.com\",\"telephone\":\"+34652131393\",\"logo\":{\"@type\":\"ImageObject\",\"url\":\"https:\\\/\\\/www.eldigitaldeasturias.com\\\/noticias\\\/wp-content\\\/uploads\\\/2020\\\/12\\\/EDA.jpg\",\"@id\":\"https:\\\/\\\/www.eldigitaldeasturias.com\\\/noticias\\\/sanidad-espera-unos-200-casos-importados-del-virus-zika-en-espana\\\/#organizationLogo\",\"width\":649,\"height\":297},\"image\":{\"@id\":\"https:\\\/\\\/www.eldigitaldeasturias.com\\\/noticias\\\/sanidad-espera-unos-200-casos-importados-del-virus-zika-en-espana\\\/#organizationLogo\"},\"sameAs\":[\"https:\\\/\\\/facebook.com\\\/eldigitaldeasturias\",\"https:\\\/\\\/www.youtube.com\\\/channel\\\/UCZP-2wLEB9Rv6erhFmqVnvg\"],\"address\":{\"@id\":\"https:\\\/\\\/www.eldigitaldeasturias.com\\\/noticias\\\/#postaladdress\",\"@type\":\"PostalAddress\",\"streetAddress\":\"san antonio 4,\",\"postalCode\":\"33430\",\"addressLocality\":\"Cand\\u00e1s\",\"addressRegion\":\"Asturias\",\"addressCountry\":\"ES\"}},{\"@type\":\"Person\",\"@id\":\"https:\\\/\\\/www.eldigitaldeasturias.com\\\/noticias\\\/author\\\/admin\\\/#author\",\"url\":\"https:\\\/\\\/www.eldigitaldeasturias.com\\\/noticias\\\/author\\\/admin\\\/\",\"name\":\"El Digital de Asturias\",\"image\":{\"@type\":\"ImageObject\",\"@id\":\"https:\\\/\\\/www.eldigitaldeasturias.com\\\/noticias\\\/sanidad-espera-unos-200-casos-importados-del-virus-zika-en-espana\\\/#authorImage\",\"url\":\"https:\\\/\\\/www.eldigitaldeasturias.com\\\/noticias\\\/wp-content\\\/litespeed\\\/avatar\\\/18677e78aa0546b92d9dbf31ec7d7668.jpg?ver=1776685526\",\"width\":96,\"height\":96,\"caption\":\"El Digital de Asturias\"}},{\"@type\":\"WebPage\",\"@id\":\"https:\\\/\\\/www.eldigitaldeasturias.com\\\/noticias\\\/sanidad-espera-unos-200-casos-importados-del-virus-zika-en-espana\\\/#webpage\",\"url\":\"https:\\\/\\\/www.eldigitaldeasturias.com\\\/noticias\\\/sanidad-espera-unos-200-casos-importados-del-virus-zika-en-espana\\\/\",\"name\":\"Sanidad espera unos 200 casos importados del virus Zika en Espa\\u00f1a - El Digital de Asturias\",\"description\":\"El director el director del Centro de Coordinaci\\u00f3n de Alertas y Emergencias Sanitarias del Ministerio de Sanidad, Fernando Sim\\u00f3n, ha asegurado que este a\\u00f1o esperan registrar unos 200 casos importados del virus Zika en Espa\\u00f1a, unos 10-20 al mes, y prev\\u00e9 que el mayor incremento se produzca durante los meses de verano ya que es\",\"inLanguage\":\"es-ES\",\"isPartOf\":{\"@id\":\"https:\\\/\\\/www.eldigitaldeasturias.com\\\/noticias\\\/#website\"},\"breadcrumb\":{\"@id\":\"https:\\\/\\\/www.eldigitaldeasturias.com\\\/noticias\\\/sanidad-espera-unos-200-casos-importados-del-virus-zika-en-espana\\\/#breadcrumblist\"},\"author\":{\"@id\":\"https:\\\/\\\/www.eldigitaldeasturias.com\\\/noticias\\\/author\\\/admin\\\/#author\"},\"creator\":{\"@id\":\"https:\\\/\\\/www.eldigitaldeasturias.com\\\/noticias\\\/author\\\/admin\\\/#author\"},\"image\":{\"@type\":\"ImageObject\",\"url\":\"https:\\\/\\\/www.eldigitaldeasturias.com\\\/noticias\\\/wp-content\\\/uploads\\\/2016\\\/02\\\/fotonoticia_20160202113914_800.jpg\",\"@id\":\"https:\\\/\\\/www.eldigitaldeasturias.com\\\/noticias\\\/sanidad-espera-unos-200-casos-importados-del-virus-zika-en-espana\\\/#mainImage\",\"width\":800,\"height\":537},\"primaryImageOfPage\":{\"@id\":\"https:\\\/\\\/www.eldigitaldeasturias.com\\\/noticias\\\/sanidad-espera-unos-200-casos-importados-del-virus-zika-en-espana\\\/#mainImage\"},\"datePublished\":\"2016-02-02T21:16:02+01:00\",\"dateModified\":\"2016-02-02T21:16:02+01:00\"},{\"@type\":\"WebSite\",\"@id\":\"https:\\\/\\\/www.eldigitaldeasturias.com\\\/noticias\\\/#website\",\"url\":\"https:\\\/\\\/www.eldigitaldeasturias.com\\\/noticias\\\/\",\"name\":\"El Digital de Asturias - Diario de actualidad y noticias\",\"alternateName\":\"El Digital de Asturias - Diario de actualidad y noticias\",\"description\":\"Hemeroteca\",\"inLanguage\":\"es-ES\",\"publisher\":{\"@id\":\"https:\\\/\\\/www.eldigitaldeasturias.com\\\/noticias\\\/#organization\"}}]}\n\t\t<\/script>\n\t\t<!-- All in One SEO Pro -->\r\n\t\t<title>Sanidad espera unos 200 casos importados del virus Zika en Espa\u00f1a - El Digital de Asturias<\/title>\n\n","aioseo_head_json":{"title":"Sanidad espera unos 200 casos importados del virus Zika en Espa\u00f1a - El Digital de Asturias","description":"El director el director del Centro de Coordinaci\u00f3n de Alertas y Emergencias Sanitarias del Ministerio de Sanidad, Fernando Sim\u00f3n, ha asegurado que este a\u00f1o esperan registrar unos 200 casos importados del virus Zika en Espa\u00f1a, unos 10-20 al mes, y prev\u00e9 que el mayor incremento se produzca durante los meses de verano ya que es","canonical_url":"https:\/\/www.eldigitaldeasturias.com\/noticias\/sanidad-espera-unos-200-casos-importados-del-virus-zika-en-espana\/","robots":"max-image-preview:large","keywords":"sociedad","webmasterTools":{"google-site-verification":"UA-38556648-1","msvalidate.01":"7dfe9f3f1b24437ab69f4f2559babe99","miscellaneous":""},"schema":{"@context":"https:\/\/schema.org","@graph":[{"@type":"BlogPosting","@id":"https:\/\/www.eldigitaldeasturias.com\/noticias\/sanidad-espera-unos-200-casos-importados-del-virus-zika-en-espana\/#blogposting","name":"Sanidad espera unos 200 casos importados del virus Zika en Espa\u00f1a - El Digital de Asturias","headline":"Sanidad espera unos 200 casos importados del virus Zika en Espa\u00f1a","author":{"@id":"https:\/\/www.eldigitaldeasturias.com\/noticias\/author\/admin\/#author"},"publisher":{"@id":"https:\/\/www.eldigitaldeasturias.com\/noticias\/#organization"},"image":{"@type":"ImageObject","url":"https:\/\/www.eldigitaldeasturias.com\/noticias\/wp-content\/uploads\/2016\/02\/fotonoticia_20160202113914_800.jpg","width":800,"height":537},"datePublished":"2016-02-02T21:16:02+01:00","dateModified":"2016-02-02T21:16:02+01:00","inLanguage":"es-ES","mainEntityOfPage":{"@id":"https:\/\/www.eldigitaldeasturias.com\/noticias\/sanidad-espera-unos-200-casos-importados-del-virus-zika-en-espana\/#webpage"},"isPartOf":{"@id":"https:\/\/www.eldigitaldeasturias.com\/noticias\/sanidad-espera-unos-200-casos-importados-del-virus-zika-en-espana\/#webpage"},"articleSection":"Sociedad"},{"@type":"BreadcrumbList","@id":"https:\/\/www.eldigitaldeasturias.com\/noticias\/sanidad-espera-unos-200-casos-importados-del-virus-zika-en-espana\/#breadcrumblist","itemListElement":[{"@type":"ListItem","@id":"https:\/\/www.eldigitaldeasturias.com\/noticias#listItem","position":1,"name":"Home","item":"https:\/\/www.eldigitaldeasturias.com\/noticias","nextItem":{"@type":"ListItem","@id":"https:\/\/www.eldigitaldeasturias.com\/noticias\/category\/sociedad\/#listItem","name":"Sociedad"}},{"@type":"ListItem","@id":"https:\/\/www.eldigitaldeasturias.com\/noticias\/category\/sociedad\/#listItem","position":2,"name":"Sociedad","item":"https:\/\/www.eldigitaldeasturias.com\/noticias\/category\/sociedad\/","nextItem":{"@type":"ListItem","@id":"https:\/\/www.eldigitaldeasturias.com\/noticias\/sanidad-espera-unos-200-casos-importados-del-virus-zika-en-espana\/#listItem","name":"Sanidad espera unos 200 casos importados del virus Zika en Espa\u00f1a"},"previousItem":{"@type":"ListItem","@id":"https:\/\/www.eldigitaldeasturias.com\/noticias#listItem","name":"Home"}},{"@type":"ListItem","@id":"https:\/\/www.eldigitaldeasturias.com\/noticias\/sanidad-espera-unos-200-casos-importados-del-virus-zika-en-espana\/#listItem","position":3,"name":"Sanidad espera unos 200 casos importados del virus Zika en Espa\u00f1a","previousItem":{"@type":"ListItem","@id":"https:\/\/www.eldigitaldeasturias.com\/noticias\/category\/sociedad\/#listItem","name":"Sociedad"}}]},{"@type":"Organization","@id":"https:\/\/www.eldigitaldeasturias.com\/noticias\/#organization","name":"El Digital de Asturias","description":"Hemeroteca","url":"https:\/\/www.eldigitaldeasturias.com\/noticias\/","email":"info@eldigitaldeasturias.com","telephone":"+34652131393","logo":{"@type":"ImageObject","url":"https:\/\/www.eldigitaldeasturias.com\/noticias\/wp-content\/uploads\/2020\/12\/EDA.jpg","@id":"https:\/\/www.eldigitaldeasturias.com\/noticias\/sanidad-espera-unos-200-casos-importados-del-virus-zika-en-espana\/#organizationLogo","width":649,"height":297},"image":{"@id":"https:\/\/www.eldigitaldeasturias.com\/noticias\/sanidad-espera-unos-200-casos-importados-del-virus-zika-en-espana\/#organizationLogo"},"sameAs":["https:\/\/facebook.com\/eldigitaldeasturias","https:\/\/www.youtube.com\/channel\/UCZP-2wLEB9Rv6erhFmqVnvg"],"address":{"@id":"https:\/\/www.eldigitaldeasturias.com\/noticias\/#postaladdress","@type":"PostalAddress","streetAddress":"san antonio 4,","postalCode":"33430","addressLocality":"Cand\u00e1s","addressRegion":"Asturias","addressCountry":"ES"}},{"@type":"Person","@id":"https:\/\/www.eldigitaldeasturias.com\/noticias\/author\/admin\/#author","url":"https:\/\/www.eldigitaldeasturias.com\/noticias\/author\/admin\/","name":"El Digital de Asturias","image":{"@type":"ImageObject","@id":"https:\/\/www.eldigitaldeasturias.com\/noticias\/sanidad-espera-unos-200-casos-importados-del-virus-zika-en-espana\/#authorImage","url":"https:\/\/www.eldigitaldeasturias.com\/noticias\/wp-content\/litespeed\/avatar\/18677e78aa0546b92d9dbf31ec7d7668.jpg?ver=1776685526","width":96,"height":96,"caption":"El Digital de Asturias"}},{"@type":"WebPage","@id":"https:\/\/www.eldigitaldeasturias.com\/noticias\/sanidad-espera-unos-200-casos-importados-del-virus-zika-en-espana\/#webpage","url":"https:\/\/www.eldigitaldeasturias.com\/noticias\/sanidad-espera-unos-200-casos-importados-del-virus-zika-en-espana\/","name":"Sanidad espera unos 200 casos importados del virus Zika en Espa\u00f1a - El Digital de Asturias","description":"El director el director del Centro de Coordinaci\u00f3n de Alertas y Emergencias Sanitarias del Ministerio de Sanidad, Fernando Sim\u00f3n, ha asegurado que este a\u00f1o esperan registrar unos 200 casos importados del virus Zika en Espa\u00f1a, unos 10-20 al mes, y prev\u00e9 que el mayor incremento se produzca durante los meses de verano ya que es","inLanguage":"es-ES","isPartOf":{"@id":"https:\/\/www.eldigitaldeasturias.com\/noticias\/#website"},"breadcrumb":{"@id":"https:\/\/www.eldigitaldeasturias.com\/noticias\/sanidad-espera-unos-200-casos-importados-del-virus-zika-en-espana\/#breadcrumblist"},"author":{"@id":"https:\/\/www.eldigitaldeasturias.com\/noticias\/author\/admin\/#author"},"creator":{"@id":"https:\/\/www.eldigitaldeasturias.com\/noticias\/author\/admin\/#author"},"image":{"@type":"ImageObject","url":"https:\/\/www.eldigitaldeasturias.com\/noticias\/wp-content\/uploads\/2016\/02\/fotonoticia_20160202113914_800.jpg","@id":"https:\/\/www.eldigitaldeasturias.com\/noticias\/sanidad-espera-unos-200-casos-importados-del-virus-zika-en-espana\/#mainImage","width":800,"height":537},"primaryImageOfPage":{"@id":"https:\/\/www.eldigitaldeasturias.com\/noticias\/sanidad-espera-unos-200-casos-importados-del-virus-zika-en-espana\/#mainImage"},"datePublished":"2016-02-02T21:16:02+01:00","dateModified":"2016-02-02T21:16:02+01:00"},{"@type":"WebSite","@id":"https:\/\/www.eldigitaldeasturias.com\/noticias\/#website","url":"https:\/\/www.eldigitaldeasturias.com\/noticias\/","name":"El Digital de Asturias - Diario de actualidad y noticias","alternateName":"El Digital de Asturias - Diario de actualidad y noticias","description":"Hemeroteca","inLanguage":"es-ES","publisher":{"@id":"https:\/\/www.eldigitaldeasturias.com\/noticias\/#organization"}}]},"og:locale":"es_ES","og:site_name":"El Digital de Asturias","og:type":"article","og:title":"Sanidad espera unos 200 casos importados del virus Zika en Espa\u00f1a - El Digital de Asturias","og:description":"El director el director del Centro de Coordinaci\u00f3n de Alertas y Emergencias Sanitarias del Ministerio de Sanidad, Fernando Sim\u00f3n, ha asegurado que este a\u00f1o esperan registrar unos 200 casos importados del virus Zika en Espa\u00f1a, unos 10-20 al mes, y prev\u00e9 que el mayor incremento se produzca durante los meses de verano ya que es","og:url":"https:\/\/www.eldigitaldeasturias.com\/noticias\/sanidad-espera-unos-200-casos-importados-del-virus-zika-en-espana\/","og:image":"https:\/\/www.eldigitaldeasturias.com\/noticias\/wp-content\/uploads\/2016\/02\/fotonoticia_20160202113914_800.jpg","og:image:secure_url":"https:\/\/www.eldigitaldeasturias.com\/noticias\/wp-content\/uploads\/2016\/02\/fotonoticia_20160202113914_800.jpg","og:image:width":800,"og:image:height":537,"article:tag":["sociedad"],"article:published_time":"2016-02-02T21:16:02+00:00","article:modified_time":"2016-02-02T21:16:02+00:00","article:publisher":"https:\/\/facebook.com\/eldigitaldeasturias","twitter:card":"summary_large_image","twitter:title":"Sanidad espera unos 200 casos importados del virus Zika en Espa\u00f1a - El Digital de Asturias","twitter:description":"El director el director del Centro de Coordinaci\u00f3n de Alertas y Emergencias Sanitarias del Ministerio de Sanidad, Fernando Sim\u00f3n, ha asegurado que este a\u00f1o esperan registrar unos 200 casos importados del virus Zika en Espa\u00f1a, unos 10-20 al mes, y prev\u00e9 que el mayor incremento se produzca durante los meses de verano ya que es","twitter:image":"https:\/\/www.eldigitaldeasturias.com\/noticias\/wp-content\/uploads\/2016\/02\/fotonoticia_20160202113914_800.jpg","twitter:label1":"Escrito por","twitter:data1":"El Digital de Asturias","twitter:label2":"Tiempo de lectura estimado","twitter:data2":"3 minutos"},"aioseo_meta_data":{"post_id":"853210","title":null,"description":null,"keywords":null,"keyphrases":null,"primary_term":null,"canonical_url":null,"og_title":null,"og_description":null,"og_object_type":"default","og_image_type":"default","og_image_url":null,"og_image_width":null,"og_image_height":null,"og_image_custom_url":null,"og_image_custom_fields":null,"og_video":null,"og_custom_url":null,"og_article_section":null,"og_article_tags":null,"twitter_use_og":false,"twitter_card":"default","twitter_image_type":"default","twitter_image_url":null,"twitter_image_custom_url":null,"twitter_image_custom_fields":null,"twitter_title":null,"twitter_description":null,"schema":{"blockGraphs":[],"customGraphs":[],"default":{"data":{"Article":[],"Course":[],"Dataset":[],"FAQPage":[],"Movie":[],"Person":[],"Product":[],"ProductReview":[],"Car":[],"Recipe":[],"Service":[],"SoftwareApplication":[],"WebPage":[]},"graphName":"","isEnabled":true},"graphs":[],"defaultGraph":"","defaultPostTypeGraph":""},"schema_type":null,"schema_type_options":null,"pillar_content":false,"robots_default":true,"robots_noindex":false,"robots_noarchive":false,"robots_nosnippet":false,"robots_nofollow":false,"robots_noimageindex":false,"robots_noodp":false,"robots_notranslate":false,"robots_max_snippet":null,"robots_max_videopreview":null,"robots_max_imagepreview":"large","priority":null,"frequency":null,"local_seo":null,"seo_analyzer_scan_date":"2025-12-09 17:19:13","breadcrumb_settings":null,"limit_modified_date":false,"open_ai":null,"ai":null,"created":"2021-01-22 00:32:48","updated":"2025-12-09 17:19:13"},"aioseo_breadcrumb":"<div class=\"aioseo-breadcrumbs\"><span class=\"aioseo-breadcrumb\">\n\t<a href=\"https:\/\/www.eldigitaldeasturias.com\/noticias\" title=\"Home\">Home<\/a>\n<\/span><span class=\"aioseo-breadcrumb-separator\">\u2013<\/span><span class=\"aioseo-breadcrumb\">\n\t<a href=\"https:\/\/www.eldigitaldeasturias.com\/noticias\/category\/sociedad\/\" title=\"Sociedad\">Sociedad<\/a>\n<\/span><span class=\"aioseo-breadcrumb-separator\">\u2013<\/span><span class=\"aioseo-breadcrumb\">\n\t<a href=\"https:\/\/www.eldigitaldeasturias.com\/noticias\/sanidad-espera-unos-200-casos-importados-del-virus-zika-en-espana\/\" title=\"Sanidad espera unos 200 casos importados del virus Zika en Espa\u00f1a\">Sanidad espera unos 200 casos importados del virus Zika en Espa\u00f1a<\/a>\n<\/span><\/div>","aioseo_breadcrumb_json":[{"label":"Home","link":"https:\/\/www.eldigitaldeasturias.com\/noticias"},{"label":"Sociedad","link":"https:\/\/www.eldigitaldeasturias.com\/noticias\/category\/sociedad\/"},{"label":"Sanidad espera unos 200 casos importados del virus Zika en Espa\u00f1a","link":"https:\/\/www.eldigitaldeasturias.com\/noticias\/sanidad-espera-unos-200-casos-importados-del-virus-zika-en-espana\/"}],"_links":{"self":[{"href":"https:\/\/www.eldigitaldeasturias.com\/noticias\/wp-json\/wp\/v2\/posts\/853210","targetHints":{"allow":["GET"]}}],"collection":[{"href":"https:\/\/www.eldigitaldeasturias.com\/noticias\/wp-json\/wp\/v2\/posts"}],"about":[{"href":"https:\/\/www.eldigitaldeasturias.com\/noticias\/wp-json\/wp\/v2\/types\/post"}],"author":[{"embeddable":true,"href":"https:\/\/www.eldigitaldeasturias.com\/noticias\/wp-json\/wp\/v2\/users\/1"}],"replies":[{"embeddable":true,"href":"https:\/\/www.eldigitaldeasturias.com\/noticias\/wp-json\/wp\/v2\/comments?post=853210"}],"version-history":[{"count":0,"href":"https:\/\/www.eldigitaldeasturias.com\/noticias\/wp-json\/wp\/v2\/posts\/853210\/revisions"}],"wp:featuredmedia":[{"embeddable":true,"href":"https:\/\/www.eldigitaldeasturias.com\/noticias\/wp-json\/wp\/v2\/media\/853211"}],"wp:attachment":[{"href":"https:\/\/www.eldigitaldeasturias.com\/noticias\/wp-json\/wp\/v2\/media?parent=853210"}],"wp:term":[{"taxonomy":"category","embeddable":true,"href":"https:\/\/www.eldigitaldeasturias.com\/noticias\/wp-json\/wp\/v2\/categories?post=853210"},{"taxonomy":"post_tag","embeddable":true,"href":"https:\/\/www.eldigitaldeasturias.com\/noticias\/wp-json\/wp\/v2\/tags?post=853210"}],"curies":[{"name":"wp","href":"https:\/\/api.w.org\/{rel}","templated":true}]}}