{"id":853204,"date":"2016-02-02T21:12:51","date_gmt":"2016-02-02T21:12:51","guid":{"rendered":"http:\/\/www.eldigitaldeasturias.com\/noticias\/?p=853204"},"modified":"2016-02-02T21:12:51","modified_gmt":"2016-02-02T21:12:51","slug":"otorrinos-y-cirujanos-actualizan-la-guia-de-practica-clinica-de-la-otitis-media-con-derrame","status":"publish","type":"post","link":"https:\/\/www.eldigitaldeasturias.com\/noticias\/otorrinos-y-cirujanos-actualizan-la-guia-de-practica-clinica-de-la-otitis-media-con-derrame\/","title":{"rendered":"Otorrinos y cirujanos actualizan la gu\u00eda de pr\u00e1ctica cl\u00ednica de la otitis media con derrame"},"content":{"rendered":"<p><img loading=\"lazy\" decoding=\"async\" class=\"alignleft size-medium wp-image-853205\" src=\"https:\/\/www.eldigitaldeasturias.com\/noticias\/wp-content\/uploads\/2016\/02\/fotonoticia_20160202081334_800-213x320.jpg\" alt=\"fotonoticia_20160202081334_800\" width=\"213\" height=\"320\" srcset=\"https:\/\/www.eldigitaldeasturias.com\/noticias\/wp-content\/uploads\/2016\/02\/fotonoticia_20160202081334_800-213x320.jpg 213w, https:\/\/www.eldigitaldeasturias.com\/noticias\/wp-content\/uploads\/2016\/02\/fotonoticia_20160202081334_800-768x1152.jpg 768w, https:\/\/www.eldigitaldeasturias.com\/noticias\/wp-content\/uploads\/2016\/02\/fotonoticia_20160202081334_800-433x650.jpg 433w, https:\/\/www.eldigitaldeasturias.com\/noticias\/wp-content\/uploads\/2016\/02\/fotonoticia_20160202081334_800.jpg 800w\" sizes=\"auto, (max-width: 213px) 100vw, 213px\" \/>Una gu\u00eda de pr\u00e1ctica cl\u00ednica actualizada de la Academia Americana de Otorrinolaringolog\u00eda y la Fundaci\u00f3n de Cirujanos de Cabeza y Cuello publicada este lunes en &#8216;Otolaryngolgy-Head and Neck Surgery&#8217; identifica oportunidades de mejora de calidad y recomendaciones pr\u00e1cticas expl\u00edcitas para el manejo de la otitis media con efusi\u00f3n (OME), a menudo llamada l\u00edquido en el o\u00eddo.<\/p>\n<p>\u00abLa OME afecta con mucha frecuencia a los ni\u00f1os. Si se va a un entorno preescolar en un d\u00eda determinado y aproximadamente entre el 15 y el 20 por ciento de los ni\u00f1os tendr\u00e1 l\u00edquido en sus o\u00eddos. Est\u00e1 omnipresente\u00bb, explica Richard M. Rosenfeld, que presidi\u00f3 tanto la directriz de 2004 como la actualizaci\u00f3n de 2016.<\/p>\n<p>La gu\u00eda actualizada, ya aprobada por la Academia Americana de M\u00e9dicos de Familia (AAFP, por sus siglas en ingl\u00e9s), sustituye a la directriz 2004 codesarrollada por la AAO-HNSF, la AAFP y la Academia Americana de Pediatr\u00eda (AAP).<\/p>\n<p>Las diferencias entre la directriz de 2004 y la actualizaci\u00f3n de 2016 incluyen: informaci\u00f3n adicional sobre otoscopia neum\u00e1tica y timpanometr\u00eda para mejorar la certeza diagn\u00f3stica; informaci\u00f3n ampliada sobre el discurso y la evaluaci\u00f3n del lenguaje para ni\u00f1os con OME; nuevas recomendaciones para la gesti\u00f3n de la OME en ni\u00f1os que no fallan en el cribado de audici\u00f3n en reci\u00e9n nacidos y para la evaluaci\u00f3n de los ni\u00f1os en riesgo; una nueva recomendaci\u00f3n contra el uso de esteroides intranasales t\u00f3picos, otra en contra de la adenoidectom\u00eda para una indicaci\u00f3n primaria de la OME en ni\u00f1os menores de 4 a\u00f1os de edad y otra para la evaluaci\u00f3n de los resultados de OME.<\/p>\n<p>Esta gu\u00eda cl\u00ednica basada en la evidencia para la OME fue actualizada por un panel multidisciplinario de expertos que representan a las disciplinas de la otorrinolaringolog\u00eda, la cirug\u00eda de cabeza y cuello, la otorrinolaringolog\u00eda pedi\u00e1trica, la otolog\u00eda, la pediatr\u00eda, la alergia e inmunolog\u00eda, la medicina de familia, la audiolog\u00eda, la patolog\u00eda del habla y el lenguaje, la enfermer\u00eda de pr\u00e1ctica avanzada y la defensa del consumidor.<\/p>\n<p>\u00abLa otitis media con derrame es un peligro de la primera infancia. La mayor\u00eda de los ni\u00f1os experimentar\u00e1n l\u00edquido en el o\u00eddo por el tiempo mientras est\u00e1n en edad escolar. Esta gu\u00eda actualizada incluye m\u00e1s recursos para ayudar a los m\u00e9dicos a comunicarse mejor con los padres y cuidadores y hace hincapi\u00e9 en que si bien el l\u00edquido en el o\u00eddo por lo general desaparece por s\u00ed solo, el seguimiento sigue siendo importante\u00bb, subraya Richard M. Rosenfeld, presidente de la directriz.<\/p>\n<p>La otitis media con efusi\u00f3n (OME), o l\u00edquido en el o\u00eddo, se produce en el o\u00eddo medio, que es un espacio lleno de aire justo detr\u00e1s del t\u00edmpano. Cuando se acumula moco o l\u00edquido en esta zona, se llama OME, que es diferente de una infecci\u00f3n de o\u00eddo. Las infecciones del o\u00eddo y OME tienen l\u00edquido en el o\u00eddo medio, pero con OME, el l\u00edquido no est\u00e1 infectado y, por lo general, hay poco o ning\u00fan dolor.<\/p>\n<p>La OME puede ser causada por una infecci\u00f3n por fr\u00edo en el o\u00eddo o una funci\u00f3n deficiente de la trompa de Eustaquio. Puede ser dif\u00edcil decir cuando un ni\u00f1o tiene l\u00edquido en el o\u00eddo debido a que no suele haber ning\u00fan s\u00edntoma y la OME generalmente desaparece por s\u00ed sola.<\/p>\n<p>Pero esta directriz sobre la OME es importante porque alrededor del 90 por ciento de los ni\u00f1os sufren OME hacia los 5 a\u00f1os de edad y se trata de la causa m\u00e1s com\u00fan de p\u00e9rdida de audici\u00f3n en los ni\u00f1os en los pa\u00edses desarrollados y la indicaci\u00f3n principal para la inserci\u00f3n del tubo de drenaje en el o\u00eddo. A pesar de la frecuencia de la OME, los datos de vigilancia indican que una minor\u00eda de los m\u00e9dicos siguen gu\u00edas de pr\u00e1ctica cl\u00ednica y algunos tratan este trastorno inapropiadamente con antibi\u00f3ticos, lo que produce efectos adversos innecesarios y la resistencia bacteriana a los antibi\u00f3ticos.<\/p>\n<p>OTOSCOPIA NEUM\u00c1TICA PARA IDENTIFICAR EFUSI\u00d3N DEL O\u00cdDO MEDIO<\/p>\n<p>Los puntos m\u00e1s significativos de la gu\u00eda son que el cl\u00ednico debe documentar la presencia de efusi\u00f3n del o\u00eddo medio con la otoscopia neum\u00e1tica en el diagn\u00f3stico de OME en un ni\u00f1o y que se tiene que emplear para evaluar la OME en un ni\u00f1o con otalgia, p\u00e9rdida de la audici\u00f3n, o ambos. Tambi\u00e9n se indica que m\u00e9dicos deben realizar una timpanometr\u00eda en ni\u00f1os con sospecha de OME para quienes el diagn\u00f3stico es incierto despu\u00e9s de realizar (o intentar) una otoscopia neum\u00e1tica.<\/p>\n<p>Los m\u00e9dicos han de documentar en el expediente m\u00e9dico de asesoramiento de los padres de los ni\u00f1os con OME que no logran un cribado auditivo en reci\u00e9n nacidos por la importancia de un seguimiento para asegurarse de que la audici\u00f3n es normal cuando el OME se resuelve y para excluir una p\u00e9rdida de audici\u00f3n neurosensorial subyacente (HNS, por sus siglas en ingl\u00e9s).<\/p>\n<p>Adem\u00e1s, los especialistas deben determinar si un ni\u00f1o con OME est\u00e1 en riesgo de problemas de habla, lenguaje o de aprendizaje debido a factores sensoriales, f\u00edsicos, cognitivos o de comportamiento. Los m\u00e9dicos deben evaluar a ni\u00f1os en riesgo para OME en el momento del diagn\u00f3stico de un trastorno de alto riesgo a los entre 12 y 18 meses de edad.<\/p>\n<p>No es necesario examinar rutinariamente los ni\u00f1os para la OME que no est\u00e1n en situaci\u00f3n de riesgo y no tienen s\u00edntomas que pueden ser atribuibles a este problema, como dificultades de audici\u00f3n, equilibrio, bajo rendimiento escolar, problemas de conducta o malestar en el o\u00eddo. Los m\u00e9dicos deben informar a las familias de ni\u00f1os con OME sobre la historia natural de la OME, la necesidad de seguimiento y las posibles secuelas.<\/p>\n<p>Hay que vigilar al ni\u00f1o con OME que no est\u00e1 en situaci\u00f3n de riesgo durante tres meses desde la fecha de inicio del derrame (si se conoce) o tres meses a partir de la fecha de diagn\u00f3stico (si no se sabe cu\u00e1ndo comenz\u00f3). Los m\u00e9dicos deben explicar que no se tienen que usar esteroides intranasales o esteroides sist\u00e9micos para el tratamiento de la OME ni el uso de antibi\u00f3ticos sist\u00e9micos,<\/p>\n<p>Antihistam\u00ednicos o descongestionantes para el tratamiento de la OME.<\/p>\n<p>Siempre se debe tener una prueba de audici\u00f3n apropiada para la edad del ni\u00f1o si OME persiste durante tres meses o m\u00e1s o para cualquier duraci\u00f3n en un ni\u00f1o en situaci\u00f3n de riesgo. Los m\u00e9dicos deber\u00edan aconsejar a las familias de ni\u00f1os con p\u00e9rdida auditiva por OME e informarse bilateralmente sobre el impacto potencial sobre el desarrollo del habla y el lenguaje.<\/p>\n<p>Adem\u00e1s, es necesario reevaluar, en intervalos de tres a seis meses, a los ni\u00f1os con OME cr\u00f3nica hasta que el derrame ya no est\u00e9 presente, se identifique p\u00e9rdida auditiva significativa o se sospeche de anormalidades estructurales del t\u00edmpano o el o\u00eddo medio.<\/p>\n<p>Son recomendables los tubos de timpanostom\u00eda cuando se realiza la cirug\u00eda para la OME en un ni\u00f1o menor de 4 a\u00f1os de edad; pero la adenoidectom\u00eda no debe realizarse a menos que exista una indicaci\u00f3n clara que no sea OME (por ejemplo, obstrucci\u00f3n nasal o adenoiditis cr\u00f3nica). Los m\u00e9dicos deben aconsejar la implantaci\u00f3n de tubos de timpanostom\u00eda, la adenoidectom\u00eda o ambas, cuando se realiza la cirug\u00eda para la OME en un ni\u00f1o de 4 a\u00f1os de edad o m\u00e1s.<\/p>\n","protected":false},"excerpt":{"rendered":"<p>Una gu\u00eda de pr\u00e1ctica cl\u00ednica actualizada de la Academia Americana de Otorrinolaringolog\u00eda y la Fundaci\u00f3n de Cirujanos de Cabeza y Cuello publicada este lunes en &#8216;Otolaryngolgy-Head and Neck Surgery&#8217; identifica oportunidades de mejora de calidad y recomendaciones pr\u00e1cticas expl\u00edcitas para el manejo de la otitis media con efusi\u00f3n (OME), a menudo llamada l\u00edquido en el [&hellip;]<\/p>\n","protected":false},"author":1,"featured_media":853205,"comment_status":"closed","ping_status":"closed","sticky":false,"template":"","format":"standard","meta":{"footnotes":""},"categories":[28],"tags":[],"class_list":["post-853204","post","type-post","status-publish","format-standard","has-post-thumbnail","hentry","category-sociedad"],"aioseo_notices":[],"aioseo_head":"\n\t\t<!-- All in One SEO Pro 4.9.6.2 - aioseo.com -->\n\t<meta name=\"description\" content=\"Una gu\u00eda de pr\u00e1ctica cl\u00ednica actualizada de la Academia Americana de Otorrinolaringolog\u00eda y la Fundaci\u00f3n de Cirujanos de Cabeza y Cuello publicada este lunes en &#039;Otolaryngolgy-Head and Neck Surgery&#039; identifica oportunidades de mejora de calidad y recomendaciones pr\u00e1cticas expl\u00edcitas para el manejo de la otitis media con efusi\u00f3n (OME), a menudo llamada l\u00edquido en el\" \/>\n\t<meta name=\"robots\" content=\"max-image-preview:large\" \/>\n\t<meta name=\"author\" content=\"El Digital de Asturias\"\/>\n\t<meta name=\"google-site-verification\" content=\"UA-38556648-1\" \/>\n\t<meta name=\"msvalidate.01\" content=\"7dfe9f3f1b24437ab69f4f2559babe99\" \/>\n\t<meta name=\"keywords\" content=\"sociedad\" \/>\n\t<link rel=\"canonical\" href=\"https:\/\/www.eldigitaldeasturias.com\/noticias\/otorrinos-y-cirujanos-actualizan-la-guia-de-practica-clinica-de-la-otitis-media-con-derrame\/\" \/>\n\t<meta name=\"generator\" content=\"All in One SEO Pro (AIOSEO) 4.9.6.2\" \/>\n\t\t<meta property=\"og:locale\" content=\"es_ES\" \/>\n\t\t<meta property=\"og:site_name\" content=\"El Digital de Asturias\" \/>\n\t\t<meta property=\"og:type\" content=\"article\" \/>\n\t\t<meta property=\"og:title\" content=\"Otorrinos y cirujanos actualizan la gu\u00eda de pr\u00e1ctica cl\u00ednica de la otitis media con derrame - El Digital de Asturias\" \/>\n\t\t<meta property=\"og:description\" content=\"Una gu\u00eda de pr\u00e1ctica cl\u00ednica actualizada de la Academia Americana de Otorrinolaringolog\u00eda y la Fundaci\u00f3n de Cirujanos de Cabeza y Cuello publicada este lunes en &#039;Otolaryngolgy-Head and Neck Surgery&#039; identifica oportunidades de mejora de calidad y recomendaciones pr\u00e1cticas expl\u00edcitas para el manejo de la otitis media con efusi\u00f3n (OME), a menudo llamada l\u00edquido en el\" \/>\n\t\t<meta property=\"og:url\" content=\"https:\/\/www.eldigitaldeasturias.com\/noticias\/otorrinos-y-cirujanos-actualizan-la-guia-de-practica-clinica-de-la-otitis-media-con-derrame\/\" \/>\n\t\t<meta property=\"og:image\" content=\"https:\/\/www.eldigitaldeasturias.com\/noticias\/wp-content\/uploads\/2016\/02\/fotonoticia_20160202081334_800.jpg\" \/>\n\t\t<meta property=\"og:image:secure_url\" content=\"https:\/\/www.eldigitaldeasturias.com\/noticias\/wp-content\/uploads\/2016\/02\/fotonoticia_20160202081334_800.jpg\" \/>\n\t\t<meta property=\"og:image:width\" content=\"800\" \/>\n\t\t<meta property=\"og:image:height\" content=\"1200\" \/>\n\t\t<meta property=\"article:tag\" content=\"sociedad\" \/>\n\t\t<meta property=\"article:published_time\" content=\"2016-02-02T21:12:51+00:00\" \/>\n\t\t<meta property=\"article:modified_time\" content=\"2016-02-02T21:12:51+00:00\" \/>\n\t\t<meta property=\"article:publisher\" content=\"https:\/\/facebook.com\/eldigitaldeasturias\" \/>\n\t\t<meta name=\"twitter:card\" content=\"summary_large_image\" \/>\n\t\t<meta name=\"twitter:title\" content=\"Otorrinos y cirujanos actualizan la gu\u00eda de pr\u00e1ctica cl\u00ednica de la otitis media con derrame - El Digital de Asturias\" \/>\n\t\t<meta name=\"twitter:description\" content=\"Una gu\u00eda de pr\u00e1ctica cl\u00ednica actualizada de la Academia Americana de Otorrinolaringolog\u00eda y la Fundaci\u00f3n de Cirujanos de Cabeza y Cuello publicada este lunes en &#039;Otolaryngolgy-Head and Neck Surgery&#039; identifica oportunidades de mejora de calidad y recomendaciones pr\u00e1cticas expl\u00edcitas para el manejo de la otitis media con efusi\u00f3n (OME), a menudo llamada l\u00edquido en el\" \/>\n\t\t<meta name=\"twitter:image\" content=\"https:\/\/www.eldigitaldeasturias.com\/noticias\/wp-content\/uploads\/2016\/02\/fotonoticia_20160202081334_800.jpg\" \/>\n\t\t<meta name=\"twitter:label1\" content=\"Escrito por\" \/>\n\t\t<meta name=\"twitter:data1\" content=\"El Digital de Asturias\" \/>\n\t\t<meta name=\"twitter:label2\" content=\"Tiempo de lectura estimado\" \/>\n\t\t<meta name=\"twitter:data2\" content=\"7 minutos\" \/>\n\t\t<script type=\"application\/ld+json\" class=\"aioseo-schema\">\n\t\t\t{\"@context\":\"https:\\\/\\\/schema.org\",\"@graph\":[{\"@type\":\"BlogPosting\",\"@id\":\"https:\\\/\\\/www.eldigitaldeasturias.com\\\/noticias\\\/otorrinos-y-cirujanos-actualizan-la-guia-de-practica-clinica-de-la-otitis-media-con-derrame\\\/#blogposting\",\"name\":\"Otorrinos y cirujanos actualizan la gu\\u00eda de pr\\u00e1ctica cl\\u00ednica de la otitis media con derrame - El Digital de Asturias\",\"headline\":\"Otorrinos y cirujanos actualizan la gu\\u00eda de pr\\u00e1ctica cl\\u00ednica de la otitis media con derrame\",\"author\":{\"@id\":\"https:\\\/\\\/www.eldigitaldeasturias.com\\\/noticias\\\/author\\\/admin\\\/#author\"},\"publisher\":{\"@id\":\"https:\\\/\\\/www.eldigitaldeasturias.com\\\/noticias\\\/#organization\"},\"image\":{\"@type\":\"ImageObject\",\"url\":\"https:\\\/\\\/www.eldigitaldeasturias.com\\\/noticias\\\/wp-content\\\/uploads\\\/2016\\\/02\\\/fotonoticia_20160202081334_800.jpg\",\"width\":800,\"height\":1200},\"datePublished\":\"2016-02-02T21:12:51+01:00\",\"dateModified\":\"2016-02-02T21:12:51+01:00\",\"inLanguage\":\"es-ES\",\"mainEntityOfPage\":{\"@id\":\"https:\\\/\\\/www.eldigitaldeasturias.com\\\/noticias\\\/otorrinos-y-cirujanos-actualizan-la-guia-de-practica-clinica-de-la-otitis-media-con-derrame\\\/#webpage\"},\"isPartOf\":{\"@id\":\"https:\\\/\\\/www.eldigitaldeasturias.com\\\/noticias\\\/otorrinos-y-cirujanos-actualizan-la-guia-de-practica-clinica-de-la-otitis-media-con-derrame\\\/#webpage\"},\"articleSection\":\"Sociedad\"},{\"@type\":\"BreadcrumbList\",\"@id\":\"https:\\\/\\\/www.eldigitaldeasturias.com\\\/noticias\\\/otorrinos-y-cirujanos-actualizan-la-guia-de-practica-clinica-de-la-otitis-media-con-derrame\\\/#breadcrumblist\",\"itemListElement\":[{\"@type\":\"ListItem\",\"@id\":\"https:\\\/\\\/www.eldigitaldeasturias.com\\\/noticias#listItem\",\"position\":1,\"name\":\"Home\",\"item\":\"https:\\\/\\\/www.eldigitaldeasturias.com\\\/noticias\",\"nextItem\":{\"@type\":\"ListItem\",\"@id\":\"https:\\\/\\\/www.eldigitaldeasturias.com\\\/noticias\\\/category\\\/sociedad\\\/#listItem\",\"name\":\"Sociedad\"}},{\"@type\":\"ListItem\",\"@id\":\"https:\\\/\\\/www.eldigitaldeasturias.com\\\/noticias\\\/category\\\/sociedad\\\/#listItem\",\"position\":2,\"name\":\"Sociedad\",\"item\":\"https:\\\/\\\/www.eldigitaldeasturias.com\\\/noticias\\\/category\\\/sociedad\\\/\",\"nextItem\":{\"@type\":\"ListItem\",\"@id\":\"https:\\\/\\\/www.eldigitaldeasturias.com\\\/noticias\\\/otorrinos-y-cirujanos-actualizan-la-guia-de-practica-clinica-de-la-otitis-media-con-derrame\\\/#listItem\",\"name\":\"Otorrinos y cirujanos actualizan la gu\\u00eda de pr\\u00e1ctica cl\\u00ednica de la otitis media con derrame\"},\"previousItem\":{\"@type\":\"ListItem\",\"@id\":\"https:\\\/\\\/www.eldigitaldeasturias.com\\\/noticias#listItem\",\"name\":\"Home\"}},{\"@type\":\"ListItem\",\"@id\":\"https:\\\/\\\/www.eldigitaldeasturias.com\\\/noticias\\\/otorrinos-y-cirujanos-actualizan-la-guia-de-practica-clinica-de-la-otitis-media-con-derrame\\\/#listItem\",\"position\":3,\"name\":\"Otorrinos y cirujanos actualizan la gu\\u00eda de pr\\u00e1ctica cl\\u00ednica de la otitis media con derrame\",\"previousItem\":{\"@type\":\"ListItem\",\"@id\":\"https:\\\/\\\/www.eldigitaldeasturias.com\\\/noticias\\\/category\\\/sociedad\\\/#listItem\",\"name\":\"Sociedad\"}}]},{\"@type\":\"Organization\",\"@id\":\"https:\\\/\\\/www.eldigitaldeasturias.com\\\/noticias\\\/#organization\",\"name\":\"El Digital de Asturias\",\"description\":\"Hemeroteca\",\"url\":\"https:\\\/\\\/www.eldigitaldeasturias.com\\\/noticias\\\/\",\"email\":\"info@eldigitaldeasturias.com\",\"telephone\":\"+34652131393\",\"logo\":{\"@type\":\"ImageObject\",\"url\":\"https:\\\/\\\/www.eldigitaldeasturias.com\\\/noticias\\\/wp-content\\\/uploads\\\/2020\\\/12\\\/EDA.jpg\",\"@id\":\"https:\\\/\\\/www.eldigitaldeasturias.com\\\/noticias\\\/otorrinos-y-cirujanos-actualizan-la-guia-de-practica-clinica-de-la-otitis-media-con-derrame\\\/#organizationLogo\",\"width\":649,\"height\":297},\"image\":{\"@id\":\"https:\\\/\\\/www.eldigitaldeasturias.com\\\/noticias\\\/otorrinos-y-cirujanos-actualizan-la-guia-de-practica-clinica-de-la-otitis-media-con-derrame\\\/#organizationLogo\"},\"sameAs\":[\"https:\\\/\\\/facebook.com\\\/eldigitaldeasturias\",\"https:\\\/\\\/www.youtube.com\\\/channel\\\/UCZP-2wLEB9Rv6erhFmqVnvg\"],\"address\":{\"@id\":\"https:\\\/\\\/www.eldigitaldeasturias.com\\\/noticias\\\/#postaladdress\",\"@type\":\"PostalAddress\",\"streetAddress\":\"san antonio 4,\",\"postalCode\":\"33430\",\"addressLocality\":\"Cand\\u00e1s\",\"addressRegion\":\"Asturias\",\"addressCountry\":\"ES\"}},{\"@type\":\"Person\",\"@id\":\"https:\\\/\\\/www.eldigitaldeasturias.com\\\/noticias\\\/author\\\/admin\\\/#author\",\"url\":\"https:\\\/\\\/www.eldigitaldeasturias.com\\\/noticias\\\/author\\\/admin\\\/\",\"name\":\"El Digital de Asturias\",\"image\":{\"@type\":\"ImageObject\",\"@id\":\"https:\\\/\\\/www.eldigitaldeasturias.com\\\/noticias\\\/otorrinos-y-cirujanos-actualizan-la-guia-de-practica-clinica-de-la-otitis-media-con-derrame\\\/#authorImage\",\"url\":\"https:\\\/\\\/www.eldigitaldeasturias.com\\\/noticias\\\/wp-content\\\/litespeed\\\/avatar\\\/18677e78aa0546b92d9dbf31ec7d7668.jpg?ver=1776685526\",\"width\":96,\"height\":96,\"caption\":\"El Digital de Asturias\"}},{\"@type\":\"WebPage\",\"@id\":\"https:\\\/\\\/www.eldigitaldeasturias.com\\\/noticias\\\/otorrinos-y-cirujanos-actualizan-la-guia-de-practica-clinica-de-la-otitis-media-con-derrame\\\/#webpage\",\"url\":\"https:\\\/\\\/www.eldigitaldeasturias.com\\\/noticias\\\/otorrinos-y-cirujanos-actualizan-la-guia-de-practica-clinica-de-la-otitis-media-con-derrame\\\/\",\"name\":\"Otorrinos y cirujanos actualizan la gu\\u00eda de pr\\u00e1ctica cl\\u00ednica de la otitis media con derrame - El Digital de Asturias\",\"description\":\"Una gu\\u00eda de pr\\u00e1ctica cl\\u00ednica actualizada de la Academia Americana de Otorrinolaringolog\\u00eda y la Fundaci\\u00f3n de Cirujanos de Cabeza y Cuello publicada este lunes en 'Otolaryngolgy-Head and Neck Surgery' identifica oportunidades de mejora de calidad y recomendaciones pr\\u00e1cticas expl\\u00edcitas para el manejo de la otitis media con efusi\\u00f3n (OME), a menudo llamada l\\u00edquido en el\",\"inLanguage\":\"es-ES\",\"isPartOf\":{\"@id\":\"https:\\\/\\\/www.eldigitaldeasturias.com\\\/noticias\\\/#website\"},\"breadcrumb\":{\"@id\":\"https:\\\/\\\/www.eldigitaldeasturias.com\\\/noticias\\\/otorrinos-y-cirujanos-actualizan-la-guia-de-practica-clinica-de-la-otitis-media-con-derrame\\\/#breadcrumblist\"},\"author\":{\"@id\":\"https:\\\/\\\/www.eldigitaldeasturias.com\\\/noticias\\\/author\\\/admin\\\/#author\"},\"creator\":{\"@id\":\"https:\\\/\\\/www.eldigitaldeasturias.com\\\/noticias\\\/author\\\/admin\\\/#author\"},\"image\":{\"@type\":\"ImageObject\",\"url\":\"https:\\\/\\\/www.eldigitaldeasturias.com\\\/noticias\\\/wp-content\\\/uploads\\\/2016\\\/02\\\/fotonoticia_20160202081334_800.jpg\",\"@id\":\"https:\\\/\\\/www.eldigitaldeasturias.com\\\/noticias\\\/otorrinos-y-cirujanos-actualizan-la-guia-de-practica-clinica-de-la-otitis-media-con-derrame\\\/#mainImage\",\"width\":800,\"height\":1200},\"primaryImageOfPage\":{\"@id\":\"https:\\\/\\\/www.eldigitaldeasturias.com\\\/noticias\\\/otorrinos-y-cirujanos-actualizan-la-guia-de-practica-clinica-de-la-otitis-media-con-derrame\\\/#mainImage\"},\"datePublished\":\"2016-02-02T21:12:51+01:00\",\"dateModified\":\"2016-02-02T21:12:51+01:00\"},{\"@type\":\"WebSite\",\"@id\":\"https:\\\/\\\/www.eldigitaldeasturias.com\\\/noticias\\\/#website\",\"url\":\"https:\\\/\\\/www.eldigitaldeasturias.com\\\/noticias\\\/\",\"name\":\"El Digital de Asturias - Diario de actualidad y noticias\",\"alternateName\":\"El Digital de Asturias - Diario de actualidad y noticias\",\"description\":\"Hemeroteca\",\"inLanguage\":\"es-ES\",\"publisher\":{\"@id\":\"https:\\\/\\\/www.eldigitaldeasturias.com\\\/noticias\\\/#organization\"}}]}\n\t\t<\/script>\n\t\t<!-- All in One SEO Pro -->\r\n\t\t<title>Otorrinos y cirujanos actualizan la gu\u00eda de pr\u00e1ctica cl\u00ednica de la otitis media con derrame - El Digital de Asturias<\/title>\n\n","aioseo_head_json":{"title":"Otorrinos y cirujanos actualizan la gu\u00eda de pr\u00e1ctica cl\u00ednica de la otitis media con derrame - El Digital de Asturias","description":"Una gu\u00eda de pr\u00e1ctica cl\u00ednica actualizada de la Academia Americana de Otorrinolaringolog\u00eda y la Fundaci\u00f3n de Cirujanos de Cabeza y Cuello publicada este lunes en 'Otolaryngolgy-Head and Neck Surgery' identifica oportunidades de mejora de calidad y recomendaciones pr\u00e1cticas expl\u00edcitas para el manejo de la otitis media con efusi\u00f3n (OME), a menudo llamada l\u00edquido en el","canonical_url":"https:\/\/www.eldigitaldeasturias.com\/noticias\/otorrinos-y-cirujanos-actualizan-la-guia-de-practica-clinica-de-la-otitis-media-con-derrame\/","robots":"max-image-preview:large","keywords":"sociedad","webmasterTools":{"google-site-verification":"UA-38556648-1","msvalidate.01":"7dfe9f3f1b24437ab69f4f2559babe99","miscellaneous":""},"schema":{"@context":"https:\/\/schema.org","@graph":[{"@type":"BlogPosting","@id":"https:\/\/www.eldigitaldeasturias.com\/noticias\/otorrinos-y-cirujanos-actualizan-la-guia-de-practica-clinica-de-la-otitis-media-con-derrame\/#blogposting","name":"Otorrinos y cirujanos actualizan la gu\u00eda de pr\u00e1ctica cl\u00ednica de la otitis media con derrame - El Digital de Asturias","headline":"Otorrinos y cirujanos actualizan la gu\u00eda de pr\u00e1ctica cl\u00ednica de la otitis media con derrame","author":{"@id":"https:\/\/www.eldigitaldeasturias.com\/noticias\/author\/admin\/#author"},"publisher":{"@id":"https:\/\/www.eldigitaldeasturias.com\/noticias\/#organization"},"image":{"@type":"ImageObject","url":"https:\/\/www.eldigitaldeasturias.com\/noticias\/wp-content\/uploads\/2016\/02\/fotonoticia_20160202081334_800.jpg","width":800,"height":1200},"datePublished":"2016-02-02T21:12:51+01:00","dateModified":"2016-02-02T21:12:51+01:00","inLanguage":"es-ES","mainEntityOfPage":{"@id":"https:\/\/www.eldigitaldeasturias.com\/noticias\/otorrinos-y-cirujanos-actualizan-la-guia-de-practica-clinica-de-la-otitis-media-con-derrame\/#webpage"},"isPartOf":{"@id":"https:\/\/www.eldigitaldeasturias.com\/noticias\/otorrinos-y-cirujanos-actualizan-la-guia-de-practica-clinica-de-la-otitis-media-con-derrame\/#webpage"},"articleSection":"Sociedad"},{"@type":"BreadcrumbList","@id":"https:\/\/www.eldigitaldeasturias.com\/noticias\/otorrinos-y-cirujanos-actualizan-la-guia-de-practica-clinica-de-la-otitis-media-con-derrame\/#breadcrumblist","itemListElement":[{"@type":"ListItem","@id":"https:\/\/www.eldigitaldeasturias.com\/noticias#listItem","position":1,"name":"Home","item":"https:\/\/www.eldigitaldeasturias.com\/noticias","nextItem":{"@type":"ListItem","@id":"https:\/\/www.eldigitaldeasturias.com\/noticias\/category\/sociedad\/#listItem","name":"Sociedad"}},{"@type":"ListItem","@id":"https:\/\/www.eldigitaldeasturias.com\/noticias\/category\/sociedad\/#listItem","position":2,"name":"Sociedad","item":"https:\/\/www.eldigitaldeasturias.com\/noticias\/category\/sociedad\/","nextItem":{"@type":"ListItem","@id":"https:\/\/www.eldigitaldeasturias.com\/noticias\/otorrinos-y-cirujanos-actualizan-la-guia-de-practica-clinica-de-la-otitis-media-con-derrame\/#listItem","name":"Otorrinos y cirujanos actualizan la gu\u00eda de pr\u00e1ctica cl\u00ednica de la otitis media con derrame"},"previousItem":{"@type":"ListItem","@id":"https:\/\/www.eldigitaldeasturias.com\/noticias#listItem","name":"Home"}},{"@type":"ListItem","@id":"https:\/\/www.eldigitaldeasturias.com\/noticias\/otorrinos-y-cirujanos-actualizan-la-guia-de-practica-clinica-de-la-otitis-media-con-derrame\/#listItem","position":3,"name":"Otorrinos y cirujanos actualizan la gu\u00eda de pr\u00e1ctica cl\u00ednica de la otitis media con derrame","previousItem":{"@type":"ListItem","@id":"https:\/\/www.eldigitaldeasturias.com\/noticias\/category\/sociedad\/#listItem","name":"Sociedad"}}]},{"@type":"Organization","@id":"https:\/\/www.eldigitaldeasturias.com\/noticias\/#organization","name":"El Digital de Asturias","description":"Hemeroteca","url":"https:\/\/www.eldigitaldeasturias.com\/noticias\/","email":"info@eldigitaldeasturias.com","telephone":"+34652131393","logo":{"@type":"ImageObject","url":"https:\/\/www.eldigitaldeasturias.com\/noticias\/wp-content\/uploads\/2020\/12\/EDA.jpg","@id":"https:\/\/www.eldigitaldeasturias.com\/noticias\/otorrinos-y-cirujanos-actualizan-la-guia-de-practica-clinica-de-la-otitis-media-con-derrame\/#organizationLogo","width":649,"height":297},"image":{"@id":"https:\/\/www.eldigitaldeasturias.com\/noticias\/otorrinos-y-cirujanos-actualizan-la-guia-de-practica-clinica-de-la-otitis-media-con-derrame\/#organizationLogo"},"sameAs":["https:\/\/facebook.com\/eldigitaldeasturias","https:\/\/www.youtube.com\/channel\/UCZP-2wLEB9Rv6erhFmqVnvg"],"address":{"@id":"https:\/\/www.eldigitaldeasturias.com\/noticias\/#postaladdress","@type":"PostalAddress","streetAddress":"san antonio 4,","postalCode":"33430","addressLocality":"Cand\u00e1s","addressRegion":"Asturias","addressCountry":"ES"}},{"@type":"Person","@id":"https:\/\/www.eldigitaldeasturias.com\/noticias\/author\/admin\/#author","url":"https:\/\/www.eldigitaldeasturias.com\/noticias\/author\/admin\/","name":"El Digital de Asturias","image":{"@type":"ImageObject","@id":"https:\/\/www.eldigitaldeasturias.com\/noticias\/otorrinos-y-cirujanos-actualizan-la-guia-de-practica-clinica-de-la-otitis-media-con-derrame\/#authorImage","url":"https:\/\/www.eldigitaldeasturias.com\/noticias\/wp-content\/litespeed\/avatar\/18677e78aa0546b92d9dbf31ec7d7668.jpg?ver=1776685526","width":96,"height":96,"caption":"El Digital de Asturias"}},{"@type":"WebPage","@id":"https:\/\/www.eldigitaldeasturias.com\/noticias\/otorrinos-y-cirujanos-actualizan-la-guia-de-practica-clinica-de-la-otitis-media-con-derrame\/#webpage","url":"https:\/\/www.eldigitaldeasturias.com\/noticias\/otorrinos-y-cirujanos-actualizan-la-guia-de-practica-clinica-de-la-otitis-media-con-derrame\/","name":"Otorrinos y cirujanos actualizan la gu\u00eda de pr\u00e1ctica cl\u00ednica de la otitis media con derrame - El Digital de Asturias","description":"Una gu\u00eda de pr\u00e1ctica cl\u00ednica actualizada de la Academia Americana de Otorrinolaringolog\u00eda y la Fundaci\u00f3n de Cirujanos de Cabeza y Cuello publicada este lunes en 'Otolaryngolgy-Head and Neck Surgery' identifica oportunidades de mejora de calidad y recomendaciones pr\u00e1cticas expl\u00edcitas para el manejo de la otitis media con efusi\u00f3n (OME), a menudo llamada l\u00edquido en el","inLanguage":"es-ES","isPartOf":{"@id":"https:\/\/www.eldigitaldeasturias.com\/noticias\/#website"},"breadcrumb":{"@id":"https:\/\/www.eldigitaldeasturias.com\/noticias\/otorrinos-y-cirujanos-actualizan-la-guia-de-practica-clinica-de-la-otitis-media-con-derrame\/#breadcrumblist"},"author":{"@id":"https:\/\/www.eldigitaldeasturias.com\/noticias\/author\/admin\/#author"},"creator":{"@id":"https:\/\/www.eldigitaldeasturias.com\/noticias\/author\/admin\/#author"},"image":{"@type":"ImageObject","url":"https:\/\/www.eldigitaldeasturias.com\/noticias\/wp-content\/uploads\/2016\/02\/fotonoticia_20160202081334_800.jpg","@id":"https:\/\/www.eldigitaldeasturias.com\/noticias\/otorrinos-y-cirujanos-actualizan-la-guia-de-practica-clinica-de-la-otitis-media-con-derrame\/#mainImage","width":800,"height":1200},"primaryImageOfPage":{"@id":"https:\/\/www.eldigitaldeasturias.com\/noticias\/otorrinos-y-cirujanos-actualizan-la-guia-de-practica-clinica-de-la-otitis-media-con-derrame\/#mainImage"},"datePublished":"2016-02-02T21:12:51+01:00","dateModified":"2016-02-02T21:12:51+01:00"},{"@type":"WebSite","@id":"https:\/\/www.eldigitaldeasturias.com\/noticias\/#website","url":"https:\/\/www.eldigitaldeasturias.com\/noticias\/","name":"El Digital de Asturias - Diario de actualidad y noticias","alternateName":"El Digital de Asturias - Diario de actualidad y noticias","description":"Hemeroteca","inLanguage":"es-ES","publisher":{"@id":"https:\/\/www.eldigitaldeasturias.com\/noticias\/#organization"}}]},"og:locale":"es_ES","og:site_name":"El Digital de Asturias","og:type":"article","og:title":"Otorrinos y cirujanos actualizan la gu\u00eda de pr\u00e1ctica cl\u00ednica de la otitis media con derrame - El Digital de Asturias","og:description":"Una gu\u00eda de pr\u00e1ctica cl\u00ednica actualizada de la Academia Americana de Otorrinolaringolog\u00eda y la Fundaci\u00f3n de Cirujanos de Cabeza y Cuello publicada este lunes en 'Otolaryngolgy-Head and Neck Surgery' identifica oportunidades de mejora de calidad y recomendaciones pr\u00e1cticas expl\u00edcitas para el manejo de la otitis media con efusi\u00f3n (OME), a menudo llamada l\u00edquido en el","og:url":"https:\/\/www.eldigitaldeasturias.com\/noticias\/otorrinos-y-cirujanos-actualizan-la-guia-de-practica-clinica-de-la-otitis-media-con-derrame\/","og:image":"https:\/\/www.eldigitaldeasturias.com\/noticias\/wp-content\/uploads\/2016\/02\/fotonoticia_20160202081334_800.jpg","og:image:secure_url":"https:\/\/www.eldigitaldeasturias.com\/noticias\/wp-content\/uploads\/2016\/02\/fotonoticia_20160202081334_800.jpg","og:image:width":800,"og:image:height":1200,"article:tag":["sociedad"],"article:published_time":"2016-02-02T21:12:51+00:00","article:modified_time":"2016-02-02T21:12:51+00:00","article:publisher":"https:\/\/facebook.com\/eldigitaldeasturias","twitter:card":"summary_large_image","twitter:title":"Otorrinos y cirujanos actualizan la gu\u00eda de pr\u00e1ctica cl\u00ednica de la otitis media con derrame - El Digital de Asturias","twitter:description":"Una gu\u00eda de pr\u00e1ctica cl\u00ednica actualizada de la Academia Americana de Otorrinolaringolog\u00eda y la Fundaci\u00f3n de Cirujanos de Cabeza y Cuello publicada este lunes en 'Otolaryngolgy-Head and Neck Surgery' identifica oportunidades de mejora de calidad y recomendaciones pr\u00e1cticas expl\u00edcitas para el manejo de la otitis media con efusi\u00f3n (OME), a menudo llamada l\u00edquido en el","twitter:image":"https:\/\/www.eldigitaldeasturias.com\/noticias\/wp-content\/uploads\/2016\/02\/fotonoticia_20160202081334_800.jpg","twitter:label1":"Escrito por","twitter:data1":"El Digital de Asturias","twitter:label2":"Tiempo de lectura estimado","twitter:data2":"7 minutos"},"aioseo_meta_data":{"post_id":"853204","title":null,"description":null,"keywords":null,"keyphrases":null,"primary_term":null,"canonical_url":null,"og_title":null,"og_description":null,"og_object_type":"default","og_image_type":"default","og_image_url":null,"og_image_width":null,"og_image_height":null,"og_image_custom_url":null,"og_image_custom_fields":null,"og_video":null,"og_custom_url":null,"og_article_section":null,"og_article_tags":null,"twitter_use_og":false,"twitter_card":"default","twitter_image_type":"default","twitter_image_url":null,"twitter_image_custom_url":null,"twitter_image_custom_fields":null,"twitter_title":null,"twitter_description":null,"schema":{"blockGraphs":[],"customGraphs":[],"default":{"data":{"Article":[],"Course":[],"Dataset":[],"FAQPage":[],"Movie":[],"Person":[],"Product":[],"ProductReview":[],"Car":[],"Recipe":[],"Service":[],"SoftwareApplication":[],"WebPage":[]},"graphName":"","isEnabled":true},"graphs":[],"defaultGraph":"","defaultPostTypeGraph":""},"schema_type":null,"schema_type_options":null,"pillar_content":false,"robots_default":true,"robots_noindex":false,"robots_noarchive":false,"robots_nosnippet":false,"robots_nofollow":false,"robots_noimageindex":false,"robots_noodp":false,"robots_notranslate":false,"robots_max_snippet":null,"robots_max_videopreview":null,"robots_max_imagepreview":"large","priority":null,"frequency":null,"local_seo":null,"seo_analyzer_scan_date":"2025-12-09 17:17:12","breadcrumb_settings":null,"limit_modified_date":false,"open_ai":null,"ai":null,"created":"2021-01-22 00:32:48","updated":"2025-12-09 17:17:12"},"aioseo_breadcrumb":"<div class=\"aioseo-breadcrumbs\"><span class=\"aioseo-breadcrumb\">\n\t<a href=\"https:\/\/www.eldigitaldeasturias.com\/noticias\" title=\"Home\">Home<\/a>\n<\/span><span class=\"aioseo-breadcrumb-separator\">\u2013<\/span><span class=\"aioseo-breadcrumb\">\n\t<a href=\"https:\/\/www.eldigitaldeasturias.com\/noticias\/category\/sociedad\/\" title=\"Sociedad\">Sociedad<\/a>\n<\/span><span class=\"aioseo-breadcrumb-separator\">\u2013<\/span><span class=\"aioseo-breadcrumb\">\n\t<a href=\"https:\/\/www.eldigitaldeasturias.com\/noticias\/otorrinos-y-cirujanos-actualizan-la-guia-de-practica-clinica-de-la-otitis-media-con-derrame\/\" title=\"Otorrinos y cirujanos actualizan la gu\u00eda de pr\u00e1ctica cl\u00ednica de la otitis media con derrame\">Otorrinos y cirujanos actualizan la gu\u00eda de pr\u00e1ctica cl\u00ednica de la otitis media con derrame<\/a>\n<\/span><\/div>","aioseo_breadcrumb_json":[{"label":"Home","link":"https:\/\/www.eldigitaldeasturias.com\/noticias"},{"label":"Sociedad","link":"https:\/\/www.eldigitaldeasturias.com\/noticias\/category\/sociedad\/"},{"label":"Otorrinos y cirujanos actualizan la gu\u00eda de pr\u00e1ctica cl\u00ednica de la otitis media con derrame","link":"https:\/\/www.eldigitaldeasturias.com\/noticias\/otorrinos-y-cirujanos-actualizan-la-guia-de-practica-clinica-de-la-otitis-media-con-derrame\/"}],"_links":{"self":[{"href":"https:\/\/www.eldigitaldeasturias.com\/noticias\/wp-json\/wp\/v2\/posts\/853204","targetHints":{"allow":["GET"]}}],"collection":[{"href":"https:\/\/www.eldigitaldeasturias.com\/noticias\/wp-json\/wp\/v2\/posts"}],"about":[{"href":"https:\/\/www.eldigitaldeasturias.com\/noticias\/wp-json\/wp\/v2\/types\/post"}],"author":[{"embeddable":true,"href":"https:\/\/www.eldigitaldeasturias.com\/noticias\/wp-json\/wp\/v2\/users\/1"}],"replies":[{"embeddable":true,"href":"https:\/\/www.eldigitaldeasturias.com\/noticias\/wp-json\/wp\/v2\/comments?post=853204"}],"version-history":[{"count":0,"href":"https:\/\/www.eldigitaldeasturias.com\/noticias\/wp-json\/wp\/v2\/posts\/853204\/revisions"}],"wp:featuredmedia":[{"embeddable":true,"href":"https:\/\/www.eldigitaldeasturias.com\/noticias\/wp-json\/wp\/v2\/media\/853205"}],"wp:attachment":[{"href":"https:\/\/www.eldigitaldeasturias.com\/noticias\/wp-json\/wp\/v2\/media?parent=853204"}],"wp:term":[{"taxonomy":"category","embeddable":true,"href":"https:\/\/www.eldigitaldeasturias.com\/noticias\/wp-json\/wp\/v2\/categories?post=853204"},{"taxonomy":"post_tag","embeddable":true,"href":"https:\/\/www.eldigitaldeasturias.com\/noticias\/wp-json\/wp\/v2\/tags?post=853204"}],"curies":[{"name":"wp","href":"https:\/\/api.w.org\/{rel}","templated":true}]}}