{"id":853201,"date":"2016-02-02T21:11:29","date_gmt":"2016-02-02T21:11:29","guid":{"rendered":"http:\/\/www.eldigitaldeasturias.com\/noticias\/?p=853201"},"modified":"2016-02-02T21:11:29","modified_gmt":"2016-02-02T21:11:29","slug":"la-terapia-de-protones-controla-un-tumor-cerebral-pediatrico-comun-con-menos-efectos-secundarios-a-largo-plazo","status":"publish","type":"post","link":"https:\/\/www.eldigitaldeasturias.com\/noticias\/la-terapia-de-protones-controla-un-tumor-cerebral-pediatrico-comun-con-menos-efectos-secundarios-a-largo-plazo\/","title":{"rendered":"La terapia de protones controla un tumor cerebral pedi\u00e1trico com\u00fan con menos efectos secundarios a largo plazo"},"content":{"rendered":"<p><img loading=\"lazy\" decoding=\"async\" class=\"alignleft size-medium wp-image-853202\" src=\"https:\/\/www.eldigitaldeasturias.com\/noticias\/wp-content\/uploads\/2016\/02\/fotonoticia_20160202071833_800-244x320.jpg\" alt=\"fotonoticia_20160202071833_800\" width=\"244\" height=\"320\" srcset=\"https:\/\/www.eldigitaldeasturias.com\/noticias\/wp-content\/uploads\/2016\/02\/fotonoticia_20160202071833_800-244x320.jpg 244w, https:\/\/www.eldigitaldeasturias.com\/noticias\/wp-content\/uploads\/2016\/02\/fotonoticia_20160202071833_800-768x1006.jpg 768w, https:\/\/www.eldigitaldeasturias.com\/noticias\/wp-content\/uploads\/2016\/02\/fotonoticia_20160202071833_800-496x650.jpg 496w, https:\/\/www.eldigitaldeasturias.com\/noticias\/wp-content\/uploads\/2016\/02\/fotonoticia_20160202071833_800.jpg 800w\" sizes=\"auto, (max-width: 244px) 100vw, 244px\" \/>El uso de radioterapia de protones para tratar el tumor cerebral maligno m\u00e1s com\u00fan en los ni\u00f1os es tan eficaz como la radioterapia con fot\u00f3n est\u00e1ndar (de rayos X) aunque causa menos efectos secundarios a largo plazo, como p\u00e9rdida de audici\u00f3n y trastornos cognitivos, seg\u00fan un estudio que se publica en la edici\u00f3n digital de &#8216;Lancet Oncology&#8217;.<\/p>\n<p>En el art\u00edculo de un equipo liderado por el Hospital General de Massachusetts (MGH, por sus siglas en ingl\u00e9s), Estados Unidos, los investigadores describen los resultados de los pacientes unos siete a\u00f1os despu\u00e9s de la terapia de protones para el meduloblastoma, un tumor de r\u00e1pido crecimiento que se desarrolla en el cerebelo, en la base del cerebro.<\/p>\n<p>\u00abLa radioterapia de protones todav\u00eda no est\u00e1 ampliamente disponible en Estados Unidos o en todo el mundo, pero es cada vez m\u00e1s reconocida por su potencial para reducir los efectos secundarios del tratamiento, sobre todo en la poblaci\u00f3n infantil\u00bb, dice Torunn Yock, delDepartamento de Oncolog\u00eda Radioter\u00e1pica de de MGH, autor del informe. \u00abEn los centros con experiencia, la terapia de protones tiene un historial probado de \u00e9xito y el tratamiento es seguro\u00bb, a\u00f1ade.<\/p>\n<p>En contraste con la radioterapia de fotones, en la que se administra una dosis de radiaci\u00f3n a lo largo del haz de rayos X a medida que pasa a trav\u00e9s del cuerpo de un paciente, en la terapia de protones la dosis se centra precisamente en el \u00e1rea objetivo con poca o ninguna dosis suministrada a los tejidos normales por delante o detr\u00e1s del tumor. Esta caracter\u00edstica ha hecho de la terapia de protones particularmente atractiva para tratar tumores en o cerca del cerebro o los ojos, \u00e1reas en las que la protecci\u00f3n de los tejidos sanos cercanos es particularmente cr\u00edtica.<\/p>\n<p>Aunque el meduloblastoma a menudo puede ser tratado con \u00e9xito con una combinaci\u00f3n de cirug\u00eda, quimioterapia y radioterapia, debido a su ubicaci\u00f3n en el cerebro, son comunes efectos secundarios a largo plazo, como p\u00e9rdida de audici\u00f3n, que puede ser particularmente problem\u00e1tica en los ni\u00f1os peque\u00f1os; problemas de aprendizaje y memoria, y trastornos neuroendocrinos causados por la irradiaci\u00f3n de la gl\u00e1ndula pituitaria y el hipot\u00e1lamo. Tambi\u00e9n son com\u00fanmente vistos problemas que afectan al coraz\u00f3n, los pulmones, la tiroides, la columna vertebral y los \u00f3rganos reproductivos, que tienden a ser m\u00e1s graves en los ni\u00f1os tratados en edades m\u00e1s j\u00f3venes.<\/p>\n<p>A pesar de que la terapia de protones puede parecer id\u00f3nea para reducir estos efectos adversos, ning\u00fan estudio anterior hab\u00eda analizado de forma prospectiva los resultados a largo plazo de ni\u00f1os tratados por meduloblastoma con la terapia de protones.<\/p>\n<p>Para investigar la hip\u00f3tesis de que la terapia de protones reducir\u00eda la incidencia y la gravedad de los efectos secundarios sin p\u00e9rdida de la eficacia del tratamiento, los investigadores reclutaron a ni\u00f1os y adolescentes de 3 a 21 a\u00f1os &#8211;con una edad promedio de alrededor de 6 a\u00f1os y medio&#8211; que recibieron la terapia de protones para el meduloblastoma en el MGH, de 2003 a 2009.<\/p>\n<p>Todos ten\u00edan una cirug\u00eda previa para extirpar tanto tumor como fuera posible y recibieron quimioterapia antes, durante o despu\u00e9s de la terapia de protones. Se analiz\u00f3 su audici\u00f3n, una variedad de funciones cognitivas, los niveles de hormonas y la altura y el peso al inicio del estudio y en varias visitas de seguimiento para un m\u00e1ximo de ocho a\u00f1os. De los 59 pacientes inscritos, 12 murieron a causa de su tumor durante el periodo de estudio y uno de una lesi\u00f3n cerebral traum\u00e1tica.<\/p>\n<p>Una p\u00e9rdida auditiva significativa se observ\u00f3 en el 12 por ciento de los pacientes tres a\u00f1os despu\u00e9s del tratamiento y en un 16 por ciento tras cinco a\u00f1os, lo que se compara con alrededor del 25 por ciento detectado en los estudios que utilizan la radioterapia de fotones. Los efectos cognitivos de la terapia de protones &#8211;que afectan principalmente a la comprensi\u00f3n y la velocidad de procesamiento verbal&#8211; tambi\u00e9n eran menos graves que lo que se ha visto con la radioterapia de fotones, y esos efectos se observaron principalmente en los ni\u00f1os que est\u00e1n por debajo de los 8 a\u00f1os de edad cuando se tratan.<\/p>\n<p>Los efectos neuroendocrinos de la terapia de protones &#8211;d\u00e9ficits en cualquier nivel hormonal observados en el 63 por ciento de los participantes siete a\u00f1os despu\u00e9s del tratamiento&#8211; fueron similares a lo que se ha informado con la terapia de fotones. Sin embargo, no se vieron efectos cardiacos, pulmonares, gastrointestinales, convulsiones o tumor secundario, todos ellos detectados en los estudios de terapia de fotones. Las tasas de supervivencia y la incidencia y el tipo de recidiva tumoral fueron similares a los de la radioterapia de fotones.<\/p>\n<p>\u00abNuestros resultados indican que la terapia de protones mantiene excelentes tasas de curaci\u00f3n en el meduloblastoma infantil al tiempo que reduce los efectos secundarios a largo plazo, sobre todo en el o\u00eddo y la funci\u00f3n neurocognitiva y eliminando los efectos cardiacos, pulmonares, gastrointestinales y reproductivos\u00bb, dice Yock, profesor asociado de Radiaci\u00f3n Oncol\u00f3gica en la Escuela de Medicina de Harvard.<\/p>\n<p>\u00abAunque estamos actualmente investigando las diferencias en la calidad de vida entre el tratamiento de protones y de fotones, realmente creo que &#8211;en particular para los ni\u00f1os m\u00e1s peque\u00f1os&#8211; la capacidad de ofrecer la terapia de protones puede marcar una gran diferencia en sus vidas\u00bb, concluye este experto.<\/p>\n","protected":false},"excerpt":{"rendered":"<p>El uso de radioterapia de protones para tratar el tumor cerebral maligno m\u00e1s com\u00fan en los ni\u00f1os es tan eficaz como la radioterapia con fot\u00f3n est\u00e1ndar (de rayos X) aunque causa menos efectos secundarios a largo plazo, como p\u00e9rdida de audici\u00f3n y trastornos cognitivos, seg\u00fan un estudio que se publica en la edici\u00f3n digital de [&hellip;]<\/p>\n","protected":false},"author":1,"featured_media":853202,"comment_status":"closed","ping_status":"closed","sticky":false,"template":"","format":"standard","meta":{"footnotes":""},"categories":[28],"tags":[],"class_list":["post-853201","post","type-post","status-publish","format-standard","has-post-thumbnail","hentry","category-sociedad"],"aioseo_notices":[],"aioseo_head":"\n\t\t<!-- All in One SEO Pro 4.9.6.2 - aioseo.com -->\n\t<meta name=\"description\" content=\"El uso de radioterapia de protones para tratar el tumor cerebral maligno m\u00e1s com\u00fan en los ni\u00f1os es tan eficaz como la radioterapia con fot\u00f3n est\u00e1ndar (de rayos X) aunque causa menos efectos secundarios a largo plazo, como p\u00e9rdida de audici\u00f3n y trastornos cognitivos, seg\u00fan un estudio que se publica en la edici\u00f3n digital de\" \/>\n\t<meta name=\"robots\" content=\"max-image-preview:large\" \/>\n\t<meta name=\"author\" content=\"El Digital de Asturias\"\/>\n\t<meta name=\"google-site-verification\" content=\"UA-38556648-1\" \/>\n\t<meta name=\"msvalidate.01\" content=\"7dfe9f3f1b24437ab69f4f2559babe99\" \/>\n\t<meta name=\"keywords\" content=\"sociedad\" \/>\n\t<link rel=\"canonical\" href=\"https:\/\/www.eldigitaldeasturias.com\/noticias\/la-terapia-de-protones-controla-un-tumor-cerebral-pediatrico-comun-con-menos-efectos-secundarios-a-largo-plazo\/\" \/>\n\t<meta name=\"generator\" content=\"All in One SEO Pro (AIOSEO) 4.9.6.2\" \/>\n\t\t<meta property=\"og:locale\" content=\"es_ES\" \/>\n\t\t<meta property=\"og:site_name\" content=\"El Digital de Asturias\" \/>\n\t\t<meta property=\"og:type\" content=\"article\" \/>\n\t\t<meta property=\"og:title\" content=\"La terapia de protones controla un tumor cerebral pedi\u00e1trico com\u00fan con menos efectos secundarios a largo plazo - El Digital de Asturias\" \/>\n\t\t<meta property=\"og:description\" content=\"El uso de radioterapia de protones para tratar el tumor cerebral maligno m\u00e1s com\u00fan en los ni\u00f1os es tan eficaz como la radioterapia con fot\u00f3n est\u00e1ndar (de rayos X) aunque causa menos efectos secundarios a largo plazo, como p\u00e9rdida de audici\u00f3n y trastornos cognitivos, seg\u00fan un estudio que se publica en la edici\u00f3n digital de\" \/>\n\t\t<meta property=\"og:url\" content=\"https:\/\/www.eldigitaldeasturias.com\/noticias\/la-terapia-de-protones-controla-un-tumor-cerebral-pediatrico-comun-con-menos-efectos-secundarios-a-largo-plazo\/\" \/>\n\t\t<meta property=\"og:image\" content=\"https:\/\/www.eldigitaldeasturias.com\/noticias\/wp-content\/uploads\/2016\/02\/fotonoticia_20160202071833_800.jpg\" \/>\n\t\t<meta property=\"og:image:secure_url\" content=\"https:\/\/www.eldigitaldeasturias.com\/noticias\/wp-content\/uploads\/2016\/02\/fotonoticia_20160202071833_800.jpg\" \/>\n\t\t<meta property=\"og:image:width\" content=\"800\" \/>\n\t\t<meta property=\"og:image:height\" content=\"1048\" \/>\n\t\t<meta property=\"article:tag\" content=\"sociedad\" \/>\n\t\t<meta property=\"article:published_time\" content=\"2016-02-02T21:11:29+00:00\" \/>\n\t\t<meta property=\"article:modified_time\" content=\"2016-02-02T21:11:29+00:00\" \/>\n\t\t<meta property=\"article:publisher\" content=\"https:\/\/facebook.com\/eldigitaldeasturias\" \/>\n\t\t<meta name=\"twitter:card\" content=\"summary_large_image\" \/>\n\t\t<meta name=\"twitter:title\" content=\"La terapia de protones controla un tumor cerebral pedi\u00e1trico com\u00fan con menos efectos secundarios a largo plazo - El Digital de Asturias\" \/>\n\t\t<meta name=\"twitter:description\" content=\"El uso de radioterapia de protones para tratar el tumor cerebral maligno m\u00e1s com\u00fan en los ni\u00f1os es tan eficaz como la radioterapia con fot\u00f3n est\u00e1ndar (de rayos X) aunque causa menos efectos secundarios a largo plazo, como p\u00e9rdida de audici\u00f3n y trastornos cognitivos, seg\u00fan un estudio que se publica en la edici\u00f3n digital de\" \/>\n\t\t<meta name=\"twitter:image\" content=\"https:\/\/www.eldigitaldeasturias.com\/noticias\/wp-content\/uploads\/2016\/02\/fotonoticia_20160202071833_800.jpg\" \/>\n\t\t<meta name=\"twitter:label1\" content=\"Escrito por\" \/>\n\t\t<meta name=\"twitter:data1\" content=\"El Digital de Asturias\" \/>\n\t\t<meta name=\"twitter:label2\" content=\"Tiempo de lectura estimado\" \/>\n\t\t<meta name=\"twitter:data2\" content=\"5 minutos\" \/>\n\t\t<script type=\"application\/ld+json\" class=\"aioseo-schema\">\n\t\t\t{\"@context\":\"https:\\\/\\\/schema.org\",\"@graph\":[{\"@type\":\"BlogPosting\",\"@id\":\"https:\\\/\\\/www.eldigitaldeasturias.com\\\/noticias\\\/la-terapia-de-protones-controla-un-tumor-cerebral-pediatrico-comun-con-menos-efectos-secundarios-a-largo-plazo\\\/#blogposting\",\"name\":\"La terapia de protones controla un tumor cerebral pedi\\u00e1trico com\\u00fan con menos efectos secundarios a largo plazo - El Digital de Asturias\",\"headline\":\"La terapia de protones controla un tumor cerebral pedi\\u00e1trico com\\u00fan con menos efectos secundarios a largo plazo\",\"author\":{\"@id\":\"https:\\\/\\\/www.eldigitaldeasturias.com\\\/noticias\\\/author\\\/admin\\\/#author\"},\"publisher\":{\"@id\":\"https:\\\/\\\/www.eldigitaldeasturias.com\\\/noticias\\\/#organization\"},\"image\":{\"@type\":\"ImageObject\",\"url\":\"https:\\\/\\\/www.eldigitaldeasturias.com\\\/noticias\\\/wp-content\\\/uploads\\\/2016\\\/02\\\/fotonoticia_20160202071833_800.jpg\",\"width\":800,\"height\":1048},\"datePublished\":\"2016-02-02T21:11:29+01:00\",\"dateModified\":\"2016-02-02T21:11:29+01:00\",\"inLanguage\":\"es-ES\",\"mainEntityOfPage\":{\"@id\":\"https:\\\/\\\/www.eldigitaldeasturias.com\\\/noticias\\\/la-terapia-de-protones-controla-un-tumor-cerebral-pediatrico-comun-con-menos-efectos-secundarios-a-largo-plazo\\\/#webpage\"},\"isPartOf\":{\"@id\":\"https:\\\/\\\/www.eldigitaldeasturias.com\\\/noticias\\\/la-terapia-de-protones-controla-un-tumor-cerebral-pediatrico-comun-con-menos-efectos-secundarios-a-largo-plazo\\\/#webpage\"},\"articleSection\":\"Sociedad\"},{\"@type\":\"BreadcrumbList\",\"@id\":\"https:\\\/\\\/www.eldigitaldeasturias.com\\\/noticias\\\/la-terapia-de-protones-controla-un-tumor-cerebral-pediatrico-comun-con-menos-efectos-secundarios-a-largo-plazo\\\/#breadcrumblist\",\"itemListElement\":[{\"@type\":\"ListItem\",\"@id\":\"https:\\\/\\\/www.eldigitaldeasturias.com\\\/noticias#listItem\",\"position\":1,\"name\":\"Home\",\"item\":\"https:\\\/\\\/www.eldigitaldeasturias.com\\\/noticias\",\"nextItem\":{\"@type\":\"ListItem\",\"@id\":\"https:\\\/\\\/www.eldigitaldeasturias.com\\\/noticias\\\/category\\\/sociedad\\\/#listItem\",\"name\":\"Sociedad\"}},{\"@type\":\"ListItem\",\"@id\":\"https:\\\/\\\/www.eldigitaldeasturias.com\\\/noticias\\\/category\\\/sociedad\\\/#listItem\",\"position\":2,\"name\":\"Sociedad\",\"item\":\"https:\\\/\\\/www.eldigitaldeasturias.com\\\/noticias\\\/category\\\/sociedad\\\/\",\"nextItem\":{\"@type\":\"ListItem\",\"@id\":\"https:\\\/\\\/www.eldigitaldeasturias.com\\\/noticias\\\/la-terapia-de-protones-controla-un-tumor-cerebral-pediatrico-comun-con-menos-efectos-secundarios-a-largo-plazo\\\/#listItem\",\"name\":\"La terapia de protones controla un tumor cerebral pedi\\u00e1trico com\\u00fan con menos efectos secundarios a largo plazo\"},\"previousItem\":{\"@type\":\"ListItem\",\"@id\":\"https:\\\/\\\/www.eldigitaldeasturias.com\\\/noticias#listItem\",\"name\":\"Home\"}},{\"@type\":\"ListItem\",\"@id\":\"https:\\\/\\\/www.eldigitaldeasturias.com\\\/noticias\\\/la-terapia-de-protones-controla-un-tumor-cerebral-pediatrico-comun-con-menos-efectos-secundarios-a-largo-plazo\\\/#listItem\",\"position\":3,\"name\":\"La terapia de protones controla un tumor cerebral pedi\\u00e1trico com\\u00fan con menos efectos secundarios a largo plazo\",\"previousItem\":{\"@type\":\"ListItem\",\"@id\":\"https:\\\/\\\/www.eldigitaldeasturias.com\\\/noticias\\\/category\\\/sociedad\\\/#listItem\",\"name\":\"Sociedad\"}}]},{\"@type\":\"Organization\",\"@id\":\"https:\\\/\\\/www.eldigitaldeasturias.com\\\/noticias\\\/#organization\",\"name\":\"El Digital de Asturias\",\"description\":\"Hemeroteca\",\"url\":\"https:\\\/\\\/www.eldigitaldeasturias.com\\\/noticias\\\/\",\"email\":\"info@eldigitaldeasturias.com\",\"telephone\":\"+34652131393\",\"logo\":{\"@type\":\"ImageObject\",\"url\":\"https:\\\/\\\/www.eldigitaldeasturias.com\\\/noticias\\\/wp-content\\\/uploads\\\/2020\\\/12\\\/EDA.jpg\",\"@id\":\"https:\\\/\\\/www.eldigitaldeasturias.com\\\/noticias\\\/la-terapia-de-protones-controla-un-tumor-cerebral-pediatrico-comun-con-menos-efectos-secundarios-a-largo-plazo\\\/#organizationLogo\",\"width\":649,\"height\":297},\"image\":{\"@id\":\"https:\\\/\\\/www.eldigitaldeasturias.com\\\/noticias\\\/la-terapia-de-protones-controla-un-tumor-cerebral-pediatrico-comun-con-menos-efectos-secundarios-a-largo-plazo\\\/#organizationLogo\"},\"sameAs\":[\"https:\\\/\\\/facebook.com\\\/eldigitaldeasturias\",\"https:\\\/\\\/www.youtube.com\\\/channel\\\/UCZP-2wLEB9Rv6erhFmqVnvg\"],\"address\":{\"@id\":\"https:\\\/\\\/www.eldigitaldeasturias.com\\\/noticias\\\/#postaladdress\",\"@type\":\"PostalAddress\",\"streetAddress\":\"san antonio 4,\",\"postalCode\":\"33430\",\"addressLocality\":\"Cand\\u00e1s\",\"addressRegion\":\"Asturias\",\"addressCountry\":\"ES\"}},{\"@type\":\"Person\",\"@id\":\"https:\\\/\\\/www.eldigitaldeasturias.com\\\/noticias\\\/author\\\/admin\\\/#author\",\"url\":\"https:\\\/\\\/www.eldigitaldeasturias.com\\\/noticias\\\/author\\\/admin\\\/\",\"name\":\"El Digital de Asturias\",\"image\":{\"@type\":\"ImageObject\",\"@id\":\"https:\\\/\\\/www.eldigitaldeasturias.com\\\/noticias\\\/la-terapia-de-protones-controla-un-tumor-cerebral-pediatrico-comun-con-menos-efectos-secundarios-a-largo-plazo\\\/#authorImage\",\"url\":\"https:\\\/\\\/www.eldigitaldeasturias.com\\\/noticias\\\/wp-content\\\/litespeed\\\/avatar\\\/18677e78aa0546b92d9dbf31ec7d7668.jpg?ver=1776685526\",\"width\":96,\"height\":96,\"caption\":\"El Digital de Asturias\"}},{\"@type\":\"WebPage\",\"@id\":\"https:\\\/\\\/www.eldigitaldeasturias.com\\\/noticias\\\/la-terapia-de-protones-controla-un-tumor-cerebral-pediatrico-comun-con-menos-efectos-secundarios-a-largo-plazo\\\/#webpage\",\"url\":\"https:\\\/\\\/www.eldigitaldeasturias.com\\\/noticias\\\/la-terapia-de-protones-controla-un-tumor-cerebral-pediatrico-comun-con-menos-efectos-secundarios-a-largo-plazo\\\/\",\"name\":\"La terapia de protones controla un tumor cerebral pedi\\u00e1trico com\\u00fan con menos efectos secundarios a largo plazo - El Digital de Asturias\",\"description\":\"El uso de radioterapia de protones para tratar el tumor cerebral maligno m\\u00e1s com\\u00fan en los ni\\u00f1os es tan eficaz como la radioterapia con fot\\u00f3n est\\u00e1ndar (de rayos X) aunque causa menos efectos secundarios a largo plazo, como p\\u00e9rdida de audici\\u00f3n y trastornos cognitivos, seg\\u00fan un estudio que se publica en la edici\\u00f3n digital de\",\"inLanguage\":\"es-ES\",\"isPartOf\":{\"@id\":\"https:\\\/\\\/www.eldigitaldeasturias.com\\\/noticias\\\/#website\"},\"breadcrumb\":{\"@id\":\"https:\\\/\\\/www.eldigitaldeasturias.com\\\/noticias\\\/la-terapia-de-protones-controla-un-tumor-cerebral-pediatrico-comun-con-menos-efectos-secundarios-a-largo-plazo\\\/#breadcrumblist\"},\"author\":{\"@id\":\"https:\\\/\\\/www.eldigitaldeasturias.com\\\/noticias\\\/author\\\/admin\\\/#author\"},\"creator\":{\"@id\":\"https:\\\/\\\/www.eldigitaldeasturias.com\\\/noticias\\\/author\\\/admin\\\/#author\"},\"image\":{\"@type\":\"ImageObject\",\"url\":\"https:\\\/\\\/www.eldigitaldeasturias.com\\\/noticias\\\/wp-content\\\/uploads\\\/2016\\\/02\\\/fotonoticia_20160202071833_800.jpg\",\"@id\":\"https:\\\/\\\/www.eldigitaldeasturias.com\\\/noticias\\\/la-terapia-de-protones-controla-un-tumor-cerebral-pediatrico-comun-con-menos-efectos-secundarios-a-largo-plazo\\\/#mainImage\",\"width\":800,\"height\":1048},\"primaryImageOfPage\":{\"@id\":\"https:\\\/\\\/www.eldigitaldeasturias.com\\\/noticias\\\/la-terapia-de-protones-controla-un-tumor-cerebral-pediatrico-comun-con-menos-efectos-secundarios-a-largo-plazo\\\/#mainImage\"},\"datePublished\":\"2016-02-02T21:11:29+01:00\",\"dateModified\":\"2016-02-02T21:11:29+01:00\"},{\"@type\":\"WebSite\",\"@id\":\"https:\\\/\\\/www.eldigitaldeasturias.com\\\/noticias\\\/#website\",\"url\":\"https:\\\/\\\/www.eldigitaldeasturias.com\\\/noticias\\\/\",\"name\":\"El Digital de Asturias - Diario de actualidad y noticias\",\"alternateName\":\"El Digital de Asturias - Diario de actualidad y noticias\",\"description\":\"Hemeroteca\",\"inLanguage\":\"es-ES\",\"publisher\":{\"@id\":\"https:\\\/\\\/www.eldigitaldeasturias.com\\\/noticias\\\/#organization\"}}]}\n\t\t<\/script>\n\t\t<!-- All in One SEO Pro -->\r\n\t\t<title>La terapia de protones controla un tumor cerebral pedi\u00e1trico com\u00fan con menos efectos secundarios a largo plazo - El Digital de Asturias<\/title>\n\n","aioseo_head_json":{"title":"La terapia de protones controla un tumor cerebral pedi\u00e1trico com\u00fan con menos efectos secundarios a largo plazo - El Digital de Asturias","description":"El uso de radioterapia de protones para tratar el tumor cerebral maligno m\u00e1s com\u00fan en los ni\u00f1os es tan eficaz como la radioterapia con fot\u00f3n est\u00e1ndar (de rayos X) aunque causa menos efectos secundarios a largo plazo, como p\u00e9rdida de audici\u00f3n y trastornos cognitivos, seg\u00fan un estudio que se publica en la edici\u00f3n digital de","canonical_url":"https:\/\/www.eldigitaldeasturias.com\/noticias\/la-terapia-de-protones-controla-un-tumor-cerebral-pediatrico-comun-con-menos-efectos-secundarios-a-largo-plazo\/","robots":"max-image-preview:large","keywords":"sociedad","webmasterTools":{"google-site-verification":"UA-38556648-1","msvalidate.01":"7dfe9f3f1b24437ab69f4f2559babe99","miscellaneous":""},"schema":{"@context":"https:\/\/schema.org","@graph":[{"@type":"BlogPosting","@id":"https:\/\/www.eldigitaldeasturias.com\/noticias\/la-terapia-de-protones-controla-un-tumor-cerebral-pediatrico-comun-con-menos-efectos-secundarios-a-largo-plazo\/#blogposting","name":"La terapia de protones controla un tumor cerebral pedi\u00e1trico com\u00fan con menos efectos secundarios a largo plazo - El Digital de Asturias","headline":"La terapia de protones controla un tumor cerebral pedi\u00e1trico com\u00fan con menos efectos secundarios a largo plazo","author":{"@id":"https:\/\/www.eldigitaldeasturias.com\/noticias\/author\/admin\/#author"},"publisher":{"@id":"https:\/\/www.eldigitaldeasturias.com\/noticias\/#organization"},"image":{"@type":"ImageObject","url":"https:\/\/www.eldigitaldeasturias.com\/noticias\/wp-content\/uploads\/2016\/02\/fotonoticia_20160202071833_800.jpg","width":800,"height":1048},"datePublished":"2016-02-02T21:11:29+01:00","dateModified":"2016-02-02T21:11:29+01:00","inLanguage":"es-ES","mainEntityOfPage":{"@id":"https:\/\/www.eldigitaldeasturias.com\/noticias\/la-terapia-de-protones-controla-un-tumor-cerebral-pediatrico-comun-con-menos-efectos-secundarios-a-largo-plazo\/#webpage"},"isPartOf":{"@id":"https:\/\/www.eldigitaldeasturias.com\/noticias\/la-terapia-de-protones-controla-un-tumor-cerebral-pediatrico-comun-con-menos-efectos-secundarios-a-largo-plazo\/#webpage"},"articleSection":"Sociedad"},{"@type":"BreadcrumbList","@id":"https:\/\/www.eldigitaldeasturias.com\/noticias\/la-terapia-de-protones-controla-un-tumor-cerebral-pediatrico-comun-con-menos-efectos-secundarios-a-largo-plazo\/#breadcrumblist","itemListElement":[{"@type":"ListItem","@id":"https:\/\/www.eldigitaldeasturias.com\/noticias#listItem","position":1,"name":"Home","item":"https:\/\/www.eldigitaldeasturias.com\/noticias","nextItem":{"@type":"ListItem","@id":"https:\/\/www.eldigitaldeasturias.com\/noticias\/category\/sociedad\/#listItem","name":"Sociedad"}},{"@type":"ListItem","@id":"https:\/\/www.eldigitaldeasturias.com\/noticias\/category\/sociedad\/#listItem","position":2,"name":"Sociedad","item":"https:\/\/www.eldigitaldeasturias.com\/noticias\/category\/sociedad\/","nextItem":{"@type":"ListItem","@id":"https:\/\/www.eldigitaldeasturias.com\/noticias\/la-terapia-de-protones-controla-un-tumor-cerebral-pediatrico-comun-con-menos-efectos-secundarios-a-largo-plazo\/#listItem","name":"La terapia de protones controla un tumor cerebral pedi\u00e1trico com\u00fan con menos efectos secundarios a largo plazo"},"previousItem":{"@type":"ListItem","@id":"https:\/\/www.eldigitaldeasturias.com\/noticias#listItem","name":"Home"}},{"@type":"ListItem","@id":"https:\/\/www.eldigitaldeasturias.com\/noticias\/la-terapia-de-protones-controla-un-tumor-cerebral-pediatrico-comun-con-menos-efectos-secundarios-a-largo-plazo\/#listItem","position":3,"name":"La terapia de protones controla un tumor cerebral pedi\u00e1trico com\u00fan con menos efectos secundarios a largo plazo","previousItem":{"@type":"ListItem","@id":"https:\/\/www.eldigitaldeasturias.com\/noticias\/category\/sociedad\/#listItem","name":"Sociedad"}}]},{"@type":"Organization","@id":"https:\/\/www.eldigitaldeasturias.com\/noticias\/#organization","name":"El Digital de Asturias","description":"Hemeroteca","url":"https:\/\/www.eldigitaldeasturias.com\/noticias\/","email":"info@eldigitaldeasturias.com","telephone":"+34652131393","logo":{"@type":"ImageObject","url":"https:\/\/www.eldigitaldeasturias.com\/noticias\/wp-content\/uploads\/2020\/12\/EDA.jpg","@id":"https:\/\/www.eldigitaldeasturias.com\/noticias\/la-terapia-de-protones-controla-un-tumor-cerebral-pediatrico-comun-con-menos-efectos-secundarios-a-largo-plazo\/#organizationLogo","width":649,"height":297},"image":{"@id":"https:\/\/www.eldigitaldeasturias.com\/noticias\/la-terapia-de-protones-controla-un-tumor-cerebral-pediatrico-comun-con-menos-efectos-secundarios-a-largo-plazo\/#organizationLogo"},"sameAs":["https:\/\/facebook.com\/eldigitaldeasturias","https:\/\/www.youtube.com\/channel\/UCZP-2wLEB9Rv6erhFmqVnvg"],"address":{"@id":"https:\/\/www.eldigitaldeasturias.com\/noticias\/#postaladdress","@type":"PostalAddress","streetAddress":"san antonio 4,","postalCode":"33430","addressLocality":"Cand\u00e1s","addressRegion":"Asturias","addressCountry":"ES"}},{"@type":"Person","@id":"https:\/\/www.eldigitaldeasturias.com\/noticias\/author\/admin\/#author","url":"https:\/\/www.eldigitaldeasturias.com\/noticias\/author\/admin\/","name":"El Digital de Asturias","image":{"@type":"ImageObject","@id":"https:\/\/www.eldigitaldeasturias.com\/noticias\/la-terapia-de-protones-controla-un-tumor-cerebral-pediatrico-comun-con-menos-efectos-secundarios-a-largo-plazo\/#authorImage","url":"https:\/\/www.eldigitaldeasturias.com\/noticias\/wp-content\/litespeed\/avatar\/18677e78aa0546b92d9dbf31ec7d7668.jpg?ver=1776685526","width":96,"height":96,"caption":"El Digital de Asturias"}},{"@type":"WebPage","@id":"https:\/\/www.eldigitaldeasturias.com\/noticias\/la-terapia-de-protones-controla-un-tumor-cerebral-pediatrico-comun-con-menos-efectos-secundarios-a-largo-plazo\/#webpage","url":"https:\/\/www.eldigitaldeasturias.com\/noticias\/la-terapia-de-protones-controla-un-tumor-cerebral-pediatrico-comun-con-menos-efectos-secundarios-a-largo-plazo\/","name":"La terapia de protones controla un tumor cerebral pedi\u00e1trico com\u00fan con menos efectos secundarios a largo plazo - El Digital de Asturias","description":"El uso de radioterapia de protones para tratar el tumor cerebral maligno m\u00e1s com\u00fan en los ni\u00f1os es tan eficaz como la radioterapia con fot\u00f3n est\u00e1ndar (de rayos X) aunque causa menos efectos secundarios a largo plazo, como p\u00e9rdida de audici\u00f3n y trastornos cognitivos, seg\u00fan un estudio que se publica en la edici\u00f3n digital de","inLanguage":"es-ES","isPartOf":{"@id":"https:\/\/www.eldigitaldeasturias.com\/noticias\/#website"},"breadcrumb":{"@id":"https:\/\/www.eldigitaldeasturias.com\/noticias\/la-terapia-de-protones-controla-un-tumor-cerebral-pediatrico-comun-con-menos-efectos-secundarios-a-largo-plazo\/#breadcrumblist"},"author":{"@id":"https:\/\/www.eldigitaldeasturias.com\/noticias\/author\/admin\/#author"},"creator":{"@id":"https:\/\/www.eldigitaldeasturias.com\/noticias\/author\/admin\/#author"},"image":{"@type":"ImageObject","url":"https:\/\/www.eldigitaldeasturias.com\/noticias\/wp-content\/uploads\/2016\/02\/fotonoticia_20160202071833_800.jpg","@id":"https:\/\/www.eldigitaldeasturias.com\/noticias\/la-terapia-de-protones-controla-un-tumor-cerebral-pediatrico-comun-con-menos-efectos-secundarios-a-largo-plazo\/#mainImage","width":800,"height":1048},"primaryImageOfPage":{"@id":"https:\/\/www.eldigitaldeasturias.com\/noticias\/la-terapia-de-protones-controla-un-tumor-cerebral-pediatrico-comun-con-menos-efectos-secundarios-a-largo-plazo\/#mainImage"},"datePublished":"2016-02-02T21:11:29+01:00","dateModified":"2016-02-02T21:11:29+01:00"},{"@type":"WebSite","@id":"https:\/\/www.eldigitaldeasturias.com\/noticias\/#website","url":"https:\/\/www.eldigitaldeasturias.com\/noticias\/","name":"El Digital de Asturias - Diario de actualidad y noticias","alternateName":"El Digital de Asturias - Diario de actualidad y noticias","description":"Hemeroteca","inLanguage":"es-ES","publisher":{"@id":"https:\/\/www.eldigitaldeasturias.com\/noticias\/#organization"}}]},"og:locale":"es_ES","og:site_name":"El Digital de Asturias","og:type":"article","og:title":"La terapia de protones controla un tumor cerebral pedi\u00e1trico com\u00fan con menos efectos secundarios a largo plazo - El Digital de Asturias","og:description":"El uso de radioterapia de protones para tratar el tumor cerebral maligno m\u00e1s com\u00fan en los ni\u00f1os es tan eficaz como la radioterapia con fot\u00f3n est\u00e1ndar (de rayos X) aunque causa menos efectos secundarios a largo plazo, como p\u00e9rdida de audici\u00f3n y trastornos cognitivos, seg\u00fan un estudio que se publica en la edici\u00f3n digital de","og:url":"https:\/\/www.eldigitaldeasturias.com\/noticias\/la-terapia-de-protones-controla-un-tumor-cerebral-pediatrico-comun-con-menos-efectos-secundarios-a-largo-plazo\/","og:image":"https:\/\/www.eldigitaldeasturias.com\/noticias\/wp-content\/uploads\/2016\/02\/fotonoticia_20160202071833_800.jpg","og:image:secure_url":"https:\/\/www.eldigitaldeasturias.com\/noticias\/wp-content\/uploads\/2016\/02\/fotonoticia_20160202071833_800.jpg","og:image:width":800,"og:image:height":1048,"article:tag":["sociedad"],"article:published_time":"2016-02-02T21:11:29+00:00","article:modified_time":"2016-02-02T21:11:29+00:00","article:publisher":"https:\/\/facebook.com\/eldigitaldeasturias","twitter:card":"summary_large_image","twitter:title":"La terapia de protones controla un tumor cerebral pedi\u00e1trico com\u00fan con menos efectos secundarios a largo plazo - El Digital de Asturias","twitter:description":"El uso de radioterapia de protones para tratar el tumor cerebral maligno m\u00e1s com\u00fan en los ni\u00f1os es tan eficaz como la radioterapia con fot\u00f3n est\u00e1ndar (de rayos X) aunque causa menos efectos secundarios a largo plazo, como p\u00e9rdida de audici\u00f3n y trastornos cognitivos, seg\u00fan un estudio que se publica en la edici\u00f3n digital de","twitter:image":"https:\/\/www.eldigitaldeasturias.com\/noticias\/wp-content\/uploads\/2016\/02\/fotonoticia_20160202071833_800.jpg","twitter:label1":"Escrito por","twitter:data1":"El Digital de Asturias","twitter:label2":"Tiempo de lectura estimado","twitter:data2":"5 minutos"},"aioseo_meta_data":{"post_id":"853201","title":null,"description":null,"keywords":null,"keyphrases":null,"primary_term":null,"canonical_url":null,"og_title":null,"og_description":null,"og_object_type":"default","og_image_type":"default","og_image_url":null,"og_image_width":null,"og_image_height":null,"og_image_custom_url":null,"og_image_custom_fields":null,"og_video":null,"og_custom_url":null,"og_article_section":null,"og_article_tags":null,"twitter_use_og":false,"twitter_card":"default","twitter_image_type":"default","twitter_image_url":null,"twitter_image_custom_url":null,"twitter_image_custom_fields":null,"twitter_title":null,"twitter_description":null,"schema":{"blockGraphs":[],"customGraphs":[],"default":{"data":{"Article":[],"Course":[],"Dataset":[],"FAQPage":[],"Movie":[],"Person":[],"Product":[],"ProductReview":[],"Car":[],"Recipe":[],"Service":[],"SoftwareApplication":[],"WebPage":[]},"graphName":"","isEnabled":true},"graphs":[],"defaultGraph":"","defaultPostTypeGraph":""},"schema_type":null,"schema_type_options":null,"pillar_content":false,"robots_default":true,"robots_noindex":false,"robots_noarchive":false,"robots_nosnippet":false,"robots_nofollow":false,"robots_noimageindex":false,"robots_noodp":false,"robots_notranslate":false,"robots_max_snippet":null,"robots_max_videopreview":null,"robots_max_imagepreview":"large","priority":null,"frequency":null,"local_seo":null,"seo_analyzer_scan_date":"2025-12-09 17:17:11","breadcrumb_settings":null,"limit_modified_date":false,"open_ai":null,"ai":null,"created":"2021-01-22 00:32:48","updated":"2025-12-09 17:17:11"},"aioseo_breadcrumb":"<div class=\"aioseo-breadcrumbs\"><span class=\"aioseo-breadcrumb\">\n\t<a href=\"https:\/\/www.eldigitaldeasturias.com\/noticias\" title=\"Home\">Home<\/a>\n<\/span><span class=\"aioseo-breadcrumb-separator\">\u2013<\/span><span class=\"aioseo-breadcrumb\">\n\t<a href=\"https:\/\/www.eldigitaldeasturias.com\/noticias\/category\/sociedad\/\" title=\"Sociedad\">Sociedad<\/a>\n<\/span><span class=\"aioseo-breadcrumb-separator\">\u2013<\/span><span class=\"aioseo-breadcrumb\">\n\t<a href=\"https:\/\/www.eldigitaldeasturias.com\/noticias\/la-terapia-de-protones-controla-un-tumor-cerebral-pediatrico-comun-con-menos-efectos-secundarios-a-largo-plazo\/\" title=\"La terapia de protones controla un tumor cerebral pedi\u00e1trico com\u00fan con menos efectos secundarios a largo plazo\">La terapia de protones controla un tumor cerebral pedi\u00e1trico com\u00fan con menos efectos secundarios a largo plazo<\/a>\n<\/span><\/div>","aioseo_breadcrumb_json":[{"label":"Home","link":"https:\/\/www.eldigitaldeasturias.com\/noticias"},{"label":"Sociedad","link":"https:\/\/www.eldigitaldeasturias.com\/noticias\/category\/sociedad\/"},{"label":"La terapia de protones controla un tumor cerebral pedi\u00e1trico com\u00fan con menos efectos secundarios a largo plazo","link":"https:\/\/www.eldigitaldeasturias.com\/noticias\/la-terapia-de-protones-controla-un-tumor-cerebral-pediatrico-comun-con-menos-efectos-secundarios-a-largo-plazo\/"}],"_links":{"self":[{"href":"https:\/\/www.eldigitaldeasturias.com\/noticias\/wp-json\/wp\/v2\/posts\/853201","targetHints":{"allow":["GET"]}}],"collection":[{"href":"https:\/\/www.eldigitaldeasturias.com\/noticias\/wp-json\/wp\/v2\/posts"}],"about":[{"href":"https:\/\/www.eldigitaldeasturias.com\/noticias\/wp-json\/wp\/v2\/types\/post"}],"author":[{"embeddable":true,"href":"https:\/\/www.eldigitaldeasturias.com\/noticias\/wp-json\/wp\/v2\/users\/1"}],"replies":[{"embeddable":true,"href":"https:\/\/www.eldigitaldeasturias.com\/noticias\/wp-json\/wp\/v2\/comments?post=853201"}],"version-history":[{"count":0,"href":"https:\/\/www.eldigitaldeasturias.com\/noticias\/wp-json\/wp\/v2\/posts\/853201\/revisions"}],"wp:featuredmedia":[{"embeddable":true,"href":"https:\/\/www.eldigitaldeasturias.com\/noticias\/wp-json\/wp\/v2\/media\/853202"}],"wp:attachment":[{"href":"https:\/\/www.eldigitaldeasturias.com\/noticias\/wp-json\/wp\/v2\/media?parent=853201"}],"wp:term":[{"taxonomy":"category","embeddable":true,"href":"https:\/\/www.eldigitaldeasturias.com\/noticias\/wp-json\/wp\/v2\/categories?post=853201"},{"taxonomy":"post_tag","embeddable":true,"href":"https:\/\/www.eldigitaldeasturias.com\/noticias\/wp-json\/wp\/v2\/tags?post=853201"}],"curies":[{"name":"wp","href":"https:\/\/api.w.org\/{rel}","templated":true}]}}