{"id":853198,"date":"2016-02-02T21:08:54","date_gmt":"2016-02-02T21:08:54","guid":{"rendered":"http:\/\/www.eldigitaldeasturias.com\/noticias\/?p=853198"},"modified":"2016-02-02T21:08:54","modified_gmt":"2016-02-02T21:08:54","slug":"mariano-rajoy-no-renuncia-a-ser-investido-presidente","status":"publish","type":"post","link":"https:\/\/www.eldigitaldeasturias.com\/noticias\/mariano-rajoy-no-renuncia-a-ser-investido-presidente\/","title":{"rendered":"Mariano Rajoy \u00abno renuncia\u00bb a ser investido presidente"},"content":{"rendered":"<p><img loading=\"lazy\" decoding=\"async\" class=\"alignleft size-medium wp-image-853199\" src=\"https:\/\/www.eldigitaldeasturias.com\/noticias\/wp-content\/uploads\/2016\/02\/fotonoticia_20160202202741_800-360x240.jpg\" alt=\"fotonoticia_20160202202741_800\" width=\"360\" height=\"240\" srcset=\"https:\/\/www.eldigitaldeasturias.com\/noticias\/wp-content\/uploads\/2016\/02\/fotonoticia_20160202202741_800-360x240.jpg 360w, https:\/\/www.eldigitaldeasturias.com\/noticias\/wp-content\/uploads\/2016\/02\/fotonoticia_20160202202741_800-768x512.jpg 768w, https:\/\/www.eldigitaldeasturias.com\/noticias\/wp-content\/uploads\/2016\/02\/fotonoticia_20160202202741_800-650x433.jpg 650w, https:\/\/www.eldigitaldeasturias.com\/noticias\/wp-content\/uploads\/2016\/02\/fotonoticia_20160202202741_800-84x55.jpg 84w, https:\/\/www.eldigitaldeasturias.com\/noticias\/wp-content\/uploads\/2016\/02\/fotonoticia_20160202202741_800-49x32.jpg 49w, https:\/\/www.eldigitaldeasturias.com\/noticias\/wp-content\/uploads\/2016\/02\/fotonoticia_20160202202741_800.jpg 800w\" sizes=\"auto, (max-width: 360px) 100vw, 360px\" \/>El presidente del Gobierno en funciones, Mariano Rajoy, ha confirmado este martes que el Rey no le ha encargado formar Gobierno durante su segunda entrevista en el Palacio de la Zarzuela, algo que ha calificado de \u00abrazonable\u00bb porque \u00abhoy\u00bb a\u00fan no cuenta con los apoyos necesarios. Eso s\u00ed, ha asegurado que \u00abno renuncia\u00bb a ser investido y ha destacado que su oferta de pacto a PSOE y Ciudadanos es \u00abla mejor para la defensa de los intereses de los espa\u00f1oles\u00bb.<\/p>\n<p>As\u00ed se ha pronunciado en una rueda de prensa en el Palacio de la Moncloa tras su segunda audiencia con Felipe VI -que ha durado unos 45 minutos&#8211;, donde ha comparecido acompa\u00f1ado como hace diez d\u00edas por la vicepresidenta, Soraya S\u00e1enz de Santamar\u00eda, la secretaria general del PP, Mar\u00eda Dolores de Cospedal, y su jefe de gabinete, Jorge Moragas.<\/p>\n<p>\u00abLe he dicho al Rey que todav\u00eda no tengo mayor\u00eda para intentar la formaci\u00f3n de un Gobierno por una raz\u00f3n fundamental que todo el mundo puede entender: el PSOE se niega al di\u00e1logo, que es lo previo al acuerdo y, por lo tanto, no puedo garantizar hoy la constituci\u00f3n de un Gobierno estable en Espa\u00f1a\u00bb, ha aseverado.<\/p>\n<p>DOS OPCIONES: \u00abMODERACI\u00d3N\u00bb VERSUS \u00abRADICALISMO\u00bb<\/p>\n<p>Dicho esto, ha se\u00f1alado que ha trasladado al monarca que hay \u00abdos opciones\u00bb: la del \u00abrealismo, la moderaci\u00f3n y la sensatez\u00bb que plantea el PP; y la del \u00abradicalimo, apoyada por partidos radicalmente contrarios a la Constituci\u00f3n y a algunos de sus principios b\u00e1sicos como la unidad de Espa\u00f1a y la soberan\u00eda nacional\u00bb.<\/p>\n<p>Aunque ha dicho que \u00abhoy\u00bb no tiene los apoyos para ir a la investidura, Rajoy ha manifestado que van a esperar a ver \u00abc\u00f3mo se producen los acontecimientos en el futuro\u00bb. \u00abPor por tanto mi opci\u00f3n y la de mi partido siguen adelante y no renunciamos a lo largo de este proceso a presentarnos en un determinado momento, si el Rey lo estima oportuno, a la investidura, a obtener los apoyos suficientes y poder conformar gobierno\u00bb, ha manifestado.<\/p>\n<p>Una vez m\u00e1s, Rajoy ha recalcado que PP, PSOE y C&#8217;s \u00abest\u00e1n de acuerdo en los temas fundamentales\u00bb como la unidad de Espa\u00f1a, la soberan\u00eda nacional, la lucha contra el terrorismo y la consolidaci\u00f3n de la recuperaci\u00f3n econ\u00f3mica. A su entender, si son capaces de \u00abcoincidir\u00bb en los grandes temas, tambi\u00e9n podr\u00edan ponerse de acuerdo en el futuro poniendo \u00abtodos\u00bb de su parte. \u00abMandar\u00eda un mensaje de estabilidad, seguridad y certidumbre dentro y fuera de Espa\u00f1a que ser\u00eda bueno para consolidar la recuperaci\u00f3n econ\u00f3mica y crear empleo\u00bb, ha apostillado.<\/p>\n<p>LA ALTERNATIVA ES UNA \u00abALIANZA EXPERIMENTAL\u00bb<\/p>\n<p>Rajoy ha destacado que la \u00abalternativa\u00bb con Pedro S\u00e1nchez pasar\u00eda por el apoyo \u00abactivo\u00bb de Podemos y de los partidos independentistas, \u00abbien mediante su voto a favor, bien mediante su abstenci\u00f3n\u00bb. \u00abCreemos que esto no es bueno para Espa\u00f1a y no es lo que quiere una gran mayor\u00eda de espa\u00f1oles. Creemos que esa alianza heterog\u00e9nea, contradictoria y experimental, no puede calificarse como hacen algunos de alianza de progreso, porque ser\u00eda llevar demasiado lejos la licencia po\u00e9tica\u00bb, ha enfatizado.<\/p>\n<p>En cualquier caso, se ha mostrado abierto a hablar con el l\u00edder del PSOE en este momento, aunque ha recordado que S\u00e1nchez no ha querido sentarse a dialogar con \u00e9l. \u00abEl PP si lleva diciendo que hablar, dialogar y escuchar es bueno, pues atender\u00e1 con mucho inter\u00e9s lo que quiera decirnos el PSOE y adem\u00e1s le vamos a explicar cu\u00e1l es el modelo que queremos para Espa\u00f1a y cu\u00e1l es el gobierno que creemos que es mejor\u00bb, ha indicado.<\/p>\n<p>DICE QUE SER\u00c1 CANDIDATO SI HUBIERA ELECCIONES<\/p>\n<p>Al ser preguntado si cree que tiene posibilidades de repetir como presidente del Gobierno despu\u00e9s de que S\u00e1nchez est\u00e9 dispuesto a presentarse a la investidura y C&#8217;s no le vea como el mejor candidato, Rajoy ha respondido afirmativamente. \u00abYo creo que s\u00ed y por eso mantengo la candidatura de mi partido y la m\u00eda propia\u00bb, ha enfatizado.<\/p>\n<p>En cuanto a si entender\u00eda que Felipe VI encargue a S\u00e1nchez intentar formar Gobierno, Rajoy ha asegurado que \u00e9l \u00absiempre\u00bb respeta las decisiones que toma el monarca en el ejercicio de sus competencias y, por tanto, ha dicho que la respetar\u00e1 \u00absea cu\u00e1l sea la decisi\u00f3n que adopte\u00bb.<\/p>\n<p>Rajoy ha dicho que \u00aben ning\u00fan caso\u00bb se apartar\u00e1 si el PSOE se lo pide para poder alcanzar un Gobierno de coalici\u00f3n y tampoco se abstendr\u00e1 el PP para que sea posible un Ejecutivo entre socialistas y Ciudadanos. \u00abEl PP ha ganado las elecciones y las ha ganado con un candidato con m\u00e1s de siete millones de personas que nos han dado su confianza y, desde luego, no vamos a traicionar su confianza\u00bb, ha advertido.<\/p>\n<p>En caso de que se produzcan elecciones, ha afirmado que \u00e9l seguir\u00eda liderando la candidatura del PP. Seg\u00fan ha a\u00f1adido, su formaci\u00f3n es un partido \u00abserio\u00bb, ha \u00abtenido un candidato\u00bb y lo va a seguir teniendo en el futuro. \u00abAqu\u00ed no se trata de hacer experimentos, sino de respetar la voluntad de los espa\u00f1oles\u00bb, ha proclamado.<\/p>\n","protected":false},"excerpt":{"rendered":"<p>El presidente del Gobierno en funciones, Mariano Rajoy, ha confirmado este martes que el Rey no le ha encargado formar Gobierno durante su segunda entrevista en el Palacio de la Zarzuela, algo que ha calificado de \u00abrazonable\u00bb porque \u00abhoy\u00bb a\u00fan no cuenta con los apoyos necesarios. Eso s\u00ed, ha asegurado que \u00abno renuncia\u00bb a ser [&hellip;]<\/p>\n","protected":false},"author":1,"featured_media":853199,"comment_status":"closed","ping_status":"closed","sticky":false,"template":"","format":"standard","meta":{"footnotes":""},"categories":[1],"tags":[],"class_list":["post-853198","post","type-post","status-publish","format-standard","has-post-thumbnail","hentry","category-actualidad"],"aioseo_notices":[],"aioseo_head":"\n\t\t<!-- All in One SEO Pro 4.9.6.2 - aioseo.com -->\n\t<meta name=\"description\" content=\"El presidente del Gobierno en funciones, Mariano Rajoy, ha confirmado este martes que el Rey no le ha encargado formar Gobierno durante su segunda entrevista en el Palacio de la Zarzuela, algo que ha calificado de &quot;razonable&quot; porque &quot;hoy&quot; a\u00fan no cuenta con los apoyos necesarios. Eso s\u00ed, ha asegurado que &quot;no renuncia&quot; a ser\" \/>\n\t<meta name=\"robots\" content=\"max-image-preview:large\" \/>\n\t<meta name=\"author\" content=\"El Digital de Asturias\"\/>\n\t<meta name=\"google-site-verification\" content=\"UA-38556648-1\" \/>\n\t<meta name=\"msvalidate.01\" content=\"7dfe9f3f1b24437ab69f4f2559babe99\" \/>\n\t<meta name=\"keywords\" content=\"actualidad\" \/>\n\t<link rel=\"canonical\" href=\"https:\/\/www.eldigitaldeasturias.com\/noticias\/mariano-rajoy-no-renuncia-a-ser-investido-presidente\/\" \/>\n\t<meta name=\"generator\" content=\"All in One SEO Pro (AIOSEO) 4.9.6.2\" \/>\n\t\t<meta property=\"og:locale\" content=\"es_ES\" \/>\n\t\t<meta property=\"og:site_name\" content=\"El Digital de Asturias\" \/>\n\t\t<meta property=\"og:type\" content=\"article\" \/>\n\t\t<meta property=\"og:title\" content=\"Mariano Rajoy \u00abno renuncia\u00bb a ser investido presidente - El Digital de Asturias\" \/>\n\t\t<meta property=\"og:description\" content=\"El presidente del Gobierno en funciones, Mariano Rajoy, ha confirmado este martes que el Rey no le ha encargado formar Gobierno durante su segunda entrevista en el Palacio de la Zarzuela, algo que ha calificado de &quot;razonable&quot; porque &quot;hoy&quot; a\u00fan no cuenta con los apoyos necesarios. Eso s\u00ed, ha asegurado que &quot;no renuncia&quot; a ser\" \/>\n\t\t<meta property=\"og:url\" content=\"https:\/\/www.eldigitaldeasturias.com\/noticias\/mariano-rajoy-no-renuncia-a-ser-investido-presidente\/\" \/>\n\t\t<meta property=\"og:image\" content=\"https:\/\/www.eldigitaldeasturias.com\/noticias\/wp-content\/uploads\/2016\/02\/fotonoticia_20160202202741_800.jpg\" \/>\n\t\t<meta property=\"og:image:secure_url\" content=\"https:\/\/www.eldigitaldeasturias.com\/noticias\/wp-content\/uploads\/2016\/02\/fotonoticia_20160202202741_800.jpg\" \/>\n\t\t<meta property=\"og:image:width\" content=\"800\" \/>\n\t\t<meta property=\"og:image:height\" content=\"533\" \/>\n\t\t<meta property=\"article:tag\" content=\"actualidad\" \/>\n\t\t<meta property=\"article:published_time\" content=\"2016-02-02T21:08:54+00:00\" \/>\n\t\t<meta property=\"article:modified_time\" content=\"2016-02-02T21:08:54+00:00\" \/>\n\t\t<meta property=\"article:publisher\" content=\"https:\/\/facebook.com\/eldigitaldeasturias\" \/>\n\t\t<meta name=\"twitter:card\" content=\"summary_large_image\" \/>\n\t\t<meta name=\"twitter:title\" content=\"Mariano Rajoy \u00abno renuncia\u00bb a ser investido presidente - El Digital de Asturias\" \/>\n\t\t<meta name=\"twitter:description\" content=\"El presidente del Gobierno en funciones, Mariano Rajoy, ha confirmado este martes que el Rey no le ha encargado formar Gobierno durante su segunda entrevista en el Palacio de la Zarzuela, algo que ha calificado de &quot;razonable&quot; porque &quot;hoy&quot; a\u00fan no cuenta con los apoyos necesarios. Eso s\u00ed, ha asegurado que &quot;no renuncia&quot; a ser\" \/>\n\t\t<meta name=\"twitter:image\" content=\"https:\/\/www.eldigitaldeasturias.com\/noticias\/wp-content\/uploads\/2016\/02\/fotonoticia_20160202202741_800.jpg\" \/>\n\t\t<meta name=\"twitter:label1\" content=\"Escrito por\" \/>\n\t\t<meta name=\"twitter:data1\" content=\"El Digital de Asturias\" \/>\n\t\t<meta name=\"twitter:label2\" content=\"Tiempo de lectura estimado\" \/>\n\t\t<meta name=\"twitter:data2\" content=\"4 minutos\" \/>\n\t\t<script type=\"application\/ld+json\" class=\"aioseo-schema\">\n\t\t\t{\"@context\":\"https:\\\/\\\/schema.org\",\"@graph\":[{\"@type\":\"BlogPosting\",\"@id\":\"https:\\\/\\\/www.eldigitaldeasturias.com\\\/noticias\\\/mariano-rajoy-no-renuncia-a-ser-investido-presidente\\\/#blogposting\",\"name\":\"Mariano Rajoy \\u00abno renuncia\\u00bb a ser investido presidente - El Digital de Asturias\",\"headline\":\"Mariano Rajoy \\u00abno renuncia\\u00bb a ser investido presidente\",\"author\":{\"@id\":\"https:\\\/\\\/www.eldigitaldeasturias.com\\\/noticias\\\/author\\\/admin\\\/#author\"},\"publisher\":{\"@id\":\"https:\\\/\\\/www.eldigitaldeasturias.com\\\/noticias\\\/#organization\"},\"image\":{\"@type\":\"ImageObject\",\"url\":\"https:\\\/\\\/www.eldigitaldeasturias.com\\\/noticias\\\/wp-content\\\/uploads\\\/2016\\\/02\\\/fotonoticia_20160202202741_800.jpg\",\"width\":800,\"height\":533},\"datePublished\":\"2016-02-02T21:08:54+01:00\",\"dateModified\":\"2016-02-02T21:08:54+01:00\",\"inLanguage\":\"es-ES\",\"mainEntityOfPage\":{\"@id\":\"https:\\\/\\\/www.eldigitaldeasturias.com\\\/noticias\\\/mariano-rajoy-no-renuncia-a-ser-investido-presidente\\\/#webpage\"},\"isPartOf\":{\"@id\":\"https:\\\/\\\/www.eldigitaldeasturias.com\\\/noticias\\\/mariano-rajoy-no-renuncia-a-ser-investido-presidente\\\/#webpage\"},\"articleSection\":\"Actualidad\"},{\"@type\":\"BreadcrumbList\",\"@id\":\"https:\\\/\\\/www.eldigitaldeasturias.com\\\/noticias\\\/mariano-rajoy-no-renuncia-a-ser-investido-presidente\\\/#breadcrumblist\",\"itemListElement\":[{\"@type\":\"ListItem\",\"@id\":\"https:\\\/\\\/www.eldigitaldeasturias.com\\\/noticias#listItem\",\"position\":1,\"name\":\"Home\",\"item\":\"https:\\\/\\\/www.eldigitaldeasturias.com\\\/noticias\",\"nextItem\":{\"@type\":\"ListItem\",\"@id\":\"https:\\\/\\\/www.eldigitaldeasturias.com\\\/noticias\\\/category\\\/actualidad\\\/#listItem\",\"name\":\"Actualidad\"}},{\"@type\":\"ListItem\",\"@id\":\"https:\\\/\\\/www.eldigitaldeasturias.com\\\/noticias\\\/category\\\/actualidad\\\/#listItem\",\"position\":2,\"name\":\"Actualidad\",\"item\":\"https:\\\/\\\/www.eldigitaldeasturias.com\\\/noticias\\\/category\\\/actualidad\\\/\",\"nextItem\":{\"@type\":\"ListItem\",\"@id\":\"https:\\\/\\\/www.eldigitaldeasturias.com\\\/noticias\\\/mariano-rajoy-no-renuncia-a-ser-investido-presidente\\\/#listItem\",\"name\":\"Mariano Rajoy \\u00abno renuncia\\u00bb a ser investido presidente\"},\"previousItem\":{\"@type\":\"ListItem\",\"@id\":\"https:\\\/\\\/www.eldigitaldeasturias.com\\\/noticias#listItem\",\"name\":\"Home\"}},{\"@type\":\"ListItem\",\"@id\":\"https:\\\/\\\/www.eldigitaldeasturias.com\\\/noticias\\\/mariano-rajoy-no-renuncia-a-ser-investido-presidente\\\/#listItem\",\"position\":3,\"name\":\"Mariano Rajoy \\u00abno renuncia\\u00bb a ser investido presidente\",\"previousItem\":{\"@type\":\"ListItem\",\"@id\":\"https:\\\/\\\/www.eldigitaldeasturias.com\\\/noticias\\\/category\\\/actualidad\\\/#listItem\",\"name\":\"Actualidad\"}}]},{\"@type\":\"Organization\",\"@id\":\"https:\\\/\\\/www.eldigitaldeasturias.com\\\/noticias\\\/#organization\",\"name\":\"El Digital de Asturias\",\"description\":\"Hemeroteca\",\"url\":\"https:\\\/\\\/www.eldigitaldeasturias.com\\\/noticias\\\/\",\"email\":\"info@eldigitaldeasturias.com\",\"telephone\":\"+34652131393\",\"logo\":{\"@type\":\"ImageObject\",\"url\":\"https:\\\/\\\/www.eldigitaldeasturias.com\\\/noticias\\\/wp-content\\\/uploads\\\/2020\\\/12\\\/EDA.jpg\",\"@id\":\"https:\\\/\\\/www.eldigitaldeasturias.com\\\/noticias\\\/mariano-rajoy-no-renuncia-a-ser-investido-presidente\\\/#organizationLogo\",\"width\":649,\"height\":297},\"image\":{\"@id\":\"https:\\\/\\\/www.eldigitaldeasturias.com\\\/noticias\\\/mariano-rajoy-no-renuncia-a-ser-investido-presidente\\\/#organizationLogo\"},\"sameAs\":[\"https:\\\/\\\/facebook.com\\\/eldigitaldeasturias\",\"https:\\\/\\\/www.youtube.com\\\/channel\\\/UCZP-2wLEB9Rv6erhFmqVnvg\"],\"address\":{\"@id\":\"https:\\\/\\\/www.eldigitaldeasturias.com\\\/noticias\\\/#postaladdress\",\"@type\":\"PostalAddress\",\"streetAddress\":\"san antonio 4,\",\"postalCode\":\"33430\",\"addressLocality\":\"Cand\\u00e1s\",\"addressRegion\":\"Asturias\",\"addressCountry\":\"ES\"}},{\"@type\":\"Person\",\"@id\":\"https:\\\/\\\/www.eldigitaldeasturias.com\\\/noticias\\\/author\\\/admin\\\/#author\",\"url\":\"https:\\\/\\\/www.eldigitaldeasturias.com\\\/noticias\\\/author\\\/admin\\\/\",\"name\":\"El Digital de Asturias\",\"image\":{\"@type\":\"ImageObject\",\"@id\":\"https:\\\/\\\/www.eldigitaldeasturias.com\\\/noticias\\\/mariano-rajoy-no-renuncia-a-ser-investido-presidente\\\/#authorImage\",\"url\":\"https:\\\/\\\/www.eldigitaldeasturias.com\\\/noticias\\\/wp-content\\\/litespeed\\\/avatar\\\/18677e78aa0546b92d9dbf31ec7d7668.jpg?ver=1776685526\",\"width\":96,\"height\":96,\"caption\":\"El Digital de Asturias\"}},{\"@type\":\"WebPage\",\"@id\":\"https:\\\/\\\/www.eldigitaldeasturias.com\\\/noticias\\\/mariano-rajoy-no-renuncia-a-ser-investido-presidente\\\/#webpage\",\"url\":\"https:\\\/\\\/www.eldigitaldeasturias.com\\\/noticias\\\/mariano-rajoy-no-renuncia-a-ser-investido-presidente\\\/\",\"name\":\"Mariano Rajoy \\u00abno renuncia\\u00bb a ser investido presidente - El Digital de Asturias\",\"description\":\"El presidente del Gobierno en funciones, Mariano Rajoy, ha confirmado este martes que el Rey no le ha encargado formar Gobierno durante su segunda entrevista en el Palacio de la Zarzuela, algo que ha calificado de \\\"razonable\\\" porque \\\"hoy\\\" a\\u00fan no cuenta con los apoyos necesarios. Eso s\\u00ed, ha asegurado que \\\"no renuncia\\\" a ser\",\"inLanguage\":\"es-ES\",\"isPartOf\":{\"@id\":\"https:\\\/\\\/www.eldigitaldeasturias.com\\\/noticias\\\/#website\"},\"breadcrumb\":{\"@id\":\"https:\\\/\\\/www.eldigitaldeasturias.com\\\/noticias\\\/mariano-rajoy-no-renuncia-a-ser-investido-presidente\\\/#breadcrumblist\"},\"author\":{\"@id\":\"https:\\\/\\\/www.eldigitaldeasturias.com\\\/noticias\\\/author\\\/admin\\\/#author\"},\"creator\":{\"@id\":\"https:\\\/\\\/www.eldigitaldeasturias.com\\\/noticias\\\/author\\\/admin\\\/#author\"},\"image\":{\"@type\":\"ImageObject\",\"url\":\"https:\\\/\\\/www.eldigitaldeasturias.com\\\/noticias\\\/wp-content\\\/uploads\\\/2016\\\/02\\\/fotonoticia_20160202202741_800.jpg\",\"@id\":\"https:\\\/\\\/www.eldigitaldeasturias.com\\\/noticias\\\/mariano-rajoy-no-renuncia-a-ser-investido-presidente\\\/#mainImage\",\"width\":800,\"height\":533},\"primaryImageOfPage\":{\"@id\":\"https:\\\/\\\/www.eldigitaldeasturias.com\\\/noticias\\\/mariano-rajoy-no-renuncia-a-ser-investido-presidente\\\/#mainImage\"},\"datePublished\":\"2016-02-02T21:08:54+01:00\",\"dateModified\":\"2016-02-02T21:08:54+01:00\"},{\"@type\":\"WebSite\",\"@id\":\"https:\\\/\\\/www.eldigitaldeasturias.com\\\/noticias\\\/#website\",\"url\":\"https:\\\/\\\/www.eldigitaldeasturias.com\\\/noticias\\\/\",\"name\":\"El Digital de Asturias - Diario de actualidad y noticias\",\"alternateName\":\"El Digital de Asturias - Diario de actualidad y noticias\",\"description\":\"Hemeroteca\",\"inLanguage\":\"es-ES\",\"publisher\":{\"@id\":\"https:\\\/\\\/www.eldigitaldeasturias.com\\\/noticias\\\/#organization\"}}]}\n\t\t<\/script>\n\t\t<!-- All in One SEO Pro -->\r\n\t\t<title>Mariano Rajoy \u00abno renuncia\u00bb a ser investido presidente - El Digital de Asturias<\/title>\n\n","aioseo_head_json":{"title":"Mariano Rajoy \u00abno renuncia\u00bb a ser investido presidente - El Digital de Asturias","description":"El presidente del Gobierno en funciones, Mariano Rajoy, ha confirmado este martes que el Rey no le ha encargado formar Gobierno durante su segunda entrevista en el Palacio de la Zarzuela, algo que ha calificado de \"razonable\" porque \"hoy\" a\u00fan no cuenta con los apoyos necesarios. Eso s\u00ed, ha asegurado que \"no renuncia\" a ser","canonical_url":"https:\/\/www.eldigitaldeasturias.com\/noticias\/mariano-rajoy-no-renuncia-a-ser-investido-presidente\/","robots":"max-image-preview:large","keywords":"actualidad","webmasterTools":{"google-site-verification":"UA-38556648-1","msvalidate.01":"7dfe9f3f1b24437ab69f4f2559babe99","miscellaneous":""},"schema":{"@context":"https:\/\/schema.org","@graph":[{"@type":"BlogPosting","@id":"https:\/\/www.eldigitaldeasturias.com\/noticias\/mariano-rajoy-no-renuncia-a-ser-investido-presidente\/#blogposting","name":"Mariano Rajoy \u00abno renuncia\u00bb a ser investido presidente - El Digital de Asturias","headline":"Mariano Rajoy \u00abno renuncia\u00bb a ser investido presidente","author":{"@id":"https:\/\/www.eldigitaldeasturias.com\/noticias\/author\/admin\/#author"},"publisher":{"@id":"https:\/\/www.eldigitaldeasturias.com\/noticias\/#organization"},"image":{"@type":"ImageObject","url":"https:\/\/www.eldigitaldeasturias.com\/noticias\/wp-content\/uploads\/2016\/02\/fotonoticia_20160202202741_800.jpg","width":800,"height":533},"datePublished":"2016-02-02T21:08:54+01:00","dateModified":"2016-02-02T21:08:54+01:00","inLanguage":"es-ES","mainEntityOfPage":{"@id":"https:\/\/www.eldigitaldeasturias.com\/noticias\/mariano-rajoy-no-renuncia-a-ser-investido-presidente\/#webpage"},"isPartOf":{"@id":"https:\/\/www.eldigitaldeasturias.com\/noticias\/mariano-rajoy-no-renuncia-a-ser-investido-presidente\/#webpage"},"articleSection":"Actualidad"},{"@type":"BreadcrumbList","@id":"https:\/\/www.eldigitaldeasturias.com\/noticias\/mariano-rajoy-no-renuncia-a-ser-investido-presidente\/#breadcrumblist","itemListElement":[{"@type":"ListItem","@id":"https:\/\/www.eldigitaldeasturias.com\/noticias#listItem","position":1,"name":"Home","item":"https:\/\/www.eldigitaldeasturias.com\/noticias","nextItem":{"@type":"ListItem","@id":"https:\/\/www.eldigitaldeasturias.com\/noticias\/category\/actualidad\/#listItem","name":"Actualidad"}},{"@type":"ListItem","@id":"https:\/\/www.eldigitaldeasturias.com\/noticias\/category\/actualidad\/#listItem","position":2,"name":"Actualidad","item":"https:\/\/www.eldigitaldeasturias.com\/noticias\/category\/actualidad\/","nextItem":{"@type":"ListItem","@id":"https:\/\/www.eldigitaldeasturias.com\/noticias\/mariano-rajoy-no-renuncia-a-ser-investido-presidente\/#listItem","name":"Mariano Rajoy \u00abno renuncia\u00bb a ser investido presidente"},"previousItem":{"@type":"ListItem","@id":"https:\/\/www.eldigitaldeasturias.com\/noticias#listItem","name":"Home"}},{"@type":"ListItem","@id":"https:\/\/www.eldigitaldeasturias.com\/noticias\/mariano-rajoy-no-renuncia-a-ser-investido-presidente\/#listItem","position":3,"name":"Mariano Rajoy \u00abno renuncia\u00bb a ser investido presidente","previousItem":{"@type":"ListItem","@id":"https:\/\/www.eldigitaldeasturias.com\/noticias\/category\/actualidad\/#listItem","name":"Actualidad"}}]},{"@type":"Organization","@id":"https:\/\/www.eldigitaldeasturias.com\/noticias\/#organization","name":"El Digital de Asturias","description":"Hemeroteca","url":"https:\/\/www.eldigitaldeasturias.com\/noticias\/","email":"info@eldigitaldeasturias.com","telephone":"+34652131393","logo":{"@type":"ImageObject","url":"https:\/\/www.eldigitaldeasturias.com\/noticias\/wp-content\/uploads\/2020\/12\/EDA.jpg","@id":"https:\/\/www.eldigitaldeasturias.com\/noticias\/mariano-rajoy-no-renuncia-a-ser-investido-presidente\/#organizationLogo","width":649,"height":297},"image":{"@id":"https:\/\/www.eldigitaldeasturias.com\/noticias\/mariano-rajoy-no-renuncia-a-ser-investido-presidente\/#organizationLogo"},"sameAs":["https:\/\/facebook.com\/eldigitaldeasturias","https:\/\/www.youtube.com\/channel\/UCZP-2wLEB9Rv6erhFmqVnvg"],"address":{"@id":"https:\/\/www.eldigitaldeasturias.com\/noticias\/#postaladdress","@type":"PostalAddress","streetAddress":"san antonio 4,","postalCode":"33430","addressLocality":"Cand\u00e1s","addressRegion":"Asturias","addressCountry":"ES"}},{"@type":"Person","@id":"https:\/\/www.eldigitaldeasturias.com\/noticias\/author\/admin\/#author","url":"https:\/\/www.eldigitaldeasturias.com\/noticias\/author\/admin\/","name":"El Digital de Asturias","image":{"@type":"ImageObject","@id":"https:\/\/www.eldigitaldeasturias.com\/noticias\/mariano-rajoy-no-renuncia-a-ser-investido-presidente\/#authorImage","url":"https:\/\/www.eldigitaldeasturias.com\/noticias\/wp-content\/litespeed\/avatar\/18677e78aa0546b92d9dbf31ec7d7668.jpg?ver=1776685526","width":96,"height":96,"caption":"El Digital de Asturias"}},{"@type":"WebPage","@id":"https:\/\/www.eldigitaldeasturias.com\/noticias\/mariano-rajoy-no-renuncia-a-ser-investido-presidente\/#webpage","url":"https:\/\/www.eldigitaldeasturias.com\/noticias\/mariano-rajoy-no-renuncia-a-ser-investido-presidente\/","name":"Mariano Rajoy \u00abno renuncia\u00bb a ser investido presidente - El Digital de Asturias","description":"El presidente del Gobierno en funciones, Mariano Rajoy, ha confirmado este martes que el Rey no le ha encargado formar Gobierno durante su segunda entrevista en el Palacio de la Zarzuela, algo que ha calificado de \"razonable\" porque \"hoy\" a\u00fan no cuenta con los apoyos necesarios. Eso s\u00ed, ha asegurado que \"no renuncia\" a ser","inLanguage":"es-ES","isPartOf":{"@id":"https:\/\/www.eldigitaldeasturias.com\/noticias\/#website"},"breadcrumb":{"@id":"https:\/\/www.eldigitaldeasturias.com\/noticias\/mariano-rajoy-no-renuncia-a-ser-investido-presidente\/#breadcrumblist"},"author":{"@id":"https:\/\/www.eldigitaldeasturias.com\/noticias\/author\/admin\/#author"},"creator":{"@id":"https:\/\/www.eldigitaldeasturias.com\/noticias\/author\/admin\/#author"},"image":{"@type":"ImageObject","url":"https:\/\/www.eldigitaldeasturias.com\/noticias\/wp-content\/uploads\/2016\/02\/fotonoticia_20160202202741_800.jpg","@id":"https:\/\/www.eldigitaldeasturias.com\/noticias\/mariano-rajoy-no-renuncia-a-ser-investido-presidente\/#mainImage","width":800,"height":533},"primaryImageOfPage":{"@id":"https:\/\/www.eldigitaldeasturias.com\/noticias\/mariano-rajoy-no-renuncia-a-ser-investido-presidente\/#mainImage"},"datePublished":"2016-02-02T21:08:54+01:00","dateModified":"2016-02-02T21:08:54+01:00"},{"@type":"WebSite","@id":"https:\/\/www.eldigitaldeasturias.com\/noticias\/#website","url":"https:\/\/www.eldigitaldeasturias.com\/noticias\/","name":"El Digital de Asturias - Diario de actualidad y noticias","alternateName":"El Digital de Asturias - Diario de actualidad y noticias","description":"Hemeroteca","inLanguage":"es-ES","publisher":{"@id":"https:\/\/www.eldigitaldeasturias.com\/noticias\/#organization"}}]},"og:locale":"es_ES","og:site_name":"El Digital de Asturias","og:type":"article","og:title":"Mariano Rajoy \u00abno renuncia\u00bb a ser investido presidente - El Digital de Asturias","og:description":"El presidente del Gobierno en funciones, Mariano Rajoy, ha confirmado este martes que el Rey no le ha encargado formar Gobierno durante su segunda entrevista en el Palacio de la Zarzuela, algo que ha calificado de &quot;razonable&quot; porque &quot;hoy&quot; a\u00fan no cuenta con los apoyos necesarios. Eso s\u00ed, ha asegurado que &quot;no renuncia&quot; a ser","og:url":"https:\/\/www.eldigitaldeasturias.com\/noticias\/mariano-rajoy-no-renuncia-a-ser-investido-presidente\/","og:image":"https:\/\/www.eldigitaldeasturias.com\/noticias\/wp-content\/uploads\/2016\/02\/fotonoticia_20160202202741_800.jpg","og:image:secure_url":"https:\/\/www.eldigitaldeasturias.com\/noticias\/wp-content\/uploads\/2016\/02\/fotonoticia_20160202202741_800.jpg","og:image:width":800,"og:image:height":533,"article:tag":["actualidad"],"article:published_time":"2016-02-02T21:08:54+00:00","article:modified_time":"2016-02-02T21:08:54+00:00","article:publisher":"https:\/\/facebook.com\/eldigitaldeasturias","twitter:card":"summary_large_image","twitter:title":"Mariano Rajoy \u00abno renuncia\u00bb a ser investido presidente - El Digital de Asturias","twitter:description":"El presidente del Gobierno en funciones, Mariano Rajoy, ha confirmado este martes que el Rey no le ha encargado formar Gobierno durante su segunda entrevista en el Palacio de la Zarzuela, algo que ha calificado de &quot;razonable&quot; porque &quot;hoy&quot; a\u00fan no cuenta con los apoyos necesarios. Eso s\u00ed, ha asegurado que &quot;no renuncia&quot; a ser","twitter:image":"https:\/\/www.eldigitaldeasturias.com\/noticias\/wp-content\/uploads\/2016\/02\/fotonoticia_20160202202741_800.jpg","twitter:label1":"Escrito por","twitter:data1":"El Digital de Asturias","twitter:label2":"Tiempo de lectura estimado","twitter:data2":"4 minutos"},"aioseo_meta_data":{"post_id":"853198","title":null,"description":null,"keywords":null,"keyphrases":null,"primary_term":null,"canonical_url":null,"og_title":null,"og_description":null,"og_object_type":"default","og_image_type":"default","og_image_url":null,"og_image_width":null,"og_image_height":null,"og_image_custom_url":null,"og_image_custom_fields":null,"og_video":null,"og_custom_url":null,"og_article_section":null,"og_article_tags":null,"twitter_use_og":false,"twitter_card":"default","twitter_image_type":"default","twitter_image_url":null,"twitter_image_custom_url":null,"twitter_image_custom_fields":null,"twitter_title":null,"twitter_description":null,"schema":{"blockGraphs":[],"customGraphs":[],"default":{"data":{"Article":[],"Course":[],"Dataset":[],"FAQPage":[],"Movie":[],"Person":[],"Product":[],"ProductReview":[],"Car":[],"Recipe":[],"Service":[],"SoftwareApplication":[],"WebPage":[]},"graphName":"","isEnabled":true},"graphs":[],"defaultGraph":"","defaultPostTypeGraph":""},"schema_type":null,"schema_type_options":null,"pillar_content":false,"robots_default":true,"robots_noindex":false,"robots_noarchive":false,"robots_nosnippet":false,"robots_nofollow":false,"robots_noimageindex":false,"robots_noodp":false,"robots_notranslate":false,"robots_max_snippet":null,"robots_max_videopreview":null,"robots_max_imagepreview":"large","priority":null,"frequency":null,"local_seo":null,"seo_analyzer_scan_date":"2025-12-09 17:17:11","breadcrumb_settings":null,"limit_modified_date":false,"open_ai":null,"ai":null,"created":"2021-01-22 23:55:28","updated":"2025-12-09 17:17:11"},"aioseo_breadcrumb":"<div class=\"aioseo-breadcrumbs\"><span class=\"aioseo-breadcrumb\">\n\t<a href=\"https:\/\/www.eldigitaldeasturias.com\/noticias\" title=\"Home\">Home<\/a>\n<\/span><span class=\"aioseo-breadcrumb-separator\">\u2013<\/span><span class=\"aioseo-breadcrumb\">\n\t<a href=\"https:\/\/www.eldigitaldeasturias.com\/noticias\/category\/actualidad\/\" title=\"Actualidad\">Actualidad<\/a>\n<\/span><span class=\"aioseo-breadcrumb-separator\">\u2013<\/span><span class=\"aioseo-breadcrumb\">\n\t<a href=\"https:\/\/www.eldigitaldeasturias.com\/noticias\/mariano-rajoy-no-renuncia-a-ser-investido-presidente\/\" title=\"Mariano Rajoy \u00abno renuncia\u00bb a ser investido presidente\">Mariano Rajoy \u00abno renuncia\u00bb a ser investido presidente<\/a>\n<\/span><\/div>","aioseo_breadcrumb_json":[{"label":"Home","link":"https:\/\/www.eldigitaldeasturias.com\/noticias"},{"label":"Actualidad","link":"https:\/\/www.eldigitaldeasturias.com\/noticias\/category\/actualidad\/"},{"label":"Mariano Rajoy \u00abno renuncia\u00bb a ser investido presidente","link":"https:\/\/www.eldigitaldeasturias.com\/noticias\/mariano-rajoy-no-renuncia-a-ser-investido-presidente\/"}],"_links":{"self":[{"href":"https:\/\/www.eldigitaldeasturias.com\/noticias\/wp-json\/wp\/v2\/posts\/853198","targetHints":{"allow":["GET"]}}],"collection":[{"href":"https:\/\/www.eldigitaldeasturias.com\/noticias\/wp-json\/wp\/v2\/posts"}],"about":[{"href":"https:\/\/www.eldigitaldeasturias.com\/noticias\/wp-json\/wp\/v2\/types\/post"}],"author":[{"embeddable":true,"href":"https:\/\/www.eldigitaldeasturias.com\/noticias\/wp-json\/wp\/v2\/users\/1"}],"replies":[{"embeddable":true,"href":"https:\/\/www.eldigitaldeasturias.com\/noticias\/wp-json\/wp\/v2\/comments?post=853198"}],"version-history":[{"count":0,"href":"https:\/\/www.eldigitaldeasturias.com\/noticias\/wp-json\/wp\/v2\/posts\/853198\/revisions"}],"wp:featuredmedia":[{"embeddable":true,"href":"https:\/\/www.eldigitaldeasturias.com\/noticias\/wp-json\/wp\/v2\/media\/853199"}],"wp:attachment":[{"href":"https:\/\/www.eldigitaldeasturias.com\/noticias\/wp-json\/wp\/v2\/media?parent=853198"}],"wp:term":[{"taxonomy":"category","embeddable":true,"href":"https:\/\/www.eldigitaldeasturias.com\/noticias\/wp-json\/wp\/v2\/categories?post=853198"},{"taxonomy":"post_tag","embeddable":true,"href":"https:\/\/www.eldigitaldeasturias.com\/noticias\/wp-json\/wp\/v2\/tags?post=853198"}],"curies":[{"name":"wp","href":"https:\/\/api.w.org\/{rel}","templated":true}]}}