{"id":853195,"date":"2016-02-02T21:06:58","date_gmt":"2016-02-02T21:06:58","guid":{"rendered":"http:\/\/www.eldigitaldeasturias.com\/noticias\/?p=853195"},"modified":"2016-02-02T21:06:58","modified_gmt":"2016-02-02T21:06:58","slug":"rajoy-asegura-que-el-pp-actuara-con-rita-barbera-como-con-cualquier-otro-militante","status":"publish","type":"post","link":"https:\/\/www.eldigitaldeasturias.com\/noticias\/rajoy-asegura-que-el-pp-actuara-con-rita-barbera-como-con-cualquier-otro-militante\/","title":{"rendered":"Rajoy asegura que el PP actuar\u00e1 con Rita Barber\u00e1 como con \u00abcualquier otro militante\u00bb"},"content":{"rendered":"<p><img loading=\"lazy\" decoding=\"async\" class=\"alignleft size-medium wp-image-853196\" src=\"https:\/\/www.eldigitaldeasturias.com\/noticias\/wp-content\/uploads\/2016\/02\/fotonoticia_20160202194615_800-360x202.jpg\" alt=\"fotonoticia_20160202194615_800\" width=\"360\" height=\"202\" srcset=\"https:\/\/www.eldigitaldeasturias.com\/noticias\/wp-content\/uploads\/2016\/02\/fotonoticia_20160202194615_800-360x202.jpg 360w, https:\/\/www.eldigitaldeasturias.com\/noticias\/wp-content\/uploads\/2016\/02\/fotonoticia_20160202194615_800-768x430.jpg 768w, https:\/\/www.eldigitaldeasturias.com\/noticias\/wp-content\/uploads\/2016\/02\/fotonoticia_20160202194615_800-650x364.jpg 650w, https:\/\/www.eldigitaldeasturias.com\/noticias\/wp-content\/uploads\/2016\/02\/fotonoticia_20160202194615_800.jpg 800w\" sizes=\"auto, (max-width: 360px) 100vw, 360px\" \/>El presidente del Gobierno, Mariano Rajoy, ha asegurado que el partido actuar\u00e1 con la ex alcaldesa de Valencia y senadora, Rita Barber\u00e1, como con \u00abcualquier otro militante\u00bb y ha defendido la reacci\u00f3n del partido en la Comunidad Valenciana ante los casos de corrupci\u00f3n, donde \u00abtodas las personas detenidas han sido suspendidas y apartadas de militancia\u00bb.<\/p>\n<p>El presidente ha sido preguntado por la situaci\u00f3n de Barber\u00e1 en la rueda de prensa que ha ofrecido tras su segunda audiencia con el Rey por el proceso de investidura. Ha asegurado que el PP ha hecho todo de lo que ha sido \u00abcapaz\u00bb contra la corrupci\u00f3n en los \u00faltimos a\u00f1os, pero que est\u00e1n dispuestos a m\u00e1s.<\/p>\n<p>En la Comunidad Valenciana, a su juicio el partido ha reaccionado apartando a las personas detenidas, disolviendo la organizaci\u00f3n en la capital y organizando una gestora, que se constituir\u00e1 en los pr\u00f3ximos d\u00edas. Y la direcci\u00f3n nacional del PP, ha a\u00f1adido, respaldar\u00e1 las decisiones que tome en el futuro la direcci\u00f3n regional, conforme transcurran las declaraciones judiciales.<\/p>\n<p>\u00abLa situaci\u00f3n de Rita Barber\u00e1 ser\u00e1 la misma que la de cualquier otro militante del PP, desde el del municipio m\u00e1s peque\u00f1o de Espa\u00f1a hasta el presidente del partido, que soy yo\u00bb, ha dicho sobre la senadora.<\/p>\n<p>La semana pasada, tras conocerse la operaci\u00f3n policial en el PP valenciano por la investigaci\u00f3n del caso Imelsa, Rajoy afirm\u00f3 que Barber\u00e1 estaba \u00ablimpia\u00bb mientras la justicia no diga lo contrario y puesto que todav\u00eda no hab\u00eda sido llamada a declarar ni imputada.<\/p>\n","protected":false},"excerpt":{"rendered":"<p>El presidente del Gobierno, Mariano Rajoy, ha asegurado que el partido actuar\u00e1 con la ex alcaldesa de Valencia y senadora, Rita Barber\u00e1, como con \u00abcualquier otro militante\u00bb y ha defendido la reacci\u00f3n del partido en la Comunidad Valenciana ante los casos de corrupci\u00f3n, donde \u00abtodas las personas detenidas han sido suspendidas y apartadas de militancia\u00bb. [&hellip;]<\/p>\n","protected":false},"author":1,"featured_media":853196,"comment_status":"closed","ping_status":"closed","sticky":false,"template":"","format":"standard","meta":{"footnotes":""},"categories":[1],"tags":[],"class_list":["post-853195","post","type-post","status-publish","format-standard","has-post-thumbnail","hentry","category-actualidad"],"aioseo_notices":[],"aioseo_head":"\n\t\t<!-- All in One SEO Pro 4.9.6.2 - aioseo.com -->\n\t<meta name=\"description\" content=\"El presidente del Gobierno, Mariano Rajoy, ha asegurado que el partido actuar\u00e1 con la ex alcaldesa de Valencia y senadora, Rita Barber\u00e1, como con &quot;cualquier otro militante&quot; y ha defendido la reacci\u00f3n del partido en la Comunidad Valenciana ante los casos de corrupci\u00f3n, donde &quot;todas las personas detenidas han sido suspendidas y apartadas de militancia&quot;.\" \/>\n\t<meta name=\"robots\" content=\"max-image-preview:large\" \/>\n\t<meta name=\"author\" content=\"El Digital de Asturias\"\/>\n\t<meta name=\"google-site-verification\" content=\"UA-38556648-1\" \/>\n\t<meta name=\"msvalidate.01\" content=\"7dfe9f3f1b24437ab69f4f2559babe99\" \/>\n\t<meta name=\"keywords\" content=\"actualidad\" \/>\n\t<link rel=\"canonical\" href=\"https:\/\/www.eldigitaldeasturias.com\/noticias\/rajoy-asegura-que-el-pp-actuara-con-rita-barbera-como-con-cualquier-otro-militante\/\" \/>\n\t<meta name=\"generator\" content=\"All in One SEO Pro (AIOSEO) 4.9.6.2\" \/>\n\t\t<meta property=\"og:locale\" content=\"es_ES\" \/>\n\t\t<meta property=\"og:site_name\" content=\"El Digital de Asturias\" \/>\n\t\t<meta property=\"og:type\" content=\"article\" \/>\n\t\t<meta property=\"og:title\" content=\"Rajoy asegura que el PP actuar\u00e1 con Rita Barber\u00e1 como con \u00abcualquier otro militante\u00bb - El Digital de Asturias\" \/>\n\t\t<meta property=\"og:description\" content=\"El presidente del Gobierno, Mariano Rajoy, ha asegurado que el partido actuar\u00e1 con la ex alcaldesa de Valencia y senadora, Rita Barber\u00e1, como con &quot;cualquier otro militante&quot; y ha defendido la reacci\u00f3n del partido en la Comunidad Valenciana ante los casos de corrupci\u00f3n, donde &quot;todas las personas detenidas han sido suspendidas y apartadas de militancia&quot;.\" \/>\n\t\t<meta property=\"og:url\" content=\"https:\/\/www.eldigitaldeasturias.com\/noticias\/rajoy-asegura-que-el-pp-actuara-con-rita-barbera-como-con-cualquier-otro-militante\/\" \/>\n\t\t<meta property=\"og:image\" content=\"https:\/\/www.eldigitaldeasturias.com\/noticias\/wp-content\/uploads\/2016\/02\/fotonoticia_20160202194615_800.jpg\" \/>\n\t\t<meta property=\"og:image:secure_url\" content=\"https:\/\/www.eldigitaldeasturias.com\/noticias\/wp-content\/uploads\/2016\/02\/fotonoticia_20160202194615_800.jpg\" \/>\n\t\t<meta property=\"og:image:width\" content=\"800\" \/>\n\t\t<meta property=\"og:image:height\" content=\"448\" \/>\n\t\t<meta property=\"article:tag\" content=\"actualidad\" \/>\n\t\t<meta property=\"article:published_time\" content=\"2016-02-02T21:06:58+00:00\" \/>\n\t\t<meta property=\"article:modified_time\" content=\"2016-02-02T21:06:58+00:00\" \/>\n\t\t<meta property=\"article:publisher\" content=\"https:\/\/facebook.com\/eldigitaldeasturias\" \/>\n\t\t<meta name=\"twitter:card\" content=\"summary_large_image\" \/>\n\t\t<meta name=\"twitter:title\" content=\"Rajoy asegura que el PP actuar\u00e1 con Rita Barber\u00e1 como con \u00abcualquier otro militante\u00bb - El Digital de Asturias\" \/>\n\t\t<meta name=\"twitter:description\" content=\"El presidente del Gobierno, Mariano Rajoy, ha asegurado que el partido actuar\u00e1 con la ex alcaldesa de Valencia y senadora, Rita Barber\u00e1, como con &quot;cualquier otro militante&quot; y ha defendido la reacci\u00f3n del partido en la Comunidad Valenciana ante los casos de corrupci\u00f3n, donde &quot;todas las personas detenidas han sido suspendidas y apartadas de militancia&quot;.\" \/>\n\t\t<meta name=\"twitter:image\" content=\"https:\/\/www.eldigitaldeasturias.com\/noticias\/wp-content\/uploads\/2016\/02\/fotonoticia_20160202194615_800.jpg\" \/>\n\t\t<meta name=\"twitter:label1\" content=\"Escrito por\" \/>\n\t\t<meta name=\"twitter:data1\" content=\"El Digital de Asturias\" \/>\n\t\t<meta name=\"twitter:label2\" content=\"Tiempo de lectura estimado\" \/>\n\t\t<meta name=\"twitter:data2\" content=\"1 minuto\" \/>\n\t\t<script type=\"application\/ld+json\" class=\"aioseo-schema\">\n\t\t\t{\"@context\":\"https:\\\/\\\/schema.org\",\"@graph\":[{\"@type\":\"BlogPosting\",\"@id\":\"https:\\\/\\\/www.eldigitaldeasturias.com\\\/noticias\\\/rajoy-asegura-que-el-pp-actuara-con-rita-barbera-como-con-cualquier-otro-militante\\\/#blogposting\",\"name\":\"Rajoy asegura que el PP actuar\\u00e1 con Rita Barber\\u00e1 como con \\u00abcualquier otro militante\\u00bb - El Digital de Asturias\",\"headline\":\"Rajoy asegura que el PP actuar\\u00e1 con Rita Barber\\u00e1 como con \\u00abcualquier otro militante\\u00bb\",\"author\":{\"@id\":\"https:\\\/\\\/www.eldigitaldeasturias.com\\\/noticias\\\/author\\\/admin\\\/#author\"},\"publisher\":{\"@id\":\"https:\\\/\\\/www.eldigitaldeasturias.com\\\/noticias\\\/#organization\"},\"image\":{\"@type\":\"ImageObject\",\"url\":\"https:\\\/\\\/www.eldigitaldeasturias.com\\\/noticias\\\/wp-content\\\/uploads\\\/2016\\\/02\\\/fotonoticia_20160202194615_800.jpg\",\"width\":800,\"height\":448},\"datePublished\":\"2016-02-02T21:06:58+01:00\",\"dateModified\":\"2016-02-02T21:06:58+01:00\",\"inLanguage\":\"es-ES\",\"mainEntityOfPage\":{\"@id\":\"https:\\\/\\\/www.eldigitaldeasturias.com\\\/noticias\\\/rajoy-asegura-que-el-pp-actuara-con-rita-barbera-como-con-cualquier-otro-militante\\\/#webpage\"},\"isPartOf\":{\"@id\":\"https:\\\/\\\/www.eldigitaldeasturias.com\\\/noticias\\\/rajoy-asegura-que-el-pp-actuara-con-rita-barbera-como-con-cualquier-otro-militante\\\/#webpage\"},\"articleSection\":\"Actualidad\"},{\"@type\":\"BreadcrumbList\",\"@id\":\"https:\\\/\\\/www.eldigitaldeasturias.com\\\/noticias\\\/rajoy-asegura-que-el-pp-actuara-con-rita-barbera-como-con-cualquier-otro-militante\\\/#breadcrumblist\",\"itemListElement\":[{\"@type\":\"ListItem\",\"@id\":\"https:\\\/\\\/www.eldigitaldeasturias.com\\\/noticias#listItem\",\"position\":1,\"name\":\"Home\",\"item\":\"https:\\\/\\\/www.eldigitaldeasturias.com\\\/noticias\",\"nextItem\":{\"@type\":\"ListItem\",\"@id\":\"https:\\\/\\\/www.eldigitaldeasturias.com\\\/noticias\\\/category\\\/actualidad\\\/#listItem\",\"name\":\"Actualidad\"}},{\"@type\":\"ListItem\",\"@id\":\"https:\\\/\\\/www.eldigitaldeasturias.com\\\/noticias\\\/category\\\/actualidad\\\/#listItem\",\"position\":2,\"name\":\"Actualidad\",\"item\":\"https:\\\/\\\/www.eldigitaldeasturias.com\\\/noticias\\\/category\\\/actualidad\\\/\",\"nextItem\":{\"@type\":\"ListItem\",\"@id\":\"https:\\\/\\\/www.eldigitaldeasturias.com\\\/noticias\\\/rajoy-asegura-que-el-pp-actuara-con-rita-barbera-como-con-cualquier-otro-militante\\\/#listItem\",\"name\":\"Rajoy asegura que el PP actuar\\u00e1 con Rita Barber\\u00e1 como con \\u00abcualquier otro militante\\u00bb\"},\"previousItem\":{\"@type\":\"ListItem\",\"@id\":\"https:\\\/\\\/www.eldigitaldeasturias.com\\\/noticias#listItem\",\"name\":\"Home\"}},{\"@type\":\"ListItem\",\"@id\":\"https:\\\/\\\/www.eldigitaldeasturias.com\\\/noticias\\\/rajoy-asegura-que-el-pp-actuara-con-rita-barbera-como-con-cualquier-otro-militante\\\/#listItem\",\"position\":3,\"name\":\"Rajoy asegura que el PP actuar\\u00e1 con Rita Barber\\u00e1 como con \\u00abcualquier otro militante\\u00bb\",\"previousItem\":{\"@type\":\"ListItem\",\"@id\":\"https:\\\/\\\/www.eldigitaldeasturias.com\\\/noticias\\\/category\\\/actualidad\\\/#listItem\",\"name\":\"Actualidad\"}}]},{\"@type\":\"Organization\",\"@id\":\"https:\\\/\\\/www.eldigitaldeasturias.com\\\/noticias\\\/#organization\",\"name\":\"El Digital de Asturias\",\"description\":\"Hemeroteca\",\"url\":\"https:\\\/\\\/www.eldigitaldeasturias.com\\\/noticias\\\/\",\"email\":\"info@eldigitaldeasturias.com\",\"telephone\":\"+34652131393\",\"logo\":{\"@type\":\"ImageObject\",\"url\":\"https:\\\/\\\/www.eldigitaldeasturias.com\\\/noticias\\\/wp-content\\\/uploads\\\/2020\\\/12\\\/EDA.jpg\",\"@id\":\"https:\\\/\\\/www.eldigitaldeasturias.com\\\/noticias\\\/rajoy-asegura-que-el-pp-actuara-con-rita-barbera-como-con-cualquier-otro-militante\\\/#organizationLogo\",\"width\":649,\"height\":297},\"image\":{\"@id\":\"https:\\\/\\\/www.eldigitaldeasturias.com\\\/noticias\\\/rajoy-asegura-que-el-pp-actuara-con-rita-barbera-como-con-cualquier-otro-militante\\\/#organizationLogo\"},\"sameAs\":[\"https:\\\/\\\/facebook.com\\\/eldigitaldeasturias\",\"https:\\\/\\\/www.youtube.com\\\/channel\\\/UCZP-2wLEB9Rv6erhFmqVnvg\"],\"address\":{\"@id\":\"https:\\\/\\\/www.eldigitaldeasturias.com\\\/noticias\\\/#postaladdress\",\"@type\":\"PostalAddress\",\"streetAddress\":\"san antonio 4,\",\"postalCode\":\"33430\",\"addressLocality\":\"Cand\\u00e1s\",\"addressRegion\":\"Asturias\",\"addressCountry\":\"ES\"}},{\"@type\":\"Person\",\"@id\":\"https:\\\/\\\/www.eldigitaldeasturias.com\\\/noticias\\\/author\\\/admin\\\/#author\",\"url\":\"https:\\\/\\\/www.eldigitaldeasturias.com\\\/noticias\\\/author\\\/admin\\\/\",\"name\":\"El Digital de Asturias\",\"image\":{\"@type\":\"ImageObject\",\"@id\":\"https:\\\/\\\/www.eldigitaldeasturias.com\\\/noticias\\\/rajoy-asegura-que-el-pp-actuara-con-rita-barbera-como-con-cualquier-otro-militante\\\/#authorImage\",\"url\":\"https:\\\/\\\/www.eldigitaldeasturias.com\\\/noticias\\\/wp-content\\\/litespeed\\\/avatar\\\/18677e78aa0546b92d9dbf31ec7d7668.jpg?ver=1776685526\",\"width\":96,\"height\":96,\"caption\":\"El Digital de Asturias\"}},{\"@type\":\"WebPage\",\"@id\":\"https:\\\/\\\/www.eldigitaldeasturias.com\\\/noticias\\\/rajoy-asegura-que-el-pp-actuara-con-rita-barbera-como-con-cualquier-otro-militante\\\/#webpage\",\"url\":\"https:\\\/\\\/www.eldigitaldeasturias.com\\\/noticias\\\/rajoy-asegura-que-el-pp-actuara-con-rita-barbera-como-con-cualquier-otro-militante\\\/\",\"name\":\"Rajoy asegura que el PP actuar\\u00e1 con Rita Barber\\u00e1 como con \\u00abcualquier otro militante\\u00bb - El Digital de Asturias\",\"description\":\"El presidente del Gobierno, Mariano Rajoy, ha asegurado que el partido actuar\\u00e1 con la ex alcaldesa de Valencia y senadora, Rita Barber\\u00e1, como con \\\"cualquier otro militante\\\" y ha defendido la reacci\\u00f3n del partido en la Comunidad Valenciana ante los casos de corrupci\\u00f3n, donde \\\"todas las personas detenidas han sido suspendidas y apartadas de militancia\\\".\",\"inLanguage\":\"es-ES\",\"isPartOf\":{\"@id\":\"https:\\\/\\\/www.eldigitaldeasturias.com\\\/noticias\\\/#website\"},\"breadcrumb\":{\"@id\":\"https:\\\/\\\/www.eldigitaldeasturias.com\\\/noticias\\\/rajoy-asegura-que-el-pp-actuara-con-rita-barbera-como-con-cualquier-otro-militante\\\/#breadcrumblist\"},\"author\":{\"@id\":\"https:\\\/\\\/www.eldigitaldeasturias.com\\\/noticias\\\/author\\\/admin\\\/#author\"},\"creator\":{\"@id\":\"https:\\\/\\\/www.eldigitaldeasturias.com\\\/noticias\\\/author\\\/admin\\\/#author\"},\"image\":{\"@type\":\"ImageObject\",\"url\":\"https:\\\/\\\/www.eldigitaldeasturias.com\\\/noticias\\\/wp-content\\\/uploads\\\/2016\\\/02\\\/fotonoticia_20160202194615_800.jpg\",\"@id\":\"https:\\\/\\\/www.eldigitaldeasturias.com\\\/noticias\\\/rajoy-asegura-que-el-pp-actuara-con-rita-barbera-como-con-cualquier-otro-militante\\\/#mainImage\",\"width\":800,\"height\":448},\"primaryImageOfPage\":{\"@id\":\"https:\\\/\\\/www.eldigitaldeasturias.com\\\/noticias\\\/rajoy-asegura-que-el-pp-actuara-con-rita-barbera-como-con-cualquier-otro-militante\\\/#mainImage\"},\"datePublished\":\"2016-02-02T21:06:58+01:00\",\"dateModified\":\"2016-02-02T21:06:58+01:00\"},{\"@type\":\"WebSite\",\"@id\":\"https:\\\/\\\/www.eldigitaldeasturias.com\\\/noticias\\\/#website\",\"url\":\"https:\\\/\\\/www.eldigitaldeasturias.com\\\/noticias\\\/\",\"name\":\"El Digital de Asturias - Diario de actualidad y noticias\",\"alternateName\":\"El Digital de Asturias - Diario de actualidad y noticias\",\"description\":\"Hemeroteca\",\"inLanguage\":\"es-ES\",\"publisher\":{\"@id\":\"https:\\\/\\\/www.eldigitaldeasturias.com\\\/noticias\\\/#organization\"}}]}\n\t\t<\/script>\n\t\t<!-- All in One SEO Pro -->\r\n\t\t<title>Rajoy asegura que el PP actuar\u00e1 con Rita Barber\u00e1 como con \u00abcualquier otro militante\u00bb - El Digital de Asturias<\/title>\n\n","aioseo_head_json":{"title":"Rajoy asegura que el PP actuar\u00e1 con Rita Barber\u00e1 como con \u00abcualquier otro militante\u00bb - El Digital de Asturias","description":"El presidente del Gobierno, Mariano Rajoy, ha asegurado que el partido actuar\u00e1 con la ex alcaldesa de Valencia y senadora, Rita Barber\u00e1, como con \"cualquier otro militante\" y ha defendido la reacci\u00f3n del partido en la Comunidad Valenciana ante los casos de corrupci\u00f3n, donde \"todas las personas detenidas han sido suspendidas y apartadas de militancia\".","canonical_url":"https:\/\/www.eldigitaldeasturias.com\/noticias\/rajoy-asegura-que-el-pp-actuara-con-rita-barbera-como-con-cualquier-otro-militante\/","robots":"max-image-preview:large","keywords":"actualidad","webmasterTools":{"google-site-verification":"UA-38556648-1","msvalidate.01":"7dfe9f3f1b24437ab69f4f2559babe99","miscellaneous":""},"schema":{"@context":"https:\/\/schema.org","@graph":[{"@type":"BlogPosting","@id":"https:\/\/www.eldigitaldeasturias.com\/noticias\/rajoy-asegura-que-el-pp-actuara-con-rita-barbera-como-con-cualquier-otro-militante\/#blogposting","name":"Rajoy asegura que el PP actuar\u00e1 con Rita Barber\u00e1 como con \u00abcualquier otro militante\u00bb - El Digital de Asturias","headline":"Rajoy asegura que el PP actuar\u00e1 con Rita Barber\u00e1 como con \u00abcualquier otro militante\u00bb","author":{"@id":"https:\/\/www.eldigitaldeasturias.com\/noticias\/author\/admin\/#author"},"publisher":{"@id":"https:\/\/www.eldigitaldeasturias.com\/noticias\/#organization"},"image":{"@type":"ImageObject","url":"https:\/\/www.eldigitaldeasturias.com\/noticias\/wp-content\/uploads\/2016\/02\/fotonoticia_20160202194615_800.jpg","width":800,"height":448},"datePublished":"2016-02-02T21:06:58+01:00","dateModified":"2016-02-02T21:06:58+01:00","inLanguage":"es-ES","mainEntityOfPage":{"@id":"https:\/\/www.eldigitaldeasturias.com\/noticias\/rajoy-asegura-que-el-pp-actuara-con-rita-barbera-como-con-cualquier-otro-militante\/#webpage"},"isPartOf":{"@id":"https:\/\/www.eldigitaldeasturias.com\/noticias\/rajoy-asegura-que-el-pp-actuara-con-rita-barbera-como-con-cualquier-otro-militante\/#webpage"},"articleSection":"Actualidad"},{"@type":"BreadcrumbList","@id":"https:\/\/www.eldigitaldeasturias.com\/noticias\/rajoy-asegura-que-el-pp-actuara-con-rita-barbera-como-con-cualquier-otro-militante\/#breadcrumblist","itemListElement":[{"@type":"ListItem","@id":"https:\/\/www.eldigitaldeasturias.com\/noticias#listItem","position":1,"name":"Home","item":"https:\/\/www.eldigitaldeasturias.com\/noticias","nextItem":{"@type":"ListItem","@id":"https:\/\/www.eldigitaldeasturias.com\/noticias\/category\/actualidad\/#listItem","name":"Actualidad"}},{"@type":"ListItem","@id":"https:\/\/www.eldigitaldeasturias.com\/noticias\/category\/actualidad\/#listItem","position":2,"name":"Actualidad","item":"https:\/\/www.eldigitaldeasturias.com\/noticias\/category\/actualidad\/","nextItem":{"@type":"ListItem","@id":"https:\/\/www.eldigitaldeasturias.com\/noticias\/rajoy-asegura-que-el-pp-actuara-con-rita-barbera-como-con-cualquier-otro-militante\/#listItem","name":"Rajoy asegura que el PP actuar\u00e1 con Rita Barber\u00e1 como con \u00abcualquier otro militante\u00bb"},"previousItem":{"@type":"ListItem","@id":"https:\/\/www.eldigitaldeasturias.com\/noticias#listItem","name":"Home"}},{"@type":"ListItem","@id":"https:\/\/www.eldigitaldeasturias.com\/noticias\/rajoy-asegura-que-el-pp-actuara-con-rita-barbera-como-con-cualquier-otro-militante\/#listItem","position":3,"name":"Rajoy asegura que el PP actuar\u00e1 con Rita Barber\u00e1 como con \u00abcualquier otro militante\u00bb","previousItem":{"@type":"ListItem","@id":"https:\/\/www.eldigitaldeasturias.com\/noticias\/category\/actualidad\/#listItem","name":"Actualidad"}}]},{"@type":"Organization","@id":"https:\/\/www.eldigitaldeasturias.com\/noticias\/#organization","name":"El Digital de Asturias","description":"Hemeroteca","url":"https:\/\/www.eldigitaldeasturias.com\/noticias\/","email":"info@eldigitaldeasturias.com","telephone":"+34652131393","logo":{"@type":"ImageObject","url":"https:\/\/www.eldigitaldeasturias.com\/noticias\/wp-content\/uploads\/2020\/12\/EDA.jpg","@id":"https:\/\/www.eldigitaldeasturias.com\/noticias\/rajoy-asegura-que-el-pp-actuara-con-rita-barbera-como-con-cualquier-otro-militante\/#organizationLogo","width":649,"height":297},"image":{"@id":"https:\/\/www.eldigitaldeasturias.com\/noticias\/rajoy-asegura-que-el-pp-actuara-con-rita-barbera-como-con-cualquier-otro-militante\/#organizationLogo"},"sameAs":["https:\/\/facebook.com\/eldigitaldeasturias","https:\/\/www.youtube.com\/channel\/UCZP-2wLEB9Rv6erhFmqVnvg"],"address":{"@id":"https:\/\/www.eldigitaldeasturias.com\/noticias\/#postaladdress","@type":"PostalAddress","streetAddress":"san antonio 4,","postalCode":"33430","addressLocality":"Cand\u00e1s","addressRegion":"Asturias","addressCountry":"ES"}},{"@type":"Person","@id":"https:\/\/www.eldigitaldeasturias.com\/noticias\/author\/admin\/#author","url":"https:\/\/www.eldigitaldeasturias.com\/noticias\/author\/admin\/","name":"El Digital de Asturias","image":{"@type":"ImageObject","@id":"https:\/\/www.eldigitaldeasturias.com\/noticias\/rajoy-asegura-que-el-pp-actuara-con-rita-barbera-como-con-cualquier-otro-militante\/#authorImage","url":"https:\/\/www.eldigitaldeasturias.com\/noticias\/wp-content\/litespeed\/avatar\/18677e78aa0546b92d9dbf31ec7d7668.jpg?ver=1776685526","width":96,"height":96,"caption":"El Digital de Asturias"}},{"@type":"WebPage","@id":"https:\/\/www.eldigitaldeasturias.com\/noticias\/rajoy-asegura-que-el-pp-actuara-con-rita-barbera-como-con-cualquier-otro-militante\/#webpage","url":"https:\/\/www.eldigitaldeasturias.com\/noticias\/rajoy-asegura-que-el-pp-actuara-con-rita-barbera-como-con-cualquier-otro-militante\/","name":"Rajoy asegura que el PP actuar\u00e1 con Rita Barber\u00e1 como con \u00abcualquier otro militante\u00bb - El Digital de Asturias","description":"El presidente del Gobierno, Mariano Rajoy, ha asegurado que el partido actuar\u00e1 con la ex alcaldesa de Valencia y senadora, Rita Barber\u00e1, como con \"cualquier otro militante\" y ha defendido la reacci\u00f3n del partido en la Comunidad Valenciana ante los casos de corrupci\u00f3n, donde \"todas las personas detenidas han sido suspendidas y apartadas de militancia\".","inLanguage":"es-ES","isPartOf":{"@id":"https:\/\/www.eldigitaldeasturias.com\/noticias\/#website"},"breadcrumb":{"@id":"https:\/\/www.eldigitaldeasturias.com\/noticias\/rajoy-asegura-que-el-pp-actuara-con-rita-barbera-como-con-cualquier-otro-militante\/#breadcrumblist"},"author":{"@id":"https:\/\/www.eldigitaldeasturias.com\/noticias\/author\/admin\/#author"},"creator":{"@id":"https:\/\/www.eldigitaldeasturias.com\/noticias\/author\/admin\/#author"},"image":{"@type":"ImageObject","url":"https:\/\/www.eldigitaldeasturias.com\/noticias\/wp-content\/uploads\/2016\/02\/fotonoticia_20160202194615_800.jpg","@id":"https:\/\/www.eldigitaldeasturias.com\/noticias\/rajoy-asegura-que-el-pp-actuara-con-rita-barbera-como-con-cualquier-otro-militante\/#mainImage","width":800,"height":448},"primaryImageOfPage":{"@id":"https:\/\/www.eldigitaldeasturias.com\/noticias\/rajoy-asegura-que-el-pp-actuara-con-rita-barbera-como-con-cualquier-otro-militante\/#mainImage"},"datePublished":"2016-02-02T21:06:58+01:00","dateModified":"2016-02-02T21:06:58+01:00"},{"@type":"WebSite","@id":"https:\/\/www.eldigitaldeasturias.com\/noticias\/#website","url":"https:\/\/www.eldigitaldeasturias.com\/noticias\/","name":"El Digital de Asturias - Diario de actualidad y noticias","alternateName":"El Digital de Asturias - Diario de actualidad y noticias","description":"Hemeroteca","inLanguage":"es-ES","publisher":{"@id":"https:\/\/www.eldigitaldeasturias.com\/noticias\/#organization"}}]},"og:locale":"es_ES","og:site_name":"El Digital de Asturias","og:type":"article","og:title":"Rajoy asegura que el PP actuar\u00e1 con Rita Barber\u00e1 como con \u00abcualquier otro militante\u00bb - El Digital de Asturias","og:description":"El presidente del Gobierno, Mariano Rajoy, ha asegurado que el partido actuar\u00e1 con la ex alcaldesa de Valencia y senadora, Rita Barber\u00e1, como con &quot;cualquier otro militante&quot; y ha defendido la reacci\u00f3n del partido en la Comunidad Valenciana ante los casos de corrupci\u00f3n, donde &quot;todas las personas detenidas han sido suspendidas y apartadas de militancia&quot;.","og:url":"https:\/\/www.eldigitaldeasturias.com\/noticias\/rajoy-asegura-que-el-pp-actuara-con-rita-barbera-como-con-cualquier-otro-militante\/","og:image":"https:\/\/www.eldigitaldeasturias.com\/noticias\/wp-content\/uploads\/2016\/02\/fotonoticia_20160202194615_800.jpg","og:image:secure_url":"https:\/\/www.eldigitaldeasturias.com\/noticias\/wp-content\/uploads\/2016\/02\/fotonoticia_20160202194615_800.jpg","og:image:width":800,"og:image:height":448,"article:tag":["actualidad"],"article:published_time":"2016-02-02T21:06:58+00:00","article:modified_time":"2016-02-02T21:06:58+00:00","article:publisher":"https:\/\/facebook.com\/eldigitaldeasturias","twitter:card":"summary_large_image","twitter:title":"Rajoy asegura que el PP actuar\u00e1 con Rita Barber\u00e1 como con \u00abcualquier otro militante\u00bb - El Digital de Asturias","twitter:description":"El presidente del Gobierno, Mariano Rajoy, ha asegurado que el partido actuar\u00e1 con la ex alcaldesa de Valencia y senadora, Rita Barber\u00e1, como con &quot;cualquier otro militante&quot; y ha defendido la reacci\u00f3n del partido en la Comunidad Valenciana ante los casos de corrupci\u00f3n, donde &quot;todas las personas detenidas han sido suspendidas y apartadas de militancia&quot;.","twitter:image":"https:\/\/www.eldigitaldeasturias.com\/noticias\/wp-content\/uploads\/2016\/02\/fotonoticia_20160202194615_800.jpg","twitter:label1":"Escrito por","twitter:data1":"El Digital de Asturias","twitter:label2":"Tiempo de lectura estimado","twitter:data2":"1 minuto"},"aioseo_meta_data":{"post_id":"853195","title":null,"description":null,"keywords":null,"keyphrases":null,"primary_term":null,"canonical_url":null,"og_title":null,"og_description":null,"og_object_type":"default","og_image_type":"default","og_image_url":null,"og_image_width":null,"og_image_height":null,"og_image_custom_url":null,"og_image_custom_fields":null,"og_video":null,"og_custom_url":null,"og_article_section":null,"og_article_tags":null,"twitter_use_og":false,"twitter_card":"default","twitter_image_type":"default","twitter_image_url":null,"twitter_image_custom_url":null,"twitter_image_custom_fields":null,"twitter_title":null,"twitter_description":null,"schema":{"blockGraphs":[],"customGraphs":[],"default":{"data":{"Article":[],"Course":[],"Dataset":[],"FAQPage":[],"Movie":[],"Person":[],"Product":[],"ProductReview":[],"Car":[],"Recipe":[],"Service":[],"SoftwareApplication":[],"WebPage":[]},"graphName":"","isEnabled":true},"graphs":[],"defaultGraph":"","defaultPostTypeGraph":""},"schema_type":null,"schema_type_options":null,"pillar_content":false,"robots_default":true,"robots_noindex":false,"robots_noarchive":false,"robots_nosnippet":false,"robots_nofollow":false,"robots_noimageindex":false,"robots_noodp":false,"robots_notranslate":false,"robots_max_snippet":null,"robots_max_videopreview":null,"robots_max_imagepreview":"large","priority":null,"frequency":null,"local_seo":null,"seo_analyzer_scan_date":"2025-12-09 17:17:10","breadcrumb_settings":null,"limit_modified_date":false,"open_ai":null,"ai":null,"created":"2021-01-22 23:55:28","updated":"2025-12-09 17:17:10"},"aioseo_breadcrumb":"<div class=\"aioseo-breadcrumbs\"><span class=\"aioseo-breadcrumb\">\n\t<a href=\"https:\/\/www.eldigitaldeasturias.com\/noticias\" title=\"Home\">Home<\/a>\n<\/span><span class=\"aioseo-breadcrumb-separator\">\u2013<\/span><span class=\"aioseo-breadcrumb\">\n\t<a href=\"https:\/\/www.eldigitaldeasturias.com\/noticias\/category\/actualidad\/\" title=\"Actualidad\">Actualidad<\/a>\n<\/span><span class=\"aioseo-breadcrumb-separator\">\u2013<\/span><span class=\"aioseo-breadcrumb\">\n\t<a href=\"https:\/\/www.eldigitaldeasturias.com\/noticias\/rajoy-asegura-que-el-pp-actuara-con-rita-barbera-como-con-cualquier-otro-militante\/\" title=\"Rajoy asegura que el PP actuar\u00e1 con Rita Barber\u00e1 como con \u00abcualquier otro militante\u00bb\">Rajoy asegura que el PP actuar\u00e1 con Rita Barber\u00e1 como con \u00abcualquier otro militante\u00bb<\/a>\n<\/span><\/div>","aioseo_breadcrumb_json":[{"label":"Home","link":"https:\/\/www.eldigitaldeasturias.com\/noticias"},{"label":"Actualidad","link":"https:\/\/www.eldigitaldeasturias.com\/noticias\/category\/actualidad\/"},{"label":"Rajoy asegura que el PP actuar\u00e1 con Rita Barber\u00e1 como con \u00abcualquier otro militante\u00bb","link":"https:\/\/www.eldigitaldeasturias.com\/noticias\/rajoy-asegura-que-el-pp-actuara-con-rita-barbera-como-con-cualquier-otro-militante\/"}],"_links":{"self":[{"href":"https:\/\/www.eldigitaldeasturias.com\/noticias\/wp-json\/wp\/v2\/posts\/853195","targetHints":{"allow":["GET"]}}],"collection":[{"href":"https:\/\/www.eldigitaldeasturias.com\/noticias\/wp-json\/wp\/v2\/posts"}],"about":[{"href":"https:\/\/www.eldigitaldeasturias.com\/noticias\/wp-json\/wp\/v2\/types\/post"}],"author":[{"embeddable":true,"href":"https:\/\/www.eldigitaldeasturias.com\/noticias\/wp-json\/wp\/v2\/users\/1"}],"replies":[{"embeddable":true,"href":"https:\/\/www.eldigitaldeasturias.com\/noticias\/wp-json\/wp\/v2\/comments?post=853195"}],"version-history":[{"count":0,"href":"https:\/\/www.eldigitaldeasturias.com\/noticias\/wp-json\/wp\/v2\/posts\/853195\/revisions"}],"wp:featuredmedia":[{"embeddable":true,"href":"https:\/\/www.eldigitaldeasturias.com\/noticias\/wp-json\/wp\/v2\/media\/853196"}],"wp:attachment":[{"href":"https:\/\/www.eldigitaldeasturias.com\/noticias\/wp-json\/wp\/v2\/media?parent=853195"}],"wp:term":[{"taxonomy":"category","embeddable":true,"href":"https:\/\/www.eldigitaldeasturias.com\/noticias\/wp-json\/wp\/v2\/categories?post=853195"},{"taxonomy":"post_tag","embeddable":true,"href":"https:\/\/www.eldigitaldeasturias.com\/noticias\/wp-json\/wp\/v2\/tags?post=853195"}],"curies":[{"name":"wp","href":"https:\/\/api.w.org\/{rel}","templated":true}]}}