{"id":853192,"date":"2016-02-02T21:05:17","date_gmt":"2016-02-02T21:05:17","guid":{"rendered":"http:\/\/www.eldigitaldeasturias.com\/noticias\/?p=853192"},"modified":"2016-02-02T21:05:17","modified_gmt":"2016-02-02T21:05:17","slug":"barcenas-y-otros-tres-testigos-del-borrado-de-ordenadores-del-tesorero-en-el-pp-comparecen-manana-ante-la-juez","status":"publish","type":"post","link":"https:\/\/www.eldigitaldeasturias.com\/noticias\/barcenas-y-otros-tres-testigos-del-borrado-de-ordenadores-del-tesorero-en-el-pp-comparecen-manana-ante-la-juez\/","title":{"rendered":"B\u00e1rcenas y otros tres testigos del borrado de ordenadores del tesorero en el PP comparecen ma\u00f1ana ante la juez"},"content":{"rendered":"<p><img loading=\"lazy\" decoding=\"async\" class=\"alignleft size-medium wp-image-853193\" src=\"https:\/\/www.eldigitaldeasturias.com\/noticias\/wp-content\/uploads\/2016\/02\/fotonoticia_20160202182309_800-213x320.jpg\" alt=\"fotonoticia_20160202182309_800\" width=\"213\" height=\"320\" srcset=\"https:\/\/www.eldigitaldeasturias.com\/noticias\/wp-content\/uploads\/2016\/02\/fotonoticia_20160202182309_800-213x320.jpg 213w, https:\/\/www.eldigitaldeasturias.com\/noticias\/wp-content\/uploads\/2016\/02\/fotonoticia_20160202182309_800-768x1152.jpg 768w, https:\/\/www.eldigitaldeasturias.com\/noticias\/wp-content\/uploads\/2016\/02\/fotonoticia_20160202182309_800-433x650.jpg 433w, https:\/\/www.eldigitaldeasturias.com\/noticias\/wp-content\/uploads\/2016\/02\/fotonoticia_20160202182309_800.jpg 800w\" sizes=\"auto, (max-width: 213px) 100vw, 213px\" \/>La titular del Juzgado de Instrucci\u00f3n n\u00famero 32 de Madrid, Rosa mar\u00eda Freire P\u00e9rez, comenzar\u00e1 ma\u00f1ana la investigaci\u00f3n del caso del borrado de los ordenadores del que fuera tesorero del PP Luis B\u00e1rcenas con el interrogatorio de \u00e9ste y de otras tres personas como testigos en la causa en la que se encuentra investigada la actual tesorera y gerente del partido, Carmen Navarro; su responsable de servicios inform\u00e1ticos, Javier Barrero y la propia formaci\u00f3n.<\/p>\n<p>Navarro y Barrero est\u00e1n citados para responder como investigados el jueves d\u00eda 4 ante la juez de los delitos de encubrimiento y da\u00f1os inform\u00e1ticos a los equipos que B\u00e1rcenas utilizaba en la sede del partido.<\/p>\n<p>En la causa est\u00e1 personada la Fiscal\u00eda y el propio B\u00e1rcenas como acusaci\u00f3n particular adem\u00e1s de las representaciones letradas de IU y la Asociaci\u00f3n Libre de Abogados (ALA), que fueron quienes interpusieron la querella inicial; y del Observatorio de Drets Humans (DESC), organizaci\u00f3n que se sum\u00f3 m\u00e1s tarde.<\/p>\n<p>En el auto que dict\u00f3 el pasado 20 de enero la juez Freire admiti\u00f3 las querellas formuladas por estas organizaciones y, por primera vez en nuestro pa\u00eds, estren\u00f3 la figura de la imputaci\u00f3n penal de las personas jur\u00eddicas para dirigir la acusaci\u00f3n contra el PP, que se tiene por \u00abquerellado\u00bb en el auto de admisi\u00f3n a tr\u00e1mite del caso.<\/p>\n<p>La consideraci\u00f3n del PP como investigado en este asunto se produce despu\u00e9s de que la Audiencia Provincial de Madrid ordenara reabrir las diligencias previas que fueron archivadas en octubre de 2013.<\/p>\n<p>HORARIO DE CITACIONES<\/p>\n<p>B\u00e1rcenas est\u00e1 citado a las 10.00 horas y para las tres horas siguientes en punto se ha convocado al abogado del PP Alberto Dur\u00e1n, a la que fuera la secretaria del tesorero Estrella Dom\u00ednguez y finalmente, a las 13.00 horas al jefe de seguridad del partido en el momento de los hechos investigados, Antonio de la Fuente.<\/p>\n<p>Se trata de la segunda causa en la que Navarro se encuentra investigada puesto que seis d\u00edas m\u00e1s tarde, el 9 de febrero, deber\u00e1 comparecer igualmente acompa\u00f1ada de abogado ante el titular del juzgado de instrucci\u00f3n 2 de Madrid, Arturo Zamarriego, para aclarar, junto al asesor jur\u00eddico del partido, si la formaci\u00f3n tuvo o no conocimiento de que B\u00e1rcenas hab\u00eda solicitado su reingreso a trav\u00e9s de una carta que presuntamente recibi\u00f3 la jefa de personal, Milagros Puentes.<\/p>\n<p>El pasado 15 de enero tres magistrados de la Audiencia Provincial de Madrid consideraron que la decisi\u00f3n de sobreseer la causa del \u00abborrado\u00bb de los discos duros en los ordenadores de B\u00e1rcenas adopt\u00f3 sin haber practicado ninguna investigaci\u00f3n e indican que se desconoce, quien o quienes ordenaron en la sede del PP la destrucci\u00f3n de dicho material. El PP aleg\u00f3 que los discos duros hab\u00edan sido destruidos para garantizar la confidencialidad de los datos que almacenaban debido a su \u00abalto nivel de criticidad\u00bb.<\/p>\n<p>El juzgado 32 asumi\u00f3 la investigaci\u00f3n cuando el Juzgado Central de Instrucci\u00f3n n\u00famero 5 de la Audiencia Nacional consider\u00f3 que el caso no era de su competencia tras advertir que \u00abla manipulaci\u00f3n\u00bb de los datos contenidos en los dispositivos pod\u00eda constituir un delito de encubrimiento o de da\u00f1os inform\u00e1ticos.<\/p>\n<p>IU, ALA, Ecologistas en Acci\u00f3n y Federaci\u00f3n los Verdes presentaron la primera querella sobre este asunto en los Juzgados madrile\u00f1os el 17 de octubre de 2013 y con fecha 30 de octubre de 2013, sin practicarse ninguna diligencia de averiguaci\u00f3n, fue sobrese\u00edda. Dicho sobreseimiento fue recurrido en apelaci\u00f3n por las acusaciones, habi\u00e9ndose producido el extrav\u00edo de la causa en el traslado del expediente entre los juzgados de Madrid y el \u00f3rgano judicial que deb\u00eda resolver dicho recurso, la Audiencia Provincial de Madrid.<\/p>\n<p>La querella se dirigi\u00f3 contra el propio PP como persona jur\u00eddica, al considerarle esta acusaci\u00f3n penalmente responsable de los hechos. Es la primera querella que se presentaba en Espa\u00f1a contra un partido pol\u00edtico, despu\u00e9s de la reforma del C\u00f3digo Penal del pasado mes de enero de 2014 que lo hacia posible.<\/p>\n<p>De forma previa a la pr\u00e1ctica de estos interrogatorios, la juez ha requerido al PP para que identifique a los responsables del departamento de inform\u00e1tica que llevaron a cabo \u00abel formateado o destrucci\u00f3n de los discos duros\u00bb que se encontraban en el interior de los ordenadores Macintosh y Apple asignados a B\u00e1rcenas.<\/p>\n<p>Igualmente, ha pedido la empresa UNIVERSOMAC que entregue toda la documentaci\u00f3n que obre en su poder sobre los trabajos realizados en octubre de 2012 sobre un Macbook entregado por B\u00e1rcenas as\u00ed como para que identifique a las personas que trabajaron en dicho ordenador.<\/p>\n<p>Adem\u00e1s, ha solicitado diversa documentaci\u00f3n a la Audiencia Nacional, entre ella el auto por el que el juez Pablo Ruz, que instruy\u00f3 el grueso de la causa, expuls\u00f3 al PP como acusaci\u00f3n particular de la causa en la que se investiga la caja B del partido en abril de 2013. Tambi\u00e9n ha requerido el auto por el que se orden\u00f3 el ingreso en prisi\u00f3n de B\u00e1rcenas en julio de 2013, diversos folios de un informe de la UDEF relativa al caso \u00abpapeles de B\u00e1rcenas\u00bb.<\/p>\n","protected":false},"excerpt":{"rendered":"<p>La titular del Juzgado de Instrucci\u00f3n n\u00famero 32 de Madrid, Rosa mar\u00eda Freire P\u00e9rez, comenzar\u00e1 ma\u00f1ana la investigaci\u00f3n del caso del borrado de los ordenadores del que fuera tesorero del PP Luis B\u00e1rcenas con el interrogatorio de \u00e9ste y de otras tres personas como testigos en la causa en la que se encuentra investigada la [&hellip;]<\/p>\n","protected":false},"author":1,"featured_media":853193,"comment_status":"closed","ping_status":"closed","sticky":false,"template":"","format":"standard","meta":{"footnotes":""},"categories":[5],"tags":[],"class_list":["post-853192","post","type-post","status-publish","format-standard","has-post-thumbnail","hentry","category-sucesos"],"aioseo_notices":[],"aioseo_head":"\n\t\t<!-- All in One SEO Pro 4.9.6.2 - aioseo.com -->\n\t<meta name=\"description\" content=\"La titular del Juzgado de Instrucci\u00f3n n\u00famero 32 de Madrid, Rosa mar\u00eda Freire P\u00e9rez, comenzar\u00e1 ma\u00f1ana la investigaci\u00f3n del caso del borrado de los ordenadores del que fuera tesorero del PP Luis B\u00e1rcenas con el interrogatorio de \u00e9ste y de otras tres personas como testigos en la causa en la que se encuentra investigada la\" \/>\n\t<meta name=\"robots\" content=\"max-image-preview:large\" \/>\n\t<meta name=\"author\" content=\"El Digital de Asturias\"\/>\n\t<meta name=\"google-site-verification\" content=\"UA-38556648-1\" \/>\n\t<meta name=\"msvalidate.01\" content=\"7dfe9f3f1b24437ab69f4f2559babe99\" \/>\n\t<meta name=\"keywords\" content=\"sucesos\" \/>\n\t<link rel=\"canonical\" href=\"https:\/\/www.eldigitaldeasturias.com\/noticias\/barcenas-y-otros-tres-testigos-del-borrado-de-ordenadores-del-tesorero-en-el-pp-comparecen-manana-ante-la-juez\/\" \/>\n\t<meta name=\"generator\" content=\"All in One SEO Pro (AIOSEO) 4.9.6.2\" \/>\n\t\t<meta property=\"og:locale\" content=\"es_ES\" \/>\n\t\t<meta property=\"og:site_name\" content=\"El Digital de Asturias\" \/>\n\t\t<meta property=\"og:type\" content=\"article\" \/>\n\t\t<meta property=\"og:title\" content=\"B\u00e1rcenas y otros tres testigos del borrado de ordenadores del tesorero en el PP comparecen ma\u00f1ana ante la juez - El Digital de Asturias\" \/>\n\t\t<meta property=\"og:description\" content=\"La titular del Juzgado de Instrucci\u00f3n n\u00famero 32 de Madrid, Rosa mar\u00eda Freire P\u00e9rez, comenzar\u00e1 ma\u00f1ana la investigaci\u00f3n del caso del borrado de los ordenadores del que fuera tesorero del PP Luis B\u00e1rcenas con el interrogatorio de \u00e9ste y de otras tres personas como testigos en la causa en la que se encuentra investigada la\" \/>\n\t\t<meta property=\"og:url\" content=\"https:\/\/www.eldigitaldeasturias.com\/noticias\/barcenas-y-otros-tres-testigos-del-borrado-de-ordenadores-del-tesorero-en-el-pp-comparecen-manana-ante-la-juez\/\" \/>\n\t\t<meta property=\"og:image\" content=\"https:\/\/www.eldigitaldeasturias.com\/noticias\/wp-content\/uploads\/2016\/02\/fotonoticia_20160202182309_800.jpg\" \/>\n\t\t<meta property=\"og:image:secure_url\" content=\"https:\/\/www.eldigitaldeasturias.com\/noticias\/wp-content\/uploads\/2016\/02\/fotonoticia_20160202182309_800.jpg\" \/>\n\t\t<meta property=\"og:image:width\" content=\"800\" \/>\n\t\t<meta property=\"og:image:height\" content=\"1200\" \/>\n\t\t<meta property=\"article:tag\" content=\"sucesos\" \/>\n\t\t<meta property=\"article:published_time\" content=\"2016-02-02T21:05:17+00:00\" \/>\n\t\t<meta property=\"article:modified_time\" content=\"2016-02-02T21:05:17+00:00\" \/>\n\t\t<meta property=\"article:publisher\" content=\"https:\/\/facebook.com\/eldigitaldeasturias\" \/>\n\t\t<meta name=\"twitter:card\" content=\"summary_large_image\" \/>\n\t\t<meta name=\"twitter:title\" content=\"B\u00e1rcenas y otros tres testigos del borrado de ordenadores del tesorero en el PP comparecen ma\u00f1ana ante la juez - El Digital de Asturias\" \/>\n\t\t<meta name=\"twitter:description\" content=\"La titular del Juzgado de Instrucci\u00f3n n\u00famero 32 de Madrid, Rosa mar\u00eda Freire P\u00e9rez, comenzar\u00e1 ma\u00f1ana la investigaci\u00f3n del caso del borrado de los ordenadores del que fuera tesorero del PP Luis B\u00e1rcenas con el interrogatorio de \u00e9ste y de otras tres personas como testigos en la causa en la que se encuentra investigada la\" \/>\n\t\t<meta name=\"twitter:image\" content=\"https:\/\/www.eldigitaldeasturias.com\/noticias\/wp-content\/uploads\/2016\/02\/fotonoticia_20160202182309_800.jpg\" \/>\n\t\t<meta name=\"twitter:label1\" content=\"Escrito por\" \/>\n\t\t<meta name=\"twitter:data1\" content=\"El Digital de Asturias\" \/>\n\t\t<meta name=\"twitter:label2\" content=\"Tiempo de lectura estimado\" \/>\n\t\t<meta name=\"twitter:data2\" content=\"4 minutos\" \/>\n\t\t<script type=\"application\/ld+json\" class=\"aioseo-schema\">\n\t\t\t{\"@context\":\"https:\\\/\\\/schema.org\",\"@graph\":[{\"@type\":\"BlogPosting\",\"@id\":\"https:\\\/\\\/www.eldigitaldeasturias.com\\\/noticias\\\/barcenas-y-otros-tres-testigos-del-borrado-de-ordenadores-del-tesorero-en-el-pp-comparecen-manana-ante-la-juez\\\/#blogposting\",\"name\":\"B\\u00e1rcenas y otros tres testigos del borrado de ordenadores del tesorero en el PP comparecen ma\\u00f1ana ante la juez - El Digital de Asturias\",\"headline\":\"B\\u00e1rcenas y otros tres testigos del borrado de ordenadores del tesorero en el PP comparecen ma\\u00f1ana ante la juez\",\"author\":{\"@id\":\"https:\\\/\\\/www.eldigitaldeasturias.com\\\/noticias\\\/author\\\/admin\\\/#author\"},\"publisher\":{\"@id\":\"https:\\\/\\\/www.eldigitaldeasturias.com\\\/noticias\\\/#organization\"},\"image\":{\"@type\":\"ImageObject\",\"url\":\"https:\\\/\\\/www.eldigitaldeasturias.com\\\/noticias\\\/wp-content\\\/uploads\\\/2016\\\/02\\\/fotonoticia_20160202182309_800.jpg\",\"width\":800,\"height\":1200},\"datePublished\":\"2016-02-02T21:05:17+01:00\",\"dateModified\":\"2016-02-02T21:05:17+01:00\",\"inLanguage\":\"es-ES\",\"mainEntityOfPage\":{\"@id\":\"https:\\\/\\\/www.eldigitaldeasturias.com\\\/noticias\\\/barcenas-y-otros-tres-testigos-del-borrado-de-ordenadores-del-tesorero-en-el-pp-comparecen-manana-ante-la-juez\\\/#webpage\"},\"isPartOf\":{\"@id\":\"https:\\\/\\\/www.eldigitaldeasturias.com\\\/noticias\\\/barcenas-y-otros-tres-testigos-del-borrado-de-ordenadores-del-tesorero-en-el-pp-comparecen-manana-ante-la-juez\\\/#webpage\"},\"articleSection\":\"Sucesos\"},{\"@type\":\"BreadcrumbList\",\"@id\":\"https:\\\/\\\/www.eldigitaldeasturias.com\\\/noticias\\\/barcenas-y-otros-tres-testigos-del-borrado-de-ordenadores-del-tesorero-en-el-pp-comparecen-manana-ante-la-juez\\\/#breadcrumblist\",\"itemListElement\":[{\"@type\":\"ListItem\",\"@id\":\"https:\\\/\\\/www.eldigitaldeasturias.com\\\/noticias#listItem\",\"position\":1,\"name\":\"Home\",\"item\":\"https:\\\/\\\/www.eldigitaldeasturias.com\\\/noticias\",\"nextItem\":{\"@type\":\"ListItem\",\"@id\":\"https:\\\/\\\/www.eldigitaldeasturias.com\\\/noticias\\\/category\\\/sucesos\\\/#listItem\",\"name\":\"Sucesos\"}},{\"@type\":\"ListItem\",\"@id\":\"https:\\\/\\\/www.eldigitaldeasturias.com\\\/noticias\\\/category\\\/sucesos\\\/#listItem\",\"position\":2,\"name\":\"Sucesos\",\"item\":\"https:\\\/\\\/www.eldigitaldeasturias.com\\\/noticias\\\/category\\\/sucesos\\\/\",\"nextItem\":{\"@type\":\"ListItem\",\"@id\":\"https:\\\/\\\/www.eldigitaldeasturias.com\\\/noticias\\\/barcenas-y-otros-tres-testigos-del-borrado-de-ordenadores-del-tesorero-en-el-pp-comparecen-manana-ante-la-juez\\\/#listItem\",\"name\":\"B\\u00e1rcenas y otros tres testigos del borrado de ordenadores del tesorero en el PP comparecen ma\\u00f1ana ante la juez\"},\"previousItem\":{\"@type\":\"ListItem\",\"@id\":\"https:\\\/\\\/www.eldigitaldeasturias.com\\\/noticias#listItem\",\"name\":\"Home\"}},{\"@type\":\"ListItem\",\"@id\":\"https:\\\/\\\/www.eldigitaldeasturias.com\\\/noticias\\\/barcenas-y-otros-tres-testigos-del-borrado-de-ordenadores-del-tesorero-en-el-pp-comparecen-manana-ante-la-juez\\\/#listItem\",\"position\":3,\"name\":\"B\\u00e1rcenas y otros tres testigos del borrado de ordenadores del tesorero en el PP comparecen ma\\u00f1ana ante la juez\",\"previousItem\":{\"@type\":\"ListItem\",\"@id\":\"https:\\\/\\\/www.eldigitaldeasturias.com\\\/noticias\\\/category\\\/sucesos\\\/#listItem\",\"name\":\"Sucesos\"}}]},{\"@type\":\"Organization\",\"@id\":\"https:\\\/\\\/www.eldigitaldeasturias.com\\\/noticias\\\/#organization\",\"name\":\"El Digital de Asturias\",\"description\":\"Hemeroteca\",\"url\":\"https:\\\/\\\/www.eldigitaldeasturias.com\\\/noticias\\\/\",\"email\":\"info@eldigitaldeasturias.com\",\"telephone\":\"+34652131393\",\"logo\":{\"@type\":\"ImageObject\",\"url\":\"https:\\\/\\\/www.eldigitaldeasturias.com\\\/noticias\\\/wp-content\\\/uploads\\\/2020\\\/12\\\/EDA.jpg\",\"@id\":\"https:\\\/\\\/www.eldigitaldeasturias.com\\\/noticias\\\/barcenas-y-otros-tres-testigos-del-borrado-de-ordenadores-del-tesorero-en-el-pp-comparecen-manana-ante-la-juez\\\/#organizationLogo\",\"width\":649,\"height\":297},\"image\":{\"@id\":\"https:\\\/\\\/www.eldigitaldeasturias.com\\\/noticias\\\/barcenas-y-otros-tres-testigos-del-borrado-de-ordenadores-del-tesorero-en-el-pp-comparecen-manana-ante-la-juez\\\/#organizationLogo\"},\"sameAs\":[\"https:\\\/\\\/facebook.com\\\/eldigitaldeasturias\",\"https:\\\/\\\/www.youtube.com\\\/channel\\\/UCZP-2wLEB9Rv6erhFmqVnvg\"],\"address\":{\"@id\":\"https:\\\/\\\/www.eldigitaldeasturias.com\\\/noticias\\\/#postaladdress\",\"@type\":\"PostalAddress\",\"streetAddress\":\"san antonio 4,\",\"postalCode\":\"33430\",\"addressLocality\":\"Cand\\u00e1s\",\"addressRegion\":\"Asturias\",\"addressCountry\":\"ES\"}},{\"@type\":\"Person\",\"@id\":\"https:\\\/\\\/www.eldigitaldeasturias.com\\\/noticias\\\/author\\\/admin\\\/#author\",\"url\":\"https:\\\/\\\/www.eldigitaldeasturias.com\\\/noticias\\\/author\\\/admin\\\/\",\"name\":\"El Digital de Asturias\",\"image\":{\"@type\":\"ImageObject\",\"@id\":\"https:\\\/\\\/www.eldigitaldeasturias.com\\\/noticias\\\/barcenas-y-otros-tres-testigos-del-borrado-de-ordenadores-del-tesorero-en-el-pp-comparecen-manana-ante-la-juez\\\/#authorImage\",\"url\":\"https:\\\/\\\/www.eldigitaldeasturias.com\\\/noticias\\\/wp-content\\\/litespeed\\\/avatar\\\/18677e78aa0546b92d9dbf31ec7d7668.jpg?ver=1776685526\",\"width\":96,\"height\":96,\"caption\":\"El Digital de Asturias\"}},{\"@type\":\"WebPage\",\"@id\":\"https:\\\/\\\/www.eldigitaldeasturias.com\\\/noticias\\\/barcenas-y-otros-tres-testigos-del-borrado-de-ordenadores-del-tesorero-en-el-pp-comparecen-manana-ante-la-juez\\\/#webpage\",\"url\":\"https:\\\/\\\/www.eldigitaldeasturias.com\\\/noticias\\\/barcenas-y-otros-tres-testigos-del-borrado-de-ordenadores-del-tesorero-en-el-pp-comparecen-manana-ante-la-juez\\\/\",\"name\":\"B\\u00e1rcenas y otros tres testigos del borrado de ordenadores del tesorero en el PP comparecen ma\\u00f1ana ante la juez - El Digital de Asturias\",\"description\":\"La titular del Juzgado de Instrucci\\u00f3n n\\u00famero 32 de Madrid, Rosa mar\\u00eda Freire P\\u00e9rez, comenzar\\u00e1 ma\\u00f1ana la investigaci\\u00f3n del caso del borrado de los ordenadores del que fuera tesorero del PP Luis B\\u00e1rcenas con el interrogatorio de \\u00e9ste y de otras tres personas como testigos en la causa en la que se encuentra investigada la\",\"inLanguage\":\"es-ES\",\"isPartOf\":{\"@id\":\"https:\\\/\\\/www.eldigitaldeasturias.com\\\/noticias\\\/#website\"},\"breadcrumb\":{\"@id\":\"https:\\\/\\\/www.eldigitaldeasturias.com\\\/noticias\\\/barcenas-y-otros-tres-testigos-del-borrado-de-ordenadores-del-tesorero-en-el-pp-comparecen-manana-ante-la-juez\\\/#breadcrumblist\"},\"author\":{\"@id\":\"https:\\\/\\\/www.eldigitaldeasturias.com\\\/noticias\\\/author\\\/admin\\\/#author\"},\"creator\":{\"@id\":\"https:\\\/\\\/www.eldigitaldeasturias.com\\\/noticias\\\/author\\\/admin\\\/#author\"},\"image\":{\"@type\":\"ImageObject\",\"url\":\"https:\\\/\\\/www.eldigitaldeasturias.com\\\/noticias\\\/wp-content\\\/uploads\\\/2016\\\/02\\\/fotonoticia_20160202182309_800.jpg\",\"@id\":\"https:\\\/\\\/www.eldigitaldeasturias.com\\\/noticias\\\/barcenas-y-otros-tres-testigos-del-borrado-de-ordenadores-del-tesorero-en-el-pp-comparecen-manana-ante-la-juez\\\/#mainImage\",\"width\":800,\"height\":1200},\"primaryImageOfPage\":{\"@id\":\"https:\\\/\\\/www.eldigitaldeasturias.com\\\/noticias\\\/barcenas-y-otros-tres-testigos-del-borrado-de-ordenadores-del-tesorero-en-el-pp-comparecen-manana-ante-la-juez\\\/#mainImage\"},\"datePublished\":\"2016-02-02T21:05:17+01:00\",\"dateModified\":\"2016-02-02T21:05:17+01:00\"},{\"@type\":\"WebSite\",\"@id\":\"https:\\\/\\\/www.eldigitaldeasturias.com\\\/noticias\\\/#website\",\"url\":\"https:\\\/\\\/www.eldigitaldeasturias.com\\\/noticias\\\/\",\"name\":\"El Digital de Asturias - Diario de actualidad y noticias\",\"alternateName\":\"El Digital de Asturias - Diario de actualidad y noticias\",\"description\":\"Hemeroteca\",\"inLanguage\":\"es-ES\",\"publisher\":{\"@id\":\"https:\\\/\\\/www.eldigitaldeasturias.com\\\/noticias\\\/#organization\"}}]}\n\t\t<\/script>\n\t\t<!-- All in One SEO Pro -->\r\n\t\t<title>B\u00e1rcenas y otros tres testigos del borrado de ordenadores del tesorero en el PP comparecen ma\u00f1ana ante la juez - El Digital de Asturias<\/title>\n\n","aioseo_head_json":{"title":"B\u00e1rcenas y otros tres testigos del borrado de ordenadores del tesorero en el PP comparecen ma\u00f1ana ante la juez - El Digital de Asturias","description":"La titular del Juzgado de Instrucci\u00f3n n\u00famero 32 de Madrid, Rosa mar\u00eda Freire P\u00e9rez, comenzar\u00e1 ma\u00f1ana la investigaci\u00f3n del caso del borrado de los ordenadores del que fuera tesorero del PP Luis B\u00e1rcenas con el interrogatorio de \u00e9ste y de otras tres personas como testigos en la causa en la que se encuentra investigada la","canonical_url":"https:\/\/www.eldigitaldeasturias.com\/noticias\/barcenas-y-otros-tres-testigos-del-borrado-de-ordenadores-del-tesorero-en-el-pp-comparecen-manana-ante-la-juez\/","robots":"max-image-preview:large","keywords":"sucesos","webmasterTools":{"google-site-verification":"UA-38556648-1","msvalidate.01":"7dfe9f3f1b24437ab69f4f2559babe99","miscellaneous":""},"schema":{"@context":"https:\/\/schema.org","@graph":[{"@type":"BlogPosting","@id":"https:\/\/www.eldigitaldeasturias.com\/noticias\/barcenas-y-otros-tres-testigos-del-borrado-de-ordenadores-del-tesorero-en-el-pp-comparecen-manana-ante-la-juez\/#blogposting","name":"B\u00e1rcenas y otros tres testigos del borrado de ordenadores del tesorero en el PP comparecen ma\u00f1ana ante la juez - El Digital de Asturias","headline":"B\u00e1rcenas y otros tres testigos del borrado de ordenadores del tesorero en el PP comparecen ma\u00f1ana ante la juez","author":{"@id":"https:\/\/www.eldigitaldeasturias.com\/noticias\/author\/admin\/#author"},"publisher":{"@id":"https:\/\/www.eldigitaldeasturias.com\/noticias\/#organization"},"image":{"@type":"ImageObject","url":"https:\/\/www.eldigitaldeasturias.com\/noticias\/wp-content\/uploads\/2016\/02\/fotonoticia_20160202182309_800.jpg","width":800,"height":1200},"datePublished":"2016-02-02T21:05:17+01:00","dateModified":"2016-02-02T21:05:17+01:00","inLanguage":"es-ES","mainEntityOfPage":{"@id":"https:\/\/www.eldigitaldeasturias.com\/noticias\/barcenas-y-otros-tres-testigos-del-borrado-de-ordenadores-del-tesorero-en-el-pp-comparecen-manana-ante-la-juez\/#webpage"},"isPartOf":{"@id":"https:\/\/www.eldigitaldeasturias.com\/noticias\/barcenas-y-otros-tres-testigos-del-borrado-de-ordenadores-del-tesorero-en-el-pp-comparecen-manana-ante-la-juez\/#webpage"},"articleSection":"Sucesos"},{"@type":"BreadcrumbList","@id":"https:\/\/www.eldigitaldeasturias.com\/noticias\/barcenas-y-otros-tres-testigos-del-borrado-de-ordenadores-del-tesorero-en-el-pp-comparecen-manana-ante-la-juez\/#breadcrumblist","itemListElement":[{"@type":"ListItem","@id":"https:\/\/www.eldigitaldeasturias.com\/noticias#listItem","position":1,"name":"Home","item":"https:\/\/www.eldigitaldeasturias.com\/noticias","nextItem":{"@type":"ListItem","@id":"https:\/\/www.eldigitaldeasturias.com\/noticias\/category\/sucesos\/#listItem","name":"Sucesos"}},{"@type":"ListItem","@id":"https:\/\/www.eldigitaldeasturias.com\/noticias\/category\/sucesos\/#listItem","position":2,"name":"Sucesos","item":"https:\/\/www.eldigitaldeasturias.com\/noticias\/category\/sucesos\/","nextItem":{"@type":"ListItem","@id":"https:\/\/www.eldigitaldeasturias.com\/noticias\/barcenas-y-otros-tres-testigos-del-borrado-de-ordenadores-del-tesorero-en-el-pp-comparecen-manana-ante-la-juez\/#listItem","name":"B\u00e1rcenas y otros tres testigos del borrado de ordenadores del tesorero en el PP comparecen ma\u00f1ana ante la juez"},"previousItem":{"@type":"ListItem","@id":"https:\/\/www.eldigitaldeasturias.com\/noticias#listItem","name":"Home"}},{"@type":"ListItem","@id":"https:\/\/www.eldigitaldeasturias.com\/noticias\/barcenas-y-otros-tres-testigos-del-borrado-de-ordenadores-del-tesorero-en-el-pp-comparecen-manana-ante-la-juez\/#listItem","position":3,"name":"B\u00e1rcenas y otros tres testigos del borrado de ordenadores del tesorero en el PP comparecen ma\u00f1ana ante la juez","previousItem":{"@type":"ListItem","@id":"https:\/\/www.eldigitaldeasturias.com\/noticias\/category\/sucesos\/#listItem","name":"Sucesos"}}]},{"@type":"Organization","@id":"https:\/\/www.eldigitaldeasturias.com\/noticias\/#organization","name":"El Digital de Asturias","description":"Hemeroteca","url":"https:\/\/www.eldigitaldeasturias.com\/noticias\/","email":"info@eldigitaldeasturias.com","telephone":"+34652131393","logo":{"@type":"ImageObject","url":"https:\/\/www.eldigitaldeasturias.com\/noticias\/wp-content\/uploads\/2020\/12\/EDA.jpg","@id":"https:\/\/www.eldigitaldeasturias.com\/noticias\/barcenas-y-otros-tres-testigos-del-borrado-de-ordenadores-del-tesorero-en-el-pp-comparecen-manana-ante-la-juez\/#organizationLogo","width":649,"height":297},"image":{"@id":"https:\/\/www.eldigitaldeasturias.com\/noticias\/barcenas-y-otros-tres-testigos-del-borrado-de-ordenadores-del-tesorero-en-el-pp-comparecen-manana-ante-la-juez\/#organizationLogo"},"sameAs":["https:\/\/facebook.com\/eldigitaldeasturias","https:\/\/www.youtube.com\/channel\/UCZP-2wLEB9Rv6erhFmqVnvg"],"address":{"@id":"https:\/\/www.eldigitaldeasturias.com\/noticias\/#postaladdress","@type":"PostalAddress","streetAddress":"san antonio 4,","postalCode":"33430","addressLocality":"Cand\u00e1s","addressRegion":"Asturias","addressCountry":"ES"}},{"@type":"Person","@id":"https:\/\/www.eldigitaldeasturias.com\/noticias\/author\/admin\/#author","url":"https:\/\/www.eldigitaldeasturias.com\/noticias\/author\/admin\/","name":"El Digital de Asturias","image":{"@type":"ImageObject","@id":"https:\/\/www.eldigitaldeasturias.com\/noticias\/barcenas-y-otros-tres-testigos-del-borrado-de-ordenadores-del-tesorero-en-el-pp-comparecen-manana-ante-la-juez\/#authorImage","url":"https:\/\/www.eldigitaldeasturias.com\/noticias\/wp-content\/litespeed\/avatar\/18677e78aa0546b92d9dbf31ec7d7668.jpg?ver=1776685526","width":96,"height":96,"caption":"El Digital de Asturias"}},{"@type":"WebPage","@id":"https:\/\/www.eldigitaldeasturias.com\/noticias\/barcenas-y-otros-tres-testigos-del-borrado-de-ordenadores-del-tesorero-en-el-pp-comparecen-manana-ante-la-juez\/#webpage","url":"https:\/\/www.eldigitaldeasturias.com\/noticias\/barcenas-y-otros-tres-testigos-del-borrado-de-ordenadores-del-tesorero-en-el-pp-comparecen-manana-ante-la-juez\/","name":"B\u00e1rcenas y otros tres testigos del borrado de ordenadores del tesorero en el PP comparecen ma\u00f1ana ante la juez - El Digital de Asturias","description":"La titular del Juzgado de Instrucci\u00f3n n\u00famero 32 de Madrid, Rosa mar\u00eda Freire P\u00e9rez, comenzar\u00e1 ma\u00f1ana la investigaci\u00f3n del caso del borrado de los ordenadores del que fuera tesorero del PP Luis B\u00e1rcenas con el interrogatorio de \u00e9ste y de otras tres personas como testigos en la causa en la que se encuentra investigada la","inLanguage":"es-ES","isPartOf":{"@id":"https:\/\/www.eldigitaldeasturias.com\/noticias\/#website"},"breadcrumb":{"@id":"https:\/\/www.eldigitaldeasturias.com\/noticias\/barcenas-y-otros-tres-testigos-del-borrado-de-ordenadores-del-tesorero-en-el-pp-comparecen-manana-ante-la-juez\/#breadcrumblist"},"author":{"@id":"https:\/\/www.eldigitaldeasturias.com\/noticias\/author\/admin\/#author"},"creator":{"@id":"https:\/\/www.eldigitaldeasturias.com\/noticias\/author\/admin\/#author"},"image":{"@type":"ImageObject","url":"https:\/\/www.eldigitaldeasturias.com\/noticias\/wp-content\/uploads\/2016\/02\/fotonoticia_20160202182309_800.jpg","@id":"https:\/\/www.eldigitaldeasturias.com\/noticias\/barcenas-y-otros-tres-testigos-del-borrado-de-ordenadores-del-tesorero-en-el-pp-comparecen-manana-ante-la-juez\/#mainImage","width":800,"height":1200},"primaryImageOfPage":{"@id":"https:\/\/www.eldigitaldeasturias.com\/noticias\/barcenas-y-otros-tres-testigos-del-borrado-de-ordenadores-del-tesorero-en-el-pp-comparecen-manana-ante-la-juez\/#mainImage"},"datePublished":"2016-02-02T21:05:17+01:00","dateModified":"2016-02-02T21:05:17+01:00"},{"@type":"WebSite","@id":"https:\/\/www.eldigitaldeasturias.com\/noticias\/#website","url":"https:\/\/www.eldigitaldeasturias.com\/noticias\/","name":"El Digital de Asturias - Diario de actualidad y noticias","alternateName":"El Digital de Asturias - Diario de actualidad y noticias","description":"Hemeroteca","inLanguage":"es-ES","publisher":{"@id":"https:\/\/www.eldigitaldeasturias.com\/noticias\/#organization"}}]},"og:locale":"es_ES","og:site_name":"El Digital de Asturias","og:type":"article","og:title":"B\u00e1rcenas y otros tres testigos del borrado de ordenadores del tesorero en el PP comparecen ma\u00f1ana ante la juez - El Digital de Asturias","og:description":"La titular del Juzgado de Instrucci\u00f3n n\u00famero 32 de Madrid, Rosa mar\u00eda Freire P\u00e9rez, comenzar\u00e1 ma\u00f1ana la investigaci\u00f3n del caso del borrado de los ordenadores del que fuera tesorero del PP Luis B\u00e1rcenas con el interrogatorio de \u00e9ste y de otras tres personas como testigos en la causa en la que se encuentra investigada la","og:url":"https:\/\/www.eldigitaldeasturias.com\/noticias\/barcenas-y-otros-tres-testigos-del-borrado-de-ordenadores-del-tesorero-en-el-pp-comparecen-manana-ante-la-juez\/","og:image":"https:\/\/www.eldigitaldeasturias.com\/noticias\/wp-content\/uploads\/2016\/02\/fotonoticia_20160202182309_800.jpg","og:image:secure_url":"https:\/\/www.eldigitaldeasturias.com\/noticias\/wp-content\/uploads\/2016\/02\/fotonoticia_20160202182309_800.jpg","og:image:width":800,"og:image:height":1200,"article:tag":["sucesos"],"article:published_time":"2016-02-02T21:05:17+00:00","article:modified_time":"2016-02-02T21:05:17+00:00","article:publisher":"https:\/\/facebook.com\/eldigitaldeasturias","twitter:card":"summary_large_image","twitter:title":"B\u00e1rcenas y otros tres testigos del borrado de ordenadores del tesorero en el PP comparecen ma\u00f1ana ante la juez - El Digital de Asturias","twitter:description":"La titular del Juzgado de Instrucci\u00f3n n\u00famero 32 de Madrid, Rosa mar\u00eda Freire P\u00e9rez, comenzar\u00e1 ma\u00f1ana la investigaci\u00f3n del caso del borrado de los ordenadores del que fuera tesorero del PP Luis B\u00e1rcenas con el interrogatorio de \u00e9ste y de otras tres personas como testigos en la causa en la que se encuentra investigada la","twitter:image":"https:\/\/www.eldigitaldeasturias.com\/noticias\/wp-content\/uploads\/2016\/02\/fotonoticia_20160202182309_800.jpg","twitter:label1":"Escrito por","twitter:data1":"El Digital de Asturias","twitter:label2":"Tiempo de lectura estimado","twitter:data2":"4 minutos"},"aioseo_meta_data":{"post_id":"853192","title":null,"description":null,"keywords":null,"keyphrases":null,"primary_term":null,"canonical_url":null,"og_title":null,"og_description":null,"og_object_type":"default","og_image_type":"default","og_image_url":null,"og_image_width":null,"og_image_height":null,"og_image_custom_url":null,"og_image_custom_fields":null,"og_video":null,"og_custom_url":null,"og_article_section":null,"og_article_tags":null,"twitter_use_og":false,"twitter_card":"default","twitter_image_type":"default","twitter_image_url":null,"twitter_image_custom_url":null,"twitter_image_custom_fields":null,"twitter_title":null,"twitter_description":null,"schema":{"blockGraphs":[],"customGraphs":[],"default":{"data":{"Article":[],"Course":[],"Dataset":[],"FAQPage":[],"Movie":[],"Person":[],"Product":[],"ProductReview":[],"Car":[],"Recipe":[],"Service":[],"SoftwareApplication":[],"WebPage":[]},"graphName":"","isEnabled":true},"graphs":[],"defaultGraph":"","defaultPostTypeGraph":""},"schema_type":null,"schema_type_options":null,"pillar_content":false,"robots_default":true,"robots_noindex":false,"robots_noarchive":false,"robots_nosnippet":false,"robots_nofollow":false,"robots_noimageindex":false,"robots_noodp":false,"robots_notranslate":false,"robots_max_snippet":null,"robots_max_videopreview":null,"robots_max_imagepreview":"large","priority":null,"frequency":null,"local_seo":null,"seo_analyzer_scan_date":"2025-12-09 17:15:10","breadcrumb_settings":null,"limit_modified_date":false,"open_ai":null,"ai":null,"created":"2021-01-23 14:06:13","updated":"2025-12-09 17:15:10"},"aioseo_breadcrumb":"<div class=\"aioseo-breadcrumbs\"><span class=\"aioseo-breadcrumb\">\n\t<a href=\"https:\/\/www.eldigitaldeasturias.com\/noticias\" title=\"Home\">Home<\/a>\n<\/span><span class=\"aioseo-breadcrumb-separator\">\u2013<\/span><span class=\"aioseo-breadcrumb\">\n\t<a href=\"https:\/\/www.eldigitaldeasturias.com\/noticias\/category\/sucesos\/\" title=\"Sucesos\">Sucesos<\/a>\n<\/span><span class=\"aioseo-breadcrumb-separator\">\u2013<\/span><span class=\"aioseo-breadcrumb\">\n\t<a href=\"https:\/\/www.eldigitaldeasturias.com\/noticias\/barcenas-y-otros-tres-testigos-del-borrado-de-ordenadores-del-tesorero-en-el-pp-comparecen-manana-ante-la-juez\/\" title=\"B\u00e1rcenas y otros tres testigos del borrado de ordenadores del tesorero en el PP comparecen ma\u00f1ana ante la juez\">B\u00e1rcenas y otros tres testigos del borrado de ordenadores del tesorero en el PP comparecen ma\u00f1ana ante la juez<\/a>\n<\/span><\/div>","aioseo_breadcrumb_json":[{"label":"Home","link":"https:\/\/www.eldigitaldeasturias.com\/noticias"},{"label":"Sucesos","link":"https:\/\/www.eldigitaldeasturias.com\/noticias\/category\/sucesos\/"},{"label":"B\u00e1rcenas y otros tres testigos del borrado de ordenadores del tesorero en el PP comparecen ma\u00f1ana ante la juez","link":"https:\/\/www.eldigitaldeasturias.com\/noticias\/barcenas-y-otros-tres-testigos-del-borrado-de-ordenadores-del-tesorero-en-el-pp-comparecen-manana-ante-la-juez\/"}],"_links":{"self":[{"href":"https:\/\/www.eldigitaldeasturias.com\/noticias\/wp-json\/wp\/v2\/posts\/853192","targetHints":{"allow":["GET"]}}],"collection":[{"href":"https:\/\/www.eldigitaldeasturias.com\/noticias\/wp-json\/wp\/v2\/posts"}],"about":[{"href":"https:\/\/www.eldigitaldeasturias.com\/noticias\/wp-json\/wp\/v2\/types\/post"}],"author":[{"embeddable":true,"href":"https:\/\/www.eldigitaldeasturias.com\/noticias\/wp-json\/wp\/v2\/users\/1"}],"replies":[{"embeddable":true,"href":"https:\/\/www.eldigitaldeasturias.com\/noticias\/wp-json\/wp\/v2\/comments?post=853192"}],"version-history":[{"count":0,"href":"https:\/\/www.eldigitaldeasturias.com\/noticias\/wp-json\/wp\/v2\/posts\/853192\/revisions"}],"wp:featuredmedia":[{"embeddable":true,"href":"https:\/\/www.eldigitaldeasturias.com\/noticias\/wp-json\/wp\/v2\/media\/853193"}],"wp:attachment":[{"href":"https:\/\/www.eldigitaldeasturias.com\/noticias\/wp-json\/wp\/v2\/media?parent=853192"}],"wp:term":[{"taxonomy":"category","embeddable":true,"href":"https:\/\/www.eldigitaldeasturias.com\/noticias\/wp-json\/wp\/v2\/categories?post=853192"},{"taxonomy":"post_tag","embeddable":true,"href":"https:\/\/www.eldigitaldeasturias.com\/noticias\/wp-json\/wp\/v2\/tags?post=853192"}],"curies":[{"name":"wp","href":"https:\/\/api.w.org\/{rel}","templated":true}]}}