{"id":853189,"date":"2016-02-02T21:03:27","date_gmt":"2016-02-02T21:03:27","guid":{"rendered":"http:\/\/www.eldigitaldeasturias.com\/noticias\/?p=853189"},"modified":"2016-02-02T21:03:27","modified_gmt":"2016-02-02T21:03:27","slug":"el-psoe-presidira-siete-comisiones-del-congreso","status":"publish","type":"post","link":"https:\/\/www.eldigitaldeasturias.com\/noticias\/el-psoe-presidira-siete-comisiones-del-congreso\/","title":{"rendered":"El PSOE presidir\u00e1 siete comisiones del Congreso"},"content":{"rendered":"<p><img loading=\"lazy\" decoding=\"async\" class=\"alignleft size-medium wp-image-853190\" src=\"https:\/\/www.eldigitaldeasturias.com\/noticias\/wp-content\/uploads\/2016\/02\/fotonoticia_20160202175210_800-360x240.jpg\" alt=\"fotonoticia_20160202175210_800\" width=\"360\" height=\"240\" srcset=\"https:\/\/www.eldigitaldeasturias.com\/noticias\/wp-content\/uploads\/2016\/02\/fotonoticia_20160202175210_800-360x240.jpg 360w, https:\/\/www.eldigitaldeasturias.com\/noticias\/wp-content\/uploads\/2016\/02\/fotonoticia_20160202175210_800-768x513.jpg 768w, https:\/\/www.eldigitaldeasturias.com\/noticias\/wp-content\/uploads\/2016\/02\/fotonoticia_20160202175210_800-650x434.jpg 650w, https:\/\/www.eldigitaldeasturias.com\/noticias\/wp-content\/uploads\/2016\/02\/fotonoticia_20160202175210_800-84x55.jpg 84w, https:\/\/www.eldigitaldeasturias.com\/noticias\/wp-content\/uploads\/2016\/02\/fotonoticia_20160202175210_800-49x32.jpg 49w, https:\/\/www.eldigitaldeasturias.com\/noticias\/wp-content\/uploads\/2016\/02\/fotonoticia_20160202175210_800.jpg 800w\" sizes=\"auto, (max-width: 360px) 100vw, 360px\" \/>El PSOE presidir\u00e1 siete comisiones parlamentarias en el Congreso durante la XI Legislatura, entre ellas las de Justicia, Hacienda, Defensa, Sanidad e Igualdad, seg\u00fan ha informado la direcci\u00f3n del Grupo Socialista a sus diputados, reunidos este martes en la C\u00e1mara Baja.<\/p>\n<p>La Presidencia de la Comisi\u00f3n de Justicia ser\u00e1 para el diputado por \u00c1vila y alcalde de Cebreros, Pedro Mu\u00f1oz, y la de Hacienda y Administraciones P\u00fablicas para el andaluz Antonio Pradas, que es secretario de Pol\u00edtica Federal del PSOE.<\/p>\n<p>La Comisi\u00f3n de Defensa estar\u00e1 presidida por el expresidente castellano-manchego Jos\u00e9 Mar\u00eda Barreda, que en la pasada legislatura se hizo cargo de la Mixta (Congreso-Senado) de RTVE, mientras que la de Igualdad ir\u00e1 a parar a manos de la diputada gallega Pilar Cancela, que arranca su primera legislatura en el Congreso.<\/p>\n<p>Cancela fue propuesta por su partido para ocupar un puesto en la Mesa del Congreso pero finalmente los socialistas s\u00f3lo se hicieron con dos puestos en este \u00f3rgano y finalmente recalar\u00e1 en la Comisi\u00f3n de Igualdad.<\/p>\n<p>Asimismo, el socialista canario Sebasti\u00e1n Franquis ser\u00e1 el presidente de la Comisi\u00f3n de Sanidad; el catal\u00e1n Jos\u00e9 Zaragoza, de la Comisi\u00f3n Mixta (Congreso-Senado) para la UE.<\/p>\n<p>El PSOE ha elegido para llevar las riendas de la Comisi\u00f3n de Cambio Clim\u00e1tico al reci\u00e9n elegido diputado por huelva Juan Jos\u00e9 D\u00edaz, quien fue consejero del ramo en la Junta de Andaluc\u00eda entre 2008 y 2014.<\/p>\n","protected":false},"excerpt":{"rendered":"<p>El PSOE presidir\u00e1 siete comisiones parlamentarias en el Congreso durante la XI Legislatura, entre ellas las de Justicia, Hacienda, Defensa, Sanidad e Igualdad, seg\u00fan ha informado la direcci\u00f3n del Grupo Socialista a sus diputados, reunidos este martes en la C\u00e1mara Baja. La Presidencia de la Comisi\u00f3n de Justicia ser\u00e1 para el diputado por \u00c1vila y [&hellip;]<\/p>\n","protected":false},"author":1,"featured_media":853190,"comment_status":"closed","ping_status":"closed","sticky":false,"template":"","format":"standard","meta":{"footnotes":""},"categories":[1],"tags":[],"class_list":["post-853189","post","type-post","status-publish","format-standard","has-post-thumbnail","hentry","category-actualidad"],"aioseo_notices":[],"aioseo_head":"\n\t\t<!-- All in One SEO Pro 4.9.6.2 - aioseo.com -->\n\t<meta name=\"description\" content=\"El PSOE presidir\u00e1 siete comisiones parlamentarias en el Congreso durante la XI Legislatura, entre ellas las de Justicia, Hacienda, Defensa, Sanidad e Igualdad, seg\u00fan ha informado la direcci\u00f3n del Grupo Socialista a sus diputados, reunidos este martes en la C\u00e1mara Baja. La Presidencia de la Comisi\u00f3n de Justicia ser\u00e1 para el diputado por \u00c1vila y\" \/>\n\t<meta name=\"robots\" content=\"max-image-preview:large\" \/>\n\t<meta name=\"author\" content=\"El Digital de Asturias\"\/>\n\t<meta name=\"google-site-verification\" content=\"UA-38556648-1\" \/>\n\t<meta name=\"msvalidate.01\" content=\"7dfe9f3f1b24437ab69f4f2559babe99\" \/>\n\t<meta name=\"keywords\" content=\"actualidad\" \/>\n\t<link rel=\"canonical\" href=\"https:\/\/www.eldigitaldeasturias.com\/noticias\/el-psoe-presidira-siete-comisiones-del-congreso\/\" \/>\n\t<meta name=\"generator\" content=\"All in One SEO Pro (AIOSEO) 4.9.6.2\" \/>\n\t\t<meta property=\"og:locale\" content=\"es_ES\" \/>\n\t\t<meta property=\"og:site_name\" content=\"El Digital de Asturias\" \/>\n\t\t<meta property=\"og:type\" content=\"article\" \/>\n\t\t<meta property=\"og:title\" content=\"El PSOE presidir\u00e1 siete comisiones del Congreso - El Digital de Asturias\" \/>\n\t\t<meta property=\"og:description\" content=\"El PSOE presidir\u00e1 siete comisiones parlamentarias en el Congreso durante la XI Legislatura, entre ellas las de Justicia, Hacienda, Defensa, Sanidad e Igualdad, seg\u00fan ha informado la direcci\u00f3n del Grupo Socialista a sus diputados, reunidos este martes en la C\u00e1mara Baja. La Presidencia de la Comisi\u00f3n de Justicia ser\u00e1 para el diputado por \u00c1vila y\" \/>\n\t\t<meta property=\"og:url\" content=\"https:\/\/www.eldigitaldeasturias.com\/noticias\/el-psoe-presidira-siete-comisiones-del-congreso\/\" \/>\n\t\t<meta property=\"og:image\" content=\"https:\/\/www.eldigitaldeasturias.com\/noticias\/wp-content\/uploads\/2016\/02\/fotonoticia_20160202175210_800.jpg\" \/>\n\t\t<meta property=\"og:image:secure_url\" content=\"https:\/\/www.eldigitaldeasturias.com\/noticias\/wp-content\/uploads\/2016\/02\/fotonoticia_20160202175210_800.jpg\" \/>\n\t\t<meta property=\"og:image:width\" content=\"800\" \/>\n\t\t<meta property=\"og:image:height\" content=\"534\" \/>\n\t\t<meta property=\"article:tag\" content=\"actualidad\" \/>\n\t\t<meta property=\"article:published_time\" content=\"2016-02-02T21:03:27+00:00\" \/>\n\t\t<meta property=\"article:modified_time\" content=\"2016-02-02T21:03:27+00:00\" \/>\n\t\t<meta property=\"article:publisher\" content=\"https:\/\/facebook.com\/eldigitaldeasturias\" \/>\n\t\t<meta name=\"twitter:card\" content=\"summary_large_image\" \/>\n\t\t<meta name=\"twitter:title\" content=\"El PSOE presidir\u00e1 siete comisiones del Congreso - El Digital de Asturias\" \/>\n\t\t<meta name=\"twitter:description\" content=\"El PSOE presidir\u00e1 siete comisiones parlamentarias en el Congreso durante la XI Legislatura, entre ellas las de Justicia, Hacienda, Defensa, Sanidad e Igualdad, seg\u00fan ha informado la direcci\u00f3n del Grupo Socialista a sus diputados, reunidos este martes en la C\u00e1mara Baja. La Presidencia de la Comisi\u00f3n de Justicia ser\u00e1 para el diputado por \u00c1vila y\" \/>\n\t\t<meta name=\"twitter:image\" content=\"https:\/\/www.eldigitaldeasturias.com\/noticias\/wp-content\/uploads\/2016\/02\/fotonoticia_20160202175210_800.jpg\" \/>\n\t\t<meta name=\"twitter:label1\" content=\"Escrito por\" \/>\n\t\t<meta name=\"twitter:data1\" content=\"El Digital de Asturias\" \/>\n\t\t<meta name=\"twitter:label2\" content=\"Tiempo de lectura estimado\" \/>\n\t\t<meta name=\"twitter:data2\" content=\"1 minuto\" \/>\n\t\t<script type=\"application\/ld+json\" class=\"aioseo-schema\">\n\t\t\t{\"@context\":\"https:\\\/\\\/schema.org\",\"@graph\":[{\"@type\":\"BlogPosting\",\"@id\":\"https:\\\/\\\/www.eldigitaldeasturias.com\\\/noticias\\\/el-psoe-presidira-siete-comisiones-del-congreso\\\/#blogposting\",\"name\":\"El PSOE presidir\\u00e1 siete comisiones del Congreso - El Digital de Asturias\",\"headline\":\"El PSOE presidir\\u00e1 siete comisiones del Congreso\",\"author\":{\"@id\":\"https:\\\/\\\/www.eldigitaldeasturias.com\\\/noticias\\\/author\\\/admin\\\/#author\"},\"publisher\":{\"@id\":\"https:\\\/\\\/www.eldigitaldeasturias.com\\\/noticias\\\/#organization\"},\"image\":{\"@type\":\"ImageObject\",\"url\":\"https:\\\/\\\/www.eldigitaldeasturias.com\\\/noticias\\\/wp-content\\\/uploads\\\/2016\\\/02\\\/fotonoticia_20160202175210_800.jpg\",\"width\":800,\"height\":534},\"datePublished\":\"2016-02-02T21:03:27+01:00\",\"dateModified\":\"2016-02-02T21:03:27+01:00\",\"inLanguage\":\"es-ES\",\"mainEntityOfPage\":{\"@id\":\"https:\\\/\\\/www.eldigitaldeasturias.com\\\/noticias\\\/el-psoe-presidira-siete-comisiones-del-congreso\\\/#webpage\"},\"isPartOf\":{\"@id\":\"https:\\\/\\\/www.eldigitaldeasturias.com\\\/noticias\\\/el-psoe-presidira-siete-comisiones-del-congreso\\\/#webpage\"},\"articleSection\":\"Actualidad\"},{\"@type\":\"BreadcrumbList\",\"@id\":\"https:\\\/\\\/www.eldigitaldeasturias.com\\\/noticias\\\/el-psoe-presidira-siete-comisiones-del-congreso\\\/#breadcrumblist\",\"itemListElement\":[{\"@type\":\"ListItem\",\"@id\":\"https:\\\/\\\/www.eldigitaldeasturias.com\\\/noticias#listItem\",\"position\":1,\"name\":\"Home\",\"item\":\"https:\\\/\\\/www.eldigitaldeasturias.com\\\/noticias\",\"nextItem\":{\"@type\":\"ListItem\",\"@id\":\"https:\\\/\\\/www.eldigitaldeasturias.com\\\/noticias\\\/category\\\/actualidad\\\/#listItem\",\"name\":\"Actualidad\"}},{\"@type\":\"ListItem\",\"@id\":\"https:\\\/\\\/www.eldigitaldeasturias.com\\\/noticias\\\/category\\\/actualidad\\\/#listItem\",\"position\":2,\"name\":\"Actualidad\",\"item\":\"https:\\\/\\\/www.eldigitaldeasturias.com\\\/noticias\\\/category\\\/actualidad\\\/\",\"nextItem\":{\"@type\":\"ListItem\",\"@id\":\"https:\\\/\\\/www.eldigitaldeasturias.com\\\/noticias\\\/el-psoe-presidira-siete-comisiones-del-congreso\\\/#listItem\",\"name\":\"El PSOE presidir\\u00e1 siete comisiones del Congreso\"},\"previousItem\":{\"@type\":\"ListItem\",\"@id\":\"https:\\\/\\\/www.eldigitaldeasturias.com\\\/noticias#listItem\",\"name\":\"Home\"}},{\"@type\":\"ListItem\",\"@id\":\"https:\\\/\\\/www.eldigitaldeasturias.com\\\/noticias\\\/el-psoe-presidira-siete-comisiones-del-congreso\\\/#listItem\",\"position\":3,\"name\":\"El PSOE presidir\\u00e1 siete comisiones del Congreso\",\"previousItem\":{\"@type\":\"ListItem\",\"@id\":\"https:\\\/\\\/www.eldigitaldeasturias.com\\\/noticias\\\/category\\\/actualidad\\\/#listItem\",\"name\":\"Actualidad\"}}]},{\"@type\":\"Organization\",\"@id\":\"https:\\\/\\\/www.eldigitaldeasturias.com\\\/noticias\\\/#organization\",\"name\":\"El Digital de Asturias\",\"description\":\"Hemeroteca\",\"url\":\"https:\\\/\\\/www.eldigitaldeasturias.com\\\/noticias\\\/\",\"email\":\"info@eldigitaldeasturias.com\",\"telephone\":\"+34652131393\",\"logo\":{\"@type\":\"ImageObject\",\"url\":\"https:\\\/\\\/www.eldigitaldeasturias.com\\\/noticias\\\/wp-content\\\/uploads\\\/2020\\\/12\\\/EDA.jpg\",\"@id\":\"https:\\\/\\\/www.eldigitaldeasturias.com\\\/noticias\\\/el-psoe-presidira-siete-comisiones-del-congreso\\\/#organizationLogo\",\"width\":649,\"height\":297},\"image\":{\"@id\":\"https:\\\/\\\/www.eldigitaldeasturias.com\\\/noticias\\\/el-psoe-presidira-siete-comisiones-del-congreso\\\/#organizationLogo\"},\"sameAs\":[\"https:\\\/\\\/facebook.com\\\/eldigitaldeasturias\",\"https:\\\/\\\/www.youtube.com\\\/channel\\\/UCZP-2wLEB9Rv6erhFmqVnvg\"],\"address\":{\"@id\":\"https:\\\/\\\/www.eldigitaldeasturias.com\\\/noticias\\\/#postaladdress\",\"@type\":\"PostalAddress\",\"streetAddress\":\"san antonio 4,\",\"postalCode\":\"33430\",\"addressLocality\":\"Cand\\u00e1s\",\"addressRegion\":\"Asturias\",\"addressCountry\":\"ES\"}},{\"@type\":\"Person\",\"@id\":\"https:\\\/\\\/www.eldigitaldeasturias.com\\\/noticias\\\/author\\\/admin\\\/#author\",\"url\":\"https:\\\/\\\/www.eldigitaldeasturias.com\\\/noticias\\\/author\\\/admin\\\/\",\"name\":\"El Digital de Asturias\",\"image\":{\"@type\":\"ImageObject\",\"@id\":\"https:\\\/\\\/www.eldigitaldeasturias.com\\\/noticias\\\/el-psoe-presidira-siete-comisiones-del-congreso\\\/#authorImage\",\"url\":\"https:\\\/\\\/www.eldigitaldeasturias.com\\\/noticias\\\/wp-content\\\/litespeed\\\/avatar\\\/18677e78aa0546b92d9dbf31ec7d7668.jpg?ver=1776685526\",\"width\":96,\"height\":96,\"caption\":\"El Digital de Asturias\"}},{\"@type\":\"WebPage\",\"@id\":\"https:\\\/\\\/www.eldigitaldeasturias.com\\\/noticias\\\/el-psoe-presidira-siete-comisiones-del-congreso\\\/#webpage\",\"url\":\"https:\\\/\\\/www.eldigitaldeasturias.com\\\/noticias\\\/el-psoe-presidira-siete-comisiones-del-congreso\\\/\",\"name\":\"El PSOE presidir\\u00e1 siete comisiones del Congreso - El Digital de Asturias\",\"description\":\"El PSOE presidir\\u00e1 siete comisiones parlamentarias en el Congreso durante la XI Legislatura, entre ellas las de Justicia, Hacienda, Defensa, Sanidad e Igualdad, seg\\u00fan ha informado la direcci\\u00f3n del Grupo Socialista a sus diputados, reunidos este martes en la C\\u00e1mara Baja. La Presidencia de la Comisi\\u00f3n de Justicia ser\\u00e1 para el diputado por \\u00c1vila y\",\"inLanguage\":\"es-ES\",\"isPartOf\":{\"@id\":\"https:\\\/\\\/www.eldigitaldeasturias.com\\\/noticias\\\/#website\"},\"breadcrumb\":{\"@id\":\"https:\\\/\\\/www.eldigitaldeasturias.com\\\/noticias\\\/el-psoe-presidira-siete-comisiones-del-congreso\\\/#breadcrumblist\"},\"author\":{\"@id\":\"https:\\\/\\\/www.eldigitaldeasturias.com\\\/noticias\\\/author\\\/admin\\\/#author\"},\"creator\":{\"@id\":\"https:\\\/\\\/www.eldigitaldeasturias.com\\\/noticias\\\/author\\\/admin\\\/#author\"},\"image\":{\"@type\":\"ImageObject\",\"url\":\"https:\\\/\\\/www.eldigitaldeasturias.com\\\/noticias\\\/wp-content\\\/uploads\\\/2016\\\/02\\\/fotonoticia_20160202175210_800.jpg\",\"@id\":\"https:\\\/\\\/www.eldigitaldeasturias.com\\\/noticias\\\/el-psoe-presidira-siete-comisiones-del-congreso\\\/#mainImage\",\"width\":800,\"height\":534},\"primaryImageOfPage\":{\"@id\":\"https:\\\/\\\/www.eldigitaldeasturias.com\\\/noticias\\\/el-psoe-presidira-siete-comisiones-del-congreso\\\/#mainImage\"},\"datePublished\":\"2016-02-02T21:03:27+01:00\",\"dateModified\":\"2016-02-02T21:03:27+01:00\"},{\"@type\":\"WebSite\",\"@id\":\"https:\\\/\\\/www.eldigitaldeasturias.com\\\/noticias\\\/#website\",\"url\":\"https:\\\/\\\/www.eldigitaldeasturias.com\\\/noticias\\\/\",\"name\":\"El Digital de Asturias - Diario de actualidad y noticias\",\"alternateName\":\"El Digital de Asturias - Diario de actualidad y noticias\",\"description\":\"Hemeroteca\",\"inLanguage\":\"es-ES\",\"publisher\":{\"@id\":\"https:\\\/\\\/www.eldigitaldeasturias.com\\\/noticias\\\/#organization\"}}]}\n\t\t<\/script>\n\t\t<!-- All in One SEO Pro -->\r\n\t\t<title>El PSOE presidir\u00e1 siete comisiones del Congreso - El Digital de Asturias<\/title>\n\n","aioseo_head_json":{"title":"El PSOE presidir\u00e1 siete comisiones del Congreso - El Digital de Asturias","description":"El PSOE presidir\u00e1 siete comisiones parlamentarias en el Congreso durante la XI Legislatura, entre ellas las de Justicia, Hacienda, Defensa, Sanidad e Igualdad, seg\u00fan ha informado la direcci\u00f3n del Grupo Socialista a sus diputados, reunidos este martes en la C\u00e1mara Baja. La Presidencia de la Comisi\u00f3n de Justicia ser\u00e1 para el diputado por \u00c1vila y","canonical_url":"https:\/\/www.eldigitaldeasturias.com\/noticias\/el-psoe-presidira-siete-comisiones-del-congreso\/","robots":"max-image-preview:large","keywords":"actualidad","webmasterTools":{"google-site-verification":"UA-38556648-1","msvalidate.01":"7dfe9f3f1b24437ab69f4f2559babe99","miscellaneous":""},"schema":{"@context":"https:\/\/schema.org","@graph":[{"@type":"BlogPosting","@id":"https:\/\/www.eldigitaldeasturias.com\/noticias\/el-psoe-presidira-siete-comisiones-del-congreso\/#blogposting","name":"El PSOE presidir\u00e1 siete comisiones del Congreso - El Digital de Asturias","headline":"El PSOE presidir\u00e1 siete comisiones del Congreso","author":{"@id":"https:\/\/www.eldigitaldeasturias.com\/noticias\/author\/admin\/#author"},"publisher":{"@id":"https:\/\/www.eldigitaldeasturias.com\/noticias\/#organization"},"image":{"@type":"ImageObject","url":"https:\/\/www.eldigitaldeasturias.com\/noticias\/wp-content\/uploads\/2016\/02\/fotonoticia_20160202175210_800.jpg","width":800,"height":534},"datePublished":"2016-02-02T21:03:27+01:00","dateModified":"2016-02-02T21:03:27+01:00","inLanguage":"es-ES","mainEntityOfPage":{"@id":"https:\/\/www.eldigitaldeasturias.com\/noticias\/el-psoe-presidira-siete-comisiones-del-congreso\/#webpage"},"isPartOf":{"@id":"https:\/\/www.eldigitaldeasturias.com\/noticias\/el-psoe-presidira-siete-comisiones-del-congreso\/#webpage"},"articleSection":"Actualidad"},{"@type":"BreadcrumbList","@id":"https:\/\/www.eldigitaldeasturias.com\/noticias\/el-psoe-presidira-siete-comisiones-del-congreso\/#breadcrumblist","itemListElement":[{"@type":"ListItem","@id":"https:\/\/www.eldigitaldeasturias.com\/noticias#listItem","position":1,"name":"Home","item":"https:\/\/www.eldigitaldeasturias.com\/noticias","nextItem":{"@type":"ListItem","@id":"https:\/\/www.eldigitaldeasturias.com\/noticias\/category\/actualidad\/#listItem","name":"Actualidad"}},{"@type":"ListItem","@id":"https:\/\/www.eldigitaldeasturias.com\/noticias\/category\/actualidad\/#listItem","position":2,"name":"Actualidad","item":"https:\/\/www.eldigitaldeasturias.com\/noticias\/category\/actualidad\/","nextItem":{"@type":"ListItem","@id":"https:\/\/www.eldigitaldeasturias.com\/noticias\/el-psoe-presidira-siete-comisiones-del-congreso\/#listItem","name":"El PSOE presidir\u00e1 siete comisiones del Congreso"},"previousItem":{"@type":"ListItem","@id":"https:\/\/www.eldigitaldeasturias.com\/noticias#listItem","name":"Home"}},{"@type":"ListItem","@id":"https:\/\/www.eldigitaldeasturias.com\/noticias\/el-psoe-presidira-siete-comisiones-del-congreso\/#listItem","position":3,"name":"El PSOE presidir\u00e1 siete comisiones del Congreso","previousItem":{"@type":"ListItem","@id":"https:\/\/www.eldigitaldeasturias.com\/noticias\/category\/actualidad\/#listItem","name":"Actualidad"}}]},{"@type":"Organization","@id":"https:\/\/www.eldigitaldeasturias.com\/noticias\/#organization","name":"El Digital de Asturias","description":"Hemeroteca","url":"https:\/\/www.eldigitaldeasturias.com\/noticias\/","email":"info@eldigitaldeasturias.com","telephone":"+34652131393","logo":{"@type":"ImageObject","url":"https:\/\/www.eldigitaldeasturias.com\/noticias\/wp-content\/uploads\/2020\/12\/EDA.jpg","@id":"https:\/\/www.eldigitaldeasturias.com\/noticias\/el-psoe-presidira-siete-comisiones-del-congreso\/#organizationLogo","width":649,"height":297},"image":{"@id":"https:\/\/www.eldigitaldeasturias.com\/noticias\/el-psoe-presidira-siete-comisiones-del-congreso\/#organizationLogo"},"sameAs":["https:\/\/facebook.com\/eldigitaldeasturias","https:\/\/www.youtube.com\/channel\/UCZP-2wLEB9Rv6erhFmqVnvg"],"address":{"@id":"https:\/\/www.eldigitaldeasturias.com\/noticias\/#postaladdress","@type":"PostalAddress","streetAddress":"san antonio 4,","postalCode":"33430","addressLocality":"Cand\u00e1s","addressRegion":"Asturias","addressCountry":"ES"}},{"@type":"Person","@id":"https:\/\/www.eldigitaldeasturias.com\/noticias\/author\/admin\/#author","url":"https:\/\/www.eldigitaldeasturias.com\/noticias\/author\/admin\/","name":"El Digital de Asturias","image":{"@type":"ImageObject","@id":"https:\/\/www.eldigitaldeasturias.com\/noticias\/el-psoe-presidira-siete-comisiones-del-congreso\/#authorImage","url":"https:\/\/www.eldigitaldeasturias.com\/noticias\/wp-content\/litespeed\/avatar\/18677e78aa0546b92d9dbf31ec7d7668.jpg?ver=1776685526","width":96,"height":96,"caption":"El Digital de Asturias"}},{"@type":"WebPage","@id":"https:\/\/www.eldigitaldeasturias.com\/noticias\/el-psoe-presidira-siete-comisiones-del-congreso\/#webpage","url":"https:\/\/www.eldigitaldeasturias.com\/noticias\/el-psoe-presidira-siete-comisiones-del-congreso\/","name":"El PSOE presidir\u00e1 siete comisiones del Congreso - El Digital de Asturias","description":"El PSOE presidir\u00e1 siete comisiones parlamentarias en el Congreso durante la XI Legislatura, entre ellas las de Justicia, Hacienda, Defensa, Sanidad e Igualdad, seg\u00fan ha informado la direcci\u00f3n del Grupo Socialista a sus diputados, reunidos este martes en la C\u00e1mara Baja. La Presidencia de la Comisi\u00f3n de Justicia ser\u00e1 para el diputado por \u00c1vila y","inLanguage":"es-ES","isPartOf":{"@id":"https:\/\/www.eldigitaldeasturias.com\/noticias\/#website"},"breadcrumb":{"@id":"https:\/\/www.eldigitaldeasturias.com\/noticias\/el-psoe-presidira-siete-comisiones-del-congreso\/#breadcrumblist"},"author":{"@id":"https:\/\/www.eldigitaldeasturias.com\/noticias\/author\/admin\/#author"},"creator":{"@id":"https:\/\/www.eldigitaldeasturias.com\/noticias\/author\/admin\/#author"},"image":{"@type":"ImageObject","url":"https:\/\/www.eldigitaldeasturias.com\/noticias\/wp-content\/uploads\/2016\/02\/fotonoticia_20160202175210_800.jpg","@id":"https:\/\/www.eldigitaldeasturias.com\/noticias\/el-psoe-presidira-siete-comisiones-del-congreso\/#mainImage","width":800,"height":534},"primaryImageOfPage":{"@id":"https:\/\/www.eldigitaldeasturias.com\/noticias\/el-psoe-presidira-siete-comisiones-del-congreso\/#mainImage"},"datePublished":"2016-02-02T21:03:27+01:00","dateModified":"2016-02-02T21:03:27+01:00"},{"@type":"WebSite","@id":"https:\/\/www.eldigitaldeasturias.com\/noticias\/#website","url":"https:\/\/www.eldigitaldeasturias.com\/noticias\/","name":"El Digital de Asturias - Diario de actualidad y noticias","alternateName":"El Digital de Asturias - Diario de actualidad y noticias","description":"Hemeroteca","inLanguage":"es-ES","publisher":{"@id":"https:\/\/www.eldigitaldeasturias.com\/noticias\/#organization"}}]},"og:locale":"es_ES","og:site_name":"El Digital de Asturias","og:type":"article","og:title":"El PSOE presidir\u00e1 siete comisiones del Congreso - El Digital de Asturias","og:description":"El PSOE presidir\u00e1 siete comisiones parlamentarias en el Congreso durante la XI Legislatura, entre ellas las de Justicia, Hacienda, Defensa, Sanidad e Igualdad, seg\u00fan ha informado la direcci\u00f3n del Grupo Socialista a sus diputados, reunidos este martes en la C\u00e1mara Baja. La Presidencia de la Comisi\u00f3n de Justicia ser\u00e1 para el diputado por \u00c1vila y","og:url":"https:\/\/www.eldigitaldeasturias.com\/noticias\/el-psoe-presidira-siete-comisiones-del-congreso\/","og:image":"https:\/\/www.eldigitaldeasturias.com\/noticias\/wp-content\/uploads\/2016\/02\/fotonoticia_20160202175210_800.jpg","og:image:secure_url":"https:\/\/www.eldigitaldeasturias.com\/noticias\/wp-content\/uploads\/2016\/02\/fotonoticia_20160202175210_800.jpg","og:image:width":800,"og:image:height":534,"article:tag":["actualidad"],"article:published_time":"2016-02-02T21:03:27+00:00","article:modified_time":"2016-02-02T21:03:27+00:00","article:publisher":"https:\/\/facebook.com\/eldigitaldeasturias","twitter:card":"summary_large_image","twitter:title":"El PSOE presidir\u00e1 siete comisiones del Congreso - El Digital de Asturias","twitter:description":"El PSOE presidir\u00e1 siete comisiones parlamentarias en el Congreso durante la XI Legislatura, entre ellas las de Justicia, Hacienda, Defensa, Sanidad e Igualdad, seg\u00fan ha informado la direcci\u00f3n del Grupo Socialista a sus diputados, reunidos este martes en la C\u00e1mara Baja. La Presidencia de la Comisi\u00f3n de Justicia ser\u00e1 para el diputado por \u00c1vila y","twitter:image":"https:\/\/www.eldigitaldeasturias.com\/noticias\/wp-content\/uploads\/2016\/02\/fotonoticia_20160202175210_800.jpg","twitter:label1":"Escrito por","twitter:data1":"El Digital de Asturias","twitter:label2":"Tiempo de lectura estimado","twitter:data2":"1 minuto"},"aioseo_meta_data":{"post_id":"853189","title":null,"description":null,"keywords":null,"keyphrases":null,"primary_term":null,"canonical_url":null,"og_title":null,"og_description":null,"og_object_type":"default","og_image_type":"default","og_image_url":null,"og_image_width":null,"og_image_height":null,"og_image_custom_url":null,"og_image_custom_fields":null,"og_video":null,"og_custom_url":null,"og_article_section":null,"og_article_tags":null,"twitter_use_og":false,"twitter_card":"default","twitter_image_type":"default","twitter_image_url":null,"twitter_image_custom_url":null,"twitter_image_custom_fields":null,"twitter_title":null,"twitter_description":null,"schema":{"blockGraphs":[],"customGraphs":[],"default":{"data":{"Article":[],"Course":[],"Dataset":[],"FAQPage":[],"Movie":[],"Person":[],"Product":[],"ProductReview":[],"Car":[],"Recipe":[],"Service":[],"SoftwareApplication":[],"WebPage":[]},"graphName":"","isEnabled":true},"graphs":[],"defaultGraph":"","defaultPostTypeGraph":""},"schema_type":null,"schema_type_options":null,"pillar_content":false,"robots_default":true,"robots_noindex":false,"robots_noarchive":false,"robots_nosnippet":false,"robots_nofollow":false,"robots_noimageindex":false,"robots_noodp":false,"robots_notranslate":false,"robots_max_snippet":null,"robots_max_videopreview":null,"robots_max_imagepreview":"large","priority":null,"frequency":null,"local_seo":null,"seo_analyzer_scan_date":"2025-12-09 17:15:10","breadcrumb_settings":null,"limit_modified_date":false,"open_ai":null,"ai":null,"created":"2021-01-22 23:55:28","updated":"2025-12-09 17:15:10"},"aioseo_breadcrumb":"<div class=\"aioseo-breadcrumbs\"><span class=\"aioseo-breadcrumb\">\n\t<a href=\"https:\/\/www.eldigitaldeasturias.com\/noticias\" title=\"Home\">Home<\/a>\n<\/span><span class=\"aioseo-breadcrumb-separator\">\u2013<\/span><span class=\"aioseo-breadcrumb\">\n\t<a href=\"https:\/\/www.eldigitaldeasturias.com\/noticias\/category\/actualidad\/\" title=\"Actualidad\">Actualidad<\/a>\n<\/span><span class=\"aioseo-breadcrumb-separator\">\u2013<\/span><span class=\"aioseo-breadcrumb\">\n\t<a href=\"https:\/\/www.eldigitaldeasturias.com\/noticias\/el-psoe-presidira-siete-comisiones-del-congreso\/\" title=\"El PSOE presidir\u00e1 siete comisiones del Congreso\">El PSOE presidir\u00e1 siete comisiones del Congreso<\/a>\n<\/span><\/div>","aioseo_breadcrumb_json":[{"label":"Home","link":"https:\/\/www.eldigitaldeasturias.com\/noticias"},{"label":"Actualidad","link":"https:\/\/www.eldigitaldeasturias.com\/noticias\/category\/actualidad\/"},{"label":"El PSOE presidir\u00e1 siete comisiones del Congreso","link":"https:\/\/www.eldigitaldeasturias.com\/noticias\/el-psoe-presidira-siete-comisiones-del-congreso\/"}],"_links":{"self":[{"href":"https:\/\/www.eldigitaldeasturias.com\/noticias\/wp-json\/wp\/v2\/posts\/853189","targetHints":{"allow":["GET"]}}],"collection":[{"href":"https:\/\/www.eldigitaldeasturias.com\/noticias\/wp-json\/wp\/v2\/posts"}],"about":[{"href":"https:\/\/www.eldigitaldeasturias.com\/noticias\/wp-json\/wp\/v2\/types\/post"}],"author":[{"embeddable":true,"href":"https:\/\/www.eldigitaldeasturias.com\/noticias\/wp-json\/wp\/v2\/users\/1"}],"replies":[{"embeddable":true,"href":"https:\/\/www.eldigitaldeasturias.com\/noticias\/wp-json\/wp\/v2\/comments?post=853189"}],"version-history":[{"count":0,"href":"https:\/\/www.eldigitaldeasturias.com\/noticias\/wp-json\/wp\/v2\/posts\/853189\/revisions"}],"wp:featuredmedia":[{"embeddable":true,"href":"https:\/\/www.eldigitaldeasturias.com\/noticias\/wp-json\/wp\/v2\/media\/853190"}],"wp:attachment":[{"href":"https:\/\/www.eldigitaldeasturias.com\/noticias\/wp-json\/wp\/v2\/media?parent=853189"}],"wp:term":[{"taxonomy":"category","embeddable":true,"href":"https:\/\/www.eldigitaldeasturias.com\/noticias\/wp-json\/wp\/v2\/categories?post=853189"},{"taxonomy":"post_tag","embeddable":true,"href":"https:\/\/www.eldigitaldeasturias.com\/noticias\/wp-json\/wp\/v2\/tags?post=853189"}],"curies":[{"name":"wp","href":"https:\/\/api.w.org\/{rel}","templated":true}]}}