{"id":853186,"date":"2016-02-02T21:01:33","date_gmt":"2016-02-02T21:01:33","guid":{"rendered":"http:\/\/www.eldigitaldeasturias.com\/noticias\/?p=853186"},"modified":"2016-02-02T21:01:33","modified_gmt":"2016-02-02T21:01:33","slug":"yllanes-sera-el-portavoz-de-podemos-en-la-comision-de-reglamento","status":"publish","type":"post","link":"https:\/\/www.eldigitaldeasturias.com\/noticias\/yllanes-sera-el-portavoz-de-podemos-en-la-comision-de-reglamento\/","title":{"rendered":"Yllanes ser\u00e1 el portavoz de Podemos en la Comisi\u00f3n de Reglamento"},"content":{"rendered":"<p><img loading=\"lazy\" decoding=\"async\" class=\"alignleft size-medium wp-image-853187\" src=\"https:\/\/www.eldigitaldeasturias.com\/noticias\/wp-content\/uploads\/2016\/02\/fotonoticia_20160202164634_800-360x240.jpg\" alt=\"fotonoticia_20160202164634_800\" width=\"360\" height=\"240\" srcset=\"https:\/\/www.eldigitaldeasturias.com\/noticias\/wp-content\/uploads\/2016\/02\/fotonoticia_20160202164634_800-360x240.jpg 360w, https:\/\/www.eldigitaldeasturias.com\/noticias\/wp-content\/uploads\/2016\/02\/fotonoticia_20160202164634_800-768x513.jpg 768w, https:\/\/www.eldigitaldeasturias.com\/noticias\/wp-content\/uploads\/2016\/02\/fotonoticia_20160202164634_800-650x434.jpg 650w, https:\/\/www.eldigitaldeasturias.com\/noticias\/wp-content\/uploads\/2016\/02\/fotonoticia_20160202164634_800-84x55.jpg 84w, https:\/\/www.eldigitaldeasturias.com\/noticias\/wp-content\/uploads\/2016\/02\/fotonoticia_20160202164634_800-49x32.jpg 49w, https:\/\/www.eldigitaldeasturias.com\/noticias\/wp-content\/uploads\/2016\/02\/fotonoticia_20160202164634_800.jpg 800w\" sizes=\"auto, (max-width: 360px) 100vw, 360px\" \/>Podemos ha recurrido a dos de sus fichajes estrella de las pasadas elecciones generales para designar a los portavoces de las primeras comisiones parlamentarias que se constituir\u00e1n este mi\u00e9rcoles. As\u00ed, la exjueza Victoria Rosell, diputada por Las Palmas y exportavoz de la asociaci\u00f3n Jueces para la Democracia, ser\u00e1 la voz de Podemos en la Comisi\u00f3n de Justicia; y el exmagistrado Juan Pedro Yllanes, diputado por Palma y quien se iba a encargar de juzgar el caso &#8216;N\u00f3os&#8217;, portavoz en la Comisi\u00f3n de Reglamento.<\/p>\n<p>El Grupo Parlamentario de Podemos-En Com\u00fa Podem-En Marea &#8211;que integra no s\u00f3lo a la formaci\u00f3n morada sino tambi\u00e9n a las confluencias catalana y gallega&#8211; ha registrado este martes un escrito con la composici\u00f3n de las primeras siete comisiones que echar\u00e1n a andar en esta XI legislatura: Las comisiones t\u00e9cnicas de Reglamento, del Estatuto del Diputado y de Peticiones y las permanentes de Constitucional, Justicia, Empleo y Seguridad Social y Presupuestos.<\/p>\n<p>Adem\u00e1s de Yllanes y Rosell, Podemos ha designado al experto en Derecho Constitucional y diputado por Alicante, Rub\u00e9n Mar\u00ednez Dalmau, portavoz de la Comisi\u00f3n Constitucional, confi\u00e1ndole as\u00ed la voz de la formaci\u00f3n en la comisi\u00f3n que m\u00e1s peso tiene en la C\u00e1mara Baja y de las que m\u00e1s inter\u00e9s suscita en el partido morado, que ha convertido la reforma de la Carta Magna en uno de sus principales objetivos.<\/p>\n<p>La reforma de la Constituci\u00f3n es el eje principal del programa con el que Podemos concurri\u00f3 en las generales. En concreto, la formaci\u00f3n morada quiere que la Carta Magna reconozca \u00abcinco garant\u00edas constitucionales\u00bb, que pasan por reformar la ley electoral para hacerla m\u00e1s proporcional; reconocer la plurinacionalidad de Espa\u00f1a y el derecho a decidir; blindar los derechos sociales; reforzar la lucha contra la corrupci\u00f3n, a trav\u00e9s, por ejemplo, de la prohibici\u00f3n de las puertas giratorias; y garantizar la independencia judicial.<\/p>\n<p>BESCANSA Y DOM\u00c8NECH, ADJUNTOS EN CONSTITUCIONAL<\/p>\n<p>Por este motivo, la formaci\u00f3n ha inscrito a su propio secretario general, Pablo Iglesias, y a la n\u00famero tres de la formaci\u00f3n, Carolina Bescansa, como portavoz adjunta, puesto que tambi\u00e9n ostentar\u00e1 el diputado por Barcelona y l\u00edder de En Com\u00fa Podem, Xavi Dom\u00e8nech. Tambi\u00e9n estar\u00e1 en este \u00f3rgano el diputado de En Marea, Antonio G\u00f3mez-Reino.<\/p>\n<p>De este modo, las confluencias no ostentan de momento ninguna de las portavoc\u00edas titulares de las primeras comisiones que se constituir\u00e1n este mi\u00e9rcoles. Teniendo en cuenta que Podemos acord\u00f3 que garantizar\u00eda la visibilidad de sus socios territoriales, es probable que ocupen alguna portavoc\u00eda de las comisiones que se formar\u00e1n pr\u00f3ximamente.<\/p>\n<p>Asimismo, Podemos ha nombrado portavoz de la Comisi\u00f3n de Empleo y Seguridad Social al diputado por Tenerife y activista social, Alberto Rodr\u00edguez, quien protagoniz\u00f3 una de las an\u00e9cdotas del inicio de esta legislatura debido a sus &#8216;rastas&#8217;.<\/p>\n<p>No obstante, Podemos no ha dado a conocer todav\u00eda qui\u00e9n se encargar\u00e1 de ocupar la Presidencia de dicha comisi\u00f3n, puesto que les corresponde seg\u00fan el reparto que han acordado con el resto de formaciones.<\/p>\n<p>Sin embargo, s\u00ed informan de que asumir\u00e1n la Secretar\u00eda de la Comisi\u00f3n del Estatuto del Diputado, que ocupar\u00e1 de nuevo el diputado por Alicante Rub\u00e9n Mart\u00ednez Dalmau; y la Secretar\u00eda de la Comisi\u00f3n de Peticiones, que ser\u00e1 para la diputada por Huelva, Isabel Franco. El Reglamento del Congreso establece que la secretar\u00eda de estos dos \u00f3rganos las ostente el tercer grupo de la C\u00e1mara.<\/p>\n<p>Por \u00faltimo, la formaci\u00f3n morada tambi\u00e9n ha dado a conocer que su portavoz en la Comisi\u00f3n de Presupuestos ser\u00e1 el diputado por Asturias y responsable de Finanzas de Podemos, Segundo Gonz\u00e1lez.<\/p>\n","protected":false},"excerpt":{"rendered":"<p>Podemos ha recurrido a dos de sus fichajes estrella de las pasadas elecciones generales para designar a los portavoces de las primeras comisiones parlamentarias que se constituir\u00e1n este mi\u00e9rcoles. As\u00ed, la exjueza Victoria Rosell, diputada por Las Palmas y exportavoz de la asociaci\u00f3n Jueces para la Democracia, ser\u00e1 la voz de Podemos en la Comisi\u00f3n [&hellip;]<\/p>\n","protected":false},"author":1,"featured_media":853187,"comment_status":"closed","ping_status":"closed","sticky":false,"template":"","format":"standard","meta":{"footnotes":""},"categories":[1],"tags":[],"class_list":["post-853186","post","type-post","status-publish","format-standard","has-post-thumbnail","hentry","category-actualidad"],"aioseo_notices":[],"aioseo_head":"\n\t\t<!-- All in One SEO Pro 4.9.6.2 - aioseo.com -->\n\t<meta name=\"description\" content=\"Podemos ha recurrido a dos de sus fichajes estrella de las pasadas elecciones generales para designar a los portavoces de las primeras comisiones parlamentarias que se constituir\u00e1n este mi\u00e9rcoles. As\u00ed, la exjueza Victoria Rosell, diputada por Las Palmas y exportavoz de la asociaci\u00f3n Jueces para la Democracia, ser\u00e1 la voz de Podemos en la Comisi\u00f3n\" \/>\n\t<meta name=\"robots\" content=\"max-image-preview:large\" \/>\n\t<meta name=\"author\" content=\"El Digital de Asturias\"\/>\n\t<meta name=\"google-site-verification\" content=\"UA-38556648-1\" \/>\n\t<meta name=\"msvalidate.01\" content=\"7dfe9f3f1b24437ab69f4f2559babe99\" \/>\n\t<meta name=\"keywords\" content=\"actualidad\" \/>\n\t<link rel=\"canonical\" href=\"https:\/\/www.eldigitaldeasturias.com\/noticias\/yllanes-sera-el-portavoz-de-podemos-en-la-comision-de-reglamento\/\" \/>\n\t<meta name=\"generator\" content=\"All in One SEO Pro (AIOSEO) 4.9.6.2\" \/>\n\t\t<meta property=\"og:locale\" content=\"es_ES\" \/>\n\t\t<meta property=\"og:site_name\" content=\"El Digital de Asturias\" \/>\n\t\t<meta property=\"og:type\" content=\"article\" \/>\n\t\t<meta property=\"og:title\" content=\"Yllanes ser\u00e1 el portavoz de Podemos en la Comisi\u00f3n de Reglamento - El Digital de Asturias\" \/>\n\t\t<meta property=\"og:description\" content=\"Podemos ha recurrido a dos de sus fichajes estrella de las pasadas elecciones generales para designar a los portavoces de las primeras comisiones parlamentarias que se constituir\u00e1n este mi\u00e9rcoles. As\u00ed, la exjueza Victoria Rosell, diputada por Las Palmas y exportavoz de la asociaci\u00f3n Jueces para la Democracia, ser\u00e1 la voz de Podemos en la Comisi\u00f3n\" \/>\n\t\t<meta property=\"og:url\" content=\"https:\/\/www.eldigitaldeasturias.com\/noticias\/yllanes-sera-el-portavoz-de-podemos-en-la-comision-de-reglamento\/\" \/>\n\t\t<meta property=\"og:image\" content=\"https:\/\/www.eldigitaldeasturias.com\/noticias\/wp-content\/uploads\/2016\/02\/fotonoticia_20160202164634_800.jpg\" \/>\n\t\t<meta property=\"og:image:secure_url\" content=\"https:\/\/www.eldigitaldeasturias.com\/noticias\/wp-content\/uploads\/2016\/02\/fotonoticia_20160202164634_800.jpg\" \/>\n\t\t<meta property=\"og:image:width\" content=\"800\" \/>\n\t\t<meta property=\"og:image:height\" content=\"534\" \/>\n\t\t<meta property=\"article:tag\" content=\"actualidad\" \/>\n\t\t<meta property=\"article:published_time\" content=\"2016-02-02T21:01:33+00:00\" \/>\n\t\t<meta property=\"article:modified_time\" content=\"2016-02-02T21:01:33+00:00\" \/>\n\t\t<meta property=\"article:publisher\" content=\"https:\/\/facebook.com\/eldigitaldeasturias\" \/>\n\t\t<meta name=\"twitter:card\" content=\"summary_large_image\" \/>\n\t\t<meta name=\"twitter:title\" content=\"Yllanes ser\u00e1 el portavoz de Podemos en la Comisi\u00f3n de Reglamento - El Digital de Asturias\" \/>\n\t\t<meta name=\"twitter:description\" content=\"Podemos ha recurrido a dos de sus fichajes estrella de las pasadas elecciones generales para designar a los portavoces de las primeras comisiones parlamentarias que se constituir\u00e1n este mi\u00e9rcoles. As\u00ed, la exjueza Victoria Rosell, diputada por Las Palmas y exportavoz de la asociaci\u00f3n Jueces para la Democracia, ser\u00e1 la voz de Podemos en la Comisi\u00f3n\" \/>\n\t\t<meta name=\"twitter:image\" content=\"https:\/\/www.eldigitaldeasturias.com\/noticias\/wp-content\/uploads\/2016\/02\/fotonoticia_20160202164634_800.jpg\" \/>\n\t\t<meta name=\"twitter:label1\" content=\"Escrito por\" \/>\n\t\t<meta name=\"twitter:data1\" content=\"El Digital de Asturias\" \/>\n\t\t<meta name=\"twitter:label2\" content=\"Tiempo de lectura estimado\" \/>\n\t\t<meta name=\"twitter:data2\" content=\"3 minutos\" \/>\n\t\t<script type=\"application\/ld+json\" class=\"aioseo-schema\">\n\t\t\t{\"@context\":\"https:\\\/\\\/schema.org\",\"@graph\":[{\"@type\":\"BlogPosting\",\"@id\":\"https:\\\/\\\/www.eldigitaldeasturias.com\\\/noticias\\\/yllanes-sera-el-portavoz-de-podemos-en-la-comision-de-reglamento\\\/#blogposting\",\"name\":\"Yllanes ser\\u00e1 el portavoz de Podemos en la Comisi\\u00f3n de Reglamento - El Digital de Asturias\",\"headline\":\"Yllanes ser\\u00e1 el portavoz de Podemos en la Comisi\\u00f3n de Reglamento\",\"author\":{\"@id\":\"https:\\\/\\\/www.eldigitaldeasturias.com\\\/noticias\\\/author\\\/admin\\\/#author\"},\"publisher\":{\"@id\":\"https:\\\/\\\/www.eldigitaldeasturias.com\\\/noticias\\\/#organization\"},\"image\":{\"@type\":\"ImageObject\",\"url\":\"https:\\\/\\\/www.eldigitaldeasturias.com\\\/noticias\\\/wp-content\\\/uploads\\\/2016\\\/02\\\/fotonoticia_20160202164634_800.jpg\",\"width\":800,\"height\":534},\"datePublished\":\"2016-02-02T21:01:33+01:00\",\"dateModified\":\"2016-02-02T21:01:33+01:00\",\"inLanguage\":\"es-ES\",\"mainEntityOfPage\":{\"@id\":\"https:\\\/\\\/www.eldigitaldeasturias.com\\\/noticias\\\/yllanes-sera-el-portavoz-de-podemos-en-la-comision-de-reglamento\\\/#webpage\"},\"isPartOf\":{\"@id\":\"https:\\\/\\\/www.eldigitaldeasturias.com\\\/noticias\\\/yllanes-sera-el-portavoz-de-podemos-en-la-comision-de-reglamento\\\/#webpage\"},\"articleSection\":\"Actualidad\"},{\"@type\":\"BreadcrumbList\",\"@id\":\"https:\\\/\\\/www.eldigitaldeasturias.com\\\/noticias\\\/yllanes-sera-el-portavoz-de-podemos-en-la-comision-de-reglamento\\\/#breadcrumblist\",\"itemListElement\":[{\"@type\":\"ListItem\",\"@id\":\"https:\\\/\\\/www.eldigitaldeasturias.com\\\/noticias#listItem\",\"position\":1,\"name\":\"Home\",\"item\":\"https:\\\/\\\/www.eldigitaldeasturias.com\\\/noticias\",\"nextItem\":{\"@type\":\"ListItem\",\"@id\":\"https:\\\/\\\/www.eldigitaldeasturias.com\\\/noticias\\\/category\\\/actualidad\\\/#listItem\",\"name\":\"Actualidad\"}},{\"@type\":\"ListItem\",\"@id\":\"https:\\\/\\\/www.eldigitaldeasturias.com\\\/noticias\\\/category\\\/actualidad\\\/#listItem\",\"position\":2,\"name\":\"Actualidad\",\"item\":\"https:\\\/\\\/www.eldigitaldeasturias.com\\\/noticias\\\/category\\\/actualidad\\\/\",\"nextItem\":{\"@type\":\"ListItem\",\"@id\":\"https:\\\/\\\/www.eldigitaldeasturias.com\\\/noticias\\\/yllanes-sera-el-portavoz-de-podemos-en-la-comision-de-reglamento\\\/#listItem\",\"name\":\"Yllanes ser\\u00e1 el portavoz de Podemos en la Comisi\\u00f3n de Reglamento\"},\"previousItem\":{\"@type\":\"ListItem\",\"@id\":\"https:\\\/\\\/www.eldigitaldeasturias.com\\\/noticias#listItem\",\"name\":\"Home\"}},{\"@type\":\"ListItem\",\"@id\":\"https:\\\/\\\/www.eldigitaldeasturias.com\\\/noticias\\\/yllanes-sera-el-portavoz-de-podemos-en-la-comision-de-reglamento\\\/#listItem\",\"position\":3,\"name\":\"Yllanes ser\\u00e1 el portavoz de Podemos en la Comisi\\u00f3n de Reglamento\",\"previousItem\":{\"@type\":\"ListItem\",\"@id\":\"https:\\\/\\\/www.eldigitaldeasturias.com\\\/noticias\\\/category\\\/actualidad\\\/#listItem\",\"name\":\"Actualidad\"}}]},{\"@type\":\"Organization\",\"@id\":\"https:\\\/\\\/www.eldigitaldeasturias.com\\\/noticias\\\/#organization\",\"name\":\"El Digital de Asturias\",\"description\":\"Hemeroteca\",\"url\":\"https:\\\/\\\/www.eldigitaldeasturias.com\\\/noticias\\\/\",\"email\":\"info@eldigitaldeasturias.com\",\"telephone\":\"+34652131393\",\"logo\":{\"@type\":\"ImageObject\",\"url\":\"https:\\\/\\\/www.eldigitaldeasturias.com\\\/noticias\\\/wp-content\\\/uploads\\\/2020\\\/12\\\/EDA.jpg\",\"@id\":\"https:\\\/\\\/www.eldigitaldeasturias.com\\\/noticias\\\/yllanes-sera-el-portavoz-de-podemos-en-la-comision-de-reglamento\\\/#organizationLogo\",\"width\":649,\"height\":297},\"image\":{\"@id\":\"https:\\\/\\\/www.eldigitaldeasturias.com\\\/noticias\\\/yllanes-sera-el-portavoz-de-podemos-en-la-comision-de-reglamento\\\/#organizationLogo\"},\"sameAs\":[\"https:\\\/\\\/facebook.com\\\/eldigitaldeasturias\",\"https:\\\/\\\/www.youtube.com\\\/channel\\\/UCZP-2wLEB9Rv6erhFmqVnvg\"],\"address\":{\"@id\":\"https:\\\/\\\/www.eldigitaldeasturias.com\\\/noticias\\\/#postaladdress\",\"@type\":\"PostalAddress\",\"streetAddress\":\"san antonio 4,\",\"postalCode\":\"33430\",\"addressLocality\":\"Cand\\u00e1s\",\"addressRegion\":\"Asturias\",\"addressCountry\":\"ES\"}},{\"@type\":\"Person\",\"@id\":\"https:\\\/\\\/www.eldigitaldeasturias.com\\\/noticias\\\/author\\\/admin\\\/#author\",\"url\":\"https:\\\/\\\/www.eldigitaldeasturias.com\\\/noticias\\\/author\\\/admin\\\/\",\"name\":\"El Digital de Asturias\",\"image\":{\"@type\":\"ImageObject\",\"@id\":\"https:\\\/\\\/www.eldigitaldeasturias.com\\\/noticias\\\/yllanes-sera-el-portavoz-de-podemos-en-la-comision-de-reglamento\\\/#authorImage\",\"url\":\"https:\\\/\\\/www.eldigitaldeasturias.com\\\/noticias\\\/wp-content\\\/litespeed\\\/avatar\\\/18677e78aa0546b92d9dbf31ec7d7668.jpg?ver=1776685526\",\"width\":96,\"height\":96,\"caption\":\"El Digital de Asturias\"}},{\"@type\":\"WebPage\",\"@id\":\"https:\\\/\\\/www.eldigitaldeasturias.com\\\/noticias\\\/yllanes-sera-el-portavoz-de-podemos-en-la-comision-de-reglamento\\\/#webpage\",\"url\":\"https:\\\/\\\/www.eldigitaldeasturias.com\\\/noticias\\\/yllanes-sera-el-portavoz-de-podemos-en-la-comision-de-reglamento\\\/\",\"name\":\"Yllanes ser\\u00e1 el portavoz de Podemos en la Comisi\\u00f3n de Reglamento - El Digital de Asturias\",\"description\":\"Podemos ha recurrido a dos de sus fichajes estrella de las pasadas elecciones generales para designar a los portavoces de las primeras comisiones parlamentarias que se constituir\\u00e1n este mi\\u00e9rcoles. As\\u00ed, la exjueza Victoria Rosell, diputada por Las Palmas y exportavoz de la asociaci\\u00f3n Jueces para la Democracia, ser\\u00e1 la voz de Podemos en la Comisi\\u00f3n\",\"inLanguage\":\"es-ES\",\"isPartOf\":{\"@id\":\"https:\\\/\\\/www.eldigitaldeasturias.com\\\/noticias\\\/#website\"},\"breadcrumb\":{\"@id\":\"https:\\\/\\\/www.eldigitaldeasturias.com\\\/noticias\\\/yllanes-sera-el-portavoz-de-podemos-en-la-comision-de-reglamento\\\/#breadcrumblist\"},\"author\":{\"@id\":\"https:\\\/\\\/www.eldigitaldeasturias.com\\\/noticias\\\/author\\\/admin\\\/#author\"},\"creator\":{\"@id\":\"https:\\\/\\\/www.eldigitaldeasturias.com\\\/noticias\\\/author\\\/admin\\\/#author\"},\"image\":{\"@type\":\"ImageObject\",\"url\":\"https:\\\/\\\/www.eldigitaldeasturias.com\\\/noticias\\\/wp-content\\\/uploads\\\/2016\\\/02\\\/fotonoticia_20160202164634_800.jpg\",\"@id\":\"https:\\\/\\\/www.eldigitaldeasturias.com\\\/noticias\\\/yllanes-sera-el-portavoz-de-podemos-en-la-comision-de-reglamento\\\/#mainImage\",\"width\":800,\"height\":534},\"primaryImageOfPage\":{\"@id\":\"https:\\\/\\\/www.eldigitaldeasturias.com\\\/noticias\\\/yllanes-sera-el-portavoz-de-podemos-en-la-comision-de-reglamento\\\/#mainImage\"},\"datePublished\":\"2016-02-02T21:01:33+01:00\",\"dateModified\":\"2016-02-02T21:01:33+01:00\"},{\"@type\":\"WebSite\",\"@id\":\"https:\\\/\\\/www.eldigitaldeasturias.com\\\/noticias\\\/#website\",\"url\":\"https:\\\/\\\/www.eldigitaldeasturias.com\\\/noticias\\\/\",\"name\":\"El Digital de Asturias - Diario de actualidad y noticias\",\"alternateName\":\"El Digital de Asturias - Diario de actualidad y noticias\",\"description\":\"Hemeroteca\",\"inLanguage\":\"es-ES\",\"publisher\":{\"@id\":\"https:\\\/\\\/www.eldigitaldeasturias.com\\\/noticias\\\/#organization\"}}]}\n\t\t<\/script>\n\t\t<!-- All in One SEO Pro -->\r\n\t\t<title>Yllanes ser\u00e1 el portavoz de Podemos en la Comisi\u00f3n de Reglamento - El Digital de Asturias<\/title>\n\n","aioseo_head_json":{"title":"Yllanes ser\u00e1 el portavoz de Podemos en la Comisi\u00f3n de Reglamento - El Digital de Asturias","description":"Podemos ha recurrido a dos de sus fichajes estrella de las pasadas elecciones generales para designar a los portavoces de las primeras comisiones parlamentarias que se constituir\u00e1n este mi\u00e9rcoles. As\u00ed, la exjueza Victoria Rosell, diputada por Las Palmas y exportavoz de la asociaci\u00f3n Jueces para la Democracia, ser\u00e1 la voz de Podemos en la Comisi\u00f3n","canonical_url":"https:\/\/www.eldigitaldeasturias.com\/noticias\/yllanes-sera-el-portavoz-de-podemos-en-la-comision-de-reglamento\/","robots":"max-image-preview:large","keywords":"actualidad","webmasterTools":{"google-site-verification":"UA-38556648-1","msvalidate.01":"7dfe9f3f1b24437ab69f4f2559babe99","miscellaneous":""},"schema":{"@context":"https:\/\/schema.org","@graph":[{"@type":"BlogPosting","@id":"https:\/\/www.eldigitaldeasturias.com\/noticias\/yllanes-sera-el-portavoz-de-podemos-en-la-comision-de-reglamento\/#blogposting","name":"Yllanes ser\u00e1 el portavoz de Podemos en la Comisi\u00f3n de Reglamento - El Digital de Asturias","headline":"Yllanes ser\u00e1 el portavoz de Podemos en la Comisi\u00f3n de Reglamento","author":{"@id":"https:\/\/www.eldigitaldeasturias.com\/noticias\/author\/admin\/#author"},"publisher":{"@id":"https:\/\/www.eldigitaldeasturias.com\/noticias\/#organization"},"image":{"@type":"ImageObject","url":"https:\/\/www.eldigitaldeasturias.com\/noticias\/wp-content\/uploads\/2016\/02\/fotonoticia_20160202164634_800.jpg","width":800,"height":534},"datePublished":"2016-02-02T21:01:33+01:00","dateModified":"2016-02-02T21:01:33+01:00","inLanguage":"es-ES","mainEntityOfPage":{"@id":"https:\/\/www.eldigitaldeasturias.com\/noticias\/yllanes-sera-el-portavoz-de-podemos-en-la-comision-de-reglamento\/#webpage"},"isPartOf":{"@id":"https:\/\/www.eldigitaldeasturias.com\/noticias\/yllanes-sera-el-portavoz-de-podemos-en-la-comision-de-reglamento\/#webpage"},"articleSection":"Actualidad"},{"@type":"BreadcrumbList","@id":"https:\/\/www.eldigitaldeasturias.com\/noticias\/yllanes-sera-el-portavoz-de-podemos-en-la-comision-de-reglamento\/#breadcrumblist","itemListElement":[{"@type":"ListItem","@id":"https:\/\/www.eldigitaldeasturias.com\/noticias#listItem","position":1,"name":"Home","item":"https:\/\/www.eldigitaldeasturias.com\/noticias","nextItem":{"@type":"ListItem","@id":"https:\/\/www.eldigitaldeasturias.com\/noticias\/category\/actualidad\/#listItem","name":"Actualidad"}},{"@type":"ListItem","@id":"https:\/\/www.eldigitaldeasturias.com\/noticias\/category\/actualidad\/#listItem","position":2,"name":"Actualidad","item":"https:\/\/www.eldigitaldeasturias.com\/noticias\/category\/actualidad\/","nextItem":{"@type":"ListItem","@id":"https:\/\/www.eldigitaldeasturias.com\/noticias\/yllanes-sera-el-portavoz-de-podemos-en-la-comision-de-reglamento\/#listItem","name":"Yllanes ser\u00e1 el portavoz de Podemos en la Comisi\u00f3n de Reglamento"},"previousItem":{"@type":"ListItem","@id":"https:\/\/www.eldigitaldeasturias.com\/noticias#listItem","name":"Home"}},{"@type":"ListItem","@id":"https:\/\/www.eldigitaldeasturias.com\/noticias\/yllanes-sera-el-portavoz-de-podemos-en-la-comision-de-reglamento\/#listItem","position":3,"name":"Yllanes ser\u00e1 el portavoz de Podemos en la Comisi\u00f3n de Reglamento","previousItem":{"@type":"ListItem","@id":"https:\/\/www.eldigitaldeasturias.com\/noticias\/category\/actualidad\/#listItem","name":"Actualidad"}}]},{"@type":"Organization","@id":"https:\/\/www.eldigitaldeasturias.com\/noticias\/#organization","name":"El Digital de Asturias","description":"Hemeroteca","url":"https:\/\/www.eldigitaldeasturias.com\/noticias\/","email":"info@eldigitaldeasturias.com","telephone":"+34652131393","logo":{"@type":"ImageObject","url":"https:\/\/www.eldigitaldeasturias.com\/noticias\/wp-content\/uploads\/2020\/12\/EDA.jpg","@id":"https:\/\/www.eldigitaldeasturias.com\/noticias\/yllanes-sera-el-portavoz-de-podemos-en-la-comision-de-reglamento\/#organizationLogo","width":649,"height":297},"image":{"@id":"https:\/\/www.eldigitaldeasturias.com\/noticias\/yllanes-sera-el-portavoz-de-podemos-en-la-comision-de-reglamento\/#organizationLogo"},"sameAs":["https:\/\/facebook.com\/eldigitaldeasturias","https:\/\/www.youtube.com\/channel\/UCZP-2wLEB9Rv6erhFmqVnvg"],"address":{"@id":"https:\/\/www.eldigitaldeasturias.com\/noticias\/#postaladdress","@type":"PostalAddress","streetAddress":"san antonio 4,","postalCode":"33430","addressLocality":"Cand\u00e1s","addressRegion":"Asturias","addressCountry":"ES"}},{"@type":"Person","@id":"https:\/\/www.eldigitaldeasturias.com\/noticias\/author\/admin\/#author","url":"https:\/\/www.eldigitaldeasturias.com\/noticias\/author\/admin\/","name":"El Digital de Asturias","image":{"@type":"ImageObject","@id":"https:\/\/www.eldigitaldeasturias.com\/noticias\/yllanes-sera-el-portavoz-de-podemos-en-la-comision-de-reglamento\/#authorImage","url":"https:\/\/www.eldigitaldeasturias.com\/noticias\/wp-content\/litespeed\/avatar\/18677e78aa0546b92d9dbf31ec7d7668.jpg?ver=1776685526","width":96,"height":96,"caption":"El Digital de Asturias"}},{"@type":"WebPage","@id":"https:\/\/www.eldigitaldeasturias.com\/noticias\/yllanes-sera-el-portavoz-de-podemos-en-la-comision-de-reglamento\/#webpage","url":"https:\/\/www.eldigitaldeasturias.com\/noticias\/yllanes-sera-el-portavoz-de-podemos-en-la-comision-de-reglamento\/","name":"Yllanes ser\u00e1 el portavoz de Podemos en la Comisi\u00f3n de Reglamento - El Digital de Asturias","description":"Podemos ha recurrido a dos de sus fichajes estrella de las pasadas elecciones generales para designar a los portavoces de las primeras comisiones parlamentarias que se constituir\u00e1n este mi\u00e9rcoles. As\u00ed, la exjueza Victoria Rosell, diputada por Las Palmas y exportavoz de la asociaci\u00f3n Jueces para la Democracia, ser\u00e1 la voz de Podemos en la Comisi\u00f3n","inLanguage":"es-ES","isPartOf":{"@id":"https:\/\/www.eldigitaldeasturias.com\/noticias\/#website"},"breadcrumb":{"@id":"https:\/\/www.eldigitaldeasturias.com\/noticias\/yllanes-sera-el-portavoz-de-podemos-en-la-comision-de-reglamento\/#breadcrumblist"},"author":{"@id":"https:\/\/www.eldigitaldeasturias.com\/noticias\/author\/admin\/#author"},"creator":{"@id":"https:\/\/www.eldigitaldeasturias.com\/noticias\/author\/admin\/#author"},"image":{"@type":"ImageObject","url":"https:\/\/www.eldigitaldeasturias.com\/noticias\/wp-content\/uploads\/2016\/02\/fotonoticia_20160202164634_800.jpg","@id":"https:\/\/www.eldigitaldeasturias.com\/noticias\/yllanes-sera-el-portavoz-de-podemos-en-la-comision-de-reglamento\/#mainImage","width":800,"height":534},"primaryImageOfPage":{"@id":"https:\/\/www.eldigitaldeasturias.com\/noticias\/yllanes-sera-el-portavoz-de-podemos-en-la-comision-de-reglamento\/#mainImage"},"datePublished":"2016-02-02T21:01:33+01:00","dateModified":"2016-02-02T21:01:33+01:00"},{"@type":"WebSite","@id":"https:\/\/www.eldigitaldeasturias.com\/noticias\/#website","url":"https:\/\/www.eldigitaldeasturias.com\/noticias\/","name":"El Digital de Asturias - Diario de actualidad y noticias","alternateName":"El Digital de Asturias - Diario de actualidad y noticias","description":"Hemeroteca","inLanguage":"es-ES","publisher":{"@id":"https:\/\/www.eldigitaldeasturias.com\/noticias\/#organization"}}]},"og:locale":"es_ES","og:site_name":"El Digital de Asturias","og:type":"article","og:title":"Yllanes ser\u00e1 el portavoz de Podemos en la Comisi\u00f3n de Reglamento - El Digital de Asturias","og:description":"Podemos ha recurrido a dos de sus fichajes estrella de las pasadas elecciones generales para designar a los portavoces de las primeras comisiones parlamentarias que se constituir\u00e1n este mi\u00e9rcoles. As\u00ed, la exjueza Victoria Rosell, diputada por Las Palmas y exportavoz de la asociaci\u00f3n Jueces para la Democracia, ser\u00e1 la voz de Podemos en la Comisi\u00f3n","og:url":"https:\/\/www.eldigitaldeasturias.com\/noticias\/yllanes-sera-el-portavoz-de-podemos-en-la-comision-de-reglamento\/","og:image":"https:\/\/www.eldigitaldeasturias.com\/noticias\/wp-content\/uploads\/2016\/02\/fotonoticia_20160202164634_800.jpg","og:image:secure_url":"https:\/\/www.eldigitaldeasturias.com\/noticias\/wp-content\/uploads\/2016\/02\/fotonoticia_20160202164634_800.jpg","og:image:width":800,"og:image:height":534,"article:tag":["actualidad"],"article:published_time":"2016-02-02T21:01:33+00:00","article:modified_time":"2016-02-02T21:01:33+00:00","article:publisher":"https:\/\/facebook.com\/eldigitaldeasturias","twitter:card":"summary_large_image","twitter:title":"Yllanes ser\u00e1 el portavoz de Podemos en la Comisi\u00f3n de Reglamento - El Digital de Asturias","twitter:description":"Podemos ha recurrido a dos de sus fichajes estrella de las pasadas elecciones generales para designar a los portavoces de las primeras comisiones parlamentarias que se constituir\u00e1n este mi\u00e9rcoles. As\u00ed, la exjueza Victoria Rosell, diputada por Las Palmas y exportavoz de la asociaci\u00f3n Jueces para la Democracia, ser\u00e1 la voz de Podemos en la Comisi\u00f3n","twitter:image":"https:\/\/www.eldigitaldeasturias.com\/noticias\/wp-content\/uploads\/2016\/02\/fotonoticia_20160202164634_800.jpg","twitter:label1":"Escrito por","twitter:data1":"El Digital de Asturias","twitter:label2":"Tiempo de lectura estimado","twitter:data2":"3 minutos"},"aioseo_meta_data":{"post_id":"853186","title":null,"description":null,"keywords":null,"keyphrases":null,"primary_term":null,"canonical_url":null,"og_title":null,"og_description":null,"og_object_type":"default","og_image_type":"default","og_image_url":null,"og_image_width":null,"og_image_height":null,"og_image_custom_url":null,"og_image_custom_fields":null,"og_video":null,"og_custom_url":null,"og_article_section":null,"og_article_tags":null,"twitter_use_og":false,"twitter_card":"default","twitter_image_type":"default","twitter_image_url":null,"twitter_image_custom_url":null,"twitter_image_custom_fields":null,"twitter_title":null,"twitter_description":null,"schema":{"blockGraphs":[],"customGraphs":[],"default":{"data":{"Article":[],"Course":[],"Dataset":[],"FAQPage":[],"Movie":[],"Person":[],"Product":[],"ProductReview":[],"Car":[],"Recipe":[],"Service":[],"SoftwareApplication":[],"WebPage":[]},"graphName":"","isEnabled":true},"graphs":[],"defaultGraph":"","defaultPostTypeGraph":""},"schema_type":null,"schema_type_options":null,"pillar_content":false,"robots_default":true,"robots_noindex":false,"robots_noarchive":false,"robots_nosnippet":false,"robots_nofollow":false,"robots_noimageindex":false,"robots_noodp":false,"robots_notranslate":false,"robots_max_snippet":null,"robots_max_videopreview":null,"robots_max_imagepreview":"large","priority":null,"frequency":null,"local_seo":null,"seo_analyzer_scan_date":"2025-12-09 17:15:09","breadcrumb_settings":null,"limit_modified_date":false,"open_ai":null,"ai":null,"created":"2021-01-22 23:55:28","updated":"2025-12-09 17:15:09"},"aioseo_breadcrumb":"<div class=\"aioseo-breadcrumbs\"><span class=\"aioseo-breadcrumb\">\n\t<a href=\"https:\/\/www.eldigitaldeasturias.com\/noticias\" title=\"Home\">Home<\/a>\n<\/span><span class=\"aioseo-breadcrumb-separator\">\u2013<\/span><span class=\"aioseo-breadcrumb\">\n\t<a href=\"https:\/\/www.eldigitaldeasturias.com\/noticias\/category\/actualidad\/\" title=\"Actualidad\">Actualidad<\/a>\n<\/span><span class=\"aioseo-breadcrumb-separator\">\u2013<\/span><span class=\"aioseo-breadcrumb\">\n\t<a href=\"https:\/\/www.eldigitaldeasturias.com\/noticias\/yllanes-sera-el-portavoz-de-podemos-en-la-comision-de-reglamento\/\" title=\"Yllanes ser\u00e1 el portavoz de Podemos en la Comisi\u00f3n de Reglamento\">Yllanes ser\u00e1 el portavoz de Podemos en la Comisi\u00f3n de Reglamento<\/a>\n<\/span><\/div>","aioseo_breadcrumb_json":[{"label":"Home","link":"https:\/\/www.eldigitaldeasturias.com\/noticias"},{"label":"Actualidad","link":"https:\/\/www.eldigitaldeasturias.com\/noticias\/category\/actualidad\/"},{"label":"Yllanes ser\u00e1 el portavoz de Podemos en la Comisi\u00f3n de Reglamento","link":"https:\/\/www.eldigitaldeasturias.com\/noticias\/yllanes-sera-el-portavoz-de-podemos-en-la-comision-de-reglamento\/"}],"_links":{"self":[{"href":"https:\/\/www.eldigitaldeasturias.com\/noticias\/wp-json\/wp\/v2\/posts\/853186","targetHints":{"allow":["GET"]}}],"collection":[{"href":"https:\/\/www.eldigitaldeasturias.com\/noticias\/wp-json\/wp\/v2\/posts"}],"about":[{"href":"https:\/\/www.eldigitaldeasturias.com\/noticias\/wp-json\/wp\/v2\/types\/post"}],"author":[{"embeddable":true,"href":"https:\/\/www.eldigitaldeasturias.com\/noticias\/wp-json\/wp\/v2\/users\/1"}],"replies":[{"embeddable":true,"href":"https:\/\/www.eldigitaldeasturias.com\/noticias\/wp-json\/wp\/v2\/comments?post=853186"}],"version-history":[{"count":0,"href":"https:\/\/www.eldigitaldeasturias.com\/noticias\/wp-json\/wp\/v2\/posts\/853186\/revisions"}],"wp:featuredmedia":[{"embeddable":true,"href":"https:\/\/www.eldigitaldeasturias.com\/noticias\/wp-json\/wp\/v2\/media\/853187"}],"wp:attachment":[{"href":"https:\/\/www.eldigitaldeasturias.com\/noticias\/wp-json\/wp\/v2\/media?parent=853186"}],"wp:term":[{"taxonomy":"category","embeddable":true,"href":"https:\/\/www.eldigitaldeasturias.com\/noticias\/wp-json\/wp\/v2\/categories?post=853186"},{"taxonomy":"post_tag","embeddable":true,"href":"https:\/\/www.eldigitaldeasturias.com\/noticias\/wp-json\/wp\/v2\/tags?post=853186"}],"curies":[{"name":"wp","href":"https:\/\/api.w.org\/{rel}","templated":true}]}}