{"id":853183,"date":"2016-02-02T20:58:58","date_gmt":"2016-02-02T20:58:58","guid":{"rendered":"http:\/\/www.eldigitaldeasturias.com\/noticias\/?p=853183"},"modified":"2016-02-02T20:58:58","modified_gmt":"2016-02-02T20:58:58","slug":"pedro-sanchez-anuncia-al-rey-que-esta-dispuesto-a-intentar-formar-gobierno","status":"publish","type":"post","link":"https:\/\/www.eldigitaldeasturias.com\/noticias\/pedro-sanchez-anuncia-al-rey-que-esta-dispuesto-a-intentar-formar-gobierno\/","title":{"rendered":"Pedro S\u00e1nchez anuncia al Rey que est\u00e1 dispuesto a intentar formar Gobierno"},"content":{"rendered":"<p><img loading=\"lazy\" decoding=\"async\" class=\"alignleft size-medium wp-image-853184\" src=\"https:\/\/www.eldigitaldeasturias.com\/noticias\/wp-content\/uploads\/2016\/02\/fotonoticia_20160202145738_800-360x240.jpg\" alt=\"fotonoticia_20160202145738_800\" width=\"360\" height=\"240\" srcset=\"https:\/\/www.eldigitaldeasturias.com\/noticias\/wp-content\/uploads\/2016\/02\/fotonoticia_20160202145738_800-360x240.jpg 360w, https:\/\/www.eldigitaldeasturias.com\/noticias\/wp-content\/uploads\/2016\/02\/fotonoticia_20160202145738_800-768x513.jpg 768w, https:\/\/www.eldigitaldeasturias.com\/noticias\/wp-content\/uploads\/2016\/02\/fotonoticia_20160202145738_800-650x434.jpg 650w, https:\/\/www.eldigitaldeasturias.com\/noticias\/wp-content\/uploads\/2016\/02\/fotonoticia_20160202145738_800-84x55.jpg 84w, https:\/\/www.eldigitaldeasturias.com\/noticias\/wp-content\/uploads\/2016\/02\/fotonoticia_20160202145738_800-49x32.jpg 49w, https:\/\/www.eldigitaldeasturias.com\/noticias\/wp-content\/uploads\/2016\/02\/fotonoticia_20160202145738_800.jpg 800w\" sizes=\"auto, (max-width: 360px) 100vw, 360px\" \/>El secretario general del PSOE, Pedro S\u00e1nchez, ha anunciado al Rey que dar\u00e1 \u00abun paso al frente\u00bb y que est\u00e1 en disposici\u00f3n de intentar formar Gobierno en caso de que el jefe del Ejecutivo en funciones, Mariano Rajoy, renuncie a hacerlo por segunda vez.<\/p>\n<p>As\u00ed lo ha puesto de manifiesto en la rueda de prensa posterior a la reuni\u00f3n que ha mantenido con Felipe VI dentro de la segunda ronda de contactos que el monarca abri\u00f3 la semana pasada y que culminar\u00e1 este martes con la audiencia que tendr\u00e1 con Rajoy.<\/p>\n<p>El l\u00edder socialista ha explicado que se ha \u00abofrecido\u00bb al jefe del Estado porque quiere poner soluci\u00f3n a la situaci\u00f3n de bloqueo en la que el l\u00edder del PP ha sumido a las instituciones despu\u00e9s de que el pasado 22 de enero, en un hecho \u00abin\u00e9dito\u00bb, Rajoy hiciera \u00abun ejercicio de escapismo pol\u00edtico\u00bb al declinar el mandato del monarca para la conformaci\u00f3n del Gobierno.<\/p>\n<p>Aunque ha subrayado que ser\u00e1 el l\u00edder &#8216;popular&#8217; el que resuelva pronto la \u00abinc\u00f3gnita\u00bb, tras su encuentro con el Rey, S\u00e1nchez ha remarcado que \u00e9l ya ha comunicado oficialmente a Felipe VI su predisposici\u00f3n a crear un Gobierno, un encargo para el que ha reconocido que se siente \u00abfuerte\u00bb. \u00abSi no me sintiera fuerte no hubiera dado el paso\u00bb, ha dicho.<\/p>\n<p>Su intenci\u00f3n, seg\u00fan ha se\u00f1alado, es comenzar a hablar con todas las fuerzas pol\u00edticas a partir de \u00abya\u00bb, incluido el PP, cuyos siete millones de votantes le merecen \u00abtodo el respeto\u00bb, para constituir un Gobierno \u00abreformista\u00bb. \u00abNo se puede esperar un minuto m\u00e1s\u00bb, ha manifestado.<\/p>\n<p>Por eso, se ha mostrado dispuesto a iniciar ma\u00f1ana mismo las negociaciones que hasta ahora no ha abordado porque ha querido ser \u00ababsolutamente escrupuloso con los procedimientos y cree que \u00abla democracia no tiene atajos\u00bb.<\/p>\n<p>OBJETIVO: UN GOBIERNO \u00abTRANSVERSAL, PROGRESISTA Y REFORMISTA\u00bb<\/p>\n<p>Ahora, y si Rajoy vuelve a rechazar presentarse a una investidura, ha defendido que es la \u00abobligaci\u00f3n\u00bb del PSOE dar \u00abun paso al frente\u00bb con el objetivo de formar un gobierno \u00abtransversal, progresista y reformista\u00bb.<\/p>\n<p>El l\u00edder de los socialistas no ha explicado si, en esta tarea, va a priorizar los contactos con Ciudadanos &#8211;como piden la mayor\u00eda de los presidentes auton\u00f3micos del PSOE&#8211; o con Podemos y ha insistido en que hablar\u00e1 con todos.<\/p>\n<p>As\u00ed, ha insistido en que la mayor\u00eda de los espa\u00f1oles \u00abquiere un cambio\u00bb, el PSOE lo va a \u00abfavorecer\u00bb ahora y espera que \u00abel resto\u00bb de las fuerzas pol\u00edticas que \u00abrepresentan el cambio se unan\u00bb a ese proyecto que van a presentarle los socialistas. \u00abCreo que los espa\u00f1oles no entender\u00edan que las fuerzas del cambio no nos uni\u00e9ramos para propiciar ese cambio\u00bb, ha remachado.<\/p>\n<p>Adem\u00e1s, S\u00e1nchez ha asegurado que hablar\u00e1 con el PP, aunque ha descartado que vayan a llegar a un acuerdo porque el PSOE es la \u00abalternativa\u00bb a los &#8216;populares&#8217;. Pero s\u00ed ha asegurado que \u00abrespeta\u00bb a los siete millones de espa\u00f1oles que votaron a este partido y ha insistido en que hay que dejar atr\u00e1s la pol\u00edtica de \u00abfrentes\u00bb.<\/p>\n<p>Por eso, ha explicado que en cuestiones de Estado tender\u00e1 la mano y espera que, si llega al Gobierno, el PP \u00abmantenga\u00bb la \u00abposici\u00f3n leal\u00bb que, ha dicho, el PSOE ha tenido con el Gobierno de Mariano Rajoy en asuntos como el \u00absecesionismo catal\u00e1n\u00bb o la lucha contra el yihadismo.<\/p>\n<p>A partir de aqu\u00ed, el l\u00edder del PSOE no ha querido aventurar c\u00f3mo conseguir\u00e1 los apoyos que precisar\u00eda cualquier pacto con Podemos o con Ciudadanos &#8211;si no logra sumar a estas dos formaciones&#8211; y ha insistido en que quiere ir \u00abpaso a paso\u00bb.<\/p>\n<p>Por lo que se refiere a la consulta que se ha comprometido a hacer a su militancia en el caso de que cierre un pacto con otros partidos, ha explicado que lo que se someter\u00e1 a ese proceso ser\u00e1 \u00abun texto con un acuerdo\u00bb.<\/p>\n<p>APOYO DE LOS INDEPENDENTISTAS<\/p>\n<p>Eso s\u00ed, ha insistido en que no va a buscar el apoyo de los independentistas, aunque no ha respondido si renunciar\u00eda a ser investido si es con el apoyo &#8216;pasivo&#8217; de estas fuerzas. Adem\u00e1s, ha querido hacer una \u00abpuntualizaci\u00f3n\u00bb y ha recalcado que lo que le impide tratar de conseguir el respaldo de estos partidos no es el Comit\u00e9 Federal del PSOE, sino sus \u00abconvicciones\u00bb.<\/p>\n<p>\u00abSiempre he dicho que no voy a ser presidente a cualquier precio y, en consecuencia, el PSOE siempre tender\u00e1 la mano a aquellas formaciones pol\u00edticas que tengan voluntad de garantizar la integridad territorial de Espa\u00f1a, una Espa\u00f1a unida en su diversidad, que reconozca las pluralidades de sociedades tan importantes para Espa\u00f1a como es la sociedad catalana\u00bb, ha abundado.<\/p>\n<p>Y por eso, ha remachado, cree que ya ha sido \u00abbastante claro\u00bb al decir que no va a \u00abbuscar el apoyo de los independentistas catalanes\u00bb a su investidura, en el caso de que llegue a un acuerdo con otros partidos.<\/p>\n<p>Dicho esto, cuando se le ha preguntado por las exclusiones que se hacen mutuamente Podemos y Ciudadanos, S\u00e1nchez ha querido tambi\u00e9n hacer hincapi\u00e9 en que lo que quieren los espa\u00f1oles, a su juicio, es ver que pueden hacer los partidos \u00abunidos\u00bb y, en consecuencia, ha defendido que es el momento de que todos est\u00e9n \u00aba la altura de esa responsabilidad\u00bb. \u00abDejemos de hablar de vetos y empecemos a hablar de qu\u00e9 podemos hacer unidos\u00bb, ha remachado.<\/p>\n<p>Adem\u00e1s, ha pedido al partido de Pablo Iglesias que deje de hablar de \u00absillones\u00bb y empiece a hablar de pol\u00edticas. As\u00ed, cuando se le ha preguntado por la estructura de gobierno &#8211;con ministros &#8216;nombrados&#8217;&#8211; que ha puesto en circulaci\u00f3n Podemos en Arag\u00f3n, ha bromeado asegurando que no sabe \u00abqu\u00e9 manual de negociaci\u00f3n ha le\u00eddo\u00bb el l\u00edder de este partido.<\/p>\n<p>\u00abMe parece que el \u00fanico cap\u00edtulo que han le\u00eddo es el \u00faltimo\u00bb, ha ironizado, para despu\u00e9s insistir en que lo m\u00e1s importante es \u00abhablar del para qu\u00e9\u00bb, de las pol\u00edticas, y a partir de ah\u00ed, se hablar\u00e1 de \u00abotras cosas\u00bb.<\/p>\n<p>LOS \u00abDESPLANTES\u00bb DE PABLO IGLESIAS<\/p>\n<p>Previamente, ha denunciado que en las \u00faltimas semanas ha sido \u00abobjeto\u00bb de \u00abdesplantes\u00bb y de \u00abarrogancia\u00bb por parte de Iglesias, pero ha insistido que ha querido responder \u00abcon respeto\u00bb porque es as\u00ed como cree que los espa\u00f1oles quieren que los pol\u00edticos respondan a \u00ablos desaf\u00edos\u00bb planteados en las elecciones generales.<\/p>\n<p>S\u00e1nchez ha insistido en que es el momento de hablar de pol\u00edticas y de soluciones y no se ha querido poner en el escenario de que estas negociaciones fracasen y haya que ir a nuevas elecciones. \u00abNo ser\u00eda responsable por mi parte\u00bb, ha dicho, para despu\u00e9s defender que volver a las urnas \u00abno es la soluci\u00f3n\u00bb.<\/p>\n<p>\u00abLa soluci\u00f3n es que los partidos pol\u00edticos nos dejemos e vetos, no hablemos de sillones sino de soluciones y de para qu\u00e9 queremos gobernar\u00bb, ha afirmado.<\/p>\n","protected":false},"excerpt":{"rendered":"<p>El secretario general del PSOE, Pedro S\u00e1nchez, ha anunciado al Rey que dar\u00e1 \u00abun paso al frente\u00bb y que est\u00e1 en disposici\u00f3n de intentar formar Gobierno en caso de que el jefe del Ejecutivo en funciones, Mariano Rajoy, renuncie a hacerlo por segunda vez. As\u00ed lo ha puesto de manifiesto en la rueda de prensa [&hellip;]<\/p>\n","protected":false},"author":1,"featured_media":853184,"comment_status":"closed","ping_status":"closed","sticky":false,"template":"","format":"standard","meta":{"footnotes":""},"categories":[1],"tags":[],"class_list":["post-853183","post","type-post","status-publish","format-standard","has-post-thumbnail","hentry","category-actualidad"],"aioseo_notices":[],"aioseo_head":"\n\t\t<!-- All in One SEO Pro 4.9.6.2 - aioseo.com -->\n\t<meta name=\"description\" content=\"El secretario general del PSOE, Pedro S\u00e1nchez, ha anunciado al Rey que dar\u00e1 &quot;un paso al frente&quot; y que est\u00e1 en disposici\u00f3n de intentar formar Gobierno en caso de que el jefe del Ejecutivo en funciones, Mariano Rajoy, renuncie a hacerlo por segunda vez. As\u00ed lo ha puesto de manifiesto en la rueda de prensa\" \/>\n\t<meta name=\"robots\" content=\"max-image-preview:large\" \/>\n\t<meta name=\"author\" content=\"El Digital de Asturias\"\/>\n\t<meta name=\"google-site-verification\" content=\"UA-38556648-1\" \/>\n\t<meta name=\"msvalidate.01\" content=\"7dfe9f3f1b24437ab69f4f2559babe99\" \/>\n\t<meta name=\"keywords\" content=\"actualidad\" \/>\n\t<link rel=\"canonical\" href=\"https:\/\/www.eldigitaldeasturias.com\/noticias\/pedro-sanchez-anuncia-al-rey-que-esta-dispuesto-a-intentar-formar-gobierno\/\" \/>\n\t<meta name=\"generator\" content=\"All in One SEO Pro (AIOSEO) 4.9.6.2\" \/>\n\t\t<meta property=\"og:locale\" content=\"es_ES\" \/>\n\t\t<meta property=\"og:site_name\" content=\"El Digital de Asturias\" \/>\n\t\t<meta property=\"og:type\" content=\"article\" \/>\n\t\t<meta property=\"og:title\" content=\"Pedro S\u00e1nchez anuncia al Rey que est\u00e1 dispuesto a intentar formar Gobierno - El Digital de Asturias\" \/>\n\t\t<meta property=\"og:description\" content=\"El secretario general del PSOE, Pedro S\u00e1nchez, ha anunciado al Rey que dar\u00e1 &quot;un paso al frente&quot; y que est\u00e1 en disposici\u00f3n de intentar formar Gobierno en caso de que el jefe del Ejecutivo en funciones, Mariano Rajoy, renuncie a hacerlo por segunda vez. As\u00ed lo ha puesto de manifiesto en la rueda de prensa\" \/>\n\t\t<meta property=\"og:url\" content=\"https:\/\/www.eldigitaldeasturias.com\/noticias\/pedro-sanchez-anuncia-al-rey-que-esta-dispuesto-a-intentar-formar-gobierno\/\" \/>\n\t\t<meta property=\"og:image\" content=\"https:\/\/www.eldigitaldeasturias.com\/noticias\/wp-content\/uploads\/2016\/02\/fotonoticia_20160202145738_800.jpg\" \/>\n\t\t<meta property=\"og:image:secure_url\" content=\"https:\/\/www.eldigitaldeasturias.com\/noticias\/wp-content\/uploads\/2016\/02\/fotonoticia_20160202145738_800.jpg\" \/>\n\t\t<meta property=\"og:image:width\" content=\"800\" \/>\n\t\t<meta property=\"og:image:height\" content=\"534\" \/>\n\t\t<meta property=\"article:tag\" content=\"actualidad\" \/>\n\t\t<meta property=\"article:published_time\" content=\"2016-02-02T20:58:58+00:00\" \/>\n\t\t<meta property=\"article:modified_time\" content=\"2016-02-02T20:58:58+00:00\" \/>\n\t\t<meta property=\"article:publisher\" content=\"https:\/\/facebook.com\/eldigitaldeasturias\" \/>\n\t\t<meta name=\"twitter:card\" content=\"summary_large_image\" \/>\n\t\t<meta name=\"twitter:title\" content=\"Pedro S\u00e1nchez anuncia al Rey que est\u00e1 dispuesto a intentar formar Gobierno - El Digital de Asturias\" \/>\n\t\t<meta name=\"twitter:description\" content=\"El secretario general del PSOE, Pedro S\u00e1nchez, ha anunciado al Rey que dar\u00e1 &quot;un paso al frente&quot; y que est\u00e1 en disposici\u00f3n de intentar formar Gobierno en caso de que el jefe del Ejecutivo en funciones, Mariano Rajoy, renuncie a hacerlo por segunda vez. As\u00ed lo ha puesto de manifiesto en la rueda de prensa\" \/>\n\t\t<meta name=\"twitter:image\" content=\"https:\/\/www.eldigitaldeasturias.com\/noticias\/wp-content\/uploads\/2016\/02\/fotonoticia_20160202145738_800.jpg\" \/>\n\t\t<meta name=\"twitter:label1\" content=\"Escrito por\" \/>\n\t\t<meta name=\"twitter:data1\" content=\"El Digital de Asturias\" \/>\n\t\t<meta name=\"twitter:label2\" content=\"Tiempo de lectura estimado\" \/>\n\t\t<meta name=\"twitter:data2\" content=\"6 minutos\" \/>\n\t\t<script type=\"application\/ld+json\" class=\"aioseo-schema\">\n\t\t\t{\"@context\":\"https:\\\/\\\/schema.org\",\"@graph\":[{\"@type\":\"BlogPosting\",\"@id\":\"https:\\\/\\\/www.eldigitaldeasturias.com\\\/noticias\\\/pedro-sanchez-anuncia-al-rey-que-esta-dispuesto-a-intentar-formar-gobierno\\\/#blogposting\",\"name\":\"Pedro S\\u00e1nchez anuncia al Rey que est\\u00e1 dispuesto a intentar formar Gobierno - El Digital de Asturias\",\"headline\":\"Pedro S\\u00e1nchez anuncia al Rey que est\\u00e1 dispuesto a intentar formar Gobierno\",\"author\":{\"@id\":\"https:\\\/\\\/www.eldigitaldeasturias.com\\\/noticias\\\/author\\\/admin\\\/#author\"},\"publisher\":{\"@id\":\"https:\\\/\\\/www.eldigitaldeasturias.com\\\/noticias\\\/#organization\"},\"image\":{\"@type\":\"ImageObject\",\"url\":\"https:\\\/\\\/www.eldigitaldeasturias.com\\\/noticias\\\/wp-content\\\/uploads\\\/2016\\\/02\\\/fotonoticia_20160202145738_800.jpg\",\"width\":800,\"height\":534},\"datePublished\":\"2016-02-02T20:58:58+01:00\",\"dateModified\":\"2016-02-02T20:58:58+01:00\",\"inLanguage\":\"es-ES\",\"mainEntityOfPage\":{\"@id\":\"https:\\\/\\\/www.eldigitaldeasturias.com\\\/noticias\\\/pedro-sanchez-anuncia-al-rey-que-esta-dispuesto-a-intentar-formar-gobierno\\\/#webpage\"},\"isPartOf\":{\"@id\":\"https:\\\/\\\/www.eldigitaldeasturias.com\\\/noticias\\\/pedro-sanchez-anuncia-al-rey-que-esta-dispuesto-a-intentar-formar-gobierno\\\/#webpage\"},\"articleSection\":\"Actualidad\"},{\"@type\":\"BreadcrumbList\",\"@id\":\"https:\\\/\\\/www.eldigitaldeasturias.com\\\/noticias\\\/pedro-sanchez-anuncia-al-rey-que-esta-dispuesto-a-intentar-formar-gobierno\\\/#breadcrumblist\",\"itemListElement\":[{\"@type\":\"ListItem\",\"@id\":\"https:\\\/\\\/www.eldigitaldeasturias.com\\\/noticias#listItem\",\"position\":1,\"name\":\"Home\",\"item\":\"https:\\\/\\\/www.eldigitaldeasturias.com\\\/noticias\",\"nextItem\":{\"@type\":\"ListItem\",\"@id\":\"https:\\\/\\\/www.eldigitaldeasturias.com\\\/noticias\\\/category\\\/actualidad\\\/#listItem\",\"name\":\"Actualidad\"}},{\"@type\":\"ListItem\",\"@id\":\"https:\\\/\\\/www.eldigitaldeasturias.com\\\/noticias\\\/category\\\/actualidad\\\/#listItem\",\"position\":2,\"name\":\"Actualidad\",\"item\":\"https:\\\/\\\/www.eldigitaldeasturias.com\\\/noticias\\\/category\\\/actualidad\\\/\",\"nextItem\":{\"@type\":\"ListItem\",\"@id\":\"https:\\\/\\\/www.eldigitaldeasturias.com\\\/noticias\\\/pedro-sanchez-anuncia-al-rey-que-esta-dispuesto-a-intentar-formar-gobierno\\\/#listItem\",\"name\":\"Pedro S\\u00e1nchez anuncia al Rey que est\\u00e1 dispuesto a intentar formar Gobierno\"},\"previousItem\":{\"@type\":\"ListItem\",\"@id\":\"https:\\\/\\\/www.eldigitaldeasturias.com\\\/noticias#listItem\",\"name\":\"Home\"}},{\"@type\":\"ListItem\",\"@id\":\"https:\\\/\\\/www.eldigitaldeasturias.com\\\/noticias\\\/pedro-sanchez-anuncia-al-rey-que-esta-dispuesto-a-intentar-formar-gobierno\\\/#listItem\",\"position\":3,\"name\":\"Pedro S\\u00e1nchez anuncia al Rey que est\\u00e1 dispuesto a intentar formar Gobierno\",\"previousItem\":{\"@type\":\"ListItem\",\"@id\":\"https:\\\/\\\/www.eldigitaldeasturias.com\\\/noticias\\\/category\\\/actualidad\\\/#listItem\",\"name\":\"Actualidad\"}}]},{\"@type\":\"Organization\",\"@id\":\"https:\\\/\\\/www.eldigitaldeasturias.com\\\/noticias\\\/#organization\",\"name\":\"El Digital de Asturias\",\"description\":\"Hemeroteca\",\"url\":\"https:\\\/\\\/www.eldigitaldeasturias.com\\\/noticias\\\/\",\"email\":\"info@eldigitaldeasturias.com\",\"telephone\":\"+34652131393\",\"logo\":{\"@type\":\"ImageObject\",\"url\":\"https:\\\/\\\/www.eldigitaldeasturias.com\\\/noticias\\\/wp-content\\\/uploads\\\/2020\\\/12\\\/EDA.jpg\",\"@id\":\"https:\\\/\\\/www.eldigitaldeasturias.com\\\/noticias\\\/pedro-sanchez-anuncia-al-rey-que-esta-dispuesto-a-intentar-formar-gobierno\\\/#organizationLogo\",\"width\":649,\"height\":297},\"image\":{\"@id\":\"https:\\\/\\\/www.eldigitaldeasturias.com\\\/noticias\\\/pedro-sanchez-anuncia-al-rey-que-esta-dispuesto-a-intentar-formar-gobierno\\\/#organizationLogo\"},\"sameAs\":[\"https:\\\/\\\/facebook.com\\\/eldigitaldeasturias\",\"https:\\\/\\\/www.youtube.com\\\/channel\\\/UCZP-2wLEB9Rv6erhFmqVnvg\"],\"address\":{\"@id\":\"https:\\\/\\\/www.eldigitaldeasturias.com\\\/noticias\\\/#postaladdress\",\"@type\":\"PostalAddress\",\"streetAddress\":\"san antonio 4,\",\"postalCode\":\"33430\",\"addressLocality\":\"Cand\\u00e1s\",\"addressRegion\":\"Asturias\",\"addressCountry\":\"ES\"}},{\"@type\":\"Person\",\"@id\":\"https:\\\/\\\/www.eldigitaldeasturias.com\\\/noticias\\\/author\\\/admin\\\/#author\",\"url\":\"https:\\\/\\\/www.eldigitaldeasturias.com\\\/noticias\\\/author\\\/admin\\\/\",\"name\":\"El Digital de Asturias\",\"image\":{\"@type\":\"ImageObject\",\"@id\":\"https:\\\/\\\/www.eldigitaldeasturias.com\\\/noticias\\\/pedro-sanchez-anuncia-al-rey-que-esta-dispuesto-a-intentar-formar-gobierno\\\/#authorImage\",\"url\":\"https:\\\/\\\/www.eldigitaldeasturias.com\\\/noticias\\\/wp-content\\\/litespeed\\\/avatar\\\/18677e78aa0546b92d9dbf31ec7d7668.jpg?ver=1776685526\",\"width\":96,\"height\":96,\"caption\":\"El Digital de Asturias\"}},{\"@type\":\"WebPage\",\"@id\":\"https:\\\/\\\/www.eldigitaldeasturias.com\\\/noticias\\\/pedro-sanchez-anuncia-al-rey-que-esta-dispuesto-a-intentar-formar-gobierno\\\/#webpage\",\"url\":\"https:\\\/\\\/www.eldigitaldeasturias.com\\\/noticias\\\/pedro-sanchez-anuncia-al-rey-que-esta-dispuesto-a-intentar-formar-gobierno\\\/\",\"name\":\"Pedro S\\u00e1nchez anuncia al Rey que est\\u00e1 dispuesto a intentar formar Gobierno - El Digital de Asturias\",\"description\":\"El secretario general del PSOE, Pedro S\\u00e1nchez, ha anunciado al Rey que dar\\u00e1 \\\"un paso al frente\\\" y que est\\u00e1 en disposici\\u00f3n de intentar formar Gobierno en caso de que el jefe del Ejecutivo en funciones, Mariano Rajoy, renuncie a hacerlo por segunda vez. As\\u00ed lo ha puesto de manifiesto en la rueda de prensa\",\"inLanguage\":\"es-ES\",\"isPartOf\":{\"@id\":\"https:\\\/\\\/www.eldigitaldeasturias.com\\\/noticias\\\/#website\"},\"breadcrumb\":{\"@id\":\"https:\\\/\\\/www.eldigitaldeasturias.com\\\/noticias\\\/pedro-sanchez-anuncia-al-rey-que-esta-dispuesto-a-intentar-formar-gobierno\\\/#breadcrumblist\"},\"author\":{\"@id\":\"https:\\\/\\\/www.eldigitaldeasturias.com\\\/noticias\\\/author\\\/admin\\\/#author\"},\"creator\":{\"@id\":\"https:\\\/\\\/www.eldigitaldeasturias.com\\\/noticias\\\/author\\\/admin\\\/#author\"},\"image\":{\"@type\":\"ImageObject\",\"url\":\"https:\\\/\\\/www.eldigitaldeasturias.com\\\/noticias\\\/wp-content\\\/uploads\\\/2016\\\/02\\\/fotonoticia_20160202145738_800.jpg\",\"@id\":\"https:\\\/\\\/www.eldigitaldeasturias.com\\\/noticias\\\/pedro-sanchez-anuncia-al-rey-que-esta-dispuesto-a-intentar-formar-gobierno\\\/#mainImage\",\"width\":800,\"height\":534},\"primaryImageOfPage\":{\"@id\":\"https:\\\/\\\/www.eldigitaldeasturias.com\\\/noticias\\\/pedro-sanchez-anuncia-al-rey-que-esta-dispuesto-a-intentar-formar-gobierno\\\/#mainImage\"},\"datePublished\":\"2016-02-02T20:58:58+01:00\",\"dateModified\":\"2016-02-02T20:58:58+01:00\"},{\"@type\":\"WebSite\",\"@id\":\"https:\\\/\\\/www.eldigitaldeasturias.com\\\/noticias\\\/#website\",\"url\":\"https:\\\/\\\/www.eldigitaldeasturias.com\\\/noticias\\\/\",\"name\":\"El Digital de Asturias - Diario de actualidad y noticias\",\"alternateName\":\"El Digital de Asturias - Diario de actualidad y noticias\",\"description\":\"Hemeroteca\",\"inLanguage\":\"es-ES\",\"publisher\":{\"@id\":\"https:\\\/\\\/www.eldigitaldeasturias.com\\\/noticias\\\/#organization\"}}]}\n\t\t<\/script>\n\t\t<!-- All in One SEO Pro -->\r\n\t\t<title>Pedro S\u00e1nchez anuncia al Rey que est\u00e1 dispuesto a intentar formar Gobierno - El Digital de Asturias<\/title>\n\n","aioseo_head_json":{"title":"Pedro S\u00e1nchez anuncia al Rey que est\u00e1 dispuesto a intentar formar Gobierno - El Digital de Asturias","description":"El secretario general del PSOE, Pedro S\u00e1nchez, ha anunciado al Rey que dar\u00e1 \"un paso al frente\" y que est\u00e1 en disposici\u00f3n de intentar formar Gobierno en caso de que el jefe del Ejecutivo en funciones, Mariano Rajoy, renuncie a hacerlo por segunda vez. As\u00ed lo ha puesto de manifiesto en la rueda de prensa","canonical_url":"https:\/\/www.eldigitaldeasturias.com\/noticias\/pedro-sanchez-anuncia-al-rey-que-esta-dispuesto-a-intentar-formar-gobierno\/","robots":"max-image-preview:large","keywords":"actualidad","webmasterTools":{"google-site-verification":"UA-38556648-1","msvalidate.01":"7dfe9f3f1b24437ab69f4f2559babe99","miscellaneous":""},"schema":{"@context":"https:\/\/schema.org","@graph":[{"@type":"BlogPosting","@id":"https:\/\/www.eldigitaldeasturias.com\/noticias\/pedro-sanchez-anuncia-al-rey-que-esta-dispuesto-a-intentar-formar-gobierno\/#blogposting","name":"Pedro S\u00e1nchez anuncia al Rey que est\u00e1 dispuesto a intentar formar Gobierno - El Digital de Asturias","headline":"Pedro S\u00e1nchez anuncia al Rey que est\u00e1 dispuesto a intentar formar Gobierno","author":{"@id":"https:\/\/www.eldigitaldeasturias.com\/noticias\/author\/admin\/#author"},"publisher":{"@id":"https:\/\/www.eldigitaldeasturias.com\/noticias\/#organization"},"image":{"@type":"ImageObject","url":"https:\/\/www.eldigitaldeasturias.com\/noticias\/wp-content\/uploads\/2016\/02\/fotonoticia_20160202145738_800.jpg","width":800,"height":534},"datePublished":"2016-02-02T20:58:58+01:00","dateModified":"2016-02-02T20:58:58+01:00","inLanguage":"es-ES","mainEntityOfPage":{"@id":"https:\/\/www.eldigitaldeasturias.com\/noticias\/pedro-sanchez-anuncia-al-rey-que-esta-dispuesto-a-intentar-formar-gobierno\/#webpage"},"isPartOf":{"@id":"https:\/\/www.eldigitaldeasturias.com\/noticias\/pedro-sanchez-anuncia-al-rey-que-esta-dispuesto-a-intentar-formar-gobierno\/#webpage"},"articleSection":"Actualidad"},{"@type":"BreadcrumbList","@id":"https:\/\/www.eldigitaldeasturias.com\/noticias\/pedro-sanchez-anuncia-al-rey-que-esta-dispuesto-a-intentar-formar-gobierno\/#breadcrumblist","itemListElement":[{"@type":"ListItem","@id":"https:\/\/www.eldigitaldeasturias.com\/noticias#listItem","position":1,"name":"Home","item":"https:\/\/www.eldigitaldeasturias.com\/noticias","nextItem":{"@type":"ListItem","@id":"https:\/\/www.eldigitaldeasturias.com\/noticias\/category\/actualidad\/#listItem","name":"Actualidad"}},{"@type":"ListItem","@id":"https:\/\/www.eldigitaldeasturias.com\/noticias\/category\/actualidad\/#listItem","position":2,"name":"Actualidad","item":"https:\/\/www.eldigitaldeasturias.com\/noticias\/category\/actualidad\/","nextItem":{"@type":"ListItem","@id":"https:\/\/www.eldigitaldeasturias.com\/noticias\/pedro-sanchez-anuncia-al-rey-que-esta-dispuesto-a-intentar-formar-gobierno\/#listItem","name":"Pedro S\u00e1nchez anuncia al Rey que est\u00e1 dispuesto a intentar formar Gobierno"},"previousItem":{"@type":"ListItem","@id":"https:\/\/www.eldigitaldeasturias.com\/noticias#listItem","name":"Home"}},{"@type":"ListItem","@id":"https:\/\/www.eldigitaldeasturias.com\/noticias\/pedro-sanchez-anuncia-al-rey-que-esta-dispuesto-a-intentar-formar-gobierno\/#listItem","position":3,"name":"Pedro S\u00e1nchez anuncia al Rey que est\u00e1 dispuesto a intentar formar Gobierno","previousItem":{"@type":"ListItem","@id":"https:\/\/www.eldigitaldeasturias.com\/noticias\/category\/actualidad\/#listItem","name":"Actualidad"}}]},{"@type":"Organization","@id":"https:\/\/www.eldigitaldeasturias.com\/noticias\/#organization","name":"El Digital de Asturias","description":"Hemeroteca","url":"https:\/\/www.eldigitaldeasturias.com\/noticias\/","email":"info@eldigitaldeasturias.com","telephone":"+34652131393","logo":{"@type":"ImageObject","url":"https:\/\/www.eldigitaldeasturias.com\/noticias\/wp-content\/uploads\/2020\/12\/EDA.jpg","@id":"https:\/\/www.eldigitaldeasturias.com\/noticias\/pedro-sanchez-anuncia-al-rey-que-esta-dispuesto-a-intentar-formar-gobierno\/#organizationLogo","width":649,"height":297},"image":{"@id":"https:\/\/www.eldigitaldeasturias.com\/noticias\/pedro-sanchez-anuncia-al-rey-que-esta-dispuesto-a-intentar-formar-gobierno\/#organizationLogo"},"sameAs":["https:\/\/facebook.com\/eldigitaldeasturias","https:\/\/www.youtube.com\/channel\/UCZP-2wLEB9Rv6erhFmqVnvg"],"address":{"@id":"https:\/\/www.eldigitaldeasturias.com\/noticias\/#postaladdress","@type":"PostalAddress","streetAddress":"san antonio 4,","postalCode":"33430","addressLocality":"Cand\u00e1s","addressRegion":"Asturias","addressCountry":"ES"}},{"@type":"Person","@id":"https:\/\/www.eldigitaldeasturias.com\/noticias\/author\/admin\/#author","url":"https:\/\/www.eldigitaldeasturias.com\/noticias\/author\/admin\/","name":"El Digital de Asturias","image":{"@type":"ImageObject","@id":"https:\/\/www.eldigitaldeasturias.com\/noticias\/pedro-sanchez-anuncia-al-rey-que-esta-dispuesto-a-intentar-formar-gobierno\/#authorImage","url":"https:\/\/www.eldigitaldeasturias.com\/noticias\/wp-content\/litespeed\/avatar\/18677e78aa0546b92d9dbf31ec7d7668.jpg?ver=1776685526","width":96,"height":96,"caption":"El Digital de Asturias"}},{"@type":"WebPage","@id":"https:\/\/www.eldigitaldeasturias.com\/noticias\/pedro-sanchez-anuncia-al-rey-que-esta-dispuesto-a-intentar-formar-gobierno\/#webpage","url":"https:\/\/www.eldigitaldeasturias.com\/noticias\/pedro-sanchez-anuncia-al-rey-que-esta-dispuesto-a-intentar-formar-gobierno\/","name":"Pedro S\u00e1nchez anuncia al Rey que est\u00e1 dispuesto a intentar formar Gobierno - El Digital de Asturias","description":"El secretario general del PSOE, Pedro S\u00e1nchez, ha anunciado al Rey que dar\u00e1 \"un paso al frente\" y que est\u00e1 en disposici\u00f3n de intentar formar Gobierno en caso de que el jefe del Ejecutivo en funciones, Mariano Rajoy, renuncie a hacerlo por segunda vez. As\u00ed lo ha puesto de manifiesto en la rueda de prensa","inLanguage":"es-ES","isPartOf":{"@id":"https:\/\/www.eldigitaldeasturias.com\/noticias\/#website"},"breadcrumb":{"@id":"https:\/\/www.eldigitaldeasturias.com\/noticias\/pedro-sanchez-anuncia-al-rey-que-esta-dispuesto-a-intentar-formar-gobierno\/#breadcrumblist"},"author":{"@id":"https:\/\/www.eldigitaldeasturias.com\/noticias\/author\/admin\/#author"},"creator":{"@id":"https:\/\/www.eldigitaldeasturias.com\/noticias\/author\/admin\/#author"},"image":{"@type":"ImageObject","url":"https:\/\/www.eldigitaldeasturias.com\/noticias\/wp-content\/uploads\/2016\/02\/fotonoticia_20160202145738_800.jpg","@id":"https:\/\/www.eldigitaldeasturias.com\/noticias\/pedro-sanchez-anuncia-al-rey-que-esta-dispuesto-a-intentar-formar-gobierno\/#mainImage","width":800,"height":534},"primaryImageOfPage":{"@id":"https:\/\/www.eldigitaldeasturias.com\/noticias\/pedro-sanchez-anuncia-al-rey-que-esta-dispuesto-a-intentar-formar-gobierno\/#mainImage"},"datePublished":"2016-02-02T20:58:58+01:00","dateModified":"2016-02-02T20:58:58+01:00"},{"@type":"WebSite","@id":"https:\/\/www.eldigitaldeasturias.com\/noticias\/#website","url":"https:\/\/www.eldigitaldeasturias.com\/noticias\/","name":"El Digital de Asturias - Diario de actualidad y noticias","alternateName":"El Digital de Asturias - Diario de actualidad y noticias","description":"Hemeroteca","inLanguage":"es-ES","publisher":{"@id":"https:\/\/www.eldigitaldeasturias.com\/noticias\/#organization"}}]},"og:locale":"es_ES","og:site_name":"El Digital de Asturias","og:type":"article","og:title":"Pedro S\u00e1nchez anuncia al Rey que est\u00e1 dispuesto a intentar formar Gobierno - El Digital de Asturias","og:description":"El secretario general del PSOE, Pedro S\u00e1nchez, ha anunciado al Rey que dar\u00e1 &quot;un paso al frente&quot; y que est\u00e1 en disposici\u00f3n de intentar formar Gobierno en caso de que el jefe del Ejecutivo en funciones, Mariano Rajoy, renuncie a hacerlo por segunda vez. As\u00ed lo ha puesto de manifiesto en la rueda de prensa","og:url":"https:\/\/www.eldigitaldeasturias.com\/noticias\/pedro-sanchez-anuncia-al-rey-que-esta-dispuesto-a-intentar-formar-gobierno\/","og:image":"https:\/\/www.eldigitaldeasturias.com\/noticias\/wp-content\/uploads\/2016\/02\/fotonoticia_20160202145738_800.jpg","og:image:secure_url":"https:\/\/www.eldigitaldeasturias.com\/noticias\/wp-content\/uploads\/2016\/02\/fotonoticia_20160202145738_800.jpg","og:image:width":800,"og:image:height":534,"article:tag":["actualidad"],"article:published_time":"2016-02-02T20:58:58+00:00","article:modified_time":"2016-02-02T20:58:58+00:00","article:publisher":"https:\/\/facebook.com\/eldigitaldeasturias","twitter:card":"summary_large_image","twitter:title":"Pedro S\u00e1nchez anuncia al Rey que est\u00e1 dispuesto a intentar formar Gobierno - El Digital de Asturias","twitter:description":"El secretario general del PSOE, Pedro S\u00e1nchez, ha anunciado al Rey que dar\u00e1 &quot;un paso al frente&quot; y que est\u00e1 en disposici\u00f3n de intentar formar Gobierno en caso de que el jefe del Ejecutivo en funciones, Mariano Rajoy, renuncie a hacerlo por segunda vez. As\u00ed lo ha puesto de manifiesto en la rueda de prensa","twitter:image":"https:\/\/www.eldigitaldeasturias.com\/noticias\/wp-content\/uploads\/2016\/02\/fotonoticia_20160202145738_800.jpg","twitter:label1":"Escrito por","twitter:data1":"El Digital de Asturias","twitter:label2":"Tiempo de lectura estimado","twitter:data2":"6 minutos"},"aioseo_meta_data":{"post_id":"853183","title":null,"description":null,"keywords":null,"keyphrases":null,"primary_term":null,"canonical_url":null,"og_title":null,"og_description":null,"og_object_type":"default","og_image_type":"default","og_image_url":null,"og_image_width":null,"og_image_height":null,"og_image_custom_url":null,"og_image_custom_fields":null,"og_video":null,"og_custom_url":null,"og_article_section":null,"og_article_tags":null,"twitter_use_og":false,"twitter_card":"default","twitter_image_type":"default","twitter_image_url":null,"twitter_image_custom_url":null,"twitter_image_custom_fields":null,"twitter_title":null,"twitter_description":null,"schema":{"blockGraphs":[],"customGraphs":[],"default":{"data":{"Article":[],"Course":[],"Dataset":[],"FAQPage":[],"Movie":[],"Person":[],"Product":[],"ProductReview":[],"Car":[],"Recipe":[],"Service":[],"SoftwareApplication":[],"WebPage":[]},"graphName":"","isEnabled":true},"graphs":[],"defaultGraph":"","defaultPostTypeGraph":""},"schema_type":null,"schema_type_options":null,"pillar_content":false,"robots_default":true,"robots_noindex":false,"robots_noarchive":false,"robots_nosnippet":false,"robots_nofollow":false,"robots_noimageindex":false,"robots_noodp":false,"robots_notranslate":false,"robots_max_snippet":null,"robots_max_videopreview":null,"robots_max_imagepreview":"large","priority":null,"frequency":null,"local_seo":null,"seo_analyzer_scan_date":"2025-12-09 17:15:08","breadcrumb_settings":null,"limit_modified_date":false,"open_ai":null,"ai":null,"created":"2021-01-22 23:55:28","updated":"2025-12-09 17:15:08"},"aioseo_breadcrumb":"<div class=\"aioseo-breadcrumbs\"><span class=\"aioseo-breadcrumb\">\n\t<a href=\"https:\/\/www.eldigitaldeasturias.com\/noticias\" title=\"Home\">Home<\/a>\n<\/span><span class=\"aioseo-breadcrumb-separator\">\u2013<\/span><span class=\"aioseo-breadcrumb\">\n\t<a href=\"https:\/\/www.eldigitaldeasturias.com\/noticias\/category\/actualidad\/\" title=\"Actualidad\">Actualidad<\/a>\n<\/span><span class=\"aioseo-breadcrumb-separator\">\u2013<\/span><span class=\"aioseo-breadcrumb\">\n\t<a href=\"https:\/\/www.eldigitaldeasturias.com\/noticias\/pedro-sanchez-anuncia-al-rey-que-esta-dispuesto-a-intentar-formar-gobierno\/\" title=\"Pedro S\u00e1nchez anuncia al Rey que est\u00e1 dispuesto a intentar formar Gobierno\">Pedro S\u00e1nchez anuncia al Rey que est\u00e1 dispuesto a intentar formar Gobierno<\/a>\n<\/span><\/div>","aioseo_breadcrumb_json":[{"label":"Home","link":"https:\/\/www.eldigitaldeasturias.com\/noticias"},{"label":"Actualidad","link":"https:\/\/www.eldigitaldeasturias.com\/noticias\/category\/actualidad\/"},{"label":"Pedro S\u00e1nchez anuncia al Rey que est\u00e1 dispuesto a intentar formar Gobierno","link":"https:\/\/www.eldigitaldeasturias.com\/noticias\/pedro-sanchez-anuncia-al-rey-que-esta-dispuesto-a-intentar-formar-gobierno\/"}],"_links":{"self":[{"href":"https:\/\/www.eldigitaldeasturias.com\/noticias\/wp-json\/wp\/v2\/posts\/853183","targetHints":{"allow":["GET"]}}],"collection":[{"href":"https:\/\/www.eldigitaldeasturias.com\/noticias\/wp-json\/wp\/v2\/posts"}],"about":[{"href":"https:\/\/www.eldigitaldeasturias.com\/noticias\/wp-json\/wp\/v2\/types\/post"}],"author":[{"embeddable":true,"href":"https:\/\/www.eldigitaldeasturias.com\/noticias\/wp-json\/wp\/v2\/users\/1"}],"replies":[{"embeddable":true,"href":"https:\/\/www.eldigitaldeasturias.com\/noticias\/wp-json\/wp\/v2\/comments?post=853183"}],"version-history":[{"count":0,"href":"https:\/\/www.eldigitaldeasturias.com\/noticias\/wp-json\/wp\/v2\/posts\/853183\/revisions"}],"wp:featuredmedia":[{"embeddable":true,"href":"https:\/\/www.eldigitaldeasturias.com\/noticias\/wp-json\/wp\/v2\/media\/853184"}],"wp:attachment":[{"href":"https:\/\/www.eldigitaldeasturias.com\/noticias\/wp-json\/wp\/v2\/media?parent=853183"}],"wp:term":[{"taxonomy":"category","embeddable":true,"href":"https:\/\/www.eldigitaldeasturias.com\/noticias\/wp-json\/wp\/v2\/categories?post=853183"},{"taxonomy":"post_tag","embeddable":true,"href":"https:\/\/www.eldigitaldeasturias.com\/noticias\/wp-json\/wp\/v2\/tags?post=853183"}],"curies":[{"name":"wp","href":"https:\/\/api.w.org\/{rel}","templated":true}]}}