{"id":853180,"date":"2016-02-02T20:57:05","date_gmt":"2016-02-02T20:57:05","guid":{"rendered":"http:\/\/www.eldigitaldeasturias.com\/noticias\/?p=853180"},"modified":"2016-02-02T20:57:05","modified_gmt":"2016-02-02T20:57:05","slug":"ciudadanos-cree-que-a-medida-que-avancen-las-negociaciones-con-pp-y-psoe-se-suavizaran-algunos-vetos","status":"publish","type":"post","link":"https:\/\/www.eldigitaldeasturias.com\/noticias\/ciudadanos-cree-que-a-medida-que-avancen-las-negociaciones-con-pp-y-psoe-se-suavizaran-algunos-vetos\/","title":{"rendered":"Ciudadanos cree que a medida que avancen las negociaciones con PP y PSOE se suavizar\u00e1n algunos vetos"},"content":{"rendered":"<p><img loading=\"lazy\" decoding=\"async\" class=\"alignleft size-medium wp-image-853181\" src=\"https:\/\/www.eldigitaldeasturias.com\/noticias\/wp-content\/uploads\/2016\/02\/fotonoticia_20160202140833_800-360x240.jpg\" alt=\"fotonoticia_20160202140833_800\" width=\"360\" height=\"240\" srcset=\"https:\/\/www.eldigitaldeasturias.com\/noticias\/wp-content\/uploads\/2016\/02\/fotonoticia_20160202140833_800-360x240.jpg 360w, https:\/\/www.eldigitaldeasturias.com\/noticias\/wp-content\/uploads\/2016\/02\/fotonoticia_20160202140833_800-768x513.jpg 768w, https:\/\/www.eldigitaldeasturias.com\/noticias\/wp-content\/uploads\/2016\/02\/fotonoticia_20160202140833_800-650x434.jpg 650w, https:\/\/www.eldigitaldeasturias.com\/noticias\/wp-content\/uploads\/2016\/02\/fotonoticia_20160202140833_800-84x55.jpg 84w, https:\/\/www.eldigitaldeasturias.com\/noticias\/wp-content\/uploads\/2016\/02\/fotonoticia_20160202140833_800-49x32.jpg 49w, https:\/\/www.eldigitaldeasturias.com\/noticias\/wp-content\/uploads\/2016\/02\/fotonoticia_20160202140833_800.jpg 800w\" sizes=\"auto, (max-width: 360px) 100vw, 360px\" \/>El portavoz de Ciudadanos en el Congreso de los Diputados, Juan Carlos Girauta, ha dicho que la intenci\u00f3n de su partido es empezar cuanto antes las negociaciones paralelas con el PP y con el PSOE para intentar que se forme un nuevo Gobierno y se ha mostrado convencido de que, a medida que avancen, se suavizar\u00e1n algunos de los \u00abvetos\u00bb que ahora defienden los partidos.<\/p>\n<p>En rueda de prensa en el Congreso de los Diputados, Girauta ha expresado su esperanza de poder empezar a conversar con ambas formaciones, por separado, esta misma noche o el mi\u00e9rcoles por la ma\u00f1ana, una vez que el Rey decida qu\u00e9 candidato propone para el debate de investidura.<\/p>\n<p>A su entender, ahora hay que dejar los \u00abtacticismos\u00bb y demostrar \u00abaltura de miras y voluntad de construir\u00bb. Para Ciudadanos ser\u00eda \u00abuna anomal\u00eda\u00bb que de la segunda ronda de consultas del Rey no saliera un candidato a la investidura.<\/p>\n<p>El portavoz parlamentario ha reconocido que cada partido ha marcado unas posiciones claras, ya que el PP dice que no favorecer\u00e1 la investidura de ning\u00fan candidato que no sea Mariano Rajoy, mientras que el PSOE mantiene que ni votar\u00e1 a favor ni se abstendr\u00e1 con el aspirante del PP.<\/p>\n<p>\u00abPero todav\u00eda estamos en abstracto\u00bb, y \u00aba medida que se avance en los contenidos\u00bb de las negociaciones, \u00abunos vetos quedar\u00e1n confirmados y otros se suavizar\u00e1n\u00bb, ha afirmado. En C&#8217;s \u00abcreemos en la estrategia por encima de la t\u00e1ctica y en la enorme capacidad constructiva del di\u00e1logo\u00bb, ha asegurado.<\/p>\n<p>Asimismo, ha se\u00f1alado que la persona a la que el Rey encargue la formaci\u00f3n del Gobierno \u00abtendr\u00e1 la iniciativa\u00bb, y eso implica que, si acepta el encargo, ese candidato \u00abtiene la ventaja\u00bb para poder ser investido.<\/p>\n<p>ABIERTO A CEDER EN SUS RECETAS ECON\u00d3MICAS<\/p>\n<p>En cuanto a los temas a tratar en el di\u00e1logo con el PP y el PSOE, Ciudadanos plantea cinco ejes: la econom\u00eda, las pol\u00edticas sociales, la pol\u00edtica europea y exterior, la regeneraci\u00f3n y la lucha contra la corrupci\u00f3n y, por \u00faltimo, la reforma de la Constituci\u00f3n.<\/p>\n<p>Girauta ha subrayado la importancia de que se pase de la disposici\u00f3n a dialogar a la tarea de construir espacios comunes entre tres partidos que tienen una \u00abampl\u00edsima representaci\u00f3n pol\u00edtica\u00bb y una base social que \u00abdefiende unas posiciones comunes\u00bb.<\/p>\n<p>En el \u00e1mbito econ\u00f3mico, se ha referido a los compromisos con la Uni\u00f3n Europea y la flexibilidad que se desea obtener en la senda de consolidaci\u00f3n fiscal; posibles mejoras en el funcionamiento del libre mercado, eliminando trabas burocr\u00e1ticas y acabando con el \u00abcapitalismo de amiguetes, y mejorar la competitividad de la econom\u00eda espa\u00f1ola haci\u00e9ndola m\u00e1s flexible y \u00e1gil.<\/p>\n<p>Tambi\u00e9n ha abogado por resolver el \u00abproblema estructural\u00bb del modelo laboral que genera altos niveles de paro. Cuando le han preguntado si en la negociaci\u00f3n C&#8217;s podr\u00eda renunciar a su modelo de contrato \u00fanico y al complemento salarial, ha respondido que el partido de Albert Rivera tendr\u00e1 que ceder en algunas cosas, igual que sus interlocutores, pero \u00abser\u00eda &#8216;naif'\u00bb decirlo ahora.<\/p>\n<p>\u00abNo vamos a llegar a los m\u00e1ximos\u00bb, pero hay un problema que es la dualidad y \u00abtrabajaremos para intentar corregirla\u00bb, ha explicado.<\/p>\n<p>L\u00cdNEAS ROJAS PARA CIUDADANOS<\/p>\n<p>Girauta ha afirmado que lo que es \u00abirrenunciable\u00bb para Ciudadanos \u00abya lo conoce todo el mundo\u00bb. \u00abNunca admitir\u00e1 que se ponga en duda la igualdad, la solidaridad y la uni\u00f3n de los espa\u00f1oles\u00bb, sobre este aspecto \u00abno se negocia nada\u00bb, ha subrayado.<\/p>\n<p>Pero en \u00abtodo aquello que no sea una amenaza\u00bb para esos principios ni para la integraci\u00f3n europea y otros pilares fundamentales, Ciudadanos tiene \u00abmuy claro que se tiene que consensuar\u00bb, ha agregado.<\/p>\n<p>El segundo bloque tem\u00e1tico del di\u00e1logo ser\u00edan las pol\u00edticas sociales, con el objetivo de hacer frente a la precariedad por ser \u00abuna amenaza a la existencia de la clase media\u00bb. Se tratar\u00eda, seg\u00fan ha dicho, de \u00abconseguir mecanismos de protecci\u00f3n social\u00bb pero \u00absin desincentivar el trabajo\u00bb.<\/p>\n<p>Otra cuesti\u00f3n de la que C&#8217;s quiere hablar con PP y PSOE es el de la pol\u00edtica europea y exterior, dentro de la cual ve necesario abordar el problema de los refugiados porque la situaci\u00f3n actual es \u00abun terreno abonado para el populismo y la demagogia\u00bb.<\/p>\n<p>Igualmente, ha apostado por avanzar en la integraci\u00f3n europea, la consolidaci\u00f3n del euro y la protecci\u00f3n de los derechos y libertades de los europeos. En este contexto, ha apuntado a las diferencias entre los \u00abeurope\u00edstas\u00bb y los \u00abantieurope\u00edstas\u00bb, incluyendo entre estos \u00faltimos tanto a Podemos como a partidos de extrema derecha como el Frente Nacional de Marine Le Pen.<\/p>\n<p>LA LUCHA CONTRA LA CORRUPCI\u00d3N, LO M\u00c1S URGENTE<\/p>\n<p>Respecto a la regeneraci\u00f3n democr\u00e1tica y la lucha contra la corrupci\u00f3n, Girauta ha dicho que este tema ser\u00e1 posiblemente \u00ablo m\u00e1s urgente\u00bb en las negociaciones y ha pedido medidas de aplicaci\u00f3n inmediata.<\/p>\n<p>Entre ellas ha mencionado la prohibici\u00f3n de indultar a los condenados por corrupci\u00f3n pol\u00edtica y la decisi\u00f3n sobre en qu\u00e9 momento debe dimitir un pol\u00edtico cuando puede estar implicado en un caso de corrupci\u00f3n.<\/p>\n<p>Sobre esto \u00faltimo ha dicho que seg\u00fan C&#8217;s deber\u00eda ser desde que esa persona es investigada &#8211;antes se llamaba \u00abimputada\u00bb&#8211;, pero que si hay otro momento procesal que \u00abconcita a la mayor\u00eda\u00bb &#8211;por ejemplo, cuando se abre juicio oral&#8211;, la formaci\u00f3n naranja podr\u00eda discutirlo.<\/p>\n<p>REFORMA DE LA CONSTITUCI\u00d3N<\/p>\n<p>Por \u00faltimo, en cuanto a la reforma constitucional, el dirigente de Ciudadanos ha recalcado que este asunto se debe abrir \u00aben la medida en que sepamos a d\u00f3nde vamos\u00bb, determinando para qu\u00e9 se quiere cambiar la Carta Magna, qu\u00e9 temas se tocar\u00edan y c\u00f3mo se har\u00eda.<\/p>\n<p>\u00abA Espa\u00f1a le ha llegado el momento hist\u00f3rico de reformar\u00bb la Constituci\u00f3n para \u00abactualizarla\u00bb, ha indicado, se\u00f1alando que para PP, PSOE y C&#8217;s es \u00abobligatorio ponerse de acuerdo\u00bb y que \u00abcada cual tendr\u00e1 que ceder en algo\u00bb.<\/p>\n<p>Girauta ha afirmado que su partido est\u00e1 dispuesto a hablar del T\u00edtulo VIII de la Constituci\u00f3n, del dise\u00f1o territorial, de las competencias del Estado y de las comunidades aut\u00f3nomas y de la suficiencia financiera de estas.<\/p>\n<p>\u00abTodo lo que facilite la eficiencia en un Estado ampliamente descentralizado ser\u00e1 bienvenido\u00bb, pero C&#8217;s rechazar\u00e1 \u00ablos privilegios territoriales ni la no igualdad ante la ley\u00bb, ha precisado.<\/p>\n<p>A la pregunta de si C&#8217;s se podr\u00e1 poner de acuerdo con el PSOE teniendo en cuenta que el l\u00edder del PSC, Miquel Iceta, defendi\u00f3 en 2014 una Espa\u00f1a como naci\u00f3n de naciones, un modelo asim\u00e9trico y que las competencias ling\u00fc\u00edsticas y culturales sean para la comunidad aut\u00f3noma, ha contestado que \u00abesos tres puntos no van a ser un problema de Ciudadanos con el PSOE, sino del PSOE con el PSC\u00bb.<\/p>\n<p>En su opini\u00f3n, al final \u00ablo arreglar\u00e1n\u00bb, puesto que ya se ha pasado de defender el derecho de autodeterminaci\u00f3n a un \u00abrechazo frontal\u00bb a este supuesto.<\/p>\n<p>INCOMPATIBILIDADES ENTRE PODEMOS Y C&#8217;s<\/p>\n<p>Por otro lado, sobre la idea de que S\u00e1nchez habla al mismo tiempo con Podemos y con Ciudadanos, el portavoz parlamentario ha dicho que no le parece un problema y que para decidir por qui\u00e9n opta, el l\u00edder socialista \u00abnecesita testar ambas negociaciones\u00bb.<\/p>\n<p>Girauta ha reiterado que las pol\u00edticas que plantea Podemos en materia de disciplina presupuestaria y del euro, que son \u00ablo que Syriza intent\u00f3 aplicar en Grecia\u00bb, son \u00abincompatibles\u00bb con lo que defiende C&#8217;s, por lo que no aceptar\u00e1n \u00abninguna soluci\u00f3n de gobierno que pase por Podemos\u00bb.<\/p>\n<p>Sin embargo, se ha mostrado seguro de que podr\u00e1n acordar medidas legislativas para la lucha contra la precariedad, como \u00abciertas rentas\u00bb para quienes no perciben ning\u00fan ingreso, y tambi\u00e9n oponerse juntos a los aforamientos y a los indultos en casos de corrupci\u00f3n.<\/p>\n","protected":false},"excerpt":{"rendered":"<p>El portavoz de Ciudadanos en el Congreso de los Diputados, Juan Carlos Girauta, ha dicho que la intenci\u00f3n de su partido es empezar cuanto antes las negociaciones paralelas con el PP y con el PSOE para intentar que se forme un nuevo Gobierno y se ha mostrado convencido de que, a medida que avancen, se [&hellip;]<\/p>\n","protected":false},"author":1,"featured_media":853181,"comment_status":"closed","ping_status":"closed","sticky":false,"template":"","format":"standard","meta":{"footnotes":""},"categories":[1],"tags":[],"class_list":["post-853180","post","type-post","status-publish","format-standard","has-post-thumbnail","hentry","category-actualidad"],"aioseo_notices":[],"aioseo_head":"\n\t\t<!-- All in One SEO Pro 4.9.6.2 - aioseo.com -->\n\t<meta name=\"description\" content=\"El portavoz de Ciudadanos en el Congreso de los Diputados, Juan Carlos Girauta, ha dicho que la intenci\u00f3n de su partido es empezar cuanto antes las negociaciones paralelas con el PP y con el PSOE para intentar que se forme un nuevo Gobierno y se ha mostrado convencido de que, a medida que avancen, se\" \/>\n\t<meta name=\"robots\" content=\"max-image-preview:large\" \/>\n\t<meta name=\"author\" content=\"El Digital de Asturias\"\/>\n\t<meta name=\"google-site-verification\" content=\"UA-38556648-1\" \/>\n\t<meta name=\"msvalidate.01\" content=\"7dfe9f3f1b24437ab69f4f2559babe99\" \/>\n\t<meta name=\"keywords\" content=\"actualidad\" \/>\n\t<link rel=\"canonical\" href=\"https:\/\/www.eldigitaldeasturias.com\/noticias\/ciudadanos-cree-que-a-medida-que-avancen-las-negociaciones-con-pp-y-psoe-se-suavizaran-algunos-vetos\/\" \/>\n\t<meta name=\"generator\" content=\"All in One SEO Pro (AIOSEO) 4.9.6.2\" \/>\n\t\t<meta property=\"og:locale\" content=\"es_ES\" \/>\n\t\t<meta property=\"og:site_name\" content=\"El Digital de Asturias\" \/>\n\t\t<meta property=\"og:type\" content=\"article\" \/>\n\t\t<meta property=\"og:title\" content=\"Ciudadanos cree que a medida que avancen las negociaciones con PP y PSOE se suavizar\u00e1n algunos vetos - El Digital de Asturias\" \/>\n\t\t<meta property=\"og:description\" content=\"El portavoz de Ciudadanos en el Congreso de los Diputados, Juan Carlos Girauta, ha dicho que la intenci\u00f3n de su partido es empezar cuanto antes las negociaciones paralelas con el PP y con el PSOE para intentar que se forme un nuevo Gobierno y se ha mostrado convencido de que, a medida que avancen, se\" \/>\n\t\t<meta property=\"og:url\" content=\"https:\/\/www.eldigitaldeasturias.com\/noticias\/ciudadanos-cree-que-a-medida-que-avancen-las-negociaciones-con-pp-y-psoe-se-suavizaran-algunos-vetos\/\" \/>\n\t\t<meta property=\"og:image\" content=\"https:\/\/www.eldigitaldeasturias.com\/noticias\/wp-content\/uploads\/2016\/02\/fotonoticia_20160202140833_800.jpg\" \/>\n\t\t<meta property=\"og:image:secure_url\" content=\"https:\/\/www.eldigitaldeasturias.com\/noticias\/wp-content\/uploads\/2016\/02\/fotonoticia_20160202140833_800.jpg\" \/>\n\t\t<meta property=\"og:image:width\" content=\"800\" \/>\n\t\t<meta property=\"og:image:height\" content=\"534\" \/>\n\t\t<meta property=\"article:tag\" content=\"actualidad\" \/>\n\t\t<meta property=\"article:published_time\" content=\"2016-02-02T20:57:05+00:00\" \/>\n\t\t<meta property=\"article:modified_time\" content=\"2016-02-02T20:57:05+00:00\" \/>\n\t\t<meta property=\"article:publisher\" content=\"https:\/\/facebook.com\/eldigitaldeasturias\" \/>\n\t\t<meta name=\"twitter:card\" content=\"summary_large_image\" \/>\n\t\t<meta name=\"twitter:title\" content=\"Ciudadanos cree que a medida que avancen las negociaciones con PP y PSOE se suavizar\u00e1n algunos vetos - El Digital de Asturias\" \/>\n\t\t<meta name=\"twitter:description\" content=\"El portavoz de Ciudadanos en el Congreso de los Diputados, Juan Carlos Girauta, ha dicho que la intenci\u00f3n de su partido es empezar cuanto antes las negociaciones paralelas con el PP y con el PSOE para intentar que se forme un nuevo Gobierno y se ha mostrado convencido de que, a medida que avancen, se\" \/>\n\t\t<meta name=\"twitter:image\" content=\"https:\/\/www.eldigitaldeasturias.com\/noticias\/wp-content\/uploads\/2016\/02\/fotonoticia_20160202140833_800.jpg\" \/>\n\t\t<meta name=\"twitter:label1\" content=\"Escrito por\" \/>\n\t\t<meta name=\"twitter:data1\" content=\"El Digital de Asturias\" \/>\n\t\t<meta name=\"twitter:label2\" content=\"Tiempo de lectura estimado\" \/>\n\t\t<meta name=\"twitter:data2\" content=\"7 minutos\" \/>\n\t\t<script type=\"application\/ld+json\" class=\"aioseo-schema\">\n\t\t\t{\"@context\":\"https:\\\/\\\/schema.org\",\"@graph\":[{\"@type\":\"BlogPosting\",\"@id\":\"https:\\\/\\\/www.eldigitaldeasturias.com\\\/noticias\\\/ciudadanos-cree-que-a-medida-que-avancen-las-negociaciones-con-pp-y-psoe-se-suavizaran-algunos-vetos\\\/#blogposting\",\"name\":\"Ciudadanos cree que a medida que avancen las negociaciones con PP y PSOE se suavizar\\u00e1n algunos vetos - El Digital de Asturias\",\"headline\":\"Ciudadanos cree que a medida que avancen las negociaciones con PP y PSOE se suavizar\\u00e1n algunos vetos\",\"author\":{\"@id\":\"https:\\\/\\\/www.eldigitaldeasturias.com\\\/noticias\\\/author\\\/admin\\\/#author\"},\"publisher\":{\"@id\":\"https:\\\/\\\/www.eldigitaldeasturias.com\\\/noticias\\\/#organization\"},\"image\":{\"@type\":\"ImageObject\",\"url\":\"https:\\\/\\\/www.eldigitaldeasturias.com\\\/noticias\\\/wp-content\\\/uploads\\\/2016\\\/02\\\/fotonoticia_20160202140833_800.jpg\",\"width\":800,\"height\":534},\"datePublished\":\"2016-02-02T20:57:05+01:00\",\"dateModified\":\"2016-02-02T20:57:05+01:00\",\"inLanguage\":\"es-ES\",\"mainEntityOfPage\":{\"@id\":\"https:\\\/\\\/www.eldigitaldeasturias.com\\\/noticias\\\/ciudadanos-cree-que-a-medida-que-avancen-las-negociaciones-con-pp-y-psoe-se-suavizaran-algunos-vetos\\\/#webpage\"},\"isPartOf\":{\"@id\":\"https:\\\/\\\/www.eldigitaldeasturias.com\\\/noticias\\\/ciudadanos-cree-que-a-medida-que-avancen-las-negociaciones-con-pp-y-psoe-se-suavizaran-algunos-vetos\\\/#webpage\"},\"articleSection\":\"Actualidad\"},{\"@type\":\"BreadcrumbList\",\"@id\":\"https:\\\/\\\/www.eldigitaldeasturias.com\\\/noticias\\\/ciudadanos-cree-que-a-medida-que-avancen-las-negociaciones-con-pp-y-psoe-se-suavizaran-algunos-vetos\\\/#breadcrumblist\",\"itemListElement\":[{\"@type\":\"ListItem\",\"@id\":\"https:\\\/\\\/www.eldigitaldeasturias.com\\\/noticias#listItem\",\"position\":1,\"name\":\"Home\",\"item\":\"https:\\\/\\\/www.eldigitaldeasturias.com\\\/noticias\",\"nextItem\":{\"@type\":\"ListItem\",\"@id\":\"https:\\\/\\\/www.eldigitaldeasturias.com\\\/noticias\\\/category\\\/actualidad\\\/#listItem\",\"name\":\"Actualidad\"}},{\"@type\":\"ListItem\",\"@id\":\"https:\\\/\\\/www.eldigitaldeasturias.com\\\/noticias\\\/category\\\/actualidad\\\/#listItem\",\"position\":2,\"name\":\"Actualidad\",\"item\":\"https:\\\/\\\/www.eldigitaldeasturias.com\\\/noticias\\\/category\\\/actualidad\\\/\",\"nextItem\":{\"@type\":\"ListItem\",\"@id\":\"https:\\\/\\\/www.eldigitaldeasturias.com\\\/noticias\\\/ciudadanos-cree-que-a-medida-que-avancen-las-negociaciones-con-pp-y-psoe-se-suavizaran-algunos-vetos\\\/#listItem\",\"name\":\"Ciudadanos cree que a medida que avancen las negociaciones con PP y PSOE se suavizar\\u00e1n algunos vetos\"},\"previousItem\":{\"@type\":\"ListItem\",\"@id\":\"https:\\\/\\\/www.eldigitaldeasturias.com\\\/noticias#listItem\",\"name\":\"Home\"}},{\"@type\":\"ListItem\",\"@id\":\"https:\\\/\\\/www.eldigitaldeasturias.com\\\/noticias\\\/ciudadanos-cree-que-a-medida-que-avancen-las-negociaciones-con-pp-y-psoe-se-suavizaran-algunos-vetos\\\/#listItem\",\"position\":3,\"name\":\"Ciudadanos cree que a medida que avancen las negociaciones con PP y PSOE se suavizar\\u00e1n algunos vetos\",\"previousItem\":{\"@type\":\"ListItem\",\"@id\":\"https:\\\/\\\/www.eldigitaldeasturias.com\\\/noticias\\\/category\\\/actualidad\\\/#listItem\",\"name\":\"Actualidad\"}}]},{\"@type\":\"Organization\",\"@id\":\"https:\\\/\\\/www.eldigitaldeasturias.com\\\/noticias\\\/#organization\",\"name\":\"El Digital de Asturias\",\"description\":\"Hemeroteca\",\"url\":\"https:\\\/\\\/www.eldigitaldeasturias.com\\\/noticias\\\/\",\"email\":\"info@eldigitaldeasturias.com\",\"telephone\":\"+34652131393\",\"logo\":{\"@type\":\"ImageObject\",\"url\":\"https:\\\/\\\/www.eldigitaldeasturias.com\\\/noticias\\\/wp-content\\\/uploads\\\/2020\\\/12\\\/EDA.jpg\",\"@id\":\"https:\\\/\\\/www.eldigitaldeasturias.com\\\/noticias\\\/ciudadanos-cree-que-a-medida-que-avancen-las-negociaciones-con-pp-y-psoe-se-suavizaran-algunos-vetos\\\/#organizationLogo\",\"width\":649,\"height\":297},\"image\":{\"@id\":\"https:\\\/\\\/www.eldigitaldeasturias.com\\\/noticias\\\/ciudadanos-cree-que-a-medida-que-avancen-las-negociaciones-con-pp-y-psoe-se-suavizaran-algunos-vetos\\\/#organizationLogo\"},\"sameAs\":[\"https:\\\/\\\/facebook.com\\\/eldigitaldeasturias\",\"https:\\\/\\\/www.youtube.com\\\/channel\\\/UCZP-2wLEB9Rv6erhFmqVnvg\"],\"address\":{\"@id\":\"https:\\\/\\\/www.eldigitaldeasturias.com\\\/noticias\\\/#postaladdress\",\"@type\":\"PostalAddress\",\"streetAddress\":\"san antonio 4,\",\"postalCode\":\"33430\",\"addressLocality\":\"Cand\\u00e1s\",\"addressRegion\":\"Asturias\",\"addressCountry\":\"ES\"}},{\"@type\":\"Person\",\"@id\":\"https:\\\/\\\/www.eldigitaldeasturias.com\\\/noticias\\\/author\\\/admin\\\/#author\",\"url\":\"https:\\\/\\\/www.eldigitaldeasturias.com\\\/noticias\\\/author\\\/admin\\\/\",\"name\":\"El Digital de Asturias\",\"image\":{\"@type\":\"ImageObject\",\"@id\":\"https:\\\/\\\/www.eldigitaldeasturias.com\\\/noticias\\\/ciudadanos-cree-que-a-medida-que-avancen-las-negociaciones-con-pp-y-psoe-se-suavizaran-algunos-vetos\\\/#authorImage\",\"url\":\"https:\\\/\\\/www.eldigitaldeasturias.com\\\/noticias\\\/wp-content\\\/litespeed\\\/avatar\\\/18677e78aa0546b92d9dbf31ec7d7668.jpg?ver=1776685526\",\"width\":96,\"height\":96,\"caption\":\"El Digital de Asturias\"}},{\"@type\":\"WebPage\",\"@id\":\"https:\\\/\\\/www.eldigitaldeasturias.com\\\/noticias\\\/ciudadanos-cree-que-a-medida-que-avancen-las-negociaciones-con-pp-y-psoe-se-suavizaran-algunos-vetos\\\/#webpage\",\"url\":\"https:\\\/\\\/www.eldigitaldeasturias.com\\\/noticias\\\/ciudadanos-cree-que-a-medida-que-avancen-las-negociaciones-con-pp-y-psoe-se-suavizaran-algunos-vetos\\\/\",\"name\":\"Ciudadanos cree que a medida que avancen las negociaciones con PP y PSOE se suavizar\\u00e1n algunos vetos - El Digital de Asturias\",\"description\":\"El portavoz de Ciudadanos en el Congreso de los Diputados, Juan Carlos Girauta, ha dicho que la intenci\\u00f3n de su partido es empezar cuanto antes las negociaciones paralelas con el PP y con el PSOE para intentar que se forme un nuevo Gobierno y se ha mostrado convencido de que, a medida que avancen, se\",\"inLanguage\":\"es-ES\",\"isPartOf\":{\"@id\":\"https:\\\/\\\/www.eldigitaldeasturias.com\\\/noticias\\\/#website\"},\"breadcrumb\":{\"@id\":\"https:\\\/\\\/www.eldigitaldeasturias.com\\\/noticias\\\/ciudadanos-cree-que-a-medida-que-avancen-las-negociaciones-con-pp-y-psoe-se-suavizaran-algunos-vetos\\\/#breadcrumblist\"},\"author\":{\"@id\":\"https:\\\/\\\/www.eldigitaldeasturias.com\\\/noticias\\\/author\\\/admin\\\/#author\"},\"creator\":{\"@id\":\"https:\\\/\\\/www.eldigitaldeasturias.com\\\/noticias\\\/author\\\/admin\\\/#author\"},\"image\":{\"@type\":\"ImageObject\",\"url\":\"https:\\\/\\\/www.eldigitaldeasturias.com\\\/noticias\\\/wp-content\\\/uploads\\\/2016\\\/02\\\/fotonoticia_20160202140833_800.jpg\",\"@id\":\"https:\\\/\\\/www.eldigitaldeasturias.com\\\/noticias\\\/ciudadanos-cree-que-a-medida-que-avancen-las-negociaciones-con-pp-y-psoe-se-suavizaran-algunos-vetos\\\/#mainImage\",\"width\":800,\"height\":534},\"primaryImageOfPage\":{\"@id\":\"https:\\\/\\\/www.eldigitaldeasturias.com\\\/noticias\\\/ciudadanos-cree-que-a-medida-que-avancen-las-negociaciones-con-pp-y-psoe-se-suavizaran-algunos-vetos\\\/#mainImage\"},\"datePublished\":\"2016-02-02T20:57:05+01:00\",\"dateModified\":\"2016-02-02T20:57:05+01:00\"},{\"@type\":\"WebSite\",\"@id\":\"https:\\\/\\\/www.eldigitaldeasturias.com\\\/noticias\\\/#website\",\"url\":\"https:\\\/\\\/www.eldigitaldeasturias.com\\\/noticias\\\/\",\"name\":\"El Digital de Asturias - Diario de actualidad y noticias\",\"alternateName\":\"El Digital de Asturias - Diario de actualidad y noticias\",\"description\":\"Hemeroteca\",\"inLanguage\":\"es-ES\",\"publisher\":{\"@id\":\"https:\\\/\\\/www.eldigitaldeasturias.com\\\/noticias\\\/#organization\"}}]}\n\t\t<\/script>\n\t\t<!-- All in One SEO Pro -->\r\n\t\t<title>Ciudadanos cree que a medida que avancen las negociaciones con PP y PSOE se suavizar\u00e1n algunos vetos - El Digital de Asturias<\/title>\n\n","aioseo_head_json":{"title":"Ciudadanos cree que a medida que avancen las negociaciones con PP y PSOE se suavizar\u00e1n algunos vetos - El Digital de Asturias","description":"El portavoz de Ciudadanos en el Congreso de los Diputados, Juan Carlos Girauta, ha dicho que la intenci\u00f3n de su partido es empezar cuanto antes las negociaciones paralelas con el PP y con el PSOE para intentar que se forme un nuevo Gobierno y se ha mostrado convencido de que, a medida que avancen, se","canonical_url":"https:\/\/www.eldigitaldeasturias.com\/noticias\/ciudadanos-cree-que-a-medida-que-avancen-las-negociaciones-con-pp-y-psoe-se-suavizaran-algunos-vetos\/","robots":"max-image-preview:large","keywords":"actualidad","webmasterTools":{"google-site-verification":"UA-38556648-1","msvalidate.01":"7dfe9f3f1b24437ab69f4f2559babe99","miscellaneous":""},"schema":{"@context":"https:\/\/schema.org","@graph":[{"@type":"BlogPosting","@id":"https:\/\/www.eldigitaldeasturias.com\/noticias\/ciudadanos-cree-que-a-medida-que-avancen-las-negociaciones-con-pp-y-psoe-se-suavizaran-algunos-vetos\/#blogposting","name":"Ciudadanos cree que a medida que avancen las negociaciones con PP y PSOE se suavizar\u00e1n algunos vetos - El Digital de Asturias","headline":"Ciudadanos cree que a medida que avancen las negociaciones con PP y PSOE se suavizar\u00e1n algunos vetos","author":{"@id":"https:\/\/www.eldigitaldeasturias.com\/noticias\/author\/admin\/#author"},"publisher":{"@id":"https:\/\/www.eldigitaldeasturias.com\/noticias\/#organization"},"image":{"@type":"ImageObject","url":"https:\/\/www.eldigitaldeasturias.com\/noticias\/wp-content\/uploads\/2016\/02\/fotonoticia_20160202140833_800.jpg","width":800,"height":534},"datePublished":"2016-02-02T20:57:05+01:00","dateModified":"2016-02-02T20:57:05+01:00","inLanguage":"es-ES","mainEntityOfPage":{"@id":"https:\/\/www.eldigitaldeasturias.com\/noticias\/ciudadanos-cree-que-a-medida-que-avancen-las-negociaciones-con-pp-y-psoe-se-suavizaran-algunos-vetos\/#webpage"},"isPartOf":{"@id":"https:\/\/www.eldigitaldeasturias.com\/noticias\/ciudadanos-cree-que-a-medida-que-avancen-las-negociaciones-con-pp-y-psoe-se-suavizaran-algunos-vetos\/#webpage"},"articleSection":"Actualidad"},{"@type":"BreadcrumbList","@id":"https:\/\/www.eldigitaldeasturias.com\/noticias\/ciudadanos-cree-que-a-medida-que-avancen-las-negociaciones-con-pp-y-psoe-se-suavizaran-algunos-vetos\/#breadcrumblist","itemListElement":[{"@type":"ListItem","@id":"https:\/\/www.eldigitaldeasturias.com\/noticias#listItem","position":1,"name":"Home","item":"https:\/\/www.eldigitaldeasturias.com\/noticias","nextItem":{"@type":"ListItem","@id":"https:\/\/www.eldigitaldeasturias.com\/noticias\/category\/actualidad\/#listItem","name":"Actualidad"}},{"@type":"ListItem","@id":"https:\/\/www.eldigitaldeasturias.com\/noticias\/category\/actualidad\/#listItem","position":2,"name":"Actualidad","item":"https:\/\/www.eldigitaldeasturias.com\/noticias\/category\/actualidad\/","nextItem":{"@type":"ListItem","@id":"https:\/\/www.eldigitaldeasturias.com\/noticias\/ciudadanos-cree-que-a-medida-que-avancen-las-negociaciones-con-pp-y-psoe-se-suavizaran-algunos-vetos\/#listItem","name":"Ciudadanos cree que a medida que avancen las negociaciones con PP y PSOE se suavizar\u00e1n algunos vetos"},"previousItem":{"@type":"ListItem","@id":"https:\/\/www.eldigitaldeasturias.com\/noticias#listItem","name":"Home"}},{"@type":"ListItem","@id":"https:\/\/www.eldigitaldeasturias.com\/noticias\/ciudadanos-cree-que-a-medida-que-avancen-las-negociaciones-con-pp-y-psoe-se-suavizaran-algunos-vetos\/#listItem","position":3,"name":"Ciudadanos cree que a medida que avancen las negociaciones con PP y PSOE se suavizar\u00e1n algunos vetos","previousItem":{"@type":"ListItem","@id":"https:\/\/www.eldigitaldeasturias.com\/noticias\/category\/actualidad\/#listItem","name":"Actualidad"}}]},{"@type":"Organization","@id":"https:\/\/www.eldigitaldeasturias.com\/noticias\/#organization","name":"El Digital de Asturias","description":"Hemeroteca","url":"https:\/\/www.eldigitaldeasturias.com\/noticias\/","email":"info@eldigitaldeasturias.com","telephone":"+34652131393","logo":{"@type":"ImageObject","url":"https:\/\/www.eldigitaldeasturias.com\/noticias\/wp-content\/uploads\/2020\/12\/EDA.jpg","@id":"https:\/\/www.eldigitaldeasturias.com\/noticias\/ciudadanos-cree-que-a-medida-que-avancen-las-negociaciones-con-pp-y-psoe-se-suavizaran-algunos-vetos\/#organizationLogo","width":649,"height":297},"image":{"@id":"https:\/\/www.eldigitaldeasturias.com\/noticias\/ciudadanos-cree-que-a-medida-que-avancen-las-negociaciones-con-pp-y-psoe-se-suavizaran-algunos-vetos\/#organizationLogo"},"sameAs":["https:\/\/facebook.com\/eldigitaldeasturias","https:\/\/www.youtube.com\/channel\/UCZP-2wLEB9Rv6erhFmqVnvg"],"address":{"@id":"https:\/\/www.eldigitaldeasturias.com\/noticias\/#postaladdress","@type":"PostalAddress","streetAddress":"san antonio 4,","postalCode":"33430","addressLocality":"Cand\u00e1s","addressRegion":"Asturias","addressCountry":"ES"}},{"@type":"Person","@id":"https:\/\/www.eldigitaldeasturias.com\/noticias\/author\/admin\/#author","url":"https:\/\/www.eldigitaldeasturias.com\/noticias\/author\/admin\/","name":"El Digital de Asturias","image":{"@type":"ImageObject","@id":"https:\/\/www.eldigitaldeasturias.com\/noticias\/ciudadanos-cree-que-a-medida-que-avancen-las-negociaciones-con-pp-y-psoe-se-suavizaran-algunos-vetos\/#authorImage","url":"https:\/\/www.eldigitaldeasturias.com\/noticias\/wp-content\/litespeed\/avatar\/18677e78aa0546b92d9dbf31ec7d7668.jpg?ver=1776685526","width":96,"height":96,"caption":"El Digital de Asturias"}},{"@type":"WebPage","@id":"https:\/\/www.eldigitaldeasturias.com\/noticias\/ciudadanos-cree-que-a-medida-que-avancen-las-negociaciones-con-pp-y-psoe-se-suavizaran-algunos-vetos\/#webpage","url":"https:\/\/www.eldigitaldeasturias.com\/noticias\/ciudadanos-cree-que-a-medida-que-avancen-las-negociaciones-con-pp-y-psoe-se-suavizaran-algunos-vetos\/","name":"Ciudadanos cree que a medida que avancen las negociaciones con PP y PSOE se suavizar\u00e1n algunos vetos - El Digital de Asturias","description":"El portavoz de Ciudadanos en el Congreso de los Diputados, Juan Carlos Girauta, ha dicho que la intenci\u00f3n de su partido es empezar cuanto antes las negociaciones paralelas con el PP y con el PSOE para intentar que se forme un nuevo Gobierno y se ha mostrado convencido de que, a medida que avancen, se","inLanguage":"es-ES","isPartOf":{"@id":"https:\/\/www.eldigitaldeasturias.com\/noticias\/#website"},"breadcrumb":{"@id":"https:\/\/www.eldigitaldeasturias.com\/noticias\/ciudadanos-cree-que-a-medida-que-avancen-las-negociaciones-con-pp-y-psoe-se-suavizaran-algunos-vetos\/#breadcrumblist"},"author":{"@id":"https:\/\/www.eldigitaldeasturias.com\/noticias\/author\/admin\/#author"},"creator":{"@id":"https:\/\/www.eldigitaldeasturias.com\/noticias\/author\/admin\/#author"},"image":{"@type":"ImageObject","url":"https:\/\/www.eldigitaldeasturias.com\/noticias\/wp-content\/uploads\/2016\/02\/fotonoticia_20160202140833_800.jpg","@id":"https:\/\/www.eldigitaldeasturias.com\/noticias\/ciudadanos-cree-que-a-medida-que-avancen-las-negociaciones-con-pp-y-psoe-se-suavizaran-algunos-vetos\/#mainImage","width":800,"height":534},"primaryImageOfPage":{"@id":"https:\/\/www.eldigitaldeasturias.com\/noticias\/ciudadanos-cree-que-a-medida-que-avancen-las-negociaciones-con-pp-y-psoe-se-suavizaran-algunos-vetos\/#mainImage"},"datePublished":"2016-02-02T20:57:05+01:00","dateModified":"2016-02-02T20:57:05+01:00"},{"@type":"WebSite","@id":"https:\/\/www.eldigitaldeasturias.com\/noticias\/#website","url":"https:\/\/www.eldigitaldeasturias.com\/noticias\/","name":"El Digital de Asturias - Diario de actualidad y noticias","alternateName":"El Digital de Asturias - Diario de actualidad y noticias","description":"Hemeroteca","inLanguage":"es-ES","publisher":{"@id":"https:\/\/www.eldigitaldeasturias.com\/noticias\/#organization"}}]},"og:locale":"es_ES","og:site_name":"El Digital de Asturias","og:type":"article","og:title":"Ciudadanos cree que a medida que avancen las negociaciones con PP y PSOE se suavizar\u00e1n algunos vetos - El Digital de Asturias","og:description":"El portavoz de Ciudadanos en el Congreso de los Diputados, Juan Carlos Girauta, ha dicho que la intenci\u00f3n de su partido es empezar cuanto antes las negociaciones paralelas con el PP y con el PSOE para intentar que se forme un nuevo Gobierno y se ha mostrado convencido de que, a medida que avancen, se","og:url":"https:\/\/www.eldigitaldeasturias.com\/noticias\/ciudadanos-cree-que-a-medida-que-avancen-las-negociaciones-con-pp-y-psoe-se-suavizaran-algunos-vetos\/","og:image":"https:\/\/www.eldigitaldeasturias.com\/noticias\/wp-content\/uploads\/2016\/02\/fotonoticia_20160202140833_800.jpg","og:image:secure_url":"https:\/\/www.eldigitaldeasturias.com\/noticias\/wp-content\/uploads\/2016\/02\/fotonoticia_20160202140833_800.jpg","og:image:width":800,"og:image:height":534,"article:tag":["actualidad"],"article:published_time":"2016-02-02T20:57:05+00:00","article:modified_time":"2016-02-02T20:57:05+00:00","article:publisher":"https:\/\/facebook.com\/eldigitaldeasturias","twitter:card":"summary_large_image","twitter:title":"Ciudadanos cree que a medida que avancen las negociaciones con PP y PSOE se suavizar\u00e1n algunos vetos - El Digital de Asturias","twitter:description":"El portavoz de Ciudadanos en el Congreso de los Diputados, Juan Carlos Girauta, ha dicho que la intenci\u00f3n de su partido es empezar cuanto antes las negociaciones paralelas con el PP y con el PSOE para intentar que se forme un nuevo Gobierno y se ha mostrado convencido de que, a medida que avancen, se","twitter:image":"https:\/\/www.eldigitaldeasturias.com\/noticias\/wp-content\/uploads\/2016\/02\/fotonoticia_20160202140833_800.jpg","twitter:label1":"Escrito por","twitter:data1":"El Digital de Asturias","twitter:label2":"Tiempo de lectura estimado","twitter:data2":"7 minutos"},"aioseo_meta_data":{"post_id":"853180","title":null,"description":null,"keywords":null,"keyphrases":null,"primary_term":null,"canonical_url":null,"og_title":null,"og_description":null,"og_object_type":"default","og_image_type":"default","og_image_url":null,"og_image_width":null,"og_image_height":null,"og_image_custom_url":null,"og_image_custom_fields":null,"og_video":null,"og_custom_url":null,"og_article_section":null,"og_article_tags":null,"twitter_use_og":false,"twitter_card":"default","twitter_image_type":"default","twitter_image_url":null,"twitter_image_custom_url":null,"twitter_image_custom_fields":null,"twitter_title":null,"twitter_description":null,"schema":{"blockGraphs":[],"customGraphs":[],"default":{"data":{"Article":[],"Course":[],"Dataset":[],"FAQPage":[],"Movie":[],"Person":[],"Product":[],"ProductReview":[],"Car":[],"Recipe":[],"Service":[],"SoftwareApplication":[],"WebPage":[]},"graphName":"","isEnabled":true},"graphs":[],"defaultGraph":"","defaultPostTypeGraph":""},"schema_type":null,"schema_type_options":null,"pillar_content":false,"robots_default":true,"robots_noindex":false,"robots_noarchive":false,"robots_nosnippet":false,"robots_nofollow":false,"robots_noimageindex":false,"robots_noodp":false,"robots_notranslate":false,"robots_max_snippet":null,"robots_max_videopreview":null,"robots_max_imagepreview":"large","priority":null,"frequency":null,"local_seo":null,"seo_analyzer_scan_date":"2025-12-09 17:13:25","breadcrumb_settings":null,"limit_modified_date":false,"open_ai":null,"ai":null,"created":"2021-01-23 14:06:13","updated":"2025-12-09 17:13:25"},"aioseo_breadcrumb":"<div class=\"aioseo-breadcrumbs\"><span class=\"aioseo-breadcrumb\">\n\t<a href=\"https:\/\/www.eldigitaldeasturias.com\/noticias\" title=\"Home\">Home<\/a>\n<\/span><span class=\"aioseo-breadcrumb-separator\">\u2013<\/span><span class=\"aioseo-breadcrumb\">\n\t<a href=\"https:\/\/www.eldigitaldeasturias.com\/noticias\/category\/actualidad\/\" title=\"Actualidad\">Actualidad<\/a>\n<\/span><span class=\"aioseo-breadcrumb-separator\">\u2013<\/span><span class=\"aioseo-breadcrumb\">\n\t<a href=\"https:\/\/www.eldigitaldeasturias.com\/noticias\/ciudadanos-cree-que-a-medida-que-avancen-las-negociaciones-con-pp-y-psoe-se-suavizaran-algunos-vetos\/\" title=\"Ciudadanos cree que a medida que avancen las negociaciones con PP y PSOE se suavizar\u00e1n algunos vetos\">Ciudadanos cree que a medida que avancen las negociaciones con PP y PSOE se suavizar\u00e1n algunos vetos<\/a>\n<\/span><\/div>","aioseo_breadcrumb_json":[{"label":"Home","link":"https:\/\/www.eldigitaldeasturias.com\/noticias"},{"label":"Actualidad","link":"https:\/\/www.eldigitaldeasturias.com\/noticias\/category\/actualidad\/"},{"label":"Ciudadanos cree que a medida que avancen las negociaciones con PP y PSOE se suavizar\u00e1n algunos vetos","link":"https:\/\/www.eldigitaldeasturias.com\/noticias\/ciudadanos-cree-que-a-medida-que-avancen-las-negociaciones-con-pp-y-psoe-se-suavizaran-algunos-vetos\/"}],"_links":{"self":[{"href":"https:\/\/www.eldigitaldeasturias.com\/noticias\/wp-json\/wp\/v2\/posts\/853180","targetHints":{"allow":["GET"]}}],"collection":[{"href":"https:\/\/www.eldigitaldeasturias.com\/noticias\/wp-json\/wp\/v2\/posts"}],"about":[{"href":"https:\/\/www.eldigitaldeasturias.com\/noticias\/wp-json\/wp\/v2\/types\/post"}],"author":[{"embeddable":true,"href":"https:\/\/www.eldigitaldeasturias.com\/noticias\/wp-json\/wp\/v2\/users\/1"}],"replies":[{"embeddable":true,"href":"https:\/\/www.eldigitaldeasturias.com\/noticias\/wp-json\/wp\/v2\/comments?post=853180"}],"version-history":[{"count":0,"href":"https:\/\/www.eldigitaldeasturias.com\/noticias\/wp-json\/wp\/v2\/posts\/853180\/revisions"}],"wp:featuredmedia":[{"embeddable":true,"href":"https:\/\/www.eldigitaldeasturias.com\/noticias\/wp-json\/wp\/v2\/media\/853181"}],"wp:attachment":[{"href":"https:\/\/www.eldigitaldeasturias.com\/noticias\/wp-json\/wp\/v2\/media?parent=853180"}],"wp:term":[{"taxonomy":"category","embeddable":true,"href":"https:\/\/www.eldigitaldeasturias.com\/noticias\/wp-json\/wp\/v2\/categories?post=853180"},{"taxonomy":"post_tag","embeddable":true,"href":"https:\/\/www.eldigitaldeasturias.com\/noticias\/wp-json\/wp\/v2\/tags?post=853180"}],"curies":[{"name":"wp","href":"https:\/\/api.w.org\/{rel}","templated":true}]}}