{"id":853171,"date":"2016-02-02T20:52:41","date_gmt":"2016-02-02T20:52:41","guid":{"rendered":"http:\/\/www.eldigitaldeasturias.com\/noticias\/?p=853171"},"modified":"2016-02-02T20:52:41","modified_gmt":"2016-02-02T20:52:41","slug":"josep-felix-ballesteros-incorpora-al-gobierno-de-tarragona-a-pp-y-unio","status":"publish","type":"post","link":"https:\/\/www.eldigitaldeasturias.com\/noticias\/josep-felix-ballesteros-incorpora-al-gobierno-de-tarragona-a-pp-y-unio\/","title":{"rendered":"Josep F\u00e8lix Ballesteros incorpora al Gobierno de Tarragona a PP y Uni\u00f3"},"content":{"rendered":"<p><img loading=\"lazy\" decoding=\"async\" class=\"alignleft size-medium wp-image-853172\" src=\"https:\/\/www.eldigitaldeasturias.com\/noticias\/wp-content\/uploads\/2016\/02\/fotonoticia_20160202120652_800-360x200.jpg\" alt=\"fotonoticia_20160202120652_800\" width=\"360\" height=\"200\" srcset=\"https:\/\/www.eldigitaldeasturias.com\/noticias\/wp-content\/uploads\/2016\/02\/fotonoticia_20160202120652_800-360x200.jpg 360w, https:\/\/www.eldigitaldeasturias.com\/noticias\/wp-content\/uploads\/2016\/02\/fotonoticia_20160202120652_800-768x427.jpg 768w, https:\/\/www.eldigitaldeasturias.com\/noticias\/wp-content\/uploads\/2016\/02\/fotonoticia_20160202120652_800-650x362.jpg 650w, https:\/\/www.eldigitaldeasturias.com\/noticias\/wp-content\/uploads\/2016\/02\/fotonoticia_20160202120652_800.jpg 800w\" sizes=\"auto, (max-width: 360px) 100vw, 360px\" \/>Los grupos municipales del PP y de Uni\u00f3 han entrado este martes en el Gobierno del Ayuntamiento de Tarragona que hasta ahora lideraba el PSC en solitario y conformar\u00e1n un Ejecutivo encabezado por el ya alcalde, Josep F\u00e8lix Ballesteros.<\/p>\n<p>Seg\u00fan fuentes del Consistorio, el acuerdo se aprob\u00f3 el lunes por la noche en las ejecutivas de los tres partidos y este martes se ha formalizado en un acto p\u00fablico en la Casa Canals de Tarragona, por lo que tendr\u00e1n mayor\u00eda absoluta para gobernar.<\/p>\n<p>Tras el acuerdo, los nueve concejales del PSC, cuatro del PP y uno de Uni\u00f3 suman 14, uno m\u00e1s que el conjunto de la oposici\u00f3n.<\/p>\n<p>El pacto de Gobierno &#8216;Tarragona \u00e9s futur&#8217; deja en manos del PP la gesti\u00f3n de Presidencia y Estrategias de Ciudad, Contrataci\u00f3n, Espacios P\u00fablicos y Protecci\u00f3n Civil, Turismo, Casas Regionales, Deportes, Centros C\u00edvicos, Voluntariado y Asociaciones de Jubilados y Pensionistas.<\/p>\n<p>El concejal de Uni\u00f3, Josep Maria Prats, ocupar\u00e1 la Concejal\u00eda de Cultura, ha informado el Consistorio en su red social Twitter.<\/p>\n<p>Seg\u00fan el Ayuntamiento, Ballesteros ha asegurado que a\u00fan no se han detallado posibles cambios en la estructura de las empresas municipales y que, de haberlos, se anunciar\u00e1 \u00abpr\u00f3ximamente\u00bb.<\/p>\n","protected":false},"excerpt":{"rendered":"<p>Los grupos municipales del PP y de Uni\u00f3 han entrado este martes en el Gobierno del Ayuntamiento de Tarragona que hasta ahora lideraba el PSC en solitario y conformar\u00e1n un Ejecutivo encabezado por el ya alcalde, Josep F\u00e8lix Ballesteros. Seg\u00fan fuentes del Consistorio, el acuerdo se aprob\u00f3 el lunes por la noche en las ejecutivas [&hellip;]<\/p>\n","protected":false},"author":1,"featured_media":853172,"comment_status":"closed","ping_status":"closed","sticky":false,"template":"","format":"standard","meta":{"footnotes":""},"categories":[1],"tags":[],"class_list":["post-853171","post","type-post","status-publish","format-standard","has-post-thumbnail","hentry","category-actualidad"],"aioseo_notices":[],"aioseo_head":"\n\t\t<!-- All in One SEO Pro 4.9.6.2 - aioseo.com -->\n\t<meta name=\"description\" content=\"Los grupos municipales del PP y de Uni\u00f3 han entrado este martes en el Gobierno del Ayuntamiento de Tarragona que hasta ahora lideraba el PSC en solitario y conformar\u00e1n un Ejecutivo encabezado por el ya alcalde, Josep F\u00e8lix Ballesteros. Seg\u00fan fuentes del Consistorio, el acuerdo se aprob\u00f3 el lunes por la noche en las ejecutivas\" \/>\n\t<meta name=\"robots\" content=\"max-image-preview:large\" \/>\n\t<meta name=\"author\" content=\"El Digital de Asturias\"\/>\n\t<meta name=\"google-site-verification\" content=\"UA-38556648-1\" \/>\n\t<meta name=\"msvalidate.01\" content=\"7dfe9f3f1b24437ab69f4f2559babe99\" \/>\n\t<meta name=\"keywords\" content=\"actualidad\" \/>\n\t<link rel=\"canonical\" href=\"https:\/\/www.eldigitaldeasturias.com\/noticias\/josep-felix-ballesteros-incorpora-al-gobierno-de-tarragona-a-pp-y-unio\/\" \/>\n\t<meta name=\"generator\" content=\"All in One SEO Pro (AIOSEO) 4.9.6.2\" \/>\n\t\t<meta property=\"og:locale\" content=\"es_ES\" \/>\n\t\t<meta property=\"og:site_name\" content=\"El Digital de Asturias\" \/>\n\t\t<meta property=\"og:type\" content=\"article\" \/>\n\t\t<meta property=\"og:title\" content=\"Josep F\u00e8lix Ballesteros incorpora al Gobierno de Tarragona a PP y Uni\u00f3 - El Digital de Asturias\" \/>\n\t\t<meta property=\"og:description\" content=\"Los grupos municipales del PP y de Uni\u00f3 han entrado este martes en el Gobierno del Ayuntamiento de Tarragona que hasta ahora lideraba el PSC en solitario y conformar\u00e1n un Ejecutivo encabezado por el ya alcalde, Josep F\u00e8lix Ballesteros. Seg\u00fan fuentes del Consistorio, el acuerdo se aprob\u00f3 el lunes por la noche en las ejecutivas\" \/>\n\t\t<meta property=\"og:url\" content=\"https:\/\/www.eldigitaldeasturias.com\/noticias\/josep-felix-ballesteros-incorpora-al-gobierno-de-tarragona-a-pp-y-unio\/\" \/>\n\t\t<meta property=\"og:image\" content=\"https:\/\/www.eldigitaldeasturias.com\/noticias\/wp-content\/uploads\/2016\/02\/fotonoticia_20160202120652_800.jpg\" \/>\n\t\t<meta property=\"og:image:secure_url\" content=\"https:\/\/www.eldigitaldeasturias.com\/noticias\/wp-content\/uploads\/2016\/02\/fotonoticia_20160202120652_800.jpg\" \/>\n\t\t<meta property=\"og:image:width\" content=\"800\" \/>\n\t\t<meta property=\"og:image:height\" content=\"445\" \/>\n\t\t<meta property=\"article:tag\" content=\"actualidad\" \/>\n\t\t<meta property=\"article:published_time\" content=\"2016-02-02T20:52:41+00:00\" \/>\n\t\t<meta property=\"article:modified_time\" content=\"2016-02-02T20:52:41+00:00\" \/>\n\t\t<meta property=\"article:publisher\" content=\"https:\/\/facebook.com\/eldigitaldeasturias\" \/>\n\t\t<meta name=\"twitter:card\" content=\"summary_large_image\" \/>\n\t\t<meta name=\"twitter:title\" content=\"Josep F\u00e8lix Ballesteros incorpora al Gobierno de Tarragona a PP y Uni\u00f3 - El Digital de Asturias\" \/>\n\t\t<meta name=\"twitter:description\" content=\"Los grupos municipales del PP y de Uni\u00f3 han entrado este martes en el Gobierno del Ayuntamiento de Tarragona que hasta ahora lideraba el PSC en solitario y conformar\u00e1n un Ejecutivo encabezado por el ya alcalde, Josep F\u00e8lix Ballesteros. Seg\u00fan fuentes del Consistorio, el acuerdo se aprob\u00f3 el lunes por la noche en las ejecutivas\" \/>\n\t\t<meta name=\"twitter:image\" content=\"https:\/\/www.eldigitaldeasturias.com\/noticias\/wp-content\/uploads\/2016\/02\/fotonoticia_20160202120652_800.jpg\" \/>\n\t\t<meta name=\"twitter:label1\" content=\"Escrito por\" \/>\n\t\t<meta name=\"twitter:data1\" content=\"El Digital de Asturias\" \/>\n\t\t<meta name=\"twitter:label2\" content=\"Tiempo de lectura estimado\" \/>\n\t\t<meta name=\"twitter:data2\" content=\"1 minuto\" \/>\n\t\t<script type=\"application\/ld+json\" class=\"aioseo-schema\">\n\t\t\t{\"@context\":\"https:\\\/\\\/schema.org\",\"@graph\":[{\"@type\":\"BlogPosting\",\"@id\":\"https:\\\/\\\/www.eldigitaldeasturias.com\\\/noticias\\\/josep-felix-ballesteros-incorpora-al-gobierno-de-tarragona-a-pp-y-unio\\\/#blogposting\",\"name\":\"Josep F\\u00e8lix Ballesteros incorpora al Gobierno de Tarragona a PP y Uni\\u00f3 - El Digital de Asturias\",\"headline\":\"Josep F\\u00e8lix Ballesteros incorpora al Gobierno de Tarragona a PP y Uni\\u00f3\",\"author\":{\"@id\":\"https:\\\/\\\/www.eldigitaldeasturias.com\\\/noticias\\\/author\\\/admin\\\/#author\"},\"publisher\":{\"@id\":\"https:\\\/\\\/www.eldigitaldeasturias.com\\\/noticias\\\/#organization\"},\"image\":{\"@type\":\"ImageObject\",\"url\":\"https:\\\/\\\/www.eldigitaldeasturias.com\\\/noticias\\\/wp-content\\\/uploads\\\/2016\\\/02\\\/fotonoticia_20160202120652_800.jpg\",\"width\":800,\"height\":445},\"datePublished\":\"2016-02-02T20:52:41+01:00\",\"dateModified\":\"2016-02-02T20:52:41+01:00\",\"inLanguage\":\"es-ES\",\"mainEntityOfPage\":{\"@id\":\"https:\\\/\\\/www.eldigitaldeasturias.com\\\/noticias\\\/josep-felix-ballesteros-incorpora-al-gobierno-de-tarragona-a-pp-y-unio\\\/#webpage\"},\"isPartOf\":{\"@id\":\"https:\\\/\\\/www.eldigitaldeasturias.com\\\/noticias\\\/josep-felix-ballesteros-incorpora-al-gobierno-de-tarragona-a-pp-y-unio\\\/#webpage\"},\"articleSection\":\"Actualidad\"},{\"@type\":\"BreadcrumbList\",\"@id\":\"https:\\\/\\\/www.eldigitaldeasturias.com\\\/noticias\\\/josep-felix-ballesteros-incorpora-al-gobierno-de-tarragona-a-pp-y-unio\\\/#breadcrumblist\",\"itemListElement\":[{\"@type\":\"ListItem\",\"@id\":\"https:\\\/\\\/www.eldigitaldeasturias.com\\\/noticias#listItem\",\"position\":1,\"name\":\"Home\",\"item\":\"https:\\\/\\\/www.eldigitaldeasturias.com\\\/noticias\",\"nextItem\":{\"@type\":\"ListItem\",\"@id\":\"https:\\\/\\\/www.eldigitaldeasturias.com\\\/noticias\\\/category\\\/actualidad\\\/#listItem\",\"name\":\"Actualidad\"}},{\"@type\":\"ListItem\",\"@id\":\"https:\\\/\\\/www.eldigitaldeasturias.com\\\/noticias\\\/category\\\/actualidad\\\/#listItem\",\"position\":2,\"name\":\"Actualidad\",\"item\":\"https:\\\/\\\/www.eldigitaldeasturias.com\\\/noticias\\\/category\\\/actualidad\\\/\",\"nextItem\":{\"@type\":\"ListItem\",\"@id\":\"https:\\\/\\\/www.eldigitaldeasturias.com\\\/noticias\\\/josep-felix-ballesteros-incorpora-al-gobierno-de-tarragona-a-pp-y-unio\\\/#listItem\",\"name\":\"Josep F\\u00e8lix Ballesteros incorpora al Gobierno de Tarragona a PP y Uni\\u00f3\"},\"previousItem\":{\"@type\":\"ListItem\",\"@id\":\"https:\\\/\\\/www.eldigitaldeasturias.com\\\/noticias#listItem\",\"name\":\"Home\"}},{\"@type\":\"ListItem\",\"@id\":\"https:\\\/\\\/www.eldigitaldeasturias.com\\\/noticias\\\/josep-felix-ballesteros-incorpora-al-gobierno-de-tarragona-a-pp-y-unio\\\/#listItem\",\"position\":3,\"name\":\"Josep F\\u00e8lix Ballesteros incorpora al Gobierno de Tarragona a PP y Uni\\u00f3\",\"previousItem\":{\"@type\":\"ListItem\",\"@id\":\"https:\\\/\\\/www.eldigitaldeasturias.com\\\/noticias\\\/category\\\/actualidad\\\/#listItem\",\"name\":\"Actualidad\"}}]},{\"@type\":\"Organization\",\"@id\":\"https:\\\/\\\/www.eldigitaldeasturias.com\\\/noticias\\\/#organization\",\"name\":\"El Digital de Asturias\",\"description\":\"Hemeroteca\",\"url\":\"https:\\\/\\\/www.eldigitaldeasturias.com\\\/noticias\\\/\",\"email\":\"info@eldigitaldeasturias.com\",\"telephone\":\"+34652131393\",\"logo\":{\"@type\":\"ImageObject\",\"url\":\"https:\\\/\\\/www.eldigitaldeasturias.com\\\/noticias\\\/wp-content\\\/uploads\\\/2020\\\/12\\\/EDA.jpg\",\"@id\":\"https:\\\/\\\/www.eldigitaldeasturias.com\\\/noticias\\\/josep-felix-ballesteros-incorpora-al-gobierno-de-tarragona-a-pp-y-unio\\\/#organizationLogo\",\"width\":649,\"height\":297},\"image\":{\"@id\":\"https:\\\/\\\/www.eldigitaldeasturias.com\\\/noticias\\\/josep-felix-ballesteros-incorpora-al-gobierno-de-tarragona-a-pp-y-unio\\\/#organizationLogo\"},\"sameAs\":[\"https:\\\/\\\/facebook.com\\\/eldigitaldeasturias\",\"https:\\\/\\\/www.youtube.com\\\/channel\\\/UCZP-2wLEB9Rv6erhFmqVnvg\"],\"address\":{\"@id\":\"https:\\\/\\\/www.eldigitaldeasturias.com\\\/noticias\\\/#postaladdress\",\"@type\":\"PostalAddress\",\"streetAddress\":\"san antonio 4,\",\"postalCode\":\"33430\",\"addressLocality\":\"Cand\\u00e1s\",\"addressRegion\":\"Asturias\",\"addressCountry\":\"ES\"}},{\"@type\":\"Person\",\"@id\":\"https:\\\/\\\/www.eldigitaldeasturias.com\\\/noticias\\\/author\\\/admin\\\/#author\",\"url\":\"https:\\\/\\\/www.eldigitaldeasturias.com\\\/noticias\\\/author\\\/admin\\\/\",\"name\":\"El Digital de Asturias\",\"image\":{\"@type\":\"ImageObject\",\"@id\":\"https:\\\/\\\/www.eldigitaldeasturias.com\\\/noticias\\\/josep-felix-ballesteros-incorpora-al-gobierno-de-tarragona-a-pp-y-unio\\\/#authorImage\",\"url\":\"https:\\\/\\\/www.eldigitaldeasturias.com\\\/noticias\\\/wp-content\\\/litespeed\\\/avatar\\\/18677e78aa0546b92d9dbf31ec7d7668.jpg?ver=1776685526\",\"width\":96,\"height\":96,\"caption\":\"El Digital de Asturias\"}},{\"@type\":\"WebPage\",\"@id\":\"https:\\\/\\\/www.eldigitaldeasturias.com\\\/noticias\\\/josep-felix-ballesteros-incorpora-al-gobierno-de-tarragona-a-pp-y-unio\\\/#webpage\",\"url\":\"https:\\\/\\\/www.eldigitaldeasturias.com\\\/noticias\\\/josep-felix-ballesteros-incorpora-al-gobierno-de-tarragona-a-pp-y-unio\\\/\",\"name\":\"Josep F\\u00e8lix Ballesteros incorpora al Gobierno de Tarragona a PP y Uni\\u00f3 - El Digital de Asturias\",\"description\":\"Los grupos municipales del PP y de Uni\\u00f3 han entrado este martes en el Gobierno del Ayuntamiento de Tarragona que hasta ahora lideraba el PSC en solitario y conformar\\u00e1n un Ejecutivo encabezado por el ya alcalde, Josep F\\u00e8lix Ballesteros. Seg\\u00fan fuentes del Consistorio, el acuerdo se aprob\\u00f3 el lunes por la noche en las ejecutivas\",\"inLanguage\":\"es-ES\",\"isPartOf\":{\"@id\":\"https:\\\/\\\/www.eldigitaldeasturias.com\\\/noticias\\\/#website\"},\"breadcrumb\":{\"@id\":\"https:\\\/\\\/www.eldigitaldeasturias.com\\\/noticias\\\/josep-felix-ballesteros-incorpora-al-gobierno-de-tarragona-a-pp-y-unio\\\/#breadcrumblist\"},\"author\":{\"@id\":\"https:\\\/\\\/www.eldigitaldeasturias.com\\\/noticias\\\/author\\\/admin\\\/#author\"},\"creator\":{\"@id\":\"https:\\\/\\\/www.eldigitaldeasturias.com\\\/noticias\\\/author\\\/admin\\\/#author\"},\"image\":{\"@type\":\"ImageObject\",\"url\":\"https:\\\/\\\/www.eldigitaldeasturias.com\\\/noticias\\\/wp-content\\\/uploads\\\/2016\\\/02\\\/fotonoticia_20160202120652_800.jpg\",\"@id\":\"https:\\\/\\\/www.eldigitaldeasturias.com\\\/noticias\\\/josep-felix-ballesteros-incorpora-al-gobierno-de-tarragona-a-pp-y-unio\\\/#mainImage\",\"width\":800,\"height\":445},\"primaryImageOfPage\":{\"@id\":\"https:\\\/\\\/www.eldigitaldeasturias.com\\\/noticias\\\/josep-felix-ballesteros-incorpora-al-gobierno-de-tarragona-a-pp-y-unio\\\/#mainImage\"},\"datePublished\":\"2016-02-02T20:52:41+01:00\",\"dateModified\":\"2016-02-02T20:52:41+01:00\"},{\"@type\":\"WebSite\",\"@id\":\"https:\\\/\\\/www.eldigitaldeasturias.com\\\/noticias\\\/#website\",\"url\":\"https:\\\/\\\/www.eldigitaldeasturias.com\\\/noticias\\\/\",\"name\":\"El Digital de Asturias - Diario de actualidad y noticias\",\"alternateName\":\"El Digital de Asturias - Diario de actualidad y noticias\",\"description\":\"Hemeroteca\",\"inLanguage\":\"es-ES\",\"publisher\":{\"@id\":\"https:\\\/\\\/www.eldigitaldeasturias.com\\\/noticias\\\/#organization\"}}]}\n\t\t<\/script>\n\t\t<!-- All in One SEO Pro -->\r\n\t\t<title>Josep F\u00e8lix Ballesteros incorpora al Gobierno de Tarragona a PP y Uni\u00f3 - El Digital de Asturias<\/title>\n\n","aioseo_head_json":{"title":"Josep F\u00e8lix Ballesteros incorpora al Gobierno de Tarragona a PP y Uni\u00f3 - El Digital de Asturias","description":"Los grupos municipales del PP y de Uni\u00f3 han entrado este martes en el Gobierno del Ayuntamiento de Tarragona que hasta ahora lideraba el PSC en solitario y conformar\u00e1n un Ejecutivo encabezado por el ya alcalde, Josep F\u00e8lix Ballesteros. Seg\u00fan fuentes del Consistorio, el acuerdo se aprob\u00f3 el lunes por la noche en las ejecutivas","canonical_url":"https:\/\/www.eldigitaldeasturias.com\/noticias\/josep-felix-ballesteros-incorpora-al-gobierno-de-tarragona-a-pp-y-unio\/","robots":"max-image-preview:large","keywords":"actualidad","webmasterTools":{"google-site-verification":"UA-38556648-1","msvalidate.01":"7dfe9f3f1b24437ab69f4f2559babe99","miscellaneous":""},"schema":{"@context":"https:\/\/schema.org","@graph":[{"@type":"BlogPosting","@id":"https:\/\/www.eldigitaldeasturias.com\/noticias\/josep-felix-ballesteros-incorpora-al-gobierno-de-tarragona-a-pp-y-unio\/#blogposting","name":"Josep F\u00e8lix Ballesteros incorpora al Gobierno de Tarragona a PP y Uni\u00f3 - El Digital de Asturias","headline":"Josep F\u00e8lix Ballesteros incorpora al Gobierno de Tarragona a PP y Uni\u00f3","author":{"@id":"https:\/\/www.eldigitaldeasturias.com\/noticias\/author\/admin\/#author"},"publisher":{"@id":"https:\/\/www.eldigitaldeasturias.com\/noticias\/#organization"},"image":{"@type":"ImageObject","url":"https:\/\/www.eldigitaldeasturias.com\/noticias\/wp-content\/uploads\/2016\/02\/fotonoticia_20160202120652_800.jpg","width":800,"height":445},"datePublished":"2016-02-02T20:52:41+01:00","dateModified":"2016-02-02T20:52:41+01:00","inLanguage":"es-ES","mainEntityOfPage":{"@id":"https:\/\/www.eldigitaldeasturias.com\/noticias\/josep-felix-ballesteros-incorpora-al-gobierno-de-tarragona-a-pp-y-unio\/#webpage"},"isPartOf":{"@id":"https:\/\/www.eldigitaldeasturias.com\/noticias\/josep-felix-ballesteros-incorpora-al-gobierno-de-tarragona-a-pp-y-unio\/#webpage"},"articleSection":"Actualidad"},{"@type":"BreadcrumbList","@id":"https:\/\/www.eldigitaldeasturias.com\/noticias\/josep-felix-ballesteros-incorpora-al-gobierno-de-tarragona-a-pp-y-unio\/#breadcrumblist","itemListElement":[{"@type":"ListItem","@id":"https:\/\/www.eldigitaldeasturias.com\/noticias#listItem","position":1,"name":"Home","item":"https:\/\/www.eldigitaldeasturias.com\/noticias","nextItem":{"@type":"ListItem","@id":"https:\/\/www.eldigitaldeasturias.com\/noticias\/category\/actualidad\/#listItem","name":"Actualidad"}},{"@type":"ListItem","@id":"https:\/\/www.eldigitaldeasturias.com\/noticias\/category\/actualidad\/#listItem","position":2,"name":"Actualidad","item":"https:\/\/www.eldigitaldeasturias.com\/noticias\/category\/actualidad\/","nextItem":{"@type":"ListItem","@id":"https:\/\/www.eldigitaldeasturias.com\/noticias\/josep-felix-ballesteros-incorpora-al-gobierno-de-tarragona-a-pp-y-unio\/#listItem","name":"Josep F\u00e8lix Ballesteros incorpora al Gobierno de Tarragona a PP y Uni\u00f3"},"previousItem":{"@type":"ListItem","@id":"https:\/\/www.eldigitaldeasturias.com\/noticias#listItem","name":"Home"}},{"@type":"ListItem","@id":"https:\/\/www.eldigitaldeasturias.com\/noticias\/josep-felix-ballesteros-incorpora-al-gobierno-de-tarragona-a-pp-y-unio\/#listItem","position":3,"name":"Josep F\u00e8lix Ballesteros incorpora al Gobierno de Tarragona a PP y Uni\u00f3","previousItem":{"@type":"ListItem","@id":"https:\/\/www.eldigitaldeasturias.com\/noticias\/category\/actualidad\/#listItem","name":"Actualidad"}}]},{"@type":"Organization","@id":"https:\/\/www.eldigitaldeasturias.com\/noticias\/#organization","name":"El Digital de Asturias","description":"Hemeroteca","url":"https:\/\/www.eldigitaldeasturias.com\/noticias\/","email":"info@eldigitaldeasturias.com","telephone":"+34652131393","logo":{"@type":"ImageObject","url":"https:\/\/www.eldigitaldeasturias.com\/noticias\/wp-content\/uploads\/2020\/12\/EDA.jpg","@id":"https:\/\/www.eldigitaldeasturias.com\/noticias\/josep-felix-ballesteros-incorpora-al-gobierno-de-tarragona-a-pp-y-unio\/#organizationLogo","width":649,"height":297},"image":{"@id":"https:\/\/www.eldigitaldeasturias.com\/noticias\/josep-felix-ballesteros-incorpora-al-gobierno-de-tarragona-a-pp-y-unio\/#organizationLogo"},"sameAs":["https:\/\/facebook.com\/eldigitaldeasturias","https:\/\/www.youtube.com\/channel\/UCZP-2wLEB9Rv6erhFmqVnvg"],"address":{"@id":"https:\/\/www.eldigitaldeasturias.com\/noticias\/#postaladdress","@type":"PostalAddress","streetAddress":"san antonio 4,","postalCode":"33430","addressLocality":"Cand\u00e1s","addressRegion":"Asturias","addressCountry":"ES"}},{"@type":"Person","@id":"https:\/\/www.eldigitaldeasturias.com\/noticias\/author\/admin\/#author","url":"https:\/\/www.eldigitaldeasturias.com\/noticias\/author\/admin\/","name":"El Digital de Asturias","image":{"@type":"ImageObject","@id":"https:\/\/www.eldigitaldeasturias.com\/noticias\/josep-felix-ballesteros-incorpora-al-gobierno-de-tarragona-a-pp-y-unio\/#authorImage","url":"https:\/\/www.eldigitaldeasturias.com\/noticias\/wp-content\/litespeed\/avatar\/18677e78aa0546b92d9dbf31ec7d7668.jpg?ver=1776685526","width":96,"height":96,"caption":"El Digital de Asturias"}},{"@type":"WebPage","@id":"https:\/\/www.eldigitaldeasturias.com\/noticias\/josep-felix-ballesteros-incorpora-al-gobierno-de-tarragona-a-pp-y-unio\/#webpage","url":"https:\/\/www.eldigitaldeasturias.com\/noticias\/josep-felix-ballesteros-incorpora-al-gobierno-de-tarragona-a-pp-y-unio\/","name":"Josep F\u00e8lix Ballesteros incorpora al Gobierno de Tarragona a PP y Uni\u00f3 - El Digital de Asturias","description":"Los grupos municipales del PP y de Uni\u00f3 han entrado este martes en el Gobierno del Ayuntamiento de Tarragona que hasta ahora lideraba el PSC en solitario y conformar\u00e1n un Ejecutivo encabezado por el ya alcalde, Josep F\u00e8lix Ballesteros. Seg\u00fan fuentes del Consistorio, el acuerdo se aprob\u00f3 el lunes por la noche en las ejecutivas","inLanguage":"es-ES","isPartOf":{"@id":"https:\/\/www.eldigitaldeasturias.com\/noticias\/#website"},"breadcrumb":{"@id":"https:\/\/www.eldigitaldeasturias.com\/noticias\/josep-felix-ballesteros-incorpora-al-gobierno-de-tarragona-a-pp-y-unio\/#breadcrumblist"},"author":{"@id":"https:\/\/www.eldigitaldeasturias.com\/noticias\/author\/admin\/#author"},"creator":{"@id":"https:\/\/www.eldigitaldeasturias.com\/noticias\/author\/admin\/#author"},"image":{"@type":"ImageObject","url":"https:\/\/www.eldigitaldeasturias.com\/noticias\/wp-content\/uploads\/2016\/02\/fotonoticia_20160202120652_800.jpg","@id":"https:\/\/www.eldigitaldeasturias.com\/noticias\/josep-felix-ballesteros-incorpora-al-gobierno-de-tarragona-a-pp-y-unio\/#mainImage","width":800,"height":445},"primaryImageOfPage":{"@id":"https:\/\/www.eldigitaldeasturias.com\/noticias\/josep-felix-ballesteros-incorpora-al-gobierno-de-tarragona-a-pp-y-unio\/#mainImage"},"datePublished":"2016-02-02T20:52:41+01:00","dateModified":"2016-02-02T20:52:41+01:00"},{"@type":"WebSite","@id":"https:\/\/www.eldigitaldeasturias.com\/noticias\/#website","url":"https:\/\/www.eldigitaldeasturias.com\/noticias\/","name":"El Digital de Asturias - Diario de actualidad y noticias","alternateName":"El Digital de Asturias - Diario de actualidad y noticias","description":"Hemeroteca","inLanguage":"es-ES","publisher":{"@id":"https:\/\/www.eldigitaldeasturias.com\/noticias\/#organization"}}]},"og:locale":"es_ES","og:site_name":"El Digital de Asturias","og:type":"article","og:title":"Josep F\u00e8lix Ballesteros incorpora al Gobierno de Tarragona a PP y Uni\u00f3 - El Digital de Asturias","og:description":"Los grupos municipales del PP y de Uni\u00f3 han entrado este martes en el Gobierno del Ayuntamiento de Tarragona que hasta ahora lideraba el PSC en solitario y conformar\u00e1n un Ejecutivo encabezado por el ya alcalde, Josep F\u00e8lix Ballesteros. Seg\u00fan fuentes del Consistorio, el acuerdo se aprob\u00f3 el lunes por la noche en las ejecutivas","og:url":"https:\/\/www.eldigitaldeasturias.com\/noticias\/josep-felix-ballesteros-incorpora-al-gobierno-de-tarragona-a-pp-y-unio\/","og:image":"https:\/\/www.eldigitaldeasturias.com\/noticias\/wp-content\/uploads\/2016\/02\/fotonoticia_20160202120652_800.jpg","og:image:secure_url":"https:\/\/www.eldigitaldeasturias.com\/noticias\/wp-content\/uploads\/2016\/02\/fotonoticia_20160202120652_800.jpg","og:image:width":800,"og:image:height":445,"article:tag":["actualidad"],"article:published_time":"2016-02-02T20:52:41+00:00","article:modified_time":"2016-02-02T20:52:41+00:00","article:publisher":"https:\/\/facebook.com\/eldigitaldeasturias","twitter:card":"summary_large_image","twitter:title":"Josep F\u00e8lix Ballesteros incorpora al Gobierno de Tarragona a PP y Uni\u00f3 - El Digital de Asturias","twitter:description":"Los grupos municipales del PP y de Uni\u00f3 han entrado este martes en el Gobierno del Ayuntamiento de Tarragona que hasta ahora lideraba el PSC en solitario y conformar\u00e1n un Ejecutivo encabezado por el ya alcalde, Josep F\u00e8lix Ballesteros. Seg\u00fan fuentes del Consistorio, el acuerdo se aprob\u00f3 el lunes por la noche en las ejecutivas","twitter:image":"https:\/\/www.eldigitaldeasturias.com\/noticias\/wp-content\/uploads\/2016\/02\/fotonoticia_20160202120652_800.jpg","twitter:label1":"Escrito por","twitter:data1":"El Digital de Asturias","twitter:label2":"Tiempo de lectura estimado","twitter:data2":"1 minuto"},"aioseo_meta_data":{"post_id":"853171","title":null,"description":null,"keywords":null,"keyphrases":null,"primary_term":null,"canonical_url":null,"og_title":null,"og_description":null,"og_object_type":"default","og_image_type":"default","og_image_url":null,"og_image_width":null,"og_image_height":null,"og_image_custom_url":null,"og_image_custom_fields":null,"og_video":null,"og_custom_url":null,"og_article_section":null,"og_article_tags":null,"twitter_use_og":false,"twitter_card":"default","twitter_image_type":"default","twitter_image_url":null,"twitter_image_custom_url":null,"twitter_image_custom_fields":null,"twitter_title":null,"twitter_description":null,"schema":{"blockGraphs":[],"customGraphs":[],"default":{"data":{"Article":[],"Course":[],"Dataset":[],"FAQPage":[],"Movie":[],"Person":[],"Product":[],"ProductReview":[],"Car":[],"Recipe":[],"Service":[],"SoftwareApplication":[],"WebPage":[]},"graphName":"","isEnabled":true},"graphs":[],"defaultGraph":"","defaultPostTypeGraph":""},"schema_type":null,"schema_type_options":null,"pillar_content":false,"robots_default":true,"robots_noindex":false,"robots_noarchive":false,"robots_nosnippet":false,"robots_nofollow":false,"robots_noimageindex":false,"robots_noodp":false,"robots_notranslate":false,"robots_max_snippet":null,"robots_max_videopreview":null,"robots_max_imagepreview":"large","priority":null,"frequency":null,"local_seo":null,"seo_analyzer_scan_date":"2025-12-09 17:13:23","breadcrumb_settings":null,"limit_modified_date":false,"open_ai":null,"ai":null,"created":"2021-01-23 13:55:12","updated":"2025-12-09 17:13:23"},"aioseo_breadcrumb":"<div class=\"aioseo-breadcrumbs\"><span class=\"aioseo-breadcrumb\">\n\t<a href=\"https:\/\/www.eldigitaldeasturias.com\/noticias\" title=\"Home\">Home<\/a>\n<\/span><span class=\"aioseo-breadcrumb-separator\">\u2013<\/span><span class=\"aioseo-breadcrumb\">\n\t<a href=\"https:\/\/www.eldigitaldeasturias.com\/noticias\/category\/actualidad\/\" title=\"Actualidad\">Actualidad<\/a>\n<\/span><span class=\"aioseo-breadcrumb-separator\">\u2013<\/span><span class=\"aioseo-breadcrumb\">\n\t<a href=\"https:\/\/www.eldigitaldeasturias.com\/noticias\/josep-felix-ballesteros-incorpora-al-gobierno-de-tarragona-a-pp-y-unio\/\" title=\"Josep F\u00e8lix Ballesteros incorpora al Gobierno de Tarragona a PP y Uni\u00f3\">Josep F\u00e8lix Ballesteros incorpora al Gobierno de Tarragona a PP y Uni\u00f3<\/a>\n<\/span><\/div>","aioseo_breadcrumb_json":[{"label":"Home","link":"https:\/\/www.eldigitaldeasturias.com\/noticias"},{"label":"Actualidad","link":"https:\/\/www.eldigitaldeasturias.com\/noticias\/category\/actualidad\/"},{"label":"Josep F\u00e8lix Ballesteros incorpora al Gobierno de Tarragona a PP y Uni\u00f3","link":"https:\/\/www.eldigitaldeasturias.com\/noticias\/josep-felix-ballesteros-incorpora-al-gobierno-de-tarragona-a-pp-y-unio\/"}],"_links":{"self":[{"href":"https:\/\/www.eldigitaldeasturias.com\/noticias\/wp-json\/wp\/v2\/posts\/853171","targetHints":{"allow":["GET"]}}],"collection":[{"href":"https:\/\/www.eldigitaldeasturias.com\/noticias\/wp-json\/wp\/v2\/posts"}],"about":[{"href":"https:\/\/www.eldigitaldeasturias.com\/noticias\/wp-json\/wp\/v2\/types\/post"}],"author":[{"embeddable":true,"href":"https:\/\/www.eldigitaldeasturias.com\/noticias\/wp-json\/wp\/v2\/users\/1"}],"replies":[{"embeddable":true,"href":"https:\/\/www.eldigitaldeasturias.com\/noticias\/wp-json\/wp\/v2\/comments?post=853171"}],"version-history":[{"count":0,"href":"https:\/\/www.eldigitaldeasturias.com\/noticias\/wp-json\/wp\/v2\/posts\/853171\/revisions"}],"wp:featuredmedia":[{"embeddable":true,"href":"https:\/\/www.eldigitaldeasturias.com\/noticias\/wp-json\/wp\/v2\/media\/853172"}],"wp:attachment":[{"href":"https:\/\/www.eldigitaldeasturias.com\/noticias\/wp-json\/wp\/v2\/media?parent=853171"}],"wp:term":[{"taxonomy":"category","embeddable":true,"href":"https:\/\/www.eldigitaldeasturias.com\/noticias\/wp-json\/wp\/v2\/categories?post=853171"},{"taxonomy":"post_tag","embeddable":true,"href":"https:\/\/www.eldigitaldeasturias.com\/noticias\/wp-json\/wp\/v2\/tags?post=853171"}],"curies":[{"name":"wp","href":"https:\/\/api.w.org\/{rel}","templated":true}]}}