{"id":853095,"date":"2016-02-02T19:52:22","date_gmt":"2016-02-02T19:52:22","guid":{"rendered":"http:\/\/www.eldigitaldeasturias.com\/noticias\/?p=853095"},"modified":"2016-02-02T19:52:22","modified_gmt":"2016-02-02T19:52:22","slug":"ali-baba-y-los-40-ladrones-para-escolares-en-oviedo","status":"publish","type":"post","link":"https:\/\/www.eldigitaldeasturias.com\/noticias\/ali-baba-y-los-40-ladrones-para-escolares-en-oviedo\/","title":{"rendered":"Al\u00ed Bab\u00e1 y los 40 ladrones, para escolares, en Oviedo"},"content":{"rendered":"<p><img loading=\"lazy\" decoding=\"async\" class=\"alignleft size-medium wp-image-853096\" src=\"https:\/\/www.eldigitaldeasturias.com\/noticias\/wp-content\/uploads\/2016\/02\/fotonoticia_20160202180626_800-360x270.jpg\" alt=\"fotonoticia_20160202180626_800\" width=\"360\" height=\"270\" srcset=\"https:\/\/www.eldigitaldeasturias.com\/noticias\/wp-content\/uploads\/2016\/02\/fotonoticia_20160202180626_800-360x270.jpg 360w, https:\/\/www.eldigitaldeasturias.com\/noticias\/wp-content\/uploads\/2016\/02\/fotonoticia_20160202180626_800-768x576.jpg 768w, https:\/\/www.eldigitaldeasturias.com\/noticias\/wp-content\/uploads\/2016\/02\/fotonoticia_20160202180626_800-650x488.jpg 650w, https:\/\/www.eldigitaldeasturias.com\/noticias\/wp-content\/uploads\/2016\/02\/fotonoticia_20160202180626_800-125x95.jpg 125w, https:\/\/www.eldigitaldeasturias.com\/noticias\/wp-content\/uploads\/2016\/02\/fotonoticia_20160202180626_800-100x75.jpg 100w, https:\/\/www.eldigitaldeasturias.com\/noticias\/wp-content\/uploads\/2016\/02\/fotonoticia_20160202180626_800.jpg 800w\" sizes=\"auto, (max-width: 360px) 100vw, 360px\" \/>La Concejal\u00eda de Educaci\u00f3n del Ayuntamiento de Oviedo ha programado para los d\u00edas 3, 4 y 5 de febrero la campa\u00f1a de teatro y escuela con la representaci\u00f3n de la obra Al\u00ed Bab\u00e1 y los 40 ladrones de la compa\u00f1\u00eda Borobil en el Teatro Filarm\u00f3nica, en sesiones de 10.00 y 11.30 horas.<\/p>\n<p>Asistir\u00e1n 2.865 escolares de 3\u00ba y 4\u00ba curso de primaria de 37 centros educativos: Amor de Dios, Auseva, Buenavista II, Dulce Nombre de Jes\u00fas, Germ\u00e1n Fern\u00e1ndez Ramos, Pablo Iglesias, Pablo Miaja, Santa Mar\u00eda del Naranco, Carmen Ruiz Tilve. Colloto, La Inmaculada, Juan Rodr\u00edguez Mu\u00f1iz, La Eria, Maestro Jaime Borras, San L\u00e1zaro, San Pedro de los Arcos, Villafria, Gesta II, Loyola, La Milagrosa, Nazaret, Santa Teresa, Santo \u00c1ngel, Dolores Medio, Villar de Trubia, Lorenzo Novo Mier, Parque Infantil, Poeta \u00c1ngel Gonz\u00e1lez, San Claudio, Veneranda Manzano, Amor Misericordioso, Buenavista I, La Corredoria, Santo Domingo, Baudilio Arce, Fozaneldi y Ventanielles.<\/p>\n<p>Dentro del programa de actividades educativas complementarias tiene un gran peso las actividades culturales, especialmente las relacionadas con el teatro, t\u00edteres, danza y m\u00fasica. De esta forma lo que se pretende es despertar el inter\u00e9s de desde temprana edad por los espect\u00e1culos y fomentar el h\u00e1bito de acudir al teatro, as\u00ed como potenciar actitudes de respeto a la hora de relacionarse con el alumnado de diferentes centros educativos que acuden a las representaciones teatrales.<\/p>\n","protected":false},"excerpt":{"rendered":"<p>La Concejal\u00eda de Educaci\u00f3n del Ayuntamiento de Oviedo ha programado para los d\u00edas 3, 4 y 5 de febrero la campa\u00f1a de teatro y escuela con la representaci\u00f3n de la obra Al\u00ed Bab\u00e1 y los 40 ladrones de la compa\u00f1\u00eda Borobil en el Teatro Filarm\u00f3nica, en sesiones de 10.00 y 11.30 horas. Asistir\u00e1n 2.865 escolares [&hellip;]<\/p>\n","protected":false},"author":1,"featured_media":853096,"comment_status":"closed","ping_status":"closed","sticky":false,"template":"","format":"standard","meta":{"footnotes":""},"categories":[2],"tags":[],"class_list":["post-853095","post","type-post","status-publish","format-standard","has-post-thumbnail","hentry","category-agenda"],"aioseo_notices":[],"aioseo_head":"\n\t\t<!-- All in One SEO Pro 4.9.6.2 - aioseo.com -->\n\t<meta name=\"description\" content=\"La Concejal\u00eda de Educaci\u00f3n del Ayuntamiento de Oviedo ha programado para los d\u00edas 3, 4 y 5 de febrero la campa\u00f1a de teatro y escuela con la representaci\u00f3n de la obra Al\u00ed Bab\u00e1 y los 40 ladrones de la compa\u00f1\u00eda Borobil en el Teatro Filarm\u00f3nica, en sesiones de 10.00 y 11.30 horas. Asistir\u00e1n 2.865 escolares\" \/>\n\t<meta name=\"robots\" content=\"max-image-preview:large\" \/>\n\t<meta name=\"author\" content=\"El Digital de Asturias\"\/>\n\t<meta name=\"google-site-verification\" content=\"UA-38556648-1\" \/>\n\t<meta name=\"msvalidate.01\" content=\"7dfe9f3f1b24437ab69f4f2559babe99\" \/>\n\t<meta name=\"keywords\" content=\"agenda\" \/>\n\t<link rel=\"canonical\" href=\"https:\/\/www.eldigitaldeasturias.com\/noticias\/ali-baba-y-los-40-ladrones-para-escolares-en-oviedo\/\" \/>\n\t<meta name=\"generator\" content=\"All in One SEO Pro (AIOSEO) 4.9.6.2\" \/>\n\t\t<meta property=\"og:locale\" content=\"es_ES\" \/>\n\t\t<meta property=\"og:site_name\" content=\"El Digital de Asturias\" \/>\n\t\t<meta property=\"og:type\" content=\"article\" \/>\n\t\t<meta property=\"og:title\" content=\"Al\u00ed Bab\u00e1 y los 40 ladrones, para escolares, en Oviedo - El Digital de Asturias\" \/>\n\t\t<meta property=\"og:description\" content=\"La Concejal\u00eda de Educaci\u00f3n del Ayuntamiento de Oviedo ha programado para los d\u00edas 3, 4 y 5 de febrero la campa\u00f1a de teatro y escuela con la representaci\u00f3n de la obra Al\u00ed Bab\u00e1 y los 40 ladrones de la compa\u00f1\u00eda Borobil en el Teatro Filarm\u00f3nica, en sesiones de 10.00 y 11.30 horas. Asistir\u00e1n 2.865 escolares\" \/>\n\t\t<meta property=\"og:url\" content=\"https:\/\/www.eldigitaldeasturias.com\/noticias\/ali-baba-y-los-40-ladrones-para-escolares-en-oviedo\/\" \/>\n\t\t<meta property=\"og:image\" content=\"https:\/\/www.eldigitaldeasturias.com\/noticias\/wp-content\/uploads\/2016\/02\/fotonoticia_20160202180626_800.jpg\" \/>\n\t\t<meta property=\"og:image:secure_url\" content=\"https:\/\/www.eldigitaldeasturias.com\/noticias\/wp-content\/uploads\/2016\/02\/fotonoticia_20160202180626_800.jpg\" \/>\n\t\t<meta property=\"og:image:width\" content=\"800\" \/>\n\t\t<meta property=\"og:image:height\" content=\"600\" \/>\n\t\t<meta property=\"article:tag\" content=\"agenda\" \/>\n\t\t<meta property=\"article:published_time\" content=\"2016-02-02T19:52:22+00:00\" \/>\n\t\t<meta property=\"article:modified_time\" content=\"2016-02-02T19:52:22+00:00\" \/>\n\t\t<meta property=\"article:publisher\" content=\"https:\/\/facebook.com\/eldigitaldeasturias\" \/>\n\t\t<meta name=\"twitter:card\" content=\"summary_large_image\" \/>\n\t\t<meta name=\"twitter:title\" content=\"Al\u00ed Bab\u00e1 y los 40 ladrones, para escolares, en Oviedo - El Digital de Asturias\" \/>\n\t\t<meta name=\"twitter:description\" content=\"La Concejal\u00eda de Educaci\u00f3n del Ayuntamiento de Oviedo ha programado para los d\u00edas 3, 4 y 5 de febrero la campa\u00f1a de teatro y escuela con la representaci\u00f3n de la obra Al\u00ed Bab\u00e1 y los 40 ladrones de la compa\u00f1\u00eda Borobil en el Teatro Filarm\u00f3nica, en sesiones de 10.00 y 11.30 horas. Asistir\u00e1n 2.865 escolares\" \/>\n\t\t<meta name=\"twitter:image\" content=\"https:\/\/www.eldigitaldeasturias.com\/noticias\/wp-content\/uploads\/2016\/02\/fotonoticia_20160202180626_800.jpg\" \/>\n\t\t<meta name=\"twitter:label1\" content=\"Escrito por\" \/>\n\t\t<meta name=\"twitter:data1\" content=\"El Digital de Asturias\" \/>\n\t\t<meta name=\"twitter:label2\" content=\"Tiempo de lectura estimado\" \/>\n\t\t<meta name=\"twitter:data2\" content=\"1 minuto\" \/>\n\t\t<script type=\"application\/ld+json\" class=\"aioseo-schema\">\n\t\t\t{\"@context\":\"https:\\\/\\\/schema.org\",\"@graph\":[{\"@type\":\"BlogPosting\",\"@id\":\"https:\\\/\\\/www.eldigitaldeasturias.com\\\/noticias\\\/ali-baba-y-los-40-ladrones-para-escolares-en-oviedo\\\/#blogposting\",\"name\":\"Al\\u00ed Bab\\u00e1 y los 40 ladrones, para escolares, en Oviedo - El Digital de Asturias\",\"headline\":\"Al\\u00ed Bab\\u00e1 y los 40 ladrones, para escolares, en Oviedo\",\"author\":{\"@id\":\"https:\\\/\\\/www.eldigitaldeasturias.com\\\/noticias\\\/author\\\/admin\\\/#author\"},\"publisher\":{\"@id\":\"https:\\\/\\\/www.eldigitaldeasturias.com\\\/noticias\\\/#organization\"},\"image\":{\"@type\":\"ImageObject\",\"url\":\"https:\\\/\\\/www.eldigitaldeasturias.com\\\/noticias\\\/wp-content\\\/uploads\\\/2016\\\/02\\\/fotonoticia_20160202180626_800.jpg\",\"width\":800,\"height\":600},\"datePublished\":\"2016-02-02T19:52:22+01:00\",\"dateModified\":\"2016-02-02T19:52:22+01:00\",\"inLanguage\":\"es-ES\",\"mainEntityOfPage\":{\"@id\":\"https:\\\/\\\/www.eldigitaldeasturias.com\\\/noticias\\\/ali-baba-y-los-40-ladrones-para-escolares-en-oviedo\\\/#webpage\"},\"isPartOf\":{\"@id\":\"https:\\\/\\\/www.eldigitaldeasturias.com\\\/noticias\\\/ali-baba-y-los-40-ladrones-para-escolares-en-oviedo\\\/#webpage\"},\"articleSection\":\"Agenda\"},{\"@type\":\"BreadcrumbList\",\"@id\":\"https:\\\/\\\/www.eldigitaldeasturias.com\\\/noticias\\\/ali-baba-y-los-40-ladrones-para-escolares-en-oviedo\\\/#breadcrumblist\",\"itemListElement\":[{\"@type\":\"ListItem\",\"@id\":\"https:\\\/\\\/www.eldigitaldeasturias.com\\\/noticias#listItem\",\"position\":1,\"name\":\"Home\",\"item\":\"https:\\\/\\\/www.eldigitaldeasturias.com\\\/noticias\",\"nextItem\":{\"@type\":\"ListItem\",\"@id\":\"https:\\\/\\\/www.eldigitaldeasturias.com\\\/noticias\\\/category\\\/agenda\\\/#listItem\",\"name\":\"Agenda\"}},{\"@type\":\"ListItem\",\"@id\":\"https:\\\/\\\/www.eldigitaldeasturias.com\\\/noticias\\\/category\\\/agenda\\\/#listItem\",\"position\":2,\"name\":\"Agenda\",\"item\":\"https:\\\/\\\/www.eldigitaldeasturias.com\\\/noticias\\\/category\\\/agenda\\\/\",\"nextItem\":{\"@type\":\"ListItem\",\"@id\":\"https:\\\/\\\/www.eldigitaldeasturias.com\\\/noticias\\\/ali-baba-y-los-40-ladrones-para-escolares-en-oviedo\\\/#listItem\",\"name\":\"Al\\u00ed Bab\\u00e1 y los 40 ladrones, para escolares, en Oviedo\"},\"previousItem\":{\"@type\":\"ListItem\",\"@id\":\"https:\\\/\\\/www.eldigitaldeasturias.com\\\/noticias#listItem\",\"name\":\"Home\"}},{\"@type\":\"ListItem\",\"@id\":\"https:\\\/\\\/www.eldigitaldeasturias.com\\\/noticias\\\/ali-baba-y-los-40-ladrones-para-escolares-en-oviedo\\\/#listItem\",\"position\":3,\"name\":\"Al\\u00ed Bab\\u00e1 y los 40 ladrones, para escolares, en Oviedo\",\"previousItem\":{\"@type\":\"ListItem\",\"@id\":\"https:\\\/\\\/www.eldigitaldeasturias.com\\\/noticias\\\/category\\\/agenda\\\/#listItem\",\"name\":\"Agenda\"}}]},{\"@type\":\"Organization\",\"@id\":\"https:\\\/\\\/www.eldigitaldeasturias.com\\\/noticias\\\/#organization\",\"name\":\"El Digital de Asturias\",\"description\":\"Hemeroteca\",\"url\":\"https:\\\/\\\/www.eldigitaldeasturias.com\\\/noticias\\\/\",\"email\":\"info@eldigitaldeasturias.com\",\"telephone\":\"+34652131393\",\"logo\":{\"@type\":\"ImageObject\",\"url\":\"https:\\\/\\\/www.eldigitaldeasturias.com\\\/noticias\\\/wp-content\\\/uploads\\\/2020\\\/12\\\/EDA.jpg\",\"@id\":\"https:\\\/\\\/www.eldigitaldeasturias.com\\\/noticias\\\/ali-baba-y-los-40-ladrones-para-escolares-en-oviedo\\\/#organizationLogo\",\"width\":649,\"height\":297},\"image\":{\"@id\":\"https:\\\/\\\/www.eldigitaldeasturias.com\\\/noticias\\\/ali-baba-y-los-40-ladrones-para-escolares-en-oviedo\\\/#organizationLogo\"},\"sameAs\":[\"https:\\\/\\\/facebook.com\\\/eldigitaldeasturias\",\"https:\\\/\\\/www.youtube.com\\\/channel\\\/UCZP-2wLEB9Rv6erhFmqVnvg\"],\"address\":{\"@id\":\"https:\\\/\\\/www.eldigitaldeasturias.com\\\/noticias\\\/#postaladdress\",\"@type\":\"PostalAddress\",\"streetAddress\":\"san antonio 4,\",\"postalCode\":\"33430\",\"addressLocality\":\"Cand\\u00e1s\",\"addressRegion\":\"Asturias\",\"addressCountry\":\"ES\"}},{\"@type\":\"Person\",\"@id\":\"https:\\\/\\\/www.eldigitaldeasturias.com\\\/noticias\\\/author\\\/admin\\\/#author\",\"url\":\"https:\\\/\\\/www.eldigitaldeasturias.com\\\/noticias\\\/author\\\/admin\\\/\",\"name\":\"El Digital de Asturias\",\"image\":{\"@type\":\"ImageObject\",\"@id\":\"https:\\\/\\\/www.eldigitaldeasturias.com\\\/noticias\\\/ali-baba-y-los-40-ladrones-para-escolares-en-oviedo\\\/#authorImage\",\"url\":\"https:\\\/\\\/www.eldigitaldeasturias.com\\\/noticias\\\/wp-content\\\/litespeed\\\/avatar\\\/18677e78aa0546b92d9dbf31ec7d7668.jpg?ver=1776685526\",\"width\":96,\"height\":96,\"caption\":\"El Digital de Asturias\"}},{\"@type\":\"WebPage\",\"@id\":\"https:\\\/\\\/www.eldigitaldeasturias.com\\\/noticias\\\/ali-baba-y-los-40-ladrones-para-escolares-en-oviedo\\\/#webpage\",\"url\":\"https:\\\/\\\/www.eldigitaldeasturias.com\\\/noticias\\\/ali-baba-y-los-40-ladrones-para-escolares-en-oviedo\\\/\",\"name\":\"Al\\u00ed Bab\\u00e1 y los 40 ladrones, para escolares, en Oviedo - El Digital de Asturias\",\"description\":\"La Concejal\\u00eda de Educaci\\u00f3n del Ayuntamiento de Oviedo ha programado para los d\\u00edas 3, 4 y 5 de febrero la campa\\u00f1a de teatro y escuela con la representaci\\u00f3n de la obra Al\\u00ed Bab\\u00e1 y los 40 ladrones de la compa\\u00f1\\u00eda Borobil en el Teatro Filarm\\u00f3nica, en sesiones de 10.00 y 11.30 horas. Asistir\\u00e1n 2.865 escolares\",\"inLanguage\":\"es-ES\",\"isPartOf\":{\"@id\":\"https:\\\/\\\/www.eldigitaldeasturias.com\\\/noticias\\\/#website\"},\"breadcrumb\":{\"@id\":\"https:\\\/\\\/www.eldigitaldeasturias.com\\\/noticias\\\/ali-baba-y-los-40-ladrones-para-escolares-en-oviedo\\\/#breadcrumblist\"},\"author\":{\"@id\":\"https:\\\/\\\/www.eldigitaldeasturias.com\\\/noticias\\\/author\\\/admin\\\/#author\"},\"creator\":{\"@id\":\"https:\\\/\\\/www.eldigitaldeasturias.com\\\/noticias\\\/author\\\/admin\\\/#author\"},\"image\":{\"@type\":\"ImageObject\",\"url\":\"https:\\\/\\\/www.eldigitaldeasturias.com\\\/noticias\\\/wp-content\\\/uploads\\\/2016\\\/02\\\/fotonoticia_20160202180626_800.jpg\",\"@id\":\"https:\\\/\\\/www.eldigitaldeasturias.com\\\/noticias\\\/ali-baba-y-los-40-ladrones-para-escolares-en-oviedo\\\/#mainImage\",\"width\":800,\"height\":600},\"primaryImageOfPage\":{\"@id\":\"https:\\\/\\\/www.eldigitaldeasturias.com\\\/noticias\\\/ali-baba-y-los-40-ladrones-para-escolares-en-oviedo\\\/#mainImage\"},\"datePublished\":\"2016-02-02T19:52:22+01:00\",\"dateModified\":\"2016-02-02T19:52:22+01:00\"},{\"@type\":\"WebSite\",\"@id\":\"https:\\\/\\\/www.eldigitaldeasturias.com\\\/noticias\\\/#website\",\"url\":\"https:\\\/\\\/www.eldigitaldeasturias.com\\\/noticias\\\/\",\"name\":\"El Digital de Asturias - Diario de actualidad y noticias\",\"alternateName\":\"El Digital de Asturias - Diario de actualidad y noticias\",\"description\":\"Hemeroteca\",\"inLanguage\":\"es-ES\",\"publisher\":{\"@id\":\"https:\\\/\\\/www.eldigitaldeasturias.com\\\/noticias\\\/#organization\"}}]}\n\t\t<\/script>\n\t\t<!-- All in One SEO Pro -->\r\n\t\t<title>Al\u00ed Bab\u00e1 y los 40 ladrones, para escolares, en Oviedo - El Digital de Asturias<\/title>\n\n","aioseo_head_json":{"title":"Al\u00ed Bab\u00e1 y los 40 ladrones, para escolares, en Oviedo - El Digital de Asturias","description":"La Concejal\u00eda de Educaci\u00f3n del Ayuntamiento de Oviedo ha programado para los d\u00edas 3, 4 y 5 de febrero la campa\u00f1a de teatro y escuela con la representaci\u00f3n de la obra Al\u00ed Bab\u00e1 y los 40 ladrones de la compa\u00f1\u00eda Borobil en el Teatro Filarm\u00f3nica, en sesiones de 10.00 y 11.30 horas. Asistir\u00e1n 2.865 escolares","canonical_url":"https:\/\/www.eldigitaldeasturias.com\/noticias\/ali-baba-y-los-40-ladrones-para-escolares-en-oviedo\/","robots":"max-image-preview:large","keywords":"agenda","webmasterTools":{"google-site-verification":"UA-38556648-1","msvalidate.01":"7dfe9f3f1b24437ab69f4f2559babe99","miscellaneous":""},"schema":{"@context":"https:\/\/schema.org","@graph":[{"@type":"BlogPosting","@id":"https:\/\/www.eldigitaldeasturias.com\/noticias\/ali-baba-y-los-40-ladrones-para-escolares-en-oviedo\/#blogposting","name":"Al\u00ed Bab\u00e1 y los 40 ladrones, para escolares, en Oviedo - El Digital de Asturias","headline":"Al\u00ed Bab\u00e1 y los 40 ladrones, para escolares, en Oviedo","author":{"@id":"https:\/\/www.eldigitaldeasturias.com\/noticias\/author\/admin\/#author"},"publisher":{"@id":"https:\/\/www.eldigitaldeasturias.com\/noticias\/#organization"},"image":{"@type":"ImageObject","url":"https:\/\/www.eldigitaldeasturias.com\/noticias\/wp-content\/uploads\/2016\/02\/fotonoticia_20160202180626_800.jpg","width":800,"height":600},"datePublished":"2016-02-02T19:52:22+01:00","dateModified":"2016-02-02T19:52:22+01:00","inLanguage":"es-ES","mainEntityOfPage":{"@id":"https:\/\/www.eldigitaldeasturias.com\/noticias\/ali-baba-y-los-40-ladrones-para-escolares-en-oviedo\/#webpage"},"isPartOf":{"@id":"https:\/\/www.eldigitaldeasturias.com\/noticias\/ali-baba-y-los-40-ladrones-para-escolares-en-oviedo\/#webpage"},"articleSection":"Agenda"},{"@type":"BreadcrumbList","@id":"https:\/\/www.eldigitaldeasturias.com\/noticias\/ali-baba-y-los-40-ladrones-para-escolares-en-oviedo\/#breadcrumblist","itemListElement":[{"@type":"ListItem","@id":"https:\/\/www.eldigitaldeasturias.com\/noticias#listItem","position":1,"name":"Home","item":"https:\/\/www.eldigitaldeasturias.com\/noticias","nextItem":{"@type":"ListItem","@id":"https:\/\/www.eldigitaldeasturias.com\/noticias\/category\/agenda\/#listItem","name":"Agenda"}},{"@type":"ListItem","@id":"https:\/\/www.eldigitaldeasturias.com\/noticias\/category\/agenda\/#listItem","position":2,"name":"Agenda","item":"https:\/\/www.eldigitaldeasturias.com\/noticias\/category\/agenda\/","nextItem":{"@type":"ListItem","@id":"https:\/\/www.eldigitaldeasturias.com\/noticias\/ali-baba-y-los-40-ladrones-para-escolares-en-oviedo\/#listItem","name":"Al\u00ed Bab\u00e1 y los 40 ladrones, para escolares, en Oviedo"},"previousItem":{"@type":"ListItem","@id":"https:\/\/www.eldigitaldeasturias.com\/noticias#listItem","name":"Home"}},{"@type":"ListItem","@id":"https:\/\/www.eldigitaldeasturias.com\/noticias\/ali-baba-y-los-40-ladrones-para-escolares-en-oviedo\/#listItem","position":3,"name":"Al\u00ed Bab\u00e1 y los 40 ladrones, para escolares, en Oviedo","previousItem":{"@type":"ListItem","@id":"https:\/\/www.eldigitaldeasturias.com\/noticias\/category\/agenda\/#listItem","name":"Agenda"}}]},{"@type":"Organization","@id":"https:\/\/www.eldigitaldeasturias.com\/noticias\/#organization","name":"El Digital de Asturias","description":"Hemeroteca","url":"https:\/\/www.eldigitaldeasturias.com\/noticias\/","email":"info@eldigitaldeasturias.com","telephone":"+34652131393","logo":{"@type":"ImageObject","url":"https:\/\/www.eldigitaldeasturias.com\/noticias\/wp-content\/uploads\/2020\/12\/EDA.jpg","@id":"https:\/\/www.eldigitaldeasturias.com\/noticias\/ali-baba-y-los-40-ladrones-para-escolares-en-oviedo\/#organizationLogo","width":649,"height":297},"image":{"@id":"https:\/\/www.eldigitaldeasturias.com\/noticias\/ali-baba-y-los-40-ladrones-para-escolares-en-oviedo\/#organizationLogo"},"sameAs":["https:\/\/facebook.com\/eldigitaldeasturias","https:\/\/www.youtube.com\/channel\/UCZP-2wLEB9Rv6erhFmqVnvg"],"address":{"@id":"https:\/\/www.eldigitaldeasturias.com\/noticias\/#postaladdress","@type":"PostalAddress","streetAddress":"san antonio 4,","postalCode":"33430","addressLocality":"Cand\u00e1s","addressRegion":"Asturias","addressCountry":"ES"}},{"@type":"Person","@id":"https:\/\/www.eldigitaldeasturias.com\/noticias\/author\/admin\/#author","url":"https:\/\/www.eldigitaldeasturias.com\/noticias\/author\/admin\/","name":"El Digital de Asturias","image":{"@type":"ImageObject","@id":"https:\/\/www.eldigitaldeasturias.com\/noticias\/ali-baba-y-los-40-ladrones-para-escolares-en-oviedo\/#authorImage","url":"https:\/\/www.eldigitaldeasturias.com\/noticias\/wp-content\/litespeed\/avatar\/18677e78aa0546b92d9dbf31ec7d7668.jpg?ver=1776685526","width":96,"height":96,"caption":"El Digital de Asturias"}},{"@type":"WebPage","@id":"https:\/\/www.eldigitaldeasturias.com\/noticias\/ali-baba-y-los-40-ladrones-para-escolares-en-oviedo\/#webpage","url":"https:\/\/www.eldigitaldeasturias.com\/noticias\/ali-baba-y-los-40-ladrones-para-escolares-en-oviedo\/","name":"Al\u00ed Bab\u00e1 y los 40 ladrones, para escolares, en Oviedo - El Digital de Asturias","description":"La Concejal\u00eda de Educaci\u00f3n del Ayuntamiento de Oviedo ha programado para los d\u00edas 3, 4 y 5 de febrero la campa\u00f1a de teatro y escuela con la representaci\u00f3n de la obra Al\u00ed Bab\u00e1 y los 40 ladrones de la compa\u00f1\u00eda Borobil en el Teatro Filarm\u00f3nica, en sesiones de 10.00 y 11.30 horas. Asistir\u00e1n 2.865 escolares","inLanguage":"es-ES","isPartOf":{"@id":"https:\/\/www.eldigitaldeasturias.com\/noticias\/#website"},"breadcrumb":{"@id":"https:\/\/www.eldigitaldeasturias.com\/noticias\/ali-baba-y-los-40-ladrones-para-escolares-en-oviedo\/#breadcrumblist"},"author":{"@id":"https:\/\/www.eldigitaldeasturias.com\/noticias\/author\/admin\/#author"},"creator":{"@id":"https:\/\/www.eldigitaldeasturias.com\/noticias\/author\/admin\/#author"},"image":{"@type":"ImageObject","url":"https:\/\/www.eldigitaldeasturias.com\/noticias\/wp-content\/uploads\/2016\/02\/fotonoticia_20160202180626_800.jpg","@id":"https:\/\/www.eldigitaldeasturias.com\/noticias\/ali-baba-y-los-40-ladrones-para-escolares-en-oviedo\/#mainImage","width":800,"height":600},"primaryImageOfPage":{"@id":"https:\/\/www.eldigitaldeasturias.com\/noticias\/ali-baba-y-los-40-ladrones-para-escolares-en-oviedo\/#mainImage"},"datePublished":"2016-02-02T19:52:22+01:00","dateModified":"2016-02-02T19:52:22+01:00"},{"@type":"WebSite","@id":"https:\/\/www.eldigitaldeasturias.com\/noticias\/#website","url":"https:\/\/www.eldigitaldeasturias.com\/noticias\/","name":"El Digital de Asturias - Diario de actualidad y noticias","alternateName":"El Digital de Asturias - Diario de actualidad y noticias","description":"Hemeroteca","inLanguage":"es-ES","publisher":{"@id":"https:\/\/www.eldigitaldeasturias.com\/noticias\/#organization"}}]},"og:locale":"es_ES","og:site_name":"El Digital de Asturias","og:type":"article","og:title":"Al\u00ed Bab\u00e1 y los 40 ladrones, para escolares, en Oviedo - El Digital de Asturias","og:description":"La Concejal\u00eda de Educaci\u00f3n del Ayuntamiento de Oviedo ha programado para los d\u00edas 3, 4 y 5 de febrero la campa\u00f1a de teatro y escuela con la representaci\u00f3n de la obra Al\u00ed Bab\u00e1 y los 40 ladrones de la compa\u00f1\u00eda Borobil en el Teatro Filarm\u00f3nica, en sesiones de 10.00 y 11.30 horas. Asistir\u00e1n 2.865 escolares","og:url":"https:\/\/www.eldigitaldeasturias.com\/noticias\/ali-baba-y-los-40-ladrones-para-escolares-en-oviedo\/","og:image":"https:\/\/www.eldigitaldeasturias.com\/noticias\/wp-content\/uploads\/2016\/02\/fotonoticia_20160202180626_800.jpg","og:image:secure_url":"https:\/\/www.eldigitaldeasturias.com\/noticias\/wp-content\/uploads\/2016\/02\/fotonoticia_20160202180626_800.jpg","og:image:width":800,"og:image:height":600,"article:tag":["agenda"],"article:published_time":"2016-02-02T19:52:22+00:00","article:modified_time":"2016-02-02T19:52:22+00:00","article:publisher":"https:\/\/facebook.com\/eldigitaldeasturias","twitter:card":"summary_large_image","twitter:title":"Al\u00ed Bab\u00e1 y los 40 ladrones, para escolares, en Oviedo - El Digital de Asturias","twitter:description":"La Concejal\u00eda de Educaci\u00f3n del Ayuntamiento de Oviedo ha programado para los d\u00edas 3, 4 y 5 de febrero la campa\u00f1a de teatro y escuela con la representaci\u00f3n de la obra Al\u00ed Bab\u00e1 y los 40 ladrones de la compa\u00f1\u00eda Borobil en el Teatro Filarm\u00f3nica, en sesiones de 10.00 y 11.30 horas. Asistir\u00e1n 2.865 escolares","twitter:image":"https:\/\/www.eldigitaldeasturias.com\/noticias\/wp-content\/uploads\/2016\/02\/fotonoticia_20160202180626_800.jpg","twitter:label1":"Escrito por","twitter:data1":"El Digital de Asturias","twitter:label2":"Tiempo de lectura estimado","twitter:data2":"1 minuto"},"aioseo_meta_data":{"post_id":"853095","title":null,"description":null,"keywords":null,"keyphrases":null,"primary_term":null,"canonical_url":null,"og_title":null,"og_description":null,"og_object_type":"default","og_image_type":"default","og_image_url":null,"og_image_width":null,"og_image_height":null,"og_image_custom_url":null,"og_image_custom_fields":null,"og_video":null,"og_custom_url":null,"og_article_section":null,"og_article_tags":null,"twitter_use_og":false,"twitter_card":"default","twitter_image_type":"default","twitter_image_url":null,"twitter_image_custom_url":null,"twitter_image_custom_fields":null,"twitter_title":null,"twitter_description":null,"schema":{"blockGraphs":[],"customGraphs":[],"default":{"data":{"Article":[],"Course":[],"Dataset":[],"FAQPage":[],"Movie":[],"Person":[],"Product":[],"ProductReview":[],"Car":[],"Recipe":[],"Service":[],"SoftwareApplication":[],"WebPage":[]},"graphName":"","isEnabled":true},"graphs":[],"defaultGraph":"","defaultPostTypeGraph":""},"schema_type":null,"schema_type_options":null,"pillar_content":false,"robots_default":true,"robots_noindex":false,"robots_noarchive":false,"robots_nosnippet":false,"robots_nofollow":false,"robots_noimageindex":false,"robots_noodp":false,"robots_notranslate":false,"robots_max_snippet":null,"robots_max_videopreview":null,"robots_max_imagepreview":"large","priority":null,"frequency":null,"local_seo":null,"seo_analyzer_scan_date":"2025-12-09 17:02:00","breadcrumb_settings":null,"limit_modified_date":false,"open_ai":null,"ai":null,"created":"2021-01-23 14:06:12","updated":"2025-12-09 17:02:00"},"aioseo_breadcrumb":"<div class=\"aioseo-breadcrumbs\"><span class=\"aioseo-breadcrumb\">\n\t<a href=\"https:\/\/www.eldigitaldeasturias.com\/noticias\" title=\"Home\">Home<\/a>\n<\/span><span class=\"aioseo-breadcrumb-separator\">\u2013<\/span><span class=\"aioseo-breadcrumb\">\n\t<a href=\"https:\/\/www.eldigitaldeasturias.com\/noticias\/category\/agenda\/\" title=\"Agenda\">Agenda<\/a>\n<\/span><span class=\"aioseo-breadcrumb-separator\">\u2013<\/span><span class=\"aioseo-breadcrumb\">\n\t<a href=\"https:\/\/www.eldigitaldeasturias.com\/noticias\/ali-baba-y-los-40-ladrones-para-escolares-en-oviedo\/\" title=\"Al\u00ed Bab\u00e1 y los 40 ladrones, para escolares, en Oviedo\">Al\u00ed Bab\u00e1 y los 40 ladrones, para escolares, en Oviedo<\/a>\n<\/span><\/div>","aioseo_breadcrumb_json":[{"label":"Home","link":"https:\/\/www.eldigitaldeasturias.com\/noticias"},{"label":"Agenda","link":"https:\/\/www.eldigitaldeasturias.com\/noticias\/category\/agenda\/"},{"label":"Al\u00ed Bab\u00e1 y los 40 ladrones, para escolares, en Oviedo","link":"https:\/\/www.eldigitaldeasturias.com\/noticias\/ali-baba-y-los-40-ladrones-para-escolares-en-oviedo\/"}],"_links":{"self":[{"href":"https:\/\/www.eldigitaldeasturias.com\/noticias\/wp-json\/wp\/v2\/posts\/853095","targetHints":{"allow":["GET"]}}],"collection":[{"href":"https:\/\/www.eldigitaldeasturias.com\/noticias\/wp-json\/wp\/v2\/posts"}],"about":[{"href":"https:\/\/www.eldigitaldeasturias.com\/noticias\/wp-json\/wp\/v2\/types\/post"}],"author":[{"embeddable":true,"href":"https:\/\/www.eldigitaldeasturias.com\/noticias\/wp-json\/wp\/v2\/users\/1"}],"replies":[{"embeddable":true,"href":"https:\/\/www.eldigitaldeasturias.com\/noticias\/wp-json\/wp\/v2\/comments?post=853095"}],"version-history":[{"count":0,"href":"https:\/\/www.eldigitaldeasturias.com\/noticias\/wp-json\/wp\/v2\/posts\/853095\/revisions"}],"wp:featuredmedia":[{"embeddable":true,"href":"https:\/\/www.eldigitaldeasturias.com\/noticias\/wp-json\/wp\/v2\/media\/853096"}],"wp:attachment":[{"href":"https:\/\/www.eldigitaldeasturias.com\/noticias\/wp-json\/wp\/v2\/media?parent=853095"}],"wp:term":[{"taxonomy":"category","embeddable":true,"href":"https:\/\/www.eldigitaldeasturias.com\/noticias\/wp-json\/wp\/v2\/categories?post=853095"},{"taxonomy":"post_tag","embeddable":true,"href":"https:\/\/www.eldigitaldeasturias.com\/noticias\/wp-json\/wp\/v2\/tags?post=853095"}],"curies":[{"name":"wp","href":"https:\/\/api.w.org\/{rel}","templated":true}]}}