{"id":853092,"date":"2016-02-02T19:50:45","date_gmt":"2016-02-02T19:50:45","guid":{"rendered":"http:\/\/www.eldigitaldeasturias.com\/noticias\/?p=853092"},"modified":"2016-02-02T19:50:45","modified_gmt":"2016-02-02T19:50:45","slug":"ugt-senala-que-los-paros-en-el-arbol-han-tenido-un-seguimiento-mayoritario","status":"publish","type":"post","link":"https:\/\/www.eldigitaldeasturias.com\/noticias\/ugt-senala-que-los-paros-en-el-arbol-han-tenido-un-seguimiento-mayoritario\/","title":{"rendered":"UGT se\u00f1ala que los paros en El \u00c1rbol han tenido un \u00abseguimiento mayoritario\u00bb"},"content":{"rendered":"<p><img loading=\"lazy\" decoding=\"async\" class=\"alignleft size-medium wp-image-853093\" src=\"https:\/\/www.eldigitaldeasturias.com\/noticias\/wp-content\/uploads\/2016\/02\/fotonoticia_20160202171208_800-360x203.jpg\" alt=\"fotonoticia_20160202171208_800\" width=\"360\" height=\"203\" srcset=\"https:\/\/www.eldigitaldeasturias.com\/noticias\/wp-content\/uploads\/2016\/02\/fotonoticia_20160202171208_800-360x203.jpg 360w, https:\/\/www.eldigitaldeasturias.com\/noticias\/wp-content\/uploads\/2016\/02\/fotonoticia_20160202171208_800-768x432.jpg 768w, https:\/\/www.eldigitaldeasturias.com\/noticias\/wp-content\/uploads\/2016\/02\/fotonoticia_20160202171208_800-650x366.jpg 650w, https:\/\/www.eldigitaldeasturias.com\/noticias\/wp-content\/uploads\/2016\/02\/fotonoticia_20160202171208_800.jpg 800w\" sizes=\"auto, (max-width: 360px) 100vw, 360px\" \/>La Federaci\u00f3n de Servicios, Movilidad y Consumo de UGT en Asturias ha manifestado este martes \u00absu satisfacci\u00f3n\u00bb por el seguimiento mayoritario de los paros convocados en las 97 tiendas que tiene Supermercados El \u00c1rbol en Asturias.<\/p>\n<p>Seg\u00fan se informa en un comunicado de prensa, los paros \u00abhan tenido lugar desde las 12.00 hasta las 12.15 y de las 16.00 a las 16.15 horas y fueron seguidos aproximadamente por el 97 por ciento de los convocados\u00bb<\/p>\n<p>Adem\u00e1s, UGT ha afirmado que el \u00abpr\u00f3ximo d\u00eda 19 est\u00e1 convocada una huelga en demanda de un plan integral para la viabilidad y la conservaci\u00f3n del empleo y de las condiciones laborales, as\u00ed como en exigencia de una negociaci\u00f3n m\u00e1s transparente por parte de la empresa\u00bb.<\/p>\n","protected":false},"excerpt":{"rendered":"<p>La Federaci\u00f3n de Servicios, Movilidad y Consumo de UGT en Asturias ha manifestado este martes \u00absu satisfacci\u00f3n\u00bb por el seguimiento mayoritario de los paros convocados en las 97 tiendas que tiene Supermercados El \u00c1rbol en Asturias. Seg\u00fan se informa en un comunicado de prensa, los paros \u00abhan tenido lugar desde las 12.00 hasta las 12.15 [&hellip;]<\/p>\n","protected":false},"author":1,"featured_media":853093,"comment_status":"closed","ping_status":"closed","sticky":false,"template":"","format":"standard","meta":{"footnotes":""},"categories":[12],"tags":[],"class_list":["post-853092","post","type-post","status-publish","format-standard","has-post-thumbnail","hentry","category-actualidad-asturias"],"aioseo_notices":[],"aioseo_head":"\n\t\t<!-- All in One SEO Pro 4.9.6.2 - aioseo.com -->\n\t<meta name=\"description\" content=\"La Federaci\u00f3n de Servicios, Movilidad y Consumo de UGT en Asturias ha manifestado este martes &quot;su satisfacci\u00f3n&quot; por el seguimiento mayoritario de los paros convocados en las 97 tiendas que tiene Supermercados El \u00c1rbol en Asturias. Seg\u00fan se informa en un comunicado de prensa, los paros &quot;han tenido lugar desde las 12.00 hasta las 12.15\" \/>\n\t<meta name=\"robots\" content=\"max-image-preview:large\" \/>\n\t<meta name=\"author\" content=\"El Digital de Asturias\"\/>\n\t<meta name=\"google-site-verification\" content=\"UA-38556648-1\" \/>\n\t<meta name=\"msvalidate.01\" content=\"7dfe9f3f1b24437ab69f4f2559babe99\" \/>\n\t<meta name=\"keywords\" content=\"actualidad asturias\" \/>\n\t<link rel=\"canonical\" href=\"https:\/\/www.eldigitaldeasturias.com\/noticias\/ugt-senala-que-los-paros-en-el-arbol-han-tenido-un-seguimiento-mayoritario\/\" \/>\n\t<meta name=\"generator\" content=\"All in One SEO Pro (AIOSEO) 4.9.6.2\" \/>\n\t\t<meta property=\"og:locale\" content=\"es_ES\" \/>\n\t\t<meta property=\"og:site_name\" content=\"El Digital de Asturias\" \/>\n\t\t<meta property=\"og:type\" content=\"article\" \/>\n\t\t<meta property=\"og:title\" content=\"UGT se\u00f1ala que los paros en El \u00c1rbol han tenido un \u00abseguimiento mayoritario\u00bb - El Digital de Asturias\" \/>\n\t\t<meta property=\"og:description\" content=\"La Federaci\u00f3n de Servicios, Movilidad y Consumo de UGT en Asturias ha manifestado este martes &quot;su satisfacci\u00f3n&quot; por el seguimiento mayoritario de los paros convocados en las 97 tiendas que tiene Supermercados El \u00c1rbol en Asturias. Seg\u00fan se informa en un comunicado de prensa, los paros &quot;han tenido lugar desde las 12.00 hasta las 12.15\" \/>\n\t\t<meta property=\"og:url\" content=\"https:\/\/www.eldigitaldeasturias.com\/noticias\/ugt-senala-que-los-paros-en-el-arbol-han-tenido-un-seguimiento-mayoritario\/\" \/>\n\t\t<meta property=\"og:image\" content=\"https:\/\/www.eldigitaldeasturias.com\/noticias\/wp-content\/uploads\/2016\/02\/fotonoticia_20160202171208_800.jpg\" \/>\n\t\t<meta property=\"og:image:secure_url\" content=\"https:\/\/www.eldigitaldeasturias.com\/noticias\/wp-content\/uploads\/2016\/02\/fotonoticia_20160202171208_800.jpg\" \/>\n\t\t<meta property=\"og:image:width\" content=\"800\" \/>\n\t\t<meta property=\"og:image:height\" content=\"450\" \/>\n\t\t<meta property=\"article:tag\" content=\"actualidad asturias\" \/>\n\t\t<meta property=\"article:published_time\" content=\"2016-02-02T19:50:45+00:00\" \/>\n\t\t<meta property=\"article:modified_time\" content=\"2016-02-02T19:50:45+00:00\" \/>\n\t\t<meta property=\"article:publisher\" content=\"https:\/\/facebook.com\/eldigitaldeasturias\" \/>\n\t\t<meta name=\"twitter:card\" content=\"summary_large_image\" \/>\n\t\t<meta name=\"twitter:title\" content=\"UGT se\u00f1ala que los paros en El \u00c1rbol han tenido un \u00abseguimiento mayoritario\u00bb - El Digital de Asturias\" \/>\n\t\t<meta name=\"twitter:description\" content=\"La Federaci\u00f3n de Servicios, Movilidad y Consumo de UGT en Asturias ha manifestado este martes &quot;su satisfacci\u00f3n&quot; por el seguimiento mayoritario de los paros convocados en las 97 tiendas que tiene Supermercados El \u00c1rbol en Asturias. Seg\u00fan se informa en un comunicado de prensa, los paros &quot;han tenido lugar desde las 12.00 hasta las 12.15\" \/>\n\t\t<meta name=\"twitter:image\" content=\"https:\/\/www.eldigitaldeasturias.com\/noticias\/wp-content\/uploads\/2016\/02\/fotonoticia_20160202171208_800.jpg\" \/>\n\t\t<meta name=\"twitter:label1\" content=\"Escrito por\" \/>\n\t\t<meta name=\"twitter:data1\" content=\"El Digital de Asturias\" \/>\n\t\t<meta name=\"twitter:label2\" content=\"Tiempo de lectura estimado\" \/>\n\t\t<meta name=\"twitter:data2\" content=\"1 minuto\" \/>\n\t\t<script type=\"application\/ld+json\" class=\"aioseo-schema\">\n\t\t\t{\"@context\":\"https:\\\/\\\/schema.org\",\"@graph\":[{\"@type\":\"BlogPosting\",\"@id\":\"https:\\\/\\\/www.eldigitaldeasturias.com\\\/noticias\\\/ugt-senala-que-los-paros-en-el-arbol-han-tenido-un-seguimiento-mayoritario\\\/#blogposting\",\"name\":\"UGT se\\u00f1ala que los paros en El \\u00c1rbol han tenido un \\u00abseguimiento mayoritario\\u00bb - El Digital de Asturias\",\"headline\":\"UGT se\\u00f1ala que los paros en El \\u00c1rbol han tenido un \\u00abseguimiento mayoritario\\u00bb\",\"author\":{\"@id\":\"https:\\\/\\\/www.eldigitaldeasturias.com\\\/noticias\\\/author\\\/admin\\\/#author\"},\"publisher\":{\"@id\":\"https:\\\/\\\/www.eldigitaldeasturias.com\\\/noticias\\\/#organization\"},\"image\":{\"@type\":\"ImageObject\",\"url\":\"https:\\\/\\\/www.eldigitaldeasturias.com\\\/noticias\\\/wp-content\\\/uploads\\\/2016\\\/02\\\/fotonoticia_20160202171208_800.jpg\",\"width\":800,\"height\":450},\"datePublished\":\"2016-02-02T19:50:45+01:00\",\"dateModified\":\"2016-02-02T19:50:45+01:00\",\"inLanguage\":\"es-ES\",\"mainEntityOfPage\":{\"@id\":\"https:\\\/\\\/www.eldigitaldeasturias.com\\\/noticias\\\/ugt-senala-que-los-paros-en-el-arbol-han-tenido-un-seguimiento-mayoritario\\\/#webpage\"},\"isPartOf\":{\"@id\":\"https:\\\/\\\/www.eldigitaldeasturias.com\\\/noticias\\\/ugt-senala-que-los-paros-en-el-arbol-han-tenido-un-seguimiento-mayoritario\\\/#webpage\"},\"articleSection\":\"Actualidad Asturias\"},{\"@type\":\"BreadcrumbList\",\"@id\":\"https:\\\/\\\/www.eldigitaldeasturias.com\\\/noticias\\\/ugt-senala-que-los-paros-en-el-arbol-han-tenido-un-seguimiento-mayoritario\\\/#breadcrumblist\",\"itemListElement\":[{\"@type\":\"ListItem\",\"@id\":\"https:\\\/\\\/www.eldigitaldeasturias.com\\\/noticias#listItem\",\"position\":1,\"name\":\"Home\",\"item\":\"https:\\\/\\\/www.eldigitaldeasturias.com\\\/noticias\",\"nextItem\":{\"@type\":\"ListItem\",\"@id\":\"https:\\\/\\\/www.eldigitaldeasturias.com\\\/noticias\\\/category\\\/actualidad-asturias\\\/#listItem\",\"name\":\"Actualidad Asturias\"}},{\"@type\":\"ListItem\",\"@id\":\"https:\\\/\\\/www.eldigitaldeasturias.com\\\/noticias\\\/category\\\/actualidad-asturias\\\/#listItem\",\"position\":2,\"name\":\"Actualidad Asturias\",\"item\":\"https:\\\/\\\/www.eldigitaldeasturias.com\\\/noticias\\\/category\\\/actualidad-asturias\\\/\",\"nextItem\":{\"@type\":\"ListItem\",\"@id\":\"https:\\\/\\\/www.eldigitaldeasturias.com\\\/noticias\\\/ugt-senala-que-los-paros-en-el-arbol-han-tenido-un-seguimiento-mayoritario\\\/#listItem\",\"name\":\"UGT se\\u00f1ala que los paros en El \\u00c1rbol han tenido un \\u00abseguimiento mayoritario\\u00bb\"},\"previousItem\":{\"@type\":\"ListItem\",\"@id\":\"https:\\\/\\\/www.eldigitaldeasturias.com\\\/noticias#listItem\",\"name\":\"Home\"}},{\"@type\":\"ListItem\",\"@id\":\"https:\\\/\\\/www.eldigitaldeasturias.com\\\/noticias\\\/ugt-senala-que-los-paros-en-el-arbol-han-tenido-un-seguimiento-mayoritario\\\/#listItem\",\"position\":3,\"name\":\"UGT se\\u00f1ala que los paros en El \\u00c1rbol han tenido un \\u00abseguimiento mayoritario\\u00bb\",\"previousItem\":{\"@type\":\"ListItem\",\"@id\":\"https:\\\/\\\/www.eldigitaldeasturias.com\\\/noticias\\\/category\\\/actualidad-asturias\\\/#listItem\",\"name\":\"Actualidad Asturias\"}}]},{\"@type\":\"Organization\",\"@id\":\"https:\\\/\\\/www.eldigitaldeasturias.com\\\/noticias\\\/#organization\",\"name\":\"El Digital de Asturias\",\"description\":\"Hemeroteca\",\"url\":\"https:\\\/\\\/www.eldigitaldeasturias.com\\\/noticias\\\/\",\"email\":\"info@eldigitaldeasturias.com\",\"telephone\":\"+34652131393\",\"logo\":{\"@type\":\"ImageObject\",\"url\":\"https:\\\/\\\/www.eldigitaldeasturias.com\\\/noticias\\\/wp-content\\\/uploads\\\/2020\\\/12\\\/EDA.jpg\",\"@id\":\"https:\\\/\\\/www.eldigitaldeasturias.com\\\/noticias\\\/ugt-senala-que-los-paros-en-el-arbol-han-tenido-un-seguimiento-mayoritario\\\/#organizationLogo\",\"width\":649,\"height\":297},\"image\":{\"@id\":\"https:\\\/\\\/www.eldigitaldeasturias.com\\\/noticias\\\/ugt-senala-que-los-paros-en-el-arbol-han-tenido-un-seguimiento-mayoritario\\\/#organizationLogo\"},\"sameAs\":[\"https:\\\/\\\/facebook.com\\\/eldigitaldeasturias\",\"https:\\\/\\\/www.youtube.com\\\/channel\\\/UCZP-2wLEB9Rv6erhFmqVnvg\"],\"address\":{\"@id\":\"https:\\\/\\\/www.eldigitaldeasturias.com\\\/noticias\\\/#postaladdress\",\"@type\":\"PostalAddress\",\"streetAddress\":\"san antonio 4,\",\"postalCode\":\"33430\",\"addressLocality\":\"Cand\\u00e1s\",\"addressRegion\":\"Asturias\",\"addressCountry\":\"ES\"}},{\"@type\":\"Person\",\"@id\":\"https:\\\/\\\/www.eldigitaldeasturias.com\\\/noticias\\\/author\\\/admin\\\/#author\",\"url\":\"https:\\\/\\\/www.eldigitaldeasturias.com\\\/noticias\\\/author\\\/admin\\\/\",\"name\":\"El Digital de Asturias\",\"image\":{\"@type\":\"ImageObject\",\"@id\":\"https:\\\/\\\/www.eldigitaldeasturias.com\\\/noticias\\\/ugt-senala-que-los-paros-en-el-arbol-han-tenido-un-seguimiento-mayoritario\\\/#authorImage\",\"url\":\"https:\\\/\\\/www.eldigitaldeasturias.com\\\/noticias\\\/wp-content\\\/litespeed\\\/avatar\\\/18677e78aa0546b92d9dbf31ec7d7668.jpg?ver=1776685526\",\"width\":96,\"height\":96,\"caption\":\"El Digital de Asturias\"}},{\"@type\":\"WebPage\",\"@id\":\"https:\\\/\\\/www.eldigitaldeasturias.com\\\/noticias\\\/ugt-senala-que-los-paros-en-el-arbol-han-tenido-un-seguimiento-mayoritario\\\/#webpage\",\"url\":\"https:\\\/\\\/www.eldigitaldeasturias.com\\\/noticias\\\/ugt-senala-que-los-paros-en-el-arbol-han-tenido-un-seguimiento-mayoritario\\\/\",\"name\":\"UGT se\\u00f1ala que los paros en El \\u00c1rbol han tenido un \\u00abseguimiento mayoritario\\u00bb - El Digital de Asturias\",\"description\":\"La Federaci\\u00f3n de Servicios, Movilidad y Consumo de UGT en Asturias ha manifestado este martes \\\"su satisfacci\\u00f3n\\\" por el seguimiento mayoritario de los paros convocados en las 97 tiendas que tiene Supermercados El \\u00c1rbol en Asturias. Seg\\u00fan se informa en un comunicado de prensa, los paros \\\"han tenido lugar desde las 12.00 hasta las 12.15\",\"inLanguage\":\"es-ES\",\"isPartOf\":{\"@id\":\"https:\\\/\\\/www.eldigitaldeasturias.com\\\/noticias\\\/#website\"},\"breadcrumb\":{\"@id\":\"https:\\\/\\\/www.eldigitaldeasturias.com\\\/noticias\\\/ugt-senala-que-los-paros-en-el-arbol-han-tenido-un-seguimiento-mayoritario\\\/#breadcrumblist\"},\"author\":{\"@id\":\"https:\\\/\\\/www.eldigitaldeasturias.com\\\/noticias\\\/author\\\/admin\\\/#author\"},\"creator\":{\"@id\":\"https:\\\/\\\/www.eldigitaldeasturias.com\\\/noticias\\\/author\\\/admin\\\/#author\"},\"image\":{\"@type\":\"ImageObject\",\"url\":\"https:\\\/\\\/www.eldigitaldeasturias.com\\\/noticias\\\/wp-content\\\/uploads\\\/2016\\\/02\\\/fotonoticia_20160202171208_800.jpg\",\"@id\":\"https:\\\/\\\/www.eldigitaldeasturias.com\\\/noticias\\\/ugt-senala-que-los-paros-en-el-arbol-han-tenido-un-seguimiento-mayoritario\\\/#mainImage\",\"width\":800,\"height\":450},\"primaryImageOfPage\":{\"@id\":\"https:\\\/\\\/www.eldigitaldeasturias.com\\\/noticias\\\/ugt-senala-que-los-paros-en-el-arbol-han-tenido-un-seguimiento-mayoritario\\\/#mainImage\"},\"datePublished\":\"2016-02-02T19:50:45+01:00\",\"dateModified\":\"2016-02-02T19:50:45+01:00\"},{\"@type\":\"WebSite\",\"@id\":\"https:\\\/\\\/www.eldigitaldeasturias.com\\\/noticias\\\/#website\",\"url\":\"https:\\\/\\\/www.eldigitaldeasturias.com\\\/noticias\\\/\",\"name\":\"El Digital de Asturias - Diario de actualidad y noticias\",\"alternateName\":\"El Digital de Asturias - Diario de actualidad y noticias\",\"description\":\"Hemeroteca\",\"inLanguage\":\"es-ES\",\"publisher\":{\"@id\":\"https:\\\/\\\/www.eldigitaldeasturias.com\\\/noticias\\\/#organization\"}}]}\n\t\t<\/script>\n\t\t<!-- All in One SEO Pro -->\r\n\t\t<title>UGT se\u00f1ala que los paros en El \u00c1rbol han tenido un \u00abseguimiento mayoritario\u00bb - El Digital de Asturias<\/title>\n\n","aioseo_head_json":{"title":"UGT se\u00f1ala que los paros en El \u00c1rbol han tenido un \u00abseguimiento mayoritario\u00bb - El Digital de Asturias","description":"La Federaci\u00f3n de Servicios, Movilidad y Consumo de UGT en Asturias ha manifestado este martes \"su satisfacci\u00f3n\" por el seguimiento mayoritario de los paros convocados en las 97 tiendas que tiene Supermercados El \u00c1rbol en Asturias. Seg\u00fan se informa en un comunicado de prensa, los paros \"han tenido lugar desde las 12.00 hasta las 12.15","canonical_url":"https:\/\/www.eldigitaldeasturias.com\/noticias\/ugt-senala-que-los-paros-en-el-arbol-han-tenido-un-seguimiento-mayoritario\/","robots":"max-image-preview:large","keywords":"actualidad asturias","webmasterTools":{"google-site-verification":"UA-38556648-1","msvalidate.01":"7dfe9f3f1b24437ab69f4f2559babe99","miscellaneous":""},"schema":{"@context":"https:\/\/schema.org","@graph":[{"@type":"BlogPosting","@id":"https:\/\/www.eldigitaldeasturias.com\/noticias\/ugt-senala-que-los-paros-en-el-arbol-han-tenido-un-seguimiento-mayoritario\/#blogposting","name":"UGT se\u00f1ala que los paros en El \u00c1rbol han tenido un \u00abseguimiento mayoritario\u00bb - El Digital de Asturias","headline":"UGT se\u00f1ala que los paros en El \u00c1rbol han tenido un \u00abseguimiento mayoritario\u00bb","author":{"@id":"https:\/\/www.eldigitaldeasturias.com\/noticias\/author\/admin\/#author"},"publisher":{"@id":"https:\/\/www.eldigitaldeasturias.com\/noticias\/#organization"},"image":{"@type":"ImageObject","url":"https:\/\/www.eldigitaldeasturias.com\/noticias\/wp-content\/uploads\/2016\/02\/fotonoticia_20160202171208_800.jpg","width":800,"height":450},"datePublished":"2016-02-02T19:50:45+01:00","dateModified":"2016-02-02T19:50:45+01:00","inLanguage":"es-ES","mainEntityOfPage":{"@id":"https:\/\/www.eldigitaldeasturias.com\/noticias\/ugt-senala-que-los-paros-en-el-arbol-han-tenido-un-seguimiento-mayoritario\/#webpage"},"isPartOf":{"@id":"https:\/\/www.eldigitaldeasturias.com\/noticias\/ugt-senala-que-los-paros-en-el-arbol-han-tenido-un-seguimiento-mayoritario\/#webpage"},"articleSection":"Actualidad Asturias"},{"@type":"BreadcrumbList","@id":"https:\/\/www.eldigitaldeasturias.com\/noticias\/ugt-senala-que-los-paros-en-el-arbol-han-tenido-un-seguimiento-mayoritario\/#breadcrumblist","itemListElement":[{"@type":"ListItem","@id":"https:\/\/www.eldigitaldeasturias.com\/noticias#listItem","position":1,"name":"Home","item":"https:\/\/www.eldigitaldeasturias.com\/noticias","nextItem":{"@type":"ListItem","@id":"https:\/\/www.eldigitaldeasturias.com\/noticias\/category\/actualidad-asturias\/#listItem","name":"Actualidad Asturias"}},{"@type":"ListItem","@id":"https:\/\/www.eldigitaldeasturias.com\/noticias\/category\/actualidad-asturias\/#listItem","position":2,"name":"Actualidad Asturias","item":"https:\/\/www.eldigitaldeasturias.com\/noticias\/category\/actualidad-asturias\/","nextItem":{"@type":"ListItem","@id":"https:\/\/www.eldigitaldeasturias.com\/noticias\/ugt-senala-que-los-paros-en-el-arbol-han-tenido-un-seguimiento-mayoritario\/#listItem","name":"UGT se\u00f1ala que los paros en El \u00c1rbol han tenido un \u00abseguimiento mayoritario\u00bb"},"previousItem":{"@type":"ListItem","@id":"https:\/\/www.eldigitaldeasturias.com\/noticias#listItem","name":"Home"}},{"@type":"ListItem","@id":"https:\/\/www.eldigitaldeasturias.com\/noticias\/ugt-senala-que-los-paros-en-el-arbol-han-tenido-un-seguimiento-mayoritario\/#listItem","position":3,"name":"UGT se\u00f1ala que los paros en El \u00c1rbol han tenido un \u00abseguimiento mayoritario\u00bb","previousItem":{"@type":"ListItem","@id":"https:\/\/www.eldigitaldeasturias.com\/noticias\/category\/actualidad-asturias\/#listItem","name":"Actualidad Asturias"}}]},{"@type":"Organization","@id":"https:\/\/www.eldigitaldeasturias.com\/noticias\/#organization","name":"El Digital de Asturias","description":"Hemeroteca","url":"https:\/\/www.eldigitaldeasturias.com\/noticias\/","email":"info@eldigitaldeasturias.com","telephone":"+34652131393","logo":{"@type":"ImageObject","url":"https:\/\/www.eldigitaldeasturias.com\/noticias\/wp-content\/uploads\/2020\/12\/EDA.jpg","@id":"https:\/\/www.eldigitaldeasturias.com\/noticias\/ugt-senala-que-los-paros-en-el-arbol-han-tenido-un-seguimiento-mayoritario\/#organizationLogo","width":649,"height":297},"image":{"@id":"https:\/\/www.eldigitaldeasturias.com\/noticias\/ugt-senala-que-los-paros-en-el-arbol-han-tenido-un-seguimiento-mayoritario\/#organizationLogo"},"sameAs":["https:\/\/facebook.com\/eldigitaldeasturias","https:\/\/www.youtube.com\/channel\/UCZP-2wLEB9Rv6erhFmqVnvg"],"address":{"@id":"https:\/\/www.eldigitaldeasturias.com\/noticias\/#postaladdress","@type":"PostalAddress","streetAddress":"san antonio 4,","postalCode":"33430","addressLocality":"Cand\u00e1s","addressRegion":"Asturias","addressCountry":"ES"}},{"@type":"Person","@id":"https:\/\/www.eldigitaldeasturias.com\/noticias\/author\/admin\/#author","url":"https:\/\/www.eldigitaldeasturias.com\/noticias\/author\/admin\/","name":"El Digital de Asturias","image":{"@type":"ImageObject","@id":"https:\/\/www.eldigitaldeasturias.com\/noticias\/ugt-senala-que-los-paros-en-el-arbol-han-tenido-un-seguimiento-mayoritario\/#authorImage","url":"https:\/\/www.eldigitaldeasturias.com\/noticias\/wp-content\/litespeed\/avatar\/18677e78aa0546b92d9dbf31ec7d7668.jpg?ver=1776685526","width":96,"height":96,"caption":"El Digital de Asturias"}},{"@type":"WebPage","@id":"https:\/\/www.eldigitaldeasturias.com\/noticias\/ugt-senala-que-los-paros-en-el-arbol-han-tenido-un-seguimiento-mayoritario\/#webpage","url":"https:\/\/www.eldigitaldeasturias.com\/noticias\/ugt-senala-que-los-paros-en-el-arbol-han-tenido-un-seguimiento-mayoritario\/","name":"UGT se\u00f1ala que los paros en El \u00c1rbol han tenido un \u00abseguimiento mayoritario\u00bb - El Digital de Asturias","description":"La Federaci\u00f3n de Servicios, Movilidad y Consumo de UGT en Asturias ha manifestado este martes \"su satisfacci\u00f3n\" por el seguimiento mayoritario de los paros convocados en las 97 tiendas que tiene Supermercados El \u00c1rbol en Asturias. Seg\u00fan se informa en un comunicado de prensa, los paros \"han tenido lugar desde las 12.00 hasta las 12.15","inLanguage":"es-ES","isPartOf":{"@id":"https:\/\/www.eldigitaldeasturias.com\/noticias\/#website"},"breadcrumb":{"@id":"https:\/\/www.eldigitaldeasturias.com\/noticias\/ugt-senala-que-los-paros-en-el-arbol-han-tenido-un-seguimiento-mayoritario\/#breadcrumblist"},"author":{"@id":"https:\/\/www.eldigitaldeasturias.com\/noticias\/author\/admin\/#author"},"creator":{"@id":"https:\/\/www.eldigitaldeasturias.com\/noticias\/author\/admin\/#author"},"image":{"@type":"ImageObject","url":"https:\/\/www.eldigitaldeasturias.com\/noticias\/wp-content\/uploads\/2016\/02\/fotonoticia_20160202171208_800.jpg","@id":"https:\/\/www.eldigitaldeasturias.com\/noticias\/ugt-senala-que-los-paros-en-el-arbol-han-tenido-un-seguimiento-mayoritario\/#mainImage","width":800,"height":450},"primaryImageOfPage":{"@id":"https:\/\/www.eldigitaldeasturias.com\/noticias\/ugt-senala-que-los-paros-en-el-arbol-han-tenido-un-seguimiento-mayoritario\/#mainImage"},"datePublished":"2016-02-02T19:50:45+01:00","dateModified":"2016-02-02T19:50:45+01:00"},{"@type":"WebSite","@id":"https:\/\/www.eldigitaldeasturias.com\/noticias\/#website","url":"https:\/\/www.eldigitaldeasturias.com\/noticias\/","name":"El Digital de Asturias - Diario de actualidad y noticias","alternateName":"El Digital de Asturias - Diario de actualidad y noticias","description":"Hemeroteca","inLanguage":"es-ES","publisher":{"@id":"https:\/\/www.eldigitaldeasturias.com\/noticias\/#organization"}}]},"og:locale":"es_ES","og:site_name":"El Digital de Asturias","og:type":"article","og:title":"UGT se\u00f1ala que los paros en El \u00c1rbol han tenido un \u00abseguimiento mayoritario\u00bb - El Digital de Asturias","og:description":"La Federaci\u00f3n de Servicios, Movilidad y Consumo de UGT en Asturias ha manifestado este martes &quot;su satisfacci\u00f3n&quot; por el seguimiento mayoritario de los paros convocados en las 97 tiendas que tiene Supermercados El \u00c1rbol en Asturias. Seg\u00fan se informa en un comunicado de prensa, los paros &quot;han tenido lugar desde las 12.00 hasta las 12.15","og:url":"https:\/\/www.eldigitaldeasturias.com\/noticias\/ugt-senala-que-los-paros-en-el-arbol-han-tenido-un-seguimiento-mayoritario\/","og:image":"https:\/\/www.eldigitaldeasturias.com\/noticias\/wp-content\/uploads\/2016\/02\/fotonoticia_20160202171208_800.jpg","og:image:secure_url":"https:\/\/www.eldigitaldeasturias.com\/noticias\/wp-content\/uploads\/2016\/02\/fotonoticia_20160202171208_800.jpg","og:image:width":800,"og:image:height":450,"article:tag":["actualidad asturias"],"article:published_time":"2016-02-02T19:50:45+00:00","article:modified_time":"2016-02-02T19:50:45+00:00","article:publisher":"https:\/\/facebook.com\/eldigitaldeasturias","twitter:card":"summary_large_image","twitter:title":"UGT se\u00f1ala que los paros en El \u00c1rbol han tenido un \u00abseguimiento mayoritario\u00bb - El Digital de Asturias","twitter:description":"La Federaci\u00f3n de Servicios, Movilidad y Consumo de UGT en Asturias ha manifestado este martes &quot;su satisfacci\u00f3n&quot; por el seguimiento mayoritario de los paros convocados en las 97 tiendas que tiene Supermercados El \u00c1rbol en Asturias. Seg\u00fan se informa en un comunicado de prensa, los paros &quot;han tenido lugar desde las 12.00 hasta las 12.15","twitter:image":"https:\/\/www.eldigitaldeasturias.com\/noticias\/wp-content\/uploads\/2016\/02\/fotonoticia_20160202171208_800.jpg","twitter:label1":"Escrito por","twitter:data1":"El Digital de Asturias","twitter:label2":"Tiempo de lectura estimado","twitter:data2":"1 minuto"},"aioseo_meta_data":{"post_id":"853092","title":null,"description":null,"keywords":null,"keyphrases":null,"primary_term":null,"canonical_url":null,"og_title":null,"og_description":null,"og_object_type":"default","og_image_type":"default","og_image_url":null,"og_image_width":null,"og_image_height":null,"og_image_custom_url":null,"og_image_custom_fields":null,"og_video":null,"og_custom_url":null,"og_article_section":null,"og_article_tags":null,"twitter_use_og":false,"twitter_card":"default","twitter_image_type":"default","twitter_image_url":null,"twitter_image_custom_url":null,"twitter_image_custom_fields":null,"twitter_title":null,"twitter_description":null,"schema":{"blockGraphs":[],"customGraphs":[],"default":{"data":{"Article":[],"Course":[],"Dataset":[],"FAQPage":[],"Movie":[],"Person":[],"Product":[],"ProductReview":[],"Car":[],"Recipe":[],"Service":[],"SoftwareApplication":[],"WebPage":[]},"graphName":"","isEnabled":true},"graphs":[],"defaultGraph":"","defaultPostTypeGraph":""},"schema_type":null,"schema_type_options":null,"pillar_content":false,"robots_default":true,"robots_noindex":false,"robots_noarchive":false,"robots_nosnippet":false,"robots_nofollow":false,"robots_noimageindex":false,"robots_noodp":false,"robots_notranslate":false,"robots_max_snippet":null,"robots_max_videopreview":null,"robots_max_imagepreview":"large","priority":null,"frequency":null,"local_seo":null,"seo_analyzer_scan_date":"2025-12-09 17:01:59","breadcrumb_settings":null,"limit_modified_date":false,"open_ai":null,"ai":null,"created":"2021-01-23 14:06:12","updated":"2025-12-09 17:01:59"},"aioseo_breadcrumb":"<div class=\"aioseo-breadcrumbs\"><span class=\"aioseo-breadcrumb\">\n\t<a href=\"https:\/\/www.eldigitaldeasturias.com\/noticias\" title=\"Home\">Home<\/a>\n<\/span><span class=\"aioseo-breadcrumb-separator\">\u2013<\/span><span class=\"aioseo-breadcrumb\">\n\t<a href=\"https:\/\/www.eldigitaldeasturias.com\/noticias\/category\/actualidad-asturias\/\" title=\"Actualidad Asturias\">Actualidad Asturias<\/a>\n<\/span><span class=\"aioseo-breadcrumb-separator\">\u2013<\/span><span class=\"aioseo-breadcrumb\">\n\t<a href=\"https:\/\/www.eldigitaldeasturias.com\/noticias\/ugt-senala-que-los-paros-en-el-arbol-han-tenido-un-seguimiento-mayoritario\/\" title=\"UGT se\u00f1ala que los paros en El \u00c1rbol han tenido un \u00abseguimiento mayoritario\u00bb\">UGT se\u00f1ala que los paros en El \u00c1rbol han tenido un \u00abseguimiento mayoritario\u00bb<\/a>\n<\/span><\/div>","aioseo_breadcrumb_json":[{"label":"Home","link":"https:\/\/www.eldigitaldeasturias.com\/noticias"},{"label":"Actualidad Asturias","link":"https:\/\/www.eldigitaldeasturias.com\/noticias\/category\/actualidad-asturias\/"},{"label":"UGT se\u00f1ala que los paros en El \u00c1rbol han tenido un \u00abseguimiento mayoritario\u00bb","link":"https:\/\/www.eldigitaldeasturias.com\/noticias\/ugt-senala-que-los-paros-en-el-arbol-han-tenido-un-seguimiento-mayoritario\/"}],"_links":{"self":[{"href":"https:\/\/www.eldigitaldeasturias.com\/noticias\/wp-json\/wp\/v2\/posts\/853092","targetHints":{"allow":["GET"]}}],"collection":[{"href":"https:\/\/www.eldigitaldeasturias.com\/noticias\/wp-json\/wp\/v2\/posts"}],"about":[{"href":"https:\/\/www.eldigitaldeasturias.com\/noticias\/wp-json\/wp\/v2\/types\/post"}],"author":[{"embeddable":true,"href":"https:\/\/www.eldigitaldeasturias.com\/noticias\/wp-json\/wp\/v2\/users\/1"}],"replies":[{"embeddable":true,"href":"https:\/\/www.eldigitaldeasturias.com\/noticias\/wp-json\/wp\/v2\/comments?post=853092"}],"version-history":[{"count":0,"href":"https:\/\/www.eldigitaldeasturias.com\/noticias\/wp-json\/wp\/v2\/posts\/853092\/revisions"}],"wp:featuredmedia":[{"embeddable":true,"href":"https:\/\/www.eldigitaldeasturias.com\/noticias\/wp-json\/wp\/v2\/media\/853093"}],"wp:attachment":[{"href":"https:\/\/www.eldigitaldeasturias.com\/noticias\/wp-json\/wp\/v2\/media?parent=853092"}],"wp:term":[{"taxonomy":"category","embeddable":true,"href":"https:\/\/www.eldigitaldeasturias.com\/noticias\/wp-json\/wp\/v2\/categories?post=853092"},{"taxonomy":"post_tag","embeddable":true,"href":"https:\/\/www.eldigitaldeasturias.com\/noticias\/wp-json\/wp\/v2\/tags?post=853092"}],"curies":[{"name":"wp","href":"https:\/\/api.w.org\/{rel}","templated":true}]}}