{"id":853090,"date":"2016-02-02T19:49:14","date_gmt":"2016-02-02T19:49:14","guid":{"rendered":"http:\/\/www.eldigitaldeasturias.com\/noticias\/?p=853090"},"modified":"2016-02-02T19:49:14","modified_gmt":"2016-02-02T19:49:14","slug":"podemos-y-xsp-instan-a-educacion-a-ejecutar-la-ampliacion-inmediata-del-ies-roces","status":"publish","type":"post","link":"https:\/\/www.eldigitaldeasturias.com\/noticias\/podemos-y-xsp-instan-a-educacion-a-ejecutar-la-ampliacion-inmediata-del-ies-roces\/","title":{"rendered":"Podemos y XSP instan a Educaci\u00f3n a ejecutar la ampliaci\u00f3n \u00abinmediata\u00bb del IES Roces"},"content":{"rendered":"<p><img loading=\"lazy\" decoding=\"async\" class=\"alignleft size-medium wp-image-801268\" src=\"https:\/\/www.eldigitaldeasturias.com\/noticias\/wp-content\/uploads\/2015\/08\/aula-360x270.jpg\" alt=\"aula\" width=\"360\" height=\"270\" srcset=\"https:\/\/www.eldigitaldeasturias.com\/noticias\/wp-content\/uploads\/2015\/08\/aula-360x270.jpg 360w, https:\/\/www.eldigitaldeasturias.com\/noticias\/wp-content\/uploads\/2015\/08\/aula-400x300.jpg 400w, https:\/\/www.eldigitaldeasturias.com\/noticias\/wp-content\/uploads\/2015\/08\/aula-768x576.jpg 768w, https:\/\/www.eldigitaldeasturias.com\/noticias\/wp-content\/uploads\/2015\/08\/aula-640x480.jpg 640w, https:\/\/www.eldigitaldeasturias.com\/noticias\/wp-content\/uploads\/2015\/08\/aula-20x15.jpg 20w, https:\/\/www.eldigitaldeasturias.com\/noticias\/wp-content\/uploads\/2015\/08\/aula.jpg 800w\" sizes=\"auto, (max-width: 360px) 100vw, 360px\" \/>El diputado auton\u00f3mico de Podemos H\u00e9ctor Piernavieja y el portavoz del Grupo Municipal Xix\u00f3n S\u00ed Puede (XSP) Mario Su\u00e1rez, han instado este martes a la Consejer\u00eda de Educaci\u00f3n a que acometa la ampliaci\u00f3n del IES Roces de Gij\u00f3n comprometida, a lo que le ha conminado a no escudarse en la pr\u00f3rroga presupuestaria para evadir sus responsabilidades.<\/p>\n<p>As\u00ed lo han indicado, a trav\u00e9s de una nota de prensa, tras una visita al centro educativo, en la que s reunieron con la Direcci\u00f3n del instituto. Piernavieja y Su\u00e1rez han recordado que hay presupuestados 200.000 euros en 2015 y que la obra sali\u00f3 a concurso p\u00fablico, existiendo ya un proyecto listo para su realizaci\u00f3n.<\/p>\n<p>\u00abEs imprescindible para la calidad de la ense\u00f1anza de esta zona sur de Xix\u00f3n la construcci\u00f3n inmediata de las cuatro aulas y el taller para que el centro siga manteniendo el nivel que ten\u00eda hasta ahora\u00bb, ha sostenido Su\u00e1rez, quien ha rechazado \u00ababsolutamente\u00bb la soluci\u00f3n de instalar barracones en el centro. Por el contrario, ha apuntado a la necesidad de \u00abhabilitar cr\u00e9ditos presupuestarios para llevar adelante la obra\u00bb.<\/p>\n<p>Piernavieja, por su parte, ha criticado que se est\u00e1 utilizando \u00abcomo arma arrojadiza al alumnado del instituto de Roces\u00bb y ha puesto de relieve la falta de sentido de negarse a realizar una obra ampar\u00e1ndose en la pr\u00f3rroga presupuestaria, \u00abcuando evidentemente si hay pr\u00f3rroga tiene que haber presupuesto para un proyecto que no se ejecut\u00f3 en 2015.<\/p>\n<p>Seg\u00fan \u00e9l, el Gobierno tiene la capacidad de presentar unos nuevos presupuestos que contemplen esta inversi\u00f3n. Por este motivo, desde Podemos se pedir\u00e1 toda la informaci\u00f3n del proyecto y se har\u00e1 todo lo posible \u00abpara que la obra se realice lo antes posible\u00bb, ha avanzado.<\/p>\n<p>Respecto a las alternativas mientras se saca adelante la ampliaci\u00f3n, Piernavieja ha apostado por la v\u00eda \u00abque menos afecte a los a\u00f1os venideros del instituto\u00bb. En ese sentido, no se contempla como posible la propuesta de de Educaci\u00f3n de redistribuir al alumnado, lo que puede marcar los pr\u00f3ximos a\u00f1os de la marcha del centro con una p\u00e9rdida notable de estudiantes y poniendo en peligro la continuidad de los m\u00f3dulos de FP.<\/p>\n<p>Tampoco ha visto apropiada la alternativa de utilizar los espacios del antiguo colegio Manuel Medina, actualmente con un alto nivel de actividad en los locales de ensayo que alberga, y finalmente los citados m\u00f3dulos provisionales, que se valoran como la opci\u00f3n m\u00e1s cara para la ciudadan\u00eda, seg\u00fan el diputado.<\/p>\n","protected":false},"excerpt":{"rendered":"<p>El diputado auton\u00f3mico de Podemos H\u00e9ctor Piernavieja y el portavoz del Grupo Municipal Xix\u00f3n S\u00ed Puede (XSP) Mario Su\u00e1rez, han instado este martes a la Consejer\u00eda de Educaci\u00f3n a que acometa la ampliaci\u00f3n del IES Roces de Gij\u00f3n comprometida, a lo que le ha conminado a no escudarse en la pr\u00f3rroga presupuestaria para evadir sus [&hellip;]<\/p>\n","protected":false},"author":1,"featured_media":801268,"comment_status":"closed","ping_status":"closed","sticky":false,"template":"","format":"standard","meta":{"footnotes":""},"categories":[12],"tags":[],"class_list":["post-853090","post","type-post","status-publish","format-standard","has-post-thumbnail","hentry","category-actualidad-asturias"],"aioseo_notices":[],"aioseo_head":"\n\t\t<!-- All in One SEO Pro 4.9.6.2 - aioseo.com -->\n\t<meta name=\"description\" content=\"El diputado auton\u00f3mico de Podemos H\u00e9ctor Piernavieja y el portavoz del Grupo Municipal Xix\u00f3n S\u00ed Puede (XSP) Mario Su\u00e1rez, han instado este martes a la Consejer\u00eda de Educaci\u00f3n a que acometa la ampliaci\u00f3n del IES Roces de Gij\u00f3n comprometida, a lo que le ha conminado a no escudarse en la pr\u00f3rroga presupuestaria para evadir sus\" \/>\n\t<meta name=\"robots\" content=\"max-image-preview:large\" \/>\n\t<meta name=\"author\" content=\"El Digital de Asturias\"\/>\n\t<meta name=\"google-site-verification\" content=\"UA-38556648-1\" \/>\n\t<meta name=\"msvalidate.01\" content=\"7dfe9f3f1b24437ab69f4f2559babe99\" \/>\n\t<meta name=\"keywords\" content=\"actualidad asturias\" \/>\n\t<link rel=\"canonical\" href=\"https:\/\/www.eldigitaldeasturias.com\/noticias\/podemos-y-xsp-instan-a-educacion-a-ejecutar-la-ampliacion-inmediata-del-ies-roces\/\" \/>\n\t<meta name=\"generator\" content=\"All in One SEO Pro (AIOSEO) 4.9.6.2\" \/>\n\t\t<meta property=\"og:locale\" content=\"es_ES\" \/>\n\t\t<meta property=\"og:site_name\" content=\"El Digital de Asturias\" \/>\n\t\t<meta property=\"og:type\" content=\"article\" \/>\n\t\t<meta property=\"og:title\" content=\"Podemos y XSP instan a Educaci\u00f3n a ejecutar la ampliaci\u00f3n \u00abinmediata\u00bb del IES Roces - El Digital de Asturias\" \/>\n\t\t<meta property=\"og:description\" content=\"El diputado auton\u00f3mico de Podemos H\u00e9ctor Piernavieja y el portavoz del Grupo Municipal Xix\u00f3n S\u00ed Puede (XSP) Mario Su\u00e1rez, han instado este martes a la Consejer\u00eda de Educaci\u00f3n a que acometa la ampliaci\u00f3n del IES Roces de Gij\u00f3n comprometida, a lo que le ha conminado a no escudarse en la pr\u00f3rroga presupuestaria para evadir sus\" \/>\n\t\t<meta property=\"og:url\" content=\"https:\/\/www.eldigitaldeasturias.com\/noticias\/podemos-y-xsp-instan-a-educacion-a-ejecutar-la-ampliacion-inmediata-del-ies-roces\/\" \/>\n\t\t<meta property=\"og:image\" content=\"https:\/\/www.eldigitaldeasturias.com\/noticias\/wp-content\/uploads\/2015\/08\/aula.jpg\" \/>\n\t\t<meta property=\"og:image:secure_url\" content=\"https:\/\/www.eldigitaldeasturias.com\/noticias\/wp-content\/uploads\/2015\/08\/aula.jpg\" \/>\n\t\t<meta property=\"og:image:width\" content=\"800\" \/>\n\t\t<meta property=\"og:image:height\" content=\"600\" \/>\n\t\t<meta property=\"article:tag\" content=\"actualidad asturias\" \/>\n\t\t<meta property=\"article:published_time\" content=\"2016-02-02T19:49:14+00:00\" \/>\n\t\t<meta property=\"article:modified_time\" content=\"2016-02-02T19:49:14+00:00\" \/>\n\t\t<meta property=\"article:publisher\" content=\"https:\/\/facebook.com\/eldigitaldeasturias\" \/>\n\t\t<meta name=\"twitter:card\" content=\"summary_large_image\" \/>\n\t\t<meta name=\"twitter:title\" content=\"Podemos y XSP instan a Educaci\u00f3n a ejecutar la ampliaci\u00f3n \u00abinmediata\u00bb del IES Roces - El Digital de Asturias\" \/>\n\t\t<meta name=\"twitter:description\" content=\"El diputado auton\u00f3mico de Podemos H\u00e9ctor Piernavieja y el portavoz del Grupo Municipal Xix\u00f3n S\u00ed Puede (XSP) Mario Su\u00e1rez, han instado este martes a la Consejer\u00eda de Educaci\u00f3n a que acometa la ampliaci\u00f3n del IES Roces de Gij\u00f3n comprometida, a lo que le ha conminado a no escudarse en la pr\u00f3rroga presupuestaria para evadir sus\" \/>\n\t\t<meta name=\"twitter:image\" content=\"https:\/\/www.eldigitaldeasturias.com\/noticias\/wp-content\/uploads\/2015\/08\/aula.jpg\" \/>\n\t\t<meta name=\"twitter:label1\" content=\"Escrito por\" \/>\n\t\t<meta name=\"twitter:data1\" content=\"El Digital de Asturias\" \/>\n\t\t<meta name=\"twitter:label2\" content=\"Tiempo de lectura estimado\" \/>\n\t\t<meta name=\"twitter:data2\" content=\"2 minutos\" \/>\n\t\t<script type=\"application\/ld+json\" class=\"aioseo-schema\">\n\t\t\t{\"@context\":\"https:\\\/\\\/schema.org\",\"@graph\":[{\"@type\":\"BlogPosting\",\"@id\":\"https:\\\/\\\/www.eldigitaldeasturias.com\\\/noticias\\\/podemos-y-xsp-instan-a-educacion-a-ejecutar-la-ampliacion-inmediata-del-ies-roces\\\/#blogposting\",\"name\":\"Podemos y XSP instan a Educaci\\u00f3n a ejecutar la ampliaci\\u00f3n \\u00abinmediata\\u00bb del IES Roces - El Digital de Asturias\",\"headline\":\"Podemos y XSP instan a Educaci\\u00f3n a ejecutar la ampliaci\\u00f3n \\u00abinmediata\\u00bb del IES Roces\",\"author\":{\"@id\":\"https:\\\/\\\/www.eldigitaldeasturias.com\\\/noticias\\\/author\\\/admin\\\/#author\"},\"publisher\":{\"@id\":\"https:\\\/\\\/www.eldigitaldeasturias.com\\\/noticias\\\/#organization\"},\"image\":{\"@type\":\"ImageObject\",\"url\":\"https:\\\/\\\/www.eldigitaldeasturias.com\\\/noticias\\\/wp-content\\\/uploads\\\/2015\\\/08\\\/aula.jpg\",\"width\":800,\"height\":600},\"datePublished\":\"2016-02-02T19:49:14+01:00\",\"dateModified\":\"2016-02-02T19:49:14+01:00\",\"inLanguage\":\"es-ES\",\"mainEntityOfPage\":{\"@id\":\"https:\\\/\\\/www.eldigitaldeasturias.com\\\/noticias\\\/podemos-y-xsp-instan-a-educacion-a-ejecutar-la-ampliacion-inmediata-del-ies-roces\\\/#webpage\"},\"isPartOf\":{\"@id\":\"https:\\\/\\\/www.eldigitaldeasturias.com\\\/noticias\\\/podemos-y-xsp-instan-a-educacion-a-ejecutar-la-ampliacion-inmediata-del-ies-roces\\\/#webpage\"},\"articleSection\":\"Actualidad Asturias\"},{\"@type\":\"BreadcrumbList\",\"@id\":\"https:\\\/\\\/www.eldigitaldeasturias.com\\\/noticias\\\/podemos-y-xsp-instan-a-educacion-a-ejecutar-la-ampliacion-inmediata-del-ies-roces\\\/#breadcrumblist\",\"itemListElement\":[{\"@type\":\"ListItem\",\"@id\":\"https:\\\/\\\/www.eldigitaldeasturias.com\\\/noticias#listItem\",\"position\":1,\"name\":\"Home\",\"item\":\"https:\\\/\\\/www.eldigitaldeasturias.com\\\/noticias\",\"nextItem\":{\"@type\":\"ListItem\",\"@id\":\"https:\\\/\\\/www.eldigitaldeasturias.com\\\/noticias\\\/category\\\/actualidad-asturias\\\/#listItem\",\"name\":\"Actualidad Asturias\"}},{\"@type\":\"ListItem\",\"@id\":\"https:\\\/\\\/www.eldigitaldeasturias.com\\\/noticias\\\/category\\\/actualidad-asturias\\\/#listItem\",\"position\":2,\"name\":\"Actualidad Asturias\",\"item\":\"https:\\\/\\\/www.eldigitaldeasturias.com\\\/noticias\\\/category\\\/actualidad-asturias\\\/\",\"nextItem\":{\"@type\":\"ListItem\",\"@id\":\"https:\\\/\\\/www.eldigitaldeasturias.com\\\/noticias\\\/podemos-y-xsp-instan-a-educacion-a-ejecutar-la-ampliacion-inmediata-del-ies-roces\\\/#listItem\",\"name\":\"Podemos y XSP instan a Educaci\\u00f3n a ejecutar la ampliaci\\u00f3n \\u00abinmediata\\u00bb del IES Roces\"},\"previousItem\":{\"@type\":\"ListItem\",\"@id\":\"https:\\\/\\\/www.eldigitaldeasturias.com\\\/noticias#listItem\",\"name\":\"Home\"}},{\"@type\":\"ListItem\",\"@id\":\"https:\\\/\\\/www.eldigitaldeasturias.com\\\/noticias\\\/podemos-y-xsp-instan-a-educacion-a-ejecutar-la-ampliacion-inmediata-del-ies-roces\\\/#listItem\",\"position\":3,\"name\":\"Podemos y XSP instan a Educaci\\u00f3n a ejecutar la ampliaci\\u00f3n \\u00abinmediata\\u00bb del IES Roces\",\"previousItem\":{\"@type\":\"ListItem\",\"@id\":\"https:\\\/\\\/www.eldigitaldeasturias.com\\\/noticias\\\/category\\\/actualidad-asturias\\\/#listItem\",\"name\":\"Actualidad Asturias\"}}]},{\"@type\":\"Organization\",\"@id\":\"https:\\\/\\\/www.eldigitaldeasturias.com\\\/noticias\\\/#organization\",\"name\":\"El Digital de Asturias\",\"description\":\"Hemeroteca\",\"url\":\"https:\\\/\\\/www.eldigitaldeasturias.com\\\/noticias\\\/\",\"email\":\"info@eldigitaldeasturias.com\",\"telephone\":\"+34652131393\",\"logo\":{\"@type\":\"ImageObject\",\"url\":\"https:\\\/\\\/www.eldigitaldeasturias.com\\\/noticias\\\/wp-content\\\/uploads\\\/2020\\\/12\\\/EDA.jpg\",\"@id\":\"https:\\\/\\\/www.eldigitaldeasturias.com\\\/noticias\\\/podemos-y-xsp-instan-a-educacion-a-ejecutar-la-ampliacion-inmediata-del-ies-roces\\\/#organizationLogo\",\"width\":649,\"height\":297},\"image\":{\"@id\":\"https:\\\/\\\/www.eldigitaldeasturias.com\\\/noticias\\\/podemos-y-xsp-instan-a-educacion-a-ejecutar-la-ampliacion-inmediata-del-ies-roces\\\/#organizationLogo\"},\"sameAs\":[\"https:\\\/\\\/facebook.com\\\/eldigitaldeasturias\",\"https:\\\/\\\/www.youtube.com\\\/channel\\\/UCZP-2wLEB9Rv6erhFmqVnvg\"],\"address\":{\"@id\":\"https:\\\/\\\/www.eldigitaldeasturias.com\\\/noticias\\\/#postaladdress\",\"@type\":\"PostalAddress\",\"streetAddress\":\"san antonio 4,\",\"postalCode\":\"33430\",\"addressLocality\":\"Cand\\u00e1s\",\"addressRegion\":\"Asturias\",\"addressCountry\":\"ES\"}},{\"@type\":\"Person\",\"@id\":\"https:\\\/\\\/www.eldigitaldeasturias.com\\\/noticias\\\/author\\\/admin\\\/#author\",\"url\":\"https:\\\/\\\/www.eldigitaldeasturias.com\\\/noticias\\\/author\\\/admin\\\/\",\"name\":\"El Digital de Asturias\",\"image\":{\"@type\":\"ImageObject\",\"@id\":\"https:\\\/\\\/www.eldigitaldeasturias.com\\\/noticias\\\/podemos-y-xsp-instan-a-educacion-a-ejecutar-la-ampliacion-inmediata-del-ies-roces\\\/#authorImage\",\"url\":\"https:\\\/\\\/www.eldigitaldeasturias.com\\\/noticias\\\/wp-content\\\/litespeed\\\/avatar\\\/18677e78aa0546b92d9dbf31ec7d7668.jpg?ver=1776685526\",\"width\":96,\"height\":96,\"caption\":\"El Digital de Asturias\"}},{\"@type\":\"WebPage\",\"@id\":\"https:\\\/\\\/www.eldigitaldeasturias.com\\\/noticias\\\/podemos-y-xsp-instan-a-educacion-a-ejecutar-la-ampliacion-inmediata-del-ies-roces\\\/#webpage\",\"url\":\"https:\\\/\\\/www.eldigitaldeasturias.com\\\/noticias\\\/podemos-y-xsp-instan-a-educacion-a-ejecutar-la-ampliacion-inmediata-del-ies-roces\\\/\",\"name\":\"Podemos y XSP instan a Educaci\\u00f3n a ejecutar la ampliaci\\u00f3n \\u00abinmediata\\u00bb del IES Roces - El Digital de Asturias\",\"description\":\"El diputado auton\\u00f3mico de Podemos H\\u00e9ctor Piernavieja y el portavoz del Grupo Municipal Xix\\u00f3n S\\u00ed Puede (XSP) Mario Su\\u00e1rez, han instado este martes a la Consejer\\u00eda de Educaci\\u00f3n a que acometa la ampliaci\\u00f3n del IES Roces de Gij\\u00f3n comprometida, a lo que le ha conminado a no escudarse en la pr\\u00f3rroga presupuestaria para evadir sus\",\"inLanguage\":\"es-ES\",\"isPartOf\":{\"@id\":\"https:\\\/\\\/www.eldigitaldeasturias.com\\\/noticias\\\/#website\"},\"breadcrumb\":{\"@id\":\"https:\\\/\\\/www.eldigitaldeasturias.com\\\/noticias\\\/podemos-y-xsp-instan-a-educacion-a-ejecutar-la-ampliacion-inmediata-del-ies-roces\\\/#breadcrumblist\"},\"author\":{\"@id\":\"https:\\\/\\\/www.eldigitaldeasturias.com\\\/noticias\\\/author\\\/admin\\\/#author\"},\"creator\":{\"@id\":\"https:\\\/\\\/www.eldigitaldeasturias.com\\\/noticias\\\/author\\\/admin\\\/#author\"},\"image\":{\"@type\":\"ImageObject\",\"url\":\"https:\\\/\\\/www.eldigitaldeasturias.com\\\/noticias\\\/wp-content\\\/uploads\\\/2015\\\/08\\\/aula.jpg\",\"@id\":\"https:\\\/\\\/www.eldigitaldeasturias.com\\\/noticias\\\/podemos-y-xsp-instan-a-educacion-a-ejecutar-la-ampliacion-inmediata-del-ies-roces\\\/#mainImage\",\"width\":800,\"height\":600},\"primaryImageOfPage\":{\"@id\":\"https:\\\/\\\/www.eldigitaldeasturias.com\\\/noticias\\\/podemos-y-xsp-instan-a-educacion-a-ejecutar-la-ampliacion-inmediata-del-ies-roces\\\/#mainImage\"},\"datePublished\":\"2016-02-02T19:49:14+01:00\",\"dateModified\":\"2016-02-02T19:49:14+01:00\"},{\"@type\":\"WebSite\",\"@id\":\"https:\\\/\\\/www.eldigitaldeasturias.com\\\/noticias\\\/#website\",\"url\":\"https:\\\/\\\/www.eldigitaldeasturias.com\\\/noticias\\\/\",\"name\":\"El Digital de Asturias - Diario de actualidad y noticias\",\"alternateName\":\"El Digital de Asturias - Diario de actualidad y noticias\",\"description\":\"Hemeroteca\",\"inLanguage\":\"es-ES\",\"publisher\":{\"@id\":\"https:\\\/\\\/www.eldigitaldeasturias.com\\\/noticias\\\/#organization\"}}]}\n\t\t<\/script>\n\t\t<!-- All in One SEO Pro -->\r\n\t\t<title>Podemos y XSP instan a Educaci\u00f3n a ejecutar la ampliaci\u00f3n \u00abinmediata\u00bb del IES Roces - El Digital de Asturias<\/title>\n\n","aioseo_head_json":{"title":"Podemos y XSP instan a Educaci\u00f3n a ejecutar la ampliaci\u00f3n \u00abinmediata\u00bb del IES Roces - El Digital de Asturias","description":"El diputado auton\u00f3mico de Podemos H\u00e9ctor Piernavieja y el portavoz del Grupo Municipal Xix\u00f3n S\u00ed Puede (XSP) Mario Su\u00e1rez, han instado este martes a la Consejer\u00eda de Educaci\u00f3n a que acometa la ampliaci\u00f3n del IES Roces de Gij\u00f3n comprometida, a lo que le ha conminado a no escudarse en la pr\u00f3rroga presupuestaria para evadir sus","canonical_url":"https:\/\/www.eldigitaldeasturias.com\/noticias\/podemos-y-xsp-instan-a-educacion-a-ejecutar-la-ampliacion-inmediata-del-ies-roces\/","robots":"max-image-preview:large","keywords":"actualidad asturias","webmasterTools":{"google-site-verification":"UA-38556648-1","msvalidate.01":"7dfe9f3f1b24437ab69f4f2559babe99","miscellaneous":""},"schema":{"@context":"https:\/\/schema.org","@graph":[{"@type":"BlogPosting","@id":"https:\/\/www.eldigitaldeasturias.com\/noticias\/podemos-y-xsp-instan-a-educacion-a-ejecutar-la-ampliacion-inmediata-del-ies-roces\/#blogposting","name":"Podemos y XSP instan a Educaci\u00f3n a ejecutar la ampliaci\u00f3n \u00abinmediata\u00bb del IES Roces - El Digital de Asturias","headline":"Podemos y XSP instan a Educaci\u00f3n a ejecutar la ampliaci\u00f3n \u00abinmediata\u00bb del IES Roces","author":{"@id":"https:\/\/www.eldigitaldeasturias.com\/noticias\/author\/admin\/#author"},"publisher":{"@id":"https:\/\/www.eldigitaldeasturias.com\/noticias\/#organization"},"image":{"@type":"ImageObject","url":"https:\/\/www.eldigitaldeasturias.com\/noticias\/wp-content\/uploads\/2015\/08\/aula.jpg","width":800,"height":600},"datePublished":"2016-02-02T19:49:14+01:00","dateModified":"2016-02-02T19:49:14+01:00","inLanguage":"es-ES","mainEntityOfPage":{"@id":"https:\/\/www.eldigitaldeasturias.com\/noticias\/podemos-y-xsp-instan-a-educacion-a-ejecutar-la-ampliacion-inmediata-del-ies-roces\/#webpage"},"isPartOf":{"@id":"https:\/\/www.eldigitaldeasturias.com\/noticias\/podemos-y-xsp-instan-a-educacion-a-ejecutar-la-ampliacion-inmediata-del-ies-roces\/#webpage"},"articleSection":"Actualidad Asturias"},{"@type":"BreadcrumbList","@id":"https:\/\/www.eldigitaldeasturias.com\/noticias\/podemos-y-xsp-instan-a-educacion-a-ejecutar-la-ampliacion-inmediata-del-ies-roces\/#breadcrumblist","itemListElement":[{"@type":"ListItem","@id":"https:\/\/www.eldigitaldeasturias.com\/noticias#listItem","position":1,"name":"Home","item":"https:\/\/www.eldigitaldeasturias.com\/noticias","nextItem":{"@type":"ListItem","@id":"https:\/\/www.eldigitaldeasturias.com\/noticias\/category\/actualidad-asturias\/#listItem","name":"Actualidad Asturias"}},{"@type":"ListItem","@id":"https:\/\/www.eldigitaldeasturias.com\/noticias\/category\/actualidad-asturias\/#listItem","position":2,"name":"Actualidad Asturias","item":"https:\/\/www.eldigitaldeasturias.com\/noticias\/category\/actualidad-asturias\/","nextItem":{"@type":"ListItem","@id":"https:\/\/www.eldigitaldeasturias.com\/noticias\/podemos-y-xsp-instan-a-educacion-a-ejecutar-la-ampliacion-inmediata-del-ies-roces\/#listItem","name":"Podemos y XSP instan a Educaci\u00f3n a ejecutar la ampliaci\u00f3n \u00abinmediata\u00bb del IES Roces"},"previousItem":{"@type":"ListItem","@id":"https:\/\/www.eldigitaldeasturias.com\/noticias#listItem","name":"Home"}},{"@type":"ListItem","@id":"https:\/\/www.eldigitaldeasturias.com\/noticias\/podemos-y-xsp-instan-a-educacion-a-ejecutar-la-ampliacion-inmediata-del-ies-roces\/#listItem","position":3,"name":"Podemos y XSP instan a Educaci\u00f3n a ejecutar la ampliaci\u00f3n \u00abinmediata\u00bb del IES Roces","previousItem":{"@type":"ListItem","@id":"https:\/\/www.eldigitaldeasturias.com\/noticias\/category\/actualidad-asturias\/#listItem","name":"Actualidad Asturias"}}]},{"@type":"Organization","@id":"https:\/\/www.eldigitaldeasturias.com\/noticias\/#organization","name":"El Digital de Asturias","description":"Hemeroteca","url":"https:\/\/www.eldigitaldeasturias.com\/noticias\/","email":"info@eldigitaldeasturias.com","telephone":"+34652131393","logo":{"@type":"ImageObject","url":"https:\/\/www.eldigitaldeasturias.com\/noticias\/wp-content\/uploads\/2020\/12\/EDA.jpg","@id":"https:\/\/www.eldigitaldeasturias.com\/noticias\/podemos-y-xsp-instan-a-educacion-a-ejecutar-la-ampliacion-inmediata-del-ies-roces\/#organizationLogo","width":649,"height":297},"image":{"@id":"https:\/\/www.eldigitaldeasturias.com\/noticias\/podemos-y-xsp-instan-a-educacion-a-ejecutar-la-ampliacion-inmediata-del-ies-roces\/#organizationLogo"},"sameAs":["https:\/\/facebook.com\/eldigitaldeasturias","https:\/\/www.youtube.com\/channel\/UCZP-2wLEB9Rv6erhFmqVnvg"],"address":{"@id":"https:\/\/www.eldigitaldeasturias.com\/noticias\/#postaladdress","@type":"PostalAddress","streetAddress":"san antonio 4,","postalCode":"33430","addressLocality":"Cand\u00e1s","addressRegion":"Asturias","addressCountry":"ES"}},{"@type":"Person","@id":"https:\/\/www.eldigitaldeasturias.com\/noticias\/author\/admin\/#author","url":"https:\/\/www.eldigitaldeasturias.com\/noticias\/author\/admin\/","name":"El Digital de Asturias","image":{"@type":"ImageObject","@id":"https:\/\/www.eldigitaldeasturias.com\/noticias\/podemos-y-xsp-instan-a-educacion-a-ejecutar-la-ampliacion-inmediata-del-ies-roces\/#authorImage","url":"https:\/\/www.eldigitaldeasturias.com\/noticias\/wp-content\/litespeed\/avatar\/18677e78aa0546b92d9dbf31ec7d7668.jpg?ver=1776685526","width":96,"height":96,"caption":"El Digital de Asturias"}},{"@type":"WebPage","@id":"https:\/\/www.eldigitaldeasturias.com\/noticias\/podemos-y-xsp-instan-a-educacion-a-ejecutar-la-ampliacion-inmediata-del-ies-roces\/#webpage","url":"https:\/\/www.eldigitaldeasturias.com\/noticias\/podemos-y-xsp-instan-a-educacion-a-ejecutar-la-ampliacion-inmediata-del-ies-roces\/","name":"Podemos y XSP instan a Educaci\u00f3n a ejecutar la ampliaci\u00f3n \u00abinmediata\u00bb del IES Roces - El Digital de Asturias","description":"El diputado auton\u00f3mico de Podemos H\u00e9ctor Piernavieja y el portavoz del Grupo Municipal Xix\u00f3n S\u00ed Puede (XSP) Mario Su\u00e1rez, han instado este martes a la Consejer\u00eda de Educaci\u00f3n a que acometa la ampliaci\u00f3n del IES Roces de Gij\u00f3n comprometida, a lo que le ha conminado a no escudarse en la pr\u00f3rroga presupuestaria para evadir sus","inLanguage":"es-ES","isPartOf":{"@id":"https:\/\/www.eldigitaldeasturias.com\/noticias\/#website"},"breadcrumb":{"@id":"https:\/\/www.eldigitaldeasturias.com\/noticias\/podemos-y-xsp-instan-a-educacion-a-ejecutar-la-ampliacion-inmediata-del-ies-roces\/#breadcrumblist"},"author":{"@id":"https:\/\/www.eldigitaldeasturias.com\/noticias\/author\/admin\/#author"},"creator":{"@id":"https:\/\/www.eldigitaldeasturias.com\/noticias\/author\/admin\/#author"},"image":{"@type":"ImageObject","url":"https:\/\/www.eldigitaldeasturias.com\/noticias\/wp-content\/uploads\/2015\/08\/aula.jpg","@id":"https:\/\/www.eldigitaldeasturias.com\/noticias\/podemos-y-xsp-instan-a-educacion-a-ejecutar-la-ampliacion-inmediata-del-ies-roces\/#mainImage","width":800,"height":600},"primaryImageOfPage":{"@id":"https:\/\/www.eldigitaldeasturias.com\/noticias\/podemos-y-xsp-instan-a-educacion-a-ejecutar-la-ampliacion-inmediata-del-ies-roces\/#mainImage"},"datePublished":"2016-02-02T19:49:14+01:00","dateModified":"2016-02-02T19:49:14+01:00"},{"@type":"WebSite","@id":"https:\/\/www.eldigitaldeasturias.com\/noticias\/#website","url":"https:\/\/www.eldigitaldeasturias.com\/noticias\/","name":"El Digital de Asturias - Diario de actualidad y noticias","alternateName":"El Digital de Asturias - Diario de actualidad y noticias","description":"Hemeroteca","inLanguage":"es-ES","publisher":{"@id":"https:\/\/www.eldigitaldeasturias.com\/noticias\/#organization"}}]},"og:locale":"es_ES","og:site_name":"El Digital de Asturias","og:type":"article","og:title":"Podemos y XSP instan a Educaci\u00f3n a ejecutar la ampliaci\u00f3n \u00abinmediata\u00bb del IES Roces - El Digital de Asturias","og:description":"El diputado auton\u00f3mico de Podemos H\u00e9ctor Piernavieja y el portavoz del Grupo Municipal Xix\u00f3n S\u00ed Puede (XSP) Mario Su\u00e1rez, han instado este martes a la Consejer\u00eda de Educaci\u00f3n a que acometa la ampliaci\u00f3n del IES Roces de Gij\u00f3n comprometida, a lo que le ha conminado a no escudarse en la pr\u00f3rroga presupuestaria para evadir sus","og:url":"https:\/\/www.eldigitaldeasturias.com\/noticias\/podemos-y-xsp-instan-a-educacion-a-ejecutar-la-ampliacion-inmediata-del-ies-roces\/","og:image":"https:\/\/www.eldigitaldeasturias.com\/noticias\/wp-content\/uploads\/2015\/08\/aula.jpg","og:image:secure_url":"https:\/\/www.eldigitaldeasturias.com\/noticias\/wp-content\/uploads\/2015\/08\/aula.jpg","og:image:width":800,"og:image:height":600,"article:tag":["actualidad asturias"],"article:published_time":"2016-02-02T19:49:14+00:00","article:modified_time":"2016-02-02T19:49:14+00:00","article:publisher":"https:\/\/facebook.com\/eldigitaldeasturias","twitter:card":"summary_large_image","twitter:title":"Podemos y XSP instan a Educaci\u00f3n a ejecutar la ampliaci\u00f3n \u00abinmediata\u00bb del IES Roces - El Digital de Asturias","twitter:description":"El diputado auton\u00f3mico de Podemos H\u00e9ctor Piernavieja y el portavoz del Grupo Municipal Xix\u00f3n S\u00ed Puede (XSP) Mario Su\u00e1rez, han instado este martes a la Consejer\u00eda de Educaci\u00f3n a que acometa la ampliaci\u00f3n del IES Roces de Gij\u00f3n comprometida, a lo que le ha conminado a no escudarse en la pr\u00f3rroga presupuestaria para evadir sus","twitter:image":"https:\/\/www.eldigitaldeasturias.com\/noticias\/wp-content\/uploads\/2015\/08\/aula.jpg","twitter:label1":"Escrito por","twitter:data1":"El Digital de Asturias","twitter:label2":"Tiempo de lectura estimado","twitter:data2":"2 minutos"},"aioseo_meta_data":{"post_id":"853090","title":null,"description":null,"keywords":null,"keyphrases":null,"primary_term":null,"canonical_url":null,"og_title":null,"og_description":null,"og_object_type":"default","og_image_type":"default","og_image_url":null,"og_image_width":null,"og_image_height":null,"og_image_custom_url":null,"og_image_custom_fields":null,"og_video":null,"og_custom_url":null,"og_article_section":null,"og_article_tags":null,"twitter_use_og":false,"twitter_card":"default","twitter_image_type":"default","twitter_image_url":null,"twitter_image_custom_url":null,"twitter_image_custom_fields":null,"twitter_title":null,"twitter_description":null,"schema":{"blockGraphs":[],"customGraphs":[],"default":{"data":{"Article":[],"Course":[],"Dataset":[],"FAQPage":[],"Movie":[],"Person":[],"Product":[],"ProductReview":[],"Car":[],"Recipe":[],"Service":[],"SoftwareApplication":[],"WebPage":[]},"graphName":"","isEnabled":true},"graphs":[],"defaultGraph":"","defaultPostTypeGraph":""},"schema_type":null,"schema_type_options":null,"pillar_content":false,"robots_default":true,"robots_noindex":false,"robots_noarchive":false,"robots_nosnippet":false,"robots_nofollow":false,"robots_noimageindex":false,"robots_noodp":false,"robots_notranslate":false,"robots_max_snippet":null,"robots_max_videopreview":null,"robots_max_imagepreview":"large","priority":null,"frequency":null,"local_seo":null,"seo_analyzer_scan_date":"2025-12-09 17:01:59","breadcrumb_settings":null,"limit_modified_date":false,"open_ai":null,"ai":null,"created":"2021-01-23 14:06:12","updated":"2025-12-09 17:01:59"},"aioseo_breadcrumb":"<div class=\"aioseo-breadcrumbs\"><span class=\"aioseo-breadcrumb\">\n\t<a href=\"https:\/\/www.eldigitaldeasturias.com\/noticias\" title=\"Home\">Home<\/a>\n<\/span><span class=\"aioseo-breadcrumb-separator\">\u2013<\/span><span class=\"aioseo-breadcrumb\">\n\t<a href=\"https:\/\/www.eldigitaldeasturias.com\/noticias\/category\/actualidad-asturias\/\" title=\"Actualidad Asturias\">Actualidad Asturias<\/a>\n<\/span><span class=\"aioseo-breadcrumb-separator\">\u2013<\/span><span class=\"aioseo-breadcrumb\">\n\t<a href=\"https:\/\/www.eldigitaldeasturias.com\/noticias\/podemos-y-xsp-instan-a-educacion-a-ejecutar-la-ampliacion-inmediata-del-ies-roces\/\" title=\"Podemos y XSP instan a Educaci\u00f3n a ejecutar la ampliaci\u00f3n \u00abinmediata\u00bb del IES Roces\">Podemos y XSP instan a Educaci\u00f3n a ejecutar la ampliaci\u00f3n \u00abinmediata\u00bb del IES Roces<\/a>\n<\/span><\/div>","aioseo_breadcrumb_json":[{"label":"Home","link":"https:\/\/www.eldigitaldeasturias.com\/noticias"},{"label":"Actualidad Asturias","link":"https:\/\/www.eldigitaldeasturias.com\/noticias\/category\/actualidad-asturias\/"},{"label":"Podemos y XSP instan a Educaci\u00f3n a ejecutar la ampliaci\u00f3n \u00abinmediata\u00bb del IES Roces","link":"https:\/\/www.eldigitaldeasturias.com\/noticias\/podemos-y-xsp-instan-a-educacion-a-ejecutar-la-ampliacion-inmediata-del-ies-roces\/"}],"_links":{"self":[{"href":"https:\/\/www.eldigitaldeasturias.com\/noticias\/wp-json\/wp\/v2\/posts\/853090","targetHints":{"allow":["GET"]}}],"collection":[{"href":"https:\/\/www.eldigitaldeasturias.com\/noticias\/wp-json\/wp\/v2\/posts"}],"about":[{"href":"https:\/\/www.eldigitaldeasturias.com\/noticias\/wp-json\/wp\/v2\/types\/post"}],"author":[{"embeddable":true,"href":"https:\/\/www.eldigitaldeasturias.com\/noticias\/wp-json\/wp\/v2\/users\/1"}],"replies":[{"embeddable":true,"href":"https:\/\/www.eldigitaldeasturias.com\/noticias\/wp-json\/wp\/v2\/comments?post=853090"}],"version-history":[{"count":0,"href":"https:\/\/www.eldigitaldeasturias.com\/noticias\/wp-json\/wp\/v2\/posts\/853090\/revisions"}],"wp:featuredmedia":[{"embeddable":true,"href":"https:\/\/www.eldigitaldeasturias.com\/noticias\/wp-json\/wp\/v2\/media\/801268"}],"wp:attachment":[{"href":"https:\/\/www.eldigitaldeasturias.com\/noticias\/wp-json\/wp\/v2\/media?parent=853090"}],"wp:term":[{"taxonomy":"category","embeddable":true,"href":"https:\/\/www.eldigitaldeasturias.com\/noticias\/wp-json\/wp\/v2\/categories?post=853090"},{"taxonomy":"post_tag","embeddable":true,"href":"https:\/\/www.eldigitaldeasturias.com\/noticias\/wp-json\/wp\/v2\/tags?post=853090"}],"curies":[{"name":"wp","href":"https:\/\/api.w.org\/{rel}","templated":true}]}}