{"id":853088,"date":"2016-02-02T19:47:31","date_gmt":"2016-02-02T19:47:31","guid":{"rendered":"http:\/\/www.eldigitaldeasturias.com\/noticias\/?p=853088"},"modified":"2016-02-02T19:47:31","modified_gmt":"2016-02-02T19:47:31","slug":"el-pp-achaca-el-colapso-de-urgencias-en-cabuenes-a-la-falta-de-inversion","status":"publish","type":"post","link":"https:\/\/www.eldigitaldeasturias.com\/noticias\/el-pp-achaca-el-colapso-de-urgencias-en-cabuenes-a-la-falta-de-inversion\/","title":{"rendered":"El PP achaca el colapso de urgencias en Cabue\u00f1es a la falta de inversi\u00f3n"},"content":{"rendered":"<p><img loading=\"lazy\" decoding=\"async\" class=\"alignleft size-full wp-image-435961\" src=\"https:\/\/www.eldigitaldeasturias.com\/noticias\/wp-content\/uploads\/2013\/10\/CABUE.jpg\" alt=\"CABUE\" width=\"300\" height=\"225\" srcset=\"https:\/\/www.eldigitaldeasturias.com\/noticias\/wp-content\/uploads\/2013\/10\/CABUE.jpg 300w, https:\/\/www.eldigitaldeasturias.com\/noticias\/wp-content\/uploads\/2013\/10\/CABUE-100x75.jpg 100w\" sizes=\"auto, (max-width: 300px) 100vw, 300px\" \/>El diputado regional del PP Carlos Su\u00e1rez ha instado este martes al Sespa a poner soluci\u00f3n a la situaci\u00f3n de colapso \u00abhist\u00f3rica\u00bb que viven las urgencias del hospital de Cabue\u00f1es, en Gij\u00f3n, especialmente las pedi\u00e1tricas, por una \u00abhist\u00f3rica deficiencia\u00bb de inversi\u00f3n y por falta de medios y recursos humanos.<\/p>\n<p>As\u00ed lo ha indicado, frente al hospital de Cabue\u00f1es, junto al presidente del PP gijon\u00e9s, Mariano Mar\u00edn. En el caso de Pediatr\u00eda, ha apuntado que la tardanza en dar una cita en los Centros de Salud de Atenci\u00f3n Primaria hace que la gente acabe por acudir a urgencias del hospital. A esto ha sumado la campa\u00f1a de la gripe, que, seg\u00fan \u00e9l, este a\u00f1o est\u00e1 siendo m\u00e1s benigna. \u00abEstamos saliendo del paso como podemos\u00bb, ha asegurado.<\/p>\n<p>Tambi\u00e9n ha sostenido que el Principado no tiene una soluci\u00f3n prevista. Y aunque ha reconocido que la propuesta del nuevo gerente del hospital de integrar a los pediatras de Urgencias en el organigrama del resto de Pediatr\u00eda es \u00abperfectamente factible\u00bb, la soluci\u00f3n se lleva diciendo que se iba a poner en pr\u00e1ctica desde hace 18 meses.<\/p>\n<p>Vinculado a ello, ha incidido en que en 2012 ya se anunci\u00f3 plan de ampliaci\u00f3n del hospital de Cabue\u00f1es, proyecto para el que solo hay dotados 500.000 euros para estudio y planeamiento en 2016, mientras que las obras est\u00e1 previsto que empiecen en 2017. Su\u00e1rez ha indicado que estas no acabar\u00e1n hasta 2025 o 2026.<\/p>\n<p>Respecto a Atenci\u00f3n Primaria, ha opinado que probablemente las plazas de personal sean las correctas, pero ha advertido de que las hay que no est\u00e1n cubiertas, y, en el resto de casos, no tienen sustituci\u00f3n cuando el profesional est\u00e1 de baja. El diputado &#8216;popular&#8217; ha sostenido que s\u00ed hay pediatras suficientes en la regi\u00f3n, el problema es que no aceptar\u00e1n \u00abcontratos basura\u00bb e ir\u00e1n a otros lados.<\/p>\n<p>Mar\u00edn, por su parte, ha indicado que el PP ha recibido quejas de ciudadanos por demoras en los servicios de urgencias del hospital de Cabue\u00f1es, sobre todo en el \u00e1rea de Pediatr\u00eda. Este ha se\u00f1alado que el Sespa es el responsable de buscar soluci\u00f3n y dotar de medios suficientes al hospital.<\/p>\n<p>Tambi\u00e9n ha tildado de \u00abintolerable\u00bb lista de espera de intervenciones quir\u00fargicas en Asturias, que creci\u00f3 un 54 por ciento en los \u00faltimos 14 a\u00f1os. A este respecto, ha apuntado que en Asturias, en 2002, hab\u00eda 12.094 personas en lista de espera y en 2016 un total de 18.700 pacientes. Un problema que afecta a los gijoneses tambi\u00e9n, ha recordado.<\/p>\n","protected":false},"excerpt":{"rendered":"<p>El diputado regional del PP Carlos Su\u00e1rez ha instado este martes al Sespa a poner soluci\u00f3n a la situaci\u00f3n de colapso \u00abhist\u00f3rica\u00bb que viven las urgencias del hospital de Cabue\u00f1es, en Gij\u00f3n, especialmente las pedi\u00e1tricas, por una \u00abhist\u00f3rica deficiencia\u00bb de inversi\u00f3n y por falta de medios y recursos humanos. As\u00ed lo ha indicado, frente al [&hellip;]<\/p>\n","protected":false},"author":1,"featured_media":438770,"comment_status":"closed","ping_status":"closed","sticky":false,"template":"","format":"standard","meta":{"footnotes":""},"categories":[28],"tags":[],"class_list":["post-853088","post","type-post","status-publish","format-standard","has-post-thumbnail","hentry","category-sociedad"],"aioseo_notices":[],"aioseo_head":"\n\t\t<!-- All in One SEO Pro 4.9.6.2 - aioseo.com -->\n\t<meta name=\"description\" content=\"El diputado regional del PP Carlos Su\u00e1rez ha instado este martes al Sespa a poner soluci\u00f3n a la situaci\u00f3n de colapso &quot;hist\u00f3rica&quot; que viven las urgencias del hospital de Cabue\u00f1es, en Gij\u00f3n, especialmente las pedi\u00e1tricas, por una &quot;hist\u00f3rica deficiencia&quot; de inversi\u00f3n y por falta de medios y recursos humanos. As\u00ed lo ha indicado, frente al\" \/>\n\t<meta name=\"robots\" content=\"max-image-preview:large\" \/>\n\t<meta name=\"author\" content=\"El Digital de Asturias\"\/>\n\t<meta name=\"google-site-verification\" content=\"UA-38556648-1\" \/>\n\t<meta name=\"msvalidate.01\" content=\"7dfe9f3f1b24437ab69f4f2559babe99\" \/>\n\t<meta name=\"keywords\" content=\"sociedad\" \/>\n\t<link rel=\"canonical\" href=\"https:\/\/www.eldigitaldeasturias.com\/noticias\/el-pp-achaca-el-colapso-de-urgencias-en-cabuenes-a-la-falta-de-inversion\/\" \/>\n\t<meta name=\"generator\" content=\"All in One SEO Pro (AIOSEO) 4.9.6.2\" \/>\n\t\t<meta property=\"og:locale\" content=\"es_ES\" \/>\n\t\t<meta property=\"og:site_name\" content=\"El Digital de Asturias\" \/>\n\t\t<meta property=\"og:type\" content=\"article\" \/>\n\t\t<meta property=\"og:title\" content=\"El PP achaca el colapso de urgencias en Cabue\u00f1es a la falta de inversi\u00f3n - El Digital de Asturias\" \/>\n\t\t<meta property=\"og:description\" content=\"El diputado regional del PP Carlos Su\u00e1rez ha instado este martes al Sespa a poner soluci\u00f3n a la situaci\u00f3n de colapso &quot;hist\u00f3rica&quot; que viven las urgencias del hospital de Cabue\u00f1es, en Gij\u00f3n, especialmente las pedi\u00e1tricas, por una &quot;hist\u00f3rica deficiencia&quot; de inversi\u00f3n y por falta de medios y recursos humanos. As\u00ed lo ha indicado, frente al\" \/>\n\t\t<meta property=\"og:url\" content=\"https:\/\/www.eldigitaldeasturias.com\/noticias\/el-pp-achaca-el-colapso-de-urgencias-en-cabuenes-a-la-falta-de-inversion\/\" \/>\n\t\t<meta property=\"og:image\" content=\"https:\/\/www.eldigitaldeasturias.com\/noticias\/wp-content\/uploads\/2013\/10\/cabue\u00f1es.jpg\" \/>\n\t\t<meta property=\"og:image:secure_url\" content=\"https:\/\/www.eldigitaldeasturias.com\/noticias\/wp-content\/uploads\/2013\/10\/cabue\u00f1es.jpg\" \/>\n\t\t<meta property=\"og:image:width\" content=\"632\" \/>\n\t\t<meta property=\"og:image:height\" content=\"474\" \/>\n\t\t<meta property=\"article:tag\" content=\"sociedad\" \/>\n\t\t<meta property=\"article:published_time\" content=\"2016-02-02T19:47:31+00:00\" \/>\n\t\t<meta property=\"article:modified_time\" content=\"2016-02-02T19:47:31+00:00\" \/>\n\t\t<meta property=\"article:publisher\" content=\"https:\/\/facebook.com\/eldigitaldeasturias\" \/>\n\t\t<meta name=\"twitter:card\" content=\"summary_large_image\" \/>\n\t\t<meta name=\"twitter:title\" content=\"El PP achaca el colapso de urgencias en Cabue\u00f1es a la falta de inversi\u00f3n - El Digital de Asturias\" \/>\n\t\t<meta name=\"twitter:description\" content=\"El diputado regional del PP Carlos Su\u00e1rez ha instado este martes al Sespa a poner soluci\u00f3n a la situaci\u00f3n de colapso &quot;hist\u00f3rica&quot; que viven las urgencias del hospital de Cabue\u00f1es, en Gij\u00f3n, especialmente las pedi\u00e1tricas, por una &quot;hist\u00f3rica deficiencia&quot; de inversi\u00f3n y por falta de medios y recursos humanos. As\u00ed lo ha indicado, frente al\" \/>\n\t\t<meta name=\"twitter:image\" content=\"https:\/\/www.eldigitaldeasturias.com\/noticias\/wp-content\/uploads\/2013\/10\/cabue\u00f1es.jpg\" \/>\n\t\t<meta name=\"twitter:label1\" content=\"Escrito por\" \/>\n\t\t<meta name=\"twitter:data1\" content=\"El Digital de Asturias\" \/>\n\t\t<meta name=\"twitter:label2\" content=\"Tiempo de lectura estimado\" \/>\n\t\t<meta name=\"twitter:data2\" content=\"2 minutos\" \/>\n\t\t<script type=\"application\/ld+json\" class=\"aioseo-schema\">\n\t\t\t{\"@context\":\"https:\\\/\\\/schema.org\",\"@graph\":[{\"@type\":\"BlogPosting\",\"@id\":\"https:\\\/\\\/www.eldigitaldeasturias.com\\\/noticias\\\/el-pp-achaca-el-colapso-de-urgencias-en-cabuenes-a-la-falta-de-inversion\\\/#blogposting\",\"name\":\"El PP achaca el colapso de urgencias en Cabue\\u00f1es a la falta de inversi\\u00f3n - El Digital de Asturias\",\"headline\":\"El PP achaca el colapso de urgencias en Cabue\\u00f1es a la falta de inversi\\u00f3n\",\"author\":{\"@id\":\"https:\\\/\\\/www.eldigitaldeasturias.com\\\/noticias\\\/author\\\/admin\\\/#author\"},\"publisher\":{\"@id\":\"https:\\\/\\\/www.eldigitaldeasturias.com\\\/noticias\\\/#organization\"},\"image\":{\"@type\":\"ImageObject\",\"url\":\"https:\\\/\\\/www.eldigitaldeasturias.com\\\/noticias\\\/wp-content\\\/uploads\\\/2013\\\/10\\\/cabue\\u00f1es.jpg\",\"width\":632,\"height\":474,\"caption\":\"Cabue\\u00f1es\"},\"datePublished\":\"2016-02-02T19:47:31+01:00\",\"dateModified\":\"2016-02-02T19:47:31+01:00\",\"inLanguage\":\"es-ES\",\"mainEntityOfPage\":{\"@id\":\"https:\\\/\\\/www.eldigitaldeasturias.com\\\/noticias\\\/el-pp-achaca-el-colapso-de-urgencias-en-cabuenes-a-la-falta-de-inversion\\\/#webpage\"},\"isPartOf\":{\"@id\":\"https:\\\/\\\/www.eldigitaldeasturias.com\\\/noticias\\\/el-pp-achaca-el-colapso-de-urgencias-en-cabuenes-a-la-falta-de-inversion\\\/#webpage\"},\"articleSection\":\"Sociedad\"},{\"@type\":\"BreadcrumbList\",\"@id\":\"https:\\\/\\\/www.eldigitaldeasturias.com\\\/noticias\\\/el-pp-achaca-el-colapso-de-urgencias-en-cabuenes-a-la-falta-de-inversion\\\/#breadcrumblist\",\"itemListElement\":[{\"@type\":\"ListItem\",\"@id\":\"https:\\\/\\\/www.eldigitaldeasturias.com\\\/noticias#listItem\",\"position\":1,\"name\":\"Home\",\"item\":\"https:\\\/\\\/www.eldigitaldeasturias.com\\\/noticias\",\"nextItem\":{\"@type\":\"ListItem\",\"@id\":\"https:\\\/\\\/www.eldigitaldeasturias.com\\\/noticias\\\/category\\\/sociedad\\\/#listItem\",\"name\":\"Sociedad\"}},{\"@type\":\"ListItem\",\"@id\":\"https:\\\/\\\/www.eldigitaldeasturias.com\\\/noticias\\\/category\\\/sociedad\\\/#listItem\",\"position\":2,\"name\":\"Sociedad\",\"item\":\"https:\\\/\\\/www.eldigitaldeasturias.com\\\/noticias\\\/category\\\/sociedad\\\/\",\"nextItem\":{\"@type\":\"ListItem\",\"@id\":\"https:\\\/\\\/www.eldigitaldeasturias.com\\\/noticias\\\/el-pp-achaca-el-colapso-de-urgencias-en-cabuenes-a-la-falta-de-inversion\\\/#listItem\",\"name\":\"El PP achaca el colapso de urgencias en Cabue\\u00f1es a la falta de inversi\\u00f3n\"},\"previousItem\":{\"@type\":\"ListItem\",\"@id\":\"https:\\\/\\\/www.eldigitaldeasturias.com\\\/noticias#listItem\",\"name\":\"Home\"}},{\"@type\":\"ListItem\",\"@id\":\"https:\\\/\\\/www.eldigitaldeasturias.com\\\/noticias\\\/el-pp-achaca-el-colapso-de-urgencias-en-cabuenes-a-la-falta-de-inversion\\\/#listItem\",\"position\":3,\"name\":\"El PP achaca el colapso de urgencias en Cabue\\u00f1es a la falta de inversi\\u00f3n\",\"previousItem\":{\"@type\":\"ListItem\",\"@id\":\"https:\\\/\\\/www.eldigitaldeasturias.com\\\/noticias\\\/category\\\/sociedad\\\/#listItem\",\"name\":\"Sociedad\"}}]},{\"@type\":\"Organization\",\"@id\":\"https:\\\/\\\/www.eldigitaldeasturias.com\\\/noticias\\\/#organization\",\"name\":\"El Digital de Asturias\",\"description\":\"Hemeroteca\",\"url\":\"https:\\\/\\\/www.eldigitaldeasturias.com\\\/noticias\\\/\",\"email\":\"info@eldigitaldeasturias.com\",\"telephone\":\"+34652131393\",\"logo\":{\"@type\":\"ImageObject\",\"url\":\"https:\\\/\\\/www.eldigitaldeasturias.com\\\/noticias\\\/wp-content\\\/uploads\\\/2020\\\/12\\\/EDA.jpg\",\"@id\":\"https:\\\/\\\/www.eldigitaldeasturias.com\\\/noticias\\\/el-pp-achaca-el-colapso-de-urgencias-en-cabuenes-a-la-falta-de-inversion\\\/#organizationLogo\",\"width\":649,\"height\":297},\"image\":{\"@id\":\"https:\\\/\\\/www.eldigitaldeasturias.com\\\/noticias\\\/el-pp-achaca-el-colapso-de-urgencias-en-cabuenes-a-la-falta-de-inversion\\\/#organizationLogo\"},\"sameAs\":[\"https:\\\/\\\/facebook.com\\\/eldigitaldeasturias\",\"https:\\\/\\\/www.youtube.com\\\/channel\\\/UCZP-2wLEB9Rv6erhFmqVnvg\"],\"address\":{\"@id\":\"https:\\\/\\\/www.eldigitaldeasturias.com\\\/noticias\\\/#postaladdress\",\"@type\":\"PostalAddress\",\"streetAddress\":\"san antonio 4,\",\"postalCode\":\"33430\",\"addressLocality\":\"Cand\\u00e1s\",\"addressRegion\":\"Asturias\",\"addressCountry\":\"ES\"}},{\"@type\":\"Person\",\"@id\":\"https:\\\/\\\/www.eldigitaldeasturias.com\\\/noticias\\\/author\\\/admin\\\/#author\",\"url\":\"https:\\\/\\\/www.eldigitaldeasturias.com\\\/noticias\\\/author\\\/admin\\\/\",\"name\":\"El Digital de Asturias\",\"image\":{\"@type\":\"ImageObject\",\"@id\":\"https:\\\/\\\/www.eldigitaldeasturias.com\\\/noticias\\\/el-pp-achaca-el-colapso-de-urgencias-en-cabuenes-a-la-falta-de-inversion\\\/#authorImage\",\"url\":\"https:\\\/\\\/www.eldigitaldeasturias.com\\\/noticias\\\/wp-content\\\/litespeed\\\/avatar\\\/18677e78aa0546b92d9dbf31ec7d7668.jpg?ver=1776685526\",\"width\":96,\"height\":96,\"caption\":\"El Digital de Asturias\"}},{\"@type\":\"WebPage\",\"@id\":\"https:\\\/\\\/www.eldigitaldeasturias.com\\\/noticias\\\/el-pp-achaca-el-colapso-de-urgencias-en-cabuenes-a-la-falta-de-inversion\\\/#webpage\",\"url\":\"https:\\\/\\\/www.eldigitaldeasturias.com\\\/noticias\\\/el-pp-achaca-el-colapso-de-urgencias-en-cabuenes-a-la-falta-de-inversion\\\/\",\"name\":\"El PP achaca el colapso de urgencias en Cabue\\u00f1es a la falta de inversi\\u00f3n - El Digital de Asturias\",\"description\":\"El diputado regional del PP Carlos Su\\u00e1rez ha instado este martes al Sespa a poner soluci\\u00f3n a la situaci\\u00f3n de colapso \\\"hist\\u00f3rica\\\" que viven las urgencias del hospital de Cabue\\u00f1es, en Gij\\u00f3n, especialmente las pedi\\u00e1tricas, por una \\\"hist\\u00f3rica deficiencia\\\" de inversi\\u00f3n y por falta de medios y recursos humanos. As\\u00ed lo ha indicado, frente al\",\"inLanguage\":\"es-ES\",\"isPartOf\":{\"@id\":\"https:\\\/\\\/www.eldigitaldeasturias.com\\\/noticias\\\/#website\"},\"breadcrumb\":{\"@id\":\"https:\\\/\\\/www.eldigitaldeasturias.com\\\/noticias\\\/el-pp-achaca-el-colapso-de-urgencias-en-cabuenes-a-la-falta-de-inversion\\\/#breadcrumblist\"},\"author\":{\"@id\":\"https:\\\/\\\/www.eldigitaldeasturias.com\\\/noticias\\\/author\\\/admin\\\/#author\"},\"creator\":{\"@id\":\"https:\\\/\\\/www.eldigitaldeasturias.com\\\/noticias\\\/author\\\/admin\\\/#author\"},\"image\":{\"@type\":\"ImageObject\",\"url\":\"https:\\\/\\\/www.eldigitaldeasturias.com\\\/noticias\\\/wp-content\\\/uploads\\\/2013\\\/10\\\/cabue\\u00f1es.jpg\",\"@id\":\"https:\\\/\\\/www.eldigitaldeasturias.com\\\/noticias\\\/el-pp-achaca-el-colapso-de-urgencias-en-cabuenes-a-la-falta-de-inversion\\\/#mainImage\",\"width\":632,\"height\":474,\"caption\":\"Cabue\\u00f1es\"},\"primaryImageOfPage\":{\"@id\":\"https:\\\/\\\/www.eldigitaldeasturias.com\\\/noticias\\\/el-pp-achaca-el-colapso-de-urgencias-en-cabuenes-a-la-falta-de-inversion\\\/#mainImage\"},\"datePublished\":\"2016-02-02T19:47:31+01:00\",\"dateModified\":\"2016-02-02T19:47:31+01:00\"},{\"@type\":\"WebSite\",\"@id\":\"https:\\\/\\\/www.eldigitaldeasturias.com\\\/noticias\\\/#website\",\"url\":\"https:\\\/\\\/www.eldigitaldeasturias.com\\\/noticias\\\/\",\"name\":\"El Digital de Asturias - Diario de actualidad y noticias\",\"alternateName\":\"El Digital de Asturias - Diario de actualidad y noticias\",\"description\":\"Hemeroteca\",\"inLanguage\":\"es-ES\",\"publisher\":{\"@id\":\"https:\\\/\\\/www.eldigitaldeasturias.com\\\/noticias\\\/#organization\"}}]}\n\t\t<\/script>\n\t\t<!-- All in One SEO Pro -->\r\n\t\t<title>El PP achaca el colapso de urgencias en Cabue\u00f1es a la falta de inversi\u00f3n - El Digital de Asturias<\/title>\n\n","aioseo_head_json":{"title":"El PP achaca el colapso de urgencias en Cabue\u00f1es a la falta de inversi\u00f3n - El Digital de Asturias","description":"El diputado regional del PP Carlos Su\u00e1rez ha instado este martes al Sespa a poner soluci\u00f3n a la situaci\u00f3n de colapso \"hist\u00f3rica\" que viven las urgencias del hospital de Cabue\u00f1es, en Gij\u00f3n, especialmente las pedi\u00e1tricas, por una \"hist\u00f3rica deficiencia\" de inversi\u00f3n y por falta de medios y recursos humanos. As\u00ed lo ha indicado, frente al","canonical_url":"https:\/\/www.eldigitaldeasturias.com\/noticias\/el-pp-achaca-el-colapso-de-urgencias-en-cabuenes-a-la-falta-de-inversion\/","robots":"max-image-preview:large","keywords":"sociedad","webmasterTools":{"google-site-verification":"UA-38556648-1","msvalidate.01":"7dfe9f3f1b24437ab69f4f2559babe99","miscellaneous":""},"schema":{"@context":"https:\/\/schema.org","@graph":[{"@type":"BlogPosting","@id":"https:\/\/www.eldigitaldeasturias.com\/noticias\/el-pp-achaca-el-colapso-de-urgencias-en-cabuenes-a-la-falta-de-inversion\/#blogposting","name":"El PP achaca el colapso de urgencias en Cabue\u00f1es a la falta de inversi\u00f3n - El Digital de Asturias","headline":"El PP achaca el colapso de urgencias en Cabue\u00f1es a la falta de inversi\u00f3n","author":{"@id":"https:\/\/www.eldigitaldeasturias.com\/noticias\/author\/admin\/#author"},"publisher":{"@id":"https:\/\/www.eldigitaldeasturias.com\/noticias\/#organization"},"image":{"@type":"ImageObject","url":"https:\/\/www.eldigitaldeasturias.com\/noticias\/wp-content\/uploads\/2013\/10\/cabue\u00f1es.jpg","width":632,"height":474,"caption":"Cabue\u00f1es"},"datePublished":"2016-02-02T19:47:31+01:00","dateModified":"2016-02-02T19:47:31+01:00","inLanguage":"es-ES","mainEntityOfPage":{"@id":"https:\/\/www.eldigitaldeasturias.com\/noticias\/el-pp-achaca-el-colapso-de-urgencias-en-cabuenes-a-la-falta-de-inversion\/#webpage"},"isPartOf":{"@id":"https:\/\/www.eldigitaldeasturias.com\/noticias\/el-pp-achaca-el-colapso-de-urgencias-en-cabuenes-a-la-falta-de-inversion\/#webpage"},"articleSection":"Sociedad"},{"@type":"BreadcrumbList","@id":"https:\/\/www.eldigitaldeasturias.com\/noticias\/el-pp-achaca-el-colapso-de-urgencias-en-cabuenes-a-la-falta-de-inversion\/#breadcrumblist","itemListElement":[{"@type":"ListItem","@id":"https:\/\/www.eldigitaldeasturias.com\/noticias#listItem","position":1,"name":"Home","item":"https:\/\/www.eldigitaldeasturias.com\/noticias","nextItem":{"@type":"ListItem","@id":"https:\/\/www.eldigitaldeasturias.com\/noticias\/category\/sociedad\/#listItem","name":"Sociedad"}},{"@type":"ListItem","@id":"https:\/\/www.eldigitaldeasturias.com\/noticias\/category\/sociedad\/#listItem","position":2,"name":"Sociedad","item":"https:\/\/www.eldigitaldeasturias.com\/noticias\/category\/sociedad\/","nextItem":{"@type":"ListItem","@id":"https:\/\/www.eldigitaldeasturias.com\/noticias\/el-pp-achaca-el-colapso-de-urgencias-en-cabuenes-a-la-falta-de-inversion\/#listItem","name":"El PP achaca el colapso de urgencias en Cabue\u00f1es a la falta de inversi\u00f3n"},"previousItem":{"@type":"ListItem","@id":"https:\/\/www.eldigitaldeasturias.com\/noticias#listItem","name":"Home"}},{"@type":"ListItem","@id":"https:\/\/www.eldigitaldeasturias.com\/noticias\/el-pp-achaca-el-colapso-de-urgencias-en-cabuenes-a-la-falta-de-inversion\/#listItem","position":3,"name":"El PP achaca el colapso de urgencias en Cabue\u00f1es a la falta de inversi\u00f3n","previousItem":{"@type":"ListItem","@id":"https:\/\/www.eldigitaldeasturias.com\/noticias\/category\/sociedad\/#listItem","name":"Sociedad"}}]},{"@type":"Organization","@id":"https:\/\/www.eldigitaldeasturias.com\/noticias\/#organization","name":"El Digital de Asturias","description":"Hemeroteca","url":"https:\/\/www.eldigitaldeasturias.com\/noticias\/","email":"info@eldigitaldeasturias.com","telephone":"+34652131393","logo":{"@type":"ImageObject","url":"https:\/\/www.eldigitaldeasturias.com\/noticias\/wp-content\/uploads\/2020\/12\/EDA.jpg","@id":"https:\/\/www.eldigitaldeasturias.com\/noticias\/el-pp-achaca-el-colapso-de-urgencias-en-cabuenes-a-la-falta-de-inversion\/#organizationLogo","width":649,"height":297},"image":{"@id":"https:\/\/www.eldigitaldeasturias.com\/noticias\/el-pp-achaca-el-colapso-de-urgencias-en-cabuenes-a-la-falta-de-inversion\/#organizationLogo"},"sameAs":["https:\/\/facebook.com\/eldigitaldeasturias","https:\/\/www.youtube.com\/channel\/UCZP-2wLEB9Rv6erhFmqVnvg"],"address":{"@id":"https:\/\/www.eldigitaldeasturias.com\/noticias\/#postaladdress","@type":"PostalAddress","streetAddress":"san antonio 4,","postalCode":"33430","addressLocality":"Cand\u00e1s","addressRegion":"Asturias","addressCountry":"ES"}},{"@type":"Person","@id":"https:\/\/www.eldigitaldeasturias.com\/noticias\/author\/admin\/#author","url":"https:\/\/www.eldigitaldeasturias.com\/noticias\/author\/admin\/","name":"El Digital de Asturias","image":{"@type":"ImageObject","@id":"https:\/\/www.eldigitaldeasturias.com\/noticias\/el-pp-achaca-el-colapso-de-urgencias-en-cabuenes-a-la-falta-de-inversion\/#authorImage","url":"https:\/\/www.eldigitaldeasturias.com\/noticias\/wp-content\/litespeed\/avatar\/18677e78aa0546b92d9dbf31ec7d7668.jpg?ver=1776685526","width":96,"height":96,"caption":"El Digital de Asturias"}},{"@type":"WebPage","@id":"https:\/\/www.eldigitaldeasturias.com\/noticias\/el-pp-achaca-el-colapso-de-urgencias-en-cabuenes-a-la-falta-de-inversion\/#webpage","url":"https:\/\/www.eldigitaldeasturias.com\/noticias\/el-pp-achaca-el-colapso-de-urgencias-en-cabuenes-a-la-falta-de-inversion\/","name":"El PP achaca el colapso de urgencias en Cabue\u00f1es a la falta de inversi\u00f3n - El Digital de Asturias","description":"El diputado regional del PP Carlos Su\u00e1rez ha instado este martes al Sespa a poner soluci\u00f3n a la situaci\u00f3n de colapso \"hist\u00f3rica\" que viven las urgencias del hospital de Cabue\u00f1es, en Gij\u00f3n, especialmente las pedi\u00e1tricas, por una \"hist\u00f3rica deficiencia\" de inversi\u00f3n y por falta de medios y recursos humanos. As\u00ed lo ha indicado, frente al","inLanguage":"es-ES","isPartOf":{"@id":"https:\/\/www.eldigitaldeasturias.com\/noticias\/#website"},"breadcrumb":{"@id":"https:\/\/www.eldigitaldeasturias.com\/noticias\/el-pp-achaca-el-colapso-de-urgencias-en-cabuenes-a-la-falta-de-inversion\/#breadcrumblist"},"author":{"@id":"https:\/\/www.eldigitaldeasturias.com\/noticias\/author\/admin\/#author"},"creator":{"@id":"https:\/\/www.eldigitaldeasturias.com\/noticias\/author\/admin\/#author"},"image":{"@type":"ImageObject","url":"https:\/\/www.eldigitaldeasturias.com\/noticias\/wp-content\/uploads\/2013\/10\/cabue\u00f1es.jpg","@id":"https:\/\/www.eldigitaldeasturias.com\/noticias\/el-pp-achaca-el-colapso-de-urgencias-en-cabuenes-a-la-falta-de-inversion\/#mainImage","width":632,"height":474,"caption":"Cabue\u00f1es"},"primaryImageOfPage":{"@id":"https:\/\/www.eldigitaldeasturias.com\/noticias\/el-pp-achaca-el-colapso-de-urgencias-en-cabuenes-a-la-falta-de-inversion\/#mainImage"},"datePublished":"2016-02-02T19:47:31+01:00","dateModified":"2016-02-02T19:47:31+01:00"},{"@type":"WebSite","@id":"https:\/\/www.eldigitaldeasturias.com\/noticias\/#website","url":"https:\/\/www.eldigitaldeasturias.com\/noticias\/","name":"El Digital de Asturias - Diario de actualidad y noticias","alternateName":"El Digital de Asturias - Diario de actualidad y noticias","description":"Hemeroteca","inLanguage":"es-ES","publisher":{"@id":"https:\/\/www.eldigitaldeasturias.com\/noticias\/#organization"}}]},"og:locale":"es_ES","og:site_name":"El Digital de Asturias","og:type":"article","og:title":"El PP achaca el colapso de urgencias en Cabue\u00f1es a la falta de inversi\u00f3n - El Digital de Asturias","og:description":"El diputado regional del PP Carlos Su\u00e1rez ha instado este martes al Sespa a poner soluci\u00f3n a la situaci\u00f3n de colapso &quot;hist\u00f3rica&quot; que viven las urgencias del hospital de Cabue\u00f1es, en Gij\u00f3n, especialmente las pedi\u00e1tricas, por una &quot;hist\u00f3rica deficiencia&quot; de inversi\u00f3n y por falta de medios y recursos humanos. As\u00ed lo ha indicado, frente al","og:url":"https:\/\/www.eldigitaldeasturias.com\/noticias\/el-pp-achaca-el-colapso-de-urgencias-en-cabuenes-a-la-falta-de-inversion\/","og:image":"https:\/\/www.eldigitaldeasturias.com\/noticias\/wp-content\/uploads\/2013\/10\/cabue\u00f1es.jpg","og:image:secure_url":"https:\/\/www.eldigitaldeasturias.com\/noticias\/wp-content\/uploads\/2013\/10\/cabue\u00f1es.jpg","og:image:width":632,"og:image:height":474,"article:tag":["sociedad"],"article:published_time":"2016-02-02T19:47:31+00:00","article:modified_time":"2016-02-02T19:47:31+00:00","article:publisher":"https:\/\/facebook.com\/eldigitaldeasturias","twitter:card":"summary_large_image","twitter:title":"El PP achaca el colapso de urgencias en Cabue\u00f1es a la falta de inversi\u00f3n - El Digital de Asturias","twitter:description":"El diputado regional del PP Carlos Su\u00e1rez ha instado este martes al Sespa a poner soluci\u00f3n a la situaci\u00f3n de colapso &quot;hist\u00f3rica&quot; que viven las urgencias del hospital de Cabue\u00f1es, en Gij\u00f3n, especialmente las pedi\u00e1tricas, por una &quot;hist\u00f3rica deficiencia&quot; de inversi\u00f3n y por falta de medios y recursos humanos. As\u00ed lo ha indicado, frente al","twitter:image":"https:\/\/www.eldigitaldeasturias.com\/noticias\/wp-content\/uploads\/2013\/10\/cabue\u00f1es.jpg","twitter:label1":"Escrito por","twitter:data1":"El Digital de Asturias","twitter:label2":"Tiempo de lectura estimado","twitter:data2":"2 minutos"},"aioseo_meta_data":{"post_id":"853088","title":null,"description":null,"keywords":null,"keyphrases":null,"primary_term":null,"canonical_url":null,"og_title":null,"og_description":null,"og_object_type":"default","og_image_type":"default","og_image_url":null,"og_image_width":null,"og_image_height":null,"og_image_custom_url":null,"og_image_custom_fields":null,"og_video":null,"og_custom_url":null,"og_article_section":null,"og_article_tags":null,"twitter_use_og":false,"twitter_card":"default","twitter_image_type":"default","twitter_image_url":null,"twitter_image_custom_url":null,"twitter_image_custom_fields":null,"twitter_title":null,"twitter_description":null,"schema":{"blockGraphs":[],"customGraphs":[],"default":{"data":{"Article":[],"Course":[],"Dataset":[],"FAQPage":[],"Movie":[],"Person":[],"Product":[],"ProductReview":[],"Car":[],"Recipe":[],"Service":[],"SoftwareApplication":[],"WebPage":[]},"graphName":"","isEnabled":true},"graphs":[],"defaultGraph":"","defaultPostTypeGraph":""},"schema_type":null,"schema_type_options":null,"pillar_content":false,"robots_default":true,"robots_noindex":false,"robots_noarchive":false,"robots_nosnippet":false,"robots_nofollow":false,"robots_noimageindex":false,"robots_noodp":false,"robots_notranslate":false,"robots_max_snippet":null,"robots_max_videopreview":null,"robots_max_imagepreview":"large","priority":null,"frequency":null,"local_seo":null,"seo_analyzer_scan_date":"2025-12-09 17:00:11","breadcrumb_settings":null,"limit_modified_date":false,"open_ai":null,"ai":null,"created":"2021-01-22 00:32:48","updated":"2025-12-09 17:00:11"},"aioseo_breadcrumb":"<div class=\"aioseo-breadcrumbs\"><span class=\"aioseo-breadcrumb\">\n\t<a href=\"https:\/\/www.eldigitaldeasturias.com\/noticias\" title=\"Home\">Home<\/a>\n<\/span><span class=\"aioseo-breadcrumb-separator\">\u2013<\/span><span class=\"aioseo-breadcrumb\">\n\t<a href=\"https:\/\/www.eldigitaldeasturias.com\/noticias\/category\/sociedad\/\" title=\"Sociedad\">Sociedad<\/a>\n<\/span><span class=\"aioseo-breadcrumb-separator\">\u2013<\/span><span class=\"aioseo-breadcrumb\">\n\t<a href=\"https:\/\/www.eldigitaldeasturias.com\/noticias\/el-pp-achaca-el-colapso-de-urgencias-en-cabuenes-a-la-falta-de-inversion\/\" title=\"El PP achaca el colapso de urgencias en Cabue\u00f1es a la falta de inversi\u00f3n\">El PP achaca el colapso de urgencias en Cabue\u00f1es a la falta de inversi\u00f3n<\/a>\n<\/span><\/div>","aioseo_breadcrumb_json":[{"label":"Home","link":"https:\/\/www.eldigitaldeasturias.com\/noticias"},{"label":"Sociedad","link":"https:\/\/www.eldigitaldeasturias.com\/noticias\/category\/sociedad\/"},{"label":"El PP achaca el colapso de urgencias en Cabue\u00f1es a la falta de inversi\u00f3n","link":"https:\/\/www.eldigitaldeasturias.com\/noticias\/el-pp-achaca-el-colapso-de-urgencias-en-cabuenes-a-la-falta-de-inversion\/"}],"_links":{"self":[{"href":"https:\/\/www.eldigitaldeasturias.com\/noticias\/wp-json\/wp\/v2\/posts\/853088","targetHints":{"allow":["GET"]}}],"collection":[{"href":"https:\/\/www.eldigitaldeasturias.com\/noticias\/wp-json\/wp\/v2\/posts"}],"about":[{"href":"https:\/\/www.eldigitaldeasturias.com\/noticias\/wp-json\/wp\/v2\/types\/post"}],"author":[{"embeddable":true,"href":"https:\/\/www.eldigitaldeasturias.com\/noticias\/wp-json\/wp\/v2\/users\/1"}],"replies":[{"embeddable":true,"href":"https:\/\/www.eldigitaldeasturias.com\/noticias\/wp-json\/wp\/v2\/comments?post=853088"}],"version-history":[{"count":0,"href":"https:\/\/www.eldigitaldeasturias.com\/noticias\/wp-json\/wp\/v2\/posts\/853088\/revisions"}],"wp:featuredmedia":[{"embeddable":true,"href":"https:\/\/www.eldigitaldeasturias.com\/noticias\/wp-json\/wp\/v2\/media\/438770"}],"wp:attachment":[{"href":"https:\/\/www.eldigitaldeasturias.com\/noticias\/wp-json\/wp\/v2\/media?parent=853088"}],"wp:term":[{"taxonomy":"category","embeddable":true,"href":"https:\/\/www.eldigitaldeasturias.com\/noticias\/wp-json\/wp\/v2\/categories?post=853088"},{"taxonomy":"post_tag","embeddable":true,"href":"https:\/\/www.eldigitaldeasturias.com\/noticias\/wp-json\/wp\/v2\/tags?post=853088"}],"curies":[{"name":"wp","href":"https:\/\/api.w.org\/{rel}","templated":true}]}}