{"id":853080,"date":"2016-02-02T19:42:11","date_gmt":"2016-02-02T19:42:11","guid":{"rendered":"http:\/\/www.eldigitaldeasturias.com\/noticias\/?p=853080"},"modified":"2016-02-02T19:42:11","modified_gmt":"2016-02-02T19:42:11","slug":"la-fiscalia-pide-la-condena-de-un-empresario-por-un-accidente-laboral","status":"publish","type":"post","link":"https:\/\/www.eldigitaldeasturias.com\/noticias\/la-fiscalia-pide-la-condena-de-un-empresario-por-un-accidente-laboral\/","title":{"rendered":"La Fiscal\u00eda pide la condena de un empresario por un accidente laboral"},"content":{"rendered":"<p><img loading=\"lazy\" decoding=\"async\" class=\"alignleft size-medium wp-image-780850\" src=\"https:\/\/www.eldigitaldeasturias.com\/noticias\/wp-content\/uploads\/2015\/04\/juzgados-360x270.jpg\" alt=\"juzgados\" width=\"360\" height=\"270\" srcset=\"https:\/\/www.eldigitaldeasturias.com\/noticias\/wp-content\/uploads\/2015\/04\/juzgados-360x270.jpg 360w, https:\/\/www.eldigitaldeasturias.com\/noticias\/wp-content\/uploads\/2015\/04\/juzgados-400x300.jpg 400w, https:\/\/www.eldigitaldeasturias.com\/noticias\/wp-content\/uploads\/2015\/04\/juzgados-768x576.jpg 768w, https:\/\/www.eldigitaldeasturias.com\/noticias\/wp-content\/uploads\/2015\/04\/juzgados-640x480.jpg 640w, https:\/\/www.eldigitaldeasturias.com\/noticias\/wp-content\/uploads\/2015\/04\/juzgados-20x15.jpg 20w, https:\/\/www.eldigitaldeasturias.com\/noticias\/wp-content\/uploads\/2015\/04\/juzgados.jpg 800w\" sizes=\"auto, (max-width: 360px) 100vw, 360px\" \/>La Fiscal\u00eda del Principado de Asturias solicita la condena de un empresario por un accidente laboral ocurrido en 2014 en Gij\u00f3n. La vista oral se celebrar\u00e1 este mi\u00e9rcoles en el Juzgado de lo Penal n\u00famero tres de Gij\u00f3n, a las 9.30 horas.<\/p>\n<p>En una nota de prensa, el Ministerio Fiscal sostiene que, sobre las 15.15 horas del 14 de mayo de 2014, un trabajador de una compa\u00f1\u00eda de construcciones met\u00e1licas, especialista en calderer\u00eda, se encontraba desempe\u00f1ando su labor en el pol\u00edgono de Somonte III de Sotiello, en Gij\u00f3n, consistente en el montaje de una viga angular en el techo del horno convectivo, situado en el exterior de la nave.<\/p>\n<p>El empleado se encontraba junto a un compa\u00f1ero y en un momento dado, se produjo una racha de viento que levant\u00f3 las chapas que estaban acopiadas en el techo, una de las cuales golpe\u00f3 al trabajador, que cay\u00f3 al interior del horno, a una altura de 4 metros. A consecuencia del golpe sufri\u00f3 varias lesiones, entre ellas, traumatismo cr\u00e1neo-encef\u00e1lico y varias fracturas. Tard\u00f3 en curar 145 d\u00edas, diez de ellos de ingreso hospitalario.<\/p>\n<p>Le han quedado varias secuelas y despu\u00e9s del accidente fue atendido por el Sespa, que ha renunciado a toda indemnizaci\u00f3n, ya que los gastos le fueron abonados por la mutua.<\/p>\n<p>El Ministerio Fiscal sostiene que el suceso se debi\u00f3 a que se realizaban labores en altura sin que los trabajadores dispusiesen de ning\u00fan tipo de protecci\u00f3n colectiva ni individual y a que hab\u00eda material que no hab\u00eda sido sujetado previamente. Esta situaci\u00f3n de riesgo afectaba al resto de trabajadores.<\/p>\n<p>El acusado era administrador \u00fanico y gerente de la empresa y el m\u00e1ximo responsable en materia de seguridad de la misma y, como tal, deb\u00eda haberse asegurado de la implantaci\u00f3n correcta de las medidas de protecci\u00f3n previstas en el Plan de Seguridad y Salud.<\/p>\n<p>La Fiscal\u00eda considera que los hechos son constitutivos de un delito contra la vida y salud de los trabajadores y de un delito de lesiones. POr ello solicita que se condene al acusado a dos a\u00f1os y seis meses de prisi\u00f3n, inhabilitaci\u00f3n especial para el derecho de sufragio pasivo durante el tiempo de la condena, inhabilitaci\u00f3n especial para el ejercicio del cargo de administrador y de gerente durante el tiempo de la condena, pago de las costas y abono de una indemnizaci\u00f3n al trabajador de un total de 23.593,28 euros. De esta cantidad responder\u00e1 de forma directa la compa\u00f1\u00eda aseguradora de la empresa y, de forma subsidiaria, la propia compa\u00f1\u00eda.<\/p>\n","protected":false},"excerpt":{"rendered":"<p>La Fiscal\u00eda del Principado de Asturias solicita la condena de un empresario por un accidente laboral ocurrido en 2014 en Gij\u00f3n. La vista oral se celebrar\u00e1 este mi\u00e9rcoles en el Juzgado de lo Penal n\u00famero tres de Gij\u00f3n, a las 9.30 horas. En una nota de prensa, el Ministerio Fiscal sostiene que, sobre las 15.15 [&hellip;]<\/p>\n","protected":false},"author":1,"featured_media":780850,"comment_status":"closed","ping_status":"closed","sticky":false,"template":"","format":"standard","meta":{"footnotes":""},"categories":[5],"tags":[],"class_list":["post-853080","post","type-post","status-publish","format-standard","has-post-thumbnail","hentry","category-sucesos"],"aioseo_notices":[],"aioseo_head":"\n\t\t<!-- All in One SEO Pro 4.9.6.2 - aioseo.com -->\n\t<meta name=\"description\" content=\"La Fiscal\u00eda del Principado de Asturias solicita la condena de un empresario por un accidente laboral ocurrido en 2014 en Gij\u00f3n. La vista oral se celebrar\u00e1 este mi\u00e9rcoles en el Juzgado de lo Penal n\u00famero tres de Gij\u00f3n, a las 9.30 horas. En una nota de prensa, el Ministerio Fiscal sostiene que, sobre las 15.15\" \/>\n\t<meta name=\"robots\" content=\"max-image-preview:large\" \/>\n\t<meta name=\"author\" content=\"El Digital de Asturias\"\/>\n\t<meta name=\"google-site-verification\" content=\"UA-38556648-1\" \/>\n\t<meta name=\"msvalidate.01\" content=\"7dfe9f3f1b24437ab69f4f2559babe99\" \/>\n\t<meta name=\"keywords\" content=\"sucesos\" \/>\n\t<link rel=\"canonical\" href=\"https:\/\/www.eldigitaldeasturias.com\/noticias\/la-fiscalia-pide-la-condena-de-un-empresario-por-un-accidente-laboral\/\" \/>\n\t<meta name=\"generator\" content=\"All in One SEO Pro (AIOSEO) 4.9.6.2\" \/>\n\t\t<meta property=\"og:locale\" content=\"es_ES\" \/>\n\t\t<meta property=\"og:site_name\" content=\"El Digital de Asturias\" \/>\n\t\t<meta property=\"og:type\" content=\"article\" \/>\n\t\t<meta property=\"og:title\" content=\"La Fiscal\u00eda pide la condena de un empresario por un accidente laboral - El Digital de Asturias\" \/>\n\t\t<meta property=\"og:description\" content=\"La Fiscal\u00eda del Principado de Asturias solicita la condena de un empresario por un accidente laboral ocurrido en 2014 en Gij\u00f3n. La vista oral se celebrar\u00e1 este mi\u00e9rcoles en el Juzgado de lo Penal n\u00famero tres de Gij\u00f3n, a las 9.30 horas. En una nota de prensa, el Ministerio Fiscal sostiene que, sobre las 15.15\" \/>\n\t\t<meta property=\"og:url\" content=\"https:\/\/www.eldigitaldeasturias.com\/noticias\/la-fiscalia-pide-la-condena-de-un-empresario-por-un-accidente-laboral\/\" \/>\n\t\t<meta property=\"og:image\" content=\"https:\/\/www.eldigitaldeasturias.com\/noticias\/wp-content\/uploads\/2015\/04\/juzgados.jpg\" \/>\n\t\t<meta property=\"og:image:secure_url\" content=\"https:\/\/www.eldigitaldeasturias.com\/noticias\/wp-content\/uploads\/2015\/04\/juzgados.jpg\" \/>\n\t\t<meta property=\"og:image:width\" content=\"800\" \/>\n\t\t<meta property=\"og:image:height\" content=\"600\" \/>\n\t\t<meta property=\"article:tag\" content=\"sucesos\" \/>\n\t\t<meta property=\"article:published_time\" content=\"2016-02-02T19:42:11+00:00\" \/>\n\t\t<meta property=\"article:modified_time\" content=\"2016-02-02T19:42:11+00:00\" \/>\n\t\t<meta property=\"article:publisher\" content=\"https:\/\/facebook.com\/eldigitaldeasturias\" \/>\n\t\t<meta name=\"twitter:card\" content=\"summary_large_image\" \/>\n\t\t<meta name=\"twitter:title\" content=\"La Fiscal\u00eda pide la condena de un empresario por un accidente laboral - El Digital de Asturias\" \/>\n\t\t<meta name=\"twitter:description\" content=\"La Fiscal\u00eda del Principado de Asturias solicita la condena de un empresario por un accidente laboral ocurrido en 2014 en Gij\u00f3n. La vista oral se celebrar\u00e1 este mi\u00e9rcoles en el Juzgado de lo Penal n\u00famero tres de Gij\u00f3n, a las 9.30 horas. En una nota de prensa, el Ministerio Fiscal sostiene que, sobre las 15.15\" \/>\n\t\t<meta name=\"twitter:image\" content=\"https:\/\/www.eldigitaldeasturias.com\/noticias\/wp-content\/uploads\/2015\/04\/juzgados.jpg\" \/>\n\t\t<meta name=\"twitter:label1\" content=\"Escrito por\" \/>\n\t\t<meta name=\"twitter:data1\" content=\"El Digital de Asturias\" \/>\n\t\t<meta name=\"twitter:label2\" content=\"Tiempo de lectura estimado\" \/>\n\t\t<meta name=\"twitter:data2\" content=\"2 minutos\" \/>\n\t\t<script type=\"application\/ld+json\" class=\"aioseo-schema\">\n\t\t\t{\"@context\":\"https:\\\/\\\/schema.org\",\"@graph\":[{\"@type\":\"BlogPosting\",\"@id\":\"https:\\\/\\\/www.eldigitaldeasturias.com\\\/noticias\\\/la-fiscalia-pide-la-condena-de-un-empresario-por-un-accidente-laboral\\\/#blogposting\",\"name\":\"La Fiscal\\u00eda pide la condena de un empresario por un accidente laboral - El Digital de Asturias\",\"headline\":\"La Fiscal\\u00eda pide la condena de un empresario por un accidente laboral\",\"author\":{\"@id\":\"https:\\\/\\\/www.eldigitaldeasturias.com\\\/noticias\\\/author\\\/admin\\\/#author\"},\"publisher\":{\"@id\":\"https:\\\/\\\/www.eldigitaldeasturias.com\\\/noticias\\\/#organization\"},\"image\":{\"@type\":\"ImageObject\",\"url\":\"https:\\\/\\\/www.eldigitaldeasturias.com\\\/noticias\\\/wp-content\\\/uploads\\\/2015\\\/04\\\/juzgados.jpg\",\"width\":800,\"height\":600},\"datePublished\":\"2016-02-02T19:42:11+01:00\",\"dateModified\":\"2016-02-02T19:42:11+01:00\",\"inLanguage\":\"es-ES\",\"mainEntityOfPage\":{\"@id\":\"https:\\\/\\\/www.eldigitaldeasturias.com\\\/noticias\\\/la-fiscalia-pide-la-condena-de-un-empresario-por-un-accidente-laboral\\\/#webpage\"},\"isPartOf\":{\"@id\":\"https:\\\/\\\/www.eldigitaldeasturias.com\\\/noticias\\\/la-fiscalia-pide-la-condena-de-un-empresario-por-un-accidente-laboral\\\/#webpage\"},\"articleSection\":\"Sucesos\"},{\"@type\":\"BreadcrumbList\",\"@id\":\"https:\\\/\\\/www.eldigitaldeasturias.com\\\/noticias\\\/la-fiscalia-pide-la-condena-de-un-empresario-por-un-accidente-laboral\\\/#breadcrumblist\",\"itemListElement\":[{\"@type\":\"ListItem\",\"@id\":\"https:\\\/\\\/www.eldigitaldeasturias.com\\\/noticias#listItem\",\"position\":1,\"name\":\"Home\",\"item\":\"https:\\\/\\\/www.eldigitaldeasturias.com\\\/noticias\",\"nextItem\":{\"@type\":\"ListItem\",\"@id\":\"https:\\\/\\\/www.eldigitaldeasturias.com\\\/noticias\\\/category\\\/sucesos\\\/#listItem\",\"name\":\"Sucesos\"}},{\"@type\":\"ListItem\",\"@id\":\"https:\\\/\\\/www.eldigitaldeasturias.com\\\/noticias\\\/category\\\/sucesos\\\/#listItem\",\"position\":2,\"name\":\"Sucesos\",\"item\":\"https:\\\/\\\/www.eldigitaldeasturias.com\\\/noticias\\\/category\\\/sucesos\\\/\",\"nextItem\":{\"@type\":\"ListItem\",\"@id\":\"https:\\\/\\\/www.eldigitaldeasturias.com\\\/noticias\\\/la-fiscalia-pide-la-condena-de-un-empresario-por-un-accidente-laboral\\\/#listItem\",\"name\":\"La Fiscal\\u00eda pide la condena de un empresario por un accidente laboral\"},\"previousItem\":{\"@type\":\"ListItem\",\"@id\":\"https:\\\/\\\/www.eldigitaldeasturias.com\\\/noticias#listItem\",\"name\":\"Home\"}},{\"@type\":\"ListItem\",\"@id\":\"https:\\\/\\\/www.eldigitaldeasturias.com\\\/noticias\\\/la-fiscalia-pide-la-condena-de-un-empresario-por-un-accidente-laboral\\\/#listItem\",\"position\":3,\"name\":\"La Fiscal\\u00eda pide la condena de un empresario por un accidente laboral\",\"previousItem\":{\"@type\":\"ListItem\",\"@id\":\"https:\\\/\\\/www.eldigitaldeasturias.com\\\/noticias\\\/category\\\/sucesos\\\/#listItem\",\"name\":\"Sucesos\"}}]},{\"@type\":\"Organization\",\"@id\":\"https:\\\/\\\/www.eldigitaldeasturias.com\\\/noticias\\\/#organization\",\"name\":\"El Digital de Asturias\",\"description\":\"Hemeroteca\",\"url\":\"https:\\\/\\\/www.eldigitaldeasturias.com\\\/noticias\\\/\",\"email\":\"info@eldigitaldeasturias.com\",\"telephone\":\"+34652131393\",\"logo\":{\"@type\":\"ImageObject\",\"url\":\"https:\\\/\\\/www.eldigitaldeasturias.com\\\/noticias\\\/wp-content\\\/uploads\\\/2020\\\/12\\\/EDA.jpg\",\"@id\":\"https:\\\/\\\/www.eldigitaldeasturias.com\\\/noticias\\\/la-fiscalia-pide-la-condena-de-un-empresario-por-un-accidente-laboral\\\/#organizationLogo\",\"width\":649,\"height\":297},\"image\":{\"@id\":\"https:\\\/\\\/www.eldigitaldeasturias.com\\\/noticias\\\/la-fiscalia-pide-la-condena-de-un-empresario-por-un-accidente-laboral\\\/#organizationLogo\"},\"sameAs\":[\"https:\\\/\\\/facebook.com\\\/eldigitaldeasturias\",\"https:\\\/\\\/www.youtube.com\\\/channel\\\/UCZP-2wLEB9Rv6erhFmqVnvg\"],\"address\":{\"@id\":\"https:\\\/\\\/www.eldigitaldeasturias.com\\\/noticias\\\/#postaladdress\",\"@type\":\"PostalAddress\",\"streetAddress\":\"san antonio 4,\",\"postalCode\":\"33430\",\"addressLocality\":\"Cand\\u00e1s\",\"addressRegion\":\"Asturias\",\"addressCountry\":\"ES\"}},{\"@type\":\"Person\",\"@id\":\"https:\\\/\\\/www.eldigitaldeasturias.com\\\/noticias\\\/author\\\/admin\\\/#author\",\"url\":\"https:\\\/\\\/www.eldigitaldeasturias.com\\\/noticias\\\/author\\\/admin\\\/\",\"name\":\"El Digital de Asturias\",\"image\":{\"@type\":\"ImageObject\",\"@id\":\"https:\\\/\\\/www.eldigitaldeasturias.com\\\/noticias\\\/la-fiscalia-pide-la-condena-de-un-empresario-por-un-accidente-laboral\\\/#authorImage\",\"url\":\"https:\\\/\\\/www.eldigitaldeasturias.com\\\/noticias\\\/wp-content\\\/litespeed\\\/avatar\\\/18677e78aa0546b92d9dbf31ec7d7668.jpg?ver=1776685526\",\"width\":96,\"height\":96,\"caption\":\"El Digital de Asturias\"}},{\"@type\":\"WebPage\",\"@id\":\"https:\\\/\\\/www.eldigitaldeasturias.com\\\/noticias\\\/la-fiscalia-pide-la-condena-de-un-empresario-por-un-accidente-laboral\\\/#webpage\",\"url\":\"https:\\\/\\\/www.eldigitaldeasturias.com\\\/noticias\\\/la-fiscalia-pide-la-condena-de-un-empresario-por-un-accidente-laboral\\\/\",\"name\":\"La Fiscal\\u00eda pide la condena de un empresario por un accidente laboral - El Digital de Asturias\",\"description\":\"La Fiscal\\u00eda del Principado de Asturias solicita la condena de un empresario por un accidente laboral ocurrido en 2014 en Gij\\u00f3n. La vista oral se celebrar\\u00e1 este mi\\u00e9rcoles en el Juzgado de lo Penal n\\u00famero tres de Gij\\u00f3n, a las 9.30 horas. En una nota de prensa, el Ministerio Fiscal sostiene que, sobre las 15.15\",\"inLanguage\":\"es-ES\",\"isPartOf\":{\"@id\":\"https:\\\/\\\/www.eldigitaldeasturias.com\\\/noticias\\\/#website\"},\"breadcrumb\":{\"@id\":\"https:\\\/\\\/www.eldigitaldeasturias.com\\\/noticias\\\/la-fiscalia-pide-la-condena-de-un-empresario-por-un-accidente-laboral\\\/#breadcrumblist\"},\"author\":{\"@id\":\"https:\\\/\\\/www.eldigitaldeasturias.com\\\/noticias\\\/author\\\/admin\\\/#author\"},\"creator\":{\"@id\":\"https:\\\/\\\/www.eldigitaldeasturias.com\\\/noticias\\\/author\\\/admin\\\/#author\"},\"image\":{\"@type\":\"ImageObject\",\"url\":\"https:\\\/\\\/www.eldigitaldeasturias.com\\\/noticias\\\/wp-content\\\/uploads\\\/2015\\\/04\\\/juzgados.jpg\",\"@id\":\"https:\\\/\\\/www.eldigitaldeasturias.com\\\/noticias\\\/la-fiscalia-pide-la-condena-de-un-empresario-por-un-accidente-laboral\\\/#mainImage\",\"width\":800,\"height\":600},\"primaryImageOfPage\":{\"@id\":\"https:\\\/\\\/www.eldigitaldeasturias.com\\\/noticias\\\/la-fiscalia-pide-la-condena-de-un-empresario-por-un-accidente-laboral\\\/#mainImage\"},\"datePublished\":\"2016-02-02T19:42:11+01:00\",\"dateModified\":\"2016-02-02T19:42:11+01:00\"},{\"@type\":\"WebSite\",\"@id\":\"https:\\\/\\\/www.eldigitaldeasturias.com\\\/noticias\\\/#website\",\"url\":\"https:\\\/\\\/www.eldigitaldeasturias.com\\\/noticias\\\/\",\"name\":\"El Digital de Asturias - Diario de actualidad y noticias\",\"alternateName\":\"El Digital de Asturias - Diario de actualidad y noticias\",\"description\":\"Hemeroteca\",\"inLanguage\":\"es-ES\",\"publisher\":{\"@id\":\"https:\\\/\\\/www.eldigitaldeasturias.com\\\/noticias\\\/#organization\"}}]}\n\t\t<\/script>\n\t\t<!-- All in One SEO Pro -->\r\n\t\t<title>La Fiscal\u00eda pide la condena de un empresario por un accidente laboral - El Digital de Asturias<\/title>\n\n","aioseo_head_json":{"title":"La Fiscal\u00eda pide la condena de un empresario por un accidente laboral - El Digital de Asturias","description":"La Fiscal\u00eda del Principado de Asturias solicita la condena de un empresario por un accidente laboral ocurrido en 2014 en Gij\u00f3n. La vista oral se celebrar\u00e1 este mi\u00e9rcoles en el Juzgado de lo Penal n\u00famero tres de Gij\u00f3n, a las 9.30 horas. En una nota de prensa, el Ministerio Fiscal sostiene que, sobre las 15.15","canonical_url":"https:\/\/www.eldigitaldeasturias.com\/noticias\/la-fiscalia-pide-la-condena-de-un-empresario-por-un-accidente-laboral\/","robots":"max-image-preview:large","keywords":"sucesos","webmasterTools":{"google-site-verification":"UA-38556648-1","msvalidate.01":"7dfe9f3f1b24437ab69f4f2559babe99","miscellaneous":""},"schema":{"@context":"https:\/\/schema.org","@graph":[{"@type":"BlogPosting","@id":"https:\/\/www.eldigitaldeasturias.com\/noticias\/la-fiscalia-pide-la-condena-de-un-empresario-por-un-accidente-laboral\/#blogposting","name":"La Fiscal\u00eda pide la condena de un empresario por un accidente laboral - El Digital de Asturias","headline":"La Fiscal\u00eda pide la condena de un empresario por un accidente laboral","author":{"@id":"https:\/\/www.eldigitaldeasturias.com\/noticias\/author\/admin\/#author"},"publisher":{"@id":"https:\/\/www.eldigitaldeasturias.com\/noticias\/#organization"},"image":{"@type":"ImageObject","url":"https:\/\/www.eldigitaldeasturias.com\/noticias\/wp-content\/uploads\/2015\/04\/juzgados.jpg","width":800,"height":600},"datePublished":"2016-02-02T19:42:11+01:00","dateModified":"2016-02-02T19:42:11+01:00","inLanguage":"es-ES","mainEntityOfPage":{"@id":"https:\/\/www.eldigitaldeasturias.com\/noticias\/la-fiscalia-pide-la-condena-de-un-empresario-por-un-accidente-laboral\/#webpage"},"isPartOf":{"@id":"https:\/\/www.eldigitaldeasturias.com\/noticias\/la-fiscalia-pide-la-condena-de-un-empresario-por-un-accidente-laboral\/#webpage"},"articleSection":"Sucesos"},{"@type":"BreadcrumbList","@id":"https:\/\/www.eldigitaldeasturias.com\/noticias\/la-fiscalia-pide-la-condena-de-un-empresario-por-un-accidente-laboral\/#breadcrumblist","itemListElement":[{"@type":"ListItem","@id":"https:\/\/www.eldigitaldeasturias.com\/noticias#listItem","position":1,"name":"Home","item":"https:\/\/www.eldigitaldeasturias.com\/noticias","nextItem":{"@type":"ListItem","@id":"https:\/\/www.eldigitaldeasturias.com\/noticias\/category\/sucesos\/#listItem","name":"Sucesos"}},{"@type":"ListItem","@id":"https:\/\/www.eldigitaldeasturias.com\/noticias\/category\/sucesos\/#listItem","position":2,"name":"Sucesos","item":"https:\/\/www.eldigitaldeasturias.com\/noticias\/category\/sucesos\/","nextItem":{"@type":"ListItem","@id":"https:\/\/www.eldigitaldeasturias.com\/noticias\/la-fiscalia-pide-la-condena-de-un-empresario-por-un-accidente-laboral\/#listItem","name":"La Fiscal\u00eda pide la condena de un empresario por un accidente laboral"},"previousItem":{"@type":"ListItem","@id":"https:\/\/www.eldigitaldeasturias.com\/noticias#listItem","name":"Home"}},{"@type":"ListItem","@id":"https:\/\/www.eldigitaldeasturias.com\/noticias\/la-fiscalia-pide-la-condena-de-un-empresario-por-un-accidente-laboral\/#listItem","position":3,"name":"La Fiscal\u00eda pide la condena de un empresario por un accidente laboral","previousItem":{"@type":"ListItem","@id":"https:\/\/www.eldigitaldeasturias.com\/noticias\/category\/sucesos\/#listItem","name":"Sucesos"}}]},{"@type":"Organization","@id":"https:\/\/www.eldigitaldeasturias.com\/noticias\/#organization","name":"El Digital de Asturias","description":"Hemeroteca","url":"https:\/\/www.eldigitaldeasturias.com\/noticias\/","email":"info@eldigitaldeasturias.com","telephone":"+34652131393","logo":{"@type":"ImageObject","url":"https:\/\/www.eldigitaldeasturias.com\/noticias\/wp-content\/uploads\/2020\/12\/EDA.jpg","@id":"https:\/\/www.eldigitaldeasturias.com\/noticias\/la-fiscalia-pide-la-condena-de-un-empresario-por-un-accidente-laboral\/#organizationLogo","width":649,"height":297},"image":{"@id":"https:\/\/www.eldigitaldeasturias.com\/noticias\/la-fiscalia-pide-la-condena-de-un-empresario-por-un-accidente-laboral\/#organizationLogo"},"sameAs":["https:\/\/facebook.com\/eldigitaldeasturias","https:\/\/www.youtube.com\/channel\/UCZP-2wLEB9Rv6erhFmqVnvg"],"address":{"@id":"https:\/\/www.eldigitaldeasturias.com\/noticias\/#postaladdress","@type":"PostalAddress","streetAddress":"san antonio 4,","postalCode":"33430","addressLocality":"Cand\u00e1s","addressRegion":"Asturias","addressCountry":"ES"}},{"@type":"Person","@id":"https:\/\/www.eldigitaldeasturias.com\/noticias\/author\/admin\/#author","url":"https:\/\/www.eldigitaldeasturias.com\/noticias\/author\/admin\/","name":"El Digital de Asturias","image":{"@type":"ImageObject","@id":"https:\/\/www.eldigitaldeasturias.com\/noticias\/la-fiscalia-pide-la-condena-de-un-empresario-por-un-accidente-laboral\/#authorImage","url":"https:\/\/www.eldigitaldeasturias.com\/noticias\/wp-content\/litespeed\/avatar\/18677e78aa0546b92d9dbf31ec7d7668.jpg?ver=1776685526","width":96,"height":96,"caption":"El Digital de Asturias"}},{"@type":"WebPage","@id":"https:\/\/www.eldigitaldeasturias.com\/noticias\/la-fiscalia-pide-la-condena-de-un-empresario-por-un-accidente-laboral\/#webpage","url":"https:\/\/www.eldigitaldeasturias.com\/noticias\/la-fiscalia-pide-la-condena-de-un-empresario-por-un-accidente-laboral\/","name":"La Fiscal\u00eda pide la condena de un empresario por un accidente laboral - El Digital de Asturias","description":"La Fiscal\u00eda del Principado de Asturias solicita la condena de un empresario por un accidente laboral ocurrido en 2014 en Gij\u00f3n. La vista oral se celebrar\u00e1 este mi\u00e9rcoles en el Juzgado de lo Penal n\u00famero tres de Gij\u00f3n, a las 9.30 horas. En una nota de prensa, el Ministerio Fiscal sostiene que, sobre las 15.15","inLanguage":"es-ES","isPartOf":{"@id":"https:\/\/www.eldigitaldeasturias.com\/noticias\/#website"},"breadcrumb":{"@id":"https:\/\/www.eldigitaldeasturias.com\/noticias\/la-fiscalia-pide-la-condena-de-un-empresario-por-un-accidente-laboral\/#breadcrumblist"},"author":{"@id":"https:\/\/www.eldigitaldeasturias.com\/noticias\/author\/admin\/#author"},"creator":{"@id":"https:\/\/www.eldigitaldeasturias.com\/noticias\/author\/admin\/#author"},"image":{"@type":"ImageObject","url":"https:\/\/www.eldigitaldeasturias.com\/noticias\/wp-content\/uploads\/2015\/04\/juzgados.jpg","@id":"https:\/\/www.eldigitaldeasturias.com\/noticias\/la-fiscalia-pide-la-condena-de-un-empresario-por-un-accidente-laboral\/#mainImage","width":800,"height":600},"primaryImageOfPage":{"@id":"https:\/\/www.eldigitaldeasturias.com\/noticias\/la-fiscalia-pide-la-condena-de-un-empresario-por-un-accidente-laboral\/#mainImage"},"datePublished":"2016-02-02T19:42:11+01:00","dateModified":"2016-02-02T19:42:11+01:00"},{"@type":"WebSite","@id":"https:\/\/www.eldigitaldeasturias.com\/noticias\/#website","url":"https:\/\/www.eldigitaldeasturias.com\/noticias\/","name":"El Digital de Asturias - Diario de actualidad y noticias","alternateName":"El Digital de Asturias - Diario de actualidad y noticias","description":"Hemeroteca","inLanguage":"es-ES","publisher":{"@id":"https:\/\/www.eldigitaldeasturias.com\/noticias\/#organization"}}]},"og:locale":"es_ES","og:site_name":"El Digital de Asturias","og:type":"article","og:title":"La Fiscal\u00eda pide la condena de un empresario por un accidente laboral - El Digital de Asturias","og:description":"La Fiscal\u00eda del Principado de Asturias solicita la condena de un empresario por un accidente laboral ocurrido en 2014 en Gij\u00f3n. La vista oral se celebrar\u00e1 este mi\u00e9rcoles en el Juzgado de lo Penal n\u00famero tres de Gij\u00f3n, a las 9.30 horas. En una nota de prensa, el Ministerio Fiscal sostiene que, sobre las 15.15","og:url":"https:\/\/www.eldigitaldeasturias.com\/noticias\/la-fiscalia-pide-la-condena-de-un-empresario-por-un-accidente-laboral\/","og:image":"https:\/\/www.eldigitaldeasturias.com\/noticias\/wp-content\/uploads\/2015\/04\/juzgados.jpg","og:image:secure_url":"https:\/\/www.eldigitaldeasturias.com\/noticias\/wp-content\/uploads\/2015\/04\/juzgados.jpg","og:image:width":800,"og:image:height":600,"article:tag":["sucesos"],"article:published_time":"2016-02-02T19:42:11+00:00","article:modified_time":"2016-02-02T19:42:11+00:00","article:publisher":"https:\/\/facebook.com\/eldigitaldeasturias","twitter:card":"summary_large_image","twitter:title":"La Fiscal\u00eda pide la condena de un empresario por un accidente laboral - El Digital de Asturias","twitter:description":"La Fiscal\u00eda del Principado de Asturias solicita la condena de un empresario por un accidente laboral ocurrido en 2014 en Gij\u00f3n. La vista oral se celebrar\u00e1 este mi\u00e9rcoles en el Juzgado de lo Penal n\u00famero tres de Gij\u00f3n, a las 9.30 horas. En una nota de prensa, el Ministerio Fiscal sostiene que, sobre las 15.15","twitter:image":"https:\/\/www.eldigitaldeasturias.com\/noticias\/wp-content\/uploads\/2015\/04\/juzgados.jpg","twitter:label1":"Escrito por","twitter:data1":"El Digital de Asturias","twitter:label2":"Tiempo de lectura estimado","twitter:data2":"2 minutos"},"aioseo_meta_data":{"post_id":"853080","title":null,"description":null,"keywords":null,"keyphrases":null,"primary_term":null,"canonical_url":null,"og_title":null,"og_description":null,"og_object_type":"default","og_image_type":"default","og_image_url":null,"og_image_width":null,"og_image_height":null,"og_image_custom_url":null,"og_image_custom_fields":null,"og_video":null,"og_custom_url":null,"og_article_section":null,"og_article_tags":null,"twitter_use_og":false,"twitter_card":"default","twitter_image_type":"default","twitter_image_url":null,"twitter_image_custom_url":null,"twitter_image_custom_fields":null,"twitter_title":null,"twitter_description":null,"schema":{"blockGraphs":[],"customGraphs":[],"default":{"data":{"Article":[],"Course":[],"Dataset":[],"FAQPage":[],"Movie":[],"Person":[],"Product":[],"ProductReview":[],"Car":[],"Recipe":[],"Service":[],"SoftwareApplication":[],"WebPage":[]},"graphName":"","isEnabled":true},"graphs":[],"defaultGraph":"","defaultPostTypeGraph":""},"schema_type":null,"schema_type_options":null,"pillar_content":false,"robots_default":true,"robots_noindex":false,"robots_noarchive":false,"robots_nosnippet":false,"robots_nofollow":false,"robots_noimageindex":false,"robots_noodp":false,"robots_notranslate":false,"robots_max_snippet":null,"robots_max_videopreview":null,"robots_max_imagepreview":"large","priority":null,"frequency":null,"local_seo":null,"seo_analyzer_scan_date":"2025-12-09 16:58:10","breadcrumb_settings":null,"limit_modified_date":false,"open_ai":null,"ai":null,"created":"2021-01-23 14:06:12","updated":"2025-12-09 16:58:10"},"aioseo_breadcrumb":"<div class=\"aioseo-breadcrumbs\"><span class=\"aioseo-breadcrumb\">\n\t<a href=\"https:\/\/www.eldigitaldeasturias.com\/noticias\" title=\"Home\">Home<\/a>\n<\/span><span class=\"aioseo-breadcrumb-separator\">\u2013<\/span><span class=\"aioseo-breadcrumb\">\n\t<a href=\"https:\/\/www.eldigitaldeasturias.com\/noticias\/category\/sucesos\/\" title=\"Sucesos\">Sucesos<\/a>\n<\/span><span class=\"aioseo-breadcrumb-separator\">\u2013<\/span><span class=\"aioseo-breadcrumb\">\n\t<a href=\"https:\/\/www.eldigitaldeasturias.com\/noticias\/la-fiscalia-pide-la-condena-de-un-empresario-por-un-accidente-laboral\/\" title=\"La Fiscal\u00eda pide la condena de un empresario por un accidente laboral\">La Fiscal\u00eda pide la condena de un empresario por un accidente laboral<\/a>\n<\/span><\/div>","aioseo_breadcrumb_json":[{"label":"Home","link":"https:\/\/www.eldigitaldeasturias.com\/noticias"},{"label":"Sucesos","link":"https:\/\/www.eldigitaldeasturias.com\/noticias\/category\/sucesos\/"},{"label":"La Fiscal\u00eda pide la condena de un empresario por un accidente laboral","link":"https:\/\/www.eldigitaldeasturias.com\/noticias\/la-fiscalia-pide-la-condena-de-un-empresario-por-un-accidente-laboral\/"}],"_links":{"self":[{"href":"https:\/\/www.eldigitaldeasturias.com\/noticias\/wp-json\/wp\/v2\/posts\/853080","targetHints":{"allow":["GET"]}}],"collection":[{"href":"https:\/\/www.eldigitaldeasturias.com\/noticias\/wp-json\/wp\/v2\/posts"}],"about":[{"href":"https:\/\/www.eldigitaldeasturias.com\/noticias\/wp-json\/wp\/v2\/types\/post"}],"author":[{"embeddable":true,"href":"https:\/\/www.eldigitaldeasturias.com\/noticias\/wp-json\/wp\/v2\/users\/1"}],"replies":[{"embeddable":true,"href":"https:\/\/www.eldigitaldeasturias.com\/noticias\/wp-json\/wp\/v2\/comments?post=853080"}],"version-history":[{"count":0,"href":"https:\/\/www.eldigitaldeasturias.com\/noticias\/wp-json\/wp\/v2\/posts\/853080\/revisions"}],"wp:featuredmedia":[{"embeddable":true,"href":"https:\/\/www.eldigitaldeasturias.com\/noticias\/wp-json\/wp\/v2\/media\/780850"}],"wp:attachment":[{"href":"https:\/\/www.eldigitaldeasturias.com\/noticias\/wp-json\/wp\/v2\/media?parent=853080"}],"wp:term":[{"taxonomy":"category","embeddable":true,"href":"https:\/\/www.eldigitaldeasturias.com\/noticias\/wp-json\/wp\/v2\/categories?post=853080"},{"taxonomy":"post_tag","embeddable":true,"href":"https:\/\/www.eldigitaldeasturias.com\/noticias\/wp-json\/wp\/v2\/tags?post=853080"}],"curies":[{"name":"wp","href":"https:\/\/api.w.org\/{rel}","templated":true}]}}