{"id":850301,"date":"2016-01-25T23:10:50","date_gmt":"2016-01-25T23:10:50","guid":{"rendered":"http:\/\/www.eldigitaldeasturias.com\/noticias\/?p=850301"},"modified":"2016-01-25T23:10:50","modified_gmt":"2016-01-25T23:10:50","slug":"la-junta-de-andalucia-impulsa-las-jornadas-gastronomicas-de-la-almendra","status":"publish","type":"post","link":"https:\/\/www.eldigitaldeasturias.com\/noticias\/la-junta-de-andalucia-impulsa-las-jornadas-gastronomicas-de-la-almendra\/","title":{"rendered":"La Junta de Andaluc\u00eda impulsa las Jornadas Gastron\u00f3micas de la Almendra"},"content":{"rendered":"<p><img loading=\"lazy\" decoding=\"async\" class=\"alignleft size-medium wp-image-850302\" src=\"https:\/\/www.eldigitaldeasturias.com\/noticias\/wp-content\/uploads\/2016\/01\/fotonoticia_20160125180259_800-360x270.jpg\" alt=\"fotonoticia_20160125180259_800\" width=\"360\" height=\"270\" srcset=\"https:\/\/www.eldigitaldeasturias.com\/noticias\/wp-content\/uploads\/2016\/01\/fotonoticia_20160125180259_800-360x270.jpg 360w, https:\/\/www.eldigitaldeasturias.com\/noticias\/wp-content\/uploads\/2016\/01\/fotonoticia_20160125180259_800-768x576.jpg 768w, https:\/\/www.eldigitaldeasturias.com\/noticias\/wp-content\/uploads\/2016\/01\/fotonoticia_20160125180259_800-650x488.jpg 650w, https:\/\/www.eldigitaldeasturias.com\/noticias\/wp-content\/uploads\/2016\/01\/fotonoticia_20160125180259_800-125x95.jpg 125w, https:\/\/www.eldigitaldeasturias.com\/noticias\/wp-content\/uploads\/2016\/01\/fotonoticia_20160125180259_800-100x75.jpg 100w, https:\/\/www.eldigitaldeasturias.com\/noticias\/wp-content\/uploads\/2016\/01\/fotonoticia_20160125180259_800.jpg 800w\" sizes=\"auto, (max-width: 360px) 100vw, 360px\" \/>La comarca de Filabres-Alhamilla es la protagonista de las III Rutas Almendro en Flor y de las Jornadas Gastron\u00f3micas de la Almendra, una propuesta tur\u00edstica y de ocio que utiliza como hilo conductor el periodo de floraci\u00f3n de los almendros para mostrar el paisaje, el patrimonio hist\u00f3rico y cultural de la zona y su oferta gastron\u00f3mica y de alojamiento.<\/p>\n<p>En la presentaci\u00f3n de esta iniciativa, en la que participan instituciones p\u00fablicas, asociaciones y empresas del sector, la delegada de la Junta en Almer\u00eda, Gracia Fern\u00e1ndez, ha destacado que \u00abcontribuye a dinamizar el territorio, a impulsar la econom\u00eda local, a romper la estacionalidad y a enriquecer la oferta tur\u00edstica de la provincia\u00bb.<\/p>\n<p>La tercera edici\u00f3n de las &#8216;Rutas Almendro en Flor&#8217; incluye senderismo, visitas guiadas y degustaci\u00f3n de platos t\u00edpicos de la zona, con el cultivo tradicional del almendro y su fruto como elemento com\u00fan. Los recorridos se realizar\u00e1n el \u00faltimo fin de semana de enero y los tres primeros del mes de febrero.<\/p>\n<p>Se trata de ocho rutas tem\u00e1ticas por distintas zonas de los municipios de Benizal\u00f3n, Castro de Filabres, Lubr\u00edn, Lucainena de las Torres, Sen\u00e9s, Sorbas, Tahal y Uleila del Campo.<\/p>\n<p>Paralelamente al desarrollo de las rutas, se celebrar\u00e1n en siete restaurantes de la comarca unas jornadas gastron\u00f3micas con men\u00fas elaborados con almendra. Sopa de almendras, carrilladas con salsa de almendra, villeroy de pollo de corral con bechamel de almendras, copa de helado con caramelo y crocanti, pollo con salsa de almendra, guisillo de ib\u00e9rico con almendras o milhoja de almendra, son algunos de los platos que se podr\u00e1n degustar al finalizar los recorridos.<\/p>\n<p>Adem\u00e1s del contacto con la naturaleza y la gastronom\u00eda tradicional, las rutas &#8216;Almendro en Flor&#8217; ofrecen, entre otras actividades, muestras del folclore de la zona y visitas guiadas al patrimonio etnogr\u00e1fico y a los centros de interpretaci\u00f3n con los que cuentan los municipios de la comarca.<\/p>\n<p>Como en otras ediciones, los organizadores han convocado un concurso fotogr\u00e1fico al que los participantes pueden enviar hasta cinco im\u00e1genes que capten durante las rutas. La instant\u00e1nea ganadora formar\u00e1 parte del cartel y de los folletos promocionales de las rutas de 2017 y su autor recibir\u00e1 un lote de productos de la comarca, una entrada a las cuevas de Sorbas y un almuerzo en uno de los restaurantes colaboradores de las jornadas gastron\u00f3micas. La delegada del Gobierno de la Junta, Gracia Fern\u00e1ndez, ha entregado el premio al ganador de la edici\u00f3n anterior, Ricardo Vallecillos, que realiz\u00f3 un foto de la ruta Sorbas-Cariatiz.<\/p>\n<p>Fern\u00e1ndez ha destacado que estas rutas, en las que participaron casi 1.000 personas el a\u00f1o pasado, \u00abson un ejemplo del potencial tur\u00edstico de la comarca de Filabres-Alhamilla y de los resultados positivos que producen las sinergias entre distintos sectores\u00bb.<\/p>\n<p>\u00abEste tipo de paquetes tur\u00edsticos que comprenden una oferta de restauraci\u00f3n, alojamiento y actividades complementarias se dirige a un visitante cada vez m\u00e1s exigente, m\u00e1s independiente en la selecci\u00f3n del destino y en la organizaci\u00f3n de su viaje, que busca vivir experiencias en el lugar elegido para pasar las vacaciones o el tiempo de ocio\u00bb, ha se\u00f1alado.<\/p>\n","protected":false},"excerpt":{"rendered":"<p>La comarca de Filabres-Alhamilla es la protagonista de las III Rutas Almendro en Flor y de las Jornadas Gastron\u00f3micas de la Almendra, una propuesta tur\u00edstica y de ocio que utiliza como hilo conductor el periodo de floraci\u00f3n de los almendros para mostrar el paisaje, el patrimonio hist\u00f3rico y cultural de la zona y su oferta [&hellip;]<\/p>\n","protected":false},"author":1,"featured_media":850302,"comment_status":"closed","ping_status":"closed","sticky":false,"template":"","format":"standard","meta":{"footnotes":""},"categories":[148],"tags":[],"class_list":["post-850301","post","type-post","status-publish","format-standard","has-post-thumbnail","hentry","category-turismo"],"aioseo_notices":[],"aioseo_head":"\n\t\t<!-- All in One SEO Pro 4.9.6.2 - aioseo.com -->\n\t<meta name=\"description\" content=\"La comarca de Filabres-Alhamilla es la protagonista de las III Rutas Almendro en Flor y de las Jornadas Gastron\u00f3micas de la Almendra, una propuesta tur\u00edstica y de ocio que utiliza como hilo conductor el periodo de floraci\u00f3n de los almendros para mostrar el paisaje, el patrimonio hist\u00f3rico y cultural de la zona y su oferta\" \/>\n\t<meta name=\"robots\" content=\"max-image-preview:large\" \/>\n\t<meta name=\"author\" content=\"El Digital de Asturias\"\/>\n\t<meta name=\"google-site-verification\" content=\"UA-38556648-1\" \/>\n\t<meta name=\"msvalidate.01\" content=\"7dfe9f3f1b24437ab69f4f2559babe99\" \/>\n\t<meta name=\"keywords\" content=\"turismo\" \/>\n\t<link rel=\"canonical\" href=\"https:\/\/www.eldigitaldeasturias.com\/noticias\/la-junta-de-andalucia-impulsa-las-jornadas-gastronomicas-de-la-almendra\/\" \/>\n\t<meta name=\"generator\" content=\"All in One SEO Pro (AIOSEO) 4.9.6.2\" \/>\n\t\t<meta property=\"og:locale\" content=\"es_ES\" \/>\n\t\t<meta property=\"og:site_name\" content=\"El Digital de Asturias\" \/>\n\t\t<meta property=\"og:type\" content=\"article\" \/>\n\t\t<meta property=\"og:title\" content=\"La Junta de Andaluc\u00eda impulsa las Jornadas Gastron\u00f3micas de la Almendra - El Digital de Asturias\" \/>\n\t\t<meta property=\"og:description\" content=\"La comarca de Filabres-Alhamilla es la protagonista de las III Rutas Almendro en Flor y de las Jornadas Gastron\u00f3micas de la Almendra, una propuesta tur\u00edstica y de ocio que utiliza como hilo conductor el periodo de floraci\u00f3n de los almendros para mostrar el paisaje, el patrimonio hist\u00f3rico y cultural de la zona y su oferta\" \/>\n\t\t<meta property=\"og:url\" content=\"https:\/\/www.eldigitaldeasturias.com\/noticias\/la-junta-de-andalucia-impulsa-las-jornadas-gastronomicas-de-la-almendra\/\" \/>\n\t\t<meta property=\"og:image\" content=\"https:\/\/www.eldigitaldeasturias.com\/noticias\/wp-content\/uploads\/2016\/01\/fotonoticia_20160125180259_800.jpg\" \/>\n\t\t<meta property=\"og:image:secure_url\" content=\"https:\/\/www.eldigitaldeasturias.com\/noticias\/wp-content\/uploads\/2016\/01\/fotonoticia_20160125180259_800.jpg\" \/>\n\t\t<meta property=\"og:image:width\" content=\"800\" \/>\n\t\t<meta property=\"og:image:height\" content=\"600\" \/>\n\t\t<meta property=\"article:tag\" content=\"turismo\" \/>\n\t\t<meta property=\"article:published_time\" content=\"2016-01-25T23:10:50+00:00\" \/>\n\t\t<meta property=\"article:modified_time\" content=\"2016-01-25T23:10:50+00:00\" \/>\n\t\t<meta property=\"article:publisher\" content=\"https:\/\/facebook.com\/eldigitaldeasturias\" \/>\n\t\t<meta name=\"twitter:card\" content=\"summary_large_image\" \/>\n\t\t<meta name=\"twitter:title\" content=\"La Junta de Andaluc\u00eda impulsa las Jornadas Gastron\u00f3micas de la Almendra - El Digital de Asturias\" \/>\n\t\t<meta name=\"twitter:description\" content=\"La comarca de Filabres-Alhamilla es la protagonista de las III Rutas Almendro en Flor y de las Jornadas Gastron\u00f3micas de la Almendra, una propuesta tur\u00edstica y de ocio que utiliza como hilo conductor el periodo de floraci\u00f3n de los almendros para mostrar el paisaje, el patrimonio hist\u00f3rico y cultural de la zona y su oferta\" \/>\n\t\t<meta name=\"twitter:image\" content=\"https:\/\/www.eldigitaldeasturias.com\/noticias\/wp-content\/uploads\/2016\/01\/fotonoticia_20160125180259_800.jpg\" \/>\n\t\t<meta name=\"twitter:label1\" content=\"Escrito por\" \/>\n\t\t<meta name=\"twitter:data1\" content=\"El Digital de Asturias\" \/>\n\t\t<meta name=\"twitter:label2\" content=\"Tiempo de lectura estimado\" \/>\n\t\t<meta name=\"twitter:data2\" content=\"3 minutos\" \/>\n\t\t<script type=\"application\/ld+json\" class=\"aioseo-schema\">\n\t\t\t{\"@context\":\"https:\\\/\\\/schema.org\",\"@graph\":[{\"@type\":\"BlogPosting\",\"@id\":\"https:\\\/\\\/www.eldigitaldeasturias.com\\\/noticias\\\/la-junta-de-andalucia-impulsa-las-jornadas-gastronomicas-de-la-almendra\\\/#blogposting\",\"name\":\"La Junta de Andaluc\\u00eda impulsa las Jornadas Gastron\\u00f3micas de la Almendra - El Digital de Asturias\",\"headline\":\"La Junta de Andaluc\\u00eda impulsa las Jornadas Gastron\\u00f3micas de la Almendra\",\"author\":{\"@id\":\"https:\\\/\\\/www.eldigitaldeasturias.com\\\/noticias\\\/author\\\/admin\\\/#author\"},\"publisher\":{\"@id\":\"https:\\\/\\\/www.eldigitaldeasturias.com\\\/noticias\\\/#organization\"},\"image\":{\"@type\":\"ImageObject\",\"url\":\"https:\\\/\\\/www.eldigitaldeasturias.com\\\/noticias\\\/wp-content\\\/uploads\\\/2016\\\/01\\\/fotonoticia_20160125180259_800.jpg\",\"width\":800,\"height\":600},\"datePublished\":\"2016-01-25T23:10:50+01:00\",\"dateModified\":\"2016-01-25T23:10:50+01:00\",\"inLanguage\":\"es-ES\",\"mainEntityOfPage\":{\"@id\":\"https:\\\/\\\/www.eldigitaldeasturias.com\\\/noticias\\\/la-junta-de-andalucia-impulsa-las-jornadas-gastronomicas-de-la-almendra\\\/#webpage\"},\"isPartOf\":{\"@id\":\"https:\\\/\\\/www.eldigitaldeasturias.com\\\/noticias\\\/la-junta-de-andalucia-impulsa-las-jornadas-gastronomicas-de-la-almendra\\\/#webpage\"},\"articleSection\":\"Turismo\"},{\"@type\":\"BreadcrumbList\",\"@id\":\"https:\\\/\\\/www.eldigitaldeasturias.com\\\/noticias\\\/la-junta-de-andalucia-impulsa-las-jornadas-gastronomicas-de-la-almendra\\\/#breadcrumblist\",\"itemListElement\":[{\"@type\":\"ListItem\",\"@id\":\"https:\\\/\\\/www.eldigitaldeasturias.com\\\/noticias#listItem\",\"position\":1,\"name\":\"Home\",\"item\":\"https:\\\/\\\/www.eldigitaldeasturias.com\\\/noticias\",\"nextItem\":{\"@type\":\"ListItem\",\"@id\":\"https:\\\/\\\/www.eldigitaldeasturias.com\\\/noticias\\\/category\\\/turismo\\\/#listItem\",\"name\":\"Turismo\"}},{\"@type\":\"ListItem\",\"@id\":\"https:\\\/\\\/www.eldigitaldeasturias.com\\\/noticias\\\/category\\\/turismo\\\/#listItem\",\"position\":2,\"name\":\"Turismo\",\"item\":\"https:\\\/\\\/www.eldigitaldeasturias.com\\\/noticias\\\/category\\\/turismo\\\/\",\"nextItem\":{\"@type\":\"ListItem\",\"@id\":\"https:\\\/\\\/www.eldigitaldeasturias.com\\\/noticias\\\/la-junta-de-andalucia-impulsa-las-jornadas-gastronomicas-de-la-almendra\\\/#listItem\",\"name\":\"La Junta de Andaluc\\u00eda impulsa las Jornadas Gastron\\u00f3micas de la Almendra\"},\"previousItem\":{\"@type\":\"ListItem\",\"@id\":\"https:\\\/\\\/www.eldigitaldeasturias.com\\\/noticias#listItem\",\"name\":\"Home\"}},{\"@type\":\"ListItem\",\"@id\":\"https:\\\/\\\/www.eldigitaldeasturias.com\\\/noticias\\\/la-junta-de-andalucia-impulsa-las-jornadas-gastronomicas-de-la-almendra\\\/#listItem\",\"position\":3,\"name\":\"La Junta de Andaluc\\u00eda impulsa las Jornadas Gastron\\u00f3micas de la Almendra\",\"previousItem\":{\"@type\":\"ListItem\",\"@id\":\"https:\\\/\\\/www.eldigitaldeasturias.com\\\/noticias\\\/category\\\/turismo\\\/#listItem\",\"name\":\"Turismo\"}}]},{\"@type\":\"Organization\",\"@id\":\"https:\\\/\\\/www.eldigitaldeasturias.com\\\/noticias\\\/#organization\",\"name\":\"El Digital de Asturias\",\"description\":\"Hemeroteca\",\"url\":\"https:\\\/\\\/www.eldigitaldeasturias.com\\\/noticias\\\/\",\"email\":\"info@eldigitaldeasturias.com\",\"telephone\":\"+34652131393\",\"logo\":{\"@type\":\"ImageObject\",\"url\":\"https:\\\/\\\/www.eldigitaldeasturias.com\\\/noticias\\\/wp-content\\\/uploads\\\/2020\\\/12\\\/EDA.jpg\",\"@id\":\"https:\\\/\\\/www.eldigitaldeasturias.com\\\/noticias\\\/la-junta-de-andalucia-impulsa-las-jornadas-gastronomicas-de-la-almendra\\\/#organizationLogo\",\"width\":649,\"height\":297},\"image\":{\"@id\":\"https:\\\/\\\/www.eldigitaldeasturias.com\\\/noticias\\\/la-junta-de-andalucia-impulsa-las-jornadas-gastronomicas-de-la-almendra\\\/#organizationLogo\"},\"sameAs\":[\"https:\\\/\\\/facebook.com\\\/eldigitaldeasturias\",\"https:\\\/\\\/www.youtube.com\\\/channel\\\/UCZP-2wLEB9Rv6erhFmqVnvg\"],\"address\":{\"@id\":\"https:\\\/\\\/www.eldigitaldeasturias.com\\\/noticias\\\/#postaladdress\",\"@type\":\"PostalAddress\",\"streetAddress\":\"san antonio 4,\",\"postalCode\":\"33430\",\"addressLocality\":\"Cand\\u00e1s\",\"addressRegion\":\"Asturias\",\"addressCountry\":\"ES\"}},{\"@type\":\"Person\",\"@id\":\"https:\\\/\\\/www.eldigitaldeasturias.com\\\/noticias\\\/author\\\/admin\\\/#author\",\"url\":\"https:\\\/\\\/www.eldigitaldeasturias.com\\\/noticias\\\/author\\\/admin\\\/\",\"name\":\"El Digital de Asturias\",\"image\":{\"@type\":\"ImageObject\",\"@id\":\"https:\\\/\\\/www.eldigitaldeasturias.com\\\/noticias\\\/la-junta-de-andalucia-impulsa-las-jornadas-gastronomicas-de-la-almendra\\\/#authorImage\",\"url\":\"https:\\\/\\\/www.eldigitaldeasturias.com\\\/noticias\\\/wp-content\\\/litespeed\\\/avatar\\\/18677e78aa0546b92d9dbf31ec7d7668.jpg?ver=1777290358\",\"width\":96,\"height\":96,\"caption\":\"El Digital de Asturias\"}},{\"@type\":\"WebPage\",\"@id\":\"https:\\\/\\\/www.eldigitaldeasturias.com\\\/noticias\\\/la-junta-de-andalucia-impulsa-las-jornadas-gastronomicas-de-la-almendra\\\/#webpage\",\"url\":\"https:\\\/\\\/www.eldigitaldeasturias.com\\\/noticias\\\/la-junta-de-andalucia-impulsa-las-jornadas-gastronomicas-de-la-almendra\\\/\",\"name\":\"La Junta de Andaluc\\u00eda impulsa las Jornadas Gastron\\u00f3micas de la Almendra - El Digital de Asturias\",\"description\":\"La comarca de Filabres-Alhamilla es la protagonista de las III Rutas Almendro en Flor y de las Jornadas Gastron\\u00f3micas de la Almendra, una propuesta tur\\u00edstica y de ocio que utiliza como hilo conductor el periodo de floraci\\u00f3n de los almendros para mostrar el paisaje, el patrimonio hist\\u00f3rico y cultural de la zona y su oferta\",\"inLanguage\":\"es-ES\",\"isPartOf\":{\"@id\":\"https:\\\/\\\/www.eldigitaldeasturias.com\\\/noticias\\\/#website\"},\"breadcrumb\":{\"@id\":\"https:\\\/\\\/www.eldigitaldeasturias.com\\\/noticias\\\/la-junta-de-andalucia-impulsa-las-jornadas-gastronomicas-de-la-almendra\\\/#breadcrumblist\"},\"author\":{\"@id\":\"https:\\\/\\\/www.eldigitaldeasturias.com\\\/noticias\\\/author\\\/admin\\\/#author\"},\"creator\":{\"@id\":\"https:\\\/\\\/www.eldigitaldeasturias.com\\\/noticias\\\/author\\\/admin\\\/#author\"},\"image\":{\"@type\":\"ImageObject\",\"url\":\"https:\\\/\\\/www.eldigitaldeasturias.com\\\/noticias\\\/wp-content\\\/uploads\\\/2016\\\/01\\\/fotonoticia_20160125180259_800.jpg\",\"@id\":\"https:\\\/\\\/www.eldigitaldeasturias.com\\\/noticias\\\/la-junta-de-andalucia-impulsa-las-jornadas-gastronomicas-de-la-almendra\\\/#mainImage\",\"width\":800,\"height\":600},\"primaryImageOfPage\":{\"@id\":\"https:\\\/\\\/www.eldigitaldeasturias.com\\\/noticias\\\/la-junta-de-andalucia-impulsa-las-jornadas-gastronomicas-de-la-almendra\\\/#mainImage\"},\"datePublished\":\"2016-01-25T23:10:50+01:00\",\"dateModified\":\"2016-01-25T23:10:50+01:00\"},{\"@type\":\"WebSite\",\"@id\":\"https:\\\/\\\/www.eldigitaldeasturias.com\\\/noticias\\\/#website\",\"url\":\"https:\\\/\\\/www.eldigitaldeasturias.com\\\/noticias\\\/\",\"name\":\"El Digital de Asturias - Diario de actualidad y noticias\",\"alternateName\":\"El Digital de Asturias - Diario de actualidad y noticias\",\"description\":\"Hemeroteca\",\"inLanguage\":\"es-ES\",\"publisher\":{\"@id\":\"https:\\\/\\\/www.eldigitaldeasturias.com\\\/noticias\\\/#organization\"}}]}\n\t\t<\/script>\n\t\t<!-- All in One SEO Pro -->\r\n\t\t<title>La Junta de Andaluc\u00eda impulsa las Jornadas Gastron\u00f3micas de la Almendra - El Digital de Asturias<\/title>\n\n","aioseo_head_json":{"title":"La Junta de Andaluc\u00eda impulsa las Jornadas Gastron\u00f3micas de la Almendra - El Digital de Asturias","description":"La comarca de Filabres-Alhamilla es la protagonista de las III Rutas Almendro en Flor y de las Jornadas Gastron\u00f3micas de la Almendra, una propuesta tur\u00edstica y de ocio que utiliza como hilo conductor el periodo de floraci\u00f3n de los almendros para mostrar el paisaje, el patrimonio hist\u00f3rico y cultural de la zona y su oferta","canonical_url":"https:\/\/www.eldigitaldeasturias.com\/noticias\/la-junta-de-andalucia-impulsa-las-jornadas-gastronomicas-de-la-almendra\/","robots":"max-image-preview:large","keywords":"turismo","webmasterTools":{"google-site-verification":"UA-38556648-1","msvalidate.01":"7dfe9f3f1b24437ab69f4f2559babe99","miscellaneous":""},"schema":{"@context":"https:\/\/schema.org","@graph":[{"@type":"BlogPosting","@id":"https:\/\/www.eldigitaldeasturias.com\/noticias\/la-junta-de-andalucia-impulsa-las-jornadas-gastronomicas-de-la-almendra\/#blogposting","name":"La Junta de Andaluc\u00eda impulsa las Jornadas Gastron\u00f3micas de la Almendra - El Digital de Asturias","headline":"La Junta de Andaluc\u00eda impulsa las Jornadas Gastron\u00f3micas de la Almendra","author":{"@id":"https:\/\/www.eldigitaldeasturias.com\/noticias\/author\/admin\/#author"},"publisher":{"@id":"https:\/\/www.eldigitaldeasturias.com\/noticias\/#organization"},"image":{"@type":"ImageObject","url":"https:\/\/www.eldigitaldeasturias.com\/noticias\/wp-content\/uploads\/2016\/01\/fotonoticia_20160125180259_800.jpg","width":800,"height":600},"datePublished":"2016-01-25T23:10:50+01:00","dateModified":"2016-01-25T23:10:50+01:00","inLanguage":"es-ES","mainEntityOfPage":{"@id":"https:\/\/www.eldigitaldeasturias.com\/noticias\/la-junta-de-andalucia-impulsa-las-jornadas-gastronomicas-de-la-almendra\/#webpage"},"isPartOf":{"@id":"https:\/\/www.eldigitaldeasturias.com\/noticias\/la-junta-de-andalucia-impulsa-las-jornadas-gastronomicas-de-la-almendra\/#webpage"},"articleSection":"Turismo"},{"@type":"BreadcrumbList","@id":"https:\/\/www.eldigitaldeasturias.com\/noticias\/la-junta-de-andalucia-impulsa-las-jornadas-gastronomicas-de-la-almendra\/#breadcrumblist","itemListElement":[{"@type":"ListItem","@id":"https:\/\/www.eldigitaldeasturias.com\/noticias#listItem","position":1,"name":"Home","item":"https:\/\/www.eldigitaldeasturias.com\/noticias","nextItem":{"@type":"ListItem","@id":"https:\/\/www.eldigitaldeasturias.com\/noticias\/category\/turismo\/#listItem","name":"Turismo"}},{"@type":"ListItem","@id":"https:\/\/www.eldigitaldeasturias.com\/noticias\/category\/turismo\/#listItem","position":2,"name":"Turismo","item":"https:\/\/www.eldigitaldeasturias.com\/noticias\/category\/turismo\/","nextItem":{"@type":"ListItem","@id":"https:\/\/www.eldigitaldeasturias.com\/noticias\/la-junta-de-andalucia-impulsa-las-jornadas-gastronomicas-de-la-almendra\/#listItem","name":"La Junta de Andaluc\u00eda impulsa las Jornadas Gastron\u00f3micas de la Almendra"},"previousItem":{"@type":"ListItem","@id":"https:\/\/www.eldigitaldeasturias.com\/noticias#listItem","name":"Home"}},{"@type":"ListItem","@id":"https:\/\/www.eldigitaldeasturias.com\/noticias\/la-junta-de-andalucia-impulsa-las-jornadas-gastronomicas-de-la-almendra\/#listItem","position":3,"name":"La Junta de Andaluc\u00eda impulsa las Jornadas Gastron\u00f3micas de la Almendra","previousItem":{"@type":"ListItem","@id":"https:\/\/www.eldigitaldeasturias.com\/noticias\/category\/turismo\/#listItem","name":"Turismo"}}]},{"@type":"Organization","@id":"https:\/\/www.eldigitaldeasturias.com\/noticias\/#organization","name":"El Digital de Asturias","description":"Hemeroteca","url":"https:\/\/www.eldigitaldeasturias.com\/noticias\/","email":"info@eldigitaldeasturias.com","telephone":"+34652131393","logo":{"@type":"ImageObject","url":"https:\/\/www.eldigitaldeasturias.com\/noticias\/wp-content\/uploads\/2020\/12\/EDA.jpg","@id":"https:\/\/www.eldigitaldeasturias.com\/noticias\/la-junta-de-andalucia-impulsa-las-jornadas-gastronomicas-de-la-almendra\/#organizationLogo","width":649,"height":297},"image":{"@id":"https:\/\/www.eldigitaldeasturias.com\/noticias\/la-junta-de-andalucia-impulsa-las-jornadas-gastronomicas-de-la-almendra\/#organizationLogo"},"sameAs":["https:\/\/facebook.com\/eldigitaldeasturias","https:\/\/www.youtube.com\/channel\/UCZP-2wLEB9Rv6erhFmqVnvg"],"address":{"@id":"https:\/\/www.eldigitaldeasturias.com\/noticias\/#postaladdress","@type":"PostalAddress","streetAddress":"san antonio 4,","postalCode":"33430","addressLocality":"Cand\u00e1s","addressRegion":"Asturias","addressCountry":"ES"}},{"@type":"Person","@id":"https:\/\/www.eldigitaldeasturias.com\/noticias\/author\/admin\/#author","url":"https:\/\/www.eldigitaldeasturias.com\/noticias\/author\/admin\/","name":"El Digital de Asturias","image":{"@type":"ImageObject","@id":"https:\/\/www.eldigitaldeasturias.com\/noticias\/la-junta-de-andalucia-impulsa-las-jornadas-gastronomicas-de-la-almendra\/#authorImage","url":"https:\/\/www.eldigitaldeasturias.com\/noticias\/wp-content\/litespeed\/avatar\/18677e78aa0546b92d9dbf31ec7d7668.jpg?ver=1777290358","width":96,"height":96,"caption":"El Digital de Asturias"}},{"@type":"WebPage","@id":"https:\/\/www.eldigitaldeasturias.com\/noticias\/la-junta-de-andalucia-impulsa-las-jornadas-gastronomicas-de-la-almendra\/#webpage","url":"https:\/\/www.eldigitaldeasturias.com\/noticias\/la-junta-de-andalucia-impulsa-las-jornadas-gastronomicas-de-la-almendra\/","name":"La Junta de Andaluc\u00eda impulsa las Jornadas Gastron\u00f3micas de la Almendra - El Digital de Asturias","description":"La comarca de Filabres-Alhamilla es la protagonista de las III Rutas Almendro en Flor y de las Jornadas Gastron\u00f3micas de la Almendra, una propuesta tur\u00edstica y de ocio que utiliza como hilo conductor el periodo de floraci\u00f3n de los almendros para mostrar el paisaje, el patrimonio hist\u00f3rico y cultural de la zona y su oferta","inLanguage":"es-ES","isPartOf":{"@id":"https:\/\/www.eldigitaldeasturias.com\/noticias\/#website"},"breadcrumb":{"@id":"https:\/\/www.eldigitaldeasturias.com\/noticias\/la-junta-de-andalucia-impulsa-las-jornadas-gastronomicas-de-la-almendra\/#breadcrumblist"},"author":{"@id":"https:\/\/www.eldigitaldeasturias.com\/noticias\/author\/admin\/#author"},"creator":{"@id":"https:\/\/www.eldigitaldeasturias.com\/noticias\/author\/admin\/#author"},"image":{"@type":"ImageObject","url":"https:\/\/www.eldigitaldeasturias.com\/noticias\/wp-content\/uploads\/2016\/01\/fotonoticia_20160125180259_800.jpg","@id":"https:\/\/www.eldigitaldeasturias.com\/noticias\/la-junta-de-andalucia-impulsa-las-jornadas-gastronomicas-de-la-almendra\/#mainImage","width":800,"height":600},"primaryImageOfPage":{"@id":"https:\/\/www.eldigitaldeasturias.com\/noticias\/la-junta-de-andalucia-impulsa-las-jornadas-gastronomicas-de-la-almendra\/#mainImage"},"datePublished":"2016-01-25T23:10:50+01:00","dateModified":"2016-01-25T23:10:50+01:00"},{"@type":"WebSite","@id":"https:\/\/www.eldigitaldeasturias.com\/noticias\/#website","url":"https:\/\/www.eldigitaldeasturias.com\/noticias\/","name":"El Digital de Asturias - Diario de actualidad y noticias","alternateName":"El Digital de Asturias - Diario de actualidad y noticias","description":"Hemeroteca","inLanguage":"es-ES","publisher":{"@id":"https:\/\/www.eldigitaldeasturias.com\/noticias\/#organization"}}]},"og:locale":"es_ES","og:site_name":"El Digital de Asturias","og:type":"article","og:title":"La Junta de Andaluc\u00eda impulsa las Jornadas Gastron\u00f3micas de la Almendra - El Digital de Asturias","og:description":"La comarca de Filabres-Alhamilla es la protagonista de las III Rutas Almendro en Flor y de las Jornadas Gastron\u00f3micas de la Almendra, una propuesta tur\u00edstica y de ocio que utiliza como hilo conductor el periodo de floraci\u00f3n de los almendros para mostrar el paisaje, el patrimonio hist\u00f3rico y cultural de la zona y su oferta","og:url":"https:\/\/www.eldigitaldeasturias.com\/noticias\/la-junta-de-andalucia-impulsa-las-jornadas-gastronomicas-de-la-almendra\/","og:image":"https:\/\/www.eldigitaldeasturias.com\/noticias\/wp-content\/uploads\/2016\/01\/fotonoticia_20160125180259_800.jpg","og:image:secure_url":"https:\/\/www.eldigitaldeasturias.com\/noticias\/wp-content\/uploads\/2016\/01\/fotonoticia_20160125180259_800.jpg","og:image:width":800,"og:image:height":600,"article:tag":["turismo"],"article:published_time":"2016-01-25T23:10:50+00:00","article:modified_time":"2016-01-25T23:10:50+00:00","article:publisher":"https:\/\/facebook.com\/eldigitaldeasturias","twitter:card":"summary_large_image","twitter:title":"La Junta de Andaluc\u00eda impulsa las Jornadas Gastron\u00f3micas de la Almendra - El Digital de Asturias","twitter:description":"La comarca de Filabres-Alhamilla es la protagonista de las III Rutas Almendro en Flor y de las Jornadas Gastron\u00f3micas de la Almendra, una propuesta tur\u00edstica y de ocio que utiliza como hilo conductor el periodo de floraci\u00f3n de los almendros para mostrar el paisaje, el patrimonio hist\u00f3rico y cultural de la zona y su oferta","twitter:image":"https:\/\/www.eldigitaldeasturias.com\/noticias\/wp-content\/uploads\/2016\/01\/fotonoticia_20160125180259_800.jpg","twitter:label1":"Escrito por","twitter:data1":"El Digital de Asturias","twitter:label2":"Tiempo de lectura estimado","twitter:data2":"3 minutos"},"aioseo_meta_data":{"post_id":"850301","title":null,"description":null,"keywords":null,"keyphrases":null,"primary_term":null,"canonical_url":null,"og_title":null,"og_description":null,"og_object_type":"default","og_image_type":"default","og_image_url":null,"og_image_width":null,"og_image_height":null,"og_image_custom_url":null,"og_image_custom_fields":null,"og_video":null,"og_custom_url":null,"og_article_section":null,"og_article_tags":null,"twitter_use_og":false,"twitter_card":"default","twitter_image_type":"default","twitter_image_url":null,"twitter_image_custom_url":null,"twitter_image_custom_fields":null,"twitter_title":null,"twitter_description":null,"schema":{"blockGraphs":[],"customGraphs":[],"default":{"data":{"Article":[],"Course":[],"Dataset":[],"FAQPage":[],"Movie":[],"Person":[],"Product":[],"ProductReview":[],"Car":[],"Recipe":[],"Service":[],"SoftwareApplication":[],"WebPage":[]},"graphName":"","isEnabled":true},"graphs":[],"defaultGraph":"","defaultPostTypeGraph":""},"schema_type":null,"schema_type_options":null,"pillar_content":false,"robots_default":true,"robots_noindex":false,"robots_noarchive":false,"robots_nosnippet":false,"robots_nofollow":false,"robots_noimageindex":false,"robots_noodp":false,"robots_notranslate":false,"robots_max_snippet":null,"robots_max_videopreview":null,"robots_max_imagepreview":"large","priority":null,"frequency":null,"local_seo":null,"seo_analyzer_scan_date":"2025-12-09 07:34:08","breadcrumb_settings":null,"limit_modified_date":false,"open_ai":null,"ai":null,"created":"2021-01-23 13:46:13","updated":"2025-12-09 07:34:08"},"aioseo_breadcrumb":"<div class=\"aioseo-breadcrumbs\"><span class=\"aioseo-breadcrumb\">\n\t<a href=\"https:\/\/www.eldigitaldeasturias.com\/noticias\" title=\"Home\">Home<\/a>\n<\/span><span class=\"aioseo-breadcrumb-separator\">\u2013<\/span><span class=\"aioseo-breadcrumb\">\n\t<a href=\"https:\/\/www.eldigitaldeasturias.com\/noticias\/category\/turismo\/\" title=\"Turismo\">Turismo<\/a>\n<\/span><span class=\"aioseo-breadcrumb-separator\">\u2013<\/span><span class=\"aioseo-breadcrumb\">\n\t<a href=\"https:\/\/www.eldigitaldeasturias.com\/noticias\/la-junta-de-andalucia-impulsa-las-jornadas-gastronomicas-de-la-almendra\/\" title=\"La Junta de Andaluc\u00eda impulsa las Jornadas Gastron\u00f3micas de la Almendra\">La Junta de Andaluc\u00eda impulsa las Jornadas Gastron\u00f3micas de la Almendra<\/a>\n<\/span><\/div>","aioseo_breadcrumb_json":[{"label":"Home","link":"https:\/\/www.eldigitaldeasturias.com\/noticias"},{"label":"Turismo","link":"https:\/\/www.eldigitaldeasturias.com\/noticias\/category\/turismo\/"},{"label":"La Junta de Andaluc\u00eda impulsa las Jornadas Gastron\u00f3micas de la Almendra","link":"https:\/\/www.eldigitaldeasturias.com\/noticias\/la-junta-de-andalucia-impulsa-las-jornadas-gastronomicas-de-la-almendra\/"}],"_links":{"self":[{"href":"https:\/\/www.eldigitaldeasturias.com\/noticias\/wp-json\/wp\/v2\/posts\/850301","targetHints":{"allow":["GET"]}}],"collection":[{"href":"https:\/\/www.eldigitaldeasturias.com\/noticias\/wp-json\/wp\/v2\/posts"}],"about":[{"href":"https:\/\/www.eldigitaldeasturias.com\/noticias\/wp-json\/wp\/v2\/types\/post"}],"author":[{"embeddable":true,"href":"https:\/\/www.eldigitaldeasturias.com\/noticias\/wp-json\/wp\/v2\/users\/1"}],"replies":[{"embeddable":true,"href":"https:\/\/www.eldigitaldeasturias.com\/noticias\/wp-json\/wp\/v2\/comments?post=850301"}],"version-history":[{"count":0,"href":"https:\/\/www.eldigitaldeasturias.com\/noticias\/wp-json\/wp\/v2\/posts\/850301\/revisions"}],"wp:featuredmedia":[{"embeddable":true,"href":"https:\/\/www.eldigitaldeasturias.com\/noticias\/wp-json\/wp\/v2\/media\/850302"}],"wp:attachment":[{"href":"https:\/\/www.eldigitaldeasturias.com\/noticias\/wp-json\/wp\/v2\/media?parent=850301"}],"wp:term":[{"taxonomy":"category","embeddable":true,"href":"https:\/\/www.eldigitaldeasturias.com\/noticias\/wp-json\/wp\/v2\/categories?post=850301"},{"taxonomy":"post_tag","embeddable":true,"href":"https:\/\/www.eldigitaldeasturias.com\/noticias\/wp-json\/wp\/v2\/tags?post=850301"}],"curies":[{"name":"wp","href":"https:\/\/api.w.org\/{rel}","templated":true}]}}