{"id":849572,"date":"2016-01-23T17:22:07","date_gmt":"2016-01-23T17:22:07","guid":{"rendered":"http:\/\/www.eldigitaldeasturias.com\/noticias\/?p=849572"},"modified":"2016-01-23T17:22:07","modified_gmt":"2016-01-23T17:22:07","slug":"planes-de-fin-de-semana-para-fitur-2016","status":"publish","type":"post","link":"https:\/\/www.eldigitaldeasturias.com\/noticias\/planes-de-fin-de-semana-para-fitur-2016\/","title":{"rendered":"Planes de fin de semana para Fitur 2016"},"content":{"rendered":"<p><img loading=\"lazy\" decoding=\"async\" class=\"alignleft size-medium wp-image-849573\" src=\"https:\/\/www.eldigitaldeasturias.com\/noticias\/wp-content\/uploads\/2016\/01\/fotonoticia_20160123085935_800-360x240.jpg\" alt=\"fotonoticia_20160123085935_800\" width=\"360\" height=\"240\" srcset=\"https:\/\/www.eldigitaldeasturias.com\/noticias\/wp-content\/uploads\/2016\/01\/fotonoticia_20160123085935_800-360x240.jpg 360w, https:\/\/www.eldigitaldeasturias.com\/noticias\/wp-content\/uploads\/2016\/01\/fotonoticia_20160123085935_800-768x512.jpg 768w, https:\/\/www.eldigitaldeasturias.com\/noticias\/wp-content\/uploads\/2016\/01\/fotonoticia_20160123085935_800-650x433.jpg 650w, https:\/\/www.eldigitaldeasturias.com\/noticias\/wp-content\/uploads\/2016\/01\/fotonoticia_20160123085935_800-84x55.jpg 84w, https:\/\/www.eldigitaldeasturias.com\/noticias\/wp-content\/uploads\/2016\/01\/fotonoticia_20160123085935_800-49x32.jpg 49w, https:\/\/www.eldigitaldeasturias.com\/noticias\/wp-content\/uploads\/2016\/01\/fotonoticia_20160123085935_800.jpg 800w\" sizes=\"auto, (max-width: 360px) 100vw, 360px\" \/>Fitur 2016 organizar\u00e1 este fin de semana una quedada viajera, una gymkana y un taller de fotograf\u00eda como cada a\u00f1o en los dos d\u00edas que la Feria Internacional de Turismo abrir\u00e1 al p\u00fablico en general.<\/p>\n<p>La primera de las actividades ser\u00e1 la VII Edici\u00f3n de la Quedada Fitur-minube, que congregar\u00e1 este s\u00e1bado a m\u00e1s de 1.500 personas en el Pabell\u00f3n 10 del recinto ferial.<\/p>\n<p>Se trata de uno de los encuentros m\u00e1s multitudinarios de viajeros en Espa\u00f1a, donde se conocer\u00e1n de primera mano las historias de personas que lo dejaron todo por el sue\u00f1o de viajar.<\/p>\n<p>El s\u00e1bado tambi\u00e9n se celebrar\u00e1 una Gymkana Viajera, una iniciativa promovida por FITUR y minube, junto con m\u00e1s de 40 expositores, para trazar un recorrido lleno de pruebas por los diferentes pabellones de la feria.<\/p>\n<p>El objetivo es ser el m\u00e1s r\u00e1pido y ganar alguno de los premios escondidos, como escapadas por Espa\u00f1a, viajes por Europa, as\u00ed como vuelos y estancias de hotel intercontinentales. Esta actividad durar\u00e1 todo el d\u00eda y para participar s\u00f3lo es necesario recoger el &#8216;pasaporte viajero&#8217; en los puntos de informaci\u00f3n de minube.<\/p>\n<p>El domingo se celebrar\u00e1 la IV edici\u00f3n del Taller de Fotograf\u00eda Fitur-minube, un espacio que congregar\u00e1 a un millar de viajeros cargados con sus c\u00e1maras de foto y v\u00eddeo para aprender los trucos y consejos m\u00e1s \u00fatiles y obtener as\u00ed los mejores recuerdos de sus viajes. Ser\u00e1 a las 11.30 horas en el pabell\u00f3n 10.<\/p>\n<p>Por otra parte, el s\u00e1bado a las 11 horas, en la secci\u00f3n especializada Know-How &amp; Export, se celebrar\u00e1 una jornada sobre Retos y Oportunidades de la RSC en el sector tur\u00edstico, donde se explicar\u00e1n los Objetivos de Desarrollo Sostenible (ODS) en el sector tur\u00edstico.<\/p>\n<p>Se presentar\u00e1 el Libro Blanco minube &#8216;RSC: Retos y oportunidades para el sector tur\u00edstico&#8217;; y se dar\u00e1n a conocer los resultados del Estudio sobre &#8216;La valoraci\u00f3n de la RSC en el sector hotelero desde la perspectiva de la demanda&#8217;.<\/p>\n","protected":false},"excerpt":{"rendered":"<p>Fitur 2016 organizar\u00e1 este fin de semana una quedada viajera, una gymkana y un taller de fotograf\u00eda como cada a\u00f1o en los dos d\u00edas que la Feria Internacional de Turismo abrir\u00e1 al p\u00fablico en general. La primera de las actividades ser\u00e1 la VII Edici\u00f3n de la Quedada Fitur-minube, que congregar\u00e1 este s\u00e1bado a m\u00e1s de [&hellip;]<\/p>\n","protected":false},"author":1,"featured_media":849573,"comment_status":"closed","ping_status":"closed","sticky":false,"template":"","format":"standard","meta":{"footnotes":""},"categories":[148],"tags":[],"class_list":["post-849572","post","type-post","status-publish","format-standard","has-post-thumbnail","hentry","category-turismo"],"aioseo_notices":[],"aioseo_head":"\n\t\t<!-- All in One SEO Pro 4.9.6.2 - aioseo.com -->\n\t<meta name=\"description\" content=\"Fitur 2016 organizar\u00e1 este fin de semana una quedada viajera, una gymkana y un taller de fotograf\u00eda como cada a\u00f1o en los dos d\u00edas que la Feria Internacional de Turismo abrir\u00e1 al p\u00fablico en general. La primera de las actividades ser\u00e1 la VII Edici\u00f3n de la Quedada Fitur-minube, que congregar\u00e1 este s\u00e1bado a m\u00e1s de\" \/>\n\t<meta name=\"robots\" content=\"max-image-preview:large\" \/>\n\t<meta name=\"author\" content=\"El Digital de Asturias\"\/>\n\t<meta name=\"google-site-verification\" content=\"UA-38556648-1\" \/>\n\t<meta name=\"msvalidate.01\" content=\"7dfe9f3f1b24437ab69f4f2559babe99\" \/>\n\t<meta name=\"keywords\" content=\"turismo\" \/>\n\t<link rel=\"canonical\" href=\"https:\/\/www.eldigitaldeasturias.com\/noticias\/planes-de-fin-de-semana-para-fitur-2016\/\" \/>\n\t<meta name=\"generator\" content=\"All in One SEO Pro (AIOSEO) 4.9.6.2\" \/>\n\t\t<meta property=\"og:locale\" content=\"es_ES\" \/>\n\t\t<meta property=\"og:site_name\" content=\"El Digital de Asturias\" \/>\n\t\t<meta property=\"og:type\" content=\"article\" \/>\n\t\t<meta property=\"og:title\" content=\"Planes de fin de semana para Fitur 2016 - El Digital de Asturias\" \/>\n\t\t<meta property=\"og:description\" content=\"Fitur 2016 organizar\u00e1 este fin de semana una quedada viajera, una gymkana y un taller de fotograf\u00eda como cada a\u00f1o en los dos d\u00edas que la Feria Internacional de Turismo abrir\u00e1 al p\u00fablico en general. La primera de las actividades ser\u00e1 la VII Edici\u00f3n de la Quedada Fitur-minube, que congregar\u00e1 este s\u00e1bado a m\u00e1s de\" \/>\n\t\t<meta property=\"og:url\" content=\"https:\/\/www.eldigitaldeasturias.com\/noticias\/planes-de-fin-de-semana-para-fitur-2016\/\" \/>\n\t\t<meta property=\"og:image\" content=\"https:\/\/www.eldigitaldeasturias.com\/noticias\/wp-content\/uploads\/2016\/01\/fotonoticia_20160123085935_800.jpg\" \/>\n\t\t<meta property=\"og:image:secure_url\" content=\"https:\/\/www.eldigitaldeasturias.com\/noticias\/wp-content\/uploads\/2016\/01\/fotonoticia_20160123085935_800.jpg\" \/>\n\t\t<meta property=\"og:image:width\" content=\"800\" \/>\n\t\t<meta property=\"og:image:height\" content=\"533\" \/>\n\t\t<meta property=\"article:tag\" content=\"turismo\" \/>\n\t\t<meta property=\"article:published_time\" content=\"2016-01-23T17:22:07+00:00\" \/>\n\t\t<meta property=\"article:modified_time\" content=\"2016-01-23T17:22:07+00:00\" \/>\n\t\t<meta property=\"article:publisher\" content=\"https:\/\/facebook.com\/eldigitaldeasturias\" \/>\n\t\t<meta name=\"twitter:card\" content=\"summary_large_image\" \/>\n\t\t<meta name=\"twitter:title\" content=\"Planes de fin de semana para Fitur 2016 - El Digital de Asturias\" \/>\n\t\t<meta name=\"twitter:description\" content=\"Fitur 2016 organizar\u00e1 este fin de semana una quedada viajera, una gymkana y un taller de fotograf\u00eda como cada a\u00f1o en los dos d\u00edas que la Feria Internacional de Turismo abrir\u00e1 al p\u00fablico en general. La primera de las actividades ser\u00e1 la VII Edici\u00f3n de la Quedada Fitur-minube, que congregar\u00e1 este s\u00e1bado a m\u00e1s de\" \/>\n\t\t<meta name=\"twitter:image\" content=\"https:\/\/www.eldigitaldeasturias.com\/noticias\/wp-content\/uploads\/2016\/01\/fotonoticia_20160123085935_800.jpg\" \/>\n\t\t<meta name=\"twitter:label1\" content=\"Escrito por\" \/>\n\t\t<meta name=\"twitter:data1\" content=\"El Digital de Asturias\" \/>\n\t\t<meta name=\"twitter:label2\" content=\"Tiempo de lectura estimado\" \/>\n\t\t<meta name=\"twitter:data2\" content=\"2 minutos\" \/>\n\t\t<script type=\"application\/ld+json\" class=\"aioseo-schema\">\n\t\t\t{\"@context\":\"https:\\\/\\\/schema.org\",\"@graph\":[{\"@type\":\"BlogPosting\",\"@id\":\"https:\\\/\\\/www.eldigitaldeasturias.com\\\/noticias\\\/planes-de-fin-de-semana-para-fitur-2016\\\/#blogposting\",\"name\":\"Planes de fin de semana para Fitur 2016 - El Digital de Asturias\",\"headline\":\"Planes de fin de semana para Fitur 2016\",\"author\":{\"@id\":\"https:\\\/\\\/www.eldigitaldeasturias.com\\\/noticias\\\/author\\\/admin\\\/#author\"},\"publisher\":{\"@id\":\"https:\\\/\\\/www.eldigitaldeasturias.com\\\/noticias\\\/#organization\"},\"image\":{\"@type\":\"ImageObject\",\"url\":\"https:\\\/\\\/www.eldigitaldeasturias.com\\\/noticias\\\/wp-content\\\/uploads\\\/2016\\\/01\\\/fotonoticia_20160123085935_800.jpg\",\"width\":800,\"height\":533},\"datePublished\":\"2016-01-23T17:22:07+01:00\",\"dateModified\":\"2016-01-23T17:22:07+01:00\",\"inLanguage\":\"es-ES\",\"mainEntityOfPage\":{\"@id\":\"https:\\\/\\\/www.eldigitaldeasturias.com\\\/noticias\\\/planes-de-fin-de-semana-para-fitur-2016\\\/#webpage\"},\"isPartOf\":{\"@id\":\"https:\\\/\\\/www.eldigitaldeasturias.com\\\/noticias\\\/planes-de-fin-de-semana-para-fitur-2016\\\/#webpage\"},\"articleSection\":\"Turismo\"},{\"@type\":\"BreadcrumbList\",\"@id\":\"https:\\\/\\\/www.eldigitaldeasturias.com\\\/noticias\\\/planes-de-fin-de-semana-para-fitur-2016\\\/#breadcrumblist\",\"itemListElement\":[{\"@type\":\"ListItem\",\"@id\":\"https:\\\/\\\/www.eldigitaldeasturias.com\\\/noticias#listItem\",\"position\":1,\"name\":\"Home\",\"item\":\"https:\\\/\\\/www.eldigitaldeasturias.com\\\/noticias\",\"nextItem\":{\"@type\":\"ListItem\",\"@id\":\"https:\\\/\\\/www.eldigitaldeasturias.com\\\/noticias\\\/category\\\/turismo\\\/#listItem\",\"name\":\"Turismo\"}},{\"@type\":\"ListItem\",\"@id\":\"https:\\\/\\\/www.eldigitaldeasturias.com\\\/noticias\\\/category\\\/turismo\\\/#listItem\",\"position\":2,\"name\":\"Turismo\",\"item\":\"https:\\\/\\\/www.eldigitaldeasturias.com\\\/noticias\\\/category\\\/turismo\\\/\",\"nextItem\":{\"@type\":\"ListItem\",\"@id\":\"https:\\\/\\\/www.eldigitaldeasturias.com\\\/noticias\\\/planes-de-fin-de-semana-para-fitur-2016\\\/#listItem\",\"name\":\"Planes de fin de semana para Fitur 2016\"},\"previousItem\":{\"@type\":\"ListItem\",\"@id\":\"https:\\\/\\\/www.eldigitaldeasturias.com\\\/noticias#listItem\",\"name\":\"Home\"}},{\"@type\":\"ListItem\",\"@id\":\"https:\\\/\\\/www.eldigitaldeasturias.com\\\/noticias\\\/planes-de-fin-de-semana-para-fitur-2016\\\/#listItem\",\"position\":3,\"name\":\"Planes de fin de semana para Fitur 2016\",\"previousItem\":{\"@type\":\"ListItem\",\"@id\":\"https:\\\/\\\/www.eldigitaldeasturias.com\\\/noticias\\\/category\\\/turismo\\\/#listItem\",\"name\":\"Turismo\"}}]},{\"@type\":\"Organization\",\"@id\":\"https:\\\/\\\/www.eldigitaldeasturias.com\\\/noticias\\\/#organization\",\"name\":\"El Digital de Asturias\",\"description\":\"Hemeroteca\",\"url\":\"https:\\\/\\\/www.eldigitaldeasturias.com\\\/noticias\\\/\",\"email\":\"info@eldigitaldeasturias.com\",\"telephone\":\"+34652131393\",\"logo\":{\"@type\":\"ImageObject\",\"url\":\"https:\\\/\\\/www.eldigitaldeasturias.com\\\/noticias\\\/wp-content\\\/uploads\\\/2020\\\/12\\\/EDA.jpg\",\"@id\":\"https:\\\/\\\/www.eldigitaldeasturias.com\\\/noticias\\\/planes-de-fin-de-semana-para-fitur-2016\\\/#organizationLogo\",\"width\":649,\"height\":297},\"image\":{\"@id\":\"https:\\\/\\\/www.eldigitaldeasturias.com\\\/noticias\\\/planes-de-fin-de-semana-para-fitur-2016\\\/#organizationLogo\"},\"sameAs\":[\"https:\\\/\\\/facebook.com\\\/eldigitaldeasturias\",\"https:\\\/\\\/www.youtube.com\\\/channel\\\/UCZP-2wLEB9Rv6erhFmqVnvg\"],\"address\":{\"@id\":\"https:\\\/\\\/www.eldigitaldeasturias.com\\\/noticias\\\/#postaladdress\",\"@type\":\"PostalAddress\",\"streetAddress\":\"san antonio 4,\",\"postalCode\":\"33430\",\"addressLocality\":\"Cand\\u00e1s\",\"addressRegion\":\"Asturias\",\"addressCountry\":\"ES\"}},{\"@type\":\"Person\",\"@id\":\"https:\\\/\\\/www.eldigitaldeasturias.com\\\/noticias\\\/author\\\/admin\\\/#author\",\"url\":\"https:\\\/\\\/www.eldigitaldeasturias.com\\\/noticias\\\/author\\\/admin\\\/\",\"name\":\"El Digital de Asturias\",\"image\":{\"@type\":\"ImageObject\",\"@id\":\"https:\\\/\\\/www.eldigitaldeasturias.com\\\/noticias\\\/planes-de-fin-de-semana-para-fitur-2016\\\/#authorImage\",\"url\":\"https:\\\/\\\/www.eldigitaldeasturias.com\\\/noticias\\\/wp-content\\\/litespeed\\\/avatar\\\/18677e78aa0546b92d9dbf31ec7d7668.jpg?ver=1777290358\",\"width\":96,\"height\":96,\"caption\":\"El Digital de Asturias\"}},{\"@type\":\"WebPage\",\"@id\":\"https:\\\/\\\/www.eldigitaldeasturias.com\\\/noticias\\\/planes-de-fin-de-semana-para-fitur-2016\\\/#webpage\",\"url\":\"https:\\\/\\\/www.eldigitaldeasturias.com\\\/noticias\\\/planes-de-fin-de-semana-para-fitur-2016\\\/\",\"name\":\"Planes de fin de semana para Fitur 2016 - El Digital de Asturias\",\"description\":\"Fitur 2016 organizar\\u00e1 este fin de semana una quedada viajera, una gymkana y un taller de fotograf\\u00eda como cada a\\u00f1o en los dos d\\u00edas que la Feria Internacional de Turismo abrir\\u00e1 al p\\u00fablico en general. La primera de las actividades ser\\u00e1 la VII Edici\\u00f3n de la Quedada Fitur-minube, que congregar\\u00e1 este s\\u00e1bado a m\\u00e1s de\",\"inLanguage\":\"es-ES\",\"isPartOf\":{\"@id\":\"https:\\\/\\\/www.eldigitaldeasturias.com\\\/noticias\\\/#website\"},\"breadcrumb\":{\"@id\":\"https:\\\/\\\/www.eldigitaldeasturias.com\\\/noticias\\\/planes-de-fin-de-semana-para-fitur-2016\\\/#breadcrumblist\"},\"author\":{\"@id\":\"https:\\\/\\\/www.eldigitaldeasturias.com\\\/noticias\\\/author\\\/admin\\\/#author\"},\"creator\":{\"@id\":\"https:\\\/\\\/www.eldigitaldeasturias.com\\\/noticias\\\/author\\\/admin\\\/#author\"},\"image\":{\"@type\":\"ImageObject\",\"url\":\"https:\\\/\\\/www.eldigitaldeasturias.com\\\/noticias\\\/wp-content\\\/uploads\\\/2016\\\/01\\\/fotonoticia_20160123085935_800.jpg\",\"@id\":\"https:\\\/\\\/www.eldigitaldeasturias.com\\\/noticias\\\/planes-de-fin-de-semana-para-fitur-2016\\\/#mainImage\",\"width\":800,\"height\":533},\"primaryImageOfPage\":{\"@id\":\"https:\\\/\\\/www.eldigitaldeasturias.com\\\/noticias\\\/planes-de-fin-de-semana-para-fitur-2016\\\/#mainImage\"},\"datePublished\":\"2016-01-23T17:22:07+01:00\",\"dateModified\":\"2016-01-23T17:22:07+01:00\"},{\"@type\":\"WebSite\",\"@id\":\"https:\\\/\\\/www.eldigitaldeasturias.com\\\/noticias\\\/#website\",\"url\":\"https:\\\/\\\/www.eldigitaldeasturias.com\\\/noticias\\\/\",\"name\":\"El Digital de Asturias - Diario de actualidad y noticias\",\"alternateName\":\"El Digital de Asturias - Diario de actualidad y noticias\",\"description\":\"Hemeroteca\",\"inLanguage\":\"es-ES\",\"publisher\":{\"@id\":\"https:\\\/\\\/www.eldigitaldeasturias.com\\\/noticias\\\/#organization\"}}]}\n\t\t<\/script>\n\t\t<!-- All in One SEO Pro -->\r\n\t\t<title>Planes de fin de semana para Fitur 2016 - El Digital de Asturias<\/title>\n\n","aioseo_head_json":{"title":"Planes de fin de semana para Fitur 2016 - El Digital de Asturias","description":"Fitur 2016 organizar\u00e1 este fin de semana una quedada viajera, una gymkana y un taller de fotograf\u00eda como cada a\u00f1o en los dos d\u00edas que la Feria Internacional de Turismo abrir\u00e1 al p\u00fablico en general. La primera de las actividades ser\u00e1 la VII Edici\u00f3n de la Quedada Fitur-minube, que congregar\u00e1 este s\u00e1bado a m\u00e1s de","canonical_url":"https:\/\/www.eldigitaldeasturias.com\/noticias\/planes-de-fin-de-semana-para-fitur-2016\/","robots":"max-image-preview:large","keywords":"turismo","webmasterTools":{"google-site-verification":"UA-38556648-1","msvalidate.01":"7dfe9f3f1b24437ab69f4f2559babe99","miscellaneous":""},"schema":{"@context":"https:\/\/schema.org","@graph":[{"@type":"BlogPosting","@id":"https:\/\/www.eldigitaldeasturias.com\/noticias\/planes-de-fin-de-semana-para-fitur-2016\/#blogposting","name":"Planes de fin de semana para Fitur 2016 - El Digital de Asturias","headline":"Planes de fin de semana para Fitur 2016","author":{"@id":"https:\/\/www.eldigitaldeasturias.com\/noticias\/author\/admin\/#author"},"publisher":{"@id":"https:\/\/www.eldigitaldeasturias.com\/noticias\/#organization"},"image":{"@type":"ImageObject","url":"https:\/\/www.eldigitaldeasturias.com\/noticias\/wp-content\/uploads\/2016\/01\/fotonoticia_20160123085935_800.jpg","width":800,"height":533},"datePublished":"2016-01-23T17:22:07+01:00","dateModified":"2016-01-23T17:22:07+01:00","inLanguage":"es-ES","mainEntityOfPage":{"@id":"https:\/\/www.eldigitaldeasturias.com\/noticias\/planes-de-fin-de-semana-para-fitur-2016\/#webpage"},"isPartOf":{"@id":"https:\/\/www.eldigitaldeasturias.com\/noticias\/planes-de-fin-de-semana-para-fitur-2016\/#webpage"},"articleSection":"Turismo"},{"@type":"BreadcrumbList","@id":"https:\/\/www.eldigitaldeasturias.com\/noticias\/planes-de-fin-de-semana-para-fitur-2016\/#breadcrumblist","itemListElement":[{"@type":"ListItem","@id":"https:\/\/www.eldigitaldeasturias.com\/noticias#listItem","position":1,"name":"Home","item":"https:\/\/www.eldigitaldeasturias.com\/noticias","nextItem":{"@type":"ListItem","@id":"https:\/\/www.eldigitaldeasturias.com\/noticias\/category\/turismo\/#listItem","name":"Turismo"}},{"@type":"ListItem","@id":"https:\/\/www.eldigitaldeasturias.com\/noticias\/category\/turismo\/#listItem","position":2,"name":"Turismo","item":"https:\/\/www.eldigitaldeasturias.com\/noticias\/category\/turismo\/","nextItem":{"@type":"ListItem","@id":"https:\/\/www.eldigitaldeasturias.com\/noticias\/planes-de-fin-de-semana-para-fitur-2016\/#listItem","name":"Planes de fin de semana para Fitur 2016"},"previousItem":{"@type":"ListItem","@id":"https:\/\/www.eldigitaldeasturias.com\/noticias#listItem","name":"Home"}},{"@type":"ListItem","@id":"https:\/\/www.eldigitaldeasturias.com\/noticias\/planes-de-fin-de-semana-para-fitur-2016\/#listItem","position":3,"name":"Planes de fin de semana para Fitur 2016","previousItem":{"@type":"ListItem","@id":"https:\/\/www.eldigitaldeasturias.com\/noticias\/category\/turismo\/#listItem","name":"Turismo"}}]},{"@type":"Organization","@id":"https:\/\/www.eldigitaldeasturias.com\/noticias\/#organization","name":"El Digital de Asturias","description":"Hemeroteca","url":"https:\/\/www.eldigitaldeasturias.com\/noticias\/","email":"info@eldigitaldeasturias.com","telephone":"+34652131393","logo":{"@type":"ImageObject","url":"https:\/\/www.eldigitaldeasturias.com\/noticias\/wp-content\/uploads\/2020\/12\/EDA.jpg","@id":"https:\/\/www.eldigitaldeasturias.com\/noticias\/planes-de-fin-de-semana-para-fitur-2016\/#organizationLogo","width":649,"height":297},"image":{"@id":"https:\/\/www.eldigitaldeasturias.com\/noticias\/planes-de-fin-de-semana-para-fitur-2016\/#organizationLogo"},"sameAs":["https:\/\/facebook.com\/eldigitaldeasturias","https:\/\/www.youtube.com\/channel\/UCZP-2wLEB9Rv6erhFmqVnvg"],"address":{"@id":"https:\/\/www.eldigitaldeasturias.com\/noticias\/#postaladdress","@type":"PostalAddress","streetAddress":"san antonio 4,","postalCode":"33430","addressLocality":"Cand\u00e1s","addressRegion":"Asturias","addressCountry":"ES"}},{"@type":"Person","@id":"https:\/\/www.eldigitaldeasturias.com\/noticias\/author\/admin\/#author","url":"https:\/\/www.eldigitaldeasturias.com\/noticias\/author\/admin\/","name":"El Digital de Asturias","image":{"@type":"ImageObject","@id":"https:\/\/www.eldigitaldeasturias.com\/noticias\/planes-de-fin-de-semana-para-fitur-2016\/#authorImage","url":"https:\/\/www.eldigitaldeasturias.com\/noticias\/wp-content\/litespeed\/avatar\/18677e78aa0546b92d9dbf31ec7d7668.jpg?ver=1777290358","width":96,"height":96,"caption":"El Digital de Asturias"}},{"@type":"WebPage","@id":"https:\/\/www.eldigitaldeasturias.com\/noticias\/planes-de-fin-de-semana-para-fitur-2016\/#webpage","url":"https:\/\/www.eldigitaldeasturias.com\/noticias\/planes-de-fin-de-semana-para-fitur-2016\/","name":"Planes de fin de semana para Fitur 2016 - El Digital de Asturias","description":"Fitur 2016 organizar\u00e1 este fin de semana una quedada viajera, una gymkana y un taller de fotograf\u00eda como cada a\u00f1o en los dos d\u00edas que la Feria Internacional de Turismo abrir\u00e1 al p\u00fablico en general. La primera de las actividades ser\u00e1 la VII Edici\u00f3n de la Quedada Fitur-minube, que congregar\u00e1 este s\u00e1bado a m\u00e1s de","inLanguage":"es-ES","isPartOf":{"@id":"https:\/\/www.eldigitaldeasturias.com\/noticias\/#website"},"breadcrumb":{"@id":"https:\/\/www.eldigitaldeasturias.com\/noticias\/planes-de-fin-de-semana-para-fitur-2016\/#breadcrumblist"},"author":{"@id":"https:\/\/www.eldigitaldeasturias.com\/noticias\/author\/admin\/#author"},"creator":{"@id":"https:\/\/www.eldigitaldeasturias.com\/noticias\/author\/admin\/#author"},"image":{"@type":"ImageObject","url":"https:\/\/www.eldigitaldeasturias.com\/noticias\/wp-content\/uploads\/2016\/01\/fotonoticia_20160123085935_800.jpg","@id":"https:\/\/www.eldigitaldeasturias.com\/noticias\/planes-de-fin-de-semana-para-fitur-2016\/#mainImage","width":800,"height":533},"primaryImageOfPage":{"@id":"https:\/\/www.eldigitaldeasturias.com\/noticias\/planes-de-fin-de-semana-para-fitur-2016\/#mainImage"},"datePublished":"2016-01-23T17:22:07+01:00","dateModified":"2016-01-23T17:22:07+01:00"},{"@type":"WebSite","@id":"https:\/\/www.eldigitaldeasturias.com\/noticias\/#website","url":"https:\/\/www.eldigitaldeasturias.com\/noticias\/","name":"El Digital de Asturias - Diario de actualidad y noticias","alternateName":"El Digital de Asturias - Diario de actualidad y noticias","description":"Hemeroteca","inLanguage":"es-ES","publisher":{"@id":"https:\/\/www.eldigitaldeasturias.com\/noticias\/#organization"}}]},"og:locale":"es_ES","og:site_name":"El Digital de Asturias","og:type":"article","og:title":"Planes de fin de semana para Fitur 2016 - El Digital de Asturias","og:description":"Fitur 2016 organizar\u00e1 este fin de semana una quedada viajera, una gymkana y un taller de fotograf\u00eda como cada a\u00f1o en los dos d\u00edas que la Feria Internacional de Turismo abrir\u00e1 al p\u00fablico en general. La primera de las actividades ser\u00e1 la VII Edici\u00f3n de la Quedada Fitur-minube, que congregar\u00e1 este s\u00e1bado a m\u00e1s de","og:url":"https:\/\/www.eldigitaldeasturias.com\/noticias\/planes-de-fin-de-semana-para-fitur-2016\/","og:image":"https:\/\/www.eldigitaldeasturias.com\/noticias\/wp-content\/uploads\/2016\/01\/fotonoticia_20160123085935_800.jpg","og:image:secure_url":"https:\/\/www.eldigitaldeasturias.com\/noticias\/wp-content\/uploads\/2016\/01\/fotonoticia_20160123085935_800.jpg","og:image:width":800,"og:image:height":533,"article:tag":["turismo"],"article:published_time":"2016-01-23T17:22:07+00:00","article:modified_time":"2016-01-23T17:22:07+00:00","article:publisher":"https:\/\/facebook.com\/eldigitaldeasturias","twitter:card":"summary_large_image","twitter:title":"Planes de fin de semana para Fitur 2016 - El Digital de Asturias","twitter:description":"Fitur 2016 organizar\u00e1 este fin de semana una quedada viajera, una gymkana y un taller de fotograf\u00eda como cada a\u00f1o en los dos d\u00edas que la Feria Internacional de Turismo abrir\u00e1 al p\u00fablico en general. La primera de las actividades ser\u00e1 la VII Edici\u00f3n de la Quedada Fitur-minube, que congregar\u00e1 este s\u00e1bado a m\u00e1s de","twitter:image":"https:\/\/www.eldigitaldeasturias.com\/noticias\/wp-content\/uploads\/2016\/01\/fotonoticia_20160123085935_800.jpg","twitter:label1":"Escrito por","twitter:data1":"El Digital de Asturias","twitter:label2":"Tiempo de lectura estimado","twitter:data2":"2 minutos"},"aioseo_meta_data":{"post_id":"849572","title":null,"description":null,"keywords":null,"keyphrases":null,"primary_term":null,"canonical_url":null,"og_title":null,"og_description":null,"og_object_type":"default","og_image_type":"default","og_image_url":null,"og_image_width":null,"og_image_height":null,"og_image_custom_url":null,"og_image_custom_fields":null,"og_video":null,"og_custom_url":null,"og_article_section":null,"og_article_tags":null,"twitter_use_og":false,"twitter_card":"default","twitter_image_type":"default","twitter_image_url":null,"twitter_image_custom_url":null,"twitter_image_custom_fields":null,"twitter_title":null,"twitter_description":null,"schema":{"blockGraphs":[],"customGraphs":[],"default":{"data":{"Article":[],"Course":[],"Dataset":[],"FAQPage":[],"Movie":[],"Person":[],"Product":[],"ProductReview":[],"Car":[],"Recipe":[],"Service":[],"SoftwareApplication":[],"WebPage":[]},"graphName":"","isEnabled":true},"graphs":[],"defaultGraph":"","defaultPostTypeGraph":""},"schema_type":null,"schema_type_options":null,"pillar_content":false,"robots_default":true,"robots_noindex":false,"robots_noarchive":false,"robots_nosnippet":false,"robots_nofollow":false,"robots_noimageindex":false,"robots_noodp":false,"robots_notranslate":false,"robots_max_snippet":null,"robots_max_videopreview":null,"robots_max_imagepreview":"large","priority":null,"frequency":null,"local_seo":null,"seo_analyzer_scan_date":"2025-12-09 05:10:43","breadcrumb_settings":null,"limit_modified_date":false,"open_ai":null,"ai":null,"created":"2021-01-23 13:41:12","updated":"2025-12-09 05:10:43"},"aioseo_breadcrumb":"<div class=\"aioseo-breadcrumbs\"><span class=\"aioseo-breadcrumb\">\n\t<a href=\"https:\/\/www.eldigitaldeasturias.com\/noticias\" title=\"Home\">Home<\/a>\n<\/span><span class=\"aioseo-breadcrumb-separator\">\u2013<\/span><span class=\"aioseo-breadcrumb\">\n\t<a href=\"https:\/\/www.eldigitaldeasturias.com\/noticias\/category\/turismo\/\" title=\"Turismo\">Turismo<\/a>\n<\/span><span class=\"aioseo-breadcrumb-separator\">\u2013<\/span><span class=\"aioseo-breadcrumb\">\n\t<a href=\"https:\/\/www.eldigitaldeasturias.com\/noticias\/planes-de-fin-de-semana-para-fitur-2016\/\" title=\"Planes de fin de semana para Fitur 2016\">Planes de fin de semana para Fitur 2016<\/a>\n<\/span><\/div>","aioseo_breadcrumb_json":[{"label":"Home","link":"https:\/\/www.eldigitaldeasturias.com\/noticias"},{"label":"Turismo","link":"https:\/\/www.eldigitaldeasturias.com\/noticias\/category\/turismo\/"},{"label":"Planes de fin de semana para Fitur 2016","link":"https:\/\/www.eldigitaldeasturias.com\/noticias\/planes-de-fin-de-semana-para-fitur-2016\/"}],"_links":{"self":[{"href":"https:\/\/www.eldigitaldeasturias.com\/noticias\/wp-json\/wp\/v2\/posts\/849572","targetHints":{"allow":["GET"]}}],"collection":[{"href":"https:\/\/www.eldigitaldeasturias.com\/noticias\/wp-json\/wp\/v2\/posts"}],"about":[{"href":"https:\/\/www.eldigitaldeasturias.com\/noticias\/wp-json\/wp\/v2\/types\/post"}],"author":[{"embeddable":true,"href":"https:\/\/www.eldigitaldeasturias.com\/noticias\/wp-json\/wp\/v2\/users\/1"}],"replies":[{"embeddable":true,"href":"https:\/\/www.eldigitaldeasturias.com\/noticias\/wp-json\/wp\/v2\/comments?post=849572"}],"version-history":[{"count":0,"href":"https:\/\/www.eldigitaldeasturias.com\/noticias\/wp-json\/wp\/v2\/posts\/849572\/revisions"}],"wp:featuredmedia":[{"embeddable":true,"href":"https:\/\/www.eldigitaldeasturias.com\/noticias\/wp-json\/wp\/v2\/media\/849573"}],"wp:attachment":[{"href":"https:\/\/www.eldigitaldeasturias.com\/noticias\/wp-json\/wp\/v2\/media?parent=849572"}],"wp:term":[{"taxonomy":"category","embeddable":true,"href":"https:\/\/www.eldigitaldeasturias.com\/noticias\/wp-json\/wp\/v2\/categories?post=849572"},{"taxonomy":"post_tag","embeddable":true,"href":"https:\/\/www.eldigitaldeasturias.com\/noticias\/wp-json\/wp\/v2\/tags?post=849572"}],"curies":[{"name":"wp","href":"https:\/\/api.w.org\/{rel}","templated":true}]}}