{"id":849557,"date":"2016-01-23T17:11:04","date_gmt":"2016-01-23T17:11:04","guid":{"rendered":"http:\/\/www.eldigitaldeasturias.com\/noticias\/?p=849557"},"modified":"2016-01-23T17:11:04","modified_gmt":"2016-01-23T17:11:04","slug":"el-sabor-unico-de-ibericos-fisan-repite-en-madrid-fusion","status":"publish","type":"post","link":"https:\/\/www.eldigitaldeasturias.com\/noticias\/el-sabor-unico-de-ibericos-fisan-repite-en-madrid-fusion\/","title":{"rendered":"El sabor \u00fanico de ib\u00e9ricos FISAN repite en Madrid Fusi\u00f3n"},"content":{"rendered":"<p><img loading=\"lazy\" decoding=\"async\" class=\"alignleft size-medium wp-image-849558\" src=\"https:\/\/www.eldigitaldeasturias.com\/noticias\/wp-content\/uploads\/2016\/01\/1453450033_STAND_FISAN-360x308.jpg\" alt=\"1453450033_STAND_FISAN\" width=\"360\" height=\"308\" srcset=\"https:\/\/www.eldigitaldeasturias.com\/noticias\/wp-content\/uploads\/2016\/01\/1453450033_STAND_FISAN-360x308.jpg 360w, https:\/\/www.eldigitaldeasturias.com\/noticias\/wp-content\/uploads\/2016\/01\/1453450033_STAND_FISAN-140x120.jpg 140w, https:\/\/www.eldigitaldeasturias.com\/noticias\/wp-content\/uploads\/2016\/01\/1453450033_STAND_FISAN.jpg 369w\" sizes=\"auto, (max-width: 360px) 100vw, 360px\" \/>Ib\u00e9ricos FISAN participar\u00e1 en la XIV edici\u00f3n de la Cumbre Mundial de Gastronom\u00eda Madrid Fusi\u00f3n 2016 se celebrar\u00e1 del 25 al 27 de enero. La feria es cita obligada para los profesionales del sector de la gastronom\u00eda.<\/p>\n<p>Ib\u00e9ricos FISAN estar\u00e1 presente en este escaparate culinario de la capital, en el stand 40 en la tercera planta donde presentar\u00e1 las \u00faltimas a\u00f1adas de sus magn\u00edficos jamones.<\/p>\n<p>Durante los tres d\u00edas, de lunes a mi\u00e9rcoles, FISAN llevar\u00e1 a cabo diversas actividades y degustaciones, con la colaboraci\u00f3n de grandes cocineros como Ram\u00f3n Freixa, embajador de la l\u00ednea GRAN RESERVA de FISAN, Ricard Camarena, Oscar Cruz y Ana Rodr\u00edguez.<\/p>\n<p>El lunes 25, al mediod\u00eda, FISAN colaborar\u00e1 en el almuerzo ofrecido por Salamanca para com\u00e9rsela de la mano de los restaurantes Vida &amp; Comida y LIS. Uno de estos platos, el Makib\u00e9rico de FISAN creado por Vida&amp; Comida ser\u00e1 ofrecido en el stand de la firma a las 16h.<\/p>\n<p>Al d\u00eda siguiente, martes, se presentar\u00e1 un producto exclusivo creado por Ricard Camarena para FISAN, la Rillette de secreto y jam\u00f3n ib\u00e9rico de bellota de la que se ofrecer\u00e1 una degustaci\u00f3n en el stand de FISAN a las 12:30h.<\/p>\n<p>A las 14:30, en la sala polivalente, el chef valencia llevar\u00e1 a cabo un taller titulado \u201cEl alma del producto ib\u00e9rico en la alta gastronom\u00eda\u201d en el que presentar\u00e1 dos creaciones fruto de su investigaci\u00f3n del sabor ib\u00e9rico desarrollada para FISAN.<\/p>\n","protected":false},"excerpt":{"rendered":"<p>Ib\u00e9ricos FISAN participar\u00e1 en la XIV edici\u00f3n de la Cumbre Mundial de Gastronom\u00eda Madrid Fusi\u00f3n 2016 se celebrar\u00e1 del 25 al 27 de enero. La feria es cita obligada para los profesionales del sector de la gastronom\u00eda. Ib\u00e9ricos FISAN estar\u00e1 presente en este escaparate culinario de la capital, en el stand 40 en la tercera [&hellip;]<\/p>\n","protected":false},"author":1,"featured_media":849558,"comment_status":"closed","ping_status":"closed","sticky":false,"template":"","format":"standard","meta":{"footnotes":""},"categories":[1],"tags":[],"class_list":["post-849557","post","type-post","status-publish","format-standard","has-post-thumbnail","hentry","category-actualidad"],"aioseo_notices":[],"aioseo_head":"\n\t\t<!-- All in One SEO Pro 4.9.6.2 - aioseo.com -->\n\t<meta name=\"description\" content=\"Ib\u00e9ricos FISAN participar\u00e1 en la XIV edici\u00f3n de la Cumbre Mundial de Gastronom\u00eda Madrid Fusi\u00f3n 2016 se celebrar\u00e1 del 25 al 27 de enero. La feria es cita obligada para los profesionales del sector de la gastronom\u00eda. Ib\u00e9ricos FISAN estar\u00e1 presente en este escaparate culinario de la capital, en el stand 40 en la tercera\" \/>\n\t<meta name=\"robots\" content=\"max-image-preview:large\" \/>\n\t<meta name=\"author\" content=\"El Digital de Asturias\"\/>\n\t<meta name=\"google-site-verification\" content=\"UA-38556648-1\" \/>\n\t<meta name=\"msvalidate.01\" content=\"7dfe9f3f1b24437ab69f4f2559babe99\" \/>\n\t<meta name=\"keywords\" content=\"actualidad\" \/>\n\t<link rel=\"canonical\" href=\"https:\/\/www.eldigitaldeasturias.com\/noticias\/el-sabor-unico-de-ibericos-fisan-repite-en-madrid-fusion\/\" \/>\n\t<meta name=\"generator\" content=\"All in One SEO Pro (AIOSEO) 4.9.6.2\" \/>\n\t\t<meta property=\"og:locale\" content=\"es_ES\" \/>\n\t\t<meta property=\"og:site_name\" content=\"El Digital de Asturias\" \/>\n\t\t<meta property=\"og:type\" content=\"article\" \/>\n\t\t<meta property=\"og:title\" content=\"El sabor \u00fanico de ib\u00e9ricos FISAN repite en Madrid Fusi\u00f3n - El Digital de Asturias\" \/>\n\t\t<meta property=\"og:description\" content=\"Ib\u00e9ricos FISAN participar\u00e1 en la XIV edici\u00f3n de la Cumbre Mundial de Gastronom\u00eda Madrid Fusi\u00f3n 2016 se celebrar\u00e1 del 25 al 27 de enero. La feria es cita obligada para los profesionales del sector de la gastronom\u00eda. Ib\u00e9ricos FISAN estar\u00e1 presente en este escaparate culinario de la capital, en el stand 40 en la tercera\" \/>\n\t\t<meta property=\"og:url\" content=\"https:\/\/www.eldigitaldeasturias.com\/noticias\/el-sabor-unico-de-ibericos-fisan-repite-en-madrid-fusion\/\" \/>\n\t\t<meta property=\"og:image\" content=\"https:\/\/www.eldigitaldeasturias.com\/noticias\/wp-content\/uploads\/2016\/01\/1453450033_STAND_FISAN.jpg\" \/>\n\t\t<meta property=\"og:image:secure_url\" content=\"https:\/\/www.eldigitaldeasturias.com\/noticias\/wp-content\/uploads\/2016\/01\/1453450033_STAND_FISAN.jpg\" \/>\n\t\t<meta property=\"og:image:width\" content=\"369\" \/>\n\t\t<meta property=\"og:image:height\" content=\"316\" \/>\n\t\t<meta property=\"article:tag\" content=\"actualidad\" \/>\n\t\t<meta property=\"article:published_time\" content=\"2016-01-23T17:11:04+00:00\" \/>\n\t\t<meta property=\"article:modified_time\" content=\"2016-01-23T17:11:04+00:00\" \/>\n\t\t<meta property=\"article:publisher\" content=\"https:\/\/facebook.com\/eldigitaldeasturias\" \/>\n\t\t<meta name=\"twitter:card\" content=\"summary_large_image\" \/>\n\t\t<meta name=\"twitter:title\" content=\"El sabor \u00fanico de ib\u00e9ricos FISAN repite en Madrid Fusi\u00f3n - El Digital de Asturias\" \/>\n\t\t<meta name=\"twitter:description\" content=\"Ib\u00e9ricos FISAN participar\u00e1 en la XIV edici\u00f3n de la Cumbre Mundial de Gastronom\u00eda Madrid Fusi\u00f3n 2016 se celebrar\u00e1 del 25 al 27 de enero. La feria es cita obligada para los profesionales del sector de la gastronom\u00eda. Ib\u00e9ricos FISAN estar\u00e1 presente en este escaparate culinario de la capital, en el stand 40 en la tercera\" \/>\n\t\t<meta name=\"twitter:image\" content=\"https:\/\/www.eldigitaldeasturias.com\/noticias\/wp-content\/uploads\/2016\/01\/1453450033_STAND_FISAN.jpg\" \/>\n\t\t<meta name=\"twitter:label1\" content=\"Escrito por\" \/>\n\t\t<meta name=\"twitter:data1\" content=\"El Digital de Asturias\" \/>\n\t\t<meta name=\"twitter:label2\" content=\"Tiempo de lectura estimado\" \/>\n\t\t<meta name=\"twitter:data2\" content=\"1 minuto\" \/>\n\t\t<script type=\"application\/ld+json\" class=\"aioseo-schema\">\n\t\t\t{\"@context\":\"https:\\\/\\\/schema.org\",\"@graph\":[{\"@type\":\"BlogPosting\",\"@id\":\"https:\\\/\\\/www.eldigitaldeasturias.com\\\/noticias\\\/el-sabor-unico-de-ibericos-fisan-repite-en-madrid-fusion\\\/#blogposting\",\"name\":\"El sabor \\u00fanico de ib\\u00e9ricos FISAN repite en Madrid Fusi\\u00f3n - El Digital de Asturias\",\"headline\":\"El sabor \\u00fanico de ib\\u00e9ricos FISAN repite en Madrid Fusi\\u00f3n\",\"author\":{\"@id\":\"https:\\\/\\\/www.eldigitaldeasturias.com\\\/noticias\\\/author\\\/admin\\\/#author\"},\"publisher\":{\"@id\":\"https:\\\/\\\/www.eldigitaldeasturias.com\\\/noticias\\\/#organization\"},\"image\":{\"@type\":\"ImageObject\",\"url\":\"https:\\\/\\\/www.eldigitaldeasturias.com\\\/noticias\\\/wp-content\\\/uploads\\\/2016\\\/01\\\/1453450033_STAND_FISAN.jpg\",\"width\":369,\"height\":316},\"datePublished\":\"2016-01-23T17:11:04+01:00\",\"dateModified\":\"2016-01-23T17:11:04+01:00\",\"inLanguage\":\"es-ES\",\"mainEntityOfPage\":{\"@id\":\"https:\\\/\\\/www.eldigitaldeasturias.com\\\/noticias\\\/el-sabor-unico-de-ibericos-fisan-repite-en-madrid-fusion\\\/#webpage\"},\"isPartOf\":{\"@id\":\"https:\\\/\\\/www.eldigitaldeasturias.com\\\/noticias\\\/el-sabor-unico-de-ibericos-fisan-repite-en-madrid-fusion\\\/#webpage\"},\"articleSection\":\"Actualidad\"},{\"@type\":\"BreadcrumbList\",\"@id\":\"https:\\\/\\\/www.eldigitaldeasturias.com\\\/noticias\\\/el-sabor-unico-de-ibericos-fisan-repite-en-madrid-fusion\\\/#breadcrumblist\",\"itemListElement\":[{\"@type\":\"ListItem\",\"@id\":\"https:\\\/\\\/www.eldigitaldeasturias.com\\\/noticias#listItem\",\"position\":1,\"name\":\"Home\",\"item\":\"https:\\\/\\\/www.eldigitaldeasturias.com\\\/noticias\",\"nextItem\":{\"@type\":\"ListItem\",\"@id\":\"https:\\\/\\\/www.eldigitaldeasturias.com\\\/noticias\\\/category\\\/actualidad\\\/#listItem\",\"name\":\"Actualidad\"}},{\"@type\":\"ListItem\",\"@id\":\"https:\\\/\\\/www.eldigitaldeasturias.com\\\/noticias\\\/category\\\/actualidad\\\/#listItem\",\"position\":2,\"name\":\"Actualidad\",\"item\":\"https:\\\/\\\/www.eldigitaldeasturias.com\\\/noticias\\\/category\\\/actualidad\\\/\",\"nextItem\":{\"@type\":\"ListItem\",\"@id\":\"https:\\\/\\\/www.eldigitaldeasturias.com\\\/noticias\\\/el-sabor-unico-de-ibericos-fisan-repite-en-madrid-fusion\\\/#listItem\",\"name\":\"El sabor \\u00fanico de ib\\u00e9ricos FISAN repite en Madrid Fusi\\u00f3n\"},\"previousItem\":{\"@type\":\"ListItem\",\"@id\":\"https:\\\/\\\/www.eldigitaldeasturias.com\\\/noticias#listItem\",\"name\":\"Home\"}},{\"@type\":\"ListItem\",\"@id\":\"https:\\\/\\\/www.eldigitaldeasturias.com\\\/noticias\\\/el-sabor-unico-de-ibericos-fisan-repite-en-madrid-fusion\\\/#listItem\",\"position\":3,\"name\":\"El sabor \\u00fanico de ib\\u00e9ricos FISAN repite en Madrid Fusi\\u00f3n\",\"previousItem\":{\"@type\":\"ListItem\",\"@id\":\"https:\\\/\\\/www.eldigitaldeasturias.com\\\/noticias\\\/category\\\/actualidad\\\/#listItem\",\"name\":\"Actualidad\"}}]},{\"@type\":\"Organization\",\"@id\":\"https:\\\/\\\/www.eldigitaldeasturias.com\\\/noticias\\\/#organization\",\"name\":\"El Digital de Asturias\",\"description\":\"Hemeroteca\",\"url\":\"https:\\\/\\\/www.eldigitaldeasturias.com\\\/noticias\\\/\",\"email\":\"info@eldigitaldeasturias.com\",\"telephone\":\"+34652131393\",\"logo\":{\"@type\":\"ImageObject\",\"url\":\"https:\\\/\\\/www.eldigitaldeasturias.com\\\/noticias\\\/wp-content\\\/uploads\\\/2020\\\/12\\\/EDA.jpg\",\"@id\":\"https:\\\/\\\/www.eldigitaldeasturias.com\\\/noticias\\\/el-sabor-unico-de-ibericos-fisan-repite-en-madrid-fusion\\\/#organizationLogo\",\"width\":649,\"height\":297},\"image\":{\"@id\":\"https:\\\/\\\/www.eldigitaldeasturias.com\\\/noticias\\\/el-sabor-unico-de-ibericos-fisan-repite-en-madrid-fusion\\\/#organizationLogo\"},\"sameAs\":[\"https:\\\/\\\/facebook.com\\\/eldigitaldeasturias\",\"https:\\\/\\\/www.youtube.com\\\/channel\\\/UCZP-2wLEB9Rv6erhFmqVnvg\"],\"address\":{\"@id\":\"https:\\\/\\\/www.eldigitaldeasturias.com\\\/noticias\\\/#postaladdress\",\"@type\":\"PostalAddress\",\"streetAddress\":\"san antonio 4,\",\"postalCode\":\"33430\",\"addressLocality\":\"Cand\\u00e1s\",\"addressRegion\":\"Asturias\",\"addressCountry\":\"ES\"}},{\"@type\":\"Person\",\"@id\":\"https:\\\/\\\/www.eldigitaldeasturias.com\\\/noticias\\\/author\\\/admin\\\/#author\",\"url\":\"https:\\\/\\\/www.eldigitaldeasturias.com\\\/noticias\\\/author\\\/admin\\\/\",\"name\":\"El Digital de Asturias\",\"image\":{\"@type\":\"ImageObject\",\"@id\":\"https:\\\/\\\/www.eldigitaldeasturias.com\\\/noticias\\\/el-sabor-unico-de-ibericos-fisan-repite-en-madrid-fusion\\\/#authorImage\",\"url\":\"https:\\\/\\\/www.eldigitaldeasturias.com\\\/noticias\\\/wp-content\\\/litespeed\\\/avatar\\\/18677e78aa0546b92d9dbf31ec7d7668.jpg?ver=1777290358\",\"width\":96,\"height\":96,\"caption\":\"El Digital de Asturias\"}},{\"@type\":\"WebPage\",\"@id\":\"https:\\\/\\\/www.eldigitaldeasturias.com\\\/noticias\\\/el-sabor-unico-de-ibericos-fisan-repite-en-madrid-fusion\\\/#webpage\",\"url\":\"https:\\\/\\\/www.eldigitaldeasturias.com\\\/noticias\\\/el-sabor-unico-de-ibericos-fisan-repite-en-madrid-fusion\\\/\",\"name\":\"El sabor \\u00fanico de ib\\u00e9ricos FISAN repite en Madrid Fusi\\u00f3n - El Digital de Asturias\",\"description\":\"Ib\\u00e9ricos FISAN participar\\u00e1 en la XIV edici\\u00f3n de la Cumbre Mundial de Gastronom\\u00eda Madrid Fusi\\u00f3n 2016 se celebrar\\u00e1 del 25 al 27 de enero. La feria es cita obligada para los profesionales del sector de la gastronom\\u00eda. Ib\\u00e9ricos FISAN estar\\u00e1 presente en este escaparate culinario de la capital, en el stand 40 en la tercera\",\"inLanguage\":\"es-ES\",\"isPartOf\":{\"@id\":\"https:\\\/\\\/www.eldigitaldeasturias.com\\\/noticias\\\/#website\"},\"breadcrumb\":{\"@id\":\"https:\\\/\\\/www.eldigitaldeasturias.com\\\/noticias\\\/el-sabor-unico-de-ibericos-fisan-repite-en-madrid-fusion\\\/#breadcrumblist\"},\"author\":{\"@id\":\"https:\\\/\\\/www.eldigitaldeasturias.com\\\/noticias\\\/author\\\/admin\\\/#author\"},\"creator\":{\"@id\":\"https:\\\/\\\/www.eldigitaldeasturias.com\\\/noticias\\\/author\\\/admin\\\/#author\"},\"image\":{\"@type\":\"ImageObject\",\"url\":\"https:\\\/\\\/www.eldigitaldeasturias.com\\\/noticias\\\/wp-content\\\/uploads\\\/2016\\\/01\\\/1453450033_STAND_FISAN.jpg\",\"@id\":\"https:\\\/\\\/www.eldigitaldeasturias.com\\\/noticias\\\/el-sabor-unico-de-ibericos-fisan-repite-en-madrid-fusion\\\/#mainImage\",\"width\":369,\"height\":316},\"primaryImageOfPage\":{\"@id\":\"https:\\\/\\\/www.eldigitaldeasturias.com\\\/noticias\\\/el-sabor-unico-de-ibericos-fisan-repite-en-madrid-fusion\\\/#mainImage\"},\"datePublished\":\"2016-01-23T17:11:04+01:00\",\"dateModified\":\"2016-01-23T17:11:04+01:00\"},{\"@type\":\"WebSite\",\"@id\":\"https:\\\/\\\/www.eldigitaldeasturias.com\\\/noticias\\\/#website\",\"url\":\"https:\\\/\\\/www.eldigitaldeasturias.com\\\/noticias\\\/\",\"name\":\"El Digital de Asturias - Diario de actualidad y noticias\",\"alternateName\":\"El Digital de Asturias - Diario de actualidad y noticias\",\"description\":\"Hemeroteca\",\"inLanguage\":\"es-ES\",\"publisher\":{\"@id\":\"https:\\\/\\\/www.eldigitaldeasturias.com\\\/noticias\\\/#organization\"}}]}\n\t\t<\/script>\n\t\t<!-- All in One SEO Pro -->\r\n\t\t<title>El sabor \u00fanico de ib\u00e9ricos FISAN repite en Madrid Fusi\u00f3n - El Digital de Asturias<\/title>\n\n","aioseo_head_json":{"title":"El sabor \u00fanico de ib\u00e9ricos FISAN repite en Madrid Fusi\u00f3n - El Digital de Asturias","description":"Ib\u00e9ricos FISAN participar\u00e1 en la XIV edici\u00f3n de la Cumbre Mundial de Gastronom\u00eda Madrid Fusi\u00f3n 2016 se celebrar\u00e1 del 25 al 27 de enero. La feria es cita obligada para los profesionales del sector de la gastronom\u00eda. Ib\u00e9ricos FISAN estar\u00e1 presente en este escaparate culinario de la capital, en el stand 40 en la tercera","canonical_url":"https:\/\/www.eldigitaldeasturias.com\/noticias\/el-sabor-unico-de-ibericos-fisan-repite-en-madrid-fusion\/","robots":"max-image-preview:large","keywords":"actualidad","webmasterTools":{"google-site-verification":"UA-38556648-1","msvalidate.01":"7dfe9f3f1b24437ab69f4f2559babe99","miscellaneous":""},"schema":{"@context":"https:\/\/schema.org","@graph":[{"@type":"BlogPosting","@id":"https:\/\/www.eldigitaldeasturias.com\/noticias\/el-sabor-unico-de-ibericos-fisan-repite-en-madrid-fusion\/#blogposting","name":"El sabor \u00fanico de ib\u00e9ricos FISAN repite en Madrid Fusi\u00f3n - El Digital de Asturias","headline":"El sabor \u00fanico de ib\u00e9ricos FISAN repite en Madrid Fusi\u00f3n","author":{"@id":"https:\/\/www.eldigitaldeasturias.com\/noticias\/author\/admin\/#author"},"publisher":{"@id":"https:\/\/www.eldigitaldeasturias.com\/noticias\/#organization"},"image":{"@type":"ImageObject","url":"https:\/\/www.eldigitaldeasturias.com\/noticias\/wp-content\/uploads\/2016\/01\/1453450033_STAND_FISAN.jpg","width":369,"height":316},"datePublished":"2016-01-23T17:11:04+01:00","dateModified":"2016-01-23T17:11:04+01:00","inLanguage":"es-ES","mainEntityOfPage":{"@id":"https:\/\/www.eldigitaldeasturias.com\/noticias\/el-sabor-unico-de-ibericos-fisan-repite-en-madrid-fusion\/#webpage"},"isPartOf":{"@id":"https:\/\/www.eldigitaldeasturias.com\/noticias\/el-sabor-unico-de-ibericos-fisan-repite-en-madrid-fusion\/#webpage"},"articleSection":"Actualidad"},{"@type":"BreadcrumbList","@id":"https:\/\/www.eldigitaldeasturias.com\/noticias\/el-sabor-unico-de-ibericos-fisan-repite-en-madrid-fusion\/#breadcrumblist","itemListElement":[{"@type":"ListItem","@id":"https:\/\/www.eldigitaldeasturias.com\/noticias#listItem","position":1,"name":"Home","item":"https:\/\/www.eldigitaldeasturias.com\/noticias","nextItem":{"@type":"ListItem","@id":"https:\/\/www.eldigitaldeasturias.com\/noticias\/category\/actualidad\/#listItem","name":"Actualidad"}},{"@type":"ListItem","@id":"https:\/\/www.eldigitaldeasturias.com\/noticias\/category\/actualidad\/#listItem","position":2,"name":"Actualidad","item":"https:\/\/www.eldigitaldeasturias.com\/noticias\/category\/actualidad\/","nextItem":{"@type":"ListItem","@id":"https:\/\/www.eldigitaldeasturias.com\/noticias\/el-sabor-unico-de-ibericos-fisan-repite-en-madrid-fusion\/#listItem","name":"El sabor \u00fanico de ib\u00e9ricos FISAN repite en Madrid Fusi\u00f3n"},"previousItem":{"@type":"ListItem","@id":"https:\/\/www.eldigitaldeasturias.com\/noticias#listItem","name":"Home"}},{"@type":"ListItem","@id":"https:\/\/www.eldigitaldeasturias.com\/noticias\/el-sabor-unico-de-ibericos-fisan-repite-en-madrid-fusion\/#listItem","position":3,"name":"El sabor \u00fanico de ib\u00e9ricos FISAN repite en Madrid Fusi\u00f3n","previousItem":{"@type":"ListItem","@id":"https:\/\/www.eldigitaldeasturias.com\/noticias\/category\/actualidad\/#listItem","name":"Actualidad"}}]},{"@type":"Organization","@id":"https:\/\/www.eldigitaldeasturias.com\/noticias\/#organization","name":"El Digital de Asturias","description":"Hemeroteca","url":"https:\/\/www.eldigitaldeasturias.com\/noticias\/","email":"info@eldigitaldeasturias.com","telephone":"+34652131393","logo":{"@type":"ImageObject","url":"https:\/\/www.eldigitaldeasturias.com\/noticias\/wp-content\/uploads\/2020\/12\/EDA.jpg","@id":"https:\/\/www.eldigitaldeasturias.com\/noticias\/el-sabor-unico-de-ibericos-fisan-repite-en-madrid-fusion\/#organizationLogo","width":649,"height":297},"image":{"@id":"https:\/\/www.eldigitaldeasturias.com\/noticias\/el-sabor-unico-de-ibericos-fisan-repite-en-madrid-fusion\/#organizationLogo"},"sameAs":["https:\/\/facebook.com\/eldigitaldeasturias","https:\/\/www.youtube.com\/channel\/UCZP-2wLEB9Rv6erhFmqVnvg"],"address":{"@id":"https:\/\/www.eldigitaldeasturias.com\/noticias\/#postaladdress","@type":"PostalAddress","streetAddress":"san antonio 4,","postalCode":"33430","addressLocality":"Cand\u00e1s","addressRegion":"Asturias","addressCountry":"ES"}},{"@type":"Person","@id":"https:\/\/www.eldigitaldeasturias.com\/noticias\/author\/admin\/#author","url":"https:\/\/www.eldigitaldeasturias.com\/noticias\/author\/admin\/","name":"El Digital de Asturias","image":{"@type":"ImageObject","@id":"https:\/\/www.eldigitaldeasturias.com\/noticias\/el-sabor-unico-de-ibericos-fisan-repite-en-madrid-fusion\/#authorImage","url":"https:\/\/www.eldigitaldeasturias.com\/noticias\/wp-content\/litespeed\/avatar\/18677e78aa0546b92d9dbf31ec7d7668.jpg?ver=1777290358","width":96,"height":96,"caption":"El Digital de Asturias"}},{"@type":"WebPage","@id":"https:\/\/www.eldigitaldeasturias.com\/noticias\/el-sabor-unico-de-ibericos-fisan-repite-en-madrid-fusion\/#webpage","url":"https:\/\/www.eldigitaldeasturias.com\/noticias\/el-sabor-unico-de-ibericos-fisan-repite-en-madrid-fusion\/","name":"El sabor \u00fanico de ib\u00e9ricos FISAN repite en Madrid Fusi\u00f3n - El Digital de Asturias","description":"Ib\u00e9ricos FISAN participar\u00e1 en la XIV edici\u00f3n de la Cumbre Mundial de Gastronom\u00eda Madrid Fusi\u00f3n 2016 se celebrar\u00e1 del 25 al 27 de enero. La feria es cita obligada para los profesionales del sector de la gastronom\u00eda. Ib\u00e9ricos FISAN estar\u00e1 presente en este escaparate culinario de la capital, en el stand 40 en la tercera","inLanguage":"es-ES","isPartOf":{"@id":"https:\/\/www.eldigitaldeasturias.com\/noticias\/#website"},"breadcrumb":{"@id":"https:\/\/www.eldigitaldeasturias.com\/noticias\/el-sabor-unico-de-ibericos-fisan-repite-en-madrid-fusion\/#breadcrumblist"},"author":{"@id":"https:\/\/www.eldigitaldeasturias.com\/noticias\/author\/admin\/#author"},"creator":{"@id":"https:\/\/www.eldigitaldeasturias.com\/noticias\/author\/admin\/#author"},"image":{"@type":"ImageObject","url":"https:\/\/www.eldigitaldeasturias.com\/noticias\/wp-content\/uploads\/2016\/01\/1453450033_STAND_FISAN.jpg","@id":"https:\/\/www.eldigitaldeasturias.com\/noticias\/el-sabor-unico-de-ibericos-fisan-repite-en-madrid-fusion\/#mainImage","width":369,"height":316},"primaryImageOfPage":{"@id":"https:\/\/www.eldigitaldeasturias.com\/noticias\/el-sabor-unico-de-ibericos-fisan-repite-en-madrid-fusion\/#mainImage"},"datePublished":"2016-01-23T17:11:04+01:00","dateModified":"2016-01-23T17:11:04+01:00"},{"@type":"WebSite","@id":"https:\/\/www.eldigitaldeasturias.com\/noticias\/#website","url":"https:\/\/www.eldigitaldeasturias.com\/noticias\/","name":"El Digital de Asturias - Diario de actualidad y noticias","alternateName":"El Digital de Asturias - Diario de actualidad y noticias","description":"Hemeroteca","inLanguage":"es-ES","publisher":{"@id":"https:\/\/www.eldigitaldeasturias.com\/noticias\/#organization"}}]},"og:locale":"es_ES","og:site_name":"El Digital de Asturias","og:type":"article","og:title":"El sabor \u00fanico de ib\u00e9ricos FISAN repite en Madrid Fusi\u00f3n - El Digital de Asturias","og:description":"Ib\u00e9ricos FISAN participar\u00e1 en la XIV edici\u00f3n de la Cumbre Mundial de Gastronom\u00eda Madrid Fusi\u00f3n 2016 se celebrar\u00e1 del 25 al 27 de enero. La feria es cita obligada para los profesionales del sector de la gastronom\u00eda. Ib\u00e9ricos FISAN estar\u00e1 presente en este escaparate culinario de la capital, en el stand 40 en la tercera","og:url":"https:\/\/www.eldigitaldeasturias.com\/noticias\/el-sabor-unico-de-ibericos-fisan-repite-en-madrid-fusion\/","og:image":"https:\/\/www.eldigitaldeasturias.com\/noticias\/wp-content\/uploads\/2016\/01\/1453450033_STAND_FISAN.jpg","og:image:secure_url":"https:\/\/www.eldigitaldeasturias.com\/noticias\/wp-content\/uploads\/2016\/01\/1453450033_STAND_FISAN.jpg","og:image:width":369,"og:image:height":316,"article:tag":["actualidad"],"article:published_time":"2016-01-23T17:11:04+00:00","article:modified_time":"2016-01-23T17:11:04+00:00","article:publisher":"https:\/\/facebook.com\/eldigitaldeasturias","twitter:card":"summary_large_image","twitter:title":"El sabor \u00fanico de ib\u00e9ricos FISAN repite en Madrid Fusi\u00f3n - El Digital de Asturias","twitter:description":"Ib\u00e9ricos FISAN participar\u00e1 en la XIV edici\u00f3n de la Cumbre Mundial de Gastronom\u00eda Madrid Fusi\u00f3n 2016 se celebrar\u00e1 del 25 al 27 de enero. La feria es cita obligada para los profesionales del sector de la gastronom\u00eda. Ib\u00e9ricos FISAN estar\u00e1 presente en este escaparate culinario de la capital, en el stand 40 en la tercera","twitter:image":"https:\/\/www.eldigitaldeasturias.com\/noticias\/wp-content\/uploads\/2016\/01\/1453450033_STAND_FISAN.jpg","twitter:label1":"Escrito por","twitter:data1":"El Digital de Asturias","twitter:label2":"Tiempo de lectura estimado","twitter:data2":"1 minuto"},"aioseo_meta_data":{"post_id":"849557","title":null,"description":null,"keywords":null,"keyphrases":null,"primary_term":null,"canonical_url":null,"og_title":null,"og_description":null,"og_object_type":"default","og_image_type":"default","og_image_url":null,"og_image_width":null,"og_image_height":null,"og_image_custom_url":null,"og_image_custom_fields":null,"og_video":null,"og_custom_url":null,"og_article_section":null,"og_article_tags":null,"twitter_use_og":false,"twitter_card":"default","twitter_image_type":"default","twitter_image_url":null,"twitter_image_custom_url":null,"twitter_image_custom_fields":null,"twitter_title":null,"twitter_description":null,"schema":{"blockGraphs":[],"customGraphs":[],"default":{"data":{"Article":[],"Course":[],"Dataset":[],"FAQPage":[],"Movie":[],"Person":[],"Product":[],"ProductReview":[],"Car":[],"Recipe":[],"Service":[],"SoftwareApplication":[],"WebPage":[]},"graphName":"","isEnabled":true},"graphs":[],"defaultGraph":"","defaultPostTypeGraph":""},"schema_type":null,"schema_type_options":null,"pillar_content":false,"robots_default":true,"robots_noindex":false,"robots_noarchive":false,"robots_nosnippet":false,"robots_nofollow":false,"robots_noimageindex":false,"robots_noodp":false,"robots_notranslate":false,"robots_max_snippet":null,"robots_max_videopreview":null,"robots_max_imagepreview":"large","priority":null,"frequency":null,"local_seo":null,"seo_analyzer_scan_date":"2025-12-09 05:06:05","breadcrumb_settings":null,"limit_modified_date":false,"open_ai":null,"ai":null,"created":"2020-12-21 12:25:13","updated":"2025-12-09 05:06:05"},"aioseo_breadcrumb":"<div class=\"aioseo-breadcrumbs\"><span class=\"aioseo-breadcrumb\">\n\t<a href=\"https:\/\/www.eldigitaldeasturias.com\/noticias\" title=\"Home\">Home<\/a>\n<\/span><span class=\"aioseo-breadcrumb-separator\">\u2013<\/span><span class=\"aioseo-breadcrumb\">\n\t<a href=\"https:\/\/www.eldigitaldeasturias.com\/noticias\/category\/actualidad\/\" title=\"Actualidad\">Actualidad<\/a>\n<\/span><span class=\"aioseo-breadcrumb-separator\">\u2013<\/span><span class=\"aioseo-breadcrumb\">\n\t<a href=\"https:\/\/www.eldigitaldeasturias.com\/noticias\/el-sabor-unico-de-ibericos-fisan-repite-en-madrid-fusion\/\" title=\"El sabor \u00fanico de ib\u00e9ricos FISAN repite en Madrid Fusi\u00f3n\">El sabor \u00fanico de ib\u00e9ricos FISAN repite en Madrid Fusi\u00f3n<\/a>\n<\/span><\/div>","aioseo_breadcrumb_json":[{"label":"Home","link":"https:\/\/www.eldigitaldeasturias.com\/noticias"},{"label":"Actualidad","link":"https:\/\/www.eldigitaldeasturias.com\/noticias\/category\/actualidad\/"},{"label":"El sabor \u00fanico de ib\u00e9ricos FISAN repite en Madrid Fusi\u00f3n","link":"https:\/\/www.eldigitaldeasturias.com\/noticias\/el-sabor-unico-de-ibericos-fisan-repite-en-madrid-fusion\/"}],"_links":{"self":[{"href":"https:\/\/www.eldigitaldeasturias.com\/noticias\/wp-json\/wp\/v2\/posts\/849557","targetHints":{"allow":["GET"]}}],"collection":[{"href":"https:\/\/www.eldigitaldeasturias.com\/noticias\/wp-json\/wp\/v2\/posts"}],"about":[{"href":"https:\/\/www.eldigitaldeasturias.com\/noticias\/wp-json\/wp\/v2\/types\/post"}],"author":[{"embeddable":true,"href":"https:\/\/www.eldigitaldeasturias.com\/noticias\/wp-json\/wp\/v2\/users\/1"}],"replies":[{"embeddable":true,"href":"https:\/\/www.eldigitaldeasturias.com\/noticias\/wp-json\/wp\/v2\/comments?post=849557"}],"version-history":[{"count":0,"href":"https:\/\/www.eldigitaldeasturias.com\/noticias\/wp-json\/wp\/v2\/posts\/849557\/revisions"}],"wp:featuredmedia":[{"embeddable":true,"href":"https:\/\/www.eldigitaldeasturias.com\/noticias\/wp-json\/wp\/v2\/media\/849558"}],"wp:attachment":[{"href":"https:\/\/www.eldigitaldeasturias.com\/noticias\/wp-json\/wp\/v2\/media?parent=849557"}],"wp:term":[{"taxonomy":"category","embeddable":true,"href":"https:\/\/www.eldigitaldeasturias.com\/noticias\/wp-json\/wp\/v2\/categories?post=849557"},{"taxonomy":"post_tag","embeddable":true,"href":"https:\/\/www.eldigitaldeasturias.com\/noticias\/wp-json\/wp\/v2\/tags?post=849557"}],"curies":[{"name":"wp","href":"https:\/\/api.w.org\/{rel}","templated":true}]}}