{"id":849416,"date":"2016-01-23T14:04:34","date_gmt":"2016-01-23T14:04:34","guid":{"rendered":"http:\/\/www.eldigitaldeasturias.com\/noticias\/?p=849416"},"modified":"2016-01-23T14:04:34","modified_gmt":"2016-01-23T14:04:34","slug":"castellon-se-promociona-como-destino-para-el-turismo-europeo-de-autocaravanas","status":"publish","type":"post","link":"https:\/\/www.eldigitaldeasturias.com\/noticias\/castellon-se-promociona-como-destino-para-el-turismo-europeo-de-autocaravanas\/","title":{"rendered":"Castell\u00f3n se promociona como destino para el turismo europeo de autocaravanas"},"content":{"rendered":"<p><img loading=\"lazy\" decoding=\"async\" class=\"alignleft size-medium wp-image-849417\" src=\"https:\/\/www.eldigitaldeasturias.com\/noticias\/wp-content\/uploads\/2016\/01\/fotonoticia_20160122193344_800-360x240.jpg\" alt=\"fotonoticia_20160122193344_800\" width=\"360\" height=\"240\" srcset=\"https:\/\/www.eldigitaldeasturias.com\/noticias\/wp-content\/uploads\/2016\/01\/fotonoticia_20160122193344_800-360x240.jpg 360w, https:\/\/www.eldigitaldeasturias.com\/noticias\/wp-content\/uploads\/2016\/01\/fotonoticia_20160122193344_800-768x512.jpg 768w, https:\/\/www.eldigitaldeasturias.com\/noticias\/wp-content\/uploads\/2016\/01\/fotonoticia_20160122193344_800-650x433.jpg 650w, https:\/\/www.eldigitaldeasturias.com\/noticias\/wp-content\/uploads\/2016\/01\/fotonoticia_20160122193344_800-84x55.jpg 84w, https:\/\/www.eldigitaldeasturias.com\/noticias\/wp-content\/uploads\/2016\/01\/fotonoticia_20160122193344_800-49x32.jpg 49w, https:\/\/www.eldigitaldeasturias.com\/noticias\/wp-content\/uploads\/2016\/01\/fotonoticia_20160122193344_800.jpg 800w\" sizes=\"auto, (max-width: 360px) 100vw, 360px\" \/>La alcaldesa de Castell\u00f3n, Amparo Marco, y la concejala de Turismo, Patricia Puerta, han aprovechado su presencia en la Feria Internacional de Turismo (Fitur) para presentar a los representantes de la Plataforma de Autocaravanas Aut\u00f3noma (PACA) el nuevo parking de autocaravanas que va a construir el ayuntamiento junto al Planetario, en la playa del Pinar.<\/p>\n<p>Marco y Puerta se reunieron con el presidente de la PACA, Miguel R\u00edos Beltr\u00e1n, para explicar los detalles de esta nueva \u00e1rea, que supondr\u00e1 una inversi\u00f3n de 47.000 euros. El parking ocupa una superficie de dos mil metros cuadrados en la que se habilitar\u00e1n 19 plazas para autocaravanas, adem\u00e1s de otras dotaciones como zonas de limpieza, dotaci\u00f3n de aguas potables, entre otras.<\/p>\n<p>La alcaldesa ha explicado que \u00abeste proyecto supone una apuesta por un tipo de turismo al que hasta ahora no se le hab\u00eda prestado atenci\u00f3n\u00bb. \u00abCastell\u00f3n se situar\u00e1 en el mapa europeo del autocaravanismo con un parking que, adem\u00e1s, se encuentra en un emplazamiento excepcional como es la playa del Pinar, junto a un recurso cultural y tur\u00edstico como el Planetario\u00bb.<\/p>\n<p>Marco ha explicado que este tipo de actuaciones tambi\u00e9n van encaminadas a desestacionalizar la oferta, ya que los autocaravanistas \u00abpodr\u00e1n visitarnos durante todo el a\u00f1o\u00bb, y ha destacado que este tipo de turismo \u00abgenera un importante impacto econ\u00f3mico en el comercio local porque consume en estos establecimientos\u00bb.<\/p>\n<p>MODALIDAD EN ALZA<\/p>\n<p>Por su parte, Miguel R\u00edos ha valorado de forma \u00abmuy positiva\u00bb la apuesta de Castell\u00f3n ciudad por el turismo de autocaravanas y ha recordado que \u00abmiles de autocaravanistas cruzan la frontera cada a\u00f1o para venir a Espa\u00f1a\u00bb. Seg\u00fan ha dicho, pa\u00edses como Alemania, Italia, Francia o Gran Breta\u00f1a tienen una importante tradici\u00f3n autocaravanista, \u00abuna modalidad en alza que puede aportarnos turismo pr\u00e1cticamente todo el a\u00f1o\u00bb.<\/p>\n<p>Para finalizar, la alcaldesa ha a\u00f1adido que \u00abnuestras playas, el Grao y toda la ciudad de Castell\u00f3n tienen un amplio potencial tur\u00edstico que debemos saber aprovechar con criterios de sostenibilidad ambiental y social y cuidando la calidad de la oferta de productos y servicios desde una perspectiva global\u00bb.<\/p>\n<p>Por otra parte, el Ayuntamiento, representado por el concejal de Deportes, Enric Porcar, y la concejala de Turismo, Patricia Puerta, ha presentado tambi\u00e9n en Fitur la campa\u00f1a &#8216;L&#8217;esport mou Castell\u00f3. El deporte mueve Castell\u00f3n&#8217;, a trav\u00e9s de la cual la ciudad de Castell\u00f3n ha mostrado su potencial como ciudad deportiva y acogedora de aficionados y profesionales del deporte.<\/p>\n","protected":false},"excerpt":{"rendered":"<p>La alcaldesa de Castell\u00f3n, Amparo Marco, y la concejala de Turismo, Patricia Puerta, han aprovechado su presencia en la Feria Internacional de Turismo (Fitur) para presentar a los representantes de la Plataforma de Autocaravanas Aut\u00f3noma (PACA) el nuevo parking de autocaravanas que va a construir el ayuntamiento junto al Planetario, en la playa del Pinar. [&hellip;]<\/p>\n","protected":false},"author":1,"featured_media":849417,"comment_status":"closed","ping_status":"closed","sticky":false,"template":"","format":"standard","meta":{"footnotes":""},"categories":[148],"tags":[],"class_list":["post-849416","post","type-post","status-publish","format-standard","has-post-thumbnail","hentry","category-turismo"],"aioseo_notices":[],"aioseo_head":"\n\t\t<!-- All in One SEO Pro 4.9.6.2 - aioseo.com -->\n\t<meta name=\"description\" content=\"La alcaldesa de Castell\u00f3n, Amparo Marco, y la concejala de Turismo, Patricia Puerta, han aprovechado su presencia en la Feria Internacional de Turismo (Fitur) para presentar a los representantes de la Plataforma de Autocaravanas Aut\u00f3noma (PACA) el nuevo parking de autocaravanas que va a construir el ayuntamiento junto al Planetario, en la playa del Pinar.\" \/>\n\t<meta name=\"robots\" content=\"max-image-preview:large\" \/>\n\t<meta name=\"author\" content=\"El Digital de Asturias\"\/>\n\t<meta name=\"google-site-verification\" content=\"UA-38556648-1\" \/>\n\t<meta name=\"msvalidate.01\" content=\"7dfe9f3f1b24437ab69f4f2559babe99\" \/>\n\t<meta name=\"keywords\" content=\"turismo\" \/>\n\t<link rel=\"canonical\" href=\"https:\/\/www.eldigitaldeasturias.com\/noticias\/castellon-se-promociona-como-destino-para-el-turismo-europeo-de-autocaravanas\/\" \/>\n\t<meta name=\"generator\" content=\"All in One SEO Pro (AIOSEO) 4.9.6.2\" \/>\n\t\t<meta property=\"og:locale\" content=\"es_ES\" \/>\n\t\t<meta property=\"og:site_name\" content=\"El Digital de Asturias\" \/>\n\t\t<meta property=\"og:type\" content=\"article\" \/>\n\t\t<meta property=\"og:title\" content=\"Castell\u00f3n se promociona como destino para el turismo europeo de autocaravanas - El Digital de Asturias\" \/>\n\t\t<meta property=\"og:description\" content=\"La alcaldesa de Castell\u00f3n, Amparo Marco, y la concejala de Turismo, Patricia Puerta, han aprovechado su presencia en la Feria Internacional de Turismo (Fitur) para presentar a los representantes de la Plataforma de Autocaravanas Aut\u00f3noma (PACA) el nuevo parking de autocaravanas que va a construir el ayuntamiento junto al Planetario, en la playa del Pinar.\" \/>\n\t\t<meta property=\"og:url\" content=\"https:\/\/www.eldigitaldeasturias.com\/noticias\/castellon-se-promociona-como-destino-para-el-turismo-europeo-de-autocaravanas\/\" \/>\n\t\t<meta property=\"og:image\" content=\"https:\/\/www.eldigitaldeasturias.com\/noticias\/wp-content\/uploads\/2016\/01\/fotonoticia_20160122193344_800.jpg\" \/>\n\t\t<meta property=\"og:image:secure_url\" content=\"https:\/\/www.eldigitaldeasturias.com\/noticias\/wp-content\/uploads\/2016\/01\/fotonoticia_20160122193344_800.jpg\" \/>\n\t\t<meta property=\"og:image:width\" content=\"800\" \/>\n\t\t<meta property=\"og:image:height\" content=\"533\" \/>\n\t\t<meta property=\"article:tag\" content=\"turismo\" \/>\n\t\t<meta property=\"article:published_time\" content=\"2016-01-23T14:04:34+00:00\" \/>\n\t\t<meta property=\"article:modified_time\" content=\"2016-01-23T14:04:34+00:00\" \/>\n\t\t<meta property=\"article:publisher\" content=\"https:\/\/facebook.com\/eldigitaldeasturias\" \/>\n\t\t<meta name=\"twitter:card\" content=\"summary_large_image\" \/>\n\t\t<meta name=\"twitter:title\" content=\"Castell\u00f3n se promociona como destino para el turismo europeo de autocaravanas - El Digital de Asturias\" \/>\n\t\t<meta name=\"twitter:description\" content=\"La alcaldesa de Castell\u00f3n, Amparo Marco, y la concejala de Turismo, Patricia Puerta, han aprovechado su presencia en la Feria Internacional de Turismo (Fitur) para presentar a los representantes de la Plataforma de Autocaravanas Aut\u00f3noma (PACA) el nuevo parking de autocaravanas que va a construir el ayuntamiento junto al Planetario, en la playa del Pinar.\" \/>\n\t\t<meta name=\"twitter:image\" content=\"https:\/\/www.eldigitaldeasturias.com\/noticias\/wp-content\/uploads\/2016\/01\/fotonoticia_20160122193344_800.jpg\" \/>\n\t\t<meta name=\"twitter:label1\" content=\"Escrito por\" \/>\n\t\t<meta name=\"twitter:data1\" content=\"El Digital de Asturias\" \/>\n\t\t<meta name=\"twitter:label2\" content=\"Tiempo de lectura estimado\" \/>\n\t\t<meta name=\"twitter:data2\" content=\"2 minutos\" \/>\n\t\t<script type=\"application\/ld+json\" class=\"aioseo-schema\">\n\t\t\t{\"@context\":\"https:\\\/\\\/schema.org\",\"@graph\":[{\"@type\":\"BlogPosting\",\"@id\":\"https:\\\/\\\/www.eldigitaldeasturias.com\\\/noticias\\\/castellon-se-promociona-como-destino-para-el-turismo-europeo-de-autocaravanas\\\/#blogposting\",\"name\":\"Castell\\u00f3n se promociona como destino para el turismo europeo de autocaravanas - El Digital de Asturias\",\"headline\":\"Castell\\u00f3n se promociona como destino para el turismo europeo de autocaravanas\",\"author\":{\"@id\":\"https:\\\/\\\/www.eldigitaldeasturias.com\\\/noticias\\\/author\\\/admin\\\/#author\"},\"publisher\":{\"@id\":\"https:\\\/\\\/www.eldigitaldeasturias.com\\\/noticias\\\/#organization\"},\"image\":{\"@type\":\"ImageObject\",\"url\":\"https:\\\/\\\/www.eldigitaldeasturias.com\\\/noticias\\\/wp-content\\\/uploads\\\/2016\\\/01\\\/fotonoticia_20160122193344_800.jpg\",\"width\":800,\"height\":533},\"datePublished\":\"2016-01-23T14:04:34+01:00\",\"dateModified\":\"2016-01-23T14:04:34+01:00\",\"inLanguage\":\"es-ES\",\"mainEntityOfPage\":{\"@id\":\"https:\\\/\\\/www.eldigitaldeasturias.com\\\/noticias\\\/castellon-se-promociona-como-destino-para-el-turismo-europeo-de-autocaravanas\\\/#webpage\"},\"isPartOf\":{\"@id\":\"https:\\\/\\\/www.eldigitaldeasturias.com\\\/noticias\\\/castellon-se-promociona-como-destino-para-el-turismo-europeo-de-autocaravanas\\\/#webpage\"},\"articleSection\":\"Turismo\"},{\"@type\":\"BreadcrumbList\",\"@id\":\"https:\\\/\\\/www.eldigitaldeasturias.com\\\/noticias\\\/castellon-se-promociona-como-destino-para-el-turismo-europeo-de-autocaravanas\\\/#breadcrumblist\",\"itemListElement\":[{\"@type\":\"ListItem\",\"@id\":\"https:\\\/\\\/www.eldigitaldeasturias.com\\\/noticias#listItem\",\"position\":1,\"name\":\"Home\",\"item\":\"https:\\\/\\\/www.eldigitaldeasturias.com\\\/noticias\",\"nextItem\":{\"@type\":\"ListItem\",\"@id\":\"https:\\\/\\\/www.eldigitaldeasturias.com\\\/noticias\\\/category\\\/turismo\\\/#listItem\",\"name\":\"Turismo\"}},{\"@type\":\"ListItem\",\"@id\":\"https:\\\/\\\/www.eldigitaldeasturias.com\\\/noticias\\\/category\\\/turismo\\\/#listItem\",\"position\":2,\"name\":\"Turismo\",\"item\":\"https:\\\/\\\/www.eldigitaldeasturias.com\\\/noticias\\\/category\\\/turismo\\\/\",\"nextItem\":{\"@type\":\"ListItem\",\"@id\":\"https:\\\/\\\/www.eldigitaldeasturias.com\\\/noticias\\\/castellon-se-promociona-como-destino-para-el-turismo-europeo-de-autocaravanas\\\/#listItem\",\"name\":\"Castell\\u00f3n se promociona como destino para el turismo europeo de autocaravanas\"},\"previousItem\":{\"@type\":\"ListItem\",\"@id\":\"https:\\\/\\\/www.eldigitaldeasturias.com\\\/noticias#listItem\",\"name\":\"Home\"}},{\"@type\":\"ListItem\",\"@id\":\"https:\\\/\\\/www.eldigitaldeasturias.com\\\/noticias\\\/castellon-se-promociona-como-destino-para-el-turismo-europeo-de-autocaravanas\\\/#listItem\",\"position\":3,\"name\":\"Castell\\u00f3n se promociona como destino para el turismo europeo de autocaravanas\",\"previousItem\":{\"@type\":\"ListItem\",\"@id\":\"https:\\\/\\\/www.eldigitaldeasturias.com\\\/noticias\\\/category\\\/turismo\\\/#listItem\",\"name\":\"Turismo\"}}]},{\"@type\":\"Organization\",\"@id\":\"https:\\\/\\\/www.eldigitaldeasturias.com\\\/noticias\\\/#organization\",\"name\":\"El Digital de Asturias\",\"description\":\"Hemeroteca\",\"url\":\"https:\\\/\\\/www.eldigitaldeasturias.com\\\/noticias\\\/\",\"email\":\"info@eldigitaldeasturias.com\",\"telephone\":\"+34652131393\",\"logo\":{\"@type\":\"ImageObject\",\"url\":\"https:\\\/\\\/www.eldigitaldeasturias.com\\\/noticias\\\/wp-content\\\/uploads\\\/2020\\\/12\\\/EDA.jpg\",\"@id\":\"https:\\\/\\\/www.eldigitaldeasturias.com\\\/noticias\\\/castellon-se-promociona-como-destino-para-el-turismo-europeo-de-autocaravanas\\\/#organizationLogo\",\"width\":649,\"height\":297},\"image\":{\"@id\":\"https:\\\/\\\/www.eldigitaldeasturias.com\\\/noticias\\\/castellon-se-promociona-como-destino-para-el-turismo-europeo-de-autocaravanas\\\/#organizationLogo\"},\"sameAs\":[\"https:\\\/\\\/facebook.com\\\/eldigitaldeasturias\",\"https:\\\/\\\/www.youtube.com\\\/channel\\\/UCZP-2wLEB9Rv6erhFmqVnvg\"],\"address\":{\"@id\":\"https:\\\/\\\/www.eldigitaldeasturias.com\\\/noticias\\\/#postaladdress\",\"@type\":\"PostalAddress\",\"streetAddress\":\"san antonio 4,\",\"postalCode\":\"33430\",\"addressLocality\":\"Cand\\u00e1s\",\"addressRegion\":\"Asturias\",\"addressCountry\":\"ES\"}},{\"@type\":\"Person\",\"@id\":\"https:\\\/\\\/www.eldigitaldeasturias.com\\\/noticias\\\/author\\\/admin\\\/#author\",\"url\":\"https:\\\/\\\/www.eldigitaldeasturias.com\\\/noticias\\\/author\\\/admin\\\/\",\"name\":\"El Digital de Asturias\",\"image\":{\"@type\":\"ImageObject\",\"@id\":\"https:\\\/\\\/www.eldigitaldeasturias.com\\\/noticias\\\/castellon-se-promociona-como-destino-para-el-turismo-europeo-de-autocaravanas\\\/#authorImage\",\"url\":\"https:\\\/\\\/www.eldigitaldeasturias.com\\\/noticias\\\/wp-content\\\/litespeed\\\/avatar\\\/18677e78aa0546b92d9dbf31ec7d7668.jpg?ver=1777290358\",\"width\":96,\"height\":96,\"caption\":\"El Digital de Asturias\"}},{\"@type\":\"WebPage\",\"@id\":\"https:\\\/\\\/www.eldigitaldeasturias.com\\\/noticias\\\/castellon-se-promociona-como-destino-para-el-turismo-europeo-de-autocaravanas\\\/#webpage\",\"url\":\"https:\\\/\\\/www.eldigitaldeasturias.com\\\/noticias\\\/castellon-se-promociona-como-destino-para-el-turismo-europeo-de-autocaravanas\\\/\",\"name\":\"Castell\\u00f3n se promociona como destino para el turismo europeo de autocaravanas - El Digital de Asturias\",\"description\":\"La alcaldesa de Castell\\u00f3n, Amparo Marco, y la concejala de Turismo, Patricia Puerta, han aprovechado su presencia en la Feria Internacional de Turismo (Fitur) para presentar a los representantes de la Plataforma de Autocaravanas Aut\\u00f3noma (PACA) el nuevo parking de autocaravanas que va a construir el ayuntamiento junto al Planetario, en la playa del Pinar.\",\"inLanguage\":\"es-ES\",\"isPartOf\":{\"@id\":\"https:\\\/\\\/www.eldigitaldeasturias.com\\\/noticias\\\/#website\"},\"breadcrumb\":{\"@id\":\"https:\\\/\\\/www.eldigitaldeasturias.com\\\/noticias\\\/castellon-se-promociona-como-destino-para-el-turismo-europeo-de-autocaravanas\\\/#breadcrumblist\"},\"author\":{\"@id\":\"https:\\\/\\\/www.eldigitaldeasturias.com\\\/noticias\\\/author\\\/admin\\\/#author\"},\"creator\":{\"@id\":\"https:\\\/\\\/www.eldigitaldeasturias.com\\\/noticias\\\/author\\\/admin\\\/#author\"},\"image\":{\"@type\":\"ImageObject\",\"url\":\"https:\\\/\\\/www.eldigitaldeasturias.com\\\/noticias\\\/wp-content\\\/uploads\\\/2016\\\/01\\\/fotonoticia_20160122193344_800.jpg\",\"@id\":\"https:\\\/\\\/www.eldigitaldeasturias.com\\\/noticias\\\/castellon-se-promociona-como-destino-para-el-turismo-europeo-de-autocaravanas\\\/#mainImage\",\"width\":800,\"height\":533},\"primaryImageOfPage\":{\"@id\":\"https:\\\/\\\/www.eldigitaldeasturias.com\\\/noticias\\\/castellon-se-promociona-como-destino-para-el-turismo-europeo-de-autocaravanas\\\/#mainImage\"},\"datePublished\":\"2016-01-23T14:04:34+01:00\",\"dateModified\":\"2016-01-23T14:04:34+01:00\"},{\"@type\":\"WebSite\",\"@id\":\"https:\\\/\\\/www.eldigitaldeasturias.com\\\/noticias\\\/#website\",\"url\":\"https:\\\/\\\/www.eldigitaldeasturias.com\\\/noticias\\\/\",\"name\":\"El Digital de Asturias - Diario de actualidad y noticias\",\"alternateName\":\"El Digital de Asturias - Diario de actualidad y noticias\",\"description\":\"Hemeroteca\",\"inLanguage\":\"es-ES\",\"publisher\":{\"@id\":\"https:\\\/\\\/www.eldigitaldeasturias.com\\\/noticias\\\/#organization\"}}]}\n\t\t<\/script>\n\t\t<!-- All in One SEO Pro -->\r\n\t\t<title>Castell\u00f3n se promociona como destino para el turismo europeo de autocaravanas - El Digital de Asturias<\/title>\n\n","aioseo_head_json":{"title":"Castell\u00f3n se promociona como destino para el turismo europeo de autocaravanas - El Digital de Asturias","description":"La alcaldesa de Castell\u00f3n, Amparo Marco, y la concejala de Turismo, Patricia Puerta, han aprovechado su presencia en la Feria Internacional de Turismo (Fitur) para presentar a los representantes de la Plataforma de Autocaravanas Aut\u00f3noma (PACA) el nuevo parking de autocaravanas que va a construir el ayuntamiento junto al Planetario, en la playa del Pinar.","canonical_url":"https:\/\/www.eldigitaldeasturias.com\/noticias\/castellon-se-promociona-como-destino-para-el-turismo-europeo-de-autocaravanas\/","robots":"max-image-preview:large","keywords":"turismo","webmasterTools":{"google-site-verification":"UA-38556648-1","msvalidate.01":"7dfe9f3f1b24437ab69f4f2559babe99","miscellaneous":""},"schema":{"@context":"https:\/\/schema.org","@graph":[{"@type":"BlogPosting","@id":"https:\/\/www.eldigitaldeasturias.com\/noticias\/castellon-se-promociona-como-destino-para-el-turismo-europeo-de-autocaravanas\/#blogposting","name":"Castell\u00f3n se promociona como destino para el turismo europeo de autocaravanas - El Digital de Asturias","headline":"Castell\u00f3n se promociona como destino para el turismo europeo de autocaravanas","author":{"@id":"https:\/\/www.eldigitaldeasturias.com\/noticias\/author\/admin\/#author"},"publisher":{"@id":"https:\/\/www.eldigitaldeasturias.com\/noticias\/#organization"},"image":{"@type":"ImageObject","url":"https:\/\/www.eldigitaldeasturias.com\/noticias\/wp-content\/uploads\/2016\/01\/fotonoticia_20160122193344_800.jpg","width":800,"height":533},"datePublished":"2016-01-23T14:04:34+01:00","dateModified":"2016-01-23T14:04:34+01:00","inLanguage":"es-ES","mainEntityOfPage":{"@id":"https:\/\/www.eldigitaldeasturias.com\/noticias\/castellon-se-promociona-como-destino-para-el-turismo-europeo-de-autocaravanas\/#webpage"},"isPartOf":{"@id":"https:\/\/www.eldigitaldeasturias.com\/noticias\/castellon-se-promociona-como-destino-para-el-turismo-europeo-de-autocaravanas\/#webpage"},"articleSection":"Turismo"},{"@type":"BreadcrumbList","@id":"https:\/\/www.eldigitaldeasturias.com\/noticias\/castellon-se-promociona-como-destino-para-el-turismo-europeo-de-autocaravanas\/#breadcrumblist","itemListElement":[{"@type":"ListItem","@id":"https:\/\/www.eldigitaldeasturias.com\/noticias#listItem","position":1,"name":"Home","item":"https:\/\/www.eldigitaldeasturias.com\/noticias","nextItem":{"@type":"ListItem","@id":"https:\/\/www.eldigitaldeasturias.com\/noticias\/category\/turismo\/#listItem","name":"Turismo"}},{"@type":"ListItem","@id":"https:\/\/www.eldigitaldeasturias.com\/noticias\/category\/turismo\/#listItem","position":2,"name":"Turismo","item":"https:\/\/www.eldigitaldeasturias.com\/noticias\/category\/turismo\/","nextItem":{"@type":"ListItem","@id":"https:\/\/www.eldigitaldeasturias.com\/noticias\/castellon-se-promociona-como-destino-para-el-turismo-europeo-de-autocaravanas\/#listItem","name":"Castell\u00f3n se promociona como destino para el turismo europeo de autocaravanas"},"previousItem":{"@type":"ListItem","@id":"https:\/\/www.eldigitaldeasturias.com\/noticias#listItem","name":"Home"}},{"@type":"ListItem","@id":"https:\/\/www.eldigitaldeasturias.com\/noticias\/castellon-se-promociona-como-destino-para-el-turismo-europeo-de-autocaravanas\/#listItem","position":3,"name":"Castell\u00f3n se promociona como destino para el turismo europeo de autocaravanas","previousItem":{"@type":"ListItem","@id":"https:\/\/www.eldigitaldeasturias.com\/noticias\/category\/turismo\/#listItem","name":"Turismo"}}]},{"@type":"Organization","@id":"https:\/\/www.eldigitaldeasturias.com\/noticias\/#organization","name":"El Digital de Asturias","description":"Hemeroteca","url":"https:\/\/www.eldigitaldeasturias.com\/noticias\/","email":"info@eldigitaldeasturias.com","telephone":"+34652131393","logo":{"@type":"ImageObject","url":"https:\/\/www.eldigitaldeasturias.com\/noticias\/wp-content\/uploads\/2020\/12\/EDA.jpg","@id":"https:\/\/www.eldigitaldeasturias.com\/noticias\/castellon-se-promociona-como-destino-para-el-turismo-europeo-de-autocaravanas\/#organizationLogo","width":649,"height":297},"image":{"@id":"https:\/\/www.eldigitaldeasturias.com\/noticias\/castellon-se-promociona-como-destino-para-el-turismo-europeo-de-autocaravanas\/#organizationLogo"},"sameAs":["https:\/\/facebook.com\/eldigitaldeasturias","https:\/\/www.youtube.com\/channel\/UCZP-2wLEB9Rv6erhFmqVnvg"],"address":{"@id":"https:\/\/www.eldigitaldeasturias.com\/noticias\/#postaladdress","@type":"PostalAddress","streetAddress":"san antonio 4,","postalCode":"33430","addressLocality":"Cand\u00e1s","addressRegion":"Asturias","addressCountry":"ES"}},{"@type":"Person","@id":"https:\/\/www.eldigitaldeasturias.com\/noticias\/author\/admin\/#author","url":"https:\/\/www.eldigitaldeasturias.com\/noticias\/author\/admin\/","name":"El Digital de Asturias","image":{"@type":"ImageObject","@id":"https:\/\/www.eldigitaldeasturias.com\/noticias\/castellon-se-promociona-como-destino-para-el-turismo-europeo-de-autocaravanas\/#authorImage","url":"https:\/\/www.eldigitaldeasturias.com\/noticias\/wp-content\/litespeed\/avatar\/18677e78aa0546b92d9dbf31ec7d7668.jpg?ver=1777290358","width":96,"height":96,"caption":"El Digital de Asturias"}},{"@type":"WebPage","@id":"https:\/\/www.eldigitaldeasturias.com\/noticias\/castellon-se-promociona-como-destino-para-el-turismo-europeo-de-autocaravanas\/#webpage","url":"https:\/\/www.eldigitaldeasturias.com\/noticias\/castellon-se-promociona-como-destino-para-el-turismo-europeo-de-autocaravanas\/","name":"Castell\u00f3n se promociona como destino para el turismo europeo de autocaravanas - El Digital de Asturias","description":"La alcaldesa de Castell\u00f3n, Amparo Marco, y la concejala de Turismo, Patricia Puerta, han aprovechado su presencia en la Feria Internacional de Turismo (Fitur) para presentar a los representantes de la Plataforma de Autocaravanas Aut\u00f3noma (PACA) el nuevo parking de autocaravanas que va a construir el ayuntamiento junto al Planetario, en la playa del Pinar.","inLanguage":"es-ES","isPartOf":{"@id":"https:\/\/www.eldigitaldeasturias.com\/noticias\/#website"},"breadcrumb":{"@id":"https:\/\/www.eldigitaldeasturias.com\/noticias\/castellon-se-promociona-como-destino-para-el-turismo-europeo-de-autocaravanas\/#breadcrumblist"},"author":{"@id":"https:\/\/www.eldigitaldeasturias.com\/noticias\/author\/admin\/#author"},"creator":{"@id":"https:\/\/www.eldigitaldeasturias.com\/noticias\/author\/admin\/#author"},"image":{"@type":"ImageObject","url":"https:\/\/www.eldigitaldeasturias.com\/noticias\/wp-content\/uploads\/2016\/01\/fotonoticia_20160122193344_800.jpg","@id":"https:\/\/www.eldigitaldeasturias.com\/noticias\/castellon-se-promociona-como-destino-para-el-turismo-europeo-de-autocaravanas\/#mainImage","width":800,"height":533},"primaryImageOfPage":{"@id":"https:\/\/www.eldigitaldeasturias.com\/noticias\/castellon-se-promociona-como-destino-para-el-turismo-europeo-de-autocaravanas\/#mainImage"},"datePublished":"2016-01-23T14:04:34+01:00","dateModified":"2016-01-23T14:04:34+01:00"},{"@type":"WebSite","@id":"https:\/\/www.eldigitaldeasturias.com\/noticias\/#website","url":"https:\/\/www.eldigitaldeasturias.com\/noticias\/","name":"El Digital de Asturias - Diario de actualidad y noticias","alternateName":"El Digital de Asturias - Diario de actualidad y noticias","description":"Hemeroteca","inLanguage":"es-ES","publisher":{"@id":"https:\/\/www.eldigitaldeasturias.com\/noticias\/#organization"}}]},"og:locale":"es_ES","og:site_name":"El Digital de Asturias","og:type":"article","og:title":"Castell\u00f3n se promociona como destino para el turismo europeo de autocaravanas - El Digital de Asturias","og:description":"La alcaldesa de Castell\u00f3n, Amparo Marco, y la concejala de Turismo, Patricia Puerta, han aprovechado su presencia en la Feria Internacional de Turismo (Fitur) para presentar a los representantes de la Plataforma de Autocaravanas Aut\u00f3noma (PACA) el nuevo parking de autocaravanas que va a construir el ayuntamiento junto al Planetario, en la playa del Pinar.","og:url":"https:\/\/www.eldigitaldeasturias.com\/noticias\/castellon-se-promociona-como-destino-para-el-turismo-europeo-de-autocaravanas\/","og:image":"https:\/\/www.eldigitaldeasturias.com\/noticias\/wp-content\/uploads\/2016\/01\/fotonoticia_20160122193344_800.jpg","og:image:secure_url":"https:\/\/www.eldigitaldeasturias.com\/noticias\/wp-content\/uploads\/2016\/01\/fotonoticia_20160122193344_800.jpg","og:image:width":800,"og:image:height":533,"article:tag":["turismo"],"article:published_time":"2016-01-23T14:04:34+00:00","article:modified_time":"2016-01-23T14:04:34+00:00","article:publisher":"https:\/\/facebook.com\/eldigitaldeasturias","twitter:card":"summary_large_image","twitter:title":"Castell\u00f3n se promociona como destino para el turismo europeo de autocaravanas - El Digital de Asturias","twitter:description":"La alcaldesa de Castell\u00f3n, Amparo Marco, y la concejala de Turismo, Patricia Puerta, han aprovechado su presencia en la Feria Internacional de Turismo (Fitur) para presentar a los representantes de la Plataforma de Autocaravanas Aut\u00f3noma (PACA) el nuevo parking de autocaravanas que va a construir el ayuntamiento junto al Planetario, en la playa del Pinar.","twitter:image":"https:\/\/www.eldigitaldeasturias.com\/noticias\/wp-content\/uploads\/2016\/01\/fotonoticia_20160122193344_800.jpg","twitter:label1":"Escrito por","twitter:data1":"El Digital de Asturias","twitter:label2":"Tiempo de lectura estimado","twitter:data2":"2 minutos"},"aioseo_meta_data":{"post_id":"849416","title":null,"description":null,"keywords":null,"keyphrases":null,"primary_term":null,"canonical_url":null,"og_title":null,"og_description":null,"og_object_type":"default","og_image_type":"default","og_image_url":null,"og_image_width":null,"og_image_height":null,"og_image_custom_url":null,"og_image_custom_fields":null,"og_video":null,"og_custom_url":null,"og_article_section":null,"og_article_tags":null,"twitter_use_og":false,"twitter_card":"default","twitter_image_type":"default","twitter_image_url":null,"twitter_image_custom_url":null,"twitter_image_custom_fields":null,"twitter_title":null,"twitter_description":null,"schema":{"blockGraphs":[],"customGraphs":[],"default":{"data":{"Article":[],"Course":[],"Dataset":[],"FAQPage":[],"Movie":[],"Person":[],"Product":[],"ProductReview":[],"Car":[],"Recipe":[],"Service":[],"SoftwareApplication":[],"WebPage":[]},"graphName":"","isEnabled":true},"graphs":[],"defaultGraph":"","defaultPostTypeGraph":""},"schema_type":null,"schema_type_options":null,"pillar_content":false,"robots_default":true,"robots_noindex":false,"robots_noarchive":false,"robots_nosnippet":false,"robots_nofollow":false,"robots_noimageindex":false,"robots_noodp":false,"robots_notranslate":false,"robots_max_snippet":null,"robots_max_videopreview":null,"robots_max_imagepreview":"large","priority":null,"frequency":null,"local_seo":null,"seo_analyzer_scan_date":"2025-12-09 04:36:16","breadcrumb_settings":null,"limit_modified_date":false,"open_ai":null,"ai":null,"created":"2021-01-23 13:39:12","updated":"2025-12-09 04:36:16"},"aioseo_breadcrumb":"<div class=\"aioseo-breadcrumbs\"><span class=\"aioseo-breadcrumb\">\n\t<a href=\"https:\/\/www.eldigitaldeasturias.com\/noticias\" title=\"Home\">Home<\/a>\n<\/span><span class=\"aioseo-breadcrumb-separator\">\u2013<\/span><span class=\"aioseo-breadcrumb\">\n\t<a href=\"https:\/\/www.eldigitaldeasturias.com\/noticias\/category\/turismo\/\" title=\"Turismo\">Turismo<\/a>\n<\/span><span class=\"aioseo-breadcrumb-separator\">\u2013<\/span><span class=\"aioseo-breadcrumb\">\n\t<a href=\"https:\/\/www.eldigitaldeasturias.com\/noticias\/castellon-se-promociona-como-destino-para-el-turismo-europeo-de-autocaravanas\/\" title=\"Castell\u00f3n se promociona como destino para el turismo europeo de autocaravanas\">Castell\u00f3n se promociona como destino para el turismo europeo de autocaravanas<\/a>\n<\/span><\/div>","aioseo_breadcrumb_json":[{"label":"Home","link":"https:\/\/www.eldigitaldeasturias.com\/noticias"},{"label":"Turismo","link":"https:\/\/www.eldigitaldeasturias.com\/noticias\/category\/turismo\/"},{"label":"Castell\u00f3n se promociona como destino para el turismo europeo de autocaravanas","link":"https:\/\/www.eldigitaldeasturias.com\/noticias\/castellon-se-promociona-como-destino-para-el-turismo-europeo-de-autocaravanas\/"}],"_links":{"self":[{"href":"https:\/\/www.eldigitaldeasturias.com\/noticias\/wp-json\/wp\/v2\/posts\/849416","targetHints":{"allow":["GET"]}}],"collection":[{"href":"https:\/\/www.eldigitaldeasturias.com\/noticias\/wp-json\/wp\/v2\/posts"}],"about":[{"href":"https:\/\/www.eldigitaldeasturias.com\/noticias\/wp-json\/wp\/v2\/types\/post"}],"author":[{"embeddable":true,"href":"https:\/\/www.eldigitaldeasturias.com\/noticias\/wp-json\/wp\/v2\/users\/1"}],"replies":[{"embeddable":true,"href":"https:\/\/www.eldigitaldeasturias.com\/noticias\/wp-json\/wp\/v2\/comments?post=849416"}],"version-history":[{"count":0,"href":"https:\/\/www.eldigitaldeasturias.com\/noticias\/wp-json\/wp\/v2\/posts\/849416\/revisions"}],"wp:featuredmedia":[{"embeddable":true,"href":"https:\/\/www.eldigitaldeasturias.com\/noticias\/wp-json\/wp\/v2\/media\/849417"}],"wp:attachment":[{"href":"https:\/\/www.eldigitaldeasturias.com\/noticias\/wp-json\/wp\/v2\/media?parent=849416"}],"wp:term":[{"taxonomy":"category","embeddable":true,"href":"https:\/\/www.eldigitaldeasturias.com\/noticias\/wp-json\/wp\/v2\/categories?post=849416"},{"taxonomy":"post_tag","embeddable":true,"href":"https:\/\/www.eldigitaldeasturias.com\/noticias\/wp-json\/wp\/v2\/tags?post=849416"}],"curies":[{"name":"wp","href":"https:\/\/api.w.org\/{rel}","templated":true}]}}