{"id":849336,"date":"2016-01-23T12:03:22","date_gmt":"2016-01-23T12:03:22","guid":{"rendered":"http:\/\/www.eldigitaldeasturias.com\/noticias\/?p=849336"},"modified":"2016-01-23T12:03:22","modified_gmt":"2016-01-23T12:03:22","slug":"fitur-2016-una-vuelta-al-mundo-para-planificar-las-proximas-vacaciones","status":"publish","type":"post","link":"https:\/\/www.eldigitaldeasturias.com\/noticias\/fitur-2016-una-vuelta-al-mundo-para-planificar-las-proximas-vacaciones\/","title":{"rendered":"Fitur 2016, una vuelta al mundo para planificar las pr\u00f3ximas vacaciones"},"content":{"rendered":"<p><img loading=\"lazy\" decoding=\"async\" class=\"alignleft size-medium wp-image-849337\" src=\"https:\/\/www.eldigitaldeasturias.com\/noticias\/wp-content\/uploads\/2016\/01\/fotonoticia_20160122075947_800-360x240.jpg\" alt=\"fotonoticia_20160122075947_800\" width=\"360\" height=\"240\" srcset=\"https:\/\/www.eldigitaldeasturias.com\/noticias\/wp-content\/uploads\/2016\/01\/fotonoticia_20160122075947_800-360x240.jpg 360w, https:\/\/www.eldigitaldeasturias.com\/noticias\/wp-content\/uploads\/2016\/01\/fotonoticia_20160122075947_800-768x512.jpg 768w, https:\/\/www.eldigitaldeasturias.com\/noticias\/wp-content\/uploads\/2016\/01\/fotonoticia_20160122075947_800-650x433.jpg 650w, https:\/\/www.eldigitaldeasturias.com\/noticias\/wp-content\/uploads\/2016\/01\/fotonoticia_20160122075947_800-84x55.jpg 84w, https:\/\/www.eldigitaldeasturias.com\/noticias\/wp-content\/uploads\/2016\/01\/fotonoticia_20160122075947_800-49x32.jpg 49w, https:\/\/www.eldigitaldeasturias.com\/noticias\/wp-content\/uploads\/2016\/01\/fotonoticia_20160122075947_800.jpg 800w\" sizes=\"auto, (max-width: 360px) 100vw, 360px\" \/>Fitur 2016 abre las puertas este fin de semana para recibir a miles de visitantes que buscan conocer m\u00e1s de cerca a cada uno de los 165 pa\u00edses o regiones que ofrecen \u00abuna vuelta al mundo sin salir de Madrid\u00bb en m\u00e1s de 60.000 metros cuadrados de superficie expositiva con los que cuenta la XXXVI edici\u00f3n de la Feria.<\/p>\n<p>Tras los tres primeros d\u00edas dedicados a los profesionales del sector, es el turno del p\u00fablico en general. Se espera que como cada a\u00f1o miles de personas recorran los ocho pabellones de la feria para recibir informaci\u00f3n o interesarse por las ofertas de los 9.500 expositores que luchan por llamar la atenci\u00f3n y lanzar los esl\u00f3ganes m\u00e1s pegadizos que se queden en la memoria de los visitantes.<\/p>\n<p>La Feria se convierte as\u00ed en un escaparate ideal para buscar ideas viajeras. En ella el visitante puede encontrar de todo: desde conocer las culturas y tradiciones m\u00e1s coloridas de pa\u00edses de toda Am\u00e9rica hasta disfrutar de la gastronom\u00eda y la belleza natural de los parajes espa\u00f1oles.<\/p>\n<p>En su gris moqueta se exhiben una amplia variedad de seres que van desde las impresionantes bellezas latinoamericanas con sus plumas y lentejuelas hasta un sobrio Miguel de Cervantes, o una beluga de casi nueve metros realizada con la t\u00e9cnica tradicional de moldeado con varetas de madera.<\/p>\n<p>En el pabell\u00f3n de Am\u00e9rica destaca el stand de M\u00e9xico por su gran colorido y espectacularidad destacado una gran pantalla circular que resalta la belleza del pa\u00eds, as\u00ed como Centroam\u00e9rica donde dos mayas &#8216;de carne y hueso&#8217; se encuentran al pie de una imagen del Parque Nacional de Tikal. La fiesta y la m\u00fasica tambi\u00e9n son parte fundamental de los stands de Rep\u00fablica Dominicana y Argentina desde primera hora de la ma\u00f1ana.<\/p>\n<p>En Europa llama la atenci\u00f3n el colorido stand de Portugal con varias pantallas LED gigantes y cientos de luces. Bajo la tem\u00e1tica de &#8216;Elegir es vivir&#8217; nuestro pa\u00eds vecino muestra desde una conexi\u00f3n streaming por el ca\u00f1\u00f3n subacu\u00e1tico de la costa de Nazar\u00e9, hasta un &#8216;selfiemat\u00f3n&#8217; que permite realizar fotograf\u00edas con los pa\u00edses portugueses como imagen de fondo. Adem\u00e1s muestra cuadros realizados por surfistas a trav\u00e9s de GPS incorporados en la tablas.<\/p>\n<p>En la India un gran yogui recibe al visitante bajo el lema en ingl\u00e9s &#8216;Yoga es el viaje del yo, a trav\u00e9s del yo, hacia el yo&#8217;. La propia Reina Letizia se ha parado en este stand durante su recorrido de inauguraci\u00f3n y ha asegurado que practica esa disciplina con la t\u00e9cnica Iyengar, una t\u00e9cnica muy respetuosa con la fisonom\u00eda. En el stand de Indonesia sorprenden los deslumbrantes trajes que lucen varias j\u00f3venes que te invitan a recorrer sus islas.<\/p>\n<p>BELUGA GIGANTE DE NUEVE METROS.<\/p>\n<p>Moqueta rosa para el pabell\u00f3n de Andaluc\u00eda, socio principal este a\u00f1o de la feria, que en un dise\u00f1o circular similar al de a\u00f1os anteriores muestra lo mejor de sus ocho comunidades destacando la alegr\u00eda, la pasi\u00f3n y la tradici\u00f3n, al son de una pegadiza canci\u00f3n &#8216;Tu mejor t\u00fa&#8217; que resuena sin parar en todo el recinto que cuenta incluso con un selfie point en mitad del pabell\u00f3n.<\/p>\n<p>En el pabell\u00f3n de la Comunidad Valenciana lo m\u00e1s llamativo que el visitante podr\u00e1 encontrar es una beluga gigante de unos nueve metros de largo realizada por un artista fallero que es el principal reclamo del expositor del Oceanografic de Valencia.<\/p>\n<p>En el stand de Madrid los libros gu\u00eda vuelan mientras un coche de madera y hierro de la \u00f3pera Don Giovanni da la bienvenida a los amantes de la \u00f3pera. Por su parte, Catalu\u00f1a quiere convertirse en \u00abla casa de todos\u00bb a trav\u00e9s de un stand-despensa en el que se puede disfrutar de un simulador de conducci\u00f3n de F1, una zona de animaci\u00f3n para vivir experiencias tur\u00edsticas en 3D a trav\u00e9s de realidad virtual.<\/p>\n<p>El Pa\u00eds Vasco, que cuenta con un expositor de 700 metros cuadrados, apuesta por la mitolog\u00eda vasca como un nuevo atractivo para presentar el destino Basque Country en el mundo a trav\u00e9s de media docena de \u00abrutas m\u00e1gicas\u00bb que permiten al visitante acercarse a personajes de leyenda como gigantes, dragones, enanos y brujas.<\/p>\n<p>GASTRONOM\u00cdA PARA TODOS.<\/p>\n<p>Para los amantes de la gastronom\u00eda Fitur es el sitio ideal. Jam\u00f3n serrano de gran calidad en Teruel o en Guijuelo comparten mesa con la trufa de Soria, o con los ricos vinos de la Rioja o Rivera del Duero para paladares m\u00e1s exquisitos que tambi\u00e9n podr\u00e1n hacer una cata de aceites en Ja\u00e9n. Y para los m\u00e1s golosos en la compa\u00f1\u00eda de alquiler de coches Avis se abre una tarta-coche comestible para endulzar a los visitantes.<\/p>\n<p>Castilla-La Mancha acude con un programa de m\u00e1s de 80 actividades y una sala gastron\u00f3mica en su stand de 1.000 metros cuadrados para potenciar este tipo de turismo coincidiendo con la Capital Gastron\u00f3mica que este a\u00f1o ostenta Toledo.<\/p>\n<p>La Rioja tambi\u00e9n muestra su cara m\u00e1s enotur\u00edstica con un stand de 500 metros cuadrados formado por 600 cestos de casta\u00f1o y para ello han organizado un extenso programa con presentaciones, catas de bodegas, y demostraciones artesanales y de cocina.<\/p>\n<p>Los &#8216;food trucks&#8217; tambi\u00e9n tienen espacio en la feria tur\u00edstica y varios de estos novedosos restaurantes rodantes ofrecen todo tipo de comida callejera de lo m\u00e1s variada para los momentos en los que el cuerpo necesita un descanso durante las largas jornadas de feria: desde crepes hasta bocadillos o perritos calientes.<\/p>\n<p>ACTIVIDADES DE FIN DE SEMANA<\/p>\n<p>Y en el fin de semana un a\u00f1o m\u00e1s se repetir\u00e1n las actividades para el p\u00fablico en general organizadas por la plataforma web y m\u00f3vil minube como la &#8216;Quedada de Viajeros&#8217;, la &#8216;Gynkana Viajera&#8217; el s\u00e1bado 23 y un taller de fotograf\u00eda el domingo 24, donde expertos fot\u00f3grafos ense\u00f1aran a los visitantes como sacarle el m\u00e1ximo provecho a la c\u00e1maras.<\/p>\n<p>Fitur y minube organizar\u00e1n el fin de semana m\u00e1s inspirador con su quedada viajera que congregar\u00e1 a m\u00e1s de 1.500 personas que buscan inspiraci\u00f3n para elegir su pr\u00f3ximo destino. Adem\u00e1s, gracias a la colaboraci\u00f3n de m\u00e1s 40 expositores los asistentes podr\u00e1n optar a premios como escapadas, vuelos y estancias de hotel nacionales e internacionales.<\/p>\n<p>Adem\u00e1s se realizar\u00e1 una gymkana fren\u00e9tica para conseguir numerosos premios distribuidos por los diferentes pabellones de la feria. Esta actividad durar\u00e1 todo el d\u00eda y para participar solo es necesario coger el pasaporte viajero.<\/p>\n<p>El programa de actividades del fin de semana se completa con un espacio dedicado al ocio familiar en el pabell\u00f3n 10, conocido como el &#8216;Rinc\u00f3n Viajero&#8217;, donde los asistentes podr\u00e1n practicar numerosos juegos, compartir ideas con otros viajeros, obtener m\u00e1s informaci\u00f3n sobre su pr\u00f3ximo destino e incluso crear su propia gu\u00eda de viajes personalizada a partir de las fotos de sus m\u00f3viles.<\/p>\n","protected":false},"excerpt":{"rendered":"<p>Fitur 2016 abre las puertas este fin de semana para recibir a miles de visitantes que buscan conocer m\u00e1s de cerca a cada uno de los 165 pa\u00edses o regiones que ofrecen \u00abuna vuelta al mundo sin salir de Madrid\u00bb en m\u00e1s de 60.000 metros cuadrados de superficie expositiva con los que cuenta la XXXVI [&hellip;]<\/p>\n","protected":false},"author":1,"featured_media":849337,"comment_status":"closed","ping_status":"closed","sticky":false,"template":"","format":"standard","meta":{"footnotes":""},"categories":[148],"tags":[],"class_list":["post-849336","post","type-post","status-publish","format-standard","has-post-thumbnail","hentry","category-turismo"],"aioseo_notices":[],"aioseo_head":"\n\t\t<!-- All in One SEO Pro 4.9.6.2 - aioseo.com -->\n\t<meta name=\"description\" content=\"Fitur 2016 abre las puertas este fin de semana para recibir a miles de visitantes que buscan conocer m\u00e1s de cerca a cada uno de los 165 pa\u00edses o regiones que ofrecen &quot;una vuelta al mundo sin salir de Madrid&quot; en m\u00e1s de 60.000 metros cuadrados de superficie expositiva con los que cuenta la XXXVI\" \/>\n\t<meta name=\"robots\" content=\"max-image-preview:large\" \/>\n\t<meta name=\"author\" content=\"El Digital de Asturias\"\/>\n\t<meta name=\"google-site-verification\" content=\"UA-38556648-1\" \/>\n\t<meta name=\"msvalidate.01\" content=\"7dfe9f3f1b24437ab69f4f2559babe99\" \/>\n\t<meta name=\"keywords\" content=\"turismo\" \/>\n\t<link rel=\"canonical\" href=\"https:\/\/www.eldigitaldeasturias.com\/noticias\/fitur-2016-una-vuelta-al-mundo-para-planificar-las-proximas-vacaciones\/\" \/>\n\t<meta name=\"generator\" content=\"All in One SEO Pro (AIOSEO) 4.9.6.2\" \/>\n\t\t<meta property=\"og:locale\" content=\"es_ES\" \/>\n\t\t<meta property=\"og:site_name\" content=\"El Digital de Asturias\" \/>\n\t\t<meta property=\"og:type\" content=\"article\" \/>\n\t\t<meta property=\"og:title\" content=\"Fitur 2016, una vuelta al mundo para planificar las pr\u00f3ximas vacaciones - El Digital de Asturias\" \/>\n\t\t<meta property=\"og:description\" content=\"Fitur 2016 abre las puertas este fin de semana para recibir a miles de visitantes que buscan conocer m\u00e1s de cerca a cada uno de los 165 pa\u00edses o regiones que ofrecen &quot;una vuelta al mundo sin salir de Madrid&quot; en m\u00e1s de 60.000 metros cuadrados de superficie expositiva con los que cuenta la XXXVI\" \/>\n\t\t<meta property=\"og:url\" content=\"https:\/\/www.eldigitaldeasturias.com\/noticias\/fitur-2016-una-vuelta-al-mundo-para-planificar-las-proximas-vacaciones\/\" \/>\n\t\t<meta property=\"og:image\" content=\"https:\/\/www.eldigitaldeasturias.com\/noticias\/wp-content\/uploads\/2016\/01\/fotonoticia_20160122075947_800.jpg\" \/>\n\t\t<meta property=\"og:image:secure_url\" content=\"https:\/\/www.eldigitaldeasturias.com\/noticias\/wp-content\/uploads\/2016\/01\/fotonoticia_20160122075947_800.jpg\" \/>\n\t\t<meta property=\"og:image:width\" content=\"800\" \/>\n\t\t<meta property=\"og:image:height\" content=\"533\" \/>\n\t\t<meta property=\"article:tag\" content=\"turismo\" \/>\n\t\t<meta property=\"article:published_time\" content=\"2016-01-23T12:03:22+00:00\" \/>\n\t\t<meta property=\"article:modified_time\" content=\"2016-01-23T12:03:22+00:00\" \/>\n\t\t<meta property=\"article:publisher\" content=\"https:\/\/facebook.com\/eldigitaldeasturias\" \/>\n\t\t<meta name=\"twitter:card\" content=\"summary_large_image\" \/>\n\t\t<meta name=\"twitter:title\" content=\"Fitur 2016, una vuelta al mundo para planificar las pr\u00f3ximas vacaciones - El Digital de Asturias\" \/>\n\t\t<meta name=\"twitter:description\" content=\"Fitur 2016 abre las puertas este fin de semana para recibir a miles de visitantes que buscan conocer m\u00e1s de cerca a cada uno de los 165 pa\u00edses o regiones que ofrecen &quot;una vuelta al mundo sin salir de Madrid&quot; en m\u00e1s de 60.000 metros cuadrados de superficie expositiva con los que cuenta la XXXVI\" \/>\n\t\t<meta name=\"twitter:image\" content=\"https:\/\/www.eldigitaldeasturias.com\/noticias\/wp-content\/uploads\/2016\/01\/fotonoticia_20160122075947_800.jpg\" \/>\n\t\t<meta name=\"twitter:label1\" content=\"Escrito por\" \/>\n\t\t<meta name=\"twitter:data1\" content=\"El Digital de Asturias\" \/>\n\t\t<meta name=\"twitter:label2\" content=\"Tiempo de lectura estimado\" \/>\n\t\t<meta name=\"twitter:data2\" content=\"6 minutos\" \/>\n\t\t<script type=\"application\/ld+json\" class=\"aioseo-schema\">\n\t\t\t{\"@context\":\"https:\\\/\\\/schema.org\",\"@graph\":[{\"@type\":\"BlogPosting\",\"@id\":\"https:\\\/\\\/www.eldigitaldeasturias.com\\\/noticias\\\/fitur-2016-una-vuelta-al-mundo-para-planificar-las-proximas-vacaciones\\\/#blogposting\",\"name\":\"Fitur 2016, una vuelta al mundo para planificar las pr\\u00f3ximas vacaciones - El Digital de Asturias\",\"headline\":\"Fitur 2016, una vuelta al mundo para planificar las pr\\u00f3ximas vacaciones\",\"author\":{\"@id\":\"https:\\\/\\\/www.eldigitaldeasturias.com\\\/noticias\\\/author\\\/admin\\\/#author\"},\"publisher\":{\"@id\":\"https:\\\/\\\/www.eldigitaldeasturias.com\\\/noticias\\\/#organization\"},\"image\":{\"@type\":\"ImageObject\",\"url\":\"https:\\\/\\\/www.eldigitaldeasturias.com\\\/noticias\\\/wp-content\\\/uploads\\\/2016\\\/01\\\/fotonoticia_20160122075947_800.jpg\",\"width\":800,\"height\":533},\"datePublished\":\"2016-01-23T12:03:22+01:00\",\"dateModified\":\"2016-01-23T12:03:22+01:00\",\"inLanguage\":\"es-ES\",\"mainEntityOfPage\":{\"@id\":\"https:\\\/\\\/www.eldigitaldeasturias.com\\\/noticias\\\/fitur-2016-una-vuelta-al-mundo-para-planificar-las-proximas-vacaciones\\\/#webpage\"},\"isPartOf\":{\"@id\":\"https:\\\/\\\/www.eldigitaldeasturias.com\\\/noticias\\\/fitur-2016-una-vuelta-al-mundo-para-planificar-las-proximas-vacaciones\\\/#webpage\"},\"articleSection\":\"Turismo\"},{\"@type\":\"BreadcrumbList\",\"@id\":\"https:\\\/\\\/www.eldigitaldeasturias.com\\\/noticias\\\/fitur-2016-una-vuelta-al-mundo-para-planificar-las-proximas-vacaciones\\\/#breadcrumblist\",\"itemListElement\":[{\"@type\":\"ListItem\",\"@id\":\"https:\\\/\\\/www.eldigitaldeasturias.com\\\/noticias#listItem\",\"position\":1,\"name\":\"Home\",\"item\":\"https:\\\/\\\/www.eldigitaldeasturias.com\\\/noticias\",\"nextItem\":{\"@type\":\"ListItem\",\"@id\":\"https:\\\/\\\/www.eldigitaldeasturias.com\\\/noticias\\\/category\\\/turismo\\\/#listItem\",\"name\":\"Turismo\"}},{\"@type\":\"ListItem\",\"@id\":\"https:\\\/\\\/www.eldigitaldeasturias.com\\\/noticias\\\/category\\\/turismo\\\/#listItem\",\"position\":2,\"name\":\"Turismo\",\"item\":\"https:\\\/\\\/www.eldigitaldeasturias.com\\\/noticias\\\/category\\\/turismo\\\/\",\"nextItem\":{\"@type\":\"ListItem\",\"@id\":\"https:\\\/\\\/www.eldigitaldeasturias.com\\\/noticias\\\/fitur-2016-una-vuelta-al-mundo-para-planificar-las-proximas-vacaciones\\\/#listItem\",\"name\":\"Fitur 2016, una vuelta al mundo para planificar las pr\\u00f3ximas vacaciones\"},\"previousItem\":{\"@type\":\"ListItem\",\"@id\":\"https:\\\/\\\/www.eldigitaldeasturias.com\\\/noticias#listItem\",\"name\":\"Home\"}},{\"@type\":\"ListItem\",\"@id\":\"https:\\\/\\\/www.eldigitaldeasturias.com\\\/noticias\\\/fitur-2016-una-vuelta-al-mundo-para-planificar-las-proximas-vacaciones\\\/#listItem\",\"position\":3,\"name\":\"Fitur 2016, una vuelta al mundo para planificar las pr\\u00f3ximas vacaciones\",\"previousItem\":{\"@type\":\"ListItem\",\"@id\":\"https:\\\/\\\/www.eldigitaldeasturias.com\\\/noticias\\\/category\\\/turismo\\\/#listItem\",\"name\":\"Turismo\"}}]},{\"@type\":\"Organization\",\"@id\":\"https:\\\/\\\/www.eldigitaldeasturias.com\\\/noticias\\\/#organization\",\"name\":\"El Digital de Asturias\",\"description\":\"Hemeroteca\",\"url\":\"https:\\\/\\\/www.eldigitaldeasturias.com\\\/noticias\\\/\",\"email\":\"info@eldigitaldeasturias.com\",\"telephone\":\"+34652131393\",\"logo\":{\"@type\":\"ImageObject\",\"url\":\"https:\\\/\\\/www.eldigitaldeasturias.com\\\/noticias\\\/wp-content\\\/uploads\\\/2020\\\/12\\\/EDA.jpg\",\"@id\":\"https:\\\/\\\/www.eldigitaldeasturias.com\\\/noticias\\\/fitur-2016-una-vuelta-al-mundo-para-planificar-las-proximas-vacaciones\\\/#organizationLogo\",\"width\":649,\"height\":297},\"image\":{\"@id\":\"https:\\\/\\\/www.eldigitaldeasturias.com\\\/noticias\\\/fitur-2016-una-vuelta-al-mundo-para-planificar-las-proximas-vacaciones\\\/#organizationLogo\"},\"sameAs\":[\"https:\\\/\\\/facebook.com\\\/eldigitaldeasturias\",\"https:\\\/\\\/www.youtube.com\\\/channel\\\/UCZP-2wLEB9Rv6erhFmqVnvg\"],\"address\":{\"@id\":\"https:\\\/\\\/www.eldigitaldeasturias.com\\\/noticias\\\/#postaladdress\",\"@type\":\"PostalAddress\",\"streetAddress\":\"san antonio 4,\",\"postalCode\":\"33430\",\"addressLocality\":\"Cand\\u00e1s\",\"addressRegion\":\"Asturias\",\"addressCountry\":\"ES\"}},{\"@type\":\"Person\",\"@id\":\"https:\\\/\\\/www.eldigitaldeasturias.com\\\/noticias\\\/author\\\/admin\\\/#author\",\"url\":\"https:\\\/\\\/www.eldigitaldeasturias.com\\\/noticias\\\/author\\\/admin\\\/\",\"name\":\"El Digital de Asturias\",\"image\":{\"@type\":\"ImageObject\",\"@id\":\"https:\\\/\\\/www.eldigitaldeasturias.com\\\/noticias\\\/fitur-2016-una-vuelta-al-mundo-para-planificar-las-proximas-vacaciones\\\/#authorImage\",\"url\":\"https:\\\/\\\/www.eldigitaldeasturias.com\\\/noticias\\\/wp-content\\\/litespeed\\\/avatar\\\/18677e78aa0546b92d9dbf31ec7d7668.jpg?ver=1777290358\",\"width\":96,\"height\":96,\"caption\":\"El Digital de Asturias\"}},{\"@type\":\"WebPage\",\"@id\":\"https:\\\/\\\/www.eldigitaldeasturias.com\\\/noticias\\\/fitur-2016-una-vuelta-al-mundo-para-planificar-las-proximas-vacaciones\\\/#webpage\",\"url\":\"https:\\\/\\\/www.eldigitaldeasturias.com\\\/noticias\\\/fitur-2016-una-vuelta-al-mundo-para-planificar-las-proximas-vacaciones\\\/\",\"name\":\"Fitur 2016, una vuelta al mundo para planificar las pr\\u00f3ximas vacaciones - El Digital de Asturias\",\"description\":\"Fitur 2016 abre las puertas este fin de semana para recibir a miles de visitantes que buscan conocer m\\u00e1s de cerca a cada uno de los 165 pa\\u00edses o regiones que ofrecen \\\"una vuelta al mundo sin salir de Madrid\\\" en m\\u00e1s de 60.000 metros cuadrados de superficie expositiva con los que cuenta la XXXVI\",\"inLanguage\":\"es-ES\",\"isPartOf\":{\"@id\":\"https:\\\/\\\/www.eldigitaldeasturias.com\\\/noticias\\\/#website\"},\"breadcrumb\":{\"@id\":\"https:\\\/\\\/www.eldigitaldeasturias.com\\\/noticias\\\/fitur-2016-una-vuelta-al-mundo-para-planificar-las-proximas-vacaciones\\\/#breadcrumblist\"},\"author\":{\"@id\":\"https:\\\/\\\/www.eldigitaldeasturias.com\\\/noticias\\\/author\\\/admin\\\/#author\"},\"creator\":{\"@id\":\"https:\\\/\\\/www.eldigitaldeasturias.com\\\/noticias\\\/author\\\/admin\\\/#author\"},\"image\":{\"@type\":\"ImageObject\",\"url\":\"https:\\\/\\\/www.eldigitaldeasturias.com\\\/noticias\\\/wp-content\\\/uploads\\\/2016\\\/01\\\/fotonoticia_20160122075947_800.jpg\",\"@id\":\"https:\\\/\\\/www.eldigitaldeasturias.com\\\/noticias\\\/fitur-2016-una-vuelta-al-mundo-para-planificar-las-proximas-vacaciones\\\/#mainImage\",\"width\":800,\"height\":533},\"primaryImageOfPage\":{\"@id\":\"https:\\\/\\\/www.eldigitaldeasturias.com\\\/noticias\\\/fitur-2016-una-vuelta-al-mundo-para-planificar-las-proximas-vacaciones\\\/#mainImage\"},\"datePublished\":\"2016-01-23T12:03:22+01:00\",\"dateModified\":\"2016-01-23T12:03:22+01:00\"},{\"@type\":\"WebSite\",\"@id\":\"https:\\\/\\\/www.eldigitaldeasturias.com\\\/noticias\\\/#website\",\"url\":\"https:\\\/\\\/www.eldigitaldeasturias.com\\\/noticias\\\/\",\"name\":\"El Digital de Asturias - Diario de actualidad y noticias\",\"alternateName\":\"El Digital de Asturias - Diario de actualidad y noticias\",\"description\":\"Hemeroteca\",\"inLanguage\":\"es-ES\",\"publisher\":{\"@id\":\"https:\\\/\\\/www.eldigitaldeasturias.com\\\/noticias\\\/#organization\"}}]}\n\t\t<\/script>\n\t\t<!-- All in One SEO Pro -->\r\n\t\t<title>Fitur 2016, una vuelta al mundo para planificar las pr\u00f3ximas vacaciones - El Digital de Asturias<\/title>\n\n","aioseo_head_json":{"title":"Fitur 2016, una vuelta al mundo para planificar las pr\u00f3ximas vacaciones - El Digital de Asturias","description":"Fitur 2016 abre las puertas este fin de semana para recibir a miles de visitantes que buscan conocer m\u00e1s de cerca a cada uno de los 165 pa\u00edses o regiones que ofrecen \"una vuelta al mundo sin salir de Madrid\" en m\u00e1s de 60.000 metros cuadrados de superficie expositiva con los que cuenta la XXXVI","canonical_url":"https:\/\/www.eldigitaldeasturias.com\/noticias\/fitur-2016-una-vuelta-al-mundo-para-planificar-las-proximas-vacaciones\/","robots":"max-image-preview:large","keywords":"turismo","webmasterTools":{"google-site-verification":"UA-38556648-1","msvalidate.01":"7dfe9f3f1b24437ab69f4f2559babe99","miscellaneous":""},"schema":{"@context":"https:\/\/schema.org","@graph":[{"@type":"BlogPosting","@id":"https:\/\/www.eldigitaldeasturias.com\/noticias\/fitur-2016-una-vuelta-al-mundo-para-planificar-las-proximas-vacaciones\/#blogposting","name":"Fitur 2016, una vuelta al mundo para planificar las pr\u00f3ximas vacaciones - El Digital de Asturias","headline":"Fitur 2016, una vuelta al mundo para planificar las pr\u00f3ximas vacaciones","author":{"@id":"https:\/\/www.eldigitaldeasturias.com\/noticias\/author\/admin\/#author"},"publisher":{"@id":"https:\/\/www.eldigitaldeasturias.com\/noticias\/#organization"},"image":{"@type":"ImageObject","url":"https:\/\/www.eldigitaldeasturias.com\/noticias\/wp-content\/uploads\/2016\/01\/fotonoticia_20160122075947_800.jpg","width":800,"height":533},"datePublished":"2016-01-23T12:03:22+01:00","dateModified":"2016-01-23T12:03:22+01:00","inLanguage":"es-ES","mainEntityOfPage":{"@id":"https:\/\/www.eldigitaldeasturias.com\/noticias\/fitur-2016-una-vuelta-al-mundo-para-planificar-las-proximas-vacaciones\/#webpage"},"isPartOf":{"@id":"https:\/\/www.eldigitaldeasturias.com\/noticias\/fitur-2016-una-vuelta-al-mundo-para-planificar-las-proximas-vacaciones\/#webpage"},"articleSection":"Turismo"},{"@type":"BreadcrumbList","@id":"https:\/\/www.eldigitaldeasturias.com\/noticias\/fitur-2016-una-vuelta-al-mundo-para-planificar-las-proximas-vacaciones\/#breadcrumblist","itemListElement":[{"@type":"ListItem","@id":"https:\/\/www.eldigitaldeasturias.com\/noticias#listItem","position":1,"name":"Home","item":"https:\/\/www.eldigitaldeasturias.com\/noticias","nextItem":{"@type":"ListItem","@id":"https:\/\/www.eldigitaldeasturias.com\/noticias\/category\/turismo\/#listItem","name":"Turismo"}},{"@type":"ListItem","@id":"https:\/\/www.eldigitaldeasturias.com\/noticias\/category\/turismo\/#listItem","position":2,"name":"Turismo","item":"https:\/\/www.eldigitaldeasturias.com\/noticias\/category\/turismo\/","nextItem":{"@type":"ListItem","@id":"https:\/\/www.eldigitaldeasturias.com\/noticias\/fitur-2016-una-vuelta-al-mundo-para-planificar-las-proximas-vacaciones\/#listItem","name":"Fitur 2016, una vuelta al mundo para planificar las pr\u00f3ximas vacaciones"},"previousItem":{"@type":"ListItem","@id":"https:\/\/www.eldigitaldeasturias.com\/noticias#listItem","name":"Home"}},{"@type":"ListItem","@id":"https:\/\/www.eldigitaldeasturias.com\/noticias\/fitur-2016-una-vuelta-al-mundo-para-planificar-las-proximas-vacaciones\/#listItem","position":3,"name":"Fitur 2016, una vuelta al mundo para planificar las pr\u00f3ximas vacaciones","previousItem":{"@type":"ListItem","@id":"https:\/\/www.eldigitaldeasturias.com\/noticias\/category\/turismo\/#listItem","name":"Turismo"}}]},{"@type":"Organization","@id":"https:\/\/www.eldigitaldeasturias.com\/noticias\/#organization","name":"El Digital de Asturias","description":"Hemeroteca","url":"https:\/\/www.eldigitaldeasturias.com\/noticias\/","email":"info@eldigitaldeasturias.com","telephone":"+34652131393","logo":{"@type":"ImageObject","url":"https:\/\/www.eldigitaldeasturias.com\/noticias\/wp-content\/uploads\/2020\/12\/EDA.jpg","@id":"https:\/\/www.eldigitaldeasturias.com\/noticias\/fitur-2016-una-vuelta-al-mundo-para-planificar-las-proximas-vacaciones\/#organizationLogo","width":649,"height":297},"image":{"@id":"https:\/\/www.eldigitaldeasturias.com\/noticias\/fitur-2016-una-vuelta-al-mundo-para-planificar-las-proximas-vacaciones\/#organizationLogo"},"sameAs":["https:\/\/facebook.com\/eldigitaldeasturias","https:\/\/www.youtube.com\/channel\/UCZP-2wLEB9Rv6erhFmqVnvg"],"address":{"@id":"https:\/\/www.eldigitaldeasturias.com\/noticias\/#postaladdress","@type":"PostalAddress","streetAddress":"san antonio 4,","postalCode":"33430","addressLocality":"Cand\u00e1s","addressRegion":"Asturias","addressCountry":"ES"}},{"@type":"Person","@id":"https:\/\/www.eldigitaldeasturias.com\/noticias\/author\/admin\/#author","url":"https:\/\/www.eldigitaldeasturias.com\/noticias\/author\/admin\/","name":"El Digital de Asturias","image":{"@type":"ImageObject","@id":"https:\/\/www.eldigitaldeasturias.com\/noticias\/fitur-2016-una-vuelta-al-mundo-para-planificar-las-proximas-vacaciones\/#authorImage","url":"https:\/\/www.eldigitaldeasturias.com\/noticias\/wp-content\/litespeed\/avatar\/18677e78aa0546b92d9dbf31ec7d7668.jpg?ver=1777290358","width":96,"height":96,"caption":"El Digital de Asturias"}},{"@type":"WebPage","@id":"https:\/\/www.eldigitaldeasturias.com\/noticias\/fitur-2016-una-vuelta-al-mundo-para-planificar-las-proximas-vacaciones\/#webpage","url":"https:\/\/www.eldigitaldeasturias.com\/noticias\/fitur-2016-una-vuelta-al-mundo-para-planificar-las-proximas-vacaciones\/","name":"Fitur 2016, una vuelta al mundo para planificar las pr\u00f3ximas vacaciones - El Digital de Asturias","description":"Fitur 2016 abre las puertas este fin de semana para recibir a miles de visitantes que buscan conocer m\u00e1s de cerca a cada uno de los 165 pa\u00edses o regiones que ofrecen \"una vuelta al mundo sin salir de Madrid\" en m\u00e1s de 60.000 metros cuadrados de superficie expositiva con los que cuenta la XXXVI","inLanguage":"es-ES","isPartOf":{"@id":"https:\/\/www.eldigitaldeasturias.com\/noticias\/#website"},"breadcrumb":{"@id":"https:\/\/www.eldigitaldeasturias.com\/noticias\/fitur-2016-una-vuelta-al-mundo-para-planificar-las-proximas-vacaciones\/#breadcrumblist"},"author":{"@id":"https:\/\/www.eldigitaldeasturias.com\/noticias\/author\/admin\/#author"},"creator":{"@id":"https:\/\/www.eldigitaldeasturias.com\/noticias\/author\/admin\/#author"},"image":{"@type":"ImageObject","url":"https:\/\/www.eldigitaldeasturias.com\/noticias\/wp-content\/uploads\/2016\/01\/fotonoticia_20160122075947_800.jpg","@id":"https:\/\/www.eldigitaldeasturias.com\/noticias\/fitur-2016-una-vuelta-al-mundo-para-planificar-las-proximas-vacaciones\/#mainImage","width":800,"height":533},"primaryImageOfPage":{"@id":"https:\/\/www.eldigitaldeasturias.com\/noticias\/fitur-2016-una-vuelta-al-mundo-para-planificar-las-proximas-vacaciones\/#mainImage"},"datePublished":"2016-01-23T12:03:22+01:00","dateModified":"2016-01-23T12:03:22+01:00"},{"@type":"WebSite","@id":"https:\/\/www.eldigitaldeasturias.com\/noticias\/#website","url":"https:\/\/www.eldigitaldeasturias.com\/noticias\/","name":"El Digital de Asturias - Diario de actualidad y noticias","alternateName":"El Digital de Asturias - Diario de actualidad y noticias","description":"Hemeroteca","inLanguage":"es-ES","publisher":{"@id":"https:\/\/www.eldigitaldeasturias.com\/noticias\/#organization"}}]},"og:locale":"es_ES","og:site_name":"El Digital de Asturias","og:type":"article","og:title":"Fitur 2016, una vuelta al mundo para planificar las pr\u00f3ximas vacaciones - El Digital de Asturias","og:description":"Fitur 2016 abre las puertas este fin de semana para recibir a miles de visitantes que buscan conocer m\u00e1s de cerca a cada uno de los 165 pa\u00edses o regiones que ofrecen &quot;una vuelta al mundo sin salir de Madrid&quot; en m\u00e1s de 60.000 metros cuadrados de superficie expositiva con los que cuenta la XXXVI","og:url":"https:\/\/www.eldigitaldeasturias.com\/noticias\/fitur-2016-una-vuelta-al-mundo-para-planificar-las-proximas-vacaciones\/","og:image":"https:\/\/www.eldigitaldeasturias.com\/noticias\/wp-content\/uploads\/2016\/01\/fotonoticia_20160122075947_800.jpg","og:image:secure_url":"https:\/\/www.eldigitaldeasturias.com\/noticias\/wp-content\/uploads\/2016\/01\/fotonoticia_20160122075947_800.jpg","og:image:width":800,"og:image:height":533,"article:tag":["turismo"],"article:published_time":"2016-01-23T12:03:22+00:00","article:modified_time":"2016-01-23T12:03:22+00:00","article:publisher":"https:\/\/facebook.com\/eldigitaldeasturias","twitter:card":"summary_large_image","twitter:title":"Fitur 2016, una vuelta al mundo para planificar las pr\u00f3ximas vacaciones - El Digital de Asturias","twitter:description":"Fitur 2016 abre las puertas este fin de semana para recibir a miles de visitantes que buscan conocer m\u00e1s de cerca a cada uno de los 165 pa\u00edses o regiones que ofrecen &quot;una vuelta al mundo sin salir de Madrid&quot; en m\u00e1s de 60.000 metros cuadrados de superficie expositiva con los que cuenta la XXXVI","twitter:image":"https:\/\/www.eldigitaldeasturias.com\/noticias\/wp-content\/uploads\/2016\/01\/fotonoticia_20160122075947_800.jpg","twitter:label1":"Escrito por","twitter:data1":"El Digital de Asturias","twitter:label2":"Tiempo de lectura estimado","twitter:data2":"6 minutos"},"aioseo_meta_data":{"post_id":"849336","title":null,"description":null,"keywords":null,"keyphrases":null,"primary_term":null,"canonical_url":null,"og_title":null,"og_description":null,"og_object_type":"default","og_image_type":"default","og_image_url":null,"og_image_width":null,"og_image_height":null,"og_image_custom_url":null,"og_image_custom_fields":null,"og_video":null,"og_custom_url":null,"og_article_section":null,"og_article_tags":null,"twitter_use_og":false,"twitter_card":"default","twitter_image_type":"default","twitter_image_url":null,"twitter_image_custom_url":null,"twitter_image_custom_fields":null,"twitter_title":null,"twitter_description":null,"schema":{"blockGraphs":[],"customGraphs":[],"default":{"data":{"Article":[],"Course":[],"Dataset":[],"FAQPage":[],"Movie":[],"Person":[],"Product":[],"ProductReview":[],"Car":[],"Recipe":[],"Service":[],"SoftwareApplication":[],"WebPage":[]},"graphName":"","isEnabled":true},"graphs":[],"defaultGraph":"","defaultPostTypeGraph":""},"schema_type":null,"schema_type_options":null,"pillar_content":false,"robots_default":true,"robots_noindex":false,"robots_noarchive":false,"robots_nosnippet":false,"robots_nofollow":false,"robots_noimageindex":false,"robots_noodp":false,"robots_notranslate":false,"robots_max_snippet":null,"robots_max_videopreview":null,"robots_max_imagepreview":"large","priority":null,"frequency":null,"local_seo":null,"seo_analyzer_scan_date":"2025-12-09 04:20:26","breadcrumb_settings":null,"limit_modified_date":false,"open_ai":null,"ai":null,"created":"2021-01-23 13:39:12","updated":"2025-12-09 04:20:26"},"aioseo_breadcrumb":"<div class=\"aioseo-breadcrumbs\"><span class=\"aioseo-breadcrumb\">\n\t<a href=\"https:\/\/www.eldigitaldeasturias.com\/noticias\" title=\"Home\">Home<\/a>\n<\/span><span class=\"aioseo-breadcrumb-separator\">\u2013<\/span><span class=\"aioseo-breadcrumb\">\n\t<a href=\"https:\/\/www.eldigitaldeasturias.com\/noticias\/category\/turismo\/\" title=\"Turismo\">Turismo<\/a>\n<\/span><span class=\"aioseo-breadcrumb-separator\">\u2013<\/span><span class=\"aioseo-breadcrumb\">\n\t<a href=\"https:\/\/www.eldigitaldeasturias.com\/noticias\/fitur-2016-una-vuelta-al-mundo-para-planificar-las-proximas-vacaciones\/\" title=\"Fitur 2016, una vuelta al mundo para planificar las pr\u00f3ximas vacaciones\">Fitur 2016, una vuelta al mundo para planificar las pr\u00f3ximas vacaciones<\/a>\n<\/span><\/div>","aioseo_breadcrumb_json":[{"label":"Home","link":"https:\/\/www.eldigitaldeasturias.com\/noticias"},{"label":"Turismo","link":"https:\/\/www.eldigitaldeasturias.com\/noticias\/category\/turismo\/"},{"label":"Fitur 2016, una vuelta al mundo para planificar las pr\u00f3ximas vacaciones","link":"https:\/\/www.eldigitaldeasturias.com\/noticias\/fitur-2016-una-vuelta-al-mundo-para-planificar-las-proximas-vacaciones\/"}],"_links":{"self":[{"href":"https:\/\/www.eldigitaldeasturias.com\/noticias\/wp-json\/wp\/v2\/posts\/849336","targetHints":{"allow":["GET"]}}],"collection":[{"href":"https:\/\/www.eldigitaldeasturias.com\/noticias\/wp-json\/wp\/v2\/posts"}],"about":[{"href":"https:\/\/www.eldigitaldeasturias.com\/noticias\/wp-json\/wp\/v2\/types\/post"}],"author":[{"embeddable":true,"href":"https:\/\/www.eldigitaldeasturias.com\/noticias\/wp-json\/wp\/v2\/users\/1"}],"replies":[{"embeddable":true,"href":"https:\/\/www.eldigitaldeasturias.com\/noticias\/wp-json\/wp\/v2\/comments?post=849336"}],"version-history":[{"count":0,"href":"https:\/\/www.eldigitaldeasturias.com\/noticias\/wp-json\/wp\/v2\/posts\/849336\/revisions"}],"wp:featuredmedia":[{"embeddable":true,"href":"https:\/\/www.eldigitaldeasturias.com\/noticias\/wp-json\/wp\/v2\/media\/849337"}],"wp:attachment":[{"href":"https:\/\/www.eldigitaldeasturias.com\/noticias\/wp-json\/wp\/v2\/media?parent=849336"}],"wp:term":[{"taxonomy":"category","embeddable":true,"href":"https:\/\/www.eldigitaldeasturias.com\/noticias\/wp-json\/wp\/v2\/categories?post=849336"},{"taxonomy":"post_tag","embeddable":true,"href":"https:\/\/www.eldigitaldeasturias.com\/noticias\/wp-json\/wp\/v2\/tags?post=849336"}],"curies":[{"name":"wp","href":"https:\/\/api.w.org\/{rel}","templated":true}]}}