{"id":849333,"date":"2016-01-23T12:02:04","date_gmt":"2016-01-23T12:02:04","guid":{"rendered":"http:\/\/www.eldigitaldeasturias.com\/noticias\/?p=849333"},"modified":"2016-01-23T12:02:04","modified_gmt":"2016-01-23T12:02:04","slug":"cantabria-quiere-convertir-el-turismo-nautico-y-de-costa-en-uno-de-los-ejes-estrategicos-de-su-oferta","status":"publish","type":"post","link":"https:\/\/www.eldigitaldeasturias.com\/noticias\/cantabria-quiere-convertir-el-turismo-nautico-y-de-costa-en-uno-de-los-ejes-estrategicos-de-su-oferta\/","title":{"rendered":"Cantabria quiere convertir el turismo n\u00e1utico y de costa en uno de los ejes estrat\u00e9gicos de su oferta"},"content":{"rendered":"<p><img loading=\"lazy\" decoding=\"async\" class=\"alignleft size-medium wp-image-849334\" src=\"https:\/\/www.eldigitaldeasturias.com\/noticias\/wp-content\/uploads\/2016\/01\/fotonoticia_20160121235022_800-360x239.jpg\" alt=\"fotonoticia_20160121235022_800\" width=\"360\" height=\"239\" srcset=\"https:\/\/www.eldigitaldeasturias.com\/noticias\/wp-content\/uploads\/2016\/01\/fotonoticia_20160121235022_800-360x239.jpg 360w, https:\/\/www.eldigitaldeasturias.com\/noticias\/wp-content\/uploads\/2016\/01\/fotonoticia_20160121235022_800-768x511.jpg 768w, https:\/\/www.eldigitaldeasturias.com\/noticias\/wp-content\/uploads\/2016\/01\/fotonoticia_20160121235022_800-650x432.jpg 650w, https:\/\/www.eldigitaldeasturias.com\/noticias\/wp-content\/uploads\/2016\/01\/fotonoticia_20160121235022_800-84x55.jpg 84w, https:\/\/www.eldigitaldeasturias.com\/noticias\/wp-content\/uploads\/2016\/01\/fotonoticia_20160121235022_800-49x32.jpg 49w, https:\/\/www.eldigitaldeasturias.com\/noticias\/wp-content\/uploads\/2016\/01\/fotonoticia_20160121235022_800.jpg 800w\" sizes=\"auto, (max-width: 360px) 100vw, 360px\" \/>El Gobierno de Cantabria quiere convertir el turismo n\u00e1utico y de costa en \u00abuno de los ejes estrat\u00e9gicos de la oferta tur\u00edstica de la regi\u00f3n\u00bb.<\/p>\n<p>As\u00ed lo ha asegurado el consejero de Innovaci\u00f3n, Industria, Turismo y Comercio, Francisco Mart\u00edn, en el marco de la Feria Internacional del Turismo (Fitur), en la que el expositor de Cantabria ha acogido este jueves la presentaci\u00f3n del Sal\u00f3n N\u00e1utico de Cantabria, de la I Gala Nacional de Surf, que se celebrar\u00e1 el 29 y 30 de enero en Suances, y de la combinada Obssesion A2 Fussion. Campeonato de Surf y snow Cantabria Infinita 2016, que tendr\u00e1 lugar en marzo.<\/p>\n<p>Mart\u00edn ha asegurado que se ha propuesto como objetivo \u00abdar a conocer Cantabria desde el mar y apostar por el turismo n\u00e1utico como sector dinamizador y creador de riqueza\u00bb, tanto desde el punto de vista tur\u00edstico como empresarial.<\/p>\n<p>\u00abCantabria puede ser un destino de turismo n\u00e1utico tan potente como Palma de Mallorca o Benalm\u00e1dena\u00bb, ha subrayado Mart\u00edn, ya que, en su opini\u00f3n, \u00ablas experiencias que ofrece la n\u00e1utica y las potenciales que tiene la costa en Cantabria son infinitas\u00bb.<\/p>\n<p>Adem\u00e1s, ha destacado \u00abla capacidad generadora de riqueza y empleo directo e indirecto\u00bb que, seg\u00fan ha dicho, representa el mundo de la n\u00e1utica. \u00abPor cada barco se aporta medio empleo\u00bb, ha explicado al ilustrar el potencial que puede tener el puerto de Laredo, donde &#8211;ha dicho&#8211; \u00absus 800 atraques generar\u00edan 400 empleos\u00bb.<\/p>\n<p>I GU\u00cdA N\u00c1UTICA DE CANTABRIA<\/p>\n<p>Junto el apoyo a los grandes eventos deportivos y n\u00e1uticos de la regi\u00f3n y al Sal\u00f3n N\u00e1utico de Laredo, Turismo est\u00e1 trabajando en la puesta en marcha de diferentes iniciativas y herramientas que \u00abacerquen el mundo de la n\u00e1utica a todos los c\u00e1ntabros y visitantes\u00bb.<\/p>\n<p>As\u00ed, entre las iniciativas, se encuentra la primera gu\u00eda n\u00e1utica de Cantabria &#8216;Navegando Cantabria. De Ont\u00f3n a Tina Mayor&#8217;, que este jueves ha sido presentada en Fitur por el consejero.<\/p>\n<p>SAL\u00d3N N\u00c1UTICO DE CANTABRIA<\/p>\n<p>La agenda n\u00e1utica de la jornada ha comenzado con la presentaci\u00f3n del V Sal\u00f3n N\u00e1utico de Cantabria, considerado, seg\u00fan se\u00f1ala el Gobierno en un comunicado, como el punto de encuentro de los profesionales del sector \u00abm\u00e1s importante del norte de Espa\u00f1a\u00bb.<\/p>\n<p>El Sal\u00f3n, que se celebrar\u00e1 en julio en Laredo, ha sido definido por Mart\u00edn como \u00abel gran escaparate y activo fundamental para el auge del sector en la regi\u00f3n\u00bb.<\/p>\n<p>GALA NACIONAL DEL SURF Y OBSSESION A2 FUSSION<\/p>\n<p>Antes del Sal\u00f3n N\u00e1utico, habr\u00e1 otras citas que tambi\u00e9n tiene como protagonistas el mar, como la I Gala Nacional de Surf, que servir\u00e1 para dar cita en Suances a los grandes deportistas de esta modalidad y se entregar\u00e1n los premios nacionales.<\/p>\n<p>Los d\u00edas 12 y 13 de marzo le llegar\u00e1 el turno a la prueba combinada de surf y snow Obssesion A2 Fussion. Campeonato Cantabria Infinita, que tendr\u00e1 lugar en la estaci\u00f3n de esqu\u00ed Alto Campoo y la playa de El Sardinero.<\/p>\n<p>CANTABRIA, TAMBI\u00c9N DESTINO DE TURISMO DEPORTIVO Y ACTIVO<\/p>\n<p>Adem\u00e1s del n\u00e1utico, Cantabria tambi\u00e9n quiere posicionarse como un destino de turismo deportivo y activo y, con este objetivo, se ha dado a conocer este jueves en FITUR el proyecto del Centro de Alto Rendimiento de Turismo de Aventura y Espeleolog\u00eda de Arredondo para \u00abrentabilizar los grandes recursos paisaj\u00edsticos y naturales de la comarca As\u00f3n-Ag\u00fcera-Trasmiera\u00bb.<\/p>\n<p>\u00abSe trata de un gran proyecto que contar\u00e1 con el apoyo del Gobierno de Cantabria y que nos permitir\u00e1 dar a conocer y promocionar una de las comarcas menos conocidas de la regi\u00f3n\u00bb, ha se\u00f1alado.<\/p>\n<p>El centro ha sido presentador por el alcalde de Arredondo, Leoncio Carrascal, y Mart\u00edn Gonz\u00e1lez, presidente del Patronato y Fundaci\u00f3n de Espeleosocorro c\u00e1ntabro.<\/p>\n<p>El nuevo centro, que contar\u00e1 con financiaci\u00f3n de fondos europeos gestionados a trav\u00e9s del Grupo de Acci\u00f3n Local As\u00f3n- Ag\u00fcera-Trasmiera, ofrecer\u00e1 una destacada oferta de cursos y actividades centradas en escalada, barranco, espelolog\u00eda, senderismo y v\u00edas ferratas.<\/p>\n<p>Se prev\u00e9 que la oferta formativa se ponga en marcha en el curso 2016\/17. Asimismo, el proyecto incluye la construcci\u00f3n de una residencia, cuya puesta en funcionamiento completar\u00eda la oferta especializada y alojar\u00eda a los participantes en los cursos.<\/p>\n<p>SANTANDER MUSIC Y RUTAS MEGAL\u00cdTICAS COMO OFERTA CULTURAL<\/p>\n<p>Dentro de la agenda de actividades celebradas en FITUR tambi\u00e9n ha tenido una destacada presencia la cultura como \u00abuno de los grandes atributos de Cantabria como destino tur\u00edstico\u00bb.<\/p>\n<p>As\u00ed, en el marco de la Feria se ha presentado el cartel del VIII Santander Music dise\u00f1ado por Javier Mariscal.<\/p>\n<p>El consejero ha considerado que es una cita, que este a\u00f1o se celebrar\u00e1 del 4 al 6 de agosto, ha experimentado un \u00abimportante crecimiento\u00bb y que cada a\u00f1o incluye nuevas iniciativas.<\/p>\n<p>La octava edici\u00f3n reunir\u00e1 a una quincena de artistas, entre ellos, Izal, Yall, Love of Lesbian, Miami Horror o Bunbury, que protagonizar\u00e1 el concierto del A\u00f1o Jubilar Lebaniego 2017.<\/p>\n<p>Por su parte, Javier Mariscal ser\u00e1 el &#8216;Artista invitado&#8217; al festival y encargado de impartir una masterclass a profesionales y estudiantes del dise\u00f1o.<\/p>\n<p>Finalmente, la oferta cultural del d\u00eda ha concluido con la presentaci\u00f3n de la ruta megal\u00edtica Castro-Guriezo, que esta primavera ser\u00e1 distinguida con el Sello de Itinerario Cultural Europeo del Megalitismo por el Consejo Europeo.<\/p>\n<p>La directora general de Cultura, Marina Bolado, ha presentado la proyecci\u00f3n internacional de este elemento del patrimonio cultural de Cantabria junto a la concejala de Turismo y Patrimonio Hist\u00f3rico de Castro Urdiales, Patricia Camino, el coordinador para Espa\u00f1a y Portugal de Ibertur y Angel Astorgui y Javier L\u00f3pez, de la empresa Coolture, encargada de gestionar las certificaciones de las rutas megal\u00edticas en Cantabria y Pa\u00eds Vasco.<\/p>\n<p>Bolado ha destacado la \u00abriqueza patrimonial de Cantabria y todas las posibilidades que la diversidad cultural y de recursos de la regi\u00f3n ofrece para poner en valor los mismos como productos y atractivos tur\u00edsticos\u00bb.<\/p>\n<p>El reconocimiento de la ruta oriental representa, en palabras de los especialistas que han intervenido, un ejemplo demostrativo de la \u00abpotencialidad que tiene Cantabria en patrimonio megal\u00edtico\u00bb y supone un incentivo para seguir trabajando en otras rutas de la regi\u00f3n como la de Valdeolea.<\/p>\n<p>Finalmente, la concejala de Turismo de Castro Urdiales ha destacado que este reconocimiento supone \u00abuna importante promoci\u00f3n internacional para el municipio y una puerta abierta para poder recibir fondos europeos\u00bb que permita reinvertir en la puesta en valor del patrimonio cultural y natural de Castro Urdiales\u00bb.<\/p>\n<p>CIDOTUR<\/p>\n<p>La jornada tambi\u00e9n ha contado con la puesta de largo en Fitur del Centro de Investigaci\u00f3n, Innovaci\u00f3n y Documentaci\u00f3n en Turismo Rural (CidotuR), creado por la Escuela Universitaria de Turismo Altamira y cuyo objeto es crear una verdadera red de expertos internacionales que aporten conocimiento en turismo rural, naturaleza, ecoturismo y cultura para enriquecer las iniciativas tur\u00edsticas rurales locales de Cantabria.<\/p>\n<p>Las l\u00edneas de actuaci\u00f3n de CidotuR se basan en la creatividad inteligente, la sostenibilidad, la autenticidad y la competencia proactiva y cooperativa, con la que crear una demanda cautiva y nichos de mercado \u00abverde\u00bb, de forma que se favorezca la innovaci\u00f3n y la competitividad del turismo rural, tanto en Cantabria como en otros destinos del mundo.<\/p>\n<p>En la primera fase del proyecto se est\u00e1 desarrollando una web, vinculada a la Web de la Escuela Universitaria de Turismo Altamira (www.eualtamira.com), que presenta la oferta y demanda de esta modalidad tur\u00edstica, as\u00ed como un buscador inteligente que permita a todos los usuarios -a modo google- recabar toda la informaci\u00f3n disponible sobre turismo rural.<\/p>\n","protected":false},"excerpt":{"rendered":"<p>El Gobierno de Cantabria quiere convertir el turismo n\u00e1utico y de costa en \u00abuno de los ejes estrat\u00e9gicos de la oferta tur\u00edstica de la regi\u00f3n\u00bb. As\u00ed lo ha asegurado el consejero de Innovaci\u00f3n, Industria, Turismo y Comercio, Francisco Mart\u00edn, en el marco de la Feria Internacional del Turismo (Fitur), en la que el expositor de [&hellip;]<\/p>\n","protected":false},"author":1,"featured_media":849334,"comment_status":"closed","ping_status":"closed","sticky":false,"template":"","format":"standard","meta":{"footnotes":""},"categories":[148],"tags":[],"class_list":["post-849333","post","type-post","status-publish","format-standard","has-post-thumbnail","hentry","category-turismo"],"aioseo_notices":[],"aioseo_head":"\n\t\t<!-- All in One SEO Pro 4.9.6.2 - aioseo.com -->\n\t<meta name=\"description\" content=\"El Gobierno de Cantabria quiere convertir el turismo n\u00e1utico y de costa en &quot;uno de los ejes estrat\u00e9gicos de la oferta tur\u00edstica de la regi\u00f3n&quot;. As\u00ed lo ha asegurado el consejero de Innovaci\u00f3n, Industria, Turismo y Comercio, Francisco Mart\u00edn, en el marco de la Feria Internacional del Turismo (Fitur), en la que el expositor de\" \/>\n\t<meta name=\"robots\" content=\"max-image-preview:large\" \/>\n\t<meta name=\"author\" content=\"El Digital de Asturias\"\/>\n\t<meta name=\"google-site-verification\" content=\"UA-38556648-1\" \/>\n\t<meta name=\"msvalidate.01\" content=\"7dfe9f3f1b24437ab69f4f2559babe99\" \/>\n\t<meta name=\"keywords\" content=\"turismo\" \/>\n\t<link rel=\"canonical\" href=\"https:\/\/www.eldigitaldeasturias.com\/noticias\/cantabria-quiere-convertir-el-turismo-nautico-y-de-costa-en-uno-de-los-ejes-estrategicos-de-su-oferta\/\" \/>\n\t<meta name=\"generator\" content=\"All in One SEO Pro (AIOSEO) 4.9.6.2\" \/>\n\t\t<meta property=\"og:locale\" content=\"es_ES\" \/>\n\t\t<meta property=\"og:site_name\" content=\"El Digital de Asturias\" \/>\n\t\t<meta property=\"og:type\" content=\"article\" \/>\n\t\t<meta property=\"og:title\" content=\"Cantabria quiere convertir el turismo n\u00e1utico y de costa en uno de los ejes estrat\u00e9gicos de su oferta - El Digital de Asturias\" \/>\n\t\t<meta property=\"og:description\" content=\"El Gobierno de Cantabria quiere convertir el turismo n\u00e1utico y de costa en &quot;uno de los ejes estrat\u00e9gicos de la oferta tur\u00edstica de la regi\u00f3n&quot;. As\u00ed lo ha asegurado el consejero de Innovaci\u00f3n, Industria, Turismo y Comercio, Francisco Mart\u00edn, en el marco de la Feria Internacional del Turismo (Fitur), en la que el expositor de\" \/>\n\t\t<meta property=\"og:url\" content=\"https:\/\/www.eldigitaldeasturias.com\/noticias\/cantabria-quiere-convertir-el-turismo-nautico-y-de-costa-en-uno-de-los-ejes-estrategicos-de-su-oferta\/\" \/>\n\t\t<meta property=\"og:image\" content=\"https:\/\/www.eldigitaldeasturias.com\/noticias\/wp-content\/uploads\/2016\/01\/fotonoticia_20160121235022_800.jpg\" \/>\n\t\t<meta property=\"og:image:secure_url\" content=\"https:\/\/www.eldigitaldeasturias.com\/noticias\/wp-content\/uploads\/2016\/01\/fotonoticia_20160121235022_800.jpg\" \/>\n\t\t<meta property=\"og:image:width\" content=\"800\" \/>\n\t\t<meta property=\"og:image:height\" content=\"532\" \/>\n\t\t<meta property=\"article:tag\" content=\"turismo\" \/>\n\t\t<meta property=\"article:published_time\" content=\"2016-01-23T12:02:04+00:00\" \/>\n\t\t<meta property=\"article:modified_time\" content=\"2016-01-23T12:02:04+00:00\" \/>\n\t\t<meta property=\"article:publisher\" content=\"https:\/\/facebook.com\/eldigitaldeasturias\" \/>\n\t\t<meta name=\"twitter:card\" content=\"summary_large_image\" \/>\n\t\t<meta name=\"twitter:title\" content=\"Cantabria quiere convertir el turismo n\u00e1utico y de costa en uno de los ejes estrat\u00e9gicos de su oferta - El Digital de Asturias\" \/>\n\t\t<meta name=\"twitter:description\" content=\"El Gobierno de Cantabria quiere convertir el turismo n\u00e1utico y de costa en &quot;uno de los ejes estrat\u00e9gicos de la oferta tur\u00edstica de la regi\u00f3n&quot;. As\u00ed lo ha asegurado el consejero de Innovaci\u00f3n, Industria, Turismo y Comercio, Francisco Mart\u00edn, en el marco de la Feria Internacional del Turismo (Fitur), en la que el expositor de\" \/>\n\t\t<meta name=\"twitter:image\" content=\"https:\/\/www.eldigitaldeasturias.com\/noticias\/wp-content\/uploads\/2016\/01\/fotonoticia_20160121235022_800.jpg\" \/>\n\t\t<meta name=\"twitter:label1\" content=\"Escrito por\" \/>\n\t\t<meta name=\"twitter:data1\" content=\"El Digital de Asturias\" \/>\n\t\t<meta name=\"twitter:label2\" content=\"Tiempo de lectura estimado\" \/>\n\t\t<meta name=\"twitter:data2\" content=\"7 minutos\" \/>\n\t\t<script type=\"application\/ld+json\" class=\"aioseo-schema\">\n\t\t\t{\"@context\":\"https:\\\/\\\/schema.org\",\"@graph\":[{\"@type\":\"BlogPosting\",\"@id\":\"https:\\\/\\\/www.eldigitaldeasturias.com\\\/noticias\\\/cantabria-quiere-convertir-el-turismo-nautico-y-de-costa-en-uno-de-los-ejes-estrategicos-de-su-oferta\\\/#blogposting\",\"name\":\"Cantabria quiere convertir el turismo n\\u00e1utico y de costa en uno de los ejes estrat\\u00e9gicos de su oferta - El Digital de Asturias\",\"headline\":\"Cantabria quiere convertir el turismo n\\u00e1utico y de costa en uno de los ejes estrat\\u00e9gicos de su oferta\",\"author\":{\"@id\":\"https:\\\/\\\/www.eldigitaldeasturias.com\\\/noticias\\\/author\\\/admin\\\/#author\"},\"publisher\":{\"@id\":\"https:\\\/\\\/www.eldigitaldeasturias.com\\\/noticias\\\/#organization\"},\"image\":{\"@type\":\"ImageObject\",\"url\":\"https:\\\/\\\/www.eldigitaldeasturias.com\\\/noticias\\\/wp-content\\\/uploads\\\/2016\\\/01\\\/fotonoticia_20160121235022_800.jpg\",\"width\":800,\"height\":532},\"datePublished\":\"2016-01-23T12:02:04+01:00\",\"dateModified\":\"2016-01-23T12:02:04+01:00\",\"inLanguage\":\"es-ES\",\"mainEntityOfPage\":{\"@id\":\"https:\\\/\\\/www.eldigitaldeasturias.com\\\/noticias\\\/cantabria-quiere-convertir-el-turismo-nautico-y-de-costa-en-uno-de-los-ejes-estrategicos-de-su-oferta\\\/#webpage\"},\"isPartOf\":{\"@id\":\"https:\\\/\\\/www.eldigitaldeasturias.com\\\/noticias\\\/cantabria-quiere-convertir-el-turismo-nautico-y-de-costa-en-uno-de-los-ejes-estrategicos-de-su-oferta\\\/#webpage\"},\"articleSection\":\"Turismo\"},{\"@type\":\"BreadcrumbList\",\"@id\":\"https:\\\/\\\/www.eldigitaldeasturias.com\\\/noticias\\\/cantabria-quiere-convertir-el-turismo-nautico-y-de-costa-en-uno-de-los-ejes-estrategicos-de-su-oferta\\\/#breadcrumblist\",\"itemListElement\":[{\"@type\":\"ListItem\",\"@id\":\"https:\\\/\\\/www.eldigitaldeasturias.com\\\/noticias#listItem\",\"position\":1,\"name\":\"Home\",\"item\":\"https:\\\/\\\/www.eldigitaldeasturias.com\\\/noticias\",\"nextItem\":{\"@type\":\"ListItem\",\"@id\":\"https:\\\/\\\/www.eldigitaldeasturias.com\\\/noticias\\\/category\\\/turismo\\\/#listItem\",\"name\":\"Turismo\"}},{\"@type\":\"ListItem\",\"@id\":\"https:\\\/\\\/www.eldigitaldeasturias.com\\\/noticias\\\/category\\\/turismo\\\/#listItem\",\"position\":2,\"name\":\"Turismo\",\"item\":\"https:\\\/\\\/www.eldigitaldeasturias.com\\\/noticias\\\/category\\\/turismo\\\/\",\"nextItem\":{\"@type\":\"ListItem\",\"@id\":\"https:\\\/\\\/www.eldigitaldeasturias.com\\\/noticias\\\/cantabria-quiere-convertir-el-turismo-nautico-y-de-costa-en-uno-de-los-ejes-estrategicos-de-su-oferta\\\/#listItem\",\"name\":\"Cantabria quiere convertir el turismo n\\u00e1utico y de costa en uno de los ejes estrat\\u00e9gicos de su oferta\"},\"previousItem\":{\"@type\":\"ListItem\",\"@id\":\"https:\\\/\\\/www.eldigitaldeasturias.com\\\/noticias#listItem\",\"name\":\"Home\"}},{\"@type\":\"ListItem\",\"@id\":\"https:\\\/\\\/www.eldigitaldeasturias.com\\\/noticias\\\/cantabria-quiere-convertir-el-turismo-nautico-y-de-costa-en-uno-de-los-ejes-estrategicos-de-su-oferta\\\/#listItem\",\"position\":3,\"name\":\"Cantabria quiere convertir el turismo n\\u00e1utico y de costa en uno de los ejes estrat\\u00e9gicos de su oferta\",\"previousItem\":{\"@type\":\"ListItem\",\"@id\":\"https:\\\/\\\/www.eldigitaldeasturias.com\\\/noticias\\\/category\\\/turismo\\\/#listItem\",\"name\":\"Turismo\"}}]},{\"@type\":\"Organization\",\"@id\":\"https:\\\/\\\/www.eldigitaldeasturias.com\\\/noticias\\\/#organization\",\"name\":\"El Digital de Asturias\",\"description\":\"Hemeroteca\",\"url\":\"https:\\\/\\\/www.eldigitaldeasturias.com\\\/noticias\\\/\",\"email\":\"info@eldigitaldeasturias.com\",\"telephone\":\"+34652131393\",\"logo\":{\"@type\":\"ImageObject\",\"url\":\"https:\\\/\\\/www.eldigitaldeasturias.com\\\/noticias\\\/wp-content\\\/uploads\\\/2020\\\/12\\\/EDA.jpg\",\"@id\":\"https:\\\/\\\/www.eldigitaldeasturias.com\\\/noticias\\\/cantabria-quiere-convertir-el-turismo-nautico-y-de-costa-en-uno-de-los-ejes-estrategicos-de-su-oferta\\\/#organizationLogo\",\"width\":649,\"height\":297},\"image\":{\"@id\":\"https:\\\/\\\/www.eldigitaldeasturias.com\\\/noticias\\\/cantabria-quiere-convertir-el-turismo-nautico-y-de-costa-en-uno-de-los-ejes-estrategicos-de-su-oferta\\\/#organizationLogo\"},\"sameAs\":[\"https:\\\/\\\/facebook.com\\\/eldigitaldeasturias\",\"https:\\\/\\\/www.youtube.com\\\/channel\\\/UCZP-2wLEB9Rv6erhFmqVnvg\"],\"address\":{\"@id\":\"https:\\\/\\\/www.eldigitaldeasturias.com\\\/noticias\\\/#postaladdress\",\"@type\":\"PostalAddress\",\"streetAddress\":\"san antonio 4,\",\"postalCode\":\"33430\",\"addressLocality\":\"Cand\\u00e1s\",\"addressRegion\":\"Asturias\",\"addressCountry\":\"ES\"}},{\"@type\":\"Person\",\"@id\":\"https:\\\/\\\/www.eldigitaldeasturias.com\\\/noticias\\\/author\\\/admin\\\/#author\",\"url\":\"https:\\\/\\\/www.eldigitaldeasturias.com\\\/noticias\\\/author\\\/admin\\\/\",\"name\":\"El Digital de Asturias\",\"image\":{\"@type\":\"ImageObject\",\"@id\":\"https:\\\/\\\/www.eldigitaldeasturias.com\\\/noticias\\\/cantabria-quiere-convertir-el-turismo-nautico-y-de-costa-en-uno-de-los-ejes-estrategicos-de-su-oferta\\\/#authorImage\",\"url\":\"https:\\\/\\\/www.eldigitaldeasturias.com\\\/noticias\\\/wp-content\\\/litespeed\\\/avatar\\\/18677e78aa0546b92d9dbf31ec7d7668.jpg?ver=1777290358\",\"width\":96,\"height\":96,\"caption\":\"El Digital de Asturias\"}},{\"@type\":\"WebPage\",\"@id\":\"https:\\\/\\\/www.eldigitaldeasturias.com\\\/noticias\\\/cantabria-quiere-convertir-el-turismo-nautico-y-de-costa-en-uno-de-los-ejes-estrategicos-de-su-oferta\\\/#webpage\",\"url\":\"https:\\\/\\\/www.eldigitaldeasturias.com\\\/noticias\\\/cantabria-quiere-convertir-el-turismo-nautico-y-de-costa-en-uno-de-los-ejes-estrategicos-de-su-oferta\\\/\",\"name\":\"Cantabria quiere convertir el turismo n\\u00e1utico y de costa en uno de los ejes estrat\\u00e9gicos de su oferta - El Digital de Asturias\",\"description\":\"El Gobierno de Cantabria quiere convertir el turismo n\\u00e1utico y de costa en \\\"uno de los ejes estrat\\u00e9gicos de la oferta tur\\u00edstica de la regi\\u00f3n\\\". As\\u00ed lo ha asegurado el consejero de Innovaci\\u00f3n, Industria, Turismo y Comercio, Francisco Mart\\u00edn, en el marco de la Feria Internacional del Turismo (Fitur), en la que el expositor de\",\"inLanguage\":\"es-ES\",\"isPartOf\":{\"@id\":\"https:\\\/\\\/www.eldigitaldeasturias.com\\\/noticias\\\/#website\"},\"breadcrumb\":{\"@id\":\"https:\\\/\\\/www.eldigitaldeasturias.com\\\/noticias\\\/cantabria-quiere-convertir-el-turismo-nautico-y-de-costa-en-uno-de-los-ejes-estrategicos-de-su-oferta\\\/#breadcrumblist\"},\"author\":{\"@id\":\"https:\\\/\\\/www.eldigitaldeasturias.com\\\/noticias\\\/author\\\/admin\\\/#author\"},\"creator\":{\"@id\":\"https:\\\/\\\/www.eldigitaldeasturias.com\\\/noticias\\\/author\\\/admin\\\/#author\"},\"image\":{\"@type\":\"ImageObject\",\"url\":\"https:\\\/\\\/www.eldigitaldeasturias.com\\\/noticias\\\/wp-content\\\/uploads\\\/2016\\\/01\\\/fotonoticia_20160121235022_800.jpg\",\"@id\":\"https:\\\/\\\/www.eldigitaldeasturias.com\\\/noticias\\\/cantabria-quiere-convertir-el-turismo-nautico-y-de-costa-en-uno-de-los-ejes-estrategicos-de-su-oferta\\\/#mainImage\",\"width\":800,\"height\":532},\"primaryImageOfPage\":{\"@id\":\"https:\\\/\\\/www.eldigitaldeasturias.com\\\/noticias\\\/cantabria-quiere-convertir-el-turismo-nautico-y-de-costa-en-uno-de-los-ejes-estrategicos-de-su-oferta\\\/#mainImage\"},\"datePublished\":\"2016-01-23T12:02:04+01:00\",\"dateModified\":\"2016-01-23T12:02:04+01:00\"},{\"@type\":\"WebSite\",\"@id\":\"https:\\\/\\\/www.eldigitaldeasturias.com\\\/noticias\\\/#website\",\"url\":\"https:\\\/\\\/www.eldigitaldeasturias.com\\\/noticias\\\/\",\"name\":\"El Digital de Asturias - Diario de actualidad y noticias\",\"alternateName\":\"El Digital de Asturias - Diario de actualidad y noticias\",\"description\":\"Hemeroteca\",\"inLanguage\":\"es-ES\",\"publisher\":{\"@id\":\"https:\\\/\\\/www.eldigitaldeasturias.com\\\/noticias\\\/#organization\"}}]}\n\t\t<\/script>\n\t\t<!-- All in One SEO Pro -->\r\n\t\t<title>Cantabria quiere convertir el turismo n\u00e1utico y de costa en uno de los ejes estrat\u00e9gicos de su oferta - El Digital de Asturias<\/title>\n\n","aioseo_head_json":{"title":"Cantabria quiere convertir el turismo n\u00e1utico y de costa en uno de los ejes estrat\u00e9gicos de su oferta - El Digital de Asturias","description":"El Gobierno de Cantabria quiere convertir el turismo n\u00e1utico y de costa en \"uno de los ejes estrat\u00e9gicos de la oferta tur\u00edstica de la regi\u00f3n\". As\u00ed lo ha asegurado el consejero de Innovaci\u00f3n, Industria, Turismo y Comercio, Francisco Mart\u00edn, en el marco de la Feria Internacional del Turismo (Fitur), en la que el expositor de","canonical_url":"https:\/\/www.eldigitaldeasturias.com\/noticias\/cantabria-quiere-convertir-el-turismo-nautico-y-de-costa-en-uno-de-los-ejes-estrategicos-de-su-oferta\/","robots":"max-image-preview:large","keywords":"turismo","webmasterTools":{"google-site-verification":"UA-38556648-1","msvalidate.01":"7dfe9f3f1b24437ab69f4f2559babe99","miscellaneous":""},"schema":{"@context":"https:\/\/schema.org","@graph":[{"@type":"BlogPosting","@id":"https:\/\/www.eldigitaldeasturias.com\/noticias\/cantabria-quiere-convertir-el-turismo-nautico-y-de-costa-en-uno-de-los-ejes-estrategicos-de-su-oferta\/#blogposting","name":"Cantabria quiere convertir el turismo n\u00e1utico y de costa en uno de los ejes estrat\u00e9gicos de su oferta - El Digital de Asturias","headline":"Cantabria quiere convertir el turismo n\u00e1utico y de costa en uno de los ejes estrat\u00e9gicos de su oferta","author":{"@id":"https:\/\/www.eldigitaldeasturias.com\/noticias\/author\/admin\/#author"},"publisher":{"@id":"https:\/\/www.eldigitaldeasturias.com\/noticias\/#organization"},"image":{"@type":"ImageObject","url":"https:\/\/www.eldigitaldeasturias.com\/noticias\/wp-content\/uploads\/2016\/01\/fotonoticia_20160121235022_800.jpg","width":800,"height":532},"datePublished":"2016-01-23T12:02:04+01:00","dateModified":"2016-01-23T12:02:04+01:00","inLanguage":"es-ES","mainEntityOfPage":{"@id":"https:\/\/www.eldigitaldeasturias.com\/noticias\/cantabria-quiere-convertir-el-turismo-nautico-y-de-costa-en-uno-de-los-ejes-estrategicos-de-su-oferta\/#webpage"},"isPartOf":{"@id":"https:\/\/www.eldigitaldeasturias.com\/noticias\/cantabria-quiere-convertir-el-turismo-nautico-y-de-costa-en-uno-de-los-ejes-estrategicos-de-su-oferta\/#webpage"},"articleSection":"Turismo"},{"@type":"BreadcrumbList","@id":"https:\/\/www.eldigitaldeasturias.com\/noticias\/cantabria-quiere-convertir-el-turismo-nautico-y-de-costa-en-uno-de-los-ejes-estrategicos-de-su-oferta\/#breadcrumblist","itemListElement":[{"@type":"ListItem","@id":"https:\/\/www.eldigitaldeasturias.com\/noticias#listItem","position":1,"name":"Home","item":"https:\/\/www.eldigitaldeasturias.com\/noticias","nextItem":{"@type":"ListItem","@id":"https:\/\/www.eldigitaldeasturias.com\/noticias\/category\/turismo\/#listItem","name":"Turismo"}},{"@type":"ListItem","@id":"https:\/\/www.eldigitaldeasturias.com\/noticias\/category\/turismo\/#listItem","position":2,"name":"Turismo","item":"https:\/\/www.eldigitaldeasturias.com\/noticias\/category\/turismo\/","nextItem":{"@type":"ListItem","@id":"https:\/\/www.eldigitaldeasturias.com\/noticias\/cantabria-quiere-convertir-el-turismo-nautico-y-de-costa-en-uno-de-los-ejes-estrategicos-de-su-oferta\/#listItem","name":"Cantabria quiere convertir el turismo n\u00e1utico y de costa en uno de los ejes estrat\u00e9gicos de su oferta"},"previousItem":{"@type":"ListItem","@id":"https:\/\/www.eldigitaldeasturias.com\/noticias#listItem","name":"Home"}},{"@type":"ListItem","@id":"https:\/\/www.eldigitaldeasturias.com\/noticias\/cantabria-quiere-convertir-el-turismo-nautico-y-de-costa-en-uno-de-los-ejes-estrategicos-de-su-oferta\/#listItem","position":3,"name":"Cantabria quiere convertir el turismo n\u00e1utico y de costa en uno de los ejes estrat\u00e9gicos de su oferta","previousItem":{"@type":"ListItem","@id":"https:\/\/www.eldigitaldeasturias.com\/noticias\/category\/turismo\/#listItem","name":"Turismo"}}]},{"@type":"Organization","@id":"https:\/\/www.eldigitaldeasturias.com\/noticias\/#organization","name":"El Digital de Asturias","description":"Hemeroteca","url":"https:\/\/www.eldigitaldeasturias.com\/noticias\/","email":"info@eldigitaldeasturias.com","telephone":"+34652131393","logo":{"@type":"ImageObject","url":"https:\/\/www.eldigitaldeasturias.com\/noticias\/wp-content\/uploads\/2020\/12\/EDA.jpg","@id":"https:\/\/www.eldigitaldeasturias.com\/noticias\/cantabria-quiere-convertir-el-turismo-nautico-y-de-costa-en-uno-de-los-ejes-estrategicos-de-su-oferta\/#organizationLogo","width":649,"height":297},"image":{"@id":"https:\/\/www.eldigitaldeasturias.com\/noticias\/cantabria-quiere-convertir-el-turismo-nautico-y-de-costa-en-uno-de-los-ejes-estrategicos-de-su-oferta\/#organizationLogo"},"sameAs":["https:\/\/facebook.com\/eldigitaldeasturias","https:\/\/www.youtube.com\/channel\/UCZP-2wLEB9Rv6erhFmqVnvg"],"address":{"@id":"https:\/\/www.eldigitaldeasturias.com\/noticias\/#postaladdress","@type":"PostalAddress","streetAddress":"san antonio 4,","postalCode":"33430","addressLocality":"Cand\u00e1s","addressRegion":"Asturias","addressCountry":"ES"}},{"@type":"Person","@id":"https:\/\/www.eldigitaldeasturias.com\/noticias\/author\/admin\/#author","url":"https:\/\/www.eldigitaldeasturias.com\/noticias\/author\/admin\/","name":"El Digital de Asturias","image":{"@type":"ImageObject","@id":"https:\/\/www.eldigitaldeasturias.com\/noticias\/cantabria-quiere-convertir-el-turismo-nautico-y-de-costa-en-uno-de-los-ejes-estrategicos-de-su-oferta\/#authorImage","url":"https:\/\/www.eldigitaldeasturias.com\/noticias\/wp-content\/litespeed\/avatar\/18677e78aa0546b92d9dbf31ec7d7668.jpg?ver=1777290358","width":96,"height":96,"caption":"El Digital de Asturias"}},{"@type":"WebPage","@id":"https:\/\/www.eldigitaldeasturias.com\/noticias\/cantabria-quiere-convertir-el-turismo-nautico-y-de-costa-en-uno-de-los-ejes-estrategicos-de-su-oferta\/#webpage","url":"https:\/\/www.eldigitaldeasturias.com\/noticias\/cantabria-quiere-convertir-el-turismo-nautico-y-de-costa-en-uno-de-los-ejes-estrategicos-de-su-oferta\/","name":"Cantabria quiere convertir el turismo n\u00e1utico y de costa en uno de los ejes estrat\u00e9gicos de su oferta - El Digital de Asturias","description":"El Gobierno de Cantabria quiere convertir el turismo n\u00e1utico y de costa en \"uno de los ejes estrat\u00e9gicos de la oferta tur\u00edstica de la regi\u00f3n\". As\u00ed lo ha asegurado el consejero de Innovaci\u00f3n, Industria, Turismo y Comercio, Francisco Mart\u00edn, en el marco de la Feria Internacional del Turismo (Fitur), en la que el expositor de","inLanguage":"es-ES","isPartOf":{"@id":"https:\/\/www.eldigitaldeasturias.com\/noticias\/#website"},"breadcrumb":{"@id":"https:\/\/www.eldigitaldeasturias.com\/noticias\/cantabria-quiere-convertir-el-turismo-nautico-y-de-costa-en-uno-de-los-ejes-estrategicos-de-su-oferta\/#breadcrumblist"},"author":{"@id":"https:\/\/www.eldigitaldeasturias.com\/noticias\/author\/admin\/#author"},"creator":{"@id":"https:\/\/www.eldigitaldeasturias.com\/noticias\/author\/admin\/#author"},"image":{"@type":"ImageObject","url":"https:\/\/www.eldigitaldeasturias.com\/noticias\/wp-content\/uploads\/2016\/01\/fotonoticia_20160121235022_800.jpg","@id":"https:\/\/www.eldigitaldeasturias.com\/noticias\/cantabria-quiere-convertir-el-turismo-nautico-y-de-costa-en-uno-de-los-ejes-estrategicos-de-su-oferta\/#mainImage","width":800,"height":532},"primaryImageOfPage":{"@id":"https:\/\/www.eldigitaldeasturias.com\/noticias\/cantabria-quiere-convertir-el-turismo-nautico-y-de-costa-en-uno-de-los-ejes-estrategicos-de-su-oferta\/#mainImage"},"datePublished":"2016-01-23T12:02:04+01:00","dateModified":"2016-01-23T12:02:04+01:00"},{"@type":"WebSite","@id":"https:\/\/www.eldigitaldeasturias.com\/noticias\/#website","url":"https:\/\/www.eldigitaldeasturias.com\/noticias\/","name":"El Digital de Asturias - Diario de actualidad y noticias","alternateName":"El Digital de Asturias - Diario de actualidad y noticias","description":"Hemeroteca","inLanguage":"es-ES","publisher":{"@id":"https:\/\/www.eldigitaldeasturias.com\/noticias\/#organization"}}]},"og:locale":"es_ES","og:site_name":"El Digital de Asturias","og:type":"article","og:title":"Cantabria quiere convertir el turismo n\u00e1utico y de costa en uno de los ejes estrat\u00e9gicos de su oferta - El Digital de Asturias","og:description":"El Gobierno de Cantabria quiere convertir el turismo n\u00e1utico y de costa en &quot;uno de los ejes estrat\u00e9gicos de la oferta tur\u00edstica de la regi\u00f3n&quot;. As\u00ed lo ha asegurado el consejero de Innovaci\u00f3n, Industria, Turismo y Comercio, Francisco Mart\u00edn, en el marco de la Feria Internacional del Turismo (Fitur), en la que el expositor de","og:url":"https:\/\/www.eldigitaldeasturias.com\/noticias\/cantabria-quiere-convertir-el-turismo-nautico-y-de-costa-en-uno-de-los-ejes-estrategicos-de-su-oferta\/","og:image":"https:\/\/www.eldigitaldeasturias.com\/noticias\/wp-content\/uploads\/2016\/01\/fotonoticia_20160121235022_800.jpg","og:image:secure_url":"https:\/\/www.eldigitaldeasturias.com\/noticias\/wp-content\/uploads\/2016\/01\/fotonoticia_20160121235022_800.jpg","og:image:width":800,"og:image:height":532,"article:tag":["turismo"],"article:published_time":"2016-01-23T12:02:04+00:00","article:modified_time":"2016-01-23T12:02:04+00:00","article:publisher":"https:\/\/facebook.com\/eldigitaldeasturias","twitter:card":"summary_large_image","twitter:title":"Cantabria quiere convertir el turismo n\u00e1utico y de costa en uno de los ejes estrat\u00e9gicos de su oferta - El Digital de Asturias","twitter:description":"El Gobierno de Cantabria quiere convertir el turismo n\u00e1utico y de costa en &quot;uno de los ejes estrat\u00e9gicos de la oferta tur\u00edstica de la regi\u00f3n&quot;. As\u00ed lo ha asegurado el consejero de Innovaci\u00f3n, Industria, Turismo y Comercio, Francisco Mart\u00edn, en el marco de la Feria Internacional del Turismo (Fitur), en la que el expositor de","twitter:image":"https:\/\/www.eldigitaldeasturias.com\/noticias\/wp-content\/uploads\/2016\/01\/fotonoticia_20160121235022_800.jpg","twitter:label1":"Escrito por","twitter:data1":"El Digital de Asturias","twitter:label2":"Tiempo de lectura estimado","twitter:data2":"7 minutos"},"aioseo_meta_data":{"post_id":"849333","title":null,"description":null,"keywords":null,"keyphrases":null,"primary_term":null,"canonical_url":null,"og_title":null,"og_description":null,"og_object_type":"default","og_image_type":"default","og_image_url":null,"og_image_width":null,"og_image_height":null,"og_image_custom_url":null,"og_image_custom_fields":null,"og_video":null,"og_custom_url":null,"og_article_section":null,"og_article_tags":null,"twitter_use_og":false,"twitter_card":"default","twitter_image_type":"default","twitter_image_url":null,"twitter_image_custom_url":null,"twitter_image_custom_fields":null,"twitter_title":null,"twitter_description":null,"schema":{"blockGraphs":[],"customGraphs":[],"default":{"data":{"Article":[],"Course":[],"Dataset":[],"FAQPage":[],"Movie":[],"Person":[],"Product":[],"ProductReview":[],"Car":[],"Recipe":[],"Service":[],"SoftwareApplication":[],"WebPage":[]},"graphName":"","isEnabled":true},"graphs":[],"defaultGraph":"","defaultPostTypeGraph":""},"schema_type":null,"schema_type_options":null,"pillar_content":false,"robots_default":true,"robots_noindex":false,"robots_noarchive":false,"robots_nosnippet":false,"robots_nofollow":false,"robots_noimageindex":false,"robots_noodp":false,"robots_notranslate":false,"robots_max_snippet":null,"robots_max_videopreview":null,"robots_max_imagepreview":"large","priority":null,"frequency":null,"local_seo":null,"seo_analyzer_scan_date":"2025-12-09 04:20:25","breadcrumb_settings":null,"limit_modified_date":false,"open_ai":null,"ai":null,"created":"2021-01-23 13:39:12","updated":"2025-12-09 04:20:25"},"aioseo_breadcrumb":"<div class=\"aioseo-breadcrumbs\"><span class=\"aioseo-breadcrumb\">\n\t<a href=\"https:\/\/www.eldigitaldeasturias.com\/noticias\" title=\"Home\">Home<\/a>\n<\/span><span class=\"aioseo-breadcrumb-separator\">\u2013<\/span><span class=\"aioseo-breadcrumb\">\n\t<a href=\"https:\/\/www.eldigitaldeasturias.com\/noticias\/category\/turismo\/\" title=\"Turismo\">Turismo<\/a>\n<\/span><span class=\"aioseo-breadcrumb-separator\">\u2013<\/span><span class=\"aioseo-breadcrumb\">\n\t<a href=\"https:\/\/www.eldigitaldeasturias.com\/noticias\/cantabria-quiere-convertir-el-turismo-nautico-y-de-costa-en-uno-de-los-ejes-estrategicos-de-su-oferta\/\" title=\"Cantabria quiere convertir el turismo n\u00e1utico y de costa en uno de los ejes estrat\u00e9gicos de su oferta\">Cantabria quiere convertir el turismo n\u00e1utico y de costa en uno de los ejes estrat\u00e9gicos de su oferta<\/a>\n<\/span><\/div>","aioseo_breadcrumb_json":[{"label":"Home","link":"https:\/\/www.eldigitaldeasturias.com\/noticias"},{"label":"Turismo","link":"https:\/\/www.eldigitaldeasturias.com\/noticias\/category\/turismo\/"},{"label":"Cantabria quiere convertir el turismo n\u00e1utico y de costa en uno de los ejes estrat\u00e9gicos de su oferta","link":"https:\/\/www.eldigitaldeasturias.com\/noticias\/cantabria-quiere-convertir-el-turismo-nautico-y-de-costa-en-uno-de-los-ejes-estrategicos-de-su-oferta\/"}],"_links":{"self":[{"href":"https:\/\/www.eldigitaldeasturias.com\/noticias\/wp-json\/wp\/v2\/posts\/849333","targetHints":{"allow":["GET"]}}],"collection":[{"href":"https:\/\/www.eldigitaldeasturias.com\/noticias\/wp-json\/wp\/v2\/posts"}],"about":[{"href":"https:\/\/www.eldigitaldeasturias.com\/noticias\/wp-json\/wp\/v2\/types\/post"}],"author":[{"embeddable":true,"href":"https:\/\/www.eldigitaldeasturias.com\/noticias\/wp-json\/wp\/v2\/users\/1"}],"replies":[{"embeddable":true,"href":"https:\/\/www.eldigitaldeasturias.com\/noticias\/wp-json\/wp\/v2\/comments?post=849333"}],"version-history":[{"count":0,"href":"https:\/\/www.eldigitaldeasturias.com\/noticias\/wp-json\/wp\/v2\/posts\/849333\/revisions"}],"wp:featuredmedia":[{"embeddable":true,"href":"https:\/\/www.eldigitaldeasturias.com\/noticias\/wp-json\/wp\/v2\/media\/849334"}],"wp:attachment":[{"href":"https:\/\/www.eldigitaldeasturias.com\/noticias\/wp-json\/wp\/v2\/media?parent=849333"}],"wp:term":[{"taxonomy":"category","embeddable":true,"href":"https:\/\/www.eldigitaldeasturias.com\/noticias\/wp-json\/wp\/v2\/categories?post=849333"},{"taxonomy":"post_tag","embeddable":true,"href":"https:\/\/www.eldigitaldeasturias.com\/noticias\/wp-json\/wp\/v2\/tags?post=849333"}],"curies":[{"name":"wp","href":"https:\/\/api.w.org\/{rel}","templated":true}]}}