{"id":849287,"date":"2016-01-23T10:56:19","date_gmt":"2016-01-23T10:56:19","guid":{"rendered":"http:\/\/www.eldigitaldeasturias.com\/noticias\/?p=849287"},"modified":"2016-01-23T10:56:19","modified_gmt":"2016-01-23T10:56:19","slug":"sevilla-incorpora-la-bienal-de-flamenco-a-su-oferta-turistica","status":"publish","type":"post","link":"https:\/\/www.eldigitaldeasturias.com\/noticias\/sevilla-incorpora-la-bienal-de-flamenco-a-su-oferta-turistica\/","title":{"rendered":"Sevilla incorpora la Bienal de Flamenco a su oferta tur\u00edstica"},"content":{"rendered":"<p><img loading=\"lazy\" decoding=\"async\" class=\"alignleft size-medium wp-image-849288\" src=\"https:\/\/www.eldigitaldeasturias.com\/noticias\/wp-content\/uploads\/2016\/01\/fotonoticia_20160121152741_800-360x240.jpg\" alt=\"fotonoticia_20160121152741_800\" width=\"360\" height=\"240\" srcset=\"https:\/\/www.eldigitaldeasturias.com\/noticias\/wp-content\/uploads\/2016\/01\/fotonoticia_20160121152741_800-360x240.jpg 360w, https:\/\/www.eldigitaldeasturias.com\/noticias\/wp-content\/uploads\/2016\/01\/fotonoticia_20160121152741_800-768x512.jpg 768w, https:\/\/www.eldigitaldeasturias.com\/noticias\/wp-content\/uploads\/2016\/01\/fotonoticia_20160121152741_800-650x433.jpg 650w, https:\/\/www.eldigitaldeasturias.com\/noticias\/wp-content\/uploads\/2016\/01\/fotonoticia_20160121152741_800-84x55.jpg 84w, https:\/\/www.eldigitaldeasturias.com\/noticias\/wp-content\/uploads\/2016\/01\/fotonoticia_20160121152741_800-49x32.jpg 49w, https:\/\/www.eldigitaldeasturias.com\/noticias\/wp-content\/uploads\/2016\/01\/fotonoticia_20160121152741_800.jpg 800w\" sizes=\"auto, (max-width: 360px) 100vw, 360px\" \/>El delegado de H\u00e1bitat Urbano, Cultura y Turismo en el Ayuntamiento de Sevilla, Antonio Mu\u00f1oz, ha presentado este jueves en Fitur la programaci\u00f3n que conforma el Oto\u00f1o Cultural de la ciudad, en la que destaca la Bienal de Flamenco que, adem\u00e1s, se incorpora a la oferta tur\u00edstica.<\/p>\n<p>Ante operadores tur\u00edsticos y prensa, Mu\u00f1oz, que ha estado acompa\u00f1ado por la directora general de Cultura, Isabel Ojeda, y el director de la Bienal, Crist\u00f3bal Ortega, ha se\u00f1alado que la oferta concebida es \u00abtremendamente competitiva\u00bb y concebida tanto para el p\u00fablico sevillano como para el extranjero.<\/p>\n<p>\u00abPor eso estamos en Fitur, para presentar esta oferta cultural que, debidamente paquetizada, pueda comercializarse mejor nacional e internacionalmente\u00bb. Mu\u00f1oz ha puesto el ejemplo de la Bienal de Flamenco, cuya programaci\u00f3n ha sido dise\u00f1ada ocho meses antes de su celebraci\u00f3n, una anticipaci\u00f3n nunca vista, para que as\u00ed los operadores tur\u00edsticos tengan tiempo holgado para venderla, ha destacado el responsable municipal de Cultura.<\/p>\n<p>LA PROGRAMACI\u00d3N, EN FEBRERO<\/p>\n<p>La Bienal abrir\u00e1 ese Oto\u00f1o Cultural con casi un mes de arte grande, entre el 8 de septiembre y el 2 de octubre. Su XIX edici\u00f3n, cuya programaci\u00f3n completa se presentar\u00e1 a principios de febrero en Sevilla, incluir\u00e1 \u00ablo mejor del cante, el baile y el toque, aunando a grandes cl\u00e1sicos y j\u00f3venes talentos, y se expandir\u00e1 por toda Sevilla, aprovechando la versatilidad esc\u00e9nica de una ciudad como la nuestra, donde se puede disfrutar tanto en recintos especialmente concebidos para la acogida de artes esc\u00e9nicas como en espacios hist\u00f3ricos y patrimoniales e incluso, dada la bondad clim\u00e1tica, en las calles\u00bb.<\/p>\n<p>Espacios como el Teatro Lope de Vega, el Teatro de la Maestranza y el Teatro Central, abrir\u00e1n su temporada con flamenco y enclaves como el Real Alc\u00e1zar, el Convento de Santa Clara y la Iglesia de San Luis, como novedad de este a\u00f1o, se transformar\u00e1n para acoger a una Bienal en la que se respirar\u00e1 flamenco desde por la ma\u00f1ana hasta bien entrada la noche.<\/p>\n<p>Este a\u00f1o, la Bienal mira al futuro no solo a trav\u00e9s de su programaci\u00f3n, sino tambi\u00e9n dise\u00f1ando un festival \u00ababierto y participativo\u00bb que impregnar\u00e1 de flamenco cada rinc\u00f3n de la ciudad, pero tambi\u00e9n hace un gui\u00f1o al pasado, recuperando el m\u00edtico preg\u00f3n literario que se celebrar\u00e1 el d\u00eda 8 de septiembre y que estar\u00e1 acompa\u00f1ado de un espect\u00e1culo al aire libre para el disfrute de todos los que en esta fecha se encuentren en la ciudad.<\/p>\n<p>EJE CON M\u00c1LAGA<\/p>\n<p>Pero adem\u00e1s, en su deseo de apertura, el evento presenta en esta edici\u00f3n nuevas colaboraciones reforzando el Eje Sevilla-M\u00e1laga mediante diversas actividades, entre ellas, un espect\u00e1culo que llevar\u00e1 el nombre de la capital de la Costa del Sol. Asimismo, se estrecha la colaboraci\u00f3n con el Ministerio de Cultura a trav\u00e9s de un espect\u00e1culo que unir\u00e1 en un mismo escenario al Ballet Nacional de Espa\u00f1a y a la Real Orquesta Sinf\u00f3nica de Sevilla.<\/p>\n<p>La relaci\u00f3n con la Diputaci\u00f3n de Sevilla se intensifica, no s\u00f3lo mediante la incorporaci\u00f3n de la Iglesia de San Luis como espacio Bienal, sino tambi\u00e9n con la expansi\u00f3n hacia la provincia y la acogida de espect\u00e1culos producidos por \u00e9sta. Otra de las novedades ser\u00e1 el trabajo conjunto con la \u00abFactor\u00eda Cultural\u00bb, que se materializar\u00e1 en un espect\u00e1culo que llevar\u00e1 a Triana el arte del barrio sevillano de Las Tres Mil Viviendas bajo el t\u00edtulo de \u00abAlal\u00e1\u00bb (alegr\u00eda en cal\u00f3).<\/p>\n<p>A la cita flamenca por excelencia se incorpora el Mes de Danza, el Festival de Cine Europeo, el Festival de Artes Esc\u00e9nicas de Sevilla (feSt) o una nueva edici\u00f3n de la programaci\u00f3n navide\u00f1a &#8216;Alumbra, itinerarios de luz y cultura&#8217; y, adem\u00e1s, este a\u00f1o, como novedad, el Monkey Week, a caballo entre el concepto de feria, foro y festival.<\/p>\n<p>Este evento elige Sevilla, primera ciudad del mundo en hacerse con la distinci\u00f3n de Ciudad de la M\u00fasica (2006) de la Red de Ciudades Creativas de la Unesco, para celebrar lo que, sin duda, se convertir\u00e1 en el encuentro por excelencia del mundo de la m\u00fasica independiente congregando a artistas, profesionales, cr\u00edtica y p\u00fablico con un objetivo claro: el de descubrir hoy a las bandas del ma\u00f1ana.<\/p>\n","protected":false},"excerpt":{"rendered":"<p>El delegado de H\u00e1bitat Urbano, Cultura y Turismo en el Ayuntamiento de Sevilla, Antonio Mu\u00f1oz, ha presentado este jueves en Fitur la programaci\u00f3n que conforma el Oto\u00f1o Cultural de la ciudad, en la que destaca la Bienal de Flamenco que, adem\u00e1s, se incorpora a la oferta tur\u00edstica. Ante operadores tur\u00edsticos y prensa, Mu\u00f1oz, que ha [&hellip;]<\/p>\n","protected":false},"author":1,"featured_media":849288,"comment_status":"closed","ping_status":"closed","sticky":false,"template":"","format":"standard","meta":{"footnotes":""},"categories":[148],"tags":[],"class_list":["post-849287","post","type-post","status-publish","format-standard","has-post-thumbnail","hentry","category-turismo"],"aioseo_notices":[],"aioseo_head":"\n\t\t<!-- All in One SEO Pro 4.9.6.2 - aioseo.com -->\n\t<meta name=\"description\" content=\"El delegado de H\u00e1bitat Urbano, Cultura y Turismo en el Ayuntamiento de Sevilla, Antonio Mu\u00f1oz, ha presentado este jueves en Fitur la programaci\u00f3n que conforma el Oto\u00f1o Cultural de la ciudad, en la que destaca la Bienal de Flamenco que, adem\u00e1s, se incorpora a la oferta tur\u00edstica. Ante operadores tur\u00edsticos y prensa, Mu\u00f1oz, que ha\" \/>\n\t<meta name=\"robots\" content=\"max-image-preview:large\" \/>\n\t<meta name=\"author\" content=\"El Digital de Asturias\"\/>\n\t<meta name=\"google-site-verification\" content=\"UA-38556648-1\" \/>\n\t<meta name=\"msvalidate.01\" content=\"7dfe9f3f1b24437ab69f4f2559babe99\" \/>\n\t<meta name=\"keywords\" content=\"turismo\" \/>\n\t<link rel=\"canonical\" href=\"https:\/\/www.eldigitaldeasturias.com\/noticias\/sevilla-incorpora-la-bienal-de-flamenco-a-su-oferta-turistica\/\" \/>\n\t<meta name=\"generator\" content=\"All in One SEO Pro (AIOSEO) 4.9.6.2\" \/>\n\t\t<meta property=\"og:locale\" content=\"es_ES\" \/>\n\t\t<meta property=\"og:site_name\" content=\"El Digital de Asturias\" \/>\n\t\t<meta property=\"og:type\" content=\"article\" \/>\n\t\t<meta property=\"og:title\" content=\"Sevilla incorpora la Bienal de Flamenco a su oferta tur\u00edstica - El Digital de Asturias\" \/>\n\t\t<meta property=\"og:description\" content=\"El delegado de H\u00e1bitat Urbano, Cultura y Turismo en el Ayuntamiento de Sevilla, Antonio Mu\u00f1oz, ha presentado este jueves en Fitur la programaci\u00f3n que conforma el Oto\u00f1o Cultural de la ciudad, en la que destaca la Bienal de Flamenco que, adem\u00e1s, se incorpora a la oferta tur\u00edstica. Ante operadores tur\u00edsticos y prensa, Mu\u00f1oz, que ha\" \/>\n\t\t<meta property=\"og:url\" content=\"https:\/\/www.eldigitaldeasturias.com\/noticias\/sevilla-incorpora-la-bienal-de-flamenco-a-su-oferta-turistica\/\" \/>\n\t\t<meta property=\"og:image\" content=\"https:\/\/www.eldigitaldeasturias.com\/noticias\/wp-content\/uploads\/2016\/01\/fotonoticia_20160121152741_800.jpg\" \/>\n\t\t<meta property=\"og:image:secure_url\" content=\"https:\/\/www.eldigitaldeasturias.com\/noticias\/wp-content\/uploads\/2016\/01\/fotonoticia_20160121152741_800.jpg\" \/>\n\t\t<meta property=\"og:image:width\" content=\"800\" \/>\n\t\t<meta property=\"og:image:height\" content=\"533\" \/>\n\t\t<meta property=\"article:tag\" content=\"turismo\" \/>\n\t\t<meta property=\"article:published_time\" content=\"2016-01-23T10:56:19+00:00\" \/>\n\t\t<meta property=\"article:modified_time\" content=\"2016-01-23T10:56:19+00:00\" \/>\n\t\t<meta property=\"article:publisher\" content=\"https:\/\/facebook.com\/eldigitaldeasturias\" \/>\n\t\t<meta name=\"twitter:card\" content=\"summary_large_image\" \/>\n\t\t<meta name=\"twitter:title\" content=\"Sevilla incorpora la Bienal de Flamenco a su oferta tur\u00edstica - El Digital de Asturias\" \/>\n\t\t<meta name=\"twitter:description\" content=\"El delegado de H\u00e1bitat Urbano, Cultura y Turismo en el Ayuntamiento de Sevilla, Antonio Mu\u00f1oz, ha presentado este jueves en Fitur la programaci\u00f3n que conforma el Oto\u00f1o Cultural de la ciudad, en la que destaca la Bienal de Flamenco que, adem\u00e1s, se incorpora a la oferta tur\u00edstica. Ante operadores tur\u00edsticos y prensa, Mu\u00f1oz, que ha\" \/>\n\t\t<meta name=\"twitter:image\" content=\"https:\/\/www.eldigitaldeasturias.com\/noticias\/wp-content\/uploads\/2016\/01\/fotonoticia_20160121152741_800.jpg\" \/>\n\t\t<meta name=\"twitter:label1\" content=\"Escrito por\" \/>\n\t\t<meta name=\"twitter:data1\" content=\"El Digital de Asturias\" \/>\n\t\t<meta name=\"twitter:label2\" content=\"Tiempo de lectura estimado\" \/>\n\t\t<meta name=\"twitter:data2\" content=\"4 minutos\" \/>\n\t\t<script type=\"application\/ld+json\" class=\"aioseo-schema\">\n\t\t\t{\"@context\":\"https:\\\/\\\/schema.org\",\"@graph\":[{\"@type\":\"BlogPosting\",\"@id\":\"https:\\\/\\\/www.eldigitaldeasturias.com\\\/noticias\\\/sevilla-incorpora-la-bienal-de-flamenco-a-su-oferta-turistica\\\/#blogposting\",\"name\":\"Sevilla incorpora la Bienal de Flamenco a su oferta tur\\u00edstica - El Digital de Asturias\",\"headline\":\"Sevilla incorpora la Bienal de Flamenco a su oferta tur\\u00edstica\",\"author\":{\"@id\":\"https:\\\/\\\/www.eldigitaldeasturias.com\\\/noticias\\\/author\\\/admin\\\/#author\"},\"publisher\":{\"@id\":\"https:\\\/\\\/www.eldigitaldeasturias.com\\\/noticias\\\/#organization\"},\"image\":{\"@type\":\"ImageObject\",\"url\":\"https:\\\/\\\/www.eldigitaldeasturias.com\\\/noticias\\\/wp-content\\\/uploads\\\/2016\\\/01\\\/fotonoticia_20160121152741_800.jpg\",\"width\":800,\"height\":533},\"datePublished\":\"2016-01-23T10:56:19+01:00\",\"dateModified\":\"2016-01-23T10:56:19+01:00\",\"inLanguage\":\"es-ES\",\"mainEntityOfPage\":{\"@id\":\"https:\\\/\\\/www.eldigitaldeasturias.com\\\/noticias\\\/sevilla-incorpora-la-bienal-de-flamenco-a-su-oferta-turistica\\\/#webpage\"},\"isPartOf\":{\"@id\":\"https:\\\/\\\/www.eldigitaldeasturias.com\\\/noticias\\\/sevilla-incorpora-la-bienal-de-flamenco-a-su-oferta-turistica\\\/#webpage\"},\"articleSection\":\"Turismo\"},{\"@type\":\"BreadcrumbList\",\"@id\":\"https:\\\/\\\/www.eldigitaldeasturias.com\\\/noticias\\\/sevilla-incorpora-la-bienal-de-flamenco-a-su-oferta-turistica\\\/#breadcrumblist\",\"itemListElement\":[{\"@type\":\"ListItem\",\"@id\":\"https:\\\/\\\/www.eldigitaldeasturias.com\\\/noticias#listItem\",\"position\":1,\"name\":\"Home\",\"item\":\"https:\\\/\\\/www.eldigitaldeasturias.com\\\/noticias\",\"nextItem\":{\"@type\":\"ListItem\",\"@id\":\"https:\\\/\\\/www.eldigitaldeasturias.com\\\/noticias\\\/category\\\/turismo\\\/#listItem\",\"name\":\"Turismo\"}},{\"@type\":\"ListItem\",\"@id\":\"https:\\\/\\\/www.eldigitaldeasturias.com\\\/noticias\\\/category\\\/turismo\\\/#listItem\",\"position\":2,\"name\":\"Turismo\",\"item\":\"https:\\\/\\\/www.eldigitaldeasturias.com\\\/noticias\\\/category\\\/turismo\\\/\",\"nextItem\":{\"@type\":\"ListItem\",\"@id\":\"https:\\\/\\\/www.eldigitaldeasturias.com\\\/noticias\\\/sevilla-incorpora-la-bienal-de-flamenco-a-su-oferta-turistica\\\/#listItem\",\"name\":\"Sevilla incorpora la Bienal de Flamenco a su oferta tur\\u00edstica\"},\"previousItem\":{\"@type\":\"ListItem\",\"@id\":\"https:\\\/\\\/www.eldigitaldeasturias.com\\\/noticias#listItem\",\"name\":\"Home\"}},{\"@type\":\"ListItem\",\"@id\":\"https:\\\/\\\/www.eldigitaldeasturias.com\\\/noticias\\\/sevilla-incorpora-la-bienal-de-flamenco-a-su-oferta-turistica\\\/#listItem\",\"position\":3,\"name\":\"Sevilla incorpora la Bienal de Flamenco a su oferta tur\\u00edstica\",\"previousItem\":{\"@type\":\"ListItem\",\"@id\":\"https:\\\/\\\/www.eldigitaldeasturias.com\\\/noticias\\\/category\\\/turismo\\\/#listItem\",\"name\":\"Turismo\"}}]},{\"@type\":\"Organization\",\"@id\":\"https:\\\/\\\/www.eldigitaldeasturias.com\\\/noticias\\\/#organization\",\"name\":\"El Digital de Asturias\",\"description\":\"Hemeroteca\",\"url\":\"https:\\\/\\\/www.eldigitaldeasturias.com\\\/noticias\\\/\",\"email\":\"info@eldigitaldeasturias.com\",\"telephone\":\"+34652131393\",\"logo\":{\"@type\":\"ImageObject\",\"url\":\"https:\\\/\\\/www.eldigitaldeasturias.com\\\/noticias\\\/wp-content\\\/uploads\\\/2020\\\/12\\\/EDA.jpg\",\"@id\":\"https:\\\/\\\/www.eldigitaldeasturias.com\\\/noticias\\\/sevilla-incorpora-la-bienal-de-flamenco-a-su-oferta-turistica\\\/#organizationLogo\",\"width\":649,\"height\":297},\"image\":{\"@id\":\"https:\\\/\\\/www.eldigitaldeasturias.com\\\/noticias\\\/sevilla-incorpora-la-bienal-de-flamenco-a-su-oferta-turistica\\\/#organizationLogo\"},\"sameAs\":[\"https:\\\/\\\/facebook.com\\\/eldigitaldeasturias\",\"https:\\\/\\\/www.youtube.com\\\/channel\\\/UCZP-2wLEB9Rv6erhFmqVnvg\"],\"address\":{\"@id\":\"https:\\\/\\\/www.eldigitaldeasturias.com\\\/noticias\\\/#postaladdress\",\"@type\":\"PostalAddress\",\"streetAddress\":\"san antonio 4,\",\"postalCode\":\"33430\",\"addressLocality\":\"Cand\\u00e1s\",\"addressRegion\":\"Asturias\",\"addressCountry\":\"ES\"}},{\"@type\":\"Person\",\"@id\":\"https:\\\/\\\/www.eldigitaldeasturias.com\\\/noticias\\\/author\\\/admin\\\/#author\",\"url\":\"https:\\\/\\\/www.eldigitaldeasturias.com\\\/noticias\\\/author\\\/admin\\\/\",\"name\":\"El Digital de Asturias\",\"image\":{\"@type\":\"ImageObject\",\"@id\":\"https:\\\/\\\/www.eldigitaldeasturias.com\\\/noticias\\\/sevilla-incorpora-la-bienal-de-flamenco-a-su-oferta-turistica\\\/#authorImage\",\"url\":\"https:\\\/\\\/www.eldigitaldeasturias.com\\\/noticias\\\/wp-content\\\/litespeed\\\/avatar\\\/18677e78aa0546b92d9dbf31ec7d7668.jpg?ver=1777290358\",\"width\":96,\"height\":96,\"caption\":\"El Digital de Asturias\"}},{\"@type\":\"WebPage\",\"@id\":\"https:\\\/\\\/www.eldigitaldeasturias.com\\\/noticias\\\/sevilla-incorpora-la-bienal-de-flamenco-a-su-oferta-turistica\\\/#webpage\",\"url\":\"https:\\\/\\\/www.eldigitaldeasturias.com\\\/noticias\\\/sevilla-incorpora-la-bienal-de-flamenco-a-su-oferta-turistica\\\/\",\"name\":\"Sevilla incorpora la Bienal de Flamenco a su oferta tur\\u00edstica - El Digital de Asturias\",\"description\":\"El delegado de H\\u00e1bitat Urbano, Cultura y Turismo en el Ayuntamiento de Sevilla, Antonio Mu\\u00f1oz, ha presentado este jueves en Fitur la programaci\\u00f3n que conforma el Oto\\u00f1o Cultural de la ciudad, en la que destaca la Bienal de Flamenco que, adem\\u00e1s, se incorpora a la oferta tur\\u00edstica. Ante operadores tur\\u00edsticos y prensa, Mu\\u00f1oz, que ha\",\"inLanguage\":\"es-ES\",\"isPartOf\":{\"@id\":\"https:\\\/\\\/www.eldigitaldeasturias.com\\\/noticias\\\/#website\"},\"breadcrumb\":{\"@id\":\"https:\\\/\\\/www.eldigitaldeasturias.com\\\/noticias\\\/sevilla-incorpora-la-bienal-de-flamenco-a-su-oferta-turistica\\\/#breadcrumblist\"},\"author\":{\"@id\":\"https:\\\/\\\/www.eldigitaldeasturias.com\\\/noticias\\\/author\\\/admin\\\/#author\"},\"creator\":{\"@id\":\"https:\\\/\\\/www.eldigitaldeasturias.com\\\/noticias\\\/author\\\/admin\\\/#author\"},\"image\":{\"@type\":\"ImageObject\",\"url\":\"https:\\\/\\\/www.eldigitaldeasturias.com\\\/noticias\\\/wp-content\\\/uploads\\\/2016\\\/01\\\/fotonoticia_20160121152741_800.jpg\",\"@id\":\"https:\\\/\\\/www.eldigitaldeasturias.com\\\/noticias\\\/sevilla-incorpora-la-bienal-de-flamenco-a-su-oferta-turistica\\\/#mainImage\",\"width\":800,\"height\":533},\"primaryImageOfPage\":{\"@id\":\"https:\\\/\\\/www.eldigitaldeasturias.com\\\/noticias\\\/sevilla-incorpora-la-bienal-de-flamenco-a-su-oferta-turistica\\\/#mainImage\"},\"datePublished\":\"2016-01-23T10:56:19+01:00\",\"dateModified\":\"2016-01-23T10:56:19+01:00\"},{\"@type\":\"WebSite\",\"@id\":\"https:\\\/\\\/www.eldigitaldeasturias.com\\\/noticias\\\/#website\",\"url\":\"https:\\\/\\\/www.eldigitaldeasturias.com\\\/noticias\\\/\",\"name\":\"El Digital de Asturias - Diario de actualidad y noticias\",\"alternateName\":\"El Digital de Asturias - Diario de actualidad y noticias\",\"description\":\"Hemeroteca\",\"inLanguage\":\"es-ES\",\"publisher\":{\"@id\":\"https:\\\/\\\/www.eldigitaldeasturias.com\\\/noticias\\\/#organization\"}}]}\n\t\t<\/script>\n\t\t<!-- All in One SEO Pro -->\r\n\t\t<title>Sevilla incorpora la Bienal de Flamenco a su oferta tur\u00edstica - El Digital de Asturias<\/title>\n\n","aioseo_head_json":{"title":"Sevilla incorpora la Bienal de Flamenco a su oferta tur\u00edstica - El Digital de Asturias","description":"El delegado de H\u00e1bitat Urbano, Cultura y Turismo en el Ayuntamiento de Sevilla, Antonio Mu\u00f1oz, ha presentado este jueves en Fitur la programaci\u00f3n que conforma el Oto\u00f1o Cultural de la ciudad, en la que destaca la Bienal de Flamenco que, adem\u00e1s, se incorpora a la oferta tur\u00edstica. Ante operadores tur\u00edsticos y prensa, Mu\u00f1oz, que ha","canonical_url":"https:\/\/www.eldigitaldeasturias.com\/noticias\/sevilla-incorpora-la-bienal-de-flamenco-a-su-oferta-turistica\/","robots":"max-image-preview:large","keywords":"turismo","webmasterTools":{"google-site-verification":"UA-38556648-1","msvalidate.01":"7dfe9f3f1b24437ab69f4f2559babe99","miscellaneous":""},"schema":{"@context":"https:\/\/schema.org","@graph":[{"@type":"BlogPosting","@id":"https:\/\/www.eldigitaldeasturias.com\/noticias\/sevilla-incorpora-la-bienal-de-flamenco-a-su-oferta-turistica\/#blogposting","name":"Sevilla incorpora la Bienal de Flamenco a su oferta tur\u00edstica - El Digital de Asturias","headline":"Sevilla incorpora la Bienal de Flamenco a su oferta tur\u00edstica","author":{"@id":"https:\/\/www.eldigitaldeasturias.com\/noticias\/author\/admin\/#author"},"publisher":{"@id":"https:\/\/www.eldigitaldeasturias.com\/noticias\/#organization"},"image":{"@type":"ImageObject","url":"https:\/\/www.eldigitaldeasturias.com\/noticias\/wp-content\/uploads\/2016\/01\/fotonoticia_20160121152741_800.jpg","width":800,"height":533},"datePublished":"2016-01-23T10:56:19+01:00","dateModified":"2016-01-23T10:56:19+01:00","inLanguage":"es-ES","mainEntityOfPage":{"@id":"https:\/\/www.eldigitaldeasturias.com\/noticias\/sevilla-incorpora-la-bienal-de-flamenco-a-su-oferta-turistica\/#webpage"},"isPartOf":{"@id":"https:\/\/www.eldigitaldeasturias.com\/noticias\/sevilla-incorpora-la-bienal-de-flamenco-a-su-oferta-turistica\/#webpage"},"articleSection":"Turismo"},{"@type":"BreadcrumbList","@id":"https:\/\/www.eldigitaldeasturias.com\/noticias\/sevilla-incorpora-la-bienal-de-flamenco-a-su-oferta-turistica\/#breadcrumblist","itemListElement":[{"@type":"ListItem","@id":"https:\/\/www.eldigitaldeasturias.com\/noticias#listItem","position":1,"name":"Home","item":"https:\/\/www.eldigitaldeasturias.com\/noticias","nextItem":{"@type":"ListItem","@id":"https:\/\/www.eldigitaldeasturias.com\/noticias\/category\/turismo\/#listItem","name":"Turismo"}},{"@type":"ListItem","@id":"https:\/\/www.eldigitaldeasturias.com\/noticias\/category\/turismo\/#listItem","position":2,"name":"Turismo","item":"https:\/\/www.eldigitaldeasturias.com\/noticias\/category\/turismo\/","nextItem":{"@type":"ListItem","@id":"https:\/\/www.eldigitaldeasturias.com\/noticias\/sevilla-incorpora-la-bienal-de-flamenco-a-su-oferta-turistica\/#listItem","name":"Sevilla incorpora la Bienal de Flamenco a su oferta tur\u00edstica"},"previousItem":{"@type":"ListItem","@id":"https:\/\/www.eldigitaldeasturias.com\/noticias#listItem","name":"Home"}},{"@type":"ListItem","@id":"https:\/\/www.eldigitaldeasturias.com\/noticias\/sevilla-incorpora-la-bienal-de-flamenco-a-su-oferta-turistica\/#listItem","position":3,"name":"Sevilla incorpora la Bienal de Flamenco a su oferta tur\u00edstica","previousItem":{"@type":"ListItem","@id":"https:\/\/www.eldigitaldeasturias.com\/noticias\/category\/turismo\/#listItem","name":"Turismo"}}]},{"@type":"Organization","@id":"https:\/\/www.eldigitaldeasturias.com\/noticias\/#organization","name":"El Digital de Asturias","description":"Hemeroteca","url":"https:\/\/www.eldigitaldeasturias.com\/noticias\/","email":"info@eldigitaldeasturias.com","telephone":"+34652131393","logo":{"@type":"ImageObject","url":"https:\/\/www.eldigitaldeasturias.com\/noticias\/wp-content\/uploads\/2020\/12\/EDA.jpg","@id":"https:\/\/www.eldigitaldeasturias.com\/noticias\/sevilla-incorpora-la-bienal-de-flamenco-a-su-oferta-turistica\/#organizationLogo","width":649,"height":297},"image":{"@id":"https:\/\/www.eldigitaldeasturias.com\/noticias\/sevilla-incorpora-la-bienal-de-flamenco-a-su-oferta-turistica\/#organizationLogo"},"sameAs":["https:\/\/facebook.com\/eldigitaldeasturias","https:\/\/www.youtube.com\/channel\/UCZP-2wLEB9Rv6erhFmqVnvg"],"address":{"@id":"https:\/\/www.eldigitaldeasturias.com\/noticias\/#postaladdress","@type":"PostalAddress","streetAddress":"san antonio 4,","postalCode":"33430","addressLocality":"Cand\u00e1s","addressRegion":"Asturias","addressCountry":"ES"}},{"@type":"Person","@id":"https:\/\/www.eldigitaldeasturias.com\/noticias\/author\/admin\/#author","url":"https:\/\/www.eldigitaldeasturias.com\/noticias\/author\/admin\/","name":"El Digital de Asturias","image":{"@type":"ImageObject","@id":"https:\/\/www.eldigitaldeasturias.com\/noticias\/sevilla-incorpora-la-bienal-de-flamenco-a-su-oferta-turistica\/#authorImage","url":"https:\/\/www.eldigitaldeasturias.com\/noticias\/wp-content\/litespeed\/avatar\/18677e78aa0546b92d9dbf31ec7d7668.jpg?ver=1777290358","width":96,"height":96,"caption":"El Digital de Asturias"}},{"@type":"WebPage","@id":"https:\/\/www.eldigitaldeasturias.com\/noticias\/sevilla-incorpora-la-bienal-de-flamenco-a-su-oferta-turistica\/#webpage","url":"https:\/\/www.eldigitaldeasturias.com\/noticias\/sevilla-incorpora-la-bienal-de-flamenco-a-su-oferta-turistica\/","name":"Sevilla incorpora la Bienal de Flamenco a su oferta tur\u00edstica - El Digital de Asturias","description":"El delegado de H\u00e1bitat Urbano, Cultura y Turismo en el Ayuntamiento de Sevilla, Antonio Mu\u00f1oz, ha presentado este jueves en Fitur la programaci\u00f3n que conforma el Oto\u00f1o Cultural de la ciudad, en la que destaca la Bienal de Flamenco que, adem\u00e1s, se incorpora a la oferta tur\u00edstica. Ante operadores tur\u00edsticos y prensa, Mu\u00f1oz, que ha","inLanguage":"es-ES","isPartOf":{"@id":"https:\/\/www.eldigitaldeasturias.com\/noticias\/#website"},"breadcrumb":{"@id":"https:\/\/www.eldigitaldeasturias.com\/noticias\/sevilla-incorpora-la-bienal-de-flamenco-a-su-oferta-turistica\/#breadcrumblist"},"author":{"@id":"https:\/\/www.eldigitaldeasturias.com\/noticias\/author\/admin\/#author"},"creator":{"@id":"https:\/\/www.eldigitaldeasturias.com\/noticias\/author\/admin\/#author"},"image":{"@type":"ImageObject","url":"https:\/\/www.eldigitaldeasturias.com\/noticias\/wp-content\/uploads\/2016\/01\/fotonoticia_20160121152741_800.jpg","@id":"https:\/\/www.eldigitaldeasturias.com\/noticias\/sevilla-incorpora-la-bienal-de-flamenco-a-su-oferta-turistica\/#mainImage","width":800,"height":533},"primaryImageOfPage":{"@id":"https:\/\/www.eldigitaldeasturias.com\/noticias\/sevilla-incorpora-la-bienal-de-flamenco-a-su-oferta-turistica\/#mainImage"},"datePublished":"2016-01-23T10:56:19+01:00","dateModified":"2016-01-23T10:56:19+01:00"},{"@type":"WebSite","@id":"https:\/\/www.eldigitaldeasturias.com\/noticias\/#website","url":"https:\/\/www.eldigitaldeasturias.com\/noticias\/","name":"El Digital de Asturias - Diario de actualidad y noticias","alternateName":"El Digital de Asturias - Diario de actualidad y noticias","description":"Hemeroteca","inLanguage":"es-ES","publisher":{"@id":"https:\/\/www.eldigitaldeasturias.com\/noticias\/#organization"}}]},"og:locale":"es_ES","og:site_name":"El Digital de Asturias","og:type":"article","og:title":"Sevilla incorpora la Bienal de Flamenco a su oferta tur\u00edstica - El Digital de Asturias","og:description":"El delegado de H\u00e1bitat Urbano, Cultura y Turismo en el Ayuntamiento de Sevilla, Antonio Mu\u00f1oz, ha presentado este jueves en Fitur la programaci\u00f3n que conforma el Oto\u00f1o Cultural de la ciudad, en la que destaca la Bienal de Flamenco que, adem\u00e1s, se incorpora a la oferta tur\u00edstica. Ante operadores tur\u00edsticos y prensa, Mu\u00f1oz, que ha","og:url":"https:\/\/www.eldigitaldeasturias.com\/noticias\/sevilla-incorpora-la-bienal-de-flamenco-a-su-oferta-turistica\/","og:image":"https:\/\/www.eldigitaldeasturias.com\/noticias\/wp-content\/uploads\/2016\/01\/fotonoticia_20160121152741_800.jpg","og:image:secure_url":"https:\/\/www.eldigitaldeasturias.com\/noticias\/wp-content\/uploads\/2016\/01\/fotonoticia_20160121152741_800.jpg","og:image:width":800,"og:image:height":533,"article:tag":["turismo"],"article:published_time":"2016-01-23T10:56:19+00:00","article:modified_time":"2016-01-23T10:56:19+00:00","article:publisher":"https:\/\/facebook.com\/eldigitaldeasturias","twitter:card":"summary_large_image","twitter:title":"Sevilla incorpora la Bienal de Flamenco a su oferta tur\u00edstica - El Digital de Asturias","twitter:description":"El delegado de H\u00e1bitat Urbano, Cultura y Turismo en el Ayuntamiento de Sevilla, Antonio Mu\u00f1oz, ha presentado este jueves en Fitur la programaci\u00f3n que conforma el Oto\u00f1o Cultural de la ciudad, en la que destaca la Bienal de Flamenco que, adem\u00e1s, se incorpora a la oferta tur\u00edstica. Ante operadores tur\u00edsticos y prensa, Mu\u00f1oz, que ha","twitter:image":"https:\/\/www.eldigitaldeasturias.com\/noticias\/wp-content\/uploads\/2016\/01\/fotonoticia_20160121152741_800.jpg","twitter:label1":"Escrito por","twitter:data1":"El Digital de Asturias","twitter:label2":"Tiempo de lectura estimado","twitter:data2":"4 minutos"},"aioseo_meta_data":{"post_id":"849287","title":null,"description":null,"keywords":null,"keyphrases":null,"primary_term":null,"canonical_url":null,"og_title":null,"og_description":null,"og_object_type":"default","og_image_type":"default","og_image_url":null,"og_image_width":null,"og_image_height":null,"og_image_custom_url":null,"og_image_custom_fields":null,"og_video":null,"og_custom_url":null,"og_article_section":null,"og_article_tags":null,"twitter_use_og":false,"twitter_card":"default","twitter_image_type":"default","twitter_image_url":null,"twitter_image_custom_url":null,"twitter_image_custom_fields":null,"twitter_title":null,"twitter_description":null,"schema":{"blockGraphs":[],"customGraphs":[],"default":{"data":{"Article":[],"Course":[],"Dataset":[],"FAQPage":[],"Movie":[],"Person":[],"Product":[],"ProductReview":[],"Car":[],"Recipe":[],"Service":[],"SoftwareApplication":[],"WebPage":[]},"graphName":"","isEnabled":true},"graphs":[],"defaultGraph":"","defaultPostTypeGraph":""},"schema_type":null,"schema_type_options":null,"pillar_content":false,"robots_default":true,"robots_noindex":false,"robots_noarchive":false,"robots_nosnippet":false,"robots_nofollow":false,"robots_noimageindex":false,"robots_noodp":false,"robots_notranslate":false,"robots_max_snippet":null,"robots_max_videopreview":null,"robots_max_imagepreview":"large","priority":null,"frequency":null,"local_seo":null,"seo_analyzer_scan_date":"2025-12-09 04:12:11","breadcrumb_settings":null,"limit_modified_date":false,"open_ai":null,"ai":null,"created":"2021-01-23 13:38:17","updated":"2025-12-09 04:12:11"},"aioseo_breadcrumb":"<div class=\"aioseo-breadcrumbs\"><span class=\"aioseo-breadcrumb\">\n\t<a href=\"https:\/\/www.eldigitaldeasturias.com\/noticias\" title=\"Home\">Home<\/a>\n<\/span><span class=\"aioseo-breadcrumb-separator\">\u2013<\/span><span class=\"aioseo-breadcrumb\">\n\t<a href=\"https:\/\/www.eldigitaldeasturias.com\/noticias\/category\/turismo\/\" title=\"Turismo\">Turismo<\/a>\n<\/span><span class=\"aioseo-breadcrumb-separator\">\u2013<\/span><span class=\"aioseo-breadcrumb\">\n\t<a href=\"https:\/\/www.eldigitaldeasturias.com\/noticias\/sevilla-incorpora-la-bienal-de-flamenco-a-su-oferta-turistica\/\" title=\"Sevilla incorpora la Bienal de Flamenco a su oferta tur\u00edstica\">Sevilla incorpora la Bienal de Flamenco a su oferta tur\u00edstica<\/a>\n<\/span><\/div>","aioseo_breadcrumb_json":[{"label":"Home","link":"https:\/\/www.eldigitaldeasturias.com\/noticias"},{"label":"Turismo","link":"https:\/\/www.eldigitaldeasturias.com\/noticias\/category\/turismo\/"},{"label":"Sevilla incorpora la Bienal de Flamenco a su oferta tur\u00edstica","link":"https:\/\/www.eldigitaldeasturias.com\/noticias\/sevilla-incorpora-la-bienal-de-flamenco-a-su-oferta-turistica\/"}],"_links":{"self":[{"href":"https:\/\/www.eldigitaldeasturias.com\/noticias\/wp-json\/wp\/v2\/posts\/849287","targetHints":{"allow":["GET"]}}],"collection":[{"href":"https:\/\/www.eldigitaldeasturias.com\/noticias\/wp-json\/wp\/v2\/posts"}],"about":[{"href":"https:\/\/www.eldigitaldeasturias.com\/noticias\/wp-json\/wp\/v2\/types\/post"}],"author":[{"embeddable":true,"href":"https:\/\/www.eldigitaldeasturias.com\/noticias\/wp-json\/wp\/v2\/users\/1"}],"replies":[{"embeddable":true,"href":"https:\/\/www.eldigitaldeasturias.com\/noticias\/wp-json\/wp\/v2\/comments?post=849287"}],"version-history":[{"count":0,"href":"https:\/\/www.eldigitaldeasturias.com\/noticias\/wp-json\/wp\/v2\/posts\/849287\/revisions"}],"wp:featuredmedia":[{"embeddable":true,"href":"https:\/\/www.eldigitaldeasturias.com\/noticias\/wp-json\/wp\/v2\/media\/849288"}],"wp:attachment":[{"href":"https:\/\/www.eldigitaldeasturias.com\/noticias\/wp-json\/wp\/v2\/media?parent=849287"}],"wp:term":[{"taxonomy":"category","embeddable":true,"href":"https:\/\/www.eldigitaldeasturias.com\/noticias\/wp-json\/wp\/v2\/categories?post=849287"},{"taxonomy":"post_tag","embeddable":true,"href":"https:\/\/www.eldigitaldeasturias.com\/noticias\/wp-json\/wp\/v2\/tags?post=849287"}],"curies":[{"name":"wp","href":"https:\/\/api.w.org\/{rel}","templated":true}]}}