{"id":849273,"date":"2016-01-23T10:40:50","date_gmt":"2016-01-23T10:40:50","guid":{"rendered":"http:\/\/www.eldigitaldeasturias.com\/noticias\/?p=849273"},"modified":"2016-01-23T10:40:50","modified_gmt":"2016-01-23T10:40:50","slug":"iberia-volara-a-diario-a-la-habana-con-su-avion-mas-moderno","status":"publish","type":"post","link":"https:\/\/www.eldigitaldeasturias.com\/noticias\/iberia-volara-a-diario-a-la-habana-con-su-avion-mas-moderno\/","title":{"rendered":"Iberia volar\u00e1 a diario a La Habana con su avi\u00f3n m\u00e1s moderno"},"content":{"rendered":"<p><img loading=\"lazy\" decoding=\"async\" class=\"alignleft size-medium wp-image-849274\" src=\"https:\/\/www.eldigitaldeasturias.com\/noticias\/wp-content\/uploads\/2016\/01\/fotonoticia_20160121144208_800-360x270.jpg\" alt=\"fotonoticia_20160121144208_800\" width=\"360\" height=\"270\" srcset=\"https:\/\/www.eldigitaldeasturias.com\/noticias\/wp-content\/uploads\/2016\/01\/fotonoticia_20160121144208_800-360x270.jpg 360w, https:\/\/www.eldigitaldeasturias.com\/noticias\/wp-content\/uploads\/2016\/01\/fotonoticia_20160121144208_800-768x576.jpg 768w, https:\/\/www.eldigitaldeasturias.com\/noticias\/wp-content\/uploads\/2016\/01\/fotonoticia_20160121144208_800-650x488.jpg 650w, https:\/\/www.eldigitaldeasturias.com\/noticias\/wp-content\/uploads\/2016\/01\/fotonoticia_20160121144208_800-125x95.jpg 125w, https:\/\/www.eldigitaldeasturias.com\/noticias\/wp-content\/uploads\/2016\/01\/fotonoticia_20160121144208_800-100x75.jpg 100w, https:\/\/www.eldigitaldeasturias.com\/noticias\/wp-content\/uploads\/2016\/01\/fotonoticia_20160121144208_800.jpg 800w\" sizes=\"auto, (max-width: 360px) 100vw, 360px\" \/>Iberia volar\u00e1 a partir del pr\u00f3ximo 2 de junio diariamente desde Madrid a La Habana (Cuba), muestra de la apuesta que la aerol\u00ednea esta haciendo en la isla y donde reinici\u00f3 sus operaciones en junio del a\u00f1o pasado, ha anunciado hoy la aerol\u00ednea en el marco de su presentaci\u00f3n en Fitur 2016.<\/p>\n<p>En apenas un a\u00f1o, Iberia ha incrementado su oferta con Cuba casi un 30% pasando de cinco frecuencias semanales a seis el pasado mes de diciembre y un vuelo diario el pr\u00f3ximo mes de junio.<\/p>\n<p>Iberia operar\u00e1 en Cuba con su avi\u00f3n m\u00e1s moderno el A330-200 MTOW 242T, con una capacidad m\u00e1xima de despegue de 242 toneladas y un alcance de hasta 11.500 kil\u00f3metros.<\/p>\n<p>Actualmente, opera sus vuelos a La Habana con un A330-300, aparato bimotor, con capacidad para 278 pasajeros, pero a partir de febrero programar\u00e1 algunos de los nuevos vuelos con el nuevo avi\u00f3n que acaba de recibir. El a\u00f1o 2016 estar\u00e1 marcado por la llegada de este nuevo avi\u00f3n a su flota, del que recibir\u00e1 nueve m\u00e1s a lo largo de este a\u00f1o.<\/p>\n<p>Ambos modelos incorporan los nuevos asientos en clase &#8216;business&#8217; y econ\u00f3mica, con servicio WiFi y GSM para mejor conexi\u00f3n de los clientes en ambas cabinas.<\/p>\n<p>\u00abEsto confirma el \u00e9xito de las nuevas rutas y nos da la confianza para seguir creciendo de la manera que lo estamos haciendo\u00bb, explic\u00f3 el director comercial de la compa\u00f1\u00eda, Marco Sansavini, quien asegur\u00f3 que este a\u00f1o ser\u00e1 el de \u00abla globalizaci\u00f3n\u00bb de la compa\u00f1\u00eda.<\/p>\n<p>MEJORES CONEXIONES CON EUROPA.<\/p>\n<p>Los horarios de los vuelos de Iberia entre Madrid y La Habana permiten tambi\u00e9n conexiones desde otros destinos en Espa\u00f1a como Barcelona, Tenerife, Gran Canaria, Bilbao, Mallorca, Vigo, A Coru\u00f1a, o Asturias; y en resto de Europa, como Londres, Par\u00eds, Roma, Mil\u00e1n, \u00c1msterdam, Frankfurt, M\u00fanich, o Z\u00farich.<\/p>\n<p>En total, los vuelos de Iberia con La Habana permiten conectar a trav\u00e9s de la T4 del aeropuerto de Madrid con m\u00e1s de 100 destinos en Europa, \u00c1frica, Oriente Medio y Asia, donde Iberia ha anunciado recientemente vuelos a Tokio y Shangh\u00e1i, lo que, seg\u00fan la compa\u00f1\u00eda \u00abfavorece un mayor tr\u00e1fico de turistas y beneficia los intercambios empresariales a ambos lados del Atl\u00e1ntico\u00bb.<\/p>\n<p>Adem\u00e1s, la compa\u00f1\u00eda volver\u00e1 a volar a Johannesburgo (Sud\u00e1frica) a partir del 1 de agosto de 2016 con tres frecuencias semanales.<\/p>\n<p>AEROL\u00cdNEA GLOBAL<\/p>\n<p>Iberia se ha presentado en Fitur con una \u00abaerol\u00ednea global\u00bb con nueva presencia en el mercado asi\u00e1tico donde empezar\u00e1 a operar el pr\u00f3ximo oto\u00f1o con vuelos directos desde Espa\u00f1a a Tokio y Shangai. Con el lanzamiento de estas nuevas rutas Iberia ofrece ya 128 destinos en 51 pa\u00edses.<\/p>\n<p>El director comercial de la compa\u00f1\u00eda explic\u00f3 que esta mayor proyecci\u00f3n internacional coincide con el 70 aniversario de sus vuelos a Am\u00e9rica Latina. En los \u00faltimos dos a\u00f1os Iberia ha abierto seis nuevos destinos en Am\u00e9rica Latina: Santo Domingo, Montevideo, La Habana, Medell\u00edn y Cali y a partir de mayo tambi\u00e9n San Juan de Puerto Rico.<\/p>\n<p>\u00abEn los \u00faltimos a\u00f1os se ha registrado un crecimiento de la demanda a nivel de volumen aunque a\u00fan se sigue sufriendo en lo referido a ingresos medios. Buscamos la estabilidad del ingreso medio que a\u00fan no se ha logrado\u00bb, concluy\u00f3 el directivo quien eludi\u00f3 concretar a\u00fan posibles rutas desde Barcelona o en que consistir\u00e1 exactamente el acuerdo alcanzado con Latam respecto a rutas o frecuencias.<\/p>\n","protected":false},"excerpt":{"rendered":"<p>Iberia volar\u00e1 a partir del pr\u00f3ximo 2 de junio diariamente desde Madrid a La Habana (Cuba), muestra de la apuesta que la aerol\u00ednea esta haciendo en la isla y donde reinici\u00f3 sus operaciones en junio del a\u00f1o pasado, ha anunciado hoy la aerol\u00ednea en el marco de su presentaci\u00f3n en Fitur 2016. En apenas un [&hellip;]<\/p>\n","protected":false},"author":1,"featured_media":849274,"comment_status":"closed","ping_status":"closed","sticky":false,"template":"","format":"standard","meta":{"footnotes":""},"categories":[148],"tags":[],"class_list":["post-849273","post","type-post","status-publish","format-standard","has-post-thumbnail","hentry","category-turismo"],"aioseo_notices":[],"aioseo_head":"\n\t\t<!-- All in One SEO Pro 4.9.6.2 - aioseo.com -->\n\t<meta name=\"description\" content=\"Iberia volar\u00e1 a partir del pr\u00f3ximo 2 de junio diariamente desde Madrid a La Habana (Cuba), muestra de la apuesta que la aerol\u00ednea esta haciendo en la isla y donde reinici\u00f3 sus operaciones en junio del a\u00f1o pasado, ha anunciado hoy la aerol\u00ednea en el marco de su presentaci\u00f3n en Fitur 2016. En apenas un\" \/>\n\t<meta name=\"robots\" content=\"max-image-preview:large\" \/>\n\t<meta name=\"author\" content=\"El Digital de Asturias\"\/>\n\t<meta name=\"google-site-verification\" content=\"UA-38556648-1\" \/>\n\t<meta name=\"msvalidate.01\" content=\"7dfe9f3f1b24437ab69f4f2559babe99\" \/>\n\t<meta name=\"keywords\" content=\"turismo\" \/>\n\t<link rel=\"canonical\" href=\"https:\/\/www.eldigitaldeasturias.com\/noticias\/iberia-volara-a-diario-a-la-habana-con-su-avion-mas-moderno\/\" \/>\n\t<meta name=\"generator\" content=\"All in One SEO Pro (AIOSEO) 4.9.6.2\" \/>\n\t\t<meta property=\"og:locale\" content=\"es_ES\" \/>\n\t\t<meta property=\"og:site_name\" content=\"El Digital de Asturias\" \/>\n\t\t<meta property=\"og:type\" content=\"article\" \/>\n\t\t<meta property=\"og:title\" content=\"Iberia volar\u00e1 a diario a La Habana con su avi\u00f3n m\u00e1s moderno - El Digital de Asturias\" \/>\n\t\t<meta property=\"og:description\" content=\"Iberia volar\u00e1 a partir del pr\u00f3ximo 2 de junio diariamente desde Madrid a La Habana (Cuba), muestra de la apuesta que la aerol\u00ednea esta haciendo en la isla y donde reinici\u00f3 sus operaciones en junio del a\u00f1o pasado, ha anunciado hoy la aerol\u00ednea en el marco de su presentaci\u00f3n en Fitur 2016. En apenas un\" \/>\n\t\t<meta property=\"og:url\" content=\"https:\/\/www.eldigitaldeasturias.com\/noticias\/iberia-volara-a-diario-a-la-habana-con-su-avion-mas-moderno\/\" \/>\n\t\t<meta property=\"og:image\" content=\"https:\/\/www.eldigitaldeasturias.com\/noticias\/wp-content\/uploads\/2016\/01\/fotonoticia_20160121144208_800.jpg\" \/>\n\t\t<meta property=\"og:image:secure_url\" content=\"https:\/\/www.eldigitaldeasturias.com\/noticias\/wp-content\/uploads\/2016\/01\/fotonoticia_20160121144208_800.jpg\" \/>\n\t\t<meta property=\"og:image:width\" content=\"800\" \/>\n\t\t<meta property=\"og:image:height\" content=\"600\" \/>\n\t\t<meta property=\"article:tag\" content=\"turismo\" \/>\n\t\t<meta property=\"article:published_time\" content=\"2016-01-23T10:40:50+00:00\" \/>\n\t\t<meta property=\"article:modified_time\" content=\"2016-01-23T10:40:50+00:00\" \/>\n\t\t<meta property=\"article:publisher\" content=\"https:\/\/facebook.com\/eldigitaldeasturias\" \/>\n\t\t<meta name=\"twitter:card\" content=\"summary_large_image\" \/>\n\t\t<meta name=\"twitter:title\" content=\"Iberia volar\u00e1 a diario a La Habana con su avi\u00f3n m\u00e1s moderno - El Digital de Asturias\" \/>\n\t\t<meta name=\"twitter:description\" content=\"Iberia volar\u00e1 a partir del pr\u00f3ximo 2 de junio diariamente desde Madrid a La Habana (Cuba), muestra de la apuesta que la aerol\u00ednea esta haciendo en la isla y donde reinici\u00f3 sus operaciones en junio del a\u00f1o pasado, ha anunciado hoy la aerol\u00ednea en el marco de su presentaci\u00f3n en Fitur 2016. En apenas un\" \/>\n\t\t<meta name=\"twitter:image\" content=\"https:\/\/www.eldigitaldeasturias.com\/noticias\/wp-content\/uploads\/2016\/01\/fotonoticia_20160121144208_800.jpg\" \/>\n\t\t<meta name=\"twitter:label1\" content=\"Escrito por\" \/>\n\t\t<meta name=\"twitter:data1\" content=\"El Digital de Asturias\" \/>\n\t\t<meta name=\"twitter:label2\" content=\"Tiempo de lectura estimado\" \/>\n\t\t<meta name=\"twitter:data2\" content=\"3 minutos\" \/>\n\t\t<script type=\"application\/ld+json\" class=\"aioseo-schema\">\n\t\t\t{\"@context\":\"https:\\\/\\\/schema.org\",\"@graph\":[{\"@type\":\"BlogPosting\",\"@id\":\"https:\\\/\\\/www.eldigitaldeasturias.com\\\/noticias\\\/iberia-volara-a-diario-a-la-habana-con-su-avion-mas-moderno\\\/#blogposting\",\"name\":\"Iberia volar\\u00e1 a diario a La Habana con su avi\\u00f3n m\\u00e1s moderno - El Digital de Asturias\",\"headline\":\"Iberia volar\\u00e1 a diario a La Habana con su avi\\u00f3n m\\u00e1s moderno\",\"author\":{\"@id\":\"https:\\\/\\\/www.eldigitaldeasturias.com\\\/noticias\\\/author\\\/admin\\\/#author\"},\"publisher\":{\"@id\":\"https:\\\/\\\/www.eldigitaldeasturias.com\\\/noticias\\\/#organization\"},\"image\":{\"@type\":\"ImageObject\",\"url\":\"https:\\\/\\\/www.eldigitaldeasturias.com\\\/noticias\\\/wp-content\\\/uploads\\\/2016\\\/01\\\/fotonoticia_20160121144208_800.jpg\",\"width\":800,\"height\":600},\"datePublished\":\"2016-01-23T10:40:50+01:00\",\"dateModified\":\"2016-01-23T10:40:50+01:00\",\"inLanguage\":\"es-ES\",\"mainEntityOfPage\":{\"@id\":\"https:\\\/\\\/www.eldigitaldeasturias.com\\\/noticias\\\/iberia-volara-a-diario-a-la-habana-con-su-avion-mas-moderno\\\/#webpage\"},\"isPartOf\":{\"@id\":\"https:\\\/\\\/www.eldigitaldeasturias.com\\\/noticias\\\/iberia-volara-a-diario-a-la-habana-con-su-avion-mas-moderno\\\/#webpage\"},\"articleSection\":\"Turismo\"},{\"@type\":\"BreadcrumbList\",\"@id\":\"https:\\\/\\\/www.eldigitaldeasturias.com\\\/noticias\\\/iberia-volara-a-diario-a-la-habana-con-su-avion-mas-moderno\\\/#breadcrumblist\",\"itemListElement\":[{\"@type\":\"ListItem\",\"@id\":\"https:\\\/\\\/www.eldigitaldeasturias.com\\\/noticias#listItem\",\"position\":1,\"name\":\"Home\",\"item\":\"https:\\\/\\\/www.eldigitaldeasturias.com\\\/noticias\",\"nextItem\":{\"@type\":\"ListItem\",\"@id\":\"https:\\\/\\\/www.eldigitaldeasturias.com\\\/noticias\\\/category\\\/turismo\\\/#listItem\",\"name\":\"Turismo\"}},{\"@type\":\"ListItem\",\"@id\":\"https:\\\/\\\/www.eldigitaldeasturias.com\\\/noticias\\\/category\\\/turismo\\\/#listItem\",\"position\":2,\"name\":\"Turismo\",\"item\":\"https:\\\/\\\/www.eldigitaldeasturias.com\\\/noticias\\\/category\\\/turismo\\\/\",\"nextItem\":{\"@type\":\"ListItem\",\"@id\":\"https:\\\/\\\/www.eldigitaldeasturias.com\\\/noticias\\\/iberia-volara-a-diario-a-la-habana-con-su-avion-mas-moderno\\\/#listItem\",\"name\":\"Iberia volar\\u00e1 a diario a La Habana con su avi\\u00f3n m\\u00e1s moderno\"},\"previousItem\":{\"@type\":\"ListItem\",\"@id\":\"https:\\\/\\\/www.eldigitaldeasturias.com\\\/noticias#listItem\",\"name\":\"Home\"}},{\"@type\":\"ListItem\",\"@id\":\"https:\\\/\\\/www.eldigitaldeasturias.com\\\/noticias\\\/iberia-volara-a-diario-a-la-habana-con-su-avion-mas-moderno\\\/#listItem\",\"position\":3,\"name\":\"Iberia volar\\u00e1 a diario a La Habana con su avi\\u00f3n m\\u00e1s moderno\",\"previousItem\":{\"@type\":\"ListItem\",\"@id\":\"https:\\\/\\\/www.eldigitaldeasturias.com\\\/noticias\\\/category\\\/turismo\\\/#listItem\",\"name\":\"Turismo\"}}]},{\"@type\":\"Organization\",\"@id\":\"https:\\\/\\\/www.eldigitaldeasturias.com\\\/noticias\\\/#organization\",\"name\":\"El Digital de Asturias\",\"description\":\"Hemeroteca\",\"url\":\"https:\\\/\\\/www.eldigitaldeasturias.com\\\/noticias\\\/\",\"email\":\"info@eldigitaldeasturias.com\",\"telephone\":\"+34652131393\",\"logo\":{\"@type\":\"ImageObject\",\"url\":\"https:\\\/\\\/www.eldigitaldeasturias.com\\\/noticias\\\/wp-content\\\/uploads\\\/2020\\\/12\\\/EDA.jpg\",\"@id\":\"https:\\\/\\\/www.eldigitaldeasturias.com\\\/noticias\\\/iberia-volara-a-diario-a-la-habana-con-su-avion-mas-moderno\\\/#organizationLogo\",\"width\":649,\"height\":297},\"image\":{\"@id\":\"https:\\\/\\\/www.eldigitaldeasturias.com\\\/noticias\\\/iberia-volara-a-diario-a-la-habana-con-su-avion-mas-moderno\\\/#organizationLogo\"},\"sameAs\":[\"https:\\\/\\\/facebook.com\\\/eldigitaldeasturias\",\"https:\\\/\\\/www.youtube.com\\\/channel\\\/UCZP-2wLEB9Rv6erhFmqVnvg\"],\"address\":{\"@id\":\"https:\\\/\\\/www.eldigitaldeasturias.com\\\/noticias\\\/#postaladdress\",\"@type\":\"PostalAddress\",\"streetAddress\":\"san antonio 4,\",\"postalCode\":\"33430\",\"addressLocality\":\"Cand\\u00e1s\",\"addressRegion\":\"Asturias\",\"addressCountry\":\"ES\"}},{\"@type\":\"Person\",\"@id\":\"https:\\\/\\\/www.eldigitaldeasturias.com\\\/noticias\\\/author\\\/admin\\\/#author\",\"url\":\"https:\\\/\\\/www.eldigitaldeasturias.com\\\/noticias\\\/author\\\/admin\\\/\",\"name\":\"El Digital de Asturias\",\"image\":{\"@type\":\"ImageObject\",\"@id\":\"https:\\\/\\\/www.eldigitaldeasturias.com\\\/noticias\\\/iberia-volara-a-diario-a-la-habana-con-su-avion-mas-moderno\\\/#authorImage\",\"url\":\"https:\\\/\\\/www.eldigitaldeasturias.com\\\/noticias\\\/wp-content\\\/litespeed\\\/avatar\\\/18677e78aa0546b92d9dbf31ec7d7668.jpg?ver=1777290358\",\"width\":96,\"height\":96,\"caption\":\"El Digital de Asturias\"}},{\"@type\":\"WebPage\",\"@id\":\"https:\\\/\\\/www.eldigitaldeasturias.com\\\/noticias\\\/iberia-volara-a-diario-a-la-habana-con-su-avion-mas-moderno\\\/#webpage\",\"url\":\"https:\\\/\\\/www.eldigitaldeasturias.com\\\/noticias\\\/iberia-volara-a-diario-a-la-habana-con-su-avion-mas-moderno\\\/\",\"name\":\"Iberia volar\\u00e1 a diario a La Habana con su avi\\u00f3n m\\u00e1s moderno - El Digital de Asturias\",\"description\":\"Iberia volar\\u00e1 a partir del pr\\u00f3ximo 2 de junio diariamente desde Madrid a La Habana (Cuba), muestra de la apuesta que la aerol\\u00ednea esta haciendo en la isla y donde reinici\\u00f3 sus operaciones en junio del a\\u00f1o pasado, ha anunciado hoy la aerol\\u00ednea en el marco de su presentaci\\u00f3n en Fitur 2016. En apenas un\",\"inLanguage\":\"es-ES\",\"isPartOf\":{\"@id\":\"https:\\\/\\\/www.eldigitaldeasturias.com\\\/noticias\\\/#website\"},\"breadcrumb\":{\"@id\":\"https:\\\/\\\/www.eldigitaldeasturias.com\\\/noticias\\\/iberia-volara-a-diario-a-la-habana-con-su-avion-mas-moderno\\\/#breadcrumblist\"},\"author\":{\"@id\":\"https:\\\/\\\/www.eldigitaldeasturias.com\\\/noticias\\\/author\\\/admin\\\/#author\"},\"creator\":{\"@id\":\"https:\\\/\\\/www.eldigitaldeasturias.com\\\/noticias\\\/author\\\/admin\\\/#author\"},\"image\":{\"@type\":\"ImageObject\",\"url\":\"https:\\\/\\\/www.eldigitaldeasturias.com\\\/noticias\\\/wp-content\\\/uploads\\\/2016\\\/01\\\/fotonoticia_20160121144208_800.jpg\",\"@id\":\"https:\\\/\\\/www.eldigitaldeasturias.com\\\/noticias\\\/iberia-volara-a-diario-a-la-habana-con-su-avion-mas-moderno\\\/#mainImage\",\"width\":800,\"height\":600},\"primaryImageOfPage\":{\"@id\":\"https:\\\/\\\/www.eldigitaldeasturias.com\\\/noticias\\\/iberia-volara-a-diario-a-la-habana-con-su-avion-mas-moderno\\\/#mainImage\"},\"datePublished\":\"2016-01-23T10:40:50+01:00\",\"dateModified\":\"2016-01-23T10:40:50+01:00\"},{\"@type\":\"WebSite\",\"@id\":\"https:\\\/\\\/www.eldigitaldeasturias.com\\\/noticias\\\/#website\",\"url\":\"https:\\\/\\\/www.eldigitaldeasturias.com\\\/noticias\\\/\",\"name\":\"El Digital de Asturias - Diario de actualidad y noticias\",\"alternateName\":\"El Digital de Asturias - Diario de actualidad y noticias\",\"description\":\"Hemeroteca\",\"inLanguage\":\"es-ES\",\"publisher\":{\"@id\":\"https:\\\/\\\/www.eldigitaldeasturias.com\\\/noticias\\\/#organization\"}}]}\n\t\t<\/script>\n\t\t<!-- All in One SEO Pro -->\r\n\t\t<title>Iberia volar\u00e1 a diario a La Habana con su avi\u00f3n m\u00e1s moderno - El Digital de Asturias<\/title>\n\n","aioseo_head_json":{"title":"Iberia volar\u00e1 a diario a La Habana con su avi\u00f3n m\u00e1s moderno - El Digital de Asturias","description":"Iberia volar\u00e1 a partir del pr\u00f3ximo 2 de junio diariamente desde Madrid a La Habana (Cuba), muestra de la apuesta que la aerol\u00ednea esta haciendo en la isla y donde reinici\u00f3 sus operaciones en junio del a\u00f1o pasado, ha anunciado hoy la aerol\u00ednea en el marco de su presentaci\u00f3n en Fitur 2016. En apenas un","canonical_url":"https:\/\/www.eldigitaldeasturias.com\/noticias\/iberia-volara-a-diario-a-la-habana-con-su-avion-mas-moderno\/","robots":"max-image-preview:large","keywords":"turismo","webmasterTools":{"google-site-verification":"UA-38556648-1","msvalidate.01":"7dfe9f3f1b24437ab69f4f2559babe99","miscellaneous":""},"schema":{"@context":"https:\/\/schema.org","@graph":[{"@type":"BlogPosting","@id":"https:\/\/www.eldigitaldeasturias.com\/noticias\/iberia-volara-a-diario-a-la-habana-con-su-avion-mas-moderno\/#blogposting","name":"Iberia volar\u00e1 a diario a La Habana con su avi\u00f3n m\u00e1s moderno - El Digital de Asturias","headline":"Iberia volar\u00e1 a diario a La Habana con su avi\u00f3n m\u00e1s moderno","author":{"@id":"https:\/\/www.eldigitaldeasturias.com\/noticias\/author\/admin\/#author"},"publisher":{"@id":"https:\/\/www.eldigitaldeasturias.com\/noticias\/#organization"},"image":{"@type":"ImageObject","url":"https:\/\/www.eldigitaldeasturias.com\/noticias\/wp-content\/uploads\/2016\/01\/fotonoticia_20160121144208_800.jpg","width":800,"height":600},"datePublished":"2016-01-23T10:40:50+01:00","dateModified":"2016-01-23T10:40:50+01:00","inLanguage":"es-ES","mainEntityOfPage":{"@id":"https:\/\/www.eldigitaldeasturias.com\/noticias\/iberia-volara-a-diario-a-la-habana-con-su-avion-mas-moderno\/#webpage"},"isPartOf":{"@id":"https:\/\/www.eldigitaldeasturias.com\/noticias\/iberia-volara-a-diario-a-la-habana-con-su-avion-mas-moderno\/#webpage"},"articleSection":"Turismo"},{"@type":"BreadcrumbList","@id":"https:\/\/www.eldigitaldeasturias.com\/noticias\/iberia-volara-a-diario-a-la-habana-con-su-avion-mas-moderno\/#breadcrumblist","itemListElement":[{"@type":"ListItem","@id":"https:\/\/www.eldigitaldeasturias.com\/noticias#listItem","position":1,"name":"Home","item":"https:\/\/www.eldigitaldeasturias.com\/noticias","nextItem":{"@type":"ListItem","@id":"https:\/\/www.eldigitaldeasturias.com\/noticias\/category\/turismo\/#listItem","name":"Turismo"}},{"@type":"ListItem","@id":"https:\/\/www.eldigitaldeasturias.com\/noticias\/category\/turismo\/#listItem","position":2,"name":"Turismo","item":"https:\/\/www.eldigitaldeasturias.com\/noticias\/category\/turismo\/","nextItem":{"@type":"ListItem","@id":"https:\/\/www.eldigitaldeasturias.com\/noticias\/iberia-volara-a-diario-a-la-habana-con-su-avion-mas-moderno\/#listItem","name":"Iberia volar\u00e1 a diario a La Habana con su avi\u00f3n m\u00e1s moderno"},"previousItem":{"@type":"ListItem","@id":"https:\/\/www.eldigitaldeasturias.com\/noticias#listItem","name":"Home"}},{"@type":"ListItem","@id":"https:\/\/www.eldigitaldeasturias.com\/noticias\/iberia-volara-a-diario-a-la-habana-con-su-avion-mas-moderno\/#listItem","position":3,"name":"Iberia volar\u00e1 a diario a La Habana con su avi\u00f3n m\u00e1s moderno","previousItem":{"@type":"ListItem","@id":"https:\/\/www.eldigitaldeasturias.com\/noticias\/category\/turismo\/#listItem","name":"Turismo"}}]},{"@type":"Organization","@id":"https:\/\/www.eldigitaldeasturias.com\/noticias\/#organization","name":"El Digital de Asturias","description":"Hemeroteca","url":"https:\/\/www.eldigitaldeasturias.com\/noticias\/","email":"info@eldigitaldeasturias.com","telephone":"+34652131393","logo":{"@type":"ImageObject","url":"https:\/\/www.eldigitaldeasturias.com\/noticias\/wp-content\/uploads\/2020\/12\/EDA.jpg","@id":"https:\/\/www.eldigitaldeasturias.com\/noticias\/iberia-volara-a-diario-a-la-habana-con-su-avion-mas-moderno\/#organizationLogo","width":649,"height":297},"image":{"@id":"https:\/\/www.eldigitaldeasturias.com\/noticias\/iberia-volara-a-diario-a-la-habana-con-su-avion-mas-moderno\/#organizationLogo"},"sameAs":["https:\/\/facebook.com\/eldigitaldeasturias","https:\/\/www.youtube.com\/channel\/UCZP-2wLEB9Rv6erhFmqVnvg"],"address":{"@id":"https:\/\/www.eldigitaldeasturias.com\/noticias\/#postaladdress","@type":"PostalAddress","streetAddress":"san antonio 4,","postalCode":"33430","addressLocality":"Cand\u00e1s","addressRegion":"Asturias","addressCountry":"ES"}},{"@type":"Person","@id":"https:\/\/www.eldigitaldeasturias.com\/noticias\/author\/admin\/#author","url":"https:\/\/www.eldigitaldeasturias.com\/noticias\/author\/admin\/","name":"El Digital de Asturias","image":{"@type":"ImageObject","@id":"https:\/\/www.eldigitaldeasturias.com\/noticias\/iberia-volara-a-diario-a-la-habana-con-su-avion-mas-moderno\/#authorImage","url":"https:\/\/www.eldigitaldeasturias.com\/noticias\/wp-content\/litespeed\/avatar\/18677e78aa0546b92d9dbf31ec7d7668.jpg?ver=1777290358","width":96,"height":96,"caption":"El Digital de Asturias"}},{"@type":"WebPage","@id":"https:\/\/www.eldigitaldeasturias.com\/noticias\/iberia-volara-a-diario-a-la-habana-con-su-avion-mas-moderno\/#webpage","url":"https:\/\/www.eldigitaldeasturias.com\/noticias\/iberia-volara-a-diario-a-la-habana-con-su-avion-mas-moderno\/","name":"Iberia volar\u00e1 a diario a La Habana con su avi\u00f3n m\u00e1s moderno - El Digital de Asturias","description":"Iberia volar\u00e1 a partir del pr\u00f3ximo 2 de junio diariamente desde Madrid a La Habana (Cuba), muestra de la apuesta que la aerol\u00ednea esta haciendo en la isla y donde reinici\u00f3 sus operaciones en junio del a\u00f1o pasado, ha anunciado hoy la aerol\u00ednea en el marco de su presentaci\u00f3n en Fitur 2016. En apenas un","inLanguage":"es-ES","isPartOf":{"@id":"https:\/\/www.eldigitaldeasturias.com\/noticias\/#website"},"breadcrumb":{"@id":"https:\/\/www.eldigitaldeasturias.com\/noticias\/iberia-volara-a-diario-a-la-habana-con-su-avion-mas-moderno\/#breadcrumblist"},"author":{"@id":"https:\/\/www.eldigitaldeasturias.com\/noticias\/author\/admin\/#author"},"creator":{"@id":"https:\/\/www.eldigitaldeasturias.com\/noticias\/author\/admin\/#author"},"image":{"@type":"ImageObject","url":"https:\/\/www.eldigitaldeasturias.com\/noticias\/wp-content\/uploads\/2016\/01\/fotonoticia_20160121144208_800.jpg","@id":"https:\/\/www.eldigitaldeasturias.com\/noticias\/iberia-volara-a-diario-a-la-habana-con-su-avion-mas-moderno\/#mainImage","width":800,"height":600},"primaryImageOfPage":{"@id":"https:\/\/www.eldigitaldeasturias.com\/noticias\/iberia-volara-a-diario-a-la-habana-con-su-avion-mas-moderno\/#mainImage"},"datePublished":"2016-01-23T10:40:50+01:00","dateModified":"2016-01-23T10:40:50+01:00"},{"@type":"WebSite","@id":"https:\/\/www.eldigitaldeasturias.com\/noticias\/#website","url":"https:\/\/www.eldigitaldeasturias.com\/noticias\/","name":"El Digital de Asturias - Diario de actualidad y noticias","alternateName":"El Digital de Asturias - Diario de actualidad y noticias","description":"Hemeroteca","inLanguage":"es-ES","publisher":{"@id":"https:\/\/www.eldigitaldeasturias.com\/noticias\/#organization"}}]},"og:locale":"es_ES","og:site_name":"El Digital de Asturias","og:type":"article","og:title":"Iberia volar\u00e1 a diario a La Habana con su avi\u00f3n m\u00e1s moderno - El Digital de Asturias","og:description":"Iberia volar\u00e1 a partir del pr\u00f3ximo 2 de junio diariamente desde Madrid a La Habana (Cuba), muestra de la apuesta que la aerol\u00ednea esta haciendo en la isla y donde reinici\u00f3 sus operaciones en junio del a\u00f1o pasado, ha anunciado hoy la aerol\u00ednea en el marco de su presentaci\u00f3n en Fitur 2016. En apenas un","og:url":"https:\/\/www.eldigitaldeasturias.com\/noticias\/iberia-volara-a-diario-a-la-habana-con-su-avion-mas-moderno\/","og:image":"https:\/\/www.eldigitaldeasturias.com\/noticias\/wp-content\/uploads\/2016\/01\/fotonoticia_20160121144208_800.jpg","og:image:secure_url":"https:\/\/www.eldigitaldeasturias.com\/noticias\/wp-content\/uploads\/2016\/01\/fotonoticia_20160121144208_800.jpg","og:image:width":800,"og:image:height":600,"article:tag":["turismo"],"article:published_time":"2016-01-23T10:40:50+00:00","article:modified_time":"2016-01-23T10:40:50+00:00","article:publisher":"https:\/\/facebook.com\/eldigitaldeasturias","twitter:card":"summary_large_image","twitter:title":"Iberia volar\u00e1 a diario a La Habana con su avi\u00f3n m\u00e1s moderno - El Digital de Asturias","twitter:description":"Iberia volar\u00e1 a partir del pr\u00f3ximo 2 de junio diariamente desde Madrid a La Habana (Cuba), muestra de la apuesta que la aerol\u00ednea esta haciendo en la isla y donde reinici\u00f3 sus operaciones en junio del a\u00f1o pasado, ha anunciado hoy la aerol\u00ednea en el marco de su presentaci\u00f3n en Fitur 2016. En apenas un","twitter:image":"https:\/\/www.eldigitaldeasturias.com\/noticias\/wp-content\/uploads\/2016\/01\/fotonoticia_20160121144208_800.jpg","twitter:label1":"Escrito por","twitter:data1":"El Digital de Asturias","twitter:label2":"Tiempo de lectura estimado","twitter:data2":"3 minutos"},"aioseo_meta_data":{"post_id":"849273","title":null,"description":null,"keywords":null,"keyphrases":null,"primary_term":null,"canonical_url":null,"og_title":null,"og_description":null,"og_object_type":"default","og_image_type":"default","og_image_url":null,"og_image_width":null,"og_image_height":null,"og_image_custom_url":null,"og_image_custom_fields":null,"og_video":null,"og_custom_url":null,"og_article_section":null,"og_article_tags":null,"twitter_use_og":false,"twitter_card":"default","twitter_image_type":"default","twitter_image_url":null,"twitter_image_custom_url":null,"twitter_image_custom_fields":null,"twitter_title":null,"twitter_description":null,"schema":{"blockGraphs":[],"customGraphs":[],"default":{"data":{"Article":[],"Course":[],"Dataset":[],"FAQPage":[],"Movie":[],"Person":[],"Product":[],"ProductReview":[],"Car":[],"Recipe":[],"Service":[],"SoftwareApplication":[],"WebPage":[]},"graphName":"","isEnabled":true},"graphs":[],"defaultGraph":"","defaultPostTypeGraph":""},"schema_type":null,"schema_type_options":null,"pillar_content":false,"robots_default":true,"robots_noindex":false,"robots_noarchive":false,"robots_nosnippet":false,"robots_nofollow":false,"robots_noimageindex":false,"robots_noodp":false,"robots_notranslate":false,"robots_max_snippet":null,"robots_max_videopreview":null,"robots_max_imagepreview":"large","priority":null,"frequency":null,"local_seo":null,"seo_analyzer_scan_date":"2025-12-09 04:10:13","breadcrumb_settings":null,"limit_modified_date":false,"open_ai":null,"ai":null,"created":"2021-01-23 13:38:17","updated":"2025-12-09 04:10:13"},"aioseo_breadcrumb":"<div class=\"aioseo-breadcrumbs\"><span class=\"aioseo-breadcrumb\">\n\t<a href=\"https:\/\/www.eldigitaldeasturias.com\/noticias\" title=\"Home\">Home<\/a>\n<\/span><span class=\"aioseo-breadcrumb-separator\">\u2013<\/span><span class=\"aioseo-breadcrumb\">\n\t<a href=\"https:\/\/www.eldigitaldeasturias.com\/noticias\/category\/turismo\/\" title=\"Turismo\">Turismo<\/a>\n<\/span><span class=\"aioseo-breadcrumb-separator\">\u2013<\/span><span class=\"aioseo-breadcrumb\">\n\t<a href=\"https:\/\/www.eldigitaldeasturias.com\/noticias\/iberia-volara-a-diario-a-la-habana-con-su-avion-mas-moderno\/\" title=\"Iberia volar\u00e1 a diario a La Habana con su avi\u00f3n m\u00e1s moderno\">Iberia volar\u00e1 a diario a La Habana con su avi\u00f3n m\u00e1s moderno<\/a>\n<\/span><\/div>","aioseo_breadcrumb_json":[{"label":"Home","link":"https:\/\/www.eldigitaldeasturias.com\/noticias"},{"label":"Turismo","link":"https:\/\/www.eldigitaldeasturias.com\/noticias\/category\/turismo\/"},{"label":"Iberia volar\u00e1 a diario a La Habana con su avi\u00f3n m\u00e1s moderno","link":"https:\/\/www.eldigitaldeasturias.com\/noticias\/iberia-volara-a-diario-a-la-habana-con-su-avion-mas-moderno\/"}],"_links":{"self":[{"href":"https:\/\/www.eldigitaldeasturias.com\/noticias\/wp-json\/wp\/v2\/posts\/849273","targetHints":{"allow":["GET"]}}],"collection":[{"href":"https:\/\/www.eldigitaldeasturias.com\/noticias\/wp-json\/wp\/v2\/posts"}],"about":[{"href":"https:\/\/www.eldigitaldeasturias.com\/noticias\/wp-json\/wp\/v2\/types\/post"}],"author":[{"embeddable":true,"href":"https:\/\/www.eldigitaldeasturias.com\/noticias\/wp-json\/wp\/v2\/users\/1"}],"replies":[{"embeddable":true,"href":"https:\/\/www.eldigitaldeasturias.com\/noticias\/wp-json\/wp\/v2\/comments?post=849273"}],"version-history":[{"count":0,"href":"https:\/\/www.eldigitaldeasturias.com\/noticias\/wp-json\/wp\/v2\/posts\/849273\/revisions"}],"wp:featuredmedia":[{"embeddable":true,"href":"https:\/\/www.eldigitaldeasturias.com\/noticias\/wp-json\/wp\/v2\/media\/849274"}],"wp:attachment":[{"href":"https:\/\/www.eldigitaldeasturias.com\/noticias\/wp-json\/wp\/v2\/media?parent=849273"}],"wp:term":[{"taxonomy":"category","embeddable":true,"href":"https:\/\/www.eldigitaldeasturias.com\/noticias\/wp-json\/wp\/v2\/categories?post=849273"},{"taxonomy":"post_tag","embeddable":true,"href":"https:\/\/www.eldigitaldeasturias.com\/noticias\/wp-json\/wp\/v2\/tags?post=849273"}],"curies":[{"name":"wp","href":"https:\/\/api.w.org\/{rel}","templated":true}]}}