{"id":842977,"date":"2016-01-06T14:59:34","date_gmt":"2016-01-06T14:59:34","guid":{"rendered":"http:\/\/www.eldigitaldeasturias.com\/noticias\/?p=842977"},"modified":"2016-01-06T14:59:34","modified_gmt":"2016-01-06T14:59:34","slug":"la-enfermedad-cerebrovascular-detras-de-la-psicosis-en-pacientes-con-alzheimer","status":"publish","type":"post","link":"https:\/\/www.eldigitaldeasturias.com\/noticias\/la-enfermedad-cerebrovascular-detras-de-la-psicosis-en-pacientes-con-alzheimer\/","title":{"rendered":"La enfermedad cerebrovascular, detr\u00e1s de la psicosis en pacientes con Alzheimer"},"content":{"rendered":"<p><img loading=\"lazy\" decoding=\"async\" class=\"alignleft size-medium wp-image-842978\" src=\"https:\/\/www.eldigitaldeasturias.com\/noticias\/wp-content\/uploads\/2016\/01\/fotonoticia_20160105082933_800-360x240.jpg\" alt=\"fotonoticia_20160105082933_800\" width=\"360\" height=\"240\" srcset=\"https:\/\/www.eldigitaldeasturias.com\/noticias\/wp-content\/uploads\/2016\/01\/fotonoticia_20160105082933_800-360x240.jpg 360w, https:\/\/www.eldigitaldeasturias.com\/noticias\/wp-content\/uploads\/2016\/01\/fotonoticia_20160105082933_800-768x513.jpg 768w, https:\/\/www.eldigitaldeasturias.com\/noticias\/wp-content\/uploads\/2016\/01\/fotonoticia_20160105082933_800-650x434.jpg 650w, https:\/\/www.eldigitaldeasturias.com\/noticias\/wp-content\/uploads\/2016\/01\/fotonoticia_20160105082933_800-84x55.jpg 84w, https:\/\/www.eldigitaldeasturias.com\/noticias\/wp-content\/uploads\/2016\/01\/fotonoticia_20160105082933_800-49x32.jpg 49w, https:\/\/www.eldigitaldeasturias.com\/noticias\/wp-content\/uploads\/2016\/01\/fotonoticia_20160105082933_800.jpg 800w\" sizes=\"auto, (max-width: 360px) 100vw, 360px\" \/>Un estudio que se publica en &#8216;Journal of Alzheimer&#8217;s Disease&#8217; ha descubierto que la patolog\u00eda cerebrovascular es un determinante importante de la psicosis en personas con la enfermedad de Alzheimer. La enfermedad cerebrovascular se trata de un grupo de trastornos que restringen la circulaci\u00f3n de la sangre al cerebro.<\/p>\n<p>Cerca de la mitad de todos los pacientes con Alzheimer desarrollan s\u00edntomas de psicosis, como delirios o alucinaciones, pero los mecanismos patol\u00f3gicos que subyacen a los s\u00edntomas psic\u00f3ticos no est\u00e1n claros, lo que limita la capacidad para gestionarlos y tratarlos. Algunos estudios han sugerido que est\u00e1n vinculados con las causas subyacentes del Alzheimer, como los dep\u00f3sitos de prote\u00ednas que se encuentran en el cerebro de pacientes con Alzheimer, pero otros no encontraron correlaci\u00f3n.<\/p>\n<p>Utilizando informaci\u00f3n de la base de datos del Centro Nacional Coordinador del Alzheimer recogida de 29 centros de la enfermedad de Alzheimer en Estados Unidos entre 2005 y 2012, los investigadores, dirigidos por la doctora Corinne Fischer, psiquiatra e investigadora en el Hospital St. Michael, en Canad\u00e1, analizaron los datos de la autopsia de 1.073 personas.<\/p>\n<p>De las 890 personas que hab\u00edan sido diagnosticadas cl\u00ednicamente con la enfermedad de Alzheimer mientras estaban vivas, las personas con mayor probabilidad de ser psic\u00f3ticas fueron aquellas cuyas autopsias demostraron que presentaban m\u00e1s signos f\u00edsicos de Alzheimer, como placas neur\u00edticas (dep\u00f3sitos de prote\u00ednas) y ovillos neurofibrilares (fibras retorcidas ubicadas dentro de las c\u00e9lulas cerebrales).<\/p>\n<p>Pero cuando estudiaron a las 728 personas cuyas autopsias confirmaron que ten\u00edan la enfermedad de Alzheimer, las personas con psicosis no mostraron aumento de la evidencia f\u00edsica de Alzheimer. El Alzheimer s\u00f3lo se puede confirmar a trav\u00e9s de una autopsia, por lo que algunos pacientes en el grupo cl\u00ednicamente diagnosticado hab\u00edan sido mal diagnosticados con Alzheimer.<\/p>\n<p>En ambos grupos de pacientes, la psicosis se correlacion\u00f3 significativamente con cuerpos de Lewy, agregados anormales de prote\u00ednas que se hallan en las c\u00e9lulas nerviosas de pacientes con la enfermedad de Parkinson. Esto no fue un hallazgo inesperado, ya que la psicosis es prominente cuando la demencia acompa\u00f1a a la patolog\u00eda de Parkinson.<\/p>\n<p>Lo que fue totalmente inesperado fue el papel prominente en la psicosis de los factores de riesgo vascular (hipertensi\u00f3n, diabetes, edad al dejar de fumar) y lesiones cerebrales relacionadas con la enfermedad de los vasos sangu\u00edneos peque\u00f1os.<\/p>\n<p>Se cree que alrededor de un 19 por ciento de las personas con Alzheimer que viven en la comunidad (en lugar de en las instituciones) tiene delirios y un 14 por ciento, alucinaciones. Los s\u00edntomas psic\u00f3ticos son significativos en los pacientes de Alzheimer, ya que se ha demostrado que se asocian con un aumento de la carga de los cuidadores, incremento de la disminuci\u00f3n funcional y una progresi\u00f3n m\u00e1s r\u00e1pida de la enfermedad.<\/p>\n","protected":false},"excerpt":{"rendered":"<p>Un estudio que se publica en &#8216;Journal of Alzheimer&#8217;s Disease&#8217; ha descubierto que la patolog\u00eda cerebrovascular es un determinante importante de la psicosis en personas con la enfermedad de Alzheimer. La enfermedad cerebrovascular se trata de un grupo de trastornos que restringen la circulaci\u00f3n de la sangre al cerebro. Cerca de la mitad de todos [&hellip;]<\/p>\n","protected":false},"author":1,"featured_media":842978,"comment_status":"closed","ping_status":"closed","sticky":false,"template":"","format":"standard","meta":{"footnotes":""},"categories":[28],"tags":[],"class_list":["post-842977","post","type-post","status-publish","format-standard","has-post-thumbnail","hentry","category-sociedad"],"aioseo_notices":[],"aioseo_head":"\n\t\t<!-- All in One SEO Pro 4.9.6.2 - aioseo.com -->\n\t<meta name=\"description\" content=\"Un estudio que se publica en &#039;Journal of Alzheimer&#039;s Disease&#039; ha descubierto que la patolog\u00eda cerebrovascular es un determinante importante de la psicosis en personas con la enfermedad de Alzheimer. La enfermedad cerebrovascular se trata de un grupo de trastornos que restringen la circulaci\u00f3n de la sangre al cerebro. Cerca de la mitad de todos\" \/>\n\t<meta name=\"robots\" content=\"max-image-preview:large\" \/>\n\t<meta name=\"author\" content=\"El Digital de Asturias\"\/>\n\t<meta name=\"google-site-verification\" content=\"UA-38556648-1\" \/>\n\t<meta name=\"msvalidate.01\" content=\"7dfe9f3f1b24437ab69f4f2559babe99\" \/>\n\t<meta name=\"keywords\" content=\"sociedad\" \/>\n\t<link rel=\"canonical\" href=\"https:\/\/www.eldigitaldeasturias.com\/noticias\/la-enfermedad-cerebrovascular-detras-de-la-psicosis-en-pacientes-con-alzheimer\/\" \/>\n\t<meta name=\"generator\" content=\"All in One SEO Pro (AIOSEO) 4.9.6.2\" \/>\n\t\t<meta property=\"og:locale\" content=\"es_ES\" \/>\n\t\t<meta property=\"og:site_name\" content=\"El Digital de Asturias\" \/>\n\t\t<meta property=\"og:type\" content=\"article\" \/>\n\t\t<meta property=\"og:title\" content=\"La enfermedad cerebrovascular, detr\u00e1s de la psicosis en pacientes con Alzheimer - El Digital de Asturias\" \/>\n\t\t<meta property=\"og:description\" content=\"Un estudio que se publica en &#039;Journal of Alzheimer&#039;s Disease&#039; ha descubierto que la patolog\u00eda cerebrovascular es un determinante importante de la psicosis en personas con la enfermedad de Alzheimer. La enfermedad cerebrovascular se trata de un grupo de trastornos que restringen la circulaci\u00f3n de la sangre al cerebro. Cerca de la mitad de todos\" \/>\n\t\t<meta property=\"og:url\" content=\"https:\/\/www.eldigitaldeasturias.com\/noticias\/la-enfermedad-cerebrovascular-detras-de-la-psicosis-en-pacientes-con-alzheimer\/\" \/>\n\t\t<meta property=\"og:image\" content=\"https:\/\/www.eldigitaldeasturias.com\/noticias\/wp-content\/uploads\/2016\/01\/fotonoticia_20160105082933_800.jpg\" \/>\n\t\t<meta property=\"og:image:secure_url\" content=\"https:\/\/www.eldigitaldeasturias.com\/noticias\/wp-content\/uploads\/2016\/01\/fotonoticia_20160105082933_800.jpg\" \/>\n\t\t<meta property=\"og:image:width\" content=\"800\" \/>\n\t\t<meta property=\"og:image:height\" content=\"534\" \/>\n\t\t<meta property=\"article:tag\" content=\"sociedad\" \/>\n\t\t<meta property=\"article:published_time\" content=\"2016-01-06T14:59:34+00:00\" \/>\n\t\t<meta property=\"article:modified_time\" content=\"2016-01-06T14:59:34+00:00\" \/>\n\t\t<meta property=\"article:publisher\" content=\"https:\/\/facebook.com\/eldigitaldeasturias\" \/>\n\t\t<meta name=\"twitter:card\" content=\"summary_large_image\" \/>\n\t\t<meta name=\"twitter:title\" content=\"La enfermedad cerebrovascular, detr\u00e1s de la psicosis en pacientes con Alzheimer - El Digital de Asturias\" \/>\n\t\t<meta name=\"twitter:description\" content=\"Un estudio que se publica en &#039;Journal of Alzheimer&#039;s Disease&#039; ha descubierto que la patolog\u00eda cerebrovascular es un determinante importante de la psicosis en personas con la enfermedad de Alzheimer. La enfermedad cerebrovascular se trata de un grupo de trastornos que restringen la circulaci\u00f3n de la sangre al cerebro. Cerca de la mitad de todos\" \/>\n\t\t<meta name=\"twitter:image\" content=\"https:\/\/www.eldigitaldeasturias.com\/noticias\/wp-content\/uploads\/2016\/01\/fotonoticia_20160105082933_800.jpg\" \/>\n\t\t<meta name=\"twitter:label1\" content=\"Escrito por\" \/>\n\t\t<meta name=\"twitter:data1\" content=\"El Digital de Asturias\" \/>\n\t\t<meta name=\"twitter:label2\" content=\"Tiempo de lectura estimado\" \/>\n\t\t<meta name=\"twitter:data2\" content=\"2 minutos\" \/>\n\t\t<script type=\"application\/ld+json\" class=\"aioseo-schema\">\n\t\t\t{\"@context\":\"https:\\\/\\\/schema.org\",\"@graph\":[{\"@type\":\"BlogPosting\",\"@id\":\"https:\\\/\\\/www.eldigitaldeasturias.com\\\/noticias\\\/la-enfermedad-cerebrovascular-detras-de-la-psicosis-en-pacientes-con-alzheimer\\\/#blogposting\",\"name\":\"La enfermedad cerebrovascular, detr\\u00e1s de la psicosis en pacientes con Alzheimer - El Digital de Asturias\",\"headline\":\"La enfermedad cerebrovascular, detr\\u00e1s de la psicosis en pacientes con Alzheimer\",\"author\":{\"@id\":\"https:\\\/\\\/www.eldigitaldeasturias.com\\\/noticias\\\/author\\\/admin\\\/#author\"},\"publisher\":{\"@id\":\"https:\\\/\\\/www.eldigitaldeasturias.com\\\/noticias\\\/#organization\"},\"image\":{\"@type\":\"ImageObject\",\"url\":\"https:\\\/\\\/www.eldigitaldeasturias.com\\\/noticias\\\/wp-content\\\/uploads\\\/2016\\\/01\\\/fotonoticia_20160105082933_800.jpg\",\"width\":800,\"height\":534},\"datePublished\":\"2016-01-06T14:59:34+01:00\",\"dateModified\":\"2016-01-06T14:59:34+01:00\",\"inLanguage\":\"es-ES\",\"mainEntityOfPage\":{\"@id\":\"https:\\\/\\\/www.eldigitaldeasturias.com\\\/noticias\\\/la-enfermedad-cerebrovascular-detras-de-la-psicosis-en-pacientes-con-alzheimer\\\/#webpage\"},\"isPartOf\":{\"@id\":\"https:\\\/\\\/www.eldigitaldeasturias.com\\\/noticias\\\/la-enfermedad-cerebrovascular-detras-de-la-psicosis-en-pacientes-con-alzheimer\\\/#webpage\"},\"articleSection\":\"Sociedad\"},{\"@type\":\"BreadcrumbList\",\"@id\":\"https:\\\/\\\/www.eldigitaldeasturias.com\\\/noticias\\\/la-enfermedad-cerebrovascular-detras-de-la-psicosis-en-pacientes-con-alzheimer\\\/#breadcrumblist\",\"itemListElement\":[{\"@type\":\"ListItem\",\"@id\":\"https:\\\/\\\/www.eldigitaldeasturias.com\\\/noticias#listItem\",\"position\":1,\"name\":\"Home\",\"item\":\"https:\\\/\\\/www.eldigitaldeasturias.com\\\/noticias\",\"nextItem\":{\"@type\":\"ListItem\",\"@id\":\"https:\\\/\\\/www.eldigitaldeasturias.com\\\/noticias\\\/category\\\/sociedad\\\/#listItem\",\"name\":\"Sociedad\"}},{\"@type\":\"ListItem\",\"@id\":\"https:\\\/\\\/www.eldigitaldeasturias.com\\\/noticias\\\/category\\\/sociedad\\\/#listItem\",\"position\":2,\"name\":\"Sociedad\",\"item\":\"https:\\\/\\\/www.eldigitaldeasturias.com\\\/noticias\\\/category\\\/sociedad\\\/\",\"nextItem\":{\"@type\":\"ListItem\",\"@id\":\"https:\\\/\\\/www.eldigitaldeasturias.com\\\/noticias\\\/la-enfermedad-cerebrovascular-detras-de-la-psicosis-en-pacientes-con-alzheimer\\\/#listItem\",\"name\":\"La enfermedad cerebrovascular, detr\\u00e1s de la psicosis en pacientes con Alzheimer\"},\"previousItem\":{\"@type\":\"ListItem\",\"@id\":\"https:\\\/\\\/www.eldigitaldeasturias.com\\\/noticias#listItem\",\"name\":\"Home\"}},{\"@type\":\"ListItem\",\"@id\":\"https:\\\/\\\/www.eldigitaldeasturias.com\\\/noticias\\\/la-enfermedad-cerebrovascular-detras-de-la-psicosis-en-pacientes-con-alzheimer\\\/#listItem\",\"position\":3,\"name\":\"La enfermedad cerebrovascular, detr\\u00e1s de la psicosis en pacientes con Alzheimer\",\"previousItem\":{\"@type\":\"ListItem\",\"@id\":\"https:\\\/\\\/www.eldigitaldeasturias.com\\\/noticias\\\/category\\\/sociedad\\\/#listItem\",\"name\":\"Sociedad\"}}]},{\"@type\":\"Organization\",\"@id\":\"https:\\\/\\\/www.eldigitaldeasturias.com\\\/noticias\\\/#organization\",\"name\":\"El Digital de Asturias\",\"description\":\"Hemeroteca\",\"url\":\"https:\\\/\\\/www.eldigitaldeasturias.com\\\/noticias\\\/\",\"email\":\"info@eldigitaldeasturias.com\",\"telephone\":\"+34652131393\",\"logo\":{\"@type\":\"ImageObject\",\"url\":\"https:\\\/\\\/www.eldigitaldeasturias.com\\\/noticias\\\/wp-content\\\/uploads\\\/2020\\\/12\\\/EDA.jpg\",\"@id\":\"https:\\\/\\\/www.eldigitaldeasturias.com\\\/noticias\\\/la-enfermedad-cerebrovascular-detras-de-la-psicosis-en-pacientes-con-alzheimer\\\/#organizationLogo\",\"width\":649,\"height\":297},\"image\":{\"@id\":\"https:\\\/\\\/www.eldigitaldeasturias.com\\\/noticias\\\/la-enfermedad-cerebrovascular-detras-de-la-psicosis-en-pacientes-con-alzheimer\\\/#organizationLogo\"},\"sameAs\":[\"https:\\\/\\\/facebook.com\\\/eldigitaldeasturias\",\"https:\\\/\\\/www.youtube.com\\\/channel\\\/UCZP-2wLEB9Rv6erhFmqVnvg\"],\"address\":{\"@id\":\"https:\\\/\\\/www.eldigitaldeasturias.com\\\/noticias\\\/#postaladdress\",\"@type\":\"PostalAddress\",\"streetAddress\":\"san antonio 4,\",\"postalCode\":\"33430\",\"addressLocality\":\"Cand\\u00e1s\",\"addressRegion\":\"Asturias\",\"addressCountry\":\"ES\"}},{\"@type\":\"Person\",\"@id\":\"https:\\\/\\\/www.eldigitaldeasturias.com\\\/noticias\\\/author\\\/admin\\\/#author\",\"url\":\"https:\\\/\\\/www.eldigitaldeasturias.com\\\/noticias\\\/author\\\/admin\\\/\",\"name\":\"El Digital de Asturias\",\"image\":{\"@type\":\"ImageObject\",\"@id\":\"https:\\\/\\\/www.eldigitaldeasturias.com\\\/noticias\\\/la-enfermedad-cerebrovascular-detras-de-la-psicosis-en-pacientes-con-alzheimer\\\/#authorImage\",\"url\":\"https:\\\/\\\/www.eldigitaldeasturias.com\\\/noticias\\\/wp-content\\\/litespeed\\\/avatar\\\/18677e78aa0546b92d9dbf31ec7d7668.jpg?ver=1776685526\",\"width\":96,\"height\":96,\"caption\":\"El Digital de Asturias\"}},{\"@type\":\"WebPage\",\"@id\":\"https:\\\/\\\/www.eldigitaldeasturias.com\\\/noticias\\\/la-enfermedad-cerebrovascular-detras-de-la-psicosis-en-pacientes-con-alzheimer\\\/#webpage\",\"url\":\"https:\\\/\\\/www.eldigitaldeasturias.com\\\/noticias\\\/la-enfermedad-cerebrovascular-detras-de-la-psicosis-en-pacientes-con-alzheimer\\\/\",\"name\":\"La enfermedad cerebrovascular, detr\\u00e1s de la psicosis en pacientes con Alzheimer - El Digital de Asturias\",\"description\":\"Un estudio que se publica en 'Journal of Alzheimer's Disease' ha descubierto que la patolog\\u00eda cerebrovascular es un determinante importante de la psicosis en personas con la enfermedad de Alzheimer. La enfermedad cerebrovascular se trata de un grupo de trastornos que restringen la circulaci\\u00f3n de la sangre al cerebro. Cerca de la mitad de todos\",\"inLanguage\":\"es-ES\",\"isPartOf\":{\"@id\":\"https:\\\/\\\/www.eldigitaldeasturias.com\\\/noticias\\\/#website\"},\"breadcrumb\":{\"@id\":\"https:\\\/\\\/www.eldigitaldeasturias.com\\\/noticias\\\/la-enfermedad-cerebrovascular-detras-de-la-psicosis-en-pacientes-con-alzheimer\\\/#breadcrumblist\"},\"author\":{\"@id\":\"https:\\\/\\\/www.eldigitaldeasturias.com\\\/noticias\\\/author\\\/admin\\\/#author\"},\"creator\":{\"@id\":\"https:\\\/\\\/www.eldigitaldeasturias.com\\\/noticias\\\/author\\\/admin\\\/#author\"},\"image\":{\"@type\":\"ImageObject\",\"url\":\"https:\\\/\\\/www.eldigitaldeasturias.com\\\/noticias\\\/wp-content\\\/uploads\\\/2016\\\/01\\\/fotonoticia_20160105082933_800.jpg\",\"@id\":\"https:\\\/\\\/www.eldigitaldeasturias.com\\\/noticias\\\/la-enfermedad-cerebrovascular-detras-de-la-psicosis-en-pacientes-con-alzheimer\\\/#mainImage\",\"width\":800,\"height\":534},\"primaryImageOfPage\":{\"@id\":\"https:\\\/\\\/www.eldigitaldeasturias.com\\\/noticias\\\/la-enfermedad-cerebrovascular-detras-de-la-psicosis-en-pacientes-con-alzheimer\\\/#mainImage\"},\"datePublished\":\"2016-01-06T14:59:34+01:00\",\"dateModified\":\"2016-01-06T14:59:34+01:00\"},{\"@type\":\"WebSite\",\"@id\":\"https:\\\/\\\/www.eldigitaldeasturias.com\\\/noticias\\\/#website\",\"url\":\"https:\\\/\\\/www.eldigitaldeasturias.com\\\/noticias\\\/\",\"name\":\"El Digital de Asturias - Diario de actualidad y noticias\",\"alternateName\":\"El Digital de Asturias - Diario de actualidad y noticias\",\"description\":\"Hemeroteca\",\"inLanguage\":\"es-ES\",\"publisher\":{\"@id\":\"https:\\\/\\\/www.eldigitaldeasturias.com\\\/noticias\\\/#organization\"}}]}\n\t\t<\/script>\n\t\t<!-- All in One SEO Pro -->\r\n\t\t<title>La enfermedad cerebrovascular, detr\u00e1s de la psicosis en pacientes con Alzheimer - El Digital de Asturias<\/title>\n\n","aioseo_head_json":{"title":"La enfermedad cerebrovascular, detr\u00e1s de la psicosis en pacientes con Alzheimer - El Digital de Asturias","description":"Un estudio que se publica en 'Journal of Alzheimer's Disease' ha descubierto que la patolog\u00eda cerebrovascular es un determinante importante de la psicosis en personas con la enfermedad de Alzheimer. La enfermedad cerebrovascular se trata de un grupo de trastornos que restringen la circulaci\u00f3n de la sangre al cerebro. Cerca de la mitad de todos","canonical_url":"https:\/\/www.eldigitaldeasturias.com\/noticias\/la-enfermedad-cerebrovascular-detras-de-la-psicosis-en-pacientes-con-alzheimer\/","robots":"max-image-preview:large","keywords":"sociedad","webmasterTools":{"google-site-verification":"UA-38556648-1","msvalidate.01":"7dfe9f3f1b24437ab69f4f2559babe99","miscellaneous":""},"schema":{"@context":"https:\/\/schema.org","@graph":[{"@type":"BlogPosting","@id":"https:\/\/www.eldigitaldeasturias.com\/noticias\/la-enfermedad-cerebrovascular-detras-de-la-psicosis-en-pacientes-con-alzheimer\/#blogposting","name":"La enfermedad cerebrovascular, detr\u00e1s de la psicosis en pacientes con Alzheimer - El Digital de Asturias","headline":"La enfermedad cerebrovascular, detr\u00e1s de la psicosis en pacientes con Alzheimer","author":{"@id":"https:\/\/www.eldigitaldeasturias.com\/noticias\/author\/admin\/#author"},"publisher":{"@id":"https:\/\/www.eldigitaldeasturias.com\/noticias\/#organization"},"image":{"@type":"ImageObject","url":"https:\/\/www.eldigitaldeasturias.com\/noticias\/wp-content\/uploads\/2016\/01\/fotonoticia_20160105082933_800.jpg","width":800,"height":534},"datePublished":"2016-01-06T14:59:34+01:00","dateModified":"2016-01-06T14:59:34+01:00","inLanguage":"es-ES","mainEntityOfPage":{"@id":"https:\/\/www.eldigitaldeasturias.com\/noticias\/la-enfermedad-cerebrovascular-detras-de-la-psicosis-en-pacientes-con-alzheimer\/#webpage"},"isPartOf":{"@id":"https:\/\/www.eldigitaldeasturias.com\/noticias\/la-enfermedad-cerebrovascular-detras-de-la-psicosis-en-pacientes-con-alzheimer\/#webpage"},"articleSection":"Sociedad"},{"@type":"BreadcrumbList","@id":"https:\/\/www.eldigitaldeasturias.com\/noticias\/la-enfermedad-cerebrovascular-detras-de-la-psicosis-en-pacientes-con-alzheimer\/#breadcrumblist","itemListElement":[{"@type":"ListItem","@id":"https:\/\/www.eldigitaldeasturias.com\/noticias#listItem","position":1,"name":"Home","item":"https:\/\/www.eldigitaldeasturias.com\/noticias","nextItem":{"@type":"ListItem","@id":"https:\/\/www.eldigitaldeasturias.com\/noticias\/category\/sociedad\/#listItem","name":"Sociedad"}},{"@type":"ListItem","@id":"https:\/\/www.eldigitaldeasturias.com\/noticias\/category\/sociedad\/#listItem","position":2,"name":"Sociedad","item":"https:\/\/www.eldigitaldeasturias.com\/noticias\/category\/sociedad\/","nextItem":{"@type":"ListItem","@id":"https:\/\/www.eldigitaldeasturias.com\/noticias\/la-enfermedad-cerebrovascular-detras-de-la-psicosis-en-pacientes-con-alzheimer\/#listItem","name":"La enfermedad cerebrovascular, detr\u00e1s de la psicosis en pacientes con Alzheimer"},"previousItem":{"@type":"ListItem","@id":"https:\/\/www.eldigitaldeasturias.com\/noticias#listItem","name":"Home"}},{"@type":"ListItem","@id":"https:\/\/www.eldigitaldeasturias.com\/noticias\/la-enfermedad-cerebrovascular-detras-de-la-psicosis-en-pacientes-con-alzheimer\/#listItem","position":3,"name":"La enfermedad cerebrovascular, detr\u00e1s de la psicosis en pacientes con Alzheimer","previousItem":{"@type":"ListItem","@id":"https:\/\/www.eldigitaldeasturias.com\/noticias\/category\/sociedad\/#listItem","name":"Sociedad"}}]},{"@type":"Organization","@id":"https:\/\/www.eldigitaldeasturias.com\/noticias\/#organization","name":"El Digital de Asturias","description":"Hemeroteca","url":"https:\/\/www.eldigitaldeasturias.com\/noticias\/","email":"info@eldigitaldeasturias.com","telephone":"+34652131393","logo":{"@type":"ImageObject","url":"https:\/\/www.eldigitaldeasturias.com\/noticias\/wp-content\/uploads\/2020\/12\/EDA.jpg","@id":"https:\/\/www.eldigitaldeasturias.com\/noticias\/la-enfermedad-cerebrovascular-detras-de-la-psicosis-en-pacientes-con-alzheimer\/#organizationLogo","width":649,"height":297},"image":{"@id":"https:\/\/www.eldigitaldeasturias.com\/noticias\/la-enfermedad-cerebrovascular-detras-de-la-psicosis-en-pacientes-con-alzheimer\/#organizationLogo"},"sameAs":["https:\/\/facebook.com\/eldigitaldeasturias","https:\/\/www.youtube.com\/channel\/UCZP-2wLEB9Rv6erhFmqVnvg"],"address":{"@id":"https:\/\/www.eldigitaldeasturias.com\/noticias\/#postaladdress","@type":"PostalAddress","streetAddress":"san antonio 4,","postalCode":"33430","addressLocality":"Cand\u00e1s","addressRegion":"Asturias","addressCountry":"ES"}},{"@type":"Person","@id":"https:\/\/www.eldigitaldeasturias.com\/noticias\/author\/admin\/#author","url":"https:\/\/www.eldigitaldeasturias.com\/noticias\/author\/admin\/","name":"El Digital de Asturias","image":{"@type":"ImageObject","@id":"https:\/\/www.eldigitaldeasturias.com\/noticias\/la-enfermedad-cerebrovascular-detras-de-la-psicosis-en-pacientes-con-alzheimer\/#authorImage","url":"https:\/\/www.eldigitaldeasturias.com\/noticias\/wp-content\/litespeed\/avatar\/18677e78aa0546b92d9dbf31ec7d7668.jpg?ver=1776685526","width":96,"height":96,"caption":"El Digital de Asturias"}},{"@type":"WebPage","@id":"https:\/\/www.eldigitaldeasturias.com\/noticias\/la-enfermedad-cerebrovascular-detras-de-la-psicosis-en-pacientes-con-alzheimer\/#webpage","url":"https:\/\/www.eldigitaldeasturias.com\/noticias\/la-enfermedad-cerebrovascular-detras-de-la-psicosis-en-pacientes-con-alzheimer\/","name":"La enfermedad cerebrovascular, detr\u00e1s de la psicosis en pacientes con Alzheimer - El Digital de Asturias","description":"Un estudio que se publica en 'Journal of Alzheimer's Disease' ha descubierto que la patolog\u00eda cerebrovascular es un determinante importante de la psicosis en personas con la enfermedad de Alzheimer. La enfermedad cerebrovascular se trata de un grupo de trastornos que restringen la circulaci\u00f3n de la sangre al cerebro. Cerca de la mitad de todos","inLanguage":"es-ES","isPartOf":{"@id":"https:\/\/www.eldigitaldeasturias.com\/noticias\/#website"},"breadcrumb":{"@id":"https:\/\/www.eldigitaldeasturias.com\/noticias\/la-enfermedad-cerebrovascular-detras-de-la-psicosis-en-pacientes-con-alzheimer\/#breadcrumblist"},"author":{"@id":"https:\/\/www.eldigitaldeasturias.com\/noticias\/author\/admin\/#author"},"creator":{"@id":"https:\/\/www.eldigitaldeasturias.com\/noticias\/author\/admin\/#author"},"image":{"@type":"ImageObject","url":"https:\/\/www.eldigitaldeasturias.com\/noticias\/wp-content\/uploads\/2016\/01\/fotonoticia_20160105082933_800.jpg","@id":"https:\/\/www.eldigitaldeasturias.com\/noticias\/la-enfermedad-cerebrovascular-detras-de-la-psicosis-en-pacientes-con-alzheimer\/#mainImage","width":800,"height":534},"primaryImageOfPage":{"@id":"https:\/\/www.eldigitaldeasturias.com\/noticias\/la-enfermedad-cerebrovascular-detras-de-la-psicosis-en-pacientes-con-alzheimer\/#mainImage"},"datePublished":"2016-01-06T14:59:34+01:00","dateModified":"2016-01-06T14:59:34+01:00"},{"@type":"WebSite","@id":"https:\/\/www.eldigitaldeasturias.com\/noticias\/#website","url":"https:\/\/www.eldigitaldeasturias.com\/noticias\/","name":"El Digital de Asturias - Diario de actualidad y noticias","alternateName":"El Digital de Asturias - Diario de actualidad y noticias","description":"Hemeroteca","inLanguage":"es-ES","publisher":{"@id":"https:\/\/www.eldigitaldeasturias.com\/noticias\/#organization"}}]},"og:locale":"es_ES","og:site_name":"El Digital de Asturias","og:type":"article","og:title":"La enfermedad cerebrovascular, detr\u00e1s de la psicosis en pacientes con Alzheimer - El Digital de Asturias","og:description":"Un estudio que se publica en 'Journal of Alzheimer's Disease' ha descubierto que la patolog\u00eda cerebrovascular es un determinante importante de la psicosis en personas con la enfermedad de Alzheimer. La enfermedad cerebrovascular se trata de un grupo de trastornos que restringen la circulaci\u00f3n de la sangre al cerebro. Cerca de la mitad de todos","og:url":"https:\/\/www.eldigitaldeasturias.com\/noticias\/la-enfermedad-cerebrovascular-detras-de-la-psicosis-en-pacientes-con-alzheimer\/","og:image":"https:\/\/www.eldigitaldeasturias.com\/noticias\/wp-content\/uploads\/2016\/01\/fotonoticia_20160105082933_800.jpg","og:image:secure_url":"https:\/\/www.eldigitaldeasturias.com\/noticias\/wp-content\/uploads\/2016\/01\/fotonoticia_20160105082933_800.jpg","og:image:width":800,"og:image:height":534,"article:tag":["sociedad"],"article:published_time":"2016-01-06T14:59:34+00:00","article:modified_time":"2016-01-06T14:59:34+00:00","article:publisher":"https:\/\/facebook.com\/eldigitaldeasturias","twitter:card":"summary_large_image","twitter:title":"La enfermedad cerebrovascular, detr\u00e1s de la psicosis en pacientes con Alzheimer - El Digital de Asturias","twitter:description":"Un estudio que se publica en 'Journal of Alzheimer's Disease' ha descubierto que la patolog\u00eda cerebrovascular es un determinante importante de la psicosis en personas con la enfermedad de Alzheimer. La enfermedad cerebrovascular se trata de un grupo de trastornos que restringen la circulaci\u00f3n de la sangre al cerebro. Cerca de la mitad de todos","twitter:image":"https:\/\/www.eldigitaldeasturias.com\/noticias\/wp-content\/uploads\/2016\/01\/fotonoticia_20160105082933_800.jpg","twitter:label1":"Escrito por","twitter:data1":"El Digital de Asturias","twitter:label2":"Tiempo de lectura estimado","twitter:data2":"2 minutos"},"aioseo_meta_data":{"post_id":"842977","title":null,"description":null,"keywords":null,"keyphrases":null,"primary_term":null,"canonical_url":null,"og_title":null,"og_description":null,"og_object_type":"default","og_image_type":"default","og_image_url":null,"og_image_width":null,"og_image_height":null,"og_image_custom_url":null,"og_image_custom_fields":null,"og_video":null,"og_custom_url":null,"og_article_section":null,"og_article_tags":null,"twitter_use_og":false,"twitter_card":"default","twitter_image_type":"default","twitter_image_url":null,"twitter_image_custom_url":null,"twitter_image_custom_fields":null,"twitter_title":null,"twitter_description":null,"schema":{"blockGraphs":[],"customGraphs":[],"default":{"data":{"Article":[],"Course":[],"Dataset":[],"FAQPage":[],"Movie":[],"Person":[],"Product":[],"ProductReview":[],"Car":[],"Recipe":[],"Service":[],"SoftwareApplication":[],"WebPage":[]},"graphName":"","isEnabled":true},"graphs":[],"defaultGraph":"","defaultPostTypeGraph":""},"schema_type":null,"schema_type_options":null,"pillar_content":false,"robots_default":true,"robots_noindex":false,"robots_noarchive":false,"robots_nosnippet":false,"robots_nofollow":false,"robots_noimageindex":false,"robots_noodp":false,"robots_notranslate":false,"robots_max_snippet":null,"robots_max_videopreview":null,"robots_max_imagepreview":"large","priority":null,"frequency":null,"local_seo":null,"seo_analyzer_scan_date":"2025-12-08 05:42:09","breadcrumb_settings":null,"limit_modified_date":false,"open_ai":null,"ai":null,"created":"2021-01-23 12:57:15","updated":"2025-12-08 05:42:09"},"aioseo_breadcrumb":"<div class=\"aioseo-breadcrumbs\"><span class=\"aioseo-breadcrumb\">\n\t<a href=\"https:\/\/www.eldigitaldeasturias.com\/noticias\" title=\"Home\">Home<\/a>\n<\/span><span class=\"aioseo-breadcrumb-separator\">\u2013<\/span><span class=\"aioseo-breadcrumb\">\n\t<a href=\"https:\/\/www.eldigitaldeasturias.com\/noticias\/category\/sociedad\/\" title=\"Sociedad\">Sociedad<\/a>\n<\/span><span class=\"aioseo-breadcrumb-separator\">\u2013<\/span><span class=\"aioseo-breadcrumb\">\n\t<a href=\"https:\/\/www.eldigitaldeasturias.com\/noticias\/la-enfermedad-cerebrovascular-detras-de-la-psicosis-en-pacientes-con-alzheimer\/\" title=\"La enfermedad cerebrovascular, detr\u00e1s de la psicosis en pacientes con Alzheimer\">La enfermedad cerebrovascular, detr\u00e1s de la psicosis en pacientes con Alzheimer<\/a>\n<\/span><\/div>","aioseo_breadcrumb_json":[{"label":"Home","link":"https:\/\/www.eldigitaldeasturias.com\/noticias"},{"label":"Sociedad","link":"https:\/\/www.eldigitaldeasturias.com\/noticias\/category\/sociedad\/"},{"label":"La enfermedad cerebrovascular, detr\u00e1s de la psicosis en pacientes con Alzheimer","link":"https:\/\/www.eldigitaldeasturias.com\/noticias\/la-enfermedad-cerebrovascular-detras-de-la-psicosis-en-pacientes-con-alzheimer\/"}],"_links":{"self":[{"href":"https:\/\/www.eldigitaldeasturias.com\/noticias\/wp-json\/wp\/v2\/posts\/842977","targetHints":{"allow":["GET"]}}],"collection":[{"href":"https:\/\/www.eldigitaldeasturias.com\/noticias\/wp-json\/wp\/v2\/posts"}],"about":[{"href":"https:\/\/www.eldigitaldeasturias.com\/noticias\/wp-json\/wp\/v2\/types\/post"}],"author":[{"embeddable":true,"href":"https:\/\/www.eldigitaldeasturias.com\/noticias\/wp-json\/wp\/v2\/users\/1"}],"replies":[{"embeddable":true,"href":"https:\/\/www.eldigitaldeasturias.com\/noticias\/wp-json\/wp\/v2\/comments?post=842977"}],"version-history":[{"count":0,"href":"https:\/\/www.eldigitaldeasturias.com\/noticias\/wp-json\/wp\/v2\/posts\/842977\/revisions"}],"wp:featuredmedia":[{"embeddable":true,"href":"https:\/\/www.eldigitaldeasturias.com\/noticias\/wp-json\/wp\/v2\/media\/842978"}],"wp:attachment":[{"href":"https:\/\/www.eldigitaldeasturias.com\/noticias\/wp-json\/wp\/v2\/media?parent=842977"}],"wp:term":[{"taxonomy":"category","embeddable":true,"href":"https:\/\/www.eldigitaldeasturias.com\/noticias\/wp-json\/wp\/v2\/categories?post=842977"},{"taxonomy":"post_tag","embeddable":true,"href":"https:\/\/www.eldigitaldeasturias.com\/noticias\/wp-json\/wp\/v2\/tags?post=842977"}],"curies":[{"name":"wp","href":"https:\/\/api.w.org\/{rel}","templated":true}]}}