{"id":830350,"date":"2015-11-30T11:40:21","date_gmt":"2015-11-30T11:40:21","guid":{"rendered":"http:\/\/www.eldigitaldeasturias.com\/noticias\/?p=830350"},"modified":"2015-11-30T11:40:21","modified_gmt":"2015-11-30T11:40:21","slug":"renfe-celebra-en-andalucia-la-cyber-week-con-ofertas-en-38-trayectos","status":"publish","type":"post","link":"https:\/\/www.eldigitaldeasturias.com\/noticias\/renfe-celebra-en-andalucia-la-cyber-week-con-ofertas-en-38-trayectos\/","title":{"rendered":"Renfe celebra en Andaluc\u00eda la &#8216;Cyber Week&#8217; con ofertas en 38 trayectos"},"content":{"rendered":"<p><img loading=\"lazy\" decoding=\"async\" class=\"alignleft size-medium wp-image-830351\" src=\"https:\/\/www.eldigitaldeasturias.com\/noticias\/wp-content\/uploads\/2015\/11\/fotonoticia_20151126161759_800-360x243.jpg\" alt=\"fotonoticia_20151126161759_800\" width=\"360\" height=\"243\" srcset=\"https:\/\/www.eldigitaldeasturias.com\/noticias\/wp-content\/uploads\/2015\/11\/fotonoticia_20151126161759_800-360x243.jpg 360w, https:\/\/www.eldigitaldeasturias.com\/noticias\/wp-content\/uploads\/2015\/11\/fotonoticia_20151126161759_800-768x517.jpg 768w, https:\/\/www.eldigitaldeasturias.com\/noticias\/wp-content\/uploads\/2015\/11\/fotonoticia_20151126161759_800-650x438.jpg 650w, https:\/\/www.eldigitaldeasturias.com\/noticias\/wp-content\/uploads\/2015\/11\/fotonoticia_20151126161759_800-260x175.jpg 260w, https:\/\/www.eldigitaldeasturias.com\/noticias\/wp-content\/uploads\/2015\/11\/fotonoticia_20151126161759_800-49x32.jpg 49w, https:\/\/www.eldigitaldeasturias.com\/noticias\/wp-content\/uploads\/2015\/11\/fotonoticia_20151126161759_800.jpg 800w\" sizes=\"auto, (max-width: 360px) 100vw, 360px\" \/>Renfe.com se suma a la cita del &#8216;Black Friday&#8217; y el &#8216;Cyber Monday&#8217; con una semana de rebajas en las que la operadora saca a la venta un mill\u00f3n y medio de plazas para viajar en trenes AVE y Larga Distancia con descuentos de hasta el 70 por ciento. En Andaluc\u00eda las ofertas afectan a 38 trayectos.<\/p>\n<p>Renfe ha bautizado esta campa\u00f1a como &#8216;Cyber Week&#8217; y ofrece a sus clientes una semana de venta promocional, desde este viernes 27 de noviembre al jueves 3 de diciembre, con ofertas para viajar hasta el 29 de febrero. La campa\u00f1a ofrece viajar entre el centro de las ciudades, con el mejor tiempo de viaje, y varias frecuencias diarias por precios muy competitivos.<\/p>\n<p>Concretamente, las conexiones con Andaluc\u00eda que presentan ofertas son las relaciones entre Madrid y C\u00e1diz, Algeciras, Huelva, Almer\u00eda, C\u00f3rdoba, M\u00e1laga o Sevilla y precios desde los 14,50 del Madrid-Almer\u00eda a los 24,50 euros de la oferta desde o hacia M\u00e1laga.<\/p>\n<p>Tambi\u00e9n se podr\u00e1 viajar de C\u00e1diz a C\u00f3rdoba por 12,50 euros, de C\u00f3rdoba a Algeciras por 2,50 o de C\u00f3rdoba a M\u00e1laga, desde 13 euros. De la misma forma, hay ofertas de conexi\u00f3n de Sevilla, C\u00f3rdoba y M\u00e1laga con Barcelona, Zaragoza o Valencia a partir de 21,80 euros.<\/p>\n<p>Las plazas de la Cyber Week est\u00e1n a la venta en renfe.com hasta el 3 de diciembre o fin de existencias.<\/p>\n","protected":false},"excerpt":{"rendered":"<p>Renfe.com se suma a la cita del &#8216;Black Friday&#8217; y el &#8216;Cyber Monday&#8217; con una semana de rebajas en las que la operadora saca a la venta un mill\u00f3n y medio de plazas para viajar en trenes AVE y Larga Distancia con descuentos de hasta el 70 por ciento. En Andaluc\u00eda las ofertas afectan a [&hellip;]<\/p>\n","protected":false},"author":1,"featured_media":830351,"comment_status":"closed","ping_status":"closed","sticky":false,"template":"","format":"standard","meta":{"footnotes":""},"categories":[148],"tags":[],"class_list":["post-830350","post","type-post","status-publish","format-standard","has-post-thumbnail","hentry","category-turismo"],"aioseo_notices":[],"aioseo_head":"\n\t\t<!-- All in One SEO Pro 4.9.6.2 - aioseo.com -->\n\t<meta name=\"description\" content=\"Renfe.com se suma a la cita del &#039;Black Friday&#039; y el &#039;Cyber Monday&#039; con una semana de rebajas en las que la operadora saca a la venta un mill\u00f3n y medio de plazas para viajar en trenes AVE y Larga Distancia con descuentos de hasta el 70 por ciento. En Andaluc\u00eda las ofertas afectan a\" \/>\n\t<meta name=\"robots\" content=\"max-image-preview:large\" \/>\n\t<meta name=\"author\" content=\"El Digital de Asturias\"\/>\n\t<meta name=\"google-site-verification\" content=\"UA-38556648-1\" \/>\n\t<meta name=\"msvalidate.01\" content=\"7dfe9f3f1b24437ab69f4f2559babe99\" \/>\n\t<meta name=\"keywords\" content=\"turismo\" \/>\n\t<link rel=\"canonical\" href=\"https:\/\/www.eldigitaldeasturias.com\/noticias\/renfe-celebra-en-andalucia-la-cyber-week-con-ofertas-en-38-trayectos\/\" \/>\n\t<meta name=\"generator\" content=\"All in One SEO Pro (AIOSEO) 4.9.6.2\" \/>\n\t\t<meta property=\"og:locale\" content=\"es_ES\" \/>\n\t\t<meta property=\"og:site_name\" content=\"El Digital de Asturias\" \/>\n\t\t<meta property=\"og:type\" content=\"article\" \/>\n\t\t<meta property=\"og:title\" content=\"Renfe celebra en Andaluc\u00eda la \u2018Cyber Week\u2019 con ofertas en 38 trayectos - El Digital de Asturias\" \/>\n\t\t<meta property=\"og:description\" content=\"Renfe.com se suma a la cita del &#039;Black Friday&#039; y el &#039;Cyber Monday&#039; con una semana de rebajas en las que la operadora saca a la venta un mill\u00f3n y medio de plazas para viajar en trenes AVE y Larga Distancia con descuentos de hasta el 70 por ciento. En Andaluc\u00eda las ofertas afectan a\" \/>\n\t\t<meta property=\"og:url\" content=\"https:\/\/www.eldigitaldeasturias.com\/noticias\/renfe-celebra-en-andalucia-la-cyber-week-con-ofertas-en-38-trayectos\/\" \/>\n\t\t<meta property=\"og:image\" content=\"https:\/\/www.eldigitaldeasturias.com\/noticias\/wp-content\/uploads\/2015\/11\/fotonoticia_20151126161759_800.jpg\" \/>\n\t\t<meta property=\"og:image:secure_url\" content=\"https:\/\/www.eldigitaldeasturias.com\/noticias\/wp-content\/uploads\/2015\/11\/fotonoticia_20151126161759_800.jpg\" \/>\n\t\t<meta property=\"og:image:width\" content=\"800\" \/>\n\t\t<meta property=\"og:image:height\" content=\"539\" \/>\n\t\t<meta property=\"article:tag\" content=\"turismo\" \/>\n\t\t<meta property=\"article:published_time\" content=\"2015-11-30T11:40:21+00:00\" \/>\n\t\t<meta property=\"article:modified_time\" content=\"2015-11-30T11:40:21+00:00\" \/>\n\t\t<meta property=\"article:publisher\" content=\"https:\/\/facebook.com\/eldigitaldeasturias\" \/>\n\t\t<meta name=\"twitter:card\" content=\"summary_large_image\" \/>\n\t\t<meta name=\"twitter:title\" content=\"Renfe celebra en Andaluc\u00eda la \u2018Cyber Week\u2019 con ofertas en 38 trayectos - El Digital de Asturias\" \/>\n\t\t<meta name=\"twitter:description\" content=\"Renfe.com se suma a la cita del &#039;Black Friday&#039; y el &#039;Cyber Monday&#039; con una semana de rebajas en las que la operadora saca a la venta un mill\u00f3n y medio de plazas para viajar en trenes AVE y Larga Distancia con descuentos de hasta el 70 por ciento. En Andaluc\u00eda las ofertas afectan a\" \/>\n\t\t<meta name=\"twitter:image\" content=\"https:\/\/www.eldigitaldeasturias.com\/noticias\/wp-content\/uploads\/2015\/11\/fotonoticia_20151126161759_800.jpg\" \/>\n\t\t<meta name=\"twitter:label1\" content=\"Escrito por\" \/>\n\t\t<meta name=\"twitter:data1\" content=\"El Digital de Asturias\" \/>\n\t\t<meta name=\"twitter:label2\" content=\"Tiempo de lectura estimado\" \/>\n\t\t<meta name=\"twitter:data2\" content=\"1 minuto\" \/>\n\t\t<script type=\"application\/ld+json\" class=\"aioseo-schema\">\n\t\t\t{\"@context\":\"https:\\\/\\\/schema.org\",\"@graph\":[{\"@type\":\"BlogPosting\",\"@id\":\"https:\\\/\\\/www.eldigitaldeasturias.com\\\/noticias\\\/renfe-celebra-en-andalucia-la-cyber-week-con-ofertas-en-38-trayectos\\\/#blogposting\",\"name\":\"Renfe celebra en Andaluc\\u00eda la \\u2018Cyber Week\\u2019 con ofertas en 38 trayectos - El Digital de Asturias\",\"headline\":\"Renfe celebra en Andaluc\\u00eda la &#8216;Cyber Week&#8217; con ofertas en 38 trayectos\",\"author\":{\"@id\":\"https:\\\/\\\/www.eldigitaldeasturias.com\\\/noticias\\\/author\\\/admin\\\/#author\"},\"publisher\":{\"@id\":\"https:\\\/\\\/www.eldigitaldeasturias.com\\\/noticias\\\/#organization\"},\"image\":{\"@type\":\"ImageObject\",\"url\":\"https:\\\/\\\/www.eldigitaldeasturias.com\\\/noticias\\\/wp-content\\\/uploads\\\/2015\\\/11\\\/fotonoticia_20151126161759_800.jpg\",\"width\":800,\"height\":539},\"datePublished\":\"2015-11-30T11:40:21+01:00\",\"dateModified\":\"2015-11-30T11:40:21+01:00\",\"inLanguage\":\"es-ES\",\"mainEntityOfPage\":{\"@id\":\"https:\\\/\\\/www.eldigitaldeasturias.com\\\/noticias\\\/renfe-celebra-en-andalucia-la-cyber-week-con-ofertas-en-38-trayectos\\\/#webpage\"},\"isPartOf\":{\"@id\":\"https:\\\/\\\/www.eldigitaldeasturias.com\\\/noticias\\\/renfe-celebra-en-andalucia-la-cyber-week-con-ofertas-en-38-trayectos\\\/#webpage\"},\"articleSection\":\"Turismo\"},{\"@type\":\"BreadcrumbList\",\"@id\":\"https:\\\/\\\/www.eldigitaldeasturias.com\\\/noticias\\\/renfe-celebra-en-andalucia-la-cyber-week-con-ofertas-en-38-trayectos\\\/#breadcrumblist\",\"itemListElement\":[{\"@type\":\"ListItem\",\"@id\":\"https:\\\/\\\/www.eldigitaldeasturias.com\\\/noticias#listItem\",\"position\":1,\"name\":\"Home\",\"item\":\"https:\\\/\\\/www.eldigitaldeasturias.com\\\/noticias\",\"nextItem\":{\"@type\":\"ListItem\",\"@id\":\"https:\\\/\\\/www.eldigitaldeasturias.com\\\/noticias\\\/category\\\/turismo\\\/#listItem\",\"name\":\"Turismo\"}},{\"@type\":\"ListItem\",\"@id\":\"https:\\\/\\\/www.eldigitaldeasturias.com\\\/noticias\\\/category\\\/turismo\\\/#listItem\",\"position\":2,\"name\":\"Turismo\",\"item\":\"https:\\\/\\\/www.eldigitaldeasturias.com\\\/noticias\\\/category\\\/turismo\\\/\",\"nextItem\":{\"@type\":\"ListItem\",\"@id\":\"https:\\\/\\\/www.eldigitaldeasturias.com\\\/noticias\\\/renfe-celebra-en-andalucia-la-cyber-week-con-ofertas-en-38-trayectos\\\/#listItem\",\"name\":\"Renfe celebra en Andaluc\\u00eda la &#8216;Cyber Week&#8217; con ofertas en 38 trayectos\"},\"previousItem\":{\"@type\":\"ListItem\",\"@id\":\"https:\\\/\\\/www.eldigitaldeasturias.com\\\/noticias#listItem\",\"name\":\"Home\"}},{\"@type\":\"ListItem\",\"@id\":\"https:\\\/\\\/www.eldigitaldeasturias.com\\\/noticias\\\/renfe-celebra-en-andalucia-la-cyber-week-con-ofertas-en-38-trayectos\\\/#listItem\",\"position\":3,\"name\":\"Renfe celebra en Andaluc\\u00eda la &#8216;Cyber Week&#8217; con ofertas en 38 trayectos\",\"previousItem\":{\"@type\":\"ListItem\",\"@id\":\"https:\\\/\\\/www.eldigitaldeasturias.com\\\/noticias\\\/category\\\/turismo\\\/#listItem\",\"name\":\"Turismo\"}}]},{\"@type\":\"Organization\",\"@id\":\"https:\\\/\\\/www.eldigitaldeasturias.com\\\/noticias\\\/#organization\",\"name\":\"El Digital de Asturias\",\"description\":\"Hemeroteca\",\"url\":\"https:\\\/\\\/www.eldigitaldeasturias.com\\\/noticias\\\/\",\"email\":\"info@eldigitaldeasturias.com\",\"telephone\":\"+34652131393\",\"logo\":{\"@type\":\"ImageObject\",\"url\":\"https:\\\/\\\/www.eldigitaldeasturias.com\\\/noticias\\\/wp-content\\\/uploads\\\/2020\\\/12\\\/EDA.jpg\",\"@id\":\"https:\\\/\\\/www.eldigitaldeasturias.com\\\/noticias\\\/renfe-celebra-en-andalucia-la-cyber-week-con-ofertas-en-38-trayectos\\\/#organizationLogo\",\"width\":649,\"height\":297},\"image\":{\"@id\":\"https:\\\/\\\/www.eldigitaldeasturias.com\\\/noticias\\\/renfe-celebra-en-andalucia-la-cyber-week-con-ofertas-en-38-trayectos\\\/#organizationLogo\"},\"sameAs\":[\"https:\\\/\\\/facebook.com\\\/eldigitaldeasturias\",\"https:\\\/\\\/www.youtube.com\\\/channel\\\/UCZP-2wLEB9Rv6erhFmqVnvg\"],\"address\":{\"@id\":\"https:\\\/\\\/www.eldigitaldeasturias.com\\\/noticias\\\/#postaladdress\",\"@type\":\"PostalAddress\",\"streetAddress\":\"san antonio 4,\",\"postalCode\":\"33430\",\"addressLocality\":\"Cand\\u00e1s\",\"addressRegion\":\"Asturias\",\"addressCountry\":\"ES\"}},{\"@type\":\"Person\",\"@id\":\"https:\\\/\\\/www.eldigitaldeasturias.com\\\/noticias\\\/author\\\/admin\\\/#author\",\"url\":\"https:\\\/\\\/www.eldigitaldeasturias.com\\\/noticias\\\/author\\\/admin\\\/\",\"name\":\"El Digital de Asturias\",\"image\":{\"@type\":\"ImageObject\",\"@id\":\"https:\\\/\\\/www.eldigitaldeasturias.com\\\/noticias\\\/renfe-celebra-en-andalucia-la-cyber-week-con-ofertas-en-38-trayectos\\\/#authorImage\",\"url\":\"https:\\\/\\\/www.eldigitaldeasturias.com\\\/noticias\\\/wp-content\\\/litespeed\\\/avatar\\\/18677e78aa0546b92d9dbf31ec7d7668.jpg?ver=1777290358\",\"width\":96,\"height\":96,\"caption\":\"El Digital de Asturias\"}},{\"@type\":\"WebPage\",\"@id\":\"https:\\\/\\\/www.eldigitaldeasturias.com\\\/noticias\\\/renfe-celebra-en-andalucia-la-cyber-week-con-ofertas-en-38-trayectos\\\/#webpage\",\"url\":\"https:\\\/\\\/www.eldigitaldeasturias.com\\\/noticias\\\/renfe-celebra-en-andalucia-la-cyber-week-con-ofertas-en-38-trayectos\\\/\",\"name\":\"Renfe celebra en Andaluc\\u00eda la \\u2018Cyber Week\\u2019 con ofertas en 38 trayectos - El Digital de Asturias\",\"description\":\"Renfe.com se suma a la cita del 'Black Friday' y el 'Cyber Monday' con una semana de rebajas en las que la operadora saca a la venta un mill\\u00f3n y medio de plazas para viajar en trenes AVE y Larga Distancia con descuentos de hasta el 70 por ciento. En Andaluc\\u00eda las ofertas afectan a\",\"inLanguage\":\"es-ES\",\"isPartOf\":{\"@id\":\"https:\\\/\\\/www.eldigitaldeasturias.com\\\/noticias\\\/#website\"},\"breadcrumb\":{\"@id\":\"https:\\\/\\\/www.eldigitaldeasturias.com\\\/noticias\\\/renfe-celebra-en-andalucia-la-cyber-week-con-ofertas-en-38-trayectos\\\/#breadcrumblist\"},\"author\":{\"@id\":\"https:\\\/\\\/www.eldigitaldeasturias.com\\\/noticias\\\/author\\\/admin\\\/#author\"},\"creator\":{\"@id\":\"https:\\\/\\\/www.eldigitaldeasturias.com\\\/noticias\\\/author\\\/admin\\\/#author\"},\"image\":{\"@type\":\"ImageObject\",\"url\":\"https:\\\/\\\/www.eldigitaldeasturias.com\\\/noticias\\\/wp-content\\\/uploads\\\/2015\\\/11\\\/fotonoticia_20151126161759_800.jpg\",\"@id\":\"https:\\\/\\\/www.eldigitaldeasturias.com\\\/noticias\\\/renfe-celebra-en-andalucia-la-cyber-week-con-ofertas-en-38-trayectos\\\/#mainImage\",\"width\":800,\"height\":539},\"primaryImageOfPage\":{\"@id\":\"https:\\\/\\\/www.eldigitaldeasturias.com\\\/noticias\\\/renfe-celebra-en-andalucia-la-cyber-week-con-ofertas-en-38-trayectos\\\/#mainImage\"},\"datePublished\":\"2015-11-30T11:40:21+01:00\",\"dateModified\":\"2015-11-30T11:40:21+01:00\"},{\"@type\":\"WebSite\",\"@id\":\"https:\\\/\\\/www.eldigitaldeasturias.com\\\/noticias\\\/#website\",\"url\":\"https:\\\/\\\/www.eldigitaldeasturias.com\\\/noticias\\\/\",\"name\":\"El Digital de Asturias - Diario de actualidad y noticias\",\"alternateName\":\"El Digital de Asturias - Diario de actualidad y noticias\",\"description\":\"Hemeroteca\",\"inLanguage\":\"es-ES\",\"publisher\":{\"@id\":\"https:\\\/\\\/www.eldigitaldeasturias.com\\\/noticias\\\/#organization\"}}]}\n\t\t<\/script>\n\t\t<!-- All in One SEO Pro -->\r\n\t\t<title>Renfe celebra en Andaluc\u00eda la \u2018Cyber Week\u2019 con ofertas en 38 trayectos - El Digital de Asturias<\/title>\n\n","aioseo_head_json":{"title":"Renfe celebra en Andaluc\u00eda la \u2018Cyber Week\u2019 con ofertas en 38 trayectos - El Digital de Asturias","description":"Renfe.com se suma a la cita del 'Black Friday' y el 'Cyber Monday' con una semana de rebajas en las que la operadora saca a la venta un mill\u00f3n y medio de plazas para viajar en trenes AVE y Larga Distancia con descuentos de hasta el 70 por ciento. En Andaluc\u00eda las ofertas afectan a","canonical_url":"https:\/\/www.eldigitaldeasturias.com\/noticias\/renfe-celebra-en-andalucia-la-cyber-week-con-ofertas-en-38-trayectos\/","robots":"max-image-preview:large","keywords":"turismo","webmasterTools":{"google-site-verification":"UA-38556648-1","msvalidate.01":"7dfe9f3f1b24437ab69f4f2559babe99","miscellaneous":""},"schema":{"@context":"https:\/\/schema.org","@graph":[{"@type":"BlogPosting","@id":"https:\/\/www.eldigitaldeasturias.com\/noticias\/renfe-celebra-en-andalucia-la-cyber-week-con-ofertas-en-38-trayectos\/#blogposting","name":"Renfe celebra en Andaluc\u00eda la \u2018Cyber Week\u2019 con ofertas en 38 trayectos - El Digital de Asturias","headline":"Renfe celebra en Andaluc\u00eda la &#8216;Cyber Week&#8217; con ofertas en 38 trayectos","author":{"@id":"https:\/\/www.eldigitaldeasturias.com\/noticias\/author\/admin\/#author"},"publisher":{"@id":"https:\/\/www.eldigitaldeasturias.com\/noticias\/#organization"},"image":{"@type":"ImageObject","url":"https:\/\/www.eldigitaldeasturias.com\/noticias\/wp-content\/uploads\/2015\/11\/fotonoticia_20151126161759_800.jpg","width":800,"height":539},"datePublished":"2015-11-30T11:40:21+01:00","dateModified":"2015-11-30T11:40:21+01:00","inLanguage":"es-ES","mainEntityOfPage":{"@id":"https:\/\/www.eldigitaldeasturias.com\/noticias\/renfe-celebra-en-andalucia-la-cyber-week-con-ofertas-en-38-trayectos\/#webpage"},"isPartOf":{"@id":"https:\/\/www.eldigitaldeasturias.com\/noticias\/renfe-celebra-en-andalucia-la-cyber-week-con-ofertas-en-38-trayectos\/#webpage"},"articleSection":"Turismo"},{"@type":"BreadcrumbList","@id":"https:\/\/www.eldigitaldeasturias.com\/noticias\/renfe-celebra-en-andalucia-la-cyber-week-con-ofertas-en-38-trayectos\/#breadcrumblist","itemListElement":[{"@type":"ListItem","@id":"https:\/\/www.eldigitaldeasturias.com\/noticias#listItem","position":1,"name":"Home","item":"https:\/\/www.eldigitaldeasturias.com\/noticias","nextItem":{"@type":"ListItem","@id":"https:\/\/www.eldigitaldeasturias.com\/noticias\/category\/turismo\/#listItem","name":"Turismo"}},{"@type":"ListItem","@id":"https:\/\/www.eldigitaldeasturias.com\/noticias\/category\/turismo\/#listItem","position":2,"name":"Turismo","item":"https:\/\/www.eldigitaldeasturias.com\/noticias\/category\/turismo\/","nextItem":{"@type":"ListItem","@id":"https:\/\/www.eldigitaldeasturias.com\/noticias\/renfe-celebra-en-andalucia-la-cyber-week-con-ofertas-en-38-trayectos\/#listItem","name":"Renfe celebra en Andaluc\u00eda la &#8216;Cyber Week&#8217; con ofertas en 38 trayectos"},"previousItem":{"@type":"ListItem","@id":"https:\/\/www.eldigitaldeasturias.com\/noticias#listItem","name":"Home"}},{"@type":"ListItem","@id":"https:\/\/www.eldigitaldeasturias.com\/noticias\/renfe-celebra-en-andalucia-la-cyber-week-con-ofertas-en-38-trayectos\/#listItem","position":3,"name":"Renfe celebra en Andaluc\u00eda la &#8216;Cyber Week&#8217; con ofertas en 38 trayectos","previousItem":{"@type":"ListItem","@id":"https:\/\/www.eldigitaldeasturias.com\/noticias\/category\/turismo\/#listItem","name":"Turismo"}}]},{"@type":"Organization","@id":"https:\/\/www.eldigitaldeasturias.com\/noticias\/#organization","name":"El Digital de Asturias","description":"Hemeroteca","url":"https:\/\/www.eldigitaldeasturias.com\/noticias\/","email":"info@eldigitaldeasturias.com","telephone":"+34652131393","logo":{"@type":"ImageObject","url":"https:\/\/www.eldigitaldeasturias.com\/noticias\/wp-content\/uploads\/2020\/12\/EDA.jpg","@id":"https:\/\/www.eldigitaldeasturias.com\/noticias\/renfe-celebra-en-andalucia-la-cyber-week-con-ofertas-en-38-trayectos\/#organizationLogo","width":649,"height":297},"image":{"@id":"https:\/\/www.eldigitaldeasturias.com\/noticias\/renfe-celebra-en-andalucia-la-cyber-week-con-ofertas-en-38-trayectos\/#organizationLogo"},"sameAs":["https:\/\/facebook.com\/eldigitaldeasturias","https:\/\/www.youtube.com\/channel\/UCZP-2wLEB9Rv6erhFmqVnvg"],"address":{"@id":"https:\/\/www.eldigitaldeasturias.com\/noticias\/#postaladdress","@type":"PostalAddress","streetAddress":"san antonio 4,","postalCode":"33430","addressLocality":"Cand\u00e1s","addressRegion":"Asturias","addressCountry":"ES"}},{"@type":"Person","@id":"https:\/\/www.eldigitaldeasturias.com\/noticias\/author\/admin\/#author","url":"https:\/\/www.eldigitaldeasturias.com\/noticias\/author\/admin\/","name":"El Digital de Asturias","image":{"@type":"ImageObject","@id":"https:\/\/www.eldigitaldeasturias.com\/noticias\/renfe-celebra-en-andalucia-la-cyber-week-con-ofertas-en-38-trayectos\/#authorImage","url":"https:\/\/www.eldigitaldeasturias.com\/noticias\/wp-content\/litespeed\/avatar\/18677e78aa0546b92d9dbf31ec7d7668.jpg?ver=1777290358","width":96,"height":96,"caption":"El Digital de Asturias"}},{"@type":"WebPage","@id":"https:\/\/www.eldigitaldeasturias.com\/noticias\/renfe-celebra-en-andalucia-la-cyber-week-con-ofertas-en-38-trayectos\/#webpage","url":"https:\/\/www.eldigitaldeasturias.com\/noticias\/renfe-celebra-en-andalucia-la-cyber-week-con-ofertas-en-38-trayectos\/","name":"Renfe celebra en Andaluc\u00eda la \u2018Cyber Week\u2019 con ofertas en 38 trayectos - El Digital de Asturias","description":"Renfe.com se suma a la cita del 'Black Friday' y el 'Cyber Monday' con una semana de rebajas en las que la operadora saca a la venta un mill\u00f3n y medio de plazas para viajar en trenes AVE y Larga Distancia con descuentos de hasta el 70 por ciento. En Andaluc\u00eda las ofertas afectan a","inLanguage":"es-ES","isPartOf":{"@id":"https:\/\/www.eldigitaldeasturias.com\/noticias\/#website"},"breadcrumb":{"@id":"https:\/\/www.eldigitaldeasturias.com\/noticias\/renfe-celebra-en-andalucia-la-cyber-week-con-ofertas-en-38-trayectos\/#breadcrumblist"},"author":{"@id":"https:\/\/www.eldigitaldeasturias.com\/noticias\/author\/admin\/#author"},"creator":{"@id":"https:\/\/www.eldigitaldeasturias.com\/noticias\/author\/admin\/#author"},"image":{"@type":"ImageObject","url":"https:\/\/www.eldigitaldeasturias.com\/noticias\/wp-content\/uploads\/2015\/11\/fotonoticia_20151126161759_800.jpg","@id":"https:\/\/www.eldigitaldeasturias.com\/noticias\/renfe-celebra-en-andalucia-la-cyber-week-con-ofertas-en-38-trayectos\/#mainImage","width":800,"height":539},"primaryImageOfPage":{"@id":"https:\/\/www.eldigitaldeasturias.com\/noticias\/renfe-celebra-en-andalucia-la-cyber-week-con-ofertas-en-38-trayectos\/#mainImage"},"datePublished":"2015-11-30T11:40:21+01:00","dateModified":"2015-11-30T11:40:21+01:00"},{"@type":"WebSite","@id":"https:\/\/www.eldigitaldeasturias.com\/noticias\/#website","url":"https:\/\/www.eldigitaldeasturias.com\/noticias\/","name":"El Digital de Asturias - Diario de actualidad y noticias","alternateName":"El Digital de Asturias - Diario de actualidad y noticias","description":"Hemeroteca","inLanguage":"es-ES","publisher":{"@id":"https:\/\/www.eldigitaldeasturias.com\/noticias\/#organization"}}]},"og:locale":"es_ES","og:site_name":"El Digital de Asturias","og:type":"article","og:title":"Renfe celebra en Andaluc\u00eda la \u2018Cyber Week\u2019 con ofertas en 38 trayectos - El Digital de Asturias","og:description":"Renfe.com se suma a la cita del 'Black Friday' y el 'Cyber Monday' con una semana de rebajas en las que la operadora saca a la venta un mill\u00f3n y medio de plazas para viajar en trenes AVE y Larga Distancia con descuentos de hasta el 70 por ciento. En Andaluc\u00eda las ofertas afectan a","og:url":"https:\/\/www.eldigitaldeasturias.com\/noticias\/renfe-celebra-en-andalucia-la-cyber-week-con-ofertas-en-38-trayectos\/","og:image":"https:\/\/www.eldigitaldeasturias.com\/noticias\/wp-content\/uploads\/2015\/11\/fotonoticia_20151126161759_800.jpg","og:image:secure_url":"https:\/\/www.eldigitaldeasturias.com\/noticias\/wp-content\/uploads\/2015\/11\/fotonoticia_20151126161759_800.jpg","og:image:width":800,"og:image:height":539,"article:tag":["turismo"],"article:published_time":"2015-11-30T11:40:21+00:00","article:modified_time":"2015-11-30T11:40:21+00:00","article:publisher":"https:\/\/facebook.com\/eldigitaldeasturias","twitter:card":"summary_large_image","twitter:title":"Renfe celebra en Andaluc\u00eda la \u2018Cyber Week\u2019 con ofertas en 38 trayectos - El Digital de Asturias","twitter:description":"Renfe.com se suma a la cita del 'Black Friday' y el 'Cyber Monday' con una semana de rebajas en las que la operadora saca a la venta un mill\u00f3n y medio de plazas para viajar en trenes AVE y Larga Distancia con descuentos de hasta el 70 por ciento. En Andaluc\u00eda las ofertas afectan a","twitter:image":"https:\/\/www.eldigitaldeasturias.com\/noticias\/wp-content\/uploads\/2015\/11\/fotonoticia_20151126161759_800.jpg","twitter:label1":"Escrito por","twitter:data1":"El Digital de Asturias","twitter:label2":"Tiempo de lectura estimado","twitter:data2":"1 minuto"},"aioseo_meta_data":{"post_id":"830350","title":null,"description":null,"keywords":null,"keyphrases":null,"primary_term":null,"canonical_url":null,"og_title":null,"og_description":null,"og_object_type":"default","og_image_type":"default","og_image_url":null,"og_image_width":null,"og_image_height":null,"og_image_custom_url":null,"og_image_custom_fields":null,"og_video":null,"og_custom_url":null,"og_article_section":null,"og_article_tags":null,"twitter_use_og":false,"twitter_card":"default","twitter_image_type":"default","twitter_image_url":null,"twitter_image_custom_url":null,"twitter_image_custom_fields":null,"twitter_title":null,"twitter_description":null,"schema":{"blockGraphs":[],"customGraphs":[],"default":{"data":{"Article":[],"Course":[],"Dataset":[],"FAQPage":[],"Movie":[],"Person":[],"Product":[],"ProductReview":[],"Car":[],"Recipe":[],"Service":[],"SoftwareApplication":[],"WebPage":[]},"graphName":"","isEnabled":true},"graphs":[],"defaultGraph":"","defaultPostTypeGraph":""},"schema_type":null,"schema_type_options":null,"pillar_content":false,"robots_default":true,"robots_noindex":false,"robots_noarchive":false,"robots_nosnippet":false,"robots_nofollow":false,"robots_noimageindex":false,"robots_noodp":false,"robots_notranslate":false,"robots_max_snippet":null,"robots_max_videopreview":null,"robots_max_imagepreview":"large","priority":null,"frequency":null,"local_seo":null,"seo_analyzer_scan_date":"2025-12-26 04:33:09","breadcrumb_settings":null,"limit_modified_date":false,"open_ai":null,"ai":null,"created":"2021-01-23 11:32:16","updated":"2025-12-26 04:33:09"},"aioseo_breadcrumb":"<div class=\"aioseo-breadcrumbs\"><span class=\"aioseo-breadcrumb\">\n\t<a href=\"https:\/\/www.eldigitaldeasturias.com\/noticias\" title=\"Home\">Home<\/a>\n<\/span><span class=\"aioseo-breadcrumb-separator\">\u2013<\/span><span class=\"aioseo-breadcrumb\">\n\t<a href=\"https:\/\/www.eldigitaldeasturias.com\/noticias\/category\/turismo\/\" title=\"Turismo\">Turismo<\/a>\n<\/span><span class=\"aioseo-breadcrumb-separator\">\u2013<\/span><span class=\"aioseo-breadcrumb\">\n\t<a href=\"https:\/\/www.eldigitaldeasturias.com\/noticias\/renfe-celebra-en-andalucia-la-cyber-week-con-ofertas-en-38-trayectos\/\" title=\"Renfe celebra en Andaluc\u00eda la \u2018Cyber Week\u2019 con ofertas en 38 trayectos\">Renfe celebra en Andaluc\u00eda la \u2018Cyber Week\u2019 con ofertas en 38 trayectos<\/a>\n<\/span><\/div>","aioseo_breadcrumb_json":[{"label":"Home","link":"https:\/\/www.eldigitaldeasturias.com\/noticias"},{"label":"Turismo","link":"https:\/\/www.eldigitaldeasturias.com\/noticias\/category\/turismo\/"},{"label":"Renfe celebra en Andaluc\u00eda la &#8216;Cyber Week&#8217; con ofertas en 38 trayectos","link":"https:\/\/www.eldigitaldeasturias.com\/noticias\/renfe-celebra-en-andalucia-la-cyber-week-con-ofertas-en-38-trayectos\/"}],"_links":{"self":[{"href":"https:\/\/www.eldigitaldeasturias.com\/noticias\/wp-json\/wp\/v2\/posts\/830350","targetHints":{"allow":["GET"]}}],"collection":[{"href":"https:\/\/www.eldigitaldeasturias.com\/noticias\/wp-json\/wp\/v2\/posts"}],"about":[{"href":"https:\/\/www.eldigitaldeasturias.com\/noticias\/wp-json\/wp\/v2\/types\/post"}],"author":[{"embeddable":true,"href":"https:\/\/www.eldigitaldeasturias.com\/noticias\/wp-json\/wp\/v2\/users\/1"}],"replies":[{"embeddable":true,"href":"https:\/\/www.eldigitaldeasturias.com\/noticias\/wp-json\/wp\/v2\/comments?post=830350"}],"version-history":[{"count":0,"href":"https:\/\/www.eldigitaldeasturias.com\/noticias\/wp-json\/wp\/v2\/posts\/830350\/revisions"}],"wp:featuredmedia":[{"embeddable":true,"href":"https:\/\/www.eldigitaldeasturias.com\/noticias\/wp-json\/wp\/v2\/media\/830351"}],"wp:attachment":[{"href":"https:\/\/www.eldigitaldeasturias.com\/noticias\/wp-json\/wp\/v2\/media?parent=830350"}],"wp:term":[{"taxonomy":"category","embeddable":true,"href":"https:\/\/www.eldigitaldeasturias.com\/noticias\/wp-json\/wp\/v2\/categories?post=830350"},{"taxonomy":"post_tag","embeddable":true,"href":"https:\/\/www.eldigitaldeasturias.com\/noticias\/wp-json\/wp\/v2\/tags?post=830350"}],"curies":[{"name":"wp","href":"https:\/\/api.w.org\/{rel}","templated":true}]}}