{"id":817843,"date":"2015-10-27T00:42:12","date_gmt":"2015-10-26T23:42:12","guid":{"rendered":"http:\/\/www.eldigitaldeasturias.com\/noticias\/?p=817843"},"modified":"2015-10-27T00:42:12","modified_gmt":"2015-10-26T23:42:12","slug":"renfe-ofrece-wifi-desde-manana-en-las-estaciones-de-cercanias-de-getafe-centro-y-plaza-cataluna","status":"publish","type":"post","link":"https:\/\/www.eldigitaldeasturias.com\/noticias\/renfe-ofrece-wifi-desde-manana-en-las-estaciones-de-cercanias-de-getafe-centro-y-plaza-cataluna\/","title":{"rendered":"Renfe ofrece WiFi desde ma\u00f1ana en las estaciones de Cercan\u00edas de Getafe centro y Plaza Catalu\u00f1a"},"content":{"rendered":"<p><img loading=\"lazy\" decoding=\"async\" class=\"alignleft size-medium wp-image-817844\" src=\"https:\/\/www.eldigitaldeasturias.com\/noticias\/wp-content\/uploads\/2015\/10\/fotonoticia_20151026181739_800-360x269.jpg\" alt=\"fotonoticia_20151026181739_800\" width=\"360\" height=\"269\" srcset=\"https:\/\/www.eldigitaldeasturias.com\/noticias\/wp-content\/uploads\/2015\/10\/fotonoticia_20151026181739_800-360x269.jpg 360w, https:\/\/www.eldigitaldeasturias.com\/noticias\/wp-content\/uploads\/2015\/10\/fotonoticia_20151026181739_800-650x486.jpg 650w, https:\/\/www.eldigitaldeasturias.com\/noticias\/wp-content\/uploads\/2015\/10\/fotonoticia_20151026181739_800-100x75.jpg 100w, https:\/\/www.eldigitaldeasturias.com\/noticias\/wp-content\/uploads\/2015\/10\/fotonoticia_20151026181739_800.jpg 800w\" sizes=\"auto, (max-width: 360px) 100vw, 360px\" \/>Renfe empezar\u00e1 ma\u00f1ana martes a ofrecer WiFi, servicio inal\u00e1mbrico de acceso a Internet, con car\u00e1cter gratuito, pero limitado en tiempo, en las estaciones de Cercan\u00edas de Getafe centro (Madrid) y Plaza de Catalu\u00f1a de Barcelona.<\/p>\n<p>As\u00ed lo anunci\u00f3 la ministra de Fomento, Ana Pastor, quien indic\u00f3 que \u00abpr\u00f3ximamente\u00bb este servicio se extender\u00e1 a otras veinte estaciones m\u00e1s, aquellas que mayor n\u00famero de viajeros registran.<\/p>\n<p>En virtud de este servicio, los viajeros podr\u00e1n conectarse a Internet durante quince minutos diarios de forma gratuita, tanto en el vest\u00edbulo como en los andenes de la estaci\u00f3n de Cercan\u00edas.<\/p>\n<p>Una vez que este periodo de quince minutos concluya, el servicio se cortar\u00e1, seg\u00fan informaron a Europa Press en fuentes de Renfe, que atribuyeron este servicio temporal al indicar que est\u00e1 \u00abdise\u00f1ado para el perfil de viajero de Cercan\u00edas que, por las caracter\u00edsticas del servicio, no pasa mucho tiempo en las estaciones\u00bb.<\/p>\n<p>Tras la puesta en servicio a modo de prueba de la conexi\u00f3n en estas primeras estaciones, Renfe lo ir\u00e1 extendiendo hasta otras veinte, aquellas que mayor n\u00famero de viajeros diarios registren.<\/p>\n<p>PR\u00d3XIMAMENTE OTRAS ESTACIONES.<\/p>\n<p>Seg\u00fan dichas fuentes, se trata de estaciones de los n\u00facleos de Cercan\u00edas de Madrid y Barcelona, adem\u00e1s de la de Valencia Terminal.<\/p>\n<p>Entre las que contar\u00e1n con este servicio figuran las madrile\u00f1as de Madrid-Atocha, Sol, Nuevos Ministerios, M\u00e9ndez-\u00c1lvaro o Villaverde Alto, y o la barcelonesa de El Clot.<\/p>\n<p>La conexi\u00f3n WiFi en las estaciones de Cercan\u00edas forma parte del contrato que Renfe adjudic\u00f3 hace unas semanas a Telef\u00f3nica para que instale y proporcione este servicio inal\u00e1mbrico en estos recintos y en los trenes AVE, y adem\u00e1s proporcione un conjunto de contenidos para los pasajeros de la Alta Velocidad, por un importe de 148,6 millones de euros.<\/p>\n<p>Estos nuevos servicios fueron presentados en un acto en la estaci\u00f3n de Madrid-Atocha por parte de Pastor, junto con el presidente de Renfe, Pablo V\u00e1zquez, y el de Telef\u00f3nica, C\u00e9sar Alierta.<\/p>\n","protected":false},"excerpt":{"rendered":"<p>Renfe empezar\u00e1 ma\u00f1ana martes a ofrecer WiFi, servicio inal\u00e1mbrico de acceso a Internet, con car\u00e1cter gratuito, pero limitado en tiempo, en las estaciones de Cercan\u00edas de Getafe centro (Madrid) y Plaza de Catalu\u00f1a de Barcelona. As\u00ed lo anunci\u00f3 la ministra de Fomento, Ana Pastor, quien indic\u00f3 que \u00abpr\u00f3ximamente\u00bb este servicio se extender\u00e1 a otras veinte [&hellip;]<\/p>\n","protected":false},"author":1,"featured_media":817844,"comment_status":"open","ping_status":"closed","sticky":false,"template":"","format":"standard","meta":{"footnotes":""},"categories":[148],"tags":[],"class_list":["post-817843","post","type-post","status-publish","format-standard","has-post-thumbnail","hentry","category-turismo"],"aioseo_notices":[],"aioseo_head":"\n\t\t<!-- All in One SEO Pro 4.9.6.2 - aioseo.com -->\n\t<meta name=\"description\" content=\"Renfe empezar\u00e1 ma\u00f1ana martes a ofrecer WiFi, servicio inal\u00e1mbrico de acceso a Internet, con car\u00e1cter gratuito, pero limitado en tiempo, en las estaciones de Cercan\u00edas de Getafe centro (Madrid) y Plaza de Catalu\u00f1a de Barcelona. As\u00ed lo anunci\u00f3 la ministra de Fomento, Ana Pastor, quien indic\u00f3 que &quot;pr\u00f3ximamente&quot; este servicio se extender\u00e1 a otras veinte\" \/>\n\t<meta name=\"robots\" content=\"max-image-preview:large\" \/>\n\t<meta name=\"author\" content=\"El Digital de Asturias\"\/>\n\t<meta name=\"google-site-verification\" content=\"UA-38556648-1\" \/>\n\t<meta name=\"msvalidate.01\" content=\"7dfe9f3f1b24437ab69f4f2559babe99\" \/>\n\t<meta name=\"keywords\" content=\"turismo\" \/>\n\t<link rel=\"canonical\" href=\"https:\/\/www.eldigitaldeasturias.com\/noticias\/renfe-ofrece-wifi-desde-manana-en-las-estaciones-de-cercanias-de-getafe-centro-y-plaza-cataluna\/\" \/>\n\t<meta name=\"generator\" content=\"All in One SEO Pro (AIOSEO) 4.9.6.2\" \/>\n\t\t<meta property=\"og:locale\" content=\"es_ES\" \/>\n\t\t<meta property=\"og:site_name\" content=\"El Digital de Asturias\" \/>\n\t\t<meta property=\"og:type\" content=\"article\" \/>\n\t\t<meta property=\"og:title\" content=\"Renfe ofrece WiFi desde ma\u00f1ana en las estaciones de Cercan\u00edas de Getafe centro y Plaza Catalu\u00f1a - El Digital de Asturias\" \/>\n\t\t<meta property=\"og:description\" content=\"Renfe empezar\u00e1 ma\u00f1ana martes a ofrecer WiFi, servicio inal\u00e1mbrico de acceso a Internet, con car\u00e1cter gratuito, pero limitado en tiempo, en las estaciones de Cercan\u00edas de Getafe centro (Madrid) y Plaza de Catalu\u00f1a de Barcelona. As\u00ed lo anunci\u00f3 la ministra de Fomento, Ana Pastor, quien indic\u00f3 que &quot;pr\u00f3ximamente&quot; este servicio se extender\u00e1 a otras veinte\" \/>\n\t\t<meta property=\"og:url\" content=\"https:\/\/www.eldigitaldeasturias.com\/noticias\/renfe-ofrece-wifi-desde-manana-en-las-estaciones-de-cercanias-de-getafe-centro-y-plaza-cataluna\/\" \/>\n\t\t<meta property=\"og:image\" content=\"https:\/\/www.eldigitaldeasturias.com\/noticias\/wp-content\/uploads\/2015\/10\/fotonoticia_20151026181739_800.jpg\" \/>\n\t\t<meta property=\"og:image:secure_url\" content=\"https:\/\/www.eldigitaldeasturias.com\/noticias\/wp-content\/uploads\/2015\/10\/fotonoticia_20151026181739_800.jpg\" \/>\n\t\t<meta property=\"og:image:width\" content=\"800\" \/>\n\t\t<meta property=\"og:image:height\" content=\"598\" \/>\n\t\t<meta property=\"article:tag\" content=\"turismo\" \/>\n\t\t<meta property=\"article:published_time\" content=\"2015-10-26T23:42:12+00:00\" \/>\n\t\t<meta property=\"article:modified_time\" content=\"2015-10-26T23:42:12+00:00\" \/>\n\t\t<meta property=\"article:publisher\" content=\"https:\/\/facebook.com\/eldigitaldeasturias\" \/>\n\t\t<meta name=\"twitter:card\" content=\"summary_large_image\" \/>\n\t\t<meta name=\"twitter:title\" content=\"Renfe ofrece WiFi desde ma\u00f1ana en las estaciones de Cercan\u00edas de Getafe centro y Plaza Catalu\u00f1a - El Digital de Asturias\" \/>\n\t\t<meta name=\"twitter:description\" content=\"Renfe empezar\u00e1 ma\u00f1ana martes a ofrecer WiFi, servicio inal\u00e1mbrico de acceso a Internet, con car\u00e1cter gratuito, pero limitado en tiempo, en las estaciones de Cercan\u00edas de Getafe centro (Madrid) y Plaza de Catalu\u00f1a de Barcelona. As\u00ed lo anunci\u00f3 la ministra de Fomento, Ana Pastor, quien indic\u00f3 que &quot;pr\u00f3ximamente&quot; este servicio se extender\u00e1 a otras veinte\" \/>\n\t\t<meta name=\"twitter:image\" content=\"https:\/\/www.eldigitaldeasturias.com\/noticias\/wp-content\/uploads\/2015\/10\/fotonoticia_20151026181739_800.jpg\" \/>\n\t\t<meta name=\"twitter:label1\" content=\"Escrito por\" \/>\n\t\t<meta name=\"twitter:data1\" content=\"El Digital de Asturias\" \/>\n\t\t<meta name=\"twitter:label2\" content=\"Tiempo de lectura estimado\" \/>\n\t\t<meta name=\"twitter:data2\" content=\"2 minutos\" \/>\n\t\t<script type=\"application\/ld+json\" class=\"aioseo-schema\">\n\t\t\t{\"@context\":\"https:\\\/\\\/schema.org\",\"@graph\":[{\"@type\":\"BlogPosting\",\"@id\":\"https:\\\/\\\/www.eldigitaldeasturias.com\\\/noticias\\\/renfe-ofrece-wifi-desde-manana-en-las-estaciones-de-cercanias-de-getafe-centro-y-plaza-cataluna\\\/#blogposting\",\"name\":\"Renfe ofrece WiFi desde ma\\u00f1ana en las estaciones de Cercan\\u00edas de Getafe centro y Plaza Catalu\\u00f1a - El Digital de Asturias\",\"headline\":\"Renfe ofrece WiFi desde ma\\u00f1ana en las estaciones de Cercan\\u00edas de Getafe centro y Plaza Catalu\\u00f1a\",\"author\":{\"@id\":\"https:\\\/\\\/www.eldigitaldeasturias.com\\\/noticias\\\/author\\\/admin\\\/#author\"},\"publisher\":{\"@id\":\"https:\\\/\\\/www.eldigitaldeasturias.com\\\/noticias\\\/#organization\"},\"image\":{\"@type\":\"ImageObject\",\"url\":\"https:\\\/\\\/www.eldigitaldeasturias.com\\\/noticias\\\/wp-content\\\/uploads\\\/2015\\\/10\\\/fotonoticia_20151026181739_800.jpg\",\"width\":800,\"height\":598},\"datePublished\":\"2015-10-27T00:42:12+01:00\",\"dateModified\":\"2015-10-27T00:42:12+01:00\",\"inLanguage\":\"es-ES\",\"mainEntityOfPage\":{\"@id\":\"https:\\\/\\\/www.eldigitaldeasturias.com\\\/noticias\\\/renfe-ofrece-wifi-desde-manana-en-las-estaciones-de-cercanias-de-getafe-centro-y-plaza-cataluna\\\/#webpage\"},\"isPartOf\":{\"@id\":\"https:\\\/\\\/www.eldigitaldeasturias.com\\\/noticias\\\/renfe-ofrece-wifi-desde-manana-en-las-estaciones-de-cercanias-de-getafe-centro-y-plaza-cataluna\\\/#webpage\"},\"articleSection\":\"Turismo\"},{\"@type\":\"BreadcrumbList\",\"@id\":\"https:\\\/\\\/www.eldigitaldeasturias.com\\\/noticias\\\/renfe-ofrece-wifi-desde-manana-en-las-estaciones-de-cercanias-de-getafe-centro-y-plaza-cataluna\\\/#breadcrumblist\",\"itemListElement\":[{\"@type\":\"ListItem\",\"@id\":\"https:\\\/\\\/www.eldigitaldeasturias.com\\\/noticias#listItem\",\"position\":1,\"name\":\"Home\",\"item\":\"https:\\\/\\\/www.eldigitaldeasturias.com\\\/noticias\",\"nextItem\":{\"@type\":\"ListItem\",\"@id\":\"https:\\\/\\\/www.eldigitaldeasturias.com\\\/noticias\\\/category\\\/turismo\\\/#listItem\",\"name\":\"Turismo\"}},{\"@type\":\"ListItem\",\"@id\":\"https:\\\/\\\/www.eldigitaldeasturias.com\\\/noticias\\\/category\\\/turismo\\\/#listItem\",\"position\":2,\"name\":\"Turismo\",\"item\":\"https:\\\/\\\/www.eldigitaldeasturias.com\\\/noticias\\\/category\\\/turismo\\\/\",\"nextItem\":{\"@type\":\"ListItem\",\"@id\":\"https:\\\/\\\/www.eldigitaldeasturias.com\\\/noticias\\\/renfe-ofrece-wifi-desde-manana-en-las-estaciones-de-cercanias-de-getafe-centro-y-plaza-cataluna\\\/#listItem\",\"name\":\"Renfe ofrece WiFi desde ma\\u00f1ana en las estaciones de Cercan\\u00edas de Getafe centro y Plaza Catalu\\u00f1a\"},\"previousItem\":{\"@type\":\"ListItem\",\"@id\":\"https:\\\/\\\/www.eldigitaldeasturias.com\\\/noticias#listItem\",\"name\":\"Home\"}},{\"@type\":\"ListItem\",\"@id\":\"https:\\\/\\\/www.eldigitaldeasturias.com\\\/noticias\\\/renfe-ofrece-wifi-desde-manana-en-las-estaciones-de-cercanias-de-getafe-centro-y-plaza-cataluna\\\/#listItem\",\"position\":3,\"name\":\"Renfe ofrece WiFi desde ma\\u00f1ana en las estaciones de Cercan\\u00edas de Getafe centro y Plaza Catalu\\u00f1a\",\"previousItem\":{\"@type\":\"ListItem\",\"@id\":\"https:\\\/\\\/www.eldigitaldeasturias.com\\\/noticias\\\/category\\\/turismo\\\/#listItem\",\"name\":\"Turismo\"}}]},{\"@type\":\"Organization\",\"@id\":\"https:\\\/\\\/www.eldigitaldeasturias.com\\\/noticias\\\/#organization\",\"name\":\"El Digital de Asturias\",\"description\":\"Hemeroteca\",\"url\":\"https:\\\/\\\/www.eldigitaldeasturias.com\\\/noticias\\\/\",\"email\":\"info@eldigitaldeasturias.com\",\"telephone\":\"+34652131393\",\"logo\":{\"@type\":\"ImageObject\",\"url\":\"https:\\\/\\\/www.eldigitaldeasturias.com\\\/noticias\\\/wp-content\\\/uploads\\\/2020\\\/12\\\/EDA.jpg\",\"@id\":\"https:\\\/\\\/www.eldigitaldeasturias.com\\\/noticias\\\/renfe-ofrece-wifi-desde-manana-en-las-estaciones-de-cercanias-de-getafe-centro-y-plaza-cataluna\\\/#organizationLogo\",\"width\":649,\"height\":297},\"image\":{\"@id\":\"https:\\\/\\\/www.eldigitaldeasturias.com\\\/noticias\\\/renfe-ofrece-wifi-desde-manana-en-las-estaciones-de-cercanias-de-getafe-centro-y-plaza-cataluna\\\/#organizationLogo\"},\"sameAs\":[\"https:\\\/\\\/facebook.com\\\/eldigitaldeasturias\",\"https:\\\/\\\/www.youtube.com\\\/channel\\\/UCZP-2wLEB9Rv6erhFmqVnvg\"],\"address\":{\"@id\":\"https:\\\/\\\/www.eldigitaldeasturias.com\\\/noticias\\\/#postaladdress\",\"@type\":\"PostalAddress\",\"streetAddress\":\"san antonio 4,\",\"postalCode\":\"33430\",\"addressLocality\":\"Cand\\u00e1s\",\"addressRegion\":\"Asturias\",\"addressCountry\":\"ES\"}},{\"@type\":\"Person\",\"@id\":\"https:\\\/\\\/www.eldigitaldeasturias.com\\\/noticias\\\/author\\\/admin\\\/#author\",\"url\":\"https:\\\/\\\/www.eldigitaldeasturias.com\\\/noticias\\\/author\\\/admin\\\/\",\"name\":\"El Digital de Asturias\",\"image\":{\"@type\":\"ImageObject\",\"@id\":\"https:\\\/\\\/www.eldigitaldeasturias.com\\\/noticias\\\/renfe-ofrece-wifi-desde-manana-en-las-estaciones-de-cercanias-de-getafe-centro-y-plaza-cataluna\\\/#authorImage\",\"url\":\"https:\\\/\\\/www.eldigitaldeasturias.com\\\/noticias\\\/wp-content\\\/litespeed\\\/avatar\\\/18677e78aa0546b92d9dbf31ec7d7668.jpg?ver=1777290358\",\"width\":96,\"height\":96,\"caption\":\"El Digital de Asturias\"}},{\"@type\":\"WebPage\",\"@id\":\"https:\\\/\\\/www.eldigitaldeasturias.com\\\/noticias\\\/renfe-ofrece-wifi-desde-manana-en-las-estaciones-de-cercanias-de-getafe-centro-y-plaza-cataluna\\\/#webpage\",\"url\":\"https:\\\/\\\/www.eldigitaldeasturias.com\\\/noticias\\\/renfe-ofrece-wifi-desde-manana-en-las-estaciones-de-cercanias-de-getafe-centro-y-plaza-cataluna\\\/\",\"name\":\"Renfe ofrece WiFi desde ma\\u00f1ana en las estaciones de Cercan\\u00edas de Getafe centro y Plaza Catalu\\u00f1a - El Digital de Asturias\",\"description\":\"Renfe empezar\\u00e1 ma\\u00f1ana martes a ofrecer WiFi, servicio inal\\u00e1mbrico de acceso a Internet, con car\\u00e1cter gratuito, pero limitado en tiempo, en las estaciones de Cercan\\u00edas de Getafe centro (Madrid) y Plaza de Catalu\\u00f1a de Barcelona. As\\u00ed lo anunci\\u00f3 la ministra de Fomento, Ana Pastor, quien indic\\u00f3 que \\\"pr\\u00f3ximamente\\\" este servicio se extender\\u00e1 a otras veinte\",\"inLanguage\":\"es-ES\",\"isPartOf\":{\"@id\":\"https:\\\/\\\/www.eldigitaldeasturias.com\\\/noticias\\\/#website\"},\"breadcrumb\":{\"@id\":\"https:\\\/\\\/www.eldigitaldeasturias.com\\\/noticias\\\/renfe-ofrece-wifi-desde-manana-en-las-estaciones-de-cercanias-de-getafe-centro-y-plaza-cataluna\\\/#breadcrumblist\"},\"author\":{\"@id\":\"https:\\\/\\\/www.eldigitaldeasturias.com\\\/noticias\\\/author\\\/admin\\\/#author\"},\"creator\":{\"@id\":\"https:\\\/\\\/www.eldigitaldeasturias.com\\\/noticias\\\/author\\\/admin\\\/#author\"},\"image\":{\"@type\":\"ImageObject\",\"url\":\"https:\\\/\\\/www.eldigitaldeasturias.com\\\/noticias\\\/wp-content\\\/uploads\\\/2015\\\/10\\\/fotonoticia_20151026181739_800.jpg\",\"@id\":\"https:\\\/\\\/www.eldigitaldeasturias.com\\\/noticias\\\/renfe-ofrece-wifi-desde-manana-en-las-estaciones-de-cercanias-de-getafe-centro-y-plaza-cataluna\\\/#mainImage\",\"width\":800,\"height\":598},\"primaryImageOfPage\":{\"@id\":\"https:\\\/\\\/www.eldigitaldeasturias.com\\\/noticias\\\/renfe-ofrece-wifi-desde-manana-en-las-estaciones-de-cercanias-de-getafe-centro-y-plaza-cataluna\\\/#mainImage\"},\"datePublished\":\"2015-10-27T00:42:12+01:00\",\"dateModified\":\"2015-10-27T00:42:12+01:00\"},{\"@type\":\"WebSite\",\"@id\":\"https:\\\/\\\/www.eldigitaldeasturias.com\\\/noticias\\\/#website\",\"url\":\"https:\\\/\\\/www.eldigitaldeasturias.com\\\/noticias\\\/\",\"name\":\"El Digital de Asturias - Diario de actualidad y noticias\",\"alternateName\":\"El Digital de Asturias - Diario de actualidad y noticias\",\"description\":\"Hemeroteca\",\"inLanguage\":\"es-ES\",\"publisher\":{\"@id\":\"https:\\\/\\\/www.eldigitaldeasturias.com\\\/noticias\\\/#organization\"}}]}\n\t\t<\/script>\n\t\t<!-- All in One SEO Pro -->\r\n\t\t<title>Renfe ofrece WiFi desde ma\u00f1ana en las estaciones de Cercan\u00edas de Getafe centro y Plaza Catalu\u00f1a - El Digital de Asturias<\/title>\n\n","aioseo_head_json":{"title":"Renfe ofrece WiFi desde ma\u00f1ana en las estaciones de Cercan\u00edas de Getafe centro y Plaza Catalu\u00f1a - El Digital de Asturias","description":"Renfe empezar\u00e1 ma\u00f1ana martes a ofrecer WiFi, servicio inal\u00e1mbrico de acceso a Internet, con car\u00e1cter gratuito, pero limitado en tiempo, en las estaciones de Cercan\u00edas de Getafe centro (Madrid) y Plaza de Catalu\u00f1a de Barcelona. As\u00ed lo anunci\u00f3 la ministra de Fomento, Ana Pastor, quien indic\u00f3 que \"pr\u00f3ximamente\" este servicio se extender\u00e1 a otras veinte","canonical_url":"https:\/\/www.eldigitaldeasturias.com\/noticias\/renfe-ofrece-wifi-desde-manana-en-las-estaciones-de-cercanias-de-getafe-centro-y-plaza-cataluna\/","robots":"max-image-preview:large","keywords":"turismo","webmasterTools":{"google-site-verification":"UA-38556648-1","msvalidate.01":"7dfe9f3f1b24437ab69f4f2559babe99","miscellaneous":""},"schema":{"@context":"https:\/\/schema.org","@graph":[{"@type":"BlogPosting","@id":"https:\/\/www.eldigitaldeasturias.com\/noticias\/renfe-ofrece-wifi-desde-manana-en-las-estaciones-de-cercanias-de-getafe-centro-y-plaza-cataluna\/#blogposting","name":"Renfe ofrece WiFi desde ma\u00f1ana en las estaciones de Cercan\u00edas de Getafe centro y Plaza Catalu\u00f1a - El Digital de Asturias","headline":"Renfe ofrece WiFi desde ma\u00f1ana en las estaciones de Cercan\u00edas de Getafe centro y Plaza Catalu\u00f1a","author":{"@id":"https:\/\/www.eldigitaldeasturias.com\/noticias\/author\/admin\/#author"},"publisher":{"@id":"https:\/\/www.eldigitaldeasturias.com\/noticias\/#organization"},"image":{"@type":"ImageObject","url":"https:\/\/www.eldigitaldeasturias.com\/noticias\/wp-content\/uploads\/2015\/10\/fotonoticia_20151026181739_800.jpg","width":800,"height":598},"datePublished":"2015-10-27T00:42:12+01:00","dateModified":"2015-10-27T00:42:12+01:00","inLanguage":"es-ES","mainEntityOfPage":{"@id":"https:\/\/www.eldigitaldeasturias.com\/noticias\/renfe-ofrece-wifi-desde-manana-en-las-estaciones-de-cercanias-de-getafe-centro-y-plaza-cataluna\/#webpage"},"isPartOf":{"@id":"https:\/\/www.eldigitaldeasturias.com\/noticias\/renfe-ofrece-wifi-desde-manana-en-las-estaciones-de-cercanias-de-getafe-centro-y-plaza-cataluna\/#webpage"},"articleSection":"Turismo"},{"@type":"BreadcrumbList","@id":"https:\/\/www.eldigitaldeasturias.com\/noticias\/renfe-ofrece-wifi-desde-manana-en-las-estaciones-de-cercanias-de-getafe-centro-y-plaza-cataluna\/#breadcrumblist","itemListElement":[{"@type":"ListItem","@id":"https:\/\/www.eldigitaldeasturias.com\/noticias#listItem","position":1,"name":"Home","item":"https:\/\/www.eldigitaldeasturias.com\/noticias","nextItem":{"@type":"ListItem","@id":"https:\/\/www.eldigitaldeasturias.com\/noticias\/category\/turismo\/#listItem","name":"Turismo"}},{"@type":"ListItem","@id":"https:\/\/www.eldigitaldeasturias.com\/noticias\/category\/turismo\/#listItem","position":2,"name":"Turismo","item":"https:\/\/www.eldigitaldeasturias.com\/noticias\/category\/turismo\/","nextItem":{"@type":"ListItem","@id":"https:\/\/www.eldigitaldeasturias.com\/noticias\/renfe-ofrece-wifi-desde-manana-en-las-estaciones-de-cercanias-de-getafe-centro-y-plaza-cataluna\/#listItem","name":"Renfe ofrece WiFi desde ma\u00f1ana en las estaciones de Cercan\u00edas de Getafe centro y Plaza Catalu\u00f1a"},"previousItem":{"@type":"ListItem","@id":"https:\/\/www.eldigitaldeasturias.com\/noticias#listItem","name":"Home"}},{"@type":"ListItem","@id":"https:\/\/www.eldigitaldeasturias.com\/noticias\/renfe-ofrece-wifi-desde-manana-en-las-estaciones-de-cercanias-de-getafe-centro-y-plaza-cataluna\/#listItem","position":3,"name":"Renfe ofrece WiFi desde ma\u00f1ana en las estaciones de Cercan\u00edas de Getafe centro y Plaza Catalu\u00f1a","previousItem":{"@type":"ListItem","@id":"https:\/\/www.eldigitaldeasturias.com\/noticias\/category\/turismo\/#listItem","name":"Turismo"}}]},{"@type":"Organization","@id":"https:\/\/www.eldigitaldeasturias.com\/noticias\/#organization","name":"El Digital de Asturias","description":"Hemeroteca","url":"https:\/\/www.eldigitaldeasturias.com\/noticias\/","email":"info@eldigitaldeasturias.com","telephone":"+34652131393","logo":{"@type":"ImageObject","url":"https:\/\/www.eldigitaldeasturias.com\/noticias\/wp-content\/uploads\/2020\/12\/EDA.jpg","@id":"https:\/\/www.eldigitaldeasturias.com\/noticias\/renfe-ofrece-wifi-desde-manana-en-las-estaciones-de-cercanias-de-getafe-centro-y-plaza-cataluna\/#organizationLogo","width":649,"height":297},"image":{"@id":"https:\/\/www.eldigitaldeasturias.com\/noticias\/renfe-ofrece-wifi-desde-manana-en-las-estaciones-de-cercanias-de-getafe-centro-y-plaza-cataluna\/#organizationLogo"},"sameAs":["https:\/\/facebook.com\/eldigitaldeasturias","https:\/\/www.youtube.com\/channel\/UCZP-2wLEB9Rv6erhFmqVnvg"],"address":{"@id":"https:\/\/www.eldigitaldeasturias.com\/noticias\/#postaladdress","@type":"PostalAddress","streetAddress":"san antonio 4,","postalCode":"33430","addressLocality":"Cand\u00e1s","addressRegion":"Asturias","addressCountry":"ES"}},{"@type":"Person","@id":"https:\/\/www.eldigitaldeasturias.com\/noticias\/author\/admin\/#author","url":"https:\/\/www.eldigitaldeasturias.com\/noticias\/author\/admin\/","name":"El Digital de Asturias","image":{"@type":"ImageObject","@id":"https:\/\/www.eldigitaldeasturias.com\/noticias\/renfe-ofrece-wifi-desde-manana-en-las-estaciones-de-cercanias-de-getafe-centro-y-plaza-cataluna\/#authorImage","url":"https:\/\/www.eldigitaldeasturias.com\/noticias\/wp-content\/litespeed\/avatar\/18677e78aa0546b92d9dbf31ec7d7668.jpg?ver=1777290358","width":96,"height":96,"caption":"El Digital de Asturias"}},{"@type":"WebPage","@id":"https:\/\/www.eldigitaldeasturias.com\/noticias\/renfe-ofrece-wifi-desde-manana-en-las-estaciones-de-cercanias-de-getafe-centro-y-plaza-cataluna\/#webpage","url":"https:\/\/www.eldigitaldeasturias.com\/noticias\/renfe-ofrece-wifi-desde-manana-en-las-estaciones-de-cercanias-de-getafe-centro-y-plaza-cataluna\/","name":"Renfe ofrece WiFi desde ma\u00f1ana en las estaciones de Cercan\u00edas de Getafe centro y Plaza Catalu\u00f1a - El Digital de Asturias","description":"Renfe empezar\u00e1 ma\u00f1ana martes a ofrecer WiFi, servicio inal\u00e1mbrico de acceso a Internet, con car\u00e1cter gratuito, pero limitado en tiempo, en las estaciones de Cercan\u00edas de Getafe centro (Madrid) y Plaza de Catalu\u00f1a de Barcelona. As\u00ed lo anunci\u00f3 la ministra de Fomento, Ana Pastor, quien indic\u00f3 que \"pr\u00f3ximamente\" este servicio se extender\u00e1 a otras veinte","inLanguage":"es-ES","isPartOf":{"@id":"https:\/\/www.eldigitaldeasturias.com\/noticias\/#website"},"breadcrumb":{"@id":"https:\/\/www.eldigitaldeasturias.com\/noticias\/renfe-ofrece-wifi-desde-manana-en-las-estaciones-de-cercanias-de-getafe-centro-y-plaza-cataluna\/#breadcrumblist"},"author":{"@id":"https:\/\/www.eldigitaldeasturias.com\/noticias\/author\/admin\/#author"},"creator":{"@id":"https:\/\/www.eldigitaldeasturias.com\/noticias\/author\/admin\/#author"},"image":{"@type":"ImageObject","url":"https:\/\/www.eldigitaldeasturias.com\/noticias\/wp-content\/uploads\/2015\/10\/fotonoticia_20151026181739_800.jpg","@id":"https:\/\/www.eldigitaldeasturias.com\/noticias\/renfe-ofrece-wifi-desde-manana-en-las-estaciones-de-cercanias-de-getafe-centro-y-plaza-cataluna\/#mainImage","width":800,"height":598},"primaryImageOfPage":{"@id":"https:\/\/www.eldigitaldeasturias.com\/noticias\/renfe-ofrece-wifi-desde-manana-en-las-estaciones-de-cercanias-de-getafe-centro-y-plaza-cataluna\/#mainImage"},"datePublished":"2015-10-27T00:42:12+01:00","dateModified":"2015-10-27T00:42:12+01:00"},{"@type":"WebSite","@id":"https:\/\/www.eldigitaldeasturias.com\/noticias\/#website","url":"https:\/\/www.eldigitaldeasturias.com\/noticias\/","name":"El Digital de Asturias - Diario de actualidad y noticias","alternateName":"El Digital de Asturias - Diario de actualidad y noticias","description":"Hemeroteca","inLanguage":"es-ES","publisher":{"@id":"https:\/\/www.eldigitaldeasturias.com\/noticias\/#organization"}}]},"og:locale":"es_ES","og:site_name":"El Digital de Asturias","og:type":"article","og:title":"Renfe ofrece WiFi desde ma\u00f1ana en las estaciones de Cercan\u00edas de Getafe centro y Plaza Catalu\u00f1a - El Digital de Asturias","og:description":"Renfe empezar\u00e1 ma\u00f1ana martes a ofrecer WiFi, servicio inal\u00e1mbrico de acceso a Internet, con car\u00e1cter gratuito, pero limitado en tiempo, en las estaciones de Cercan\u00edas de Getafe centro (Madrid) y Plaza de Catalu\u00f1a de Barcelona. As\u00ed lo anunci\u00f3 la ministra de Fomento, Ana Pastor, quien indic\u00f3 que &quot;pr\u00f3ximamente&quot; este servicio se extender\u00e1 a otras veinte","og:url":"https:\/\/www.eldigitaldeasturias.com\/noticias\/renfe-ofrece-wifi-desde-manana-en-las-estaciones-de-cercanias-de-getafe-centro-y-plaza-cataluna\/","og:image":"https:\/\/www.eldigitaldeasturias.com\/noticias\/wp-content\/uploads\/2015\/10\/fotonoticia_20151026181739_800.jpg","og:image:secure_url":"https:\/\/www.eldigitaldeasturias.com\/noticias\/wp-content\/uploads\/2015\/10\/fotonoticia_20151026181739_800.jpg","og:image:width":800,"og:image:height":598,"article:tag":["turismo"],"article:published_time":"2015-10-26T23:42:12+00:00","article:modified_time":"2015-10-26T23:42:12+00:00","article:publisher":"https:\/\/facebook.com\/eldigitaldeasturias","twitter:card":"summary_large_image","twitter:title":"Renfe ofrece WiFi desde ma\u00f1ana en las estaciones de Cercan\u00edas de Getafe centro y Plaza Catalu\u00f1a - El Digital de Asturias","twitter:description":"Renfe empezar\u00e1 ma\u00f1ana martes a ofrecer WiFi, servicio inal\u00e1mbrico de acceso a Internet, con car\u00e1cter gratuito, pero limitado en tiempo, en las estaciones de Cercan\u00edas de Getafe centro (Madrid) y Plaza de Catalu\u00f1a de Barcelona. As\u00ed lo anunci\u00f3 la ministra de Fomento, Ana Pastor, quien indic\u00f3 que &quot;pr\u00f3ximamente&quot; este servicio se extender\u00e1 a otras veinte","twitter:image":"https:\/\/www.eldigitaldeasturias.com\/noticias\/wp-content\/uploads\/2015\/10\/fotonoticia_20151026181739_800.jpg","twitter:label1":"Escrito por","twitter:data1":"El Digital de Asturias","twitter:label2":"Tiempo de lectura estimado","twitter:data2":"2 minutos"},"aioseo_meta_data":{"post_id":"817843","title":null,"description":null,"keywords":null,"keyphrases":null,"primary_term":null,"canonical_url":null,"og_title":null,"og_description":null,"og_object_type":"default","og_image_type":"default","og_image_url":null,"og_image_width":null,"og_image_height":null,"og_image_custom_url":null,"og_image_custom_fields":null,"og_video":null,"og_custom_url":null,"og_article_section":null,"og_article_tags":null,"twitter_use_og":false,"twitter_card":"default","twitter_image_type":"default","twitter_image_url":null,"twitter_image_custom_url":null,"twitter_image_custom_fields":null,"twitter_title":null,"twitter_description":null,"schema":{"blockGraphs":[],"customGraphs":[],"default":{"data":{"Article":[],"Course":[],"Dataset":[],"FAQPage":[],"Movie":[],"Person":[],"Product":[],"ProductReview":[],"Car":[],"Recipe":[],"Service":[],"SoftwareApplication":[],"WebPage":[]},"graphName":"","isEnabled":true},"graphs":[],"defaultGraph":"","defaultPostTypeGraph":""},"schema_type":null,"schema_type_options":null,"pillar_content":false,"robots_default":true,"robots_noindex":false,"robots_noarchive":false,"robots_nosnippet":false,"robots_nofollow":false,"robots_noimageindex":false,"robots_noodp":false,"robots_notranslate":false,"robots_max_snippet":null,"robots_max_videopreview":null,"robots_max_imagepreview":"large","priority":null,"frequency":null,"local_seo":null,"seo_analyzer_scan_date":"2025-12-24 10:42:59","breadcrumb_settings":null,"limit_modified_date":false,"open_ai":null,"ai":null,"created":"2021-01-23 10:11:18","updated":"2025-12-24 10:42:59"},"aioseo_breadcrumb":"<div class=\"aioseo-breadcrumbs\"><span class=\"aioseo-breadcrumb\">\n\t<a href=\"https:\/\/www.eldigitaldeasturias.com\/noticias\" title=\"Home\">Home<\/a>\n<\/span><span class=\"aioseo-breadcrumb-separator\">\u2013<\/span><span class=\"aioseo-breadcrumb\">\n\t<a href=\"https:\/\/www.eldigitaldeasturias.com\/noticias\/category\/turismo\/\" title=\"Turismo\">Turismo<\/a>\n<\/span><span class=\"aioseo-breadcrumb-separator\">\u2013<\/span><span class=\"aioseo-breadcrumb\">\n\t<a href=\"https:\/\/www.eldigitaldeasturias.com\/noticias\/renfe-ofrece-wifi-desde-manana-en-las-estaciones-de-cercanias-de-getafe-centro-y-plaza-cataluna\/\" title=\"Renfe ofrece WiFi desde ma\u00f1ana en las estaciones de Cercan\u00edas de Getafe centro y Plaza Catalu\u00f1a\">Renfe ofrece WiFi desde ma\u00f1ana en las estaciones de Cercan\u00edas de Getafe centro y Plaza Catalu\u00f1a<\/a>\n<\/span><\/div>","aioseo_breadcrumb_json":[{"label":"Home","link":"https:\/\/www.eldigitaldeasturias.com\/noticias"},{"label":"Turismo","link":"https:\/\/www.eldigitaldeasturias.com\/noticias\/category\/turismo\/"},{"label":"Renfe ofrece WiFi desde ma\u00f1ana en las estaciones de Cercan\u00edas de Getafe centro y Plaza Catalu\u00f1a","link":"https:\/\/www.eldigitaldeasturias.com\/noticias\/renfe-ofrece-wifi-desde-manana-en-las-estaciones-de-cercanias-de-getafe-centro-y-plaza-cataluna\/"}],"_links":{"self":[{"href":"https:\/\/www.eldigitaldeasturias.com\/noticias\/wp-json\/wp\/v2\/posts\/817843","targetHints":{"allow":["GET"]}}],"collection":[{"href":"https:\/\/www.eldigitaldeasturias.com\/noticias\/wp-json\/wp\/v2\/posts"}],"about":[{"href":"https:\/\/www.eldigitaldeasturias.com\/noticias\/wp-json\/wp\/v2\/types\/post"}],"author":[{"embeddable":true,"href":"https:\/\/www.eldigitaldeasturias.com\/noticias\/wp-json\/wp\/v2\/users\/1"}],"replies":[{"embeddable":true,"href":"https:\/\/www.eldigitaldeasturias.com\/noticias\/wp-json\/wp\/v2\/comments?post=817843"}],"version-history":[{"count":0,"href":"https:\/\/www.eldigitaldeasturias.com\/noticias\/wp-json\/wp\/v2\/posts\/817843\/revisions"}],"wp:featuredmedia":[{"embeddable":true,"href":"https:\/\/www.eldigitaldeasturias.com\/noticias\/wp-json\/wp\/v2\/media\/817844"}],"wp:attachment":[{"href":"https:\/\/www.eldigitaldeasturias.com\/noticias\/wp-json\/wp\/v2\/media?parent=817843"}],"wp:term":[{"taxonomy":"category","embeddable":true,"href":"https:\/\/www.eldigitaldeasturias.com\/noticias\/wp-json\/wp\/v2\/categories?post=817843"},{"taxonomy":"post_tag","embeddable":true,"href":"https:\/\/www.eldigitaldeasturias.com\/noticias\/wp-json\/wp\/v2\/tags?post=817843"}],"curies":[{"name":"wp","href":"https:\/\/api.w.org\/{rel}","templated":true}]}}