{"id":817503,"date":"2015-10-25T21:31:10","date_gmt":"2015-10-25T20:31:10","guid":{"rendered":"http:\/\/www.eldigitaldeasturias.com\/noticias\/?p=817503"},"modified":"2015-10-25T21:31:10","modified_gmt":"2015-10-25T20:31:10","slug":"el-primer-ave-con-wifi-a-bordo-empieza-a-circular-esta-semana","status":"publish","type":"post","link":"https:\/\/www.eldigitaldeasturias.com\/noticias\/el-primer-ave-con-wifi-a-bordo-empieza-a-circular-esta-semana\/","title":{"rendered":"El primer AVE con WiFi a bordo empieza a circular esta semana"},"content":{"rendered":"<p><img loading=\"lazy\" decoding=\"async\" class=\"alignleft size-medium wp-image-817504\" src=\"https:\/\/www.eldigitaldeasturias.com\/noticias\/wp-content\/uploads\/2015\/10\/fotonoticia_20151025120933_800-360x231.jpg\" alt=\"fotonoticia_20151025120933_800\" width=\"360\" height=\"231\" srcset=\"https:\/\/www.eldigitaldeasturias.com\/noticias\/wp-content\/uploads\/2015\/10\/fotonoticia_20151025120933_800-360x231.jpg 360w, https:\/\/www.eldigitaldeasturias.com\/noticias\/wp-content\/uploads\/2015\/10\/fotonoticia_20151025120933_800-650x418.jpg 650w, https:\/\/www.eldigitaldeasturias.com\/noticias\/wp-content\/uploads\/2015\/10\/fotonoticia_20151025120933_800.jpg 800w\" sizes=\"auto, (max-width: 360px) 100vw, 360px\" \/>Renfe pone esta semana en circulaci\u00f3n el primer tren de Alta Velocidad que ofrecer\u00e1 a bordo servicio de WiFi, de conexi\u00f3n inal\u00e1mbrica a Internet, seg\u00fan informaron en fuentes oficiales.<\/p>\n<p>El primer tren AVE con WiFi circular\u00e1 por la primera l\u00ednea de Alta Velocidad que se puso en servicio en Espa\u00f1a, que une Madrid y Sevilla. El servicio se comenzar\u00e1 a prestar, no obstante, a modo de prueba.<\/p>\n<p>Renfe estrena as\u00ed el servicio WiFi en el AVE apenas quince d\u00edas despu\u00e9s de que adjudicara a Telef\u00f3nica el contrato para su instalaci\u00f3n y suministro por un importe de 148,6 millones de euros.<\/p>\n<p>Los planes de Renfe pasan por ir implantando el acceso inal\u00e1mbrico a Internet de forma paulatina y durante un periodo de dos a\u00f1os en todo el parque de 89 trenes AVE con que actualmente cuenta la compa\u00f1\u00eda.<\/p>\n<p>La operadora ferroviaria prev\u00e9 ofrecer a los viajeros de sus trenes AVE dos tipos de servicio WiFi. Uno de car\u00e1cter b\u00e1sico y gratuito, para todos los viajeros, y otro &#8216;premium&#8217;, de pago, que permita realizar conexiones de mayor capacidad y acceso a contenidos audiovisuales, como pel\u00edculas o partidos de f\u00fatbol.<\/p>\n<p>Telef\u00f3nica, adem\u00e1s de instalar y habilitar el servicio en los trenes, tambi\u00e9n habilitar\u00e1 y explotar\u00e1 una plataforma de contenidos y servicios de entretenimiento &#8216;online&#8217; para los viajeros del AVE que se conecten a Internet.<\/p>\n<p>SERVICIO \u00abESTRAT\u00c9GICO\u00bb PARA RENFE.<\/p>\n<p>Renfe considera \u00abestrat\u00e9gica\u00bb la prestaci\u00f3n de servicio de Internet a bordo de los trenes en el marco de la pol\u00edtica de fidelizaci\u00f3n del cliente y de mejora de la calidad que actualmente desarrolla.<\/p>\n<p>La fidelizaci\u00f3n del cliente y la captaci\u00f3n de nuevos usuarios para el ferrocarril constituyen a su vez dos de los pilares en los que la compa\u00f1\u00eda sustenta la consecuci\u00f3n su objetivo de superar las p\u00e9rdidas a finales de 2016.<\/p>\n<p>Renfe tambi\u00e9n circunscribe la implantaci\u00f3n de WiFi en el AVE en las medidas de mejora de la calidad que implementa para adaptarse a las demandas de los pasajeros y prepararse para un nuevo escenario del transporte de viajeros en tren abierto a la competencia.<\/p>\n<p>El AVE comienza a prestar servicio conexi\u00f3n inal\u00e1mbrico a Internet mientras contin\u00faa encadenando r\u00e9cords en cuanto a n\u00famero de viajeros transportados en AVE y Larga Distancia. En los nueve primeros meses del a\u00f1o, viajaron en estos trenes 23 millones de viajeros, un 6,2% m\u00e1s que un a\u00f1o antes.<\/p>\n","protected":false},"excerpt":{"rendered":"<p>Renfe pone esta semana en circulaci\u00f3n el primer tren de Alta Velocidad que ofrecer\u00e1 a bordo servicio de WiFi, de conexi\u00f3n inal\u00e1mbrica a Internet, seg\u00fan informaron en fuentes oficiales. El primer tren AVE con WiFi circular\u00e1 por la primera l\u00ednea de Alta Velocidad que se puso en servicio en Espa\u00f1a, que une Madrid y Sevilla. [&hellip;]<\/p>\n","protected":false},"author":1,"featured_media":817504,"comment_status":"open","ping_status":"closed","sticky":false,"template":"","format":"standard","meta":{"footnotes":""},"categories":[148],"tags":[],"class_list":["post-817503","post","type-post","status-publish","format-standard","has-post-thumbnail","hentry","category-turismo"],"aioseo_notices":[],"aioseo_head":"\n\t\t<!-- All in One SEO Pro 4.9.6.2 - aioseo.com -->\n\t<meta name=\"description\" content=\"Renfe pone esta semana en circulaci\u00f3n el primer tren de Alta Velocidad que ofrecer\u00e1 a bordo servicio de WiFi, de conexi\u00f3n inal\u00e1mbrica a Internet, seg\u00fan informaron en fuentes oficiales. El primer tren AVE con WiFi circular\u00e1 por la primera l\u00ednea de Alta Velocidad que se puso en servicio en Espa\u00f1a, que une Madrid y Sevilla.\" \/>\n\t<meta name=\"robots\" content=\"max-image-preview:large\" \/>\n\t<meta name=\"author\" content=\"El Digital de Asturias\"\/>\n\t<meta name=\"google-site-verification\" content=\"UA-38556648-1\" \/>\n\t<meta name=\"msvalidate.01\" content=\"7dfe9f3f1b24437ab69f4f2559babe99\" \/>\n\t<meta name=\"keywords\" content=\"turismo\" \/>\n\t<link rel=\"canonical\" href=\"https:\/\/www.eldigitaldeasturias.com\/noticias\/el-primer-ave-con-wifi-a-bordo-empieza-a-circular-esta-semana\/\" \/>\n\t<meta name=\"generator\" content=\"All in One SEO Pro (AIOSEO) 4.9.6.2\" \/>\n\t\t<meta property=\"og:locale\" content=\"es_ES\" \/>\n\t\t<meta property=\"og:site_name\" content=\"El Digital de Asturias\" \/>\n\t\t<meta property=\"og:type\" content=\"article\" \/>\n\t\t<meta property=\"og:title\" content=\"El primer AVE con WiFi a bordo empieza a circular esta semana - El Digital de Asturias\" \/>\n\t\t<meta property=\"og:description\" content=\"Renfe pone esta semana en circulaci\u00f3n el primer tren de Alta Velocidad que ofrecer\u00e1 a bordo servicio de WiFi, de conexi\u00f3n inal\u00e1mbrica a Internet, seg\u00fan informaron en fuentes oficiales. El primer tren AVE con WiFi circular\u00e1 por la primera l\u00ednea de Alta Velocidad que se puso en servicio en Espa\u00f1a, que une Madrid y Sevilla.\" \/>\n\t\t<meta property=\"og:url\" content=\"https:\/\/www.eldigitaldeasturias.com\/noticias\/el-primer-ave-con-wifi-a-bordo-empieza-a-circular-esta-semana\/\" \/>\n\t\t<meta property=\"og:image\" content=\"https:\/\/www.eldigitaldeasturias.com\/noticias\/wp-content\/uploads\/2015\/10\/fotonoticia_20151025120933_800.jpg\" \/>\n\t\t<meta property=\"og:image:secure_url\" content=\"https:\/\/www.eldigitaldeasturias.com\/noticias\/wp-content\/uploads\/2015\/10\/fotonoticia_20151025120933_800.jpg\" \/>\n\t\t<meta property=\"og:image:width\" content=\"800\" \/>\n\t\t<meta property=\"og:image:height\" content=\"514\" \/>\n\t\t<meta property=\"article:tag\" content=\"turismo\" \/>\n\t\t<meta property=\"article:published_time\" content=\"2015-10-25T20:31:10+00:00\" \/>\n\t\t<meta property=\"article:modified_time\" content=\"2015-10-25T20:31:10+00:00\" \/>\n\t\t<meta property=\"article:publisher\" content=\"https:\/\/facebook.com\/eldigitaldeasturias\" \/>\n\t\t<meta name=\"twitter:card\" content=\"summary_large_image\" \/>\n\t\t<meta name=\"twitter:title\" content=\"El primer AVE con WiFi a bordo empieza a circular esta semana - El Digital de Asturias\" \/>\n\t\t<meta name=\"twitter:description\" content=\"Renfe pone esta semana en circulaci\u00f3n el primer tren de Alta Velocidad que ofrecer\u00e1 a bordo servicio de WiFi, de conexi\u00f3n inal\u00e1mbrica a Internet, seg\u00fan informaron en fuentes oficiales. El primer tren AVE con WiFi circular\u00e1 por la primera l\u00ednea de Alta Velocidad que se puso en servicio en Espa\u00f1a, que une Madrid y Sevilla.\" \/>\n\t\t<meta name=\"twitter:image\" content=\"https:\/\/www.eldigitaldeasturias.com\/noticias\/wp-content\/uploads\/2015\/10\/fotonoticia_20151025120933_800.jpg\" \/>\n\t\t<meta name=\"twitter:label1\" content=\"Escrito por\" \/>\n\t\t<meta name=\"twitter:data1\" content=\"El Digital de Asturias\" \/>\n\t\t<meta name=\"twitter:label2\" content=\"Tiempo de lectura estimado\" \/>\n\t\t<meta name=\"twitter:data2\" content=\"2 minutos\" \/>\n\t\t<script type=\"application\/ld+json\" class=\"aioseo-schema\">\n\t\t\t{\"@context\":\"https:\\\/\\\/schema.org\",\"@graph\":[{\"@type\":\"BlogPosting\",\"@id\":\"https:\\\/\\\/www.eldigitaldeasturias.com\\\/noticias\\\/el-primer-ave-con-wifi-a-bordo-empieza-a-circular-esta-semana\\\/#blogposting\",\"name\":\"El primer AVE con WiFi a bordo empieza a circular esta semana - El Digital de Asturias\",\"headline\":\"El primer AVE con WiFi a bordo empieza a circular esta semana\",\"author\":{\"@id\":\"https:\\\/\\\/www.eldigitaldeasturias.com\\\/noticias\\\/author\\\/admin\\\/#author\"},\"publisher\":{\"@id\":\"https:\\\/\\\/www.eldigitaldeasturias.com\\\/noticias\\\/#organization\"},\"image\":{\"@type\":\"ImageObject\",\"url\":\"https:\\\/\\\/www.eldigitaldeasturias.com\\\/noticias\\\/wp-content\\\/uploads\\\/2015\\\/10\\\/fotonoticia_20151025120933_800.jpg\",\"width\":800,\"height\":514},\"datePublished\":\"2015-10-25T21:31:10+01:00\",\"dateModified\":\"2015-10-25T21:31:10+01:00\",\"inLanguage\":\"es-ES\",\"mainEntityOfPage\":{\"@id\":\"https:\\\/\\\/www.eldigitaldeasturias.com\\\/noticias\\\/el-primer-ave-con-wifi-a-bordo-empieza-a-circular-esta-semana\\\/#webpage\"},\"isPartOf\":{\"@id\":\"https:\\\/\\\/www.eldigitaldeasturias.com\\\/noticias\\\/el-primer-ave-con-wifi-a-bordo-empieza-a-circular-esta-semana\\\/#webpage\"},\"articleSection\":\"Turismo\"},{\"@type\":\"BreadcrumbList\",\"@id\":\"https:\\\/\\\/www.eldigitaldeasturias.com\\\/noticias\\\/el-primer-ave-con-wifi-a-bordo-empieza-a-circular-esta-semana\\\/#breadcrumblist\",\"itemListElement\":[{\"@type\":\"ListItem\",\"@id\":\"https:\\\/\\\/www.eldigitaldeasturias.com\\\/noticias#listItem\",\"position\":1,\"name\":\"Home\",\"item\":\"https:\\\/\\\/www.eldigitaldeasturias.com\\\/noticias\",\"nextItem\":{\"@type\":\"ListItem\",\"@id\":\"https:\\\/\\\/www.eldigitaldeasturias.com\\\/noticias\\\/category\\\/turismo\\\/#listItem\",\"name\":\"Turismo\"}},{\"@type\":\"ListItem\",\"@id\":\"https:\\\/\\\/www.eldigitaldeasturias.com\\\/noticias\\\/category\\\/turismo\\\/#listItem\",\"position\":2,\"name\":\"Turismo\",\"item\":\"https:\\\/\\\/www.eldigitaldeasturias.com\\\/noticias\\\/category\\\/turismo\\\/\",\"nextItem\":{\"@type\":\"ListItem\",\"@id\":\"https:\\\/\\\/www.eldigitaldeasturias.com\\\/noticias\\\/el-primer-ave-con-wifi-a-bordo-empieza-a-circular-esta-semana\\\/#listItem\",\"name\":\"El primer AVE con WiFi a bordo empieza a circular esta semana\"},\"previousItem\":{\"@type\":\"ListItem\",\"@id\":\"https:\\\/\\\/www.eldigitaldeasturias.com\\\/noticias#listItem\",\"name\":\"Home\"}},{\"@type\":\"ListItem\",\"@id\":\"https:\\\/\\\/www.eldigitaldeasturias.com\\\/noticias\\\/el-primer-ave-con-wifi-a-bordo-empieza-a-circular-esta-semana\\\/#listItem\",\"position\":3,\"name\":\"El primer AVE con WiFi a bordo empieza a circular esta semana\",\"previousItem\":{\"@type\":\"ListItem\",\"@id\":\"https:\\\/\\\/www.eldigitaldeasturias.com\\\/noticias\\\/category\\\/turismo\\\/#listItem\",\"name\":\"Turismo\"}}]},{\"@type\":\"Organization\",\"@id\":\"https:\\\/\\\/www.eldigitaldeasturias.com\\\/noticias\\\/#organization\",\"name\":\"El Digital de Asturias\",\"description\":\"Hemeroteca\",\"url\":\"https:\\\/\\\/www.eldigitaldeasturias.com\\\/noticias\\\/\",\"email\":\"info@eldigitaldeasturias.com\",\"telephone\":\"+34652131393\",\"logo\":{\"@type\":\"ImageObject\",\"url\":\"https:\\\/\\\/www.eldigitaldeasturias.com\\\/noticias\\\/wp-content\\\/uploads\\\/2020\\\/12\\\/EDA.jpg\",\"@id\":\"https:\\\/\\\/www.eldigitaldeasturias.com\\\/noticias\\\/el-primer-ave-con-wifi-a-bordo-empieza-a-circular-esta-semana\\\/#organizationLogo\",\"width\":649,\"height\":297},\"image\":{\"@id\":\"https:\\\/\\\/www.eldigitaldeasturias.com\\\/noticias\\\/el-primer-ave-con-wifi-a-bordo-empieza-a-circular-esta-semana\\\/#organizationLogo\"},\"sameAs\":[\"https:\\\/\\\/facebook.com\\\/eldigitaldeasturias\",\"https:\\\/\\\/www.youtube.com\\\/channel\\\/UCZP-2wLEB9Rv6erhFmqVnvg\"],\"address\":{\"@id\":\"https:\\\/\\\/www.eldigitaldeasturias.com\\\/noticias\\\/#postaladdress\",\"@type\":\"PostalAddress\",\"streetAddress\":\"san antonio 4,\",\"postalCode\":\"33430\",\"addressLocality\":\"Cand\\u00e1s\",\"addressRegion\":\"Asturias\",\"addressCountry\":\"ES\"}},{\"@type\":\"Person\",\"@id\":\"https:\\\/\\\/www.eldigitaldeasturias.com\\\/noticias\\\/author\\\/admin\\\/#author\",\"url\":\"https:\\\/\\\/www.eldigitaldeasturias.com\\\/noticias\\\/author\\\/admin\\\/\",\"name\":\"El Digital de Asturias\",\"image\":{\"@type\":\"ImageObject\",\"@id\":\"https:\\\/\\\/www.eldigitaldeasturias.com\\\/noticias\\\/el-primer-ave-con-wifi-a-bordo-empieza-a-circular-esta-semana\\\/#authorImage\",\"url\":\"https:\\\/\\\/www.eldigitaldeasturias.com\\\/noticias\\\/wp-content\\\/litespeed\\\/avatar\\\/18677e78aa0546b92d9dbf31ec7d7668.jpg?ver=1777290358\",\"width\":96,\"height\":96,\"caption\":\"El Digital de Asturias\"}},{\"@type\":\"WebPage\",\"@id\":\"https:\\\/\\\/www.eldigitaldeasturias.com\\\/noticias\\\/el-primer-ave-con-wifi-a-bordo-empieza-a-circular-esta-semana\\\/#webpage\",\"url\":\"https:\\\/\\\/www.eldigitaldeasturias.com\\\/noticias\\\/el-primer-ave-con-wifi-a-bordo-empieza-a-circular-esta-semana\\\/\",\"name\":\"El primer AVE con WiFi a bordo empieza a circular esta semana - El Digital de Asturias\",\"description\":\"Renfe pone esta semana en circulaci\\u00f3n el primer tren de Alta Velocidad que ofrecer\\u00e1 a bordo servicio de WiFi, de conexi\\u00f3n inal\\u00e1mbrica a Internet, seg\\u00fan informaron en fuentes oficiales. El primer tren AVE con WiFi circular\\u00e1 por la primera l\\u00ednea de Alta Velocidad que se puso en servicio en Espa\\u00f1a, que une Madrid y Sevilla.\",\"inLanguage\":\"es-ES\",\"isPartOf\":{\"@id\":\"https:\\\/\\\/www.eldigitaldeasturias.com\\\/noticias\\\/#website\"},\"breadcrumb\":{\"@id\":\"https:\\\/\\\/www.eldigitaldeasturias.com\\\/noticias\\\/el-primer-ave-con-wifi-a-bordo-empieza-a-circular-esta-semana\\\/#breadcrumblist\"},\"author\":{\"@id\":\"https:\\\/\\\/www.eldigitaldeasturias.com\\\/noticias\\\/author\\\/admin\\\/#author\"},\"creator\":{\"@id\":\"https:\\\/\\\/www.eldigitaldeasturias.com\\\/noticias\\\/author\\\/admin\\\/#author\"},\"image\":{\"@type\":\"ImageObject\",\"url\":\"https:\\\/\\\/www.eldigitaldeasturias.com\\\/noticias\\\/wp-content\\\/uploads\\\/2015\\\/10\\\/fotonoticia_20151025120933_800.jpg\",\"@id\":\"https:\\\/\\\/www.eldigitaldeasturias.com\\\/noticias\\\/el-primer-ave-con-wifi-a-bordo-empieza-a-circular-esta-semana\\\/#mainImage\",\"width\":800,\"height\":514},\"primaryImageOfPage\":{\"@id\":\"https:\\\/\\\/www.eldigitaldeasturias.com\\\/noticias\\\/el-primer-ave-con-wifi-a-bordo-empieza-a-circular-esta-semana\\\/#mainImage\"},\"datePublished\":\"2015-10-25T21:31:10+01:00\",\"dateModified\":\"2015-10-25T21:31:10+01:00\"},{\"@type\":\"WebSite\",\"@id\":\"https:\\\/\\\/www.eldigitaldeasturias.com\\\/noticias\\\/#website\",\"url\":\"https:\\\/\\\/www.eldigitaldeasturias.com\\\/noticias\\\/\",\"name\":\"El Digital de Asturias - Diario de actualidad y noticias\",\"alternateName\":\"El Digital de Asturias - Diario de actualidad y noticias\",\"description\":\"Hemeroteca\",\"inLanguage\":\"es-ES\",\"publisher\":{\"@id\":\"https:\\\/\\\/www.eldigitaldeasturias.com\\\/noticias\\\/#organization\"}}]}\n\t\t<\/script>\n\t\t<!-- All in One SEO Pro -->\r\n\t\t<title>El primer AVE con WiFi a bordo empieza a circular esta semana - El Digital de Asturias<\/title>\n\n","aioseo_head_json":{"title":"El primer AVE con WiFi a bordo empieza a circular esta semana - El Digital de Asturias","description":"Renfe pone esta semana en circulaci\u00f3n el primer tren de Alta Velocidad que ofrecer\u00e1 a bordo servicio de WiFi, de conexi\u00f3n inal\u00e1mbrica a Internet, seg\u00fan informaron en fuentes oficiales. El primer tren AVE con WiFi circular\u00e1 por la primera l\u00ednea de Alta Velocidad que se puso en servicio en Espa\u00f1a, que une Madrid y Sevilla.","canonical_url":"https:\/\/www.eldigitaldeasturias.com\/noticias\/el-primer-ave-con-wifi-a-bordo-empieza-a-circular-esta-semana\/","robots":"max-image-preview:large","keywords":"turismo","webmasterTools":{"google-site-verification":"UA-38556648-1","msvalidate.01":"7dfe9f3f1b24437ab69f4f2559babe99","miscellaneous":""},"schema":{"@context":"https:\/\/schema.org","@graph":[{"@type":"BlogPosting","@id":"https:\/\/www.eldigitaldeasturias.com\/noticias\/el-primer-ave-con-wifi-a-bordo-empieza-a-circular-esta-semana\/#blogposting","name":"El primer AVE con WiFi a bordo empieza a circular esta semana - El Digital de Asturias","headline":"El primer AVE con WiFi a bordo empieza a circular esta semana","author":{"@id":"https:\/\/www.eldigitaldeasturias.com\/noticias\/author\/admin\/#author"},"publisher":{"@id":"https:\/\/www.eldigitaldeasturias.com\/noticias\/#organization"},"image":{"@type":"ImageObject","url":"https:\/\/www.eldigitaldeasturias.com\/noticias\/wp-content\/uploads\/2015\/10\/fotonoticia_20151025120933_800.jpg","width":800,"height":514},"datePublished":"2015-10-25T21:31:10+01:00","dateModified":"2015-10-25T21:31:10+01:00","inLanguage":"es-ES","mainEntityOfPage":{"@id":"https:\/\/www.eldigitaldeasturias.com\/noticias\/el-primer-ave-con-wifi-a-bordo-empieza-a-circular-esta-semana\/#webpage"},"isPartOf":{"@id":"https:\/\/www.eldigitaldeasturias.com\/noticias\/el-primer-ave-con-wifi-a-bordo-empieza-a-circular-esta-semana\/#webpage"},"articleSection":"Turismo"},{"@type":"BreadcrumbList","@id":"https:\/\/www.eldigitaldeasturias.com\/noticias\/el-primer-ave-con-wifi-a-bordo-empieza-a-circular-esta-semana\/#breadcrumblist","itemListElement":[{"@type":"ListItem","@id":"https:\/\/www.eldigitaldeasturias.com\/noticias#listItem","position":1,"name":"Home","item":"https:\/\/www.eldigitaldeasturias.com\/noticias","nextItem":{"@type":"ListItem","@id":"https:\/\/www.eldigitaldeasturias.com\/noticias\/category\/turismo\/#listItem","name":"Turismo"}},{"@type":"ListItem","@id":"https:\/\/www.eldigitaldeasturias.com\/noticias\/category\/turismo\/#listItem","position":2,"name":"Turismo","item":"https:\/\/www.eldigitaldeasturias.com\/noticias\/category\/turismo\/","nextItem":{"@type":"ListItem","@id":"https:\/\/www.eldigitaldeasturias.com\/noticias\/el-primer-ave-con-wifi-a-bordo-empieza-a-circular-esta-semana\/#listItem","name":"El primer AVE con WiFi a bordo empieza a circular esta semana"},"previousItem":{"@type":"ListItem","@id":"https:\/\/www.eldigitaldeasturias.com\/noticias#listItem","name":"Home"}},{"@type":"ListItem","@id":"https:\/\/www.eldigitaldeasturias.com\/noticias\/el-primer-ave-con-wifi-a-bordo-empieza-a-circular-esta-semana\/#listItem","position":3,"name":"El primer AVE con WiFi a bordo empieza a circular esta semana","previousItem":{"@type":"ListItem","@id":"https:\/\/www.eldigitaldeasturias.com\/noticias\/category\/turismo\/#listItem","name":"Turismo"}}]},{"@type":"Organization","@id":"https:\/\/www.eldigitaldeasturias.com\/noticias\/#organization","name":"El Digital de Asturias","description":"Hemeroteca","url":"https:\/\/www.eldigitaldeasturias.com\/noticias\/","email":"info@eldigitaldeasturias.com","telephone":"+34652131393","logo":{"@type":"ImageObject","url":"https:\/\/www.eldigitaldeasturias.com\/noticias\/wp-content\/uploads\/2020\/12\/EDA.jpg","@id":"https:\/\/www.eldigitaldeasturias.com\/noticias\/el-primer-ave-con-wifi-a-bordo-empieza-a-circular-esta-semana\/#organizationLogo","width":649,"height":297},"image":{"@id":"https:\/\/www.eldigitaldeasturias.com\/noticias\/el-primer-ave-con-wifi-a-bordo-empieza-a-circular-esta-semana\/#organizationLogo"},"sameAs":["https:\/\/facebook.com\/eldigitaldeasturias","https:\/\/www.youtube.com\/channel\/UCZP-2wLEB9Rv6erhFmqVnvg"],"address":{"@id":"https:\/\/www.eldigitaldeasturias.com\/noticias\/#postaladdress","@type":"PostalAddress","streetAddress":"san antonio 4,","postalCode":"33430","addressLocality":"Cand\u00e1s","addressRegion":"Asturias","addressCountry":"ES"}},{"@type":"Person","@id":"https:\/\/www.eldigitaldeasturias.com\/noticias\/author\/admin\/#author","url":"https:\/\/www.eldigitaldeasturias.com\/noticias\/author\/admin\/","name":"El Digital de Asturias","image":{"@type":"ImageObject","@id":"https:\/\/www.eldigitaldeasturias.com\/noticias\/el-primer-ave-con-wifi-a-bordo-empieza-a-circular-esta-semana\/#authorImage","url":"https:\/\/www.eldigitaldeasturias.com\/noticias\/wp-content\/litespeed\/avatar\/18677e78aa0546b92d9dbf31ec7d7668.jpg?ver=1777290358","width":96,"height":96,"caption":"El Digital de Asturias"}},{"@type":"WebPage","@id":"https:\/\/www.eldigitaldeasturias.com\/noticias\/el-primer-ave-con-wifi-a-bordo-empieza-a-circular-esta-semana\/#webpage","url":"https:\/\/www.eldigitaldeasturias.com\/noticias\/el-primer-ave-con-wifi-a-bordo-empieza-a-circular-esta-semana\/","name":"El primer AVE con WiFi a bordo empieza a circular esta semana - El Digital de Asturias","description":"Renfe pone esta semana en circulaci\u00f3n el primer tren de Alta Velocidad que ofrecer\u00e1 a bordo servicio de WiFi, de conexi\u00f3n inal\u00e1mbrica a Internet, seg\u00fan informaron en fuentes oficiales. El primer tren AVE con WiFi circular\u00e1 por la primera l\u00ednea de Alta Velocidad que se puso en servicio en Espa\u00f1a, que une Madrid y Sevilla.","inLanguage":"es-ES","isPartOf":{"@id":"https:\/\/www.eldigitaldeasturias.com\/noticias\/#website"},"breadcrumb":{"@id":"https:\/\/www.eldigitaldeasturias.com\/noticias\/el-primer-ave-con-wifi-a-bordo-empieza-a-circular-esta-semana\/#breadcrumblist"},"author":{"@id":"https:\/\/www.eldigitaldeasturias.com\/noticias\/author\/admin\/#author"},"creator":{"@id":"https:\/\/www.eldigitaldeasturias.com\/noticias\/author\/admin\/#author"},"image":{"@type":"ImageObject","url":"https:\/\/www.eldigitaldeasturias.com\/noticias\/wp-content\/uploads\/2015\/10\/fotonoticia_20151025120933_800.jpg","@id":"https:\/\/www.eldigitaldeasturias.com\/noticias\/el-primer-ave-con-wifi-a-bordo-empieza-a-circular-esta-semana\/#mainImage","width":800,"height":514},"primaryImageOfPage":{"@id":"https:\/\/www.eldigitaldeasturias.com\/noticias\/el-primer-ave-con-wifi-a-bordo-empieza-a-circular-esta-semana\/#mainImage"},"datePublished":"2015-10-25T21:31:10+01:00","dateModified":"2015-10-25T21:31:10+01:00"},{"@type":"WebSite","@id":"https:\/\/www.eldigitaldeasturias.com\/noticias\/#website","url":"https:\/\/www.eldigitaldeasturias.com\/noticias\/","name":"El Digital de Asturias - Diario de actualidad y noticias","alternateName":"El Digital de Asturias - Diario de actualidad y noticias","description":"Hemeroteca","inLanguage":"es-ES","publisher":{"@id":"https:\/\/www.eldigitaldeasturias.com\/noticias\/#organization"}}]},"og:locale":"es_ES","og:site_name":"El Digital de Asturias","og:type":"article","og:title":"El primer AVE con WiFi a bordo empieza a circular esta semana - El Digital de Asturias","og:description":"Renfe pone esta semana en circulaci\u00f3n el primer tren de Alta Velocidad que ofrecer\u00e1 a bordo servicio de WiFi, de conexi\u00f3n inal\u00e1mbrica a Internet, seg\u00fan informaron en fuentes oficiales. El primer tren AVE con WiFi circular\u00e1 por la primera l\u00ednea de Alta Velocidad que se puso en servicio en Espa\u00f1a, que une Madrid y Sevilla.","og:url":"https:\/\/www.eldigitaldeasturias.com\/noticias\/el-primer-ave-con-wifi-a-bordo-empieza-a-circular-esta-semana\/","og:image":"https:\/\/www.eldigitaldeasturias.com\/noticias\/wp-content\/uploads\/2015\/10\/fotonoticia_20151025120933_800.jpg","og:image:secure_url":"https:\/\/www.eldigitaldeasturias.com\/noticias\/wp-content\/uploads\/2015\/10\/fotonoticia_20151025120933_800.jpg","og:image:width":800,"og:image:height":514,"article:tag":["turismo"],"article:published_time":"2015-10-25T20:31:10+00:00","article:modified_time":"2015-10-25T20:31:10+00:00","article:publisher":"https:\/\/facebook.com\/eldigitaldeasturias","twitter:card":"summary_large_image","twitter:title":"El primer AVE con WiFi a bordo empieza a circular esta semana - El Digital de Asturias","twitter:description":"Renfe pone esta semana en circulaci\u00f3n el primer tren de Alta Velocidad que ofrecer\u00e1 a bordo servicio de WiFi, de conexi\u00f3n inal\u00e1mbrica a Internet, seg\u00fan informaron en fuentes oficiales. El primer tren AVE con WiFi circular\u00e1 por la primera l\u00ednea de Alta Velocidad que se puso en servicio en Espa\u00f1a, que une Madrid y Sevilla.","twitter:image":"https:\/\/www.eldigitaldeasturias.com\/noticias\/wp-content\/uploads\/2015\/10\/fotonoticia_20151025120933_800.jpg","twitter:label1":"Escrito por","twitter:data1":"El Digital de Asturias","twitter:label2":"Tiempo de lectura estimado","twitter:data2":"2 minutos"},"aioseo_meta_data":{"post_id":"817503","title":null,"description":null,"keywords":null,"keyphrases":null,"primary_term":null,"canonical_url":null,"og_title":null,"og_description":null,"og_object_type":"default","og_image_type":"default","og_image_url":null,"og_image_width":null,"og_image_height":null,"og_image_custom_url":null,"og_image_custom_fields":null,"og_video":null,"og_custom_url":null,"og_article_section":null,"og_article_tags":null,"twitter_use_og":false,"twitter_card":"default","twitter_image_type":"default","twitter_image_url":null,"twitter_image_custom_url":null,"twitter_image_custom_fields":null,"twitter_title":null,"twitter_description":null,"schema":{"blockGraphs":[],"customGraphs":[],"default":{"data":{"Article":[],"Course":[],"Dataset":[],"FAQPage":[],"Movie":[],"Person":[],"Product":[],"ProductReview":[],"Car":[],"Recipe":[],"Service":[],"SoftwareApplication":[],"WebPage":[]},"graphName":"","isEnabled":true},"graphs":[],"defaultGraph":"","defaultPostTypeGraph":""},"schema_type":null,"schema_type_options":null,"pillar_content":false,"robots_default":true,"robots_noindex":false,"robots_noarchive":false,"robots_nosnippet":false,"robots_nofollow":false,"robots_noimageindex":false,"robots_noodp":false,"robots_notranslate":false,"robots_max_snippet":null,"robots_max_videopreview":null,"robots_max_imagepreview":"large","priority":null,"frequency":null,"local_seo":null,"seo_analyzer_scan_date":"2025-12-24 09:33:21","breadcrumb_settings":null,"limit_modified_date":false,"open_ai":null,"ai":null,"created":"2021-01-23 10:10:18","updated":"2025-12-24 09:33:21"},"aioseo_breadcrumb":"<div class=\"aioseo-breadcrumbs\"><span class=\"aioseo-breadcrumb\">\n\t<a href=\"https:\/\/www.eldigitaldeasturias.com\/noticias\" title=\"Home\">Home<\/a>\n<\/span><span class=\"aioseo-breadcrumb-separator\">\u2013<\/span><span class=\"aioseo-breadcrumb\">\n\t<a href=\"https:\/\/www.eldigitaldeasturias.com\/noticias\/category\/turismo\/\" title=\"Turismo\">Turismo<\/a>\n<\/span><span class=\"aioseo-breadcrumb-separator\">\u2013<\/span><span class=\"aioseo-breadcrumb\">\n\t<a href=\"https:\/\/www.eldigitaldeasturias.com\/noticias\/el-primer-ave-con-wifi-a-bordo-empieza-a-circular-esta-semana\/\" title=\"El primer AVE con WiFi a bordo empieza a circular esta semana\">El primer AVE con WiFi a bordo empieza a circular esta semana<\/a>\n<\/span><\/div>","aioseo_breadcrumb_json":[{"label":"Home","link":"https:\/\/www.eldigitaldeasturias.com\/noticias"},{"label":"Turismo","link":"https:\/\/www.eldigitaldeasturias.com\/noticias\/category\/turismo\/"},{"label":"El primer AVE con WiFi a bordo empieza a circular esta semana","link":"https:\/\/www.eldigitaldeasturias.com\/noticias\/el-primer-ave-con-wifi-a-bordo-empieza-a-circular-esta-semana\/"}],"_links":{"self":[{"href":"https:\/\/www.eldigitaldeasturias.com\/noticias\/wp-json\/wp\/v2\/posts\/817503","targetHints":{"allow":["GET"]}}],"collection":[{"href":"https:\/\/www.eldigitaldeasturias.com\/noticias\/wp-json\/wp\/v2\/posts"}],"about":[{"href":"https:\/\/www.eldigitaldeasturias.com\/noticias\/wp-json\/wp\/v2\/types\/post"}],"author":[{"embeddable":true,"href":"https:\/\/www.eldigitaldeasturias.com\/noticias\/wp-json\/wp\/v2\/users\/1"}],"replies":[{"embeddable":true,"href":"https:\/\/www.eldigitaldeasturias.com\/noticias\/wp-json\/wp\/v2\/comments?post=817503"}],"version-history":[{"count":0,"href":"https:\/\/www.eldigitaldeasturias.com\/noticias\/wp-json\/wp\/v2\/posts\/817503\/revisions"}],"wp:featuredmedia":[{"embeddable":true,"href":"https:\/\/www.eldigitaldeasturias.com\/noticias\/wp-json\/wp\/v2\/media\/817504"}],"wp:attachment":[{"href":"https:\/\/www.eldigitaldeasturias.com\/noticias\/wp-json\/wp\/v2\/media?parent=817503"}],"wp:term":[{"taxonomy":"category","embeddable":true,"href":"https:\/\/www.eldigitaldeasturias.com\/noticias\/wp-json\/wp\/v2\/categories?post=817503"},{"taxonomy":"post_tag","embeddable":true,"href":"https:\/\/www.eldigitaldeasturias.com\/noticias\/wp-json\/wp\/v2\/tags?post=817503"}],"curies":[{"name":"wp","href":"https:\/\/api.w.org\/{rel}","templated":true}]}}